{"id":93339,"date":"2024-05-21T09:57:37","date_gmt":"2024-05-21T07:57:37","guid":{"rendered":"https:\/\/www.immo-invest.ch\/die-kunst-der-raumgestaltung-zuerichs-weg-in-die-zukunft\/"},"modified":"2024-05-21T10:54:10","modified_gmt":"2024-05-21T08:54:10","slug":"die-kunst-der-raumgestaltung-zuerichs-weg-in-die-zukunft","status":"publish","type":"post","link":"https:\/\/www.immo-invest.ch\/fr\/die-kunst-der-raumgestaltung-zuerichs-weg-in-die-zukunft\/","title":{"rendered":"L&rsquo;art de l&rsquo;am\u00e9nagement &#8211; La voie de Zurich vers l&rsquo;avenir"},"content":{"rendered":"<p class=\"wp-block-paragraph\"><strong>Vous &ecirc;tes directrice de l&rsquo;am&eacute;nagement du territoire de la ville de Zurich. Pouvez-vous nous donner un aper&ccedil;u de vos responsabilit&eacute;s ?<\/strong><br>En tant que directrice de l&rsquo;Office, je participe, avec mes collaborateurs, &agrave; la planification de l&rsquo;avenir de la ville de Zurich. Afin d&rsquo;exploiter au mieux les opportunit&eacute;s d&rsquo;une ville en mutation, nous avons des domaines sp&eacute;cialis&eacute;s tels que l&rsquo;architecture et la planification, auxquels s&rsquo;ajoutent l&rsquo;arch&eacute;ologie, la conservation des monuments historiques, les archives de l&rsquo;histoire de la construction ou un centre de comp&eacute;tence pour les informations g&eacute;ographiques. Ces &eacute;changes nous offrent une vision tr&egrave;s pr&eacute;cise de Zurich &ndash; de sa pr&eacute;histoire &agrave; 2040.<br><br><strong>Quels sont les objectifs du d&eacute;veloppement urbain et territorial &agrave; Zurich et quels r&ocirc;les assumez-vous dans le d&eacute;veloppement des sites et des terrains ?<\/strong><br>Nous ne voulons pas seulement pr&eacute;server la qualit&eacute; de vie &eacute;lev&eacute;e de la ville de Zurich, mais la d&eacute;velopper. Elle doit pouvoir s&rsquo;am&eacute;liorer ponctuellement, de mani&egrave;re durable sur le plan &eacute;cologique et social. Pour ce faire, nous avons besoin d&rsquo;instruments de planification de l&rsquo;utilisation appropri&eacute;s, et nous sommes responsables de leur &eacute;laboration et de leur d&eacute;veloppement.<br><br>Le plan directeur communal pour l&rsquo;urbanisation, le paysage, les constructions et les installations publiques est essentiel &agrave; cet &eacute;gard. Il nous permet de concr&eacute;tiser les zones qui se pr&ecirc;tent &agrave; la densification des constructions. En outre, nous d&eacute;signons des surfaces pour l&rsquo;approvisionnement en espaces libres publics ainsi que pour les b&acirc;timents et installations publics communaux &ndash; par exemple pour l&rsquo;&eacute;cole publique ou pour les activit&eacute;s sportives. En outre, il s&rsquo;agit d&rsquo;un instrument de coordination important, car il montre comment la densit&eacute; de construction doit &ecirc;tre coordonn&eacute;e avec les transports et l&rsquo;offre d&rsquo;&eacute;nergie renouvelable, et il donne des indications sur d&rsquo;autres aspects spatiaux d&rsquo;un d&eacute;veloppement urbain respectueux de l&rsquo;environnement et socialement acceptable.<br><br><strong>Quels sont les d&eacute;fis du d&eacute;veloppement urbain par rapport aux autres villes suisses et quels sont les avantages de Zurich ?<\/strong><br>Zurich partage de nombreux d&eacute;fis avec d&rsquo;autres villes en Suisse et en Europe. La croissance et les besoins en logements qui en d&eacute;coulent sont au centre des pr&eacute;occupations, et il faut avant tout garantir des logements &agrave; prix mod&eacute;r&eacute;s dans la ville. L&rsquo;&eacute;volution d&eacute;mographique et la pluralisation des styles de vie entra&icirc;nent une diversit&eacute; des formes et des besoins en mati&egrave;re de logement &ndash; &agrave; laquelle nous devons faire face.<br><br>Outre une densification socialement acceptable, le climat joue un r&ocirc;le central. Environ un quart de toutes les &eacute;missions de CO2 provient du secteur du b&acirc;timent. La planification et l&rsquo;architecture urbaines doivent aujourd&rsquo;hui &ecirc;tre respectueuses du climat et de l&rsquo;environnement, m&eacute;nager les ressources et pr&eacute;server les paysages. Outre la protection du climat, nous devons limiter les effets d&rsquo;&icirc;lot de chaleur.<br>Ce que nous n&rsquo;avons plus, contrairement &agrave; d&rsquo;autres villes, ce sont des sites industriels libres &agrave; reconvertir. La densit&eacute; renforce les diff&eacute;rents int&eacute;r&ecirc;ts li&eacute;s aux surfaces et aux b&acirc;timents d&rsquo;une ville. De plus, en tant que moteur &eacute;conomique de la Suisse, Zurich fait l&rsquo;objet d&rsquo;une attention particuli&egrave;re de la part du public. Les d&eacute;cisions d&rsquo;am&eacute;nagement n&eacute;cessitent un d&eacute;bat politique &ndash; la participation est exig&eacute;e. Si le d&eacute;bat n&rsquo;a pas lieu, de nombreuses nouvelles constructions feront l&rsquo;objet d&rsquo;un recours.<br><br><strong>Quels sont les projets de construction les plus importants &agrave; Zurich et comment contribuent-ils au d&eacute;veloppement de la ville et du territoire ?<\/strong><br>J&rsquo;inclus ici la planification. Par exemple, le Josef-Areal, le Schlachthof-Areal, les rives du lac Wollishofen ou le Papierwerd-Areal. Ils sont importants pour le d&eacute;veloppement de la ville de Zurich en raison de la p&eacute;nurie d&rsquo;espace &eacute;voqu&eacute;e pr&eacute;c&eacute;demment. Il en r&eacute;sulte la t&acirc;che exigeante d&rsquo;utiliser ces sites de mani&egrave;re durable et efficace en termes de planification.<br>La ville construit &eacute;galement elle-m&ecirc;me, en particulier des logements &agrave; prix mod&eacute;r&eacute;s. Les lotissements de Leutschenbach et du Tramdepot Hard offriront &agrave; eux seuls plus de 550 logements. Pour la Thurgauerstrasse ou le Koch-Areal, la ville attribue des terrains &agrave; b&acirc;tir &agrave; des ma&icirc;tres d&rsquo;ouvrage d&rsquo;utilit&eacute; publique.<br><br>Dans le cadre de tels grands projets, il est important de planifier les infrastructures sociales correspondantes. En particulier, la mise &agrave; disposition de suffisamment de salles de classe, de b&acirc;timents culturels tels que le th&eacute;&acirc;tre ou l&rsquo;op&eacute;ra, sont importants pour l&rsquo;ensemble de la ville.<br>En compl&eacute;ment des d&eacute;veloppements de sites et des constructions mentionn&eacute;s, la mise &agrave; jour des directives sur les immeubles de grande hauteur ainsi que la r&eacute;vision du r&egrave;glement de construction et de zonage font partie des t&acirc;ches les plus importantes confi&eacute;es &agrave; l&rsquo;urbanisme zurichois. Dans le cadre de ces instruments de planification, il s&rsquo;agit de trouver le moyen de traiter la protection des monuments ou l&rsquo;inventaire et l&rsquo;ISOS et de les concilier avec les d&eacute;veloppements architecturaux souhait&eacute;s.<br><br><strong>Quelles sont les zones de Zurich particuli&egrave;rement attractives pour les entreprises et pourquoi ?<\/strong><br>Cela d&eacute;pend fortement de la taille et du type d&rsquo;entreprise, chaque entreprise d&eacute;finit ses propres exigences en mati&egrave;re de choix de site. Pour un groupe qui souhaite d&eacute;velopper et &eacute;tendre son propre site &agrave; long terme, d&rsquo;autres sites sont certainement consid&eacute;r&eacute;s comme attractifs que pour une PME qui vise un d&eacute;veloppement au sein du <span class=\"glossaryLink\" aria-describedby=\"tt\" data-cmtooltip=\"&lt;div class=glossaryItemTitle&gt;Quartier&lt;\/div&gt;&lt;div class=glossaryItemBody&gt;Amtliches, historisches, soziales oder stadtplanerisches Stadtviertel&lt;\/div&gt;\" data-mobile-support=\"0\" data-gt-translate-attributes='[{\"attribute\":\"data-cmtooltip\", \"format\":\"html\"}]' tabindex=\"0\" role=\"link\">quartier<\/span>.<br><br>En principe, tous les quartiers de Zurich sont attractifs, car ils sont partout bien desservis par les transports publics. Il y a eu ici une &eacute;volution positive par rapport aux derni&egrave;res ann&eacute;es et d&eacute;cennies &ndash; Zurich ne conna&icirc;t plus de v&eacute;ritable &laquo;&nbsp;p&eacute;riph&eacute;rie&nbsp;&raquo;.<br><br><strong>O&ugrave; voyez-vous encore un potentiel de d&eacute;veloppement et comment pourrait-il &ecirc;tre exploit&eacute; ?<\/strong><br>Il y a un potentiel dans la coop&eacute;ration avec les communes voisines. L&rsquo;une des particularit&eacute;s de l&rsquo;am&eacute;nagement du territoire est qu&rsquo;il ne s&rsquo;arr&ecirc;te pas &agrave; la fronti&egrave;re de la ville, m&ecirc;me si cette fronti&egrave;re implique un changement politique. La r&eacute;gion de la Limmat ou la vall&eacute;e de la Glatt avec son service de transport public commun en sont des exemples. Il s&rsquo;agit de coordonner la planification au-del&agrave; des fronti&egrave;res afin de garantir l&rsquo;offre et l&rsquo;interconnexion des quartiers.<br><br>Il existe &eacute;galement un potentiel de coordination avec le canton ou la Conf&eacute;d&eacute;ration, notamment en ce qui concerne le bruit et l&rsquo;ISOS. Les directives f&eacute;d&eacute;rales ou cantonales ont un impact important dans une ville comme Zurich. Je vois un grand potentiel dans une coordination plus &eacute;troite avec l&rsquo;Union des villes suisses.<br><br><strong>Comment Zurich se positionne-t-elle dans le domaine du d&eacute;veloppement et de la planification de la mobilit&eacute; ?<\/strong><br>En mati&egrave;re de mobilit&eacute; urbaine, le plan directeur communal met l&rsquo;accent sur des transports publics efficaces et bien d&eacute;velopp&eacute;s ainsi que sur le d&eacute;veloppement d&rsquo;espaces urbains et routiers fonctionnels et attrayants. Nous visons une ville des courtes distances. Les centres de <span class=\"glossaryLink\" aria-describedby=\"tt\" data-cmtooltip=\"&lt;div class=glossaryItemTitle&gt;Quartier&lt;\/div&gt;&lt;div class=glossaryItemBody&gt;Amtliches, historisches, soziales oder stadtplanerisches Stadtviertel&lt;\/div&gt;\" data-mobile-support=\"0\" data-gt-translate-attributes='[{\"attribute\":\"data-cmtooltip\", \"format\":\"html\"}]' tabindex=\"0\" role=\"link\">quartier<\/span> seront renforc&eacute;s et de nouveaux am&eacute;nagements seront r&eacute;alis&eacute;s. Pour la population r&eacute;sidente, il est plus int&eacute;ressant de s&rsquo;approvisionner sur place, le commerce de d&eacute;tail ouvre de nouveaux magasins dans le <span class=\"glossaryLink\" aria-describedby=\"tt\" data-cmtooltip=\"&lt;div class=glossaryItemTitle&gt;Quartier&lt;\/div&gt;&lt;div class=glossaryItemBody&gt;Amtliches, historisches, soziales oder stadtplanerisches Stadtviertel&lt;\/div&gt;\" data-mobile-support=\"0\" data-gt-translate-attributes='[{\"attribute\":\"data-cmtooltip\", \"format\":\"html\"}]' tabindex=\"0\" role=\"link\">quartier<\/span>, car il peut compter sur ses clients.<br><br>Les chiffres relatifs &agrave; la mobilit&eacute; montrent que la population urbaine mise davantage sur le v&eacute;lo et les transports publics. La ville encourage tout particuli&egrave;rement les d&eacute;placements &agrave; pied et &agrave; v&eacute;lo. Avec le programme &laquo;&nbsp;Impuls Mobilit&auml;t&nbsp;&raquo;, la ville conseille de mani&egrave;re tr&egrave;s cibl&eacute;e les entreprises et les r&eacute;gies immobili&egrave;res.<br><br>La pand&eacute;mie a-t-elle entra&icirc;n&eacute; des changements dans la planification de Zurich ?<br>L&rsquo;espace public a gagn&eacute; en importance pendant la pand&eacute;mie de Corona. Notamment pour les enfants et les adolescents, qui ont besoin d&rsquo;espaces libres dans leur environnement direct. Dans l&rsquo;ensemble, les moyens de transport individuels que sont la marche, le v&eacute;lo et la voiture ont gagn&eacute; en importance dans le choix du mode de transport, tandis que les transports publics ont &eacute;t&eacute; &eacute;vit&eacute;s en raison des risques potentiels de contagion. Les effets positifs de la pand&eacute;mie, tels que l&rsquo;utilisation du v&eacute;lo et le lissage des pics de trafic gr&acirc;ce &agrave; l&rsquo;augmentation du travail &agrave; domicile, doivent &ecirc;tre conserv&eacute;s pour l&rsquo;avenir.<br><br>La pand&eacute;mie et le travail mobile ont apport&eacute; des changements dont nous ne verrons les effets sur l&rsquo;urbanisme que dans quelques ann&eacute;es. A Zurich, ce sont surtout les centres de <span class=\"glossaryLink\" aria-describedby=\"tt\" data-cmtooltip=\"&lt;div class=glossaryItemTitle&gt;Quartier&lt;\/div&gt;&lt;div class=glossaryItemBody&gt;Amtliches, historisches, soziales oder stadtplanerisches Stadtviertel&lt;\/div&gt;\" data-mobile-support=\"0\" data-gt-translate-attributes='[{\"attribute\":\"data-cmtooltip\", \"format\":\"html\"}]' tabindex=\"0\" role=\"link\">quartier<\/span> qui profitent de la tendance au home office. Lors de la pand&eacute;mie, l&rsquo;acc&egrave;s rapide aux commerces, aux &eacute;tablissements de sant&eacute;, aux centres sportifs, &agrave; la gastronomie et aux espaces verts qui ne n&eacute;cessitaient pas de transports publics &eacute;tait essentiel. Le besoin d&rsquo;espaces urbains o&ugrave; il fait bon vivre doit &ecirc;tre davantage pris en compte &agrave; l&rsquo;avenir.<br><br><strong>Quels sont les facteurs qui font de Zurich un lieu de r&eacute;sidence attractif ?<\/strong><br>Zurich est attractive et offre une qualit&eacute; de vie &eacute;lev&eacute;e. Il y a de nombreuses raisons &agrave; cela : Par exemple, l&rsquo;offre large et attrayante de structures d&rsquo;accueil et de culture, les espaces libres attrayants, les &eacute;tablissements d&rsquo;enseignement, les bonnes infrastructures et la qualit&eacute; architecturale &eacute;lev&eacute;e. La situation au bord du lac et la proximit&eacute; de la nature sont &eacute;galement tr&egrave;s attrayantes. Malgr&eacute; une activit&eacute; de construction intense, les quartiers de la ville ont r&eacute;ussi &agrave; conserver leur identit&eacute;. C&rsquo;est &agrave; mon avis une grande force de notre ville.<br><br><strong>Comment imaginez-vous le d&eacute;veloppement id&eacute;al de la ville de Zurich ?<br>Quels en seraient les &eacute;l&eacute;ments cl&eacute;s ?<\/strong><br>Id&eacute;al n&rsquo;est pas la bonne formulation dans ce contexte, il n&rsquo;existe pas de d&eacute;veloppement id&eacute;al. La planification urbaine est plut&ocirc;t dynamique et largement influenc&eacute;e par les d&eacute;cisions politiques. Il doit r&eacute;agir en permanence aux pr&eacute;occupations socio-spatiales et environnementales actuelles et futures. Il est important que nous ayons une vision commune de ce que doit &ecirc;tre Zurich et de la mani&egrave;re dont elle doit se d&eacute;velopper &agrave; l&rsquo;avenir. Le plan directeur communal formule une <span class=\"glossaryLink\"  aria-describedby=\"tt\"  data-cmtooltip=\"&lt;div class=glossaryItemTitle&gt;Image&lt;\/div&gt;&lt;div class=glossaryItemBody&gt;Individuelles Vorstellungsbild, das Dritte von einer Marke, einem Produkt oder einer Unternehmung haben. Aus Marketingsicht wird zwischen einem gegenw&auml;rtigen (Ist-Image) und einem anzustrebenden Image (Soll-Image) unterschieden&lt;\/div&gt;\"  data-mobile-support=\"0\"  data-gt-translate-attributes='[{\"attribute\":\"data-cmtooltip\", \"format\":\"html\"}]' tabindex='0' role='link'>image<\/span> cible, allant d&rsquo;une densification diff&eacute;renci&eacute;e des constructions aux centres et infrastructures de la ville, en passant par suffisamment d&rsquo;espaces libres pour les loisirs. En dessous, il y a d&rsquo;innombrables petits niveaux, projets et &eacute;v&eacute;nements qui font partie de la ville en mutation. Zurich dispose d&rsquo;un grand potentiel qu&rsquo;il convient d&rsquo;assurer et d&rsquo;exploiter par le biais de la planification urbaine. Pas du jour au lendemain, mais aussi pour les g&eacute;n&eacute;rations futures de Zurichois.<br><\/p>\n","protected":false},"excerpt":{"rendered":"<p>La directrice de l&rsquo;am\u00e9nagement du territoire de la ville de Zurich, Katrin G\u00fcgler, donne dans une interview un aper\u00e7u complet de ses multiples t\u00e2ches. Avec son \u00e9quipe interdisciplinaire, elle travaille au d\u00e9veloppement de Zurich dans le but de maintenir une qualit\u00e9 de vie \u00e9lev\u00e9e malgr\u00e9 la croissance urbaine et de promouvoir des solutions durables. Des d\u00e9fis tels que la p\u00e9nurie de logements et le changement climatique sont \u00e0 venir, mais des projets de construction innovants et une utilisation efficace de l&rsquo;espace et des ressources sont consid\u00e9r\u00e9s comme les cl\u00e9s d&rsquo;un d\u00e9veloppement durable.<\/p>\n","protected":false},"author":2,"featured_media":93323,"comment_status":"open","ping_status":"open","sticky":false,"template":"","format":"standard","meta":{"pmpro_default_level":"0","inline_featured_image":false,"_monsterinsights_skip_tracking":false,"footnotes":""},"categories":[22699,4464,743,22357,22303,22438],"tags":[7298,46737,16585,848,4857,2056,46738,38873,1715],"class_list":["post-93339","post","type-post","status-publish","format-standard","has-post-thumbnail","hentry","category-durabilite","category-gens","category-immonews-fr","category-industrie-du-batiment","category-suisse","category-trends-fr","tag-bauprojekte-fr","tag-effiziente-nutzung-fr","tag-effizienz-fr","tag-immobilien-fr","tag-klimawandel-fr","tag-nachhaltigkeit-fr","tag-staedtisches-wachstum-fr","tag-wohnungsknappheit-fr","tag-zukunft-fr","pmpro-has-access"],"acf":{"bild_mit_ki_erstellt_worden":[],"lead":"La directrice de l'am\u00e9nagement du territoire de la ville de Zurich, Katrin G\u00fcgler, donne dans une interview un aper\u00e7u complet de ses multiples t\u00e2ches. Avec son \u00e9quipe interdisciplinaire, elle travaille au d\u00e9veloppement de Zurich dans le but de maintenir une qualit\u00e9 de vie \u00e9lev\u00e9e malgr\u00e9 la croissance urbaine et de promouvoir des solutions durables. Des d\u00e9fis tels que la p\u00e9nurie de logements et le changement climatique sont \u00e0 venir, mais des projets de construction innovants et une utilisation efficace de l'espace et des ressources sont consid\u00e9r\u00e9s comme les cl\u00e9s d'un d\u00e9veloppement durable.","autor":"Quelle: Christoph Gr\u00fcninger, Bild: zVg.","ort":"","bildunterschrift":"","bild_im_grid":false,"gallerie":"","newsim":""},"aioseo_notices":[],"aioseo_head":"\n\t\t<!-- All in One SEO 5.0.0.1 - aioseo.com -->\n\t<meta name=\"description\" content=\"La directrice de l&#039;am\u00e9nagement du territoire de la ville de Zurich, Katrin G\u00fcgler, donne dans une interview un aper\u00e7u complet de ses multiples t\u00e2ches. Avec son \u00e9quipe interdisciplinaire, elle travaille au d\u00e9veloppement de Zurich dans le but de maintenir une qualit\u00e9 de vie \u00e9lev\u00e9e malgr\u00e9 la croissance urbaine et de promouvoir des solutions durables. Des d\u00e9fis tels que la p\u00e9nurie de logements et le changement climatique sont \u00e0 venir, mais des projets de construction innovants et une utilisation efficace de l&#039;espace et des ressources sont consid\u00e9r\u00e9s comme les cl\u00e9s d&#039;un d\u00e9veloppement durable.\" \/>\n\t<meta name=\"robots\" content=\"max-image-preview:large\" \/>\n\t<meta name=\"author\" content=\"immovestuser\"\/>\n\t<meta name=\"google-site-verification\" content=\"fHJKvgWpZCR2zVBHWfkQeFXC11qieUSff0HGNYfuyLA\" \/>\n\t<link rel=\"canonical\" href=\"https:\/\/www.immo-invest.ch\/fr\/die-kunst-der-raumgestaltung-zuerichs-weg-in-die-zukunft\/\" \/>\n\t<meta name=\"generator\" content=\"All in One SEO (AIOSEO) 5.0.0.1\" \/>\n\t\t<meta property=\"og:locale\" content=\"fr_FR\" \/>\n\t\t<meta property=\"og:site_name\" content=\"immo!nvest - Die Plattform f\u00fcr Standorte und Immobilien - Die\u00a0Plattform f\u00fcr Standorte und Immobilien\" \/>\n\t\t<meta property=\"og:type\" content=\"article\" \/>\n\t\t<meta property=\"og:title\" content=\"L\u2019art de l\u2019am\u00e9nagement \u2013 La voie de Zurich vers l\u2019avenir - immo!nvest - Die Plattform f\u00fcr Standorte und Immobilien\" \/>\n\t\t<meta property=\"og:description\" content=\"La directrice de l&#039;am\u00e9nagement du territoire de la ville de Zurich, Katrin G\u00fcgler, donne dans une interview un aper\u00e7u complet de ses multiples t\u00e2ches. Avec son \u00e9quipe interdisciplinaire, elle travaille au d\u00e9veloppement de Zurich dans le but de maintenir une qualit\u00e9 de vie \u00e9lev\u00e9e malgr\u00e9 la croissance urbaine et de promouvoir des solutions durables. Des d\u00e9fis tels que la p\u00e9nurie de logements et le changement climatique sont \u00e0 venir, mais des projets de construction innovants et une utilisation efficace de l&#039;espace et des ressources sont consid\u00e9r\u00e9s comme les cl\u00e9s d&#039;un d\u00e9veloppement durable.\" \/>\n\t\t<meta property=\"og:url\" content=\"https:\/\/www.immo-invest.ch\/fr\/die-kunst-der-raumgestaltung-zuerichs-weg-in-die-zukunft\/\" \/>\n\t\t<meta property=\"og:image\" content=\"https:\/\/www.immo-invest.ch\/wp-content\/uploads\/2024\/05\/Portraet-Katrin-Guegler.png\" \/>\n\t\t<meta property=\"og:image:secure_url\" content=\"https:\/\/www.immo-invest.ch\/wp-content\/uploads\/2024\/05\/Portraet-Katrin-Guegler.png\" \/>\n\t\t<meta property=\"og:image:width\" content=\"2456\" \/>\n\t\t<meta property=\"og:image:height\" content=\"1228\" \/>\n\t\t<meta property=\"article:published_time\" content=\"2024-05-21T07:57:37+00:00\" \/>\n\t\t<meta property=\"article:modified_time\" content=\"2024-05-21T08:54:10+00:00\" \/>\n\t\t<meta property=\"article:publisher\" content=\"https:\/\/www.facebook.com\/people\/Immoinvest\/100077962920504\/\" \/>\n\t\t<meta name=\"twitter:card\" content=\"summary_large_image\" \/>\n\t\t<meta name=\"twitter:site\" content=\"@i\" \/>\n\t\t<meta name=\"twitter:title\" content=\"L\u2019art de l\u2019am\u00e9nagement \u2013 La voie de Zurich vers l\u2019avenir - immo!nvest - Die Plattform f\u00fcr Standorte und Immobilien\" \/>\n\t\t<meta name=\"twitter:description\" content=\"La directrice de l&#039;am\u00e9nagement du territoire de la ville de Zurich, Katrin G\u00fcgler, donne dans une interview un aper\u00e7u complet de ses multiples t\u00e2ches. Avec son \u00e9quipe interdisciplinaire, elle travaille au d\u00e9veloppement de Zurich dans le but de maintenir une qualit\u00e9 de vie \u00e9lev\u00e9e malgr\u00e9 la croissance urbaine et de promouvoir des solutions durables. Des d\u00e9fis tels que la p\u00e9nurie de logements et le changement climatique sont \u00e0 venir, mais des projets de construction innovants et une utilisation efficace de l&#039;espace et des ressources sont consid\u00e9r\u00e9s comme les cl\u00e9s d&#039;un d\u00e9veloppement durable.\" \/>\n\t\t<meta name=\"twitter:creator\" content=\"@i\" \/>\n\t\t<meta name=\"twitter:image\" content=\"https:\/\/www.immo-invest.ch\/wp-content\/uploads\/2024\/05\/Portraet-Katrin-Guegler.png\" \/>\n\t\t<script type=\"application\/ld+json\" class=\"aioseo-schema\">\n\t\t\t{\"@context\":\"https:\\\/\\\/schema.org\",\"@graph\":[{\"@type\":\"BlogPosting\",\"@id\":\"https:\\\/\\\/www.immo-invest.ch\\\/fr\\\/die-kunst-der-raumgestaltung-zuerichs-weg-in-die-zukunft\\\/#blogposting\",\"name\":\"L\\u2019art de l\\u2019am\\u00e9nagement \\u2013 La voie de Zurich vers l\\u2019avenir - immo!nvest - Die Plattform f\\u00fcr Standorte und Immobilien\",\"headline\":\"L&rsquo;art de l&rsquo;am\\u00e9nagement &#8211; La voie de Zurich vers l&rsquo;avenir\",\"author\":{\"@id\":\"https:\\\/\\\/www.immo-invest.ch\\\/fr\\\/author\\\/immovestuser\\\/#author\"},\"publisher\":{\"@id\":\"https:\\\/\\\/www.immo-invest.ch\\\/fr\\\/#organization\"},\"image\":{\"@type\":\"ImageObject\",\"url\":\"https:\\\/\\\/www.immo-invest.ch\\\/wp-content\\\/uploads\\\/2024\\\/05\\\/Portraet-Katrin-Guegler.png\",\"width\":2456,\"height\":1228},\"datePublished\":\"2024-05-21T09:57:37+02:00\",\"dateModified\":\"2024-05-21T10:54:10+02:00\",\"inLanguage\":\"fr-FR\",\"mainEntityOfPage\":{\"@id\":\"https:\\\/\\\/www.immo-invest.ch\\\/fr\\\/die-kunst-der-raumgestaltung-zuerichs-weg-in-die-zukunft\\\/#webpage\"},\"isPartOf\":{\"@id\":\"https:\\\/\\\/www.immo-invest.ch\\\/fr\\\/die-kunst-der-raumgestaltung-zuerichs-weg-in-die-zukunft\\\/#webpage\"},\"articleSection\":\"Durabilit\\u00e9, Gens, immoNews, Industrie du b\\u00e2timent, Suisse, Trends, Bauprojekte, effiziente Nutzung, Effizienz, immobilien, Klimawandel, Nachhaltigkeit, st\\u00e4dtisches Wachstum, Wohnungsknappheit, Zukunft, Facultatif\"},{\"@type\":\"BreadcrumbList\",\"@id\":\"https:\\\/\\\/www.immo-invest.ch\\\/fr\\\/die-kunst-der-raumgestaltung-zuerichs-weg-in-die-zukunft\\\/#breadcrumblist\",\"itemListElement\":[{\"@type\":\"ListItem\",\"@id\":\"https:\\\/\\\/www.immo-invest.ch\\\/fr\\\/#listItem\",\"position\":1,\"name\":\"Home\",\"item\":\"https:\\\/\\\/www.immo-invest.ch\\\/fr\\\/\",\"nextItem\":{\"@type\":\"ListItem\",\"@id\":\"https:\\\/\\\/www.immo-invest.ch\\\/fr\\\/categories\\\/personnes\\\/#listItem\",\"name\":\"Personnes\"}},{\"@type\":\"ListItem\",\"@id\":\"https:\\\/\\\/www.immo-invest.ch\\\/fr\\\/categories\\\/personnes\\\/#listItem\",\"position\":2,\"name\":\"Personnes\",\"item\":\"https:\\\/\\\/www.immo-invest.ch\\\/fr\\\/categories\\\/personnes\\\/\",\"nextItem\":{\"@type\":\"ListItem\",\"@id\":\"https:\\\/\\\/www.immo-invest.ch\\\/fr\\\/categories\\\/personnes\\\/gens\\\/#listItem\",\"name\":\"Gens\"},\"previousItem\":{\"@type\":\"ListItem\",\"@id\":\"https:\\\/\\\/www.immo-invest.ch\\\/fr\\\/#listItem\",\"name\":\"Home\"}},{\"@type\":\"ListItem\",\"@id\":\"https:\\\/\\\/www.immo-invest.ch\\\/fr\\\/categories\\\/personnes\\\/gens\\\/#listItem\",\"position\":3,\"name\":\"Gens\",\"item\":\"https:\\\/\\\/www.immo-invest.ch\\\/fr\\\/categories\\\/personnes\\\/gens\\\/\",\"nextItem\":{\"@type\":\"ListItem\",\"@id\":\"https:\\\/\\\/www.immo-invest.ch\\\/fr\\\/die-kunst-der-raumgestaltung-zuerichs-weg-in-die-zukunft\\\/#listItem\",\"name\":\"L&rsquo;art de l&rsquo;am\\u00e9nagement &#8211; La voie de Zurich vers l&rsquo;avenir\"},\"previousItem\":{\"@type\":\"ListItem\",\"@id\":\"https:\\\/\\\/www.immo-invest.ch\\\/fr\\\/categories\\\/personnes\\\/#listItem\",\"name\":\"Personnes\"}},{\"@type\":\"ListItem\",\"@id\":\"https:\\\/\\\/www.immo-invest.ch\\\/fr\\\/die-kunst-der-raumgestaltung-zuerichs-weg-in-die-zukunft\\\/#listItem\",\"position\":4,\"name\":\"L&rsquo;art de l&rsquo;am\\u00e9nagement &#8211; La voie de Zurich vers l&rsquo;avenir\",\"previousItem\":{\"@type\":\"ListItem\",\"@id\":\"https:\\\/\\\/www.immo-invest.ch\\\/fr\\\/categories\\\/personnes\\\/gens\\\/#listItem\",\"name\":\"Gens\"}}]},{\"@type\":\"Organization\",\"@id\":\"https:\\\/\\\/www.immo-invest.ch\\\/fr\\\/#organization\",\"name\":\"immo!nvest - Die Plattform f\\u00fcr Standorte und Immobilien\",\"description\":\"Die\\u00a0Plattform f\\u00fcr Standorte und Immobilien\",\"url\":\"https:\\\/\\\/www.immo-invest.ch\\\/fr\\\/\",\"email\":\"admin@immomedia.ag\",\"telephone\":\"+41444420002\",\"logo\":{\"@type\":\"ImageObject\",\"url\":\"https:\\\/\\\/www.immo-invest.ch\\\/wp-content\\\/uploads\\\/2024\\\/09\\\/immoinvest_sm-scaled.jpg\",\"@id\":\"https:\\\/\\\/www.immo-invest.ch\\\/fr\\\/die-kunst-der-raumgestaltung-zuerichs-weg-in-die-zukunft\\\/#organizationLogo\",\"width\":2560,\"height\":1340},\"image\":{\"@id\":\"https:\\\/\\\/www.immo-invest.ch\\\/fr\\\/die-kunst-der-raumgestaltung-zuerichs-weg-in-die-zukunft\\\/#organizationLogo\"},\"sameAs\":[\"https:\\\/\\\/www.facebook.com\\\/people\\\/Immoinvest\\\/100077962920504\\\/\",\"https:\\\/\\\/x.com\\\/i\\\/flow\\\/login?redirect_after_login=immoinvest_ch\",\"https:\\\/\\\/www.instagram.com\\\/immoinvest_ch\\\/\",\"https:\\\/\\\/www.linkedin.com\\\/company\\\/immoinvest-swiss\"]},{\"@type\":\"Person\",\"@id\":\"https:\\\/\\\/www.immo-invest.ch\\\/fr\\\/author\\\/immovestuser\\\/#author\",\"url\":\"https:\\\/\\\/www.immo-invest.ch\\\/fr\\\/author\\\/immovestuser\\\/\",\"name\":\"immovestuser\",\"image\":{\"@type\":\"ImageObject\",\"@id\":\"https:\\\/\\\/www.immo-invest.ch\\\/fr\\\/die-kunst-der-raumgestaltung-zuerichs-weg-in-die-zukunft\\\/#authorImage\",\"url\":\"https:\\\/\\\/secure.gravatar.com\\\/avatar\\\/8e01f4d99f2eeea7a362ebb93305e1172a70e9293ba250f897a65c39f54cdd1e?s=96&d=mm&r=g\",\"width\":96,\"height\":96,\"caption\":\"immovestuser\"}},{\"@type\":\"WebPage\",\"@id\":\"https:\\\/\\\/www.immo-invest.ch\\\/fr\\\/die-kunst-der-raumgestaltung-zuerichs-weg-in-die-zukunft\\\/#webpage\",\"url\":\"https:\\\/\\\/www.immo-invest.ch\\\/fr\\\/die-kunst-der-raumgestaltung-zuerichs-weg-in-die-zukunft\\\/\",\"name\":\"L\\u2019art de l\\u2019am\\u00e9nagement \\u2013 La voie de Zurich vers l\\u2019avenir - immo!nvest - Die Plattform f\\u00fcr Standorte und Immobilien\",\"description\":\"La directrice de l'am\\u00e9nagement du territoire de la ville de Zurich, Katrin G\\u00fcgler, donne dans une interview un aper\\u00e7u complet de ses multiples t\\u00e2ches. Avec son \\u00e9quipe interdisciplinaire, elle travaille au d\\u00e9veloppement de Zurich dans le but de maintenir une qualit\\u00e9 de vie \\u00e9lev\\u00e9e malgr\\u00e9 la croissance urbaine et de promouvoir des solutions durables. Des d\\u00e9fis tels que la p\\u00e9nurie de logements et le changement climatique sont \\u00e0 venir, mais des projets de construction innovants et une utilisation efficace de l'espace et des ressources sont consid\\u00e9r\\u00e9s comme les cl\\u00e9s d'un d\\u00e9veloppement durable.\",\"inLanguage\":\"fr-FR\",\"isPartOf\":{\"@id\":\"https:\\\/\\\/www.immo-invest.ch\\\/fr\\\/#website\"},\"breadcrumb\":{\"@id\":\"https:\\\/\\\/www.immo-invest.ch\\\/fr\\\/die-kunst-der-raumgestaltung-zuerichs-weg-in-die-zukunft\\\/#breadcrumblist\"},\"author\":{\"@id\":\"https:\\\/\\\/www.immo-invest.ch\\\/fr\\\/author\\\/immovestuser\\\/#author\"},\"creator\":{\"@id\":\"https:\\\/\\\/www.immo-invest.ch\\\/fr\\\/author\\\/immovestuser\\\/#author\"},\"image\":{\"@type\":\"ImageObject\",\"url\":\"https:\\\/\\\/www.immo-invest.ch\\\/wp-content\\\/uploads\\\/2024\\\/05\\\/Portraet-Katrin-Guegler.png\",\"@id\":\"https:\\\/\\\/www.immo-invest.ch\\\/fr\\\/die-kunst-der-raumgestaltung-zuerichs-weg-in-die-zukunft\\\/#mainImage\",\"width\":2456,\"height\":1228},\"primaryImageOfPage\":{\"@id\":\"https:\\\/\\\/www.immo-invest.ch\\\/fr\\\/die-kunst-der-raumgestaltung-zuerichs-weg-in-die-zukunft\\\/#mainImage\"},\"datePublished\":\"2024-05-21T09:57:37+02:00\",\"dateModified\":\"2024-05-21T10:54:10+02:00\"},{\"@type\":\"WebSite\",\"@id\":\"https:\\\/\\\/www.immo-invest.ch\\\/fr\\\/#website\",\"url\":\"https:\\\/\\\/www.immo-invest.ch\\\/fr\\\/\",\"name\":\"immo!nvest - Die Plattform f\\u00fcr Standorte und Immobilien\",\"description\":\"Die\\u00a0Plattform f\\u00fcr Standorte und Immobilien\",\"inLanguage\":\"fr-FR\",\"publisher\":{\"@id\":\"https:\\\/\\\/www.immo-invest.ch\\\/fr\\\/#organization\"}}]}\n\t\t<\/script>\n\t\t<!-- All in One SEO -->\n\n","aioseo_head_json":{"title":"L\u2019art de l\u2019am\u00e9nagement \u2013 La voie de Zurich vers l\u2019avenir - immo!nvest - Die Plattform f\u00fcr Standorte und Immobilien","description":"La directrice de l'am\u00e9nagement du territoire de la ville de Zurich, Katrin G\u00fcgler, donne dans une interview un aper\u00e7u complet de ses multiples t\u00e2ches. Avec son \u00e9quipe interdisciplinaire, elle travaille au d\u00e9veloppement de Zurich dans le but de maintenir une qualit\u00e9 de vie \u00e9lev\u00e9e malgr\u00e9 la croissance urbaine et de promouvoir des solutions durables. Des d\u00e9fis tels que la p\u00e9nurie de logements et le changement climatique sont \u00e0 venir, mais des projets de construction innovants et une utilisation efficace de l'espace et des ressources sont consid\u00e9r\u00e9s comme les cl\u00e9s d'un d\u00e9veloppement durable.","canonical_url":"https:\/\/www.immo-invest.ch\/fr\/die-kunst-der-raumgestaltung-zuerichs-weg-in-die-zukunft\/","robots":"max-image-preview:large","keywords":"","webmasterTools":{"google-site-verification":"fHJKvgWpZCR2zVBHWfkQeFXC11qieUSff0HGNYfuyLA","miscellaneous":""},"schema":{"@context":"https:\/\/schema.org","@graph":[{"@type":"BlogPosting","@id":"https:\/\/www.immo-invest.ch\/fr\/die-kunst-der-raumgestaltung-zuerichs-weg-in-die-zukunft\/#blogposting","name":"L\u2019art de l\u2019am\u00e9nagement \u2013 La voie de Zurich vers l\u2019avenir - immo!nvest - Die Plattform f\u00fcr Standorte und Immobilien","headline":"L&rsquo;art de l&rsquo;am\u00e9nagement &#8211; La voie de Zurich vers l&rsquo;avenir","author":{"@id":"https:\/\/www.immo-invest.ch\/fr\/author\/immovestuser\/#author"},"publisher":{"@id":"https:\/\/www.immo-invest.ch\/fr\/#organization"},"image":{"@type":"ImageObject","url":"https:\/\/www.immo-invest.ch\/wp-content\/uploads\/2024\/05\/Portraet-Katrin-Guegler.png","width":2456,"height":1228},"datePublished":"2024-05-21T09:57:37+02:00","dateModified":"2024-05-21T10:54:10+02:00","inLanguage":"fr-FR","mainEntityOfPage":{"@id":"https:\/\/www.immo-invest.ch\/fr\/die-kunst-der-raumgestaltung-zuerichs-weg-in-die-zukunft\/#webpage"},"isPartOf":{"@id":"https:\/\/www.immo-invest.ch\/fr\/die-kunst-der-raumgestaltung-zuerichs-weg-in-die-zukunft\/#webpage"},"articleSection":"Durabilit\u00e9, Gens, immoNews, Industrie du b\u00e2timent, Suisse, Trends, Bauprojekte, effiziente Nutzung, Effizienz, immobilien, Klimawandel, Nachhaltigkeit, st\u00e4dtisches Wachstum, Wohnungsknappheit, Zukunft, Facultatif"},{"@type":"BreadcrumbList","@id":"https:\/\/www.immo-invest.ch\/fr\/die-kunst-der-raumgestaltung-zuerichs-weg-in-die-zukunft\/#breadcrumblist","itemListElement":[{"@type":"ListItem","@id":"https:\/\/www.immo-invest.ch\/fr\/#listItem","position":1,"name":"Home","item":"https:\/\/www.immo-invest.ch\/fr\/","nextItem":{"@type":"ListItem","@id":"https:\/\/www.immo-invest.ch\/fr\/categories\/personnes\/#listItem","name":"Personnes"}},{"@type":"ListItem","@id":"https:\/\/www.immo-invest.ch\/fr\/categories\/personnes\/#listItem","position":2,"name":"Personnes","item":"https:\/\/www.immo-invest.ch\/fr\/categories\/personnes\/","nextItem":{"@type":"ListItem","@id":"https:\/\/www.immo-invest.ch\/fr\/categories\/personnes\/gens\/#listItem","name":"Gens"},"previousItem":{"@type":"ListItem","@id":"https:\/\/www.immo-invest.ch\/fr\/#listItem","name":"Home"}},{"@type":"ListItem","@id":"https:\/\/www.immo-invest.ch\/fr\/categories\/personnes\/gens\/#listItem","position":3,"name":"Gens","item":"https:\/\/www.immo-invest.ch\/fr\/categories\/personnes\/gens\/","nextItem":{"@type":"ListItem","@id":"https:\/\/www.immo-invest.ch\/fr\/die-kunst-der-raumgestaltung-zuerichs-weg-in-die-zukunft\/#listItem","name":"L&rsquo;art de l&rsquo;am\u00e9nagement &#8211; La voie de Zurich vers l&rsquo;avenir"},"previousItem":{"@type":"ListItem","@id":"https:\/\/www.immo-invest.ch\/fr\/categories\/personnes\/#listItem","name":"Personnes"}},{"@type":"ListItem","@id":"https:\/\/www.immo-invest.ch\/fr\/die-kunst-der-raumgestaltung-zuerichs-weg-in-die-zukunft\/#listItem","position":4,"name":"L&rsquo;art de l&rsquo;am\u00e9nagement &#8211; La voie de Zurich vers l&rsquo;avenir","previousItem":{"@type":"ListItem","@id":"https:\/\/www.immo-invest.ch\/fr\/categories\/personnes\/gens\/#listItem","name":"Gens"}}]},{"@type":"Organization","@id":"https:\/\/www.immo-invest.ch\/fr\/#organization","name":"immo!nvest - Die Plattform f\u00fcr Standorte und Immobilien","description":"Die\u00a0Plattform f\u00fcr Standorte und Immobilien","url":"https:\/\/www.immo-invest.ch\/fr\/","email":"admin@immomedia.ag","telephone":"+41444420002","logo":{"@type":"ImageObject","url":"https:\/\/www.immo-invest.ch\/wp-content\/uploads\/2024\/09\/immoinvest_sm-scaled.jpg","@id":"https:\/\/www.immo-invest.ch\/fr\/die-kunst-der-raumgestaltung-zuerichs-weg-in-die-zukunft\/#organizationLogo","width":2560,"height":1340},"image":{"@id":"https:\/\/www.immo-invest.ch\/fr\/die-kunst-der-raumgestaltung-zuerichs-weg-in-die-zukunft\/#organizationLogo"},"sameAs":["https:\/\/www.facebook.com\/people\/Immoinvest\/100077962920504\/","https:\/\/x.com\/i\/flow\/login?redirect_after_login=immoinvest_ch","https:\/\/www.instagram.com\/immoinvest_ch\/","https:\/\/www.linkedin.com\/company\/immoinvest-swiss"]},{"@type":"Person","@id":"https:\/\/www.immo-invest.ch\/fr\/author\/immovestuser\/#author","url":"https:\/\/www.immo-invest.ch\/fr\/author\/immovestuser\/","name":"immovestuser","image":{"@type":"ImageObject","@id":"https:\/\/www.immo-invest.ch\/fr\/die-kunst-der-raumgestaltung-zuerichs-weg-in-die-zukunft\/#authorImage","url":"https:\/\/secure.gravatar.com\/avatar\/8e01f4d99f2eeea7a362ebb93305e1172a70e9293ba250f897a65c39f54cdd1e?s=96&d=mm&r=g","width":96,"height":96,"caption":"immovestuser"}},{"@type":"WebPage","@id":"https:\/\/www.immo-invest.ch\/fr\/die-kunst-der-raumgestaltung-zuerichs-weg-in-die-zukunft\/#webpage","url":"https:\/\/www.immo-invest.ch\/fr\/die-kunst-der-raumgestaltung-zuerichs-weg-in-die-zukunft\/","name":"L\u2019art de l\u2019am\u00e9nagement \u2013 La voie de Zurich vers l\u2019avenir - immo!nvest - Die Plattform f\u00fcr Standorte und Immobilien","description":"La directrice de l'am\u00e9nagement du territoire de la ville de Zurich, Katrin G\u00fcgler, donne dans une interview un aper\u00e7u complet de ses multiples t\u00e2ches. Avec son \u00e9quipe interdisciplinaire, elle travaille au d\u00e9veloppement de Zurich dans le but de maintenir une qualit\u00e9 de vie \u00e9lev\u00e9e malgr\u00e9 la croissance urbaine et de promouvoir des solutions durables. Des d\u00e9fis tels que la p\u00e9nurie de logements et le changement climatique sont \u00e0 venir, mais des projets de construction innovants et une utilisation efficace de l'espace et des ressources sont consid\u00e9r\u00e9s comme les cl\u00e9s d'un d\u00e9veloppement durable.","inLanguage":"fr-FR","isPartOf":{"@id":"https:\/\/www.immo-invest.ch\/fr\/#website"},"breadcrumb":{"@id":"https:\/\/www.immo-invest.ch\/fr\/die-kunst-der-raumgestaltung-zuerichs-weg-in-die-zukunft\/#breadcrumblist"},"author":{"@id":"https:\/\/www.immo-invest.ch\/fr\/author\/immovestuser\/#author"},"creator":{"@id":"https:\/\/www.immo-invest.ch\/fr\/author\/immovestuser\/#author"},"image":{"@type":"ImageObject","url":"https:\/\/www.immo-invest.ch\/wp-content\/uploads\/2024\/05\/Portraet-Katrin-Guegler.png","@id":"https:\/\/www.immo-invest.ch\/fr\/die-kunst-der-raumgestaltung-zuerichs-weg-in-die-zukunft\/#mainImage","width":2456,"height":1228},"primaryImageOfPage":{"@id":"https:\/\/www.immo-invest.ch\/fr\/die-kunst-der-raumgestaltung-zuerichs-weg-in-die-zukunft\/#mainImage"},"datePublished":"2024-05-21T09:57:37+02:00","dateModified":"2024-05-21T10:54:10+02:00"},{"@type":"WebSite","@id":"https:\/\/www.immo-invest.ch\/fr\/#website","url":"https:\/\/www.immo-invest.ch\/fr\/","name":"immo!nvest - Die Plattform f\u00fcr Standorte und Immobilien","description":"Die\u00a0Plattform f\u00fcr Standorte und Immobilien","inLanguage":"fr-FR","publisher":{"@id":"https:\/\/www.immo-invest.ch\/fr\/#organization"}}]},"og:locale":"fr_FR","og:site_name":"immo!nvest - Die Plattform f\u00fcr Standorte und Immobilien - Die\u00a0Plattform f\u00fcr Standorte und Immobilien","og:type":"article","og:title":"L\u2019art de l\u2019am\u00e9nagement \u2013 La voie de Zurich vers l\u2019avenir - immo!nvest - Die Plattform f\u00fcr Standorte und Immobilien","og:description":"La directrice de l'am\u00e9nagement du territoire de la ville de Zurich, Katrin G\u00fcgler, donne dans une interview un aper\u00e7u complet de ses multiples t\u00e2ches. Avec son \u00e9quipe interdisciplinaire, elle travaille au d\u00e9veloppement de Zurich dans le but de maintenir une qualit\u00e9 de vie \u00e9lev\u00e9e malgr\u00e9 la croissance urbaine et de promouvoir des solutions durables. Des d\u00e9fis tels que la p\u00e9nurie de logements et le changement climatique sont \u00e0 venir, mais des projets de construction innovants et une utilisation efficace de l'espace et des ressources sont consid\u00e9r\u00e9s comme les cl\u00e9s d'un d\u00e9veloppement durable.","og:url":"https:\/\/www.immo-invest.ch\/fr\/die-kunst-der-raumgestaltung-zuerichs-weg-in-die-zukunft\/","og:image":"https:\/\/www.immo-invest.ch\/wp-content\/uploads\/2024\/05\/Portraet-Katrin-Guegler.png","og:image:secure_url":"https:\/\/www.immo-invest.ch\/wp-content\/uploads\/2024\/05\/Portraet-Katrin-Guegler.png","og:image:width":2456,"og:image:height":1228,"article:published_time":"2024-05-21T07:57:37+00:00","article:modified_time":"2024-05-21T08:54:10+00:00","article:publisher":"https:\/\/www.facebook.com\/people\/Immoinvest\/100077962920504\/","twitter:card":"summary_large_image","twitter:site":"@i","twitter:title":"L\u2019art de l\u2019am\u00e9nagement \u2013 La voie de Zurich vers l\u2019avenir - immo!nvest - Die Plattform f\u00fcr Standorte und Immobilien","twitter:description":"La directrice de l'am\u00e9nagement du territoire de la ville de Zurich, Katrin G\u00fcgler, donne dans une interview un aper\u00e7u complet de ses multiples t\u00e2ches. Avec son \u00e9quipe interdisciplinaire, elle travaille au d\u00e9veloppement de Zurich dans le but de maintenir une qualit\u00e9 de vie \u00e9lev\u00e9e malgr\u00e9 la croissance urbaine et de promouvoir des solutions durables. Des d\u00e9fis tels que la p\u00e9nurie de logements et le changement climatique sont \u00e0 venir, mais des projets de construction innovants et une utilisation efficace de l'espace et des ressources sont consid\u00e9r\u00e9s comme les cl\u00e9s d'un d\u00e9veloppement durable.","twitter:creator":"@i","twitter:image":"https:\/\/www.immo-invest.ch\/wp-content\/uploads\/2024\/05\/Portraet-Katrin-Guegler.png"},"aioseo_meta_data":{"post_id":"93339","title":null,"description":null,"keywords":null,"keyphrases":null,"primary_term":null,"canonical_url":null,"og_title":null,"og_description":null,"og_object_type":"default","og_image_type":"default","og_image_url":null,"og_image_width":null,"og_image_height":null,"og_image_custom_url":null,"og_image_custom_fields":null,"og_video":null,"og_custom_url":null,"og_article_section":null,"og_article_tags":null,"twitter_use_og":false,"twitter_card":"default","twitter_image_type":"default","twitter_image_url":null,"twitter_image_custom_url":null,"twitter_image_custom_fields":null,"twitter_title":null,"twitter_description":null,"schema":{"blockGraphs":[],"customGraphs":[],"default":{"data":{"Article":[],"Course":[],"Dataset":[],"FAQPage":[],"Movie":[],"Person":[],"Product":[],"ProductReview":[],"Car":[],"Recipe":[],"Service":[],"SoftwareApplication":[],"WebPage":[]},"graphName":"","isEnabled":true},"graphs":[]},"schema_type":"default","schema_type_options":null,"pillar_content":false,"robots_default":true,"robots_noindex":false,"robots_noarchive":false,"robots_nosnippet":false,"robots_nofollow":false,"robots_noimageindex":false,"robots_noodp":false,"robots_notranslate":false,"robots_max_snippet":null,"robots_max_videopreview":null,"robots_max_imagepreview":"large","priority":null,"frequency":null,"local_seo":null,"breadcrumb_settings":null,"limit_modified_date":false,"ai":null,"created":"2024-09-20 20:08:01","updated":"2025-10-24 02:26:12","seo_analyzer_scan_date":null,"focus_keyword":null,"additional_keywords":null,"truseo_locale":null},"aioseo_breadcrumb":"<div class=\"aioseo-breadcrumbs\"><span class=\"aioseo-breadcrumb\">\n\t\t\t<a href=\"https:\/\/www.immo-invest.ch\/fr\/\" title=\"Home\">Home<\/a>\n\t\t<\/span><span class=\"aioseo-breadcrumb-separator\">&raquo;<\/span><span class=\"aioseo-breadcrumb\">\n\t\t\t<a href=\"https:\/\/www.immo-invest.ch\/fr\/categories\/personnes\/\" title=\"Personnes\">Personnes<\/a>\n\t\t<\/span><span class=\"aioseo-breadcrumb-separator\">&raquo;<\/span><span class=\"aioseo-breadcrumb\">\n\t\t\t<a href=\"https:\/\/www.immo-invest.ch\/fr\/categories\/personnes\/gens\/\" title=\"Gens\">Gens<\/a>\n\t\t<\/span><span class=\"aioseo-breadcrumb-separator\">&raquo;<\/span><span class=\"aioseo-breadcrumb\">\n\t\t\tL\u2019art de l\u2019am\u00e9nagement \u2013 La voie de Zurich vers l\u2019avenir\n\t\t<\/span><\/div>","aioseo_breadcrumb_json":[{"label":"Home","link":"https:\/\/www.immo-invest.ch\/fr\/"},{"label":"Personnes","link":"https:\/\/www.immo-invest.ch\/fr\/categories\/personnes\/"},{"label":"Gens","link":"https:\/\/www.immo-invest.ch\/fr\/categories\/personnes\/gens\/"},{"label":"L&rsquo;art de l&rsquo;am\u00e9nagement &#8211; La voie de Zurich vers l&rsquo;avenir","link":"https:\/\/www.immo-invest.ch\/fr\/die-kunst-der-raumgestaltung-zuerichs-weg-in-die-zukunft\/"}],"featured_image_src":"https:\/\/www.immo-invest.ch\/wp-content\/uploads\/2024\/05\/Portraet-Katrin-Guegler-336x168.png","_links":{"self":[{"href":"https:\/\/www.immo-invest.ch\/fr\/wp-json\/wp\/v2\/posts\/93339","targetHints":{"allow":["GET"]}}],"collection":[{"href":"https:\/\/www.immo-invest.ch\/fr\/wp-json\/wp\/v2\/posts"}],"about":[{"href":"https:\/\/www.immo-invest.ch\/fr\/wp-json\/wp\/v2\/types\/post"}],"author":[{"embeddable":true,"href":"https:\/\/www.immo-invest.ch\/fr\/wp-json\/wp\/v2\/users\/2"}],"replies":[{"embeddable":true,"href":"https:\/\/www.immo-invest.ch\/fr\/wp-json\/wp\/v2\/comments?post=93339"}],"version-history":[{"count":0,"href":"https:\/\/www.immo-invest.ch\/fr\/wp-json\/wp\/v2\/posts\/93339\/revisions"}],"wp:featuredmedia":[{"embeddable":true,"href":"https:\/\/www.immo-invest.ch\/fr\/wp-json\/wp\/v2\/media\/93323"}],"wp:attachment":[{"href":"https:\/\/www.immo-invest.ch\/fr\/wp-json\/wp\/v2\/media?parent=93339"}],"wp:term":[{"taxonomy":"category","embeddable":true,"href":"https:\/\/www.immo-invest.ch\/fr\/wp-json\/wp\/v2\/categories?post=93339"},{"taxonomy":"post_tag","embeddable":true,"href":"https:\/\/www.immo-invest.ch\/fr\/wp-json\/wp\/v2\/tags?post=93339"}],"curies":[{"name":"wp","href":"https:\/\/api.w.org\/{rel}","templated":true}]}}