{"id":93266,"date":"2024-05-17T15:49:16","date_gmt":"2024-05-17T13:49:16","guid":{"rendered":"https:\/\/www.immo-invest.ch\/st-galler-regierungspraesident-stefan-koelliker-strategischer-neuzugang-im-verwaltungsrat\/"},"modified":"2024-05-17T15:56:17","modified_gmt":"2024-05-17T13:56:17","slug":"st-galler-regierungspraesident-stefan-koelliker-strategischer-neuzugang-im-verwaltungsrat","status":"publish","type":"post","link":"https:\/\/www.immo-invest.ch\/fr\/st-galler-regierungspraesident-stefan-koelliker-strategischer-neuzugang-im-verwaltungsrat\/","title":{"rendered":"Le pr\u00e9sident du gouvernement saint-gallois Stefan K\u00f6lliker, nouveau membre strat\u00e9gique du conseil d&rsquo;administration"},"content":{"rendered":"<p class=\"wp-block-paragraph\">Dans le cadre de la r&eacute;organisation, qui s&rsquo;accompagne d&rsquo;un recentrage sur la construction, le capital et la pr&eacute;voyance, Hans Klaus, membre de longue date du conseil d&rsquo;administration, a annonc&eacute; qu&rsquo;il se retirait. Cette d&eacute;cision a &eacute;t&eacute; prise apr&egrave;s la mise en &oelig;uvre r&eacute;ussie de la r&eacute;orientation strat&eacute;gique de l&rsquo;entreprise, &agrave; laquelle Klaus a largement contribu&eacute; depuis 2021. Son d&eacute;part marque la fin d&rsquo;une &egrave;re au cours de laquelle il a apport&eacute; des contributions essentielles au d&eacute;veloppement et au positionnement d&rsquo;Admicasa.<\/p>\n\n\n\n<p class=\"wp-block-paragraph\"><strong>Nouvel &eacute;lan donn&eacute; par Stefan K&ouml;lliker<br><\/strong>Avec le choix de Stefan K&ouml;lliker, qui poss&egrave;de une connaissance approfondie de la politique et de l&rsquo;&eacute;conomie, Admicasa mise sur la poursuite d&rsquo;une strat&eacute;gie innovante et interdisciplinaire. L&rsquo;exp&eacute;rience de K&ouml;lliker, acquise lorsqu&rsquo;il &eacute;tait &agrave; la t&ecirc;te du d&eacute;partement de l&rsquo;&eacute;ducation et pr&eacute;sident du gouvernement de Saint-Gall, est particuli&egrave;rement pr&eacute;cieuse pour les projets et les d&eacute;fis futurs, comme la lutte contre la p&eacute;nurie de logements.<\/p>\n\n\n\n<p class=\"wp-block-paragraph\">K&ouml;lliker lui-m&ecirc;me souligne le potentiel d&rsquo;<span class=\"glossaryLink\" aria-describedby=\"tt\" data-cmtooltip=\"&lt;div class=glossaryItemTitle&gt;Innovation&lt;\/div&gt;&lt;div class=glossaryItemBody&gt;Innovation in der heutigen Immobilienwelt bedeutet vor allem Digitalisierung von Prozessen. Zum Beispiel das Eliminieren von Tausenden von Excel-Bl&auml;ttern f&uuml;r Portfolio- und Asset-Manager oder das Erstellen einer Anwendung (App) f&uuml;r alle Formalit&auml;ten rund um die Beziehung zwischen Immobilieneigent&uuml;mern, - verwaltung und -mietern.&lt;\/div&gt;\" data-mobile-support=\"0\" data-gt-translate-attributes='[{\"attribute\":\"data-cmtooltip\", \"format\":\"html\"}]' tabindex=\"0\" role=\"link\">innovation<\/span> de l&rsquo;entreprise et la possibilit&eacute; de mettre activement &agrave; profit ses vastes connaissances. Sa vision, qui consiste &agrave; aborder les probl&egrave;mes intersectoriels avec de nouvelles approches, est tr&egrave;s appr&eacute;ci&eacute;e par Serge Aerne. Serge Aerne voit en K&ouml;lliker non seulement un successeur, mais aussi une force de proposition qui enrichira l&rsquo;entreprise de son vaste r&eacute;seau et de son expertise politique et &eacute;conomique.<\/p>\n\n\n\n<p class=\"wp-block-paragraph\"><strong>Perspectives et objectifs strat&eacute;giques<br><\/strong>Avec l&rsquo;int&eacute;gration de Stefan K&ouml;lliker dans le conseil d&rsquo;administration, Admicasa a pour objectif de renforcer sa position de leader sur le march&eacute;. Le parcours de K&ouml;lliker et sa r&eacute;flexion strat&eacute;gique sont essentiels pour poser les jalons d&rsquo;un avenir prosp&egrave;re et faire entrer Admicasa dans une nouvelle phase de croissance et d&rsquo;<span class=\"glossaryLink\" aria-describedby=\"tt\" data-cmtooltip=\"&lt;div class=glossaryItemTitle&gt;Innovation&lt;\/div&gt;&lt;div class=glossaryItemBody&gt;Innovation in der heutigen Immobilienwelt bedeutet vor allem Digitalisierung von Prozessen. Zum Beispiel das Eliminieren von Tausenden von Excel-Bl&auml;ttern f&uuml;r Portfolio- und Asset-Manager oder das Erstellen einer Anwendung (App) f&uuml;r alle Formalit&auml;ten rund um die Beziehung zwischen Immobilieneigent&uuml;mern, - verwaltung und -mietern.&lt;\/div&gt;\" data-mobile-support=\"0\" data-gt-translate-attributes='[{\"attribute\":\"data-cmtooltip\", \"format\":\"html\"}]' tabindex=\"0\" role=\"link\">innovation<\/span>.<\/p>\n","protected":false},"excerpt":{"rendered":"<p>Apr\u00e8s une r\u00e9organisation compl\u00e8te, Admicasa accueille l&rsquo;ancien pr\u00e9sident du district de Saint-Gall, Stefan K\u00f6lliker, en tant que nouveau membre du conseil d&rsquo;administration. K\u00f6lliker, qui a r\u00e9cemment pris sa retraite de la politique active, apporte une vaste exp\u00e9rience \u00e0 la direction strat\u00e9gique et au d\u00e9veloppement futur du groupe.<\/p>\n","protected":false},"author":2,"featured_media":93260,"comment_status":"open","ping_status":"open","sticky":false,"template":"","format":"standard","meta":{"pmpro_default_level":"0","inline_featured_image":false,"_monsterinsights_skip_tracking":false,"footnotes":""},"categories":[9430,4464,743,9442],"tags":[2209,848,37690,5958,46711,46712,2807,46713,6551,11303,2420],"class_list":["post-93266","post","type-post","status-publish","format-standard","has-post-thumbnail","hentry","category-business-fr","category-gens","category-immonews-fr","category-region-saint-gall","tag-bauwesen-fr","tag-immobilien-fr","tag-immonew-fr","tag-kapital-fr","tag-neuformierung-fr","tag-neuzuwachs-fr","tag-politik-fr","tag-regierungspraesident-fr","tag-verwaltungsrat-fr","tag-vorsorge-fr","tag-wirtschaft-fr","pmpro-has-access"],"acf":{"bild_mit_ki_erstellt_worden":[],"lead":"Apr\u00e8s une r\u00e9organisation compl\u00e8te, Admicasa accueille l'ancien pr\u00e9sident du district de Saint-Gall, Stefan K\u00f6lliker, en tant que nouveau membre du conseil d'administration. K\u00f6lliker, qui a r\u00e9cemment pris sa retraite de la politique active, apporte une vaste exp\u00e9rience \u00e0 la direction strat\u00e9gique et au d\u00e9veloppement futur du groupe.","autor":"Quelle: Admincasa","ort":"","bildunterschrift":"","bild_im_grid":false,"gallerie":"","newsim":""},"aioseo_notices":[],"aioseo_head":"\n\t\t<!-- All in One SEO 5.0.0.1 - aioseo.com -->\n\t<meta name=\"description\" content=\"Apr\u00e8s une r\u00e9organisation compl\u00e8te, Admicasa accueille l&#039;ancien pr\u00e9sident du district de Saint-Gall, Stefan K\u00f6lliker, en tant que nouveau membre du conseil d&#039;administration. K\u00f6lliker, qui a r\u00e9cemment pris sa retraite de la politique active, apporte une vaste exp\u00e9rience \u00e0 la direction strat\u00e9gique et au d\u00e9veloppement futur du groupe.\" \/>\n\t<meta name=\"robots\" content=\"max-image-preview:large\" \/>\n\t<meta name=\"author\" content=\"immovestuser\"\/>\n\t<meta name=\"google-site-verification\" content=\"fHJKvgWpZCR2zVBHWfkQeFXC11qieUSff0HGNYfuyLA\" \/>\n\t<link rel=\"canonical\" href=\"https:\/\/www.immo-invest.ch\/fr\/st-galler-regierungspraesident-stefan-koelliker-strategischer-neuzugang-im-verwaltungsrat\/\" \/>\n\t<meta name=\"generator\" content=\"All in One SEO (AIOSEO) 5.0.0.1\" \/>\n\t\t<meta property=\"og:locale\" content=\"fr_FR\" \/>\n\t\t<meta property=\"og:site_name\" content=\"immo!nvest - Die Plattform f\u00fcr Standorte und Immobilien - Die\u00a0Plattform f\u00fcr Standorte und Immobilien\" \/>\n\t\t<meta property=\"og:type\" content=\"article\" \/>\n\t\t<meta property=\"og:title\" content=\"Le pr\u00e9sident du gouvernement saint-gallois Stefan K\u00f6lliker, nouveau membre strat\u00e9gique du conseil d\u2019administration - immo!nvest - Die Plattform f\u00fcr Standorte und Immobilien\" \/>\n\t\t<meta property=\"og:description\" content=\"Apr\u00e8s une r\u00e9organisation compl\u00e8te, Admicasa accueille l&#039;ancien pr\u00e9sident du district de Saint-Gall, Stefan K\u00f6lliker, en tant que nouveau membre du conseil d&#039;administration. K\u00f6lliker, qui a r\u00e9cemment pris sa retraite de la politique active, apporte une vaste exp\u00e9rience \u00e0 la direction strat\u00e9gique et au d\u00e9veloppement futur du groupe.\" \/>\n\t\t<meta property=\"og:url\" content=\"https:\/\/www.immo-invest.ch\/fr\/st-galler-regierungspraesident-stefan-koelliker-strategischer-neuzugang-im-verwaltungsrat\/\" \/>\n\t\t<meta property=\"og:image\" content=\"https:\/\/www.immo-invest.ch\/wp-content\/uploads\/2024\/05\/Stefan_Ko\u0308lliker-scaled.jpg\" \/>\n\t\t<meta property=\"og:image:secure_url\" content=\"https:\/\/www.immo-invest.ch\/wp-content\/uploads\/2024\/05\/Stefan_Ko\u0308lliker-scaled.jpg\" \/>\n\t\t<meta property=\"og:image:width\" content=\"2560\" \/>\n\t\t<meta property=\"og:image:height\" content=\"1280\" \/>\n\t\t<meta property=\"article:published_time\" content=\"2024-05-17T13:49:16+00:00\" \/>\n\t\t<meta property=\"article:modified_time\" content=\"2024-05-17T13:56:17+00:00\" \/>\n\t\t<meta property=\"article:publisher\" content=\"https:\/\/www.facebook.com\/people\/Immoinvest\/100077962920504\/\" \/>\n\t\t<meta name=\"twitter:card\" content=\"summary_large_image\" \/>\n\t\t<meta name=\"twitter:site\" content=\"@i\" \/>\n\t\t<meta name=\"twitter:title\" content=\"Le pr\u00e9sident du gouvernement saint-gallois Stefan K\u00f6lliker, nouveau membre strat\u00e9gique du conseil d\u2019administration - immo!nvest - Die Plattform f\u00fcr Standorte und Immobilien\" \/>\n\t\t<meta name=\"twitter:description\" content=\"Apr\u00e8s une r\u00e9organisation compl\u00e8te, Admicasa accueille l&#039;ancien pr\u00e9sident du district de Saint-Gall, Stefan K\u00f6lliker, en tant que nouveau membre du conseil d&#039;administration. K\u00f6lliker, qui a r\u00e9cemment pris sa retraite de la politique active, apporte une vaste exp\u00e9rience \u00e0 la direction strat\u00e9gique et au d\u00e9veloppement futur du groupe.\" \/>\n\t\t<meta name=\"twitter:creator\" content=\"@i\" \/>\n\t\t<meta name=\"twitter:image\" content=\"https:\/\/www.immo-invest.ch\/wp-content\/uploads\/2024\/05\/Stefan_Ko\u0308lliker-scaled.jpg\" \/>\n\t\t<script type=\"application\/ld+json\" class=\"aioseo-schema\">\n\t\t\t{\"@context\":\"https:\\\/\\\/schema.org\",\"@graph\":[{\"@type\":\"BlogPosting\",\"@id\":\"https:\\\/\\\/www.immo-invest.ch\\\/fr\\\/st-galler-regierungspraesident-stefan-koelliker-strategischer-neuzugang-im-verwaltungsrat\\\/#blogposting\",\"name\":\"Le pr\\u00e9sident du gouvernement saint-gallois Stefan K\\u00f6lliker, nouveau membre strat\\u00e9gique du conseil d\\u2019administration - immo!nvest - Die Plattform f\\u00fcr Standorte und Immobilien\",\"headline\":\"Le pr\\u00e9sident du gouvernement saint-gallois Stefan K\\u00f6lliker, nouveau membre strat\\u00e9gique du conseil d&rsquo;administration\",\"author\":{\"@id\":\"https:\\\/\\\/www.immo-invest.ch\\\/fr\\\/author\\\/immovestuser\\\/#author\"},\"publisher\":{\"@id\":\"https:\\\/\\\/www.immo-invest.ch\\\/fr\\\/#organization\"},\"image\":{\"@type\":\"ImageObject\",\"url\":\"https:\\\/\\\/www.immo-invest.ch\\\/wp-content\\\/uploads\\\/2024\\\/05\\\/Stefan_Ko\\u0308lliker-scaled.jpg\",\"width\":2560,\"height\":1280},\"datePublished\":\"2024-05-17T15:49:16+02:00\",\"dateModified\":\"2024-05-17T15:56:17+02:00\",\"inLanguage\":\"fr-FR\",\"mainEntityOfPage\":{\"@id\":\"https:\\\/\\\/www.immo-invest.ch\\\/fr\\\/st-galler-regierungspraesident-stefan-koelliker-strategischer-neuzugang-im-verwaltungsrat\\\/#webpage\"},\"isPartOf\":{\"@id\":\"https:\\\/\\\/www.immo-invest.ch\\\/fr\\\/st-galler-regierungspraesident-stefan-koelliker-strategischer-neuzugang-im-verwaltungsrat\\\/#webpage\"},\"articleSection\":\"Business, Gens, immoNews, Saint-Gall, Bauwesen, immobilien, immoNew, Kapital, Neuformierung, Neuzuwachs, Politik, Regierungspr\\u00e4sident, Verwaltungsrat, Vorsorge, wirtschaft, Facultatif\"},{\"@type\":\"BreadcrumbList\",\"@id\":\"https:\\\/\\\/www.immo-invest.ch\\\/fr\\\/st-galler-regierungspraesident-stefan-koelliker-strategischer-neuzugang-im-verwaltungsrat\\\/#breadcrumblist\",\"itemListElement\":[{\"@type\":\"ListItem\",\"@id\":\"https:\\\/\\\/www.immo-invest.ch\\\/fr\\\/#listItem\",\"position\":1,\"name\":\"Home\",\"item\":\"https:\\\/\\\/www.immo-invest.ch\\\/fr\\\/\",\"nextItem\":{\"@type\":\"ListItem\",\"@id\":\"https:\\\/\\\/www.immo-invest.ch\\\/fr\\\/categories\\\/regions\\\/#listItem\",\"name\":\"R\\u00e9gions\"}},{\"@type\":\"ListItem\",\"@id\":\"https:\\\/\\\/www.immo-invest.ch\\\/fr\\\/categories\\\/regions\\\/#listItem\",\"position\":2,\"name\":\"R\\u00e9gions\",\"item\":\"https:\\\/\\\/www.immo-invest.ch\\\/fr\\\/categories\\\/regions\\\/\",\"nextItem\":{\"@type\":\"ListItem\",\"@id\":\"https:\\\/\\\/www.immo-invest.ch\\\/fr\\\/categories\\\/regions\\\/suisse\\\/#listItem\",\"name\":\"Suisse\"},\"previousItem\":{\"@type\":\"ListItem\",\"@id\":\"https:\\\/\\\/www.immo-invest.ch\\\/fr\\\/#listItem\",\"name\":\"Home\"}},{\"@type\":\"ListItem\",\"@id\":\"https:\\\/\\\/www.immo-invest.ch\\\/fr\\\/categories\\\/regions\\\/suisse\\\/#listItem\",\"position\":3,\"name\":\"Suisse\",\"item\":\"https:\\\/\\\/www.immo-invest.ch\\\/fr\\\/categories\\\/regions\\\/suisse\\\/\",\"nextItem\":{\"@type\":\"ListItem\",\"@id\":\"https:\\\/\\\/www.immo-invest.ch\\\/fr\\\/categories\\\/regions\\\/suisse\\\/suisse-orientale\\\/#listItem\",\"name\":\"Suisse orientale\"},\"previousItem\":{\"@type\":\"ListItem\",\"@id\":\"https:\\\/\\\/www.immo-invest.ch\\\/fr\\\/categories\\\/regions\\\/#listItem\",\"name\":\"R\\u00e9gions\"}},{\"@type\":\"ListItem\",\"@id\":\"https:\\\/\\\/www.immo-invest.ch\\\/fr\\\/categories\\\/regions\\\/suisse\\\/suisse-orientale\\\/#listItem\",\"position\":4,\"name\":\"Suisse orientale\",\"item\":\"https:\\\/\\\/www.immo-invest.ch\\\/fr\\\/categories\\\/regions\\\/suisse\\\/suisse-orientale\\\/\",\"nextItem\":{\"@type\":\"ListItem\",\"@id\":\"https:\\\/\\\/www.immo-invest.ch\\\/fr\\\/categories\\\/regions\\\/suisse\\\/suisse-orientale\\\/region-saint-gall\\\/#listItem\",\"name\":\"Saint-Gall\"},\"previousItem\":{\"@type\":\"ListItem\",\"@id\":\"https:\\\/\\\/www.immo-invest.ch\\\/fr\\\/categories\\\/regions\\\/suisse\\\/#listItem\",\"name\":\"Suisse\"}},{\"@type\":\"ListItem\",\"@id\":\"https:\\\/\\\/www.immo-invest.ch\\\/fr\\\/categories\\\/regions\\\/suisse\\\/suisse-orientale\\\/region-saint-gall\\\/#listItem\",\"position\":5,\"name\":\"Saint-Gall\",\"item\":\"https:\\\/\\\/www.immo-invest.ch\\\/fr\\\/categories\\\/regions\\\/suisse\\\/suisse-orientale\\\/region-saint-gall\\\/\",\"nextItem\":{\"@type\":\"ListItem\",\"@id\":\"https:\\\/\\\/www.immo-invest.ch\\\/fr\\\/st-galler-regierungspraesident-stefan-koelliker-strategischer-neuzugang-im-verwaltungsrat\\\/#listItem\",\"name\":\"Le pr\\u00e9sident du gouvernement saint-gallois Stefan K\\u00f6lliker, nouveau membre strat\\u00e9gique du conseil d&rsquo;administration\"},\"previousItem\":{\"@type\":\"ListItem\",\"@id\":\"https:\\\/\\\/www.immo-invest.ch\\\/fr\\\/categories\\\/regions\\\/suisse\\\/suisse-orientale\\\/#listItem\",\"name\":\"Suisse orientale\"}},{\"@type\":\"ListItem\",\"@id\":\"https:\\\/\\\/www.immo-invest.ch\\\/fr\\\/st-galler-regierungspraesident-stefan-koelliker-strategischer-neuzugang-im-verwaltungsrat\\\/#listItem\",\"position\":6,\"name\":\"Le pr\\u00e9sident du gouvernement saint-gallois Stefan K\\u00f6lliker, nouveau membre strat\\u00e9gique du conseil d&rsquo;administration\",\"previousItem\":{\"@type\":\"ListItem\",\"@id\":\"https:\\\/\\\/www.immo-invest.ch\\\/fr\\\/categories\\\/regions\\\/suisse\\\/suisse-orientale\\\/region-saint-gall\\\/#listItem\",\"name\":\"Saint-Gall\"}}]},{\"@type\":\"Organization\",\"@id\":\"https:\\\/\\\/www.immo-invest.ch\\\/fr\\\/#organization\",\"name\":\"immo!nvest - Die Plattform f\\u00fcr Standorte und Immobilien\",\"description\":\"Die\\u00a0Plattform f\\u00fcr Standorte und Immobilien\",\"url\":\"https:\\\/\\\/www.immo-invest.ch\\\/fr\\\/\",\"email\":\"admin@immomedia.ag\",\"telephone\":\"+41444420002\",\"logo\":{\"@type\":\"ImageObject\",\"url\":\"https:\\\/\\\/www.immo-invest.ch\\\/wp-content\\\/uploads\\\/2024\\\/09\\\/immoinvest_sm-scaled.jpg\",\"@id\":\"https:\\\/\\\/www.immo-invest.ch\\\/fr\\\/st-galler-regierungspraesident-stefan-koelliker-strategischer-neuzugang-im-verwaltungsrat\\\/#organizationLogo\",\"width\":2560,\"height\":1340},\"image\":{\"@id\":\"https:\\\/\\\/www.immo-invest.ch\\\/fr\\\/st-galler-regierungspraesident-stefan-koelliker-strategischer-neuzugang-im-verwaltungsrat\\\/#organizationLogo\"},\"sameAs\":[\"https:\\\/\\\/www.facebook.com\\\/people\\\/Immoinvest\\\/100077962920504\\\/\",\"https:\\\/\\\/x.com\\\/i\\\/flow\\\/login?redirect_after_login=immoinvest_ch\",\"https:\\\/\\\/www.instagram.com\\\/immoinvest_ch\\\/\",\"https:\\\/\\\/www.linkedin.com\\\/company\\\/immoinvest-swiss\"]},{\"@type\":\"Person\",\"@id\":\"https:\\\/\\\/www.immo-invest.ch\\\/fr\\\/author\\\/immovestuser\\\/#author\",\"url\":\"https:\\\/\\\/www.immo-invest.ch\\\/fr\\\/author\\\/immovestuser\\\/\",\"name\":\"immovestuser\",\"image\":{\"@type\":\"ImageObject\",\"@id\":\"https:\\\/\\\/www.immo-invest.ch\\\/fr\\\/st-galler-regierungspraesident-stefan-koelliker-strategischer-neuzugang-im-verwaltungsrat\\\/#authorImage\",\"url\":\"https:\\\/\\\/secure.gravatar.com\\\/avatar\\\/8e01f4d99f2eeea7a362ebb93305e1172a70e9293ba250f897a65c39f54cdd1e?s=96&d=mm&r=g\",\"width\":96,\"height\":96,\"caption\":\"immovestuser\"}},{\"@type\":\"WebPage\",\"@id\":\"https:\\\/\\\/www.immo-invest.ch\\\/fr\\\/st-galler-regierungspraesident-stefan-koelliker-strategischer-neuzugang-im-verwaltungsrat\\\/#webpage\",\"url\":\"https:\\\/\\\/www.immo-invest.ch\\\/fr\\\/st-galler-regierungspraesident-stefan-koelliker-strategischer-neuzugang-im-verwaltungsrat\\\/\",\"name\":\"Le pr\\u00e9sident du gouvernement saint-gallois Stefan K\\u00f6lliker, nouveau membre strat\\u00e9gique du conseil d\\u2019administration - immo!nvest - Die Plattform f\\u00fcr Standorte und Immobilien\",\"description\":\"Apr\\u00e8s une r\\u00e9organisation compl\\u00e8te, Admicasa accueille l'ancien pr\\u00e9sident du district de Saint-Gall, Stefan K\\u00f6lliker, en tant que nouveau membre du conseil d'administration. K\\u00f6lliker, qui a r\\u00e9cemment pris sa retraite de la politique active, apporte une vaste exp\\u00e9rience \\u00e0 la direction strat\\u00e9gique et au d\\u00e9veloppement futur du groupe.\",\"inLanguage\":\"fr-FR\",\"isPartOf\":{\"@id\":\"https:\\\/\\\/www.immo-invest.ch\\\/fr\\\/#website\"},\"breadcrumb\":{\"@id\":\"https:\\\/\\\/www.immo-invest.ch\\\/fr\\\/st-galler-regierungspraesident-stefan-koelliker-strategischer-neuzugang-im-verwaltungsrat\\\/#breadcrumblist\"},\"author\":{\"@id\":\"https:\\\/\\\/www.immo-invest.ch\\\/fr\\\/author\\\/immovestuser\\\/#author\"},\"creator\":{\"@id\":\"https:\\\/\\\/www.immo-invest.ch\\\/fr\\\/author\\\/immovestuser\\\/#author\"},\"image\":{\"@type\":\"ImageObject\",\"url\":\"https:\\\/\\\/www.immo-invest.ch\\\/wp-content\\\/uploads\\\/2024\\\/05\\\/Stefan_Ko\\u0308lliker-scaled.jpg\",\"@id\":\"https:\\\/\\\/www.immo-invest.ch\\\/fr\\\/st-galler-regierungspraesident-stefan-koelliker-strategischer-neuzugang-im-verwaltungsrat\\\/#mainImage\",\"width\":2560,\"height\":1280},\"primaryImageOfPage\":{\"@id\":\"https:\\\/\\\/www.immo-invest.ch\\\/fr\\\/st-galler-regierungspraesident-stefan-koelliker-strategischer-neuzugang-im-verwaltungsrat\\\/#mainImage\"},\"datePublished\":\"2024-05-17T15:49:16+02:00\",\"dateModified\":\"2024-05-17T15:56:17+02:00\"},{\"@type\":\"WebSite\",\"@id\":\"https:\\\/\\\/www.immo-invest.ch\\\/fr\\\/#website\",\"url\":\"https:\\\/\\\/www.immo-invest.ch\\\/fr\\\/\",\"name\":\"immo!nvest - Die Plattform f\\u00fcr Standorte und Immobilien\",\"description\":\"Die\\u00a0Plattform f\\u00fcr Standorte und Immobilien\",\"inLanguage\":\"fr-FR\",\"publisher\":{\"@id\":\"https:\\\/\\\/www.immo-invest.ch\\\/fr\\\/#organization\"}}]}\n\t\t<\/script>\n\t\t<!-- All in One SEO -->\n\n","aioseo_head_json":{"title":"Le pr\u00e9sident du gouvernement saint-gallois Stefan K\u00f6lliker, nouveau membre strat\u00e9gique du conseil d\u2019administration - immo!nvest - Die Plattform f\u00fcr Standorte und Immobilien","description":"Apr\u00e8s une r\u00e9organisation compl\u00e8te, Admicasa accueille l'ancien pr\u00e9sident du district de Saint-Gall, Stefan K\u00f6lliker, en tant que nouveau membre du conseil d'administration. K\u00f6lliker, qui a r\u00e9cemment pris sa retraite de la politique active, apporte une vaste exp\u00e9rience \u00e0 la direction strat\u00e9gique et au d\u00e9veloppement futur du groupe.","canonical_url":"https:\/\/www.immo-invest.ch\/fr\/st-galler-regierungspraesident-stefan-koelliker-strategischer-neuzugang-im-verwaltungsrat\/","robots":"max-image-preview:large","keywords":"","webmasterTools":{"google-site-verification":"fHJKvgWpZCR2zVBHWfkQeFXC11qieUSff0HGNYfuyLA","miscellaneous":""},"schema":{"@context":"https:\/\/schema.org","@graph":[{"@type":"BlogPosting","@id":"https:\/\/www.immo-invest.ch\/fr\/st-galler-regierungspraesident-stefan-koelliker-strategischer-neuzugang-im-verwaltungsrat\/#blogposting","name":"Le pr\u00e9sident du gouvernement saint-gallois Stefan K\u00f6lliker, nouveau membre strat\u00e9gique du conseil d\u2019administration - immo!nvest - Die Plattform f\u00fcr Standorte und Immobilien","headline":"Le pr\u00e9sident du gouvernement saint-gallois Stefan K\u00f6lliker, nouveau membre strat\u00e9gique du conseil d&rsquo;administration","author":{"@id":"https:\/\/www.immo-invest.ch\/fr\/author\/immovestuser\/#author"},"publisher":{"@id":"https:\/\/www.immo-invest.ch\/fr\/#organization"},"image":{"@type":"ImageObject","url":"https:\/\/www.immo-invest.ch\/wp-content\/uploads\/2024\/05\/Stefan_Ko\u0308lliker-scaled.jpg","width":2560,"height":1280},"datePublished":"2024-05-17T15:49:16+02:00","dateModified":"2024-05-17T15:56:17+02:00","inLanguage":"fr-FR","mainEntityOfPage":{"@id":"https:\/\/www.immo-invest.ch\/fr\/st-galler-regierungspraesident-stefan-koelliker-strategischer-neuzugang-im-verwaltungsrat\/#webpage"},"isPartOf":{"@id":"https:\/\/www.immo-invest.ch\/fr\/st-galler-regierungspraesident-stefan-koelliker-strategischer-neuzugang-im-verwaltungsrat\/#webpage"},"articleSection":"Business, Gens, immoNews, Saint-Gall, Bauwesen, immobilien, immoNew, Kapital, Neuformierung, Neuzuwachs, Politik, Regierungspr\u00e4sident, Verwaltungsrat, Vorsorge, wirtschaft, Facultatif"},{"@type":"BreadcrumbList","@id":"https:\/\/www.immo-invest.ch\/fr\/st-galler-regierungspraesident-stefan-koelliker-strategischer-neuzugang-im-verwaltungsrat\/#breadcrumblist","itemListElement":[{"@type":"ListItem","@id":"https:\/\/www.immo-invest.ch\/fr\/#listItem","position":1,"name":"Home","item":"https:\/\/www.immo-invest.ch\/fr\/","nextItem":{"@type":"ListItem","@id":"https:\/\/www.immo-invest.ch\/fr\/categories\/regions\/#listItem","name":"R\u00e9gions"}},{"@type":"ListItem","@id":"https:\/\/www.immo-invest.ch\/fr\/categories\/regions\/#listItem","position":2,"name":"R\u00e9gions","item":"https:\/\/www.immo-invest.ch\/fr\/categories\/regions\/","nextItem":{"@type":"ListItem","@id":"https:\/\/www.immo-invest.ch\/fr\/categories\/regions\/suisse\/#listItem","name":"Suisse"},"previousItem":{"@type":"ListItem","@id":"https:\/\/www.immo-invest.ch\/fr\/#listItem","name":"Home"}},{"@type":"ListItem","@id":"https:\/\/www.immo-invest.ch\/fr\/categories\/regions\/suisse\/#listItem","position":3,"name":"Suisse","item":"https:\/\/www.immo-invest.ch\/fr\/categories\/regions\/suisse\/","nextItem":{"@type":"ListItem","@id":"https:\/\/www.immo-invest.ch\/fr\/categories\/regions\/suisse\/suisse-orientale\/#listItem","name":"Suisse orientale"},"previousItem":{"@type":"ListItem","@id":"https:\/\/www.immo-invest.ch\/fr\/categories\/regions\/#listItem","name":"R\u00e9gions"}},{"@type":"ListItem","@id":"https:\/\/www.immo-invest.ch\/fr\/categories\/regions\/suisse\/suisse-orientale\/#listItem","position":4,"name":"Suisse orientale","item":"https:\/\/www.immo-invest.ch\/fr\/categories\/regions\/suisse\/suisse-orientale\/","nextItem":{"@type":"ListItem","@id":"https:\/\/www.immo-invest.ch\/fr\/categories\/regions\/suisse\/suisse-orientale\/region-saint-gall\/#listItem","name":"Saint-Gall"},"previousItem":{"@type":"ListItem","@id":"https:\/\/www.immo-invest.ch\/fr\/categories\/regions\/suisse\/#listItem","name":"Suisse"}},{"@type":"ListItem","@id":"https:\/\/www.immo-invest.ch\/fr\/categories\/regions\/suisse\/suisse-orientale\/region-saint-gall\/#listItem","position":5,"name":"Saint-Gall","item":"https:\/\/www.immo-invest.ch\/fr\/categories\/regions\/suisse\/suisse-orientale\/region-saint-gall\/","nextItem":{"@type":"ListItem","@id":"https:\/\/www.immo-invest.ch\/fr\/st-galler-regierungspraesident-stefan-koelliker-strategischer-neuzugang-im-verwaltungsrat\/#listItem","name":"Le pr\u00e9sident du gouvernement saint-gallois Stefan K\u00f6lliker, nouveau membre strat\u00e9gique du conseil d&rsquo;administration"},"previousItem":{"@type":"ListItem","@id":"https:\/\/www.immo-invest.ch\/fr\/categories\/regions\/suisse\/suisse-orientale\/#listItem","name":"Suisse orientale"}},{"@type":"ListItem","@id":"https:\/\/www.immo-invest.ch\/fr\/st-galler-regierungspraesident-stefan-koelliker-strategischer-neuzugang-im-verwaltungsrat\/#listItem","position":6,"name":"Le pr\u00e9sident du gouvernement saint-gallois Stefan K\u00f6lliker, nouveau membre strat\u00e9gique du conseil d&rsquo;administration","previousItem":{"@type":"ListItem","@id":"https:\/\/www.immo-invest.ch\/fr\/categories\/regions\/suisse\/suisse-orientale\/region-saint-gall\/#listItem","name":"Saint-Gall"}}]},{"@type":"Organization","@id":"https:\/\/www.immo-invest.ch\/fr\/#organization","name":"immo!nvest - Die Plattform f\u00fcr Standorte und Immobilien","description":"Die\u00a0Plattform f\u00fcr Standorte und Immobilien","url":"https:\/\/www.immo-invest.ch\/fr\/","email":"admin@immomedia.ag","telephone":"+41444420002","logo":{"@type":"ImageObject","url":"https:\/\/www.immo-invest.ch\/wp-content\/uploads\/2024\/09\/immoinvest_sm-scaled.jpg","@id":"https:\/\/www.immo-invest.ch\/fr\/st-galler-regierungspraesident-stefan-koelliker-strategischer-neuzugang-im-verwaltungsrat\/#organizationLogo","width":2560,"height":1340},"image":{"@id":"https:\/\/www.immo-invest.ch\/fr\/st-galler-regierungspraesident-stefan-koelliker-strategischer-neuzugang-im-verwaltungsrat\/#organizationLogo"},"sameAs":["https:\/\/www.facebook.com\/people\/Immoinvest\/100077962920504\/","https:\/\/x.com\/i\/flow\/login?redirect_after_login=immoinvest_ch","https:\/\/www.instagram.com\/immoinvest_ch\/","https:\/\/www.linkedin.com\/company\/immoinvest-swiss"]},{"@type":"Person","@id":"https:\/\/www.immo-invest.ch\/fr\/author\/immovestuser\/#author","url":"https:\/\/www.immo-invest.ch\/fr\/author\/immovestuser\/","name":"immovestuser","image":{"@type":"ImageObject","@id":"https:\/\/www.immo-invest.ch\/fr\/st-galler-regierungspraesident-stefan-koelliker-strategischer-neuzugang-im-verwaltungsrat\/#authorImage","url":"https:\/\/secure.gravatar.com\/avatar\/8e01f4d99f2eeea7a362ebb93305e1172a70e9293ba250f897a65c39f54cdd1e?s=96&d=mm&r=g","width":96,"height":96,"caption":"immovestuser"}},{"@type":"WebPage","@id":"https:\/\/www.immo-invest.ch\/fr\/st-galler-regierungspraesident-stefan-koelliker-strategischer-neuzugang-im-verwaltungsrat\/#webpage","url":"https:\/\/www.immo-invest.ch\/fr\/st-galler-regierungspraesident-stefan-koelliker-strategischer-neuzugang-im-verwaltungsrat\/","name":"Le pr\u00e9sident du gouvernement saint-gallois Stefan K\u00f6lliker, nouveau membre strat\u00e9gique du conseil d\u2019administration - immo!nvest - Die Plattform f\u00fcr Standorte und Immobilien","description":"Apr\u00e8s une r\u00e9organisation compl\u00e8te, Admicasa accueille l'ancien pr\u00e9sident du district de Saint-Gall, Stefan K\u00f6lliker, en tant que nouveau membre du conseil d'administration. K\u00f6lliker, qui a r\u00e9cemment pris sa retraite de la politique active, apporte une vaste exp\u00e9rience \u00e0 la direction strat\u00e9gique et au d\u00e9veloppement futur du groupe.","inLanguage":"fr-FR","isPartOf":{"@id":"https:\/\/www.immo-invest.ch\/fr\/#website"},"breadcrumb":{"@id":"https:\/\/www.immo-invest.ch\/fr\/st-galler-regierungspraesident-stefan-koelliker-strategischer-neuzugang-im-verwaltungsrat\/#breadcrumblist"},"author":{"@id":"https:\/\/www.immo-invest.ch\/fr\/author\/immovestuser\/#author"},"creator":{"@id":"https:\/\/www.immo-invest.ch\/fr\/author\/immovestuser\/#author"},"image":{"@type":"ImageObject","url":"https:\/\/www.immo-invest.ch\/wp-content\/uploads\/2024\/05\/Stefan_Ko\u0308lliker-scaled.jpg","@id":"https:\/\/www.immo-invest.ch\/fr\/st-galler-regierungspraesident-stefan-koelliker-strategischer-neuzugang-im-verwaltungsrat\/#mainImage","width":2560,"height":1280},"primaryImageOfPage":{"@id":"https:\/\/www.immo-invest.ch\/fr\/st-galler-regierungspraesident-stefan-koelliker-strategischer-neuzugang-im-verwaltungsrat\/#mainImage"},"datePublished":"2024-05-17T15:49:16+02:00","dateModified":"2024-05-17T15:56:17+02:00"},{"@type":"WebSite","@id":"https:\/\/www.immo-invest.ch\/fr\/#website","url":"https:\/\/www.immo-invest.ch\/fr\/","name":"immo!nvest - Die Plattform f\u00fcr Standorte und Immobilien","description":"Die\u00a0Plattform f\u00fcr Standorte und Immobilien","inLanguage":"fr-FR","publisher":{"@id":"https:\/\/www.immo-invest.ch\/fr\/#organization"}}]},"og:locale":"fr_FR","og:site_name":"immo!nvest - Die Plattform f\u00fcr Standorte und Immobilien - Die\u00a0Plattform f\u00fcr Standorte und Immobilien","og:type":"article","og:title":"Le pr\u00e9sident du gouvernement saint-gallois Stefan K\u00f6lliker, nouveau membre strat\u00e9gique du conseil d\u2019administration - immo!nvest - Die Plattform f\u00fcr Standorte und Immobilien","og:description":"Apr\u00e8s une r\u00e9organisation compl\u00e8te, Admicasa accueille l'ancien pr\u00e9sident du district de Saint-Gall, Stefan K\u00f6lliker, en tant que nouveau membre du conseil d'administration. K\u00f6lliker, qui a r\u00e9cemment pris sa retraite de la politique active, apporte une vaste exp\u00e9rience \u00e0 la direction strat\u00e9gique et au d\u00e9veloppement futur du groupe.","og:url":"https:\/\/www.immo-invest.ch\/fr\/st-galler-regierungspraesident-stefan-koelliker-strategischer-neuzugang-im-verwaltungsrat\/","og:image":"https:\/\/www.immo-invest.ch\/wp-content\/uploads\/2024\/05\/Stefan_Ko\u0308lliker-scaled.jpg","og:image:secure_url":"https:\/\/www.immo-invest.ch\/wp-content\/uploads\/2024\/05\/Stefan_Ko\u0308lliker-scaled.jpg","og:image:width":2560,"og:image:height":1280,"article:published_time":"2024-05-17T13:49:16+00:00","article:modified_time":"2024-05-17T13:56:17+00:00","article:publisher":"https:\/\/www.facebook.com\/people\/Immoinvest\/100077962920504\/","twitter:card":"summary_large_image","twitter:site":"@i","twitter:title":"Le pr\u00e9sident du gouvernement saint-gallois Stefan K\u00f6lliker, nouveau membre strat\u00e9gique du conseil d\u2019administration - immo!nvest - Die Plattform f\u00fcr Standorte und Immobilien","twitter:description":"Apr\u00e8s une r\u00e9organisation compl\u00e8te, Admicasa accueille l'ancien pr\u00e9sident du district de Saint-Gall, Stefan K\u00f6lliker, en tant que nouveau membre du conseil d'administration. K\u00f6lliker, qui a r\u00e9cemment pris sa retraite de la politique active, apporte une vaste exp\u00e9rience \u00e0 la direction strat\u00e9gique et au d\u00e9veloppement futur du groupe.","twitter:creator":"@i","twitter:image":"https:\/\/www.immo-invest.ch\/wp-content\/uploads\/2024\/05\/Stefan_Ko\u0308lliker-scaled.jpg"},"aioseo_meta_data":{"post_id":"93266","title":null,"description":null,"keywords":null,"keyphrases":null,"primary_term":null,"canonical_url":null,"og_title":null,"og_description":null,"og_object_type":"default","og_image_type":"default","og_image_url":null,"og_image_width":null,"og_image_height":null,"og_image_custom_url":null,"og_image_custom_fields":null,"og_video":null,"og_custom_url":null,"og_article_section":null,"og_article_tags":null,"twitter_use_og":false,"twitter_card":"default","twitter_image_type":"default","twitter_image_url":null,"twitter_image_custom_url":null,"twitter_image_custom_fields":null,"twitter_title":null,"twitter_description":null,"schema":{"blockGraphs":[],"customGraphs":[],"default":{"data":{"Article":[],"Course":[],"Dataset":[],"FAQPage":[],"Movie":[],"Person":[],"Product":[],"ProductReview":[],"Car":[],"Recipe":[],"Service":[],"SoftwareApplication":[],"WebPage":[]},"graphName":"","isEnabled":true},"graphs":[]},"schema_type":"default","schema_type_options":null,"pillar_content":false,"robots_default":true,"robots_noindex":false,"robots_noarchive":false,"robots_nosnippet":false,"robots_nofollow":false,"robots_noimageindex":false,"robots_noodp":false,"robots_notranslate":false,"robots_max_snippet":null,"robots_max_videopreview":null,"robots_max_imagepreview":"large","priority":null,"frequency":null,"local_seo":null,"breadcrumb_settings":null,"limit_modified_date":false,"ai":null,"created":"2024-09-20 20:05:01","updated":"2025-10-24 02:22:13","seo_analyzer_scan_date":null,"focus_keyword":null,"additional_keywords":null,"truseo_locale":null},"aioseo_breadcrumb":"<div class=\"aioseo-breadcrumbs\"><span class=\"aioseo-breadcrumb\">\n\t\t\t<a href=\"https:\/\/www.immo-invest.ch\/fr\/\" title=\"Home\">Home<\/a>\n\t\t<\/span><span class=\"aioseo-breadcrumb-separator\">&raquo;<\/span><span class=\"aioseo-breadcrumb\">\n\t\t\t<a href=\"https:\/\/www.immo-invest.ch\/fr\/categories\/regions\/\" title=\"R\u00e9gions\">R\u00e9gions<\/a>\n\t\t<\/span><span class=\"aioseo-breadcrumb-separator\">&raquo;<\/span><span class=\"aioseo-breadcrumb\">\n\t\t\t<a href=\"https:\/\/www.immo-invest.ch\/fr\/categories\/regions\/suisse\/\" title=\"Suisse\">Suisse<\/a>\n\t\t<\/span><span class=\"aioseo-breadcrumb-separator\">&raquo;<\/span><span class=\"aioseo-breadcrumb\">\n\t\t\t<a href=\"https:\/\/www.immo-invest.ch\/fr\/categories\/regions\/suisse\/suisse-orientale\/\" title=\"Suisse orientale\">Suisse orientale<\/a>\n\t\t<\/span><span class=\"aioseo-breadcrumb-separator\">&raquo;<\/span><span class=\"aioseo-breadcrumb\">\n\t\t\t<a href=\"https:\/\/www.immo-invest.ch\/fr\/categories\/regions\/suisse\/suisse-orientale\/region-saint-gall\/\" title=\"Saint-Gall\">Saint-Gall<\/a>\n\t\t<\/span><span class=\"aioseo-breadcrumb-separator\">&raquo;<\/span><span class=\"aioseo-breadcrumb\">\n\t\t\tLe pr\u00e9sident du gouvernement saint-gallois Stefan K\u00f6lliker, nouveau membre strat\u00e9gique du conseil d\u2019administration\n\t\t<\/span><\/div>","aioseo_breadcrumb_json":[{"label":"Home","link":"https:\/\/www.immo-invest.ch\/fr\/"},{"label":"R\u00e9gions","link":"https:\/\/www.immo-invest.ch\/fr\/categories\/regions\/"},{"label":"Suisse","link":"https:\/\/www.immo-invest.ch\/fr\/categories\/regions\/suisse\/"},{"label":"Suisse orientale","link":"https:\/\/www.immo-invest.ch\/fr\/categories\/regions\/suisse\/suisse-orientale\/"},{"label":"Saint-Gall","link":"https:\/\/www.immo-invest.ch\/fr\/categories\/regions\/suisse\/suisse-orientale\/region-saint-gall\/"},{"label":"Le pr\u00e9sident du gouvernement saint-gallois Stefan K\u00f6lliker, nouveau membre strat\u00e9gique du conseil d&rsquo;administration","link":"https:\/\/www.immo-invest.ch\/fr\/st-galler-regierungspraesident-stefan-koelliker-strategischer-neuzugang-im-verwaltungsrat\/"}],"featured_image_src":"https:\/\/www.immo-invest.ch\/wp-content\/uploads\/2024\/05\/Stefan_Ko\u0308lliker-336x168.jpg","_links":{"self":[{"href":"https:\/\/www.immo-invest.ch\/fr\/wp-json\/wp\/v2\/posts\/93266","targetHints":{"allow":["GET"]}}],"collection":[{"href":"https:\/\/www.immo-invest.ch\/fr\/wp-json\/wp\/v2\/posts"}],"about":[{"href":"https:\/\/www.immo-invest.ch\/fr\/wp-json\/wp\/v2\/types\/post"}],"author":[{"embeddable":true,"href":"https:\/\/www.immo-invest.ch\/fr\/wp-json\/wp\/v2\/users\/2"}],"replies":[{"embeddable":true,"href":"https:\/\/www.immo-invest.ch\/fr\/wp-json\/wp\/v2\/comments?post=93266"}],"version-history":[{"count":0,"href":"https:\/\/www.immo-invest.ch\/fr\/wp-json\/wp\/v2\/posts\/93266\/revisions"}],"wp:featuredmedia":[{"embeddable":true,"href":"https:\/\/www.immo-invest.ch\/fr\/wp-json\/wp\/v2\/media\/93260"}],"wp:attachment":[{"href":"https:\/\/www.immo-invest.ch\/fr\/wp-json\/wp\/v2\/media?parent=93266"}],"wp:term":[{"taxonomy":"category","embeddable":true,"href":"https:\/\/www.immo-invest.ch\/fr\/wp-json\/wp\/v2\/categories?post=93266"},{"taxonomy":"post_tag","embeddable":true,"href":"https:\/\/www.immo-invest.ch\/fr\/wp-json\/wp\/v2\/tags?post=93266"}],"curies":[{"name":"wp","href":"https:\/\/api.w.org\/{rel}","templated":true}]}}