{"id":91728,"date":"2024-05-13T12:00:00","date_gmt":"2024-05-13T10:00:00","guid":{"rendered":"https:\/\/www.immo-invest.ch\/?p=91728"},"modified":"2024-05-13T10:11:14","modified_gmt":"2024-05-13T08:11:14","slug":"marktposition-durch-unternehmensuebernahme-gestaerkt","status":"publish","type":"post","link":"https:\/\/www.immo-invest.ch\/fr\/marktposition-durch-unternehmensuebernahme-gestaerkt\/","title":{"rendered":"Position sur le march\u00e9 renforc\u00e9e par le rachat d&rsquo;une entreprise"},"content":{"rendered":"<p class=\"bodytext\"><a href=\"https:\/\/gammarenax.ch\/\" target=\"_blank\" rel=\"noopener\">GammaRenax AG<\/a> se glisse sous le toit d&rsquo;<a href=\"https:\/\/www.issworld.com\/de-ch\" target=\"_blank\" rel=\"noopener\">ISS Facility Services AG<\/a> &agrave; Zurich. L&rsquo;entreprise de D&uuml;bendorf op&eacute;rera &agrave; l&rsquo;avenir sous la marque ISS, informe dans un <a href=\"https:\/\/www.issworld.com\/de-ch\/news\/2024\/05\/03\/iss-facility-services-sa-reprend-gammarenax-sa\" target=\"_blank\" rel=\"noopener\">communiqu&eacute;<\/a> la filiale suisse du <a href=\"https:\/\/www.issworld.com\/en\" target=\"_blank\" rel=\"noopener\">groupe ISS<\/a>, actif dans le monde entier pour l&rsquo;administration et la gestion de biens immobiliers et dont le si&egrave;ge est &agrave; Copenhague. Le communiqu&eacute; ne donne aucune indication sur le prix d&rsquo;achat.<\/p>\n<p class=\"bodytext\">&laquo;&nbsp;La reprise de gammaRenax AG repr&eacute;sente une extension importante de nos comp&eacute;tences et un renforcement de notre position sur le march&eacute;&nbsp;&raquo;, d&eacute;clare Andr&eacute; Nauer, CEO d&rsquo;ISS Suisse, cit&eacute; dans le communiqu&eacute;. &laquo;&nbsp;GammaRenax, tout comme ISS Suisse, est synonyme de qualit&eacute;, d&rsquo;orientation client et de professionnalisme&nbsp;&raquo; La nouvelle acquisition doit &eacute;largir l&rsquo;offre d&rsquo;ISS Facility Services SA dans les prestations de service pour les h&ocirc;tels et dans la gestion de l&rsquo;hygi&egrave;ne pour les domaines des bains et du bien-&ecirc;tre ainsi que dans la formation et le perfectionnement.<\/p>\n<p class=\"bodytext\">Severin Gallo, actuel propri&eacute;taire et directeur de gammaRenax SA, entre au conseil d&rsquo;administration d&rsquo;ISS Facility Services SA dans le cadre de la reprise. &laquo;&nbsp;Severin Gallo est un expert reconnu au sein de notre branche et l&rsquo;un des leaders qui a marqu&eacute; la branche des Facility Services au cours des 27 derni&egrave;res ann&eacute;es&nbsp;&raquo;, explique Nauer. &laquo;&nbsp;En rejoignant notre conseil d&rsquo;administration, il s&rsquo;engagera &eacute;galement de mani&egrave;re strat&eacute;gique dans l&rsquo;int&eacute;gration professionnelle et fournira en outre des services de conseil strat&eacute;giques&nbsp;&raquo;<\/p>\n","protected":false},"excerpt":{"rendered":"<p>ISS Facility Services SA a repris gammaRenax SA de D\u00fcbendorf. Cette nouvelle acquisition doit renforcer la position du Groupe ISS sur le march\u00e9 suisse. Severin Gallo de gammaRenax fait son entr\u00e9e au Conseil d&rsquo;administration d&rsquo;ISS Facility Services.<\/p>\n","protected":false},"author":2,"featured_media":18007,"comment_status":"open","ping_status":"open","sticky":false,"template":"","format":"standard","meta":{"pmpro_default_level":"0","inline_featured_image":false,"_monsterinsights_skip_tracking":false,"footnotes":""},"categories":[22696,4464,743],"tags":[2743,46543,33654,46544,20779,46545],"class_list":["post-91728","post","type-post","status-publish","format-standard","has-post-thumbnail","hentry","category-entreprise","category-gens","category-immonews-fr","tag-erweiterung-fr","tag-facility-services-branche-fr","tag-gebaeudemanagement-fr","tag-liegenschaftsverwaltung-fr","tag-marktposition-fr","tag-unternehmensuebernahme-fr","pmpro-has-access"],"acf":{"bild_mit_ki_erstellt_worden":[],"lead":"ISS Facility Services SA a repris gammaRenax SA de D\u00fcbendorf. Cette nouvelle acquisition doit renforcer la position du Groupe ISS sur le march\u00e9 suisse. Severin Gallo de gammaRenax fait son entr\u00e9e au Conseil d'administration d'ISS Facility Services.","autor":"ce\/hs","ort":"Z\u00fcrich\/D\u00fcbendorf ZH","bildunterschrift":"","bild_im_grid":false,"gallerie":"","newsim":""},"aioseo_notices":[],"aioseo_head":"\n\t\t<!-- All in One SEO 5.0.0.1 - aioseo.com -->\n\t<meta name=\"description\" content=\"ISS Facility Services SA a repris gammaRenax SA de D\u00fcbendorf. Cette nouvelle acquisition doit renforcer la position du Groupe ISS sur le march\u00e9 suisse. Severin Gallo de gammaRenax fait son entr\u00e9e au Conseil d&#039;administration d&#039;ISS Facility Services.\" \/>\n\t<meta name=\"robots\" content=\"max-image-preview:large\" \/>\n\t<meta name=\"author\" content=\"immovestuser\"\/>\n\t<meta name=\"google-site-verification\" content=\"fHJKvgWpZCR2zVBHWfkQeFXC11qieUSff0HGNYfuyLA\" \/>\n\t<link rel=\"canonical\" href=\"https:\/\/www.immo-invest.ch\/fr\/marktposition-durch-unternehmensuebernahme-gestaerkt\/\" \/>\n\t<meta name=\"generator\" content=\"All in One SEO (AIOSEO) 5.0.0.1\" \/>\n\t\t<meta property=\"og:locale\" content=\"fr_FR\" \/>\n\t\t<meta property=\"og:site_name\" content=\"immo!nvest - Die Plattform f\u00fcr Standorte und Immobilien - Die\u00a0Plattform f\u00fcr Standorte und Immobilien\" \/>\n\t\t<meta property=\"og:type\" content=\"article\" \/>\n\t\t<meta property=\"og:title\" content=\"Position sur le march\u00e9 renforc\u00e9e par le rachat d\u2019une entreprise - immo!nvest - Die Plattform f\u00fcr Standorte und Immobilien\" \/>\n\t\t<meta property=\"og:description\" content=\"ISS Facility Services SA a repris gammaRenax SA de D\u00fcbendorf. Cette nouvelle acquisition doit renforcer la position du Groupe ISS sur le march\u00e9 suisse. Severin Gallo de gammaRenax fait son entr\u00e9e au Conseil d&#039;administration d&#039;ISS Facility Services.\" \/>\n\t\t<meta property=\"og:url\" content=\"https:\/\/www.immo-invest.ch\/fr\/marktposition-durch-unternehmensuebernahme-gestaerkt\/\" \/>\n\t\t<meta property=\"og:image\" content=\"https:\/\/www.immo-invest.ch\/wp-content\/uploads\/2021\/05\/business-3-e1622127876646.png\" \/>\n\t\t<meta property=\"og:image:secure_url\" content=\"https:\/\/www.immo-invest.ch\/wp-content\/uploads\/2021\/05\/business-3-e1622127876646.png\" \/>\n\t\t<meta property=\"og:image:width\" content=\"1200\" \/>\n\t\t<meta property=\"og:image:height\" content=\"600\" \/>\n\t\t<meta property=\"article:published_time\" content=\"2024-05-13T10:00:00+00:00\" \/>\n\t\t<meta property=\"article:modified_time\" content=\"2024-05-13T08:11:14+00:00\" \/>\n\t\t<meta property=\"article:publisher\" content=\"https:\/\/www.facebook.com\/people\/Immoinvest\/100077962920504\/\" \/>\n\t\t<meta name=\"twitter:card\" content=\"summary_large_image\" \/>\n\t\t<meta name=\"twitter:site\" content=\"@i\" \/>\n\t\t<meta name=\"twitter:title\" content=\"Position sur le march\u00e9 renforc\u00e9e par le rachat d\u2019une entreprise - immo!nvest - Die Plattform f\u00fcr Standorte und Immobilien\" \/>\n\t\t<meta name=\"twitter:description\" content=\"ISS Facility Services SA a repris gammaRenax SA de D\u00fcbendorf. Cette nouvelle acquisition doit renforcer la position du Groupe ISS sur le march\u00e9 suisse. Severin Gallo de gammaRenax fait son entr\u00e9e au Conseil d&#039;administration d&#039;ISS Facility Services.\" \/>\n\t\t<meta name=\"twitter:creator\" content=\"@i\" \/>\n\t\t<meta name=\"twitter:image\" content=\"https:\/\/www.immo-invest.ch\/wp-content\/uploads\/2021\/05\/business-3-e1622127876646.png\" \/>\n\t\t<script type=\"application\/ld+json\" class=\"aioseo-schema\">\n\t\t\t{\"@context\":\"https:\\\/\\\/schema.org\",\"@graph\":[{\"@type\":\"BlogPosting\",\"@id\":\"https:\\\/\\\/www.immo-invest.ch\\\/fr\\\/marktposition-durch-unternehmensuebernahme-gestaerkt\\\/#blogposting\",\"name\":\"Position sur le march\\u00e9 renforc\\u00e9e par le rachat d\\u2019une entreprise - immo!nvest - Die Plattform f\\u00fcr Standorte und Immobilien\",\"headline\":\"Position sur le march\\u00e9 renforc\\u00e9e par le rachat d&rsquo;une entreprise\",\"author\":{\"@id\":\"https:\\\/\\\/www.immo-invest.ch\\\/fr\\\/author\\\/immovestuser\\\/#author\"},\"publisher\":{\"@id\":\"https:\\\/\\\/www.immo-invest.ch\\\/fr\\\/#organization\"},\"image\":{\"@type\":\"ImageObject\",\"url\":\"https:\\\/\\\/www.immo-invest.ch\\\/wp-content\\\/uploads\\\/2021\\\/05\\\/business-3-e1622127876646.png\",\"width\":1200,\"height\":600},\"datePublished\":\"2024-05-13T12:00:00+02:00\",\"dateModified\":\"2024-05-13T10:11:14+02:00\",\"inLanguage\":\"fr-FR\",\"mainEntityOfPage\":{\"@id\":\"https:\\\/\\\/www.immo-invest.ch\\\/fr\\\/marktposition-durch-unternehmensuebernahme-gestaerkt\\\/#webpage\"},\"isPartOf\":{\"@id\":\"https:\\\/\\\/www.immo-invest.ch\\\/fr\\\/marktposition-durch-unternehmensuebernahme-gestaerkt\\\/#webpage\"},\"articleSection\":\"Entreprise, Gens, immoNews, Erweiterung, Facility Services-Branche, Geb\\u00e4udemanagement, Liegenschaftsverwaltung, Marktposition, Unternehmens\\u00fcbernahme, Facultatif\"},{\"@type\":\"BreadcrumbList\",\"@id\":\"https:\\\/\\\/www.immo-invest.ch\\\/fr\\\/marktposition-durch-unternehmensuebernahme-gestaerkt\\\/#breadcrumblist\",\"itemListElement\":[{\"@type\":\"ListItem\",\"@id\":\"https:\\\/\\\/www.immo-invest.ch\\\/fr\\\/#listItem\",\"position\":1,\"name\":\"Home\",\"item\":\"https:\\\/\\\/www.immo-invest.ch\\\/fr\\\/\",\"nextItem\":{\"@type\":\"ListItem\",\"@id\":\"https:\\\/\\\/www.immo-invest.ch\\\/fr\\\/categories\\\/personnes\\\/#listItem\",\"name\":\"Personnes\"}},{\"@type\":\"ListItem\",\"@id\":\"https:\\\/\\\/www.immo-invest.ch\\\/fr\\\/categories\\\/personnes\\\/#listItem\",\"position\":2,\"name\":\"Personnes\",\"item\":\"https:\\\/\\\/www.immo-invest.ch\\\/fr\\\/categories\\\/personnes\\\/\",\"nextItem\":{\"@type\":\"ListItem\",\"@id\":\"https:\\\/\\\/www.immo-invest.ch\\\/fr\\\/categories\\\/personnes\\\/gens\\\/#listItem\",\"name\":\"Gens\"},\"previousItem\":{\"@type\":\"ListItem\",\"@id\":\"https:\\\/\\\/www.immo-invest.ch\\\/fr\\\/#listItem\",\"name\":\"Home\"}},{\"@type\":\"ListItem\",\"@id\":\"https:\\\/\\\/www.immo-invest.ch\\\/fr\\\/categories\\\/personnes\\\/gens\\\/#listItem\",\"position\":3,\"name\":\"Gens\",\"item\":\"https:\\\/\\\/www.immo-invest.ch\\\/fr\\\/categories\\\/personnes\\\/gens\\\/\",\"nextItem\":{\"@type\":\"ListItem\",\"@id\":\"https:\\\/\\\/www.immo-invest.ch\\\/fr\\\/marktposition-durch-unternehmensuebernahme-gestaerkt\\\/#listItem\",\"name\":\"Position sur le march\\u00e9 renforc\\u00e9e par le rachat d&rsquo;une entreprise\"},\"previousItem\":{\"@type\":\"ListItem\",\"@id\":\"https:\\\/\\\/www.immo-invest.ch\\\/fr\\\/categories\\\/personnes\\\/#listItem\",\"name\":\"Personnes\"}},{\"@type\":\"ListItem\",\"@id\":\"https:\\\/\\\/www.immo-invest.ch\\\/fr\\\/marktposition-durch-unternehmensuebernahme-gestaerkt\\\/#listItem\",\"position\":4,\"name\":\"Position sur le march\\u00e9 renforc\\u00e9e par le rachat d&rsquo;une entreprise\",\"previousItem\":{\"@type\":\"ListItem\",\"@id\":\"https:\\\/\\\/www.immo-invest.ch\\\/fr\\\/categories\\\/personnes\\\/gens\\\/#listItem\",\"name\":\"Gens\"}}]},{\"@type\":\"Organization\",\"@id\":\"https:\\\/\\\/www.immo-invest.ch\\\/fr\\\/#organization\",\"name\":\"immo!nvest - Die Plattform f\\u00fcr Standorte und Immobilien\",\"description\":\"Die\\u00a0Plattform f\\u00fcr Standorte und Immobilien\",\"url\":\"https:\\\/\\\/www.immo-invest.ch\\\/fr\\\/\",\"email\":\"admin@immomedia.ag\",\"telephone\":\"+41444420002\",\"logo\":{\"@type\":\"ImageObject\",\"url\":\"https:\\\/\\\/www.immo-invest.ch\\\/wp-content\\\/uploads\\\/2024\\\/09\\\/immoinvest_sm-scaled.jpg\",\"@id\":\"https:\\\/\\\/www.immo-invest.ch\\\/fr\\\/marktposition-durch-unternehmensuebernahme-gestaerkt\\\/#organizationLogo\",\"width\":2560,\"height\":1340},\"image\":{\"@id\":\"https:\\\/\\\/www.immo-invest.ch\\\/fr\\\/marktposition-durch-unternehmensuebernahme-gestaerkt\\\/#organizationLogo\"},\"sameAs\":[\"https:\\\/\\\/www.facebook.com\\\/people\\\/Immoinvest\\\/100077962920504\\\/\",\"https:\\\/\\\/x.com\\\/i\\\/flow\\\/login?redirect_after_login=immoinvest_ch\",\"https:\\\/\\\/www.instagram.com\\\/immoinvest_ch\\\/\",\"https:\\\/\\\/www.linkedin.com\\\/company\\\/immoinvest-swiss\"]},{\"@type\":\"Person\",\"@id\":\"https:\\\/\\\/www.immo-invest.ch\\\/fr\\\/author\\\/immovestuser\\\/#author\",\"url\":\"https:\\\/\\\/www.immo-invest.ch\\\/fr\\\/author\\\/immovestuser\\\/\",\"name\":\"immovestuser\",\"image\":{\"@type\":\"ImageObject\",\"@id\":\"https:\\\/\\\/www.immo-invest.ch\\\/fr\\\/marktposition-durch-unternehmensuebernahme-gestaerkt\\\/#authorImage\",\"url\":\"https:\\\/\\\/secure.gravatar.com\\\/avatar\\\/8e01f4d99f2eeea7a362ebb93305e1172a70e9293ba250f897a65c39f54cdd1e?s=96&d=mm&r=g\",\"width\":96,\"height\":96,\"caption\":\"immovestuser\"}},{\"@type\":\"WebPage\",\"@id\":\"https:\\\/\\\/www.immo-invest.ch\\\/fr\\\/marktposition-durch-unternehmensuebernahme-gestaerkt\\\/#webpage\",\"url\":\"https:\\\/\\\/www.immo-invest.ch\\\/fr\\\/marktposition-durch-unternehmensuebernahme-gestaerkt\\\/\",\"name\":\"Position sur le march\\u00e9 renforc\\u00e9e par le rachat d\\u2019une entreprise - immo!nvest - Die Plattform f\\u00fcr Standorte und Immobilien\",\"description\":\"ISS Facility Services SA a repris gammaRenax SA de D\\u00fcbendorf. Cette nouvelle acquisition doit renforcer la position du Groupe ISS sur le march\\u00e9 suisse. Severin Gallo de gammaRenax fait son entr\\u00e9e au Conseil d'administration d'ISS Facility Services.\",\"inLanguage\":\"fr-FR\",\"isPartOf\":{\"@id\":\"https:\\\/\\\/www.immo-invest.ch\\\/fr\\\/#website\"},\"breadcrumb\":{\"@id\":\"https:\\\/\\\/www.immo-invest.ch\\\/fr\\\/marktposition-durch-unternehmensuebernahme-gestaerkt\\\/#breadcrumblist\"},\"author\":{\"@id\":\"https:\\\/\\\/www.immo-invest.ch\\\/fr\\\/author\\\/immovestuser\\\/#author\"},\"creator\":{\"@id\":\"https:\\\/\\\/www.immo-invest.ch\\\/fr\\\/author\\\/immovestuser\\\/#author\"},\"image\":{\"@type\":\"ImageObject\",\"url\":\"https:\\\/\\\/www.immo-invest.ch\\\/wp-content\\\/uploads\\\/2021\\\/05\\\/business-3-e1622127876646.png\",\"@id\":\"https:\\\/\\\/www.immo-invest.ch\\\/fr\\\/marktposition-durch-unternehmensuebernahme-gestaerkt\\\/#mainImage\",\"width\":1200,\"height\":600},\"primaryImageOfPage\":{\"@id\":\"https:\\\/\\\/www.immo-invest.ch\\\/fr\\\/marktposition-durch-unternehmensuebernahme-gestaerkt\\\/#mainImage\"},\"datePublished\":\"2024-05-13T12:00:00+02:00\",\"dateModified\":\"2024-05-13T10:11:14+02:00\"},{\"@type\":\"WebSite\",\"@id\":\"https:\\\/\\\/www.immo-invest.ch\\\/fr\\\/#website\",\"url\":\"https:\\\/\\\/www.immo-invest.ch\\\/fr\\\/\",\"name\":\"immo!nvest - Die Plattform f\\u00fcr Standorte und Immobilien\",\"description\":\"Die\\u00a0Plattform f\\u00fcr Standorte und Immobilien\",\"inLanguage\":\"fr-FR\",\"publisher\":{\"@id\":\"https:\\\/\\\/www.immo-invest.ch\\\/fr\\\/#organization\"}}]}\n\t\t<\/script>\n\t\t<!-- All in One SEO -->\n\n","aioseo_head_json":{"title":"Position sur le march\u00e9 renforc\u00e9e par le rachat d\u2019une entreprise - immo!nvest - Die Plattform f\u00fcr Standorte und Immobilien","description":"ISS Facility Services SA a repris gammaRenax SA de D\u00fcbendorf. Cette nouvelle acquisition doit renforcer la position du Groupe ISS sur le march\u00e9 suisse. Severin Gallo de gammaRenax fait son entr\u00e9e au Conseil d'administration d'ISS Facility Services.","canonical_url":"https:\/\/www.immo-invest.ch\/fr\/marktposition-durch-unternehmensuebernahme-gestaerkt\/","robots":"max-image-preview:large","keywords":"","webmasterTools":{"google-site-verification":"fHJKvgWpZCR2zVBHWfkQeFXC11qieUSff0HGNYfuyLA","miscellaneous":""},"schema":{"@context":"https:\/\/schema.org","@graph":[{"@type":"BlogPosting","@id":"https:\/\/www.immo-invest.ch\/fr\/marktposition-durch-unternehmensuebernahme-gestaerkt\/#blogposting","name":"Position sur le march\u00e9 renforc\u00e9e par le rachat d\u2019une entreprise - immo!nvest - Die Plattform f\u00fcr Standorte und Immobilien","headline":"Position sur le march\u00e9 renforc\u00e9e par le rachat d&rsquo;une entreprise","author":{"@id":"https:\/\/www.immo-invest.ch\/fr\/author\/immovestuser\/#author"},"publisher":{"@id":"https:\/\/www.immo-invest.ch\/fr\/#organization"},"image":{"@type":"ImageObject","url":"https:\/\/www.immo-invest.ch\/wp-content\/uploads\/2021\/05\/business-3-e1622127876646.png","width":1200,"height":600},"datePublished":"2024-05-13T12:00:00+02:00","dateModified":"2024-05-13T10:11:14+02:00","inLanguage":"fr-FR","mainEntityOfPage":{"@id":"https:\/\/www.immo-invest.ch\/fr\/marktposition-durch-unternehmensuebernahme-gestaerkt\/#webpage"},"isPartOf":{"@id":"https:\/\/www.immo-invest.ch\/fr\/marktposition-durch-unternehmensuebernahme-gestaerkt\/#webpage"},"articleSection":"Entreprise, Gens, immoNews, Erweiterung, Facility Services-Branche, Geb\u00e4udemanagement, Liegenschaftsverwaltung, Marktposition, Unternehmens\u00fcbernahme, Facultatif"},{"@type":"BreadcrumbList","@id":"https:\/\/www.immo-invest.ch\/fr\/marktposition-durch-unternehmensuebernahme-gestaerkt\/#breadcrumblist","itemListElement":[{"@type":"ListItem","@id":"https:\/\/www.immo-invest.ch\/fr\/#listItem","position":1,"name":"Home","item":"https:\/\/www.immo-invest.ch\/fr\/","nextItem":{"@type":"ListItem","@id":"https:\/\/www.immo-invest.ch\/fr\/categories\/personnes\/#listItem","name":"Personnes"}},{"@type":"ListItem","@id":"https:\/\/www.immo-invest.ch\/fr\/categories\/personnes\/#listItem","position":2,"name":"Personnes","item":"https:\/\/www.immo-invest.ch\/fr\/categories\/personnes\/","nextItem":{"@type":"ListItem","@id":"https:\/\/www.immo-invest.ch\/fr\/categories\/personnes\/gens\/#listItem","name":"Gens"},"previousItem":{"@type":"ListItem","@id":"https:\/\/www.immo-invest.ch\/fr\/#listItem","name":"Home"}},{"@type":"ListItem","@id":"https:\/\/www.immo-invest.ch\/fr\/categories\/personnes\/gens\/#listItem","position":3,"name":"Gens","item":"https:\/\/www.immo-invest.ch\/fr\/categories\/personnes\/gens\/","nextItem":{"@type":"ListItem","@id":"https:\/\/www.immo-invest.ch\/fr\/marktposition-durch-unternehmensuebernahme-gestaerkt\/#listItem","name":"Position sur le march\u00e9 renforc\u00e9e par le rachat d&rsquo;une entreprise"},"previousItem":{"@type":"ListItem","@id":"https:\/\/www.immo-invest.ch\/fr\/categories\/personnes\/#listItem","name":"Personnes"}},{"@type":"ListItem","@id":"https:\/\/www.immo-invest.ch\/fr\/marktposition-durch-unternehmensuebernahme-gestaerkt\/#listItem","position":4,"name":"Position sur le march\u00e9 renforc\u00e9e par le rachat d&rsquo;une entreprise","previousItem":{"@type":"ListItem","@id":"https:\/\/www.immo-invest.ch\/fr\/categories\/personnes\/gens\/#listItem","name":"Gens"}}]},{"@type":"Organization","@id":"https:\/\/www.immo-invest.ch\/fr\/#organization","name":"immo!nvest - Die Plattform f\u00fcr Standorte und Immobilien","description":"Die\u00a0Plattform f\u00fcr Standorte und Immobilien","url":"https:\/\/www.immo-invest.ch\/fr\/","email":"admin@immomedia.ag","telephone":"+41444420002","logo":{"@type":"ImageObject","url":"https:\/\/www.immo-invest.ch\/wp-content\/uploads\/2024\/09\/immoinvest_sm-scaled.jpg","@id":"https:\/\/www.immo-invest.ch\/fr\/marktposition-durch-unternehmensuebernahme-gestaerkt\/#organizationLogo","width":2560,"height":1340},"image":{"@id":"https:\/\/www.immo-invest.ch\/fr\/marktposition-durch-unternehmensuebernahme-gestaerkt\/#organizationLogo"},"sameAs":["https:\/\/www.facebook.com\/people\/Immoinvest\/100077962920504\/","https:\/\/x.com\/i\/flow\/login?redirect_after_login=immoinvest_ch","https:\/\/www.instagram.com\/immoinvest_ch\/","https:\/\/www.linkedin.com\/company\/immoinvest-swiss"]},{"@type":"Person","@id":"https:\/\/www.immo-invest.ch\/fr\/author\/immovestuser\/#author","url":"https:\/\/www.immo-invest.ch\/fr\/author\/immovestuser\/","name":"immovestuser","image":{"@type":"ImageObject","@id":"https:\/\/www.immo-invest.ch\/fr\/marktposition-durch-unternehmensuebernahme-gestaerkt\/#authorImage","url":"https:\/\/secure.gravatar.com\/avatar\/8e01f4d99f2eeea7a362ebb93305e1172a70e9293ba250f897a65c39f54cdd1e?s=96&d=mm&r=g","width":96,"height":96,"caption":"immovestuser"}},{"@type":"WebPage","@id":"https:\/\/www.immo-invest.ch\/fr\/marktposition-durch-unternehmensuebernahme-gestaerkt\/#webpage","url":"https:\/\/www.immo-invest.ch\/fr\/marktposition-durch-unternehmensuebernahme-gestaerkt\/","name":"Position sur le march\u00e9 renforc\u00e9e par le rachat d\u2019une entreprise - immo!nvest - Die Plattform f\u00fcr Standorte und Immobilien","description":"ISS Facility Services SA a repris gammaRenax SA de D\u00fcbendorf. Cette nouvelle acquisition doit renforcer la position du Groupe ISS sur le march\u00e9 suisse. Severin Gallo de gammaRenax fait son entr\u00e9e au Conseil d'administration d'ISS Facility Services.","inLanguage":"fr-FR","isPartOf":{"@id":"https:\/\/www.immo-invest.ch\/fr\/#website"},"breadcrumb":{"@id":"https:\/\/www.immo-invest.ch\/fr\/marktposition-durch-unternehmensuebernahme-gestaerkt\/#breadcrumblist"},"author":{"@id":"https:\/\/www.immo-invest.ch\/fr\/author\/immovestuser\/#author"},"creator":{"@id":"https:\/\/www.immo-invest.ch\/fr\/author\/immovestuser\/#author"},"image":{"@type":"ImageObject","url":"https:\/\/www.immo-invest.ch\/wp-content\/uploads\/2021\/05\/business-3-e1622127876646.png","@id":"https:\/\/www.immo-invest.ch\/fr\/marktposition-durch-unternehmensuebernahme-gestaerkt\/#mainImage","width":1200,"height":600},"primaryImageOfPage":{"@id":"https:\/\/www.immo-invest.ch\/fr\/marktposition-durch-unternehmensuebernahme-gestaerkt\/#mainImage"},"datePublished":"2024-05-13T12:00:00+02:00","dateModified":"2024-05-13T10:11:14+02:00"},{"@type":"WebSite","@id":"https:\/\/www.immo-invest.ch\/fr\/#website","url":"https:\/\/www.immo-invest.ch\/fr\/","name":"immo!nvest - Die Plattform f\u00fcr Standorte und Immobilien","description":"Die\u00a0Plattform f\u00fcr Standorte und Immobilien","inLanguage":"fr-FR","publisher":{"@id":"https:\/\/www.immo-invest.ch\/fr\/#organization"}}]},"og:locale":"fr_FR","og:site_name":"immo!nvest - Die Plattform f\u00fcr Standorte und Immobilien - Die\u00a0Plattform f\u00fcr Standorte und Immobilien","og:type":"article","og:title":"Position sur le march\u00e9 renforc\u00e9e par le rachat d\u2019une entreprise - immo!nvest - Die Plattform f\u00fcr Standorte und Immobilien","og:description":"ISS Facility Services SA a repris gammaRenax SA de D\u00fcbendorf. Cette nouvelle acquisition doit renforcer la position du Groupe ISS sur le march\u00e9 suisse. Severin Gallo de gammaRenax fait son entr\u00e9e au Conseil d'administration d'ISS Facility Services.","og:url":"https:\/\/www.immo-invest.ch\/fr\/marktposition-durch-unternehmensuebernahme-gestaerkt\/","og:image":"https:\/\/www.immo-invest.ch\/wp-content\/uploads\/2021\/05\/business-3-e1622127876646.png","og:image:secure_url":"https:\/\/www.immo-invest.ch\/wp-content\/uploads\/2021\/05\/business-3-e1622127876646.png","og:image:width":1200,"og:image:height":600,"article:published_time":"2024-05-13T10:00:00+00:00","article:modified_time":"2024-05-13T08:11:14+00:00","article:publisher":"https:\/\/www.facebook.com\/people\/Immoinvest\/100077962920504\/","twitter:card":"summary_large_image","twitter:site":"@i","twitter:title":"Position sur le march\u00e9 renforc\u00e9e par le rachat d\u2019une entreprise - immo!nvest - Die Plattform f\u00fcr Standorte und Immobilien","twitter:description":"ISS Facility Services SA a repris gammaRenax SA de D\u00fcbendorf. Cette nouvelle acquisition doit renforcer la position du Groupe ISS sur le march\u00e9 suisse. Severin Gallo de gammaRenax fait son entr\u00e9e au Conseil d'administration d'ISS Facility Services.","twitter:creator":"@i","twitter:image":"https:\/\/www.immo-invest.ch\/wp-content\/uploads\/2021\/05\/business-3-e1622127876646.png"},"aioseo_meta_data":{"post_id":"91728","title":null,"description":null,"keywords":null,"keyphrases":null,"primary_term":null,"canonical_url":null,"og_title":null,"og_description":null,"og_object_type":"default","og_image_type":"default","og_image_url":null,"og_image_width":null,"og_image_height":null,"og_image_custom_url":null,"og_image_custom_fields":null,"og_video":null,"og_custom_url":null,"og_article_section":null,"og_article_tags":null,"twitter_use_og":false,"twitter_card":"default","twitter_image_type":"default","twitter_image_url":null,"twitter_image_custom_url":null,"twitter_image_custom_fields":null,"twitter_title":null,"twitter_description":null,"schema":{"blockGraphs":[],"customGraphs":[],"default":{"data":{"Article":[],"Course":[],"Dataset":[],"FAQPage":[],"Movie":[],"Person":[],"Product":[],"ProductReview":[],"Car":[],"Recipe":[],"Service":[],"SoftwareApplication":[],"WebPage":[]},"graphName":"","isEnabled":true},"graphs":[]},"schema_type":"default","schema_type_options":null,"pillar_content":false,"robots_default":true,"robots_noindex":false,"robots_noarchive":false,"robots_nosnippet":false,"robots_nofollow":false,"robots_noimageindex":false,"robots_noodp":false,"robots_notranslate":false,"robots_max_snippet":null,"robots_max_videopreview":null,"robots_max_imagepreview":"large","priority":null,"frequency":null,"local_seo":null,"breadcrumb_settings":null,"limit_modified_date":false,"ai":null,"created":"2024-09-20 19:47:00","updated":"2025-10-24 02:04:13","seo_analyzer_scan_date":null,"focus_keyword":null,"additional_keywords":null,"truseo_locale":null},"aioseo_breadcrumb":"<div class=\"aioseo-breadcrumbs\"><span class=\"aioseo-breadcrumb\">\n\t\t\t<a href=\"https:\/\/www.immo-invest.ch\/fr\/\" title=\"Home\">Home<\/a>\n\t\t<\/span><span class=\"aioseo-breadcrumb-separator\">&raquo;<\/span><span class=\"aioseo-breadcrumb\">\n\t\t\t<a href=\"https:\/\/www.immo-invest.ch\/fr\/categories\/personnes\/\" title=\"Personnes\">Personnes<\/a>\n\t\t<\/span><span class=\"aioseo-breadcrumb-separator\">&raquo;<\/span><span class=\"aioseo-breadcrumb\">\n\t\t\t<a href=\"https:\/\/www.immo-invest.ch\/fr\/categories\/personnes\/gens\/\" title=\"Gens\">Gens<\/a>\n\t\t<\/span><span class=\"aioseo-breadcrumb-separator\">&raquo;<\/span><span class=\"aioseo-breadcrumb\">\n\t\t\tPosition sur le march\u00e9 renforc\u00e9e par le rachat d\u2019une entreprise\n\t\t<\/span><\/div>","aioseo_breadcrumb_json":[{"label":"Home","link":"https:\/\/www.immo-invest.ch\/fr\/"},{"label":"Personnes","link":"https:\/\/www.immo-invest.ch\/fr\/categories\/personnes\/"},{"label":"Gens","link":"https:\/\/www.immo-invest.ch\/fr\/categories\/personnes\/gens\/"},{"label":"Position sur le march\u00e9 renforc\u00e9e par le rachat d&rsquo;une entreprise","link":"https:\/\/www.immo-invest.ch\/fr\/marktposition-durch-unternehmensuebernahme-gestaerkt\/"}],"featured_image_src":"https:\/\/www.immo-invest.ch\/wp-content\/uploads\/2021\/05\/business-3-e1622127876646-150x150.png","_links":{"self":[{"href":"https:\/\/www.immo-invest.ch\/fr\/wp-json\/wp\/v2\/posts\/91728","targetHints":{"allow":["GET"]}}],"collection":[{"href":"https:\/\/www.immo-invest.ch\/fr\/wp-json\/wp\/v2\/posts"}],"about":[{"href":"https:\/\/www.immo-invest.ch\/fr\/wp-json\/wp\/v2\/types\/post"}],"author":[{"embeddable":true,"href":"https:\/\/www.immo-invest.ch\/fr\/wp-json\/wp\/v2\/users\/2"}],"replies":[{"embeddable":true,"href":"https:\/\/www.immo-invest.ch\/fr\/wp-json\/wp\/v2\/comments?post=91728"}],"version-history":[{"count":0,"href":"https:\/\/www.immo-invest.ch\/fr\/wp-json\/wp\/v2\/posts\/91728\/revisions"}],"wp:featuredmedia":[{"embeddable":true,"href":"https:\/\/www.immo-invest.ch\/fr\/wp-json\/wp\/v2\/media\/18007"}],"wp:attachment":[{"href":"https:\/\/www.immo-invest.ch\/fr\/wp-json\/wp\/v2\/media?parent=91728"}],"wp:term":[{"taxonomy":"category","embeddable":true,"href":"https:\/\/www.immo-invest.ch\/fr\/wp-json\/wp\/v2\/categories?post=91728"},{"taxonomy":"post_tag","embeddable":true,"href":"https:\/\/www.immo-invest.ch\/fr\/wp-json\/wp\/v2\/tags?post=91728"}],"curies":[{"name":"wp","href":"https:\/\/api.w.org\/{rel}","templated":true}]}}