{"id":91298,"date":"2024-05-08T13:33:41","date_gmt":"2024-05-08T11:33:41","guid":{"rendered":"https:\/\/www.immo-invest.ch\/?p=91298"},"modified":"2024-06-07T15:16:44","modified_gmt":"2024-06-07T13:16:44","slug":"eroeffnung-des-neuen-innovationsparks-in-der-naehe-des-paul-scherrer-instituts","status":"publish","type":"post","link":"https:\/\/www.immo-invest.ch\/fr\/eroeffnung-des-neuen-innovationsparks-in-der-naehe-des-paul-scherrer-instituts\/","title":{"rendered":"Inauguration du nouveau parc d&rsquo;innovation \u00e0 proximit\u00e9 de l&rsquo;Institut Paul Scherrer"},"content":{"rendered":"<p class=\"bodytext\">Le <a href=\"https:\/\/www.parkinnovaare.ch\" target=\"_blank\" rel=\"noopener\">parc Innovaare<\/a> a &eacute;t&eacute; inaugur&eacute; le 25 avril en pr&eacute;sence du conseiller f&eacute;d&eacute;ral Guy Parmelin et du gouverneur Dieter Egli. Selon un <a href=\"https:\/\/www.parkinnovaare.ch\/aktuelles\/news\/detailseite-news\/medienmitteilung-switzerland-innovation-park-innovaare-feiert-eroeffnung-25\" target=\"_blank\" rel=\"noopener\">communiqu&eacute;<\/a>, le parc d&rsquo;<span class=\"glossaryLink\" aria-describedby=\"tt\" data-cmtooltip=\"&lt;div class=glossaryItemTitle&gt;Innovation&lt;\/div&gt;&lt;div class=glossaryItemBody&gt;Innovation in der heutigen Immobilienwelt bedeutet vor allem Digitalisierung von Prozessen. Zum Beispiel das Eliminieren von Tausenden von Excel-Bl&auml;ttern f&uuml;r Portfolio- und Asset-Manager oder das Erstellen einer Anwendung (App) f&uuml;r alle Formalit&auml;ten rund um die Beziehung zwischen Immobilieneigent&uuml;mern, - verwaltung und -mietern.&lt;\/div&gt;\" data-mobile-support=\"0\" data-gt-translate-attributes='[{\"attribute\":\"data-cmtooltip\", \"format\":\"html\"}]' tabindex=\"0\" role=\"link\">innovation<\/span> comprend 23&rsquo;000 m&egrave;tres carr&eacute;s de salles blanches, de laboratoires, d&rsquo;ateliers de pr&eacute;cision, de bureaux et de salles de r&eacute;union. &laquo;&nbsp;Jusqu&rsquo;&agrave; pr&eacute;sent, nous avons accueilli 21 entreprises, dont un total de 15 spin-offs du <a href=\"https:\/\/www.psi.ch\" target=\"_blank\" rel=\"noopener\">PSI<\/a>, de l&rsquo;<a href=\"https:\/\/ethz.ch\/\" target=\"_blank\" rel=\"noopener\">ETH<\/a> ou de la <a href=\"https:\/\/www.fhnw.ch\/\" target=\"_blank\" rel=\"noopener\">FHNW<\/a>, deux centres de transfert de technologie ainsi que de grandes entreprises internationales&nbsp;&raquo;, a d&eacute;clar&eacute; le CEO Robert Rudolph, cit&eacute; dans le communiqu&eacute;. &laquo;&nbsp;Le taux d&rsquo;occupation global est d&rsquo;environ 80% et nous sommes tr&egrave;s confiants de pouvoir encore l&rsquo;augmenter dans les mois &agrave; venir&nbsp;&raquo;<\/p>\n<p class=\"bodytext\">Le nouveau parc d&rsquo;<span class=\"glossaryLink\" aria-describedby=\"tt\" data-cmtooltip=\"&lt;div class=glossaryItemTitle&gt;Innovation&lt;\/div&gt;&lt;div class=glossaryItemBody&gt;Innovation in der heutigen Immobilienwelt bedeutet vor allem Digitalisierung von Prozessen. Zum Beispiel das Eliminieren von Tausenden von Excel-Bl&auml;ttern f&uuml;r Portfolio- und Asset-Manager oder das Erstellen einer Anwendung (App) f&uuml;r alle Formalit&auml;ten rund um die Beziehung zwischen Immobilieneigent&uuml;mern, - verwaltung und -mietern.&lt;\/div&gt;\" data-mobile-support=\"0\" data-gt-translate-attributes='[{\"attribute\":\"data-cmtooltip\", \"format\":\"html\"}]' tabindex=\"0\" role=\"link\">innovation<\/span> est situ&eacute; &agrave; proximit&eacute; imm&eacute;diate de l&rsquo;Institut Paul Scherrer (PSI). Celui-ci est un partenaire strat&eacute;gique et le plus grand locataire du parc Innovaare. Le parc Innovaare se concentre sur la photonique, les technologies quantiques, les sciences de la vie, la fabrication avanc&eacute;e et les technologies des semi-conducteurs, ainsi que sur l&rsquo;&eacute;nergie et le d&eacute;veloppement durable.<\/p>\n<p class=\"bodytext\">&laquo;&nbsp;Les nouvelles connaissances, m&eacute;thodes et sp&eacute;cialistes issus de la recherche doivent &ecirc;tre mis &agrave; la disposition de l&rsquo;&eacute;conomie. La haute comp&eacute;titivit&eacute; de la Suisse sera ainsi encore renforc&eacute;e&nbsp;&raquo;, d&eacute;clare Christian R&uuml;egg, directeur du PSI, cit&eacute; dans le communiqu&eacute;.<\/p>\n<p class=\"bodytext\">Le parc Innovare est le sixi&egrave;me site de <a href=\"https:\/\/www.switzerland-innovation.com\/\" target=\"_blank\" rel=\"noopener\">Switzerland <span class=\"glossaryLink\" aria-describedby=\"tt\" data-cmtooltip=\"&lt;div class=glossaryItemTitle&gt;Innovation&lt;\/div&gt;&lt;div class=glossaryItemBody&gt;Innovation in der heutigen Immobilienwelt bedeutet vor allem Digitalisierung von Prozessen. Zum Beispiel das Eliminieren von Tausenden von Excel-Bl&auml;ttern f&uuml;r Portfolio- und Asset-Manager oder das Erstellen einer Anwendung (App) f&uuml;r alle Formalit&auml;ten rund um die Beziehung zwischen Immobilieneigent&uuml;mern, - verwaltung und -mietern.&lt;\/div&gt;\" data-mobile-support=\"0\" data-gt-translate-attributes='[{\"attribute\":\"data-cmtooltip\", \"format\":\"html\"}]' tabindex=\"0\" role=\"link\">Innovation<\/span><\/a>. &laquo;&nbsp;Depuis des ann&eacute;es, la Suisse compte parmi les pays les plus innovants au monde. Pour que notre excellente formation et notre recherche d&eacute;bouchent sur des produits et des services commercialisables, nos hautes &eacute;coles doivent &ecirc;tre reli&eacute;es le mieux possible &agrave; l&rsquo;&eacute;conomie&nbsp;&raquo;, d&eacute;clare Andreas Rickenbacher, pr&eacute;sident de Switzerland <span class=\"glossaryLink\" aria-describedby=\"tt\" data-cmtooltip=\"&lt;div class=glossaryItemTitle&gt;Innovation&lt;\/div&gt;&lt;div class=glossaryItemBody&gt;Innovation in der heutigen Immobilienwelt bedeutet vor allem Digitalisierung von Prozessen. Zum Beispiel das Eliminieren von Tausenden von Excel-Bl&auml;ttern f&uuml;r Portfolio- und Asset-Manager oder das Erstellen einer Anwendung (App) f&uuml;r alle Formalit&auml;ten rund um die Beziehung zwischen Immobilieneigent&uuml;mern, - verwaltung und -mietern.&lt;\/div&gt;\" data-mobile-support=\"0\" data-gt-translate-attributes='[{\"attribute\":\"data-cmtooltip\", \"format\":\"html\"}]' tabindex=\"0\" role=\"link\">Innovation<\/span>. Park Innovaare est le meilleur exemple de la mani&egrave;re dont la recherche de pointe peut &ecirc;tre associ&eacute;e de mani&egrave;re optimale &agrave; l&rsquo;&eacute;conomie.<\/p>\n","protected":false},"excerpt":{"rendered":"<p>En pr\u00e9sence de personnalit\u00e9s politiques et acad\u00e9miques de premier plan, le parc d&rsquo;innovation Park Innovaare a \u00e9t\u00e9 inaugur\u00e9, offrant des infrastructures de recherche et de d\u00e9veloppement avanc\u00e9es pour une vari\u00e9t\u00e9 d&rsquo;industries de haute technologie.<\/p>\n","protected":false},"author":2,"featured_media":91293,"comment_status":"open","ping_status":"open","sticky":false,"template":"","format":"standard","meta":{"pmpro_default_level":"","inline_featured_image":false,"_monsterinsights_skip_tracking":false,"footnotes":""},"categories":[4897,22699,743,739],"tags":[2600,872,3931,2175,2002,2237],"class_list":["post-91298","post","type-post","status-publish","format-standard","has-post-thumbnail","hentry","category-region-aarau","category-durabilite","category-immonews-fr","category-projects","tag-forschung-fr","tag-immoinvest-fr","tag-immonews-fr","tag-innovation-fr","tag-news-fr","tag-technologie-fr","pmpro-has-access"],"acf":{"bild_mit_ki_erstellt_worden":[],"lead":"En pr\u00e9sence de personnalit\u00e9s politiques et acad\u00e9miques de premier plan, le parc d'innovation Park Innovaare a \u00e9t\u00e9 inaugur\u00e9, offrant des infrastructures de recherche et de d\u00e9veloppement avanc\u00e9es pour une vari\u00e9t\u00e9 d'industries de haute technologie.","autor":"ce\/js","ort":"Villigen AG","bildunterschrift":"","bild_im_grid":false,"gallerie":"","newsim":""},"aioseo_notices":[],"aioseo_head":"\n\t\t<!-- All in One SEO 5.0.0.1 - aioseo.com -->\n\t<meta name=\"description\" content=\"En pr\u00e9sence de personnalit\u00e9s politiques et acad\u00e9miques de premier plan, le parc d&#039;innovation Park Innovaare a \u00e9t\u00e9 inaugur\u00e9, offrant des infrastructures de recherche et de d\u00e9veloppement avanc\u00e9es pour une vari\u00e9t\u00e9 d&#039;industries de haute technologie.\" \/>\n\t<meta name=\"robots\" content=\"max-image-preview:large\" \/>\n\t<meta name=\"author\" content=\"immovestuser\"\/>\n\t<meta name=\"google-site-verification\" content=\"fHJKvgWpZCR2zVBHWfkQeFXC11qieUSff0HGNYfuyLA\" \/>\n\t<link rel=\"canonical\" href=\"https:\/\/www.immo-invest.ch\/fr\/eroeffnung-des-neuen-innovationsparks-in-der-naehe-des-paul-scherrer-instituts\/\" \/>\n\t<meta name=\"generator\" content=\"All in One SEO (AIOSEO) 5.0.0.1\" \/>\n\t\t<meta property=\"og:locale\" content=\"fr_FR\" \/>\n\t\t<meta property=\"og:site_name\" content=\"immo!nvest - Die Plattform f\u00fcr Standorte und Immobilien - Die\u00a0Plattform f\u00fcr Standorte und Immobilien\" \/>\n\t\t<meta property=\"og:type\" content=\"article\" \/>\n\t\t<meta property=\"og:title\" content=\"Inauguration du nouveau parc d\u2019innovation \u00e0 proximit\u00e9 de l\u2019Institut Paul Scherrer - immo!nvest - Die Plattform f\u00fcr Standorte und Immobilien\" \/>\n\t\t<meta property=\"og:description\" content=\"En pr\u00e9sence de personnalit\u00e9s politiques et acad\u00e9miques de premier plan, le parc d&#039;innovation Park Innovaare a \u00e9t\u00e9 inaugur\u00e9, offrant des infrastructures de recherche et de d\u00e9veloppement avanc\u00e9es pour une vari\u00e9t\u00e9 d&#039;industries de haute technologie.\" \/>\n\t\t<meta property=\"og:url\" content=\"https:\/\/www.immo-invest.ch\/fr\/eroeffnung-des-neuen-innovationsparks-in-der-naehe-des-paul-scherrer-instituts\/\" \/>\n\t\t<meta property=\"og:image\" content=\"https:\/\/www.immo-invest.ch\/wp-content\/uploads\/2024\/05\/Unbenannt-9.png\" \/>\n\t\t<meta property=\"og:image:secure_url\" content=\"https:\/\/www.immo-invest.ch\/wp-content\/uploads\/2024\/05\/Unbenannt-9.png\" \/>\n\t\t<meta property=\"og:image:width\" content=\"1792\" \/>\n\t\t<meta property=\"og:image:height\" content=\"1024\" \/>\n\t\t<meta property=\"article:published_time\" content=\"2024-05-08T11:33:41+00:00\" \/>\n\t\t<meta property=\"article:modified_time\" content=\"2024-06-07T13:16:44+00:00\" \/>\n\t\t<meta property=\"article:publisher\" content=\"https:\/\/www.facebook.com\/people\/Immoinvest\/100077962920504\/\" \/>\n\t\t<meta name=\"twitter:card\" content=\"summary_large_image\" \/>\n\t\t<meta name=\"twitter:site\" content=\"@i\" \/>\n\t\t<meta name=\"twitter:title\" content=\"Inauguration du nouveau parc d\u2019innovation \u00e0 proximit\u00e9 de l\u2019Institut Paul Scherrer - immo!nvest - Die Plattform f\u00fcr Standorte und Immobilien\" \/>\n\t\t<meta name=\"twitter:description\" content=\"En pr\u00e9sence de personnalit\u00e9s politiques et acad\u00e9miques de premier plan, le parc d&#039;innovation Park Innovaare a \u00e9t\u00e9 inaugur\u00e9, offrant des infrastructures de recherche et de d\u00e9veloppement avanc\u00e9es pour une vari\u00e9t\u00e9 d&#039;industries de haute technologie.\" \/>\n\t\t<meta name=\"twitter:creator\" content=\"@i\" \/>\n\t\t<meta name=\"twitter:image\" content=\"https:\/\/www.immo-invest.ch\/wp-content\/uploads\/2024\/05\/Unbenannt-9.png\" \/>\n\t\t<script type=\"application\/ld+json\" class=\"aioseo-schema\">\n\t\t\t{\"@context\":\"https:\\\/\\\/schema.org\",\"@graph\":[{\"@type\":\"BlogPosting\",\"@id\":\"https:\\\/\\\/www.immo-invest.ch\\\/fr\\\/eroeffnung-des-neuen-innovationsparks-in-der-naehe-des-paul-scherrer-instituts\\\/#blogposting\",\"name\":\"Inauguration du nouveau parc d\\u2019innovation \\u00e0 proximit\\u00e9 de l\\u2019Institut Paul Scherrer - immo!nvest - Die Plattform f\\u00fcr Standorte und Immobilien\",\"headline\":\"Inauguration du nouveau parc d&rsquo;innovation \\u00e0 proximit\\u00e9 de l&rsquo;Institut Paul Scherrer\",\"author\":{\"@id\":\"https:\\\/\\\/www.immo-invest.ch\\\/fr\\\/author\\\/immovestuser\\\/#author\"},\"publisher\":{\"@id\":\"https:\\\/\\\/www.immo-invest.ch\\\/fr\\\/#organization\"},\"image\":{\"@type\":\"ImageObject\",\"url\":\"https:\\\/\\\/www.immo-invest.ch\\\/wp-content\\\/uploads\\\/2024\\\/05\\\/Unbenannt-9.png\",\"width\":1792,\"height\":1024},\"datePublished\":\"2024-05-08T13:33:41+02:00\",\"dateModified\":\"2024-06-07T15:16:44+02:00\",\"inLanguage\":\"fr-FR\",\"mainEntityOfPage\":{\"@id\":\"https:\\\/\\\/www.immo-invest.ch\\\/fr\\\/eroeffnung-des-neuen-innovationsparks-in-der-naehe-des-paul-scherrer-instituts\\\/#webpage\"},\"isPartOf\":{\"@id\":\"https:\\\/\\\/www.immo-invest.ch\\\/fr\\\/eroeffnung-des-neuen-innovationsparks-in-der-naehe-des-paul-scherrer-instituts\\\/#webpage\"},\"articleSection\":\"Aargau, Durabilit\\u00e9, immoNews, Projects, Forschung, Immoinvest, immoNews, Innovation, News, Technologie, Facultatif\"},{\"@type\":\"BreadcrumbList\",\"@id\":\"https:\\\/\\\/www.immo-invest.ch\\\/fr\\\/eroeffnung-des-neuen-innovationsparks-in-der-naehe-des-paul-scherrer-instituts\\\/#breadcrumblist\",\"itemListElement\":[{\"@type\":\"ListItem\",\"@id\":\"https:\\\/\\\/www.immo-invest.ch\\\/fr\\\/#listItem\",\"position\":1,\"name\":\"Home\",\"item\":\"https:\\\/\\\/www.immo-invest.ch\\\/fr\\\/\",\"nextItem\":{\"@type\":\"ListItem\",\"@id\":\"https:\\\/\\\/www.immo-invest.ch\\\/fr\\\/categories\\\/regions\\\/#listItem\",\"name\":\"R\\u00e9gions\"}},{\"@type\":\"ListItem\",\"@id\":\"https:\\\/\\\/www.immo-invest.ch\\\/fr\\\/categories\\\/regions\\\/#listItem\",\"position\":2,\"name\":\"R\\u00e9gions\",\"item\":\"https:\\\/\\\/www.immo-invest.ch\\\/fr\\\/categories\\\/regions\\\/\",\"nextItem\":{\"@type\":\"ListItem\",\"@id\":\"https:\\\/\\\/www.immo-invest.ch\\\/fr\\\/categories\\\/regions\\\/suisse\\\/#listItem\",\"name\":\"Suisse\"},\"previousItem\":{\"@type\":\"ListItem\",\"@id\":\"https:\\\/\\\/www.immo-invest.ch\\\/fr\\\/#listItem\",\"name\":\"Home\"}},{\"@type\":\"ListItem\",\"@id\":\"https:\\\/\\\/www.immo-invest.ch\\\/fr\\\/categories\\\/regions\\\/suisse\\\/#listItem\",\"position\":3,\"name\":\"Suisse\",\"item\":\"https:\\\/\\\/www.immo-invest.ch\\\/fr\\\/categories\\\/regions\\\/suisse\\\/\",\"nextItem\":{\"@type\":\"ListItem\",\"@id\":\"https:\\\/\\\/www.immo-invest.ch\\\/fr\\\/categories\\\/regions\\\/suisse\\\/suisse-du-nord-ouest\\\/#listItem\",\"name\":\"Suisse du Nord-Ouest\"},\"previousItem\":{\"@type\":\"ListItem\",\"@id\":\"https:\\\/\\\/www.immo-invest.ch\\\/fr\\\/categories\\\/regions\\\/#listItem\",\"name\":\"R\\u00e9gions\"}},{\"@type\":\"ListItem\",\"@id\":\"https:\\\/\\\/www.immo-invest.ch\\\/fr\\\/categories\\\/regions\\\/suisse\\\/suisse-du-nord-ouest\\\/#listItem\",\"position\":4,\"name\":\"Suisse du Nord-Ouest\",\"item\":\"https:\\\/\\\/www.immo-invest.ch\\\/fr\\\/categories\\\/regions\\\/suisse\\\/suisse-du-nord-ouest\\\/\",\"nextItem\":{\"@type\":\"ListItem\",\"@id\":\"https:\\\/\\\/www.immo-invest.ch\\\/fr\\\/categories\\\/regions\\\/suisse\\\/suisse-du-nord-ouest\\\/region-aarau\\\/#listItem\",\"name\":\"Aargau\"},\"previousItem\":{\"@type\":\"ListItem\",\"@id\":\"https:\\\/\\\/www.immo-invest.ch\\\/fr\\\/categories\\\/regions\\\/suisse\\\/#listItem\",\"name\":\"Suisse\"}},{\"@type\":\"ListItem\",\"@id\":\"https:\\\/\\\/www.immo-invest.ch\\\/fr\\\/categories\\\/regions\\\/suisse\\\/suisse-du-nord-ouest\\\/region-aarau\\\/#listItem\",\"position\":5,\"name\":\"Aargau\",\"item\":\"https:\\\/\\\/www.immo-invest.ch\\\/fr\\\/categories\\\/regions\\\/suisse\\\/suisse-du-nord-ouest\\\/region-aarau\\\/\",\"nextItem\":{\"@type\":\"ListItem\",\"@id\":\"https:\\\/\\\/www.immo-invest.ch\\\/fr\\\/eroeffnung-des-neuen-innovationsparks-in-der-naehe-des-paul-scherrer-instituts\\\/#listItem\",\"name\":\"Inauguration du nouveau parc d&rsquo;innovation \\u00e0 proximit\\u00e9 de l&rsquo;Institut Paul Scherrer\"},\"previousItem\":{\"@type\":\"ListItem\",\"@id\":\"https:\\\/\\\/www.immo-invest.ch\\\/fr\\\/categories\\\/regions\\\/suisse\\\/suisse-du-nord-ouest\\\/#listItem\",\"name\":\"Suisse du Nord-Ouest\"}},{\"@type\":\"ListItem\",\"@id\":\"https:\\\/\\\/www.immo-invest.ch\\\/fr\\\/eroeffnung-des-neuen-innovationsparks-in-der-naehe-des-paul-scherrer-instituts\\\/#listItem\",\"position\":6,\"name\":\"Inauguration du nouveau parc d&rsquo;innovation \\u00e0 proximit\\u00e9 de l&rsquo;Institut Paul Scherrer\",\"previousItem\":{\"@type\":\"ListItem\",\"@id\":\"https:\\\/\\\/www.immo-invest.ch\\\/fr\\\/categories\\\/regions\\\/suisse\\\/suisse-du-nord-ouest\\\/region-aarau\\\/#listItem\",\"name\":\"Aargau\"}}]},{\"@type\":\"Organization\",\"@id\":\"https:\\\/\\\/www.immo-invest.ch\\\/fr\\\/#organization\",\"name\":\"immo!nvest - Die Plattform f\\u00fcr Standorte und Immobilien\",\"description\":\"Die\\u00a0Plattform f\\u00fcr Standorte und Immobilien\",\"url\":\"https:\\\/\\\/www.immo-invest.ch\\\/fr\\\/\",\"email\":\"admin@immomedia.ag\",\"telephone\":\"+41444420002\",\"logo\":{\"@type\":\"ImageObject\",\"url\":\"https:\\\/\\\/www.immo-invest.ch\\\/wp-content\\\/uploads\\\/2024\\\/09\\\/immoinvest_sm-scaled.jpg\",\"@id\":\"https:\\\/\\\/www.immo-invest.ch\\\/fr\\\/eroeffnung-des-neuen-innovationsparks-in-der-naehe-des-paul-scherrer-instituts\\\/#organizationLogo\",\"width\":2560,\"height\":1340},\"image\":{\"@id\":\"https:\\\/\\\/www.immo-invest.ch\\\/fr\\\/eroeffnung-des-neuen-innovationsparks-in-der-naehe-des-paul-scherrer-instituts\\\/#organizationLogo\"},\"sameAs\":[\"https:\\\/\\\/www.facebook.com\\\/people\\\/Immoinvest\\\/100077962920504\\\/\",\"https:\\\/\\\/x.com\\\/i\\\/flow\\\/login?redirect_after_login=immoinvest_ch\",\"https:\\\/\\\/www.instagram.com\\\/immoinvest_ch\\\/\",\"https:\\\/\\\/www.linkedin.com\\\/company\\\/immoinvest-swiss\"]},{\"@type\":\"Person\",\"@id\":\"https:\\\/\\\/www.immo-invest.ch\\\/fr\\\/author\\\/immovestuser\\\/#author\",\"url\":\"https:\\\/\\\/www.immo-invest.ch\\\/fr\\\/author\\\/immovestuser\\\/\",\"name\":\"immovestuser\",\"image\":{\"@type\":\"ImageObject\",\"@id\":\"https:\\\/\\\/www.immo-invest.ch\\\/fr\\\/eroeffnung-des-neuen-innovationsparks-in-der-naehe-des-paul-scherrer-instituts\\\/#authorImage\",\"url\":\"https:\\\/\\\/secure.gravatar.com\\\/avatar\\\/8e01f4d99f2eeea7a362ebb93305e1172a70e9293ba250f897a65c39f54cdd1e?s=96&d=mm&r=g\",\"width\":96,\"height\":96,\"caption\":\"immovestuser\"}},{\"@type\":\"WebPage\",\"@id\":\"https:\\\/\\\/www.immo-invest.ch\\\/fr\\\/eroeffnung-des-neuen-innovationsparks-in-der-naehe-des-paul-scherrer-instituts\\\/#webpage\",\"url\":\"https:\\\/\\\/www.immo-invest.ch\\\/fr\\\/eroeffnung-des-neuen-innovationsparks-in-der-naehe-des-paul-scherrer-instituts\\\/\",\"name\":\"Inauguration du nouveau parc d\\u2019innovation \\u00e0 proximit\\u00e9 de l\\u2019Institut Paul Scherrer - immo!nvest - Die Plattform f\\u00fcr Standorte und Immobilien\",\"description\":\"En pr\\u00e9sence de personnalit\\u00e9s politiques et acad\\u00e9miques de premier plan, le parc d'innovation Park Innovaare a \\u00e9t\\u00e9 inaugur\\u00e9, offrant des infrastructures de recherche et de d\\u00e9veloppement avanc\\u00e9es pour une vari\\u00e9t\\u00e9 d'industries de haute technologie.\",\"inLanguage\":\"fr-FR\",\"isPartOf\":{\"@id\":\"https:\\\/\\\/www.immo-invest.ch\\\/fr\\\/#website\"},\"breadcrumb\":{\"@id\":\"https:\\\/\\\/www.immo-invest.ch\\\/fr\\\/eroeffnung-des-neuen-innovationsparks-in-der-naehe-des-paul-scherrer-instituts\\\/#breadcrumblist\"},\"author\":{\"@id\":\"https:\\\/\\\/www.immo-invest.ch\\\/fr\\\/author\\\/immovestuser\\\/#author\"},\"creator\":{\"@id\":\"https:\\\/\\\/www.immo-invest.ch\\\/fr\\\/author\\\/immovestuser\\\/#author\"},\"image\":{\"@type\":\"ImageObject\",\"url\":\"https:\\\/\\\/www.immo-invest.ch\\\/wp-content\\\/uploads\\\/2024\\\/05\\\/Unbenannt-9.png\",\"@id\":\"https:\\\/\\\/www.immo-invest.ch\\\/fr\\\/eroeffnung-des-neuen-innovationsparks-in-der-naehe-des-paul-scherrer-instituts\\\/#mainImage\",\"width\":1792,\"height\":1024},\"primaryImageOfPage\":{\"@id\":\"https:\\\/\\\/www.immo-invest.ch\\\/fr\\\/eroeffnung-des-neuen-innovationsparks-in-der-naehe-des-paul-scherrer-instituts\\\/#mainImage\"},\"datePublished\":\"2024-05-08T13:33:41+02:00\",\"dateModified\":\"2024-06-07T15:16:44+02:00\"},{\"@type\":\"WebSite\",\"@id\":\"https:\\\/\\\/www.immo-invest.ch\\\/fr\\\/#website\",\"url\":\"https:\\\/\\\/www.immo-invest.ch\\\/fr\\\/\",\"name\":\"immo!nvest - Die Plattform f\\u00fcr Standorte und Immobilien\",\"description\":\"Die\\u00a0Plattform f\\u00fcr Standorte und Immobilien\",\"inLanguage\":\"fr-FR\",\"publisher\":{\"@id\":\"https:\\\/\\\/www.immo-invest.ch\\\/fr\\\/#organization\"}}]}\n\t\t<\/script>\n\t\t<!-- All in One SEO -->\n\n","aioseo_head_json":{"title":"Inauguration du nouveau parc d\u2019innovation \u00e0 proximit\u00e9 de l\u2019Institut Paul Scherrer - immo!nvest - Die Plattform f\u00fcr Standorte und Immobilien","description":"En pr\u00e9sence de personnalit\u00e9s politiques et acad\u00e9miques de premier plan, le parc d'innovation Park Innovaare a \u00e9t\u00e9 inaugur\u00e9, offrant des infrastructures de recherche et de d\u00e9veloppement avanc\u00e9es pour une vari\u00e9t\u00e9 d'industries de haute technologie.","canonical_url":"https:\/\/www.immo-invest.ch\/fr\/eroeffnung-des-neuen-innovationsparks-in-der-naehe-des-paul-scherrer-instituts\/","robots":"max-image-preview:large","keywords":"","webmasterTools":{"google-site-verification":"fHJKvgWpZCR2zVBHWfkQeFXC11qieUSff0HGNYfuyLA","miscellaneous":""},"schema":{"@context":"https:\/\/schema.org","@graph":[{"@type":"BlogPosting","@id":"https:\/\/www.immo-invest.ch\/fr\/eroeffnung-des-neuen-innovationsparks-in-der-naehe-des-paul-scherrer-instituts\/#blogposting","name":"Inauguration du nouveau parc d\u2019innovation \u00e0 proximit\u00e9 de l\u2019Institut Paul Scherrer - immo!nvest - Die Plattform f\u00fcr Standorte und Immobilien","headline":"Inauguration du nouveau parc d&rsquo;innovation \u00e0 proximit\u00e9 de l&rsquo;Institut Paul Scherrer","author":{"@id":"https:\/\/www.immo-invest.ch\/fr\/author\/immovestuser\/#author"},"publisher":{"@id":"https:\/\/www.immo-invest.ch\/fr\/#organization"},"image":{"@type":"ImageObject","url":"https:\/\/www.immo-invest.ch\/wp-content\/uploads\/2024\/05\/Unbenannt-9.png","width":1792,"height":1024},"datePublished":"2024-05-08T13:33:41+02:00","dateModified":"2024-06-07T15:16:44+02:00","inLanguage":"fr-FR","mainEntityOfPage":{"@id":"https:\/\/www.immo-invest.ch\/fr\/eroeffnung-des-neuen-innovationsparks-in-der-naehe-des-paul-scherrer-instituts\/#webpage"},"isPartOf":{"@id":"https:\/\/www.immo-invest.ch\/fr\/eroeffnung-des-neuen-innovationsparks-in-der-naehe-des-paul-scherrer-instituts\/#webpage"},"articleSection":"Aargau, Durabilit\u00e9, immoNews, Projects, Forschung, Immoinvest, immoNews, Innovation, News, Technologie, Facultatif"},{"@type":"BreadcrumbList","@id":"https:\/\/www.immo-invest.ch\/fr\/eroeffnung-des-neuen-innovationsparks-in-der-naehe-des-paul-scherrer-instituts\/#breadcrumblist","itemListElement":[{"@type":"ListItem","@id":"https:\/\/www.immo-invest.ch\/fr\/#listItem","position":1,"name":"Home","item":"https:\/\/www.immo-invest.ch\/fr\/","nextItem":{"@type":"ListItem","@id":"https:\/\/www.immo-invest.ch\/fr\/categories\/regions\/#listItem","name":"R\u00e9gions"}},{"@type":"ListItem","@id":"https:\/\/www.immo-invest.ch\/fr\/categories\/regions\/#listItem","position":2,"name":"R\u00e9gions","item":"https:\/\/www.immo-invest.ch\/fr\/categories\/regions\/","nextItem":{"@type":"ListItem","@id":"https:\/\/www.immo-invest.ch\/fr\/categories\/regions\/suisse\/#listItem","name":"Suisse"},"previousItem":{"@type":"ListItem","@id":"https:\/\/www.immo-invest.ch\/fr\/#listItem","name":"Home"}},{"@type":"ListItem","@id":"https:\/\/www.immo-invest.ch\/fr\/categories\/regions\/suisse\/#listItem","position":3,"name":"Suisse","item":"https:\/\/www.immo-invest.ch\/fr\/categories\/regions\/suisse\/","nextItem":{"@type":"ListItem","@id":"https:\/\/www.immo-invest.ch\/fr\/categories\/regions\/suisse\/suisse-du-nord-ouest\/#listItem","name":"Suisse du Nord-Ouest"},"previousItem":{"@type":"ListItem","@id":"https:\/\/www.immo-invest.ch\/fr\/categories\/regions\/#listItem","name":"R\u00e9gions"}},{"@type":"ListItem","@id":"https:\/\/www.immo-invest.ch\/fr\/categories\/regions\/suisse\/suisse-du-nord-ouest\/#listItem","position":4,"name":"Suisse du Nord-Ouest","item":"https:\/\/www.immo-invest.ch\/fr\/categories\/regions\/suisse\/suisse-du-nord-ouest\/","nextItem":{"@type":"ListItem","@id":"https:\/\/www.immo-invest.ch\/fr\/categories\/regions\/suisse\/suisse-du-nord-ouest\/region-aarau\/#listItem","name":"Aargau"},"previousItem":{"@type":"ListItem","@id":"https:\/\/www.immo-invest.ch\/fr\/categories\/regions\/suisse\/#listItem","name":"Suisse"}},{"@type":"ListItem","@id":"https:\/\/www.immo-invest.ch\/fr\/categories\/regions\/suisse\/suisse-du-nord-ouest\/region-aarau\/#listItem","position":5,"name":"Aargau","item":"https:\/\/www.immo-invest.ch\/fr\/categories\/regions\/suisse\/suisse-du-nord-ouest\/region-aarau\/","nextItem":{"@type":"ListItem","@id":"https:\/\/www.immo-invest.ch\/fr\/eroeffnung-des-neuen-innovationsparks-in-der-naehe-des-paul-scherrer-instituts\/#listItem","name":"Inauguration du nouveau parc d&rsquo;innovation \u00e0 proximit\u00e9 de l&rsquo;Institut Paul Scherrer"},"previousItem":{"@type":"ListItem","@id":"https:\/\/www.immo-invest.ch\/fr\/categories\/regions\/suisse\/suisse-du-nord-ouest\/#listItem","name":"Suisse du Nord-Ouest"}},{"@type":"ListItem","@id":"https:\/\/www.immo-invest.ch\/fr\/eroeffnung-des-neuen-innovationsparks-in-der-naehe-des-paul-scherrer-instituts\/#listItem","position":6,"name":"Inauguration du nouveau parc d&rsquo;innovation \u00e0 proximit\u00e9 de l&rsquo;Institut Paul Scherrer","previousItem":{"@type":"ListItem","@id":"https:\/\/www.immo-invest.ch\/fr\/categories\/regions\/suisse\/suisse-du-nord-ouest\/region-aarau\/#listItem","name":"Aargau"}}]},{"@type":"Organization","@id":"https:\/\/www.immo-invest.ch\/fr\/#organization","name":"immo!nvest - Die Plattform f\u00fcr Standorte und Immobilien","description":"Die\u00a0Plattform f\u00fcr Standorte und Immobilien","url":"https:\/\/www.immo-invest.ch\/fr\/","email":"admin@immomedia.ag","telephone":"+41444420002","logo":{"@type":"ImageObject","url":"https:\/\/www.immo-invest.ch\/wp-content\/uploads\/2024\/09\/immoinvest_sm-scaled.jpg","@id":"https:\/\/www.immo-invest.ch\/fr\/eroeffnung-des-neuen-innovationsparks-in-der-naehe-des-paul-scherrer-instituts\/#organizationLogo","width":2560,"height":1340},"image":{"@id":"https:\/\/www.immo-invest.ch\/fr\/eroeffnung-des-neuen-innovationsparks-in-der-naehe-des-paul-scherrer-instituts\/#organizationLogo"},"sameAs":["https:\/\/www.facebook.com\/people\/Immoinvest\/100077962920504\/","https:\/\/x.com\/i\/flow\/login?redirect_after_login=immoinvest_ch","https:\/\/www.instagram.com\/immoinvest_ch\/","https:\/\/www.linkedin.com\/company\/immoinvest-swiss"]},{"@type":"Person","@id":"https:\/\/www.immo-invest.ch\/fr\/author\/immovestuser\/#author","url":"https:\/\/www.immo-invest.ch\/fr\/author\/immovestuser\/","name":"immovestuser","image":{"@type":"ImageObject","@id":"https:\/\/www.immo-invest.ch\/fr\/eroeffnung-des-neuen-innovationsparks-in-der-naehe-des-paul-scherrer-instituts\/#authorImage","url":"https:\/\/secure.gravatar.com\/avatar\/8e01f4d99f2eeea7a362ebb93305e1172a70e9293ba250f897a65c39f54cdd1e?s=96&d=mm&r=g","width":96,"height":96,"caption":"immovestuser"}},{"@type":"WebPage","@id":"https:\/\/www.immo-invest.ch\/fr\/eroeffnung-des-neuen-innovationsparks-in-der-naehe-des-paul-scherrer-instituts\/#webpage","url":"https:\/\/www.immo-invest.ch\/fr\/eroeffnung-des-neuen-innovationsparks-in-der-naehe-des-paul-scherrer-instituts\/","name":"Inauguration du nouveau parc d\u2019innovation \u00e0 proximit\u00e9 de l\u2019Institut Paul Scherrer - immo!nvest - Die Plattform f\u00fcr Standorte und Immobilien","description":"En pr\u00e9sence de personnalit\u00e9s politiques et acad\u00e9miques de premier plan, le parc d'innovation Park Innovaare a \u00e9t\u00e9 inaugur\u00e9, offrant des infrastructures de recherche et de d\u00e9veloppement avanc\u00e9es pour une vari\u00e9t\u00e9 d'industries de haute technologie.","inLanguage":"fr-FR","isPartOf":{"@id":"https:\/\/www.immo-invest.ch\/fr\/#website"},"breadcrumb":{"@id":"https:\/\/www.immo-invest.ch\/fr\/eroeffnung-des-neuen-innovationsparks-in-der-naehe-des-paul-scherrer-instituts\/#breadcrumblist"},"author":{"@id":"https:\/\/www.immo-invest.ch\/fr\/author\/immovestuser\/#author"},"creator":{"@id":"https:\/\/www.immo-invest.ch\/fr\/author\/immovestuser\/#author"},"image":{"@type":"ImageObject","url":"https:\/\/www.immo-invest.ch\/wp-content\/uploads\/2024\/05\/Unbenannt-9.png","@id":"https:\/\/www.immo-invest.ch\/fr\/eroeffnung-des-neuen-innovationsparks-in-der-naehe-des-paul-scherrer-instituts\/#mainImage","width":1792,"height":1024},"primaryImageOfPage":{"@id":"https:\/\/www.immo-invest.ch\/fr\/eroeffnung-des-neuen-innovationsparks-in-der-naehe-des-paul-scherrer-instituts\/#mainImage"},"datePublished":"2024-05-08T13:33:41+02:00","dateModified":"2024-06-07T15:16:44+02:00"},{"@type":"WebSite","@id":"https:\/\/www.immo-invest.ch\/fr\/#website","url":"https:\/\/www.immo-invest.ch\/fr\/","name":"immo!nvest - Die Plattform f\u00fcr Standorte und Immobilien","description":"Die\u00a0Plattform f\u00fcr Standorte und Immobilien","inLanguage":"fr-FR","publisher":{"@id":"https:\/\/www.immo-invest.ch\/fr\/#organization"}}]},"og:locale":"fr_FR","og:site_name":"immo!nvest - Die Plattform f\u00fcr Standorte und Immobilien - Die\u00a0Plattform f\u00fcr Standorte und Immobilien","og:type":"article","og:title":"Inauguration du nouveau parc d\u2019innovation \u00e0 proximit\u00e9 de l\u2019Institut Paul Scherrer - immo!nvest - Die Plattform f\u00fcr Standorte und Immobilien","og:description":"En pr\u00e9sence de personnalit\u00e9s politiques et acad\u00e9miques de premier plan, le parc d'innovation Park Innovaare a \u00e9t\u00e9 inaugur\u00e9, offrant des infrastructures de recherche et de d\u00e9veloppement avanc\u00e9es pour une vari\u00e9t\u00e9 d'industries de haute technologie.","og:url":"https:\/\/www.immo-invest.ch\/fr\/eroeffnung-des-neuen-innovationsparks-in-der-naehe-des-paul-scherrer-instituts\/","og:image":"https:\/\/www.immo-invest.ch\/wp-content\/uploads\/2024\/05\/Unbenannt-9.png","og:image:secure_url":"https:\/\/www.immo-invest.ch\/wp-content\/uploads\/2024\/05\/Unbenannt-9.png","og:image:width":1792,"og:image:height":1024,"article:published_time":"2024-05-08T11:33:41+00:00","article:modified_time":"2024-06-07T13:16:44+00:00","article:publisher":"https:\/\/www.facebook.com\/people\/Immoinvest\/100077962920504\/","twitter:card":"summary_large_image","twitter:site":"@i","twitter:title":"Inauguration du nouveau parc d\u2019innovation \u00e0 proximit\u00e9 de l\u2019Institut Paul Scherrer - immo!nvest - Die Plattform f\u00fcr Standorte und Immobilien","twitter:description":"En pr\u00e9sence de personnalit\u00e9s politiques et acad\u00e9miques de premier plan, le parc d'innovation Park Innovaare a \u00e9t\u00e9 inaugur\u00e9, offrant des infrastructures de recherche et de d\u00e9veloppement avanc\u00e9es pour une vari\u00e9t\u00e9 d'industries de haute technologie.","twitter:creator":"@i","twitter:image":"https:\/\/www.immo-invest.ch\/wp-content\/uploads\/2024\/05\/Unbenannt-9.png"},"aioseo_meta_data":{"post_id":"91298","title":null,"description":null,"keywords":null,"keyphrases":null,"primary_term":null,"canonical_url":null,"og_title":null,"og_description":null,"og_object_type":"default","og_image_type":"default","og_image_url":null,"og_image_width":null,"og_image_height":null,"og_image_custom_url":null,"og_image_custom_fields":null,"og_video":null,"og_custom_url":null,"og_article_section":null,"og_article_tags":null,"twitter_use_og":false,"twitter_card":"default","twitter_image_type":"default","twitter_image_url":null,"twitter_image_custom_url":null,"twitter_image_custom_fields":null,"twitter_title":null,"twitter_description":null,"schema":{"blockGraphs":[],"customGraphs":[],"default":{"data":{"Article":[],"Course":[],"Dataset":[],"FAQPage":[],"Movie":[],"Person":[],"Product":[],"ProductReview":[],"Car":[],"Recipe":[],"Service":[],"SoftwareApplication":[],"WebPage":[]},"graphName":"","isEnabled":true},"graphs":[]},"schema_type":"default","schema_type_options":null,"pillar_content":false,"robots_default":true,"robots_noindex":false,"robots_noarchive":false,"robots_nosnippet":false,"robots_nofollow":false,"robots_noimageindex":false,"robots_noodp":false,"robots_notranslate":false,"robots_max_snippet":null,"robots_max_videopreview":null,"robots_max_imagepreview":"large","priority":null,"frequency":null,"local_seo":null,"breadcrumb_settings":null,"limit_modified_date":false,"ai":null,"created":"2024-09-20 19:32:58","updated":"2025-10-24 01:51:12","seo_analyzer_scan_date":null,"focus_keyword":null,"additional_keywords":null,"truseo_locale":null},"aioseo_breadcrumb":"<div class=\"aioseo-breadcrumbs\"><span class=\"aioseo-breadcrumb\">\n\t\t\t<a href=\"https:\/\/www.immo-invest.ch\/fr\/\" title=\"Home\">Home<\/a>\n\t\t<\/span><span class=\"aioseo-breadcrumb-separator\">&raquo;<\/span><span class=\"aioseo-breadcrumb\">\n\t\t\t<a href=\"https:\/\/www.immo-invest.ch\/fr\/categories\/regions\/\" title=\"R\u00e9gions\">R\u00e9gions<\/a>\n\t\t<\/span><span class=\"aioseo-breadcrumb-separator\">&raquo;<\/span><span class=\"aioseo-breadcrumb\">\n\t\t\t<a href=\"https:\/\/www.immo-invest.ch\/fr\/categories\/regions\/suisse\/\" title=\"Suisse\">Suisse<\/a>\n\t\t<\/span><span class=\"aioseo-breadcrumb-separator\">&raquo;<\/span><span class=\"aioseo-breadcrumb\">\n\t\t\t<a href=\"https:\/\/www.immo-invest.ch\/fr\/categories\/regions\/suisse\/suisse-du-nord-ouest\/\" title=\"Suisse du Nord-Ouest\">Suisse du Nord-Ouest<\/a>\n\t\t<\/span><span class=\"aioseo-breadcrumb-separator\">&raquo;<\/span><span class=\"aioseo-breadcrumb\">\n\t\t\t<a href=\"https:\/\/www.immo-invest.ch\/fr\/categories\/regions\/suisse\/suisse-du-nord-ouest\/region-aarau\/\" title=\"Aargau\">Aargau<\/a>\n\t\t<\/span><span class=\"aioseo-breadcrumb-separator\">&raquo;<\/span><span class=\"aioseo-breadcrumb\">\n\t\t\tInauguration du nouveau parc d\u2019innovation \u00e0 proximit\u00e9 de l\u2019Institut Paul Scherrer\n\t\t<\/span><\/div>","aioseo_breadcrumb_json":[{"label":"Home","link":"https:\/\/www.immo-invest.ch\/fr\/"},{"label":"R\u00e9gions","link":"https:\/\/www.immo-invest.ch\/fr\/categories\/regions\/"},{"label":"Suisse","link":"https:\/\/www.immo-invest.ch\/fr\/categories\/regions\/suisse\/"},{"label":"Suisse du Nord-Ouest","link":"https:\/\/www.immo-invest.ch\/fr\/categories\/regions\/suisse\/suisse-du-nord-ouest\/"},{"label":"Aargau","link":"https:\/\/www.immo-invest.ch\/fr\/categories\/regions\/suisse\/suisse-du-nord-ouest\/region-aarau\/"},{"label":"Inauguration du nouveau parc d&rsquo;innovation \u00e0 proximit\u00e9 de l&rsquo;Institut Paul Scherrer","link":"https:\/\/www.immo-invest.ch\/fr\/eroeffnung-des-neuen-innovationsparks-in-der-naehe-des-paul-scherrer-instituts\/"}],"featured_image_src":"https:\/\/www.immo-invest.ch\/wp-content\/uploads\/2024\/05\/Unbenannt-9-336x168.png","_links":{"self":[{"href":"https:\/\/www.immo-invest.ch\/fr\/wp-json\/wp\/v2\/posts\/91298","targetHints":{"allow":["GET"]}}],"collection":[{"href":"https:\/\/www.immo-invest.ch\/fr\/wp-json\/wp\/v2\/posts"}],"about":[{"href":"https:\/\/www.immo-invest.ch\/fr\/wp-json\/wp\/v2\/types\/post"}],"author":[{"embeddable":true,"href":"https:\/\/www.immo-invest.ch\/fr\/wp-json\/wp\/v2\/users\/2"}],"replies":[{"embeddable":true,"href":"https:\/\/www.immo-invest.ch\/fr\/wp-json\/wp\/v2\/comments?post=91298"}],"version-history":[{"count":0,"href":"https:\/\/www.immo-invest.ch\/fr\/wp-json\/wp\/v2\/posts\/91298\/revisions"}],"wp:featuredmedia":[{"embeddable":true,"href":"https:\/\/www.immo-invest.ch\/fr\/wp-json\/wp\/v2\/media\/91293"}],"wp:attachment":[{"href":"https:\/\/www.immo-invest.ch\/fr\/wp-json\/wp\/v2\/media?parent=91298"}],"wp:term":[{"taxonomy":"category","embeddable":true,"href":"https:\/\/www.immo-invest.ch\/fr\/wp-json\/wp\/v2\/categories?post=91298"},{"taxonomy":"post_tag","embeddable":true,"href":"https:\/\/www.immo-invest.ch\/fr\/wp-json\/wp\/v2\/tags?post=91298"}],"curies":[{"name":"wp","href":"https:\/\/api.w.org\/{rel}","templated":true}]}}