{"id":89792,"date":"2024-05-02T13:09:49","date_gmt":"2024-05-02T11:09:49","guid":{"rendered":"https:\/\/www.immo-invest.ch\/?p=89792"},"modified":"2024-06-07T15:49:25","modified_gmt":"2024-06-07T13:49:25","slug":"region-basel-wird-zum-drehkreuz-fuer-wasserstoff","status":"publish","type":"post","link":"https:\/\/www.immo-invest.ch\/fr\/region-basel-wird-zum-drehkreuz-fuer-wasserstoff\/","title":{"rendered":"La r\u00e9gion de B\u00e2le devient une plaque tournante pour l&rsquo;hydrog\u00e8ne"},"content":{"rendered":"<p class=\"bodytext\"><a href=\"https:\/\/www.h2-hub.swiss\/\" target=\"_blank\" rel=\"noopener\">H2-HUB Suisse<\/a>, une association &eacute;conomique bas&eacute;e &agrave; B&acirc;le et fond&eacute;e en f&eacute;vrier, veut faire de la r&eacute;gion de B&acirc;le une plaque tournante de l&rsquo;hydrog&egrave;ne dans le pays. Comme l&rsquo;indique un <a href=\"https:\/\/www.hkbb.ch\/de\/standortpolitik\/energie-und-umwelt\/Region_Basel_wird_Wasserstoff_Hub_der_Schweiz.php\" target=\"_blank\" rel=\"noopener\">communiqu&eacute; de presse<\/a>, de l&rsquo;hydrog&egrave;ne vert sera produit &agrave; partir d&rsquo;&eacute;nergie solaire, hydraulique et &eacute;olienne et distribu&eacute; dans toute la Suisse. Cela devrait contribuer &agrave; l&rsquo;objectif de neutralit&eacute; climatique de la Suisse.<\/p>\n<p class=\"bodytext\">&laquo;&nbsp;L&rsquo;UE fait r&eacute;solument avancer le d&eacute;veloppement d&rsquo;une &eacute;conomie de l&rsquo;hydrog&egrave;ne depuis des ann&eacute;es&nbsp;&raquo;, d&eacute;clare Dirk Mulzer, COO des services industriels de B&acirc;le<a href=\"https:\/\/www.iwb.ch\/\" target=\"_blank\" rel=\"noopener\">(IWB<\/a>), cit&eacute; dans le communiqu&eacute;. &laquo;&nbsp;Des programmes de soutien ont d&eacute;j&agrave; &eacute;t&eacute; lanc&eacute;s &agrave; cet effet dans toute l&rsquo;Europe. La Suisse ne doit pas rater le coche&nbsp;&raquo;<\/p>\n<p class=\"bodytext\">En f&eacute;vrier 2024, IWB, l&rsquo;exploitant de stations-service <a href=\"https:\/\/www.fmag.ch\/\" target=\"_blank\" rel=\"noopener\">Fritz Meyer AG\/AVIA<\/a>, <a href=\"https:\/\/www.getec.swiss\/de\/\" target=\"_blank\" rel=\"noopener\">GETEC<\/a>, <a href=\"https:\/\/port-of-switzerland.ch\/\" target=\"_blank\" rel=\"noopener\">Port of Switzerland<\/a>, le groupe &eacute;nerg&eacute;tique <a href=\"https:\/\/www.varoenergy.com\/en\/home\/\" target=\"_blank\" rel=\"noopener\">VARO<\/a> et la <a href=\"https:\/\/www.hkbb.ch\/de\/home\/\" target=\"_blank\" rel=\"noopener\">Chambre de commerce des deux B&acirc;le<\/a> ont donc fond&eacute; l&rsquo;association H2-HUB Suisse &agrave; B&acirc;le. L&rsquo;objectif de l&rsquo;association est de faire des ports rh&eacute;nans de Muttenz BL et de Birsfelden BL un centre de production, d&rsquo;importation et de distribution d&rsquo;hydrog&egrave;ne pour la Suisse.<\/p>\n","protected":false},"excerpt":{"rendered":"<p>La nouvelle association \u00e9conomique H2-HUB Suisse pr\u00e9voit de transformer la r\u00e9gion de B\u00e2le en un centre de l&rsquo;hydrog\u00e8ne de premier plan, produisant de l&rsquo;hydrog\u00e8ne vert \u00e0 partir de sources d&rsquo;\u00e9nergie renouvelables et le distribuant \u00e0 l&rsquo;\u00e9chelle nationale pour promouvoir la neutralit\u00e9 climatique de la Suisse.<\/p>\n","protected":false},"author":2,"featured_media":89787,"comment_status":"open","ping_status":"open","sticky":false,"template":"","format":"standard","meta":{"pmpro_default_level":"","inline_featured_image":false,"_monsterinsights_skip_tracking":false,"footnotes":""},"categories":[9438,22699,8747,743],"tags":[40239,872,3931,44704,2002,46286],"class_list":["post-89792","post","type-post","status-publish","format-standard","has-post-thumbnail","hentry","category-region-bale","category-durabilite","category-energie","category-immonews-fr","tag-erneuerbare-energien-fr","tag-immoinvest-fr","tag-immonews-fr","tag-klimaneutralitaet-fr","tag-news-fr","tag-wasserstoffwirtschaft-fr","pmpro-has-access"],"acf":{"bild_mit_ki_erstellt_worden":[],"lead":"La nouvelle association \u00e9conomique H2-HUB Suisse pr\u00e9voit de transformer la r\u00e9gion de B\u00e2le en un centre de l'hydrog\u00e8ne de premier plan, produisant de l'hydrog\u00e8ne vert \u00e0 partir de sources d'\u00e9nergie renouvelables et le distribuant \u00e0 l'\u00e9chelle nationale pour promouvoir la neutralit\u00e9 climatique de la Suisse.","autor":"ce\/eb","ort":"Basel","bildunterschrift":"","bild_im_grid":false,"gallerie":"","newsim":""},"aioseo_notices":[],"aioseo_head":"\n\t\t<!-- All in One SEO 5.0.1.1 - aioseo.com -->\n\t<meta name=\"description\" content=\"La nouvelle association \u00e9conomique H2-HUB Suisse pr\u00e9voit de transformer la r\u00e9gion de B\u00e2le en un centre de l&#039;hydrog\u00e8ne de premier plan, produisant de l&#039;hydrog\u00e8ne vert \u00e0 partir de sources d&#039;\u00e9nergie renouvelables et le distribuant \u00e0 l&#039;\u00e9chelle nationale pour promouvoir la neutralit\u00e9 climatique de la Suisse.\" \/>\n\t<meta name=\"robots\" content=\"max-image-preview:large\" \/>\n\t<meta name=\"author\" content=\"immovestuser\"\/>\n\t<meta name=\"google-site-verification\" content=\"fHJKvgWpZCR2zVBHWfkQeFXC11qieUSff0HGNYfuyLA\" \/>\n\t<link rel=\"canonical\" href=\"https:\/\/www.immo-invest.ch\/fr\/region-basel-wird-zum-drehkreuz-fuer-wasserstoff\/\" \/>\n\t<meta name=\"generator\" content=\"All in One SEO (AIOSEO) 5.0.1.1\" \/>\n\t\t<meta property=\"og:locale\" content=\"fr_FR\" \/>\n\t\t<meta property=\"og:site_name\" content=\"immo!nvest - Die Plattform f\u00fcr Standorte und Immobilien - Die\u00a0Plattform f\u00fcr Standorte und Immobilien\" \/>\n\t\t<meta property=\"og:type\" content=\"article\" \/>\n\t\t<meta property=\"og:title\" content=\"La r\u00e9gion de B\u00e2le devient une plaque tournante pour l\u2019hydrog\u00e8ne - immo!nvest - Die Plattform f\u00fcr Standorte und Immobilien\" \/>\n\t\t<meta property=\"og:description\" content=\"La nouvelle association \u00e9conomique H2-HUB Suisse pr\u00e9voit de transformer la r\u00e9gion de B\u00e2le en un centre de l&#039;hydrog\u00e8ne de premier plan, produisant de l&#039;hydrog\u00e8ne vert \u00e0 partir de sources d&#039;\u00e9nergie renouvelables et le distribuant \u00e0 l&#039;\u00e9chelle nationale pour promouvoir la neutralit\u00e9 climatique de la Suisse.\" \/>\n\t\t<meta property=\"og:url\" content=\"https:\/\/www.immo-invest.ch\/fr\/region-basel-wird-zum-drehkreuz-fuer-wasserstoff\/\" \/>\n\t\t<meta property=\"og:image\" content=\"https:\/\/www.immo-invest.ch\/wp-content\/uploads\/2024\/05\/Unbenannt-2.png\" \/>\n\t\t<meta property=\"og:image:secure_url\" content=\"https:\/\/www.immo-invest.ch\/wp-content\/uploads\/2024\/05\/Unbenannt-2.png\" \/>\n\t\t<meta property=\"og:image:width\" content=\"1792\" \/>\n\t\t<meta property=\"og:image:height\" content=\"1024\" \/>\n\t\t<meta property=\"article:published_time\" content=\"2024-05-02T11:09:49+00:00\" \/>\n\t\t<meta property=\"article:modified_time\" content=\"2024-06-07T13:49:25+00:00\" \/>\n\t\t<meta property=\"article:publisher\" content=\"https:\/\/www.facebook.com\/people\/Immoinvest\/100077962920504\/\" \/>\n\t\t<meta name=\"twitter:card\" content=\"summary_large_image\" \/>\n\t\t<meta name=\"twitter:site\" content=\"@i\" \/>\n\t\t<meta name=\"twitter:title\" content=\"La r\u00e9gion de B\u00e2le devient une plaque tournante pour l\u2019hydrog\u00e8ne - immo!nvest - Die Plattform f\u00fcr Standorte und Immobilien\" \/>\n\t\t<meta name=\"twitter:description\" content=\"La nouvelle association \u00e9conomique H2-HUB Suisse pr\u00e9voit de transformer la r\u00e9gion de B\u00e2le en un centre de l&#039;hydrog\u00e8ne de premier plan, produisant de l&#039;hydrog\u00e8ne vert \u00e0 partir de sources d&#039;\u00e9nergie renouvelables et le distribuant \u00e0 l&#039;\u00e9chelle nationale pour promouvoir la neutralit\u00e9 climatique de la Suisse.\" \/>\n\t\t<meta name=\"twitter:creator\" content=\"@i\" \/>\n\t\t<meta name=\"twitter:image\" content=\"https:\/\/www.immo-invest.ch\/wp-content\/uploads\/2024\/05\/Unbenannt-2.png\" \/>\n\t\t<script type=\"application\/ld+json\" class=\"aioseo-schema\">\n\t\t\t{\"@context\":\"https:\\\/\\\/schema.org\",\"@graph\":[{\"@type\":\"BlogPosting\",\"@id\":\"https:\\\/\\\/www.immo-invest.ch\\\/fr\\\/region-basel-wird-zum-drehkreuz-fuer-wasserstoff\\\/#blogposting\",\"name\":\"La r\\u00e9gion de B\\u00e2le devient une plaque tournante pour l\\u2019hydrog\\u00e8ne - immo!nvest - Die Plattform f\\u00fcr Standorte und Immobilien\",\"headline\":\"La r\\u00e9gion de B\\u00e2le devient une plaque tournante pour l&rsquo;hydrog\\u00e8ne\",\"author\":{\"@id\":\"https:\\\/\\\/www.immo-invest.ch\\\/fr\\\/author\\\/immovestuser\\\/#author\"},\"publisher\":{\"@id\":\"https:\\\/\\\/www.immo-invest.ch\\\/fr\\\/#organization\"},\"image\":{\"@type\":\"ImageObject\",\"url\":\"https:\\\/\\\/www.immo-invest.ch\\\/wp-content\\\/uploads\\\/2024\\\/05\\\/Unbenannt-2.png\",\"width\":1792,\"height\":1024},\"datePublished\":\"2024-05-02T13:09:49+02:00\",\"dateModified\":\"2024-06-07T15:49:25+02:00\",\"inLanguage\":\"fr-FR\",\"mainEntityOfPage\":{\"@id\":\"https:\\\/\\\/www.immo-invest.ch\\\/fr\\\/region-basel-wird-zum-drehkreuz-fuer-wasserstoff\\\/#webpage\"},\"isPartOf\":{\"@id\":\"https:\\\/\\\/www.immo-invest.ch\\\/fr\\\/region-basel-wird-zum-drehkreuz-fuer-wasserstoff\\\/#webpage\"},\"articleSection\":\"B\\u00e2le, Durabilit\\u00e9, \\u00c9nergie, immoNews, Erneuerbare Energien, Immoinvest, immoNews, Klimaneutralit\\u00e4t, News, Wasserstoffwirtschaft, Facultatif\"},{\"@type\":\"BreadcrumbList\",\"@id\":\"https:\\\/\\\/www.immo-invest.ch\\\/fr\\\/region-basel-wird-zum-drehkreuz-fuer-wasserstoff\\\/#breadcrumblist\",\"itemListElement\":[{\"@type\":\"ListItem\",\"@id\":\"https:\\\/\\\/www.immo-invest.ch\\\/fr\\\/#listItem\",\"position\":1,\"name\":\"Home\",\"item\":\"https:\\\/\\\/www.immo-invest.ch\\\/fr\\\/\",\"nextItem\":{\"@type\":\"ListItem\",\"@id\":\"https:\\\/\\\/www.immo-invest.ch\\\/fr\\\/categories\\\/regions\\\/#listItem\",\"name\":\"R\\u00e9gions\"}},{\"@type\":\"ListItem\",\"@id\":\"https:\\\/\\\/www.immo-invest.ch\\\/fr\\\/categories\\\/regions\\\/#listItem\",\"position\":2,\"name\":\"R\\u00e9gions\",\"item\":\"https:\\\/\\\/www.immo-invest.ch\\\/fr\\\/categories\\\/regions\\\/\",\"nextItem\":{\"@type\":\"ListItem\",\"@id\":\"https:\\\/\\\/www.immo-invest.ch\\\/fr\\\/categories\\\/regions\\\/suisse\\\/#listItem\",\"name\":\"Suisse\"},\"previousItem\":{\"@type\":\"ListItem\",\"@id\":\"https:\\\/\\\/www.immo-invest.ch\\\/fr\\\/#listItem\",\"name\":\"Home\"}},{\"@type\":\"ListItem\",\"@id\":\"https:\\\/\\\/www.immo-invest.ch\\\/fr\\\/categories\\\/regions\\\/suisse\\\/#listItem\",\"position\":3,\"name\":\"Suisse\",\"item\":\"https:\\\/\\\/www.immo-invest.ch\\\/fr\\\/categories\\\/regions\\\/suisse\\\/\",\"nextItem\":{\"@type\":\"ListItem\",\"@id\":\"https:\\\/\\\/www.immo-invest.ch\\\/fr\\\/categories\\\/regions\\\/suisse\\\/suisse-du-nord-ouest\\\/#listItem\",\"name\":\"Suisse du Nord-Ouest\"},\"previousItem\":{\"@type\":\"ListItem\",\"@id\":\"https:\\\/\\\/www.immo-invest.ch\\\/fr\\\/categories\\\/regions\\\/#listItem\",\"name\":\"R\\u00e9gions\"}},{\"@type\":\"ListItem\",\"@id\":\"https:\\\/\\\/www.immo-invest.ch\\\/fr\\\/categories\\\/regions\\\/suisse\\\/suisse-du-nord-ouest\\\/#listItem\",\"position\":4,\"name\":\"Suisse du Nord-Ouest\",\"item\":\"https:\\\/\\\/www.immo-invest.ch\\\/fr\\\/categories\\\/regions\\\/suisse\\\/suisse-du-nord-ouest\\\/\",\"nextItem\":{\"@type\":\"ListItem\",\"@id\":\"https:\\\/\\\/www.immo-invest.ch\\\/fr\\\/categories\\\/regions\\\/suisse\\\/suisse-du-nord-ouest\\\/region-bale\\\/#listItem\",\"name\":\"B\\u00e2le\"},\"previousItem\":{\"@type\":\"ListItem\",\"@id\":\"https:\\\/\\\/www.immo-invest.ch\\\/fr\\\/categories\\\/regions\\\/suisse\\\/#listItem\",\"name\":\"Suisse\"}},{\"@type\":\"ListItem\",\"@id\":\"https:\\\/\\\/www.immo-invest.ch\\\/fr\\\/categories\\\/regions\\\/suisse\\\/suisse-du-nord-ouest\\\/region-bale\\\/#listItem\",\"position\":5,\"name\":\"B\\u00e2le\",\"item\":\"https:\\\/\\\/www.immo-invest.ch\\\/fr\\\/categories\\\/regions\\\/suisse\\\/suisse-du-nord-ouest\\\/region-bale\\\/\",\"nextItem\":{\"@type\":\"ListItem\",\"@id\":\"https:\\\/\\\/www.immo-invest.ch\\\/fr\\\/region-basel-wird-zum-drehkreuz-fuer-wasserstoff\\\/#listItem\",\"name\":\"La r\\u00e9gion de B\\u00e2le devient une plaque tournante pour l&rsquo;hydrog\\u00e8ne\"},\"previousItem\":{\"@type\":\"ListItem\",\"@id\":\"https:\\\/\\\/www.immo-invest.ch\\\/fr\\\/categories\\\/regions\\\/suisse\\\/suisse-du-nord-ouest\\\/#listItem\",\"name\":\"Suisse du Nord-Ouest\"}},{\"@type\":\"ListItem\",\"@id\":\"https:\\\/\\\/www.immo-invest.ch\\\/fr\\\/region-basel-wird-zum-drehkreuz-fuer-wasserstoff\\\/#listItem\",\"position\":6,\"name\":\"La r\\u00e9gion de B\\u00e2le devient une plaque tournante pour l&rsquo;hydrog\\u00e8ne\",\"previousItem\":{\"@type\":\"ListItem\",\"@id\":\"https:\\\/\\\/www.immo-invest.ch\\\/fr\\\/categories\\\/regions\\\/suisse\\\/suisse-du-nord-ouest\\\/region-bale\\\/#listItem\",\"name\":\"B\\u00e2le\"}}]},{\"@type\":\"Organization\",\"@id\":\"https:\\\/\\\/www.immo-invest.ch\\\/fr\\\/#organization\",\"name\":\"immo!nvest - Die Plattform f\\u00fcr Standorte und Immobilien\",\"description\":\"Die\\u00a0Plattform f\\u00fcr Standorte und Immobilien\",\"url\":\"https:\\\/\\\/www.immo-invest.ch\\\/fr\\\/\",\"email\":\"admin@immomedia.ag\",\"telephone\":\"+41444420002\",\"logo\":{\"@type\":\"ImageObject\",\"url\":\"https:\\\/\\\/www.immo-invest.ch\\\/wp-content\\\/uploads\\\/2024\\\/09\\\/immoinvest_sm-scaled.jpg\",\"@id\":\"https:\\\/\\\/www.immo-invest.ch\\\/fr\\\/region-basel-wird-zum-drehkreuz-fuer-wasserstoff\\\/#organizationLogo\",\"width\":2560,\"height\":1340},\"image\":{\"@id\":\"https:\\\/\\\/www.immo-invest.ch\\\/fr\\\/region-basel-wird-zum-drehkreuz-fuer-wasserstoff\\\/#organizationLogo\"},\"sameAs\":[\"https:\\\/\\\/www.facebook.com\\\/people\\\/Immoinvest\\\/100077962920504\\\/\",\"https:\\\/\\\/x.com\\\/i\\\/flow\\\/login?redirect_after_login=immoinvest_ch\",\"https:\\\/\\\/www.instagram.com\\\/immoinvest_ch\\\/\",\"https:\\\/\\\/www.linkedin.com\\\/company\\\/immoinvest-swiss\"]},{\"@type\":\"Person\",\"@id\":\"https:\\\/\\\/www.immo-invest.ch\\\/fr\\\/author\\\/immovestuser\\\/#author\",\"url\":\"https:\\\/\\\/www.immo-invest.ch\\\/fr\\\/author\\\/immovestuser\\\/\",\"name\":\"immovestuser\",\"image\":{\"@type\":\"ImageObject\",\"@id\":\"https:\\\/\\\/www.immo-invest.ch\\\/fr\\\/region-basel-wird-zum-drehkreuz-fuer-wasserstoff\\\/#authorImage\",\"url\":\"https:\\\/\\\/secure.gravatar.com\\\/avatar\\\/8e01f4d99f2eeea7a362ebb93305e1172a70e9293ba250f897a65c39f54cdd1e?s=96&d=mm&r=g\",\"width\":96,\"height\":96,\"caption\":\"immovestuser\"}},{\"@type\":\"WebPage\",\"@id\":\"https:\\\/\\\/www.immo-invest.ch\\\/fr\\\/region-basel-wird-zum-drehkreuz-fuer-wasserstoff\\\/#webpage\",\"url\":\"https:\\\/\\\/www.immo-invest.ch\\\/fr\\\/region-basel-wird-zum-drehkreuz-fuer-wasserstoff\\\/\",\"name\":\"La r\\u00e9gion de B\\u00e2le devient une plaque tournante pour l\\u2019hydrog\\u00e8ne - immo!nvest - Die Plattform f\\u00fcr Standorte und Immobilien\",\"description\":\"La nouvelle association \\u00e9conomique H2-HUB Suisse pr\\u00e9voit de transformer la r\\u00e9gion de B\\u00e2le en un centre de l'hydrog\\u00e8ne de premier plan, produisant de l'hydrog\\u00e8ne vert \\u00e0 partir de sources d'\\u00e9nergie renouvelables et le distribuant \\u00e0 l'\\u00e9chelle nationale pour promouvoir la neutralit\\u00e9 climatique de la Suisse.\",\"inLanguage\":\"fr-FR\",\"isPartOf\":{\"@id\":\"https:\\\/\\\/www.immo-invest.ch\\\/fr\\\/#website\"},\"breadcrumb\":{\"@id\":\"https:\\\/\\\/www.immo-invest.ch\\\/fr\\\/region-basel-wird-zum-drehkreuz-fuer-wasserstoff\\\/#breadcrumblist\"},\"author\":{\"@id\":\"https:\\\/\\\/www.immo-invest.ch\\\/fr\\\/author\\\/immovestuser\\\/#author\"},\"creator\":{\"@id\":\"https:\\\/\\\/www.immo-invest.ch\\\/fr\\\/author\\\/immovestuser\\\/#author\"},\"image\":{\"@type\":\"ImageObject\",\"url\":\"https:\\\/\\\/www.immo-invest.ch\\\/wp-content\\\/uploads\\\/2024\\\/05\\\/Unbenannt-2.png\",\"@id\":\"https:\\\/\\\/www.immo-invest.ch\\\/fr\\\/region-basel-wird-zum-drehkreuz-fuer-wasserstoff\\\/#mainImage\",\"width\":1792,\"height\":1024},\"primaryImageOfPage\":{\"@id\":\"https:\\\/\\\/www.immo-invest.ch\\\/fr\\\/region-basel-wird-zum-drehkreuz-fuer-wasserstoff\\\/#mainImage\"},\"datePublished\":\"2024-05-02T13:09:49+02:00\",\"dateModified\":\"2024-06-07T15:49:25+02:00\"},{\"@type\":\"WebSite\",\"@id\":\"https:\\\/\\\/www.immo-invest.ch\\\/fr\\\/#website\",\"url\":\"https:\\\/\\\/www.immo-invest.ch\\\/fr\\\/\",\"name\":\"immo!nvest - Die Plattform f\\u00fcr Standorte und Immobilien\",\"description\":\"Die\\u00a0Plattform f\\u00fcr Standorte und Immobilien\",\"inLanguage\":\"fr-FR\",\"publisher\":{\"@id\":\"https:\\\/\\\/www.immo-invest.ch\\\/fr\\\/#organization\"}}]}\n\t\t<\/script>\n\t\t<!-- All in One SEO -->\n\n","aioseo_head_json":{"title":"La r\u00e9gion de B\u00e2le devient une plaque tournante pour l\u2019hydrog\u00e8ne - immo!nvest - Die Plattform f\u00fcr Standorte und Immobilien","description":"La nouvelle association \u00e9conomique H2-HUB Suisse pr\u00e9voit de transformer la r\u00e9gion de B\u00e2le en un centre de l'hydrog\u00e8ne de premier plan, produisant de l'hydrog\u00e8ne vert \u00e0 partir de sources d'\u00e9nergie renouvelables et le distribuant \u00e0 l'\u00e9chelle nationale pour promouvoir la neutralit\u00e9 climatique de la Suisse.","canonical_url":"https:\/\/www.immo-invest.ch\/fr\/region-basel-wird-zum-drehkreuz-fuer-wasserstoff\/","robots":"max-image-preview:large","keywords":"","webmasterTools":{"google-site-verification":"fHJKvgWpZCR2zVBHWfkQeFXC11qieUSff0HGNYfuyLA","miscellaneous":""},"schema":{"@context":"https:\/\/schema.org","@graph":[{"@type":"BlogPosting","@id":"https:\/\/www.immo-invest.ch\/fr\/region-basel-wird-zum-drehkreuz-fuer-wasserstoff\/#blogposting","name":"La r\u00e9gion de B\u00e2le devient une plaque tournante pour l\u2019hydrog\u00e8ne - immo!nvest - Die Plattform f\u00fcr Standorte und Immobilien","headline":"La r\u00e9gion de B\u00e2le devient une plaque tournante pour l&rsquo;hydrog\u00e8ne","author":{"@id":"https:\/\/www.immo-invest.ch\/fr\/author\/immovestuser\/#author"},"publisher":{"@id":"https:\/\/www.immo-invest.ch\/fr\/#organization"},"image":{"@type":"ImageObject","url":"https:\/\/www.immo-invest.ch\/wp-content\/uploads\/2024\/05\/Unbenannt-2.png","width":1792,"height":1024},"datePublished":"2024-05-02T13:09:49+02:00","dateModified":"2024-06-07T15:49:25+02:00","inLanguage":"fr-FR","mainEntityOfPage":{"@id":"https:\/\/www.immo-invest.ch\/fr\/region-basel-wird-zum-drehkreuz-fuer-wasserstoff\/#webpage"},"isPartOf":{"@id":"https:\/\/www.immo-invest.ch\/fr\/region-basel-wird-zum-drehkreuz-fuer-wasserstoff\/#webpage"},"articleSection":"B\u00e2le, Durabilit\u00e9, \u00c9nergie, immoNews, Erneuerbare Energien, Immoinvest, immoNews, Klimaneutralit\u00e4t, News, Wasserstoffwirtschaft, Facultatif"},{"@type":"BreadcrumbList","@id":"https:\/\/www.immo-invest.ch\/fr\/region-basel-wird-zum-drehkreuz-fuer-wasserstoff\/#breadcrumblist","itemListElement":[{"@type":"ListItem","@id":"https:\/\/www.immo-invest.ch\/fr\/#listItem","position":1,"name":"Home","item":"https:\/\/www.immo-invest.ch\/fr\/","nextItem":{"@type":"ListItem","@id":"https:\/\/www.immo-invest.ch\/fr\/categories\/regions\/#listItem","name":"R\u00e9gions"}},{"@type":"ListItem","@id":"https:\/\/www.immo-invest.ch\/fr\/categories\/regions\/#listItem","position":2,"name":"R\u00e9gions","item":"https:\/\/www.immo-invest.ch\/fr\/categories\/regions\/","nextItem":{"@type":"ListItem","@id":"https:\/\/www.immo-invest.ch\/fr\/categories\/regions\/suisse\/#listItem","name":"Suisse"},"previousItem":{"@type":"ListItem","@id":"https:\/\/www.immo-invest.ch\/fr\/#listItem","name":"Home"}},{"@type":"ListItem","@id":"https:\/\/www.immo-invest.ch\/fr\/categories\/regions\/suisse\/#listItem","position":3,"name":"Suisse","item":"https:\/\/www.immo-invest.ch\/fr\/categories\/regions\/suisse\/","nextItem":{"@type":"ListItem","@id":"https:\/\/www.immo-invest.ch\/fr\/categories\/regions\/suisse\/suisse-du-nord-ouest\/#listItem","name":"Suisse du Nord-Ouest"},"previousItem":{"@type":"ListItem","@id":"https:\/\/www.immo-invest.ch\/fr\/categories\/regions\/#listItem","name":"R\u00e9gions"}},{"@type":"ListItem","@id":"https:\/\/www.immo-invest.ch\/fr\/categories\/regions\/suisse\/suisse-du-nord-ouest\/#listItem","position":4,"name":"Suisse du Nord-Ouest","item":"https:\/\/www.immo-invest.ch\/fr\/categories\/regions\/suisse\/suisse-du-nord-ouest\/","nextItem":{"@type":"ListItem","@id":"https:\/\/www.immo-invest.ch\/fr\/categories\/regions\/suisse\/suisse-du-nord-ouest\/region-bale\/#listItem","name":"B\u00e2le"},"previousItem":{"@type":"ListItem","@id":"https:\/\/www.immo-invest.ch\/fr\/categories\/regions\/suisse\/#listItem","name":"Suisse"}},{"@type":"ListItem","@id":"https:\/\/www.immo-invest.ch\/fr\/categories\/regions\/suisse\/suisse-du-nord-ouest\/region-bale\/#listItem","position":5,"name":"B\u00e2le","item":"https:\/\/www.immo-invest.ch\/fr\/categories\/regions\/suisse\/suisse-du-nord-ouest\/region-bale\/","nextItem":{"@type":"ListItem","@id":"https:\/\/www.immo-invest.ch\/fr\/region-basel-wird-zum-drehkreuz-fuer-wasserstoff\/#listItem","name":"La r\u00e9gion de B\u00e2le devient une plaque tournante pour l&rsquo;hydrog\u00e8ne"},"previousItem":{"@type":"ListItem","@id":"https:\/\/www.immo-invest.ch\/fr\/categories\/regions\/suisse\/suisse-du-nord-ouest\/#listItem","name":"Suisse du Nord-Ouest"}},{"@type":"ListItem","@id":"https:\/\/www.immo-invest.ch\/fr\/region-basel-wird-zum-drehkreuz-fuer-wasserstoff\/#listItem","position":6,"name":"La r\u00e9gion de B\u00e2le devient une plaque tournante pour l&rsquo;hydrog\u00e8ne","previousItem":{"@type":"ListItem","@id":"https:\/\/www.immo-invest.ch\/fr\/categories\/regions\/suisse\/suisse-du-nord-ouest\/region-bale\/#listItem","name":"B\u00e2le"}}]},{"@type":"Organization","@id":"https:\/\/www.immo-invest.ch\/fr\/#organization","name":"immo!nvest - Die Plattform f\u00fcr Standorte und Immobilien","description":"Die\u00a0Plattform f\u00fcr Standorte und Immobilien","url":"https:\/\/www.immo-invest.ch\/fr\/","email":"admin@immomedia.ag","telephone":"+41444420002","logo":{"@type":"ImageObject","url":"https:\/\/www.immo-invest.ch\/wp-content\/uploads\/2024\/09\/immoinvest_sm-scaled.jpg","@id":"https:\/\/www.immo-invest.ch\/fr\/region-basel-wird-zum-drehkreuz-fuer-wasserstoff\/#organizationLogo","width":2560,"height":1340},"image":{"@id":"https:\/\/www.immo-invest.ch\/fr\/region-basel-wird-zum-drehkreuz-fuer-wasserstoff\/#organizationLogo"},"sameAs":["https:\/\/www.facebook.com\/people\/Immoinvest\/100077962920504\/","https:\/\/x.com\/i\/flow\/login?redirect_after_login=immoinvest_ch","https:\/\/www.instagram.com\/immoinvest_ch\/","https:\/\/www.linkedin.com\/company\/immoinvest-swiss"]},{"@type":"Person","@id":"https:\/\/www.immo-invest.ch\/fr\/author\/immovestuser\/#author","url":"https:\/\/www.immo-invest.ch\/fr\/author\/immovestuser\/","name":"immovestuser","image":{"@type":"ImageObject","@id":"https:\/\/www.immo-invest.ch\/fr\/region-basel-wird-zum-drehkreuz-fuer-wasserstoff\/#authorImage","url":"https:\/\/secure.gravatar.com\/avatar\/8e01f4d99f2eeea7a362ebb93305e1172a70e9293ba250f897a65c39f54cdd1e?s=96&d=mm&r=g","width":96,"height":96,"caption":"immovestuser"}},{"@type":"WebPage","@id":"https:\/\/www.immo-invest.ch\/fr\/region-basel-wird-zum-drehkreuz-fuer-wasserstoff\/#webpage","url":"https:\/\/www.immo-invest.ch\/fr\/region-basel-wird-zum-drehkreuz-fuer-wasserstoff\/","name":"La r\u00e9gion de B\u00e2le devient une plaque tournante pour l\u2019hydrog\u00e8ne - immo!nvest - Die Plattform f\u00fcr Standorte und Immobilien","description":"La nouvelle association \u00e9conomique H2-HUB Suisse pr\u00e9voit de transformer la r\u00e9gion de B\u00e2le en un centre de l'hydrog\u00e8ne de premier plan, produisant de l'hydrog\u00e8ne vert \u00e0 partir de sources d'\u00e9nergie renouvelables et le distribuant \u00e0 l'\u00e9chelle nationale pour promouvoir la neutralit\u00e9 climatique de la Suisse.","inLanguage":"fr-FR","isPartOf":{"@id":"https:\/\/www.immo-invest.ch\/fr\/#website"},"breadcrumb":{"@id":"https:\/\/www.immo-invest.ch\/fr\/region-basel-wird-zum-drehkreuz-fuer-wasserstoff\/#breadcrumblist"},"author":{"@id":"https:\/\/www.immo-invest.ch\/fr\/author\/immovestuser\/#author"},"creator":{"@id":"https:\/\/www.immo-invest.ch\/fr\/author\/immovestuser\/#author"},"image":{"@type":"ImageObject","url":"https:\/\/www.immo-invest.ch\/wp-content\/uploads\/2024\/05\/Unbenannt-2.png","@id":"https:\/\/www.immo-invest.ch\/fr\/region-basel-wird-zum-drehkreuz-fuer-wasserstoff\/#mainImage","width":1792,"height":1024},"primaryImageOfPage":{"@id":"https:\/\/www.immo-invest.ch\/fr\/region-basel-wird-zum-drehkreuz-fuer-wasserstoff\/#mainImage"},"datePublished":"2024-05-02T13:09:49+02:00","dateModified":"2024-06-07T15:49:25+02:00"},{"@type":"WebSite","@id":"https:\/\/www.immo-invest.ch\/fr\/#website","url":"https:\/\/www.immo-invest.ch\/fr\/","name":"immo!nvest - Die Plattform f\u00fcr Standorte und Immobilien","description":"Die\u00a0Plattform f\u00fcr Standorte und Immobilien","inLanguage":"fr-FR","publisher":{"@id":"https:\/\/www.immo-invest.ch\/fr\/#organization"}}]},"og:locale":"fr_FR","og:site_name":"immo!nvest - Die Plattform f\u00fcr Standorte und Immobilien - Die\u00a0Plattform f\u00fcr Standorte und Immobilien","og:type":"article","og:title":"La r\u00e9gion de B\u00e2le devient une plaque tournante pour l\u2019hydrog\u00e8ne - immo!nvest - Die Plattform f\u00fcr Standorte und Immobilien","og:description":"La nouvelle association \u00e9conomique H2-HUB Suisse pr\u00e9voit de transformer la r\u00e9gion de B\u00e2le en un centre de l'hydrog\u00e8ne de premier plan, produisant de l'hydrog\u00e8ne vert \u00e0 partir de sources d'\u00e9nergie renouvelables et le distribuant \u00e0 l'\u00e9chelle nationale pour promouvoir la neutralit\u00e9 climatique de la Suisse.","og:url":"https:\/\/www.immo-invest.ch\/fr\/region-basel-wird-zum-drehkreuz-fuer-wasserstoff\/","og:image":"https:\/\/www.immo-invest.ch\/wp-content\/uploads\/2024\/05\/Unbenannt-2.png","og:image:secure_url":"https:\/\/www.immo-invest.ch\/wp-content\/uploads\/2024\/05\/Unbenannt-2.png","og:image:width":1792,"og:image:height":1024,"article:published_time":"2024-05-02T11:09:49+00:00","article:modified_time":"2024-06-07T13:49:25+00:00","article:publisher":"https:\/\/www.facebook.com\/people\/Immoinvest\/100077962920504\/","twitter:card":"summary_large_image","twitter:site":"@i","twitter:title":"La r\u00e9gion de B\u00e2le devient une plaque tournante pour l\u2019hydrog\u00e8ne - immo!nvest - Die Plattform f\u00fcr Standorte und Immobilien","twitter:description":"La nouvelle association \u00e9conomique H2-HUB Suisse pr\u00e9voit de transformer la r\u00e9gion de B\u00e2le en un centre de l'hydrog\u00e8ne de premier plan, produisant de l'hydrog\u00e8ne vert \u00e0 partir de sources d'\u00e9nergie renouvelables et le distribuant \u00e0 l'\u00e9chelle nationale pour promouvoir la neutralit\u00e9 climatique de la Suisse.","twitter:creator":"@i","twitter:image":"https:\/\/www.immo-invest.ch\/wp-content\/uploads\/2024\/05\/Unbenannt-2.png"},"aioseo_meta_data":{"post_id":"89792","title":null,"description":null,"keywords":null,"keyphrases":null,"primary_term":null,"canonical_url":null,"og_title":null,"og_description":null,"og_object_type":"default","og_image_type":"default","og_image_url":null,"og_image_width":null,"og_image_height":null,"og_image_custom_url":null,"og_image_custom_fields":null,"og_video":null,"og_custom_url":null,"og_article_section":null,"og_article_tags":null,"twitter_use_og":false,"twitter_card":"default","twitter_image_type":"default","twitter_image_url":null,"twitter_image_custom_url":null,"twitter_image_custom_fields":null,"twitter_title":null,"twitter_description":null,"schema":{"blockGraphs":[],"customGraphs":[],"default":{"data":{"Article":[],"Course":[],"Dataset":[],"FAQPage":[],"Movie":[],"Person":[],"Product":[],"ProductReview":[],"Car":[],"Recipe":[],"Service":[],"SoftwareApplication":[],"WebPage":[]},"graphName":"","isEnabled":true},"graphs":[]},"schema_type":"default","schema_type_options":null,"pillar_content":false,"robots_default":true,"robots_noindex":false,"robots_noarchive":false,"robots_nosnippet":false,"robots_nofollow":false,"robots_noimageindex":false,"robots_noodp":false,"robots_notranslate":false,"robots_max_snippet":null,"robots_max_videopreview":null,"robots_max_imagepreview":"large","priority":null,"frequency":null,"local_seo":null,"breadcrumb_settings":null,"limit_modified_date":false,"ai":null,"created":"2024-09-20 19:14:59","updated":"2025-10-24 01:33:11","seo_analyzer_scan_date":null,"focus_keyword":null,"additional_keywords":null,"truseo_locale":null},"aioseo_breadcrumb":"<div class=\"aioseo-breadcrumbs\"><span class=\"aioseo-breadcrumb\">\n\t\t\t<a href=\"https:\/\/www.immo-invest.ch\/fr\/\" title=\"Home\">Home<\/a>\n\t\t<\/span><span class=\"aioseo-breadcrumb-separator\">&raquo;<\/span><span class=\"aioseo-breadcrumb\">\n\t\t\t<a href=\"https:\/\/www.immo-invest.ch\/fr\/categories\/regions\/\" title=\"R\u00e9gions\">R\u00e9gions<\/a>\n\t\t<\/span><span class=\"aioseo-breadcrumb-separator\">&raquo;<\/span><span class=\"aioseo-breadcrumb\">\n\t\t\t<a href=\"https:\/\/www.immo-invest.ch\/fr\/categories\/regions\/suisse\/\" title=\"Suisse\">Suisse<\/a>\n\t\t<\/span><span class=\"aioseo-breadcrumb-separator\">&raquo;<\/span><span class=\"aioseo-breadcrumb\">\n\t\t\t<a href=\"https:\/\/www.immo-invest.ch\/fr\/categories\/regions\/suisse\/suisse-du-nord-ouest\/\" title=\"Suisse du Nord-Ouest\">Suisse du Nord-Ouest<\/a>\n\t\t<\/span><span class=\"aioseo-breadcrumb-separator\">&raquo;<\/span><span class=\"aioseo-breadcrumb\">\n\t\t\t<a href=\"https:\/\/www.immo-invest.ch\/fr\/categories\/regions\/suisse\/suisse-du-nord-ouest\/region-bale\/\" title=\"B\u00e2le\">B\u00e2le<\/a>\n\t\t<\/span><span class=\"aioseo-breadcrumb-separator\">&raquo;<\/span><span class=\"aioseo-breadcrumb\">\n\t\t\tLa r\u00e9gion de B\u00e2le devient une plaque tournante pour l\u2019hydrog\u00e8ne\n\t\t<\/span><\/div>","aioseo_breadcrumb_json":[{"label":"Home","link":"https:\/\/www.immo-invest.ch\/fr\/"},{"label":"R\u00e9gions","link":"https:\/\/www.immo-invest.ch\/fr\/categories\/regions\/"},{"label":"Suisse","link":"https:\/\/www.immo-invest.ch\/fr\/categories\/regions\/suisse\/"},{"label":"Suisse du Nord-Ouest","link":"https:\/\/www.immo-invest.ch\/fr\/categories\/regions\/suisse\/suisse-du-nord-ouest\/"},{"label":"B\u00e2le","link":"https:\/\/www.immo-invest.ch\/fr\/categories\/regions\/suisse\/suisse-du-nord-ouest\/region-bale\/"},{"label":"La r\u00e9gion de B\u00e2le devient une plaque tournante pour l&rsquo;hydrog\u00e8ne","link":"https:\/\/www.immo-invest.ch\/fr\/region-basel-wird-zum-drehkreuz-fuer-wasserstoff\/"}],"featured_image_src":"https:\/\/www.immo-invest.ch\/wp-content\/uploads\/2024\/05\/Unbenannt-2-336x168.png","_links":{"self":[{"href":"https:\/\/www.immo-invest.ch\/fr\/wp-json\/wp\/v2\/posts\/89792","targetHints":{"allow":["GET"]}}],"collection":[{"href":"https:\/\/www.immo-invest.ch\/fr\/wp-json\/wp\/v2\/posts"}],"about":[{"href":"https:\/\/www.immo-invest.ch\/fr\/wp-json\/wp\/v2\/types\/post"}],"author":[{"embeddable":true,"href":"https:\/\/www.immo-invest.ch\/fr\/wp-json\/wp\/v2\/users\/2"}],"replies":[{"embeddable":true,"href":"https:\/\/www.immo-invest.ch\/fr\/wp-json\/wp\/v2\/comments?post=89792"}],"version-history":[{"count":0,"href":"https:\/\/www.immo-invest.ch\/fr\/wp-json\/wp\/v2\/posts\/89792\/revisions"}],"wp:featuredmedia":[{"embeddable":true,"href":"https:\/\/www.immo-invest.ch\/fr\/wp-json\/wp\/v2\/media\/89787"}],"wp:attachment":[{"href":"https:\/\/www.immo-invest.ch\/fr\/wp-json\/wp\/v2\/media?parent=89792"}],"wp:term":[{"taxonomy":"category","embeddable":true,"href":"https:\/\/www.immo-invest.ch\/fr\/wp-json\/wp\/v2\/categories?post=89792"},{"taxonomy":"post_tag","embeddable":true,"href":"https:\/\/www.immo-invest.ch\/fr\/wp-json\/wp\/v2\/tags?post=89792"}],"curies":[{"name":"wp","href":"https:\/\/api.w.org\/{rel}","templated":true}]}}