{"id":88041,"date":"2024-04-22T15:56:59","date_gmt":"2024-04-22T13:56:59","guid":{"rendered":"https:\/\/www.immo-invest.ch\/milder-winter-senkt-emissionen-im-gebaeudesektor\/"},"modified":"2024-06-13T09:04:13","modified_gmt":"2024-06-13T07:04:13","slug":"milder-winter-senkt-emissionen-im-gebaeudesektor","status":"publish","type":"post","link":"https:\/\/www.immo-invest.ch\/fr\/milder-winter-senkt-emissionen-im-gebaeudesektor\/","title":{"rendered":"Un hiver doux r\u00e9duit les \u00e9missions dans le secteur du b\u00e2timent"},"content":{"rendered":"<p class=\"bodytext\">La Suisse a &eacute;mis en 2022 un total de 41,6 millions de tonnes d&rsquo;&eacute;quivalents CO2 de gaz &agrave; effet de serre, informe l&rsquo;Office f&eacute;d&eacute;ral de l&rsquo;environnement<a href=\"https:\/\/www.bafu.admin.ch\/\" target=\"_blank\" rel=\"noopener\">(OFEV<\/a>) dans un <a href=\"https:\/\/www.bafu.admin.ch\/bafu\/de\/home\/dokumentation\/medienmitteilungen\/anzeige-nsb-unter-medienmitteilungen.msg-id-100711.html\" target=\"_blank\" rel=\"noopener\">communiqu&eacute;<\/a> sur l&rsquo;<a href=\"https:\/\/www.bafu.admin.ch\/bafu\/de\/home\/themen\/klima\/zustand\/daten\/treibhausgasinventar.html\" target=\"_blank\" rel=\"noopener\">inventaire suisse des gaz &agrave; effet de serre 2022<\/a>. Celui-ci a &eacute;t&eacute; d&eacute;pos&eacute; par l&rsquo;OFEV en avril aupr&egrave;s du <a href=\"https:\/\/unfccc.int\/\" target=\"_blank\" rel=\"noopener\">Secr&eacute;tariat des Nations Unies sur le climat<\/a>. Par rapport &agrave; l&rsquo;ann&eacute;e pr&eacute;c&eacute;dente, la Suisse a &eacute;mis 3,5 millions de tonnes d&rsquo;&eacute;quivalents CO2 de moins au cours de l&rsquo;ann&eacute;e de r&eacute;f&eacute;rence. Par rapport &agrave; l&rsquo;ann&eacute;e de r&eacute;f&eacute;rence 1990, les &eacute;missions ont diminu&eacute; de 24%.<\/p>\n<p class=\"bodytext\">Le secteur du b&acirc;timent s&rsquo;est taill&eacute; la part du lion dans la r&eacute;duction des &eacute;missions. Les &eacute;missions de gaz &agrave; effet de serre ont atteint 9,4 millions de tonnes d&rsquo;&eacute;quivalents CO2, soit 44% de moins qu&rsquo;en 1990. &laquo;&nbsp;En raison d&rsquo;un hiver exceptionnellement doux, moins de mazout et de gaz ont &eacute;t&eacute; br&ucirc;l&eacute;s pour chauffer les b&acirc;timents que l&rsquo;ann&eacute;e pr&eacute;c&eacute;dente&nbsp;&raquo;, explique l&rsquo;OFEV. Ses experts soulignent en m&ecirc;me temps que la tendance est &agrave; la baisse malgr&eacute; une forte augmentation des surfaces chauff&eacute;es. Cela s&rsquo;explique par l&rsquo;am&eacute;lioration de l&rsquo;efficacit&eacute; &eacute;nerg&eacute;tique et l&rsquo;installation de pompes &agrave; chaleur.<\/p>\n<p class=\"bodytext\">Le secteur industriel a r&eacute;duit ses &eacute;missions de 27% par rapport &agrave; 1990, avec 9,6 millions de tonnes d&rsquo;&eacute;quivalents CO2. Le secteur des transports a &eacute;mis 13,7 millions de tonnes d&rsquo;&eacute;quivalents CO2, soit une baisse de 8 % par rapport &agrave; l&rsquo;ann&eacute;e de r&eacute;f&eacute;rence. Les autres &eacute;missions ont atteint 8,9 millions de tonnes, soit pr&egrave;s de 13% de moins qu&rsquo;en 1990.<\/p>\n","protected":false},"excerpt":{"rendered":"<p>Les \u00e9missions de gaz \u00e0 effet de serre en 2022 \u00e9taient de 41,6 millions de tonnes, soit 3,5 millions de tonnes de moins qu&rsquo;en 2021. Les \u00e9missions ont diminu\u00e9 de mani\u00e8re significative, en particulier dans le secteur du b\u00e2timent. C&rsquo;est ce qui ressort des enqu\u00eates men\u00e9es par l&rsquo;Office f\u00e9d\u00e9ral de l&rsquo;environnement. Cette \u00e9volution est attribu\u00e9e \u00e0 l&rsquo;hiver doux.<\/p>\n","protected":false},"author":2,"featured_media":88036,"comment_status":"open","ping_status":"open","sticky":false,"template":"","format":"standard","meta":{"pmpro_default_level":"","inline_featured_image":false,"_monsterinsights_skip_tracking":false,"footnotes":""},"categories":[22699,8747,743,22303],"tags":[46047,32179,872,3931,2002,29211],"class_list":["post-88041","post","type-post","status-publish","format-standard","has-post-thumbnail","hentry","category-durabilite","category-energie","category-immonews-fr","category-suisse","tag-emissionssenkung-fr","tag-gebaeudesektor-fr","tag-immoinvest-fr","tag-immonews-fr","tag-news-fr","tag-waermepumpen-fr","pmpro-has-access"],"acf":{"bild_mit_ki_erstellt_worden":[],"lead":"Les \u00e9missions de gaz \u00e0 effet de serre en 2022 \u00e9taient de 41,6 millions de tonnes, soit 3,5 millions de tonnes de moins qu'en 2021. Les \u00e9missions ont diminu\u00e9 de mani\u00e8re significative, en particulier dans le secteur du b\u00e2timent. C'est ce qui ressort des enqu\u00eates men\u00e9es par l'Office f\u00e9d\u00e9ral de l'environnement. Cette \u00e9volution est attribu\u00e9e \u00e0 l'hiver doux.","autor":"ce\/hs","ort":"Bern","bildunterschrift":"","bild_im_grid":false,"gallerie":"","newsim":""},"aioseo_notices":[],"aioseo_head":"\n\t\t<!-- All in One SEO 5.0.1.1 - aioseo.com -->\n\t<meta name=\"description\" content=\"Les \u00e9missions de gaz \u00e0 effet de serre en 2022 \u00e9taient de 41,6 millions de tonnes, soit 3,5 millions de tonnes de moins qu&#039;en 2021. Les \u00e9missions ont diminu\u00e9 de mani\u00e8re significative, en particulier dans le secteur du b\u00e2timent. C&#039;est ce qui ressort des enqu\u00eates men\u00e9es par l&#039;Office f\u00e9d\u00e9ral de l&#039;environnement. Cette \u00e9volution est attribu\u00e9e \u00e0 l&#039;hiver doux.\" \/>\n\t<meta name=\"robots\" content=\"max-image-preview:large\" \/>\n\t<meta name=\"author\" content=\"immovestuser\"\/>\n\t<meta name=\"google-site-verification\" content=\"fHJKvgWpZCR2zVBHWfkQeFXC11qieUSff0HGNYfuyLA\" \/>\n\t<link rel=\"canonical\" href=\"https:\/\/www.immo-invest.ch\/fr\/milder-winter-senkt-emissionen-im-gebaeudesektor\/\" \/>\n\t<meta name=\"generator\" content=\"All in One SEO (AIOSEO) 5.0.1.1\" \/>\n\t\t<meta property=\"og:locale\" content=\"fr_FR\" \/>\n\t\t<meta property=\"og:site_name\" content=\"immo!nvest - Die Plattform f\u00fcr Standorte und Immobilien - Die\u00a0Plattform f\u00fcr Standorte und Immobilien\" \/>\n\t\t<meta property=\"og:type\" content=\"article\" \/>\n\t\t<meta property=\"og:title\" content=\"Un hiver doux r\u00e9duit les \u00e9missions dans le secteur du b\u00e2timent - immo!nvest - Die Plattform f\u00fcr Standorte und Immobilien\" \/>\n\t\t<meta property=\"og:description\" content=\"Les \u00e9missions de gaz \u00e0 effet de serre en 2022 \u00e9taient de 41,6 millions de tonnes, soit 3,5 millions de tonnes de moins qu&#039;en 2021. Les \u00e9missions ont diminu\u00e9 de mani\u00e8re significative, en particulier dans le secteur du b\u00e2timent. C&#039;est ce qui ressort des enqu\u00eates men\u00e9es par l&#039;Office f\u00e9d\u00e9ral de l&#039;environnement. Cette \u00e9volution est attribu\u00e9e \u00e0 l&#039;hiver doux.\" \/>\n\t\t<meta property=\"og:url\" content=\"https:\/\/www.immo-invest.ch\/fr\/milder-winter-senkt-emissionen-im-gebaeudesektor\/\" \/>\n\t\t<meta property=\"og:image\" content=\"https:\/\/www.immo-invest.ch\/wp-content\/uploads\/2024\/04\/Unbenannt-31.png\" \/>\n\t\t<meta property=\"og:image:secure_url\" content=\"https:\/\/www.immo-invest.ch\/wp-content\/uploads\/2024\/04\/Unbenannt-31.png\" \/>\n\t\t<meta property=\"og:image:width\" content=\"1024\" \/>\n\t\t<meta property=\"og:image:height\" content=\"1024\" \/>\n\t\t<meta property=\"article:published_time\" content=\"2024-04-22T13:56:59+00:00\" \/>\n\t\t<meta property=\"article:modified_time\" content=\"2024-06-13T07:04:13+00:00\" \/>\n\t\t<meta property=\"article:publisher\" content=\"https:\/\/www.facebook.com\/people\/Immoinvest\/100077962920504\/\" \/>\n\t\t<meta name=\"twitter:card\" content=\"summary_large_image\" \/>\n\t\t<meta name=\"twitter:site\" content=\"@i\" \/>\n\t\t<meta name=\"twitter:title\" content=\"Un hiver doux r\u00e9duit les \u00e9missions dans le secteur du b\u00e2timent - immo!nvest - Die Plattform f\u00fcr Standorte und Immobilien\" \/>\n\t\t<meta name=\"twitter:description\" content=\"Les \u00e9missions de gaz \u00e0 effet de serre en 2022 \u00e9taient de 41,6 millions de tonnes, soit 3,5 millions de tonnes de moins qu&#039;en 2021. Les \u00e9missions ont diminu\u00e9 de mani\u00e8re significative, en particulier dans le secteur du b\u00e2timent. C&#039;est ce qui ressort des enqu\u00eates men\u00e9es par l&#039;Office f\u00e9d\u00e9ral de l&#039;environnement. Cette \u00e9volution est attribu\u00e9e \u00e0 l&#039;hiver doux.\" \/>\n\t\t<meta name=\"twitter:creator\" content=\"@i\" \/>\n\t\t<meta name=\"twitter:image\" content=\"https:\/\/www.immo-invest.ch\/wp-content\/uploads\/2024\/04\/Unbenannt-31.png\" \/>\n\t\t<script type=\"application\/ld+json\" class=\"aioseo-schema\">\n\t\t\t{\"@context\":\"https:\\\/\\\/schema.org\",\"@graph\":[{\"@type\":\"BlogPosting\",\"@id\":\"https:\\\/\\\/www.immo-invest.ch\\\/fr\\\/milder-winter-senkt-emissionen-im-gebaeudesektor\\\/#blogposting\",\"name\":\"Un hiver doux r\\u00e9duit les \\u00e9missions dans le secteur du b\\u00e2timent - immo!nvest - Die Plattform f\\u00fcr Standorte und Immobilien\",\"headline\":\"Un hiver doux r\\u00e9duit les \\u00e9missions dans le secteur du b\\u00e2timent\",\"author\":{\"@id\":\"https:\\\/\\\/www.immo-invest.ch\\\/fr\\\/author\\\/immovestuser\\\/#author\"},\"publisher\":{\"@id\":\"https:\\\/\\\/www.immo-invest.ch\\\/fr\\\/#organization\"},\"image\":{\"@type\":\"ImageObject\",\"url\":\"https:\\\/\\\/www.immo-invest.ch\\\/wp-content\\\/uploads\\\/2024\\\/04\\\/Unbenannt-31.png\",\"width\":1024,\"height\":1024},\"datePublished\":\"2024-04-22T15:56:59+02:00\",\"dateModified\":\"2024-06-13T09:04:13+02:00\",\"inLanguage\":\"fr-FR\",\"mainEntityOfPage\":{\"@id\":\"https:\\\/\\\/www.immo-invest.ch\\\/fr\\\/milder-winter-senkt-emissionen-im-gebaeudesektor\\\/#webpage\"},\"isPartOf\":{\"@id\":\"https:\\\/\\\/www.immo-invest.ch\\\/fr\\\/milder-winter-senkt-emissionen-im-gebaeudesektor\\\/#webpage\"},\"articleSection\":\"Durabilit\\u00e9, \\u00c9nergie, immoNews, Suisse, Emissionssenkung, Geb\\u00e4udesektor, Immoinvest, immoNews, News, W\\u00e4rmepumpen, Facultatif\"},{\"@type\":\"BreadcrumbList\",\"@id\":\"https:\\\/\\\/www.immo-invest.ch\\\/fr\\\/milder-winter-senkt-emissionen-im-gebaeudesektor\\\/#breadcrumblist\",\"itemListElement\":[{\"@type\":\"ListItem\",\"@id\":\"https:\\\/\\\/www.immo-invest.ch\\\/fr\\\/#listItem\",\"position\":1,\"name\":\"Home\",\"item\":\"https:\\\/\\\/www.immo-invest.ch\\\/fr\\\/\",\"nextItem\":{\"@type\":\"ListItem\",\"@id\":\"https:\\\/\\\/www.immo-invest.ch\\\/fr\\\/categories\\\/regions\\\/#listItem\",\"name\":\"R\\u00e9gions\"}},{\"@type\":\"ListItem\",\"@id\":\"https:\\\/\\\/www.immo-invest.ch\\\/fr\\\/categories\\\/regions\\\/#listItem\",\"position\":2,\"name\":\"R\\u00e9gions\",\"item\":\"https:\\\/\\\/www.immo-invest.ch\\\/fr\\\/categories\\\/regions\\\/\",\"nextItem\":{\"@type\":\"ListItem\",\"@id\":\"https:\\\/\\\/www.immo-invest.ch\\\/fr\\\/categories\\\/regions\\\/suisse\\\/#listItem\",\"name\":\"Suisse\"},\"previousItem\":{\"@type\":\"ListItem\",\"@id\":\"https:\\\/\\\/www.immo-invest.ch\\\/fr\\\/#listItem\",\"name\":\"Home\"}},{\"@type\":\"ListItem\",\"@id\":\"https:\\\/\\\/www.immo-invest.ch\\\/fr\\\/categories\\\/regions\\\/suisse\\\/#listItem\",\"position\":3,\"name\":\"Suisse\",\"item\":\"https:\\\/\\\/www.immo-invest.ch\\\/fr\\\/categories\\\/regions\\\/suisse\\\/\",\"nextItem\":{\"@type\":\"ListItem\",\"@id\":\"https:\\\/\\\/www.immo-invest.ch\\\/fr\\\/milder-winter-senkt-emissionen-im-gebaeudesektor\\\/#listItem\",\"name\":\"Un hiver doux r\\u00e9duit les \\u00e9missions dans le secteur du b\\u00e2timent\"},\"previousItem\":{\"@type\":\"ListItem\",\"@id\":\"https:\\\/\\\/www.immo-invest.ch\\\/fr\\\/categories\\\/regions\\\/#listItem\",\"name\":\"R\\u00e9gions\"}},{\"@type\":\"ListItem\",\"@id\":\"https:\\\/\\\/www.immo-invest.ch\\\/fr\\\/milder-winter-senkt-emissionen-im-gebaeudesektor\\\/#listItem\",\"position\":4,\"name\":\"Un hiver doux r\\u00e9duit les \\u00e9missions dans le secteur du b\\u00e2timent\",\"previousItem\":{\"@type\":\"ListItem\",\"@id\":\"https:\\\/\\\/www.immo-invest.ch\\\/fr\\\/categories\\\/regions\\\/suisse\\\/#listItem\",\"name\":\"Suisse\"}}]},{\"@type\":\"Organization\",\"@id\":\"https:\\\/\\\/www.immo-invest.ch\\\/fr\\\/#organization\",\"name\":\"immo!nvest - Die Plattform f\\u00fcr Standorte und Immobilien\",\"description\":\"Die\\u00a0Plattform f\\u00fcr Standorte und Immobilien\",\"url\":\"https:\\\/\\\/www.immo-invest.ch\\\/fr\\\/\",\"email\":\"admin@immomedia.ag\",\"telephone\":\"+41444420002\",\"logo\":{\"@type\":\"ImageObject\",\"url\":\"https:\\\/\\\/www.immo-invest.ch\\\/wp-content\\\/uploads\\\/2024\\\/09\\\/immoinvest_sm-scaled.jpg\",\"@id\":\"https:\\\/\\\/www.immo-invest.ch\\\/fr\\\/milder-winter-senkt-emissionen-im-gebaeudesektor\\\/#organizationLogo\",\"width\":2560,\"height\":1340},\"image\":{\"@id\":\"https:\\\/\\\/www.immo-invest.ch\\\/fr\\\/milder-winter-senkt-emissionen-im-gebaeudesektor\\\/#organizationLogo\"},\"sameAs\":[\"https:\\\/\\\/www.facebook.com\\\/people\\\/Immoinvest\\\/100077962920504\\\/\",\"https:\\\/\\\/x.com\\\/i\\\/flow\\\/login?redirect_after_login=immoinvest_ch\",\"https:\\\/\\\/www.instagram.com\\\/immoinvest_ch\\\/\",\"https:\\\/\\\/www.linkedin.com\\\/company\\\/immoinvest-swiss\"]},{\"@type\":\"Person\",\"@id\":\"https:\\\/\\\/www.immo-invest.ch\\\/fr\\\/author\\\/immovestuser\\\/#author\",\"url\":\"https:\\\/\\\/www.immo-invest.ch\\\/fr\\\/author\\\/immovestuser\\\/\",\"name\":\"immovestuser\",\"image\":{\"@type\":\"ImageObject\",\"@id\":\"https:\\\/\\\/www.immo-invest.ch\\\/fr\\\/milder-winter-senkt-emissionen-im-gebaeudesektor\\\/#authorImage\",\"url\":\"https:\\\/\\\/secure.gravatar.com\\\/avatar\\\/8e01f4d99f2eeea7a362ebb93305e1172a70e9293ba250f897a65c39f54cdd1e?s=96&d=mm&r=g\",\"width\":96,\"height\":96,\"caption\":\"immovestuser\"}},{\"@type\":\"WebPage\",\"@id\":\"https:\\\/\\\/www.immo-invest.ch\\\/fr\\\/milder-winter-senkt-emissionen-im-gebaeudesektor\\\/#webpage\",\"url\":\"https:\\\/\\\/www.immo-invest.ch\\\/fr\\\/milder-winter-senkt-emissionen-im-gebaeudesektor\\\/\",\"name\":\"Un hiver doux r\\u00e9duit les \\u00e9missions dans le secteur du b\\u00e2timent - immo!nvest - Die Plattform f\\u00fcr Standorte und Immobilien\",\"description\":\"Les \\u00e9missions de gaz \\u00e0 effet de serre en 2022 \\u00e9taient de 41,6 millions de tonnes, soit 3,5 millions de tonnes de moins qu'en 2021. Les \\u00e9missions ont diminu\\u00e9 de mani\\u00e8re significative, en particulier dans le secteur du b\\u00e2timent. C'est ce qui ressort des enqu\\u00eates men\\u00e9es par l'Office f\\u00e9d\\u00e9ral de l'environnement. Cette \\u00e9volution est attribu\\u00e9e \\u00e0 l'hiver doux.\",\"inLanguage\":\"fr-FR\",\"isPartOf\":{\"@id\":\"https:\\\/\\\/www.immo-invest.ch\\\/fr\\\/#website\"},\"breadcrumb\":{\"@id\":\"https:\\\/\\\/www.immo-invest.ch\\\/fr\\\/milder-winter-senkt-emissionen-im-gebaeudesektor\\\/#breadcrumblist\"},\"author\":{\"@id\":\"https:\\\/\\\/www.immo-invest.ch\\\/fr\\\/author\\\/immovestuser\\\/#author\"},\"creator\":{\"@id\":\"https:\\\/\\\/www.immo-invest.ch\\\/fr\\\/author\\\/immovestuser\\\/#author\"},\"image\":{\"@type\":\"ImageObject\",\"url\":\"https:\\\/\\\/www.immo-invest.ch\\\/wp-content\\\/uploads\\\/2024\\\/04\\\/Unbenannt-31.png\",\"@id\":\"https:\\\/\\\/www.immo-invest.ch\\\/fr\\\/milder-winter-senkt-emissionen-im-gebaeudesektor\\\/#mainImage\",\"width\":1024,\"height\":1024},\"primaryImageOfPage\":{\"@id\":\"https:\\\/\\\/www.immo-invest.ch\\\/fr\\\/milder-winter-senkt-emissionen-im-gebaeudesektor\\\/#mainImage\"},\"datePublished\":\"2024-04-22T15:56:59+02:00\",\"dateModified\":\"2024-06-13T09:04:13+02:00\"},{\"@type\":\"WebSite\",\"@id\":\"https:\\\/\\\/www.immo-invest.ch\\\/fr\\\/#website\",\"url\":\"https:\\\/\\\/www.immo-invest.ch\\\/fr\\\/\",\"name\":\"immo!nvest - Die Plattform f\\u00fcr Standorte und Immobilien\",\"description\":\"Die\\u00a0Plattform f\\u00fcr Standorte und Immobilien\",\"inLanguage\":\"fr-FR\",\"publisher\":{\"@id\":\"https:\\\/\\\/www.immo-invest.ch\\\/fr\\\/#organization\"}}]}\n\t\t<\/script>\n\t\t<!-- All in One SEO -->\n\n","aioseo_head_json":{"title":"Un hiver doux r\u00e9duit les \u00e9missions dans le secteur du b\u00e2timent - immo!nvest - Die Plattform f\u00fcr Standorte und Immobilien","description":"Les \u00e9missions de gaz \u00e0 effet de serre en 2022 \u00e9taient de 41,6 millions de tonnes, soit 3,5 millions de tonnes de moins qu'en 2021. Les \u00e9missions ont diminu\u00e9 de mani\u00e8re significative, en particulier dans le secteur du b\u00e2timent. C'est ce qui ressort des enqu\u00eates men\u00e9es par l'Office f\u00e9d\u00e9ral de l'environnement. Cette \u00e9volution est attribu\u00e9e \u00e0 l'hiver doux.","canonical_url":"https:\/\/www.immo-invest.ch\/fr\/milder-winter-senkt-emissionen-im-gebaeudesektor\/","robots":"max-image-preview:large","keywords":"","webmasterTools":{"google-site-verification":"fHJKvgWpZCR2zVBHWfkQeFXC11qieUSff0HGNYfuyLA","miscellaneous":""},"schema":{"@context":"https:\/\/schema.org","@graph":[{"@type":"BlogPosting","@id":"https:\/\/www.immo-invest.ch\/fr\/milder-winter-senkt-emissionen-im-gebaeudesektor\/#blogposting","name":"Un hiver doux r\u00e9duit les \u00e9missions dans le secteur du b\u00e2timent - immo!nvest - Die Plattform f\u00fcr Standorte und Immobilien","headline":"Un hiver doux r\u00e9duit les \u00e9missions dans le secteur du b\u00e2timent","author":{"@id":"https:\/\/www.immo-invest.ch\/fr\/author\/immovestuser\/#author"},"publisher":{"@id":"https:\/\/www.immo-invest.ch\/fr\/#organization"},"image":{"@type":"ImageObject","url":"https:\/\/www.immo-invest.ch\/wp-content\/uploads\/2024\/04\/Unbenannt-31.png","width":1024,"height":1024},"datePublished":"2024-04-22T15:56:59+02:00","dateModified":"2024-06-13T09:04:13+02:00","inLanguage":"fr-FR","mainEntityOfPage":{"@id":"https:\/\/www.immo-invest.ch\/fr\/milder-winter-senkt-emissionen-im-gebaeudesektor\/#webpage"},"isPartOf":{"@id":"https:\/\/www.immo-invest.ch\/fr\/milder-winter-senkt-emissionen-im-gebaeudesektor\/#webpage"},"articleSection":"Durabilit\u00e9, \u00c9nergie, immoNews, Suisse, Emissionssenkung, Geb\u00e4udesektor, Immoinvest, immoNews, News, W\u00e4rmepumpen, Facultatif"},{"@type":"BreadcrumbList","@id":"https:\/\/www.immo-invest.ch\/fr\/milder-winter-senkt-emissionen-im-gebaeudesektor\/#breadcrumblist","itemListElement":[{"@type":"ListItem","@id":"https:\/\/www.immo-invest.ch\/fr\/#listItem","position":1,"name":"Home","item":"https:\/\/www.immo-invest.ch\/fr\/","nextItem":{"@type":"ListItem","@id":"https:\/\/www.immo-invest.ch\/fr\/categories\/regions\/#listItem","name":"R\u00e9gions"}},{"@type":"ListItem","@id":"https:\/\/www.immo-invest.ch\/fr\/categories\/regions\/#listItem","position":2,"name":"R\u00e9gions","item":"https:\/\/www.immo-invest.ch\/fr\/categories\/regions\/","nextItem":{"@type":"ListItem","@id":"https:\/\/www.immo-invest.ch\/fr\/categories\/regions\/suisse\/#listItem","name":"Suisse"},"previousItem":{"@type":"ListItem","@id":"https:\/\/www.immo-invest.ch\/fr\/#listItem","name":"Home"}},{"@type":"ListItem","@id":"https:\/\/www.immo-invest.ch\/fr\/categories\/regions\/suisse\/#listItem","position":3,"name":"Suisse","item":"https:\/\/www.immo-invest.ch\/fr\/categories\/regions\/suisse\/","nextItem":{"@type":"ListItem","@id":"https:\/\/www.immo-invest.ch\/fr\/milder-winter-senkt-emissionen-im-gebaeudesektor\/#listItem","name":"Un hiver doux r\u00e9duit les \u00e9missions dans le secteur du b\u00e2timent"},"previousItem":{"@type":"ListItem","@id":"https:\/\/www.immo-invest.ch\/fr\/categories\/regions\/#listItem","name":"R\u00e9gions"}},{"@type":"ListItem","@id":"https:\/\/www.immo-invest.ch\/fr\/milder-winter-senkt-emissionen-im-gebaeudesektor\/#listItem","position":4,"name":"Un hiver doux r\u00e9duit les \u00e9missions dans le secteur du b\u00e2timent","previousItem":{"@type":"ListItem","@id":"https:\/\/www.immo-invest.ch\/fr\/categories\/regions\/suisse\/#listItem","name":"Suisse"}}]},{"@type":"Organization","@id":"https:\/\/www.immo-invest.ch\/fr\/#organization","name":"immo!nvest - Die Plattform f\u00fcr Standorte und Immobilien","description":"Die\u00a0Plattform f\u00fcr Standorte und Immobilien","url":"https:\/\/www.immo-invest.ch\/fr\/","email":"admin@immomedia.ag","telephone":"+41444420002","logo":{"@type":"ImageObject","url":"https:\/\/www.immo-invest.ch\/wp-content\/uploads\/2024\/09\/immoinvest_sm-scaled.jpg","@id":"https:\/\/www.immo-invest.ch\/fr\/milder-winter-senkt-emissionen-im-gebaeudesektor\/#organizationLogo","width":2560,"height":1340},"image":{"@id":"https:\/\/www.immo-invest.ch\/fr\/milder-winter-senkt-emissionen-im-gebaeudesektor\/#organizationLogo"},"sameAs":["https:\/\/www.facebook.com\/people\/Immoinvest\/100077962920504\/","https:\/\/x.com\/i\/flow\/login?redirect_after_login=immoinvest_ch","https:\/\/www.instagram.com\/immoinvest_ch\/","https:\/\/www.linkedin.com\/company\/immoinvest-swiss"]},{"@type":"Person","@id":"https:\/\/www.immo-invest.ch\/fr\/author\/immovestuser\/#author","url":"https:\/\/www.immo-invest.ch\/fr\/author\/immovestuser\/","name":"immovestuser","image":{"@type":"ImageObject","@id":"https:\/\/www.immo-invest.ch\/fr\/milder-winter-senkt-emissionen-im-gebaeudesektor\/#authorImage","url":"https:\/\/secure.gravatar.com\/avatar\/8e01f4d99f2eeea7a362ebb93305e1172a70e9293ba250f897a65c39f54cdd1e?s=96&d=mm&r=g","width":96,"height":96,"caption":"immovestuser"}},{"@type":"WebPage","@id":"https:\/\/www.immo-invest.ch\/fr\/milder-winter-senkt-emissionen-im-gebaeudesektor\/#webpage","url":"https:\/\/www.immo-invest.ch\/fr\/milder-winter-senkt-emissionen-im-gebaeudesektor\/","name":"Un hiver doux r\u00e9duit les \u00e9missions dans le secteur du b\u00e2timent - immo!nvest - Die Plattform f\u00fcr Standorte und Immobilien","description":"Les \u00e9missions de gaz \u00e0 effet de serre en 2022 \u00e9taient de 41,6 millions de tonnes, soit 3,5 millions de tonnes de moins qu'en 2021. Les \u00e9missions ont diminu\u00e9 de mani\u00e8re significative, en particulier dans le secteur du b\u00e2timent. C'est ce qui ressort des enqu\u00eates men\u00e9es par l'Office f\u00e9d\u00e9ral de l'environnement. Cette \u00e9volution est attribu\u00e9e \u00e0 l'hiver doux.","inLanguage":"fr-FR","isPartOf":{"@id":"https:\/\/www.immo-invest.ch\/fr\/#website"},"breadcrumb":{"@id":"https:\/\/www.immo-invest.ch\/fr\/milder-winter-senkt-emissionen-im-gebaeudesektor\/#breadcrumblist"},"author":{"@id":"https:\/\/www.immo-invest.ch\/fr\/author\/immovestuser\/#author"},"creator":{"@id":"https:\/\/www.immo-invest.ch\/fr\/author\/immovestuser\/#author"},"image":{"@type":"ImageObject","url":"https:\/\/www.immo-invest.ch\/wp-content\/uploads\/2024\/04\/Unbenannt-31.png","@id":"https:\/\/www.immo-invest.ch\/fr\/milder-winter-senkt-emissionen-im-gebaeudesektor\/#mainImage","width":1024,"height":1024},"primaryImageOfPage":{"@id":"https:\/\/www.immo-invest.ch\/fr\/milder-winter-senkt-emissionen-im-gebaeudesektor\/#mainImage"},"datePublished":"2024-04-22T15:56:59+02:00","dateModified":"2024-06-13T09:04:13+02:00"},{"@type":"WebSite","@id":"https:\/\/www.immo-invest.ch\/fr\/#website","url":"https:\/\/www.immo-invest.ch\/fr\/","name":"immo!nvest - Die Plattform f\u00fcr Standorte und Immobilien","description":"Die\u00a0Plattform f\u00fcr Standorte und Immobilien","inLanguage":"fr-FR","publisher":{"@id":"https:\/\/www.immo-invest.ch\/fr\/#organization"}}]},"og:locale":"fr_FR","og:site_name":"immo!nvest - Die Plattform f\u00fcr Standorte und Immobilien - Die\u00a0Plattform f\u00fcr Standorte und Immobilien","og:type":"article","og:title":"Un hiver doux r\u00e9duit les \u00e9missions dans le secteur du b\u00e2timent - immo!nvest - Die Plattform f\u00fcr Standorte und Immobilien","og:description":"Les \u00e9missions de gaz \u00e0 effet de serre en 2022 \u00e9taient de 41,6 millions de tonnes, soit 3,5 millions de tonnes de moins qu'en 2021. Les \u00e9missions ont diminu\u00e9 de mani\u00e8re significative, en particulier dans le secteur du b\u00e2timent. C'est ce qui ressort des enqu\u00eates men\u00e9es par l'Office f\u00e9d\u00e9ral de l'environnement. Cette \u00e9volution est attribu\u00e9e \u00e0 l'hiver doux.","og:url":"https:\/\/www.immo-invest.ch\/fr\/milder-winter-senkt-emissionen-im-gebaeudesektor\/","og:image":"https:\/\/www.immo-invest.ch\/wp-content\/uploads\/2024\/04\/Unbenannt-31.png","og:image:secure_url":"https:\/\/www.immo-invest.ch\/wp-content\/uploads\/2024\/04\/Unbenannt-31.png","og:image:width":1024,"og:image:height":1024,"article:published_time":"2024-04-22T13:56:59+00:00","article:modified_time":"2024-06-13T07:04:13+00:00","article:publisher":"https:\/\/www.facebook.com\/people\/Immoinvest\/100077962920504\/","twitter:card":"summary_large_image","twitter:site":"@i","twitter:title":"Un hiver doux r\u00e9duit les \u00e9missions dans le secteur du b\u00e2timent - immo!nvest - Die Plattform f\u00fcr Standorte und Immobilien","twitter:description":"Les \u00e9missions de gaz \u00e0 effet de serre en 2022 \u00e9taient de 41,6 millions de tonnes, soit 3,5 millions de tonnes de moins qu'en 2021. Les \u00e9missions ont diminu\u00e9 de mani\u00e8re significative, en particulier dans le secteur du b\u00e2timent. C'est ce qui ressort des enqu\u00eates men\u00e9es par l'Office f\u00e9d\u00e9ral de l'environnement. Cette \u00e9volution est attribu\u00e9e \u00e0 l'hiver doux.","twitter:creator":"@i","twitter:image":"https:\/\/www.immo-invest.ch\/wp-content\/uploads\/2024\/04\/Unbenannt-31.png"},"aioseo_meta_data":{"post_id":"88041","title":null,"description":null,"keywords":null,"keyphrases":null,"primary_term":null,"canonical_url":null,"og_title":null,"og_description":null,"og_object_type":"default","og_image_type":"default","og_image_url":null,"og_image_width":null,"og_image_height":null,"og_image_custom_url":null,"og_image_custom_fields":null,"og_video":null,"og_custom_url":null,"og_article_section":null,"og_article_tags":null,"twitter_use_og":false,"twitter_card":"default","twitter_image_type":"default","twitter_image_url":null,"twitter_image_custom_url":null,"twitter_image_custom_fields":null,"twitter_title":null,"twitter_description":null,"schema":{"blockGraphs":[],"customGraphs":[],"default":{"data":{"Article":[],"Course":[],"Dataset":[],"FAQPage":[],"Movie":[],"Person":[],"Product":[],"ProductReview":[],"Car":[],"Recipe":[],"Service":[],"SoftwareApplication":[],"WebPage":[]},"graphName":"","isEnabled":true},"graphs":[]},"schema_type":"default","schema_type_options":null,"pillar_content":false,"robots_default":true,"robots_noindex":false,"robots_noarchive":false,"robots_nosnippet":false,"robots_nofollow":false,"robots_noimageindex":false,"robots_noodp":false,"robots_notranslate":false,"robots_max_snippet":null,"robots_max_videopreview":null,"robots_max_imagepreview":"large","priority":null,"frequency":null,"local_seo":null,"breadcrumb_settings":null,"limit_modified_date":false,"ai":null,"created":"2024-09-20 18:42:58","updated":"2025-10-24 01:00:14","seo_analyzer_scan_date":null,"focus_keyword":null,"additional_keywords":null,"truseo_locale":null},"aioseo_breadcrumb":"<div class=\"aioseo-breadcrumbs\"><span class=\"aioseo-breadcrumb\">\n\t\t\t<a href=\"https:\/\/www.immo-invest.ch\/fr\/\" title=\"Home\">Home<\/a>\n\t\t<\/span><span class=\"aioseo-breadcrumb-separator\">&raquo;<\/span><span class=\"aioseo-breadcrumb\">\n\t\t\t<a href=\"https:\/\/www.immo-invest.ch\/fr\/categories\/regions\/\" title=\"R\u00e9gions\">R\u00e9gions<\/a>\n\t\t<\/span><span class=\"aioseo-breadcrumb-separator\">&raquo;<\/span><span class=\"aioseo-breadcrumb\">\n\t\t\t<a href=\"https:\/\/www.immo-invest.ch\/fr\/categories\/regions\/suisse\/\" title=\"Suisse\">Suisse<\/a>\n\t\t<\/span><span class=\"aioseo-breadcrumb-separator\">&raquo;<\/span><span class=\"aioseo-breadcrumb\">\n\t\t\tUn hiver doux r\u00e9duit les \u00e9missions dans le secteur du b\u00e2timent\n\t\t<\/span><\/div>","aioseo_breadcrumb_json":[{"label":"Home","link":"https:\/\/www.immo-invest.ch\/fr\/"},{"label":"R\u00e9gions","link":"https:\/\/www.immo-invest.ch\/fr\/categories\/regions\/"},{"label":"Suisse","link":"https:\/\/www.immo-invest.ch\/fr\/categories\/regions\/suisse\/"},{"label":"Un hiver doux r\u00e9duit les \u00e9missions dans le secteur du b\u00e2timent","link":"https:\/\/www.immo-invest.ch\/fr\/milder-winter-senkt-emissionen-im-gebaeudesektor\/"}],"featured_image_src":"https:\/\/www.immo-invest.ch\/wp-content\/uploads\/2024\/04\/Unbenannt-31-336x168.png","_links":{"self":[{"href":"https:\/\/www.immo-invest.ch\/fr\/wp-json\/wp\/v2\/posts\/88041","targetHints":{"allow":["GET"]}}],"collection":[{"href":"https:\/\/www.immo-invest.ch\/fr\/wp-json\/wp\/v2\/posts"}],"about":[{"href":"https:\/\/www.immo-invest.ch\/fr\/wp-json\/wp\/v2\/types\/post"}],"author":[{"embeddable":true,"href":"https:\/\/www.immo-invest.ch\/fr\/wp-json\/wp\/v2\/users\/2"}],"replies":[{"embeddable":true,"href":"https:\/\/www.immo-invest.ch\/fr\/wp-json\/wp\/v2\/comments?post=88041"}],"version-history":[{"count":0,"href":"https:\/\/www.immo-invest.ch\/fr\/wp-json\/wp\/v2\/posts\/88041\/revisions"}],"wp:featuredmedia":[{"embeddable":true,"href":"https:\/\/www.immo-invest.ch\/fr\/wp-json\/wp\/v2\/media\/88036"}],"wp:attachment":[{"href":"https:\/\/www.immo-invest.ch\/fr\/wp-json\/wp\/v2\/media?parent=88041"}],"wp:term":[{"taxonomy":"category","embeddable":true,"href":"https:\/\/www.immo-invest.ch\/fr\/wp-json\/wp\/v2\/categories?post=88041"},{"taxonomy":"post_tag","embeddable":true,"href":"https:\/\/www.immo-invest.ch\/fr\/wp-json\/wp\/v2\/tags?post=88041"}],"curies":[{"name":"wp","href":"https:\/\/api.w.org\/{rel}","templated":true}]}}