{"id":87361,"date":"2024-04-16T10:08:27","date_gmt":"2024-04-16T08:08:27","guid":{"rendered":"https:\/\/www.immo-invest.ch\/erster-schweizer-wasserstoffkongress-2\/"},"modified":"2024-04-16T13:41:06","modified_gmt":"2024-04-16T11:41:06","slug":"erster-schweizer-wasserstoffkongress","status":"publish","type":"post","link":"https:\/\/www.immo-invest.ch\/fr\/erster-schweizer-wasserstoffkongress\/","title":{"rendered":"Premier congr\u00e8s suisse sur l&rsquo;hydrog\u00e8ne"},"content":{"rendered":"<p class=\"wp-block-paragraph\">Le premier congr&egrave;s suisse sur l&rsquo;hydrog&egrave;ne s&rsquo;est tenu le 28 mars &agrave; Yverdon-les-Bains. L&rsquo;&eacute;v&eacute;nement a r&eacute;uni des entrepreneurs, des sp&eacute;cialistes du monde scientifique et &eacute;conomique ainsi que des d&eacute;cideurs politiques. La diversit&eacute; des intervenants a permis d&rsquo;aborder le sujet sous de nombreux aspects. Organis&eacute; en collaboration avec Planair, <span class=\"glossaryLink\" aria-describedby=\"tt\" data-cmtooltip=\"&lt;div class=glossaryItemTitle&gt;Cleantech&lt;\/div&gt;&lt;div class=glossaryItemBody&gt;Engl. f&uuml;r saubere Technologien; bezeichnet Produkte oder Dienstleistungen, welche die operationale Leistung, Produktivit&auml;t oder die Effizienz steigern und gleichzeitig Kosten, nat&uuml;rliche Ressourcen, Energieverbrauch, Abf&auml;lle oder Verschmutzung reduzieren&lt;\/div&gt;\" data-mobile-support=\"0\" data-gt-translate-attributes='[{\"attribute\":\"data-cmtooltip\", \"format\":\"html\"}]' tabindex=\"0\" role=\"link\">CleanTech<\/span> Alps et le r&eacute;seau H2 de Suisse occidentale, le premier congr&egrave;s suisse sur l&rsquo;hydrog&egrave;ne a &eacute;t&eacute; un v&eacute;ritable succ&egrave;s.<\/p>\n\n\n\n<p class=\"wp-block-paragraph\">L&rsquo;hydrog&egrave;ne n&rsquo;est pas la panac&eacute;e pour r&eacute;soudre tous les probl&egrave;mes &eacute;nerg&eacute;tiques de la Suisse, mais il offre de nombreuses possibilit&eacute;s. Le premier congr&egrave;s suisse sur l&rsquo;hydrog&egrave;ne a donn&eacute; lieu &agrave; des &eacute;changes fructueux et &agrave; une forte collaboration. Cela montre l&rsquo;importance du sujet pour la Suisse, et tous les participants sont pr&ecirc;ts &agrave; travailler ensemble pour renforcer la comp&eacute;titivit&eacute; du pays et construire un avenir &eacute;nerg&eacute;tique durable.<\/p>\n\n\n\n<p class=\"wp-block-paragraph\"><strong>Ce qu&rsquo;il faut retenir de cette journ&eacute;e<\/strong><br>Les repr&eacute;sentants des secteurs de l&rsquo;&eacute;nergie, du gaz et de l&rsquo;industrie, les entrepreneurs et les hommes politiques sont unanimes : la Suisse doit absolument &ecirc;tre connect&eacute;e au r&eacute;seau europ&eacute;en. Il est crucial que notre pays ne rate pas cette occasion.<\/p>\n\n\n\n<p class=\"wp-block-paragraph\">Un autre point important est la demande d&rsquo;une strat&eacute;gie claire et de conditions-cadres appropri&eacute;es de la part de la Conf&eacute;d&eacute;ration pour faire avancer le march&eacute;.<\/p>\n\n\n\n<p class=\"wp-block-paragraph\">Malgr&eacute; les d&eacute;fis op&eacute;rationnels existants, le congr&egrave;s a permis de tirer des bilans positifs de projets en cours tels que Green Gaz &agrave; Aigle et Hydrospider. Les participants ont eu un aper&ccedil;u du d&eacute;veloppement de projets d&rsquo;hydrog&egrave;ne tels que H2 Bois, Gruy&egrave;re Hydrog&egrave;ne Power et Prhysm.<\/p>\n\n\n\n<p class=\"wp-block-paragraph\">De plus, aeesuisse a pr&eacute;sent&eacute; son positionnement sur l&rsquo;hydrog&egrave;ne avec la publication de la brochure &laquo;&nbsp;10 points sur l&rsquo;hydrog&egrave;ne&nbsp;&raquo;.<\/p>\n\n\n\n<p class=\"wp-block-paragraph\"><strong>Une passion qui d&eacute;passe nos fronti&egrave;res<\/strong><br>L&rsquo;hydrog&egrave;ne est plus que jamais un sujet d&rsquo;actualit&eacute;. Il fait bouger les sp&eacute;cialistes et les politiques au-del&agrave; des fronti&egrave;res de la Suisse. En Europe, les discussions sur ses opportunit&eacute;s et ses risques s&rsquo;acc&eacute;l&egrave;rent et battent leur plein. La Suisse et son pool de comp&eacute;tences ont un r&ocirc;le cl&eacute; &agrave; jouer dans ce contexte. &laquo;&nbsp;Nous assistons actuellement &agrave; un fort engouement pour l&rsquo;hydrog&egrave;ne, avec de grandes annonces au niveau international. La Suisse est &agrave; la pointe de l&rsquo;<span class=\"glossaryLink\" aria-describedby=\"tt\" data-cmtooltip=\"&lt;div class=glossaryItemTitle&gt;Innovation&lt;\/div&gt;&lt;div class=glossaryItemBody&gt;Innovation in der heutigen Immobilienwelt bedeutet vor allem Digitalisierung von Prozessen. Zum Beispiel das Eliminieren von Tausenden von Excel-Bl&auml;ttern f&uuml;r Portfolio- und Asset-Manager oder das Erstellen einer Anwendung (App) f&uuml;r alle Formalit&auml;ten rund um die Beziehung zwischen Immobilieneigent&uuml;mern, - verwaltung und -mietern.&lt;\/div&gt;\" data-mobile-support=\"0\" data-gt-translate-attributes='[{\"attribute\":\"data-cmtooltip\", \"format\":\"html\"}]' tabindex=\"0\" role=\"link\">innovation<\/span> dans de nombreux domaines, comme la compression ou le stockage. Nous devons donc renforcer notre position de leader et ne pas nous laisser d&eacute;passer par nos concurrents europ&eacute;ens&nbsp;&raquo;, explique Laurent Scacchi Directeur pour la Suisse romande d&rsquo;aeesuisse.<\/p>\n","protected":false},"excerpt":{"rendered":"<p>Le 28 mars, le premier congr\u00e8s suisse sur l&rsquo;hydrog\u00e8ne s&rsquo;est tenu \u00e0 Yverdon-les-Bains. Des participants issus des milieux scientifiques, \u00e9conomiques et politiques se sont r\u00e9unis pour aborder le sujet sous diff\u00e9rents angles. L&rsquo;\u00e9v\u00e9nement, organis\u00e9 en coop\u00e9ration avec Planair, CleanTech Alps et le r\u00e9seau H2 de Suisse occidentale, a \u00e9t\u00e9 un succ\u00e8s.<\/p>\n","protected":false},"author":2,"featured_media":87155,"comment_status":"open","ping_status":"open","sticky":false,"template":"","format":"standard","meta":{"pmpro_default_level":"0","inline_featured_image":false,"_monsterinsights_skip_tracking":false,"footnotes":""},"categories":[22699,8747,9440],"tags":[45981,5721,2807,17051,2163,2420,3760,13639],"class_list":["post-87361","post","type-post","status-publish","format-standard","has-post-thumbnail","hentry","category-durabilite","category-energie","category-region-romandie-fr","tag-network-fr","tag-netzwerk-fr","tag-politik-fr","tag-unternehmer-fr","tag-wasserstoff-fr","tag-wirtschaft-fr","tag-wissenschaft","tag-zusammenarbeit-fr","pmpro-has-access"],"acf":{"bild_mit_ki_erstellt_worden":[],"lead":"Le 28 mars, le premier congr\u00e8s suisse sur l'hydrog\u00e8ne s'est tenu \u00e0 Yverdon-les-Bains. Des participants issus des milieux scientifiques, \u00e9conomiques et politiques se sont r\u00e9unis pour aborder le sujet sous diff\u00e9rents angles. L'\u00e9v\u00e9nement, organis\u00e9 en coop\u00e9ration avec Planair, CleanTech Alps et le r\u00e9seau H2 de Suisse occidentale, a \u00e9t\u00e9 un succ\u00e8s.","autor":"Quelle: aeesuisse","ort":"","bildunterschrift":"","bild_im_grid":false,"gallerie":"","newsim":""},"aioseo_notices":[],"aioseo_head":"\n\t\t<!-- All in One SEO 5.0.0.1 - aioseo.com -->\n\t<meta name=\"description\" content=\"Le 28 mars, le premier congr\u00e8s suisse sur l&#039;hydrog\u00e8ne s&#039;est tenu \u00e0 Yverdon-les-Bains. Des participants issus des milieux scientifiques, \u00e9conomiques et politiques se sont r\u00e9unis pour aborder le sujet sous diff\u00e9rents angles. L&#039;\u00e9v\u00e9nement, organis\u00e9 en coop\u00e9ration avec Planair, CleanTech Alps et le r\u00e9seau H2 de Suisse occidentale, a \u00e9t\u00e9 un succ\u00e8s.\" \/>\n\t<meta name=\"robots\" content=\"max-image-preview:large\" \/>\n\t<meta name=\"author\" content=\"immovestuser\"\/>\n\t<meta name=\"google-site-verification\" content=\"fHJKvgWpZCR2zVBHWfkQeFXC11qieUSff0HGNYfuyLA\" \/>\n\t<link rel=\"canonical\" href=\"https:\/\/www.immo-invest.ch\/fr\/erster-schweizer-wasserstoffkongress\/\" \/>\n\t<meta name=\"generator\" content=\"All in One SEO (AIOSEO) 5.0.0.1\" \/>\n\t\t<meta property=\"og:locale\" content=\"fr_FR\" \/>\n\t\t<meta property=\"og:site_name\" content=\"immo!nvest - Die Plattform f\u00fcr Standorte und Immobilien - Die\u00a0Plattform f\u00fcr Standorte und Immobilien\" \/>\n\t\t<meta property=\"og:type\" content=\"article\" \/>\n\t\t<meta property=\"og:title\" content=\"Premier congr\u00e8s suisse sur l\u2019hydrog\u00e8ne - immo!nvest - Die Plattform f\u00fcr Standorte und Immobilien\" \/>\n\t\t<meta property=\"og:description\" content=\"Le 28 mars, le premier congr\u00e8s suisse sur l&#039;hydrog\u00e8ne s&#039;est tenu \u00e0 Yverdon-les-Bains. Des participants issus des milieux scientifiques, \u00e9conomiques et politiques se sont r\u00e9unis pour aborder le sujet sous diff\u00e9rents angles. L&#039;\u00e9v\u00e9nement, organis\u00e9 en coop\u00e9ration avec Planair, CleanTech Alps et le r\u00e9seau H2 de Suisse occidentale, a \u00e9t\u00e9 un succ\u00e8s.\" \/>\n\t\t<meta property=\"og:url\" content=\"https:\/\/www.immo-invest.ch\/fr\/erster-schweizer-wasserstoffkongress\/\" \/>\n\t\t<meta property=\"og:image\" content=\"https:\/\/www.immo-invest.ch\/wp-content\/uploads\/2024\/04\/2024-04-16-09_29_13-scacchi-randin-3-scaled.jpeg-502\u00d7335-e1713254199772.png\" \/>\n\t\t<meta property=\"og:image:secure_url\" content=\"https:\/\/www.immo-invest.ch\/wp-content\/uploads\/2024\/04\/2024-04-16-09_29_13-scacchi-randin-3-scaled.jpeg-502\u00d7335-e1713254199772.png\" \/>\n\t\t<meta property=\"og:image:width\" content=\"996\" \/>\n\t\t<meta property=\"og:image:height\" content=\"498\" \/>\n\t\t<meta property=\"article:published_time\" content=\"2024-04-16T08:08:27+00:00\" \/>\n\t\t<meta property=\"article:modified_time\" content=\"2024-04-16T11:41:06+00:00\" \/>\n\t\t<meta property=\"article:publisher\" content=\"https:\/\/www.facebook.com\/people\/Immoinvest\/100077962920504\/\" \/>\n\t\t<meta name=\"twitter:card\" content=\"summary_large_image\" \/>\n\t\t<meta name=\"twitter:site\" content=\"@i\" \/>\n\t\t<meta name=\"twitter:title\" content=\"Premier congr\u00e8s suisse sur l\u2019hydrog\u00e8ne - immo!nvest - Die Plattform f\u00fcr Standorte und Immobilien\" \/>\n\t\t<meta name=\"twitter:description\" content=\"Le 28 mars, le premier congr\u00e8s suisse sur l&#039;hydrog\u00e8ne s&#039;est tenu \u00e0 Yverdon-les-Bains. Des participants issus des milieux scientifiques, \u00e9conomiques et politiques se sont r\u00e9unis pour aborder le sujet sous diff\u00e9rents angles. L&#039;\u00e9v\u00e9nement, organis\u00e9 en coop\u00e9ration avec Planair, CleanTech Alps et le r\u00e9seau H2 de Suisse occidentale, a \u00e9t\u00e9 un succ\u00e8s.\" \/>\n\t\t<meta name=\"twitter:creator\" content=\"@i\" \/>\n\t\t<meta name=\"twitter:image\" content=\"https:\/\/www.immo-invest.ch\/wp-content\/uploads\/2024\/04\/2024-04-16-09_29_13-scacchi-randin-3-scaled.jpeg-502\u00d7335-e1713254199772.png\" \/>\n\t\t<script type=\"application\/ld+json\" class=\"aioseo-schema\">\n\t\t\t{\"@context\":\"https:\\\/\\\/schema.org\",\"@graph\":[{\"@type\":\"BlogPosting\",\"@id\":\"https:\\\/\\\/www.immo-invest.ch\\\/fr\\\/erster-schweizer-wasserstoffkongress\\\/#blogposting\",\"name\":\"Premier congr\\u00e8s suisse sur l\\u2019hydrog\\u00e8ne - immo!nvest - Die Plattform f\\u00fcr Standorte und Immobilien\",\"headline\":\"Premier congr\\u00e8s suisse sur l&rsquo;hydrog\\u00e8ne\",\"author\":{\"@id\":\"https:\\\/\\\/www.immo-invest.ch\\\/fr\\\/author\\\/immovestuser\\\/#author\"},\"publisher\":{\"@id\":\"https:\\\/\\\/www.immo-invest.ch\\\/fr\\\/#organization\"},\"image\":{\"@type\":\"ImageObject\",\"url\":\"https:\\\/\\\/www.immo-invest.ch\\\/wp-content\\\/uploads\\\/2024\\\/04\\\/2024-04-16-09_29_13-scacchi-randin-3-scaled.jpeg-502\\u00d7335-e1713254199772.png\",\"width\":996,\"height\":498},\"datePublished\":\"2024-04-16T10:08:27+02:00\",\"dateModified\":\"2024-04-16T13:41:06+02:00\",\"inLanguage\":\"fr-FR\",\"mainEntityOfPage\":{\"@id\":\"https:\\\/\\\/www.immo-invest.ch\\\/fr\\\/erster-schweizer-wasserstoffkongress\\\/#webpage\"},\"isPartOf\":{\"@id\":\"https:\\\/\\\/www.immo-invest.ch\\\/fr\\\/erster-schweizer-wasserstoffkongress\\\/#webpage\"},\"articleSection\":\"Durabilit\\u00e9, \\u00c9nergie, Romandie, Network, Netzwerk, Politik, Unternehmer, Wasserstoff, wirtschaft, Wissenschaft, Zusammenarbeit, Facultatif\"},{\"@type\":\"BreadcrumbList\",\"@id\":\"https:\\\/\\\/www.immo-invest.ch\\\/fr\\\/erster-schweizer-wasserstoffkongress\\\/#breadcrumblist\",\"itemListElement\":[{\"@type\":\"ListItem\",\"@id\":\"https:\\\/\\\/www.immo-invest.ch\\\/fr\\\/#listItem\",\"position\":1,\"name\":\"Home\",\"item\":\"https:\\\/\\\/www.immo-invest.ch\\\/fr\\\/\",\"nextItem\":{\"@type\":\"ListItem\",\"@id\":\"https:\\\/\\\/www.immo-invest.ch\\\/fr\\\/categories\\\/regions\\\/#listItem\",\"name\":\"R\\u00e9gions\"}},{\"@type\":\"ListItem\",\"@id\":\"https:\\\/\\\/www.immo-invest.ch\\\/fr\\\/categories\\\/regions\\\/#listItem\",\"position\":2,\"name\":\"R\\u00e9gions\",\"item\":\"https:\\\/\\\/www.immo-invest.ch\\\/fr\\\/categories\\\/regions\\\/\",\"nextItem\":{\"@type\":\"ListItem\",\"@id\":\"https:\\\/\\\/www.immo-invest.ch\\\/fr\\\/categories\\\/regions\\\/region-romandie-fr\\\/#listItem\",\"name\":\"Romandie\"},\"previousItem\":{\"@type\":\"ListItem\",\"@id\":\"https:\\\/\\\/www.immo-invest.ch\\\/fr\\\/#listItem\",\"name\":\"Home\"}},{\"@type\":\"ListItem\",\"@id\":\"https:\\\/\\\/www.immo-invest.ch\\\/fr\\\/categories\\\/regions\\\/region-romandie-fr\\\/#listItem\",\"position\":3,\"name\":\"Romandie\",\"item\":\"https:\\\/\\\/www.immo-invest.ch\\\/fr\\\/categories\\\/regions\\\/region-romandie-fr\\\/\",\"nextItem\":{\"@type\":\"ListItem\",\"@id\":\"https:\\\/\\\/www.immo-invest.ch\\\/fr\\\/erster-schweizer-wasserstoffkongress\\\/#listItem\",\"name\":\"Premier congr\\u00e8s suisse sur l&rsquo;hydrog\\u00e8ne\"},\"previousItem\":{\"@type\":\"ListItem\",\"@id\":\"https:\\\/\\\/www.immo-invest.ch\\\/fr\\\/categories\\\/regions\\\/#listItem\",\"name\":\"R\\u00e9gions\"}},{\"@type\":\"ListItem\",\"@id\":\"https:\\\/\\\/www.immo-invest.ch\\\/fr\\\/erster-schweizer-wasserstoffkongress\\\/#listItem\",\"position\":4,\"name\":\"Premier congr\\u00e8s suisse sur l&rsquo;hydrog\\u00e8ne\",\"previousItem\":{\"@type\":\"ListItem\",\"@id\":\"https:\\\/\\\/www.immo-invest.ch\\\/fr\\\/categories\\\/regions\\\/region-romandie-fr\\\/#listItem\",\"name\":\"Romandie\"}}]},{\"@type\":\"Organization\",\"@id\":\"https:\\\/\\\/www.immo-invest.ch\\\/fr\\\/#organization\",\"name\":\"immo!nvest - Die Plattform f\\u00fcr Standorte und Immobilien\",\"description\":\"Die\\u00a0Plattform f\\u00fcr Standorte und Immobilien\",\"url\":\"https:\\\/\\\/www.immo-invest.ch\\\/fr\\\/\",\"email\":\"admin@immomedia.ag\",\"telephone\":\"+41444420002\",\"logo\":{\"@type\":\"ImageObject\",\"url\":\"https:\\\/\\\/www.immo-invest.ch\\\/wp-content\\\/uploads\\\/2024\\\/09\\\/immoinvest_sm-scaled.jpg\",\"@id\":\"https:\\\/\\\/www.immo-invest.ch\\\/fr\\\/erster-schweizer-wasserstoffkongress\\\/#organizationLogo\",\"width\":2560,\"height\":1340},\"image\":{\"@id\":\"https:\\\/\\\/www.immo-invest.ch\\\/fr\\\/erster-schweizer-wasserstoffkongress\\\/#organizationLogo\"},\"sameAs\":[\"https:\\\/\\\/www.facebook.com\\\/people\\\/Immoinvest\\\/100077962920504\\\/\",\"https:\\\/\\\/x.com\\\/i\\\/flow\\\/login?redirect_after_login=immoinvest_ch\",\"https:\\\/\\\/www.instagram.com\\\/immoinvest_ch\\\/\",\"https:\\\/\\\/www.linkedin.com\\\/company\\\/immoinvest-swiss\"]},{\"@type\":\"Person\",\"@id\":\"https:\\\/\\\/www.immo-invest.ch\\\/fr\\\/author\\\/immovestuser\\\/#author\",\"url\":\"https:\\\/\\\/www.immo-invest.ch\\\/fr\\\/author\\\/immovestuser\\\/\",\"name\":\"immovestuser\",\"image\":{\"@type\":\"ImageObject\",\"@id\":\"https:\\\/\\\/www.immo-invest.ch\\\/fr\\\/erster-schweizer-wasserstoffkongress\\\/#authorImage\",\"url\":\"https:\\\/\\\/secure.gravatar.com\\\/avatar\\\/8e01f4d99f2eeea7a362ebb93305e1172a70e9293ba250f897a65c39f54cdd1e?s=96&d=mm&r=g\",\"width\":96,\"height\":96,\"caption\":\"immovestuser\"}},{\"@type\":\"WebPage\",\"@id\":\"https:\\\/\\\/www.immo-invest.ch\\\/fr\\\/erster-schweizer-wasserstoffkongress\\\/#webpage\",\"url\":\"https:\\\/\\\/www.immo-invest.ch\\\/fr\\\/erster-schweizer-wasserstoffkongress\\\/\",\"name\":\"Premier congr\\u00e8s suisse sur l\\u2019hydrog\\u00e8ne - immo!nvest - Die Plattform f\\u00fcr Standorte und Immobilien\",\"description\":\"Le 28 mars, le premier congr\\u00e8s suisse sur l'hydrog\\u00e8ne s'est tenu \\u00e0 Yverdon-les-Bains. Des participants issus des milieux scientifiques, \\u00e9conomiques et politiques se sont r\\u00e9unis pour aborder le sujet sous diff\\u00e9rents angles. L'\\u00e9v\\u00e9nement, organis\\u00e9 en coop\\u00e9ration avec Planair, CleanTech Alps et le r\\u00e9seau H2 de Suisse occidentale, a \\u00e9t\\u00e9 un succ\\u00e8s.\",\"inLanguage\":\"fr-FR\",\"isPartOf\":{\"@id\":\"https:\\\/\\\/www.immo-invest.ch\\\/fr\\\/#website\"},\"breadcrumb\":{\"@id\":\"https:\\\/\\\/www.immo-invest.ch\\\/fr\\\/erster-schweizer-wasserstoffkongress\\\/#breadcrumblist\"},\"author\":{\"@id\":\"https:\\\/\\\/www.immo-invest.ch\\\/fr\\\/author\\\/immovestuser\\\/#author\"},\"creator\":{\"@id\":\"https:\\\/\\\/www.immo-invest.ch\\\/fr\\\/author\\\/immovestuser\\\/#author\"},\"image\":{\"@type\":\"ImageObject\",\"url\":\"https:\\\/\\\/www.immo-invest.ch\\\/wp-content\\\/uploads\\\/2024\\\/04\\\/2024-04-16-09_29_13-scacchi-randin-3-scaled.jpeg-502\\u00d7335-e1713254199772.png\",\"@id\":\"https:\\\/\\\/www.immo-invest.ch\\\/fr\\\/erster-schweizer-wasserstoffkongress\\\/#mainImage\",\"width\":996,\"height\":498},\"primaryImageOfPage\":{\"@id\":\"https:\\\/\\\/www.immo-invest.ch\\\/fr\\\/erster-schweizer-wasserstoffkongress\\\/#mainImage\"},\"datePublished\":\"2024-04-16T10:08:27+02:00\",\"dateModified\":\"2024-04-16T13:41:06+02:00\"},{\"@type\":\"WebSite\",\"@id\":\"https:\\\/\\\/www.immo-invest.ch\\\/fr\\\/#website\",\"url\":\"https:\\\/\\\/www.immo-invest.ch\\\/fr\\\/\",\"name\":\"immo!nvest - Die Plattform f\\u00fcr Standorte und Immobilien\",\"description\":\"Die\\u00a0Plattform f\\u00fcr Standorte und Immobilien\",\"inLanguage\":\"fr-FR\",\"publisher\":{\"@id\":\"https:\\\/\\\/www.immo-invest.ch\\\/fr\\\/#organization\"}}]}\n\t\t<\/script>\n\t\t<!-- All in One SEO -->\n\n","aioseo_head_json":{"title":"Premier congr\u00e8s suisse sur l\u2019hydrog\u00e8ne - immo!nvest - Die Plattform f\u00fcr Standorte und Immobilien","description":"Le 28 mars, le premier congr\u00e8s suisse sur l'hydrog\u00e8ne s'est tenu \u00e0 Yverdon-les-Bains. Des participants issus des milieux scientifiques, \u00e9conomiques et politiques se sont r\u00e9unis pour aborder le sujet sous diff\u00e9rents angles. L'\u00e9v\u00e9nement, organis\u00e9 en coop\u00e9ration avec Planair, CleanTech Alps et le r\u00e9seau H2 de Suisse occidentale, a \u00e9t\u00e9 un succ\u00e8s.","canonical_url":"https:\/\/www.immo-invest.ch\/fr\/erster-schweizer-wasserstoffkongress\/","robots":"max-image-preview:large","keywords":"","webmasterTools":{"google-site-verification":"fHJKvgWpZCR2zVBHWfkQeFXC11qieUSff0HGNYfuyLA","miscellaneous":""},"schema":{"@context":"https:\/\/schema.org","@graph":[{"@type":"BlogPosting","@id":"https:\/\/www.immo-invest.ch\/fr\/erster-schweizer-wasserstoffkongress\/#blogposting","name":"Premier congr\u00e8s suisse sur l\u2019hydrog\u00e8ne - immo!nvest - Die Plattform f\u00fcr Standorte und Immobilien","headline":"Premier congr\u00e8s suisse sur l&rsquo;hydrog\u00e8ne","author":{"@id":"https:\/\/www.immo-invest.ch\/fr\/author\/immovestuser\/#author"},"publisher":{"@id":"https:\/\/www.immo-invest.ch\/fr\/#organization"},"image":{"@type":"ImageObject","url":"https:\/\/www.immo-invest.ch\/wp-content\/uploads\/2024\/04\/2024-04-16-09_29_13-scacchi-randin-3-scaled.jpeg-502\u00d7335-e1713254199772.png","width":996,"height":498},"datePublished":"2024-04-16T10:08:27+02:00","dateModified":"2024-04-16T13:41:06+02:00","inLanguage":"fr-FR","mainEntityOfPage":{"@id":"https:\/\/www.immo-invest.ch\/fr\/erster-schweizer-wasserstoffkongress\/#webpage"},"isPartOf":{"@id":"https:\/\/www.immo-invest.ch\/fr\/erster-schweizer-wasserstoffkongress\/#webpage"},"articleSection":"Durabilit\u00e9, \u00c9nergie, Romandie, Network, Netzwerk, Politik, Unternehmer, Wasserstoff, wirtschaft, Wissenschaft, Zusammenarbeit, Facultatif"},{"@type":"BreadcrumbList","@id":"https:\/\/www.immo-invest.ch\/fr\/erster-schweizer-wasserstoffkongress\/#breadcrumblist","itemListElement":[{"@type":"ListItem","@id":"https:\/\/www.immo-invest.ch\/fr\/#listItem","position":1,"name":"Home","item":"https:\/\/www.immo-invest.ch\/fr\/","nextItem":{"@type":"ListItem","@id":"https:\/\/www.immo-invest.ch\/fr\/categories\/regions\/#listItem","name":"R\u00e9gions"}},{"@type":"ListItem","@id":"https:\/\/www.immo-invest.ch\/fr\/categories\/regions\/#listItem","position":2,"name":"R\u00e9gions","item":"https:\/\/www.immo-invest.ch\/fr\/categories\/regions\/","nextItem":{"@type":"ListItem","@id":"https:\/\/www.immo-invest.ch\/fr\/categories\/regions\/region-romandie-fr\/#listItem","name":"Romandie"},"previousItem":{"@type":"ListItem","@id":"https:\/\/www.immo-invest.ch\/fr\/#listItem","name":"Home"}},{"@type":"ListItem","@id":"https:\/\/www.immo-invest.ch\/fr\/categories\/regions\/region-romandie-fr\/#listItem","position":3,"name":"Romandie","item":"https:\/\/www.immo-invest.ch\/fr\/categories\/regions\/region-romandie-fr\/","nextItem":{"@type":"ListItem","@id":"https:\/\/www.immo-invest.ch\/fr\/erster-schweizer-wasserstoffkongress\/#listItem","name":"Premier congr\u00e8s suisse sur l&rsquo;hydrog\u00e8ne"},"previousItem":{"@type":"ListItem","@id":"https:\/\/www.immo-invest.ch\/fr\/categories\/regions\/#listItem","name":"R\u00e9gions"}},{"@type":"ListItem","@id":"https:\/\/www.immo-invest.ch\/fr\/erster-schweizer-wasserstoffkongress\/#listItem","position":4,"name":"Premier congr\u00e8s suisse sur l&rsquo;hydrog\u00e8ne","previousItem":{"@type":"ListItem","@id":"https:\/\/www.immo-invest.ch\/fr\/categories\/regions\/region-romandie-fr\/#listItem","name":"Romandie"}}]},{"@type":"Organization","@id":"https:\/\/www.immo-invest.ch\/fr\/#organization","name":"immo!nvest - Die Plattform f\u00fcr Standorte und Immobilien","description":"Die\u00a0Plattform f\u00fcr Standorte und Immobilien","url":"https:\/\/www.immo-invest.ch\/fr\/","email":"admin@immomedia.ag","telephone":"+41444420002","logo":{"@type":"ImageObject","url":"https:\/\/www.immo-invest.ch\/wp-content\/uploads\/2024\/09\/immoinvest_sm-scaled.jpg","@id":"https:\/\/www.immo-invest.ch\/fr\/erster-schweizer-wasserstoffkongress\/#organizationLogo","width":2560,"height":1340},"image":{"@id":"https:\/\/www.immo-invest.ch\/fr\/erster-schweizer-wasserstoffkongress\/#organizationLogo"},"sameAs":["https:\/\/www.facebook.com\/people\/Immoinvest\/100077962920504\/","https:\/\/x.com\/i\/flow\/login?redirect_after_login=immoinvest_ch","https:\/\/www.instagram.com\/immoinvest_ch\/","https:\/\/www.linkedin.com\/company\/immoinvest-swiss"]},{"@type":"Person","@id":"https:\/\/www.immo-invest.ch\/fr\/author\/immovestuser\/#author","url":"https:\/\/www.immo-invest.ch\/fr\/author\/immovestuser\/","name":"immovestuser","image":{"@type":"ImageObject","@id":"https:\/\/www.immo-invest.ch\/fr\/erster-schweizer-wasserstoffkongress\/#authorImage","url":"https:\/\/secure.gravatar.com\/avatar\/8e01f4d99f2eeea7a362ebb93305e1172a70e9293ba250f897a65c39f54cdd1e?s=96&d=mm&r=g","width":96,"height":96,"caption":"immovestuser"}},{"@type":"WebPage","@id":"https:\/\/www.immo-invest.ch\/fr\/erster-schweizer-wasserstoffkongress\/#webpage","url":"https:\/\/www.immo-invest.ch\/fr\/erster-schweizer-wasserstoffkongress\/","name":"Premier congr\u00e8s suisse sur l\u2019hydrog\u00e8ne - immo!nvest - Die Plattform f\u00fcr Standorte und Immobilien","description":"Le 28 mars, le premier congr\u00e8s suisse sur l'hydrog\u00e8ne s'est tenu \u00e0 Yverdon-les-Bains. Des participants issus des milieux scientifiques, \u00e9conomiques et politiques se sont r\u00e9unis pour aborder le sujet sous diff\u00e9rents angles. L'\u00e9v\u00e9nement, organis\u00e9 en coop\u00e9ration avec Planair, CleanTech Alps et le r\u00e9seau H2 de Suisse occidentale, a \u00e9t\u00e9 un succ\u00e8s.","inLanguage":"fr-FR","isPartOf":{"@id":"https:\/\/www.immo-invest.ch\/fr\/#website"},"breadcrumb":{"@id":"https:\/\/www.immo-invest.ch\/fr\/erster-schweizer-wasserstoffkongress\/#breadcrumblist"},"author":{"@id":"https:\/\/www.immo-invest.ch\/fr\/author\/immovestuser\/#author"},"creator":{"@id":"https:\/\/www.immo-invest.ch\/fr\/author\/immovestuser\/#author"},"image":{"@type":"ImageObject","url":"https:\/\/www.immo-invest.ch\/wp-content\/uploads\/2024\/04\/2024-04-16-09_29_13-scacchi-randin-3-scaled.jpeg-502\u00d7335-e1713254199772.png","@id":"https:\/\/www.immo-invest.ch\/fr\/erster-schweizer-wasserstoffkongress\/#mainImage","width":996,"height":498},"primaryImageOfPage":{"@id":"https:\/\/www.immo-invest.ch\/fr\/erster-schweizer-wasserstoffkongress\/#mainImage"},"datePublished":"2024-04-16T10:08:27+02:00","dateModified":"2024-04-16T13:41:06+02:00"},{"@type":"WebSite","@id":"https:\/\/www.immo-invest.ch\/fr\/#website","url":"https:\/\/www.immo-invest.ch\/fr\/","name":"immo!nvest - Die Plattform f\u00fcr Standorte und Immobilien","description":"Die\u00a0Plattform f\u00fcr Standorte und Immobilien","inLanguage":"fr-FR","publisher":{"@id":"https:\/\/www.immo-invest.ch\/fr\/#organization"}}]},"og:locale":"fr_FR","og:site_name":"immo!nvest - Die Plattform f\u00fcr Standorte und Immobilien - Die\u00a0Plattform f\u00fcr Standorte und Immobilien","og:type":"article","og:title":"Premier congr\u00e8s suisse sur l\u2019hydrog\u00e8ne - immo!nvest - Die Plattform f\u00fcr Standorte und Immobilien","og:description":"Le 28 mars, le premier congr\u00e8s suisse sur l'hydrog\u00e8ne s'est tenu \u00e0 Yverdon-les-Bains. Des participants issus des milieux scientifiques, \u00e9conomiques et politiques se sont r\u00e9unis pour aborder le sujet sous diff\u00e9rents angles. L'\u00e9v\u00e9nement, organis\u00e9 en coop\u00e9ration avec Planair, CleanTech Alps et le r\u00e9seau H2 de Suisse occidentale, a \u00e9t\u00e9 un succ\u00e8s.","og:url":"https:\/\/www.immo-invest.ch\/fr\/erster-schweizer-wasserstoffkongress\/","og:image":"https:\/\/www.immo-invest.ch\/wp-content\/uploads\/2024\/04\/2024-04-16-09_29_13-scacchi-randin-3-scaled.jpeg-502\u00d7335-e1713254199772.png","og:image:secure_url":"https:\/\/www.immo-invest.ch\/wp-content\/uploads\/2024\/04\/2024-04-16-09_29_13-scacchi-randin-3-scaled.jpeg-502\u00d7335-e1713254199772.png","og:image:width":996,"og:image:height":498,"article:published_time":"2024-04-16T08:08:27+00:00","article:modified_time":"2024-04-16T11:41:06+00:00","article:publisher":"https:\/\/www.facebook.com\/people\/Immoinvest\/100077962920504\/","twitter:card":"summary_large_image","twitter:site":"@i","twitter:title":"Premier congr\u00e8s suisse sur l\u2019hydrog\u00e8ne - immo!nvest - Die Plattform f\u00fcr Standorte und Immobilien","twitter:description":"Le 28 mars, le premier congr\u00e8s suisse sur l'hydrog\u00e8ne s'est tenu \u00e0 Yverdon-les-Bains. Des participants issus des milieux scientifiques, \u00e9conomiques et politiques se sont r\u00e9unis pour aborder le sujet sous diff\u00e9rents angles. L'\u00e9v\u00e9nement, organis\u00e9 en coop\u00e9ration avec Planair, CleanTech Alps et le r\u00e9seau H2 de Suisse occidentale, a \u00e9t\u00e9 un succ\u00e8s.","twitter:creator":"@i","twitter:image":"https:\/\/www.immo-invest.ch\/wp-content\/uploads\/2024\/04\/2024-04-16-09_29_13-scacchi-randin-3-scaled.jpeg-502\u00d7335-e1713254199772.png"},"aioseo_meta_data":{"post_id":"87361","title":null,"description":null,"keywords":null,"keyphrases":null,"primary_term":null,"canonical_url":null,"og_title":null,"og_description":null,"og_object_type":"default","og_image_type":"default","og_image_url":null,"og_image_width":null,"og_image_height":null,"og_image_custom_url":null,"og_image_custom_fields":null,"og_video":null,"og_custom_url":null,"og_article_section":null,"og_article_tags":null,"twitter_use_og":false,"twitter_card":"default","twitter_image_type":"default","twitter_image_url":null,"twitter_image_custom_url":null,"twitter_image_custom_fields":null,"twitter_title":null,"twitter_description":null,"schema":{"blockGraphs":[],"customGraphs":[],"default":{"data":{"Article":[],"Course":[],"Dataset":[],"FAQPage":[],"Movie":[],"Person":[],"Product":[],"ProductReview":[],"Car":[],"Recipe":[],"Service":[],"SoftwareApplication":[],"WebPage":[]},"graphName":"","isEnabled":true},"graphs":[]},"schema_type":"default","schema_type_options":null,"pillar_content":false,"robots_default":true,"robots_noindex":false,"robots_noarchive":false,"robots_nosnippet":false,"robots_nofollow":false,"robots_noimageindex":false,"robots_noodp":false,"robots_notranslate":false,"robots_max_snippet":null,"robots_max_videopreview":null,"robots_max_imagepreview":"large","priority":null,"frequency":null,"local_seo":null,"breadcrumb_settings":null,"limit_modified_date":false,"ai":null,"created":"2024-09-20 18:31:02","updated":"2025-10-24 00:48:13","seo_analyzer_scan_date":null,"focus_keyword":null,"additional_keywords":null,"truseo_locale":null},"aioseo_breadcrumb":"<div class=\"aioseo-breadcrumbs\"><span class=\"aioseo-breadcrumb\">\n\t\t\t<a href=\"https:\/\/www.immo-invest.ch\/fr\/\" title=\"Home\">Home<\/a>\n\t\t<\/span><span class=\"aioseo-breadcrumb-separator\">&raquo;<\/span><span class=\"aioseo-breadcrumb\">\n\t\t\t<a href=\"https:\/\/www.immo-invest.ch\/fr\/categories\/regions\/\" title=\"R\u00e9gions\">R\u00e9gions<\/a>\n\t\t<\/span><span class=\"aioseo-breadcrumb-separator\">&raquo;<\/span><span class=\"aioseo-breadcrumb\">\n\t\t\t<a href=\"https:\/\/www.immo-invest.ch\/fr\/categories\/regions\/region-romandie-fr\/\" title=\"Romandie\">Romandie<\/a>\n\t\t<\/span><span class=\"aioseo-breadcrumb-separator\">&raquo;<\/span><span class=\"aioseo-breadcrumb\">\n\t\t\tPremier congr\u00e8s suisse sur l\u2019hydrog\u00e8ne\n\t\t<\/span><\/div>","aioseo_breadcrumb_json":[{"label":"Home","link":"https:\/\/www.immo-invest.ch\/fr\/"},{"label":"R\u00e9gions","link":"https:\/\/www.immo-invest.ch\/fr\/categories\/regions\/"},{"label":"Romandie","link":"https:\/\/www.immo-invest.ch\/fr\/categories\/regions\/region-romandie-fr\/"},{"label":"Premier congr\u00e8s suisse sur l&rsquo;hydrog\u00e8ne","link":"https:\/\/www.immo-invest.ch\/fr\/erster-schweizer-wasserstoffkongress\/"}],"featured_image_src":"https:\/\/www.immo-invest.ch\/wp-content\/uploads\/2024\/04\/2024-04-16-09_29_13-scacchi-randin-3-scaled.jpeg-502\u00d7335-336x168.png","_links":{"self":[{"href":"https:\/\/www.immo-invest.ch\/fr\/wp-json\/wp\/v2\/posts\/87361","targetHints":{"allow":["GET"]}}],"collection":[{"href":"https:\/\/www.immo-invest.ch\/fr\/wp-json\/wp\/v2\/posts"}],"about":[{"href":"https:\/\/www.immo-invest.ch\/fr\/wp-json\/wp\/v2\/types\/post"}],"author":[{"embeddable":true,"href":"https:\/\/www.immo-invest.ch\/fr\/wp-json\/wp\/v2\/users\/2"}],"replies":[{"embeddable":true,"href":"https:\/\/www.immo-invest.ch\/fr\/wp-json\/wp\/v2\/comments?post=87361"}],"version-history":[{"count":0,"href":"https:\/\/www.immo-invest.ch\/fr\/wp-json\/wp\/v2\/posts\/87361\/revisions"}],"wp:featuredmedia":[{"embeddable":true,"href":"https:\/\/www.immo-invest.ch\/fr\/wp-json\/wp\/v2\/media\/87155"}],"wp:attachment":[{"href":"https:\/\/www.immo-invest.ch\/fr\/wp-json\/wp\/v2\/media?parent=87361"}],"wp:term":[{"taxonomy":"category","embeddable":true,"href":"https:\/\/www.immo-invest.ch\/fr\/wp-json\/wp\/v2\/categories?post=87361"},{"taxonomy":"post_tag","embeddable":true,"href":"https:\/\/www.immo-invest.ch\/fr\/wp-json\/wp\/v2\/tags?post=87361"}],"curies":[{"name":"wp","href":"https:\/\/api.w.org\/{rel}","templated":true}]}}