{"id":86993,"date":"2024-04-12T15:52:04","date_gmt":"2024-04-12T13:52:04","guid":{"rendered":"https:\/\/www.immo-invest.ch\/?p=86993"},"modified":"2024-06-13T09:46:24","modified_gmt":"2024-06-13T07:46:24","slug":"glarner-kantonalbank-sucht-projekte-fuer-nachhaltigkeitspreis","status":"publish","type":"post","link":"https:\/\/www.immo-invest.ch\/fr\/glarner-kantonalbank-sucht-projekte-fuer-nachhaltigkeitspreis\/","title":{"rendered":"La Banque cantonale de Glaris cherche des projets pour le prix de la durabilit\u00e9"},"content":{"rendered":"<p class=\"bodytext\">La Banque cantonale de Glaris<a href=\"https:\/\/glkb.ch\/\" target=\"_blank\" rel=\"noopener\">(GLKB<\/a>) d&eacute;cerne une fois par an le prix glaronnais du d&eacute;veloppement durable. La GLKB souhaite ainsi encourager les projets et les initiatives des Glaronnais qui contribuent au d&eacute;veloppement durable dans le canton. Le prix est dot&eacute; de 10&rsquo;000 francs. Comme le <a href=\"https:\/\/glkb.ch\/documents\/279224\/0\/20240408_GLKB_Medienmitteilung_Glarner%20Nachhaltigkeitspreis%202024.pdf\/dbbcf6b2-2105-167a-d242-b522be629ec7\" target=\"_blank\" rel=\"noopener\">fait savoir<\/a> la GLKB, les candidatures pour la troisi&egrave;me &eacute;dition du prix peuvent &ecirc;tre d&eacute;pos&eacute;es d&egrave;s maintenant et jusqu&rsquo;au 30 juin.<\/p>\n<p class=\"bodytext\">Les projets doivent porter sur au moins un des trois piliers : environnement, soci&eacute;t&eacute; et &eacute;conomie. L&rsquo;environnement comprend la r&eacute;duction des gaz &agrave; effet de serre et les &eacute;nergies renouvelables, l&rsquo;efficacit&eacute; &eacute;nerg&eacute;tique, la pr&eacute;servation des ressources, la r&eacute;duction des substances nocives ou la biodiversit&eacute;. Dans le domaine de la soci&eacute;t&eacute;, les projets devraient porter sur l&rsquo;&eacute;quit&eacute; et la justice, l&rsquo;engagement social ou la promotion de la culture glaronaise. Pour la promotion &eacute;conomique, les id&eacute;es doivent contribuer &agrave; la cr&eacute;ation d&rsquo;emplois locaux ou inclure des mod&egrave;les commerciaux durables avec un potentiel de d&eacute;veloppement ainsi que des technologies innovantes.<\/p>\n<p class=\"bodytext\">Les particuliers et les personnes morales, telles que les associations, peuvent participer. Les travaux de recherche et les demandes de travaux scientifiques sont &eacute;galement autoris&eacute;s, &agrave; condition qu&rsquo;ils aient &laquo;&nbsp;un impact &eacute;vident en termes de durabilit&eacute; sur le canton de Glaris&nbsp;&raquo; ou, en cas d&rsquo;impact suprar&eacute;gional, qu&rsquo;il existe un lien direct entre les laur&eacute;ats d&eacute;sign&eacute;s et le canton de Glaris, pr&eacute;cise le communiqu&eacute;.<\/p>\n<p class=\"bodytext\">L&rsquo;ann&eacute;e derni&egrave;re, c&rsquo;est le <a href=\"https:\/\/glkb.ch\/nachhaltigkeitspreis-siegerprojekt-2023\" target=\"_blank\" rel=\"noopener\">r&eacute;seau de chaleur d&rsquo;Obstalden<\/a> qui a remport&eacute; le prix. Le r&eacute;seau de chaleur est aliment&eacute; uniquement par des &eacute;nergies locales et renouvelables et garantit des emplois. Le projet avait &eacute;t&eacute; s&eacute;lectionn&eacute; parmi 21 autres.<\/p>\n","protected":false},"excerpt":{"rendered":"<p>Pour la troisi\u00e8me fois, la Banque Cantonale de Glaris d\u00e9cerne un prix de la durabilit\u00e9 pour promouvoir des projets tourn\u00e9s vers l&rsquo;avenir dans le canton. Les id\u00e9es dans les domaines de l&rsquo;environnement, de la soci\u00e9t\u00e9 et de l&rsquo;\u00e9conomie peuvent maintenant \u00eatre soumises. Le prix est de 10 000 francs.<\/p>\n","protected":false},"author":2,"featured_media":86988,"comment_status":"open","ping_status":"open","sticky":false,"template":"","format":"standard","meta":{"pmpro_default_level":"","inline_featured_image":false,"_monsterinsights_skip_tracking":false,"footnotes":""},"categories":[22699,4464,45951,743,22303],"tags":[17048,872,3931,2175,2056,2002],"class_list":["post-86993","post","type-post","status-publish","format-standard","has-post-thumbnail","hentry","category-durabilite","category-gens","category-glarus-fr","category-immonews-fr","category-suisse","tag-gemeinschaft-fr","tag-immoinvest-fr","tag-immonews-fr","tag-innovation-fr","tag-nachhaltigkeit-fr","tag-news-fr","pmpro-has-access"],"acf":{"bild_mit_ki_erstellt_worden":[],"lead":"Pour la troisi\u00e8me fois, la Banque Cantonale de Glaris d\u00e9cerne un prix de la durabilit\u00e9 pour promouvoir des projets tourn\u00e9s vers l'avenir dans le canton. Les id\u00e9es dans les domaines de l'environnement, de la soci\u00e9t\u00e9 et de l'\u00e9conomie peuvent maintenant \u00eatre soumises. Le prix est de 10 000 francs.\r\n\r\n","autor":"ce\/js","ort":"Glarus","bildunterschrift":"","bild_im_grid":false,"gallerie":"","newsim":""},"aioseo_notices":[],"aioseo_head":"\n\t\t<!-- All in One SEO 5.0.0.1 - aioseo.com -->\n\t<meta name=\"description\" content=\"Pour la troisi\u00e8me fois, la Banque Cantonale de Glaris d\u00e9cerne un prix de la durabilit\u00e9 pour promouvoir des projets tourn\u00e9s vers l&#039;avenir dans le canton. Les id\u00e9es dans les domaines de l&#039;environnement, de la soci\u00e9t\u00e9 et de l&#039;\u00e9conomie peuvent maintenant \u00eatre soumises. Le prix est de 10 000 francs.\" \/>\n\t<meta name=\"robots\" content=\"max-image-preview:large\" \/>\n\t<meta name=\"author\" content=\"immovestuser\"\/>\n\t<meta name=\"google-site-verification\" content=\"fHJKvgWpZCR2zVBHWfkQeFXC11qieUSff0HGNYfuyLA\" \/>\n\t<link rel=\"canonical\" href=\"https:\/\/www.immo-invest.ch\/fr\/glarner-kantonalbank-sucht-projekte-fuer-nachhaltigkeitspreis\/\" \/>\n\t<meta name=\"generator\" content=\"All in One SEO (AIOSEO) 5.0.0.1\" \/>\n\t\t<meta property=\"og:locale\" content=\"fr_FR\" \/>\n\t\t<meta property=\"og:site_name\" content=\"immo!nvest - Die Plattform f\u00fcr Standorte und Immobilien - Die\u00a0Plattform f\u00fcr Standorte und Immobilien\" \/>\n\t\t<meta property=\"og:type\" content=\"article\" \/>\n\t\t<meta property=\"og:title\" content=\"La Banque cantonale de Glaris cherche des projets pour le prix de la durabilit\u00e9 - immo!nvest - Die Plattform f\u00fcr Standorte und Immobilien\" \/>\n\t\t<meta property=\"og:description\" content=\"Pour la troisi\u00e8me fois, la Banque Cantonale de Glaris d\u00e9cerne un prix de la durabilit\u00e9 pour promouvoir des projets tourn\u00e9s vers l&#039;avenir dans le canton. Les id\u00e9es dans les domaines de l&#039;environnement, de la soci\u00e9t\u00e9 et de l&#039;\u00e9conomie peuvent maintenant \u00eatre soumises. Le prix est de 10 000 francs.\" \/>\n\t\t<meta property=\"og:url\" content=\"https:\/\/www.immo-invest.ch\/fr\/glarner-kantonalbank-sucht-projekte-fuer-nachhaltigkeitspreis\/\" \/>\n\t\t<meta property=\"og:image\" content=\"https:\/\/www.immo-invest.ch\/wp-content\/uploads\/2024\/04\/Unbekannt-1.jpg\" \/>\n\t\t<meta property=\"og:image:secure_url\" content=\"https:\/\/www.immo-invest.ch\/wp-content\/uploads\/2024\/04\/Unbekannt-1.jpg\" \/>\n\t\t<meta property=\"og:image:width\" content=\"1024\" \/>\n\t\t<meta property=\"og:image:height\" content=\"1024\" \/>\n\t\t<meta property=\"article:published_time\" content=\"2024-04-12T13:52:04+00:00\" \/>\n\t\t<meta property=\"article:modified_time\" content=\"2024-06-13T07:46:24+00:00\" \/>\n\t\t<meta property=\"article:publisher\" content=\"https:\/\/www.facebook.com\/people\/Immoinvest\/100077962920504\/\" \/>\n\t\t<meta name=\"twitter:card\" content=\"summary_large_image\" \/>\n\t\t<meta name=\"twitter:site\" content=\"@i\" \/>\n\t\t<meta name=\"twitter:title\" content=\"La Banque cantonale de Glaris cherche des projets pour le prix de la durabilit\u00e9 - immo!nvest - Die Plattform f\u00fcr Standorte und Immobilien\" \/>\n\t\t<meta name=\"twitter:description\" content=\"Pour la troisi\u00e8me fois, la Banque Cantonale de Glaris d\u00e9cerne un prix de la durabilit\u00e9 pour promouvoir des projets tourn\u00e9s vers l&#039;avenir dans le canton. Les id\u00e9es dans les domaines de l&#039;environnement, de la soci\u00e9t\u00e9 et de l&#039;\u00e9conomie peuvent maintenant \u00eatre soumises. Le prix est de 10 000 francs.\" \/>\n\t\t<meta name=\"twitter:creator\" content=\"@i\" \/>\n\t\t<meta name=\"twitter:image\" content=\"https:\/\/www.immo-invest.ch\/wp-content\/uploads\/2024\/04\/Unbekannt-1.jpg\" \/>\n\t\t<script type=\"application\/ld+json\" class=\"aioseo-schema\">\n\t\t\t{\"@context\":\"https:\\\/\\\/schema.org\",\"@graph\":[{\"@type\":\"BlogPosting\",\"@id\":\"https:\\\/\\\/www.immo-invest.ch\\\/fr\\\/glarner-kantonalbank-sucht-projekte-fuer-nachhaltigkeitspreis\\\/#blogposting\",\"name\":\"La Banque cantonale de Glaris cherche des projets pour le prix de la durabilit\\u00e9 - immo!nvest - Die Plattform f\\u00fcr Standorte und Immobilien\",\"headline\":\"La Banque cantonale de Glaris cherche des projets pour le prix de la durabilit\\u00e9\",\"author\":{\"@id\":\"https:\\\/\\\/www.immo-invest.ch\\\/fr\\\/author\\\/immovestuser\\\/#author\"},\"publisher\":{\"@id\":\"https:\\\/\\\/www.immo-invest.ch\\\/fr\\\/#organization\"},\"image\":{\"@type\":\"ImageObject\",\"url\":\"https:\\\/\\\/www.immo-invest.ch\\\/wp-content\\\/uploads\\\/2024\\\/04\\\/Unbekannt-1.jpg\",\"width\":1024,\"height\":1024},\"datePublished\":\"2024-04-12T15:52:04+02:00\",\"dateModified\":\"2024-06-13T09:46:24+02:00\",\"inLanguage\":\"fr-FR\",\"mainEntityOfPage\":{\"@id\":\"https:\\\/\\\/www.immo-invest.ch\\\/fr\\\/glarner-kantonalbank-sucht-projekte-fuer-nachhaltigkeitspreis\\\/#webpage\"},\"isPartOf\":{\"@id\":\"https:\\\/\\\/www.immo-invest.ch\\\/fr\\\/glarner-kantonalbank-sucht-projekte-fuer-nachhaltigkeitspreis\\\/#webpage\"},\"articleSection\":\"Durabilit\\u00e9, Gens, Glarus, immoNews, Suisse, Gemeinschaft, Immoinvest, immoNews, Innovation, Nachhaltigkeit, News, Facultatif\"},{\"@type\":\"BreadcrumbList\",\"@id\":\"https:\\\/\\\/www.immo-invest.ch\\\/fr\\\/glarner-kantonalbank-sucht-projekte-fuer-nachhaltigkeitspreis\\\/#breadcrumblist\",\"itemListElement\":[{\"@type\":\"ListItem\",\"@id\":\"https:\\\/\\\/www.immo-invest.ch\\\/fr\\\/#listItem\",\"position\":1,\"name\":\"Home\",\"item\":\"https:\\\/\\\/www.immo-invest.ch\\\/fr\\\/\",\"nextItem\":{\"@type\":\"ListItem\",\"@id\":\"https:\\\/\\\/www.immo-invest.ch\\\/fr\\\/categories\\\/regions\\\/#listItem\",\"name\":\"R\\u00e9gions\"}},{\"@type\":\"ListItem\",\"@id\":\"https:\\\/\\\/www.immo-invest.ch\\\/fr\\\/categories\\\/regions\\\/#listItem\",\"position\":2,\"name\":\"R\\u00e9gions\",\"item\":\"https:\\\/\\\/www.immo-invest.ch\\\/fr\\\/categories\\\/regions\\\/\",\"nextItem\":{\"@type\":\"ListItem\",\"@id\":\"https:\\\/\\\/www.immo-invest.ch\\\/fr\\\/categories\\\/regions\\\/suisse\\\/#listItem\",\"name\":\"Suisse\"},\"previousItem\":{\"@type\":\"ListItem\",\"@id\":\"https:\\\/\\\/www.immo-invest.ch\\\/fr\\\/#listItem\",\"name\":\"Home\"}},{\"@type\":\"ListItem\",\"@id\":\"https:\\\/\\\/www.immo-invest.ch\\\/fr\\\/categories\\\/regions\\\/suisse\\\/#listItem\",\"position\":3,\"name\":\"Suisse\",\"item\":\"https:\\\/\\\/www.immo-invest.ch\\\/fr\\\/categories\\\/regions\\\/suisse\\\/\",\"nextItem\":{\"@type\":\"ListItem\",\"@id\":\"https:\\\/\\\/www.immo-invest.ch\\\/fr\\\/categories\\\/regions\\\/suisse\\\/suisse-orientale\\\/#listItem\",\"name\":\"Suisse orientale\"},\"previousItem\":{\"@type\":\"ListItem\",\"@id\":\"https:\\\/\\\/www.immo-invest.ch\\\/fr\\\/categories\\\/regions\\\/#listItem\",\"name\":\"R\\u00e9gions\"}},{\"@type\":\"ListItem\",\"@id\":\"https:\\\/\\\/www.immo-invest.ch\\\/fr\\\/categories\\\/regions\\\/suisse\\\/suisse-orientale\\\/#listItem\",\"position\":4,\"name\":\"Suisse orientale\",\"item\":\"https:\\\/\\\/www.immo-invest.ch\\\/fr\\\/categories\\\/regions\\\/suisse\\\/suisse-orientale\\\/\",\"nextItem\":{\"@type\":\"ListItem\",\"@id\":\"https:\\\/\\\/www.immo-invest.ch\\\/fr\\\/categories\\\/regions\\\/suisse\\\/suisse-orientale\\\/glarus-fr\\\/#listItem\",\"name\":\"Glarus\"},\"previousItem\":{\"@type\":\"ListItem\",\"@id\":\"https:\\\/\\\/www.immo-invest.ch\\\/fr\\\/categories\\\/regions\\\/suisse\\\/#listItem\",\"name\":\"Suisse\"}},{\"@type\":\"ListItem\",\"@id\":\"https:\\\/\\\/www.immo-invest.ch\\\/fr\\\/categories\\\/regions\\\/suisse\\\/suisse-orientale\\\/glarus-fr\\\/#listItem\",\"position\":5,\"name\":\"Glarus\",\"item\":\"https:\\\/\\\/www.immo-invest.ch\\\/fr\\\/categories\\\/regions\\\/suisse\\\/suisse-orientale\\\/glarus-fr\\\/\",\"nextItem\":{\"@type\":\"ListItem\",\"@id\":\"https:\\\/\\\/www.immo-invest.ch\\\/fr\\\/glarner-kantonalbank-sucht-projekte-fuer-nachhaltigkeitspreis\\\/#listItem\",\"name\":\"La Banque cantonale de Glaris cherche des projets pour le prix de la durabilit\\u00e9\"},\"previousItem\":{\"@type\":\"ListItem\",\"@id\":\"https:\\\/\\\/www.immo-invest.ch\\\/fr\\\/categories\\\/regions\\\/suisse\\\/suisse-orientale\\\/#listItem\",\"name\":\"Suisse orientale\"}},{\"@type\":\"ListItem\",\"@id\":\"https:\\\/\\\/www.immo-invest.ch\\\/fr\\\/glarner-kantonalbank-sucht-projekte-fuer-nachhaltigkeitspreis\\\/#listItem\",\"position\":6,\"name\":\"La Banque cantonale de Glaris cherche des projets pour le prix de la durabilit\\u00e9\",\"previousItem\":{\"@type\":\"ListItem\",\"@id\":\"https:\\\/\\\/www.immo-invest.ch\\\/fr\\\/categories\\\/regions\\\/suisse\\\/suisse-orientale\\\/glarus-fr\\\/#listItem\",\"name\":\"Glarus\"}}]},{\"@type\":\"Organization\",\"@id\":\"https:\\\/\\\/www.immo-invest.ch\\\/fr\\\/#organization\",\"name\":\"immo!nvest - Die Plattform f\\u00fcr Standorte und Immobilien\",\"description\":\"Die\\u00a0Plattform f\\u00fcr Standorte und Immobilien\",\"url\":\"https:\\\/\\\/www.immo-invest.ch\\\/fr\\\/\",\"email\":\"admin@immomedia.ag\",\"telephone\":\"+41444420002\",\"logo\":{\"@type\":\"ImageObject\",\"url\":\"https:\\\/\\\/www.immo-invest.ch\\\/wp-content\\\/uploads\\\/2024\\\/09\\\/immoinvest_sm-scaled.jpg\",\"@id\":\"https:\\\/\\\/www.immo-invest.ch\\\/fr\\\/glarner-kantonalbank-sucht-projekte-fuer-nachhaltigkeitspreis\\\/#organizationLogo\",\"width\":2560,\"height\":1340},\"image\":{\"@id\":\"https:\\\/\\\/www.immo-invest.ch\\\/fr\\\/glarner-kantonalbank-sucht-projekte-fuer-nachhaltigkeitspreis\\\/#organizationLogo\"},\"sameAs\":[\"https:\\\/\\\/www.facebook.com\\\/people\\\/Immoinvest\\\/100077962920504\\\/\",\"https:\\\/\\\/x.com\\\/i\\\/flow\\\/login?redirect_after_login=immoinvest_ch\",\"https:\\\/\\\/www.instagram.com\\\/immoinvest_ch\\\/\",\"https:\\\/\\\/www.linkedin.com\\\/company\\\/immoinvest-swiss\"]},{\"@type\":\"Person\",\"@id\":\"https:\\\/\\\/www.immo-invest.ch\\\/fr\\\/author\\\/immovestuser\\\/#author\",\"url\":\"https:\\\/\\\/www.immo-invest.ch\\\/fr\\\/author\\\/immovestuser\\\/\",\"name\":\"immovestuser\",\"image\":{\"@type\":\"ImageObject\",\"@id\":\"https:\\\/\\\/www.immo-invest.ch\\\/fr\\\/glarner-kantonalbank-sucht-projekte-fuer-nachhaltigkeitspreis\\\/#authorImage\",\"url\":\"https:\\\/\\\/secure.gravatar.com\\\/avatar\\\/8e01f4d99f2eeea7a362ebb93305e1172a70e9293ba250f897a65c39f54cdd1e?s=96&d=mm&r=g\",\"width\":96,\"height\":96,\"caption\":\"immovestuser\"}},{\"@type\":\"WebPage\",\"@id\":\"https:\\\/\\\/www.immo-invest.ch\\\/fr\\\/glarner-kantonalbank-sucht-projekte-fuer-nachhaltigkeitspreis\\\/#webpage\",\"url\":\"https:\\\/\\\/www.immo-invest.ch\\\/fr\\\/glarner-kantonalbank-sucht-projekte-fuer-nachhaltigkeitspreis\\\/\",\"name\":\"La Banque cantonale de Glaris cherche des projets pour le prix de la durabilit\\u00e9 - immo!nvest - Die Plattform f\\u00fcr Standorte und Immobilien\",\"description\":\"Pour la troisi\\u00e8me fois, la Banque Cantonale de Glaris d\\u00e9cerne un prix de la durabilit\\u00e9 pour promouvoir des projets tourn\\u00e9s vers l'avenir dans le canton. Les id\\u00e9es dans les domaines de l'environnement, de la soci\\u00e9t\\u00e9 et de l'\\u00e9conomie peuvent maintenant \\u00eatre soumises. Le prix est de 10 000 francs.\",\"inLanguage\":\"fr-FR\",\"isPartOf\":{\"@id\":\"https:\\\/\\\/www.immo-invest.ch\\\/fr\\\/#website\"},\"breadcrumb\":{\"@id\":\"https:\\\/\\\/www.immo-invest.ch\\\/fr\\\/glarner-kantonalbank-sucht-projekte-fuer-nachhaltigkeitspreis\\\/#breadcrumblist\"},\"author\":{\"@id\":\"https:\\\/\\\/www.immo-invest.ch\\\/fr\\\/author\\\/immovestuser\\\/#author\"},\"creator\":{\"@id\":\"https:\\\/\\\/www.immo-invest.ch\\\/fr\\\/author\\\/immovestuser\\\/#author\"},\"image\":{\"@type\":\"ImageObject\",\"url\":\"https:\\\/\\\/www.immo-invest.ch\\\/wp-content\\\/uploads\\\/2024\\\/04\\\/Unbekannt-1.jpg\",\"@id\":\"https:\\\/\\\/www.immo-invest.ch\\\/fr\\\/glarner-kantonalbank-sucht-projekte-fuer-nachhaltigkeitspreis\\\/#mainImage\",\"width\":1024,\"height\":1024},\"primaryImageOfPage\":{\"@id\":\"https:\\\/\\\/www.immo-invest.ch\\\/fr\\\/glarner-kantonalbank-sucht-projekte-fuer-nachhaltigkeitspreis\\\/#mainImage\"},\"datePublished\":\"2024-04-12T15:52:04+02:00\",\"dateModified\":\"2024-06-13T09:46:24+02:00\"},{\"@type\":\"WebSite\",\"@id\":\"https:\\\/\\\/www.immo-invest.ch\\\/fr\\\/#website\",\"url\":\"https:\\\/\\\/www.immo-invest.ch\\\/fr\\\/\",\"name\":\"immo!nvest - Die Plattform f\\u00fcr Standorte und Immobilien\",\"description\":\"Die\\u00a0Plattform f\\u00fcr Standorte und Immobilien\",\"inLanguage\":\"fr-FR\",\"publisher\":{\"@id\":\"https:\\\/\\\/www.immo-invest.ch\\\/fr\\\/#organization\"}}]}\n\t\t<\/script>\n\t\t<!-- All in One SEO -->\n\n","aioseo_head_json":{"title":"La Banque cantonale de Glaris cherche des projets pour le prix de la durabilit\u00e9 - immo!nvest - Die Plattform f\u00fcr Standorte und Immobilien","description":"Pour la troisi\u00e8me fois, la Banque Cantonale de Glaris d\u00e9cerne un prix de la durabilit\u00e9 pour promouvoir des projets tourn\u00e9s vers l'avenir dans le canton. Les id\u00e9es dans les domaines de l'environnement, de la soci\u00e9t\u00e9 et de l'\u00e9conomie peuvent maintenant \u00eatre soumises. Le prix est de 10 000 francs.","canonical_url":"https:\/\/www.immo-invest.ch\/fr\/glarner-kantonalbank-sucht-projekte-fuer-nachhaltigkeitspreis\/","robots":"max-image-preview:large","keywords":"","webmasterTools":{"google-site-verification":"fHJKvgWpZCR2zVBHWfkQeFXC11qieUSff0HGNYfuyLA","miscellaneous":""},"schema":{"@context":"https:\/\/schema.org","@graph":[{"@type":"BlogPosting","@id":"https:\/\/www.immo-invest.ch\/fr\/glarner-kantonalbank-sucht-projekte-fuer-nachhaltigkeitspreis\/#blogposting","name":"La Banque cantonale de Glaris cherche des projets pour le prix de la durabilit\u00e9 - immo!nvest - Die Plattform f\u00fcr Standorte und Immobilien","headline":"La Banque cantonale de Glaris cherche des projets pour le prix de la durabilit\u00e9","author":{"@id":"https:\/\/www.immo-invest.ch\/fr\/author\/immovestuser\/#author"},"publisher":{"@id":"https:\/\/www.immo-invest.ch\/fr\/#organization"},"image":{"@type":"ImageObject","url":"https:\/\/www.immo-invest.ch\/wp-content\/uploads\/2024\/04\/Unbekannt-1.jpg","width":1024,"height":1024},"datePublished":"2024-04-12T15:52:04+02:00","dateModified":"2024-06-13T09:46:24+02:00","inLanguage":"fr-FR","mainEntityOfPage":{"@id":"https:\/\/www.immo-invest.ch\/fr\/glarner-kantonalbank-sucht-projekte-fuer-nachhaltigkeitspreis\/#webpage"},"isPartOf":{"@id":"https:\/\/www.immo-invest.ch\/fr\/glarner-kantonalbank-sucht-projekte-fuer-nachhaltigkeitspreis\/#webpage"},"articleSection":"Durabilit\u00e9, Gens, Glarus, immoNews, Suisse, Gemeinschaft, Immoinvest, immoNews, Innovation, Nachhaltigkeit, News, Facultatif"},{"@type":"BreadcrumbList","@id":"https:\/\/www.immo-invest.ch\/fr\/glarner-kantonalbank-sucht-projekte-fuer-nachhaltigkeitspreis\/#breadcrumblist","itemListElement":[{"@type":"ListItem","@id":"https:\/\/www.immo-invest.ch\/fr\/#listItem","position":1,"name":"Home","item":"https:\/\/www.immo-invest.ch\/fr\/","nextItem":{"@type":"ListItem","@id":"https:\/\/www.immo-invest.ch\/fr\/categories\/regions\/#listItem","name":"R\u00e9gions"}},{"@type":"ListItem","@id":"https:\/\/www.immo-invest.ch\/fr\/categories\/regions\/#listItem","position":2,"name":"R\u00e9gions","item":"https:\/\/www.immo-invest.ch\/fr\/categories\/regions\/","nextItem":{"@type":"ListItem","@id":"https:\/\/www.immo-invest.ch\/fr\/categories\/regions\/suisse\/#listItem","name":"Suisse"},"previousItem":{"@type":"ListItem","@id":"https:\/\/www.immo-invest.ch\/fr\/#listItem","name":"Home"}},{"@type":"ListItem","@id":"https:\/\/www.immo-invest.ch\/fr\/categories\/regions\/suisse\/#listItem","position":3,"name":"Suisse","item":"https:\/\/www.immo-invest.ch\/fr\/categories\/regions\/suisse\/","nextItem":{"@type":"ListItem","@id":"https:\/\/www.immo-invest.ch\/fr\/categories\/regions\/suisse\/suisse-orientale\/#listItem","name":"Suisse orientale"},"previousItem":{"@type":"ListItem","@id":"https:\/\/www.immo-invest.ch\/fr\/categories\/regions\/#listItem","name":"R\u00e9gions"}},{"@type":"ListItem","@id":"https:\/\/www.immo-invest.ch\/fr\/categories\/regions\/suisse\/suisse-orientale\/#listItem","position":4,"name":"Suisse orientale","item":"https:\/\/www.immo-invest.ch\/fr\/categories\/regions\/suisse\/suisse-orientale\/","nextItem":{"@type":"ListItem","@id":"https:\/\/www.immo-invest.ch\/fr\/categories\/regions\/suisse\/suisse-orientale\/glarus-fr\/#listItem","name":"Glarus"},"previousItem":{"@type":"ListItem","@id":"https:\/\/www.immo-invest.ch\/fr\/categories\/regions\/suisse\/#listItem","name":"Suisse"}},{"@type":"ListItem","@id":"https:\/\/www.immo-invest.ch\/fr\/categories\/regions\/suisse\/suisse-orientale\/glarus-fr\/#listItem","position":5,"name":"Glarus","item":"https:\/\/www.immo-invest.ch\/fr\/categories\/regions\/suisse\/suisse-orientale\/glarus-fr\/","nextItem":{"@type":"ListItem","@id":"https:\/\/www.immo-invest.ch\/fr\/glarner-kantonalbank-sucht-projekte-fuer-nachhaltigkeitspreis\/#listItem","name":"La Banque cantonale de Glaris cherche des projets pour le prix de la durabilit\u00e9"},"previousItem":{"@type":"ListItem","@id":"https:\/\/www.immo-invest.ch\/fr\/categories\/regions\/suisse\/suisse-orientale\/#listItem","name":"Suisse orientale"}},{"@type":"ListItem","@id":"https:\/\/www.immo-invest.ch\/fr\/glarner-kantonalbank-sucht-projekte-fuer-nachhaltigkeitspreis\/#listItem","position":6,"name":"La Banque cantonale de Glaris cherche des projets pour le prix de la durabilit\u00e9","previousItem":{"@type":"ListItem","@id":"https:\/\/www.immo-invest.ch\/fr\/categories\/regions\/suisse\/suisse-orientale\/glarus-fr\/#listItem","name":"Glarus"}}]},{"@type":"Organization","@id":"https:\/\/www.immo-invest.ch\/fr\/#organization","name":"immo!nvest - Die Plattform f\u00fcr Standorte und Immobilien","description":"Die\u00a0Plattform f\u00fcr Standorte und Immobilien","url":"https:\/\/www.immo-invest.ch\/fr\/","email":"admin@immomedia.ag","telephone":"+41444420002","logo":{"@type":"ImageObject","url":"https:\/\/www.immo-invest.ch\/wp-content\/uploads\/2024\/09\/immoinvest_sm-scaled.jpg","@id":"https:\/\/www.immo-invest.ch\/fr\/glarner-kantonalbank-sucht-projekte-fuer-nachhaltigkeitspreis\/#organizationLogo","width":2560,"height":1340},"image":{"@id":"https:\/\/www.immo-invest.ch\/fr\/glarner-kantonalbank-sucht-projekte-fuer-nachhaltigkeitspreis\/#organizationLogo"},"sameAs":["https:\/\/www.facebook.com\/people\/Immoinvest\/100077962920504\/","https:\/\/x.com\/i\/flow\/login?redirect_after_login=immoinvest_ch","https:\/\/www.instagram.com\/immoinvest_ch\/","https:\/\/www.linkedin.com\/company\/immoinvest-swiss"]},{"@type":"Person","@id":"https:\/\/www.immo-invest.ch\/fr\/author\/immovestuser\/#author","url":"https:\/\/www.immo-invest.ch\/fr\/author\/immovestuser\/","name":"immovestuser","image":{"@type":"ImageObject","@id":"https:\/\/www.immo-invest.ch\/fr\/glarner-kantonalbank-sucht-projekte-fuer-nachhaltigkeitspreis\/#authorImage","url":"https:\/\/secure.gravatar.com\/avatar\/8e01f4d99f2eeea7a362ebb93305e1172a70e9293ba250f897a65c39f54cdd1e?s=96&d=mm&r=g","width":96,"height":96,"caption":"immovestuser"}},{"@type":"WebPage","@id":"https:\/\/www.immo-invest.ch\/fr\/glarner-kantonalbank-sucht-projekte-fuer-nachhaltigkeitspreis\/#webpage","url":"https:\/\/www.immo-invest.ch\/fr\/glarner-kantonalbank-sucht-projekte-fuer-nachhaltigkeitspreis\/","name":"La Banque cantonale de Glaris cherche des projets pour le prix de la durabilit\u00e9 - immo!nvest - Die Plattform f\u00fcr Standorte und Immobilien","description":"Pour la troisi\u00e8me fois, la Banque Cantonale de Glaris d\u00e9cerne un prix de la durabilit\u00e9 pour promouvoir des projets tourn\u00e9s vers l'avenir dans le canton. Les id\u00e9es dans les domaines de l'environnement, de la soci\u00e9t\u00e9 et de l'\u00e9conomie peuvent maintenant \u00eatre soumises. Le prix est de 10 000 francs.","inLanguage":"fr-FR","isPartOf":{"@id":"https:\/\/www.immo-invest.ch\/fr\/#website"},"breadcrumb":{"@id":"https:\/\/www.immo-invest.ch\/fr\/glarner-kantonalbank-sucht-projekte-fuer-nachhaltigkeitspreis\/#breadcrumblist"},"author":{"@id":"https:\/\/www.immo-invest.ch\/fr\/author\/immovestuser\/#author"},"creator":{"@id":"https:\/\/www.immo-invest.ch\/fr\/author\/immovestuser\/#author"},"image":{"@type":"ImageObject","url":"https:\/\/www.immo-invest.ch\/wp-content\/uploads\/2024\/04\/Unbekannt-1.jpg","@id":"https:\/\/www.immo-invest.ch\/fr\/glarner-kantonalbank-sucht-projekte-fuer-nachhaltigkeitspreis\/#mainImage","width":1024,"height":1024},"primaryImageOfPage":{"@id":"https:\/\/www.immo-invest.ch\/fr\/glarner-kantonalbank-sucht-projekte-fuer-nachhaltigkeitspreis\/#mainImage"},"datePublished":"2024-04-12T15:52:04+02:00","dateModified":"2024-06-13T09:46:24+02:00"},{"@type":"WebSite","@id":"https:\/\/www.immo-invest.ch\/fr\/#website","url":"https:\/\/www.immo-invest.ch\/fr\/","name":"immo!nvest - Die Plattform f\u00fcr Standorte und Immobilien","description":"Die\u00a0Plattform f\u00fcr Standorte und Immobilien","inLanguage":"fr-FR","publisher":{"@id":"https:\/\/www.immo-invest.ch\/fr\/#organization"}}]},"og:locale":"fr_FR","og:site_name":"immo!nvest - Die Plattform f\u00fcr Standorte und Immobilien - Die\u00a0Plattform f\u00fcr Standorte und Immobilien","og:type":"article","og:title":"La Banque cantonale de Glaris cherche des projets pour le prix de la durabilit\u00e9 - immo!nvest - Die Plattform f\u00fcr Standorte und Immobilien","og:description":"Pour la troisi\u00e8me fois, la Banque Cantonale de Glaris d\u00e9cerne un prix de la durabilit\u00e9 pour promouvoir des projets tourn\u00e9s vers l'avenir dans le canton. Les id\u00e9es dans les domaines de l'environnement, de la soci\u00e9t\u00e9 et de l'\u00e9conomie peuvent maintenant \u00eatre soumises. Le prix est de 10 000 francs.","og:url":"https:\/\/www.immo-invest.ch\/fr\/glarner-kantonalbank-sucht-projekte-fuer-nachhaltigkeitspreis\/","og:image":"https:\/\/www.immo-invest.ch\/wp-content\/uploads\/2024\/04\/Unbekannt-1.jpg","og:image:secure_url":"https:\/\/www.immo-invest.ch\/wp-content\/uploads\/2024\/04\/Unbekannt-1.jpg","og:image:width":1024,"og:image:height":1024,"article:published_time":"2024-04-12T13:52:04+00:00","article:modified_time":"2024-06-13T07:46:24+00:00","article:publisher":"https:\/\/www.facebook.com\/people\/Immoinvest\/100077962920504\/","twitter:card":"summary_large_image","twitter:site":"@i","twitter:title":"La Banque cantonale de Glaris cherche des projets pour le prix de la durabilit\u00e9 - immo!nvest - Die Plattform f\u00fcr Standorte und Immobilien","twitter:description":"Pour la troisi\u00e8me fois, la Banque Cantonale de Glaris d\u00e9cerne un prix de la durabilit\u00e9 pour promouvoir des projets tourn\u00e9s vers l'avenir dans le canton. Les id\u00e9es dans les domaines de l'environnement, de la soci\u00e9t\u00e9 et de l'\u00e9conomie peuvent maintenant \u00eatre soumises. Le prix est de 10 000 francs.","twitter:creator":"@i","twitter:image":"https:\/\/www.immo-invest.ch\/wp-content\/uploads\/2024\/04\/Unbekannt-1.jpg"},"aioseo_meta_data":{"post_id":"86993","title":null,"description":null,"keywords":null,"keyphrases":null,"primary_term":null,"canonical_url":null,"og_title":null,"og_description":null,"og_object_type":"default","og_image_type":"default","og_image_url":null,"og_image_width":null,"og_image_height":null,"og_image_custom_url":null,"og_image_custom_fields":null,"og_video":null,"og_custom_url":null,"og_article_section":null,"og_article_tags":null,"twitter_use_og":false,"twitter_card":"default","twitter_image_type":"default","twitter_image_url":null,"twitter_image_custom_url":null,"twitter_image_custom_fields":null,"twitter_title":null,"twitter_description":null,"schema":{"blockGraphs":[],"customGraphs":[],"default":{"data":{"Article":[],"Course":[],"Dataset":[],"FAQPage":[],"Movie":[],"Person":[],"Product":[],"ProductReview":[],"Car":[],"Recipe":[],"Service":[],"SoftwareApplication":[],"WebPage":[]},"graphName":"","isEnabled":true},"graphs":[]},"schema_type":"default","schema_type_options":null,"pillar_content":false,"robots_default":true,"robots_noindex":false,"robots_noarchive":false,"robots_nosnippet":false,"robots_nofollow":false,"robots_noimageindex":false,"robots_noodp":false,"robots_notranslate":false,"robots_max_snippet":null,"robots_max_videopreview":null,"robots_max_imagepreview":"large","priority":null,"frequency":null,"local_seo":null,"breadcrumb_settings":null,"limit_modified_date":false,"ai":null,"created":"2024-09-20 18:22:59","updated":"2025-10-24 00:40:11","seo_analyzer_scan_date":null,"focus_keyword":null,"additional_keywords":null,"truseo_locale":null},"aioseo_breadcrumb":"<div class=\"aioseo-breadcrumbs\"><span class=\"aioseo-breadcrumb\">\n\t\t\t<a href=\"https:\/\/www.immo-invest.ch\/fr\/\" title=\"Home\">Home<\/a>\n\t\t<\/span><span class=\"aioseo-breadcrumb-separator\">&raquo;<\/span><span class=\"aioseo-breadcrumb\">\n\t\t\t<a href=\"https:\/\/www.immo-invest.ch\/fr\/categories\/regions\/\" title=\"R\u00e9gions\">R\u00e9gions<\/a>\n\t\t<\/span><span class=\"aioseo-breadcrumb-separator\">&raquo;<\/span><span class=\"aioseo-breadcrumb\">\n\t\t\t<a href=\"https:\/\/www.immo-invest.ch\/fr\/categories\/regions\/suisse\/\" title=\"Suisse\">Suisse<\/a>\n\t\t<\/span><span class=\"aioseo-breadcrumb-separator\">&raquo;<\/span><span class=\"aioseo-breadcrumb\">\n\t\t\t<a href=\"https:\/\/www.immo-invest.ch\/fr\/categories\/regions\/suisse\/suisse-orientale\/\" title=\"Suisse orientale\">Suisse orientale<\/a>\n\t\t<\/span><span class=\"aioseo-breadcrumb-separator\">&raquo;<\/span><span class=\"aioseo-breadcrumb\">\n\t\t\t<a href=\"https:\/\/www.immo-invest.ch\/fr\/categories\/regions\/suisse\/suisse-orientale\/glarus-fr\/\" title=\"Glarus\">Glarus<\/a>\n\t\t<\/span><span class=\"aioseo-breadcrumb-separator\">&raquo;<\/span><span class=\"aioseo-breadcrumb\">\n\t\t\tLa Banque cantonale de Glaris cherche des projets pour le prix de la durabilit\u00e9\n\t\t<\/span><\/div>","aioseo_breadcrumb_json":[{"label":"Home","link":"https:\/\/www.immo-invest.ch\/fr\/"},{"label":"R\u00e9gions","link":"https:\/\/www.immo-invest.ch\/fr\/categories\/regions\/"},{"label":"Suisse","link":"https:\/\/www.immo-invest.ch\/fr\/categories\/regions\/suisse\/"},{"label":"Suisse orientale","link":"https:\/\/www.immo-invest.ch\/fr\/categories\/regions\/suisse\/suisse-orientale\/"},{"label":"Glarus","link":"https:\/\/www.immo-invest.ch\/fr\/categories\/regions\/suisse\/suisse-orientale\/glarus-fr\/"},{"label":"La Banque cantonale de Glaris cherche des projets pour le prix de la durabilit\u00e9","link":"https:\/\/www.immo-invest.ch\/fr\/glarner-kantonalbank-sucht-projekte-fuer-nachhaltigkeitspreis\/"}],"featured_image_src":"https:\/\/www.immo-invest.ch\/wp-content\/uploads\/2024\/04\/Unbekannt-1-336x168.jpg","_links":{"self":[{"href":"https:\/\/www.immo-invest.ch\/fr\/wp-json\/wp\/v2\/posts\/86993","targetHints":{"allow":["GET"]}}],"collection":[{"href":"https:\/\/www.immo-invest.ch\/fr\/wp-json\/wp\/v2\/posts"}],"about":[{"href":"https:\/\/www.immo-invest.ch\/fr\/wp-json\/wp\/v2\/types\/post"}],"author":[{"embeddable":true,"href":"https:\/\/www.immo-invest.ch\/fr\/wp-json\/wp\/v2\/users\/2"}],"replies":[{"embeddable":true,"href":"https:\/\/www.immo-invest.ch\/fr\/wp-json\/wp\/v2\/comments?post=86993"}],"version-history":[{"count":0,"href":"https:\/\/www.immo-invest.ch\/fr\/wp-json\/wp\/v2\/posts\/86993\/revisions"}],"wp:featuredmedia":[{"embeddable":true,"href":"https:\/\/www.immo-invest.ch\/fr\/wp-json\/wp\/v2\/media\/86988"}],"wp:attachment":[{"href":"https:\/\/www.immo-invest.ch\/fr\/wp-json\/wp\/v2\/media?parent=86993"}],"wp:term":[{"taxonomy":"category","embeddable":true,"href":"https:\/\/www.immo-invest.ch\/fr\/wp-json\/wp\/v2\/categories?post=86993"},{"taxonomy":"post_tag","embeddable":true,"href":"https:\/\/www.immo-invest.ch\/fr\/wp-json\/wp\/v2\/tags?post=86993"}],"curies":[{"name":"wp","href":"https:\/\/api.w.org\/{rel}","templated":true}]}}