{"id":85390,"date":"2024-04-08T09:05:27","date_gmt":"2024-04-08T07:05:27","guid":{"rendered":"https:\/\/www.immo-invest.ch\/luzern-und-ewl-installieren-in-zwei-quartieren-e-ladestationen\/"},"modified":"2024-04-08T09:10:48","modified_gmt":"2024-04-08T07:10:48","slug":"luzern-und-ewl-installieren-in-zwei-quartieren-e-ladestationen","status":"publish","type":"post","link":"https:\/\/www.immo-invest.ch\/fr\/luzern-und-ewl-installieren-in-zwei-quartieren-e-ladestationen\/","title":{"rendered":"Lucerne et ewl installent des bornes de recharge \u00e9lectrique dans deux quartiers"},"content":{"rendered":"<p class=\"bodytext\">La <a href=\"https:\/\/www.stadtluzern.ch\/\" target=\"_blank\" rel=\"noopener\">ville de Lucerne<\/a> et <a href=\"https:\/\/www.ewl-luzern.ch\/ueber-ewl\/\" target=\"_blank\" rel=\"noopener\">ewl<\/a> lancent un projet pilote commun de zones vertes. Dans le cadre de ce projet, deux places de stationnement seront marqu&eacute;es en vert dans les zones bleues de l&rsquo;Eichmattstrasse et de la Bergstrasse et &eacute;quip&eacute;es chacune d&rsquo;une station de recharge avec capteur au sol. Selon un <a href=\"https:\/\/www.stadtluzern.ch\/aktuelles\/newslist\/2106937\" target=\"_blank\" rel=\"noopener\">communiqu&eacute; de presse<\/a>, les travaux d&eacute;buteront le lundi 8 avril 2024 et dureront environ deux semaines.<\/p>\n<p class=\"bodytext\">D&rsquo;ici 2040, tous les v&eacute;hicules immatricul&eacute;s dans la ville de Lucerne devront &ecirc;tre &eacute;lectriques ou renouvelables. Des places de recharge &eacute;lectrique dans les quartiers r&eacute;sidentiels doivent soutenir cet objectif. Afin de faciliter au maximum la recharge des v&eacute;hicules &eacute;lectriques et hybrides, les utilisateurs peuvent v&eacute;rifier en ligne si ces places de stationnement sont libres ou occup&eacute;es. Pour cela, <a href=\"https:\/\/web.ecarup.com\/\" target=\"_blank\" rel=\"noopener\">eCarUp<\/a> de Rotkreuz ZG fournit l&rsquo;interface de donn&eacute;es. Leur acc&egrave;s est mis en place et trait&eacute; par le prestataire de services TIC lucernois <a href=\"https:\/\/www.arcade.ch\/\" target=\"_blank\" rel=\"noopener\">arcade solutions<\/a>.<\/p>\n<p class=\"bodytext\">Le projet pilote, pr&eacute;vu pour durer cinq ans, est soutenu financi&egrave;rement par le programme de promotion <a href=\"https:\/\/www.laden-punkt.ch\/de\/home\/\" target=\"_blank\" rel=\"noopener\">LadenPunkt<\/a> et le <a href=\"https:\/\/www.stadtluzern.ch\/dienstleistungeninformation\/6241\" target=\"_blank\" rel=\"noopener\">fonds pour l&rsquo;&eacute;nergie<\/a> de la ville de Lucerne. Les deux partenaires souhaitent recueillir des exp&eacute;riences dans les quartiers r&eacute;sidentiels de Lucerne, notamment en ce qui concerne les habitudes de chargement et la dur&eacute;e d&rsquo;utilisation. Les connaissances acquises permettront d&rsquo;&eacute;valuer si d&rsquo;autres places de stationnement seront &eacute;quip&eacute;es &agrave; l&rsquo;avenir d&rsquo;une infrastructure de recharge dans les quartiers.<\/p>\n","protected":false},"excerpt":{"rendered":"<p>La ville de Lucerne et energie wasser luzern (ewl) r\u00e9alisent des stations de recharge pour voitures \u00e9lectriques dans le cadre d&rsquo;un projet pilote commun. Deux places de stationnement \u00e9quip\u00e9es en cons\u00e9quence verront le jour mi-avril \u00e0 la Eichmattstrasse et \u00e0 la Bergstrasse.<\/p>\n","protected":false},"author":2,"featured_media":11155,"comment_status":"open","ping_status":"open","sticky":false,"template":"","format":"standard","meta":{"pmpro_default_level":"0","inline_featured_image":false,"_monsterinsights_skip_tracking":false,"footnotes":""},"categories":[8747,743],"tags":[5859,835,2410,13607,1087],"class_list":["post-85390","post","type-post","status-publish","format-standard","has-post-thumbnail","hentry","category-energie","category-immonews-fr","tag-e-ladestationen-fr","tag-energie-fr","tag-mobilitaet-fr","tag-parkplaetze-fr","tag-projekt-fr","pmpro-has-access"],"acf":{"bild_mit_ki_erstellt_worden":[],"lead":"La ville de Lucerne et energie wasser luzern (ewl) r\u00e9alisent des stations de recharge pour voitures \u00e9lectriques dans le cadre d'un projet pilote commun. Deux places de stationnement \u00e9quip\u00e9es en cons\u00e9quence verront le jour mi-avril \u00e0 la Eichmattstrasse et \u00e0 la Bergstrasse.","autor":"ce\/mm","ort":"Luzern ","bildunterschrift":"","bild_im_grid":false,"gallerie":"","newsim":""},"aioseo_notices":[],"aioseo_head":"\n\t\t<!-- All in One SEO 5.0.1.1 - aioseo.com -->\n\t<meta name=\"description\" content=\"La ville de Lucerne et energie wasser luzern (ewl) r\u00e9alisent des stations de recharge pour voitures \u00e9lectriques dans le cadre d&#039;un projet pilote commun. Deux places de stationnement \u00e9quip\u00e9es en cons\u00e9quence verront le jour mi-avril \u00e0 la Eichmattstrasse et \u00e0 la Bergstrasse.\" \/>\n\t<meta name=\"robots\" content=\"max-image-preview:large\" \/>\n\t<meta name=\"author\" content=\"immovestuser\"\/>\n\t<meta name=\"google-site-verification\" content=\"fHJKvgWpZCR2zVBHWfkQeFXC11qieUSff0HGNYfuyLA\" \/>\n\t<link rel=\"canonical\" href=\"https:\/\/www.immo-invest.ch\/fr\/luzern-und-ewl-installieren-in-zwei-quartieren-e-ladestationen\/\" \/>\n\t<meta name=\"generator\" content=\"All in One SEO (AIOSEO) 5.0.1.1\" \/>\n\t\t<meta property=\"og:locale\" content=\"fr_FR\" \/>\n\t\t<meta property=\"og:site_name\" content=\"immo!nvest - Die Plattform f\u00fcr Standorte und Immobilien - Die\u00a0Plattform f\u00fcr Standorte und Immobilien\" \/>\n\t\t<meta property=\"og:type\" content=\"article\" \/>\n\t\t<meta property=\"og:title\" content=\"Lucerne et ewl installent des bornes de recharge \u00e9lectrique dans deux quartiers - immo!nvest - Die Plattform f\u00fcr Standorte und Immobilien\" \/>\n\t\t<meta property=\"og:description\" content=\"La ville de Lucerne et energie wasser luzern (ewl) r\u00e9alisent des stations de recharge pour voitures \u00e9lectriques dans le cadre d&#039;un projet pilote commun. Deux places de stationnement \u00e9quip\u00e9es en cons\u00e9quence verront le jour mi-avril \u00e0 la Eichmattstrasse et \u00e0 la Bergstrasse.\" \/>\n\t\t<meta property=\"og:url\" content=\"https:\/\/www.immo-invest.ch\/fr\/luzern-und-ewl-installieren-in-zwei-quartieren-e-ladestationen\/\" \/>\n\t\t<meta property=\"og:image\" content=\"https:\/\/www.immo-invest.ch\/wp-content\/uploads\/2020\/12\/energie-16.png\" \/>\n\t\t<meta property=\"og:image:secure_url\" content=\"https:\/\/www.immo-invest.ch\/wp-content\/uploads\/2020\/12\/energie-16.png\" \/>\n\t\t<meta property=\"og:image:width\" content=\"1200\" \/>\n\t\t<meta property=\"og:image:height\" content=\"628\" \/>\n\t\t<meta property=\"article:published_time\" content=\"2024-04-08T07:05:27+00:00\" \/>\n\t\t<meta property=\"article:modified_time\" content=\"2024-04-08T07:10:48+00:00\" \/>\n\t\t<meta property=\"article:publisher\" content=\"https:\/\/www.facebook.com\/people\/Immoinvest\/100077962920504\/\" \/>\n\t\t<meta name=\"twitter:card\" content=\"summary_large_image\" \/>\n\t\t<meta name=\"twitter:site\" content=\"@i\" \/>\n\t\t<meta name=\"twitter:title\" content=\"Lucerne et ewl installent des bornes de recharge \u00e9lectrique dans deux quartiers - immo!nvest - Die Plattform f\u00fcr Standorte und Immobilien\" \/>\n\t\t<meta name=\"twitter:description\" content=\"La ville de Lucerne et energie wasser luzern (ewl) r\u00e9alisent des stations de recharge pour voitures \u00e9lectriques dans le cadre d&#039;un projet pilote commun. Deux places de stationnement \u00e9quip\u00e9es en cons\u00e9quence verront le jour mi-avril \u00e0 la Eichmattstrasse et \u00e0 la Bergstrasse.\" \/>\n\t\t<meta name=\"twitter:creator\" content=\"@i\" \/>\n\t\t<meta name=\"twitter:image\" content=\"https:\/\/www.immo-invest.ch\/wp-content\/uploads\/2020\/12\/energie-16.png\" \/>\n\t\t<script type=\"application\/ld+json\" class=\"aioseo-schema\">\n\t\t\t{\"@context\":\"https:\\\/\\\/schema.org\",\"@graph\":[{\"@type\":\"BlogPosting\",\"@id\":\"https:\\\/\\\/www.immo-invest.ch\\\/fr\\\/luzern-und-ewl-installieren-in-zwei-quartieren-e-ladestationen\\\/#blogposting\",\"name\":\"Lucerne et ewl installent des bornes de recharge \\u00e9lectrique dans deux quartiers - immo!nvest - Die Plattform f\\u00fcr Standorte und Immobilien\",\"headline\":\"Lucerne et ewl installent des bornes de recharge \\u00e9lectrique dans deux quartiers\",\"author\":{\"@id\":\"https:\\\/\\\/www.immo-invest.ch\\\/fr\\\/author\\\/immovestuser\\\/#author\"},\"publisher\":{\"@id\":\"https:\\\/\\\/www.immo-invest.ch\\\/fr\\\/#organization\"},\"image\":{\"@type\":\"ImageObject\",\"url\":\"https:\\\/\\\/www.immo-invest.ch\\\/wp-content\\\/uploads\\\/2020\\\/12\\\/energie-16.png\",\"width\":1200,\"height\":628},\"datePublished\":\"2024-04-08T09:05:27+02:00\",\"dateModified\":\"2024-04-08T09:10:48+02:00\",\"inLanguage\":\"fr-FR\",\"mainEntityOfPage\":{\"@id\":\"https:\\\/\\\/www.immo-invest.ch\\\/fr\\\/luzern-und-ewl-installieren-in-zwei-quartieren-e-ladestationen\\\/#webpage\"},\"isPartOf\":{\"@id\":\"https:\\\/\\\/www.immo-invest.ch\\\/fr\\\/luzern-und-ewl-installieren-in-zwei-quartieren-e-ladestationen\\\/#webpage\"},\"articleSection\":\"\\u00c9nergie, immoNews, E-Ladestationen, Energie, Mobilit\\u00e4t, Parkpl\\u00e4tze, Projekt, Facultatif\"},{\"@type\":\"BreadcrumbList\",\"@id\":\"https:\\\/\\\/www.immo-invest.ch\\\/fr\\\/luzern-und-ewl-installieren-in-zwei-quartieren-e-ladestationen\\\/#breadcrumblist\",\"itemListElement\":[{\"@type\":\"ListItem\",\"@id\":\"https:\\\/\\\/www.immo-invest.ch\\\/fr\\\/#listItem\",\"position\":1,\"name\":\"Home\",\"item\":\"https:\\\/\\\/www.immo-invest.ch\\\/fr\\\/\",\"nextItem\":{\"@type\":\"ListItem\",\"@id\":\"https:\\\/\\\/www.immo-invest.ch\\\/fr\\\/categories\\\/immonews-fr\\\/#listItem\",\"name\":\"immoNews\"}},{\"@type\":\"ListItem\",\"@id\":\"https:\\\/\\\/www.immo-invest.ch\\\/fr\\\/categories\\\/immonews-fr\\\/#listItem\",\"position\":2,\"name\":\"immoNews\",\"item\":\"https:\\\/\\\/www.immo-invest.ch\\\/fr\\\/categories\\\/immonews-fr\\\/\",\"nextItem\":{\"@type\":\"ListItem\",\"@id\":\"https:\\\/\\\/www.immo-invest.ch\\\/fr\\\/luzern-und-ewl-installieren-in-zwei-quartieren-e-ladestationen\\\/#listItem\",\"name\":\"Lucerne et ewl installent des bornes de recharge \\u00e9lectrique dans deux quartiers\"},\"previousItem\":{\"@type\":\"ListItem\",\"@id\":\"https:\\\/\\\/www.immo-invest.ch\\\/fr\\\/#listItem\",\"name\":\"Home\"}},{\"@type\":\"ListItem\",\"@id\":\"https:\\\/\\\/www.immo-invest.ch\\\/fr\\\/luzern-und-ewl-installieren-in-zwei-quartieren-e-ladestationen\\\/#listItem\",\"position\":3,\"name\":\"Lucerne et ewl installent des bornes de recharge \\u00e9lectrique dans deux quartiers\",\"previousItem\":{\"@type\":\"ListItem\",\"@id\":\"https:\\\/\\\/www.immo-invest.ch\\\/fr\\\/categories\\\/immonews-fr\\\/#listItem\",\"name\":\"immoNews\"}}]},{\"@type\":\"Organization\",\"@id\":\"https:\\\/\\\/www.immo-invest.ch\\\/fr\\\/#organization\",\"name\":\"immo!nvest - Die Plattform f\\u00fcr Standorte und Immobilien\",\"description\":\"Die\\u00a0Plattform f\\u00fcr Standorte und Immobilien\",\"url\":\"https:\\\/\\\/www.immo-invest.ch\\\/fr\\\/\",\"email\":\"admin@immomedia.ag\",\"telephone\":\"+41444420002\",\"logo\":{\"@type\":\"ImageObject\",\"url\":\"https:\\\/\\\/www.immo-invest.ch\\\/wp-content\\\/uploads\\\/2024\\\/09\\\/immoinvest_sm-scaled.jpg\",\"@id\":\"https:\\\/\\\/www.immo-invest.ch\\\/fr\\\/luzern-und-ewl-installieren-in-zwei-quartieren-e-ladestationen\\\/#organizationLogo\",\"width\":2560,\"height\":1340},\"image\":{\"@id\":\"https:\\\/\\\/www.immo-invest.ch\\\/fr\\\/luzern-und-ewl-installieren-in-zwei-quartieren-e-ladestationen\\\/#organizationLogo\"},\"sameAs\":[\"https:\\\/\\\/www.facebook.com\\\/people\\\/Immoinvest\\\/100077962920504\\\/\",\"https:\\\/\\\/x.com\\\/i\\\/flow\\\/login?redirect_after_login=immoinvest_ch\",\"https:\\\/\\\/www.instagram.com\\\/immoinvest_ch\\\/\",\"https:\\\/\\\/www.linkedin.com\\\/company\\\/immoinvest-swiss\"]},{\"@type\":\"Person\",\"@id\":\"https:\\\/\\\/www.immo-invest.ch\\\/fr\\\/author\\\/immovestuser\\\/#author\",\"url\":\"https:\\\/\\\/www.immo-invest.ch\\\/fr\\\/author\\\/immovestuser\\\/\",\"name\":\"immovestuser\",\"image\":{\"@type\":\"ImageObject\",\"@id\":\"https:\\\/\\\/www.immo-invest.ch\\\/fr\\\/luzern-und-ewl-installieren-in-zwei-quartieren-e-ladestationen\\\/#authorImage\",\"url\":\"https:\\\/\\\/secure.gravatar.com\\\/avatar\\\/8e01f4d99f2eeea7a362ebb93305e1172a70e9293ba250f897a65c39f54cdd1e?s=96&d=mm&r=g\",\"width\":96,\"height\":96,\"caption\":\"immovestuser\"}},{\"@type\":\"WebPage\",\"@id\":\"https:\\\/\\\/www.immo-invest.ch\\\/fr\\\/luzern-und-ewl-installieren-in-zwei-quartieren-e-ladestationen\\\/#webpage\",\"url\":\"https:\\\/\\\/www.immo-invest.ch\\\/fr\\\/luzern-und-ewl-installieren-in-zwei-quartieren-e-ladestationen\\\/\",\"name\":\"Lucerne et ewl installent des bornes de recharge \\u00e9lectrique dans deux quartiers - immo!nvest - Die Plattform f\\u00fcr Standorte und Immobilien\",\"description\":\"La ville de Lucerne et energie wasser luzern (ewl) r\\u00e9alisent des stations de recharge pour voitures \\u00e9lectriques dans le cadre d'un projet pilote commun. Deux places de stationnement \\u00e9quip\\u00e9es en cons\\u00e9quence verront le jour mi-avril \\u00e0 la Eichmattstrasse et \\u00e0 la Bergstrasse.\",\"inLanguage\":\"fr-FR\",\"isPartOf\":{\"@id\":\"https:\\\/\\\/www.immo-invest.ch\\\/fr\\\/#website\"},\"breadcrumb\":{\"@id\":\"https:\\\/\\\/www.immo-invest.ch\\\/fr\\\/luzern-und-ewl-installieren-in-zwei-quartieren-e-ladestationen\\\/#breadcrumblist\"},\"author\":{\"@id\":\"https:\\\/\\\/www.immo-invest.ch\\\/fr\\\/author\\\/immovestuser\\\/#author\"},\"creator\":{\"@id\":\"https:\\\/\\\/www.immo-invest.ch\\\/fr\\\/author\\\/immovestuser\\\/#author\"},\"image\":{\"@type\":\"ImageObject\",\"url\":\"https:\\\/\\\/www.immo-invest.ch\\\/wp-content\\\/uploads\\\/2020\\\/12\\\/energie-16.png\",\"@id\":\"https:\\\/\\\/www.immo-invest.ch\\\/fr\\\/luzern-und-ewl-installieren-in-zwei-quartieren-e-ladestationen\\\/#mainImage\",\"width\":1200,\"height\":628},\"primaryImageOfPage\":{\"@id\":\"https:\\\/\\\/www.immo-invest.ch\\\/fr\\\/luzern-und-ewl-installieren-in-zwei-quartieren-e-ladestationen\\\/#mainImage\"},\"datePublished\":\"2024-04-08T09:05:27+02:00\",\"dateModified\":\"2024-04-08T09:10:48+02:00\"},{\"@type\":\"WebSite\",\"@id\":\"https:\\\/\\\/www.immo-invest.ch\\\/fr\\\/#website\",\"url\":\"https:\\\/\\\/www.immo-invest.ch\\\/fr\\\/\",\"name\":\"immo!nvest - Die Plattform f\\u00fcr Standorte und Immobilien\",\"description\":\"Die\\u00a0Plattform f\\u00fcr Standorte und Immobilien\",\"inLanguage\":\"fr-FR\",\"publisher\":{\"@id\":\"https:\\\/\\\/www.immo-invest.ch\\\/fr\\\/#organization\"}}]}\n\t\t<\/script>\n\t\t<!-- All in One SEO -->\n\n","aioseo_head_json":{"title":"Lucerne et ewl installent des bornes de recharge \u00e9lectrique dans deux quartiers - immo!nvest - Die Plattform f\u00fcr Standorte und Immobilien","description":"La ville de Lucerne et energie wasser luzern (ewl) r\u00e9alisent des stations de recharge pour voitures \u00e9lectriques dans le cadre d'un projet pilote commun. Deux places de stationnement \u00e9quip\u00e9es en cons\u00e9quence verront le jour mi-avril \u00e0 la Eichmattstrasse et \u00e0 la Bergstrasse.","canonical_url":"https:\/\/www.immo-invest.ch\/fr\/luzern-und-ewl-installieren-in-zwei-quartieren-e-ladestationen\/","robots":"max-image-preview:large","keywords":"","webmasterTools":{"google-site-verification":"fHJKvgWpZCR2zVBHWfkQeFXC11qieUSff0HGNYfuyLA","miscellaneous":""},"schema":{"@context":"https:\/\/schema.org","@graph":[{"@type":"BlogPosting","@id":"https:\/\/www.immo-invest.ch\/fr\/luzern-und-ewl-installieren-in-zwei-quartieren-e-ladestationen\/#blogposting","name":"Lucerne et ewl installent des bornes de recharge \u00e9lectrique dans deux quartiers - immo!nvest - Die Plattform f\u00fcr Standorte und Immobilien","headline":"Lucerne et ewl installent des bornes de recharge \u00e9lectrique dans deux quartiers","author":{"@id":"https:\/\/www.immo-invest.ch\/fr\/author\/immovestuser\/#author"},"publisher":{"@id":"https:\/\/www.immo-invest.ch\/fr\/#organization"},"image":{"@type":"ImageObject","url":"https:\/\/www.immo-invest.ch\/wp-content\/uploads\/2020\/12\/energie-16.png","width":1200,"height":628},"datePublished":"2024-04-08T09:05:27+02:00","dateModified":"2024-04-08T09:10:48+02:00","inLanguage":"fr-FR","mainEntityOfPage":{"@id":"https:\/\/www.immo-invest.ch\/fr\/luzern-und-ewl-installieren-in-zwei-quartieren-e-ladestationen\/#webpage"},"isPartOf":{"@id":"https:\/\/www.immo-invest.ch\/fr\/luzern-und-ewl-installieren-in-zwei-quartieren-e-ladestationen\/#webpage"},"articleSection":"\u00c9nergie, immoNews, E-Ladestationen, Energie, Mobilit\u00e4t, Parkpl\u00e4tze, Projekt, Facultatif"},{"@type":"BreadcrumbList","@id":"https:\/\/www.immo-invest.ch\/fr\/luzern-und-ewl-installieren-in-zwei-quartieren-e-ladestationen\/#breadcrumblist","itemListElement":[{"@type":"ListItem","@id":"https:\/\/www.immo-invest.ch\/fr\/#listItem","position":1,"name":"Home","item":"https:\/\/www.immo-invest.ch\/fr\/","nextItem":{"@type":"ListItem","@id":"https:\/\/www.immo-invest.ch\/fr\/categories\/immonews-fr\/#listItem","name":"immoNews"}},{"@type":"ListItem","@id":"https:\/\/www.immo-invest.ch\/fr\/categories\/immonews-fr\/#listItem","position":2,"name":"immoNews","item":"https:\/\/www.immo-invest.ch\/fr\/categories\/immonews-fr\/","nextItem":{"@type":"ListItem","@id":"https:\/\/www.immo-invest.ch\/fr\/luzern-und-ewl-installieren-in-zwei-quartieren-e-ladestationen\/#listItem","name":"Lucerne et ewl installent des bornes de recharge \u00e9lectrique dans deux quartiers"},"previousItem":{"@type":"ListItem","@id":"https:\/\/www.immo-invest.ch\/fr\/#listItem","name":"Home"}},{"@type":"ListItem","@id":"https:\/\/www.immo-invest.ch\/fr\/luzern-und-ewl-installieren-in-zwei-quartieren-e-ladestationen\/#listItem","position":3,"name":"Lucerne et ewl installent des bornes de recharge \u00e9lectrique dans deux quartiers","previousItem":{"@type":"ListItem","@id":"https:\/\/www.immo-invest.ch\/fr\/categories\/immonews-fr\/#listItem","name":"immoNews"}}]},{"@type":"Organization","@id":"https:\/\/www.immo-invest.ch\/fr\/#organization","name":"immo!nvest - Die Plattform f\u00fcr Standorte und Immobilien","description":"Die\u00a0Plattform f\u00fcr Standorte und Immobilien","url":"https:\/\/www.immo-invest.ch\/fr\/","email":"admin@immomedia.ag","telephone":"+41444420002","logo":{"@type":"ImageObject","url":"https:\/\/www.immo-invest.ch\/wp-content\/uploads\/2024\/09\/immoinvest_sm-scaled.jpg","@id":"https:\/\/www.immo-invest.ch\/fr\/luzern-und-ewl-installieren-in-zwei-quartieren-e-ladestationen\/#organizationLogo","width":2560,"height":1340},"image":{"@id":"https:\/\/www.immo-invest.ch\/fr\/luzern-und-ewl-installieren-in-zwei-quartieren-e-ladestationen\/#organizationLogo"},"sameAs":["https:\/\/www.facebook.com\/people\/Immoinvest\/100077962920504\/","https:\/\/x.com\/i\/flow\/login?redirect_after_login=immoinvest_ch","https:\/\/www.instagram.com\/immoinvest_ch\/","https:\/\/www.linkedin.com\/company\/immoinvest-swiss"]},{"@type":"Person","@id":"https:\/\/www.immo-invest.ch\/fr\/author\/immovestuser\/#author","url":"https:\/\/www.immo-invest.ch\/fr\/author\/immovestuser\/","name":"immovestuser","image":{"@type":"ImageObject","@id":"https:\/\/www.immo-invest.ch\/fr\/luzern-und-ewl-installieren-in-zwei-quartieren-e-ladestationen\/#authorImage","url":"https:\/\/secure.gravatar.com\/avatar\/8e01f4d99f2eeea7a362ebb93305e1172a70e9293ba250f897a65c39f54cdd1e?s=96&d=mm&r=g","width":96,"height":96,"caption":"immovestuser"}},{"@type":"WebPage","@id":"https:\/\/www.immo-invest.ch\/fr\/luzern-und-ewl-installieren-in-zwei-quartieren-e-ladestationen\/#webpage","url":"https:\/\/www.immo-invest.ch\/fr\/luzern-und-ewl-installieren-in-zwei-quartieren-e-ladestationen\/","name":"Lucerne et ewl installent des bornes de recharge \u00e9lectrique dans deux quartiers - immo!nvest - Die Plattform f\u00fcr Standorte und Immobilien","description":"La ville de Lucerne et energie wasser luzern (ewl) r\u00e9alisent des stations de recharge pour voitures \u00e9lectriques dans le cadre d'un projet pilote commun. Deux places de stationnement \u00e9quip\u00e9es en cons\u00e9quence verront le jour mi-avril \u00e0 la Eichmattstrasse et \u00e0 la Bergstrasse.","inLanguage":"fr-FR","isPartOf":{"@id":"https:\/\/www.immo-invest.ch\/fr\/#website"},"breadcrumb":{"@id":"https:\/\/www.immo-invest.ch\/fr\/luzern-und-ewl-installieren-in-zwei-quartieren-e-ladestationen\/#breadcrumblist"},"author":{"@id":"https:\/\/www.immo-invest.ch\/fr\/author\/immovestuser\/#author"},"creator":{"@id":"https:\/\/www.immo-invest.ch\/fr\/author\/immovestuser\/#author"},"image":{"@type":"ImageObject","url":"https:\/\/www.immo-invest.ch\/wp-content\/uploads\/2020\/12\/energie-16.png","@id":"https:\/\/www.immo-invest.ch\/fr\/luzern-und-ewl-installieren-in-zwei-quartieren-e-ladestationen\/#mainImage","width":1200,"height":628},"primaryImageOfPage":{"@id":"https:\/\/www.immo-invest.ch\/fr\/luzern-und-ewl-installieren-in-zwei-quartieren-e-ladestationen\/#mainImage"},"datePublished":"2024-04-08T09:05:27+02:00","dateModified":"2024-04-08T09:10:48+02:00"},{"@type":"WebSite","@id":"https:\/\/www.immo-invest.ch\/fr\/#website","url":"https:\/\/www.immo-invest.ch\/fr\/","name":"immo!nvest - Die Plattform f\u00fcr Standorte und Immobilien","description":"Die\u00a0Plattform f\u00fcr Standorte und Immobilien","inLanguage":"fr-FR","publisher":{"@id":"https:\/\/www.immo-invest.ch\/fr\/#organization"}}]},"og:locale":"fr_FR","og:site_name":"immo!nvest - Die Plattform f\u00fcr Standorte und Immobilien - Die\u00a0Plattform f\u00fcr Standorte und Immobilien","og:type":"article","og:title":"Lucerne et ewl installent des bornes de recharge \u00e9lectrique dans deux quartiers - immo!nvest - Die Plattform f\u00fcr Standorte und Immobilien","og:description":"La ville de Lucerne et energie wasser luzern (ewl) r\u00e9alisent des stations de recharge pour voitures \u00e9lectriques dans le cadre d'un projet pilote commun. Deux places de stationnement \u00e9quip\u00e9es en cons\u00e9quence verront le jour mi-avril \u00e0 la Eichmattstrasse et \u00e0 la Bergstrasse.","og:url":"https:\/\/www.immo-invest.ch\/fr\/luzern-und-ewl-installieren-in-zwei-quartieren-e-ladestationen\/","og:image":"https:\/\/www.immo-invest.ch\/wp-content\/uploads\/2020\/12\/energie-16.png","og:image:secure_url":"https:\/\/www.immo-invest.ch\/wp-content\/uploads\/2020\/12\/energie-16.png","og:image:width":1200,"og:image:height":628,"article:published_time":"2024-04-08T07:05:27+00:00","article:modified_time":"2024-04-08T07:10:48+00:00","article:publisher":"https:\/\/www.facebook.com\/people\/Immoinvest\/100077962920504\/","twitter:card":"summary_large_image","twitter:site":"@i","twitter:title":"Lucerne et ewl installent des bornes de recharge \u00e9lectrique dans deux quartiers - immo!nvest - Die Plattform f\u00fcr Standorte und Immobilien","twitter:description":"La ville de Lucerne et energie wasser luzern (ewl) r\u00e9alisent des stations de recharge pour voitures \u00e9lectriques dans le cadre d'un projet pilote commun. Deux places de stationnement \u00e9quip\u00e9es en cons\u00e9quence verront le jour mi-avril \u00e0 la Eichmattstrasse et \u00e0 la Bergstrasse.","twitter:creator":"@i","twitter:image":"https:\/\/www.immo-invest.ch\/wp-content\/uploads\/2020\/12\/energie-16.png"},"aioseo_meta_data":{"post_id":"85390","title":null,"description":null,"keywords":null,"keyphrases":null,"primary_term":null,"canonical_url":null,"og_title":null,"og_description":null,"og_object_type":"default","og_image_type":"default","og_image_url":null,"og_image_width":null,"og_image_height":null,"og_image_custom_url":null,"og_image_custom_fields":null,"og_video":null,"og_custom_url":null,"og_article_section":null,"og_article_tags":null,"twitter_use_og":false,"twitter_card":"default","twitter_image_type":"default","twitter_image_url":null,"twitter_image_custom_url":null,"twitter_image_custom_fields":null,"twitter_title":null,"twitter_description":null,"schema":{"blockGraphs":[],"customGraphs":[],"default":{"data":{"Article":[],"Course":[],"Dataset":[],"FAQPage":[],"Movie":[],"Person":[],"Product":[],"ProductReview":[],"Car":[],"Recipe":[],"Service":[],"SoftwareApplication":[],"WebPage":[]},"graphName":"","isEnabled":true},"graphs":[]},"schema_type":"default","schema_type_options":null,"pillar_content":false,"robots_default":true,"robots_noindex":false,"robots_noarchive":false,"robots_nosnippet":false,"robots_nofollow":false,"robots_noimageindex":false,"robots_noodp":false,"robots_notranslate":false,"robots_max_snippet":null,"robots_max_videopreview":null,"robots_max_imagepreview":"large","priority":null,"frequency":null,"local_seo":null,"breadcrumb_settings":null,"limit_modified_date":false,"ai":null,"created":"2024-09-20 18:01:04","updated":"2025-10-24 00:18:12","seo_analyzer_scan_date":null,"focus_keyword":null,"additional_keywords":null,"truseo_locale":null},"aioseo_breadcrumb":"<div class=\"aioseo-breadcrumbs\"><span class=\"aioseo-breadcrumb\">\n\t\t\t<a href=\"https:\/\/www.immo-invest.ch\/fr\/\" title=\"Home\">Home<\/a>\n\t\t<\/span><span class=\"aioseo-breadcrumb-separator\">&raquo;<\/span><span class=\"aioseo-breadcrumb\">\n\t\t\t<a href=\"https:\/\/www.immo-invest.ch\/fr\/categories\/immonews-fr\/\" title=\"immoNews\">immoNews<\/a>\n\t\t<\/span><span class=\"aioseo-breadcrumb-separator\">&raquo;<\/span><span class=\"aioseo-breadcrumb\">\n\t\t\tLucerne et ewl installent des bornes de recharge \u00e9lectrique dans deux quartiers\n\t\t<\/span><\/div>","aioseo_breadcrumb_json":[{"label":"Home","link":"https:\/\/www.immo-invest.ch\/fr\/"},{"label":"immoNews","link":"https:\/\/www.immo-invest.ch\/fr\/categories\/immonews-fr\/"},{"label":"Lucerne et ewl installent des bornes de recharge \u00e9lectrique dans deux quartiers","link":"https:\/\/www.immo-invest.ch\/fr\/luzern-und-ewl-installieren-in-zwei-quartieren-e-ladestationen\/"}],"featured_image_src":"https:\/\/www.immo-invest.ch\/wp-content\/uploads\/2020\/12\/energie-16-150x150.png","_links":{"self":[{"href":"https:\/\/www.immo-invest.ch\/fr\/wp-json\/wp\/v2\/posts\/85390","targetHints":{"allow":["GET"]}}],"collection":[{"href":"https:\/\/www.immo-invest.ch\/fr\/wp-json\/wp\/v2\/posts"}],"about":[{"href":"https:\/\/www.immo-invest.ch\/fr\/wp-json\/wp\/v2\/types\/post"}],"author":[{"embeddable":true,"href":"https:\/\/www.immo-invest.ch\/fr\/wp-json\/wp\/v2\/users\/2"}],"replies":[{"embeddable":true,"href":"https:\/\/www.immo-invest.ch\/fr\/wp-json\/wp\/v2\/comments?post=85390"}],"version-history":[{"count":0,"href":"https:\/\/www.immo-invest.ch\/fr\/wp-json\/wp\/v2\/posts\/85390\/revisions"}],"wp:featuredmedia":[{"embeddable":true,"href":"https:\/\/www.immo-invest.ch\/fr\/wp-json\/wp\/v2\/media\/11155"}],"wp:attachment":[{"href":"https:\/\/www.immo-invest.ch\/fr\/wp-json\/wp\/v2\/media?parent=85390"}],"wp:term":[{"taxonomy":"category","embeddable":true,"href":"https:\/\/www.immo-invest.ch\/fr\/wp-json\/wp\/v2\/categories?post=85390"},{"taxonomy":"post_tag","embeddable":true,"href":"https:\/\/www.immo-invest.ch\/fr\/wp-json\/wp\/v2\/tags?post=85390"}],"curies":[{"name":"wp","href":"https:\/\/api.w.org\/{rel}","templated":true}]}}