{"id":83098,"date":"2024-03-27T08:15:00","date_gmt":"2024-03-27T07:15:00","guid":{"rendered":"https:\/\/www.immo-invest.ch\/?p=83098"},"modified":"2024-03-25T09:48:01","modified_gmt":"2024-03-25T08:48:01","slug":"gemeinderat-urdorf-beschliesst-rahmen-fuer-energieverbund","status":"publish","type":"post","link":"https:\/\/www.immo-invest.ch\/fr\/gemeinderat-urdorf-beschliesst-rahmen-fuer-energieverbund\/","title":{"rendered":"Le conseil municipal d&rsquo;Urdorf adopte un cadre pour l&rsquo;interconnexion \u00e9nerg\u00e9tique"},"content":{"rendered":"<p class=\"bodytext\"><a href=\"https:\/\/www.energie360.ch\/de\/unternehmen\/\" target=\"_blank\" rel=\"noopener\">Energie 360&deg;<\/a> pr&eacute;voit de cr&eacute;er &agrave; <a href=\"https:\/\/www.urdorf.ch\/\" target=\"_blank\" rel=\"noopener\">Urdorf<\/a> un <a href=\"https:\/\/www.energie360.ch\/de\/verbund\/urdorf\/projekt\/#main?utm_source=native&amp;utm_medium=referral&amp;utm_campaign=evp%20urdorf&amp;utm_content=de\" target=\"_blank\" rel=\"noopener\">r&eacute;seau &eacute;nerg&eacute;tique<\/a> bas&eacute; sur des sources d&rsquo;&eacute;nergie sans CO2. Le conseil municipal a adopt&eacute; les conditions g&eacute;n&eacute;rales de la r&eacute;alisation lors de sa r&eacute;union du 26 f&eacute;vrier, comme l&rsquo;indique un <a href=\"https:\/\/www.urdorf.ch\/politikinformationen\/2097472\" target=\"_blank\" rel=\"noopener\">communiqu&eacute; de presse<\/a>. Le r&eacute;seau &eacute;nerg&eacute;tique comprend les zones appropri&eacute;es du centre et d&rsquo;Oberurdorf, telles qu&rsquo;elles sont d&eacute;finies dans le <a href=\"https:\/\/www.urdorf.ch\/_doc\/4514276\" target=\"_blank\" rel=\"noopener\">plan &eacute;nerg&eacute;tique<\/a> communal. Il doit permettre de soutenir la transformation souhait&eacute;e des &eacute;nergies fossiles en &eacute;nergies respectueuses du climat pour la production de chaleur et donc l&rsquo;objectif &laquo;&nbsp;z&eacute;ro net en 2050&nbsp;&raquo;.<\/p>\n<p class=\"bodytext\">L&rsquo;installation pr&eacute;vue pr&eacute;voit une production de chaleur &agrave; partir de sources d&rsquo;&eacute;nergie durables, comme la combustion de copeaux de bois, et permet ainsi de r&eacute;duire l&rsquo;impact environnemental d&rsquo;environ 4000 tonnes de CO2 par an. Le r&eacute;seau de gaz naturel existant doit &ecirc;tre remplac&eacute; &agrave; moyen terme sur la base de la strat&eacute;gie de transformation d&rsquo;Energie 360&deg;. Les premiers raccordements sont pr&eacute;vus pour l&rsquo;automne 2026, pr&eacute;cise le communiqu&eacute;.<\/p>\n<p class=\"bodytext\">L&rsquo;engagement de la commune d&rsquo;Urdorf pour la r&eacute;alisation du r&eacute;seau de chauffage urbain pr&eacute;vu se limite &agrave; l&rsquo;octroi d&rsquo;un droit de superficie de longue dur&eacute;e sur une partie du terrain communal &laquo;&nbsp;L&auml;tten&nbsp;&raquo; pour la construction de la centrale &eacute;nerg&eacute;tique n&eacute;cessaire avec une installation de stockage d&rsquo;&eacute;nergie ainsi qu&rsquo;&agrave; l&rsquo;autorisation d&rsquo;utiliser le domaine public. La r&eacute;alisation, le financement et l&rsquo;exploitation sont enti&egrave;rement assur&eacute;s par Energie 360&deg;, ajoute le texte. La commune ne supporte aucun risque d&rsquo;entreprise.<\/p>\n<p class=\"bodytext\">La r&eacute;alisation &eacute;ventuelle de la centrale &eacute;nerg&eacute;tique sur le terrain communal doit se faire sur la base d&rsquo;un droit de superficie &agrave; octroyer &agrave; Energie 360&deg;. Le conseil communal a approuv&eacute; ce contrat pour une dur&eacute;e initiale de 50 ans, conform&eacute;ment &agrave; la r&eacute;glementation des comp&eacute;tences du r&egrave;glement communal et aux directives cantonales.<\/p>\n","protected":false},"excerpt":{"rendered":"<p>Le conseil municipal d&rsquo;Urdorf a adopt\u00e9 les conditions-cadres pour le r\u00e9seau \u00e9nerg\u00e9tique d&rsquo;Energie 360\u00b0. L&rsquo;objectif est de passer des sources d&rsquo;\u00e9nergie fossiles aux sources d&rsquo;\u00e9nergie sans CO2. Les premiers raccordements d&rsquo;immeubles pourraient avoir lieu en 2026.<\/p>\n","protected":false},"author":2,"featured_media":12244,"comment_status":"open","ping_status":"open","sticky":false,"template":"","format":"standard","meta":{"pmpro_default_level":"0","inline_featured_image":false,"_monsterinsights_skip_tracking":false,"footnotes":""},"categories":[8747,743],"tags":[835,43937,2103,2155,45607,848,3481],"class_list":["post-83098","post","type-post","status-publish","format-standard","has-post-thumbnail","hentry","category-energie","category-immonews-fr","tag-energie-fr","tag-energiequellen-fr","tag-energieverbund-fr","tag-erneuerbareenergien-fr","tag-fossile-energiequelle-fr","tag-immobilien-fr","tag-liegenschaften-fr","pmpro-has-access"],"acf":{"bild_mit_ki_erstellt_worden":[],"lead":"Le conseil municipal d'Urdorf a adopt\u00e9 les conditions-cadres pour le r\u00e9seau \u00e9nerg\u00e9tique d'Energie 360\u00b0. L'objectif est de passer des sources d'\u00e9nergie fossiles aux sources d'\u00e9nergie sans CO2. Les premiers raccordements d'immeubles pourraient avoir lieu en 2026.","autor":"ce\/gba","ort":"Urdorf ZH\/Z\u00fcrich ","bildunterschrift":"","bild_im_grid":false,"gallerie":"","newsim":""},"aioseo_notices":[],"aioseo_head":"\n\t\t<!-- All in One SEO 5.0.1.1 - aioseo.com -->\n\t<meta name=\"description\" content=\"Le conseil municipal d&#039;Urdorf a adopt\u00e9 les conditions-cadres pour le r\u00e9seau \u00e9nerg\u00e9tique d&#039;Energie 360\u00b0. L&#039;objectif est de passer des sources d&#039;\u00e9nergie fossiles aux sources d&#039;\u00e9nergie sans CO2. Les premiers raccordements d&#039;immeubles pourraient avoir lieu en 2026.\" \/>\n\t<meta name=\"robots\" content=\"max-image-preview:large\" \/>\n\t<meta name=\"author\" content=\"immovestuser\"\/>\n\t<meta name=\"google-site-verification\" content=\"fHJKvgWpZCR2zVBHWfkQeFXC11qieUSff0HGNYfuyLA\" \/>\n\t<link rel=\"canonical\" href=\"https:\/\/www.immo-invest.ch\/fr\/gemeinderat-urdorf-beschliesst-rahmen-fuer-energieverbund\/\" \/>\n\t<meta name=\"generator\" content=\"All in One SEO (AIOSEO) 5.0.1.1\" \/>\n\t\t<meta property=\"og:locale\" content=\"fr_FR\" \/>\n\t\t<meta property=\"og:site_name\" content=\"immo!nvest - Die Plattform f\u00fcr Standorte und Immobilien - Die\u00a0Plattform f\u00fcr Standorte und Immobilien\" \/>\n\t\t<meta property=\"og:type\" content=\"article\" \/>\n\t\t<meta property=\"og:title\" content=\"Le conseil municipal d\u2019Urdorf adopte un cadre pour l\u2019interconnexion \u00e9nerg\u00e9tique - immo!nvest - Die Plattform f\u00fcr Standorte und Immobilien\" \/>\n\t\t<meta property=\"og:description\" content=\"Le conseil municipal d&#039;Urdorf a adopt\u00e9 les conditions-cadres pour le r\u00e9seau \u00e9nerg\u00e9tique d&#039;Energie 360\u00b0. L&#039;objectif est de passer des sources d&#039;\u00e9nergie fossiles aux sources d&#039;\u00e9nergie sans CO2. Les premiers raccordements d&#039;immeubles pourraient avoir lieu en 2026.\" \/>\n\t\t<meta property=\"og:url\" content=\"https:\/\/www.immo-invest.ch\/fr\/gemeinderat-urdorf-beschliesst-rahmen-fuer-energieverbund\/\" \/>\n\t\t<meta property=\"og:image\" content=\"https:\/\/www.immo-invest.ch\/wp-content\/uploads\/2021\/01\/energie-20.png\" \/>\n\t\t<meta property=\"og:image:secure_url\" content=\"https:\/\/www.immo-invest.ch\/wp-content\/uploads\/2021\/01\/energie-20.png\" \/>\n\t\t<meta property=\"og:image:width\" content=\"1200\" \/>\n\t\t<meta property=\"og:image:height\" content=\"628\" \/>\n\t\t<meta property=\"article:published_time\" content=\"2024-03-27T07:15:00+00:00\" \/>\n\t\t<meta property=\"article:modified_time\" content=\"2024-03-25T08:48:01+00:00\" \/>\n\t\t<meta property=\"article:publisher\" content=\"https:\/\/www.facebook.com\/people\/Immoinvest\/100077962920504\/\" \/>\n\t\t<meta name=\"twitter:card\" content=\"summary_large_image\" \/>\n\t\t<meta name=\"twitter:site\" content=\"@i\" \/>\n\t\t<meta name=\"twitter:title\" content=\"Le conseil municipal d\u2019Urdorf adopte un cadre pour l\u2019interconnexion \u00e9nerg\u00e9tique - immo!nvest - Die Plattform f\u00fcr Standorte und Immobilien\" \/>\n\t\t<meta name=\"twitter:description\" content=\"Le conseil municipal d&#039;Urdorf a adopt\u00e9 les conditions-cadres pour le r\u00e9seau \u00e9nerg\u00e9tique d&#039;Energie 360\u00b0. L&#039;objectif est de passer des sources d&#039;\u00e9nergie fossiles aux sources d&#039;\u00e9nergie sans CO2. Les premiers raccordements d&#039;immeubles pourraient avoir lieu en 2026.\" \/>\n\t\t<meta name=\"twitter:creator\" content=\"@i\" \/>\n\t\t<meta name=\"twitter:image\" content=\"https:\/\/www.immo-invest.ch\/wp-content\/uploads\/2021\/01\/energie-20.png\" \/>\n\t\t<script type=\"application\/ld+json\" class=\"aioseo-schema\">\n\t\t\t{\"@context\":\"https:\\\/\\\/schema.org\",\"@graph\":[{\"@type\":\"BlogPosting\",\"@id\":\"https:\\\/\\\/www.immo-invest.ch\\\/fr\\\/gemeinderat-urdorf-beschliesst-rahmen-fuer-energieverbund\\\/#blogposting\",\"name\":\"Le conseil municipal d\\u2019Urdorf adopte un cadre pour l\\u2019interconnexion \\u00e9nerg\\u00e9tique - immo!nvest - Die Plattform f\\u00fcr Standorte und Immobilien\",\"headline\":\"Le conseil municipal d&rsquo;Urdorf adopte un cadre pour l&rsquo;interconnexion \\u00e9nerg\\u00e9tique\",\"author\":{\"@id\":\"https:\\\/\\\/www.immo-invest.ch\\\/fr\\\/author\\\/immovestuser\\\/#author\"},\"publisher\":{\"@id\":\"https:\\\/\\\/www.immo-invest.ch\\\/fr\\\/#organization\"},\"image\":{\"@type\":\"ImageObject\",\"url\":\"https:\\\/\\\/www.immo-invest.ch\\\/wp-content\\\/uploads\\\/2021\\\/01\\\/energie-20.png\",\"width\":1200,\"height\":628},\"datePublished\":\"2024-03-27T08:15:00+01:00\",\"dateModified\":\"2024-03-25T09:48:01+01:00\",\"inLanguage\":\"fr-FR\",\"mainEntityOfPage\":{\"@id\":\"https:\\\/\\\/www.immo-invest.ch\\\/fr\\\/gemeinderat-urdorf-beschliesst-rahmen-fuer-energieverbund\\\/#webpage\"},\"isPartOf\":{\"@id\":\"https:\\\/\\\/www.immo-invest.ch\\\/fr\\\/gemeinderat-urdorf-beschliesst-rahmen-fuer-energieverbund\\\/#webpage\"},\"articleSection\":\"\\u00c9nergie, immoNews, Energie, Energiequellen, Energieverbund, ErneuerbareEnergien, Fossile Energiequelle, immobilien, Liegenschaften, Facultatif\"},{\"@type\":\"BreadcrumbList\",\"@id\":\"https:\\\/\\\/www.immo-invest.ch\\\/fr\\\/gemeinderat-urdorf-beschliesst-rahmen-fuer-energieverbund\\\/#breadcrumblist\",\"itemListElement\":[{\"@type\":\"ListItem\",\"@id\":\"https:\\\/\\\/www.immo-invest.ch\\\/fr\\\/#listItem\",\"position\":1,\"name\":\"Home\",\"item\":\"https:\\\/\\\/www.immo-invest.ch\\\/fr\\\/\",\"nextItem\":{\"@type\":\"ListItem\",\"@id\":\"https:\\\/\\\/www.immo-invest.ch\\\/fr\\\/categories\\\/immonews-fr\\\/#listItem\",\"name\":\"immoNews\"}},{\"@type\":\"ListItem\",\"@id\":\"https:\\\/\\\/www.immo-invest.ch\\\/fr\\\/categories\\\/immonews-fr\\\/#listItem\",\"position\":2,\"name\":\"immoNews\",\"item\":\"https:\\\/\\\/www.immo-invest.ch\\\/fr\\\/categories\\\/immonews-fr\\\/\",\"nextItem\":{\"@type\":\"ListItem\",\"@id\":\"https:\\\/\\\/www.immo-invest.ch\\\/fr\\\/gemeinderat-urdorf-beschliesst-rahmen-fuer-energieverbund\\\/#listItem\",\"name\":\"Le conseil municipal d&rsquo;Urdorf adopte un cadre pour l&rsquo;interconnexion \\u00e9nerg\\u00e9tique\"},\"previousItem\":{\"@type\":\"ListItem\",\"@id\":\"https:\\\/\\\/www.immo-invest.ch\\\/fr\\\/#listItem\",\"name\":\"Home\"}},{\"@type\":\"ListItem\",\"@id\":\"https:\\\/\\\/www.immo-invest.ch\\\/fr\\\/gemeinderat-urdorf-beschliesst-rahmen-fuer-energieverbund\\\/#listItem\",\"position\":3,\"name\":\"Le conseil municipal d&rsquo;Urdorf adopte un cadre pour l&rsquo;interconnexion \\u00e9nerg\\u00e9tique\",\"previousItem\":{\"@type\":\"ListItem\",\"@id\":\"https:\\\/\\\/www.immo-invest.ch\\\/fr\\\/categories\\\/immonews-fr\\\/#listItem\",\"name\":\"immoNews\"}}]},{\"@type\":\"Organization\",\"@id\":\"https:\\\/\\\/www.immo-invest.ch\\\/fr\\\/#organization\",\"name\":\"immo!nvest - Die Plattform f\\u00fcr Standorte und Immobilien\",\"description\":\"Die\\u00a0Plattform f\\u00fcr Standorte und Immobilien\",\"url\":\"https:\\\/\\\/www.immo-invest.ch\\\/fr\\\/\",\"email\":\"admin@immomedia.ag\",\"telephone\":\"+41444420002\",\"logo\":{\"@type\":\"ImageObject\",\"url\":\"https:\\\/\\\/www.immo-invest.ch\\\/wp-content\\\/uploads\\\/2024\\\/09\\\/immoinvest_sm-scaled.jpg\",\"@id\":\"https:\\\/\\\/www.immo-invest.ch\\\/fr\\\/gemeinderat-urdorf-beschliesst-rahmen-fuer-energieverbund\\\/#organizationLogo\",\"width\":2560,\"height\":1340},\"image\":{\"@id\":\"https:\\\/\\\/www.immo-invest.ch\\\/fr\\\/gemeinderat-urdorf-beschliesst-rahmen-fuer-energieverbund\\\/#organizationLogo\"},\"sameAs\":[\"https:\\\/\\\/www.facebook.com\\\/people\\\/Immoinvest\\\/100077962920504\\\/\",\"https:\\\/\\\/x.com\\\/i\\\/flow\\\/login?redirect_after_login=immoinvest_ch\",\"https:\\\/\\\/www.instagram.com\\\/immoinvest_ch\\\/\",\"https:\\\/\\\/www.linkedin.com\\\/company\\\/immoinvest-swiss\"]},{\"@type\":\"Person\",\"@id\":\"https:\\\/\\\/www.immo-invest.ch\\\/fr\\\/author\\\/immovestuser\\\/#author\",\"url\":\"https:\\\/\\\/www.immo-invest.ch\\\/fr\\\/author\\\/immovestuser\\\/\",\"name\":\"immovestuser\",\"image\":{\"@type\":\"ImageObject\",\"@id\":\"https:\\\/\\\/www.immo-invest.ch\\\/fr\\\/gemeinderat-urdorf-beschliesst-rahmen-fuer-energieverbund\\\/#authorImage\",\"url\":\"https:\\\/\\\/secure.gravatar.com\\\/avatar\\\/8e01f4d99f2eeea7a362ebb93305e1172a70e9293ba250f897a65c39f54cdd1e?s=96&d=mm&r=g\",\"width\":96,\"height\":96,\"caption\":\"immovestuser\"}},{\"@type\":\"WebPage\",\"@id\":\"https:\\\/\\\/www.immo-invest.ch\\\/fr\\\/gemeinderat-urdorf-beschliesst-rahmen-fuer-energieverbund\\\/#webpage\",\"url\":\"https:\\\/\\\/www.immo-invest.ch\\\/fr\\\/gemeinderat-urdorf-beschliesst-rahmen-fuer-energieverbund\\\/\",\"name\":\"Le conseil municipal d\\u2019Urdorf adopte un cadre pour l\\u2019interconnexion \\u00e9nerg\\u00e9tique - immo!nvest - Die Plattform f\\u00fcr Standorte und Immobilien\",\"description\":\"Le conseil municipal d'Urdorf a adopt\\u00e9 les conditions-cadres pour le r\\u00e9seau \\u00e9nerg\\u00e9tique d'Energie 360\\u00b0. L'objectif est de passer des sources d'\\u00e9nergie fossiles aux sources d'\\u00e9nergie sans CO2. Les premiers raccordements d'immeubles pourraient avoir lieu en 2026.\",\"inLanguage\":\"fr-FR\",\"isPartOf\":{\"@id\":\"https:\\\/\\\/www.immo-invest.ch\\\/fr\\\/#website\"},\"breadcrumb\":{\"@id\":\"https:\\\/\\\/www.immo-invest.ch\\\/fr\\\/gemeinderat-urdorf-beschliesst-rahmen-fuer-energieverbund\\\/#breadcrumblist\"},\"author\":{\"@id\":\"https:\\\/\\\/www.immo-invest.ch\\\/fr\\\/author\\\/immovestuser\\\/#author\"},\"creator\":{\"@id\":\"https:\\\/\\\/www.immo-invest.ch\\\/fr\\\/author\\\/immovestuser\\\/#author\"},\"image\":{\"@type\":\"ImageObject\",\"url\":\"https:\\\/\\\/www.immo-invest.ch\\\/wp-content\\\/uploads\\\/2021\\\/01\\\/energie-20.png\",\"@id\":\"https:\\\/\\\/www.immo-invest.ch\\\/fr\\\/gemeinderat-urdorf-beschliesst-rahmen-fuer-energieverbund\\\/#mainImage\",\"width\":1200,\"height\":628},\"primaryImageOfPage\":{\"@id\":\"https:\\\/\\\/www.immo-invest.ch\\\/fr\\\/gemeinderat-urdorf-beschliesst-rahmen-fuer-energieverbund\\\/#mainImage\"},\"datePublished\":\"2024-03-27T08:15:00+01:00\",\"dateModified\":\"2024-03-25T09:48:01+01:00\"},{\"@type\":\"WebSite\",\"@id\":\"https:\\\/\\\/www.immo-invest.ch\\\/fr\\\/#website\",\"url\":\"https:\\\/\\\/www.immo-invest.ch\\\/fr\\\/\",\"name\":\"immo!nvest - Die Plattform f\\u00fcr Standorte und Immobilien\",\"description\":\"Die\\u00a0Plattform f\\u00fcr Standorte und Immobilien\",\"inLanguage\":\"fr-FR\",\"publisher\":{\"@id\":\"https:\\\/\\\/www.immo-invest.ch\\\/fr\\\/#organization\"}}]}\n\t\t<\/script>\n\t\t<!-- All in One SEO -->\n\n","aioseo_head_json":{"title":"Le conseil municipal d\u2019Urdorf adopte un cadre pour l\u2019interconnexion \u00e9nerg\u00e9tique - immo!nvest - Die Plattform f\u00fcr Standorte und Immobilien","description":"Le conseil municipal d'Urdorf a adopt\u00e9 les conditions-cadres pour le r\u00e9seau \u00e9nerg\u00e9tique d'Energie 360\u00b0. L'objectif est de passer des sources d'\u00e9nergie fossiles aux sources d'\u00e9nergie sans CO2. Les premiers raccordements d'immeubles pourraient avoir lieu en 2026.","canonical_url":"https:\/\/www.immo-invest.ch\/fr\/gemeinderat-urdorf-beschliesst-rahmen-fuer-energieverbund\/","robots":"max-image-preview:large","keywords":"","webmasterTools":{"google-site-verification":"fHJKvgWpZCR2zVBHWfkQeFXC11qieUSff0HGNYfuyLA","miscellaneous":""},"schema":{"@context":"https:\/\/schema.org","@graph":[{"@type":"BlogPosting","@id":"https:\/\/www.immo-invest.ch\/fr\/gemeinderat-urdorf-beschliesst-rahmen-fuer-energieverbund\/#blogposting","name":"Le conseil municipal d\u2019Urdorf adopte un cadre pour l\u2019interconnexion \u00e9nerg\u00e9tique - immo!nvest - Die Plattform f\u00fcr Standorte und Immobilien","headline":"Le conseil municipal d&rsquo;Urdorf adopte un cadre pour l&rsquo;interconnexion \u00e9nerg\u00e9tique","author":{"@id":"https:\/\/www.immo-invest.ch\/fr\/author\/immovestuser\/#author"},"publisher":{"@id":"https:\/\/www.immo-invest.ch\/fr\/#organization"},"image":{"@type":"ImageObject","url":"https:\/\/www.immo-invest.ch\/wp-content\/uploads\/2021\/01\/energie-20.png","width":1200,"height":628},"datePublished":"2024-03-27T08:15:00+01:00","dateModified":"2024-03-25T09:48:01+01:00","inLanguage":"fr-FR","mainEntityOfPage":{"@id":"https:\/\/www.immo-invest.ch\/fr\/gemeinderat-urdorf-beschliesst-rahmen-fuer-energieverbund\/#webpage"},"isPartOf":{"@id":"https:\/\/www.immo-invest.ch\/fr\/gemeinderat-urdorf-beschliesst-rahmen-fuer-energieverbund\/#webpage"},"articleSection":"\u00c9nergie, immoNews, Energie, Energiequellen, Energieverbund, ErneuerbareEnergien, Fossile Energiequelle, immobilien, Liegenschaften, Facultatif"},{"@type":"BreadcrumbList","@id":"https:\/\/www.immo-invest.ch\/fr\/gemeinderat-urdorf-beschliesst-rahmen-fuer-energieverbund\/#breadcrumblist","itemListElement":[{"@type":"ListItem","@id":"https:\/\/www.immo-invest.ch\/fr\/#listItem","position":1,"name":"Home","item":"https:\/\/www.immo-invest.ch\/fr\/","nextItem":{"@type":"ListItem","@id":"https:\/\/www.immo-invest.ch\/fr\/categories\/immonews-fr\/#listItem","name":"immoNews"}},{"@type":"ListItem","@id":"https:\/\/www.immo-invest.ch\/fr\/categories\/immonews-fr\/#listItem","position":2,"name":"immoNews","item":"https:\/\/www.immo-invest.ch\/fr\/categories\/immonews-fr\/","nextItem":{"@type":"ListItem","@id":"https:\/\/www.immo-invest.ch\/fr\/gemeinderat-urdorf-beschliesst-rahmen-fuer-energieverbund\/#listItem","name":"Le conseil municipal d&rsquo;Urdorf adopte un cadre pour l&rsquo;interconnexion \u00e9nerg\u00e9tique"},"previousItem":{"@type":"ListItem","@id":"https:\/\/www.immo-invest.ch\/fr\/#listItem","name":"Home"}},{"@type":"ListItem","@id":"https:\/\/www.immo-invest.ch\/fr\/gemeinderat-urdorf-beschliesst-rahmen-fuer-energieverbund\/#listItem","position":3,"name":"Le conseil municipal d&rsquo;Urdorf adopte un cadre pour l&rsquo;interconnexion \u00e9nerg\u00e9tique","previousItem":{"@type":"ListItem","@id":"https:\/\/www.immo-invest.ch\/fr\/categories\/immonews-fr\/#listItem","name":"immoNews"}}]},{"@type":"Organization","@id":"https:\/\/www.immo-invest.ch\/fr\/#organization","name":"immo!nvest - Die Plattform f\u00fcr Standorte und Immobilien","description":"Die\u00a0Plattform f\u00fcr Standorte und Immobilien","url":"https:\/\/www.immo-invest.ch\/fr\/","email":"admin@immomedia.ag","telephone":"+41444420002","logo":{"@type":"ImageObject","url":"https:\/\/www.immo-invest.ch\/wp-content\/uploads\/2024\/09\/immoinvest_sm-scaled.jpg","@id":"https:\/\/www.immo-invest.ch\/fr\/gemeinderat-urdorf-beschliesst-rahmen-fuer-energieverbund\/#organizationLogo","width":2560,"height":1340},"image":{"@id":"https:\/\/www.immo-invest.ch\/fr\/gemeinderat-urdorf-beschliesst-rahmen-fuer-energieverbund\/#organizationLogo"},"sameAs":["https:\/\/www.facebook.com\/people\/Immoinvest\/100077962920504\/","https:\/\/x.com\/i\/flow\/login?redirect_after_login=immoinvest_ch","https:\/\/www.instagram.com\/immoinvest_ch\/","https:\/\/www.linkedin.com\/company\/immoinvest-swiss"]},{"@type":"Person","@id":"https:\/\/www.immo-invest.ch\/fr\/author\/immovestuser\/#author","url":"https:\/\/www.immo-invest.ch\/fr\/author\/immovestuser\/","name":"immovestuser","image":{"@type":"ImageObject","@id":"https:\/\/www.immo-invest.ch\/fr\/gemeinderat-urdorf-beschliesst-rahmen-fuer-energieverbund\/#authorImage","url":"https:\/\/secure.gravatar.com\/avatar\/8e01f4d99f2eeea7a362ebb93305e1172a70e9293ba250f897a65c39f54cdd1e?s=96&d=mm&r=g","width":96,"height":96,"caption":"immovestuser"}},{"@type":"WebPage","@id":"https:\/\/www.immo-invest.ch\/fr\/gemeinderat-urdorf-beschliesst-rahmen-fuer-energieverbund\/#webpage","url":"https:\/\/www.immo-invest.ch\/fr\/gemeinderat-urdorf-beschliesst-rahmen-fuer-energieverbund\/","name":"Le conseil municipal d\u2019Urdorf adopte un cadre pour l\u2019interconnexion \u00e9nerg\u00e9tique - immo!nvest - Die Plattform f\u00fcr Standorte und Immobilien","description":"Le conseil municipal d'Urdorf a adopt\u00e9 les conditions-cadres pour le r\u00e9seau \u00e9nerg\u00e9tique d'Energie 360\u00b0. L'objectif est de passer des sources d'\u00e9nergie fossiles aux sources d'\u00e9nergie sans CO2. Les premiers raccordements d'immeubles pourraient avoir lieu en 2026.","inLanguage":"fr-FR","isPartOf":{"@id":"https:\/\/www.immo-invest.ch\/fr\/#website"},"breadcrumb":{"@id":"https:\/\/www.immo-invest.ch\/fr\/gemeinderat-urdorf-beschliesst-rahmen-fuer-energieverbund\/#breadcrumblist"},"author":{"@id":"https:\/\/www.immo-invest.ch\/fr\/author\/immovestuser\/#author"},"creator":{"@id":"https:\/\/www.immo-invest.ch\/fr\/author\/immovestuser\/#author"},"image":{"@type":"ImageObject","url":"https:\/\/www.immo-invest.ch\/wp-content\/uploads\/2021\/01\/energie-20.png","@id":"https:\/\/www.immo-invest.ch\/fr\/gemeinderat-urdorf-beschliesst-rahmen-fuer-energieverbund\/#mainImage","width":1200,"height":628},"primaryImageOfPage":{"@id":"https:\/\/www.immo-invest.ch\/fr\/gemeinderat-urdorf-beschliesst-rahmen-fuer-energieverbund\/#mainImage"},"datePublished":"2024-03-27T08:15:00+01:00","dateModified":"2024-03-25T09:48:01+01:00"},{"@type":"WebSite","@id":"https:\/\/www.immo-invest.ch\/fr\/#website","url":"https:\/\/www.immo-invest.ch\/fr\/","name":"immo!nvest - Die Plattform f\u00fcr Standorte und Immobilien","description":"Die\u00a0Plattform f\u00fcr Standorte und Immobilien","inLanguage":"fr-FR","publisher":{"@id":"https:\/\/www.immo-invest.ch\/fr\/#organization"}}]},"og:locale":"fr_FR","og:site_name":"immo!nvest - Die Plattform f\u00fcr Standorte und Immobilien - Die\u00a0Plattform f\u00fcr Standorte und Immobilien","og:type":"article","og:title":"Le conseil municipal d\u2019Urdorf adopte un cadre pour l\u2019interconnexion \u00e9nerg\u00e9tique - immo!nvest - Die Plattform f\u00fcr Standorte und Immobilien","og:description":"Le conseil municipal d'Urdorf a adopt\u00e9 les conditions-cadres pour le r\u00e9seau \u00e9nerg\u00e9tique d'Energie 360\u00b0. L'objectif est de passer des sources d'\u00e9nergie fossiles aux sources d'\u00e9nergie sans CO2. Les premiers raccordements d'immeubles pourraient avoir lieu en 2026.","og:url":"https:\/\/www.immo-invest.ch\/fr\/gemeinderat-urdorf-beschliesst-rahmen-fuer-energieverbund\/","og:image":"https:\/\/www.immo-invest.ch\/wp-content\/uploads\/2021\/01\/energie-20.png","og:image:secure_url":"https:\/\/www.immo-invest.ch\/wp-content\/uploads\/2021\/01\/energie-20.png","og:image:width":1200,"og:image:height":628,"article:published_time":"2024-03-27T07:15:00+00:00","article:modified_time":"2024-03-25T08:48:01+00:00","article:publisher":"https:\/\/www.facebook.com\/people\/Immoinvest\/100077962920504\/","twitter:card":"summary_large_image","twitter:site":"@i","twitter:title":"Le conseil municipal d\u2019Urdorf adopte un cadre pour l\u2019interconnexion \u00e9nerg\u00e9tique - immo!nvest - Die Plattform f\u00fcr Standorte und Immobilien","twitter:description":"Le conseil municipal d'Urdorf a adopt\u00e9 les conditions-cadres pour le r\u00e9seau \u00e9nerg\u00e9tique d'Energie 360\u00b0. L'objectif est de passer des sources d'\u00e9nergie fossiles aux sources d'\u00e9nergie sans CO2. Les premiers raccordements d'immeubles pourraient avoir lieu en 2026.","twitter:creator":"@i","twitter:image":"https:\/\/www.immo-invest.ch\/wp-content\/uploads\/2021\/01\/energie-20.png"},"aioseo_meta_data":{"post_id":"83098","title":null,"description":null,"keywords":null,"keyphrases":null,"primary_term":null,"canonical_url":null,"og_title":null,"og_description":null,"og_object_type":"default","og_image_type":"default","og_image_url":null,"og_image_width":null,"og_image_height":null,"og_image_custom_url":null,"og_image_custom_fields":null,"og_video":null,"og_custom_url":null,"og_article_section":null,"og_article_tags":null,"twitter_use_og":false,"twitter_card":"default","twitter_image_type":"default","twitter_image_url":null,"twitter_image_custom_url":null,"twitter_image_custom_fields":null,"twitter_title":null,"twitter_description":null,"schema":{"blockGraphs":[],"customGraphs":[],"default":{"data":{"Article":[],"Course":[],"Dataset":[],"FAQPage":[],"Movie":[],"Person":[],"Product":[],"ProductReview":[],"Car":[],"Recipe":[],"Service":[],"SoftwareApplication":[],"WebPage":[]},"graphName":"","isEnabled":true},"graphs":[]},"schema_type":"default","schema_type_options":null,"pillar_content":false,"robots_default":true,"robots_noindex":false,"robots_noarchive":false,"robots_nosnippet":false,"robots_nofollow":false,"robots_noimageindex":false,"robots_noodp":false,"robots_notranslate":false,"robots_max_snippet":null,"robots_max_videopreview":null,"robots_max_imagepreview":"large","priority":null,"frequency":null,"local_seo":null,"breadcrumb_settings":null,"limit_modified_date":false,"ai":null,"created":"2024-09-20 17:29:57","updated":"2025-10-23 23:47:15","seo_analyzer_scan_date":null,"focus_keyword":null,"additional_keywords":null,"truseo_locale":null},"aioseo_breadcrumb":"<div class=\"aioseo-breadcrumbs\"><span class=\"aioseo-breadcrumb\">\n\t\t\t<a href=\"https:\/\/www.immo-invest.ch\/fr\/\" title=\"Home\">Home<\/a>\n\t\t<\/span><span class=\"aioseo-breadcrumb-separator\">&raquo;<\/span><span class=\"aioseo-breadcrumb\">\n\t\t\t<a href=\"https:\/\/www.immo-invest.ch\/fr\/categories\/immonews-fr\/\" title=\"immoNews\">immoNews<\/a>\n\t\t<\/span><span class=\"aioseo-breadcrumb-separator\">&raquo;<\/span><span class=\"aioseo-breadcrumb\">\n\t\t\tLe conseil municipal d\u2019Urdorf adopte un cadre pour l\u2019interconnexion \u00e9nerg\u00e9tique\n\t\t<\/span><\/div>","aioseo_breadcrumb_json":[{"label":"Home","link":"https:\/\/www.immo-invest.ch\/fr\/"},{"label":"immoNews","link":"https:\/\/www.immo-invest.ch\/fr\/categories\/immonews-fr\/"},{"label":"Le conseil municipal d&rsquo;Urdorf adopte un cadre pour l&rsquo;interconnexion \u00e9nerg\u00e9tique","link":"https:\/\/www.immo-invest.ch\/fr\/gemeinderat-urdorf-beschliesst-rahmen-fuer-energieverbund\/"}],"featured_image_src":"https:\/\/www.immo-invest.ch\/wp-content\/uploads\/2021\/01\/energie-20-150x150.png","_links":{"self":[{"href":"https:\/\/www.immo-invest.ch\/fr\/wp-json\/wp\/v2\/posts\/83098","targetHints":{"allow":["GET"]}}],"collection":[{"href":"https:\/\/www.immo-invest.ch\/fr\/wp-json\/wp\/v2\/posts"}],"about":[{"href":"https:\/\/www.immo-invest.ch\/fr\/wp-json\/wp\/v2\/types\/post"}],"author":[{"embeddable":true,"href":"https:\/\/www.immo-invest.ch\/fr\/wp-json\/wp\/v2\/users\/2"}],"replies":[{"embeddable":true,"href":"https:\/\/www.immo-invest.ch\/fr\/wp-json\/wp\/v2\/comments?post=83098"}],"version-history":[{"count":0,"href":"https:\/\/www.immo-invest.ch\/fr\/wp-json\/wp\/v2\/posts\/83098\/revisions"}],"wp:featuredmedia":[{"embeddable":true,"href":"https:\/\/www.immo-invest.ch\/fr\/wp-json\/wp\/v2\/media\/12244"}],"wp:attachment":[{"href":"https:\/\/www.immo-invest.ch\/fr\/wp-json\/wp\/v2\/media?parent=83098"}],"wp:term":[{"taxonomy":"category","embeddable":true,"href":"https:\/\/www.immo-invest.ch\/fr\/wp-json\/wp\/v2\/categories?post=83098"},{"taxonomy":"post_tag","embeddable":true,"href":"https:\/\/www.immo-invest.ch\/fr\/wp-json\/wp\/v2\/tags?post=83098"}],"curies":[{"name":"wp","href":"https:\/\/api.w.org\/{rel}","templated":true}]}}