{"id":80021,"date":"2024-03-07T14:01:16","date_gmt":"2024-03-07T13:01:16","guid":{"rendered":"https:\/\/www.immo-invest.ch\/uzh-nimmt-energiezentrale-am-campus-irchel-in-angriff\/"},"modified":"2024-03-07T14:08:04","modified_gmt":"2024-03-07T13:08:04","slug":"uzh-nimmt-energiezentrale-am-campus-irchel-in-angriff","status":"publish","type":"post","link":"https:\/\/www.immo-invest.ch\/fr\/uzh-nimmt-energiezentrale-am-campus-irchel-in-angriff\/","title":{"rendered":"L&rsquo;UZH s&rsquo;attaque \u00e0 la centrale \u00e9nerg\u00e9tique du campus d&rsquo;Irchel"},"content":{"rendered":"<p class=\"bodytext\">L&rsquo;<a href=\"http:\/\/www.uzh.ch\/\" target=\"_blank\" rel=\"noopener\">UZH<\/a> a commenc&eacute; la planification de la premi&egrave;re centrale &eacute;nerg&eacute;tique du r&eacute;seau d&rsquo;&eacute;nergie sur le campus d&rsquo;Irchel. Selon un <a href=\"https:\/\/www.stadtuniversitaet.uzh.ch\/de\/aktuelles\/2024\/Energiezentrale-Campus-Irchel.html\" target=\"_blank\" rel=\"noopener\">communiqu&eacute; de presse<\/a>, la premi&egrave;re phase se concentre sur la planification de la centrale &eacute;nerg&eacute;tique pour le <span class=\"glossaryLink\" aria-describedby=\"tt\" data-cmtooltip=\"&lt;div class=glossaryItemTitle&gt;Cluster&lt;\/div&gt;&lt;div class=glossaryItemBody&gt;Marketingbegriff f&uuml;r eine Nutzergruppe mit &auml;hnlichen Anforderungen an eine Immobilie. In der Standortf&ouml;rderung spricht man von Cluster, wenn Unternehmen aus der gleichen Branche vernetzt werden&lt;\/div&gt;\" data-mobile-support=\"0\" data-gt-translate-attributes='[{\"attribute\":\"data-cmtooltip\", \"format\":\"html\"}]' tabindex=\"0\" role=\"link\">cluster<\/span> 4. Pour ce faire, l&rsquo;UZH travaille en collaboration avec la soci&eacute;t&eacute; d&rsquo;ing&eacute;nierie <a href=\"https:\/\/willers.ch\/\" target=\"_blank\" rel=\"noopener\">J. Willers Engineering<\/a>, bas&eacute;e &agrave; Rheinfelden AG et active au niveau international, qui est sp&eacute;cialis&eacute;e dans les b&acirc;timents et les infrastructures de haute technologie. La mise en service est pr&eacute;vue pour 2028.<\/p>\n<p class=\"bodytext\">L&rsquo;UZH fait encore partie du top 20 des consommateurs d&rsquo;&eacute;nergie de Zurich. Mais elle aspire &agrave; jouer un r&ocirc;le de pionnier en mati&egrave;re de fonctionnement durable. Pour ce faire, l&rsquo;universit&eacute; veut g&eacute;rer sa consommation d&rsquo;&eacute;nergie en pr&eacute;servant les ressources et en contribuant de mani&egrave;re significative &agrave; la r&eacute;duction des &eacute;missions de CO2.<\/p>\n<p class=\"bodytext\">Pour ce faire, les besoins en chauffage et en refroidissement du campus devraient &ecirc;tre couverts d&rsquo;ici 2050 par quatre centrales &eacute;nerg&eacute;tiques et des champs de sondes g&eacute;othermiques correspondants. A terme, l&rsquo;objectif serait que l&rsquo;UZH puisse couvrir ses besoins en chaleur gr&acirc;ce &agrave; la chaleur r&eacute;siduelle issue de la production de froid. Cette chaleur r&eacute;siduelle doit &ecirc;tre enti&egrave;rement utilis&eacute;e et stock&eacute;e de mani&egrave;re saisonni&egrave;re.<\/p>\n<p class=\"bodytext\">Les principaux objectifs de ce projet sont, selon l&rsquo;UZH, de faibles co&ucirc;ts de cycle de vie, une grande s&eacute;curit&eacute; d&rsquo;exploitation et d&rsquo;approvisionnement ainsi qu&rsquo;une facilit&eacute; de maintenance. Enfin, cette premi&egrave;re phase doit permettre d&rsquo;&eacute;laborer les bases conceptuelles pour les autres centrales &eacute;nerg&eacute;tiques pr&eacute;vues.<\/p>\n","protected":false},"excerpt":{"rendered":"<p>Die Universit\u00e4t Z\u00fcrich (UZH) hat den Startschuss f\u00fcr die Planung der ersten Energiezentrale des Anergienetzes auf dem Campus Irchel gegeben. Diese erste Phase soll in Zusammenarbeit mit der Ingenieurfirma Willers auch konzeptionelle Grundlagen f\u00fcr k\u00fcnftige Energiezentralen entwickeln.<\/p>\n","protected":false},"author":2,"featured_media":80016,"comment_status":"open","ping_status":"open","sticky":false,"template":"","format":"standard","meta":{"pmpro_default_level":"","inline_featured_image":false,"_monsterinsights_skip_tracking":false,"footnotes":""},"categories":[22699,8747,743],"tags":[2155,872,3931,2002,30832],"class_list":["post-80021","post","type-post","status-publish","format-standard","has-post-thumbnail","hentry","category-durabilite","category-energie","category-immonews-fr","tag-erneuerbareenergien-fr","tag-immoinvest-fr","tag-immonews-fr","tag-news-fr","tag-sustainability-fr","pmpro-has-access"],"acf":{"bild_mit_ki_erstellt_worden":[],"lead":"Die Universit\u00e4t Z\u00fcrich (UZH) hat den Startschuss f\u00fcr die Planung der ersten Energiezentrale des Anergienetzes auf dem Campus Irchel gegeben. Diese erste Phase soll in Zusammenarbeit mit der Ingenieurfirma Willers auch konzeptionelle Grundlagen f\u00fcr k\u00fcnftige Energiezentralen entwickeln.","autor":"ce\/mm","ort":"Z\u00fcrich","bildunterschrift":"","bild_im_grid":false,"gallerie":"","newsim":""},"aioseo_notices":[],"aioseo_head":"\n\t\t<!-- All in One SEO 5.0.1.1 - aioseo.com -->\n\t<meta name=\"description\" content=\"Die Universit\u00e4t Z\u00fcrich (UZH) hat den Startschuss f\u00fcr die Planung der ersten Energiezentrale des Anergienetzes auf dem Campus Irchel gegeben. Diese erste Phase soll in Zusammenarbeit mit der Ingenieurfirma Willers auch konzeptionelle Grundlagen f\u00fcr k\u00fcnftige Energiezentralen entwickeln.\" \/>\n\t<meta name=\"robots\" content=\"max-image-preview:large\" \/>\n\t<meta name=\"author\" content=\"immovestuser\"\/>\n\t<meta name=\"google-site-verification\" content=\"fHJKvgWpZCR2zVBHWfkQeFXC11qieUSff0HGNYfuyLA\" \/>\n\t<link rel=\"canonical\" href=\"https:\/\/www.immo-invest.ch\/fr\/uzh-nimmt-energiezentrale-am-campus-irchel-in-angriff\/\" \/>\n\t<meta name=\"generator\" content=\"All in One SEO (AIOSEO) 5.0.1.1\" \/>\n\t\t<meta property=\"og:locale\" content=\"fr_FR\" \/>\n\t\t<meta property=\"og:site_name\" content=\"immo!nvest - Die Plattform f\u00fcr Standorte und Immobilien - Die\u00a0Plattform f\u00fcr Standorte und Immobilien\" \/>\n\t\t<meta property=\"og:type\" content=\"article\" \/>\n\t\t<meta property=\"og:title\" content=\"L\u2019UZH s\u2019attaque \u00e0 la centrale \u00e9nerg\u00e9tique du campus d\u2019Irchel - immo!nvest - Die Plattform f\u00fcr Standorte und Immobilien\" \/>\n\t\t<meta property=\"og:description\" content=\"Die Universit\u00e4t Z\u00fcrich (UZH) hat den Startschuss f\u00fcr die Planung der ersten Energiezentrale des Anergienetzes auf dem Campus Irchel gegeben. Diese erste Phase soll in Zusammenarbeit mit der Ingenieurfirma Willers auch konzeptionelle Grundlagen f\u00fcr k\u00fcnftige Energiezentralen entwickeln.\" \/>\n\t\t<meta property=\"og:url\" content=\"https:\/\/www.immo-invest.ch\/fr\/uzh-nimmt-energiezentrale-am-campus-irchel-in-angriff\/\" \/>\n\t\t<meta property=\"og:image\" content=\"https:\/\/www.immo-invest.ch\/wp-content\/uploads\/2024\/03\/Unbenannt-9.png\" \/>\n\t\t<meta property=\"og:image:secure_url\" content=\"https:\/\/www.immo-invest.ch\/wp-content\/uploads\/2024\/03\/Unbenannt-9.png\" \/>\n\t\t<meta property=\"og:image:width\" content=\"1024\" \/>\n\t\t<meta property=\"og:image:height\" content=\"1024\" \/>\n\t\t<meta property=\"article:published_time\" content=\"2024-03-07T13:01:16+00:00\" \/>\n\t\t<meta property=\"article:modified_time\" content=\"2024-03-07T13:08:04+00:00\" \/>\n\t\t<meta property=\"article:publisher\" content=\"https:\/\/www.facebook.com\/people\/Immoinvest\/100077962920504\/\" \/>\n\t\t<meta name=\"twitter:card\" content=\"summary_large_image\" \/>\n\t\t<meta name=\"twitter:site\" content=\"@i\" \/>\n\t\t<meta name=\"twitter:title\" content=\"L\u2019UZH s\u2019attaque \u00e0 la centrale \u00e9nerg\u00e9tique du campus d\u2019Irchel - immo!nvest - Die Plattform f\u00fcr Standorte und Immobilien\" \/>\n\t\t<meta name=\"twitter:description\" content=\"Die Universit\u00e4t Z\u00fcrich (UZH) hat den Startschuss f\u00fcr die Planung der ersten Energiezentrale des Anergienetzes auf dem Campus Irchel gegeben. Diese erste Phase soll in Zusammenarbeit mit der Ingenieurfirma Willers auch konzeptionelle Grundlagen f\u00fcr k\u00fcnftige Energiezentralen entwickeln.\" \/>\n\t\t<meta name=\"twitter:creator\" content=\"@i\" \/>\n\t\t<meta name=\"twitter:image\" content=\"https:\/\/www.immo-invest.ch\/wp-content\/uploads\/2024\/03\/Unbenannt-9.png\" \/>\n\t\t<script type=\"application\/ld+json\" class=\"aioseo-schema\">\n\t\t\t{\"@context\":\"https:\\\/\\\/schema.org\",\"@graph\":[{\"@type\":\"BlogPosting\",\"@id\":\"https:\\\/\\\/www.immo-invest.ch\\\/fr\\\/uzh-nimmt-energiezentrale-am-campus-irchel-in-angriff\\\/#blogposting\",\"name\":\"L\\u2019UZH s\\u2019attaque \\u00e0 la centrale \\u00e9nerg\\u00e9tique du campus d\\u2019Irchel - immo!nvest - Die Plattform f\\u00fcr Standorte und Immobilien\",\"headline\":\"L&rsquo;UZH s&rsquo;attaque \\u00e0 la centrale \\u00e9nerg\\u00e9tique du campus d&rsquo;Irchel\",\"author\":{\"@id\":\"https:\\\/\\\/www.immo-invest.ch\\\/fr\\\/author\\\/immovestuser\\\/#author\"},\"publisher\":{\"@id\":\"https:\\\/\\\/www.immo-invest.ch\\\/fr\\\/#organization\"},\"image\":{\"@type\":\"ImageObject\",\"url\":\"https:\\\/\\\/www.immo-invest.ch\\\/wp-content\\\/uploads\\\/2024\\\/03\\\/Unbenannt-9.png\",\"width\":1024,\"height\":1024},\"datePublished\":\"2024-03-07T14:01:16+01:00\",\"dateModified\":\"2024-03-07T14:08:04+01:00\",\"inLanguage\":\"fr-FR\",\"mainEntityOfPage\":{\"@id\":\"https:\\\/\\\/www.immo-invest.ch\\\/fr\\\/uzh-nimmt-energiezentrale-am-campus-irchel-in-angriff\\\/#webpage\"},\"isPartOf\":{\"@id\":\"https:\\\/\\\/www.immo-invest.ch\\\/fr\\\/uzh-nimmt-energiezentrale-am-campus-irchel-in-angriff\\\/#webpage\"},\"articleSection\":\"Durabilit\\u00e9, \\u00c9nergie, immoNews, ErneuerbareEnergien, Immoinvest, immoNews, News, Sustainability, Facultatif\"},{\"@type\":\"BreadcrumbList\",\"@id\":\"https:\\\/\\\/www.immo-invest.ch\\\/fr\\\/uzh-nimmt-energiezentrale-am-campus-irchel-in-angriff\\\/#breadcrumblist\",\"itemListElement\":[{\"@type\":\"ListItem\",\"@id\":\"https:\\\/\\\/www.immo-invest.ch\\\/fr\\\/#listItem\",\"position\":1,\"name\":\"Home\",\"item\":\"https:\\\/\\\/www.immo-invest.ch\\\/fr\\\/\",\"nextItem\":{\"@type\":\"ListItem\",\"@id\":\"https:\\\/\\\/www.immo-invest.ch\\\/fr\\\/categories\\\/trends-fr\\\/#listItem\",\"name\":\"Trends\"}},{\"@type\":\"ListItem\",\"@id\":\"https:\\\/\\\/www.immo-invest.ch\\\/fr\\\/categories\\\/trends-fr\\\/#listItem\",\"position\":2,\"name\":\"Trends\",\"item\":\"https:\\\/\\\/www.immo-invest.ch\\\/fr\\\/categories\\\/trends-fr\\\/\",\"nextItem\":{\"@type\":\"ListItem\",\"@id\":\"https:\\\/\\\/www.immo-invest.ch\\\/fr\\\/categories\\\/trends-fr\\\/durabilite\\\/#listItem\",\"name\":\"Durabilit\\u00e9\"},\"previousItem\":{\"@type\":\"ListItem\",\"@id\":\"https:\\\/\\\/www.immo-invest.ch\\\/fr\\\/#listItem\",\"name\":\"Home\"}},{\"@type\":\"ListItem\",\"@id\":\"https:\\\/\\\/www.immo-invest.ch\\\/fr\\\/categories\\\/trends-fr\\\/durabilite\\\/#listItem\",\"position\":3,\"name\":\"Durabilit\\u00e9\",\"item\":\"https:\\\/\\\/www.immo-invest.ch\\\/fr\\\/categories\\\/trends-fr\\\/durabilite\\\/\",\"nextItem\":{\"@type\":\"ListItem\",\"@id\":\"https:\\\/\\\/www.immo-invest.ch\\\/fr\\\/uzh-nimmt-energiezentrale-am-campus-irchel-in-angriff\\\/#listItem\",\"name\":\"L&rsquo;UZH s&rsquo;attaque \\u00e0 la centrale \\u00e9nerg\\u00e9tique du campus d&rsquo;Irchel\"},\"previousItem\":{\"@type\":\"ListItem\",\"@id\":\"https:\\\/\\\/www.immo-invest.ch\\\/fr\\\/categories\\\/trends-fr\\\/#listItem\",\"name\":\"Trends\"}},{\"@type\":\"ListItem\",\"@id\":\"https:\\\/\\\/www.immo-invest.ch\\\/fr\\\/uzh-nimmt-energiezentrale-am-campus-irchel-in-angriff\\\/#listItem\",\"position\":4,\"name\":\"L&rsquo;UZH s&rsquo;attaque \\u00e0 la centrale \\u00e9nerg\\u00e9tique du campus d&rsquo;Irchel\",\"previousItem\":{\"@type\":\"ListItem\",\"@id\":\"https:\\\/\\\/www.immo-invest.ch\\\/fr\\\/categories\\\/trends-fr\\\/durabilite\\\/#listItem\",\"name\":\"Durabilit\\u00e9\"}}]},{\"@type\":\"Organization\",\"@id\":\"https:\\\/\\\/www.immo-invest.ch\\\/fr\\\/#organization\",\"name\":\"immo!nvest - Die Plattform f\\u00fcr Standorte und Immobilien\",\"description\":\"Die\\u00a0Plattform f\\u00fcr Standorte und Immobilien\",\"url\":\"https:\\\/\\\/www.immo-invest.ch\\\/fr\\\/\",\"email\":\"admin@immomedia.ag\",\"telephone\":\"+41444420002\",\"logo\":{\"@type\":\"ImageObject\",\"url\":\"https:\\\/\\\/www.immo-invest.ch\\\/wp-content\\\/uploads\\\/2024\\\/09\\\/immoinvest_sm-scaled.jpg\",\"@id\":\"https:\\\/\\\/www.immo-invest.ch\\\/fr\\\/uzh-nimmt-energiezentrale-am-campus-irchel-in-angriff\\\/#organizationLogo\",\"width\":2560,\"height\":1340},\"image\":{\"@id\":\"https:\\\/\\\/www.immo-invest.ch\\\/fr\\\/uzh-nimmt-energiezentrale-am-campus-irchel-in-angriff\\\/#organizationLogo\"},\"sameAs\":[\"https:\\\/\\\/www.facebook.com\\\/people\\\/Immoinvest\\\/100077962920504\\\/\",\"https:\\\/\\\/x.com\\\/i\\\/flow\\\/login?redirect_after_login=immoinvest_ch\",\"https:\\\/\\\/www.instagram.com\\\/immoinvest_ch\\\/\",\"https:\\\/\\\/www.linkedin.com\\\/company\\\/immoinvest-swiss\"]},{\"@type\":\"Person\",\"@id\":\"https:\\\/\\\/www.immo-invest.ch\\\/fr\\\/author\\\/immovestuser\\\/#author\",\"url\":\"https:\\\/\\\/www.immo-invest.ch\\\/fr\\\/author\\\/immovestuser\\\/\",\"name\":\"immovestuser\",\"image\":{\"@type\":\"ImageObject\",\"@id\":\"https:\\\/\\\/www.immo-invest.ch\\\/fr\\\/uzh-nimmt-energiezentrale-am-campus-irchel-in-angriff\\\/#authorImage\",\"url\":\"https:\\\/\\\/secure.gravatar.com\\\/avatar\\\/8e01f4d99f2eeea7a362ebb93305e1172a70e9293ba250f897a65c39f54cdd1e?s=96&d=mm&r=g\",\"width\":96,\"height\":96,\"caption\":\"immovestuser\"}},{\"@type\":\"WebPage\",\"@id\":\"https:\\\/\\\/www.immo-invest.ch\\\/fr\\\/uzh-nimmt-energiezentrale-am-campus-irchel-in-angriff\\\/#webpage\",\"url\":\"https:\\\/\\\/www.immo-invest.ch\\\/fr\\\/uzh-nimmt-energiezentrale-am-campus-irchel-in-angriff\\\/\",\"name\":\"L\\u2019UZH s\\u2019attaque \\u00e0 la centrale \\u00e9nerg\\u00e9tique du campus d\\u2019Irchel - immo!nvest - Die Plattform f\\u00fcr Standorte und Immobilien\",\"description\":\"Die Universit\\u00e4t Z\\u00fcrich (UZH) hat den Startschuss f\\u00fcr die Planung der ersten Energiezentrale des Anergienetzes auf dem Campus Irchel gegeben. Diese erste Phase soll in Zusammenarbeit mit der Ingenieurfirma Willers auch konzeptionelle Grundlagen f\\u00fcr k\\u00fcnftige Energiezentralen entwickeln.\",\"inLanguage\":\"fr-FR\",\"isPartOf\":{\"@id\":\"https:\\\/\\\/www.immo-invest.ch\\\/fr\\\/#website\"},\"breadcrumb\":{\"@id\":\"https:\\\/\\\/www.immo-invest.ch\\\/fr\\\/uzh-nimmt-energiezentrale-am-campus-irchel-in-angriff\\\/#breadcrumblist\"},\"author\":{\"@id\":\"https:\\\/\\\/www.immo-invest.ch\\\/fr\\\/author\\\/immovestuser\\\/#author\"},\"creator\":{\"@id\":\"https:\\\/\\\/www.immo-invest.ch\\\/fr\\\/author\\\/immovestuser\\\/#author\"},\"image\":{\"@type\":\"ImageObject\",\"url\":\"https:\\\/\\\/www.immo-invest.ch\\\/wp-content\\\/uploads\\\/2024\\\/03\\\/Unbenannt-9.png\",\"@id\":\"https:\\\/\\\/www.immo-invest.ch\\\/fr\\\/uzh-nimmt-energiezentrale-am-campus-irchel-in-angriff\\\/#mainImage\",\"width\":1024,\"height\":1024},\"primaryImageOfPage\":{\"@id\":\"https:\\\/\\\/www.immo-invest.ch\\\/fr\\\/uzh-nimmt-energiezentrale-am-campus-irchel-in-angriff\\\/#mainImage\"},\"datePublished\":\"2024-03-07T14:01:16+01:00\",\"dateModified\":\"2024-03-07T14:08:04+01:00\"},{\"@type\":\"WebSite\",\"@id\":\"https:\\\/\\\/www.immo-invest.ch\\\/fr\\\/#website\",\"url\":\"https:\\\/\\\/www.immo-invest.ch\\\/fr\\\/\",\"name\":\"immo!nvest - Die Plattform f\\u00fcr Standorte und Immobilien\",\"description\":\"Die\\u00a0Plattform f\\u00fcr Standorte und Immobilien\",\"inLanguage\":\"fr-FR\",\"publisher\":{\"@id\":\"https:\\\/\\\/www.immo-invest.ch\\\/fr\\\/#organization\"}}]}\n\t\t<\/script>\n\t\t<!-- All in One SEO -->\n\n","aioseo_head_json":{"title":"L\u2019UZH s\u2019attaque \u00e0 la centrale \u00e9nerg\u00e9tique du campus d\u2019Irchel - immo!nvest - Die Plattform f\u00fcr Standorte und Immobilien","description":"Die Universit\u00e4t Z\u00fcrich (UZH) hat den Startschuss f\u00fcr die Planung der ersten Energiezentrale des Anergienetzes auf dem Campus Irchel gegeben. Diese erste Phase soll in Zusammenarbeit mit der Ingenieurfirma Willers auch konzeptionelle Grundlagen f\u00fcr k\u00fcnftige Energiezentralen entwickeln.","canonical_url":"https:\/\/www.immo-invest.ch\/fr\/uzh-nimmt-energiezentrale-am-campus-irchel-in-angriff\/","robots":"max-image-preview:large","keywords":"","webmasterTools":{"google-site-verification":"fHJKvgWpZCR2zVBHWfkQeFXC11qieUSff0HGNYfuyLA","miscellaneous":""},"schema":{"@context":"https:\/\/schema.org","@graph":[{"@type":"BlogPosting","@id":"https:\/\/www.immo-invest.ch\/fr\/uzh-nimmt-energiezentrale-am-campus-irchel-in-angriff\/#blogposting","name":"L\u2019UZH s\u2019attaque \u00e0 la centrale \u00e9nerg\u00e9tique du campus d\u2019Irchel - immo!nvest - Die Plattform f\u00fcr Standorte und Immobilien","headline":"L&rsquo;UZH s&rsquo;attaque \u00e0 la centrale \u00e9nerg\u00e9tique du campus d&rsquo;Irchel","author":{"@id":"https:\/\/www.immo-invest.ch\/fr\/author\/immovestuser\/#author"},"publisher":{"@id":"https:\/\/www.immo-invest.ch\/fr\/#organization"},"image":{"@type":"ImageObject","url":"https:\/\/www.immo-invest.ch\/wp-content\/uploads\/2024\/03\/Unbenannt-9.png","width":1024,"height":1024},"datePublished":"2024-03-07T14:01:16+01:00","dateModified":"2024-03-07T14:08:04+01:00","inLanguage":"fr-FR","mainEntityOfPage":{"@id":"https:\/\/www.immo-invest.ch\/fr\/uzh-nimmt-energiezentrale-am-campus-irchel-in-angriff\/#webpage"},"isPartOf":{"@id":"https:\/\/www.immo-invest.ch\/fr\/uzh-nimmt-energiezentrale-am-campus-irchel-in-angriff\/#webpage"},"articleSection":"Durabilit\u00e9, \u00c9nergie, immoNews, ErneuerbareEnergien, Immoinvest, immoNews, News, Sustainability, Facultatif"},{"@type":"BreadcrumbList","@id":"https:\/\/www.immo-invest.ch\/fr\/uzh-nimmt-energiezentrale-am-campus-irchel-in-angriff\/#breadcrumblist","itemListElement":[{"@type":"ListItem","@id":"https:\/\/www.immo-invest.ch\/fr\/#listItem","position":1,"name":"Home","item":"https:\/\/www.immo-invest.ch\/fr\/","nextItem":{"@type":"ListItem","@id":"https:\/\/www.immo-invest.ch\/fr\/categories\/trends-fr\/#listItem","name":"Trends"}},{"@type":"ListItem","@id":"https:\/\/www.immo-invest.ch\/fr\/categories\/trends-fr\/#listItem","position":2,"name":"Trends","item":"https:\/\/www.immo-invest.ch\/fr\/categories\/trends-fr\/","nextItem":{"@type":"ListItem","@id":"https:\/\/www.immo-invest.ch\/fr\/categories\/trends-fr\/durabilite\/#listItem","name":"Durabilit\u00e9"},"previousItem":{"@type":"ListItem","@id":"https:\/\/www.immo-invest.ch\/fr\/#listItem","name":"Home"}},{"@type":"ListItem","@id":"https:\/\/www.immo-invest.ch\/fr\/categories\/trends-fr\/durabilite\/#listItem","position":3,"name":"Durabilit\u00e9","item":"https:\/\/www.immo-invest.ch\/fr\/categories\/trends-fr\/durabilite\/","nextItem":{"@type":"ListItem","@id":"https:\/\/www.immo-invest.ch\/fr\/uzh-nimmt-energiezentrale-am-campus-irchel-in-angriff\/#listItem","name":"L&rsquo;UZH s&rsquo;attaque \u00e0 la centrale \u00e9nerg\u00e9tique du campus d&rsquo;Irchel"},"previousItem":{"@type":"ListItem","@id":"https:\/\/www.immo-invest.ch\/fr\/categories\/trends-fr\/#listItem","name":"Trends"}},{"@type":"ListItem","@id":"https:\/\/www.immo-invest.ch\/fr\/uzh-nimmt-energiezentrale-am-campus-irchel-in-angriff\/#listItem","position":4,"name":"L&rsquo;UZH s&rsquo;attaque \u00e0 la centrale \u00e9nerg\u00e9tique du campus d&rsquo;Irchel","previousItem":{"@type":"ListItem","@id":"https:\/\/www.immo-invest.ch\/fr\/categories\/trends-fr\/durabilite\/#listItem","name":"Durabilit\u00e9"}}]},{"@type":"Organization","@id":"https:\/\/www.immo-invest.ch\/fr\/#organization","name":"immo!nvest - Die Plattform f\u00fcr Standorte und Immobilien","description":"Die\u00a0Plattform f\u00fcr Standorte und Immobilien","url":"https:\/\/www.immo-invest.ch\/fr\/","email":"admin@immomedia.ag","telephone":"+41444420002","logo":{"@type":"ImageObject","url":"https:\/\/www.immo-invest.ch\/wp-content\/uploads\/2024\/09\/immoinvest_sm-scaled.jpg","@id":"https:\/\/www.immo-invest.ch\/fr\/uzh-nimmt-energiezentrale-am-campus-irchel-in-angriff\/#organizationLogo","width":2560,"height":1340},"image":{"@id":"https:\/\/www.immo-invest.ch\/fr\/uzh-nimmt-energiezentrale-am-campus-irchel-in-angriff\/#organizationLogo"},"sameAs":["https:\/\/www.facebook.com\/people\/Immoinvest\/100077962920504\/","https:\/\/x.com\/i\/flow\/login?redirect_after_login=immoinvest_ch","https:\/\/www.instagram.com\/immoinvest_ch\/","https:\/\/www.linkedin.com\/company\/immoinvest-swiss"]},{"@type":"Person","@id":"https:\/\/www.immo-invest.ch\/fr\/author\/immovestuser\/#author","url":"https:\/\/www.immo-invest.ch\/fr\/author\/immovestuser\/","name":"immovestuser","image":{"@type":"ImageObject","@id":"https:\/\/www.immo-invest.ch\/fr\/uzh-nimmt-energiezentrale-am-campus-irchel-in-angriff\/#authorImage","url":"https:\/\/secure.gravatar.com\/avatar\/8e01f4d99f2eeea7a362ebb93305e1172a70e9293ba250f897a65c39f54cdd1e?s=96&d=mm&r=g","width":96,"height":96,"caption":"immovestuser"}},{"@type":"WebPage","@id":"https:\/\/www.immo-invest.ch\/fr\/uzh-nimmt-energiezentrale-am-campus-irchel-in-angriff\/#webpage","url":"https:\/\/www.immo-invest.ch\/fr\/uzh-nimmt-energiezentrale-am-campus-irchel-in-angriff\/","name":"L\u2019UZH s\u2019attaque \u00e0 la centrale \u00e9nerg\u00e9tique du campus d\u2019Irchel - immo!nvest - Die Plattform f\u00fcr Standorte und Immobilien","description":"Die Universit\u00e4t Z\u00fcrich (UZH) hat den Startschuss f\u00fcr die Planung der ersten Energiezentrale des Anergienetzes auf dem Campus Irchel gegeben. Diese erste Phase soll in Zusammenarbeit mit der Ingenieurfirma Willers auch konzeptionelle Grundlagen f\u00fcr k\u00fcnftige Energiezentralen entwickeln.","inLanguage":"fr-FR","isPartOf":{"@id":"https:\/\/www.immo-invest.ch\/fr\/#website"},"breadcrumb":{"@id":"https:\/\/www.immo-invest.ch\/fr\/uzh-nimmt-energiezentrale-am-campus-irchel-in-angriff\/#breadcrumblist"},"author":{"@id":"https:\/\/www.immo-invest.ch\/fr\/author\/immovestuser\/#author"},"creator":{"@id":"https:\/\/www.immo-invest.ch\/fr\/author\/immovestuser\/#author"},"image":{"@type":"ImageObject","url":"https:\/\/www.immo-invest.ch\/wp-content\/uploads\/2024\/03\/Unbenannt-9.png","@id":"https:\/\/www.immo-invest.ch\/fr\/uzh-nimmt-energiezentrale-am-campus-irchel-in-angriff\/#mainImage","width":1024,"height":1024},"primaryImageOfPage":{"@id":"https:\/\/www.immo-invest.ch\/fr\/uzh-nimmt-energiezentrale-am-campus-irchel-in-angriff\/#mainImage"},"datePublished":"2024-03-07T14:01:16+01:00","dateModified":"2024-03-07T14:08:04+01:00"},{"@type":"WebSite","@id":"https:\/\/www.immo-invest.ch\/fr\/#website","url":"https:\/\/www.immo-invest.ch\/fr\/","name":"immo!nvest - Die Plattform f\u00fcr Standorte und Immobilien","description":"Die\u00a0Plattform f\u00fcr Standorte und Immobilien","inLanguage":"fr-FR","publisher":{"@id":"https:\/\/www.immo-invest.ch\/fr\/#organization"}}]},"og:locale":"fr_FR","og:site_name":"immo!nvest - Die Plattform f\u00fcr Standorte und Immobilien - Die\u00a0Plattform f\u00fcr Standorte und Immobilien","og:type":"article","og:title":"L\u2019UZH s\u2019attaque \u00e0 la centrale \u00e9nerg\u00e9tique du campus d\u2019Irchel - immo!nvest - Die Plattform f\u00fcr Standorte und Immobilien","og:description":"Die Universit\u00e4t Z\u00fcrich (UZH) hat den Startschuss f\u00fcr die Planung der ersten Energiezentrale des Anergienetzes auf dem Campus Irchel gegeben. Diese erste Phase soll in Zusammenarbeit mit der Ingenieurfirma Willers auch konzeptionelle Grundlagen f\u00fcr k\u00fcnftige Energiezentralen entwickeln.","og:url":"https:\/\/www.immo-invest.ch\/fr\/uzh-nimmt-energiezentrale-am-campus-irchel-in-angriff\/","og:image":"https:\/\/www.immo-invest.ch\/wp-content\/uploads\/2024\/03\/Unbenannt-9.png","og:image:secure_url":"https:\/\/www.immo-invest.ch\/wp-content\/uploads\/2024\/03\/Unbenannt-9.png","og:image:width":1024,"og:image:height":1024,"article:published_time":"2024-03-07T13:01:16+00:00","article:modified_time":"2024-03-07T13:08:04+00:00","article:publisher":"https:\/\/www.facebook.com\/people\/Immoinvest\/100077962920504\/","twitter:card":"summary_large_image","twitter:site":"@i","twitter:title":"L\u2019UZH s\u2019attaque \u00e0 la centrale \u00e9nerg\u00e9tique du campus d\u2019Irchel - immo!nvest - Die Plattform f\u00fcr Standorte und Immobilien","twitter:description":"Die Universit\u00e4t Z\u00fcrich (UZH) hat den Startschuss f\u00fcr die Planung der ersten Energiezentrale des Anergienetzes auf dem Campus Irchel gegeben. Diese erste Phase soll in Zusammenarbeit mit der Ingenieurfirma Willers auch konzeptionelle Grundlagen f\u00fcr k\u00fcnftige Energiezentralen entwickeln.","twitter:creator":"@i","twitter:image":"https:\/\/www.immo-invest.ch\/wp-content\/uploads\/2024\/03\/Unbenannt-9.png"},"aioseo_meta_data":{"post_id":"80021","title":null,"description":null,"keywords":null,"keyphrases":null,"primary_term":null,"canonical_url":null,"og_title":null,"og_description":null,"og_object_type":"default","og_image_type":"default","og_image_url":null,"og_image_width":null,"og_image_height":null,"og_image_custom_url":null,"og_image_custom_fields":null,"og_video":null,"og_custom_url":null,"og_article_section":null,"og_article_tags":null,"twitter_use_og":false,"twitter_card":"default","twitter_image_type":"default","twitter_image_url":null,"twitter_image_custom_url":null,"twitter_image_custom_fields":null,"twitter_title":null,"twitter_description":null,"schema":{"blockGraphs":[],"customGraphs":[],"default":{"data":{"Article":[],"Course":[],"Dataset":[],"FAQPage":[],"Movie":[],"Person":[],"Product":[],"ProductReview":[],"Car":[],"Recipe":[],"Service":[],"SoftwareApplication":[],"WebPage":[]},"graphName":"","isEnabled":true},"graphs":[]},"schema_type":"default","schema_type_options":null,"pillar_content":false,"robots_default":true,"robots_noindex":false,"robots_noarchive":false,"robots_nosnippet":false,"robots_nofollow":false,"robots_noimageindex":false,"robots_noodp":false,"robots_notranslate":false,"robots_max_snippet":null,"robots_max_videopreview":null,"robots_max_imagepreview":"large","priority":null,"frequency":null,"local_seo":null,"breadcrumb_settings":null,"limit_modified_date":false,"ai":null,"created":"2024-09-20 16:43:57","updated":"2025-10-23 23:01:12","seo_analyzer_scan_date":null,"focus_keyword":null,"additional_keywords":null,"truseo_locale":null},"aioseo_breadcrumb":"<div class=\"aioseo-breadcrumbs\"><span class=\"aioseo-breadcrumb\">\n\t\t\t<a href=\"https:\/\/www.immo-invest.ch\/fr\/\" title=\"Home\">Home<\/a>\n\t\t<\/span><span class=\"aioseo-breadcrumb-separator\">&raquo;<\/span><span class=\"aioseo-breadcrumb\">\n\t\t\t<a href=\"https:\/\/www.immo-invest.ch\/fr\/categories\/trends-fr\/\" title=\"Trends\">Trends<\/a>\n\t\t<\/span><span class=\"aioseo-breadcrumb-separator\">&raquo;<\/span><span class=\"aioseo-breadcrumb\">\n\t\t\t<a href=\"https:\/\/www.immo-invest.ch\/fr\/categories\/trends-fr\/durabilite\/\" title=\"Durabilit\u00e9\">Durabilit\u00e9<\/a>\n\t\t<\/span><span class=\"aioseo-breadcrumb-separator\">&raquo;<\/span><span class=\"aioseo-breadcrumb\">\n\t\t\tL\u2019UZH s\u2019attaque \u00e0 la centrale \u00e9nerg\u00e9tique du campus d\u2019Irchel\n\t\t<\/span><\/div>","aioseo_breadcrumb_json":[{"label":"Home","link":"https:\/\/www.immo-invest.ch\/fr\/"},{"label":"Trends","link":"https:\/\/www.immo-invest.ch\/fr\/categories\/trends-fr\/"},{"label":"Durabilit\u00e9","link":"https:\/\/www.immo-invest.ch\/fr\/categories\/trends-fr\/durabilite\/"},{"label":"L&rsquo;UZH s&rsquo;attaque \u00e0 la centrale \u00e9nerg\u00e9tique du campus d&rsquo;Irchel","link":"https:\/\/www.immo-invest.ch\/fr\/uzh-nimmt-energiezentrale-am-campus-irchel-in-angriff\/"}],"featured_image_src":"https:\/\/www.immo-invest.ch\/wp-content\/uploads\/2024\/03\/Unbenannt-9-336x168.png","_links":{"self":[{"href":"https:\/\/www.immo-invest.ch\/fr\/wp-json\/wp\/v2\/posts\/80021","targetHints":{"allow":["GET"]}}],"collection":[{"href":"https:\/\/www.immo-invest.ch\/fr\/wp-json\/wp\/v2\/posts"}],"about":[{"href":"https:\/\/www.immo-invest.ch\/fr\/wp-json\/wp\/v2\/types\/post"}],"author":[{"embeddable":true,"href":"https:\/\/www.immo-invest.ch\/fr\/wp-json\/wp\/v2\/users\/2"}],"replies":[{"embeddable":true,"href":"https:\/\/www.immo-invest.ch\/fr\/wp-json\/wp\/v2\/comments?post=80021"}],"version-history":[{"count":0,"href":"https:\/\/www.immo-invest.ch\/fr\/wp-json\/wp\/v2\/posts\/80021\/revisions"}],"wp:featuredmedia":[{"embeddable":true,"href":"https:\/\/www.immo-invest.ch\/fr\/wp-json\/wp\/v2\/media\/80016"}],"wp:attachment":[{"href":"https:\/\/www.immo-invest.ch\/fr\/wp-json\/wp\/v2\/media?parent=80021"}],"wp:term":[{"taxonomy":"category","embeddable":true,"href":"https:\/\/www.immo-invest.ch\/fr\/wp-json\/wp\/v2\/categories?post=80021"},{"taxonomy":"post_tag","embeddable":true,"href":"https:\/\/www.immo-invest.ch\/fr\/wp-json\/wp\/v2\/tags?post=80021"}],"curies":[{"name":"wp","href":"https:\/\/api.w.org\/{rel}","templated":true}]}}