{"id":79915,"date":"2024-03-06T16:13:44","date_gmt":"2024-03-06T15:13:44","guid":{"rendered":"https:\/\/www.immo-invest.ch\/bernapark-und-winterthur-stellen-sich-standortfoerderern-vor\/"},"modified":"2024-03-06T16:18:29","modified_gmt":"2024-03-06T15:18:29","slug":"bernapark-und-winterthur-stellen-sich-standortfoerderern-vor","status":"publish","type":"post","link":"https:\/\/www.immo-invest.ch\/fr\/bernapark-und-winterthur-stellen-sich-standortfoerderern-vor\/","title":{"rendered":"Bernapark et Winterthur se pr\u00e9sentent aux promoteurs de site"},"content":{"rendered":"<p class=\"bodytext\">L&rsquo;Association suisse pour la gestion de sites<a href=\"https:\/\/svsm-standortmanagement.ch\" target=\"_blank\" rel=\"noopener\">(ASGS<\/a>) organise le 12 mars son traditionnel <a href=\"https:\/\/svsm-standortmanagement.ch\/anlaesse\" target=\"_blank\" rel=\"noopener\">colloque Dialogue <span class=\"glossaryLink\" aria-describedby=\"tt\" data-cmtooltip=\"&lt;div class=glossaryItemTitle&gt;Standortmanagement&lt;\/div&gt;&lt;div class=glossaryItemBody&gt;Erkennen und nutzen bestehender und entwickeln neuer Erfolgspotenziale; Sicherstellung des Erfolgs und der Wirtschaftlichkeit eines Standortes&lt;\/div&gt;\" data-mobile-support=\"0\" data-gt-translate-attributes='[{\"attribute\":\"data-cmtooltip\", \"format\":\"html\"}]' tabindex=\"0\" role=\"link\">Standortmanagement<\/span><\/a>. Selon un <a href=\"https:\/\/svsm-standortmanagement.ch\/media\/attachments\/2024\/02\/05\/2024_svsm_dialog_standortmanagement.pdf\" target=\"_blank\" rel=\"noopener\">communiqu&eacute;<\/a>, le r&eacute;seau de sp&eacute;cialistes de la promotion &eacute;conomique et de l&rsquo;immobilier se consacrera cette fois-ci au d&eacute;veloppement urbain et &agrave; l&rsquo;am&eacute;nagement du territoire.<\/p>\n<p class=\"bodytext\">Bettina Furrer donnera un aper&ccedil;u du d&eacute;veloppement int&eacute;gral du site de Winterthur. La directrice de l&rsquo;<a href=\"https:\/\/stadt.winterthur.ch\/gemeinde\/verwaltung\/kulturelles-und-dienste\/stadtentwicklung\/organisation\" target=\"_blank\" rel=\"noopener\">Office<\/a> municipal <a href=\"https:\/\/stadt.winterthur.ch\/gemeinde\/verwaltung\/kulturelles-und-dienste\/stadtentwicklung\/organisation\" target=\"_blank\" rel=\"noopener\">du d&eacute;veloppement urbain<\/a> est responsable du d&eacute;veloppement &eacute;conomique et du site, de la politique du logement et du programme Smart City de Winterthur. L&rsquo;ancienne ville industrielle est devenue un site &agrave; la crois&eacute;e de l&rsquo;industrie, des services, de la sant&eacute; et de la culture. Avec Smart Machines, Smart Energy et Smart Health, <a href=\"https:\/\/winterthur.com\/de\/wirtschaftsstandort\/innovation\/cluster.html\" target=\"_blank\" rel=\"noopener\">trois clusters<\/a> de d&eacute;veloppement intelligent de l&rsquo;&eacute;conomie ont &eacute;t&eacute; mis en place sur la base des points forts actuels du site.<\/p>\n<p class=\"bodytext\">Caroline Forte pr&eacute;sente le d&eacute;veloppement du site de l&rsquo;ancienne usine de carton de la commune de Stettlen, dans la banlieue de Berne, qui est devenu le site de <a href=\"https:\/\/www.bernapark.ch\/\" target=\"_blank\" rel=\"noopener\">Bernapark<\/a>. Ce <span class=\"glossaryLink\" aria-describedby=\"tt\" data-cmtooltip=\"&lt;div class=glossaryItemTitle&gt;Quartier&lt;\/div&gt;&lt;div class=glossaryItemBody&gt;Amtliches, historisches, soziales oder stadtplanerisches Stadtviertel&lt;\/div&gt;\" data-mobile-support=\"0\" data-gt-translate-attributes='[{\"attribute\":\"data-cmtooltip\", \"format\":\"html\"}]' tabindex=\"0\" role=\"link\">quartier<\/span> associe habitat et travail, formation et loisirs, culture et <span class=\"glossaryLink\" aria-describedby=\"tt\" data-cmtooltip=\"&lt;div class=glossaryItemTitle&gt;Innovation&lt;\/div&gt;&lt;div class=glossaryItemBody&gt;Innovation in der heutigen Immobilienwelt bedeutet vor allem Digitalisierung von Prozessen. Zum Beispiel das Eliminieren von Tausenden von Excel-Bl&auml;ttern f&uuml;r Portfolio- und Asset-Manager oder das Erstellen einer Anwendung (App) f&uuml;r alle Formalit&auml;ten rund um die Beziehung zwischen Immobilieneigent&uuml;mern, - verwaltung und -mietern.&lt;\/div&gt;\" data-mobile-support=\"0\" data-gt-translate-attributes='[{\"attribute\":\"data-cmtooltip\", \"format\":\"html\"}]' tabindex=\"0\" role=\"link\">innovation<\/span> dans des b&acirc;timents historiques et de nouvelles constructions. Caroline Forte, membre de la direction et du conseil d&rsquo;administration de Bernapark AG, est responsable de la communication et de la gestion des projets.<\/p>\n<p class=\"bodytext\">La conf&eacute;rence aura lieu &agrave; la Gleisarena de Zurich, d&eacute;butera &agrave; 16 heures et sera ouverte au public. Elle sera pr&eacute;c&eacute;d&eacute;e de l&rsquo;assembl&eacute;e g&eacute;n&eacute;rale de l&rsquo;ASMS. A cette occasion, il sera &eacute;galement d&eacute;cid&eacute; de changer le nom de l&rsquo;association en R&eacute;seau Site Suisse. Le nouveau nom doit refl&eacute;ter l&rsquo;objectif d&rsquo;&eacute;tendre les activit&eacute;s de l&rsquo;association &agrave; toute la Suisse.<\/p>\n","protected":false},"excerpt":{"rendered":"<p>Der Wandel von der Industrie- zur Dienstleistungsgesellschaft schafft Chancen f\u00fcr Quartiere und ganze St\u00e4dte. Die Fachtagung Dialog Standortmanagement geht am 12. M\u00e4rz auf die integrale Standortentwicklung Winterthurs und auf die Umnutzung der ehemaligen Kartonfabrik zum Bernapark ein.<\/p>\n","protected":false},"author":2,"featured_media":79910,"comment_status":"open","ping_status":"open","sticky":false,"template":"","format":"standard","meta":{"pmpro_default_level":"","inline_featured_image":false,"_monsterinsights_skip_tracking":false,"footnotes":""},"categories":[743,22342],"tags":[1217,872,3931,2002,2143,1153],"class_list":["post-79915","post","type-post","status-publish","format-standard","has-post-thumbnail","hentry","category-immonews-fr","category-thurgovie","tag-bernapark-fr","tag-immoinvest-fr","tag-immonews-fr","tag-news-fr","tag-standortqualitaet-fr","tag-winterthur-fr","pmpro-has-access"],"acf":{"bild_mit_ki_erstellt_worden":[],"lead":"Der Wandel von der Industrie- zur Dienstleistungsgesellschaft schafft Chancen f\u00fcr Quartiere und ganze St\u00e4dte. Die Fachtagung Dialog Standortmanagement geht am 12. M\u00e4rz auf die integrale Standortentwicklung Winterthurs und auf die Umnutzung der ehemaligen Kartonfabrik zum Bernapark ein.","autor":"ce\/stk","ort":"Z\u00fcrich","bildunterschrift":"","bild_im_grid":false,"gallerie":"","newsim":""},"aioseo_notices":[],"aioseo_head":"\n\t\t<!-- All in One SEO 5.0.0.1 - aioseo.com -->\n\t<meta name=\"description\" content=\"Der Wandel von der Industrie- zur Dienstleistungsgesellschaft schafft Chancen f\u00fcr Quartiere und ganze St\u00e4dte. Die Fachtagung Dialog Standortmanagement geht am 12. M\u00e4rz auf die integrale Standortentwicklung Winterthurs und auf die Umnutzung der ehemaligen Kartonfabrik zum Bernapark ein.\" \/>\n\t<meta name=\"robots\" content=\"max-image-preview:large\" \/>\n\t<meta name=\"author\" content=\"immovestuser\"\/>\n\t<meta name=\"google-site-verification\" content=\"fHJKvgWpZCR2zVBHWfkQeFXC11qieUSff0HGNYfuyLA\" \/>\n\t<link rel=\"canonical\" href=\"https:\/\/www.immo-invest.ch\/fr\/bernapark-und-winterthur-stellen-sich-standortfoerderern-vor\/\" \/>\n\t<meta name=\"generator\" content=\"All in One SEO (AIOSEO) 5.0.0.1\" \/>\n\t\t<meta property=\"og:locale\" content=\"fr_FR\" \/>\n\t\t<meta property=\"og:site_name\" content=\"immo!nvest - Die Plattform f\u00fcr Standorte und Immobilien - Die\u00a0Plattform f\u00fcr Standorte und Immobilien\" \/>\n\t\t<meta property=\"og:type\" content=\"article\" \/>\n\t\t<meta property=\"og:title\" content=\"Bernapark et Winterthur se pr\u00e9sentent aux promoteurs de site - immo!nvest - Die Plattform f\u00fcr Standorte und Immobilien\" \/>\n\t\t<meta property=\"og:description\" content=\"Der Wandel von der Industrie- zur Dienstleistungsgesellschaft schafft Chancen f\u00fcr Quartiere und ganze St\u00e4dte. Die Fachtagung Dialog Standortmanagement geht am 12. M\u00e4rz auf die integrale Standortentwicklung Winterthurs und auf die Umnutzung der ehemaligen Kartonfabrik zum Bernapark ein.\" \/>\n\t\t<meta property=\"og:url\" content=\"https:\/\/www.immo-invest.ch\/fr\/bernapark-und-winterthur-stellen-sich-standortfoerderern-vor\/\" \/>\n\t\t<meta property=\"og:image\" content=\"https:\/\/www.immo-invest.ch\/wp-content\/uploads\/2024\/03\/Unbenannt-5.png\" \/>\n\t\t<meta property=\"og:image:secure_url\" content=\"https:\/\/www.immo-invest.ch\/wp-content\/uploads\/2024\/03\/Unbenannt-5.png\" \/>\n\t\t<meta property=\"og:image:width\" content=\"1024\" \/>\n\t\t<meta property=\"og:image:height\" content=\"1024\" \/>\n\t\t<meta property=\"article:published_time\" content=\"2024-03-06T15:13:44+00:00\" \/>\n\t\t<meta property=\"article:modified_time\" content=\"2024-03-06T15:18:29+00:00\" \/>\n\t\t<meta property=\"article:publisher\" content=\"https:\/\/www.facebook.com\/people\/Immoinvest\/100077962920504\/\" \/>\n\t\t<meta name=\"twitter:card\" content=\"summary_large_image\" \/>\n\t\t<meta name=\"twitter:site\" content=\"@i\" \/>\n\t\t<meta name=\"twitter:title\" content=\"Bernapark et Winterthur se pr\u00e9sentent aux promoteurs de site - immo!nvest - Die Plattform f\u00fcr Standorte und Immobilien\" \/>\n\t\t<meta name=\"twitter:description\" content=\"Der Wandel von der Industrie- zur Dienstleistungsgesellschaft schafft Chancen f\u00fcr Quartiere und ganze St\u00e4dte. Die Fachtagung Dialog Standortmanagement geht am 12. M\u00e4rz auf die integrale Standortentwicklung Winterthurs und auf die Umnutzung der ehemaligen Kartonfabrik zum Bernapark ein.\" \/>\n\t\t<meta name=\"twitter:creator\" content=\"@i\" \/>\n\t\t<meta name=\"twitter:image\" content=\"https:\/\/www.immo-invest.ch\/wp-content\/uploads\/2024\/03\/Unbenannt-5.png\" \/>\n\t\t<script type=\"application\/ld+json\" class=\"aioseo-schema\">\n\t\t\t{\"@context\":\"https:\\\/\\\/schema.org\",\"@graph\":[{\"@type\":\"BlogPosting\",\"@id\":\"https:\\\/\\\/www.immo-invest.ch\\\/fr\\\/bernapark-und-winterthur-stellen-sich-standortfoerderern-vor\\\/#blogposting\",\"name\":\"Bernapark et Winterthur se pr\\u00e9sentent aux promoteurs de site - immo!nvest - Die Plattform f\\u00fcr Standorte und Immobilien\",\"headline\":\"Bernapark et Winterthur se pr\\u00e9sentent aux promoteurs de site\",\"author\":{\"@id\":\"https:\\\/\\\/www.immo-invest.ch\\\/fr\\\/author\\\/immovestuser\\\/#author\"},\"publisher\":{\"@id\":\"https:\\\/\\\/www.immo-invest.ch\\\/fr\\\/#organization\"},\"image\":{\"@type\":\"ImageObject\",\"url\":\"https:\\\/\\\/www.immo-invest.ch\\\/wp-content\\\/uploads\\\/2024\\\/03\\\/Unbenannt-5.png\",\"width\":1024,\"height\":1024},\"datePublished\":\"2024-03-06T16:13:44+01:00\",\"dateModified\":\"2024-03-06T16:18:29+01:00\",\"inLanguage\":\"fr-FR\",\"mainEntityOfPage\":{\"@id\":\"https:\\\/\\\/www.immo-invest.ch\\\/fr\\\/bernapark-und-winterthur-stellen-sich-standortfoerderern-vor\\\/#webpage\"},\"isPartOf\":{\"@id\":\"https:\\\/\\\/www.immo-invest.ch\\\/fr\\\/bernapark-und-winterthur-stellen-sich-standortfoerderern-vor\\\/#webpage\"},\"articleSection\":\"immoNews, Thurgovie, Bernapark, Immoinvest, immoNews, News, Standortqualit\\u00e4t, Winterthur, Facultatif\"},{\"@type\":\"BreadcrumbList\",\"@id\":\"https:\\\/\\\/www.immo-invest.ch\\\/fr\\\/bernapark-und-winterthur-stellen-sich-standortfoerderern-vor\\\/#breadcrumblist\",\"itemListElement\":[{\"@type\":\"ListItem\",\"@id\":\"https:\\\/\\\/www.immo-invest.ch\\\/fr\\\/#listItem\",\"position\":1,\"name\":\"Home\",\"item\":\"https:\\\/\\\/www.immo-invest.ch\\\/fr\\\/\",\"nextItem\":{\"@type\":\"ListItem\",\"@id\":\"https:\\\/\\\/www.immo-invest.ch\\\/fr\\\/categories\\\/regions\\\/#listItem\",\"name\":\"R\\u00e9gions\"}},{\"@type\":\"ListItem\",\"@id\":\"https:\\\/\\\/www.immo-invest.ch\\\/fr\\\/categories\\\/regions\\\/#listItem\",\"position\":2,\"name\":\"R\\u00e9gions\",\"item\":\"https:\\\/\\\/www.immo-invest.ch\\\/fr\\\/categories\\\/regions\\\/\",\"nextItem\":{\"@type\":\"ListItem\",\"@id\":\"https:\\\/\\\/www.immo-invest.ch\\\/fr\\\/categories\\\/regions\\\/suisse\\\/#listItem\",\"name\":\"Suisse\"},\"previousItem\":{\"@type\":\"ListItem\",\"@id\":\"https:\\\/\\\/www.immo-invest.ch\\\/fr\\\/#listItem\",\"name\":\"Home\"}},{\"@type\":\"ListItem\",\"@id\":\"https:\\\/\\\/www.immo-invest.ch\\\/fr\\\/categories\\\/regions\\\/suisse\\\/#listItem\",\"position\":3,\"name\":\"Suisse\",\"item\":\"https:\\\/\\\/www.immo-invest.ch\\\/fr\\\/categories\\\/regions\\\/suisse\\\/\",\"nextItem\":{\"@type\":\"ListItem\",\"@id\":\"https:\\\/\\\/www.immo-invest.ch\\\/fr\\\/categories\\\/regions\\\/suisse\\\/suisse-orientale\\\/#listItem\",\"name\":\"Suisse orientale\"},\"previousItem\":{\"@type\":\"ListItem\",\"@id\":\"https:\\\/\\\/www.immo-invest.ch\\\/fr\\\/categories\\\/regions\\\/#listItem\",\"name\":\"R\\u00e9gions\"}},{\"@type\":\"ListItem\",\"@id\":\"https:\\\/\\\/www.immo-invest.ch\\\/fr\\\/categories\\\/regions\\\/suisse\\\/suisse-orientale\\\/#listItem\",\"position\":4,\"name\":\"Suisse orientale\",\"item\":\"https:\\\/\\\/www.immo-invest.ch\\\/fr\\\/categories\\\/regions\\\/suisse\\\/suisse-orientale\\\/\",\"nextItem\":{\"@type\":\"ListItem\",\"@id\":\"https:\\\/\\\/www.immo-invest.ch\\\/fr\\\/categories\\\/regions\\\/suisse\\\/suisse-orientale\\\/thurgovie\\\/#listItem\",\"name\":\"Thurgovie\"},\"previousItem\":{\"@type\":\"ListItem\",\"@id\":\"https:\\\/\\\/www.immo-invest.ch\\\/fr\\\/categories\\\/regions\\\/suisse\\\/#listItem\",\"name\":\"Suisse\"}},{\"@type\":\"ListItem\",\"@id\":\"https:\\\/\\\/www.immo-invest.ch\\\/fr\\\/categories\\\/regions\\\/suisse\\\/suisse-orientale\\\/thurgovie\\\/#listItem\",\"position\":5,\"name\":\"Thurgovie\",\"item\":\"https:\\\/\\\/www.immo-invest.ch\\\/fr\\\/categories\\\/regions\\\/suisse\\\/suisse-orientale\\\/thurgovie\\\/\",\"nextItem\":{\"@type\":\"ListItem\",\"@id\":\"https:\\\/\\\/www.immo-invest.ch\\\/fr\\\/bernapark-und-winterthur-stellen-sich-standortfoerderern-vor\\\/#listItem\",\"name\":\"Bernapark et Winterthur se pr\\u00e9sentent aux promoteurs de site\"},\"previousItem\":{\"@type\":\"ListItem\",\"@id\":\"https:\\\/\\\/www.immo-invest.ch\\\/fr\\\/categories\\\/regions\\\/suisse\\\/suisse-orientale\\\/#listItem\",\"name\":\"Suisse orientale\"}},{\"@type\":\"ListItem\",\"@id\":\"https:\\\/\\\/www.immo-invest.ch\\\/fr\\\/bernapark-und-winterthur-stellen-sich-standortfoerderern-vor\\\/#listItem\",\"position\":6,\"name\":\"Bernapark et Winterthur se pr\\u00e9sentent aux promoteurs de site\",\"previousItem\":{\"@type\":\"ListItem\",\"@id\":\"https:\\\/\\\/www.immo-invest.ch\\\/fr\\\/categories\\\/regions\\\/suisse\\\/suisse-orientale\\\/thurgovie\\\/#listItem\",\"name\":\"Thurgovie\"}}]},{\"@type\":\"Organization\",\"@id\":\"https:\\\/\\\/www.immo-invest.ch\\\/fr\\\/#organization\",\"name\":\"immo!nvest - Die Plattform f\\u00fcr Standorte und Immobilien\",\"description\":\"Die\\u00a0Plattform f\\u00fcr Standorte und Immobilien\",\"url\":\"https:\\\/\\\/www.immo-invest.ch\\\/fr\\\/\",\"email\":\"admin@immomedia.ag\",\"telephone\":\"+41444420002\",\"logo\":{\"@type\":\"ImageObject\",\"url\":\"https:\\\/\\\/www.immo-invest.ch\\\/wp-content\\\/uploads\\\/2024\\\/09\\\/immoinvest_sm-scaled.jpg\",\"@id\":\"https:\\\/\\\/www.immo-invest.ch\\\/fr\\\/bernapark-und-winterthur-stellen-sich-standortfoerderern-vor\\\/#organizationLogo\",\"width\":2560,\"height\":1340},\"image\":{\"@id\":\"https:\\\/\\\/www.immo-invest.ch\\\/fr\\\/bernapark-und-winterthur-stellen-sich-standortfoerderern-vor\\\/#organizationLogo\"},\"sameAs\":[\"https:\\\/\\\/www.facebook.com\\\/people\\\/Immoinvest\\\/100077962920504\\\/\",\"https:\\\/\\\/x.com\\\/i\\\/flow\\\/login?redirect_after_login=immoinvest_ch\",\"https:\\\/\\\/www.instagram.com\\\/immoinvest_ch\\\/\",\"https:\\\/\\\/www.linkedin.com\\\/company\\\/immoinvest-swiss\"]},{\"@type\":\"Person\",\"@id\":\"https:\\\/\\\/www.immo-invest.ch\\\/fr\\\/author\\\/immovestuser\\\/#author\",\"url\":\"https:\\\/\\\/www.immo-invest.ch\\\/fr\\\/author\\\/immovestuser\\\/\",\"name\":\"immovestuser\",\"image\":{\"@type\":\"ImageObject\",\"@id\":\"https:\\\/\\\/www.immo-invest.ch\\\/fr\\\/bernapark-und-winterthur-stellen-sich-standortfoerderern-vor\\\/#authorImage\",\"url\":\"https:\\\/\\\/secure.gravatar.com\\\/avatar\\\/8e01f4d99f2eeea7a362ebb93305e1172a70e9293ba250f897a65c39f54cdd1e?s=96&d=mm&r=g\",\"width\":96,\"height\":96,\"caption\":\"immovestuser\"}},{\"@type\":\"WebPage\",\"@id\":\"https:\\\/\\\/www.immo-invest.ch\\\/fr\\\/bernapark-und-winterthur-stellen-sich-standortfoerderern-vor\\\/#webpage\",\"url\":\"https:\\\/\\\/www.immo-invest.ch\\\/fr\\\/bernapark-und-winterthur-stellen-sich-standortfoerderern-vor\\\/\",\"name\":\"Bernapark et Winterthur se pr\\u00e9sentent aux promoteurs de site - immo!nvest - Die Plattform f\\u00fcr Standorte und Immobilien\",\"description\":\"Der Wandel von der Industrie- zur Dienstleistungsgesellschaft schafft Chancen f\\u00fcr Quartiere und ganze St\\u00e4dte. Die Fachtagung Dialog Standortmanagement geht am 12. M\\u00e4rz auf die integrale Standortentwicklung Winterthurs und auf die Umnutzung der ehemaligen Kartonfabrik zum Bernapark ein.\",\"inLanguage\":\"fr-FR\",\"isPartOf\":{\"@id\":\"https:\\\/\\\/www.immo-invest.ch\\\/fr\\\/#website\"},\"breadcrumb\":{\"@id\":\"https:\\\/\\\/www.immo-invest.ch\\\/fr\\\/bernapark-und-winterthur-stellen-sich-standortfoerderern-vor\\\/#breadcrumblist\"},\"author\":{\"@id\":\"https:\\\/\\\/www.immo-invest.ch\\\/fr\\\/author\\\/immovestuser\\\/#author\"},\"creator\":{\"@id\":\"https:\\\/\\\/www.immo-invest.ch\\\/fr\\\/author\\\/immovestuser\\\/#author\"},\"image\":{\"@type\":\"ImageObject\",\"url\":\"https:\\\/\\\/www.immo-invest.ch\\\/wp-content\\\/uploads\\\/2024\\\/03\\\/Unbenannt-5.png\",\"@id\":\"https:\\\/\\\/www.immo-invest.ch\\\/fr\\\/bernapark-und-winterthur-stellen-sich-standortfoerderern-vor\\\/#mainImage\",\"width\":1024,\"height\":1024},\"primaryImageOfPage\":{\"@id\":\"https:\\\/\\\/www.immo-invest.ch\\\/fr\\\/bernapark-und-winterthur-stellen-sich-standortfoerderern-vor\\\/#mainImage\"},\"datePublished\":\"2024-03-06T16:13:44+01:00\",\"dateModified\":\"2024-03-06T16:18:29+01:00\"},{\"@type\":\"WebSite\",\"@id\":\"https:\\\/\\\/www.immo-invest.ch\\\/fr\\\/#website\",\"url\":\"https:\\\/\\\/www.immo-invest.ch\\\/fr\\\/\",\"name\":\"immo!nvest - Die Plattform f\\u00fcr Standorte und Immobilien\",\"description\":\"Die\\u00a0Plattform f\\u00fcr Standorte und Immobilien\",\"inLanguage\":\"fr-FR\",\"publisher\":{\"@id\":\"https:\\\/\\\/www.immo-invest.ch\\\/fr\\\/#organization\"}}]}\n\t\t<\/script>\n\t\t<!-- All in One SEO -->\n\n","aioseo_head_json":{"title":"Bernapark et Winterthur se pr\u00e9sentent aux promoteurs de site - immo!nvest - Die Plattform f\u00fcr Standorte und Immobilien","description":"Der Wandel von der Industrie- zur Dienstleistungsgesellschaft schafft Chancen f\u00fcr Quartiere und ganze St\u00e4dte. Die Fachtagung Dialog Standortmanagement geht am 12. M\u00e4rz auf die integrale Standortentwicklung Winterthurs und auf die Umnutzung der ehemaligen Kartonfabrik zum Bernapark ein.","canonical_url":"https:\/\/www.immo-invest.ch\/fr\/bernapark-und-winterthur-stellen-sich-standortfoerderern-vor\/","robots":"max-image-preview:large","keywords":"","webmasterTools":{"google-site-verification":"fHJKvgWpZCR2zVBHWfkQeFXC11qieUSff0HGNYfuyLA","miscellaneous":""},"schema":{"@context":"https:\/\/schema.org","@graph":[{"@type":"BlogPosting","@id":"https:\/\/www.immo-invest.ch\/fr\/bernapark-und-winterthur-stellen-sich-standortfoerderern-vor\/#blogposting","name":"Bernapark et Winterthur se pr\u00e9sentent aux promoteurs de site - immo!nvest - Die Plattform f\u00fcr Standorte und Immobilien","headline":"Bernapark et Winterthur se pr\u00e9sentent aux promoteurs de site","author":{"@id":"https:\/\/www.immo-invest.ch\/fr\/author\/immovestuser\/#author"},"publisher":{"@id":"https:\/\/www.immo-invest.ch\/fr\/#organization"},"image":{"@type":"ImageObject","url":"https:\/\/www.immo-invest.ch\/wp-content\/uploads\/2024\/03\/Unbenannt-5.png","width":1024,"height":1024},"datePublished":"2024-03-06T16:13:44+01:00","dateModified":"2024-03-06T16:18:29+01:00","inLanguage":"fr-FR","mainEntityOfPage":{"@id":"https:\/\/www.immo-invest.ch\/fr\/bernapark-und-winterthur-stellen-sich-standortfoerderern-vor\/#webpage"},"isPartOf":{"@id":"https:\/\/www.immo-invest.ch\/fr\/bernapark-und-winterthur-stellen-sich-standortfoerderern-vor\/#webpage"},"articleSection":"immoNews, Thurgovie, Bernapark, Immoinvest, immoNews, News, Standortqualit\u00e4t, Winterthur, Facultatif"},{"@type":"BreadcrumbList","@id":"https:\/\/www.immo-invest.ch\/fr\/bernapark-und-winterthur-stellen-sich-standortfoerderern-vor\/#breadcrumblist","itemListElement":[{"@type":"ListItem","@id":"https:\/\/www.immo-invest.ch\/fr\/#listItem","position":1,"name":"Home","item":"https:\/\/www.immo-invest.ch\/fr\/","nextItem":{"@type":"ListItem","@id":"https:\/\/www.immo-invest.ch\/fr\/categories\/regions\/#listItem","name":"R\u00e9gions"}},{"@type":"ListItem","@id":"https:\/\/www.immo-invest.ch\/fr\/categories\/regions\/#listItem","position":2,"name":"R\u00e9gions","item":"https:\/\/www.immo-invest.ch\/fr\/categories\/regions\/","nextItem":{"@type":"ListItem","@id":"https:\/\/www.immo-invest.ch\/fr\/categories\/regions\/suisse\/#listItem","name":"Suisse"},"previousItem":{"@type":"ListItem","@id":"https:\/\/www.immo-invest.ch\/fr\/#listItem","name":"Home"}},{"@type":"ListItem","@id":"https:\/\/www.immo-invest.ch\/fr\/categories\/regions\/suisse\/#listItem","position":3,"name":"Suisse","item":"https:\/\/www.immo-invest.ch\/fr\/categories\/regions\/suisse\/","nextItem":{"@type":"ListItem","@id":"https:\/\/www.immo-invest.ch\/fr\/categories\/regions\/suisse\/suisse-orientale\/#listItem","name":"Suisse orientale"},"previousItem":{"@type":"ListItem","@id":"https:\/\/www.immo-invest.ch\/fr\/categories\/regions\/#listItem","name":"R\u00e9gions"}},{"@type":"ListItem","@id":"https:\/\/www.immo-invest.ch\/fr\/categories\/regions\/suisse\/suisse-orientale\/#listItem","position":4,"name":"Suisse orientale","item":"https:\/\/www.immo-invest.ch\/fr\/categories\/regions\/suisse\/suisse-orientale\/","nextItem":{"@type":"ListItem","@id":"https:\/\/www.immo-invest.ch\/fr\/categories\/regions\/suisse\/suisse-orientale\/thurgovie\/#listItem","name":"Thurgovie"},"previousItem":{"@type":"ListItem","@id":"https:\/\/www.immo-invest.ch\/fr\/categories\/regions\/suisse\/#listItem","name":"Suisse"}},{"@type":"ListItem","@id":"https:\/\/www.immo-invest.ch\/fr\/categories\/regions\/suisse\/suisse-orientale\/thurgovie\/#listItem","position":5,"name":"Thurgovie","item":"https:\/\/www.immo-invest.ch\/fr\/categories\/regions\/suisse\/suisse-orientale\/thurgovie\/","nextItem":{"@type":"ListItem","@id":"https:\/\/www.immo-invest.ch\/fr\/bernapark-und-winterthur-stellen-sich-standortfoerderern-vor\/#listItem","name":"Bernapark et Winterthur se pr\u00e9sentent aux promoteurs de site"},"previousItem":{"@type":"ListItem","@id":"https:\/\/www.immo-invest.ch\/fr\/categories\/regions\/suisse\/suisse-orientale\/#listItem","name":"Suisse orientale"}},{"@type":"ListItem","@id":"https:\/\/www.immo-invest.ch\/fr\/bernapark-und-winterthur-stellen-sich-standortfoerderern-vor\/#listItem","position":6,"name":"Bernapark et Winterthur se pr\u00e9sentent aux promoteurs de site","previousItem":{"@type":"ListItem","@id":"https:\/\/www.immo-invest.ch\/fr\/categories\/regions\/suisse\/suisse-orientale\/thurgovie\/#listItem","name":"Thurgovie"}}]},{"@type":"Organization","@id":"https:\/\/www.immo-invest.ch\/fr\/#organization","name":"immo!nvest - Die Plattform f\u00fcr Standorte und Immobilien","description":"Die\u00a0Plattform f\u00fcr Standorte und Immobilien","url":"https:\/\/www.immo-invest.ch\/fr\/","email":"admin@immomedia.ag","telephone":"+41444420002","logo":{"@type":"ImageObject","url":"https:\/\/www.immo-invest.ch\/wp-content\/uploads\/2024\/09\/immoinvest_sm-scaled.jpg","@id":"https:\/\/www.immo-invest.ch\/fr\/bernapark-und-winterthur-stellen-sich-standortfoerderern-vor\/#organizationLogo","width":2560,"height":1340},"image":{"@id":"https:\/\/www.immo-invest.ch\/fr\/bernapark-und-winterthur-stellen-sich-standortfoerderern-vor\/#organizationLogo"},"sameAs":["https:\/\/www.facebook.com\/people\/Immoinvest\/100077962920504\/","https:\/\/x.com\/i\/flow\/login?redirect_after_login=immoinvest_ch","https:\/\/www.instagram.com\/immoinvest_ch\/","https:\/\/www.linkedin.com\/company\/immoinvest-swiss"]},{"@type":"Person","@id":"https:\/\/www.immo-invest.ch\/fr\/author\/immovestuser\/#author","url":"https:\/\/www.immo-invest.ch\/fr\/author\/immovestuser\/","name":"immovestuser","image":{"@type":"ImageObject","@id":"https:\/\/www.immo-invest.ch\/fr\/bernapark-und-winterthur-stellen-sich-standortfoerderern-vor\/#authorImage","url":"https:\/\/secure.gravatar.com\/avatar\/8e01f4d99f2eeea7a362ebb93305e1172a70e9293ba250f897a65c39f54cdd1e?s=96&d=mm&r=g","width":96,"height":96,"caption":"immovestuser"}},{"@type":"WebPage","@id":"https:\/\/www.immo-invest.ch\/fr\/bernapark-und-winterthur-stellen-sich-standortfoerderern-vor\/#webpage","url":"https:\/\/www.immo-invest.ch\/fr\/bernapark-und-winterthur-stellen-sich-standortfoerderern-vor\/","name":"Bernapark et Winterthur se pr\u00e9sentent aux promoteurs de site - immo!nvest - Die Plattform f\u00fcr Standorte und Immobilien","description":"Der Wandel von der Industrie- zur Dienstleistungsgesellschaft schafft Chancen f\u00fcr Quartiere und ganze St\u00e4dte. Die Fachtagung Dialog Standortmanagement geht am 12. M\u00e4rz auf die integrale Standortentwicklung Winterthurs und auf die Umnutzung der ehemaligen Kartonfabrik zum Bernapark ein.","inLanguage":"fr-FR","isPartOf":{"@id":"https:\/\/www.immo-invest.ch\/fr\/#website"},"breadcrumb":{"@id":"https:\/\/www.immo-invest.ch\/fr\/bernapark-und-winterthur-stellen-sich-standortfoerderern-vor\/#breadcrumblist"},"author":{"@id":"https:\/\/www.immo-invest.ch\/fr\/author\/immovestuser\/#author"},"creator":{"@id":"https:\/\/www.immo-invest.ch\/fr\/author\/immovestuser\/#author"},"image":{"@type":"ImageObject","url":"https:\/\/www.immo-invest.ch\/wp-content\/uploads\/2024\/03\/Unbenannt-5.png","@id":"https:\/\/www.immo-invest.ch\/fr\/bernapark-und-winterthur-stellen-sich-standortfoerderern-vor\/#mainImage","width":1024,"height":1024},"primaryImageOfPage":{"@id":"https:\/\/www.immo-invest.ch\/fr\/bernapark-und-winterthur-stellen-sich-standortfoerderern-vor\/#mainImage"},"datePublished":"2024-03-06T16:13:44+01:00","dateModified":"2024-03-06T16:18:29+01:00"},{"@type":"WebSite","@id":"https:\/\/www.immo-invest.ch\/fr\/#website","url":"https:\/\/www.immo-invest.ch\/fr\/","name":"immo!nvest - Die Plattform f\u00fcr Standorte und Immobilien","description":"Die\u00a0Plattform f\u00fcr Standorte und Immobilien","inLanguage":"fr-FR","publisher":{"@id":"https:\/\/www.immo-invest.ch\/fr\/#organization"}}]},"og:locale":"fr_FR","og:site_name":"immo!nvest - Die Plattform f\u00fcr Standorte und Immobilien - Die\u00a0Plattform f\u00fcr Standorte und Immobilien","og:type":"article","og:title":"Bernapark et Winterthur se pr\u00e9sentent aux promoteurs de site - immo!nvest - Die Plattform f\u00fcr Standorte und Immobilien","og:description":"Der Wandel von der Industrie- zur Dienstleistungsgesellschaft schafft Chancen f\u00fcr Quartiere und ganze St\u00e4dte. Die Fachtagung Dialog Standortmanagement geht am 12. M\u00e4rz auf die integrale Standortentwicklung Winterthurs und auf die Umnutzung der ehemaligen Kartonfabrik zum Bernapark ein.","og:url":"https:\/\/www.immo-invest.ch\/fr\/bernapark-und-winterthur-stellen-sich-standortfoerderern-vor\/","og:image":"https:\/\/www.immo-invest.ch\/wp-content\/uploads\/2024\/03\/Unbenannt-5.png","og:image:secure_url":"https:\/\/www.immo-invest.ch\/wp-content\/uploads\/2024\/03\/Unbenannt-5.png","og:image:width":1024,"og:image:height":1024,"article:published_time":"2024-03-06T15:13:44+00:00","article:modified_time":"2024-03-06T15:18:29+00:00","article:publisher":"https:\/\/www.facebook.com\/people\/Immoinvest\/100077962920504\/","twitter:card":"summary_large_image","twitter:site":"@i","twitter:title":"Bernapark et Winterthur se pr\u00e9sentent aux promoteurs de site - immo!nvest - Die Plattform f\u00fcr Standorte und Immobilien","twitter:description":"Der Wandel von der Industrie- zur Dienstleistungsgesellschaft schafft Chancen f\u00fcr Quartiere und ganze St\u00e4dte. Die Fachtagung Dialog Standortmanagement geht am 12. M\u00e4rz auf die integrale Standortentwicklung Winterthurs und auf die Umnutzung der ehemaligen Kartonfabrik zum Bernapark ein.","twitter:creator":"@i","twitter:image":"https:\/\/www.immo-invest.ch\/wp-content\/uploads\/2024\/03\/Unbenannt-5.png"},"aioseo_meta_data":{"post_id":"79915","title":null,"description":null,"keywords":null,"keyphrases":null,"primary_term":null,"canonical_url":null,"og_title":null,"og_description":null,"og_object_type":"default","og_image_type":"default","og_image_url":null,"og_image_width":null,"og_image_height":null,"og_image_custom_url":null,"og_image_custom_fields":null,"og_video":null,"og_custom_url":null,"og_article_section":null,"og_article_tags":null,"twitter_use_og":false,"twitter_card":"default","twitter_image_type":"default","twitter_image_url":null,"twitter_image_custom_url":null,"twitter_image_custom_fields":null,"twitter_title":null,"twitter_description":null,"schema":{"blockGraphs":[],"customGraphs":[],"default":{"data":{"Article":[],"Course":[],"Dataset":[],"FAQPage":[],"Movie":[],"Person":[],"Product":[],"ProductReview":[],"Car":[],"Recipe":[],"Service":[],"SoftwareApplication":[],"WebPage":[]},"graphName":"","isEnabled":true},"graphs":[]},"schema_type":"default","schema_type_options":null,"pillar_content":false,"robots_default":true,"robots_noindex":false,"robots_noarchive":false,"robots_nosnippet":false,"robots_nofollow":false,"robots_noimageindex":false,"robots_noodp":false,"robots_notranslate":false,"robots_max_snippet":null,"robots_max_videopreview":null,"robots_max_imagepreview":"large","priority":null,"frequency":null,"local_seo":null,"breadcrumb_settings":null,"limit_modified_date":false,"ai":null,"created":"2024-09-20 16:39:58","updated":"2025-10-23 22:57:14","seo_analyzer_scan_date":null,"focus_keyword":null,"additional_keywords":null,"truseo_locale":null},"aioseo_breadcrumb":"<div class=\"aioseo-breadcrumbs\"><span class=\"aioseo-breadcrumb\">\n\t\t\t<a href=\"https:\/\/www.immo-invest.ch\/fr\/\" title=\"Home\">Home<\/a>\n\t\t<\/span><span class=\"aioseo-breadcrumb-separator\">&raquo;<\/span><span class=\"aioseo-breadcrumb\">\n\t\t\t<a href=\"https:\/\/www.immo-invest.ch\/fr\/categories\/regions\/\" title=\"R\u00e9gions\">R\u00e9gions<\/a>\n\t\t<\/span><span class=\"aioseo-breadcrumb-separator\">&raquo;<\/span><span class=\"aioseo-breadcrumb\">\n\t\t\t<a href=\"https:\/\/www.immo-invest.ch\/fr\/categories\/regions\/suisse\/\" title=\"Suisse\">Suisse<\/a>\n\t\t<\/span><span class=\"aioseo-breadcrumb-separator\">&raquo;<\/span><span class=\"aioseo-breadcrumb\">\n\t\t\t<a href=\"https:\/\/www.immo-invest.ch\/fr\/categories\/regions\/suisse\/suisse-orientale\/\" title=\"Suisse orientale\">Suisse orientale<\/a>\n\t\t<\/span><span class=\"aioseo-breadcrumb-separator\">&raquo;<\/span><span class=\"aioseo-breadcrumb\">\n\t\t\t<a href=\"https:\/\/www.immo-invest.ch\/fr\/categories\/regions\/suisse\/suisse-orientale\/thurgovie\/\" title=\"Thurgovie\">Thurgovie<\/a>\n\t\t<\/span><span class=\"aioseo-breadcrumb-separator\">&raquo;<\/span><span class=\"aioseo-breadcrumb\">\n\t\t\tBernapark et Winterthur se pr\u00e9sentent aux promoteurs de site\n\t\t<\/span><\/div>","aioseo_breadcrumb_json":[{"label":"Home","link":"https:\/\/www.immo-invest.ch\/fr\/"},{"label":"R\u00e9gions","link":"https:\/\/www.immo-invest.ch\/fr\/categories\/regions\/"},{"label":"Suisse","link":"https:\/\/www.immo-invest.ch\/fr\/categories\/regions\/suisse\/"},{"label":"Suisse orientale","link":"https:\/\/www.immo-invest.ch\/fr\/categories\/regions\/suisse\/suisse-orientale\/"},{"label":"Thurgovie","link":"https:\/\/www.immo-invest.ch\/fr\/categories\/regions\/suisse\/suisse-orientale\/thurgovie\/"},{"label":"Bernapark et Winterthur se pr\u00e9sentent aux promoteurs de site","link":"https:\/\/www.immo-invest.ch\/fr\/bernapark-und-winterthur-stellen-sich-standortfoerderern-vor\/"}],"featured_image_src":"https:\/\/www.immo-invest.ch\/wp-content\/uploads\/2024\/03\/Unbenannt-5-336x168.png","_links":{"self":[{"href":"https:\/\/www.immo-invest.ch\/fr\/wp-json\/wp\/v2\/posts\/79915","targetHints":{"allow":["GET"]}}],"collection":[{"href":"https:\/\/www.immo-invest.ch\/fr\/wp-json\/wp\/v2\/posts"}],"about":[{"href":"https:\/\/www.immo-invest.ch\/fr\/wp-json\/wp\/v2\/types\/post"}],"author":[{"embeddable":true,"href":"https:\/\/www.immo-invest.ch\/fr\/wp-json\/wp\/v2\/users\/2"}],"replies":[{"embeddable":true,"href":"https:\/\/www.immo-invest.ch\/fr\/wp-json\/wp\/v2\/comments?post=79915"}],"version-history":[{"count":0,"href":"https:\/\/www.immo-invest.ch\/fr\/wp-json\/wp\/v2\/posts\/79915\/revisions"}],"wp:featuredmedia":[{"embeddable":true,"href":"https:\/\/www.immo-invest.ch\/fr\/wp-json\/wp\/v2\/media\/79910"}],"wp:attachment":[{"href":"https:\/\/www.immo-invest.ch\/fr\/wp-json\/wp\/v2\/media?parent=79915"}],"wp:term":[{"taxonomy":"category","embeddable":true,"href":"https:\/\/www.immo-invest.ch\/fr\/wp-json\/wp\/v2\/categories?post=79915"},{"taxonomy":"post_tag","embeddable":true,"href":"https:\/\/www.immo-invest.ch\/fr\/wp-json\/wp\/v2\/tags?post=79915"}],"curies":[{"name":"wp","href":"https:\/\/api.w.org\/{rel}","templated":true}]}}