{"id":78967,"date":"2024-03-05T09:48:04","date_gmt":"2024-03-05T08:48:04","guid":{"rendered":"https:\/\/www.immo-invest.ch\/neue-wege-im-umgang-mit-grauer-energie-und-wohnraumallokation\/"},"modified":"2024-03-05T13:40:09","modified_gmt":"2024-03-05T12:40:09","slug":"neue-wege-im-umgang-mit-grauer-energie-und-wohnraumallokation","status":"publish","type":"post","link":"https:\/\/www.immo-invest.ch\/fr\/neue-wege-im-umgang-mit-grauer-energie-und-wohnraumallokation\/","title":{"rendered":"De nouvelles fa\u00e7ons de g\u00e9rer l&rsquo;\u00e9nergie grise et l&rsquo;allocation des logements"},"content":{"rendered":"<p class=\"wp-block-paragraph\">Le secteur immobilier est confront&eacute; au d&eacute;fi de r&eacute;duire son empreinte carbone. Alors que les investisseurs institutionnels ont d&eacute;j&agrave; fait des progr&egrave;s, Fredy Hasenmaile montre que la prochaine &eacute;tape est la prise en compte de l&rsquo;&eacute;nergie grise &ndash; l&rsquo;&eacute;nergie d&eacute;pens&eacute;e pour la construction des biens immobiliers et de leurs mat&eacute;riaux. Jusqu&rsquo;&agrave; pr&eacute;sent, les efforts se sont surtout concentr&eacute;s sur la phase d&rsquo;exploitation des biens immobiliers, mais la prise en compte de l&rsquo;&eacute;nergie grise dans les calculs pourrait r&eacute;volutionner la compr&eacute;hension de la durabilit&eacute; dans la construction.<\/p>\n\n\n\n<p class=\"wp-block-paragraph\">Dans son analyse, Hasenmaile met &eacute;galement en &eacute;vidence une mauvaise allocation probl&eacute;matique des logements en Suisse, caus&eacute;e par la l&eacute;gislation actuelle sur les loyers, qui entra&icirc;ne une forte disparit&eacute; entre les loyers propos&eacute;s et les loyers existants. Les m&eacute;nages &acirc;g&eacute;s en particulier restent dans des logements trop grands, car il n&rsquo;est pas financi&egrave;rement int&eacute;ressant de d&eacute;m&eacute;nager dans des unit&eacute;s plus petites. Cela conduit &agrave; une utilisation inefficace du logement et &agrave; une p&eacute;nurie croissante de logements.<\/p>\n\n\n\n<p class=\"wp-block-paragraph\">L&rsquo;&eacute;tude de Raiffeisen Suisse identifie un &eacute;norme potentiel d&rsquo;am&eacute;lioration de l&rsquo;allocation des logements : si les logements &eacute;taient r&eacute;partis de mani&egrave;re &agrave; ce que chaque m&eacute;nage ne dispose que d&rsquo;une pi&egrave;ce de plus que les personnes, 170 000 logements pourraient &ecirc;tre &eacute;conomis&eacute;s. Cela permettrait non seulement d&rsquo;att&eacute;nuer le probl&egrave;me de la p&eacute;nurie de logements, mais aussi d&rsquo;&eacute;conomiser des quantit&eacute;s consid&eacute;rables d&rsquo;&eacute;nergie grise.<\/p>\n\n\n\n<p class=\"wp-block-paragraph\">Compte tenu de l&rsquo;augmentation attendue des nouveaux loyers et de l&rsquo;accroissement des mauvaises incitations qui en r&eacute;sulteront, entra&icirc;nant &eacute;galement des r&eacute;siliations de bail &agrave; vide et une faible mobilit&eacute; des locataires, Hasenmaile en appelle &agrave; la n&eacute;cessit&eacute; de s&rsquo;attaquer aux causes de cette mauvaise allocation en termes de droit du bail et de trouver des solutions innovantes pour un transfert plus efficace des logements.<\/p>\n","protected":false},"excerpt":{"rendered":"<p>Fredy Hasenmaile, l&rsquo;\u00e9conomiste en chef de Raiffeisen Suisse, met en lumi\u00e8re dans une analyse actuelle les d\u00e9fis et les opportunit\u00e9s du march\u00e9 immobilier, notamment les th\u00e8mes des loyers offerts par rapport aux loyers existants, la mauvaise allocation des logements et l&rsquo;\u00e9conomie d&rsquo;\u00e9nergie grise.<\/p>\n","protected":false},"author":2,"featured_media":78955,"comment_status":"open","ping_status":"open","sticky":false,"template":"","format":"standard","meta":{"pmpro_default_level":"0","inline_featured_image":false,"_monsterinsights_skip_tracking":false,"footnotes":""},"categories":[8747],"tags":[45130,1611,3557,19187,45131,1173],"class_list":["post-78967","post","type-post","status-publish","format-standard","has-post-thumbnail","hentry","category-energie","tag-graue-energie-fr","tag-immobilienbranche-fr","tag-umzug-fr","tag-wohnraum-fr","tag-wohnraumallokation-fr","tag-wohnungen-fr","pmpro-has-access"],"acf":{"bild_mit_ki_erstellt_worden":[],"lead":"Fredy Hasenmaile, l'\u00e9conomiste en chef de Raiffeisen Suisse, met en lumi\u00e8re dans une analyse actuelle les d\u00e9fis et les opportunit\u00e9s du march\u00e9 immobilier, notamment les th\u00e8mes des loyers offerts par rapport aux loyers existants, la mauvaise allocation des logements et l'\u00e9conomie d'\u00e9nergie grise.","autor":"Quelle: SSREI Fredy Hasenmaile, Chef\u00f6konom Raiffeisen Schweiz","ort":"","bildunterschrift":"","bild_im_grid":false,"gallerie":"","newsim":""},"aioseo_notices":[],"aioseo_head":"\n\t\t<!-- All in One SEO 5.0.1.1 - aioseo.com -->\n\t<meta name=\"description\" content=\"Fredy Hasenmaile, l&#039;\u00e9conomiste en chef de Raiffeisen Suisse, met en lumi\u00e8re dans une analyse actuelle les d\u00e9fis et les opportunit\u00e9s du march\u00e9 immobilier, notamment les th\u00e8mes des loyers offerts par rapport aux loyers existants, la mauvaise allocation des logements et l&#039;\u00e9conomie d&#039;\u00e9nergie grise.\" \/>\n\t<meta name=\"robots\" content=\"max-image-preview:large\" \/>\n\t<meta name=\"author\" content=\"immovestuser\"\/>\n\t<meta name=\"google-site-verification\" content=\"fHJKvgWpZCR2zVBHWfkQeFXC11qieUSff0HGNYfuyLA\" \/>\n\t<link rel=\"canonical\" href=\"https:\/\/www.immo-invest.ch\/fr\/neue-wege-im-umgang-mit-grauer-energie-und-wohnraumallokation\/\" \/>\n\t<meta name=\"generator\" content=\"All in One SEO (AIOSEO) 5.0.1.1\" \/>\n\t\t<meta property=\"og:locale\" content=\"fr_FR\" \/>\n\t\t<meta property=\"og:site_name\" content=\"immo!nvest - Die Plattform f\u00fcr Standorte und Immobilien - Die\u00a0Plattform f\u00fcr Standorte und Immobilien\" \/>\n\t\t<meta property=\"og:type\" content=\"article\" \/>\n\t\t<meta property=\"og:title\" content=\"De nouvelles fa\u00e7ons de g\u00e9rer l\u2019\u00e9nergie grise et l\u2019allocation des logements - immo!nvest - Die Plattform f\u00fcr Standorte und Immobilien\" \/>\n\t\t<meta property=\"og:description\" content=\"Fredy Hasenmaile, l&#039;\u00e9conomiste en chef de Raiffeisen Suisse, met en lumi\u00e8re dans une analyse actuelle les d\u00e9fis et les opportunit\u00e9s du march\u00e9 immobilier, notamment les th\u00e8mes des loyers offerts par rapport aux loyers existants, la mauvaise allocation des logements et l&#039;\u00e9conomie d&#039;\u00e9nergie grise.\" \/>\n\t\t<meta property=\"og:url\" content=\"https:\/\/www.immo-invest.ch\/fr\/neue-wege-im-umgang-mit-grauer-energie-und-wohnraumallokation\/\" \/>\n\t\t<meta property=\"og:image\" content=\"https:\/\/www.immo-invest.ch\/wp-content\/uploads\/2024\/03\/Hasenmaile.jpg\" \/>\n\t\t<meta property=\"og:image:secure_url\" content=\"https:\/\/www.immo-invest.ch\/wp-content\/uploads\/2024\/03\/Hasenmaile.jpg\" \/>\n\t\t<meta property=\"og:image:width\" content=\"1910\" \/>\n\t\t<meta property=\"og:image:height\" content=\"955\" \/>\n\t\t<meta property=\"article:published_time\" content=\"2024-03-05T08:48:04+00:00\" \/>\n\t\t<meta property=\"article:modified_time\" content=\"2024-03-05T12:40:09+00:00\" \/>\n\t\t<meta property=\"article:publisher\" content=\"https:\/\/www.facebook.com\/people\/Immoinvest\/100077962920504\/\" \/>\n\t\t<meta name=\"twitter:card\" content=\"summary_large_image\" \/>\n\t\t<meta name=\"twitter:site\" content=\"@i\" \/>\n\t\t<meta name=\"twitter:title\" content=\"De nouvelles fa\u00e7ons de g\u00e9rer l\u2019\u00e9nergie grise et l\u2019allocation des logements - immo!nvest - Die Plattform f\u00fcr Standorte und Immobilien\" \/>\n\t\t<meta name=\"twitter:description\" content=\"Fredy Hasenmaile, l&#039;\u00e9conomiste en chef de Raiffeisen Suisse, met en lumi\u00e8re dans une analyse actuelle les d\u00e9fis et les opportunit\u00e9s du march\u00e9 immobilier, notamment les th\u00e8mes des loyers offerts par rapport aux loyers existants, la mauvaise allocation des logements et l&#039;\u00e9conomie d&#039;\u00e9nergie grise.\" \/>\n\t\t<meta name=\"twitter:creator\" content=\"@i\" \/>\n\t\t<meta name=\"twitter:image\" content=\"https:\/\/www.immo-invest.ch\/wp-content\/uploads\/2024\/03\/Hasenmaile.jpg\" \/>\n\t\t<script type=\"application\/ld+json\" class=\"aioseo-schema\">\n\t\t\t{\"@context\":\"https:\\\/\\\/schema.org\",\"@graph\":[{\"@type\":\"BlogPosting\",\"@id\":\"https:\\\/\\\/www.immo-invest.ch\\\/fr\\\/neue-wege-im-umgang-mit-grauer-energie-und-wohnraumallokation\\\/#blogposting\",\"name\":\"De nouvelles fa\\u00e7ons de g\\u00e9rer l\\u2019\\u00e9nergie grise et l\\u2019allocation des logements - immo!nvest - Die Plattform f\\u00fcr Standorte und Immobilien\",\"headline\":\"De nouvelles fa\\u00e7ons de g\\u00e9rer l&rsquo;\\u00e9nergie grise et l&rsquo;allocation des logements\",\"author\":{\"@id\":\"https:\\\/\\\/www.immo-invest.ch\\\/fr\\\/author\\\/immovestuser\\\/#author\"},\"publisher\":{\"@id\":\"https:\\\/\\\/www.immo-invest.ch\\\/fr\\\/#organization\"},\"image\":{\"@type\":\"ImageObject\",\"url\":\"https:\\\/\\\/www.immo-invest.ch\\\/wp-content\\\/uploads\\\/2024\\\/03\\\/Hasenmaile.jpg\",\"width\":1910,\"height\":955},\"datePublished\":\"2024-03-05T09:48:04+01:00\",\"dateModified\":\"2024-03-05T13:40:09+01:00\",\"inLanguage\":\"fr-FR\",\"mainEntityOfPage\":{\"@id\":\"https:\\\/\\\/www.immo-invest.ch\\\/fr\\\/neue-wege-im-umgang-mit-grauer-energie-und-wohnraumallokation\\\/#webpage\"},\"isPartOf\":{\"@id\":\"https:\\\/\\\/www.immo-invest.ch\\\/fr\\\/neue-wege-im-umgang-mit-grauer-energie-und-wohnraumallokation\\\/#webpage\"},\"articleSection\":\"\\u00c9nergie, Graue Energie, Immobilienbranche, Umzug, Wohnraum, Wohnraumallokation, Wohnungen, Facultatif\"},{\"@type\":\"BreadcrumbList\",\"@id\":\"https:\\\/\\\/www.immo-invest.ch\\\/fr\\\/neue-wege-im-umgang-mit-grauer-energie-und-wohnraumallokation\\\/#breadcrumblist\",\"itemListElement\":[{\"@type\":\"ListItem\",\"@id\":\"https:\\\/\\\/www.immo-invest.ch\\\/fr\\\/#listItem\",\"position\":1,\"name\":\"Home\",\"item\":\"https:\\\/\\\/www.immo-invest.ch\\\/fr\\\/\",\"nextItem\":{\"@type\":\"ListItem\",\"@id\":\"https:\\\/\\\/www.immo-invest.ch\\\/fr\\\/categories\\\/energie\\\/#listItem\",\"name\":\"\\u00c9nergie\"}},{\"@type\":\"ListItem\",\"@id\":\"https:\\\/\\\/www.immo-invest.ch\\\/fr\\\/categories\\\/energie\\\/#listItem\",\"position\":2,\"name\":\"\\u00c9nergie\",\"item\":\"https:\\\/\\\/www.immo-invest.ch\\\/fr\\\/categories\\\/energie\\\/\",\"nextItem\":{\"@type\":\"ListItem\",\"@id\":\"https:\\\/\\\/www.immo-invest.ch\\\/fr\\\/neue-wege-im-umgang-mit-grauer-energie-und-wohnraumallokation\\\/#listItem\",\"name\":\"De nouvelles fa\\u00e7ons de g\\u00e9rer l&rsquo;\\u00e9nergie grise et l&rsquo;allocation des logements\"},\"previousItem\":{\"@type\":\"ListItem\",\"@id\":\"https:\\\/\\\/www.immo-invest.ch\\\/fr\\\/#listItem\",\"name\":\"Home\"}},{\"@type\":\"ListItem\",\"@id\":\"https:\\\/\\\/www.immo-invest.ch\\\/fr\\\/neue-wege-im-umgang-mit-grauer-energie-und-wohnraumallokation\\\/#listItem\",\"position\":3,\"name\":\"De nouvelles fa\\u00e7ons de g\\u00e9rer l&rsquo;\\u00e9nergie grise et l&rsquo;allocation des logements\",\"previousItem\":{\"@type\":\"ListItem\",\"@id\":\"https:\\\/\\\/www.immo-invest.ch\\\/fr\\\/categories\\\/energie\\\/#listItem\",\"name\":\"\\u00c9nergie\"}}]},{\"@type\":\"Organization\",\"@id\":\"https:\\\/\\\/www.immo-invest.ch\\\/fr\\\/#organization\",\"name\":\"immo!nvest - Die Plattform f\\u00fcr Standorte und Immobilien\",\"description\":\"Die\\u00a0Plattform f\\u00fcr Standorte und Immobilien\",\"url\":\"https:\\\/\\\/www.immo-invest.ch\\\/fr\\\/\",\"email\":\"admin@immomedia.ag\",\"telephone\":\"+41444420002\",\"logo\":{\"@type\":\"ImageObject\",\"url\":\"https:\\\/\\\/www.immo-invest.ch\\\/wp-content\\\/uploads\\\/2024\\\/09\\\/immoinvest_sm-scaled.jpg\",\"@id\":\"https:\\\/\\\/www.immo-invest.ch\\\/fr\\\/neue-wege-im-umgang-mit-grauer-energie-und-wohnraumallokation\\\/#organizationLogo\",\"width\":2560,\"height\":1340},\"image\":{\"@id\":\"https:\\\/\\\/www.immo-invest.ch\\\/fr\\\/neue-wege-im-umgang-mit-grauer-energie-und-wohnraumallokation\\\/#organizationLogo\"},\"sameAs\":[\"https:\\\/\\\/www.facebook.com\\\/people\\\/Immoinvest\\\/100077962920504\\\/\",\"https:\\\/\\\/x.com\\\/i\\\/flow\\\/login?redirect_after_login=immoinvest_ch\",\"https:\\\/\\\/www.instagram.com\\\/immoinvest_ch\\\/\",\"https:\\\/\\\/www.linkedin.com\\\/company\\\/immoinvest-swiss\"]},{\"@type\":\"Person\",\"@id\":\"https:\\\/\\\/www.immo-invest.ch\\\/fr\\\/author\\\/immovestuser\\\/#author\",\"url\":\"https:\\\/\\\/www.immo-invest.ch\\\/fr\\\/author\\\/immovestuser\\\/\",\"name\":\"immovestuser\",\"image\":{\"@type\":\"ImageObject\",\"@id\":\"https:\\\/\\\/www.immo-invest.ch\\\/fr\\\/neue-wege-im-umgang-mit-grauer-energie-und-wohnraumallokation\\\/#authorImage\",\"url\":\"https:\\\/\\\/secure.gravatar.com\\\/avatar\\\/8e01f4d99f2eeea7a362ebb93305e1172a70e9293ba250f897a65c39f54cdd1e?s=96&d=mm&r=g\",\"width\":96,\"height\":96,\"caption\":\"immovestuser\"}},{\"@type\":\"WebPage\",\"@id\":\"https:\\\/\\\/www.immo-invest.ch\\\/fr\\\/neue-wege-im-umgang-mit-grauer-energie-und-wohnraumallokation\\\/#webpage\",\"url\":\"https:\\\/\\\/www.immo-invest.ch\\\/fr\\\/neue-wege-im-umgang-mit-grauer-energie-und-wohnraumallokation\\\/\",\"name\":\"De nouvelles fa\\u00e7ons de g\\u00e9rer l\\u2019\\u00e9nergie grise et l\\u2019allocation des logements - immo!nvest - Die Plattform f\\u00fcr Standorte und Immobilien\",\"description\":\"Fredy Hasenmaile, l'\\u00e9conomiste en chef de Raiffeisen Suisse, met en lumi\\u00e8re dans une analyse actuelle les d\\u00e9fis et les opportunit\\u00e9s du march\\u00e9 immobilier, notamment les th\\u00e8mes des loyers offerts par rapport aux loyers existants, la mauvaise allocation des logements et l'\\u00e9conomie d'\\u00e9nergie grise.\",\"inLanguage\":\"fr-FR\",\"isPartOf\":{\"@id\":\"https:\\\/\\\/www.immo-invest.ch\\\/fr\\\/#website\"},\"breadcrumb\":{\"@id\":\"https:\\\/\\\/www.immo-invest.ch\\\/fr\\\/neue-wege-im-umgang-mit-grauer-energie-und-wohnraumallokation\\\/#breadcrumblist\"},\"author\":{\"@id\":\"https:\\\/\\\/www.immo-invest.ch\\\/fr\\\/author\\\/immovestuser\\\/#author\"},\"creator\":{\"@id\":\"https:\\\/\\\/www.immo-invest.ch\\\/fr\\\/author\\\/immovestuser\\\/#author\"},\"image\":{\"@type\":\"ImageObject\",\"url\":\"https:\\\/\\\/www.immo-invest.ch\\\/wp-content\\\/uploads\\\/2024\\\/03\\\/Hasenmaile.jpg\",\"@id\":\"https:\\\/\\\/www.immo-invest.ch\\\/fr\\\/neue-wege-im-umgang-mit-grauer-energie-und-wohnraumallokation\\\/#mainImage\",\"width\":1910,\"height\":955},\"primaryImageOfPage\":{\"@id\":\"https:\\\/\\\/www.immo-invest.ch\\\/fr\\\/neue-wege-im-umgang-mit-grauer-energie-und-wohnraumallokation\\\/#mainImage\"},\"datePublished\":\"2024-03-05T09:48:04+01:00\",\"dateModified\":\"2024-03-05T13:40:09+01:00\"},{\"@type\":\"WebSite\",\"@id\":\"https:\\\/\\\/www.immo-invest.ch\\\/fr\\\/#website\",\"url\":\"https:\\\/\\\/www.immo-invest.ch\\\/fr\\\/\",\"name\":\"immo!nvest - Die Plattform f\\u00fcr Standorte und Immobilien\",\"description\":\"Die\\u00a0Plattform f\\u00fcr Standorte und Immobilien\",\"inLanguage\":\"fr-FR\",\"publisher\":{\"@id\":\"https:\\\/\\\/www.immo-invest.ch\\\/fr\\\/#organization\"}}]}\n\t\t<\/script>\n\t\t<!-- All in One SEO -->\n\n","aioseo_head_json":{"title":"De nouvelles fa\u00e7ons de g\u00e9rer l\u2019\u00e9nergie grise et l\u2019allocation des logements - immo!nvest - Die Plattform f\u00fcr Standorte und Immobilien","description":"Fredy Hasenmaile, l'\u00e9conomiste en chef de Raiffeisen Suisse, met en lumi\u00e8re dans une analyse actuelle les d\u00e9fis et les opportunit\u00e9s du march\u00e9 immobilier, notamment les th\u00e8mes des loyers offerts par rapport aux loyers existants, la mauvaise allocation des logements et l'\u00e9conomie d'\u00e9nergie grise.","canonical_url":"https:\/\/www.immo-invest.ch\/fr\/neue-wege-im-umgang-mit-grauer-energie-und-wohnraumallokation\/","robots":"max-image-preview:large","keywords":"","webmasterTools":{"google-site-verification":"fHJKvgWpZCR2zVBHWfkQeFXC11qieUSff0HGNYfuyLA","miscellaneous":""},"schema":{"@context":"https:\/\/schema.org","@graph":[{"@type":"BlogPosting","@id":"https:\/\/www.immo-invest.ch\/fr\/neue-wege-im-umgang-mit-grauer-energie-und-wohnraumallokation\/#blogposting","name":"De nouvelles fa\u00e7ons de g\u00e9rer l\u2019\u00e9nergie grise et l\u2019allocation des logements - immo!nvest - Die Plattform f\u00fcr Standorte und Immobilien","headline":"De nouvelles fa\u00e7ons de g\u00e9rer l&rsquo;\u00e9nergie grise et l&rsquo;allocation des logements","author":{"@id":"https:\/\/www.immo-invest.ch\/fr\/author\/immovestuser\/#author"},"publisher":{"@id":"https:\/\/www.immo-invest.ch\/fr\/#organization"},"image":{"@type":"ImageObject","url":"https:\/\/www.immo-invest.ch\/wp-content\/uploads\/2024\/03\/Hasenmaile.jpg","width":1910,"height":955},"datePublished":"2024-03-05T09:48:04+01:00","dateModified":"2024-03-05T13:40:09+01:00","inLanguage":"fr-FR","mainEntityOfPage":{"@id":"https:\/\/www.immo-invest.ch\/fr\/neue-wege-im-umgang-mit-grauer-energie-und-wohnraumallokation\/#webpage"},"isPartOf":{"@id":"https:\/\/www.immo-invest.ch\/fr\/neue-wege-im-umgang-mit-grauer-energie-und-wohnraumallokation\/#webpage"},"articleSection":"\u00c9nergie, Graue Energie, Immobilienbranche, Umzug, Wohnraum, Wohnraumallokation, Wohnungen, Facultatif"},{"@type":"BreadcrumbList","@id":"https:\/\/www.immo-invest.ch\/fr\/neue-wege-im-umgang-mit-grauer-energie-und-wohnraumallokation\/#breadcrumblist","itemListElement":[{"@type":"ListItem","@id":"https:\/\/www.immo-invest.ch\/fr\/#listItem","position":1,"name":"Home","item":"https:\/\/www.immo-invest.ch\/fr\/","nextItem":{"@type":"ListItem","@id":"https:\/\/www.immo-invest.ch\/fr\/categories\/energie\/#listItem","name":"\u00c9nergie"}},{"@type":"ListItem","@id":"https:\/\/www.immo-invest.ch\/fr\/categories\/energie\/#listItem","position":2,"name":"\u00c9nergie","item":"https:\/\/www.immo-invest.ch\/fr\/categories\/energie\/","nextItem":{"@type":"ListItem","@id":"https:\/\/www.immo-invest.ch\/fr\/neue-wege-im-umgang-mit-grauer-energie-und-wohnraumallokation\/#listItem","name":"De nouvelles fa\u00e7ons de g\u00e9rer l&rsquo;\u00e9nergie grise et l&rsquo;allocation des logements"},"previousItem":{"@type":"ListItem","@id":"https:\/\/www.immo-invest.ch\/fr\/#listItem","name":"Home"}},{"@type":"ListItem","@id":"https:\/\/www.immo-invest.ch\/fr\/neue-wege-im-umgang-mit-grauer-energie-und-wohnraumallokation\/#listItem","position":3,"name":"De nouvelles fa\u00e7ons de g\u00e9rer l&rsquo;\u00e9nergie grise et l&rsquo;allocation des logements","previousItem":{"@type":"ListItem","@id":"https:\/\/www.immo-invest.ch\/fr\/categories\/energie\/#listItem","name":"\u00c9nergie"}}]},{"@type":"Organization","@id":"https:\/\/www.immo-invest.ch\/fr\/#organization","name":"immo!nvest - Die Plattform f\u00fcr Standorte und Immobilien","description":"Die\u00a0Plattform f\u00fcr Standorte und Immobilien","url":"https:\/\/www.immo-invest.ch\/fr\/","email":"admin@immomedia.ag","telephone":"+41444420002","logo":{"@type":"ImageObject","url":"https:\/\/www.immo-invest.ch\/wp-content\/uploads\/2024\/09\/immoinvest_sm-scaled.jpg","@id":"https:\/\/www.immo-invest.ch\/fr\/neue-wege-im-umgang-mit-grauer-energie-und-wohnraumallokation\/#organizationLogo","width":2560,"height":1340},"image":{"@id":"https:\/\/www.immo-invest.ch\/fr\/neue-wege-im-umgang-mit-grauer-energie-und-wohnraumallokation\/#organizationLogo"},"sameAs":["https:\/\/www.facebook.com\/people\/Immoinvest\/100077962920504\/","https:\/\/x.com\/i\/flow\/login?redirect_after_login=immoinvest_ch","https:\/\/www.instagram.com\/immoinvest_ch\/","https:\/\/www.linkedin.com\/company\/immoinvest-swiss"]},{"@type":"Person","@id":"https:\/\/www.immo-invest.ch\/fr\/author\/immovestuser\/#author","url":"https:\/\/www.immo-invest.ch\/fr\/author\/immovestuser\/","name":"immovestuser","image":{"@type":"ImageObject","@id":"https:\/\/www.immo-invest.ch\/fr\/neue-wege-im-umgang-mit-grauer-energie-und-wohnraumallokation\/#authorImage","url":"https:\/\/secure.gravatar.com\/avatar\/8e01f4d99f2eeea7a362ebb93305e1172a70e9293ba250f897a65c39f54cdd1e?s=96&d=mm&r=g","width":96,"height":96,"caption":"immovestuser"}},{"@type":"WebPage","@id":"https:\/\/www.immo-invest.ch\/fr\/neue-wege-im-umgang-mit-grauer-energie-und-wohnraumallokation\/#webpage","url":"https:\/\/www.immo-invest.ch\/fr\/neue-wege-im-umgang-mit-grauer-energie-und-wohnraumallokation\/","name":"De nouvelles fa\u00e7ons de g\u00e9rer l\u2019\u00e9nergie grise et l\u2019allocation des logements - immo!nvest - Die Plattform f\u00fcr Standorte und Immobilien","description":"Fredy Hasenmaile, l'\u00e9conomiste en chef de Raiffeisen Suisse, met en lumi\u00e8re dans une analyse actuelle les d\u00e9fis et les opportunit\u00e9s du march\u00e9 immobilier, notamment les th\u00e8mes des loyers offerts par rapport aux loyers existants, la mauvaise allocation des logements et l'\u00e9conomie d'\u00e9nergie grise.","inLanguage":"fr-FR","isPartOf":{"@id":"https:\/\/www.immo-invest.ch\/fr\/#website"},"breadcrumb":{"@id":"https:\/\/www.immo-invest.ch\/fr\/neue-wege-im-umgang-mit-grauer-energie-und-wohnraumallokation\/#breadcrumblist"},"author":{"@id":"https:\/\/www.immo-invest.ch\/fr\/author\/immovestuser\/#author"},"creator":{"@id":"https:\/\/www.immo-invest.ch\/fr\/author\/immovestuser\/#author"},"image":{"@type":"ImageObject","url":"https:\/\/www.immo-invest.ch\/wp-content\/uploads\/2024\/03\/Hasenmaile.jpg","@id":"https:\/\/www.immo-invest.ch\/fr\/neue-wege-im-umgang-mit-grauer-energie-und-wohnraumallokation\/#mainImage","width":1910,"height":955},"primaryImageOfPage":{"@id":"https:\/\/www.immo-invest.ch\/fr\/neue-wege-im-umgang-mit-grauer-energie-und-wohnraumallokation\/#mainImage"},"datePublished":"2024-03-05T09:48:04+01:00","dateModified":"2024-03-05T13:40:09+01:00"},{"@type":"WebSite","@id":"https:\/\/www.immo-invest.ch\/fr\/#website","url":"https:\/\/www.immo-invest.ch\/fr\/","name":"immo!nvest - Die Plattform f\u00fcr Standorte und Immobilien","description":"Die\u00a0Plattform f\u00fcr Standorte und Immobilien","inLanguage":"fr-FR","publisher":{"@id":"https:\/\/www.immo-invest.ch\/fr\/#organization"}}]},"og:locale":"fr_FR","og:site_name":"immo!nvest - Die Plattform f\u00fcr Standorte und Immobilien - Die\u00a0Plattform f\u00fcr Standorte und Immobilien","og:type":"article","og:title":"De nouvelles fa\u00e7ons de g\u00e9rer l\u2019\u00e9nergie grise et l\u2019allocation des logements - immo!nvest - Die Plattform f\u00fcr Standorte und Immobilien","og:description":"Fredy Hasenmaile, l'\u00e9conomiste en chef de Raiffeisen Suisse, met en lumi\u00e8re dans une analyse actuelle les d\u00e9fis et les opportunit\u00e9s du march\u00e9 immobilier, notamment les th\u00e8mes des loyers offerts par rapport aux loyers existants, la mauvaise allocation des logements et l'\u00e9conomie d'\u00e9nergie grise.","og:url":"https:\/\/www.immo-invest.ch\/fr\/neue-wege-im-umgang-mit-grauer-energie-und-wohnraumallokation\/","og:image":"https:\/\/www.immo-invest.ch\/wp-content\/uploads\/2024\/03\/Hasenmaile.jpg","og:image:secure_url":"https:\/\/www.immo-invest.ch\/wp-content\/uploads\/2024\/03\/Hasenmaile.jpg","og:image:width":1910,"og:image:height":955,"article:published_time":"2024-03-05T08:48:04+00:00","article:modified_time":"2024-03-05T12:40:09+00:00","article:publisher":"https:\/\/www.facebook.com\/people\/Immoinvest\/100077962920504\/","twitter:card":"summary_large_image","twitter:site":"@i","twitter:title":"De nouvelles fa\u00e7ons de g\u00e9rer l\u2019\u00e9nergie grise et l\u2019allocation des logements - immo!nvest - Die Plattform f\u00fcr Standorte und Immobilien","twitter:description":"Fredy Hasenmaile, l'\u00e9conomiste en chef de Raiffeisen Suisse, met en lumi\u00e8re dans une analyse actuelle les d\u00e9fis et les opportunit\u00e9s du march\u00e9 immobilier, notamment les th\u00e8mes des loyers offerts par rapport aux loyers existants, la mauvaise allocation des logements et l'\u00e9conomie d'\u00e9nergie grise.","twitter:creator":"@i","twitter:image":"https:\/\/www.immo-invest.ch\/wp-content\/uploads\/2024\/03\/Hasenmaile.jpg"},"aioseo_meta_data":{"post_id":"78967","title":null,"description":null,"keywords":null,"keyphrases":null,"primary_term":null,"canonical_url":null,"og_title":null,"og_description":null,"og_object_type":"default","og_image_type":"default","og_image_url":null,"og_image_width":null,"og_image_height":null,"og_image_custom_url":null,"og_image_custom_fields":null,"og_video":null,"og_custom_url":null,"og_article_section":null,"og_article_tags":null,"twitter_use_og":false,"twitter_card":"default","twitter_image_type":"default","twitter_image_url":null,"twitter_image_custom_url":null,"twitter_image_custom_fields":null,"twitter_title":null,"twitter_description":null,"schema":{"blockGraphs":[],"customGraphs":[],"default":{"data":{"Article":[],"Course":[],"Dataset":[],"FAQPage":[],"Movie":[],"Person":[],"Product":[],"ProductReview":[],"Car":[],"Recipe":[],"Service":[],"SoftwareApplication":[],"WebPage":[]},"graphName":"","isEnabled":true},"graphs":[]},"schema_type":"default","schema_type_options":null,"pillar_content":false,"robots_default":true,"robots_noindex":false,"robots_noarchive":false,"robots_nosnippet":false,"robots_nofollow":false,"robots_noimageindex":false,"robots_noodp":false,"robots_notranslate":false,"robots_max_snippet":null,"robots_max_videopreview":null,"robots_max_imagepreview":"large","priority":null,"frequency":null,"local_seo":null,"breadcrumb_settings":null,"limit_modified_date":false,"ai":null,"created":"2024-09-20 16:30:58","updated":"2025-10-23 22:49:13","seo_analyzer_scan_date":null,"focus_keyword":null,"additional_keywords":null,"truseo_locale":null},"aioseo_breadcrumb":"<div class=\"aioseo-breadcrumbs\"><span class=\"aioseo-breadcrumb\">\n\t\t\t<a href=\"https:\/\/www.immo-invest.ch\/fr\/\" title=\"Home\">Home<\/a>\n\t\t<\/span><span class=\"aioseo-breadcrumb-separator\">&raquo;<\/span><span class=\"aioseo-breadcrumb\">\n\t\t\t<a href=\"https:\/\/www.immo-invest.ch\/fr\/categories\/energie\/\" title=\"\u00c9nergie\">\u00c9nergie<\/a>\n\t\t<\/span><span class=\"aioseo-breadcrumb-separator\">&raquo;<\/span><span class=\"aioseo-breadcrumb\">\n\t\t\tDe nouvelles fa\u00e7ons de g\u00e9rer l\u2019\u00e9nergie grise et l\u2019allocation des logements\n\t\t<\/span><\/div>","aioseo_breadcrumb_json":[{"label":"Home","link":"https:\/\/www.immo-invest.ch\/fr\/"},{"label":"\u00c9nergie","link":"https:\/\/www.immo-invest.ch\/fr\/categories\/energie\/"},{"label":"De nouvelles fa\u00e7ons de g\u00e9rer l&rsquo;\u00e9nergie grise et l&rsquo;allocation des logements","link":"https:\/\/www.immo-invest.ch\/fr\/neue-wege-im-umgang-mit-grauer-energie-und-wohnraumallokation\/"}],"featured_image_src":"https:\/\/www.immo-invest.ch\/wp-content\/uploads\/2024\/03\/Hasenmaile-336x168.jpg","_links":{"self":[{"href":"https:\/\/www.immo-invest.ch\/fr\/wp-json\/wp\/v2\/posts\/78967","targetHints":{"allow":["GET"]}}],"collection":[{"href":"https:\/\/www.immo-invest.ch\/fr\/wp-json\/wp\/v2\/posts"}],"about":[{"href":"https:\/\/www.immo-invest.ch\/fr\/wp-json\/wp\/v2\/types\/post"}],"author":[{"embeddable":true,"href":"https:\/\/www.immo-invest.ch\/fr\/wp-json\/wp\/v2\/users\/2"}],"replies":[{"embeddable":true,"href":"https:\/\/www.immo-invest.ch\/fr\/wp-json\/wp\/v2\/comments?post=78967"}],"version-history":[{"count":0,"href":"https:\/\/www.immo-invest.ch\/fr\/wp-json\/wp\/v2\/posts\/78967\/revisions"}],"wp:featuredmedia":[{"embeddable":true,"href":"https:\/\/www.immo-invest.ch\/fr\/wp-json\/wp\/v2\/media\/78955"}],"wp:attachment":[{"href":"https:\/\/www.immo-invest.ch\/fr\/wp-json\/wp\/v2\/media?parent=78967"}],"wp:term":[{"taxonomy":"category","embeddable":true,"href":"https:\/\/www.immo-invest.ch\/fr\/wp-json\/wp\/v2\/categories?post=78967"},{"taxonomy":"post_tag","embeddable":true,"href":"https:\/\/www.immo-invest.ch\/fr\/wp-json\/wp\/v2\/tags?post=78967"}],"curies":[{"name":"wp","href":"https:\/\/api.w.org\/{rel}","templated":true}]}}