{"id":78777,"date":"2024-03-01T15:55:33","date_gmt":"2024-03-01T14:55:33","guid":{"rendered":"https:\/\/www.immo-invest.ch\/accelleron-holt-in-baden-strom-vom-dach\/"},"modified":"2024-03-01T16:04:56","modified_gmt":"2024-03-01T15:04:56","slug":"accelleron-holt-in-baden-strom-vom-dach","status":"publish","type":"post","link":"https:\/\/www.immo-invest.ch\/fr\/accelleron-holt-in-baden-strom-vom-dach\/","title":{"rendered":"Accelleron r\u00e9cup\u00e8re l&rsquo;\u00e9lectricit\u00e9 sur les toits \u00e0 Baden"},"content":{"rendered":"<p class=\"bodytext\">Selon un <a href=\"https:\/\/www.linkedin.com\/company\/accelleron-industries\/posts\/?feedView=all\" target=\"_blank\" rel=\"noopener\">communiqu&eacute; de presse<\/a>, <a href=\"https:\/\/accelleron-industries.com\/\" target=\"_blank\" rel=\"noopener\">Accelleron Industries AG<\/a> a inaugur&eacute; &agrave; son si&egrave;ge de Baden la plus grande installation photovolta&iuml;que de la ville, en pr&eacute;sence du maire Markus Schneider. L&rsquo;installation a &eacute;t&eacute; mise en service en d&eacute;cembre. Elle se r&eacute;partit sur quatre toits de b&acirc;timents d&rsquo;exploitation avec 2533 modules et une capacit&eacute; de 1 m&eacute;gawatt de puissance de pointe et devrait produire environ 1 gigawattheure par an. Selon l&rsquo;entreprise, cela correspond aux besoins &eacute;nerg&eacute;tiques annuels de 400 foyers ou &agrave; 150 trajets autour du monde en voiture &eacute;lectrique. Accelleron couvre d&eacute;sormais 10 pour cent de ses besoins annuels en &eacute;lectricit&eacute; &agrave; Baden avec de l&rsquo;&eacute;nergie verte, poursuit le communiqu&eacute;.<\/p>\n<p class=\"bodytext\">&laquo;&nbsp;En tant qu&rsquo;entreprise leader dans l&rsquo;industrie des turbocompresseurs, Accelleron s&rsquo;engage pour la d&eacute;carbonisation et apporte une contribution positive au d&eacute;veloppement durable&nbsp;&raquo;, d&eacute;clare Herbert M&uuml;ller, pr&eacute;sident de la division High Speed d&rsquo;Accelleron et co-directeur de la filiale Turbo Systems Switzerland. Avec ce projet, Accelleron Suisse joue un r&ocirc;le de pionnier dans l&rsquo;utilisation des &eacute;nergies renouvelables, poursuit M&uuml;ller. Markus Schneider &eacute;tait l&rsquo;invit&eacute; d&rsquo;honneur de la c&eacute;r&eacute;monie d&rsquo;inauguration. &laquo;&nbsp;Je remercie Accelleron, une importante entreprise de Baden, pour cet engagement en faveur des &eacute;nergies renouvelables. C&rsquo;est exactement le genre de projets dont nous avons besoin sur les toits des entreprises de Baden&nbsp;&raquo;, a d&eacute;clar&eacute; Schneider, cit&eacute; dans le communiqu&eacute;.<\/p>\n<p class=\"bodytext\">Selon le communiqu&eacute; de l&rsquo;entreprise, moins de huit mois se sont &eacute;coul&eacute;s entre la validation du projet en interne et la mise en service de l&rsquo;installation en d&eacute;cembre 2023. Bien que le projet se trouve encore dans une phase d&rsquo;exploitation pr&eacute;coce, d&rsquo;importants enseignements ont d&eacute;j&agrave; &eacute;t&eacute; tir&eacute;s, notamment en ce qui concerne les effets de l&rsquo;enneigement sur la production d&rsquo;&eacute;lectricit&eacute; par des installations solaires, pr&eacute;cise Accelleron.<\/p>\n","protected":false},"excerpt":{"rendered":"<p>Turboladerspezialist Accelleron hat seine neue Photovoltaikanlage auf den D\u00e4chern der Firmengeb\u00e4ude eingeweiht. Sie ist die gr\u00f6sste in Baden und verteilt sich mit 2533 Modulen und einer Kapazit\u00e4t von 1 Megawatt auf vier D\u00e4cher.<\/p>\n","protected":false},"author":2,"featured_media":78756,"comment_status":"open","ping_status":"open","sticky":false,"template":"","format":"standard","meta":{"pmpro_default_level":"","inline_featured_image":false,"_monsterinsights_skip_tracking":false,"footnotes":""},"categories":[22699,8747,743],"tags":[40239,2155,872,3931,12376,2002,2093],"class_list":["post-78777","post","type-post","status-publish","format-standard","has-post-thumbnail","hentry","category-durabilite","category-energie","category-immonews-fr","tag-erneuerbare-energien-fr","tag-erneuerbareenergien-fr","tag-immoinvest-fr","tag-immonews-fr","tag-innovative-technologie-fr","tag-news-fr","tag-umweltschutz-fr","pmpro-has-access"],"acf":{"bild_mit_ki_erstellt_worden":[],"lead":"Turboladerspezialist Accelleron hat seine neue Photovoltaikanlage auf den D\u00e4chern der Firmengeb\u00e4ude eingeweiht. Sie ist die gr\u00f6sste in Baden und verteilt sich mit 2533 Modulen und einer Kapazit\u00e4t von 1 Megawatt auf vier D\u00e4cher.","autor":"ce\/gba","ort":"Baden AG","bildunterschrift":"","bild_im_grid":false,"gallerie":"","newsim":""},"aioseo_notices":[],"aioseo_head":"\n\t\t<!-- All in One SEO 5.0.1.1 - aioseo.com -->\n\t<meta name=\"description\" content=\"Turboladerspezialist Accelleron hat seine neue Photovoltaikanlage auf den D\u00e4chern der Firmengeb\u00e4ude eingeweiht. Sie ist die gr\u00f6sste in Baden und verteilt sich mit 2533 Modulen und einer Kapazit\u00e4t von 1 Megawatt auf vier D\u00e4cher.\" \/>\n\t<meta name=\"robots\" content=\"max-image-preview:large\" \/>\n\t<meta name=\"author\" content=\"immovestuser\"\/>\n\t<meta name=\"google-site-verification\" content=\"fHJKvgWpZCR2zVBHWfkQeFXC11qieUSff0HGNYfuyLA\" \/>\n\t<link rel=\"canonical\" href=\"https:\/\/www.immo-invest.ch\/fr\/accelleron-holt-in-baden-strom-vom-dach\/\" \/>\n\t<meta name=\"generator\" content=\"All in One SEO (AIOSEO) 5.0.1.1\" \/>\n\t\t<meta property=\"og:locale\" content=\"fr_FR\" \/>\n\t\t<meta property=\"og:site_name\" content=\"immo!nvest - Die Plattform f\u00fcr Standorte und Immobilien - Die\u00a0Plattform f\u00fcr Standorte und Immobilien\" \/>\n\t\t<meta property=\"og:type\" content=\"article\" \/>\n\t\t<meta property=\"og:title\" content=\"Accelleron r\u00e9cup\u00e8re l\u2019\u00e9lectricit\u00e9 sur les toits \u00e0 Baden - immo!nvest - Die Plattform f\u00fcr Standorte und Immobilien\" \/>\n\t\t<meta property=\"og:description\" content=\"Turboladerspezialist Accelleron hat seine neue Photovoltaikanlage auf den D\u00e4chern der Firmengeb\u00e4ude eingeweiht. Sie ist die gr\u00f6sste in Baden und verteilt sich mit 2533 Modulen und einer Kapazit\u00e4t von 1 Megawatt auf vier D\u00e4cher.\" \/>\n\t\t<meta property=\"og:url\" content=\"https:\/\/www.immo-invest.ch\/fr\/accelleron-holt-in-baden-strom-vom-dach\/\" \/>\n\t\t<meta property=\"og:image\" content=\"https:\/\/www.immo-invest.ch\/wp-content\/uploads\/2024\/03\/Unbenannt-2.png\" \/>\n\t\t<meta property=\"og:image:secure_url\" content=\"https:\/\/www.immo-invest.ch\/wp-content\/uploads\/2024\/03\/Unbenannt-2.png\" \/>\n\t\t<meta property=\"og:image:width\" content=\"1024\" \/>\n\t\t<meta property=\"og:image:height\" content=\"1024\" \/>\n\t\t<meta property=\"article:published_time\" content=\"2024-03-01T14:55:33+00:00\" \/>\n\t\t<meta property=\"article:modified_time\" content=\"2024-03-01T15:04:56+00:00\" \/>\n\t\t<meta property=\"article:publisher\" content=\"https:\/\/www.facebook.com\/people\/Immoinvest\/100077962920504\/\" \/>\n\t\t<meta name=\"twitter:card\" content=\"summary_large_image\" \/>\n\t\t<meta name=\"twitter:site\" content=\"@i\" \/>\n\t\t<meta name=\"twitter:title\" content=\"Accelleron r\u00e9cup\u00e8re l\u2019\u00e9lectricit\u00e9 sur les toits \u00e0 Baden - immo!nvest - Die Plattform f\u00fcr Standorte und Immobilien\" \/>\n\t\t<meta name=\"twitter:description\" content=\"Turboladerspezialist Accelleron hat seine neue Photovoltaikanlage auf den D\u00e4chern der Firmengeb\u00e4ude eingeweiht. Sie ist die gr\u00f6sste in Baden und verteilt sich mit 2533 Modulen und einer Kapazit\u00e4t von 1 Megawatt auf vier D\u00e4cher.\" \/>\n\t\t<meta name=\"twitter:creator\" content=\"@i\" \/>\n\t\t<meta name=\"twitter:image\" content=\"https:\/\/www.immo-invest.ch\/wp-content\/uploads\/2024\/03\/Unbenannt-2.png\" \/>\n\t\t<script type=\"application\/ld+json\" class=\"aioseo-schema\">\n\t\t\t{\"@context\":\"https:\\\/\\\/schema.org\",\"@graph\":[{\"@type\":\"BlogPosting\",\"@id\":\"https:\\\/\\\/www.immo-invest.ch\\\/fr\\\/accelleron-holt-in-baden-strom-vom-dach\\\/#blogposting\",\"name\":\"Accelleron r\\u00e9cup\\u00e8re l\\u2019\\u00e9lectricit\\u00e9 sur les toits \\u00e0 Baden - immo!nvest - Die Plattform f\\u00fcr Standorte und Immobilien\",\"headline\":\"Accelleron r\\u00e9cup\\u00e8re l&rsquo;\\u00e9lectricit\\u00e9 sur les toits \\u00e0 Baden\",\"author\":{\"@id\":\"https:\\\/\\\/www.immo-invest.ch\\\/fr\\\/author\\\/immovestuser\\\/#author\"},\"publisher\":{\"@id\":\"https:\\\/\\\/www.immo-invest.ch\\\/fr\\\/#organization\"},\"image\":{\"@type\":\"ImageObject\",\"url\":\"https:\\\/\\\/www.immo-invest.ch\\\/wp-content\\\/uploads\\\/2024\\\/03\\\/Unbenannt-2.png\",\"width\":1024,\"height\":1024},\"datePublished\":\"2024-03-01T15:55:33+01:00\",\"dateModified\":\"2024-03-01T16:04:56+01:00\",\"inLanguage\":\"fr-FR\",\"mainEntityOfPage\":{\"@id\":\"https:\\\/\\\/www.immo-invest.ch\\\/fr\\\/accelleron-holt-in-baden-strom-vom-dach\\\/#webpage\"},\"isPartOf\":{\"@id\":\"https:\\\/\\\/www.immo-invest.ch\\\/fr\\\/accelleron-holt-in-baden-strom-vom-dach\\\/#webpage\"},\"articleSection\":\"Durabilit\\u00e9, \\u00c9nergie, immoNews, Erneuerbare Energien, ErneuerbareEnergien, Immoinvest, immoNews, innovative Technologie, News, Umweltschutz, Facultatif\"},{\"@type\":\"BreadcrumbList\",\"@id\":\"https:\\\/\\\/www.immo-invest.ch\\\/fr\\\/accelleron-holt-in-baden-strom-vom-dach\\\/#breadcrumblist\",\"itemListElement\":[{\"@type\":\"ListItem\",\"@id\":\"https:\\\/\\\/www.immo-invest.ch\\\/fr\\\/#listItem\",\"position\":1,\"name\":\"Home\",\"item\":\"https:\\\/\\\/www.immo-invest.ch\\\/fr\\\/\",\"nextItem\":{\"@type\":\"ListItem\",\"@id\":\"https:\\\/\\\/www.immo-invest.ch\\\/fr\\\/categories\\\/trends-fr\\\/#listItem\",\"name\":\"Trends\"}},{\"@type\":\"ListItem\",\"@id\":\"https:\\\/\\\/www.immo-invest.ch\\\/fr\\\/categories\\\/trends-fr\\\/#listItem\",\"position\":2,\"name\":\"Trends\",\"item\":\"https:\\\/\\\/www.immo-invest.ch\\\/fr\\\/categories\\\/trends-fr\\\/\",\"nextItem\":{\"@type\":\"ListItem\",\"@id\":\"https:\\\/\\\/www.immo-invest.ch\\\/fr\\\/categories\\\/trends-fr\\\/durabilite\\\/#listItem\",\"name\":\"Durabilit\\u00e9\"},\"previousItem\":{\"@type\":\"ListItem\",\"@id\":\"https:\\\/\\\/www.immo-invest.ch\\\/fr\\\/#listItem\",\"name\":\"Home\"}},{\"@type\":\"ListItem\",\"@id\":\"https:\\\/\\\/www.immo-invest.ch\\\/fr\\\/categories\\\/trends-fr\\\/durabilite\\\/#listItem\",\"position\":3,\"name\":\"Durabilit\\u00e9\",\"item\":\"https:\\\/\\\/www.immo-invest.ch\\\/fr\\\/categories\\\/trends-fr\\\/durabilite\\\/\",\"nextItem\":{\"@type\":\"ListItem\",\"@id\":\"https:\\\/\\\/www.immo-invest.ch\\\/fr\\\/accelleron-holt-in-baden-strom-vom-dach\\\/#listItem\",\"name\":\"Accelleron r\\u00e9cup\\u00e8re l&rsquo;\\u00e9lectricit\\u00e9 sur les toits \\u00e0 Baden\"},\"previousItem\":{\"@type\":\"ListItem\",\"@id\":\"https:\\\/\\\/www.immo-invest.ch\\\/fr\\\/categories\\\/trends-fr\\\/#listItem\",\"name\":\"Trends\"}},{\"@type\":\"ListItem\",\"@id\":\"https:\\\/\\\/www.immo-invest.ch\\\/fr\\\/accelleron-holt-in-baden-strom-vom-dach\\\/#listItem\",\"position\":4,\"name\":\"Accelleron r\\u00e9cup\\u00e8re l&rsquo;\\u00e9lectricit\\u00e9 sur les toits \\u00e0 Baden\",\"previousItem\":{\"@type\":\"ListItem\",\"@id\":\"https:\\\/\\\/www.immo-invest.ch\\\/fr\\\/categories\\\/trends-fr\\\/durabilite\\\/#listItem\",\"name\":\"Durabilit\\u00e9\"}}]},{\"@type\":\"Organization\",\"@id\":\"https:\\\/\\\/www.immo-invest.ch\\\/fr\\\/#organization\",\"name\":\"immo!nvest - Die Plattform f\\u00fcr Standorte und Immobilien\",\"description\":\"Die\\u00a0Plattform f\\u00fcr Standorte und Immobilien\",\"url\":\"https:\\\/\\\/www.immo-invest.ch\\\/fr\\\/\",\"email\":\"admin@immomedia.ag\",\"telephone\":\"+41444420002\",\"logo\":{\"@type\":\"ImageObject\",\"url\":\"https:\\\/\\\/www.immo-invest.ch\\\/wp-content\\\/uploads\\\/2024\\\/09\\\/immoinvest_sm-scaled.jpg\",\"@id\":\"https:\\\/\\\/www.immo-invest.ch\\\/fr\\\/accelleron-holt-in-baden-strom-vom-dach\\\/#organizationLogo\",\"width\":2560,\"height\":1340},\"image\":{\"@id\":\"https:\\\/\\\/www.immo-invest.ch\\\/fr\\\/accelleron-holt-in-baden-strom-vom-dach\\\/#organizationLogo\"},\"sameAs\":[\"https:\\\/\\\/www.facebook.com\\\/people\\\/Immoinvest\\\/100077962920504\\\/\",\"https:\\\/\\\/x.com\\\/i\\\/flow\\\/login?redirect_after_login=immoinvest_ch\",\"https:\\\/\\\/www.instagram.com\\\/immoinvest_ch\\\/\",\"https:\\\/\\\/www.linkedin.com\\\/company\\\/immoinvest-swiss\"]},{\"@type\":\"Person\",\"@id\":\"https:\\\/\\\/www.immo-invest.ch\\\/fr\\\/author\\\/immovestuser\\\/#author\",\"url\":\"https:\\\/\\\/www.immo-invest.ch\\\/fr\\\/author\\\/immovestuser\\\/\",\"name\":\"immovestuser\",\"image\":{\"@type\":\"ImageObject\",\"@id\":\"https:\\\/\\\/www.immo-invest.ch\\\/fr\\\/accelleron-holt-in-baden-strom-vom-dach\\\/#authorImage\",\"url\":\"https:\\\/\\\/secure.gravatar.com\\\/avatar\\\/8e01f4d99f2eeea7a362ebb93305e1172a70e9293ba250f897a65c39f54cdd1e?s=96&d=mm&r=g\",\"width\":96,\"height\":96,\"caption\":\"immovestuser\"}},{\"@type\":\"WebPage\",\"@id\":\"https:\\\/\\\/www.immo-invest.ch\\\/fr\\\/accelleron-holt-in-baden-strom-vom-dach\\\/#webpage\",\"url\":\"https:\\\/\\\/www.immo-invest.ch\\\/fr\\\/accelleron-holt-in-baden-strom-vom-dach\\\/\",\"name\":\"Accelleron r\\u00e9cup\\u00e8re l\\u2019\\u00e9lectricit\\u00e9 sur les toits \\u00e0 Baden - immo!nvest - Die Plattform f\\u00fcr Standorte und Immobilien\",\"description\":\"Turboladerspezialist Accelleron hat seine neue Photovoltaikanlage auf den D\\u00e4chern der Firmengeb\\u00e4ude eingeweiht. Sie ist die gr\\u00f6sste in Baden und verteilt sich mit 2533 Modulen und einer Kapazit\\u00e4t von 1 Megawatt auf vier D\\u00e4cher.\",\"inLanguage\":\"fr-FR\",\"isPartOf\":{\"@id\":\"https:\\\/\\\/www.immo-invest.ch\\\/fr\\\/#website\"},\"breadcrumb\":{\"@id\":\"https:\\\/\\\/www.immo-invest.ch\\\/fr\\\/accelleron-holt-in-baden-strom-vom-dach\\\/#breadcrumblist\"},\"author\":{\"@id\":\"https:\\\/\\\/www.immo-invest.ch\\\/fr\\\/author\\\/immovestuser\\\/#author\"},\"creator\":{\"@id\":\"https:\\\/\\\/www.immo-invest.ch\\\/fr\\\/author\\\/immovestuser\\\/#author\"},\"image\":{\"@type\":\"ImageObject\",\"url\":\"https:\\\/\\\/www.immo-invest.ch\\\/wp-content\\\/uploads\\\/2024\\\/03\\\/Unbenannt-2.png\",\"@id\":\"https:\\\/\\\/www.immo-invest.ch\\\/fr\\\/accelleron-holt-in-baden-strom-vom-dach\\\/#mainImage\",\"width\":1024,\"height\":1024},\"primaryImageOfPage\":{\"@id\":\"https:\\\/\\\/www.immo-invest.ch\\\/fr\\\/accelleron-holt-in-baden-strom-vom-dach\\\/#mainImage\"},\"datePublished\":\"2024-03-01T15:55:33+01:00\",\"dateModified\":\"2024-03-01T16:04:56+01:00\"},{\"@type\":\"WebSite\",\"@id\":\"https:\\\/\\\/www.immo-invest.ch\\\/fr\\\/#website\",\"url\":\"https:\\\/\\\/www.immo-invest.ch\\\/fr\\\/\",\"name\":\"immo!nvest - Die Plattform f\\u00fcr Standorte und Immobilien\",\"description\":\"Die\\u00a0Plattform f\\u00fcr Standorte und Immobilien\",\"inLanguage\":\"fr-FR\",\"publisher\":{\"@id\":\"https:\\\/\\\/www.immo-invest.ch\\\/fr\\\/#organization\"}}]}\n\t\t<\/script>\n\t\t<!-- All in One SEO -->\n\n","aioseo_head_json":{"title":"Accelleron r\u00e9cup\u00e8re l\u2019\u00e9lectricit\u00e9 sur les toits \u00e0 Baden - immo!nvest - Die Plattform f\u00fcr Standorte und Immobilien","description":"Turboladerspezialist Accelleron hat seine neue Photovoltaikanlage auf den D\u00e4chern der Firmengeb\u00e4ude eingeweiht. Sie ist die gr\u00f6sste in Baden und verteilt sich mit 2533 Modulen und einer Kapazit\u00e4t von 1 Megawatt auf vier D\u00e4cher.","canonical_url":"https:\/\/www.immo-invest.ch\/fr\/accelleron-holt-in-baden-strom-vom-dach\/","robots":"max-image-preview:large","keywords":"","webmasterTools":{"google-site-verification":"fHJKvgWpZCR2zVBHWfkQeFXC11qieUSff0HGNYfuyLA","miscellaneous":""},"schema":{"@context":"https:\/\/schema.org","@graph":[{"@type":"BlogPosting","@id":"https:\/\/www.immo-invest.ch\/fr\/accelleron-holt-in-baden-strom-vom-dach\/#blogposting","name":"Accelleron r\u00e9cup\u00e8re l\u2019\u00e9lectricit\u00e9 sur les toits \u00e0 Baden - immo!nvest - Die Plattform f\u00fcr Standorte und Immobilien","headline":"Accelleron r\u00e9cup\u00e8re l&rsquo;\u00e9lectricit\u00e9 sur les toits \u00e0 Baden","author":{"@id":"https:\/\/www.immo-invest.ch\/fr\/author\/immovestuser\/#author"},"publisher":{"@id":"https:\/\/www.immo-invest.ch\/fr\/#organization"},"image":{"@type":"ImageObject","url":"https:\/\/www.immo-invest.ch\/wp-content\/uploads\/2024\/03\/Unbenannt-2.png","width":1024,"height":1024},"datePublished":"2024-03-01T15:55:33+01:00","dateModified":"2024-03-01T16:04:56+01:00","inLanguage":"fr-FR","mainEntityOfPage":{"@id":"https:\/\/www.immo-invest.ch\/fr\/accelleron-holt-in-baden-strom-vom-dach\/#webpage"},"isPartOf":{"@id":"https:\/\/www.immo-invest.ch\/fr\/accelleron-holt-in-baden-strom-vom-dach\/#webpage"},"articleSection":"Durabilit\u00e9, \u00c9nergie, immoNews, Erneuerbare Energien, ErneuerbareEnergien, Immoinvest, immoNews, innovative Technologie, News, Umweltschutz, Facultatif"},{"@type":"BreadcrumbList","@id":"https:\/\/www.immo-invest.ch\/fr\/accelleron-holt-in-baden-strom-vom-dach\/#breadcrumblist","itemListElement":[{"@type":"ListItem","@id":"https:\/\/www.immo-invest.ch\/fr\/#listItem","position":1,"name":"Home","item":"https:\/\/www.immo-invest.ch\/fr\/","nextItem":{"@type":"ListItem","@id":"https:\/\/www.immo-invest.ch\/fr\/categories\/trends-fr\/#listItem","name":"Trends"}},{"@type":"ListItem","@id":"https:\/\/www.immo-invest.ch\/fr\/categories\/trends-fr\/#listItem","position":2,"name":"Trends","item":"https:\/\/www.immo-invest.ch\/fr\/categories\/trends-fr\/","nextItem":{"@type":"ListItem","@id":"https:\/\/www.immo-invest.ch\/fr\/categories\/trends-fr\/durabilite\/#listItem","name":"Durabilit\u00e9"},"previousItem":{"@type":"ListItem","@id":"https:\/\/www.immo-invest.ch\/fr\/#listItem","name":"Home"}},{"@type":"ListItem","@id":"https:\/\/www.immo-invest.ch\/fr\/categories\/trends-fr\/durabilite\/#listItem","position":3,"name":"Durabilit\u00e9","item":"https:\/\/www.immo-invest.ch\/fr\/categories\/trends-fr\/durabilite\/","nextItem":{"@type":"ListItem","@id":"https:\/\/www.immo-invest.ch\/fr\/accelleron-holt-in-baden-strom-vom-dach\/#listItem","name":"Accelleron r\u00e9cup\u00e8re l&rsquo;\u00e9lectricit\u00e9 sur les toits \u00e0 Baden"},"previousItem":{"@type":"ListItem","@id":"https:\/\/www.immo-invest.ch\/fr\/categories\/trends-fr\/#listItem","name":"Trends"}},{"@type":"ListItem","@id":"https:\/\/www.immo-invest.ch\/fr\/accelleron-holt-in-baden-strom-vom-dach\/#listItem","position":4,"name":"Accelleron r\u00e9cup\u00e8re l&rsquo;\u00e9lectricit\u00e9 sur les toits \u00e0 Baden","previousItem":{"@type":"ListItem","@id":"https:\/\/www.immo-invest.ch\/fr\/categories\/trends-fr\/durabilite\/#listItem","name":"Durabilit\u00e9"}}]},{"@type":"Organization","@id":"https:\/\/www.immo-invest.ch\/fr\/#organization","name":"immo!nvest - Die Plattform f\u00fcr Standorte und Immobilien","description":"Die\u00a0Plattform f\u00fcr Standorte und Immobilien","url":"https:\/\/www.immo-invest.ch\/fr\/","email":"admin@immomedia.ag","telephone":"+41444420002","logo":{"@type":"ImageObject","url":"https:\/\/www.immo-invest.ch\/wp-content\/uploads\/2024\/09\/immoinvest_sm-scaled.jpg","@id":"https:\/\/www.immo-invest.ch\/fr\/accelleron-holt-in-baden-strom-vom-dach\/#organizationLogo","width":2560,"height":1340},"image":{"@id":"https:\/\/www.immo-invest.ch\/fr\/accelleron-holt-in-baden-strom-vom-dach\/#organizationLogo"},"sameAs":["https:\/\/www.facebook.com\/people\/Immoinvest\/100077962920504\/","https:\/\/x.com\/i\/flow\/login?redirect_after_login=immoinvest_ch","https:\/\/www.instagram.com\/immoinvest_ch\/","https:\/\/www.linkedin.com\/company\/immoinvest-swiss"]},{"@type":"Person","@id":"https:\/\/www.immo-invest.ch\/fr\/author\/immovestuser\/#author","url":"https:\/\/www.immo-invest.ch\/fr\/author\/immovestuser\/","name":"immovestuser","image":{"@type":"ImageObject","@id":"https:\/\/www.immo-invest.ch\/fr\/accelleron-holt-in-baden-strom-vom-dach\/#authorImage","url":"https:\/\/secure.gravatar.com\/avatar\/8e01f4d99f2eeea7a362ebb93305e1172a70e9293ba250f897a65c39f54cdd1e?s=96&d=mm&r=g","width":96,"height":96,"caption":"immovestuser"}},{"@type":"WebPage","@id":"https:\/\/www.immo-invest.ch\/fr\/accelleron-holt-in-baden-strom-vom-dach\/#webpage","url":"https:\/\/www.immo-invest.ch\/fr\/accelleron-holt-in-baden-strom-vom-dach\/","name":"Accelleron r\u00e9cup\u00e8re l\u2019\u00e9lectricit\u00e9 sur les toits \u00e0 Baden - immo!nvest - Die Plattform f\u00fcr Standorte und Immobilien","description":"Turboladerspezialist Accelleron hat seine neue Photovoltaikanlage auf den D\u00e4chern der Firmengeb\u00e4ude eingeweiht. Sie ist die gr\u00f6sste in Baden und verteilt sich mit 2533 Modulen und einer Kapazit\u00e4t von 1 Megawatt auf vier D\u00e4cher.","inLanguage":"fr-FR","isPartOf":{"@id":"https:\/\/www.immo-invest.ch\/fr\/#website"},"breadcrumb":{"@id":"https:\/\/www.immo-invest.ch\/fr\/accelleron-holt-in-baden-strom-vom-dach\/#breadcrumblist"},"author":{"@id":"https:\/\/www.immo-invest.ch\/fr\/author\/immovestuser\/#author"},"creator":{"@id":"https:\/\/www.immo-invest.ch\/fr\/author\/immovestuser\/#author"},"image":{"@type":"ImageObject","url":"https:\/\/www.immo-invest.ch\/wp-content\/uploads\/2024\/03\/Unbenannt-2.png","@id":"https:\/\/www.immo-invest.ch\/fr\/accelleron-holt-in-baden-strom-vom-dach\/#mainImage","width":1024,"height":1024},"primaryImageOfPage":{"@id":"https:\/\/www.immo-invest.ch\/fr\/accelleron-holt-in-baden-strom-vom-dach\/#mainImage"},"datePublished":"2024-03-01T15:55:33+01:00","dateModified":"2024-03-01T16:04:56+01:00"},{"@type":"WebSite","@id":"https:\/\/www.immo-invest.ch\/fr\/#website","url":"https:\/\/www.immo-invest.ch\/fr\/","name":"immo!nvest - Die Plattform f\u00fcr Standorte und Immobilien","description":"Die\u00a0Plattform f\u00fcr Standorte und Immobilien","inLanguage":"fr-FR","publisher":{"@id":"https:\/\/www.immo-invest.ch\/fr\/#organization"}}]},"og:locale":"fr_FR","og:site_name":"immo!nvest - Die Plattform f\u00fcr Standorte und Immobilien - Die\u00a0Plattform f\u00fcr Standorte und Immobilien","og:type":"article","og:title":"Accelleron r\u00e9cup\u00e8re l\u2019\u00e9lectricit\u00e9 sur les toits \u00e0 Baden - immo!nvest - Die Plattform f\u00fcr Standorte und Immobilien","og:description":"Turboladerspezialist Accelleron hat seine neue Photovoltaikanlage auf den D\u00e4chern der Firmengeb\u00e4ude eingeweiht. Sie ist die gr\u00f6sste in Baden und verteilt sich mit 2533 Modulen und einer Kapazit\u00e4t von 1 Megawatt auf vier D\u00e4cher.","og:url":"https:\/\/www.immo-invest.ch\/fr\/accelleron-holt-in-baden-strom-vom-dach\/","og:image":"https:\/\/www.immo-invest.ch\/wp-content\/uploads\/2024\/03\/Unbenannt-2.png","og:image:secure_url":"https:\/\/www.immo-invest.ch\/wp-content\/uploads\/2024\/03\/Unbenannt-2.png","og:image:width":1024,"og:image:height":1024,"article:published_time":"2024-03-01T14:55:33+00:00","article:modified_time":"2024-03-01T15:04:56+00:00","article:publisher":"https:\/\/www.facebook.com\/people\/Immoinvest\/100077962920504\/","twitter:card":"summary_large_image","twitter:site":"@i","twitter:title":"Accelleron r\u00e9cup\u00e8re l\u2019\u00e9lectricit\u00e9 sur les toits \u00e0 Baden - immo!nvest - Die Plattform f\u00fcr Standorte und Immobilien","twitter:description":"Turboladerspezialist Accelleron hat seine neue Photovoltaikanlage auf den D\u00e4chern der Firmengeb\u00e4ude eingeweiht. Sie ist die gr\u00f6sste in Baden und verteilt sich mit 2533 Modulen und einer Kapazit\u00e4t von 1 Megawatt auf vier D\u00e4cher.","twitter:creator":"@i","twitter:image":"https:\/\/www.immo-invest.ch\/wp-content\/uploads\/2024\/03\/Unbenannt-2.png"},"aioseo_meta_data":{"post_id":"78777","title":null,"description":null,"keywords":null,"keyphrases":null,"primary_term":null,"canonical_url":null,"og_title":null,"og_description":null,"og_object_type":"default","og_image_type":"default","og_image_url":null,"og_image_width":null,"og_image_height":null,"og_image_custom_url":null,"og_image_custom_fields":null,"og_video":null,"og_custom_url":null,"og_article_section":null,"og_article_tags":null,"twitter_use_og":false,"twitter_card":"default","twitter_image_type":"default","twitter_image_url":null,"twitter_image_custom_url":null,"twitter_image_custom_fields":null,"twitter_title":null,"twitter_description":null,"schema":{"blockGraphs":[],"customGraphs":[],"default":{"data":{"Article":[],"Course":[],"Dataset":[],"FAQPage":[],"Movie":[],"Person":[],"Product":[],"ProductReview":[],"Car":[],"Recipe":[],"Service":[],"SoftwareApplication":[],"WebPage":[]},"graphName":"","isEnabled":true},"graphs":[]},"schema_type":"default","schema_type_options":null,"pillar_content":false,"robots_default":true,"robots_noindex":false,"robots_noarchive":false,"robots_nosnippet":false,"robots_nofollow":false,"robots_noimageindex":false,"robots_noodp":false,"robots_notranslate":false,"robots_max_snippet":null,"robots_max_videopreview":null,"robots_max_imagepreview":"large","priority":null,"frequency":null,"local_seo":null,"breadcrumb_settings":null,"limit_modified_date":false,"ai":null,"created":"2024-09-20 16:27:05","updated":"2025-10-23 22:45:11","seo_analyzer_scan_date":null,"focus_keyword":null,"additional_keywords":null,"truseo_locale":null},"aioseo_breadcrumb":"<div class=\"aioseo-breadcrumbs\"><span class=\"aioseo-breadcrumb\">\n\t\t\t<a href=\"https:\/\/www.immo-invest.ch\/fr\/\" title=\"Home\">Home<\/a>\n\t\t<\/span><span class=\"aioseo-breadcrumb-separator\">&raquo;<\/span><span class=\"aioseo-breadcrumb\">\n\t\t\t<a href=\"https:\/\/www.immo-invest.ch\/fr\/categories\/trends-fr\/\" title=\"Trends\">Trends<\/a>\n\t\t<\/span><span class=\"aioseo-breadcrumb-separator\">&raquo;<\/span><span class=\"aioseo-breadcrumb\">\n\t\t\t<a href=\"https:\/\/www.immo-invest.ch\/fr\/categories\/trends-fr\/durabilite\/\" title=\"Durabilit\u00e9\">Durabilit\u00e9<\/a>\n\t\t<\/span><span class=\"aioseo-breadcrumb-separator\">&raquo;<\/span><span class=\"aioseo-breadcrumb\">\n\t\t\tAccelleron r\u00e9cup\u00e8re l\u2019\u00e9lectricit\u00e9 sur les toits \u00e0 Baden\n\t\t<\/span><\/div>","aioseo_breadcrumb_json":[{"label":"Home","link":"https:\/\/www.immo-invest.ch\/fr\/"},{"label":"Trends","link":"https:\/\/www.immo-invest.ch\/fr\/categories\/trends-fr\/"},{"label":"Durabilit\u00e9","link":"https:\/\/www.immo-invest.ch\/fr\/categories\/trends-fr\/durabilite\/"},{"label":"Accelleron r\u00e9cup\u00e8re l&rsquo;\u00e9lectricit\u00e9 sur les toits \u00e0 Baden","link":"https:\/\/www.immo-invest.ch\/fr\/accelleron-holt-in-baden-strom-vom-dach\/"}],"featured_image_src":"https:\/\/www.immo-invest.ch\/wp-content\/uploads\/2024\/03\/Unbenannt-2-336x168.png","_links":{"self":[{"href":"https:\/\/www.immo-invest.ch\/fr\/wp-json\/wp\/v2\/posts\/78777","targetHints":{"allow":["GET"]}}],"collection":[{"href":"https:\/\/www.immo-invest.ch\/fr\/wp-json\/wp\/v2\/posts"}],"about":[{"href":"https:\/\/www.immo-invest.ch\/fr\/wp-json\/wp\/v2\/types\/post"}],"author":[{"embeddable":true,"href":"https:\/\/www.immo-invest.ch\/fr\/wp-json\/wp\/v2\/users\/2"}],"replies":[{"embeddable":true,"href":"https:\/\/www.immo-invest.ch\/fr\/wp-json\/wp\/v2\/comments?post=78777"}],"version-history":[{"count":0,"href":"https:\/\/www.immo-invest.ch\/fr\/wp-json\/wp\/v2\/posts\/78777\/revisions"}],"wp:featuredmedia":[{"embeddable":true,"href":"https:\/\/www.immo-invest.ch\/fr\/wp-json\/wp\/v2\/media\/78756"}],"wp:attachment":[{"href":"https:\/\/www.immo-invest.ch\/fr\/wp-json\/wp\/v2\/media?parent=78777"}],"wp:term":[{"taxonomy":"category","embeddable":true,"href":"https:\/\/www.immo-invest.ch\/fr\/wp-json\/wp\/v2\/categories?post=78777"},{"taxonomy":"post_tag","embeddable":true,"href":"https:\/\/www.immo-invest.ch\/fr\/wp-json\/wp\/v2\/tags?post=78777"}],"curies":[{"name":"wp","href":"https:\/\/api.w.org\/{rel}","templated":true}]}}