{"id":78585,"date":"2024-02-28T14:08:28","date_gmt":"2024-02-28T13:08:28","guid":{"rendered":"https:\/\/www.immo-invest.ch\/kanton-luzern-will-ausbau-von-erneuerbaren-beschleunigen\/"},"modified":"2024-02-28T14:13:54","modified_gmt":"2024-02-28T13:13:54","slug":"kanton-luzern-will-ausbau-von-erneuerbaren-beschleunigen","status":"publish","type":"post","link":"https:\/\/www.immo-invest.ch\/fr\/kanton-luzern-will-ausbau-von-erneuerbaren-beschleunigen\/","title":{"rendered":"Le canton de Lucerne veut acc\u00e9l\u00e9rer le d\u00e9veloppement des \u00e9nergies renouvelables"},"content":{"rendered":"<p class=\"bodytext\">Le Conseil d&rsquo;Etat du <a href=\"https:\/\/www.lu.ch\/verwaltung\" target=\"_blank\" rel=\"noopener\">canton de Lucerne<\/a> a pr&eacute;sent&eacute; son projet de loi visant &agrave; d&eacute;velopper la production d&rsquo;&eacute;lectricit&eacute; &agrave; partir d&rsquo;&eacute;nergies renouvelables. La modification de la loi cantonale sur l&rsquo;&eacute;nergie pr&eacute;voit une meilleure utilisation des surfaces de toitures pour la production d&rsquo;&eacute;lectricit&eacute; solaire.<\/p>\n<p class=\"bodytext\">Comme l&rsquo;indique un <a href=\"https:\/\/news.lu.ch\/html_mail.jsp?id=0&amp;email=news.lu.ch&amp;mailref=000jgj00000ti000000000000bpewu0y\" target=\"_blank\" rel=\"noopener\">communiqu&eacute; de presse<\/a>, les nouvelles constructions ne devront plus &agrave; l&rsquo;avenir produire seulement une partie de l&rsquo;&eacute;lectricit&eacute; dont elles ont besoin, mais &laquo;&nbsp;exploiter de mani&egrave;re appropri&eacute;e&nbsp;&raquo; le potentiel de production d&rsquo;&eacute;lectricit&eacute; de la surface du toit. Des prescriptions relatives &agrave; la production d&rsquo;&eacute;lectricit&eacute; sont &eacute;galement propos&eacute;es pour les b&acirc;timents existants, car ils disposent avant tout d&rsquo;un &laquo;&nbsp;immense potentiel de production d&rsquo;&eacute;lectricit&eacute;&nbsp;&raquo;.<\/p>\n<p class=\"bodytext\">Selon le pr&eacute;sident du gouvernement Fabian Peter, cette mesure est dans l&rsquo;int&eacute;r&ecirc;t d&rsquo;un d&eacute;veloppement rapide de l&rsquo;&eacute;nergie renouvelable produite localement : Ainsi, &laquo;&nbsp;nous n&rsquo;atteindrons pas seulement nos objectifs climatiques, mais nous augmenterons &eacute;galement notre s&eacute;curit&eacute; d&rsquo;approvisionnement &eacute;nerg&eacute;tique&nbsp;&raquo;. Apr&egrave;s tout, les installations photovolta&iuml;ques sur les toits du canton pourraient produire au total 2,4 t&eacute;rawattheures d&rsquo;&eacute;lectricit&eacute; solaire. Selon les donn&eacute;es, cela repr&eacute;sente plus du double de la consommation actuelle d&rsquo;&eacute;lectricit&eacute; de tous les m&eacute;nages priv&eacute;s.<\/p>\n<p class=\"bodytext\">D&eacute;sormais, les installations photovolta&iuml;ques pourront &eacute;galement &ecirc;tre install&eacute;es sur un autre toit au sein d&rsquo;un groupe de maisons d&eacute;termin&eacute;, par exemple sur des &eacute;tables, des greniers &agrave; foin, des b&acirc;timents commerciaux ou des &eacute;coles. Le Conseil d&rsquo;Etat r&eacute;pond ainsi &agrave; une demande souvent exprim&eacute;e lors de la consultation publique. Celle-ci s&rsquo;est d&eacute;roul&eacute;e du 15 d&eacute;cembre au 6 avril 2023.<\/p>\n<p class=\"bodytext\">La majorit&eacute; avait approuv&eacute; l&rsquo;orientation g&eacute;n&eacute;rale, les objectifs et les principes des nouvelles r&eacute;glementations. La pr&eacute;sente modification de la loi cantonale sur l&rsquo;&eacute;nergie sera probablement inscrite &agrave; l&rsquo;ordre du jour de la prochaine session de mai du Grand Conseil.<\/p>\n","protected":false},"excerpt":{"rendered":"<p>Der Kanton Luzern will mit der \u00c4nderung des Kantonalen Energiegesetzes das Potenzial von Solaranlagen auf Geb\u00e4uden besser aussch\u00f6pfen. Der Gesetzentwurf sieht bei Neubauten eine angemess\u00adene Ausnutzung der Dachfl\u00e4che vor. Dasselbe gilt bei Dachsanierungen von bestehenden H\u00e4usern.<\/p>\n","protected":false},"author":2,"featured_media":78580,"comment_status":"open","ping_status":"open","sticky":false,"template":"","format":"standard","meta":{"pmpro_default_level":"","inline_featured_image":false,"_monsterinsights_skip_tracking":false,"footnotes":""},"categories":[22699,8747,743],"tags":[40239,2155,872,3931,2002,2079,45035],"class_list":["post-78585","post","type-post","status-publish","format-standard","has-post-thumbnail","hentry","category-durabilite","category-energie","category-immonews-fr","tag-erneuerbare-energien-fr","tag-erneuerbareenergien-fr","tag-immoinvest-fr","tag-immonews-fr","tag-news-fr","tag-solarenergie-fr","tag-umweltgesetzgebung-fr","pmpro-has-access"],"acf":{"bild_mit_ki_erstellt_worden":[],"lead":"Der Kanton Luzern will mit der \u00c4nderung des Kantonalen Energiegesetzes das Potenzial von Solaranlagen auf Geb\u00e4uden besser aussch\u00f6pfen. Der Gesetzentwurf sieht bei Neubauten eine angemess\u00adene Ausnutzung der Dachfl\u00e4che vor. Dasselbe gilt bei Dachsanierungen von bestehenden H\u00e4usern.","autor":"ce\/mm","ort":"Luzern","bildunterschrift":"","bild_im_grid":false,"gallerie":"","newsim":""},"aioseo_notices":[],"aioseo_head":"\n\t\t<!-- All in One SEO 5.0.1.1 - aioseo.com -->\n\t<meta name=\"description\" content=\"Der Kanton Luzern will mit der \u00c4nderung des Kantonalen Energiegesetzes das Potenzial von Solaranlagen auf Geb\u00e4uden besser aussch\u00f6pfen. Der Gesetzentwurf sieht bei Neubauten eine angemess\u00adene Ausnutzung der Dachfl\u00e4che vor. Dasselbe gilt bei Dachsanierungen von bestehenden H\u00e4usern.\" \/>\n\t<meta name=\"robots\" content=\"max-image-preview:large\" \/>\n\t<meta name=\"author\" content=\"immovestuser\"\/>\n\t<meta name=\"google-site-verification\" content=\"fHJKvgWpZCR2zVBHWfkQeFXC11qieUSff0HGNYfuyLA\" \/>\n\t<link rel=\"canonical\" href=\"https:\/\/www.immo-invest.ch\/fr\/kanton-luzern-will-ausbau-von-erneuerbaren-beschleunigen\/\" \/>\n\t<meta name=\"generator\" content=\"All in One SEO (AIOSEO) 5.0.1.1\" \/>\n\t\t<meta property=\"og:locale\" content=\"fr_FR\" \/>\n\t\t<meta property=\"og:site_name\" content=\"immo!nvest - Die Plattform f\u00fcr Standorte und Immobilien - Die\u00a0Plattform f\u00fcr Standorte und Immobilien\" \/>\n\t\t<meta property=\"og:type\" content=\"article\" \/>\n\t\t<meta property=\"og:title\" content=\"Le canton de Lucerne veut acc\u00e9l\u00e9rer le d\u00e9veloppement des \u00e9nergies renouvelables - immo!nvest - Die Plattform f\u00fcr Standorte und Immobilien\" \/>\n\t\t<meta property=\"og:description\" content=\"Der Kanton Luzern will mit der \u00c4nderung des Kantonalen Energiegesetzes das Potenzial von Solaranlagen auf Geb\u00e4uden besser aussch\u00f6pfen. Der Gesetzentwurf sieht bei Neubauten eine angemess\u00adene Ausnutzung der Dachfl\u00e4che vor. Dasselbe gilt bei Dachsanierungen von bestehenden H\u00e4usern.\" \/>\n\t\t<meta property=\"og:url\" content=\"https:\/\/www.immo-invest.ch\/fr\/kanton-luzern-will-ausbau-von-erneuerbaren-beschleunigen\/\" \/>\n\t\t<meta property=\"og:image\" content=\"https:\/\/www.immo-invest.ch\/wp-content\/uploads\/2024\/02\/Unbenannt-26.png\" \/>\n\t\t<meta property=\"og:image:secure_url\" content=\"https:\/\/www.immo-invest.ch\/wp-content\/uploads\/2024\/02\/Unbenannt-26.png\" \/>\n\t\t<meta property=\"og:image:width\" content=\"1024\" \/>\n\t\t<meta property=\"og:image:height\" content=\"1024\" \/>\n\t\t<meta property=\"article:published_time\" content=\"2024-02-28T13:08:28+00:00\" \/>\n\t\t<meta property=\"article:modified_time\" content=\"2024-02-28T13:13:54+00:00\" \/>\n\t\t<meta property=\"article:publisher\" content=\"https:\/\/www.facebook.com\/people\/Immoinvest\/100077962920504\/\" \/>\n\t\t<meta name=\"twitter:card\" content=\"summary_large_image\" \/>\n\t\t<meta name=\"twitter:site\" content=\"@i\" \/>\n\t\t<meta name=\"twitter:title\" content=\"Le canton de Lucerne veut acc\u00e9l\u00e9rer le d\u00e9veloppement des \u00e9nergies renouvelables - immo!nvest - Die Plattform f\u00fcr Standorte und Immobilien\" \/>\n\t\t<meta name=\"twitter:description\" content=\"Der Kanton Luzern will mit der \u00c4nderung des Kantonalen Energiegesetzes das Potenzial von Solaranlagen auf Geb\u00e4uden besser aussch\u00f6pfen. Der Gesetzentwurf sieht bei Neubauten eine angemess\u00adene Ausnutzung der Dachfl\u00e4che vor. Dasselbe gilt bei Dachsanierungen von bestehenden H\u00e4usern.\" \/>\n\t\t<meta name=\"twitter:creator\" content=\"@i\" \/>\n\t\t<meta name=\"twitter:image\" content=\"https:\/\/www.immo-invest.ch\/wp-content\/uploads\/2024\/02\/Unbenannt-26.png\" \/>\n\t\t<script type=\"application\/ld+json\" class=\"aioseo-schema\">\n\t\t\t{\"@context\":\"https:\\\/\\\/schema.org\",\"@graph\":[{\"@type\":\"BlogPosting\",\"@id\":\"https:\\\/\\\/www.immo-invest.ch\\\/fr\\\/kanton-luzern-will-ausbau-von-erneuerbaren-beschleunigen\\\/#blogposting\",\"name\":\"Le canton de Lucerne veut acc\\u00e9l\\u00e9rer le d\\u00e9veloppement des \\u00e9nergies renouvelables - immo!nvest - Die Plattform f\\u00fcr Standorte und Immobilien\",\"headline\":\"Le canton de Lucerne veut acc\\u00e9l\\u00e9rer le d\\u00e9veloppement des \\u00e9nergies renouvelables\",\"author\":{\"@id\":\"https:\\\/\\\/www.immo-invest.ch\\\/fr\\\/author\\\/immovestuser\\\/#author\"},\"publisher\":{\"@id\":\"https:\\\/\\\/www.immo-invest.ch\\\/fr\\\/#organization\"},\"image\":{\"@type\":\"ImageObject\",\"url\":\"https:\\\/\\\/www.immo-invest.ch\\\/wp-content\\\/uploads\\\/2024\\\/02\\\/Unbenannt-26.png\",\"width\":1024,\"height\":1024},\"datePublished\":\"2024-02-28T14:08:28+01:00\",\"dateModified\":\"2024-02-28T14:13:54+01:00\",\"inLanguage\":\"fr-FR\",\"mainEntityOfPage\":{\"@id\":\"https:\\\/\\\/www.immo-invest.ch\\\/fr\\\/kanton-luzern-will-ausbau-von-erneuerbaren-beschleunigen\\\/#webpage\"},\"isPartOf\":{\"@id\":\"https:\\\/\\\/www.immo-invest.ch\\\/fr\\\/kanton-luzern-will-ausbau-von-erneuerbaren-beschleunigen\\\/#webpage\"},\"articleSection\":\"Durabilit\\u00e9, \\u00c9nergie, immoNews, Erneuerbare Energien, ErneuerbareEnergien, Immoinvest, immoNews, News, Solarenergie, Umweltgesetzgebung, Facultatif\"},{\"@type\":\"BreadcrumbList\",\"@id\":\"https:\\\/\\\/www.immo-invest.ch\\\/fr\\\/kanton-luzern-will-ausbau-von-erneuerbaren-beschleunigen\\\/#breadcrumblist\",\"itemListElement\":[{\"@type\":\"ListItem\",\"@id\":\"https:\\\/\\\/www.immo-invest.ch\\\/fr\\\/#listItem\",\"position\":1,\"name\":\"Home\",\"item\":\"https:\\\/\\\/www.immo-invest.ch\\\/fr\\\/\",\"nextItem\":{\"@type\":\"ListItem\",\"@id\":\"https:\\\/\\\/www.immo-invest.ch\\\/fr\\\/categories\\\/trends-fr\\\/#listItem\",\"name\":\"Trends\"}},{\"@type\":\"ListItem\",\"@id\":\"https:\\\/\\\/www.immo-invest.ch\\\/fr\\\/categories\\\/trends-fr\\\/#listItem\",\"position\":2,\"name\":\"Trends\",\"item\":\"https:\\\/\\\/www.immo-invest.ch\\\/fr\\\/categories\\\/trends-fr\\\/\",\"nextItem\":{\"@type\":\"ListItem\",\"@id\":\"https:\\\/\\\/www.immo-invest.ch\\\/fr\\\/categories\\\/trends-fr\\\/durabilite\\\/#listItem\",\"name\":\"Durabilit\\u00e9\"},\"previousItem\":{\"@type\":\"ListItem\",\"@id\":\"https:\\\/\\\/www.immo-invest.ch\\\/fr\\\/#listItem\",\"name\":\"Home\"}},{\"@type\":\"ListItem\",\"@id\":\"https:\\\/\\\/www.immo-invest.ch\\\/fr\\\/categories\\\/trends-fr\\\/durabilite\\\/#listItem\",\"position\":3,\"name\":\"Durabilit\\u00e9\",\"item\":\"https:\\\/\\\/www.immo-invest.ch\\\/fr\\\/categories\\\/trends-fr\\\/durabilite\\\/\",\"nextItem\":{\"@type\":\"ListItem\",\"@id\":\"https:\\\/\\\/www.immo-invest.ch\\\/fr\\\/kanton-luzern-will-ausbau-von-erneuerbaren-beschleunigen\\\/#listItem\",\"name\":\"Le canton de Lucerne veut acc\\u00e9l\\u00e9rer le d\\u00e9veloppement des \\u00e9nergies renouvelables\"},\"previousItem\":{\"@type\":\"ListItem\",\"@id\":\"https:\\\/\\\/www.immo-invest.ch\\\/fr\\\/categories\\\/trends-fr\\\/#listItem\",\"name\":\"Trends\"}},{\"@type\":\"ListItem\",\"@id\":\"https:\\\/\\\/www.immo-invest.ch\\\/fr\\\/kanton-luzern-will-ausbau-von-erneuerbaren-beschleunigen\\\/#listItem\",\"position\":4,\"name\":\"Le canton de Lucerne veut acc\\u00e9l\\u00e9rer le d\\u00e9veloppement des \\u00e9nergies renouvelables\",\"previousItem\":{\"@type\":\"ListItem\",\"@id\":\"https:\\\/\\\/www.immo-invest.ch\\\/fr\\\/categories\\\/trends-fr\\\/durabilite\\\/#listItem\",\"name\":\"Durabilit\\u00e9\"}}]},{\"@type\":\"Organization\",\"@id\":\"https:\\\/\\\/www.immo-invest.ch\\\/fr\\\/#organization\",\"name\":\"immo!nvest - Die Plattform f\\u00fcr Standorte und Immobilien\",\"description\":\"Die\\u00a0Plattform f\\u00fcr Standorte und Immobilien\",\"url\":\"https:\\\/\\\/www.immo-invest.ch\\\/fr\\\/\",\"email\":\"admin@immomedia.ag\",\"telephone\":\"+41444420002\",\"logo\":{\"@type\":\"ImageObject\",\"url\":\"https:\\\/\\\/www.immo-invest.ch\\\/wp-content\\\/uploads\\\/2024\\\/09\\\/immoinvest_sm-scaled.jpg\",\"@id\":\"https:\\\/\\\/www.immo-invest.ch\\\/fr\\\/kanton-luzern-will-ausbau-von-erneuerbaren-beschleunigen\\\/#organizationLogo\",\"width\":2560,\"height\":1340},\"image\":{\"@id\":\"https:\\\/\\\/www.immo-invest.ch\\\/fr\\\/kanton-luzern-will-ausbau-von-erneuerbaren-beschleunigen\\\/#organizationLogo\"},\"sameAs\":[\"https:\\\/\\\/www.facebook.com\\\/people\\\/Immoinvest\\\/100077962920504\\\/\",\"https:\\\/\\\/x.com\\\/i\\\/flow\\\/login?redirect_after_login=immoinvest_ch\",\"https:\\\/\\\/www.instagram.com\\\/immoinvest_ch\\\/\",\"https:\\\/\\\/www.linkedin.com\\\/company\\\/immoinvest-swiss\"]},{\"@type\":\"Person\",\"@id\":\"https:\\\/\\\/www.immo-invest.ch\\\/fr\\\/author\\\/immovestuser\\\/#author\",\"url\":\"https:\\\/\\\/www.immo-invest.ch\\\/fr\\\/author\\\/immovestuser\\\/\",\"name\":\"immovestuser\",\"image\":{\"@type\":\"ImageObject\",\"@id\":\"https:\\\/\\\/www.immo-invest.ch\\\/fr\\\/kanton-luzern-will-ausbau-von-erneuerbaren-beschleunigen\\\/#authorImage\",\"url\":\"https:\\\/\\\/secure.gravatar.com\\\/avatar\\\/8e01f4d99f2eeea7a362ebb93305e1172a70e9293ba250f897a65c39f54cdd1e?s=96&d=mm&r=g\",\"width\":96,\"height\":96,\"caption\":\"immovestuser\"}},{\"@type\":\"WebPage\",\"@id\":\"https:\\\/\\\/www.immo-invest.ch\\\/fr\\\/kanton-luzern-will-ausbau-von-erneuerbaren-beschleunigen\\\/#webpage\",\"url\":\"https:\\\/\\\/www.immo-invest.ch\\\/fr\\\/kanton-luzern-will-ausbau-von-erneuerbaren-beschleunigen\\\/\",\"name\":\"Le canton de Lucerne veut acc\\u00e9l\\u00e9rer le d\\u00e9veloppement des \\u00e9nergies renouvelables - immo!nvest - Die Plattform f\\u00fcr Standorte und Immobilien\",\"description\":\"Der Kanton Luzern will mit der \\u00c4nderung des Kantonalen Energiegesetzes das Potenzial von Solaranlagen auf Geb\\u00e4uden besser aussch\\u00f6pfen. Der Gesetzentwurf sieht bei Neubauten eine angemess\\u00adene Ausnutzung der Dachfl\\u00e4che vor. Dasselbe gilt bei Dachsanierungen von bestehenden H\\u00e4usern.\",\"inLanguage\":\"fr-FR\",\"isPartOf\":{\"@id\":\"https:\\\/\\\/www.immo-invest.ch\\\/fr\\\/#website\"},\"breadcrumb\":{\"@id\":\"https:\\\/\\\/www.immo-invest.ch\\\/fr\\\/kanton-luzern-will-ausbau-von-erneuerbaren-beschleunigen\\\/#breadcrumblist\"},\"author\":{\"@id\":\"https:\\\/\\\/www.immo-invest.ch\\\/fr\\\/author\\\/immovestuser\\\/#author\"},\"creator\":{\"@id\":\"https:\\\/\\\/www.immo-invest.ch\\\/fr\\\/author\\\/immovestuser\\\/#author\"},\"image\":{\"@type\":\"ImageObject\",\"url\":\"https:\\\/\\\/www.immo-invest.ch\\\/wp-content\\\/uploads\\\/2024\\\/02\\\/Unbenannt-26.png\",\"@id\":\"https:\\\/\\\/www.immo-invest.ch\\\/fr\\\/kanton-luzern-will-ausbau-von-erneuerbaren-beschleunigen\\\/#mainImage\",\"width\":1024,\"height\":1024},\"primaryImageOfPage\":{\"@id\":\"https:\\\/\\\/www.immo-invest.ch\\\/fr\\\/kanton-luzern-will-ausbau-von-erneuerbaren-beschleunigen\\\/#mainImage\"},\"datePublished\":\"2024-02-28T14:08:28+01:00\",\"dateModified\":\"2024-02-28T14:13:54+01:00\"},{\"@type\":\"WebSite\",\"@id\":\"https:\\\/\\\/www.immo-invest.ch\\\/fr\\\/#website\",\"url\":\"https:\\\/\\\/www.immo-invest.ch\\\/fr\\\/\",\"name\":\"immo!nvest - Die Plattform f\\u00fcr Standorte und Immobilien\",\"description\":\"Die\\u00a0Plattform f\\u00fcr Standorte und Immobilien\",\"inLanguage\":\"fr-FR\",\"publisher\":{\"@id\":\"https:\\\/\\\/www.immo-invest.ch\\\/fr\\\/#organization\"}}]}\n\t\t<\/script>\n\t\t<!-- All in One SEO -->\n\n","aioseo_head_json":{"title":"Le canton de Lucerne veut acc\u00e9l\u00e9rer le d\u00e9veloppement des \u00e9nergies renouvelables - immo!nvest - Die Plattform f\u00fcr Standorte und Immobilien","description":"Der Kanton Luzern will mit der \u00c4nderung des Kantonalen Energiegesetzes das Potenzial von Solaranlagen auf Geb\u00e4uden besser aussch\u00f6pfen. Der Gesetzentwurf sieht bei Neubauten eine angemess\u00adene Ausnutzung der Dachfl\u00e4che vor. Dasselbe gilt bei Dachsanierungen von bestehenden H\u00e4usern.","canonical_url":"https:\/\/www.immo-invest.ch\/fr\/kanton-luzern-will-ausbau-von-erneuerbaren-beschleunigen\/","robots":"max-image-preview:large","keywords":"","webmasterTools":{"google-site-verification":"fHJKvgWpZCR2zVBHWfkQeFXC11qieUSff0HGNYfuyLA","miscellaneous":""},"schema":{"@context":"https:\/\/schema.org","@graph":[{"@type":"BlogPosting","@id":"https:\/\/www.immo-invest.ch\/fr\/kanton-luzern-will-ausbau-von-erneuerbaren-beschleunigen\/#blogposting","name":"Le canton de Lucerne veut acc\u00e9l\u00e9rer le d\u00e9veloppement des \u00e9nergies renouvelables - immo!nvest - Die Plattform f\u00fcr Standorte und Immobilien","headline":"Le canton de Lucerne veut acc\u00e9l\u00e9rer le d\u00e9veloppement des \u00e9nergies renouvelables","author":{"@id":"https:\/\/www.immo-invest.ch\/fr\/author\/immovestuser\/#author"},"publisher":{"@id":"https:\/\/www.immo-invest.ch\/fr\/#organization"},"image":{"@type":"ImageObject","url":"https:\/\/www.immo-invest.ch\/wp-content\/uploads\/2024\/02\/Unbenannt-26.png","width":1024,"height":1024},"datePublished":"2024-02-28T14:08:28+01:00","dateModified":"2024-02-28T14:13:54+01:00","inLanguage":"fr-FR","mainEntityOfPage":{"@id":"https:\/\/www.immo-invest.ch\/fr\/kanton-luzern-will-ausbau-von-erneuerbaren-beschleunigen\/#webpage"},"isPartOf":{"@id":"https:\/\/www.immo-invest.ch\/fr\/kanton-luzern-will-ausbau-von-erneuerbaren-beschleunigen\/#webpage"},"articleSection":"Durabilit\u00e9, \u00c9nergie, immoNews, Erneuerbare Energien, ErneuerbareEnergien, Immoinvest, immoNews, News, Solarenergie, Umweltgesetzgebung, Facultatif"},{"@type":"BreadcrumbList","@id":"https:\/\/www.immo-invest.ch\/fr\/kanton-luzern-will-ausbau-von-erneuerbaren-beschleunigen\/#breadcrumblist","itemListElement":[{"@type":"ListItem","@id":"https:\/\/www.immo-invest.ch\/fr\/#listItem","position":1,"name":"Home","item":"https:\/\/www.immo-invest.ch\/fr\/","nextItem":{"@type":"ListItem","@id":"https:\/\/www.immo-invest.ch\/fr\/categories\/trends-fr\/#listItem","name":"Trends"}},{"@type":"ListItem","@id":"https:\/\/www.immo-invest.ch\/fr\/categories\/trends-fr\/#listItem","position":2,"name":"Trends","item":"https:\/\/www.immo-invest.ch\/fr\/categories\/trends-fr\/","nextItem":{"@type":"ListItem","@id":"https:\/\/www.immo-invest.ch\/fr\/categories\/trends-fr\/durabilite\/#listItem","name":"Durabilit\u00e9"},"previousItem":{"@type":"ListItem","@id":"https:\/\/www.immo-invest.ch\/fr\/#listItem","name":"Home"}},{"@type":"ListItem","@id":"https:\/\/www.immo-invest.ch\/fr\/categories\/trends-fr\/durabilite\/#listItem","position":3,"name":"Durabilit\u00e9","item":"https:\/\/www.immo-invest.ch\/fr\/categories\/trends-fr\/durabilite\/","nextItem":{"@type":"ListItem","@id":"https:\/\/www.immo-invest.ch\/fr\/kanton-luzern-will-ausbau-von-erneuerbaren-beschleunigen\/#listItem","name":"Le canton de Lucerne veut acc\u00e9l\u00e9rer le d\u00e9veloppement des \u00e9nergies renouvelables"},"previousItem":{"@type":"ListItem","@id":"https:\/\/www.immo-invest.ch\/fr\/categories\/trends-fr\/#listItem","name":"Trends"}},{"@type":"ListItem","@id":"https:\/\/www.immo-invest.ch\/fr\/kanton-luzern-will-ausbau-von-erneuerbaren-beschleunigen\/#listItem","position":4,"name":"Le canton de Lucerne veut acc\u00e9l\u00e9rer le d\u00e9veloppement des \u00e9nergies renouvelables","previousItem":{"@type":"ListItem","@id":"https:\/\/www.immo-invest.ch\/fr\/categories\/trends-fr\/durabilite\/#listItem","name":"Durabilit\u00e9"}}]},{"@type":"Organization","@id":"https:\/\/www.immo-invest.ch\/fr\/#organization","name":"immo!nvest - Die Plattform f\u00fcr Standorte und Immobilien","description":"Die\u00a0Plattform f\u00fcr Standorte und Immobilien","url":"https:\/\/www.immo-invest.ch\/fr\/","email":"admin@immomedia.ag","telephone":"+41444420002","logo":{"@type":"ImageObject","url":"https:\/\/www.immo-invest.ch\/wp-content\/uploads\/2024\/09\/immoinvest_sm-scaled.jpg","@id":"https:\/\/www.immo-invest.ch\/fr\/kanton-luzern-will-ausbau-von-erneuerbaren-beschleunigen\/#organizationLogo","width":2560,"height":1340},"image":{"@id":"https:\/\/www.immo-invest.ch\/fr\/kanton-luzern-will-ausbau-von-erneuerbaren-beschleunigen\/#organizationLogo"},"sameAs":["https:\/\/www.facebook.com\/people\/Immoinvest\/100077962920504\/","https:\/\/x.com\/i\/flow\/login?redirect_after_login=immoinvest_ch","https:\/\/www.instagram.com\/immoinvest_ch\/","https:\/\/www.linkedin.com\/company\/immoinvest-swiss"]},{"@type":"Person","@id":"https:\/\/www.immo-invest.ch\/fr\/author\/immovestuser\/#author","url":"https:\/\/www.immo-invest.ch\/fr\/author\/immovestuser\/","name":"immovestuser","image":{"@type":"ImageObject","@id":"https:\/\/www.immo-invest.ch\/fr\/kanton-luzern-will-ausbau-von-erneuerbaren-beschleunigen\/#authorImage","url":"https:\/\/secure.gravatar.com\/avatar\/8e01f4d99f2eeea7a362ebb93305e1172a70e9293ba250f897a65c39f54cdd1e?s=96&d=mm&r=g","width":96,"height":96,"caption":"immovestuser"}},{"@type":"WebPage","@id":"https:\/\/www.immo-invest.ch\/fr\/kanton-luzern-will-ausbau-von-erneuerbaren-beschleunigen\/#webpage","url":"https:\/\/www.immo-invest.ch\/fr\/kanton-luzern-will-ausbau-von-erneuerbaren-beschleunigen\/","name":"Le canton de Lucerne veut acc\u00e9l\u00e9rer le d\u00e9veloppement des \u00e9nergies renouvelables - immo!nvest - Die Plattform f\u00fcr Standorte und Immobilien","description":"Der Kanton Luzern will mit der \u00c4nderung des Kantonalen Energiegesetzes das Potenzial von Solaranlagen auf Geb\u00e4uden besser aussch\u00f6pfen. Der Gesetzentwurf sieht bei Neubauten eine angemess\u00adene Ausnutzung der Dachfl\u00e4che vor. Dasselbe gilt bei Dachsanierungen von bestehenden H\u00e4usern.","inLanguage":"fr-FR","isPartOf":{"@id":"https:\/\/www.immo-invest.ch\/fr\/#website"},"breadcrumb":{"@id":"https:\/\/www.immo-invest.ch\/fr\/kanton-luzern-will-ausbau-von-erneuerbaren-beschleunigen\/#breadcrumblist"},"author":{"@id":"https:\/\/www.immo-invest.ch\/fr\/author\/immovestuser\/#author"},"creator":{"@id":"https:\/\/www.immo-invest.ch\/fr\/author\/immovestuser\/#author"},"image":{"@type":"ImageObject","url":"https:\/\/www.immo-invest.ch\/wp-content\/uploads\/2024\/02\/Unbenannt-26.png","@id":"https:\/\/www.immo-invest.ch\/fr\/kanton-luzern-will-ausbau-von-erneuerbaren-beschleunigen\/#mainImage","width":1024,"height":1024},"primaryImageOfPage":{"@id":"https:\/\/www.immo-invest.ch\/fr\/kanton-luzern-will-ausbau-von-erneuerbaren-beschleunigen\/#mainImage"},"datePublished":"2024-02-28T14:08:28+01:00","dateModified":"2024-02-28T14:13:54+01:00"},{"@type":"WebSite","@id":"https:\/\/www.immo-invest.ch\/fr\/#website","url":"https:\/\/www.immo-invest.ch\/fr\/","name":"immo!nvest - Die Plattform f\u00fcr Standorte und Immobilien","description":"Die\u00a0Plattform f\u00fcr Standorte und Immobilien","inLanguage":"fr-FR","publisher":{"@id":"https:\/\/www.immo-invest.ch\/fr\/#organization"}}]},"og:locale":"fr_FR","og:site_name":"immo!nvest - Die Plattform f\u00fcr Standorte und Immobilien - Die\u00a0Plattform f\u00fcr Standorte und Immobilien","og:type":"article","og:title":"Le canton de Lucerne veut acc\u00e9l\u00e9rer le d\u00e9veloppement des \u00e9nergies renouvelables - immo!nvest - Die Plattform f\u00fcr Standorte und Immobilien","og:description":"Der Kanton Luzern will mit der \u00c4nderung des Kantonalen Energiegesetzes das Potenzial von Solaranlagen auf Geb\u00e4uden besser aussch\u00f6pfen. Der Gesetzentwurf sieht bei Neubauten eine angemess\u00adene Ausnutzung der Dachfl\u00e4che vor. Dasselbe gilt bei Dachsanierungen von bestehenden H\u00e4usern.","og:url":"https:\/\/www.immo-invest.ch\/fr\/kanton-luzern-will-ausbau-von-erneuerbaren-beschleunigen\/","og:image":"https:\/\/www.immo-invest.ch\/wp-content\/uploads\/2024\/02\/Unbenannt-26.png","og:image:secure_url":"https:\/\/www.immo-invest.ch\/wp-content\/uploads\/2024\/02\/Unbenannt-26.png","og:image:width":1024,"og:image:height":1024,"article:published_time":"2024-02-28T13:08:28+00:00","article:modified_time":"2024-02-28T13:13:54+00:00","article:publisher":"https:\/\/www.facebook.com\/people\/Immoinvest\/100077962920504\/","twitter:card":"summary_large_image","twitter:site":"@i","twitter:title":"Le canton de Lucerne veut acc\u00e9l\u00e9rer le d\u00e9veloppement des \u00e9nergies renouvelables - immo!nvest - Die Plattform f\u00fcr Standorte und Immobilien","twitter:description":"Der Kanton Luzern will mit der \u00c4nderung des Kantonalen Energiegesetzes das Potenzial von Solaranlagen auf Geb\u00e4uden besser aussch\u00f6pfen. Der Gesetzentwurf sieht bei Neubauten eine angemess\u00adene Ausnutzung der Dachfl\u00e4che vor. Dasselbe gilt bei Dachsanierungen von bestehenden H\u00e4usern.","twitter:creator":"@i","twitter:image":"https:\/\/www.immo-invest.ch\/wp-content\/uploads\/2024\/02\/Unbenannt-26.png"},"aioseo_meta_data":{"post_id":"78585","title":null,"description":null,"keywords":null,"keyphrases":null,"primary_term":null,"canonical_url":null,"og_title":null,"og_description":null,"og_object_type":"default","og_image_type":"default","og_image_url":null,"og_image_width":null,"og_image_height":null,"og_image_custom_url":null,"og_image_custom_fields":null,"og_video":null,"og_custom_url":null,"og_article_section":null,"og_article_tags":null,"twitter_use_og":false,"twitter_card":"default","twitter_image_type":"default","twitter_image_url":null,"twitter_image_custom_url":null,"twitter_image_custom_fields":null,"twitter_title":null,"twitter_description":null,"schema":{"blockGraphs":[],"customGraphs":[],"default":{"data":{"Article":[],"Course":[],"Dataset":[],"FAQPage":[],"Movie":[],"Person":[],"Product":[],"ProductReview":[],"Car":[],"Recipe":[],"Service":[],"SoftwareApplication":[],"WebPage":[]},"graphName":"","isEnabled":true},"graphs":[]},"schema_type":"default","schema_type_options":null,"pillar_content":false,"robots_default":true,"robots_noindex":false,"robots_noarchive":false,"robots_nosnippet":false,"robots_nofollow":false,"robots_noimageindex":false,"robots_noodp":false,"robots_notranslate":false,"robots_max_snippet":null,"robots_max_videopreview":null,"robots_max_imagepreview":"large","priority":null,"frequency":null,"local_seo":null,"breadcrumb_settings":null,"limit_modified_date":false,"ai":null,"created":"2024-09-20 16:20:58","updated":"2025-10-23 22:39:12","seo_analyzer_scan_date":null,"focus_keyword":null,"additional_keywords":null,"truseo_locale":null},"aioseo_breadcrumb":"<div class=\"aioseo-breadcrumbs\"><span class=\"aioseo-breadcrumb\">\n\t\t\t<a href=\"https:\/\/www.immo-invest.ch\/fr\/\" title=\"Home\">Home<\/a>\n\t\t<\/span><span class=\"aioseo-breadcrumb-separator\">&raquo;<\/span><span class=\"aioseo-breadcrumb\">\n\t\t\t<a href=\"https:\/\/www.immo-invest.ch\/fr\/categories\/trends-fr\/\" title=\"Trends\">Trends<\/a>\n\t\t<\/span><span class=\"aioseo-breadcrumb-separator\">&raquo;<\/span><span class=\"aioseo-breadcrumb\">\n\t\t\t<a href=\"https:\/\/www.immo-invest.ch\/fr\/categories\/trends-fr\/durabilite\/\" title=\"Durabilit\u00e9\">Durabilit\u00e9<\/a>\n\t\t<\/span><span class=\"aioseo-breadcrumb-separator\">&raquo;<\/span><span class=\"aioseo-breadcrumb\">\n\t\t\tLe canton de Lucerne veut acc\u00e9l\u00e9rer le d\u00e9veloppement des \u00e9nergies renouvelables\n\t\t<\/span><\/div>","aioseo_breadcrumb_json":[{"label":"Home","link":"https:\/\/www.immo-invest.ch\/fr\/"},{"label":"Trends","link":"https:\/\/www.immo-invest.ch\/fr\/categories\/trends-fr\/"},{"label":"Durabilit\u00e9","link":"https:\/\/www.immo-invest.ch\/fr\/categories\/trends-fr\/durabilite\/"},{"label":"Le canton de Lucerne veut acc\u00e9l\u00e9rer le d\u00e9veloppement des \u00e9nergies renouvelables","link":"https:\/\/www.immo-invest.ch\/fr\/kanton-luzern-will-ausbau-von-erneuerbaren-beschleunigen\/"}],"featured_image_src":"https:\/\/www.immo-invest.ch\/wp-content\/uploads\/2024\/02\/Unbenannt-26-336x168.png","_links":{"self":[{"href":"https:\/\/www.immo-invest.ch\/fr\/wp-json\/wp\/v2\/posts\/78585","targetHints":{"allow":["GET"]}}],"collection":[{"href":"https:\/\/www.immo-invest.ch\/fr\/wp-json\/wp\/v2\/posts"}],"about":[{"href":"https:\/\/www.immo-invest.ch\/fr\/wp-json\/wp\/v2\/types\/post"}],"author":[{"embeddable":true,"href":"https:\/\/www.immo-invest.ch\/fr\/wp-json\/wp\/v2\/users\/2"}],"replies":[{"embeddable":true,"href":"https:\/\/www.immo-invest.ch\/fr\/wp-json\/wp\/v2\/comments?post=78585"}],"version-history":[{"count":0,"href":"https:\/\/www.immo-invest.ch\/fr\/wp-json\/wp\/v2\/posts\/78585\/revisions"}],"wp:featuredmedia":[{"embeddable":true,"href":"https:\/\/www.immo-invest.ch\/fr\/wp-json\/wp\/v2\/media\/78580"}],"wp:attachment":[{"href":"https:\/\/www.immo-invest.ch\/fr\/wp-json\/wp\/v2\/media?parent=78585"}],"wp:term":[{"taxonomy":"category","embeddable":true,"href":"https:\/\/www.immo-invest.ch\/fr\/wp-json\/wp\/v2\/categories?post=78585"},{"taxonomy":"post_tag","embeddable":true,"href":"https:\/\/www.immo-invest.ch\/fr\/wp-json\/wp\/v2\/tags?post=78585"}],"curies":[{"name":"wp","href":"https:\/\/api.w.org\/{rel}","templated":true}]}}