{"id":78042,"date":"2024-02-27T09:55:55","date_gmt":"2024-02-27T08:55:55","guid":{"rendered":"https:\/\/www.immo-invest.ch\/gesamtverkehrskonzept-fuer-den-raum-baden-und-umgebung\/"},"modified":"2024-02-27T10:55:45","modified_gmt":"2024-02-27T09:55:45","slug":"gesamtverkehrskonzept-fuer-den-raum-baden-und-umgebung","status":"publish","type":"post","link":"https:\/\/www.immo-invest.ch\/fr\/gesamtverkehrskonzept-fuer-den-raum-baden-und-umgebung\/","title":{"rendered":"Concept global de transport pour la r\u00e9gion de Baden et ses environs"},"content":{"rendered":"<p class=\"wp-block-paragraph\">Dans le cadre de l&rsquo;ambitieux concept global de transport pour la r&eacute;gion de Baden, dix communes participantes ont franchi une &eacute;tape d&eacute;cisive. Ces objectifs, qui s&rsquo;&eacute;tendent jusqu&rsquo;en 2040, visent &agrave; rendre la mobilit&eacute; dans la r&eacute;gion de Baden plus efficace, plus respectueuse de l&rsquo;environnement et plus durable. Les points cl&eacute;s sont notamment la promotion d&rsquo;une mobilit&eacute; &eacute;conome en espace, la cr&eacute;ation de conditions attractives pour les d&eacute;placements domicile-travail et domicile-&eacute;tudes et la garantie d&rsquo;une accessibilit&eacute; stable pour les automobilistes. Les plans soutiennent &eacute;galement le d&eacute;veloppement de l&rsquo;urbanisation dans les zones bien desservies par les transports publics.<\/p>\n\n\n\n<p class=\"wp-block-paragraph\">Une attention particuli&egrave;re est accord&eacute;e au trafic lourd de transit, pour lequel des crit&egrave;res de r&eacute;ussite sp&eacute;cifiques ont &eacute;t&eacute; ajout&eacute;s afin d&rsquo;&eacute;pargner les zones d&rsquo;habitation. Cela fait suite &agrave; une demande de la commune d&rsquo;Obersiggenthal, qui souhaite &eacute;viter une augmentation du trafic lourd de transit.<\/p>\n\n\n\n<p class=\"wp-block-paragraph\">En achevant les deux premi&egrave;res &eacute;tapes de la planification, la d&eacute;l&eacute;gation des autorit&eacute;s a cr&eacute;&eacute; une base solide pour les planifications sp&eacute;cifiques suivantes. En conclusion, l&rsquo;objectif du canton d&rsquo;Argovie est de d&eacute;velopper, en coop&eacute;ration avec les acteurs locaux, une offre de mobilit&eacute; prospective et int&eacute;gr&eacute;e. Les r&eacute;sultats de la planification GVK doivent &ecirc;tre int&eacute;gr&eacute;s dans le plan directeur cantonal d&rsquo;ici 2025 afin de poser &agrave; temps les jalons des futurs besoins en mati&egrave;re de mobilit&eacute;.<\/p>\n","protected":false},"excerpt":{"rendered":"<p>Le d\u00e9veloppement du concept global de transport (GVK) pour la r\u00e9gion de Baden et ses communes limitrophes prend forme : une \u00e9valuation compl\u00e8te de la situation et des objectifs fix\u00e9s marquent un progr\u00e8s important dans la planification r\u00e9gionale des transports.<\/p>\n","protected":false},"author":2,"featured_media":77943,"comment_status":"open","ping_status":"open","sticky":false,"template":"","format":"standard","meta":{"pmpro_default_level":"0","inline_featured_image":false,"_monsterinsights_skip_tracking":false,"footnotes":""},"categories":[22703],"tags":[16975,6919,2410,44994,44995,1132],"class_list":["post-78042","post","type-post","status-publish","format-standard","has-post-thumbnail","hentry","category-mobilite","tag-behoerden-fr","tag-gesamtverkehrskonzept-fr","tag-mobilitaet-fr","tag-mobilitaetsangebot-fr","tag-planungsschritte-fr","tag-verkehr-fr","pmpro-has-access"],"acf":{"bild_mit_ki_erstellt_worden":[],"lead":"Le d\u00e9veloppement du concept global de transport (GVK) pour la r\u00e9gion de Baden et ses communes limitrophes prend forme : une \u00e9valuation compl\u00e8te de la situation et des objectifs fix\u00e9s marquent un progr\u00e8s important dans la planification r\u00e9gionale des transports.","autor":"Quelle: AG, Bild: badenertagblatt.ch","ort":"","bildunterschrift":"","bild_im_grid":false,"gallerie":"","newsim":""},"aioseo_notices":[],"aioseo_head":"\n\t\t<!-- All in One SEO 5.0.1.1 - aioseo.com -->\n\t<meta name=\"description\" content=\"Le d\u00e9veloppement du concept global de transport (GVK) pour la r\u00e9gion de Baden et ses communes limitrophes prend forme : une \u00e9valuation compl\u00e8te de la situation et des objectifs fix\u00e9s marquent un progr\u00e8s important dans la planification r\u00e9gionale des transports.\" \/>\n\t<meta name=\"robots\" content=\"max-image-preview:large\" \/>\n\t<meta name=\"author\" content=\"immovestuser\"\/>\n\t<meta name=\"google-site-verification\" content=\"fHJKvgWpZCR2zVBHWfkQeFXC11qieUSff0HGNYfuyLA\" \/>\n\t<link rel=\"canonical\" href=\"https:\/\/www.immo-invest.ch\/fr\/gesamtverkehrskonzept-fuer-den-raum-baden-und-umgebung\/\" \/>\n\t<meta name=\"generator\" content=\"All in One SEO (AIOSEO) 5.0.1.1\" \/>\n\t\t<meta property=\"og:locale\" content=\"fr_FR\" \/>\n\t\t<meta property=\"og:site_name\" content=\"immo!nvest - Die Plattform f\u00fcr Standorte und Immobilien - Die\u00a0Plattform f\u00fcr Standorte und Immobilien\" \/>\n\t\t<meta property=\"og:type\" content=\"article\" \/>\n\t\t<meta property=\"og:title\" content=\"Concept global de transport pour la r\u00e9gion de Baden et ses environs - immo!nvest - Die Plattform f\u00fcr Standorte und Immobilien\" \/>\n\t\t<meta property=\"og:description\" content=\"Le d\u00e9veloppement du concept global de transport (GVK) pour la r\u00e9gion de Baden et ses communes limitrophes prend forme : une \u00e9valuation compl\u00e8te de la situation et des objectifs fix\u00e9s marquent un progr\u00e8s important dans la planification r\u00e9gionale des transports.\" \/>\n\t\t<meta property=\"og:url\" content=\"https:\/\/www.immo-invest.ch\/fr\/gesamtverkehrskonzept-fuer-den-raum-baden-und-umgebung\/\" \/>\n\t\t<meta property=\"og:image\" content=\"https:\/\/www.immo-invest.ch\/wp-content\/uploads\/2024\/02\/2024-02-27-09_52_57-Radarfalle-Nach-herber-Schlappe-im-Blitzer-Streit_-Stadtrat-Baden-prueft-rechtl.png\" \/>\n\t\t<meta property=\"og:image:secure_url\" content=\"https:\/\/www.immo-invest.ch\/wp-content\/uploads\/2024\/02\/2024-02-27-09_52_57-Radarfalle-Nach-herber-Schlappe-im-Blitzer-Streit_-Stadtrat-Baden-prueft-rechtl.png\" \/>\n\t\t<meta property=\"og:image:width\" content=\"1916\" \/>\n\t\t<meta property=\"og:image:height\" content=\"1079\" \/>\n\t\t<meta property=\"article:published_time\" content=\"2024-02-27T08:55:55+00:00\" \/>\n\t\t<meta property=\"article:modified_time\" content=\"2024-02-27T09:55:45+00:00\" \/>\n\t\t<meta property=\"article:publisher\" content=\"https:\/\/www.facebook.com\/people\/Immoinvest\/100077962920504\/\" \/>\n\t\t<meta name=\"twitter:card\" content=\"summary_large_image\" \/>\n\t\t<meta name=\"twitter:site\" content=\"@i\" \/>\n\t\t<meta name=\"twitter:title\" content=\"Concept global de transport pour la r\u00e9gion de Baden et ses environs - immo!nvest - Die Plattform f\u00fcr Standorte und Immobilien\" \/>\n\t\t<meta name=\"twitter:description\" content=\"Le d\u00e9veloppement du concept global de transport (GVK) pour la r\u00e9gion de Baden et ses communes limitrophes prend forme : une \u00e9valuation compl\u00e8te de la situation et des objectifs fix\u00e9s marquent un progr\u00e8s important dans la planification r\u00e9gionale des transports.\" \/>\n\t\t<meta name=\"twitter:creator\" content=\"@i\" \/>\n\t\t<meta name=\"twitter:image\" content=\"https:\/\/www.immo-invest.ch\/wp-content\/uploads\/2024\/02\/2024-02-27-09_52_57-Radarfalle-Nach-herber-Schlappe-im-Blitzer-Streit_-Stadtrat-Baden-prueft-rechtl.png\" \/>\n\t\t<script type=\"application\/ld+json\" class=\"aioseo-schema\">\n\t\t\t{\"@context\":\"https:\\\/\\\/schema.org\",\"@graph\":[{\"@type\":\"BlogPosting\",\"@id\":\"https:\\\/\\\/www.immo-invest.ch\\\/fr\\\/gesamtverkehrskonzept-fuer-den-raum-baden-und-umgebung\\\/#blogposting\",\"name\":\"Concept global de transport pour la r\\u00e9gion de Baden et ses environs - immo!nvest - Die Plattform f\\u00fcr Standorte und Immobilien\",\"headline\":\"Concept global de transport pour la r\\u00e9gion de Baden et ses environs\",\"author\":{\"@id\":\"https:\\\/\\\/www.immo-invest.ch\\\/fr\\\/author\\\/immovestuser\\\/#author\"},\"publisher\":{\"@id\":\"https:\\\/\\\/www.immo-invest.ch\\\/fr\\\/#organization\"},\"image\":{\"@type\":\"ImageObject\",\"url\":\"https:\\\/\\\/www.immo-invest.ch\\\/wp-content\\\/uploads\\\/2024\\\/02\\\/2024-02-27-09_52_57-Radarfalle-Nach-herber-Schlappe-im-Blitzer-Streit_-Stadtrat-Baden-prueft-rechtl.png\",\"width\":1916,\"height\":1079},\"datePublished\":\"2024-02-27T09:55:55+01:00\",\"dateModified\":\"2024-02-27T10:55:45+01:00\",\"inLanguage\":\"fr-FR\",\"mainEntityOfPage\":{\"@id\":\"https:\\\/\\\/www.immo-invest.ch\\\/fr\\\/gesamtverkehrskonzept-fuer-den-raum-baden-und-umgebung\\\/#webpage\"},\"isPartOf\":{\"@id\":\"https:\\\/\\\/www.immo-invest.ch\\\/fr\\\/gesamtverkehrskonzept-fuer-den-raum-baden-und-umgebung\\\/#webpage\"},\"articleSection\":\"Mobilit\\u00e9, Beh\\u00f6rden, Gesamtverkehrskonzept, Mobilit\\u00e4t, Mobilit\\u00e4tsangebot, planungsschritte, Verkehr, Facultatif\"},{\"@type\":\"BreadcrumbList\",\"@id\":\"https:\\\/\\\/www.immo-invest.ch\\\/fr\\\/gesamtverkehrskonzept-fuer-den-raum-baden-und-umgebung\\\/#breadcrumblist\",\"itemListElement\":[{\"@type\":\"ListItem\",\"@id\":\"https:\\\/\\\/www.immo-invest.ch\\\/fr\\\/#listItem\",\"position\":1,\"name\":\"Home\",\"item\":\"https:\\\/\\\/www.immo-invest.ch\\\/fr\\\/\",\"nextItem\":{\"@type\":\"ListItem\",\"@id\":\"https:\\\/\\\/www.immo-invest.ch\\\/fr\\\/categories\\\/trends-fr\\\/#listItem\",\"name\":\"Trends\"}},{\"@type\":\"ListItem\",\"@id\":\"https:\\\/\\\/www.immo-invest.ch\\\/fr\\\/categories\\\/trends-fr\\\/#listItem\",\"position\":2,\"name\":\"Trends\",\"item\":\"https:\\\/\\\/www.immo-invest.ch\\\/fr\\\/categories\\\/trends-fr\\\/\",\"nextItem\":{\"@type\":\"ListItem\",\"@id\":\"https:\\\/\\\/www.immo-invest.ch\\\/fr\\\/categories\\\/trends-fr\\\/mobilite\\\/#listItem\",\"name\":\"Mobilit\\u00e9\"},\"previousItem\":{\"@type\":\"ListItem\",\"@id\":\"https:\\\/\\\/www.immo-invest.ch\\\/fr\\\/#listItem\",\"name\":\"Home\"}},{\"@type\":\"ListItem\",\"@id\":\"https:\\\/\\\/www.immo-invest.ch\\\/fr\\\/categories\\\/trends-fr\\\/mobilite\\\/#listItem\",\"position\":3,\"name\":\"Mobilit\\u00e9\",\"item\":\"https:\\\/\\\/www.immo-invest.ch\\\/fr\\\/categories\\\/trends-fr\\\/mobilite\\\/\",\"nextItem\":{\"@type\":\"ListItem\",\"@id\":\"https:\\\/\\\/www.immo-invest.ch\\\/fr\\\/gesamtverkehrskonzept-fuer-den-raum-baden-und-umgebung\\\/#listItem\",\"name\":\"Concept global de transport pour la r\\u00e9gion de Baden et ses environs\"},\"previousItem\":{\"@type\":\"ListItem\",\"@id\":\"https:\\\/\\\/www.immo-invest.ch\\\/fr\\\/categories\\\/trends-fr\\\/#listItem\",\"name\":\"Trends\"}},{\"@type\":\"ListItem\",\"@id\":\"https:\\\/\\\/www.immo-invest.ch\\\/fr\\\/gesamtverkehrskonzept-fuer-den-raum-baden-und-umgebung\\\/#listItem\",\"position\":4,\"name\":\"Concept global de transport pour la r\\u00e9gion de Baden et ses environs\",\"previousItem\":{\"@type\":\"ListItem\",\"@id\":\"https:\\\/\\\/www.immo-invest.ch\\\/fr\\\/categories\\\/trends-fr\\\/mobilite\\\/#listItem\",\"name\":\"Mobilit\\u00e9\"}}]},{\"@type\":\"Organization\",\"@id\":\"https:\\\/\\\/www.immo-invest.ch\\\/fr\\\/#organization\",\"name\":\"immo!nvest - Die Plattform f\\u00fcr Standorte und Immobilien\",\"description\":\"Die\\u00a0Plattform f\\u00fcr Standorte und Immobilien\",\"url\":\"https:\\\/\\\/www.immo-invest.ch\\\/fr\\\/\",\"email\":\"admin@immomedia.ag\",\"telephone\":\"+41444420002\",\"logo\":{\"@type\":\"ImageObject\",\"url\":\"https:\\\/\\\/www.immo-invest.ch\\\/wp-content\\\/uploads\\\/2024\\\/09\\\/immoinvest_sm-scaled.jpg\",\"@id\":\"https:\\\/\\\/www.immo-invest.ch\\\/fr\\\/gesamtverkehrskonzept-fuer-den-raum-baden-und-umgebung\\\/#organizationLogo\",\"width\":2560,\"height\":1340},\"image\":{\"@id\":\"https:\\\/\\\/www.immo-invest.ch\\\/fr\\\/gesamtverkehrskonzept-fuer-den-raum-baden-und-umgebung\\\/#organizationLogo\"},\"sameAs\":[\"https:\\\/\\\/www.facebook.com\\\/people\\\/Immoinvest\\\/100077962920504\\\/\",\"https:\\\/\\\/x.com\\\/i\\\/flow\\\/login?redirect_after_login=immoinvest_ch\",\"https:\\\/\\\/www.instagram.com\\\/immoinvest_ch\\\/\",\"https:\\\/\\\/www.linkedin.com\\\/company\\\/immoinvest-swiss\"]},{\"@type\":\"Person\",\"@id\":\"https:\\\/\\\/www.immo-invest.ch\\\/fr\\\/author\\\/immovestuser\\\/#author\",\"url\":\"https:\\\/\\\/www.immo-invest.ch\\\/fr\\\/author\\\/immovestuser\\\/\",\"name\":\"immovestuser\",\"image\":{\"@type\":\"ImageObject\",\"@id\":\"https:\\\/\\\/www.immo-invest.ch\\\/fr\\\/gesamtverkehrskonzept-fuer-den-raum-baden-und-umgebung\\\/#authorImage\",\"url\":\"https:\\\/\\\/secure.gravatar.com\\\/avatar\\\/8e01f4d99f2eeea7a362ebb93305e1172a70e9293ba250f897a65c39f54cdd1e?s=96&d=mm&r=g\",\"width\":96,\"height\":96,\"caption\":\"immovestuser\"}},{\"@type\":\"WebPage\",\"@id\":\"https:\\\/\\\/www.immo-invest.ch\\\/fr\\\/gesamtverkehrskonzept-fuer-den-raum-baden-und-umgebung\\\/#webpage\",\"url\":\"https:\\\/\\\/www.immo-invest.ch\\\/fr\\\/gesamtverkehrskonzept-fuer-den-raum-baden-und-umgebung\\\/\",\"name\":\"Concept global de transport pour la r\\u00e9gion de Baden et ses environs - immo!nvest - Die Plattform f\\u00fcr Standorte und Immobilien\",\"description\":\"Le d\\u00e9veloppement du concept global de transport (GVK) pour la r\\u00e9gion de Baden et ses communes limitrophes prend forme : une \\u00e9valuation compl\\u00e8te de la situation et des objectifs fix\\u00e9s marquent un progr\\u00e8s important dans la planification r\\u00e9gionale des transports.\",\"inLanguage\":\"fr-FR\",\"isPartOf\":{\"@id\":\"https:\\\/\\\/www.immo-invest.ch\\\/fr\\\/#website\"},\"breadcrumb\":{\"@id\":\"https:\\\/\\\/www.immo-invest.ch\\\/fr\\\/gesamtverkehrskonzept-fuer-den-raum-baden-und-umgebung\\\/#breadcrumblist\"},\"author\":{\"@id\":\"https:\\\/\\\/www.immo-invest.ch\\\/fr\\\/author\\\/immovestuser\\\/#author\"},\"creator\":{\"@id\":\"https:\\\/\\\/www.immo-invest.ch\\\/fr\\\/author\\\/immovestuser\\\/#author\"},\"image\":{\"@type\":\"ImageObject\",\"url\":\"https:\\\/\\\/www.immo-invest.ch\\\/wp-content\\\/uploads\\\/2024\\\/02\\\/2024-02-27-09_52_57-Radarfalle-Nach-herber-Schlappe-im-Blitzer-Streit_-Stadtrat-Baden-prueft-rechtl.png\",\"@id\":\"https:\\\/\\\/www.immo-invest.ch\\\/fr\\\/gesamtverkehrskonzept-fuer-den-raum-baden-und-umgebung\\\/#mainImage\",\"width\":1916,\"height\":1079},\"primaryImageOfPage\":{\"@id\":\"https:\\\/\\\/www.immo-invest.ch\\\/fr\\\/gesamtverkehrskonzept-fuer-den-raum-baden-und-umgebung\\\/#mainImage\"},\"datePublished\":\"2024-02-27T09:55:55+01:00\",\"dateModified\":\"2024-02-27T10:55:45+01:00\"},{\"@type\":\"WebSite\",\"@id\":\"https:\\\/\\\/www.immo-invest.ch\\\/fr\\\/#website\",\"url\":\"https:\\\/\\\/www.immo-invest.ch\\\/fr\\\/\",\"name\":\"immo!nvest - Die Plattform f\\u00fcr Standorte und Immobilien\",\"description\":\"Die\\u00a0Plattform f\\u00fcr Standorte und Immobilien\",\"inLanguage\":\"fr-FR\",\"publisher\":{\"@id\":\"https:\\\/\\\/www.immo-invest.ch\\\/fr\\\/#organization\"}}]}\n\t\t<\/script>\n\t\t<!-- All in One SEO -->\n\n","aioseo_head_json":{"title":"Concept global de transport pour la r\u00e9gion de Baden et ses environs - immo!nvest - Die Plattform f\u00fcr Standorte und Immobilien","description":"Le d\u00e9veloppement du concept global de transport (GVK) pour la r\u00e9gion de Baden et ses communes limitrophes prend forme : une \u00e9valuation compl\u00e8te de la situation et des objectifs fix\u00e9s marquent un progr\u00e8s important dans la planification r\u00e9gionale des transports.","canonical_url":"https:\/\/www.immo-invest.ch\/fr\/gesamtverkehrskonzept-fuer-den-raum-baden-und-umgebung\/","robots":"max-image-preview:large","keywords":"","webmasterTools":{"google-site-verification":"fHJKvgWpZCR2zVBHWfkQeFXC11qieUSff0HGNYfuyLA","miscellaneous":""},"schema":{"@context":"https:\/\/schema.org","@graph":[{"@type":"BlogPosting","@id":"https:\/\/www.immo-invest.ch\/fr\/gesamtverkehrskonzept-fuer-den-raum-baden-und-umgebung\/#blogposting","name":"Concept global de transport pour la r\u00e9gion de Baden et ses environs - immo!nvest - Die Plattform f\u00fcr Standorte und Immobilien","headline":"Concept global de transport pour la r\u00e9gion de Baden et ses environs","author":{"@id":"https:\/\/www.immo-invest.ch\/fr\/author\/immovestuser\/#author"},"publisher":{"@id":"https:\/\/www.immo-invest.ch\/fr\/#organization"},"image":{"@type":"ImageObject","url":"https:\/\/www.immo-invest.ch\/wp-content\/uploads\/2024\/02\/2024-02-27-09_52_57-Radarfalle-Nach-herber-Schlappe-im-Blitzer-Streit_-Stadtrat-Baden-prueft-rechtl.png","width":1916,"height":1079},"datePublished":"2024-02-27T09:55:55+01:00","dateModified":"2024-02-27T10:55:45+01:00","inLanguage":"fr-FR","mainEntityOfPage":{"@id":"https:\/\/www.immo-invest.ch\/fr\/gesamtverkehrskonzept-fuer-den-raum-baden-und-umgebung\/#webpage"},"isPartOf":{"@id":"https:\/\/www.immo-invest.ch\/fr\/gesamtverkehrskonzept-fuer-den-raum-baden-und-umgebung\/#webpage"},"articleSection":"Mobilit\u00e9, Beh\u00f6rden, Gesamtverkehrskonzept, Mobilit\u00e4t, Mobilit\u00e4tsangebot, planungsschritte, Verkehr, Facultatif"},{"@type":"BreadcrumbList","@id":"https:\/\/www.immo-invest.ch\/fr\/gesamtverkehrskonzept-fuer-den-raum-baden-und-umgebung\/#breadcrumblist","itemListElement":[{"@type":"ListItem","@id":"https:\/\/www.immo-invest.ch\/fr\/#listItem","position":1,"name":"Home","item":"https:\/\/www.immo-invest.ch\/fr\/","nextItem":{"@type":"ListItem","@id":"https:\/\/www.immo-invest.ch\/fr\/categories\/trends-fr\/#listItem","name":"Trends"}},{"@type":"ListItem","@id":"https:\/\/www.immo-invest.ch\/fr\/categories\/trends-fr\/#listItem","position":2,"name":"Trends","item":"https:\/\/www.immo-invest.ch\/fr\/categories\/trends-fr\/","nextItem":{"@type":"ListItem","@id":"https:\/\/www.immo-invest.ch\/fr\/categories\/trends-fr\/mobilite\/#listItem","name":"Mobilit\u00e9"},"previousItem":{"@type":"ListItem","@id":"https:\/\/www.immo-invest.ch\/fr\/#listItem","name":"Home"}},{"@type":"ListItem","@id":"https:\/\/www.immo-invest.ch\/fr\/categories\/trends-fr\/mobilite\/#listItem","position":3,"name":"Mobilit\u00e9","item":"https:\/\/www.immo-invest.ch\/fr\/categories\/trends-fr\/mobilite\/","nextItem":{"@type":"ListItem","@id":"https:\/\/www.immo-invest.ch\/fr\/gesamtverkehrskonzept-fuer-den-raum-baden-und-umgebung\/#listItem","name":"Concept global de transport pour la r\u00e9gion de Baden et ses environs"},"previousItem":{"@type":"ListItem","@id":"https:\/\/www.immo-invest.ch\/fr\/categories\/trends-fr\/#listItem","name":"Trends"}},{"@type":"ListItem","@id":"https:\/\/www.immo-invest.ch\/fr\/gesamtverkehrskonzept-fuer-den-raum-baden-und-umgebung\/#listItem","position":4,"name":"Concept global de transport pour la r\u00e9gion de Baden et ses environs","previousItem":{"@type":"ListItem","@id":"https:\/\/www.immo-invest.ch\/fr\/categories\/trends-fr\/mobilite\/#listItem","name":"Mobilit\u00e9"}}]},{"@type":"Organization","@id":"https:\/\/www.immo-invest.ch\/fr\/#organization","name":"immo!nvest - Die Plattform f\u00fcr Standorte und Immobilien","description":"Die\u00a0Plattform f\u00fcr Standorte und Immobilien","url":"https:\/\/www.immo-invest.ch\/fr\/","email":"admin@immomedia.ag","telephone":"+41444420002","logo":{"@type":"ImageObject","url":"https:\/\/www.immo-invest.ch\/wp-content\/uploads\/2024\/09\/immoinvest_sm-scaled.jpg","@id":"https:\/\/www.immo-invest.ch\/fr\/gesamtverkehrskonzept-fuer-den-raum-baden-und-umgebung\/#organizationLogo","width":2560,"height":1340},"image":{"@id":"https:\/\/www.immo-invest.ch\/fr\/gesamtverkehrskonzept-fuer-den-raum-baden-und-umgebung\/#organizationLogo"},"sameAs":["https:\/\/www.facebook.com\/people\/Immoinvest\/100077962920504\/","https:\/\/x.com\/i\/flow\/login?redirect_after_login=immoinvest_ch","https:\/\/www.instagram.com\/immoinvest_ch\/","https:\/\/www.linkedin.com\/company\/immoinvest-swiss"]},{"@type":"Person","@id":"https:\/\/www.immo-invest.ch\/fr\/author\/immovestuser\/#author","url":"https:\/\/www.immo-invest.ch\/fr\/author\/immovestuser\/","name":"immovestuser","image":{"@type":"ImageObject","@id":"https:\/\/www.immo-invest.ch\/fr\/gesamtverkehrskonzept-fuer-den-raum-baden-und-umgebung\/#authorImage","url":"https:\/\/secure.gravatar.com\/avatar\/8e01f4d99f2eeea7a362ebb93305e1172a70e9293ba250f897a65c39f54cdd1e?s=96&d=mm&r=g","width":96,"height":96,"caption":"immovestuser"}},{"@type":"WebPage","@id":"https:\/\/www.immo-invest.ch\/fr\/gesamtverkehrskonzept-fuer-den-raum-baden-und-umgebung\/#webpage","url":"https:\/\/www.immo-invest.ch\/fr\/gesamtverkehrskonzept-fuer-den-raum-baden-und-umgebung\/","name":"Concept global de transport pour la r\u00e9gion de Baden et ses environs - immo!nvest - Die Plattform f\u00fcr Standorte und Immobilien","description":"Le d\u00e9veloppement du concept global de transport (GVK) pour la r\u00e9gion de Baden et ses communes limitrophes prend forme : une \u00e9valuation compl\u00e8te de la situation et des objectifs fix\u00e9s marquent un progr\u00e8s important dans la planification r\u00e9gionale des transports.","inLanguage":"fr-FR","isPartOf":{"@id":"https:\/\/www.immo-invest.ch\/fr\/#website"},"breadcrumb":{"@id":"https:\/\/www.immo-invest.ch\/fr\/gesamtverkehrskonzept-fuer-den-raum-baden-und-umgebung\/#breadcrumblist"},"author":{"@id":"https:\/\/www.immo-invest.ch\/fr\/author\/immovestuser\/#author"},"creator":{"@id":"https:\/\/www.immo-invest.ch\/fr\/author\/immovestuser\/#author"},"image":{"@type":"ImageObject","url":"https:\/\/www.immo-invest.ch\/wp-content\/uploads\/2024\/02\/2024-02-27-09_52_57-Radarfalle-Nach-herber-Schlappe-im-Blitzer-Streit_-Stadtrat-Baden-prueft-rechtl.png","@id":"https:\/\/www.immo-invest.ch\/fr\/gesamtverkehrskonzept-fuer-den-raum-baden-und-umgebung\/#mainImage","width":1916,"height":1079},"primaryImageOfPage":{"@id":"https:\/\/www.immo-invest.ch\/fr\/gesamtverkehrskonzept-fuer-den-raum-baden-und-umgebung\/#mainImage"},"datePublished":"2024-02-27T09:55:55+01:00","dateModified":"2024-02-27T10:55:45+01:00"},{"@type":"WebSite","@id":"https:\/\/www.immo-invest.ch\/fr\/#website","url":"https:\/\/www.immo-invest.ch\/fr\/","name":"immo!nvest - Die Plattform f\u00fcr Standorte und Immobilien","description":"Die\u00a0Plattform f\u00fcr Standorte und Immobilien","inLanguage":"fr-FR","publisher":{"@id":"https:\/\/www.immo-invest.ch\/fr\/#organization"}}]},"og:locale":"fr_FR","og:site_name":"immo!nvest - Die Plattform f\u00fcr Standorte und Immobilien - Die\u00a0Plattform f\u00fcr Standorte und Immobilien","og:type":"article","og:title":"Concept global de transport pour la r\u00e9gion de Baden et ses environs - immo!nvest - Die Plattform f\u00fcr Standorte und Immobilien","og:description":"Le d\u00e9veloppement du concept global de transport (GVK) pour la r\u00e9gion de Baden et ses communes limitrophes prend forme : une \u00e9valuation compl\u00e8te de la situation et des objectifs fix\u00e9s marquent un progr\u00e8s important dans la planification r\u00e9gionale des transports.","og:url":"https:\/\/www.immo-invest.ch\/fr\/gesamtverkehrskonzept-fuer-den-raum-baden-und-umgebung\/","og:image":"https:\/\/www.immo-invest.ch\/wp-content\/uploads\/2024\/02\/2024-02-27-09_52_57-Radarfalle-Nach-herber-Schlappe-im-Blitzer-Streit_-Stadtrat-Baden-prueft-rechtl.png","og:image:secure_url":"https:\/\/www.immo-invest.ch\/wp-content\/uploads\/2024\/02\/2024-02-27-09_52_57-Radarfalle-Nach-herber-Schlappe-im-Blitzer-Streit_-Stadtrat-Baden-prueft-rechtl.png","og:image:width":1916,"og:image:height":1079,"article:published_time":"2024-02-27T08:55:55+00:00","article:modified_time":"2024-02-27T09:55:45+00:00","article:publisher":"https:\/\/www.facebook.com\/people\/Immoinvest\/100077962920504\/","twitter:card":"summary_large_image","twitter:site":"@i","twitter:title":"Concept global de transport pour la r\u00e9gion de Baden et ses environs - immo!nvest - Die Plattform f\u00fcr Standorte und Immobilien","twitter:description":"Le d\u00e9veloppement du concept global de transport (GVK) pour la r\u00e9gion de Baden et ses communes limitrophes prend forme : une \u00e9valuation compl\u00e8te de la situation et des objectifs fix\u00e9s marquent un progr\u00e8s important dans la planification r\u00e9gionale des transports.","twitter:creator":"@i","twitter:image":"https:\/\/www.immo-invest.ch\/wp-content\/uploads\/2024\/02\/2024-02-27-09_52_57-Radarfalle-Nach-herber-Schlappe-im-Blitzer-Streit_-Stadtrat-Baden-prueft-rechtl.png"},"aioseo_meta_data":{"post_id":"78042","title":null,"description":null,"keywords":null,"keyphrases":null,"primary_term":null,"canonical_url":null,"og_title":null,"og_description":null,"og_object_type":"default","og_image_type":"default","og_image_url":null,"og_image_width":null,"og_image_height":null,"og_image_custom_url":null,"og_image_custom_fields":null,"og_video":null,"og_custom_url":null,"og_article_section":null,"og_article_tags":null,"twitter_use_og":false,"twitter_card":"default","twitter_image_type":"default","twitter_image_url":null,"twitter_image_custom_url":null,"twitter_image_custom_fields":null,"twitter_title":null,"twitter_description":null,"schema":{"blockGraphs":[],"customGraphs":[],"default":{"data":{"Article":[],"Course":[],"Dataset":[],"FAQPage":[],"Movie":[],"Person":[],"Product":[],"ProductReview":[],"Car":[],"Recipe":[],"Service":[],"SoftwareApplication":[],"WebPage":[]},"graphName":"","isEnabled":true},"graphs":[]},"schema_type":"default","schema_type_options":null,"pillar_content":false,"robots_default":true,"robots_noindex":false,"robots_noarchive":false,"robots_nosnippet":false,"robots_nofollow":false,"robots_noimageindex":false,"robots_noodp":false,"robots_notranslate":false,"robots_max_snippet":null,"robots_max_videopreview":null,"robots_max_imagepreview":"large","priority":null,"frequency":null,"local_seo":null,"breadcrumb_settings":null,"limit_modified_date":false,"ai":null,"created":"2024-09-20 16:14:58","updated":"2025-10-23 22:32:12","seo_analyzer_scan_date":null,"focus_keyword":null,"additional_keywords":null,"truseo_locale":null},"aioseo_breadcrumb":"<div class=\"aioseo-breadcrumbs\"><span class=\"aioseo-breadcrumb\">\n\t\t\t<a href=\"https:\/\/www.immo-invest.ch\/fr\/\" title=\"Home\">Home<\/a>\n\t\t<\/span><span class=\"aioseo-breadcrumb-separator\">&raquo;<\/span><span class=\"aioseo-breadcrumb\">\n\t\t\t<a href=\"https:\/\/www.immo-invest.ch\/fr\/categories\/trends-fr\/\" title=\"Trends\">Trends<\/a>\n\t\t<\/span><span class=\"aioseo-breadcrumb-separator\">&raquo;<\/span><span class=\"aioseo-breadcrumb\">\n\t\t\t<a href=\"https:\/\/www.immo-invest.ch\/fr\/categories\/trends-fr\/mobilite\/\" title=\"Mobilit\u00e9\">Mobilit\u00e9<\/a>\n\t\t<\/span><span class=\"aioseo-breadcrumb-separator\">&raquo;<\/span><span class=\"aioseo-breadcrumb\">\n\t\t\tConcept global de transport pour la r\u00e9gion de Baden et ses environs\n\t\t<\/span><\/div>","aioseo_breadcrumb_json":[{"label":"Home","link":"https:\/\/www.immo-invest.ch\/fr\/"},{"label":"Trends","link":"https:\/\/www.immo-invest.ch\/fr\/categories\/trends-fr\/"},{"label":"Mobilit\u00e9","link":"https:\/\/www.immo-invest.ch\/fr\/categories\/trends-fr\/mobilite\/"},{"label":"Concept global de transport pour la r\u00e9gion de Baden et ses environs","link":"https:\/\/www.immo-invest.ch\/fr\/gesamtverkehrskonzept-fuer-den-raum-baden-und-umgebung\/"}],"featured_image_src":"https:\/\/www.immo-invest.ch\/wp-content\/uploads\/2024\/02\/2024-02-27-09_52_57-Radarfalle-Nach-herber-Schlappe-im-Blitzer-Streit_-Stadtrat-Baden-prueft-rechtl-336x168.png","_links":{"self":[{"href":"https:\/\/www.immo-invest.ch\/fr\/wp-json\/wp\/v2\/posts\/78042","targetHints":{"allow":["GET"]}}],"collection":[{"href":"https:\/\/www.immo-invest.ch\/fr\/wp-json\/wp\/v2\/posts"}],"about":[{"href":"https:\/\/www.immo-invest.ch\/fr\/wp-json\/wp\/v2\/types\/post"}],"author":[{"embeddable":true,"href":"https:\/\/www.immo-invest.ch\/fr\/wp-json\/wp\/v2\/users\/2"}],"replies":[{"embeddable":true,"href":"https:\/\/www.immo-invest.ch\/fr\/wp-json\/wp\/v2\/comments?post=78042"}],"version-history":[{"count":0,"href":"https:\/\/www.immo-invest.ch\/fr\/wp-json\/wp\/v2\/posts\/78042\/revisions"}],"wp:featuredmedia":[{"embeddable":true,"href":"https:\/\/www.immo-invest.ch\/fr\/wp-json\/wp\/v2\/media\/77943"}],"wp:attachment":[{"href":"https:\/\/www.immo-invest.ch\/fr\/wp-json\/wp\/v2\/media?parent=78042"}],"wp:term":[{"taxonomy":"category","embeddable":true,"href":"https:\/\/www.immo-invest.ch\/fr\/wp-json\/wp\/v2\/categories?post=78042"},{"taxonomy":"post_tag","embeddable":true,"href":"https:\/\/www.immo-invest.ch\/fr\/wp-json\/wp\/v2\/tags?post=78042"}],"curies":[{"name":"wp","href":"https:\/\/api.w.org\/{rel}","templated":true}]}}