{"id":77878,"date":"2024-02-26T17:49:40","date_gmt":"2024-02-26T16:49:40","guid":{"rendered":"https:\/\/www.immo-invest.ch\/solarfaltdach-ein-meilenstein-fuer-appenzell-i-rh\/"},"modified":"2024-02-27T10:51:43","modified_gmt":"2024-02-27T09:51:43","slug":"solarfaltdach-ein-meilenstein-fuer-appenzell-i-rh","status":"publish","type":"post","link":"https:\/\/www.immo-invest.ch\/fr\/solarfaltdach-ein-meilenstein-fuer-appenzell-i-rh\/","title":{"rendered":"Toiture solaire pliante : une \u00e9tape importante pour Appenzell Rhodes-Int\u00e9rieures"},"content":{"rendered":"<p class=\"wp-block-paragraph\">Lors de la r&eacute;cente journ&eacute;e portes ouvertes de la station d&rsquo;&eacute;puration des eaux us&eacute;es (STEP) d&rsquo;Appenzell Rhodes-Int&eacute;rieures, le dernier projet &ndash; un ing&eacute;nieux toit solaire pliant &ndash; a attir&eacute; environ 200 visiteurs int&eacute;ress&eacute;s. Cette installation innovante d&eacute;montre l&rsquo;alliance de l&rsquo;efficacit&eacute; &eacute;nerg&eacute;tique et de la protection de l&rsquo;environnement en couvrant 80% des besoins &eacute;nerg&eacute;tiques de la STEP et en minimisant la formation d&rsquo;algues dans les bassins d&rsquo;&eacute;puration.<\/p>\n\n\n\n<p class=\"wp-block-paragraph\">Ruedi Ulmann, le ma&icirc;tre d&rsquo;ouvrage du projet, a soulign&eacute; dans son discours l&rsquo;importance du projet pour la strat&eacute;gie r&eacute;gionale en mati&egrave;re d&rsquo;&eacute;nergie et de climat et a mis en avant le soutien du Grand Conseil. Le toit solaire pliant, dont la construction permet &agrave; la fois d&rsquo;optimiser l&rsquo;exploitation technique et de r&eacute;duire l&rsquo;impact environnemental, a &eacute;t&eacute; b&eacute;ni par le pr&ecirc;tre de la paroisse Lukas Hidber.<\/p>\n\n\n\n<p class=\"wp-block-paragraph\">Le toit solaire pliant impressionne par sa construction l&eacute;g&egrave;re, qui permet un acc&egrave;s illimit&eacute; &agrave; l&rsquo;installation et la prot&egrave;ge des intemp&eacute;ries gr&acirc;ce &agrave; un logiciel de commande intelligent. L&rsquo;allongement de la dur&eacute;e de vie des modules qui en r&eacute;sulte et la r&eacute;duction de la croissance des algues entra&icirc;nent une baisse des co&ucirc;ts d&rsquo;exploitation. L&rsquo;utilisation innovante des technologies solaires et de biogaz &agrave; la STEP d&rsquo;Appenzell Rhodes-Int&eacute;rieures est un exemple d&rsquo;avenir de l&rsquo;utilisation efficace des &eacute;nergies renouvelables dans les installations municipales.<\/p>\n","protected":false},"excerpt":{"rendered":"<p>La derni\u00e8re extension de la station d&rsquo;\u00e9puration des eaux us\u00e9es d&rsquo;Appenzell Rhodes-Int\u00e9rieures, un toit solaire pliant ultramoderne, marque une avanc\u00e9e significative dans la strat\u00e9gie cantonale en mati\u00e8re d&rsquo;\u00e9nergie et de protection du climat. L&rsquo;inauguration du toit solaire pliant a attir\u00e9 de nombreux visiteurs et a soulign\u00e9 l&rsquo;engagement de la r\u00e9gion en faveur des \u00e9nergies renouvelables.<\/p>\n","protected":false},"author":2,"featured_media":11877,"comment_status":"open","ping_status":"open","sticky":false,"template":"","format":"standard","meta":{"pmpro_default_level":"0","inline_featured_image":false,"_monsterinsights_skip_tracking":false,"footnotes":""},"categories":[8747],"tags":[41976,4376,5524,2053,22983,43886,40521],"class_list":["post-77878","post","type-post","status-publish","format-standard","has-post-thumbnail","hentry","category-energie","tag-abwasseranlage-fr","tag-abwasserreinigungsanlage-fr","tag-anlage-fr","tag-energieeffizienz-fr","tag-photovoltaikanlage-fr","tag-solarpanelen-fr","tag-tag-der-offenen-tuer-fr","pmpro-has-access"],"acf":{"bild_mit_ki_erstellt_worden":[],"lead":"La derni\u00e8re extension de la station d'\u00e9puration des eaux us\u00e9es d'Appenzell Rhodes-Int\u00e9rieures, un toit solaire pliant ultramoderne, marque une avanc\u00e9e significative dans la strat\u00e9gie cantonale en mati\u00e8re d'\u00e9nergie et de protection du climat. L'inauguration du toit solaire pliant a attir\u00e9 de nombreux visiteurs et a soulign\u00e9 l'engagement de la r\u00e9gion en faveur des \u00e9nergies renouvelables.","autor":"Quelle: Appenzell Innerrhoden","ort":"","bildunterschrift":"","bild_im_grid":false,"gallerie":"","newsim":""},"aioseo_notices":[],"aioseo_head":"\n\t\t<!-- All in One SEO 5.0.1.1 - aioseo.com -->\n\t<meta name=\"description\" content=\"La derni\u00e8re extension de la station d&#039;\u00e9puration des eaux us\u00e9es d&#039;Appenzell Rhodes-Int\u00e9rieures, un toit solaire pliant ultramoderne, marque une avanc\u00e9e significative dans la strat\u00e9gie cantonale en mati\u00e8re d&#039;\u00e9nergie et de protection du climat. L&#039;inauguration du toit solaire pliant a attir\u00e9 de nombreux visiteurs et a soulign\u00e9 l&#039;engagement de la r\u00e9gion en faveur des \u00e9nergies renouvelables.\" \/>\n\t<meta name=\"robots\" content=\"max-image-preview:large\" \/>\n\t<meta name=\"author\" content=\"immovestuser\"\/>\n\t<meta name=\"google-site-verification\" content=\"fHJKvgWpZCR2zVBHWfkQeFXC11qieUSff0HGNYfuyLA\" \/>\n\t<link rel=\"canonical\" href=\"https:\/\/www.immo-invest.ch\/fr\/solarfaltdach-ein-meilenstein-fuer-appenzell-i-rh\/\" \/>\n\t<meta name=\"generator\" content=\"All in One SEO (AIOSEO) 5.0.1.1\" \/>\n\t\t<meta property=\"og:locale\" content=\"fr_FR\" \/>\n\t\t<meta property=\"og:site_name\" content=\"immo!nvest - Die Plattform f\u00fcr Standorte und Immobilien - Die\u00a0Plattform f\u00fcr Standorte und Immobilien\" \/>\n\t\t<meta property=\"og:type\" content=\"article\" \/>\n\t\t<meta property=\"og:title\" content=\"Toiture solaire pliante : une \u00e9tape importante pour Appenzell Rhodes-Int\u00e9rieures - immo!nvest - Die Plattform f\u00fcr Standorte und Immobilien\" \/>\n\t\t<meta property=\"og:description\" content=\"La derni\u00e8re extension de la station d&#039;\u00e9puration des eaux us\u00e9es d&#039;Appenzell Rhodes-Int\u00e9rieures, un toit solaire pliant ultramoderne, marque une avanc\u00e9e significative dans la strat\u00e9gie cantonale en mati\u00e8re d&#039;\u00e9nergie et de protection du climat. L&#039;inauguration du toit solaire pliant a attir\u00e9 de nombreux visiteurs et a soulign\u00e9 l&#039;engagement de la r\u00e9gion en faveur des \u00e9nergies renouvelables.\" \/>\n\t\t<meta property=\"og:url\" content=\"https:\/\/www.immo-invest.ch\/fr\/solarfaltdach-ein-meilenstein-fuer-appenzell-i-rh\/\" \/>\n\t\t<meta property=\"og:image\" content=\"https:\/\/www.immo-invest.ch\/wp-content\/uploads\/2021\/01\/energie-18.jpg\" \/>\n\t\t<meta property=\"og:image:secure_url\" content=\"https:\/\/www.immo-invest.ch\/wp-content\/uploads\/2021\/01\/energie-18.jpg\" \/>\n\t\t<meta property=\"og:image:width\" content=\"1200\" \/>\n\t\t<meta property=\"og:image:height\" content=\"628\" \/>\n\t\t<meta property=\"article:published_time\" content=\"2024-02-26T16:49:40+00:00\" \/>\n\t\t<meta property=\"article:modified_time\" content=\"2024-02-27T09:51:43+00:00\" \/>\n\t\t<meta property=\"article:publisher\" content=\"https:\/\/www.facebook.com\/people\/Immoinvest\/100077962920504\/\" \/>\n\t\t<meta name=\"twitter:card\" content=\"summary_large_image\" \/>\n\t\t<meta name=\"twitter:site\" content=\"@i\" \/>\n\t\t<meta name=\"twitter:title\" content=\"Toiture solaire pliante : une \u00e9tape importante pour Appenzell Rhodes-Int\u00e9rieures - immo!nvest - Die Plattform f\u00fcr Standorte und Immobilien\" \/>\n\t\t<meta name=\"twitter:description\" content=\"La derni\u00e8re extension de la station d&#039;\u00e9puration des eaux us\u00e9es d&#039;Appenzell Rhodes-Int\u00e9rieures, un toit solaire pliant ultramoderne, marque une avanc\u00e9e significative dans la strat\u00e9gie cantonale en mati\u00e8re d&#039;\u00e9nergie et de protection du climat. L&#039;inauguration du toit solaire pliant a attir\u00e9 de nombreux visiteurs et a soulign\u00e9 l&#039;engagement de la r\u00e9gion en faveur des \u00e9nergies renouvelables.\" \/>\n\t\t<meta name=\"twitter:creator\" content=\"@i\" \/>\n\t\t<meta name=\"twitter:image\" content=\"https:\/\/www.immo-invest.ch\/wp-content\/uploads\/2021\/01\/energie-18.jpg\" \/>\n\t\t<script type=\"application\/ld+json\" class=\"aioseo-schema\">\n\t\t\t{\"@context\":\"https:\\\/\\\/schema.org\",\"@graph\":[{\"@type\":\"BlogPosting\",\"@id\":\"https:\\\/\\\/www.immo-invest.ch\\\/fr\\\/solarfaltdach-ein-meilenstein-fuer-appenzell-i-rh\\\/#blogposting\",\"name\":\"Toiture solaire pliante : une \\u00e9tape importante pour Appenzell Rhodes-Int\\u00e9rieures - immo!nvest - Die Plattform f\\u00fcr Standorte und Immobilien\",\"headline\":\"Toiture solaire pliante : une \\u00e9tape importante pour Appenzell Rhodes-Int\\u00e9rieures\",\"author\":{\"@id\":\"https:\\\/\\\/www.immo-invest.ch\\\/fr\\\/author\\\/immovestuser\\\/#author\"},\"publisher\":{\"@id\":\"https:\\\/\\\/www.immo-invest.ch\\\/fr\\\/#organization\"},\"image\":{\"@type\":\"ImageObject\",\"url\":\"https:\\\/\\\/www.immo-invest.ch\\\/wp-content\\\/uploads\\\/2021\\\/01\\\/energie-18.jpg\",\"width\":1200,\"height\":628},\"datePublished\":\"2024-02-26T17:49:40+01:00\",\"dateModified\":\"2024-02-27T10:51:43+01:00\",\"inLanguage\":\"fr-FR\",\"mainEntityOfPage\":{\"@id\":\"https:\\\/\\\/www.immo-invest.ch\\\/fr\\\/solarfaltdach-ein-meilenstein-fuer-appenzell-i-rh\\\/#webpage\"},\"isPartOf\":{\"@id\":\"https:\\\/\\\/www.immo-invest.ch\\\/fr\\\/solarfaltdach-ein-meilenstein-fuer-appenzell-i-rh\\\/#webpage\"},\"articleSection\":\"\\u00c9nergie, Abwasseranlage, Abwasserreinigungsanlage, Anlage, Energieeffizienz, Photovoltaikanlage, Solarpanelen, Tag der Offenen T\\u00fcr, Facultatif\"},{\"@type\":\"BreadcrumbList\",\"@id\":\"https:\\\/\\\/www.immo-invest.ch\\\/fr\\\/solarfaltdach-ein-meilenstein-fuer-appenzell-i-rh\\\/#breadcrumblist\",\"itemListElement\":[{\"@type\":\"ListItem\",\"@id\":\"https:\\\/\\\/www.immo-invest.ch\\\/fr\\\/#listItem\",\"position\":1,\"name\":\"Home\",\"item\":\"https:\\\/\\\/www.immo-invest.ch\\\/fr\\\/\",\"nextItem\":{\"@type\":\"ListItem\",\"@id\":\"https:\\\/\\\/www.immo-invest.ch\\\/fr\\\/categories\\\/energie\\\/#listItem\",\"name\":\"\\u00c9nergie\"}},{\"@type\":\"ListItem\",\"@id\":\"https:\\\/\\\/www.immo-invest.ch\\\/fr\\\/categories\\\/energie\\\/#listItem\",\"position\":2,\"name\":\"\\u00c9nergie\",\"item\":\"https:\\\/\\\/www.immo-invest.ch\\\/fr\\\/categories\\\/energie\\\/\",\"nextItem\":{\"@type\":\"ListItem\",\"@id\":\"https:\\\/\\\/www.immo-invest.ch\\\/fr\\\/solarfaltdach-ein-meilenstein-fuer-appenzell-i-rh\\\/#listItem\",\"name\":\"Toiture solaire pliante : une \\u00e9tape importante pour Appenzell Rhodes-Int\\u00e9rieures\"},\"previousItem\":{\"@type\":\"ListItem\",\"@id\":\"https:\\\/\\\/www.immo-invest.ch\\\/fr\\\/#listItem\",\"name\":\"Home\"}},{\"@type\":\"ListItem\",\"@id\":\"https:\\\/\\\/www.immo-invest.ch\\\/fr\\\/solarfaltdach-ein-meilenstein-fuer-appenzell-i-rh\\\/#listItem\",\"position\":3,\"name\":\"Toiture solaire pliante : une \\u00e9tape importante pour Appenzell Rhodes-Int\\u00e9rieures\",\"previousItem\":{\"@type\":\"ListItem\",\"@id\":\"https:\\\/\\\/www.immo-invest.ch\\\/fr\\\/categories\\\/energie\\\/#listItem\",\"name\":\"\\u00c9nergie\"}}]},{\"@type\":\"Organization\",\"@id\":\"https:\\\/\\\/www.immo-invest.ch\\\/fr\\\/#organization\",\"name\":\"immo!nvest - Die Plattform f\\u00fcr Standorte und Immobilien\",\"description\":\"Die\\u00a0Plattform f\\u00fcr Standorte und Immobilien\",\"url\":\"https:\\\/\\\/www.immo-invest.ch\\\/fr\\\/\",\"email\":\"admin@immomedia.ag\",\"telephone\":\"+41444420002\",\"logo\":{\"@type\":\"ImageObject\",\"url\":\"https:\\\/\\\/www.immo-invest.ch\\\/wp-content\\\/uploads\\\/2024\\\/09\\\/immoinvest_sm-scaled.jpg\",\"@id\":\"https:\\\/\\\/www.immo-invest.ch\\\/fr\\\/solarfaltdach-ein-meilenstein-fuer-appenzell-i-rh\\\/#organizationLogo\",\"width\":2560,\"height\":1340},\"image\":{\"@id\":\"https:\\\/\\\/www.immo-invest.ch\\\/fr\\\/solarfaltdach-ein-meilenstein-fuer-appenzell-i-rh\\\/#organizationLogo\"},\"sameAs\":[\"https:\\\/\\\/www.facebook.com\\\/people\\\/Immoinvest\\\/100077962920504\\\/\",\"https:\\\/\\\/x.com\\\/i\\\/flow\\\/login?redirect_after_login=immoinvest_ch\",\"https:\\\/\\\/www.instagram.com\\\/immoinvest_ch\\\/\",\"https:\\\/\\\/www.linkedin.com\\\/company\\\/immoinvest-swiss\"]},{\"@type\":\"Person\",\"@id\":\"https:\\\/\\\/www.immo-invest.ch\\\/fr\\\/author\\\/immovestuser\\\/#author\",\"url\":\"https:\\\/\\\/www.immo-invest.ch\\\/fr\\\/author\\\/immovestuser\\\/\",\"name\":\"immovestuser\",\"image\":{\"@type\":\"ImageObject\",\"@id\":\"https:\\\/\\\/www.immo-invest.ch\\\/fr\\\/solarfaltdach-ein-meilenstein-fuer-appenzell-i-rh\\\/#authorImage\",\"url\":\"https:\\\/\\\/secure.gravatar.com\\\/avatar\\\/8e01f4d99f2eeea7a362ebb93305e1172a70e9293ba250f897a65c39f54cdd1e?s=96&d=mm&r=g\",\"width\":96,\"height\":96,\"caption\":\"immovestuser\"}},{\"@type\":\"WebPage\",\"@id\":\"https:\\\/\\\/www.immo-invest.ch\\\/fr\\\/solarfaltdach-ein-meilenstein-fuer-appenzell-i-rh\\\/#webpage\",\"url\":\"https:\\\/\\\/www.immo-invest.ch\\\/fr\\\/solarfaltdach-ein-meilenstein-fuer-appenzell-i-rh\\\/\",\"name\":\"Toiture solaire pliante : une \\u00e9tape importante pour Appenzell Rhodes-Int\\u00e9rieures - immo!nvest - Die Plattform f\\u00fcr Standorte und Immobilien\",\"description\":\"La derni\\u00e8re extension de la station d'\\u00e9puration des eaux us\\u00e9es d'Appenzell Rhodes-Int\\u00e9rieures, un toit solaire pliant ultramoderne, marque une avanc\\u00e9e significative dans la strat\\u00e9gie cantonale en mati\\u00e8re d'\\u00e9nergie et de protection du climat. L'inauguration du toit solaire pliant a attir\\u00e9 de nombreux visiteurs et a soulign\\u00e9 l'engagement de la r\\u00e9gion en faveur des \\u00e9nergies renouvelables.\",\"inLanguage\":\"fr-FR\",\"isPartOf\":{\"@id\":\"https:\\\/\\\/www.immo-invest.ch\\\/fr\\\/#website\"},\"breadcrumb\":{\"@id\":\"https:\\\/\\\/www.immo-invest.ch\\\/fr\\\/solarfaltdach-ein-meilenstein-fuer-appenzell-i-rh\\\/#breadcrumblist\"},\"author\":{\"@id\":\"https:\\\/\\\/www.immo-invest.ch\\\/fr\\\/author\\\/immovestuser\\\/#author\"},\"creator\":{\"@id\":\"https:\\\/\\\/www.immo-invest.ch\\\/fr\\\/author\\\/immovestuser\\\/#author\"},\"image\":{\"@type\":\"ImageObject\",\"url\":\"https:\\\/\\\/www.immo-invest.ch\\\/wp-content\\\/uploads\\\/2021\\\/01\\\/energie-18.jpg\",\"@id\":\"https:\\\/\\\/www.immo-invest.ch\\\/fr\\\/solarfaltdach-ein-meilenstein-fuer-appenzell-i-rh\\\/#mainImage\",\"width\":1200,\"height\":628},\"primaryImageOfPage\":{\"@id\":\"https:\\\/\\\/www.immo-invest.ch\\\/fr\\\/solarfaltdach-ein-meilenstein-fuer-appenzell-i-rh\\\/#mainImage\"},\"datePublished\":\"2024-02-26T17:49:40+01:00\",\"dateModified\":\"2024-02-27T10:51:43+01:00\"},{\"@type\":\"WebSite\",\"@id\":\"https:\\\/\\\/www.immo-invest.ch\\\/fr\\\/#website\",\"url\":\"https:\\\/\\\/www.immo-invest.ch\\\/fr\\\/\",\"name\":\"immo!nvest - Die Plattform f\\u00fcr Standorte und Immobilien\",\"description\":\"Die\\u00a0Plattform f\\u00fcr Standorte und Immobilien\",\"inLanguage\":\"fr-FR\",\"publisher\":{\"@id\":\"https:\\\/\\\/www.immo-invest.ch\\\/fr\\\/#organization\"}}]}\n\t\t<\/script>\n\t\t<!-- All in One SEO -->\n\n","aioseo_head_json":{"title":"Toiture solaire pliante : une \u00e9tape importante pour Appenzell Rhodes-Int\u00e9rieures - immo!nvest - Die Plattform f\u00fcr Standorte und Immobilien","description":"La derni\u00e8re extension de la station d'\u00e9puration des eaux us\u00e9es d'Appenzell Rhodes-Int\u00e9rieures, un toit solaire pliant ultramoderne, marque une avanc\u00e9e significative dans la strat\u00e9gie cantonale en mati\u00e8re d'\u00e9nergie et de protection du climat. L'inauguration du toit solaire pliant a attir\u00e9 de nombreux visiteurs et a soulign\u00e9 l'engagement de la r\u00e9gion en faveur des \u00e9nergies renouvelables.","canonical_url":"https:\/\/www.immo-invest.ch\/fr\/solarfaltdach-ein-meilenstein-fuer-appenzell-i-rh\/","robots":"max-image-preview:large","keywords":"","webmasterTools":{"google-site-verification":"fHJKvgWpZCR2zVBHWfkQeFXC11qieUSff0HGNYfuyLA","miscellaneous":""},"schema":{"@context":"https:\/\/schema.org","@graph":[{"@type":"BlogPosting","@id":"https:\/\/www.immo-invest.ch\/fr\/solarfaltdach-ein-meilenstein-fuer-appenzell-i-rh\/#blogposting","name":"Toiture solaire pliante : une \u00e9tape importante pour Appenzell Rhodes-Int\u00e9rieures - immo!nvest - Die Plattform f\u00fcr Standorte und Immobilien","headline":"Toiture solaire pliante : une \u00e9tape importante pour Appenzell Rhodes-Int\u00e9rieures","author":{"@id":"https:\/\/www.immo-invest.ch\/fr\/author\/immovestuser\/#author"},"publisher":{"@id":"https:\/\/www.immo-invest.ch\/fr\/#organization"},"image":{"@type":"ImageObject","url":"https:\/\/www.immo-invest.ch\/wp-content\/uploads\/2021\/01\/energie-18.jpg","width":1200,"height":628},"datePublished":"2024-02-26T17:49:40+01:00","dateModified":"2024-02-27T10:51:43+01:00","inLanguage":"fr-FR","mainEntityOfPage":{"@id":"https:\/\/www.immo-invest.ch\/fr\/solarfaltdach-ein-meilenstein-fuer-appenzell-i-rh\/#webpage"},"isPartOf":{"@id":"https:\/\/www.immo-invest.ch\/fr\/solarfaltdach-ein-meilenstein-fuer-appenzell-i-rh\/#webpage"},"articleSection":"\u00c9nergie, Abwasseranlage, Abwasserreinigungsanlage, Anlage, Energieeffizienz, Photovoltaikanlage, Solarpanelen, Tag der Offenen T\u00fcr, Facultatif"},{"@type":"BreadcrumbList","@id":"https:\/\/www.immo-invest.ch\/fr\/solarfaltdach-ein-meilenstein-fuer-appenzell-i-rh\/#breadcrumblist","itemListElement":[{"@type":"ListItem","@id":"https:\/\/www.immo-invest.ch\/fr\/#listItem","position":1,"name":"Home","item":"https:\/\/www.immo-invest.ch\/fr\/","nextItem":{"@type":"ListItem","@id":"https:\/\/www.immo-invest.ch\/fr\/categories\/energie\/#listItem","name":"\u00c9nergie"}},{"@type":"ListItem","@id":"https:\/\/www.immo-invest.ch\/fr\/categories\/energie\/#listItem","position":2,"name":"\u00c9nergie","item":"https:\/\/www.immo-invest.ch\/fr\/categories\/energie\/","nextItem":{"@type":"ListItem","@id":"https:\/\/www.immo-invest.ch\/fr\/solarfaltdach-ein-meilenstein-fuer-appenzell-i-rh\/#listItem","name":"Toiture solaire pliante : une \u00e9tape importante pour Appenzell Rhodes-Int\u00e9rieures"},"previousItem":{"@type":"ListItem","@id":"https:\/\/www.immo-invest.ch\/fr\/#listItem","name":"Home"}},{"@type":"ListItem","@id":"https:\/\/www.immo-invest.ch\/fr\/solarfaltdach-ein-meilenstein-fuer-appenzell-i-rh\/#listItem","position":3,"name":"Toiture solaire pliante : une \u00e9tape importante pour Appenzell Rhodes-Int\u00e9rieures","previousItem":{"@type":"ListItem","@id":"https:\/\/www.immo-invest.ch\/fr\/categories\/energie\/#listItem","name":"\u00c9nergie"}}]},{"@type":"Organization","@id":"https:\/\/www.immo-invest.ch\/fr\/#organization","name":"immo!nvest - Die Plattform f\u00fcr Standorte und Immobilien","description":"Die\u00a0Plattform f\u00fcr Standorte und Immobilien","url":"https:\/\/www.immo-invest.ch\/fr\/","email":"admin@immomedia.ag","telephone":"+41444420002","logo":{"@type":"ImageObject","url":"https:\/\/www.immo-invest.ch\/wp-content\/uploads\/2024\/09\/immoinvest_sm-scaled.jpg","@id":"https:\/\/www.immo-invest.ch\/fr\/solarfaltdach-ein-meilenstein-fuer-appenzell-i-rh\/#organizationLogo","width":2560,"height":1340},"image":{"@id":"https:\/\/www.immo-invest.ch\/fr\/solarfaltdach-ein-meilenstein-fuer-appenzell-i-rh\/#organizationLogo"},"sameAs":["https:\/\/www.facebook.com\/people\/Immoinvest\/100077962920504\/","https:\/\/x.com\/i\/flow\/login?redirect_after_login=immoinvest_ch","https:\/\/www.instagram.com\/immoinvest_ch\/","https:\/\/www.linkedin.com\/company\/immoinvest-swiss"]},{"@type":"Person","@id":"https:\/\/www.immo-invest.ch\/fr\/author\/immovestuser\/#author","url":"https:\/\/www.immo-invest.ch\/fr\/author\/immovestuser\/","name":"immovestuser","image":{"@type":"ImageObject","@id":"https:\/\/www.immo-invest.ch\/fr\/solarfaltdach-ein-meilenstein-fuer-appenzell-i-rh\/#authorImage","url":"https:\/\/secure.gravatar.com\/avatar\/8e01f4d99f2eeea7a362ebb93305e1172a70e9293ba250f897a65c39f54cdd1e?s=96&d=mm&r=g","width":96,"height":96,"caption":"immovestuser"}},{"@type":"WebPage","@id":"https:\/\/www.immo-invest.ch\/fr\/solarfaltdach-ein-meilenstein-fuer-appenzell-i-rh\/#webpage","url":"https:\/\/www.immo-invest.ch\/fr\/solarfaltdach-ein-meilenstein-fuer-appenzell-i-rh\/","name":"Toiture solaire pliante : une \u00e9tape importante pour Appenzell Rhodes-Int\u00e9rieures - immo!nvest - Die Plattform f\u00fcr Standorte und Immobilien","description":"La derni\u00e8re extension de la station d'\u00e9puration des eaux us\u00e9es d'Appenzell Rhodes-Int\u00e9rieures, un toit solaire pliant ultramoderne, marque une avanc\u00e9e significative dans la strat\u00e9gie cantonale en mati\u00e8re d'\u00e9nergie et de protection du climat. L'inauguration du toit solaire pliant a attir\u00e9 de nombreux visiteurs et a soulign\u00e9 l'engagement de la r\u00e9gion en faveur des \u00e9nergies renouvelables.","inLanguage":"fr-FR","isPartOf":{"@id":"https:\/\/www.immo-invest.ch\/fr\/#website"},"breadcrumb":{"@id":"https:\/\/www.immo-invest.ch\/fr\/solarfaltdach-ein-meilenstein-fuer-appenzell-i-rh\/#breadcrumblist"},"author":{"@id":"https:\/\/www.immo-invest.ch\/fr\/author\/immovestuser\/#author"},"creator":{"@id":"https:\/\/www.immo-invest.ch\/fr\/author\/immovestuser\/#author"},"image":{"@type":"ImageObject","url":"https:\/\/www.immo-invest.ch\/wp-content\/uploads\/2021\/01\/energie-18.jpg","@id":"https:\/\/www.immo-invest.ch\/fr\/solarfaltdach-ein-meilenstein-fuer-appenzell-i-rh\/#mainImage","width":1200,"height":628},"primaryImageOfPage":{"@id":"https:\/\/www.immo-invest.ch\/fr\/solarfaltdach-ein-meilenstein-fuer-appenzell-i-rh\/#mainImage"},"datePublished":"2024-02-26T17:49:40+01:00","dateModified":"2024-02-27T10:51:43+01:00"},{"@type":"WebSite","@id":"https:\/\/www.immo-invest.ch\/fr\/#website","url":"https:\/\/www.immo-invest.ch\/fr\/","name":"immo!nvest - Die Plattform f\u00fcr Standorte und Immobilien","description":"Die\u00a0Plattform f\u00fcr Standorte und Immobilien","inLanguage":"fr-FR","publisher":{"@id":"https:\/\/www.immo-invest.ch\/fr\/#organization"}}]},"og:locale":"fr_FR","og:site_name":"immo!nvest - Die Plattform f\u00fcr Standorte und Immobilien - Die\u00a0Plattform f\u00fcr Standorte und Immobilien","og:type":"article","og:title":"Toiture solaire pliante : une \u00e9tape importante pour Appenzell Rhodes-Int\u00e9rieures - immo!nvest - Die Plattform f\u00fcr Standorte und Immobilien","og:description":"La derni\u00e8re extension de la station d'\u00e9puration des eaux us\u00e9es d'Appenzell Rhodes-Int\u00e9rieures, un toit solaire pliant ultramoderne, marque une avanc\u00e9e significative dans la strat\u00e9gie cantonale en mati\u00e8re d'\u00e9nergie et de protection du climat. L'inauguration du toit solaire pliant a attir\u00e9 de nombreux visiteurs et a soulign\u00e9 l'engagement de la r\u00e9gion en faveur des \u00e9nergies renouvelables.","og:url":"https:\/\/www.immo-invest.ch\/fr\/solarfaltdach-ein-meilenstein-fuer-appenzell-i-rh\/","og:image":"https:\/\/www.immo-invest.ch\/wp-content\/uploads\/2021\/01\/energie-18.jpg","og:image:secure_url":"https:\/\/www.immo-invest.ch\/wp-content\/uploads\/2021\/01\/energie-18.jpg","og:image:width":1200,"og:image:height":628,"article:published_time":"2024-02-26T16:49:40+00:00","article:modified_time":"2024-02-27T09:51:43+00:00","article:publisher":"https:\/\/www.facebook.com\/people\/Immoinvest\/100077962920504\/","twitter:card":"summary_large_image","twitter:site":"@i","twitter:title":"Toiture solaire pliante : une \u00e9tape importante pour Appenzell Rhodes-Int\u00e9rieures - immo!nvest - Die Plattform f\u00fcr Standorte und Immobilien","twitter:description":"La derni\u00e8re extension de la station d'\u00e9puration des eaux us\u00e9es d'Appenzell Rhodes-Int\u00e9rieures, un toit solaire pliant ultramoderne, marque une avanc\u00e9e significative dans la strat\u00e9gie cantonale en mati\u00e8re d'\u00e9nergie et de protection du climat. L'inauguration du toit solaire pliant a attir\u00e9 de nombreux visiteurs et a soulign\u00e9 l'engagement de la r\u00e9gion en faveur des \u00e9nergies renouvelables.","twitter:creator":"@i","twitter:image":"https:\/\/www.immo-invest.ch\/wp-content\/uploads\/2021\/01\/energie-18.jpg"},"aioseo_meta_data":{"post_id":"77878","title":null,"description":null,"keywords":null,"keyphrases":null,"primary_term":null,"canonical_url":null,"og_title":null,"og_description":null,"og_object_type":"default","og_image_type":"default","og_image_url":null,"og_image_width":null,"og_image_height":null,"og_image_custom_url":null,"og_image_custom_fields":null,"og_video":null,"og_custom_url":null,"og_article_section":null,"og_article_tags":null,"twitter_use_og":false,"twitter_card":"default","twitter_image_type":"default","twitter_image_url":null,"twitter_image_custom_url":null,"twitter_image_custom_fields":null,"twitter_title":null,"twitter_description":null,"schema":{"blockGraphs":[],"customGraphs":[],"default":{"data":{"Article":[],"Course":[],"Dataset":[],"FAQPage":[],"Movie":[],"Person":[],"Product":[],"ProductReview":[],"Car":[],"Recipe":[],"Service":[],"SoftwareApplication":[],"WebPage":[]},"graphName":"","isEnabled":true},"graphs":[]},"schema_type":"default","schema_type_options":null,"pillar_content":false,"robots_default":true,"robots_noindex":false,"robots_noarchive":false,"robots_nosnippet":false,"robots_nofollow":false,"robots_noimageindex":false,"robots_noodp":false,"robots_notranslate":false,"robots_max_snippet":null,"robots_max_videopreview":null,"robots_max_imagepreview":"large","priority":null,"frequency":null,"local_seo":null,"breadcrumb_settings":null,"limit_modified_date":false,"ai":null,"created":"2024-09-20 16:11:01","updated":"2025-10-23 22:29:12","seo_analyzer_scan_date":null,"focus_keyword":null,"additional_keywords":null,"truseo_locale":null},"aioseo_breadcrumb":"<div class=\"aioseo-breadcrumbs\"><span class=\"aioseo-breadcrumb\">\n\t\t\t<a href=\"https:\/\/www.immo-invest.ch\/fr\/\" title=\"Home\">Home<\/a>\n\t\t<\/span><span class=\"aioseo-breadcrumb-separator\">&raquo;<\/span><span class=\"aioseo-breadcrumb\">\n\t\t\t<a href=\"https:\/\/www.immo-invest.ch\/fr\/categories\/energie\/\" title=\"\u00c9nergie\">\u00c9nergie<\/a>\n\t\t<\/span><span class=\"aioseo-breadcrumb-separator\">&raquo;<\/span><span class=\"aioseo-breadcrumb\">\n\t\t\tToiture solaire pliante : une \u00e9tape importante pour Appenzell Rhodes-Int\u00e9rieures\n\t\t<\/span><\/div>","aioseo_breadcrumb_json":[{"label":"Home","link":"https:\/\/www.immo-invest.ch\/fr\/"},{"label":"\u00c9nergie","link":"https:\/\/www.immo-invest.ch\/fr\/categories\/energie\/"},{"label":"Toiture solaire pliante : une \u00e9tape importante pour Appenzell Rhodes-Int\u00e9rieures","link":"https:\/\/www.immo-invest.ch\/fr\/solarfaltdach-ein-meilenstein-fuer-appenzell-i-rh\/"}],"featured_image_src":"https:\/\/www.immo-invest.ch\/wp-content\/uploads\/2021\/01\/energie-18-150x150.jpg","_links":{"self":[{"href":"https:\/\/www.immo-invest.ch\/fr\/wp-json\/wp\/v2\/posts\/77878","targetHints":{"allow":["GET"]}}],"collection":[{"href":"https:\/\/www.immo-invest.ch\/fr\/wp-json\/wp\/v2\/posts"}],"about":[{"href":"https:\/\/www.immo-invest.ch\/fr\/wp-json\/wp\/v2\/types\/post"}],"author":[{"embeddable":true,"href":"https:\/\/www.immo-invest.ch\/fr\/wp-json\/wp\/v2\/users\/2"}],"replies":[{"embeddable":true,"href":"https:\/\/www.immo-invest.ch\/fr\/wp-json\/wp\/v2\/comments?post=77878"}],"version-history":[{"count":0,"href":"https:\/\/www.immo-invest.ch\/fr\/wp-json\/wp\/v2\/posts\/77878\/revisions"}],"wp:featuredmedia":[{"embeddable":true,"href":"https:\/\/www.immo-invest.ch\/fr\/wp-json\/wp\/v2\/media\/11877"}],"wp:attachment":[{"href":"https:\/\/www.immo-invest.ch\/fr\/wp-json\/wp\/v2\/media?parent=77878"}],"wp:term":[{"taxonomy":"category","embeddable":true,"href":"https:\/\/www.immo-invest.ch\/fr\/wp-json\/wp\/v2\/categories?post=77878"},{"taxonomy":"post_tag","embeddable":true,"href":"https:\/\/www.immo-invest.ch\/fr\/wp-json\/wp\/v2\/tags?post=77878"}],"curies":[{"name":"wp","href":"https:\/\/api.w.org\/{rel}","templated":true}]}}