{"id":77691,"date":"2024-02-26T08:45:00","date_gmt":"2024-02-26T07:45:00","guid":{"rendered":"https:\/\/www.immo-invest.ch\/?p=77691"},"modified":"2024-02-26T08:46:21","modified_gmt":"2024-02-26T07:46:21","slug":"uster-technologies-setzt-auf-sauberen-strom","status":"publish","type":"post","link":"https:\/\/www.immo-invest.ch\/fr\/uster-technologies-setzt-auf-sauberen-strom\/","title":{"rendered":"Uster Technologies mise sur l&rsquo;\u00e9lectricit\u00e9 propre"},"content":{"rendered":"<p class=\"bodytext\">Selon un <a href=\"https:\/\/www.linkedin.com\/posts\/uster-technologies_ustertechnologies-thinkquality-qualitymanagement-activity-7156309714962726912-1Dkh?utm_source=share&amp;utm_medium=member_desktop\" target=\"_blank\" rel=\"noopener\">communiqu&eacute; de presse<\/a>, l&rsquo;entreprise <a href=\"https:\/\/www.uster.com\/\" target=\"_blank\" rel=\"noopener\">Uster Technologies<\/a>, sp&eacute;cialis&eacute;e dans le contr&ocirc;le qualit&eacute; des textiles, consomme uniquement de l&rsquo;&eacute;lectricit&eacute; provenant de sources d&rsquo;&eacute;nergie 100% renouvelables &agrave; son si&egrave;ge social d&rsquo;Uster. Le communiqu&eacute; publi&eacute; sur <span class=\"glossaryLink\" aria-describedby=\"tt\" data-cmtooltip=\"&lt;div class=glossaryItemTitle&gt;LinkedIn&lt;\/div&gt;&lt;div class=glossaryItemBody&gt;Social-Media-Plattform f&uuml;r Fach- und F&uuml;hrungskr&auml;fte&lt;\/div&gt;\" data-mobile-support=\"0\" data-gt-translate-attributes='[{\"attribute\":\"data-cmtooltip\", \"format\":\"html\"}]' tabindex=\"0\" role=\"link\">LinkedIn<\/span> ajoute que la consommation d&rsquo;&eacute;lectricit&eacute; dans les sites de production et les bureaux est en baisse depuis 2019 gr&acirc;ce aux investissements visant &agrave; am&eacute;liorer l&rsquo;efficacit&eacute; &eacute;nerg&eacute;tique et aux mesures d&rsquo;&eacute;conomie d&rsquo;&eacute;nergie prises par les employ&eacute;s.<\/p>\n<p class=\"bodytext\">&laquo;&nbsp;Notre campagne de sensibilisation interne a entra&icirc;n&eacute; une r&eacute;duction de la consommation d&rsquo;&eacute;nergie. Les employ&eacute;s suivent de plus en plus les directives d&rsquo;&eacute;conomie d&rsquo;&eacute;nergie sur leur lieu de travail&nbsp;&raquo;, a d&eacute;clar&eacute; Daniel Schlegel, Manager Logistics chez Uster Technologies en Suisse, cit&eacute; dans le communiqu&eacute;. Schlegel donne &eacute;galement des conseils aux collaborateurs sur la mani&egrave;re d&rsquo;&eacute;conomiser de l&rsquo;&eacute;lectricit&eacute; en suivant des &eacute;tapes simples. Il recommande par exemple d&rsquo;&eacute;teindre le PC ou l&rsquo;ordinateur portable &agrave; la fin de la journ&eacute;e au lieu de le laisser en mode veille. Il est &eacute;galement possible d&rsquo;&eacute;conomiser davantage d&rsquo;&eacute;nergie en r&eacute;duisant la luminosit&eacute; de l&rsquo;&eacute;cran et la lumi&egrave;re ambiante.<\/p>\n<p class=\"bodytext\">La campagne de sensibilisation men&eacute;e par la direction de l&rsquo;entreprise porte &eacute;galement sur les possibilit&eacute;s d&rsquo;&eacute;conomiser de l&rsquo;&eacute;nergie gr&acirc;ce &agrave; un &eacute;clairage et un chauffage intelligents. &laquo;&nbsp;Nous sommes sur la bonne voie pour devenir une entreprise plus durable. Nous mesurons et analysons notre consommation d&rsquo;&eacute;nergie afin d&rsquo;en tirer des enseignements pour d&rsquo;autres am&eacute;liorations&nbsp;&raquo;, poursuit Schlegel.<\/p>\n<p class=\"bodytext\">Uster Technologies n&rsquo;a cr&eacute;&eacute; qu&rsquo;en novembre 2023 un bulletin sur la gestion durable dans l&rsquo;industrie textile. Il vise &agrave; fournir des conseils pratiques et des connaissances sp&eacute;cifiques &agrave; l&rsquo;industrie dans tous les domaines de la cha&icirc;ne de valeur du textile. Il s&rsquo;agit notamment d&rsquo;informer les fabricants de fil sur les mat&eacute;riaux recycl&eacute;s qu&rsquo;ils peuvent utiliser dans la production de leurs fibres.<\/p>\n","protected":false},"excerpt":{"rendered":"<p>Uster Technologies consomme exclusivement de l&rsquo;\u00e9lectricit\u00e9 issue de sources d&rsquo;\u00e9nergie renouvelables \u00e0 son si\u00e8ge social. La consommation d&rsquo;\u00e9lectricit\u00e9 est en baisse depuis 2019 gr\u00e2ce \u00e0 des investissements visant \u00e0 am\u00e9liorer l&rsquo;efficacit\u00e9 \u00e9nerg\u00e9tique.<\/p>\n","protected":false},"author":2,"featured_media":6235,"comment_status":"open","ping_status":"open","sticky":false,"template":"","format":"standard","meta":{"pmpro_default_level":"0","inline_featured_image":false,"_monsterinsights_skip_tracking":false,"footnotes":""},"categories":[8747,743],"tags":[44940,5202,2155,19715,2056,44941,2934],"class_list":["post-77691","post","type-post","status-publish","format-standard","has-post-thumbnail","hentry","category-energie","category-immonews-fr","tag-branchenwissen-fr","tag-energieverbrauch-fr","tag-erneuerbareenergien-fr","tag-investitionen-fr","tag-nachhaltigkeit-fr","tag-sensibilisierungskampagne-fr","tag-stromverbrauch-fr","pmpro-has-access"],"acf":{"bild_mit_ki_erstellt_worden":[],"lead":"Uster Technologies consomme exclusivement de l'\u00e9lectricit\u00e9 issue de sources d'\u00e9nergie renouvelables \u00e0 son si\u00e8ge social. La consommation d'\u00e9lectricit\u00e9 est en baisse depuis 2019 gr\u00e2ce \u00e0 des investissements visant \u00e0 am\u00e9liorer l'efficacit\u00e9 \u00e9nerg\u00e9tique.","autor":"ce\/gba\u00a0","ort":"Uster ZH","bildunterschrift":"","bild_im_grid":false,"gallerie":"","newsim":""},"aioseo_notices":[],"aioseo_head":"\n\t\t<!-- All in One SEO 5.0.1.1 - aioseo.com -->\n\t<meta name=\"description\" content=\"Uster Technologies consomme exclusivement de l&#039;\u00e9lectricit\u00e9 issue de sources d&#039;\u00e9nergie renouvelables \u00e0 son si\u00e8ge social. La consommation d&#039;\u00e9lectricit\u00e9 est en baisse depuis 2019 gr\u00e2ce \u00e0 des investissements visant \u00e0 am\u00e9liorer l&#039;efficacit\u00e9 \u00e9nerg\u00e9tique.\" \/>\n\t<meta name=\"robots\" content=\"max-image-preview:large\" \/>\n\t<meta name=\"author\" content=\"immovestuser\"\/>\n\t<meta name=\"google-site-verification\" content=\"fHJKvgWpZCR2zVBHWfkQeFXC11qieUSff0HGNYfuyLA\" \/>\n\t<link rel=\"canonical\" href=\"https:\/\/www.immo-invest.ch\/fr\/uster-technologies-setzt-auf-sauberen-strom\/\" \/>\n\t<meta name=\"generator\" content=\"All in One SEO (AIOSEO) 5.0.1.1\" \/>\n\t\t<meta property=\"og:locale\" content=\"fr_FR\" \/>\n\t\t<meta property=\"og:site_name\" content=\"immo!nvest - Die Plattform f\u00fcr Standorte und Immobilien - Die\u00a0Plattform f\u00fcr Standorte und Immobilien\" \/>\n\t\t<meta property=\"og:type\" content=\"article\" \/>\n\t\t<meta property=\"og:title\" content=\"Uster Technologies mise sur l\u2019\u00e9lectricit\u00e9 propre - immo!nvest - Die Plattform f\u00fcr Standorte und Immobilien\" \/>\n\t\t<meta property=\"og:description\" content=\"Uster Technologies consomme exclusivement de l&#039;\u00e9lectricit\u00e9 issue de sources d&#039;\u00e9nergie renouvelables \u00e0 son si\u00e8ge social. La consommation d&#039;\u00e9lectricit\u00e9 est en baisse depuis 2019 gr\u00e2ce \u00e0 des investissements visant \u00e0 am\u00e9liorer l&#039;efficacit\u00e9 \u00e9nerg\u00e9tique.\" \/>\n\t\t<meta property=\"og:url\" content=\"https:\/\/www.immo-invest.ch\/fr\/uster-technologies-setzt-auf-sauberen-strom\/\" \/>\n\t\t<meta property=\"og:image\" content=\"https:\/\/www.immo-invest.ch\/wp-content\/uploads\/2020\/07\/energie_13.png\" \/>\n\t\t<meta property=\"og:image:secure_url\" content=\"https:\/\/www.immo-invest.ch\/wp-content\/uploads\/2020\/07\/energie_13.png\" \/>\n\t\t<meta property=\"og:image:width\" content=\"800\" \/>\n\t\t<meta property=\"og:image:height\" content=\"450\" \/>\n\t\t<meta property=\"article:published_time\" content=\"2024-02-26T07:45:00+00:00\" \/>\n\t\t<meta property=\"article:modified_time\" content=\"2024-02-26T07:46:21+00:00\" \/>\n\t\t<meta property=\"article:publisher\" content=\"https:\/\/www.facebook.com\/people\/Immoinvest\/100077962920504\/\" \/>\n\t\t<meta name=\"twitter:card\" content=\"summary_large_image\" \/>\n\t\t<meta name=\"twitter:site\" content=\"@i\" \/>\n\t\t<meta name=\"twitter:title\" content=\"Uster Technologies mise sur l\u2019\u00e9lectricit\u00e9 propre - immo!nvest - Die Plattform f\u00fcr Standorte und Immobilien\" \/>\n\t\t<meta name=\"twitter:description\" content=\"Uster Technologies consomme exclusivement de l&#039;\u00e9lectricit\u00e9 issue de sources d&#039;\u00e9nergie renouvelables \u00e0 son si\u00e8ge social. La consommation d&#039;\u00e9lectricit\u00e9 est en baisse depuis 2019 gr\u00e2ce \u00e0 des investissements visant \u00e0 am\u00e9liorer l&#039;efficacit\u00e9 \u00e9nerg\u00e9tique.\" \/>\n\t\t<meta name=\"twitter:creator\" content=\"@i\" \/>\n\t\t<meta name=\"twitter:image\" content=\"https:\/\/www.immo-invest.ch\/wp-content\/uploads\/2020\/07\/energie_13.png\" \/>\n\t\t<script type=\"application\/ld+json\" class=\"aioseo-schema\">\n\t\t\t{\"@context\":\"https:\\\/\\\/schema.org\",\"@graph\":[{\"@type\":\"BlogPosting\",\"@id\":\"https:\\\/\\\/www.immo-invest.ch\\\/fr\\\/uster-technologies-setzt-auf-sauberen-strom\\\/#blogposting\",\"name\":\"Uster Technologies mise sur l\\u2019\\u00e9lectricit\\u00e9 propre - immo!nvest - Die Plattform f\\u00fcr Standorte und Immobilien\",\"headline\":\"Uster Technologies mise sur l&rsquo;\\u00e9lectricit\\u00e9 propre\",\"author\":{\"@id\":\"https:\\\/\\\/www.immo-invest.ch\\\/fr\\\/author\\\/immovestuser\\\/#author\"},\"publisher\":{\"@id\":\"https:\\\/\\\/www.immo-invest.ch\\\/fr\\\/#organization\"},\"image\":{\"@type\":\"ImageObject\",\"url\":\"https:\\\/\\\/www.immo-invest.ch\\\/wp-content\\\/uploads\\\/2020\\\/07\\\/energie_13.png\",\"width\":800,\"height\":450},\"datePublished\":\"2024-02-26T08:45:00+01:00\",\"dateModified\":\"2024-02-26T08:46:21+01:00\",\"inLanguage\":\"fr-FR\",\"mainEntityOfPage\":{\"@id\":\"https:\\\/\\\/www.immo-invest.ch\\\/fr\\\/uster-technologies-setzt-auf-sauberen-strom\\\/#webpage\"},\"isPartOf\":{\"@id\":\"https:\\\/\\\/www.immo-invest.ch\\\/fr\\\/uster-technologies-setzt-auf-sauberen-strom\\\/#webpage\"},\"articleSection\":\"\\u00c9nergie, immoNews, Branchenwissen, Energieverbrauch, ErneuerbareEnergien, Investitionen, Nachhaltigkeit, Sensibilisierungskampagne, Stromverbrauch, Facultatif\"},{\"@type\":\"BreadcrumbList\",\"@id\":\"https:\\\/\\\/www.immo-invest.ch\\\/fr\\\/uster-technologies-setzt-auf-sauberen-strom\\\/#breadcrumblist\",\"itemListElement\":[{\"@type\":\"ListItem\",\"@id\":\"https:\\\/\\\/www.immo-invest.ch\\\/fr\\\/#listItem\",\"position\":1,\"name\":\"Home\",\"item\":\"https:\\\/\\\/www.immo-invest.ch\\\/fr\\\/\",\"nextItem\":{\"@type\":\"ListItem\",\"@id\":\"https:\\\/\\\/www.immo-invest.ch\\\/fr\\\/categories\\\/immonews-fr\\\/#listItem\",\"name\":\"immoNews\"}},{\"@type\":\"ListItem\",\"@id\":\"https:\\\/\\\/www.immo-invest.ch\\\/fr\\\/categories\\\/immonews-fr\\\/#listItem\",\"position\":2,\"name\":\"immoNews\",\"item\":\"https:\\\/\\\/www.immo-invest.ch\\\/fr\\\/categories\\\/immonews-fr\\\/\",\"nextItem\":{\"@type\":\"ListItem\",\"@id\":\"https:\\\/\\\/www.immo-invest.ch\\\/fr\\\/uster-technologies-setzt-auf-sauberen-strom\\\/#listItem\",\"name\":\"Uster Technologies mise sur l&rsquo;\\u00e9lectricit\\u00e9 propre\"},\"previousItem\":{\"@type\":\"ListItem\",\"@id\":\"https:\\\/\\\/www.immo-invest.ch\\\/fr\\\/#listItem\",\"name\":\"Home\"}},{\"@type\":\"ListItem\",\"@id\":\"https:\\\/\\\/www.immo-invest.ch\\\/fr\\\/uster-technologies-setzt-auf-sauberen-strom\\\/#listItem\",\"position\":3,\"name\":\"Uster Technologies mise sur l&rsquo;\\u00e9lectricit\\u00e9 propre\",\"previousItem\":{\"@type\":\"ListItem\",\"@id\":\"https:\\\/\\\/www.immo-invest.ch\\\/fr\\\/categories\\\/immonews-fr\\\/#listItem\",\"name\":\"immoNews\"}}]},{\"@type\":\"Organization\",\"@id\":\"https:\\\/\\\/www.immo-invest.ch\\\/fr\\\/#organization\",\"name\":\"immo!nvest - Die Plattform f\\u00fcr Standorte und Immobilien\",\"description\":\"Die\\u00a0Plattform f\\u00fcr Standorte und Immobilien\",\"url\":\"https:\\\/\\\/www.immo-invest.ch\\\/fr\\\/\",\"email\":\"admin@immomedia.ag\",\"telephone\":\"+41444420002\",\"logo\":{\"@type\":\"ImageObject\",\"url\":\"https:\\\/\\\/www.immo-invest.ch\\\/wp-content\\\/uploads\\\/2024\\\/09\\\/immoinvest_sm-scaled.jpg\",\"@id\":\"https:\\\/\\\/www.immo-invest.ch\\\/fr\\\/uster-technologies-setzt-auf-sauberen-strom\\\/#organizationLogo\",\"width\":2560,\"height\":1340},\"image\":{\"@id\":\"https:\\\/\\\/www.immo-invest.ch\\\/fr\\\/uster-technologies-setzt-auf-sauberen-strom\\\/#organizationLogo\"},\"sameAs\":[\"https:\\\/\\\/www.facebook.com\\\/people\\\/Immoinvest\\\/100077962920504\\\/\",\"https:\\\/\\\/x.com\\\/i\\\/flow\\\/login?redirect_after_login=immoinvest_ch\",\"https:\\\/\\\/www.instagram.com\\\/immoinvest_ch\\\/\",\"https:\\\/\\\/www.linkedin.com\\\/company\\\/immoinvest-swiss\"]},{\"@type\":\"Person\",\"@id\":\"https:\\\/\\\/www.immo-invest.ch\\\/fr\\\/author\\\/immovestuser\\\/#author\",\"url\":\"https:\\\/\\\/www.immo-invest.ch\\\/fr\\\/author\\\/immovestuser\\\/\",\"name\":\"immovestuser\",\"image\":{\"@type\":\"ImageObject\",\"@id\":\"https:\\\/\\\/www.immo-invest.ch\\\/fr\\\/uster-technologies-setzt-auf-sauberen-strom\\\/#authorImage\",\"url\":\"https:\\\/\\\/secure.gravatar.com\\\/avatar\\\/8e01f4d99f2eeea7a362ebb93305e1172a70e9293ba250f897a65c39f54cdd1e?s=96&d=mm&r=g\",\"width\":96,\"height\":96,\"caption\":\"immovestuser\"}},{\"@type\":\"WebPage\",\"@id\":\"https:\\\/\\\/www.immo-invest.ch\\\/fr\\\/uster-technologies-setzt-auf-sauberen-strom\\\/#webpage\",\"url\":\"https:\\\/\\\/www.immo-invest.ch\\\/fr\\\/uster-technologies-setzt-auf-sauberen-strom\\\/\",\"name\":\"Uster Technologies mise sur l\\u2019\\u00e9lectricit\\u00e9 propre - immo!nvest - Die Plattform f\\u00fcr Standorte und Immobilien\",\"description\":\"Uster Technologies consomme exclusivement de l'\\u00e9lectricit\\u00e9 issue de sources d'\\u00e9nergie renouvelables \\u00e0 son si\\u00e8ge social. La consommation d'\\u00e9lectricit\\u00e9 est en baisse depuis 2019 gr\\u00e2ce \\u00e0 des investissements visant \\u00e0 am\\u00e9liorer l'efficacit\\u00e9 \\u00e9nerg\\u00e9tique.\",\"inLanguage\":\"fr-FR\",\"isPartOf\":{\"@id\":\"https:\\\/\\\/www.immo-invest.ch\\\/fr\\\/#website\"},\"breadcrumb\":{\"@id\":\"https:\\\/\\\/www.immo-invest.ch\\\/fr\\\/uster-technologies-setzt-auf-sauberen-strom\\\/#breadcrumblist\"},\"author\":{\"@id\":\"https:\\\/\\\/www.immo-invest.ch\\\/fr\\\/author\\\/immovestuser\\\/#author\"},\"creator\":{\"@id\":\"https:\\\/\\\/www.immo-invest.ch\\\/fr\\\/author\\\/immovestuser\\\/#author\"},\"image\":{\"@type\":\"ImageObject\",\"url\":\"https:\\\/\\\/www.immo-invest.ch\\\/wp-content\\\/uploads\\\/2020\\\/07\\\/energie_13.png\",\"@id\":\"https:\\\/\\\/www.immo-invest.ch\\\/fr\\\/uster-technologies-setzt-auf-sauberen-strom\\\/#mainImage\",\"width\":800,\"height\":450},\"primaryImageOfPage\":{\"@id\":\"https:\\\/\\\/www.immo-invest.ch\\\/fr\\\/uster-technologies-setzt-auf-sauberen-strom\\\/#mainImage\"},\"datePublished\":\"2024-02-26T08:45:00+01:00\",\"dateModified\":\"2024-02-26T08:46:21+01:00\"},{\"@type\":\"WebSite\",\"@id\":\"https:\\\/\\\/www.immo-invest.ch\\\/fr\\\/#website\",\"url\":\"https:\\\/\\\/www.immo-invest.ch\\\/fr\\\/\",\"name\":\"immo!nvest - Die Plattform f\\u00fcr Standorte und Immobilien\",\"description\":\"Die\\u00a0Plattform f\\u00fcr Standorte und Immobilien\",\"inLanguage\":\"fr-FR\",\"publisher\":{\"@id\":\"https:\\\/\\\/www.immo-invest.ch\\\/fr\\\/#organization\"}}]}\n\t\t<\/script>\n\t\t<!-- All in One SEO -->\n\n","aioseo_head_json":{"title":"Uster Technologies mise sur l\u2019\u00e9lectricit\u00e9 propre - immo!nvest - Die Plattform f\u00fcr Standorte und Immobilien","description":"Uster Technologies consomme exclusivement de l'\u00e9lectricit\u00e9 issue de sources d'\u00e9nergie renouvelables \u00e0 son si\u00e8ge social. La consommation d'\u00e9lectricit\u00e9 est en baisse depuis 2019 gr\u00e2ce \u00e0 des investissements visant \u00e0 am\u00e9liorer l'efficacit\u00e9 \u00e9nerg\u00e9tique.","canonical_url":"https:\/\/www.immo-invest.ch\/fr\/uster-technologies-setzt-auf-sauberen-strom\/","robots":"max-image-preview:large","keywords":"","webmasterTools":{"google-site-verification":"fHJKvgWpZCR2zVBHWfkQeFXC11qieUSff0HGNYfuyLA","miscellaneous":""},"schema":{"@context":"https:\/\/schema.org","@graph":[{"@type":"BlogPosting","@id":"https:\/\/www.immo-invest.ch\/fr\/uster-technologies-setzt-auf-sauberen-strom\/#blogposting","name":"Uster Technologies mise sur l\u2019\u00e9lectricit\u00e9 propre - immo!nvest - Die Plattform f\u00fcr Standorte und Immobilien","headline":"Uster Technologies mise sur l&rsquo;\u00e9lectricit\u00e9 propre","author":{"@id":"https:\/\/www.immo-invest.ch\/fr\/author\/immovestuser\/#author"},"publisher":{"@id":"https:\/\/www.immo-invest.ch\/fr\/#organization"},"image":{"@type":"ImageObject","url":"https:\/\/www.immo-invest.ch\/wp-content\/uploads\/2020\/07\/energie_13.png","width":800,"height":450},"datePublished":"2024-02-26T08:45:00+01:00","dateModified":"2024-02-26T08:46:21+01:00","inLanguage":"fr-FR","mainEntityOfPage":{"@id":"https:\/\/www.immo-invest.ch\/fr\/uster-technologies-setzt-auf-sauberen-strom\/#webpage"},"isPartOf":{"@id":"https:\/\/www.immo-invest.ch\/fr\/uster-technologies-setzt-auf-sauberen-strom\/#webpage"},"articleSection":"\u00c9nergie, immoNews, Branchenwissen, Energieverbrauch, ErneuerbareEnergien, Investitionen, Nachhaltigkeit, Sensibilisierungskampagne, Stromverbrauch, Facultatif"},{"@type":"BreadcrumbList","@id":"https:\/\/www.immo-invest.ch\/fr\/uster-technologies-setzt-auf-sauberen-strom\/#breadcrumblist","itemListElement":[{"@type":"ListItem","@id":"https:\/\/www.immo-invest.ch\/fr\/#listItem","position":1,"name":"Home","item":"https:\/\/www.immo-invest.ch\/fr\/","nextItem":{"@type":"ListItem","@id":"https:\/\/www.immo-invest.ch\/fr\/categories\/immonews-fr\/#listItem","name":"immoNews"}},{"@type":"ListItem","@id":"https:\/\/www.immo-invest.ch\/fr\/categories\/immonews-fr\/#listItem","position":2,"name":"immoNews","item":"https:\/\/www.immo-invest.ch\/fr\/categories\/immonews-fr\/","nextItem":{"@type":"ListItem","@id":"https:\/\/www.immo-invest.ch\/fr\/uster-technologies-setzt-auf-sauberen-strom\/#listItem","name":"Uster Technologies mise sur l&rsquo;\u00e9lectricit\u00e9 propre"},"previousItem":{"@type":"ListItem","@id":"https:\/\/www.immo-invest.ch\/fr\/#listItem","name":"Home"}},{"@type":"ListItem","@id":"https:\/\/www.immo-invest.ch\/fr\/uster-technologies-setzt-auf-sauberen-strom\/#listItem","position":3,"name":"Uster Technologies mise sur l&rsquo;\u00e9lectricit\u00e9 propre","previousItem":{"@type":"ListItem","@id":"https:\/\/www.immo-invest.ch\/fr\/categories\/immonews-fr\/#listItem","name":"immoNews"}}]},{"@type":"Organization","@id":"https:\/\/www.immo-invest.ch\/fr\/#organization","name":"immo!nvest - Die Plattform f\u00fcr Standorte und Immobilien","description":"Die\u00a0Plattform f\u00fcr Standorte und Immobilien","url":"https:\/\/www.immo-invest.ch\/fr\/","email":"admin@immomedia.ag","telephone":"+41444420002","logo":{"@type":"ImageObject","url":"https:\/\/www.immo-invest.ch\/wp-content\/uploads\/2024\/09\/immoinvest_sm-scaled.jpg","@id":"https:\/\/www.immo-invest.ch\/fr\/uster-technologies-setzt-auf-sauberen-strom\/#organizationLogo","width":2560,"height":1340},"image":{"@id":"https:\/\/www.immo-invest.ch\/fr\/uster-technologies-setzt-auf-sauberen-strom\/#organizationLogo"},"sameAs":["https:\/\/www.facebook.com\/people\/Immoinvest\/100077962920504\/","https:\/\/x.com\/i\/flow\/login?redirect_after_login=immoinvest_ch","https:\/\/www.instagram.com\/immoinvest_ch\/","https:\/\/www.linkedin.com\/company\/immoinvest-swiss"]},{"@type":"Person","@id":"https:\/\/www.immo-invest.ch\/fr\/author\/immovestuser\/#author","url":"https:\/\/www.immo-invest.ch\/fr\/author\/immovestuser\/","name":"immovestuser","image":{"@type":"ImageObject","@id":"https:\/\/www.immo-invest.ch\/fr\/uster-technologies-setzt-auf-sauberen-strom\/#authorImage","url":"https:\/\/secure.gravatar.com\/avatar\/8e01f4d99f2eeea7a362ebb93305e1172a70e9293ba250f897a65c39f54cdd1e?s=96&d=mm&r=g","width":96,"height":96,"caption":"immovestuser"}},{"@type":"WebPage","@id":"https:\/\/www.immo-invest.ch\/fr\/uster-technologies-setzt-auf-sauberen-strom\/#webpage","url":"https:\/\/www.immo-invest.ch\/fr\/uster-technologies-setzt-auf-sauberen-strom\/","name":"Uster Technologies mise sur l\u2019\u00e9lectricit\u00e9 propre - immo!nvest - Die Plattform f\u00fcr Standorte und Immobilien","description":"Uster Technologies consomme exclusivement de l'\u00e9lectricit\u00e9 issue de sources d'\u00e9nergie renouvelables \u00e0 son si\u00e8ge social. La consommation d'\u00e9lectricit\u00e9 est en baisse depuis 2019 gr\u00e2ce \u00e0 des investissements visant \u00e0 am\u00e9liorer l'efficacit\u00e9 \u00e9nerg\u00e9tique.","inLanguage":"fr-FR","isPartOf":{"@id":"https:\/\/www.immo-invest.ch\/fr\/#website"},"breadcrumb":{"@id":"https:\/\/www.immo-invest.ch\/fr\/uster-technologies-setzt-auf-sauberen-strom\/#breadcrumblist"},"author":{"@id":"https:\/\/www.immo-invest.ch\/fr\/author\/immovestuser\/#author"},"creator":{"@id":"https:\/\/www.immo-invest.ch\/fr\/author\/immovestuser\/#author"},"image":{"@type":"ImageObject","url":"https:\/\/www.immo-invest.ch\/wp-content\/uploads\/2020\/07\/energie_13.png","@id":"https:\/\/www.immo-invest.ch\/fr\/uster-technologies-setzt-auf-sauberen-strom\/#mainImage","width":800,"height":450},"primaryImageOfPage":{"@id":"https:\/\/www.immo-invest.ch\/fr\/uster-technologies-setzt-auf-sauberen-strom\/#mainImage"},"datePublished":"2024-02-26T08:45:00+01:00","dateModified":"2024-02-26T08:46:21+01:00"},{"@type":"WebSite","@id":"https:\/\/www.immo-invest.ch\/fr\/#website","url":"https:\/\/www.immo-invest.ch\/fr\/","name":"immo!nvest - Die Plattform f\u00fcr Standorte und Immobilien","description":"Die\u00a0Plattform f\u00fcr Standorte und Immobilien","inLanguage":"fr-FR","publisher":{"@id":"https:\/\/www.immo-invest.ch\/fr\/#organization"}}]},"og:locale":"fr_FR","og:site_name":"immo!nvest - Die Plattform f\u00fcr Standorte und Immobilien - Die\u00a0Plattform f\u00fcr Standorte und Immobilien","og:type":"article","og:title":"Uster Technologies mise sur l\u2019\u00e9lectricit\u00e9 propre - immo!nvest - Die Plattform f\u00fcr Standorte und Immobilien","og:description":"Uster Technologies consomme exclusivement de l'\u00e9lectricit\u00e9 issue de sources d'\u00e9nergie renouvelables \u00e0 son si\u00e8ge social. La consommation d'\u00e9lectricit\u00e9 est en baisse depuis 2019 gr\u00e2ce \u00e0 des investissements visant \u00e0 am\u00e9liorer l'efficacit\u00e9 \u00e9nerg\u00e9tique.","og:url":"https:\/\/www.immo-invest.ch\/fr\/uster-technologies-setzt-auf-sauberen-strom\/","og:image":"https:\/\/www.immo-invest.ch\/wp-content\/uploads\/2020\/07\/energie_13.png","og:image:secure_url":"https:\/\/www.immo-invest.ch\/wp-content\/uploads\/2020\/07\/energie_13.png","og:image:width":800,"og:image:height":450,"article:published_time":"2024-02-26T07:45:00+00:00","article:modified_time":"2024-02-26T07:46:21+00:00","article:publisher":"https:\/\/www.facebook.com\/people\/Immoinvest\/100077962920504\/","twitter:card":"summary_large_image","twitter:site":"@i","twitter:title":"Uster Technologies mise sur l\u2019\u00e9lectricit\u00e9 propre - immo!nvest - Die Plattform f\u00fcr Standorte und Immobilien","twitter:description":"Uster Technologies consomme exclusivement de l'\u00e9lectricit\u00e9 issue de sources d'\u00e9nergie renouvelables \u00e0 son si\u00e8ge social. La consommation d'\u00e9lectricit\u00e9 est en baisse depuis 2019 gr\u00e2ce \u00e0 des investissements visant \u00e0 am\u00e9liorer l'efficacit\u00e9 \u00e9nerg\u00e9tique.","twitter:creator":"@i","twitter:image":"https:\/\/www.immo-invest.ch\/wp-content\/uploads\/2020\/07\/energie_13.png"},"aioseo_meta_data":{"post_id":"77691","title":null,"description":null,"keywords":null,"keyphrases":null,"primary_term":null,"canonical_url":null,"og_title":null,"og_description":null,"og_object_type":"default","og_image_type":"default","og_image_url":null,"og_image_width":null,"og_image_height":null,"og_image_custom_url":null,"og_image_custom_fields":null,"og_video":null,"og_custom_url":null,"og_article_section":null,"og_article_tags":null,"twitter_use_og":false,"twitter_card":"default","twitter_image_type":"default","twitter_image_url":null,"twitter_image_custom_url":null,"twitter_image_custom_fields":null,"twitter_title":null,"twitter_description":null,"schema":{"blockGraphs":[],"customGraphs":[],"default":{"data":{"Article":[],"Course":[],"Dataset":[],"FAQPage":[],"Movie":[],"Person":[],"Product":[],"ProductReview":[],"Car":[],"Recipe":[],"Service":[],"SoftwareApplication":[],"WebPage":[]},"graphName":"","isEnabled":true},"graphs":[]},"schema_type":"default","schema_type_options":null,"pillar_content":false,"robots_default":true,"robots_noindex":false,"robots_noarchive":false,"robots_nosnippet":false,"robots_nofollow":false,"robots_noimageindex":false,"robots_noodp":false,"robots_notranslate":false,"robots_max_snippet":null,"robots_max_videopreview":null,"robots_max_imagepreview":"large","priority":null,"frequency":null,"local_seo":null,"breadcrumb_settings":null,"limit_modified_date":false,"ai":null,"created":"2024-09-20 16:07:57","updated":"2025-10-23 22:26:07","seo_analyzer_scan_date":null,"focus_keyword":null,"additional_keywords":null,"truseo_locale":null},"aioseo_breadcrumb":"<div class=\"aioseo-breadcrumbs\"><span class=\"aioseo-breadcrumb\">\n\t\t\t<a href=\"https:\/\/www.immo-invest.ch\/fr\/\" title=\"Home\">Home<\/a>\n\t\t<\/span><span class=\"aioseo-breadcrumb-separator\">&raquo;<\/span><span class=\"aioseo-breadcrumb\">\n\t\t\t<a href=\"https:\/\/www.immo-invest.ch\/fr\/categories\/immonews-fr\/\" title=\"immoNews\">immoNews<\/a>\n\t\t<\/span><span class=\"aioseo-breadcrumb-separator\">&raquo;<\/span><span class=\"aioseo-breadcrumb\">\n\t\t\tUster Technologies mise sur l\u2019\u00e9lectricit\u00e9 propre\n\t\t<\/span><\/div>","aioseo_breadcrumb_json":[{"label":"Home","link":"https:\/\/www.immo-invest.ch\/fr\/"},{"label":"immoNews","link":"https:\/\/www.immo-invest.ch\/fr\/categories\/immonews-fr\/"},{"label":"Uster Technologies mise sur l&rsquo;\u00e9lectricit\u00e9 propre","link":"https:\/\/www.immo-invest.ch\/fr\/uster-technologies-setzt-auf-sauberen-strom\/"}],"featured_image_src":"https:\/\/www.immo-invest.ch\/wp-content\/uploads\/2020\/07\/energie_13-150x150.png","_links":{"self":[{"href":"https:\/\/www.immo-invest.ch\/fr\/wp-json\/wp\/v2\/posts\/77691","targetHints":{"allow":["GET"]}}],"collection":[{"href":"https:\/\/www.immo-invest.ch\/fr\/wp-json\/wp\/v2\/posts"}],"about":[{"href":"https:\/\/www.immo-invest.ch\/fr\/wp-json\/wp\/v2\/types\/post"}],"author":[{"embeddable":true,"href":"https:\/\/www.immo-invest.ch\/fr\/wp-json\/wp\/v2\/users\/2"}],"replies":[{"embeddable":true,"href":"https:\/\/www.immo-invest.ch\/fr\/wp-json\/wp\/v2\/comments?post=77691"}],"version-history":[{"count":0,"href":"https:\/\/www.immo-invest.ch\/fr\/wp-json\/wp\/v2\/posts\/77691\/revisions"}],"wp:featuredmedia":[{"embeddable":true,"href":"https:\/\/www.immo-invest.ch\/fr\/wp-json\/wp\/v2\/media\/6235"}],"wp:attachment":[{"href":"https:\/\/www.immo-invest.ch\/fr\/wp-json\/wp\/v2\/media?parent=77691"}],"wp:term":[{"taxonomy":"category","embeddable":true,"href":"https:\/\/www.immo-invest.ch\/fr\/wp-json\/wp\/v2\/categories?post=77691"},{"taxonomy":"post_tag","embeddable":true,"href":"https:\/\/www.immo-invest.ch\/fr\/wp-json\/wp\/v2\/tags?post=77691"}],"curies":[{"name":"wp","href":"https:\/\/api.w.org\/{rel}","templated":true}]}}