{"id":77134,"date":"2024-02-16T14:37:35","date_gmt":"2024-02-16T13:37:35","guid":{"rendered":"https:\/\/www.immo-invest.ch\/primeo-energie-unterzeichnet-vertrag-fuer-waermeverbund-aesch\/"},"modified":"2024-02-16T14:42:35","modified_gmt":"2024-02-16T13:42:35","slug":"primeo-energie-unterzeichnet-vertrag-fuer-waermeverbund-aesch","status":"publish","type":"post","link":"https:\/\/www.immo-invest.ch\/fr\/primeo-energie-unterzeichnet-vertrag-fuer-waermeverbund-aesch\/","title":{"rendered":"Primeo Energie signe un contrat pour le r\u00e9seau de chaleur d&rsquo;Aesch"},"content":{"rendered":"<p class=\"bodytext\">Selon un <a href=\"https:\/\/www.primeo-energie.ch\/ueber-uns\/news\/Vertraege-Holzfernwaermeverbund-Aesch.html\" target=\"_blank\" rel=\"noopener\">communiqu&eacute; de presse<\/a>, le fournisseur d&rsquo;&eacute;nergie <a href=\"https:\/\/www.primeo-energie.ch\/privatkunden.html\" target=\"_blank\" rel=\"noopener\">Primeo Energie<\/a> de M&uuml;nchenstein a sign&eacute; vendredi 9 f&eacute;vrier avec la commune bourgeoise et la commune d&rsquo;<a href=\"https:\/\/www.aesch.bl.ch\/\" target=\"_blank\" rel=\"noopener\">Aesch<\/a> les contrats n&eacute;cessaires &agrave; la construction et &agrave; l&rsquo;exploitation du nouveau r&eacute;seau de chaleur. Aesch et Primeo Energie soutiennent la strat&eacute;gie &eacute;nerg&eacute;tique 2050 de la Conf&eacute;d&eacute;ration et ont pour objectif commun de d&eacute;carboniser l&rsquo;&eacute;nergie thermique, ajoute le communiqu&eacute;. Le futur r&eacute;seau de chaleur d&rsquo;Aesch, avec sa nouvelle centrale de chauffage au bois, est une mesure qui va dans ce sens.<\/p>\n<p class=\"bodytext\">&laquo;&nbsp;Nous nous r&eacute;jouissons d&rsquo;avoir franchi une nouvelle &eacute;tape importante vers la d&eacute;carbonisation de notre approvisionnement en chaleur dans la r&eacute;gion et en particulier dans la commune d&rsquo;Aesch&nbsp;&raquo;, d&eacute;clare C&eacute;dric Christmann, CEO de Primeo Energie.<\/p>\n<p class=\"bodytext\">Le futur r&eacute;seau de chaleur sera aliment&eacute; par la nouvelle centrale de chauffage d&rsquo;Aesch. Les copeaux de bois proviennent du domaine forestier de la commune et de la r&eacute;gion. Gr&acirc;ce &agrave; la courte distance de transport, il devrait y avoir peu d&rsquo;&eacute;missions de CO2.<\/p>\n<p class=\"bodytext\">Selon le communiqu&eacute;, le d&eacute;but de la construction de la centrale est pr&eacute;vu pour le printemps. Elle devrait &ecirc;tre achev&eacute;e &agrave; l&rsquo;automne 2025. Les travaux pour les nouvelles conduites de chaleur ont d&eacute;j&agrave; commenc&eacute;. Les premi&egrave;res livraisons de chaleur auront probablement lieu &agrave; partir de l&rsquo;automne 2025, indique Primeo.<\/p>\n<p class=\"bodytext\">Dans un premier temps, le nouveau r&eacute;seau de chaleur devrait alimenter de nouveaux b&acirc;timents au nord d&rsquo;Aesch. Il est ensuite pr&eacute;vu d&rsquo;&eacute;tendre le r&eacute;seau au reste de la commune en plusieurs &eacute;tapes. Les r&eacute;seaux de chaleur d&eacute;j&agrave; existants seront alors raccord&eacute;s au nouveau r&eacute;seau de chauffage urbain.<\/p>\n","protected":false},"excerpt":{"rendered":"<p>Primeo Energie hat die Vertr\u00e4ge f\u00fcr den Bau und Betrieb des neuen W\u00e4rmeverbunds in Aesch unterzeichnet. Dort entsteht eine neue Holzheizzentrale. Baubeginn ist im Fr\u00fchjahr, mit dem Ziel der Fertigstellung 2025.<\/p>\n","protected":false},"author":2,"featured_media":77129,"comment_status":"open","ping_status":"open","sticky":false,"template":"","format":"standard","meta":{"pmpro_default_level":"","inline_featured_image":false,"_monsterinsights_skip_tracking":false,"footnotes":""},"categories":[22699,8747,743],"tags":[44736,2155,44737,872,3931,2002,44738],"class_list":["post-77134","post","type-post","status-publish","format-standard","has-post-thumbnail","hentry","category-durabilite","category-energie","category-immonews-fr","tag-dekarbonisierung-waermeversorgung-fr","tag-erneuerbareenergien-fr","tag-holzheizzentrale-erneuerbare-energie-fr","tag-immoinvest-fr","tag-immonews-fr","tag-news-fr","tag-primeo-energie-waermeverbund-aesch-fr","pmpro-has-access"],"acf":{"bild_mit_ki_erstellt_worden":[],"lead":"Primeo Energie hat die Vertr\u00e4ge f\u00fcr den Bau und Betrieb des neuen W\u00e4rmeverbunds in Aesch unterzeichnet. Dort entsteht eine neue Holzheizzentrale. Baubeginn ist im Fr\u00fchjahr, mit dem Ziel der Fertigstellung 2025. \u00a0","autor":"ce\/gba","ort":"M\u00fcnchenstein\/Aesch BL","bildunterschrift":"","bild_im_grid":false,"gallerie":"","newsim":""},"aioseo_notices":[],"aioseo_head":"\n\t\t<!-- All in One SEO 5.0.1.1 - aioseo.com -->\n\t<meta name=\"description\" content=\"Primeo Energie hat die Vertr\u00e4ge f\u00fcr den Bau und Betrieb des neuen W\u00e4rmeverbunds in Aesch unterzeichnet. Dort entsteht eine neue Holzheizzentrale. Baubeginn ist im Fr\u00fchjahr, mit dem Ziel der Fertigstellung 2025.\" \/>\n\t<meta name=\"robots\" content=\"max-image-preview:large\" \/>\n\t<meta name=\"author\" content=\"immovestuser\"\/>\n\t<meta name=\"google-site-verification\" content=\"fHJKvgWpZCR2zVBHWfkQeFXC11qieUSff0HGNYfuyLA\" \/>\n\t<link rel=\"canonical\" href=\"https:\/\/www.immo-invest.ch\/fr\/primeo-energie-unterzeichnet-vertrag-fuer-waermeverbund-aesch\/\" \/>\n\t<meta name=\"generator\" content=\"All in One SEO (AIOSEO) 5.0.1.1\" \/>\n\t\t<meta property=\"og:locale\" content=\"fr_FR\" \/>\n\t\t<meta property=\"og:site_name\" content=\"immo!nvest - Die Plattform f\u00fcr Standorte und Immobilien - Die\u00a0Plattform f\u00fcr Standorte und Immobilien\" \/>\n\t\t<meta property=\"og:type\" content=\"article\" \/>\n\t\t<meta property=\"og:title\" content=\"Primeo Energie signe un contrat pour le r\u00e9seau de chaleur d\u2019Aesch - immo!nvest - Die Plattform f\u00fcr Standorte und Immobilien\" \/>\n\t\t<meta property=\"og:description\" content=\"Primeo Energie hat die Vertr\u00e4ge f\u00fcr den Bau und Betrieb des neuen W\u00e4rmeverbunds in Aesch unterzeichnet. Dort entsteht eine neue Holzheizzentrale. Baubeginn ist im Fr\u00fchjahr, mit dem Ziel der Fertigstellung 2025.\" \/>\n\t\t<meta property=\"og:url\" content=\"https:\/\/www.immo-invest.ch\/fr\/primeo-energie-unterzeichnet-vertrag-fuer-waermeverbund-aesch\/\" \/>\n\t\t<meta property=\"og:image\" content=\"https:\/\/www.immo-invest.ch\/wp-content\/uploads\/2024\/02\/Unbenannt-13.png\" \/>\n\t\t<meta property=\"og:image:secure_url\" content=\"https:\/\/www.immo-invest.ch\/wp-content\/uploads\/2024\/02\/Unbenannt-13.png\" \/>\n\t\t<meta property=\"og:image:width\" content=\"1024\" \/>\n\t\t<meta property=\"og:image:height\" content=\"1024\" \/>\n\t\t<meta property=\"article:published_time\" content=\"2024-02-16T13:37:35+00:00\" \/>\n\t\t<meta property=\"article:modified_time\" content=\"2024-02-16T13:42:35+00:00\" \/>\n\t\t<meta property=\"article:publisher\" content=\"https:\/\/www.facebook.com\/people\/Immoinvest\/100077962920504\/\" \/>\n\t\t<meta name=\"twitter:card\" content=\"summary_large_image\" \/>\n\t\t<meta name=\"twitter:site\" content=\"@i\" \/>\n\t\t<meta name=\"twitter:title\" content=\"Primeo Energie signe un contrat pour le r\u00e9seau de chaleur d\u2019Aesch - immo!nvest - Die Plattform f\u00fcr Standorte und Immobilien\" \/>\n\t\t<meta name=\"twitter:description\" content=\"Primeo Energie hat die Vertr\u00e4ge f\u00fcr den Bau und Betrieb des neuen W\u00e4rmeverbunds in Aesch unterzeichnet. Dort entsteht eine neue Holzheizzentrale. Baubeginn ist im Fr\u00fchjahr, mit dem Ziel der Fertigstellung 2025.\" \/>\n\t\t<meta name=\"twitter:creator\" content=\"@i\" \/>\n\t\t<meta name=\"twitter:image\" content=\"https:\/\/www.immo-invest.ch\/wp-content\/uploads\/2024\/02\/Unbenannt-13.png\" \/>\n\t\t<script type=\"application\/ld+json\" class=\"aioseo-schema\">\n\t\t\t{\"@context\":\"https:\\\/\\\/schema.org\",\"@graph\":[{\"@type\":\"BlogPosting\",\"@id\":\"https:\\\/\\\/www.immo-invest.ch\\\/fr\\\/primeo-energie-unterzeichnet-vertrag-fuer-waermeverbund-aesch\\\/#blogposting\",\"name\":\"Primeo Energie signe un contrat pour le r\\u00e9seau de chaleur d\\u2019Aesch - immo!nvest - Die Plattform f\\u00fcr Standorte und Immobilien\",\"headline\":\"Primeo Energie signe un contrat pour le r\\u00e9seau de chaleur d&rsquo;Aesch\",\"author\":{\"@id\":\"https:\\\/\\\/www.immo-invest.ch\\\/fr\\\/author\\\/immovestuser\\\/#author\"},\"publisher\":{\"@id\":\"https:\\\/\\\/www.immo-invest.ch\\\/fr\\\/#organization\"},\"image\":{\"@type\":\"ImageObject\",\"url\":\"https:\\\/\\\/www.immo-invest.ch\\\/wp-content\\\/uploads\\\/2024\\\/02\\\/Unbenannt-13.png\",\"width\":1024,\"height\":1024},\"datePublished\":\"2024-02-16T14:37:35+01:00\",\"dateModified\":\"2024-02-16T14:42:35+01:00\",\"inLanguage\":\"fr-FR\",\"mainEntityOfPage\":{\"@id\":\"https:\\\/\\\/www.immo-invest.ch\\\/fr\\\/primeo-energie-unterzeichnet-vertrag-fuer-waermeverbund-aesch\\\/#webpage\"},\"isPartOf\":{\"@id\":\"https:\\\/\\\/www.immo-invest.ch\\\/fr\\\/primeo-energie-unterzeichnet-vertrag-fuer-waermeverbund-aesch\\\/#webpage\"},\"articleSection\":\"Durabilit\\u00e9, \\u00c9nergie, immoNews, Dekarbonisierung W\\u00e4rmeversorgung, ErneuerbareEnergien, Holzheizzentrale erneuerbare Energie, Immoinvest, immoNews, News, Primeo Energie W\\u00e4rmeverbund Aesch, Facultatif\"},{\"@type\":\"BreadcrumbList\",\"@id\":\"https:\\\/\\\/www.immo-invest.ch\\\/fr\\\/primeo-energie-unterzeichnet-vertrag-fuer-waermeverbund-aesch\\\/#breadcrumblist\",\"itemListElement\":[{\"@type\":\"ListItem\",\"@id\":\"https:\\\/\\\/www.immo-invest.ch\\\/fr\\\/#listItem\",\"position\":1,\"name\":\"Home\",\"item\":\"https:\\\/\\\/www.immo-invest.ch\\\/fr\\\/\",\"nextItem\":{\"@type\":\"ListItem\",\"@id\":\"https:\\\/\\\/www.immo-invest.ch\\\/fr\\\/categories\\\/trends-fr\\\/#listItem\",\"name\":\"Trends\"}},{\"@type\":\"ListItem\",\"@id\":\"https:\\\/\\\/www.immo-invest.ch\\\/fr\\\/categories\\\/trends-fr\\\/#listItem\",\"position\":2,\"name\":\"Trends\",\"item\":\"https:\\\/\\\/www.immo-invest.ch\\\/fr\\\/categories\\\/trends-fr\\\/\",\"nextItem\":{\"@type\":\"ListItem\",\"@id\":\"https:\\\/\\\/www.immo-invest.ch\\\/fr\\\/categories\\\/trends-fr\\\/durabilite\\\/#listItem\",\"name\":\"Durabilit\\u00e9\"},\"previousItem\":{\"@type\":\"ListItem\",\"@id\":\"https:\\\/\\\/www.immo-invest.ch\\\/fr\\\/#listItem\",\"name\":\"Home\"}},{\"@type\":\"ListItem\",\"@id\":\"https:\\\/\\\/www.immo-invest.ch\\\/fr\\\/categories\\\/trends-fr\\\/durabilite\\\/#listItem\",\"position\":3,\"name\":\"Durabilit\\u00e9\",\"item\":\"https:\\\/\\\/www.immo-invest.ch\\\/fr\\\/categories\\\/trends-fr\\\/durabilite\\\/\",\"nextItem\":{\"@type\":\"ListItem\",\"@id\":\"https:\\\/\\\/www.immo-invest.ch\\\/fr\\\/primeo-energie-unterzeichnet-vertrag-fuer-waermeverbund-aesch\\\/#listItem\",\"name\":\"Primeo Energie signe un contrat pour le r\\u00e9seau de chaleur d&rsquo;Aesch\"},\"previousItem\":{\"@type\":\"ListItem\",\"@id\":\"https:\\\/\\\/www.immo-invest.ch\\\/fr\\\/categories\\\/trends-fr\\\/#listItem\",\"name\":\"Trends\"}},{\"@type\":\"ListItem\",\"@id\":\"https:\\\/\\\/www.immo-invest.ch\\\/fr\\\/primeo-energie-unterzeichnet-vertrag-fuer-waermeverbund-aesch\\\/#listItem\",\"position\":4,\"name\":\"Primeo Energie signe un contrat pour le r\\u00e9seau de chaleur d&rsquo;Aesch\",\"previousItem\":{\"@type\":\"ListItem\",\"@id\":\"https:\\\/\\\/www.immo-invest.ch\\\/fr\\\/categories\\\/trends-fr\\\/durabilite\\\/#listItem\",\"name\":\"Durabilit\\u00e9\"}}]},{\"@type\":\"Organization\",\"@id\":\"https:\\\/\\\/www.immo-invest.ch\\\/fr\\\/#organization\",\"name\":\"immo!nvest - Die Plattform f\\u00fcr Standorte und Immobilien\",\"description\":\"Die\\u00a0Plattform f\\u00fcr Standorte und Immobilien\",\"url\":\"https:\\\/\\\/www.immo-invest.ch\\\/fr\\\/\",\"email\":\"admin@immomedia.ag\",\"telephone\":\"+41444420002\",\"logo\":{\"@type\":\"ImageObject\",\"url\":\"https:\\\/\\\/www.immo-invest.ch\\\/wp-content\\\/uploads\\\/2024\\\/09\\\/immoinvest_sm-scaled.jpg\",\"@id\":\"https:\\\/\\\/www.immo-invest.ch\\\/fr\\\/primeo-energie-unterzeichnet-vertrag-fuer-waermeverbund-aesch\\\/#organizationLogo\",\"width\":2560,\"height\":1340},\"image\":{\"@id\":\"https:\\\/\\\/www.immo-invest.ch\\\/fr\\\/primeo-energie-unterzeichnet-vertrag-fuer-waermeverbund-aesch\\\/#organizationLogo\"},\"sameAs\":[\"https:\\\/\\\/www.facebook.com\\\/people\\\/Immoinvest\\\/100077962920504\\\/\",\"https:\\\/\\\/x.com\\\/i\\\/flow\\\/login?redirect_after_login=immoinvest_ch\",\"https:\\\/\\\/www.instagram.com\\\/immoinvest_ch\\\/\",\"https:\\\/\\\/www.linkedin.com\\\/company\\\/immoinvest-swiss\"]},{\"@type\":\"Person\",\"@id\":\"https:\\\/\\\/www.immo-invest.ch\\\/fr\\\/author\\\/immovestuser\\\/#author\",\"url\":\"https:\\\/\\\/www.immo-invest.ch\\\/fr\\\/author\\\/immovestuser\\\/\",\"name\":\"immovestuser\",\"image\":{\"@type\":\"ImageObject\",\"@id\":\"https:\\\/\\\/www.immo-invest.ch\\\/fr\\\/primeo-energie-unterzeichnet-vertrag-fuer-waermeverbund-aesch\\\/#authorImage\",\"url\":\"https:\\\/\\\/secure.gravatar.com\\\/avatar\\\/8e01f4d99f2eeea7a362ebb93305e1172a70e9293ba250f897a65c39f54cdd1e?s=96&d=mm&r=g\",\"width\":96,\"height\":96,\"caption\":\"immovestuser\"}},{\"@type\":\"WebPage\",\"@id\":\"https:\\\/\\\/www.immo-invest.ch\\\/fr\\\/primeo-energie-unterzeichnet-vertrag-fuer-waermeverbund-aesch\\\/#webpage\",\"url\":\"https:\\\/\\\/www.immo-invest.ch\\\/fr\\\/primeo-energie-unterzeichnet-vertrag-fuer-waermeverbund-aesch\\\/\",\"name\":\"Primeo Energie signe un contrat pour le r\\u00e9seau de chaleur d\\u2019Aesch - immo!nvest - Die Plattform f\\u00fcr Standorte und Immobilien\",\"description\":\"Primeo Energie hat die Vertr\\u00e4ge f\\u00fcr den Bau und Betrieb des neuen W\\u00e4rmeverbunds in Aesch unterzeichnet. Dort entsteht eine neue Holzheizzentrale. Baubeginn ist im Fr\\u00fchjahr, mit dem Ziel der Fertigstellung 2025.\",\"inLanguage\":\"fr-FR\",\"isPartOf\":{\"@id\":\"https:\\\/\\\/www.immo-invest.ch\\\/fr\\\/#website\"},\"breadcrumb\":{\"@id\":\"https:\\\/\\\/www.immo-invest.ch\\\/fr\\\/primeo-energie-unterzeichnet-vertrag-fuer-waermeverbund-aesch\\\/#breadcrumblist\"},\"author\":{\"@id\":\"https:\\\/\\\/www.immo-invest.ch\\\/fr\\\/author\\\/immovestuser\\\/#author\"},\"creator\":{\"@id\":\"https:\\\/\\\/www.immo-invest.ch\\\/fr\\\/author\\\/immovestuser\\\/#author\"},\"image\":{\"@type\":\"ImageObject\",\"url\":\"https:\\\/\\\/www.immo-invest.ch\\\/wp-content\\\/uploads\\\/2024\\\/02\\\/Unbenannt-13.png\",\"@id\":\"https:\\\/\\\/www.immo-invest.ch\\\/fr\\\/primeo-energie-unterzeichnet-vertrag-fuer-waermeverbund-aesch\\\/#mainImage\",\"width\":1024,\"height\":1024},\"primaryImageOfPage\":{\"@id\":\"https:\\\/\\\/www.immo-invest.ch\\\/fr\\\/primeo-energie-unterzeichnet-vertrag-fuer-waermeverbund-aesch\\\/#mainImage\"},\"datePublished\":\"2024-02-16T14:37:35+01:00\",\"dateModified\":\"2024-02-16T14:42:35+01:00\"},{\"@type\":\"WebSite\",\"@id\":\"https:\\\/\\\/www.immo-invest.ch\\\/fr\\\/#website\",\"url\":\"https:\\\/\\\/www.immo-invest.ch\\\/fr\\\/\",\"name\":\"immo!nvest - Die Plattform f\\u00fcr Standorte und Immobilien\",\"description\":\"Die\\u00a0Plattform f\\u00fcr Standorte und Immobilien\",\"inLanguage\":\"fr-FR\",\"publisher\":{\"@id\":\"https:\\\/\\\/www.immo-invest.ch\\\/fr\\\/#organization\"}}]}\n\t\t<\/script>\n\t\t<!-- All in One SEO -->\n\n","aioseo_head_json":{"title":"Primeo Energie signe un contrat pour le r\u00e9seau de chaleur d\u2019Aesch - immo!nvest - Die Plattform f\u00fcr Standorte und Immobilien","description":"Primeo Energie hat die Vertr\u00e4ge f\u00fcr den Bau und Betrieb des neuen W\u00e4rmeverbunds in Aesch unterzeichnet. Dort entsteht eine neue Holzheizzentrale. Baubeginn ist im Fr\u00fchjahr, mit dem Ziel der Fertigstellung 2025.","canonical_url":"https:\/\/www.immo-invest.ch\/fr\/primeo-energie-unterzeichnet-vertrag-fuer-waermeverbund-aesch\/","robots":"max-image-preview:large","keywords":"","webmasterTools":{"google-site-verification":"fHJKvgWpZCR2zVBHWfkQeFXC11qieUSff0HGNYfuyLA","miscellaneous":""},"schema":{"@context":"https:\/\/schema.org","@graph":[{"@type":"BlogPosting","@id":"https:\/\/www.immo-invest.ch\/fr\/primeo-energie-unterzeichnet-vertrag-fuer-waermeverbund-aesch\/#blogposting","name":"Primeo Energie signe un contrat pour le r\u00e9seau de chaleur d\u2019Aesch - immo!nvest - Die Plattform f\u00fcr Standorte und Immobilien","headline":"Primeo Energie signe un contrat pour le r\u00e9seau de chaleur d&rsquo;Aesch","author":{"@id":"https:\/\/www.immo-invest.ch\/fr\/author\/immovestuser\/#author"},"publisher":{"@id":"https:\/\/www.immo-invest.ch\/fr\/#organization"},"image":{"@type":"ImageObject","url":"https:\/\/www.immo-invest.ch\/wp-content\/uploads\/2024\/02\/Unbenannt-13.png","width":1024,"height":1024},"datePublished":"2024-02-16T14:37:35+01:00","dateModified":"2024-02-16T14:42:35+01:00","inLanguage":"fr-FR","mainEntityOfPage":{"@id":"https:\/\/www.immo-invest.ch\/fr\/primeo-energie-unterzeichnet-vertrag-fuer-waermeverbund-aesch\/#webpage"},"isPartOf":{"@id":"https:\/\/www.immo-invest.ch\/fr\/primeo-energie-unterzeichnet-vertrag-fuer-waermeverbund-aesch\/#webpage"},"articleSection":"Durabilit\u00e9, \u00c9nergie, immoNews, Dekarbonisierung W\u00e4rmeversorgung, ErneuerbareEnergien, Holzheizzentrale erneuerbare Energie, Immoinvest, immoNews, News, Primeo Energie W\u00e4rmeverbund Aesch, Facultatif"},{"@type":"BreadcrumbList","@id":"https:\/\/www.immo-invest.ch\/fr\/primeo-energie-unterzeichnet-vertrag-fuer-waermeverbund-aesch\/#breadcrumblist","itemListElement":[{"@type":"ListItem","@id":"https:\/\/www.immo-invest.ch\/fr\/#listItem","position":1,"name":"Home","item":"https:\/\/www.immo-invest.ch\/fr\/","nextItem":{"@type":"ListItem","@id":"https:\/\/www.immo-invest.ch\/fr\/categories\/trends-fr\/#listItem","name":"Trends"}},{"@type":"ListItem","@id":"https:\/\/www.immo-invest.ch\/fr\/categories\/trends-fr\/#listItem","position":2,"name":"Trends","item":"https:\/\/www.immo-invest.ch\/fr\/categories\/trends-fr\/","nextItem":{"@type":"ListItem","@id":"https:\/\/www.immo-invest.ch\/fr\/categories\/trends-fr\/durabilite\/#listItem","name":"Durabilit\u00e9"},"previousItem":{"@type":"ListItem","@id":"https:\/\/www.immo-invest.ch\/fr\/#listItem","name":"Home"}},{"@type":"ListItem","@id":"https:\/\/www.immo-invest.ch\/fr\/categories\/trends-fr\/durabilite\/#listItem","position":3,"name":"Durabilit\u00e9","item":"https:\/\/www.immo-invest.ch\/fr\/categories\/trends-fr\/durabilite\/","nextItem":{"@type":"ListItem","@id":"https:\/\/www.immo-invest.ch\/fr\/primeo-energie-unterzeichnet-vertrag-fuer-waermeverbund-aesch\/#listItem","name":"Primeo Energie signe un contrat pour le r\u00e9seau de chaleur d&rsquo;Aesch"},"previousItem":{"@type":"ListItem","@id":"https:\/\/www.immo-invest.ch\/fr\/categories\/trends-fr\/#listItem","name":"Trends"}},{"@type":"ListItem","@id":"https:\/\/www.immo-invest.ch\/fr\/primeo-energie-unterzeichnet-vertrag-fuer-waermeverbund-aesch\/#listItem","position":4,"name":"Primeo Energie signe un contrat pour le r\u00e9seau de chaleur d&rsquo;Aesch","previousItem":{"@type":"ListItem","@id":"https:\/\/www.immo-invest.ch\/fr\/categories\/trends-fr\/durabilite\/#listItem","name":"Durabilit\u00e9"}}]},{"@type":"Organization","@id":"https:\/\/www.immo-invest.ch\/fr\/#organization","name":"immo!nvest - Die Plattform f\u00fcr Standorte und Immobilien","description":"Die\u00a0Plattform f\u00fcr Standorte und Immobilien","url":"https:\/\/www.immo-invest.ch\/fr\/","email":"admin@immomedia.ag","telephone":"+41444420002","logo":{"@type":"ImageObject","url":"https:\/\/www.immo-invest.ch\/wp-content\/uploads\/2024\/09\/immoinvest_sm-scaled.jpg","@id":"https:\/\/www.immo-invest.ch\/fr\/primeo-energie-unterzeichnet-vertrag-fuer-waermeverbund-aesch\/#organizationLogo","width":2560,"height":1340},"image":{"@id":"https:\/\/www.immo-invest.ch\/fr\/primeo-energie-unterzeichnet-vertrag-fuer-waermeverbund-aesch\/#organizationLogo"},"sameAs":["https:\/\/www.facebook.com\/people\/Immoinvest\/100077962920504\/","https:\/\/x.com\/i\/flow\/login?redirect_after_login=immoinvest_ch","https:\/\/www.instagram.com\/immoinvest_ch\/","https:\/\/www.linkedin.com\/company\/immoinvest-swiss"]},{"@type":"Person","@id":"https:\/\/www.immo-invest.ch\/fr\/author\/immovestuser\/#author","url":"https:\/\/www.immo-invest.ch\/fr\/author\/immovestuser\/","name":"immovestuser","image":{"@type":"ImageObject","@id":"https:\/\/www.immo-invest.ch\/fr\/primeo-energie-unterzeichnet-vertrag-fuer-waermeverbund-aesch\/#authorImage","url":"https:\/\/secure.gravatar.com\/avatar\/8e01f4d99f2eeea7a362ebb93305e1172a70e9293ba250f897a65c39f54cdd1e?s=96&d=mm&r=g","width":96,"height":96,"caption":"immovestuser"}},{"@type":"WebPage","@id":"https:\/\/www.immo-invest.ch\/fr\/primeo-energie-unterzeichnet-vertrag-fuer-waermeverbund-aesch\/#webpage","url":"https:\/\/www.immo-invest.ch\/fr\/primeo-energie-unterzeichnet-vertrag-fuer-waermeverbund-aesch\/","name":"Primeo Energie signe un contrat pour le r\u00e9seau de chaleur d\u2019Aesch - immo!nvest - Die Plattform f\u00fcr Standorte und Immobilien","description":"Primeo Energie hat die Vertr\u00e4ge f\u00fcr den Bau und Betrieb des neuen W\u00e4rmeverbunds in Aesch unterzeichnet. Dort entsteht eine neue Holzheizzentrale. Baubeginn ist im Fr\u00fchjahr, mit dem Ziel der Fertigstellung 2025.","inLanguage":"fr-FR","isPartOf":{"@id":"https:\/\/www.immo-invest.ch\/fr\/#website"},"breadcrumb":{"@id":"https:\/\/www.immo-invest.ch\/fr\/primeo-energie-unterzeichnet-vertrag-fuer-waermeverbund-aesch\/#breadcrumblist"},"author":{"@id":"https:\/\/www.immo-invest.ch\/fr\/author\/immovestuser\/#author"},"creator":{"@id":"https:\/\/www.immo-invest.ch\/fr\/author\/immovestuser\/#author"},"image":{"@type":"ImageObject","url":"https:\/\/www.immo-invest.ch\/wp-content\/uploads\/2024\/02\/Unbenannt-13.png","@id":"https:\/\/www.immo-invest.ch\/fr\/primeo-energie-unterzeichnet-vertrag-fuer-waermeverbund-aesch\/#mainImage","width":1024,"height":1024},"primaryImageOfPage":{"@id":"https:\/\/www.immo-invest.ch\/fr\/primeo-energie-unterzeichnet-vertrag-fuer-waermeverbund-aesch\/#mainImage"},"datePublished":"2024-02-16T14:37:35+01:00","dateModified":"2024-02-16T14:42:35+01:00"},{"@type":"WebSite","@id":"https:\/\/www.immo-invest.ch\/fr\/#website","url":"https:\/\/www.immo-invest.ch\/fr\/","name":"immo!nvest - Die Plattform f\u00fcr Standorte und Immobilien","description":"Die\u00a0Plattform f\u00fcr Standorte und Immobilien","inLanguage":"fr-FR","publisher":{"@id":"https:\/\/www.immo-invest.ch\/fr\/#organization"}}]},"og:locale":"fr_FR","og:site_name":"immo!nvest - Die Plattform f\u00fcr Standorte und Immobilien - Die\u00a0Plattform f\u00fcr Standorte und Immobilien","og:type":"article","og:title":"Primeo Energie signe un contrat pour le r\u00e9seau de chaleur d\u2019Aesch - immo!nvest - Die Plattform f\u00fcr Standorte und Immobilien","og:description":"Primeo Energie hat die Vertr\u00e4ge f\u00fcr den Bau und Betrieb des neuen W\u00e4rmeverbunds in Aesch unterzeichnet. Dort entsteht eine neue Holzheizzentrale. Baubeginn ist im Fr\u00fchjahr, mit dem Ziel der Fertigstellung 2025.","og:url":"https:\/\/www.immo-invest.ch\/fr\/primeo-energie-unterzeichnet-vertrag-fuer-waermeverbund-aesch\/","og:image":"https:\/\/www.immo-invest.ch\/wp-content\/uploads\/2024\/02\/Unbenannt-13.png","og:image:secure_url":"https:\/\/www.immo-invest.ch\/wp-content\/uploads\/2024\/02\/Unbenannt-13.png","og:image:width":1024,"og:image:height":1024,"article:published_time":"2024-02-16T13:37:35+00:00","article:modified_time":"2024-02-16T13:42:35+00:00","article:publisher":"https:\/\/www.facebook.com\/people\/Immoinvest\/100077962920504\/","twitter:card":"summary_large_image","twitter:site":"@i","twitter:title":"Primeo Energie signe un contrat pour le r\u00e9seau de chaleur d\u2019Aesch - immo!nvest - Die Plattform f\u00fcr Standorte und Immobilien","twitter:description":"Primeo Energie hat die Vertr\u00e4ge f\u00fcr den Bau und Betrieb des neuen W\u00e4rmeverbunds in Aesch unterzeichnet. Dort entsteht eine neue Holzheizzentrale. Baubeginn ist im Fr\u00fchjahr, mit dem Ziel der Fertigstellung 2025.","twitter:creator":"@i","twitter:image":"https:\/\/www.immo-invest.ch\/wp-content\/uploads\/2024\/02\/Unbenannt-13.png"},"aioseo_meta_data":{"post_id":"77134","title":null,"description":null,"keywords":null,"keyphrases":null,"primary_term":null,"canonical_url":null,"og_title":null,"og_description":null,"og_object_type":"default","og_image_type":"default","og_image_url":null,"og_image_width":null,"og_image_height":null,"og_image_custom_url":null,"og_image_custom_fields":null,"og_video":null,"og_custom_url":null,"og_article_section":null,"og_article_tags":null,"twitter_use_og":false,"twitter_card":"default","twitter_image_type":"default","twitter_image_url":null,"twitter_image_custom_url":null,"twitter_image_custom_fields":null,"twitter_title":null,"twitter_description":null,"schema":{"blockGraphs":[],"customGraphs":[],"default":{"data":{"Article":[],"Course":[],"Dataset":[],"FAQPage":[],"Movie":[],"Person":[],"Product":[],"ProductReview":[],"Car":[],"Recipe":[],"Service":[],"SoftwareApplication":[],"WebPage":[]},"graphName":"","isEnabled":true},"graphs":[]},"schema_type":"default","schema_type_options":null,"pillar_content":false,"robots_default":true,"robots_noindex":false,"robots_noarchive":false,"robots_nosnippet":false,"robots_nofollow":false,"robots_noimageindex":false,"robots_noodp":false,"robots_notranslate":false,"robots_max_snippet":null,"robots_max_videopreview":null,"robots_max_imagepreview":"large","priority":null,"frequency":null,"local_seo":null,"breadcrumb_settings":null,"limit_modified_date":false,"ai":null,"created":"2024-09-20 15:51:04","updated":"2025-10-23 21:58:19","seo_analyzer_scan_date":null,"focus_keyword":null,"additional_keywords":null,"truseo_locale":null},"aioseo_breadcrumb":"<div class=\"aioseo-breadcrumbs\"><span class=\"aioseo-breadcrumb\">\n\t\t\t<a href=\"https:\/\/www.immo-invest.ch\/fr\/\" title=\"Home\">Home<\/a>\n\t\t<\/span><span class=\"aioseo-breadcrumb-separator\">&raquo;<\/span><span class=\"aioseo-breadcrumb\">\n\t\t\t<a href=\"https:\/\/www.immo-invest.ch\/fr\/categories\/trends-fr\/\" title=\"Trends\">Trends<\/a>\n\t\t<\/span><span class=\"aioseo-breadcrumb-separator\">&raquo;<\/span><span class=\"aioseo-breadcrumb\">\n\t\t\t<a href=\"https:\/\/www.immo-invest.ch\/fr\/categories\/trends-fr\/durabilite\/\" title=\"Durabilit\u00e9\">Durabilit\u00e9<\/a>\n\t\t<\/span><span class=\"aioseo-breadcrumb-separator\">&raquo;<\/span><span class=\"aioseo-breadcrumb\">\n\t\t\tPrimeo Energie signe un contrat pour le r\u00e9seau de chaleur d\u2019Aesch\n\t\t<\/span><\/div>","aioseo_breadcrumb_json":[{"label":"Home","link":"https:\/\/www.immo-invest.ch\/fr\/"},{"label":"Trends","link":"https:\/\/www.immo-invest.ch\/fr\/categories\/trends-fr\/"},{"label":"Durabilit\u00e9","link":"https:\/\/www.immo-invest.ch\/fr\/categories\/trends-fr\/durabilite\/"},{"label":"Primeo Energie signe un contrat pour le r\u00e9seau de chaleur d&rsquo;Aesch","link":"https:\/\/www.immo-invest.ch\/fr\/primeo-energie-unterzeichnet-vertrag-fuer-waermeverbund-aesch\/"}],"featured_image_src":"https:\/\/www.immo-invest.ch\/wp-content\/uploads\/2024\/02\/Unbenannt-13-336x168.png","_links":{"self":[{"href":"https:\/\/www.immo-invest.ch\/fr\/wp-json\/wp\/v2\/posts\/77134","targetHints":{"allow":["GET"]}}],"collection":[{"href":"https:\/\/www.immo-invest.ch\/fr\/wp-json\/wp\/v2\/posts"}],"about":[{"href":"https:\/\/www.immo-invest.ch\/fr\/wp-json\/wp\/v2\/types\/post"}],"author":[{"embeddable":true,"href":"https:\/\/www.immo-invest.ch\/fr\/wp-json\/wp\/v2\/users\/2"}],"replies":[{"embeddable":true,"href":"https:\/\/www.immo-invest.ch\/fr\/wp-json\/wp\/v2\/comments?post=77134"}],"version-history":[{"count":0,"href":"https:\/\/www.immo-invest.ch\/fr\/wp-json\/wp\/v2\/posts\/77134\/revisions"}],"wp:featuredmedia":[{"embeddable":true,"href":"https:\/\/www.immo-invest.ch\/fr\/wp-json\/wp\/v2\/media\/77129"}],"wp:attachment":[{"href":"https:\/\/www.immo-invest.ch\/fr\/wp-json\/wp\/v2\/media?parent=77134"}],"wp:term":[{"taxonomy":"category","embeddable":true,"href":"https:\/\/www.immo-invest.ch\/fr\/wp-json\/wp\/v2\/categories?post=77134"},{"taxonomy":"post_tag","embeddable":true,"href":"https:\/\/www.immo-invest.ch\/fr\/wp-json\/wp\/v2\/tags?post=77134"}],"curies":[{"name":"wp","href":"https:\/\/api.w.org\/{rel}","templated":true}]}}