{"id":76993,"date":"2024-02-15T12:00:00","date_gmt":"2024-02-15T11:00:00","guid":{"rendered":"https:\/\/www.immo-invest.ch\/?p=76993"},"modified":"2024-02-15T09:08:11","modified_gmt":"2024-02-15T08:08:11","slug":"pratteln-wird-klimaneutral-mit-waerme-versorgt","status":"publish","type":"post","link":"https:\/\/www.immo-invest.ch\/fr\/pratteln-wird-klimaneutral-mit-waerme-versorgt\/","title":{"rendered":"Pratteln est approvisionn\u00e9 en chaleur sans impact sur le climat"},"content":{"rendered":"<p class=\"bodytext\">La coop&eacute;rative Elektra Baselland<a href=\"https:\/\/www.ebl.ch\/de\/\" target=\"_blank\" rel=\"noopener\">(EBL<\/a>) a conclu un accord de grande envergure avec le prestataire de services &eacute;nerg&eacute;tiques et immobiliers <a href=\"https:\/\/www.getec.swiss\/de\/\" target=\"_blank\" rel=\"noopener\">Getec Suisse<\/a> pour l&rsquo;approvisionnement en chaleur de l&rsquo;agglom&eacute;ration de Pratteln. Selon un <a href=\"https:\/\/www.ebl.ch\/de\/ueber-uns\/news\/medienmitteilungen\/ebl-innovative-abwaermenutzung-beim-grosswaermeverbund-pratteln\" target=\"_blank\" rel=\"noopener\">communiqu&eacute; de presse<\/a>, il s&rsquo;agit d&rsquo;utiliser la chaleur r&eacute;siduelle du parc industriel Getec Park.Swiss situ&eacute; &agrave; proximit&eacute;, sur le site de Schweizerhalle. Cette source d&rsquo;&eacute;nergie, associ&eacute;e aux ressources d&eacute;j&agrave; existantes que sont les rejets thermiques de la STEP du Rhin, le bois issu des for&ecirc;ts locales et le bois recycl&eacute;, doit permettre d&rsquo;alimenter en chaleur les habitations, les bureaux, les commerces et les b&acirc;timents publics. markus V&ouml;gele, chef de projet chez EBL, a d&eacute;clar&eacute; dans le communiqu&eacute; que &laquo;&nbsp;l&rsquo;&eacute;tendue des prestations possibles correspond assez pr&eacute;cis&eacute;ment aux besoins&nbsp;&raquo;.<\/p>\n<p class=\"bodytext\">Les rejets thermiques du Getec Park.Swiss, exploit&eacute; par Getec, devraient &ecirc;tre int&eacute;gr&eacute;s dans la coop&eacute;ration &agrave; hauteur d&rsquo;au moins 26,5 gigawattheures d&rsquo;&eacute;lectricit&eacute; par an. Cela correspond aux besoins en chaleur d&rsquo;environ 4500 m&eacute;nages. Le traitement de cette quantit&eacute; de chaleur dans la centrale de chauffage urbain d&rsquo;EBL devrait permettre d&rsquo;&eacute;conomiser 8300 tonnes de CO2 par an. L&rsquo;objectif &agrave; long terme est de doubler la quantit&eacute; de chaleur.<\/p>\n<p class=\"bodytext\">&laquo;&nbsp;Nous sommes heureux de pouvoir, en collaboration avec EBL, approvisionner Pratteln en chaleur climatiquement neutre provenant de la r&eacute;gion de Schweizerhalle et de contribuer ainsi activement &agrave; la r&eacute;duction des &eacute;missions de CO2&nbsp;&raquo;, explique Urs Zimmerli, CEO de Getec Suisse.<\/p>\n","protected":false},"excerpt":{"rendered":"<p>La coop\u00e9rative Elektra Baselland (EBL) et le prestataire de services \u00e9nerg\u00e9tiques Getec veulent approvisionner l&rsquo;agglom\u00e9ration de Pratteln en chaleur sans impact sur le climat. Pour ce faire, il est pr\u00e9vu d&rsquo;utiliser principalement la chaleur r\u00e9siduelle du Getec Park.Swiss.<\/p>\n","protected":false},"author":2,"featured_media":59953,"comment_status":"open","ping_status":"open","sticky":false,"template":"","format":"standard","meta":{"pmpro_default_level":"0","inline_featured_image":false,"_monsterinsights_skip_tracking":false,"footnotes":""},"categories":[22699,8747,743],"tags":[44703,2155,44704],"class_list":["post-76993","post","type-post","status-publish","format-standard","has-post-thumbnail","hentry","category-durabilite","category-energie","category-immonews-fr","tag-energiedienstleitung-fr","tag-erneuerbareenergien-fr","tag-klimaneutralitaet-fr","pmpro-has-access"],"acf":{"bild_mit_ki_erstellt_worden":[],"lead":"La coop\u00e9rative Elektra Baselland (EBL) et le prestataire de services \u00e9nerg\u00e9tiques Getec veulent approvisionner l'agglom\u00e9ration de Pratteln en chaleur sans impact sur le climat. Pour ce faire, il est pr\u00e9vu d'utiliser principalement la chaleur r\u00e9siduelle du Getec Park.Swiss.","autor":"ce\/ww","ort":"Pratteln BL ","bildunterschrift":"","bild_im_grid":false,"gallerie":"","newsim":""},"aioseo_notices":[],"aioseo_head":"\n\t\t<!-- All in One SEO 5.0.1.1 - aioseo.com -->\n\t<meta name=\"description\" content=\"La coop\u00e9rative Elektra Baselland (EBL) et le prestataire de services \u00e9nerg\u00e9tiques Getec veulent approvisionner l&#039;agglom\u00e9ration de Pratteln en chaleur sans impact sur le climat. Pour ce faire, il est pr\u00e9vu d&#039;utiliser principalement la chaleur r\u00e9siduelle du Getec Park.Swiss.\" \/>\n\t<meta name=\"robots\" content=\"max-image-preview:large\" \/>\n\t<meta name=\"author\" content=\"immovestuser\"\/>\n\t<meta name=\"google-site-verification\" content=\"fHJKvgWpZCR2zVBHWfkQeFXC11qieUSff0HGNYfuyLA\" \/>\n\t<link rel=\"canonical\" href=\"https:\/\/www.immo-invest.ch\/fr\/pratteln-wird-klimaneutral-mit-waerme-versorgt\/\" \/>\n\t<meta name=\"generator\" content=\"All in One SEO (AIOSEO) 5.0.1.1\" \/>\n\t\t<meta property=\"og:locale\" content=\"fr_FR\" \/>\n\t\t<meta property=\"og:site_name\" content=\"immo!nvest - Die Plattform f\u00fcr Standorte und Immobilien - Die\u00a0Plattform f\u00fcr Standorte und Immobilien\" \/>\n\t\t<meta property=\"og:type\" content=\"article\" \/>\n\t\t<meta property=\"og:title\" content=\"Pratteln est approvisionn\u00e9 en chaleur sans impact sur le climat - immo!nvest - Die Plattform f\u00fcr Standorte und Immobilien\" \/>\n\t\t<meta property=\"og:description\" content=\"La coop\u00e9rative Elektra Baselland (EBL) et le prestataire de services \u00e9nerg\u00e9tiques Getec veulent approvisionner l&#039;agglom\u00e9ration de Pratteln en chaleur sans impact sur le climat. Pour ce faire, il est pr\u00e9vu d&#039;utiliser principalement la chaleur r\u00e9siduelle du Getec Park.Swiss.\" \/>\n\t\t<meta property=\"og:url\" content=\"https:\/\/www.immo-invest.ch\/fr\/pratteln-wird-klimaneutral-mit-waerme-versorgt\/\" \/>\n\t\t<meta property=\"og:image\" content=\"https:\/\/www.immo-invest.ch\/wp-content\/uploads\/2023\/07\/Holzspaene-2-scaled.jpg\" \/>\n\t\t<meta property=\"og:image:secure_url\" content=\"https:\/\/www.immo-invest.ch\/wp-content\/uploads\/2023\/07\/Holzspaene-2-scaled.jpg\" \/>\n\t\t<meta property=\"og:image:width\" content=\"2560\" \/>\n\t\t<meta property=\"og:image:height\" content=\"1701\" \/>\n\t\t<meta property=\"article:published_time\" content=\"2024-02-15T11:00:00+00:00\" \/>\n\t\t<meta property=\"article:modified_time\" content=\"2024-02-15T08:08:11+00:00\" \/>\n\t\t<meta property=\"article:publisher\" content=\"https:\/\/www.facebook.com\/people\/Immoinvest\/100077962920504\/\" \/>\n\t\t<meta name=\"twitter:card\" content=\"summary_large_image\" \/>\n\t\t<meta name=\"twitter:site\" content=\"@i\" \/>\n\t\t<meta name=\"twitter:title\" content=\"Pratteln est approvisionn\u00e9 en chaleur sans impact sur le climat - immo!nvest - Die Plattform f\u00fcr Standorte und Immobilien\" \/>\n\t\t<meta name=\"twitter:description\" content=\"La coop\u00e9rative Elektra Baselland (EBL) et le prestataire de services \u00e9nerg\u00e9tiques Getec veulent approvisionner l&#039;agglom\u00e9ration de Pratteln en chaleur sans impact sur le climat. Pour ce faire, il est pr\u00e9vu d&#039;utiliser principalement la chaleur r\u00e9siduelle du Getec Park.Swiss.\" \/>\n\t\t<meta name=\"twitter:creator\" content=\"@i\" \/>\n\t\t<meta name=\"twitter:image\" content=\"https:\/\/www.immo-invest.ch\/wp-content\/uploads\/2023\/07\/Holzspaene-2-scaled.jpg\" \/>\n\t\t<script type=\"application\/ld+json\" class=\"aioseo-schema\">\n\t\t\t{\"@context\":\"https:\\\/\\\/schema.org\",\"@graph\":[{\"@type\":\"BlogPosting\",\"@id\":\"https:\\\/\\\/www.immo-invest.ch\\\/fr\\\/pratteln-wird-klimaneutral-mit-waerme-versorgt\\\/#blogposting\",\"name\":\"Pratteln est approvisionn\\u00e9 en chaleur sans impact sur le climat - immo!nvest - Die Plattform f\\u00fcr Standorte und Immobilien\",\"headline\":\"Pratteln est approvisionn\\u00e9 en chaleur sans impact sur le climat\",\"author\":{\"@id\":\"https:\\\/\\\/www.immo-invest.ch\\\/fr\\\/author\\\/immovestuser\\\/#author\"},\"publisher\":{\"@id\":\"https:\\\/\\\/www.immo-invest.ch\\\/fr\\\/#organization\"},\"image\":{\"@type\":\"ImageObject\",\"url\":\"https:\\\/\\\/www.immo-invest.ch\\\/wp-content\\\/uploads\\\/2023\\\/07\\\/Holzspaene-2-scaled.jpg\",\"width\":2560,\"height\":1701},\"datePublished\":\"2024-02-15T12:00:00+01:00\",\"dateModified\":\"2024-02-15T09:08:11+01:00\",\"inLanguage\":\"fr-FR\",\"mainEntityOfPage\":{\"@id\":\"https:\\\/\\\/www.immo-invest.ch\\\/fr\\\/pratteln-wird-klimaneutral-mit-waerme-versorgt\\\/#webpage\"},\"isPartOf\":{\"@id\":\"https:\\\/\\\/www.immo-invest.ch\\\/fr\\\/pratteln-wird-klimaneutral-mit-waerme-versorgt\\\/#webpage\"},\"articleSection\":\"Durabilit\\u00e9, \\u00c9nergie, immoNews, Energiedienstleitung, ErneuerbareEnergien, Klimaneutralit\\u00e4t, Facultatif\"},{\"@type\":\"BreadcrumbList\",\"@id\":\"https:\\\/\\\/www.immo-invest.ch\\\/fr\\\/pratteln-wird-klimaneutral-mit-waerme-versorgt\\\/#breadcrumblist\",\"itemListElement\":[{\"@type\":\"ListItem\",\"@id\":\"https:\\\/\\\/www.immo-invest.ch\\\/fr\\\/#listItem\",\"position\":1,\"name\":\"Home\",\"item\":\"https:\\\/\\\/www.immo-invest.ch\\\/fr\\\/\",\"nextItem\":{\"@type\":\"ListItem\",\"@id\":\"https:\\\/\\\/www.immo-invest.ch\\\/fr\\\/categories\\\/trends-fr\\\/#listItem\",\"name\":\"Trends\"}},{\"@type\":\"ListItem\",\"@id\":\"https:\\\/\\\/www.immo-invest.ch\\\/fr\\\/categories\\\/trends-fr\\\/#listItem\",\"position\":2,\"name\":\"Trends\",\"item\":\"https:\\\/\\\/www.immo-invest.ch\\\/fr\\\/categories\\\/trends-fr\\\/\",\"nextItem\":{\"@type\":\"ListItem\",\"@id\":\"https:\\\/\\\/www.immo-invest.ch\\\/fr\\\/categories\\\/trends-fr\\\/durabilite\\\/#listItem\",\"name\":\"Durabilit\\u00e9\"},\"previousItem\":{\"@type\":\"ListItem\",\"@id\":\"https:\\\/\\\/www.immo-invest.ch\\\/fr\\\/#listItem\",\"name\":\"Home\"}},{\"@type\":\"ListItem\",\"@id\":\"https:\\\/\\\/www.immo-invest.ch\\\/fr\\\/categories\\\/trends-fr\\\/durabilite\\\/#listItem\",\"position\":3,\"name\":\"Durabilit\\u00e9\",\"item\":\"https:\\\/\\\/www.immo-invest.ch\\\/fr\\\/categories\\\/trends-fr\\\/durabilite\\\/\",\"nextItem\":{\"@type\":\"ListItem\",\"@id\":\"https:\\\/\\\/www.immo-invest.ch\\\/fr\\\/pratteln-wird-klimaneutral-mit-waerme-versorgt\\\/#listItem\",\"name\":\"Pratteln est approvisionn\\u00e9 en chaleur sans impact sur le climat\"},\"previousItem\":{\"@type\":\"ListItem\",\"@id\":\"https:\\\/\\\/www.immo-invest.ch\\\/fr\\\/categories\\\/trends-fr\\\/#listItem\",\"name\":\"Trends\"}},{\"@type\":\"ListItem\",\"@id\":\"https:\\\/\\\/www.immo-invest.ch\\\/fr\\\/pratteln-wird-klimaneutral-mit-waerme-versorgt\\\/#listItem\",\"position\":4,\"name\":\"Pratteln est approvisionn\\u00e9 en chaleur sans impact sur le climat\",\"previousItem\":{\"@type\":\"ListItem\",\"@id\":\"https:\\\/\\\/www.immo-invest.ch\\\/fr\\\/categories\\\/trends-fr\\\/durabilite\\\/#listItem\",\"name\":\"Durabilit\\u00e9\"}}]},{\"@type\":\"Organization\",\"@id\":\"https:\\\/\\\/www.immo-invest.ch\\\/fr\\\/#organization\",\"name\":\"immo!nvest - Die Plattform f\\u00fcr Standorte und Immobilien\",\"description\":\"Die\\u00a0Plattform f\\u00fcr Standorte und Immobilien\",\"url\":\"https:\\\/\\\/www.immo-invest.ch\\\/fr\\\/\",\"email\":\"admin@immomedia.ag\",\"telephone\":\"+41444420002\",\"logo\":{\"@type\":\"ImageObject\",\"url\":\"https:\\\/\\\/www.immo-invest.ch\\\/wp-content\\\/uploads\\\/2024\\\/09\\\/immoinvest_sm-scaled.jpg\",\"@id\":\"https:\\\/\\\/www.immo-invest.ch\\\/fr\\\/pratteln-wird-klimaneutral-mit-waerme-versorgt\\\/#organizationLogo\",\"width\":2560,\"height\":1340},\"image\":{\"@id\":\"https:\\\/\\\/www.immo-invest.ch\\\/fr\\\/pratteln-wird-klimaneutral-mit-waerme-versorgt\\\/#organizationLogo\"},\"sameAs\":[\"https:\\\/\\\/www.facebook.com\\\/people\\\/Immoinvest\\\/100077962920504\\\/\",\"https:\\\/\\\/x.com\\\/i\\\/flow\\\/login?redirect_after_login=immoinvest_ch\",\"https:\\\/\\\/www.instagram.com\\\/immoinvest_ch\\\/\",\"https:\\\/\\\/www.linkedin.com\\\/company\\\/immoinvest-swiss\"]},{\"@type\":\"Person\",\"@id\":\"https:\\\/\\\/www.immo-invest.ch\\\/fr\\\/author\\\/immovestuser\\\/#author\",\"url\":\"https:\\\/\\\/www.immo-invest.ch\\\/fr\\\/author\\\/immovestuser\\\/\",\"name\":\"immovestuser\",\"image\":{\"@type\":\"ImageObject\",\"@id\":\"https:\\\/\\\/www.immo-invest.ch\\\/fr\\\/pratteln-wird-klimaneutral-mit-waerme-versorgt\\\/#authorImage\",\"url\":\"https:\\\/\\\/secure.gravatar.com\\\/avatar\\\/8e01f4d99f2eeea7a362ebb93305e1172a70e9293ba250f897a65c39f54cdd1e?s=96&d=mm&r=g\",\"width\":96,\"height\":96,\"caption\":\"immovestuser\"}},{\"@type\":\"WebPage\",\"@id\":\"https:\\\/\\\/www.immo-invest.ch\\\/fr\\\/pratteln-wird-klimaneutral-mit-waerme-versorgt\\\/#webpage\",\"url\":\"https:\\\/\\\/www.immo-invest.ch\\\/fr\\\/pratteln-wird-klimaneutral-mit-waerme-versorgt\\\/\",\"name\":\"Pratteln est approvisionn\\u00e9 en chaleur sans impact sur le climat - immo!nvest - Die Plattform f\\u00fcr Standorte und Immobilien\",\"description\":\"La coop\\u00e9rative Elektra Baselland (EBL) et le prestataire de services \\u00e9nerg\\u00e9tiques Getec veulent approvisionner l'agglom\\u00e9ration de Pratteln en chaleur sans impact sur le climat. Pour ce faire, il est pr\\u00e9vu d'utiliser principalement la chaleur r\\u00e9siduelle du Getec Park.Swiss.\",\"inLanguage\":\"fr-FR\",\"isPartOf\":{\"@id\":\"https:\\\/\\\/www.immo-invest.ch\\\/fr\\\/#website\"},\"breadcrumb\":{\"@id\":\"https:\\\/\\\/www.immo-invest.ch\\\/fr\\\/pratteln-wird-klimaneutral-mit-waerme-versorgt\\\/#breadcrumblist\"},\"author\":{\"@id\":\"https:\\\/\\\/www.immo-invest.ch\\\/fr\\\/author\\\/immovestuser\\\/#author\"},\"creator\":{\"@id\":\"https:\\\/\\\/www.immo-invest.ch\\\/fr\\\/author\\\/immovestuser\\\/#author\"},\"image\":{\"@type\":\"ImageObject\",\"url\":\"https:\\\/\\\/www.immo-invest.ch\\\/wp-content\\\/uploads\\\/2023\\\/07\\\/Holzspaene-2-scaled.jpg\",\"@id\":\"https:\\\/\\\/www.immo-invest.ch\\\/fr\\\/pratteln-wird-klimaneutral-mit-waerme-versorgt\\\/#mainImage\",\"width\":2560,\"height\":1701},\"primaryImageOfPage\":{\"@id\":\"https:\\\/\\\/www.immo-invest.ch\\\/fr\\\/pratteln-wird-klimaneutral-mit-waerme-versorgt\\\/#mainImage\"},\"datePublished\":\"2024-02-15T12:00:00+01:00\",\"dateModified\":\"2024-02-15T09:08:11+01:00\"},{\"@type\":\"WebSite\",\"@id\":\"https:\\\/\\\/www.immo-invest.ch\\\/fr\\\/#website\",\"url\":\"https:\\\/\\\/www.immo-invest.ch\\\/fr\\\/\",\"name\":\"immo!nvest - Die Plattform f\\u00fcr Standorte und Immobilien\",\"description\":\"Die\\u00a0Plattform f\\u00fcr Standorte und Immobilien\",\"inLanguage\":\"fr-FR\",\"publisher\":{\"@id\":\"https:\\\/\\\/www.immo-invest.ch\\\/fr\\\/#organization\"}}]}\n\t\t<\/script>\n\t\t<!-- All in One SEO -->\n\n","aioseo_head_json":{"title":"Pratteln est approvisionn\u00e9 en chaleur sans impact sur le climat - immo!nvest - Die Plattform f\u00fcr Standorte und Immobilien","description":"La coop\u00e9rative Elektra Baselland (EBL) et le prestataire de services \u00e9nerg\u00e9tiques Getec veulent approvisionner l'agglom\u00e9ration de Pratteln en chaleur sans impact sur le climat. Pour ce faire, il est pr\u00e9vu d'utiliser principalement la chaleur r\u00e9siduelle du Getec Park.Swiss.","canonical_url":"https:\/\/www.immo-invest.ch\/fr\/pratteln-wird-klimaneutral-mit-waerme-versorgt\/","robots":"max-image-preview:large","keywords":"","webmasterTools":{"google-site-verification":"fHJKvgWpZCR2zVBHWfkQeFXC11qieUSff0HGNYfuyLA","miscellaneous":""},"schema":{"@context":"https:\/\/schema.org","@graph":[{"@type":"BlogPosting","@id":"https:\/\/www.immo-invest.ch\/fr\/pratteln-wird-klimaneutral-mit-waerme-versorgt\/#blogposting","name":"Pratteln est approvisionn\u00e9 en chaleur sans impact sur le climat - immo!nvest - Die Plattform f\u00fcr Standorte und Immobilien","headline":"Pratteln est approvisionn\u00e9 en chaleur sans impact sur le climat","author":{"@id":"https:\/\/www.immo-invest.ch\/fr\/author\/immovestuser\/#author"},"publisher":{"@id":"https:\/\/www.immo-invest.ch\/fr\/#organization"},"image":{"@type":"ImageObject","url":"https:\/\/www.immo-invest.ch\/wp-content\/uploads\/2023\/07\/Holzspaene-2-scaled.jpg","width":2560,"height":1701},"datePublished":"2024-02-15T12:00:00+01:00","dateModified":"2024-02-15T09:08:11+01:00","inLanguage":"fr-FR","mainEntityOfPage":{"@id":"https:\/\/www.immo-invest.ch\/fr\/pratteln-wird-klimaneutral-mit-waerme-versorgt\/#webpage"},"isPartOf":{"@id":"https:\/\/www.immo-invest.ch\/fr\/pratteln-wird-klimaneutral-mit-waerme-versorgt\/#webpage"},"articleSection":"Durabilit\u00e9, \u00c9nergie, immoNews, Energiedienstleitung, ErneuerbareEnergien, Klimaneutralit\u00e4t, Facultatif"},{"@type":"BreadcrumbList","@id":"https:\/\/www.immo-invest.ch\/fr\/pratteln-wird-klimaneutral-mit-waerme-versorgt\/#breadcrumblist","itemListElement":[{"@type":"ListItem","@id":"https:\/\/www.immo-invest.ch\/fr\/#listItem","position":1,"name":"Home","item":"https:\/\/www.immo-invest.ch\/fr\/","nextItem":{"@type":"ListItem","@id":"https:\/\/www.immo-invest.ch\/fr\/categories\/trends-fr\/#listItem","name":"Trends"}},{"@type":"ListItem","@id":"https:\/\/www.immo-invest.ch\/fr\/categories\/trends-fr\/#listItem","position":2,"name":"Trends","item":"https:\/\/www.immo-invest.ch\/fr\/categories\/trends-fr\/","nextItem":{"@type":"ListItem","@id":"https:\/\/www.immo-invest.ch\/fr\/categories\/trends-fr\/durabilite\/#listItem","name":"Durabilit\u00e9"},"previousItem":{"@type":"ListItem","@id":"https:\/\/www.immo-invest.ch\/fr\/#listItem","name":"Home"}},{"@type":"ListItem","@id":"https:\/\/www.immo-invest.ch\/fr\/categories\/trends-fr\/durabilite\/#listItem","position":3,"name":"Durabilit\u00e9","item":"https:\/\/www.immo-invest.ch\/fr\/categories\/trends-fr\/durabilite\/","nextItem":{"@type":"ListItem","@id":"https:\/\/www.immo-invest.ch\/fr\/pratteln-wird-klimaneutral-mit-waerme-versorgt\/#listItem","name":"Pratteln est approvisionn\u00e9 en chaleur sans impact sur le climat"},"previousItem":{"@type":"ListItem","@id":"https:\/\/www.immo-invest.ch\/fr\/categories\/trends-fr\/#listItem","name":"Trends"}},{"@type":"ListItem","@id":"https:\/\/www.immo-invest.ch\/fr\/pratteln-wird-klimaneutral-mit-waerme-versorgt\/#listItem","position":4,"name":"Pratteln est approvisionn\u00e9 en chaleur sans impact sur le climat","previousItem":{"@type":"ListItem","@id":"https:\/\/www.immo-invest.ch\/fr\/categories\/trends-fr\/durabilite\/#listItem","name":"Durabilit\u00e9"}}]},{"@type":"Organization","@id":"https:\/\/www.immo-invest.ch\/fr\/#organization","name":"immo!nvest - Die Plattform f\u00fcr Standorte und Immobilien","description":"Die\u00a0Plattform f\u00fcr Standorte und Immobilien","url":"https:\/\/www.immo-invest.ch\/fr\/","email":"admin@immomedia.ag","telephone":"+41444420002","logo":{"@type":"ImageObject","url":"https:\/\/www.immo-invest.ch\/wp-content\/uploads\/2024\/09\/immoinvest_sm-scaled.jpg","@id":"https:\/\/www.immo-invest.ch\/fr\/pratteln-wird-klimaneutral-mit-waerme-versorgt\/#organizationLogo","width":2560,"height":1340},"image":{"@id":"https:\/\/www.immo-invest.ch\/fr\/pratteln-wird-klimaneutral-mit-waerme-versorgt\/#organizationLogo"},"sameAs":["https:\/\/www.facebook.com\/people\/Immoinvest\/100077962920504\/","https:\/\/x.com\/i\/flow\/login?redirect_after_login=immoinvest_ch","https:\/\/www.instagram.com\/immoinvest_ch\/","https:\/\/www.linkedin.com\/company\/immoinvest-swiss"]},{"@type":"Person","@id":"https:\/\/www.immo-invest.ch\/fr\/author\/immovestuser\/#author","url":"https:\/\/www.immo-invest.ch\/fr\/author\/immovestuser\/","name":"immovestuser","image":{"@type":"ImageObject","@id":"https:\/\/www.immo-invest.ch\/fr\/pratteln-wird-klimaneutral-mit-waerme-versorgt\/#authorImage","url":"https:\/\/secure.gravatar.com\/avatar\/8e01f4d99f2eeea7a362ebb93305e1172a70e9293ba250f897a65c39f54cdd1e?s=96&d=mm&r=g","width":96,"height":96,"caption":"immovestuser"}},{"@type":"WebPage","@id":"https:\/\/www.immo-invest.ch\/fr\/pratteln-wird-klimaneutral-mit-waerme-versorgt\/#webpage","url":"https:\/\/www.immo-invest.ch\/fr\/pratteln-wird-klimaneutral-mit-waerme-versorgt\/","name":"Pratteln est approvisionn\u00e9 en chaleur sans impact sur le climat - immo!nvest - Die Plattform f\u00fcr Standorte und Immobilien","description":"La coop\u00e9rative Elektra Baselland (EBL) et le prestataire de services \u00e9nerg\u00e9tiques Getec veulent approvisionner l'agglom\u00e9ration de Pratteln en chaleur sans impact sur le climat. Pour ce faire, il est pr\u00e9vu d'utiliser principalement la chaleur r\u00e9siduelle du Getec Park.Swiss.","inLanguage":"fr-FR","isPartOf":{"@id":"https:\/\/www.immo-invest.ch\/fr\/#website"},"breadcrumb":{"@id":"https:\/\/www.immo-invest.ch\/fr\/pratteln-wird-klimaneutral-mit-waerme-versorgt\/#breadcrumblist"},"author":{"@id":"https:\/\/www.immo-invest.ch\/fr\/author\/immovestuser\/#author"},"creator":{"@id":"https:\/\/www.immo-invest.ch\/fr\/author\/immovestuser\/#author"},"image":{"@type":"ImageObject","url":"https:\/\/www.immo-invest.ch\/wp-content\/uploads\/2023\/07\/Holzspaene-2-scaled.jpg","@id":"https:\/\/www.immo-invest.ch\/fr\/pratteln-wird-klimaneutral-mit-waerme-versorgt\/#mainImage","width":2560,"height":1701},"primaryImageOfPage":{"@id":"https:\/\/www.immo-invest.ch\/fr\/pratteln-wird-klimaneutral-mit-waerme-versorgt\/#mainImage"},"datePublished":"2024-02-15T12:00:00+01:00","dateModified":"2024-02-15T09:08:11+01:00"},{"@type":"WebSite","@id":"https:\/\/www.immo-invest.ch\/fr\/#website","url":"https:\/\/www.immo-invest.ch\/fr\/","name":"immo!nvest - Die Plattform f\u00fcr Standorte und Immobilien","description":"Die\u00a0Plattform f\u00fcr Standorte und Immobilien","inLanguage":"fr-FR","publisher":{"@id":"https:\/\/www.immo-invest.ch\/fr\/#organization"}}]},"og:locale":"fr_FR","og:site_name":"immo!nvest - Die Plattform f\u00fcr Standorte und Immobilien - Die\u00a0Plattform f\u00fcr Standorte und Immobilien","og:type":"article","og:title":"Pratteln est approvisionn\u00e9 en chaleur sans impact sur le climat - immo!nvest - Die Plattform f\u00fcr Standorte und Immobilien","og:description":"La coop\u00e9rative Elektra Baselland (EBL) et le prestataire de services \u00e9nerg\u00e9tiques Getec veulent approvisionner l'agglom\u00e9ration de Pratteln en chaleur sans impact sur le climat. Pour ce faire, il est pr\u00e9vu d'utiliser principalement la chaleur r\u00e9siduelle du Getec Park.Swiss.","og:url":"https:\/\/www.immo-invest.ch\/fr\/pratteln-wird-klimaneutral-mit-waerme-versorgt\/","og:image":"https:\/\/www.immo-invest.ch\/wp-content\/uploads\/2023\/07\/Holzspaene-2-scaled.jpg","og:image:secure_url":"https:\/\/www.immo-invest.ch\/wp-content\/uploads\/2023\/07\/Holzspaene-2-scaled.jpg","og:image:width":2560,"og:image:height":1701,"article:published_time":"2024-02-15T11:00:00+00:00","article:modified_time":"2024-02-15T08:08:11+00:00","article:publisher":"https:\/\/www.facebook.com\/people\/Immoinvest\/100077962920504\/","twitter:card":"summary_large_image","twitter:site":"@i","twitter:title":"Pratteln est approvisionn\u00e9 en chaleur sans impact sur le climat - immo!nvest - Die Plattform f\u00fcr Standorte und Immobilien","twitter:description":"La coop\u00e9rative Elektra Baselland (EBL) et le prestataire de services \u00e9nerg\u00e9tiques Getec veulent approvisionner l'agglom\u00e9ration de Pratteln en chaleur sans impact sur le climat. Pour ce faire, il est pr\u00e9vu d'utiliser principalement la chaleur r\u00e9siduelle du Getec Park.Swiss.","twitter:creator":"@i","twitter:image":"https:\/\/www.immo-invest.ch\/wp-content\/uploads\/2023\/07\/Holzspaene-2-scaled.jpg"},"aioseo_meta_data":{"post_id":"76993","title":null,"description":null,"keywords":null,"keyphrases":null,"primary_term":null,"canonical_url":null,"og_title":null,"og_description":null,"og_object_type":"default","og_image_type":"default","og_image_url":null,"og_image_width":null,"og_image_height":null,"og_image_custom_url":null,"og_image_custom_fields":null,"og_video":null,"og_custom_url":null,"og_article_section":null,"og_article_tags":null,"twitter_use_og":false,"twitter_card":"default","twitter_image_type":"default","twitter_image_url":null,"twitter_image_custom_url":null,"twitter_image_custom_fields":null,"twitter_title":null,"twitter_description":null,"schema":{"blockGraphs":[],"customGraphs":[],"default":{"data":{"Article":[],"Course":[],"Dataset":[],"FAQPage":[],"Movie":[],"Person":[],"Product":[],"ProductReview":[],"Car":[],"Recipe":[],"Service":[],"SoftwareApplication":[],"WebPage":[]},"graphName":"","isEnabled":true},"graphs":[]},"schema_type":"default","schema_type_options":null,"pillar_content":false,"robots_default":true,"robots_noindex":false,"robots_noarchive":false,"robots_nosnippet":false,"robots_nofollow":false,"robots_noimageindex":false,"robots_noodp":false,"robots_notranslate":false,"robots_max_snippet":null,"robots_max_videopreview":null,"robots_max_imagepreview":"large","priority":null,"frequency":null,"local_seo":null,"breadcrumb_settings":null,"limit_modified_date":false,"ai":null,"created":"2024-09-20 15:49:00","updated":"2025-10-23 21:56:12","seo_analyzer_scan_date":null,"focus_keyword":null,"additional_keywords":null,"truseo_locale":null},"aioseo_breadcrumb":"<div class=\"aioseo-breadcrumbs\"><span class=\"aioseo-breadcrumb\">\n\t\t\t<a href=\"https:\/\/www.immo-invest.ch\/fr\/\" title=\"Home\">Home<\/a>\n\t\t<\/span><span class=\"aioseo-breadcrumb-separator\">&raquo;<\/span><span class=\"aioseo-breadcrumb\">\n\t\t\t<a href=\"https:\/\/www.immo-invest.ch\/fr\/categories\/trends-fr\/\" title=\"Trends\">Trends<\/a>\n\t\t<\/span><span class=\"aioseo-breadcrumb-separator\">&raquo;<\/span><span class=\"aioseo-breadcrumb\">\n\t\t\t<a href=\"https:\/\/www.immo-invest.ch\/fr\/categories\/trends-fr\/durabilite\/\" title=\"Durabilit\u00e9\">Durabilit\u00e9<\/a>\n\t\t<\/span><span class=\"aioseo-breadcrumb-separator\">&raquo;<\/span><span class=\"aioseo-breadcrumb\">\n\t\t\tPratteln est approvisionn\u00e9 en chaleur sans impact sur le climat\n\t\t<\/span><\/div>","aioseo_breadcrumb_json":[{"label":"Home","link":"https:\/\/www.immo-invest.ch\/fr\/"},{"label":"Trends","link":"https:\/\/www.immo-invest.ch\/fr\/categories\/trends-fr\/"},{"label":"Durabilit\u00e9","link":"https:\/\/www.immo-invest.ch\/fr\/categories\/trends-fr\/durabilite\/"},{"label":"Pratteln est approvisionn\u00e9 en chaleur sans impact sur le climat","link":"https:\/\/www.immo-invest.ch\/fr\/pratteln-wird-klimaneutral-mit-waerme-versorgt\/"}],"featured_image_src":"https:\/\/www.immo-invest.ch\/wp-content\/uploads\/2023\/07\/Holzspaene-2-336x168.jpg","_links":{"self":[{"href":"https:\/\/www.immo-invest.ch\/fr\/wp-json\/wp\/v2\/posts\/76993","targetHints":{"allow":["GET"]}}],"collection":[{"href":"https:\/\/www.immo-invest.ch\/fr\/wp-json\/wp\/v2\/posts"}],"about":[{"href":"https:\/\/www.immo-invest.ch\/fr\/wp-json\/wp\/v2\/types\/post"}],"author":[{"embeddable":true,"href":"https:\/\/www.immo-invest.ch\/fr\/wp-json\/wp\/v2\/users\/2"}],"replies":[{"embeddable":true,"href":"https:\/\/www.immo-invest.ch\/fr\/wp-json\/wp\/v2\/comments?post=76993"}],"version-history":[{"count":0,"href":"https:\/\/www.immo-invest.ch\/fr\/wp-json\/wp\/v2\/posts\/76993\/revisions"}],"wp:featuredmedia":[{"embeddable":true,"href":"https:\/\/www.immo-invest.ch\/fr\/wp-json\/wp\/v2\/media\/59953"}],"wp:attachment":[{"href":"https:\/\/www.immo-invest.ch\/fr\/wp-json\/wp\/v2\/media?parent=76993"}],"wp:term":[{"taxonomy":"category","embeddable":true,"href":"https:\/\/www.immo-invest.ch\/fr\/wp-json\/wp\/v2\/categories?post=76993"},{"taxonomy":"post_tag","embeddable":true,"href":"https:\/\/www.immo-invest.ch\/fr\/wp-json\/wp\/v2\/tags?post=76993"}],"curies":[{"name":"wp","href":"https:\/\/api.w.org\/{rel}","templated":true}]}}