{"id":76415,"date":"2024-02-12T14:41:37","date_gmt":"2024-02-12T13:41:37","guid":{"rendered":"https:\/\/www.immo-invest.ch\/integration-von-photovoltaik-in-gebaudefassaden\/"},"modified":"2024-02-12T15:02:30","modified_gmt":"2024-02-12T14:02:30","slug":"integration-von-photovoltaik-in-gebaudefassaden","status":"publish","type":"post","link":"https:\/\/www.immo-invest.ch\/fr\/integration-von-photovoltaik-in-gebaudefassaden\/","title":{"rendered":"Int\u00e9gration du photovolta\u00efque dans les fa\u00e7ades des b\u00e2timents"},"content":{"rendered":"<p class=\"wp-block-paragraph\">Le gouvernement f&eacute;d&eacute;ral allemand s&rsquo;est fix&eacute; pour objectif d&rsquo;augmenter drastiquement la part du solaire dans la consommation d&rsquo;&eacute;nergie d&rsquo;ici 2030, ce qui n&rsquo;est possible que gr&acirc;ce &agrave; l&rsquo;utilisation de technologies innovantes et &agrave; l&rsquo;exploitation de nouveaux potentiels photovolta&iuml;ques. Un &eacute;l&eacute;ment cl&eacute; de cette strat&eacute;gie est l&rsquo;utilisation effective des fa&ccedil;ades des b&acirc;timents pour le photovolta&iuml;que. Malgr&eacute; ses avantages &eacute;vidents, le potentiel du PV en fa&ccedil;ade est rest&eacute; largement inexploit&eacute; jusqu&rsquo;&agrave; pr&eacute;sent, principalement en raison des d&eacute;fis li&eacute;s aux co&ucirc;ts, &agrave; la complexit&eacute; et &agrave; l&rsquo;esth&eacute;tique.<\/p>\n\n\n\n<p class=\"wp-block-paragraph\">Pour surmonter ces obstacles, le projet Center, financ&eacute; par le minist&egrave;re allemand de l&rsquo;&Eacute;conomie et de la Protection du climat et coordonn&eacute; par l&rsquo;Institut Fraunhofer pour les syst&egrave;mes &eacute;nerg&eacute;tiques solaires ISE, rassemble l&rsquo;expertise d&rsquo;entreprises industrielles et de centres de recherche de premier plan. L&rsquo;objectif est de d&eacute;velopper des solutions standard pratiques et rentables pour l&rsquo;int&eacute;gration de syst&egrave;mes photovolta&iuml;ques &agrave; l&rsquo;enveloppe des b&acirc;timents. Cette initiative promet de lever les barri&egrave;res techniques et &eacute;conomiques qui entravent l&rsquo;application &agrave; grande &eacute;chelle du PV en fa&ccedil;ade.<\/p>\n\n\n\n<p class=\"wp-block-paragraph\">Des exemples r&eacute;ussis d&rsquo;int&eacute;gration du PV dans les fa&ccedil;ades de b&acirc;timents, comme l&rsquo;h&ocirc;tel de ville de Fribourg et l&rsquo;immeuble de bureaux OWP 12 &agrave; Stuttgart, montrent d&eacute;j&agrave; le potentiel de cette technologie. Ces projets d&eacute;montrent que les &eacute;l&eacute;ments PV peuvent non seulement contribuer &agrave; la production d&rsquo;&eacute;lectricit&eacute;, mais aussi offrir d&rsquo;autres avantages tels que l&rsquo;<span class=\"glossaryLink\" aria-describedby=\"tt\" data-cmtooltip=\"&lt;div class=glossaryItemTitle&gt;Isolation&lt;\/div&gt;&lt;div class=glossaryItemBody&gt;Abdichtung zur Verhinderung des Durchgangs von Gas, Wasser, W&auml;rme, Elektrizit&auml;t etc., z.B. Ummantelung von Elektrokabeln oder Rohrleitungen, W&auml;rmeisolation&lt;\/div&gt;\" data-mobile-support=\"0\" data-gt-translate-attributes='[{\"attribute\":\"data-cmtooltip\", \"format\":\"html\"}]' tabindex=\"0\" role=\"link\">isolation<\/span> acoustique, la protection contre les intemp&eacute;ries et la r&eacute;gulation du climat &agrave; l&rsquo;int&eacute;rieur des b&acirc;timents.<\/p>\n\n\n\n<p class=\"wp-block-paragraph\">Le centre vise &agrave; fournir des r&eacute;sultats innovants au cours des deux prochaines ann&eacute;es et pr&eacute;voit de publier ses conclusions sous la forme d&rsquo;une directive VDI. Cela devrait encourager l&rsquo;utilisation du photovolta&iuml;que int&eacute;gr&eacute; au b&acirc;timent et contribuer de mani&egrave;re significative &agrave; la r&eacute;alisation des objectifs climatiques du gouvernement allemand. La participation de professionnels de tous les secteurs de l&rsquo;industrie solaire ainsi que du secteur de la construction souligne l&rsquo;approche holistique du projet, qui vise &agrave; acc&eacute;l&eacute;rer la solarisation de l&rsquo;enveloppe des b&acirc;timents et &agrave; faire ainsi un pas d&eacute;cisif vers un avenir plus durable.<\/p>\n","protected":false},"excerpt":{"rendered":"<p>Le projet de recherche SolarEnvelopeCenter, soutenu par le minist\u00e8re f\u00e9d\u00e9ral allemand de l&rsquo;\u00e9conomie et de la protection climatique et dirig\u00e9 par le Fraunhofer ISE, vise \u00e0 r\u00e9volutionner l&rsquo;utilisation du photovolta\u00efque (PV) sur les fa\u00e7ades des b\u00e2timents. Le d\u00e9veloppement de solutions standardis\u00e9es doit permettre de simplifier l&rsquo;impl\u00e9mentation technique et \u00e9conomique d&rsquo;\u00e9l\u00e9ments PV sur les enveloppes de b\u00e2timents afin d&rsquo;augmenter de mani\u00e8re significative la part du solaire dans la consommation d&rsquo;\u00e9nergie d&rsquo;ici 2030.<\/p>\n","protected":false},"author":2,"featured_media":76410,"comment_status":"open","ping_status":"open","sticky":false,"template":"","format":"standard","meta":{"pmpro_default_level":"0","inline_featured_image":false,"_monsterinsights_skip_tracking":false,"footnotes":""},"categories":[8747],"tags":[6800,2600,22983,2079,44591,2237,2420],"class_list":["post-76415","post","type-post","status-publish","format-standard","has-post-thumbnail","hentry","category-energie","tag-fassaden-fr","tag-forschung-fr","tag-photovoltaikanlage-fr","tag-solarenergie-fr","tag-standardlosungen-fr","tag-technologie-fr","tag-wirtschaft-fr","pmpro-has-access"],"acf":{"bild_mit_ki_erstellt_worden":[],"lead":"Le projet de recherche SolarEnvelopeCenter, soutenu par le minist\u00e8re f\u00e9d\u00e9ral allemand de l'\u00e9conomie et de la protection climatique et dirig\u00e9 par le Fraunhofer ISE, vise \u00e0 r\u00e9volutionner l'utilisation du photovolta\u00efque (PV) sur les fa\u00e7ades des b\u00e2timents. Le d\u00e9veloppement de solutions standardis\u00e9es doit permettre de simplifier l'impl\u00e9mentation technique et \u00e9conomique d'\u00e9l\u00e9ments PV sur les enveloppes de b\u00e2timents afin d'augmenter de mani\u00e8re significative la part du solaire dans la consommation d'\u00e9nergie d'ici 2030.","autor":"Quelle: Frauenhofer","ort":"","bildunterschrift":"","bild_im_grid":false,"gallerie":"","newsim":""},"aioseo_notices":[],"aioseo_head":"\n\t\t<!-- All in One SEO 5.0.1.1 - aioseo.com -->\n\t<meta name=\"description\" content=\"Le projet de recherche SolarEnvelopeCenter, soutenu par le minist\u00e8re f\u00e9d\u00e9ral allemand de l&#039;\u00e9conomie et de la protection climatique et dirig\u00e9 par le Fraunhofer ISE, vise \u00e0 r\u00e9volutionner l&#039;utilisation du photovolta\u00efque (PV) sur les fa\u00e7ades des b\u00e2timents. Le d\u00e9veloppement de solutions standardis\u00e9es doit permettre de simplifier l&#039;impl\u00e9mentation technique et \u00e9conomique d&#039;\u00e9l\u00e9ments PV sur les enveloppes de b\u00e2timents afin d&#039;augmenter de mani\u00e8re significative la part du solaire dans la consommation d&#039;\u00e9nergie d&#039;ici 2030.\" \/>\n\t<meta name=\"robots\" content=\"max-image-preview:large\" \/>\n\t<meta name=\"author\" content=\"immovestuser\"\/>\n\t<meta name=\"google-site-verification\" content=\"fHJKvgWpZCR2zVBHWfkQeFXC11qieUSff0HGNYfuyLA\" \/>\n\t<link rel=\"canonical\" href=\"https:\/\/www.immo-invest.ch\/fr\/integration-von-photovoltaik-in-gebaudefassaden\/\" \/>\n\t<meta name=\"generator\" content=\"All in One SEO (AIOSEO) 5.0.1.1\" \/>\n\t\t<meta property=\"og:locale\" content=\"fr_FR\" \/>\n\t\t<meta property=\"og:site_name\" content=\"immo!nvest - Die Plattform f\u00fcr Standorte und Immobilien - Die\u00a0Plattform f\u00fcr Standorte und Immobilien\" \/>\n\t\t<meta property=\"og:type\" content=\"article\" \/>\n\t\t<meta property=\"og:title\" content=\"Int\u00e9gration du photovolta\u00efque dans les fa\u00e7ades des b\u00e2timents - immo!nvest - Die Plattform f\u00fcr Standorte und Immobilien\" \/>\n\t\t<meta property=\"og:description\" content=\"Le projet de recherche SolarEnvelopeCenter, soutenu par le minist\u00e8re f\u00e9d\u00e9ral allemand de l&#039;\u00e9conomie et de la protection climatique et dirig\u00e9 par le Fraunhofer ISE, vise \u00e0 r\u00e9volutionner l&#039;utilisation du photovolta\u00efque (PV) sur les fa\u00e7ades des b\u00e2timents. Le d\u00e9veloppement de solutions standardis\u00e9es doit permettre de simplifier l&#039;impl\u00e9mentation technique et \u00e9conomique d&#039;\u00e9l\u00e9ments PV sur les enveloppes de b\u00e2timents afin d&#039;augmenter de mani\u00e8re significative la part du solaire dans la consommation d&#039;\u00e9nergie d&#039;ici 2030.\" \/>\n\t\t<meta property=\"og:url\" content=\"https:\/\/www.immo-invest.ch\/fr\/integration-von-photovoltaik-in-gebaudefassaden\/\" \/>\n\t\t<meta property=\"og:image\" content=\"https:\/\/www.immo-invest.ch\/wp-content\/uploads\/2024\/02\/bild-2.png\" \/>\n\t\t<meta property=\"og:image:secure_url\" content=\"https:\/\/www.immo-invest.ch\/wp-content\/uploads\/2024\/02\/bild-2.png\" \/>\n\t\t<meta property=\"og:image:width\" content=\"649\" \/>\n\t\t<meta property=\"og:image:height\" content=\"371\" \/>\n\t\t<meta property=\"article:published_time\" content=\"2024-02-12T13:41:37+00:00\" \/>\n\t\t<meta property=\"article:modified_time\" content=\"2024-02-12T14:02:30+00:00\" \/>\n\t\t<meta property=\"article:publisher\" content=\"https:\/\/www.facebook.com\/people\/Immoinvest\/100077962920504\/\" \/>\n\t\t<meta name=\"twitter:card\" content=\"summary_large_image\" \/>\n\t\t<meta name=\"twitter:site\" content=\"@i\" \/>\n\t\t<meta name=\"twitter:title\" content=\"Int\u00e9gration du photovolta\u00efque dans les fa\u00e7ades des b\u00e2timents - immo!nvest - Die Plattform f\u00fcr Standorte und Immobilien\" \/>\n\t\t<meta name=\"twitter:description\" content=\"Le projet de recherche SolarEnvelopeCenter, soutenu par le minist\u00e8re f\u00e9d\u00e9ral allemand de l&#039;\u00e9conomie et de la protection climatique et dirig\u00e9 par le Fraunhofer ISE, vise \u00e0 r\u00e9volutionner l&#039;utilisation du photovolta\u00efque (PV) sur les fa\u00e7ades des b\u00e2timents. Le d\u00e9veloppement de solutions standardis\u00e9es doit permettre de simplifier l&#039;impl\u00e9mentation technique et \u00e9conomique d&#039;\u00e9l\u00e9ments PV sur les enveloppes de b\u00e2timents afin d&#039;augmenter de mani\u00e8re significative la part du solaire dans la consommation d&#039;\u00e9nergie d&#039;ici 2030.\" \/>\n\t\t<meta name=\"twitter:creator\" content=\"@i\" \/>\n\t\t<meta name=\"twitter:image\" content=\"https:\/\/www.immo-invest.ch\/wp-content\/uploads\/2024\/02\/bild-2.png\" \/>\n\t\t<script type=\"application\/ld+json\" class=\"aioseo-schema\">\n\t\t\t{\"@context\":\"https:\\\/\\\/schema.org\",\"@graph\":[{\"@type\":\"BlogPosting\",\"@id\":\"https:\\\/\\\/www.immo-invest.ch\\\/fr\\\/integration-von-photovoltaik-in-gebaudefassaden\\\/#blogposting\",\"name\":\"Int\\u00e9gration du photovolta\\u00efque dans les fa\\u00e7ades des b\\u00e2timents - immo!nvest - Die Plattform f\\u00fcr Standorte und Immobilien\",\"headline\":\"Int\\u00e9gration du photovolta\\u00efque dans les fa\\u00e7ades des b\\u00e2timents\",\"author\":{\"@id\":\"https:\\\/\\\/www.immo-invest.ch\\\/fr\\\/author\\\/immovestuser\\\/#author\"},\"publisher\":{\"@id\":\"https:\\\/\\\/www.immo-invest.ch\\\/fr\\\/#organization\"},\"image\":{\"@type\":\"ImageObject\",\"url\":\"https:\\\/\\\/www.immo-invest.ch\\\/wp-content\\\/uploads\\\/2024\\\/02\\\/bild-2.png\",\"width\":649,\"height\":371},\"datePublished\":\"2024-02-12T14:41:37+01:00\",\"dateModified\":\"2024-02-12T15:02:30+01:00\",\"inLanguage\":\"fr-FR\",\"mainEntityOfPage\":{\"@id\":\"https:\\\/\\\/www.immo-invest.ch\\\/fr\\\/integration-von-photovoltaik-in-gebaudefassaden\\\/#webpage\"},\"isPartOf\":{\"@id\":\"https:\\\/\\\/www.immo-invest.ch\\\/fr\\\/integration-von-photovoltaik-in-gebaudefassaden\\\/#webpage\"},\"articleSection\":\"\\u00c9nergie, Fassaden, Forschung, Photovoltaikanlage, Solarenergie, Standardl\\u00f6sungen, Technologie, wirtschaft, Facultatif\"},{\"@type\":\"BreadcrumbList\",\"@id\":\"https:\\\/\\\/www.immo-invest.ch\\\/fr\\\/integration-von-photovoltaik-in-gebaudefassaden\\\/#breadcrumblist\",\"itemListElement\":[{\"@type\":\"ListItem\",\"@id\":\"https:\\\/\\\/www.immo-invest.ch\\\/fr\\\/#listItem\",\"position\":1,\"name\":\"Home\",\"item\":\"https:\\\/\\\/www.immo-invest.ch\\\/fr\\\/\",\"nextItem\":{\"@type\":\"ListItem\",\"@id\":\"https:\\\/\\\/www.immo-invest.ch\\\/fr\\\/categories\\\/energie\\\/#listItem\",\"name\":\"\\u00c9nergie\"}},{\"@type\":\"ListItem\",\"@id\":\"https:\\\/\\\/www.immo-invest.ch\\\/fr\\\/categories\\\/energie\\\/#listItem\",\"position\":2,\"name\":\"\\u00c9nergie\",\"item\":\"https:\\\/\\\/www.immo-invest.ch\\\/fr\\\/categories\\\/energie\\\/\",\"nextItem\":{\"@type\":\"ListItem\",\"@id\":\"https:\\\/\\\/www.immo-invest.ch\\\/fr\\\/integration-von-photovoltaik-in-gebaudefassaden\\\/#listItem\",\"name\":\"Int\\u00e9gration du photovolta\\u00efque dans les fa\\u00e7ades des b\\u00e2timents\"},\"previousItem\":{\"@type\":\"ListItem\",\"@id\":\"https:\\\/\\\/www.immo-invest.ch\\\/fr\\\/#listItem\",\"name\":\"Home\"}},{\"@type\":\"ListItem\",\"@id\":\"https:\\\/\\\/www.immo-invest.ch\\\/fr\\\/integration-von-photovoltaik-in-gebaudefassaden\\\/#listItem\",\"position\":3,\"name\":\"Int\\u00e9gration du photovolta\\u00efque dans les fa\\u00e7ades des b\\u00e2timents\",\"previousItem\":{\"@type\":\"ListItem\",\"@id\":\"https:\\\/\\\/www.immo-invest.ch\\\/fr\\\/categories\\\/energie\\\/#listItem\",\"name\":\"\\u00c9nergie\"}}]},{\"@type\":\"Organization\",\"@id\":\"https:\\\/\\\/www.immo-invest.ch\\\/fr\\\/#organization\",\"name\":\"immo!nvest - Die Plattform f\\u00fcr Standorte und Immobilien\",\"description\":\"Die\\u00a0Plattform f\\u00fcr Standorte und Immobilien\",\"url\":\"https:\\\/\\\/www.immo-invest.ch\\\/fr\\\/\",\"email\":\"admin@immomedia.ag\",\"telephone\":\"+41444420002\",\"logo\":{\"@type\":\"ImageObject\",\"url\":\"https:\\\/\\\/www.immo-invest.ch\\\/wp-content\\\/uploads\\\/2024\\\/09\\\/immoinvest_sm-scaled.jpg\",\"@id\":\"https:\\\/\\\/www.immo-invest.ch\\\/fr\\\/integration-von-photovoltaik-in-gebaudefassaden\\\/#organizationLogo\",\"width\":2560,\"height\":1340},\"image\":{\"@id\":\"https:\\\/\\\/www.immo-invest.ch\\\/fr\\\/integration-von-photovoltaik-in-gebaudefassaden\\\/#organizationLogo\"},\"sameAs\":[\"https:\\\/\\\/www.facebook.com\\\/people\\\/Immoinvest\\\/100077962920504\\\/\",\"https:\\\/\\\/x.com\\\/i\\\/flow\\\/login?redirect_after_login=immoinvest_ch\",\"https:\\\/\\\/www.instagram.com\\\/immoinvest_ch\\\/\",\"https:\\\/\\\/www.linkedin.com\\\/company\\\/immoinvest-swiss\"]},{\"@type\":\"Person\",\"@id\":\"https:\\\/\\\/www.immo-invest.ch\\\/fr\\\/author\\\/immovestuser\\\/#author\",\"url\":\"https:\\\/\\\/www.immo-invest.ch\\\/fr\\\/author\\\/immovestuser\\\/\",\"name\":\"immovestuser\",\"image\":{\"@type\":\"ImageObject\",\"@id\":\"https:\\\/\\\/www.immo-invest.ch\\\/fr\\\/integration-von-photovoltaik-in-gebaudefassaden\\\/#authorImage\",\"url\":\"https:\\\/\\\/secure.gravatar.com\\\/avatar\\\/8e01f4d99f2eeea7a362ebb93305e1172a70e9293ba250f897a65c39f54cdd1e?s=96&d=mm&r=g\",\"width\":96,\"height\":96,\"caption\":\"immovestuser\"}},{\"@type\":\"WebPage\",\"@id\":\"https:\\\/\\\/www.immo-invest.ch\\\/fr\\\/integration-von-photovoltaik-in-gebaudefassaden\\\/#webpage\",\"url\":\"https:\\\/\\\/www.immo-invest.ch\\\/fr\\\/integration-von-photovoltaik-in-gebaudefassaden\\\/\",\"name\":\"Int\\u00e9gration du photovolta\\u00efque dans les fa\\u00e7ades des b\\u00e2timents - immo!nvest - Die Plattform f\\u00fcr Standorte und Immobilien\",\"description\":\"Le projet de recherche SolarEnvelopeCenter, soutenu par le minist\\u00e8re f\\u00e9d\\u00e9ral allemand de l'\\u00e9conomie et de la protection climatique et dirig\\u00e9 par le Fraunhofer ISE, vise \\u00e0 r\\u00e9volutionner l'utilisation du photovolta\\u00efque (PV) sur les fa\\u00e7ades des b\\u00e2timents. Le d\\u00e9veloppement de solutions standardis\\u00e9es doit permettre de simplifier l'impl\\u00e9mentation technique et \\u00e9conomique d'\\u00e9l\\u00e9ments PV sur les enveloppes de b\\u00e2timents afin d'augmenter de mani\\u00e8re significative la part du solaire dans la consommation d'\\u00e9nergie d'ici 2030.\",\"inLanguage\":\"fr-FR\",\"isPartOf\":{\"@id\":\"https:\\\/\\\/www.immo-invest.ch\\\/fr\\\/#website\"},\"breadcrumb\":{\"@id\":\"https:\\\/\\\/www.immo-invest.ch\\\/fr\\\/integration-von-photovoltaik-in-gebaudefassaden\\\/#breadcrumblist\"},\"author\":{\"@id\":\"https:\\\/\\\/www.immo-invest.ch\\\/fr\\\/author\\\/immovestuser\\\/#author\"},\"creator\":{\"@id\":\"https:\\\/\\\/www.immo-invest.ch\\\/fr\\\/author\\\/immovestuser\\\/#author\"},\"image\":{\"@type\":\"ImageObject\",\"url\":\"https:\\\/\\\/www.immo-invest.ch\\\/wp-content\\\/uploads\\\/2024\\\/02\\\/bild-2.png\",\"@id\":\"https:\\\/\\\/www.immo-invest.ch\\\/fr\\\/integration-von-photovoltaik-in-gebaudefassaden\\\/#mainImage\",\"width\":649,\"height\":371},\"primaryImageOfPage\":{\"@id\":\"https:\\\/\\\/www.immo-invest.ch\\\/fr\\\/integration-von-photovoltaik-in-gebaudefassaden\\\/#mainImage\"},\"datePublished\":\"2024-02-12T14:41:37+01:00\",\"dateModified\":\"2024-02-12T15:02:30+01:00\"},{\"@type\":\"WebSite\",\"@id\":\"https:\\\/\\\/www.immo-invest.ch\\\/fr\\\/#website\",\"url\":\"https:\\\/\\\/www.immo-invest.ch\\\/fr\\\/\",\"name\":\"immo!nvest - Die Plattform f\\u00fcr Standorte und Immobilien\",\"description\":\"Die\\u00a0Plattform f\\u00fcr Standorte und Immobilien\",\"inLanguage\":\"fr-FR\",\"publisher\":{\"@id\":\"https:\\\/\\\/www.immo-invest.ch\\\/fr\\\/#organization\"}}]}\n\t\t<\/script>\n\t\t<!-- All in One SEO -->\n\n","aioseo_head_json":{"title":"Int\u00e9gration du photovolta\u00efque dans les fa\u00e7ades des b\u00e2timents - immo!nvest - Die Plattform f\u00fcr Standorte und Immobilien","description":"Le projet de recherche SolarEnvelopeCenter, soutenu par le minist\u00e8re f\u00e9d\u00e9ral allemand de l'\u00e9conomie et de la protection climatique et dirig\u00e9 par le Fraunhofer ISE, vise \u00e0 r\u00e9volutionner l'utilisation du photovolta\u00efque (PV) sur les fa\u00e7ades des b\u00e2timents. Le d\u00e9veloppement de solutions standardis\u00e9es doit permettre de simplifier l'impl\u00e9mentation technique et \u00e9conomique d'\u00e9l\u00e9ments PV sur les enveloppes de b\u00e2timents afin d'augmenter de mani\u00e8re significative la part du solaire dans la consommation d'\u00e9nergie d'ici 2030.","canonical_url":"https:\/\/www.immo-invest.ch\/fr\/integration-von-photovoltaik-in-gebaudefassaden\/","robots":"max-image-preview:large","keywords":"","webmasterTools":{"google-site-verification":"fHJKvgWpZCR2zVBHWfkQeFXC11qieUSff0HGNYfuyLA","miscellaneous":""},"schema":{"@context":"https:\/\/schema.org","@graph":[{"@type":"BlogPosting","@id":"https:\/\/www.immo-invest.ch\/fr\/integration-von-photovoltaik-in-gebaudefassaden\/#blogposting","name":"Int\u00e9gration du photovolta\u00efque dans les fa\u00e7ades des b\u00e2timents - immo!nvest - Die Plattform f\u00fcr Standorte und Immobilien","headline":"Int\u00e9gration du photovolta\u00efque dans les fa\u00e7ades des b\u00e2timents","author":{"@id":"https:\/\/www.immo-invest.ch\/fr\/author\/immovestuser\/#author"},"publisher":{"@id":"https:\/\/www.immo-invest.ch\/fr\/#organization"},"image":{"@type":"ImageObject","url":"https:\/\/www.immo-invest.ch\/wp-content\/uploads\/2024\/02\/bild-2.png","width":649,"height":371},"datePublished":"2024-02-12T14:41:37+01:00","dateModified":"2024-02-12T15:02:30+01:00","inLanguage":"fr-FR","mainEntityOfPage":{"@id":"https:\/\/www.immo-invest.ch\/fr\/integration-von-photovoltaik-in-gebaudefassaden\/#webpage"},"isPartOf":{"@id":"https:\/\/www.immo-invest.ch\/fr\/integration-von-photovoltaik-in-gebaudefassaden\/#webpage"},"articleSection":"\u00c9nergie, Fassaden, Forschung, Photovoltaikanlage, Solarenergie, Standardl\u00f6sungen, Technologie, wirtschaft, Facultatif"},{"@type":"BreadcrumbList","@id":"https:\/\/www.immo-invest.ch\/fr\/integration-von-photovoltaik-in-gebaudefassaden\/#breadcrumblist","itemListElement":[{"@type":"ListItem","@id":"https:\/\/www.immo-invest.ch\/fr\/#listItem","position":1,"name":"Home","item":"https:\/\/www.immo-invest.ch\/fr\/","nextItem":{"@type":"ListItem","@id":"https:\/\/www.immo-invest.ch\/fr\/categories\/energie\/#listItem","name":"\u00c9nergie"}},{"@type":"ListItem","@id":"https:\/\/www.immo-invest.ch\/fr\/categories\/energie\/#listItem","position":2,"name":"\u00c9nergie","item":"https:\/\/www.immo-invest.ch\/fr\/categories\/energie\/","nextItem":{"@type":"ListItem","@id":"https:\/\/www.immo-invest.ch\/fr\/integration-von-photovoltaik-in-gebaudefassaden\/#listItem","name":"Int\u00e9gration du photovolta\u00efque dans les fa\u00e7ades des b\u00e2timents"},"previousItem":{"@type":"ListItem","@id":"https:\/\/www.immo-invest.ch\/fr\/#listItem","name":"Home"}},{"@type":"ListItem","@id":"https:\/\/www.immo-invest.ch\/fr\/integration-von-photovoltaik-in-gebaudefassaden\/#listItem","position":3,"name":"Int\u00e9gration du photovolta\u00efque dans les fa\u00e7ades des b\u00e2timents","previousItem":{"@type":"ListItem","@id":"https:\/\/www.immo-invest.ch\/fr\/categories\/energie\/#listItem","name":"\u00c9nergie"}}]},{"@type":"Organization","@id":"https:\/\/www.immo-invest.ch\/fr\/#organization","name":"immo!nvest - Die Plattform f\u00fcr Standorte und Immobilien","description":"Die\u00a0Plattform f\u00fcr Standorte und Immobilien","url":"https:\/\/www.immo-invest.ch\/fr\/","email":"admin@immomedia.ag","telephone":"+41444420002","logo":{"@type":"ImageObject","url":"https:\/\/www.immo-invest.ch\/wp-content\/uploads\/2024\/09\/immoinvest_sm-scaled.jpg","@id":"https:\/\/www.immo-invest.ch\/fr\/integration-von-photovoltaik-in-gebaudefassaden\/#organizationLogo","width":2560,"height":1340},"image":{"@id":"https:\/\/www.immo-invest.ch\/fr\/integration-von-photovoltaik-in-gebaudefassaden\/#organizationLogo"},"sameAs":["https:\/\/www.facebook.com\/people\/Immoinvest\/100077962920504\/","https:\/\/x.com\/i\/flow\/login?redirect_after_login=immoinvest_ch","https:\/\/www.instagram.com\/immoinvest_ch\/","https:\/\/www.linkedin.com\/company\/immoinvest-swiss"]},{"@type":"Person","@id":"https:\/\/www.immo-invest.ch\/fr\/author\/immovestuser\/#author","url":"https:\/\/www.immo-invest.ch\/fr\/author\/immovestuser\/","name":"immovestuser","image":{"@type":"ImageObject","@id":"https:\/\/www.immo-invest.ch\/fr\/integration-von-photovoltaik-in-gebaudefassaden\/#authorImage","url":"https:\/\/secure.gravatar.com\/avatar\/8e01f4d99f2eeea7a362ebb93305e1172a70e9293ba250f897a65c39f54cdd1e?s=96&d=mm&r=g","width":96,"height":96,"caption":"immovestuser"}},{"@type":"WebPage","@id":"https:\/\/www.immo-invest.ch\/fr\/integration-von-photovoltaik-in-gebaudefassaden\/#webpage","url":"https:\/\/www.immo-invest.ch\/fr\/integration-von-photovoltaik-in-gebaudefassaden\/","name":"Int\u00e9gration du photovolta\u00efque dans les fa\u00e7ades des b\u00e2timents - immo!nvest - Die Plattform f\u00fcr Standorte und Immobilien","description":"Le projet de recherche SolarEnvelopeCenter, soutenu par le minist\u00e8re f\u00e9d\u00e9ral allemand de l'\u00e9conomie et de la protection climatique et dirig\u00e9 par le Fraunhofer ISE, vise \u00e0 r\u00e9volutionner l'utilisation du photovolta\u00efque (PV) sur les fa\u00e7ades des b\u00e2timents. Le d\u00e9veloppement de solutions standardis\u00e9es doit permettre de simplifier l'impl\u00e9mentation technique et \u00e9conomique d'\u00e9l\u00e9ments PV sur les enveloppes de b\u00e2timents afin d'augmenter de mani\u00e8re significative la part du solaire dans la consommation d'\u00e9nergie d'ici 2030.","inLanguage":"fr-FR","isPartOf":{"@id":"https:\/\/www.immo-invest.ch\/fr\/#website"},"breadcrumb":{"@id":"https:\/\/www.immo-invest.ch\/fr\/integration-von-photovoltaik-in-gebaudefassaden\/#breadcrumblist"},"author":{"@id":"https:\/\/www.immo-invest.ch\/fr\/author\/immovestuser\/#author"},"creator":{"@id":"https:\/\/www.immo-invest.ch\/fr\/author\/immovestuser\/#author"},"image":{"@type":"ImageObject","url":"https:\/\/www.immo-invest.ch\/wp-content\/uploads\/2024\/02\/bild-2.png","@id":"https:\/\/www.immo-invest.ch\/fr\/integration-von-photovoltaik-in-gebaudefassaden\/#mainImage","width":649,"height":371},"primaryImageOfPage":{"@id":"https:\/\/www.immo-invest.ch\/fr\/integration-von-photovoltaik-in-gebaudefassaden\/#mainImage"},"datePublished":"2024-02-12T14:41:37+01:00","dateModified":"2024-02-12T15:02:30+01:00"},{"@type":"WebSite","@id":"https:\/\/www.immo-invest.ch\/fr\/#website","url":"https:\/\/www.immo-invest.ch\/fr\/","name":"immo!nvest - Die Plattform f\u00fcr Standorte und Immobilien","description":"Die\u00a0Plattform f\u00fcr Standorte und Immobilien","inLanguage":"fr-FR","publisher":{"@id":"https:\/\/www.immo-invest.ch\/fr\/#organization"}}]},"og:locale":"fr_FR","og:site_name":"immo!nvest - Die Plattform f\u00fcr Standorte und Immobilien - Die\u00a0Plattform f\u00fcr Standorte und Immobilien","og:type":"article","og:title":"Int\u00e9gration du photovolta\u00efque dans les fa\u00e7ades des b\u00e2timents - immo!nvest - Die Plattform f\u00fcr Standorte und Immobilien","og:description":"Le projet de recherche SolarEnvelopeCenter, soutenu par le minist\u00e8re f\u00e9d\u00e9ral allemand de l'\u00e9conomie et de la protection climatique et dirig\u00e9 par le Fraunhofer ISE, vise \u00e0 r\u00e9volutionner l'utilisation du photovolta\u00efque (PV) sur les fa\u00e7ades des b\u00e2timents. Le d\u00e9veloppement de solutions standardis\u00e9es doit permettre de simplifier l'impl\u00e9mentation technique et \u00e9conomique d'\u00e9l\u00e9ments PV sur les enveloppes de b\u00e2timents afin d'augmenter de mani\u00e8re significative la part du solaire dans la consommation d'\u00e9nergie d'ici 2030.","og:url":"https:\/\/www.immo-invest.ch\/fr\/integration-von-photovoltaik-in-gebaudefassaden\/","og:image":"https:\/\/www.immo-invest.ch\/wp-content\/uploads\/2024\/02\/bild-2.png","og:image:secure_url":"https:\/\/www.immo-invest.ch\/wp-content\/uploads\/2024\/02\/bild-2.png","og:image:width":649,"og:image:height":371,"article:published_time":"2024-02-12T13:41:37+00:00","article:modified_time":"2024-02-12T14:02:30+00:00","article:publisher":"https:\/\/www.facebook.com\/people\/Immoinvest\/100077962920504\/","twitter:card":"summary_large_image","twitter:site":"@i","twitter:title":"Int\u00e9gration du photovolta\u00efque dans les fa\u00e7ades des b\u00e2timents - immo!nvest - Die Plattform f\u00fcr Standorte und Immobilien","twitter:description":"Le projet de recherche SolarEnvelopeCenter, soutenu par le minist\u00e8re f\u00e9d\u00e9ral allemand de l'\u00e9conomie et de la protection climatique et dirig\u00e9 par le Fraunhofer ISE, vise \u00e0 r\u00e9volutionner l'utilisation du photovolta\u00efque (PV) sur les fa\u00e7ades des b\u00e2timents. Le d\u00e9veloppement de solutions standardis\u00e9es doit permettre de simplifier l'impl\u00e9mentation technique et \u00e9conomique d'\u00e9l\u00e9ments PV sur les enveloppes de b\u00e2timents afin d'augmenter de mani\u00e8re significative la part du solaire dans la consommation d'\u00e9nergie d'ici 2030.","twitter:creator":"@i","twitter:image":"https:\/\/www.immo-invest.ch\/wp-content\/uploads\/2024\/02\/bild-2.png"},"aioseo_meta_data":{"post_id":"76415","title":null,"description":null,"keywords":null,"keyphrases":null,"primary_term":null,"canonical_url":null,"og_title":null,"og_description":null,"og_object_type":"default","og_image_type":"default","og_image_url":null,"og_image_width":null,"og_image_height":null,"og_image_custom_url":null,"og_image_custom_fields":null,"og_video":null,"og_custom_url":null,"og_article_section":null,"og_article_tags":null,"twitter_use_og":false,"twitter_card":"default","twitter_image_type":"default","twitter_image_url":null,"twitter_image_custom_url":null,"twitter_image_custom_fields":null,"twitter_title":null,"twitter_description":null,"schema":{"blockGraphs":[],"customGraphs":[],"default":{"data":{"Article":[],"Course":[],"Dataset":[],"FAQPage":[],"Movie":[],"Person":[],"Product":[],"ProductReview":[],"Car":[],"Recipe":[],"Service":[],"SoftwareApplication":[],"WebPage":[]},"graphName":"","isEnabled":true},"graphs":[]},"schema_type":"default","schema_type_options":null,"pillar_content":false,"robots_default":true,"robots_noindex":false,"robots_noarchive":false,"robots_nosnippet":false,"robots_nofollow":false,"robots_noimageindex":false,"robots_noodp":false,"robots_notranslate":false,"robots_max_snippet":null,"robots_max_videopreview":null,"robots_max_imagepreview":"large","priority":null,"frequency":null,"local_seo":null,"breadcrumb_settings":null,"limit_modified_date":false,"ai":null,"created":"2024-09-20 15:36:58","updated":"2025-10-23 21:45:12","seo_analyzer_scan_date":null,"focus_keyword":null,"additional_keywords":null,"truseo_locale":null},"aioseo_breadcrumb":"<div class=\"aioseo-breadcrumbs\"><span class=\"aioseo-breadcrumb\">\n\t\t\t<a href=\"https:\/\/www.immo-invest.ch\/fr\/\" title=\"Home\">Home<\/a>\n\t\t<\/span><span class=\"aioseo-breadcrumb-separator\">&raquo;<\/span><span class=\"aioseo-breadcrumb\">\n\t\t\t<a href=\"https:\/\/www.immo-invest.ch\/fr\/categories\/energie\/\" title=\"\u00c9nergie\">\u00c9nergie<\/a>\n\t\t<\/span><span class=\"aioseo-breadcrumb-separator\">&raquo;<\/span><span class=\"aioseo-breadcrumb\">\n\t\t\tInt\u00e9gration du photovolta\u00efque dans les fa\u00e7ades des b\u00e2timents\n\t\t<\/span><\/div>","aioseo_breadcrumb_json":[{"label":"Home","link":"https:\/\/www.immo-invest.ch\/fr\/"},{"label":"\u00c9nergie","link":"https:\/\/www.immo-invest.ch\/fr\/categories\/energie\/"},{"label":"Int\u00e9gration du photovolta\u00efque dans les fa\u00e7ades des b\u00e2timents","link":"https:\/\/www.immo-invest.ch\/fr\/integration-von-photovoltaik-in-gebaudefassaden\/"}],"featured_image_src":"https:\/\/www.immo-invest.ch\/wp-content\/uploads\/2024\/02\/bild-2-336x168.png","_links":{"self":[{"href":"https:\/\/www.immo-invest.ch\/fr\/wp-json\/wp\/v2\/posts\/76415","targetHints":{"allow":["GET"]}}],"collection":[{"href":"https:\/\/www.immo-invest.ch\/fr\/wp-json\/wp\/v2\/posts"}],"about":[{"href":"https:\/\/www.immo-invest.ch\/fr\/wp-json\/wp\/v2\/types\/post"}],"author":[{"embeddable":true,"href":"https:\/\/www.immo-invest.ch\/fr\/wp-json\/wp\/v2\/users\/2"}],"replies":[{"embeddable":true,"href":"https:\/\/www.immo-invest.ch\/fr\/wp-json\/wp\/v2\/comments?post=76415"}],"version-history":[{"count":0,"href":"https:\/\/www.immo-invest.ch\/fr\/wp-json\/wp\/v2\/posts\/76415\/revisions"}],"wp:featuredmedia":[{"embeddable":true,"href":"https:\/\/www.immo-invest.ch\/fr\/wp-json\/wp\/v2\/media\/76410"}],"wp:attachment":[{"href":"https:\/\/www.immo-invest.ch\/fr\/wp-json\/wp\/v2\/media?parent=76415"}],"wp:term":[{"taxonomy":"category","embeddable":true,"href":"https:\/\/www.immo-invest.ch\/fr\/wp-json\/wp\/v2\/categories?post=76415"},{"taxonomy":"post_tag","embeddable":true,"href":"https:\/\/www.immo-invest.ch\/fr\/wp-json\/wp\/v2\/tags?post=76415"}],"curies":[{"name":"wp","href":"https:\/\/api.w.org\/{rel}","templated":true}]}}