{"id":74931,"date":"2024-02-06T13:26:29","date_gmt":"2024-02-06T12:26:29","guid":{"rendered":"https:\/\/www.immo-invest.ch\/wegweisende-solarinitiative-in-glarus\/"},"modified":"2024-02-06T14:35:34","modified_gmt":"2024-02-06T13:35:34","slug":"wegweisende-solarinitiative-in-glarus","status":"publish","type":"post","link":"https:\/\/www.immo-invest.ch\/fr\/wegweisende-solarinitiative-in-glarus\/","title":{"rendered":"Initiative solaire pionni\u00e8re \u00e0 Glaris"},"content":{"rendered":"<p class=\"wp-block-paragraph\">L&rsquo;autorisation du Conseil d&rsquo;Etat glaronnais en mati&egrave;re de droit de l&rsquo;&eacute;nergie permet &agrave; Swisspearl AG d&rsquo;agrandir consid&eacute;rablement sa grande installation solaire sur les toits de ses ateliers de production. Avec une puissance totale impressionnante de 3100 kilowatts (kW), cette installation sera non seulement la plus grande de ce type dans le canton, mais elle pourra &eacute;galement couvrir jusqu&rsquo;&agrave; 50 pour cent des besoins en &eacute;lectricit&eacute; de l&rsquo;entreprise. La d&eacute;cision de renoncer &agrave; une taxe annuelle d&rsquo;environ 30 000 francs se justifie par le caract&egrave;re innovant et exemplaire du projet, consid&eacute;r&eacute; comme pr&eacute;curseur pour les grandes installations similaires dans l&rsquo;industrie.<\/p>\n\n\n\n<p class=\"wp-block-paragraph\">La promotion de l&rsquo;installation photovolta&iuml;que par l&rsquo;abandon de la taxe refl&egrave;te la volont&eacute; du canton et de l&rsquo;entreprise d&rsquo;&ecirc;tre &agrave; la pointe de l&rsquo;utilisation et de l&rsquo;expansion des sources d&rsquo;&eacute;nergie renouvelables. Ce projet repr&eacute;sente non seulement une contribution essentielle &agrave; la r&eacute;alisation des objectifs &eacute;nerg&eacute;tiques nationaux, mais sert &eacute;galement d&rsquo;exemple inspirant pour d&rsquo;autres entreprises afin d&rsquo;acc&eacute;l&eacute;rer la transition vers des sources d&rsquo;&eacute;nergie plus durables.<\/p>\n\n\n\n<p class=\"wp-block-paragraph\">En r&eacute;alisant cette installation photovolta&iuml;que, le canton de Glaris r&eacute;affirme son engagement en faveur d&rsquo;un avenir plus &eacute;cologique et plus durable. Swisspearl AG d&eacute;montre comment les entreprises peuvent contribuer activement &agrave; la r&eacute;duction de l&rsquo;empreinte carbone tout en am&eacute;liorant leur efficacit&eacute; &eacute;nerg&eacute;tique. Cette initiative marque un pas en avant d&eacute;cisif dans la politique &eacute;nerg&eacute;tique r&eacute;gionale et &eacute;tablit de nouvelles normes pour l&rsquo;int&eacute;gration des &eacute;nergies renouvelables dans la production industrielle.<\/p>\n\n\n\n<p class=\"wp-block-paragraph\">L&rsquo;approbation de l&rsquo;installation photovolta&iuml;que de Niederurnen par le Conseil d&rsquo;Etat glaronnais repr&eacute;sente un jalon significatif dans la qu&ecirc;te d&rsquo;une &eacute;conomie plus durable et plus efficace sur le plan &eacute;nerg&eacute;tique. Swisspearl AG est un exemple du potentiel de l&rsquo;industrie &agrave; jouer un r&ocirc;le de pionnier dans la transition &eacute;cologique et souligne l&rsquo;importance des solutions &eacute;nerg&eacute;tiques innovantes pour l&rsquo;&eacute;conomie r&eacute;gionale et nationale.<\/p>\n","protected":false},"excerpt":{"rendered":"<p>Le canton de Glaris envoie un signal fort en faveur de l&rsquo;utilisation des \u00e9nergies renouvelables en approuvant la plus grande installation photovolta\u00efque jamais r\u00e9alis\u00e9e dans la r\u00e9gion. Cette initiative remarquable marque une avanc\u00e9e significative dans l&rsquo;engagement du canton en faveur de la durabilit\u00e9 \u00e9cologique et souligne le potentiel des sources d&rsquo;\u00e9nergie renouvelables dans la production industrielle.<\/p>\n","protected":false},"author":2,"featured_media":74916,"comment_status":"open","ping_status":"open","sticky":false,"template":"","format":"standard","meta":{"pmpro_default_level":"0","inline_featured_image":false,"_monsterinsights_skip_tracking":false,"footnotes":""},"categories":[8747],"tags":[835,11079,8883,44424,44425,882],"class_list":["post-74931","post","type-post","status-publish","format-standard","has-post-thumbnail","hentry","category-energie","tag-energie-fr","tag-energiequelle-fr","tag-expansion-fr","tag-fotovoltaikanlage-fr","tag-solarinitiative-fr","tag-strom-fr","pmpro-has-access"],"acf":{"bild_mit_ki_erstellt_worden":[],"lead":"Le canton de Glaris envoie un signal fort en faveur de l'utilisation des \u00e9nergies renouvelables en approuvant la plus grande installation photovolta\u00efque jamais r\u00e9alis\u00e9e dans la r\u00e9gion. Cette initiative remarquable marque une avanc\u00e9e significative dans l'engagement du canton en faveur de la durabilit\u00e9 \u00e9cologique et souligne le potentiel des sources d'\u00e9nergie renouvelables dans la production industrielle.","autor":"Quelle: Glarus","ort":"","bildunterschrift":"","bild_im_grid":false,"gallerie":"","newsim":""},"aioseo_notices":[],"aioseo_head":"\n\t\t<!-- All in One SEO 5.0.1.1 - aioseo.com -->\n\t<meta name=\"description\" content=\"Le canton de Glaris envoie un signal fort en faveur de l&#039;utilisation des \u00e9nergies renouvelables en approuvant la plus grande installation photovolta\u00efque jamais r\u00e9alis\u00e9e dans la r\u00e9gion. Cette initiative remarquable marque une avanc\u00e9e significative dans l&#039;engagement du canton en faveur de la durabilit\u00e9 \u00e9cologique et souligne le potentiel des sources d&#039;\u00e9nergie renouvelables dans la production industrielle.\" \/>\n\t<meta name=\"robots\" content=\"max-image-preview:large\" \/>\n\t<meta name=\"author\" content=\"immovestuser\"\/>\n\t<meta name=\"google-site-verification\" content=\"fHJKvgWpZCR2zVBHWfkQeFXC11qieUSff0HGNYfuyLA\" \/>\n\t<link rel=\"canonical\" href=\"https:\/\/www.immo-invest.ch\/fr\/wegweisende-solarinitiative-in-glarus\/\" \/>\n\t<meta name=\"generator\" content=\"All in One SEO (AIOSEO) 5.0.1.1\" \/>\n\t\t<meta property=\"og:locale\" content=\"fr_FR\" \/>\n\t\t<meta property=\"og:site_name\" content=\"immo!nvest - Die Plattform f\u00fcr Standorte und Immobilien - Die\u00a0Plattform f\u00fcr Standorte und Immobilien\" \/>\n\t\t<meta property=\"og:type\" content=\"article\" \/>\n\t\t<meta property=\"og:title\" content=\"Initiative solaire pionni\u00e8re \u00e0 Glaris - immo!nvest - Die Plattform f\u00fcr Standorte und Immobilien\" \/>\n\t\t<meta property=\"og:description\" content=\"Le canton de Glaris envoie un signal fort en faveur de l&#039;utilisation des \u00e9nergies renouvelables en approuvant la plus grande installation photovolta\u00efque jamais r\u00e9alis\u00e9e dans la r\u00e9gion. Cette initiative remarquable marque une avanc\u00e9e significative dans l&#039;engagement du canton en faveur de la durabilit\u00e9 \u00e9cologique et souligne le potentiel des sources d&#039;\u00e9nergie renouvelables dans la production industrielle.\" \/>\n\t\t<meta property=\"og:url\" content=\"https:\/\/www.immo-invest.ch\/fr\/wegweisende-solarinitiative-in-glarus\/\" \/>\n\t\t<meta property=\"og:image\" content=\"https:\/\/www.immo-invest.ch\/wp-content\/uploads\/2024\/02\/solar_glarus.jpg\" \/>\n\t\t<meta property=\"og:image:secure_url\" content=\"https:\/\/www.immo-invest.ch\/wp-content\/uploads\/2024\/02\/solar_glarus.jpg\" \/>\n\t\t<meta property=\"og:image:width\" content=\"643\" \/>\n\t\t<meta property=\"og:image:height\" content=\"362\" \/>\n\t\t<meta property=\"article:published_time\" content=\"2024-02-06T12:26:29+00:00\" \/>\n\t\t<meta property=\"article:modified_time\" content=\"2024-02-06T13:35:34+00:00\" \/>\n\t\t<meta property=\"article:publisher\" content=\"https:\/\/www.facebook.com\/people\/Immoinvest\/100077962920504\/\" \/>\n\t\t<meta name=\"twitter:card\" content=\"summary_large_image\" \/>\n\t\t<meta name=\"twitter:site\" content=\"@i\" \/>\n\t\t<meta name=\"twitter:title\" content=\"Initiative solaire pionni\u00e8re \u00e0 Glaris - immo!nvest - Die Plattform f\u00fcr Standorte und Immobilien\" \/>\n\t\t<meta name=\"twitter:description\" content=\"Le canton de Glaris envoie un signal fort en faveur de l&#039;utilisation des \u00e9nergies renouvelables en approuvant la plus grande installation photovolta\u00efque jamais r\u00e9alis\u00e9e dans la r\u00e9gion. Cette initiative remarquable marque une avanc\u00e9e significative dans l&#039;engagement du canton en faveur de la durabilit\u00e9 \u00e9cologique et souligne le potentiel des sources d&#039;\u00e9nergie renouvelables dans la production industrielle.\" \/>\n\t\t<meta name=\"twitter:creator\" content=\"@i\" \/>\n\t\t<meta name=\"twitter:image\" content=\"https:\/\/www.immo-invest.ch\/wp-content\/uploads\/2024\/02\/solar_glarus.jpg\" \/>\n\t\t<script type=\"application\/ld+json\" class=\"aioseo-schema\">\n\t\t\t{\"@context\":\"https:\\\/\\\/schema.org\",\"@graph\":[{\"@type\":\"BlogPosting\",\"@id\":\"https:\\\/\\\/www.immo-invest.ch\\\/fr\\\/wegweisende-solarinitiative-in-glarus\\\/#blogposting\",\"name\":\"Initiative solaire pionni\\u00e8re \\u00e0 Glaris - immo!nvest - Die Plattform f\\u00fcr Standorte und Immobilien\",\"headline\":\"Initiative solaire pionni\\u00e8re \\u00e0 Glaris\",\"author\":{\"@id\":\"https:\\\/\\\/www.immo-invest.ch\\\/fr\\\/author\\\/immovestuser\\\/#author\"},\"publisher\":{\"@id\":\"https:\\\/\\\/www.immo-invest.ch\\\/fr\\\/#organization\"},\"image\":{\"@type\":\"ImageObject\",\"url\":\"https:\\\/\\\/www.immo-invest.ch\\\/wp-content\\\/uploads\\\/2024\\\/02\\\/solar_glarus.jpg\",\"width\":643,\"height\":362},\"datePublished\":\"2024-02-06T13:26:29+01:00\",\"dateModified\":\"2024-02-06T14:35:34+01:00\",\"inLanguage\":\"fr-FR\",\"mainEntityOfPage\":{\"@id\":\"https:\\\/\\\/www.immo-invest.ch\\\/fr\\\/wegweisende-solarinitiative-in-glarus\\\/#webpage\"},\"isPartOf\":{\"@id\":\"https:\\\/\\\/www.immo-invest.ch\\\/fr\\\/wegweisende-solarinitiative-in-glarus\\\/#webpage\"},\"articleSection\":\"\\u00c9nergie, Energie, Energiequelle, Expansion, Fotovoltaikanlage, Solarinitiative, Strom, Facultatif\"},{\"@type\":\"BreadcrumbList\",\"@id\":\"https:\\\/\\\/www.immo-invest.ch\\\/fr\\\/wegweisende-solarinitiative-in-glarus\\\/#breadcrumblist\",\"itemListElement\":[{\"@type\":\"ListItem\",\"@id\":\"https:\\\/\\\/www.immo-invest.ch\\\/fr\\\/#listItem\",\"position\":1,\"name\":\"Home\",\"item\":\"https:\\\/\\\/www.immo-invest.ch\\\/fr\\\/\",\"nextItem\":{\"@type\":\"ListItem\",\"@id\":\"https:\\\/\\\/www.immo-invest.ch\\\/fr\\\/categories\\\/energie\\\/#listItem\",\"name\":\"\\u00c9nergie\"}},{\"@type\":\"ListItem\",\"@id\":\"https:\\\/\\\/www.immo-invest.ch\\\/fr\\\/categories\\\/energie\\\/#listItem\",\"position\":2,\"name\":\"\\u00c9nergie\",\"item\":\"https:\\\/\\\/www.immo-invest.ch\\\/fr\\\/categories\\\/energie\\\/\",\"nextItem\":{\"@type\":\"ListItem\",\"@id\":\"https:\\\/\\\/www.immo-invest.ch\\\/fr\\\/wegweisende-solarinitiative-in-glarus\\\/#listItem\",\"name\":\"Initiative solaire pionni\\u00e8re \\u00e0 Glaris\"},\"previousItem\":{\"@type\":\"ListItem\",\"@id\":\"https:\\\/\\\/www.immo-invest.ch\\\/fr\\\/#listItem\",\"name\":\"Home\"}},{\"@type\":\"ListItem\",\"@id\":\"https:\\\/\\\/www.immo-invest.ch\\\/fr\\\/wegweisende-solarinitiative-in-glarus\\\/#listItem\",\"position\":3,\"name\":\"Initiative solaire pionni\\u00e8re \\u00e0 Glaris\",\"previousItem\":{\"@type\":\"ListItem\",\"@id\":\"https:\\\/\\\/www.immo-invest.ch\\\/fr\\\/categories\\\/energie\\\/#listItem\",\"name\":\"\\u00c9nergie\"}}]},{\"@type\":\"Organization\",\"@id\":\"https:\\\/\\\/www.immo-invest.ch\\\/fr\\\/#organization\",\"name\":\"immo!nvest - Die Plattform f\\u00fcr Standorte und Immobilien\",\"description\":\"Die\\u00a0Plattform f\\u00fcr Standorte und Immobilien\",\"url\":\"https:\\\/\\\/www.immo-invest.ch\\\/fr\\\/\",\"email\":\"admin@immomedia.ag\",\"telephone\":\"+41444420002\",\"logo\":{\"@type\":\"ImageObject\",\"url\":\"https:\\\/\\\/www.immo-invest.ch\\\/wp-content\\\/uploads\\\/2024\\\/09\\\/immoinvest_sm-scaled.jpg\",\"@id\":\"https:\\\/\\\/www.immo-invest.ch\\\/fr\\\/wegweisende-solarinitiative-in-glarus\\\/#organizationLogo\",\"width\":2560,\"height\":1340},\"image\":{\"@id\":\"https:\\\/\\\/www.immo-invest.ch\\\/fr\\\/wegweisende-solarinitiative-in-glarus\\\/#organizationLogo\"},\"sameAs\":[\"https:\\\/\\\/www.facebook.com\\\/people\\\/Immoinvest\\\/100077962920504\\\/\",\"https:\\\/\\\/x.com\\\/i\\\/flow\\\/login?redirect_after_login=immoinvest_ch\",\"https:\\\/\\\/www.instagram.com\\\/immoinvest_ch\\\/\",\"https:\\\/\\\/www.linkedin.com\\\/company\\\/immoinvest-swiss\"]},{\"@type\":\"Person\",\"@id\":\"https:\\\/\\\/www.immo-invest.ch\\\/fr\\\/author\\\/immovestuser\\\/#author\",\"url\":\"https:\\\/\\\/www.immo-invest.ch\\\/fr\\\/author\\\/immovestuser\\\/\",\"name\":\"immovestuser\",\"image\":{\"@type\":\"ImageObject\",\"@id\":\"https:\\\/\\\/www.immo-invest.ch\\\/fr\\\/wegweisende-solarinitiative-in-glarus\\\/#authorImage\",\"url\":\"https:\\\/\\\/secure.gravatar.com\\\/avatar\\\/8e01f4d99f2eeea7a362ebb93305e1172a70e9293ba250f897a65c39f54cdd1e?s=96&d=mm&r=g\",\"width\":96,\"height\":96,\"caption\":\"immovestuser\"}},{\"@type\":\"WebPage\",\"@id\":\"https:\\\/\\\/www.immo-invest.ch\\\/fr\\\/wegweisende-solarinitiative-in-glarus\\\/#webpage\",\"url\":\"https:\\\/\\\/www.immo-invest.ch\\\/fr\\\/wegweisende-solarinitiative-in-glarus\\\/\",\"name\":\"Initiative solaire pionni\\u00e8re \\u00e0 Glaris - immo!nvest - Die Plattform f\\u00fcr Standorte und Immobilien\",\"description\":\"Le canton de Glaris envoie un signal fort en faveur de l'utilisation des \\u00e9nergies renouvelables en approuvant la plus grande installation photovolta\\u00efque jamais r\\u00e9alis\\u00e9e dans la r\\u00e9gion. Cette initiative remarquable marque une avanc\\u00e9e significative dans l'engagement du canton en faveur de la durabilit\\u00e9 \\u00e9cologique et souligne le potentiel des sources d'\\u00e9nergie renouvelables dans la production industrielle.\",\"inLanguage\":\"fr-FR\",\"isPartOf\":{\"@id\":\"https:\\\/\\\/www.immo-invest.ch\\\/fr\\\/#website\"},\"breadcrumb\":{\"@id\":\"https:\\\/\\\/www.immo-invest.ch\\\/fr\\\/wegweisende-solarinitiative-in-glarus\\\/#breadcrumblist\"},\"author\":{\"@id\":\"https:\\\/\\\/www.immo-invest.ch\\\/fr\\\/author\\\/immovestuser\\\/#author\"},\"creator\":{\"@id\":\"https:\\\/\\\/www.immo-invest.ch\\\/fr\\\/author\\\/immovestuser\\\/#author\"},\"image\":{\"@type\":\"ImageObject\",\"url\":\"https:\\\/\\\/www.immo-invest.ch\\\/wp-content\\\/uploads\\\/2024\\\/02\\\/solar_glarus.jpg\",\"@id\":\"https:\\\/\\\/www.immo-invest.ch\\\/fr\\\/wegweisende-solarinitiative-in-glarus\\\/#mainImage\",\"width\":643,\"height\":362},\"primaryImageOfPage\":{\"@id\":\"https:\\\/\\\/www.immo-invest.ch\\\/fr\\\/wegweisende-solarinitiative-in-glarus\\\/#mainImage\"},\"datePublished\":\"2024-02-06T13:26:29+01:00\",\"dateModified\":\"2024-02-06T14:35:34+01:00\"},{\"@type\":\"WebSite\",\"@id\":\"https:\\\/\\\/www.immo-invest.ch\\\/fr\\\/#website\",\"url\":\"https:\\\/\\\/www.immo-invest.ch\\\/fr\\\/\",\"name\":\"immo!nvest - Die Plattform f\\u00fcr Standorte und Immobilien\",\"description\":\"Die\\u00a0Plattform f\\u00fcr Standorte und Immobilien\",\"inLanguage\":\"fr-FR\",\"publisher\":{\"@id\":\"https:\\\/\\\/www.immo-invest.ch\\\/fr\\\/#organization\"}}]}\n\t\t<\/script>\n\t\t<!-- All in One SEO -->\n\n","aioseo_head_json":{"title":"Initiative solaire pionni\u00e8re \u00e0 Glaris - immo!nvest - Die Plattform f\u00fcr Standorte und Immobilien","description":"Le canton de Glaris envoie un signal fort en faveur de l'utilisation des \u00e9nergies renouvelables en approuvant la plus grande installation photovolta\u00efque jamais r\u00e9alis\u00e9e dans la r\u00e9gion. Cette initiative remarquable marque une avanc\u00e9e significative dans l'engagement du canton en faveur de la durabilit\u00e9 \u00e9cologique et souligne le potentiel des sources d'\u00e9nergie renouvelables dans la production industrielle.","canonical_url":"https:\/\/www.immo-invest.ch\/fr\/wegweisende-solarinitiative-in-glarus\/","robots":"max-image-preview:large","keywords":"","webmasterTools":{"google-site-verification":"fHJKvgWpZCR2zVBHWfkQeFXC11qieUSff0HGNYfuyLA","miscellaneous":""},"schema":{"@context":"https:\/\/schema.org","@graph":[{"@type":"BlogPosting","@id":"https:\/\/www.immo-invest.ch\/fr\/wegweisende-solarinitiative-in-glarus\/#blogposting","name":"Initiative solaire pionni\u00e8re \u00e0 Glaris - immo!nvest - Die Plattform f\u00fcr Standorte und Immobilien","headline":"Initiative solaire pionni\u00e8re \u00e0 Glaris","author":{"@id":"https:\/\/www.immo-invest.ch\/fr\/author\/immovestuser\/#author"},"publisher":{"@id":"https:\/\/www.immo-invest.ch\/fr\/#organization"},"image":{"@type":"ImageObject","url":"https:\/\/www.immo-invest.ch\/wp-content\/uploads\/2024\/02\/solar_glarus.jpg","width":643,"height":362},"datePublished":"2024-02-06T13:26:29+01:00","dateModified":"2024-02-06T14:35:34+01:00","inLanguage":"fr-FR","mainEntityOfPage":{"@id":"https:\/\/www.immo-invest.ch\/fr\/wegweisende-solarinitiative-in-glarus\/#webpage"},"isPartOf":{"@id":"https:\/\/www.immo-invest.ch\/fr\/wegweisende-solarinitiative-in-glarus\/#webpage"},"articleSection":"\u00c9nergie, Energie, Energiequelle, Expansion, Fotovoltaikanlage, Solarinitiative, Strom, Facultatif"},{"@type":"BreadcrumbList","@id":"https:\/\/www.immo-invest.ch\/fr\/wegweisende-solarinitiative-in-glarus\/#breadcrumblist","itemListElement":[{"@type":"ListItem","@id":"https:\/\/www.immo-invest.ch\/fr\/#listItem","position":1,"name":"Home","item":"https:\/\/www.immo-invest.ch\/fr\/","nextItem":{"@type":"ListItem","@id":"https:\/\/www.immo-invest.ch\/fr\/categories\/energie\/#listItem","name":"\u00c9nergie"}},{"@type":"ListItem","@id":"https:\/\/www.immo-invest.ch\/fr\/categories\/energie\/#listItem","position":2,"name":"\u00c9nergie","item":"https:\/\/www.immo-invest.ch\/fr\/categories\/energie\/","nextItem":{"@type":"ListItem","@id":"https:\/\/www.immo-invest.ch\/fr\/wegweisende-solarinitiative-in-glarus\/#listItem","name":"Initiative solaire pionni\u00e8re \u00e0 Glaris"},"previousItem":{"@type":"ListItem","@id":"https:\/\/www.immo-invest.ch\/fr\/#listItem","name":"Home"}},{"@type":"ListItem","@id":"https:\/\/www.immo-invest.ch\/fr\/wegweisende-solarinitiative-in-glarus\/#listItem","position":3,"name":"Initiative solaire pionni\u00e8re \u00e0 Glaris","previousItem":{"@type":"ListItem","@id":"https:\/\/www.immo-invest.ch\/fr\/categories\/energie\/#listItem","name":"\u00c9nergie"}}]},{"@type":"Organization","@id":"https:\/\/www.immo-invest.ch\/fr\/#organization","name":"immo!nvest - Die Plattform f\u00fcr Standorte und Immobilien","description":"Die\u00a0Plattform f\u00fcr Standorte und Immobilien","url":"https:\/\/www.immo-invest.ch\/fr\/","email":"admin@immomedia.ag","telephone":"+41444420002","logo":{"@type":"ImageObject","url":"https:\/\/www.immo-invest.ch\/wp-content\/uploads\/2024\/09\/immoinvest_sm-scaled.jpg","@id":"https:\/\/www.immo-invest.ch\/fr\/wegweisende-solarinitiative-in-glarus\/#organizationLogo","width":2560,"height":1340},"image":{"@id":"https:\/\/www.immo-invest.ch\/fr\/wegweisende-solarinitiative-in-glarus\/#organizationLogo"},"sameAs":["https:\/\/www.facebook.com\/people\/Immoinvest\/100077962920504\/","https:\/\/x.com\/i\/flow\/login?redirect_after_login=immoinvest_ch","https:\/\/www.instagram.com\/immoinvest_ch\/","https:\/\/www.linkedin.com\/company\/immoinvest-swiss"]},{"@type":"Person","@id":"https:\/\/www.immo-invest.ch\/fr\/author\/immovestuser\/#author","url":"https:\/\/www.immo-invest.ch\/fr\/author\/immovestuser\/","name":"immovestuser","image":{"@type":"ImageObject","@id":"https:\/\/www.immo-invest.ch\/fr\/wegweisende-solarinitiative-in-glarus\/#authorImage","url":"https:\/\/secure.gravatar.com\/avatar\/8e01f4d99f2eeea7a362ebb93305e1172a70e9293ba250f897a65c39f54cdd1e?s=96&d=mm&r=g","width":96,"height":96,"caption":"immovestuser"}},{"@type":"WebPage","@id":"https:\/\/www.immo-invest.ch\/fr\/wegweisende-solarinitiative-in-glarus\/#webpage","url":"https:\/\/www.immo-invest.ch\/fr\/wegweisende-solarinitiative-in-glarus\/","name":"Initiative solaire pionni\u00e8re \u00e0 Glaris - immo!nvest - Die Plattform f\u00fcr Standorte und Immobilien","description":"Le canton de Glaris envoie un signal fort en faveur de l'utilisation des \u00e9nergies renouvelables en approuvant la plus grande installation photovolta\u00efque jamais r\u00e9alis\u00e9e dans la r\u00e9gion. Cette initiative remarquable marque une avanc\u00e9e significative dans l'engagement du canton en faveur de la durabilit\u00e9 \u00e9cologique et souligne le potentiel des sources d'\u00e9nergie renouvelables dans la production industrielle.","inLanguage":"fr-FR","isPartOf":{"@id":"https:\/\/www.immo-invest.ch\/fr\/#website"},"breadcrumb":{"@id":"https:\/\/www.immo-invest.ch\/fr\/wegweisende-solarinitiative-in-glarus\/#breadcrumblist"},"author":{"@id":"https:\/\/www.immo-invest.ch\/fr\/author\/immovestuser\/#author"},"creator":{"@id":"https:\/\/www.immo-invest.ch\/fr\/author\/immovestuser\/#author"},"image":{"@type":"ImageObject","url":"https:\/\/www.immo-invest.ch\/wp-content\/uploads\/2024\/02\/solar_glarus.jpg","@id":"https:\/\/www.immo-invest.ch\/fr\/wegweisende-solarinitiative-in-glarus\/#mainImage","width":643,"height":362},"primaryImageOfPage":{"@id":"https:\/\/www.immo-invest.ch\/fr\/wegweisende-solarinitiative-in-glarus\/#mainImage"},"datePublished":"2024-02-06T13:26:29+01:00","dateModified":"2024-02-06T14:35:34+01:00"},{"@type":"WebSite","@id":"https:\/\/www.immo-invest.ch\/fr\/#website","url":"https:\/\/www.immo-invest.ch\/fr\/","name":"immo!nvest - Die Plattform f\u00fcr Standorte und Immobilien","description":"Die\u00a0Plattform f\u00fcr Standorte und Immobilien","inLanguage":"fr-FR","publisher":{"@id":"https:\/\/www.immo-invest.ch\/fr\/#organization"}}]},"og:locale":"fr_FR","og:site_name":"immo!nvest - Die Plattform f\u00fcr Standorte und Immobilien - Die\u00a0Plattform f\u00fcr Standorte und Immobilien","og:type":"article","og:title":"Initiative solaire pionni\u00e8re \u00e0 Glaris - immo!nvest - Die Plattform f\u00fcr Standorte und Immobilien","og:description":"Le canton de Glaris envoie un signal fort en faveur de l'utilisation des \u00e9nergies renouvelables en approuvant la plus grande installation photovolta\u00efque jamais r\u00e9alis\u00e9e dans la r\u00e9gion. Cette initiative remarquable marque une avanc\u00e9e significative dans l'engagement du canton en faveur de la durabilit\u00e9 \u00e9cologique et souligne le potentiel des sources d'\u00e9nergie renouvelables dans la production industrielle.","og:url":"https:\/\/www.immo-invest.ch\/fr\/wegweisende-solarinitiative-in-glarus\/","og:image":"https:\/\/www.immo-invest.ch\/wp-content\/uploads\/2024\/02\/solar_glarus.jpg","og:image:secure_url":"https:\/\/www.immo-invest.ch\/wp-content\/uploads\/2024\/02\/solar_glarus.jpg","og:image:width":643,"og:image:height":362,"article:published_time":"2024-02-06T12:26:29+00:00","article:modified_time":"2024-02-06T13:35:34+00:00","article:publisher":"https:\/\/www.facebook.com\/people\/Immoinvest\/100077962920504\/","twitter:card":"summary_large_image","twitter:site":"@i","twitter:title":"Initiative solaire pionni\u00e8re \u00e0 Glaris - immo!nvest - Die Plattform f\u00fcr Standorte und Immobilien","twitter:description":"Le canton de Glaris envoie un signal fort en faveur de l'utilisation des \u00e9nergies renouvelables en approuvant la plus grande installation photovolta\u00efque jamais r\u00e9alis\u00e9e dans la r\u00e9gion. Cette initiative remarquable marque une avanc\u00e9e significative dans l'engagement du canton en faveur de la durabilit\u00e9 \u00e9cologique et souligne le potentiel des sources d'\u00e9nergie renouvelables dans la production industrielle.","twitter:creator":"@i","twitter:image":"https:\/\/www.immo-invest.ch\/wp-content\/uploads\/2024\/02\/solar_glarus.jpg"},"aioseo_meta_data":{"post_id":"74931","title":null,"description":null,"keywords":null,"keyphrases":null,"primary_term":null,"canonical_url":null,"og_title":null,"og_description":null,"og_object_type":"default","og_image_type":"default","og_image_url":null,"og_image_width":null,"og_image_height":null,"og_image_custom_url":null,"og_image_custom_fields":null,"og_video":null,"og_custom_url":null,"og_article_section":null,"og_article_tags":null,"twitter_use_og":false,"twitter_card":"default","twitter_image_type":"default","twitter_image_url":null,"twitter_image_custom_url":null,"twitter_image_custom_fields":null,"twitter_title":null,"twitter_description":null,"schema":{"blockGraphs":[],"customGraphs":[],"default":{"data":{"Article":[],"Course":[],"Dataset":[],"FAQPage":[],"Movie":[],"Person":[],"Product":[],"ProductReview":[],"Car":[],"Recipe":[],"Service":[],"SoftwareApplication":[],"WebPage":[]},"graphName":"","isEnabled":true},"graphs":[]},"schema_type":"default","schema_type_options":null,"pillar_content":false,"robots_default":true,"robots_noindex":false,"robots_noarchive":false,"robots_nosnippet":false,"robots_nofollow":false,"robots_noimageindex":false,"robots_noodp":false,"robots_notranslate":false,"robots_max_snippet":null,"robots_max_videopreview":null,"robots_max_imagepreview":"large","priority":null,"frequency":null,"local_seo":null,"breadcrumb_settings":null,"limit_modified_date":false,"ai":null,"created":"2024-09-20 15:24:59","updated":"2025-10-23 21:21:26","seo_analyzer_scan_date":null,"focus_keyword":null,"additional_keywords":null,"truseo_locale":null},"aioseo_breadcrumb":"<div class=\"aioseo-breadcrumbs\"><span class=\"aioseo-breadcrumb\">\n\t\t\t<a href=\"https:\/\/www.immo-invest.ch\/fr\/\" title=\"Home\">Home<\/a>\n\t\t<\/span><span class=\"aioseo-breadcrumb-separator\">&raquo;<\/span><span class=\"aioseo-breadcrumb\">\n\t\t\t<a href=\"https:\/\/www.immo-invest.ch\/fr\/categories\/energie\/\" title=\"\u00c9nergie\">\u00c9nergie<\/a>\n\t\t<\/span><span class=\"aioseo-breadcrumb-separator\">&raquo;<\/span><span class=\"aioseo-breadcrumb\">\n\t\t\tInitiative solaire pionni\u00e8re \u00e0 Glaris\n\t\t<\/span><\/div>","aioseo_breadcrumb_json":[{"label":"Home","link":"https:\/\/www.immo-invest.ch\/fr\/"},{"label":"\u00c9nergie","link":"https:\/\/www.immo-invest.ch\/fr\/categories\/energie\/"},{"label":"Initiative solaire pionni\u00e8re \u00e0 Glaris","link":"https:\/\/www.immo-invest.ch\/fr\/wegweisende-solarinitiative-in-glarus\/"}],"featured_image_src":"https:\/\/www.immo-invest.ch\/wp-content\/uploads\/2024\/02\/solar_glarus-336x168.jpg","_links":{"self":[{"href":"https:\/\/www.immo-invest.ch\/fr\/wp-json\/wp\/v2\/posts\/74931","targetHints":{"allow":["GET"]}}],"collection":[{"href":"https:\/\/www.immo-invest.ch\/fr\/wp-json\/wp\/v2\/posts"}],"about":[{"href":"https:\/\/www.immo-invest.ch\/fr\/wp-json\/wp\/v2\/types\/post"}],"author":[{"embeddable":true,"href":"https:\/\/www.immo-invest.ch\/fr\/wp-json\/wp\/v2\/users\/2"}],"replies":[{"embeddable":true,"href":"https:\/\/www.immo-invest.ch\/fr\/wp-json\/wp\/v2\/comments?post=74931"}],"version-history":[{"count":0,"href":"https:\/\/www.immo-invest.ch\/fr\/wp-json\/wp\/v2\/posts\/74931\/revisions"}],"wp:featuredmedia":[{"embeddable":true,"href":"https:\/\/www.immo-invest.ch\/fr\/wp-json\/wp\/v2\/media\/74916"}],"wp:attachment":[{"href":"https:\/\/www.immo-invest.ch\/fr\/wp-json\/wp\/v2\/media?parent=74931"}],"wp:term":[{"taxonomy":"category","embeddable":true,"href":"https:\/\/www.immo-invest.ch\/fr\/wp-json\/wp\/v2\/categories?post=74931"},{"taxonomy":"post_tag","embeddable":true,"href":"https:\/\/www.immo-invest.ch\/fr\/wp-json\/wp\/v2\/tags?post=74931"}],"curies":[{"name":"wp","href":"https:\/\/api.w.org\/{rel}","templated":true}]}}