{"id":74314,"date":"2024-02-05T08:39:43","date_gmt":"2024-02-05T07:39:43","guid":{"rendered":"https:\/\/www.immo-invest.ch\/aarauer-klimapreis-geht-an-aew-energie-ag\/"},"modified":"2024-02-05T08:50:45","modified_gmt":"2024-02-05T07:50:45","slug":"aarauer-klimapreis-geht-an-aew-energie-ag","status":"publish","type":"post","link":"https:\/\/www.immo-invest.ch\/fr\/aarauer-klimapreis-geht-an-aew-energie-ag\/","title":{"rendered":"Le prix climatique d&rsquo;Aarau est d\u00e9cern\u00e9 \u00e0 AEW Energie AG"},"content":{"rendered":"<p class=\"bodytext\"><a href=\"https:\/\/www.aew.ch\/\" target=\"_blank\" rel=\"noopener\">AEW Energie AG<\/a> a remport&eacute; le prix climatique 2023 d&rsquo;Aarau. Le prix est d&eacute;cern&eacute; chaque ann&eacute;e par le <a href=\"https:\/\/www.aarau.ch\/politik-verwaltung\/politik\/stadtrat.html\/1582\" target=\"_blank\" rel=\"noopener\">conseil municipal<\/a> <a href=\"https:\/\/www.aarau.ch\/\" target=\"_blank\" rel=\"noopener\">d&rsquo;Aarau<\/a> pour des prestations particuli&egrave;rement innovantes, un engagement exceptionnel ou des projets d&rsquo;envergure qui contribuent au d&eacute;veloppement durable, explique AEW Energie dans un <a href=\"https:\/\/www.aew.ch\/news\/aew-energie-ag-gewinnt-klimapreis-der-stadt-aarau\" target=\"_blank\" rel=\"noopener\">communiqu&eacute;<\/a>. Le prestataire de services &eacute;nerg&eacute;tiques argovien a &eacute;t&eacute; r&eacute;compens&eacute; pour ses mesures en faveur d&rsquo;une gestion avanc&eacute;e et durable de la mobilit&eacute; au sein de sa propre entreprise.<\/p>\n<p class=\"bodytext\">AEW Energie s&rsquo;est fix&eacute; pour objectif d&rsquo;atteindre la neutralit&eacute; carbone d&rsquo;ici 2040 au plus tard. Pour ce faire, le prestataire de services &eacute;nerg&eacute;tiques a mis&eacute; sur une production d&rsquo;&eacute;lectricit&eacute; neutre en CO2 &agrave; partir de l&rsquo;&eacute;nergie hydraulique, photovolta&iuml;que et &eacute;olienne. Cependant, une part consid&eacute;rable des &eacute;missions est actuellement g&eacute;n&eacute;r&eacute;e par la mobilit&eacute; des collaborateurs de l&rsquo;entreprise.<\/p>\n<p class=\"bodytext\">Dans ce domaine, AEW Energie a &eacute;galement &eacute;labor&eacute; et mis en &oelig;uvre une s&eacute;rie de mesures dans le cadre du d&eacute;m&eacute;nagement de la tour de l&rsquo;Obere Vorstadt vers le <span class=\"glossaryLink\" aria-describedby=\"tt\" data-cmtooltip=\"&lt;div class=glossaryItemTitle&gt;Quartier&lt;\/div&gt;&lt;div class=glossaryItemBody&gt;Amtliches, historisches, soziales oder stadtplanerisches Stadtviertel&lt;\/div&gt;\" data-mobile-support=\"0\" data-gt-translate-attributes='[{\"attribute\":\"data-cmtooltip\", \"format\":\"html\"}]' tabindex=\"0\" role=\"link\">quartier<\/span> d&rsquo;Aeschbach. D&rsquo;une part, le travail &agrave; domicile a &eacute;t&eacute; rendu possible de mani&egrave;re plus flexible. D&rsquo;autre part, la mobilit&eacute; durable des collaborateurs a &eacute;t&eacute; encourag&eacute;e, notamment par la mise &agrave; disposition de v&eacute;los en libre-service, de places de stationnement pour v&eacute;los et de v&eacute;hicules &eacute;lectriques en pool. Ces diff&eacute;rentes initiatives ont &eacute;t&eacute; largement impuls&eacute;es par Nicola Ruch, responsable du d&eacute;veloppement commercial chez AEW et chef de projet de la gestion de la mobilit&eacute;.<\/p>\n<p class=\"bodytext\">&laquo;&nbsp;Nous sommes tr&egrave;s heureux de recevoir le prix climatique de la ville d&rsquo;Aarau&nbsp;&raquo;, a d&eacute;clar&eacute; Marc Ritter, CEO d&rsquo;AEW, cit&eacute; dans le communiqu&eacute;. &laquo;&nbsp;Certes, nous n&rsquo;avons pas encore mis en &oelig;uvre tout ce qui est pr&eacute;vu avec la gestion de la mobilit&eacute;, mais cette distinction rend hommage &agrave; ce qui a &eacute;t&eacute; fait jusqu&rsquo;&agrave; pr&eacute;sent, et nous consid&eacute;rons le prix climatique re&ccedil;u comme une grande motivation pour continuer &agrave; poursuivre r&eacute;solument nos objectifs en mati&egrave;re de CO2&nbsp;&raquo;<\/p>\n","protected":false},"excerpt":{"rendered":"<p>AEW Energie a remport\u00e9 cette ann\u00e9e le prix climatique de la ville d&rsquo;Aarau. Le prestataire de services \u00e9nerg\u00e9tiques a \u00e9t\u00e9 r\u00e9compens\u00e9 pour ses mesures en faveur d&rsquo;une gestion durable de la mobilit\u00e9.<\/p>\n","protected":false},"author":2,"featured_media":32871,"comment_status":"open","ping_status":"open","sticky":false,"template":"","format":"standard","meta":{"pmpro_default_level":"0","inline_featured_image":false,"_monsterinsights_skip_tracking":false,"footnotes":""},"categories":[8747,743],"tags":[12424,835,36562,2199,44339,44340,2776],"class_list":["post-74314","post","type-post","status-publish","format-standard","has-post-thumbnail","hentry","category-energie","category-immonews-fr","tag-auszeichnung-fr","tag-energie-fr","tag-energiedienstleistung-fr","tag-klima-fr","tag-klimapreis-fr","tag-mobilitaetsmanagement-fr","tag-unternehmen-fr","pmpro-has-access"],"acf":{"bild_mit_ki_erstellt_worden":[],"lead":"AEW Energie a remport\u00e9 cette ann\u00e9e le prix climatique de la ville d'Aarau. Le prestataire de services \u00e9nerg\u00e9tiques a \u00e9t\u00e9 r\u00e9compens\u00e9 pour ses mesures en faveur d'une gestion durable de la mobilit\u00e9.","autor":"ce\/hs\u00a0","ort":"Aarau ","bildunterschrift":"","bild_im_grid":false,"gallerie":"","newsim":""},"aioseo_notices":[],"aioseo_head":"\n\t\t<!-- All in One SEO 5.0.1.1 - aioseo.com -->\n\t<meta name=\"description\" content=\"AEW Energie a remport\u00e9 cette ann\u00e9e le prix climatique de la ville d&#039;Aarau. Le prestataire de services \u00e9nerg\u00e9tiques a \u00e9t\u00e9 r\u00e9compens\u00e9 pour ses mesures en faveur d&#039;une gestion durable de la mobilit\u00e9.\" \/>\n\t<meta name=\"robots\" content=\"max-image-preview:large\" \/>\n\t<meta name=\"author\" content=\"immovestuser\"\/>\n\t<meta name=\"google-site-verification\" content=\"fHJKvgWpZCR2zVBHWfkQeFXC11qieUSff0HGNYfuyLA\" \/>\n\t<link rel=\"canonical\" href=\"https:\/\/www.immo-invest.ch\/fr\/aarauer-klimapreis-geht-an-aew-energie-ag\/\" \/>\n\t<meta name=\"generator\" content=\"All in One SEO (AIOSEO) 5.0.1.1\" \/>\n\t\t<meta property=\"og:locale\" content=\"fr_FR\" \/>\n\t\t<meta property=\"og:site_name\" content=\"immo!nvest - Die Plattform f\u00fcr Standorte und Immobilien - Die\u00a0Plattform f\u00fcr Standorte und Immobilien\" \/>\n\t\t<meta property=\"og:type\" content=\"article\" \/>\n\t\t<meta property=\"og:title\" content=\"Le prix climatique d\u2019Aarau est d\u00e9cern\u00e9 \u00e0 AEW Energie AG - immo!nvest - Die Plattform f\u00fcr Standorte und Immobilien\" \/>\n\t\t<meta property=\"og:description\" content=\"AEW Energie a remport\u00e9 cette ann\u00e9e le prix climatique de la ville d&#039;Aarau. Le prestataire de services \u00e9nerg\u00e9tiques a \u00e9t\u00e9 r\u00e9compens\u00e9 pour ses mesures en faveur d&#039;une gestion durable de la mobilit\u00e9.\" \/>\n\t\t<meta property=\"og:url\" content=\"https:\/\/www.immo-invest.ch\/fr\/aarauer-klimapreis-geht-an-aew-energie-ag\/\" \/>\n\t\t<meta property=\"og:image\" content=\"https:\/\/www.immo-invest.ch\/wp-content\/uploads\/2022\/02\/Klima_3.jpg\" \/>\n\t\t<meta property=\"og:image:secure_url\" content=\"https:\/\/www.immo-invest.ch\/wp-content\/uploads\/2022\/02\/Klima_3.jpg\" \/>\n\t\t<meta property=\"og:image:width\" content=\"1200\" \/>\n\t\t<meta property=\"og:image:height\" content=\"720\" \/>\n\t\t<meta property=\"article:published_time\" content=\"2024-02-05T07:39:43+00:00\" \/>\n\t\t<meta property=\"article:modified_time\" content=\"2024-02-05T07:50:45+00:00\" \/>\n\t\t<meta property=\"article:publisher\" content=\"https:\/\/www.facebook.com\/people\/Immoinvest\/100077962920504\/\" \/>\n\t\t<meta name=\"twitter:card\" content=\"summary_large_image\" \/>\n\t\t<meta name=\"twitter:site\" content=\"@i\" \/>\n\t\t<meta name=\"twitter:title\" content=\"Le prix climatique d\u2019Aarau est d\u00e9cern\u00e9 \u00e0 AEW Energie AG - immo!nvest - Die Plattform f\u00fcr Standorte und Immobilien\" \/>\n\t\t<meta name=\"twitter:description\" content=\"AEW Energie a remport\u00e9 cette ann\u00e9e le prix climatique de la ville d&#039;Aarau. Le prestataire de services \u00e9nerg\u00e9tiques a \u00e9t\u00e9 r\u00e9compens\u00e9 pour ses mesures en faveur d&#039;une gestion durable de la mobilit\u00e9.\" \/>\n\t\t<meta name=\"twitter:creator\" content=\"@i\" \/>\n\t\t<meta name=\"twitter:image\" content=\"https:\/\/www.immo-invest.ch\/wp-content\/uploads\/2022\/02\/Klima_3.jpg\" \/>\n\t\t<script type=\"application\/ld+json\" class=\"aioseo-schema\">\n\t\t\t{\"@context\":\"https:\\\/\\\/schema.org\",\"@graph\":[{\"@type\":\"BlogPosting\",\"@id\":\"https:\\\/\\\/www.immo-invest.ch\\\/fr\\\/aarauer-klimapreis-geht-an-aew-energie-ag\\\/#blogposting\",\"name\":\"Le prix climatique d\\u2019Aarau est d\\u00e9cern\\u00e9 \\u00e0 AEW Energie AG - immo!nvest - Die Plattform f\\u00fcr Standorte und Immobilien\",\"headline\":\"Le prix climatique d&rsquo;Aarau est d\\u00e9cern\\u00e9 \\u00e0 AEW Energie AG\",\"author\":{\"@id\":\"https:\\\/\\\/www.immo-invest.ch\\\/fr\\\/author\\\/immovestuser\\\/#author\"},\"publisher\":{\"@id\":\"https:\\\/\\\/www.immo-invest.ch\\\/fr\\\/#organization\"},\"image\":{\"@type\":\"ImageObject\",\"url\":\"https:\\\/\\\/www.immo-invest.ch\\\/wp-content\\\/uploads\\\/2022\\\/02\\\/Klima_3.jpg\",\"width\":1200,\"height\":720},\"datePublished\":\"2024-02-05T08:39:43+01:00\",\"dateModified\":\"2024-02-05T08:50:45+01:00\",\"inLanguage\":\"fr-FR\",\"mainEntityOfPage\":{\"@id\":\"https:\\\/\\\/www.immo-invest.ch\\\/fr\\\/aarauer-klimapreis-geht-an-aew-energie-ag\\\/#webpage\"},\"isPartOf\":{\"@id\":\"https:\\\/\\\/www.immo-invest.ch\\\/fr\\\/aarauer-klimapreis-geht-an-aew-energie-ag\\\/#webpage\"},\"articleSection\":\"\\u00c9nergie, immoNews, Auszeichnung, Energie, energiedienstleistung, klima, Klimapreis, Mobilit\\u00e4tsmanagement, Unternehmen, Facultatif\"},{\"@type\":\"BreadcrumbList\",\"@id\":\"https:\\\/\\\/www.immo-invest.ch\\\/fr\\\/aarauer-klimapreis-geht-an-aew-energie-ag\\\/#breadcrumblist\",\"itemListElement\":[{\"@type\":\"ListItem\",\"@id\":\"https:\\\/\\\/www.immo-invest.ch\\\/fr\\\/#listItem\",\"position\":1,\"name\":\"Home\",\"item\":\"https:\\\/\\\/www.immo-invest.ch\\\/fr\\\/\",\"nextItem\":{\"@type\":\"ListItem\",\"@id\":\"https:\\\/\\\/www.immo-invest.ch\\\/fr\\\/categories\\\/immonews-fr\\\/#listItem\",\"name\":\"immoNews\"}},{\"@type\":\"ListItem\",\"@id\":\"https:\\\/\\\/www.immo-invest.ch\\\/fr\\\/categories\\\/immonews-fr\\\/#listItem\",\"position\":2,\"name\":\"immoNews\",\"item\":\"https:\\\/\\\/www.immo-invest.ch\\\/fr\\\/categories\\\/immonews-fr\\\/\",\"nextItem\":{\"@type\":\"ListItem\",\"@id\":\"https:\\\/\\\/www.immo-invest.ch\\\/fr\\\/aarauer-klimapreis-geht-an-aew-energie-ag\\\/#listItem\",\"name\":\"Le prix climatique d&rsquo;Aarau est d\\u00e9cern\\u00e9 \\u00e0 AEW Energie AG\"},\"previousItem\":{\"@type\":\"ListItem\",\"@id\":\"https:\\\/\\\/www.immo-invest.ch\\\/fr\\\/#listItem\",\"name\":\"Home\"}},{\"@type\":\"ListItem\",\"@id\":\"https:\\\/\\\/www.immo-invest.ch\\\/fr\\\/aarauer-klimapreis-geht-an-aew-energie-ag\\\/#listItem\",\"position\":3,\"name\":\"Le prix climatique d&rsquo;Aarau est d\\u00e9cern\\u00e9 \\u00e0 AEW Energie AG\",\"previousItem\":{\"@type\":\"ListItem\",\"@id\":\"https:\\\/\\\/www.immo-invest.ch\\\/fr\\\/categories\\\/immonews-fr\\\/#listItem\",\"name\":\"immoNews\"}}]},{\"@type\":\"Organization\",\"@id\":\"https:\\\/\\\/www.immo-invest.ch\\\/fr\\\/#organization\",\"name\":\"immo!nvest - Die Plattform f\\u00fcr Standorte und Immobilien\",\"description\":\"Die\\u00a0Plattform f\\u00fcr Standorte und Immobilien\",\"url\":\"https:\\\/\\\/www.immo-invest.ch\\\/fr\\\/\",\"email\":\"admin@immomedia.ag\",\"telephone\":\"+41444420002\",\"logo\":{\"@type\":\"ImageObject\",\"url\":\"https:\\\/\\\/www.immo-invest.ch\\\/wp-content\\\/uploads\\\/2024\\\/09\\\/immoinvest_sm-scaled.jpg\",\"@id\":\"https:\\\/\\\/www.immo-invest.ch\\\/fr\\\/aarauer-klimapreis-geht-an-aew-energie-ag\\\/#organizationLogo\",\"width\":2560,\"height\":1340},\"image\":{\"@id\":\"https:\\\/\\\/www.immo-invest.ch\\\/fr\\\/aarauer-klimapreis-geht-an-aew-energie-ag\\\/#organizationLogo\"},\"sameAs\":[\"https:\\\/\\\/www.facebook.com\\\/people\\\/Immoinvest\\\/100077962920504\\\/\",\"https:\\\/\\\/x.com\\\/i\\\/flow\\\/login?redirect_after_login=immoinvest_ch\",\"https:\\\/\\\/www.instagram.com\\\/immoinvest_ch\\\/\",\"https:\\\/\\\/www.linkedin.com\\\/company\\\/immoinvest-swiss\"]},{\"@type\":\"Person\",\"@id\":\"https:\\\/\\\/www.immo-invest.ch\\\/fr\\\/author\\\/immovestuser\\\/#author\",\"url\":\"https:\\\/\\\/www.immo-invest.ch\\\/fr\\\/author\\\/immovestuser\\\/\",\"name\":\"immovestuser\",\"image\":{\"@type\":\"ImageObject\",\"@id\":\"https:\\\/\\\/www.immo-invest.ch\\\/fr\\\/aarauer-klimapreis-geht-an-aew-energie-ag\\\/#authorImage\",\"url\":\"https:\\\/\\\/secure.gravatar.com\\\/avatar\\\/8e01f4d99f2eeea7a362ebb93305e1172a70e9293ba250f897a65c39f54cdd1e?s=96&d=mm&r=g\",\"width\":96,\"height\":96,\"caption\":\"immovestuser\"}},{\"@type\":\"WebPage\",\"@id\":\"https:\\\/\\\/www.immo-invest.ch\\\/fr\\\/aarauer-klimapreis-geht-an-aew-energie-ag\\\/#webpage\",\"url\":\"https:\\\/\\\/www.immo-invest.ch\\\/fr\\\/aarauer-klimapreis-geht-an-aew-energie-ag\\\/\",\"name\":\"Le prix climatique d\\u2019Aarau est d\\u00e9cern\\u00e9 \\u00e0 AEW Energie AG - immo!nvest - Die Plattform f\\u00fcr Standorte und Immobilien\",\"description\":\"AEW Energie a remport\\u00e9 cette ann\\u00e9e le prix climatique de la ville d'Aarau. Le prestataire de services \\u00e9nerg\\u00e9tiques a \\u00e9t\\u00e9 r\\u00e9compens\\u00e9 pour ses mesures en faveur d'une gestion durable de la mobilit\\u00e9.\",\"inLanguage\":\"fr-FR\",\"isPartOf\":{\"@id\":\"https:\\\/\\\/www.immo-invest.ch\\\/fr\\\/#website\"},\"breadcrumb\":{\"@id\":\"https:\\\/\\\/www.immo-invest.ch\\\/fr\\\/aarauer-klimapreis-geht-an-aew-energie-ag\\\/#breadcrumblist\"},\"author\":{\"@id\":\"https:\\\/\\\/www.immo-invest.ch\\\/fr\\\/author\\\/immovestuser\\\/#author\"},\"creator\":{\"@id\":\"https:\\\/\\\/www.immo-invest.ch\\\/fr\\\/author\\\/immovestuser\\\/#author\"},\"image\":{\"@type\":\"ImageObject\",\"url\":\"https:\\\/\\\/www.immo-invest.ch\\\/wp-content\\\/uploads\\\/2022\\\/02\\\/Klima_3.jpg\",\"@id\":\"https:\\\/\\\/www.immo-invest.ch\\\/fr\\\/aarauer-klimapreis-geht-an-aew-energie-ag\\\/#mainImage\",\"width\":1200,\"height\":720},\"primaryImageOfPage\":{\"@id\":\"https:\\\/\\\/www.immo-invest.ch\\\/fr\\\/aarauer-klimapreis-geht-an-aew-energie-ag\\\/#mainImage\"},\"datePublished\":\"2024-02-05T08:39:43+01:00\",\"dateModified\":\"2024-02-05T08:50:45+01:00\"},{\"@type\":\"WebSite\",\"@id\":\"https:\\\/\\\/www.immo-invest.ch\\\/fr\\\/#website\",\"url\":\"https:\\\/\\\/www.immo-invest.ch\\\/fr\\\/\",\"name\":\"immo!nvest - Die Plattform f\\u00fcr Standorte und Immobilien\",\"description\":\"Die\\u00a0Plattform f\\u00fcr Standorte und Immobilien\",\"inLanguage\":\"fr-FR\",\"publisher\":{\"@id\":\"https:\\\/\\\/www.immo-invest.ch\\\/fr\\\/#organization\"}}]}\n\t\t<\/script>\n\t\t<!-- All in One SEO -->\n\n","aioseo_head_json":{"title":"Le prix climatique d\u2019Aarau est d\u00e9cern\u00e9 \u00e0 AEW Energie AG - immo!nvest - Die Plattform f\u00fcr Standorte und Immobilien","description":"AEW Energie a remport\u00e9 cette ann\u00e9e le prix climatique de la ville d'Aarau. Le prestataire de services \u00e9nerg\u00e9tiques a \u00e9t\u00e9 r\u00e9compens\u00e9 pour ses mesures en faveur d'une gestion durable de la mobilit\u00e9.","canonical_url":"https:\/\/www.immo-invest.ch\/fr\/aarauer-klimapreis-geht-an-aew-energie-ag\/","robots":"max-image-preview:large","keywords":"","webmasterTools":{"google-site-verification":"fHJKvgWpZCR2zVBHWfkQeFXC11qieUSff0HGNYfuyLA","miscellaneous":""},"schema":{"@context":"https:\/\/schema.org","@graph":[{"@type":"BlogPosting","@id":"https:\/\/www.immo-invest.ch\/fr\/aarauer-klimapreis-geht-an-aew-energie-ag\/#blogposting","name":"Le prix climatique d\u2019Aarau est d\u00e9cern\u00e9 \u00e0 AEW Energie AG - immo!nvest - Die Plattform f\u00fcr Standorte und Immobilien","headline":"Le prix climatique d&rsquo;Aarau est d\u00e9cern\u00e9 \u00e0 AEW Energie AG","author":{"@id":"https:\/\/www.immo-invest.ch\/fr\/author\/immovestuser\/#author"},"publisher":{"@id":"https:\/\/www.immo-invest.ch\/fr\/#organization"},"image":{"@type":"ImageObject","url":"https:\/\/www.immo-invest.ch\/wp-content\/uploads\/2022\/02\/Klima_3.jpg","width":1200,"height":720},"datePublished":"2024-02-05T08:39:43+01:00","dateModified":"2024-02-05T08:50:45+01:00","inLanguage":"fr-FR","mainEntityOfPage":{"@id":"https:\/\/www.immo-invest.ch\/fr\/aarauer-klimapreis-geht-an-aew-energie-ag\/#webpage"},"isPartOf":{"@id":"https:\/\/www.immo-invest.ch\/fr\/aarauer-klimapreis-geht-an-aew-energie-ag\/#webpage"},"articleSection":"\u00c9nergie, immoNews, Auszeichnung, Energie, energiedienstleistung, klima, Klimapreis, Mobilit\u00e4tsmanagement, Unternehmen, Facultatif"},{"@type":"BreadcrumbList","@id":"https:\/\/www.immo-invest.ch\/fr\/aarauer-klimapreis-geht-an-aew-energie-ag\/#breadcrumblist","itemListElement":[{"@type":"ListItem","@id":"https:\/\/www.immo-invest.ch\/fr\/#listItem","position":1,"name":"Home","item":"https:\/\/www.immo-invest.ch\/fr\/","nextItem":{"@type":"ListItem","@id":"https:\/\/www.immo-invest.ch\/fr\/categories\/immonews-fr\/#listItem","name":"immoNews"}},{"@type":"ListItem","@id":"https:\/\/www.immo-invest.ch\/fr\/categories\/immonews-fr\/#listItem","position":2,"name":"immoNews","item":"https:\/\/www.immo-invest.ch\/fr\/categories\/immonews-fr\/","nextItem":{"@type":"ListItem","@id":"https:\/\/www.immo-invest.ch\/fr\/aarauer-klimapreis-geht-an-aew-energie-ag\/#listItem","name":"Le prix climatique d&rsquo;Aarau est d\u00e9cern\u00e9 \u00e0 AEW Energie AG"},"previousItem":{"@type":"ListItem","@id":"https:\/\/www.immo-invest.ch\/fr\/#listItem","name":"Home"}},{"@type":"ListItem","@id":"https:\/\/www.immo-invest.ch\/fr\/aarauer-klimapreis-geht-an-aew-energie-ag\/#listItem","position":3,"name":"Le prix climatique d&rsquo;Aarau est d\u00e9cern\u00e9 \u00e0 AEW Energie AG","previousItem":{"@type":"ListItem","@id":"https:\/\/www.immo-invest.ch\/fr\/categories\/immonews-fr\/#listItem","name":"immoNews"}}]},{"@type":"Organization","@id":"https:\/\/www.immo-invest.ch\/fr\/#organization","name":"immo!nvest - Die Plattform f\u00fcr Standorte und Immobilien","description":"Die\u00a0Plattform f\u00fcr Standorte und Immobilien","url":"https:\/\/www.immo-invest.ch\/fr\/","email":"admin@immomedia.ag","telephone":"+41444420002","logo":{"@type":"ImageObject","url":"https:\/\/www.immo-invest.ch\/wp-content\/uploads\/2024\/09\/immoinvest_sm-scaled.jpg","@id":"https:\/\/www.immo-invest.ch\/fr\/aarauer-klimapreis-geht-an-aew-energie-ag\/#organizationLogo","width":2560,"height":1340},"image":{"@id":"https:\/\/www.immo-invest.ch\/fr\/aarauer-klimapreis-geht-an-aew-energie-ag\/#organizationLogo"},"sameAs":["https:\/\/www.facebook.com\/people\/Immoinvest\/100077962920504\/","https:\/\/x.com\/i\/flow\/login?redirect_after_login=immoinvest_ch","https:\/\/www.instagram.com\/immoinvest_ch\/","https:\/\/www.linkedin.com\/company\/immoinvest-swiss"]},{"@type":"Person","@id":"https:\/\/www.immo-invest.ch\/fr\/author\/immovestuser\/#author","url":"https:\/\/www.immo-invest.ch\/fr\/author\/immovestuser\/","name":"immovestuser","image":{"@type":"ImageObject","@id":"https:\/\/www.immo-invest.ch\/fr\/aarauer-klimapreis-geht-an-aew-energie-ag\/#authorImage","url":"https:\/\/secure.gravatar.com\/avatar\/8e01f4d99f2eeea7a362ebb93305e1172a70e9293ba250f897a65c39f54cdd1e?s=96&d=mm&r=g","width":96,"height":96,"caption":"immovestuser"}},{"@type":"WebPage","@id":"https:\/\/www.immo-invest.ch\/fr\/aarauer-klimapreis-geht-an-aew-energie-ag\/#webpage","url":"https:\/\/www.immo-invest.ch\/fr\/aarauer-klimapreis-geht-an-aew-energie-ag\/","name":"Le prix climatique d\u2019Aarau est d\u00e9cern\u00e9 \u00e0 AEW Energie AG - immo!nvest - Die Plattform f\u00fcr Standorte und Immobilien","description":"AEW Energie a remport\u00e9 cette ann\u00e9e le prix climatique de la ville d'Aarau. Le prestataire de services \u00e9nerg\u00e9tiques a \u00e9t\u00e9 r\u00e9compens\u00e9 pour ses mesures en faveur d'une gestion durable de la mobilit\u00e9.","inLanguage":"fr-FR","isPartOf":{"@id":"https:\/\/www.immo-invest.ch\/fr\/#website"},"breadcrumb":{"@id":"https:\/\/www.immo-invest.ch\/fr\/aarauer-klimapreis-geht-an-aew-energie-ag\/#breadcrumblist"},"author":{"@id":"https:\/\/www.immo-invest.ch\/fr\/author\/immovestuser\/#author"},"creator":{"@id":"https:\/\/www.immo-invest.ch\/fr\/author\/immovestuser\/#author"},"image":{"@type":"ImageObject","url":"https:\/\/www.immo-invest.ch\/wp-content\/uploads\/2022\/02\/Klima_3.jpg","@id":"https:\/\/www.immo-invest.ch\/fr\/aarauer-klimapreis-geht-an-aew-energie-ag\/#mainImage","width":1200,"height":720},"primaryImageOfPage":{"@id":"https:\/\/www.immo-invest.ch\/fr\/aarauer-klimapreis-geht-an-aew-energie-ag\/#mainImage"},"datePublished":"2024-02-05T08:39:43+01:00","dateModified":"2024-02-05T08:50:45+01:00"},{"@type":"WebSite","@id":"https:\/\/www.immo-invest.ch\/fr\/#website","url":"https:\/\/www.immo-invest.ch\/fr\/","name":"immo!nvest - Die Plattform f\u00fcr Standorte und Immobilien","description":"Die\u00a0Plattform f\u00fcr Standorte und Immobilien","inLanguage":"fr-FR","publisher":{"@id":"https:\/\/www.immo-invest.ch\/fr\/#organization"}}]},"og:locale":"fr_FR","og:site_name":"immo!nvest - Die Plattform f\u00fcr Standorte und Immobilien - Die\u00a0Plattform f\u00fcr Standorte und Immobilien","og:type":"article","og:title":"Le prix climatique d\u2019Aarau est d\u00e9cern\u00e9 \u00e0 AEW Energie AG - immo!nvest - Die Plattform f\u00fcr Standorte und Immobilien","og:description":"AEW Energie a remport\u00e9 cette ann\u00e9e le prix climatique de la ville d'Aarau. Le prestataire de services \u00e9nerg\u00e9tiques a \u00e9t\u00e9 r\u00e9compens\u00e9 pour ses mesures en faveur d'une gestion durable de la mobilit\u00e9.","og:url":"https:\/\/www.immo-invest.ch\/fr\/aarauer-klimapreis-geht-an-aew-energie-ag\/","og:image":"https:\/\/www.immo-invest.ch\/wp-content\/uploads\/2022\/02\/Klima_3.jpg","og:image:secure_url":"https:\/\/www.immo-invest.ch\/wp-content\/uploads\/2022\/02\/Klima_3.jpg","og:image:width":1200,"og:image:height":720,"article:published_time":"2024-02-05T07:39:43+00:00","article:modified_time":"2024-02-05T07:50:45+00:00","article:publisher":"https:\/\/www.facebook.com\/people\/Immoinvest\/100077962920504\/","twitter:card":"summary_large_image","twitter:site":"@i","twitter:title":"Le prix climatique d\u2019Aarau est d\u00e9cern\u00e9 \u00e0 AEW Energie AG - immo!nvest - Die Plattform f\u00fcr Standorte und Immobilien","twitter:description":"AEW Energie a remport\u00e9 cette ann\u00e9e le prix climatique de la ville d'Aarau. Le prestataire de services \u00e9nerg\u00e9tiques a \u00e9t\u00e9 r\u00e9compens\u00e9 pour ses mesures en faveur d'une gestion durable de la mobilit\u00e9.","twitter:creator":"@i","twitter:image":"https:\/\/www.immo-invest.ch\/wp-content\/uploads\/2022\/02\/Klima_3.jpg"},"aioseo_meta_data":{"post_id":"74314","title":null,"description":null,"keywords":null,"keyphrases":null,"primary_term":null,"canonical_url":null,"og_title":null,"og_description":null,"og_object_type":"default","og_image_type":"default","og_image_url":null,"og_image_width":null,"og_image_height":null,"og_image_custom_url":null,"og_image_custom_fields":null,"og_video":null,"og_custom_url":null,"og_article_section":null,"og_article_tags":null,"twitter_use_og":false,"twitter_card":"default","twitter_image_type":"default","twitter_image_url":null,"twitter_image_custom_url":null,"twitter_image_custom_fields":null,"twitter_title":null,"twitter_description":null,"schema":{"blockGraphs":[],"customGraphs":[],"default":{"data":{"Article":[],"Course":[],"Dataset":[],"FAQPage":[],"Movie":[],"Person":[],"Product":[],"ProductReview":[],"Car":[],"Recipe":[],"Service":[],"SoftwareApplication":[],"WebPage":[]},"graphName":"","isEnabled":true},"graphs":[]},"schema_type":"default","schema_type_options":null,"pillar_content":false,"robots_default":true,"robots_noindex":false,"robots_noarchive":false,"robots_nosnippet":false,"robots_nofollow":false,"robots_noimageindex":false,"robots_noodp":false,"robots_notranslate":false,"robots_max_snippet":null,"robots_max_videopreview":null,"robots_max_imagepreview":"large","priority":null,"frequency":null,"local_seo":null,"breadcrumb_settings":null,"limit_modified_date":false,"ai":null,"created":"2024-09-20 15:15:57","updated":"2025-10-23 21:13:14","seo_analyzer_scan_date":null,"focus_keyword":null,"additional_keywords":null,"truseo_locale":null},"aioseo_breadcrumb":"<div class=\"aioseo-breadcrumbs\"><span class=\"aioseo-breadcrumb\">\n\t\t\t<a href=\"https:\/\/www.immo-invest.ch\/fr\/\" title=\"Home\">Home<\/a>\n\t\t<\/span><span class=\"aioseo-breadcrumb-separator\">&raquo;<\/span><span class=\"aioseo-breadcrumb\">\n\t\t\t<a href=\"https:\/\/www.immo-invest.ch\/fr\/categories\/immonews-fr\/\" title=\"immoNews\">immoNews<\/a>\n\t\t<\/span><span class=\"aioseo-breadcrumb-separator\">&raquo;<\/span><span class=\"aioseo-breadcrumb\">\n\t\t\tLe prix climatique d\u2019Aarau est d\u00e9cern\u00e9 \u00e0 AEW Energie AG\n\t\t<\/span><\/div>","aioseo_breadcrumb_json":[{"label":"Home","link":"https:\/\/www.immo-invest.ch\/fr\/"},{"label":"immoNews","link":"https:\/\/www.immo-invest.ch\/fr\/categories\/immonews-fr\/"},{"label":"Le prix climatique d&rsquo;Aarau est d\u00e9cern\u00e9 \u00e0 AEW Energie AG","link":"https:\/\/www.immo-invest.ch\/fr\/aarauer-klimapreis-geht-an-aew-energie-ag\/"}],"featured_image_src":"https:\/\/www.immo-invest.ch\/wp-content\/uploads\/2022\/02\/Klima_3-336x168.jpg","_links":{"self":[{"href":"https:\/\/www.immo-invest.ch\/fr\/wp-json\/wp\/v2\/posts\/74314","targetHints":{"allow":["GET"]}}],"collection":[{"href":"https:\/\/www.immo-invest.ch\/fr\/wp-json\/wp\/v2\/posts"}],"about":[{"href":"https:\/\/www.immo-invest.ch\/fr\/wp-json\/wp\/v2\/types\/post"}],"author":[{"embeddable":true,"href":"https:\/\/www.immo-invest.ch\/fr\/wp-json\/wp\/v2\/users\/2"}],"replies":[{"embeddable":true,"href":"https:\/\/www.immo-invest.ch\/fr\/wp-json\/wp\/v2\/comments?post=74314"}],"version-history":[{"count":0,"href":"https:\/\/www.immo-invest.ch\/fr\/wp-json\/wp\/v2\/posts\/74314\/revisions"}],"wp:featuredmedia":[{"embeddable":true,"href":"https:\/\/www.immo-invest.ch\/fr\/wp-json\/wp\/v2\/media\/32871"}],"wp:attachment":[{"href":"https:\/\/www.immo-invest.ch\/fr\/wp-json\/wp\/v2\/media?parent=74314"}],"wp:term":[{"taxonomy":"category","embeddable":true,"href":"https:\/\/www.immo-invest.ch\/fr\/wp-json\/wp\/v2\/categories?post=74314"},{"taxonomy":"post_tag","embeddable":true,"href":"https:\/\/www.immo-invest.ch\/fr\/wp-json\/wp\/v2\/tags?post=74314"}],"curies":[{"name":"wp","href":"https:\/\/api.w.org\/{rel}","templated":true}]}}