{"id":73229,"date":"2024-01-25T14:00:00","date_gmt":"2024-01-25T13:00:00","guid":{"rendered":"https:\/\/www.immo-invest.ch\/?p=73229"},"modified":"2024-01-25T13:57:58","modified_gmt":"2024-01-25T12:57:58","slug":"ewn-verzichtet-auf-alpine-solaranlagen","status":"publish","type":"post","link":"https:\/\/www.immo-invest.ch\/fr\/ewn-verzichtet-auf-alpine-solaranlagen\/","title":{"rendered":"EWN renonce aux installations solaires alpines"},"content":{"rendered":"<p class=\"bodytext\">L&rsquo;entreprise cantonale d&rsquo;&eacute;lectricit&eacute; de Nidwald<a href=\"https:\/\/www.ewn.ch\" target=\"_blank\" rel=\"noopener\">(EWN<\/a>) a examin&eacute; six sites au total dans sa zone d&rsquo;approvisionnement afin de d&eacute;terminer s&rsquo;ils se pr&ecirc;taient &agrave; la construction d&rsquo;installations solaires alpines. Dans un premier temps, deux sites ont &eacute;t&eacute; jug&eacute;s appropri&eacute;s.<\/p>\n<p class=\"bodytext\">Des &eacute;tudes approfondies ont toutefois r&eacute;v&eacute;l&eacute; que l&rsquo;escarpement du terrain sur les deux sites posait des d&eacute;fis particuliers pour la construction et le financement des installations, &eacute;crit EWN dans un <a href=\"https:\/\/www.ewn.ch\/news\/2024\/alpine-solaranlagen-projekte-sistiert\" target=\"_blank\" rel=\"noopener\">communiqu&eacute;<\/a>. EWN fait r&eacute;f&eacute;rence &agrave; la pression de la neige, aux avalanches, aux processus de glissement et aux &eacute;ventuelles chutes de pierres. D&rsquo;&eacute;ventuelles mesures de protection auraient &eacute;t&eacute; si co&ucirc;teuses que les installations n&rsquo;auraient plus &eacute;t&eacute; rentables.<\/p>\n<p class=\"bodytext\">EWN renonce donc pour l&rsquo;instant &agrave; poursuivre les deux projets. Si les conditions g&eacute;n&eacute;rales devaient changer, ils pourraient &ecirc;tre r&eacute;activ&eacute;s.<\/p>\n<p class=\"bodytext\">EWN exploite notamment la centrale hydro&eacute;lectrique de Dallenwil et une installation solaire sur le L&auml;nderpark de Stans. En outre, elle participe &agrave; <a href=\"https:\/\/www.repower.com\/ch\/infrastruktur\/repartner-produktions-ag\" target=\"_blank\" rel=\"noopener\">Repartner Produktions AG<\/a>, une entreprise commune de <a href=\"https:\/\/www.repower.com\/\" target=\"_blank\" rel=\"noopener\">Repower<\/a> et d&rsquo;autres fournisseurs d&rsquo;&eacute;nergie r&eacute;gionaux pour une participation commune &agrave; des projets d&rsquo;&eacute;nergie renouvelable.<\/p>\n","protected":false},"excerpt":{"rendered":"<p>L&rsquo;entreprise cantonale d&rsquo;\u00e9lectricit\u00e9 de Nidwald (EWN) ne poursuivra pas les projets de construction d&rsquo;installations solaires alpines. L&rsquo;entreprise a examin\u00e9 deux sites possibles. Le terrain escarp\u00e9 pose des d\u00e9fis trop importants pour la construction et le financement des installations.<\/p>\n","protected":false},"author":2,"featured_media":6846,"comment_status":"open","ping_status":"open","sticky":false,"template":"","format":"standard","meta":{"pmpro_default_level":"0","inline_featured_image":false,"_monsterinsights_skip_tracking":false,"footnotes":""},"categories":[8747,743],"tags":[831,2209,2280,835,2155,4313],"class_list":["post-73229","post","type-post","status-publish","format-standard","has-post-thumbnail","hentry","category-energie","category-immonews-fr","tag-alpen-fr","tag-bauwesen-fr","tag-elektrizitaet-fr","tag-energie-fr","tag-erneuerbareenergien-fr","tag-solaranlagen-fr","pmpro-has-access"],"acf":{"bild_mit_ki_erstellt_worden":[],"lead":"L'entreprise cantonale d'\u00e9lectricit\u00e9 de Nidwald (EWN) ne poursuivra pas les projets de construction d'installations solaires alpines. L'entreprise a examin\u00e9 deux sites possibles. Le terrain escarp\u00e9 pose des d\u00e9fis trop importants pour la construction et le financement des installations.","autor":"ce\/stk","ort":"Oberdorf NW ","bildunterschrift":"","bild_im_grid":false,"gallerie":"","newsim":""},"aioseo_notices":[],"aioseo_head":"\n\t\t<!-- All in One SEO 5.0.1.1 - aioseo.com -->\n\t<meta name=\"description\" content=\"L&#039;entreprise cantonale d&#039;\u00e9lectricit\u00e9 de Nidwald (EWN) ne poursuivra pas les projets de construction d&#039;installations solaires alpines. L&#039;entreprise a examin\u00e9 deux sites possibles. Le terrain escarp\u00e9 pose des d\u00e9fis trop importants pour la construction et le financement des installations.\" \/>\n\t<meta name=\"robots\" content=\"max-image-preview:large\" \/>\n\t<meta name=\"author\" content=\"immovestuser\"\/>\n\t<meta name=\"google-site-verification\" content=\"fHJKvgWpZCR2zVBHWfkQeFXC11qieUSff0HGNYfuyLA\" \/>\n\t<link rel=\"canonical\" href=\"https:\/\/www.immo-invest.ch\/fr\/ewn-verzichtet-auf-alpine-solaranlagen\/\" \/>\n\t<meta name=\"generator\" content=\"All in One SEO (AIOSEO) 5.0.1.1\" \/>\n\t\t<meta property=\"og:locale\" content=\"fr_FR\" \/>\n\t\t<meta property=\"og:site_name\" content=\"immo!nvest - Die Plattform f\u00fcr Standorte und Immobilien - Die\u00a0Plattform f\u00fcr Standorte und Immobilien\" \/>\n\t\t<meta property=\"og:type\" content=\"article\" \/>\n\t\t<meta property=\"og:title\" content=\"EWN renonce aux installations solaires alpines - immo!nvest - Die Plattform f\u00fcr Standorte und Immobilien\" \/>\n\t\t<meta property=\"og:description\" content=\"L&#039;entreprise cantonale d&#039;\u00e9lectricit\u00e9 de Nidwald (EWN) ne poursuivra pas les projets de construction d&#039;installations solaires alpines. L&#039;entreprise a examin\u00e9 deux sites possibles. Le terrain escarp\u00e9 pose des d\u00e9fis trop importants pour la construction et le financement des installations.\" \/>\n\t\t<meta property=\"og:url\" content=\"https:\/\/www.immo-invest.ch\/fr\/ewn-verzichtet-auf-alpine-solaranlagen\/\" \/>\n\t\t<meta property=\"og:image\" content=\"https:\/\/www.immo-invest.ch\/wp-content\/uploads\/2020\/05\/energie_9-1.png\" \/>\n\t\t<meta property=\"og:image:secure_url\" content=\"https:\/\/www.immo-invest.ch\/wp-content\/uploads\/2020\/05\/energie_9-1.png\" \/>\n\t\t<meta property=\"og:image:width\" content=\"1200\" \/>\n\t\t<meta property=\"og:image:height\" content=\"628\" \/>\n\t\t<meta property=\"article:published_time\" content=\"2024-01-25T13:00:00+00:00\" \/>\n\t\t<meta property=\"article:modified_time\" content=\"2024-01-25T12:57:58+00:00\" \/>\n\t\t<meta property=\"article:publisher\" content=\"https:\/\/www.facebook.com\/people\/Immoinvest\/100077962920504\/\" \/>\n\t\t<meta name=\"twitter:card\" content=\"summary_large_image\" \/>\n\t\t<meta name=\"twitter:site\" content=\"@i\" \/>\n\t\t<meta name=\"twitter:title\" content=\"EWN renonce aux installations solaires alpines - immo!nvest - Die Plattform f\u00fcr Standorte und Immobilien\" \/>\n\t\t<meta name=\"twitter:description\" content=\"L&#039;entreprise cantonale d&#039;\u00e9lectricit\u00e9 de Nidwald (EWN) ne poursuivra pas les projets de construction d&#039;installations solaires alpines. L&#039;entreprise a examin\u00e9 deux sites possibles. Le terrain escarp\u00e9 pose des d\u00e9fis trop importants pour la construction et le financement des installations.\" \/>\n\t\t<meta name=\"twitter:creator\" content=\"@i\" \/>\n\t\t<meta name=\"twitter:image\" content=\"https:\/\/www.immo-invest.ch\/wp-content\/uploads\/2020\/05\/energie_9-1.png\" \/>\n\t\t<script type=\"application\/ld+json\" class=\"aioseo-schema\">\n\t\t\t{\"@context\":\"https:\\\/\\\/schema.org\",\"@graph\":[{\"@type\":\"BlogPosting\",\"@id\":\"https:\\\/\\\/www.immo-invest.ch\\\/fr\\\/ewn-verzichtet-auf-alpine-solaranlagen\\\/#blogposting\",\"name\":\"EWN renonce aux installations solaires alpines - immo!nvest - Die Plattform f\\u00fcr Standorte und Immobilien\",\"headline\":\"EWN renonce aux installations solaires alpines\",\"author\":{\"@id\":\"https:\\\/\\\/www.immo-invest.ch\\\/fr\\\/author\\\/immovestuser\\\/#author\"},\"publisher\":{\"@id\":\"https:\\\/\\\/www.immo-invest.ch\\\/fr\\\/#organization\"},\"image\":{\"@type\":\"ImageObject\",\"url\":\"https:\\\/\\\/www.immo-invest.ch\\\/wp-content\\\/uploads\\\/2020\\\/05\\\/energie_9-1.png\",\"width\":1200,\"height\":628},\"datePublished\":\"2024-01-25T14:00:00+01:00\",\"dateModified\":\"2024-01-25T13:57:58+01:00\",\"inLanguage\":\"fr-FR\",\"mainEntityOfPage\":{\"@id\":\"https:\\\/\\\/www.immo-invest.ch\\\/fr\\\/ewn-verzichtet-auf-alpine-solaranlagen\\\/#webpage\"},\"isPartOf\":{\"@id\":\"https:\\\/\\\/www.immo-invest.ch\\\/fr\\\/ewn-verzichtet-auf-alpine-solaranlagen\\\/#webpage\"},\"articleSection\":\"\\u00c9nergie, immoNews, Alpen, Bauwesen, elektrizit\\u00e4t, Energie, ErneuerbareEnergien, Solaranlagen, Facultatif\"},{\"@type\":\"BreadcrumbList\",\"@id\":\"https:\\\/\\\/www.immo-invest.ch\\\/fr\\\/ewn-verzichtet-auf-alpine-solaranlagen\\\/#breadcrumblist\",\"itemListElement\":[{\"@type\":\"ListItem\",\"@id\":\"https:\\\/\\\/www.immo-invest.ch\\\/fr\\\/#listItem\",\"position\":1,\"name\":\"Home\",\"item\":\"https:\\\/\\\/www.immo-invest.ch\\\/fr\\\/\",\"nextItem\":{\"@type\":\"ListItem\",\"@id\":\"https:\\\/\\\/www.immo-invest.ch\\\/fr\\\/categories\\\/immonews-fr\\\/#listItem\",\"name\":\"immoNews\"}},{\"@type\":\"ListItem\",\"@id\":\"https:\\\/\\\/www.immo-invest.ch\\\/fr\\\/categories\\\/immonews-fr\\\/#listItem\",\"position\":2,\"name\":\"immoNews\",\"item\":\"https:\\\/\\\/www.immo-invest.ch\\\/fr\\\/categories\\\/immonews-fr\\\/\",\"nextItem\":{\"@type\":\"ListItem\",\"@id\":\"https:\\\/\\\/www.immo-invest.ch\\\/fr\\\/ewn-verzichtet-auf-alpine-solaranlagen\\\/#listItem\",\"name\":\"EWN renonce aux installations solaires alpines\"},\"previousItem\":{\"@type\":\"ListItem\",\"@id\":\"https:\\\/\\\/www.immo-invest.ch\\\/fr\\\/#listItem\",\"name\":\"Home\"}},{\"@type\":\"ListItem\",\"@id\":\"https:\\\/\\\/www.immo-invest.ch\\\/fr\\\/ewn-verzichtet-auf-alpine-solaranlagen\\\/#listItem\",\"position\":3,\"name\":\"EWN renonce aux installations solaires alpines\",\"previousItem\":{\"@type\":\"ListItem\",\"@id\":\"https:\\\/\\\/www.immo-invest.ch\\\/fr\\\/categories\\\/immonews-fr\\\/#listItem\",\"name\":\"immoNews\"}}]},{\"@type\":\"Organization\",\"@id\":\"https:\\\/\\\/www.immo-invest.ch\\\/fr\\\/#organization\",\"name\":\"immo!nvest - Die Plattform f\\u00fcr Standorte und Immobilien\",\"description\":\"Die\\u00a0Plattform f\\u00fcr Standorte und Immobilien\",\"url\":\"https:\\\/\\\/www.immo-invest.ch\\\/fr\\\/\",\"email\":\"admin@immomedia.ag\",\"telephone\":\"+41444420002\",\"logo\":{\"@type\":\"ImageObject\",\"url\":\"https:\\\/\\\/www.immo-invest.ch\\\/wp-content\\\/uploads\\\/2024\\\/09\\\/immoinvest_sm-scaled.jpg\",\"@id\":\"https:\\\/\\\/www.immo-invest.ch\\\/fr\\\/ewn-verzichtet-auf-alpine-solaranlagen\\\/#organizationLogo\",\"width\":2560,\"height\":1340},\"image\":{\"@id\":\"https:\\\/\\\/www.immo-invest.ch\\\/fr\\\/ewn-verzichtet-auf-alpine-solaranlagen\\\/#organizationLogo\"},\"sameAs\":[\"https:\\\/\\\/www.facebook.com\\\/people\\\/Immoinvest\\\/100077962920504\\\/\",\"https:\\\/\\\/x.com\\\/i\\\/flow\\\/login?redirect_after_login=immoinvest_ch\",\"https:\\\/\\\/www.instagram.com\\\/immoinvest_ch\\\/\",\"https:\\\/\\\/www.linkedin.com\\\/company\\\/immoinvest-swiss\"]},{\"@type\":\"Person\",\"@id\":\"https:\\\/\\\/www.immo-invest.ch\\\/fr\\\/author\\\/immovestuser\\\/#author\",\"url\":\"https:\\\/\\\/www.immo-invest.ch\\\/fr\\\/author\\\/immovestuser\\\/\",\"name\":\"immovestuser\",\"image\":{\"@type\":\"ImageObject\",\"@id\":\"https:\\\/\\\/www.immo-invest.ch\\\/fr\\\/ewn-verzichtet-auf-alpine-solaranlagen\\\/#authorImage\",\"url\":\"https:\\\/\\\/secure.gravatar.com\\\/avatar\\\/8e01f4d99f2eeea7a362ebb93305e1172a70e9293ba250f897a65c39f54cdd1e?s=96&d=mm&r=g\",\"width\":96,\"height\":96,\"caption\":\"immovestuser\"}},{\"@type\":\"WebPage\",\"@id\":\"https:\\\/\\\/www.immo-invest.ch\\\/fr\\\/ewn-verzichtet-auf-alpine-solaranlagen\\\/#webpage\",\"url\":\"https:\\\/\\\/www.immo-invest.ch\\\/fr\\\/ewn-verzichtet-auf-alpine-solaranlagen\\\/\",\"name\":\"EWN renonce aux installations solaires alpines - immo!nvest - Die Plattform f\\u00fcr Standorte und Immobilien\",\"description\":\"L'entreprise cantonale d'\\u00e9lectricit\\u00e9 de Nidwald (EWN) ne poursuivra pas les projets de construction d'installations solaires alpines. L'entreprise a examin\\u00e9 deux sites possibles. Le terrain escarp\\u00e9 pose des d\\u00e9fis trop importants pour la construction et le financement des installations.\",\"inLanguage\":\"fr-FR\",\"isPartOf\":{\"@id\":\"https:\\\/\\\/www.immo-invest.ch\\\/fr\\\/#website\"},\"breadcrumb\":{\"@id\":\"https:\\\/\\\/www.immo-invest.ch\\\/fr\\\/ewn-verzichtet-auf-alpine-solaranlagen\\\/#breadcrumblist\"},\"author\":{\"@id\":\"https:\\\/\\\/www.immo-invest.ch\\\/fr\\\/author\\\/immovestuser\\\/#author\"},\"creator\":{\"@id\":\"https:\\\/\\\/www.immo-invest.ch\\\/fr\\\/author\\\/immovestuser\\\/#author\"},\"image\":{\"@type\":\"ImageObject\",\"url\":\"https:\\\/\\\/www.immo-invest.ch\\\/wp-content\\\/uploads\\\/2020\\\/05\\\/energie_9-1.png\",\"@id\":\"https:\\\/\\\/www.immo-invest.ch\\\/fr\\\/ewn-verzichtet-auf-alpine-solaranlagen\\\/#mainImage\",\"width\":1200,\"height\":628},\"primaryImageOfPage\":{\"@id\":\"https:\\\/\\\/www.immo-invest.ch\\\/fr\\\/ewn-verzichtet-auf-alpine-solaranlagen\\\/#mainImage\"},\"datePublished\":\"2024-01-25T14:00:00+01:00\",\"dateModified\":\"2024-01-25T13:57:58+01:00\"},{\"@type\":\"WebSite\",\"@id\":\"https:\\\/\\\/www.immo-invest.ch\\\/fr\\\/#website\",\"url\":\"https:\\\/\\\/www.immo-invest.ch\\\/fr\\\/\",\"name\":\"immo!nvest - Die Plattform f\\u00fcr Standorte und Immobilien\",\"description\":\"Die\\u00a0Plattform f\\u00fcr Standorte und Immobilien\",\"inLanguage\":\"fr-FR\",\"publisher\":{\"@id\":\"https:\\\/\\\/www.immo-invest.ch\\\/fr\\\/#organization\"}}]}\n\t\t<\/script>\n\t\t<!-- All in One SEO -->\n\n","aioseo_head_json":{"title":"EWN renonce aux installations solaires alpines - immo!nvest - Die Plattform f\u00fcr Standorte und Immobilien","description":"L'entreprise cantonale d'\u00e9lectricit\u00e9 de Nidwald (EWN) ne poursuivra pas les projets de construction d'installations solaires alpines. L'entreprise a examin\u00e9 deux sites possibles. Le terrain escarp\u00e9 pose des d\u00e9fis trop importants pour la construction et le financement des installations.","canonical_url":"https:\/\/www.immo-invest.ch\/fr\/ewn-verzichtet-auf-alpine-solaranlagen\/","robots":"max-image-preview:large","keywords":"","webmasterTools":{"google-site-verification":"fHJKvgWpZCR2zVBHWfkQeFXC11qieUSff0HGNYfuyLA","miscellaneous":""},"schema":{"@context":"https:\/\/schema.org","@graph":[{"@type":"BlogPosting","@id":"https:\/\/www.immo-invest.ch\/fr\/ewn-verzichtet-auf-alpine-solaranlagen\/#blogposting","name":"EWN renonce aux installations solaires alpines - immo!nvest - Die Plattform f\u00fcr Standorte und Immobilien","headline":"EWN renonce aux installations solaires alpines","author":{"@id":"https:\/\/www.immo-invest.ch\/fr\/author\/immovestuser\/#author"},"publisher":{"@id":"https:\/\/www.immo-invest.ch\/fr\/#organization"},"image":{"@type":"ImageObject","url":"https:\/\/www.immo-invest.ch\/wp-content\/uploads\/2020\/05\/energie_9-1.png","width":1200,"height":628},"datePublished":"2024-01-25T14:00:00+01:00","dateModified":"2024-01-25T13:57:58+01:00","inLanguage":"fr-FR","mainEntityOfPage":{"@id":"https:\/\/www.immo-invest.ch\/fr\/ewn-verzichtet-auf-alpine-solaranlagen\/#webpage"},"isPartOf":{"@id":"https:\/\/www.immo-invest.ch\/fr\/ewn-verzichtet-auf-alpine-solaranlagen\/#webpage"},"articleSection":"\u00c9nergie, immoNews, Alpen, Bauwesen, elektrizit\u00e4t, Energie, ErneuerbareEnergien, Solaranlagen, Facultatif"},{"@type":"BreadcrumbList","@id":"https:\/\/www.immo-invest.ch\/fr\/ewn-verzichtet-auf-alpine-solaranlagen\/#breadcrumblist","itemListElement":[{"@type":"ListItem","@id":"https:\/\/www.immo-invest.ch\/fr\/#listItem","position":1,"name":"Home","item":"https:\/\/www.immo-invest.ch\/fr\/","nextItem":{"@type":"ListItem","@id":"https:\/\/www.immo-invest.ch\/fr\/categories\/immonews-fr\/#listItem","name":"immoNews"}},{"@type":"ListItem","@id":"https:\/\/www.immo-invest.ch\/fr\/categories\/immonews-fr\/#listItem","position":2,"name":"immoNews","item":"https:\/\/www.immo-invest.ch\/fr\/categories\/immonews-fr\/","nextItem":{"@type":"ListItem","@id":"https:\/\/www.immo-invest.ch\/fr\/ewn-verzichtet-auf-alpine-solaranlagen\/#listItem","name":"EWN renonce aux installations solaires alpines"},"previousItem":{"@type":"ListItem","@id":"https:\/\/www.immo-invest.ch\/fr\/#listItem","name":"Home"}},{"@type":"ListItem","@id":"https:\/\/www.immo-invest.ch\/fr\/ewn-verzichtet-auf-alpine-solaranlagen\/#listItem","position":3,"name":"EWN renonce aux installations solaires alpines","previousItem":{"@type":"ListItem","@id":"https:\/\/www.immo-invest.ch\/fr\/categories\/immonews-fr\/#listItem","name":"immoNews"}}]},{"@type":"Organization","@id":"https:\/\/www.immo-invest.ch\/fr\/#organization","name":"immo!nvest - Die Plattform f\u00fcr Standorte und Immobilien","description":"Die\u00a0Plattform f\u00fcr Standorte und Immobilien","url":"https:\/\/www.immo-invest.ch\/fr\/","email":"admin@immomedia.ag","telephone":"+41444420002","logo":{"@type":"ImageObject","url":"https:\/\/www.immo-invest.ch\/wp-content\/uploads\/2024\/09\/immoinvest_sm-scaled.jpg","@id":"https:\/\/www.immo-invest.ch\/fr\/ewn-verzichtet-auf-alpine-solaranlagen\/#organizationLogo","width":2560,"height":1340},"image":{"@id":"https:\/\/www.immo-invest.ch\/fr\/ewn-verzichtet-auf-alpine-solaranlagen\/#organizationLogo"},"sameAs":["https:\/\/www.facebook.com\/people\/Immoinvest\/100077962920504\/","https:\/\/x.com\/i\/flow\/login?redirect_after_login=immoinvest_ch","https:\/\/www.instagram.com\/immoinvest_ch\/","https:\/\/www.linkedin.com\/company\/immoinvest-swiss"]},{"@type":"Person","@id":"https:\/\/www.immo-invest.ch\/fr\/author\/immovestuser\/#author","url":"https:\/\/www.immo-invest.ch\/fr\/author\/immovestuser\/","name":"immovestuser","image":{"@type":"ImageObject","@id":"https:\/\/www.immo-invest.ch\/fr\/ewn-verzichtet-auf-alpine-solaranlagen\/#authorImage","url":"https:\/\/secure.gravatar.com\/avatar\/8e01f4d99f2eeea7a362ebb93305e1172a70e9293ba250f897a65c39f54cdd1e?s=96&d=mm&r=g","width":96,"height":96,"caption":"immovestuser"}},{"@type":"WebPage","@id":"https:\/\/www.immo-invest.ch\/fr\/ewn-verzichtet-auf-alpine-solaranlagen\/#webpage","url":"https:\/\/www.immo-invest.ch\/fr\/ewn-verzichtet-auf-alpine-solaranlagen\/","name":"EWN renonce aux installations solaires alpines - immo!nvest - Die Plattform f\u00fcr Standorte und Immobilien","description":"L'entreprise cantonale d'\u00e9lectricit\u00e9 de Nidwald (EWN) ne poursuivra pas les projets de construction d'installations solaires alpines. L'entreprise a examin\u00e9 deux sites possibles. Le terrain escarp\u00e9 pose des d\u00e9fis trop importants pour la construction et le financement des installations.","inLanguage":"fr-FR","isPartOf":{"@id":"https:\/\/www.immo-invest.ch\/fr\/#website"},"breadcrumb":{"@id":"https:\/\/www.immo-invest.ch\/fr\/ewn-verzichtet-auf-alpine-solaranlagen\/#breadcrumblist"},"author":{"@id":"https:\/\/www.immo-invest.ch\/fr\/author\/immovestuser\/#author"},"creator":{"@id":"https:\/\/www.immo-invest.ch\/fr\/author\/immovestuser\/#author"},"image":{"@type":"ImageObject","url":"https:\/\/www.immo-invest.ch\/wp-content\/uploads\/2020\/05\/energie_9-1.png","@id":"https:\/\/www.immo-invest.ch\/fr\/ewn-verzichtet-auf-alpine-solaranlagen\/#mainImage","width":1200,"height":628},"primaryImageOfPage":{"@id":"https:\/\/www.immo-invest.ch\/fr\/ewn-verzichtet-auf-alpine-solaranlagen\/#mainImage"},"datePublished":"2024-01-25T14:00:00+01:00","dateModified":"2024-01-25T13:57:58+01:00"},{"@type":"WebSite","@id":"https:\/\/www.immo-invest.ch\/fr\/#website","url":"https:\/\/www.immo-invest.ch\/fr\/","name":"immo!nvest - Die Plattform f\u00fcr Standorte und Immobilien","description":"Die\u00a0Plattform f\u00fcr Standorte und Immobilien","inLanguage":"fr-FR","publisher":{"@id":"https:\/\/www.immo-invest.ch\/fr\/#organization"}}]},"og:locale":"fr_FR","og:site_name":"immo!nvest - Die Plattform f\u00fcr Standorte und Immobilien - Die\u00a0Plattform f\u00fcr Standorte und Immobilien","og:type":"article","og:title":"EWN renonce aux installations solaires alpines - immo!nvest - Die Plattform f\u00fcr Standorte und Immobilien","og:description":"L'entreprise cantonale d'\u00e9lectricit\u00e9 de Nidwald (EWN) ne poursuivra pas les projets de construction d'installations solaires alpines. L'entreprise a examin\u00e9 deux sites possibles. Le terrain escarp\u00e9 pose des d\u00e9fis trop importants pour la construction et le financement des installations.","og:url":"https:\/\/www.immo-invest.ch\/fr\/ewn-verzichtet-auf-alpine-solaranlagen\/","og:image":"https:\/\/www.immo-invest.ch\/wp-content\/uploads\/2020\/05\/energie_9-1.png","og:image:secure_url":"https:\/\/www.immo-invest.ch\/wp-content\/uploads\/2020\/05\/energie_9-1.png","og:image:width":1200,"og:image:height":628,"article:published_time":"2024-01-25T13:00:00+00:00","article:modified_time":"2024-01-25T12:57:58+00:00","article:publisher":"https:\/\/www.facebook.com\/people\/Immoinvest\/100077962920504\/","twitter:card":"summary_large_image","twitter:site":"@i","twitter:title":"EWN renonce aux installations solaires alpines - immo!nvest - Die Plattform f\u00fcr Standorte und Immobilien","twitter:description":"L'entreprise cantonale d'\u00e9lectricit\u00e9 de Nidwald (EWN) ne poursuivra pas les projets de construction d'installations solaires alpines. L'entreprise a examin\u00e9 deux sites possibles. Le terrain escarp\u00e9 pose des d\u00e9fis trop importants pour la construction et le financement des installations.","twitter:creator":"@i","twitter:image":"https:\/\/www.immo-invest.ch\/wp-content\/uploads\/2020\/05\/energie_9-1.png"},"aioseo_meta_data":{"post_id":"73229","title":null,"description":null,"keywords":null,"keyphrases":null,"primary_term":null,"canonical_url":null,"og_title":null,"og_description":null,"og_object_type":"default","og_image_type":"default","og_image_url":null,"og_image_width":null,"og_image_height":null,"og_image_custom_url":null,"og_image_custom_fields":null,"og_video":null,"og_custom_url":null,"og_article_section":null,"og_article_tags":null,"twitter_use_og":false,"twitter_card":"default","twitter_image_type":"default","twitter_image_url":null,"twitter_image_custom_url":null,"twitter_image_custom_fields":null,"twitter_title":null,"twitter_description":null,"schema":{"blockGraphs":[],"customGraphs":[],"default":{"data":{"Article":[],"Course":[],"Dataset":[],"FAQPage":[],"Movie":[],"Person":[],"Product":[],"ProductReview":[],"Car":[],"Recipe":[],"Service":[],"SoftwareApplication":[],"WebPage":[]},"graphName":"","isEnabled":true},"graphs":[]},"schema_type":"default","schema_type_options":null,"pillar_content":false,"robots_default":true,"robots_noindex":false,"robots_noarchive":false,"robots_nosnippet":false,"robots_nofollow":false,"robots_noimageindex":false,"robots_noodp":false,"robots_notranslate":false,"robots_max_snippet":null,"robots_max_videopreview":null,"robots_max_imagepreview":"large","priority":null,"frequency":null,"local_seo":null,"breadcrumb_settings":null,"limit_modified_date":false,"ai":null,"created":"2024-09-20 14:52:51","updated":"2025-10-23 20:49:12","seo_analyzer_scan_date":null,"focus_keyword":null,"additional_keywords":null,"truseo_locale":null},"aioseo_breadcrumb":"<div class=\"aioseo-breadcrumbs\"><span class=\"aioseo-breadcrumb\">\n\t\t\t<a href=\"https:\/\/www.immo-invest.ch\/fr\/\" title=\"Home\">Home<\/a>\n\t\t<\/span><span class=\"aioseo-breadcrumb-separator\">&raquo;<\/span><span class=\"aioseo-breadcrumb\">\n\t\t\t<a href=\"https:\/\/www.immo-invest.ch\/fr\/categories\/immonews-fr\/\" title=\"immoNews\">immoNews<\/a>\n\t\t<\/span><span class=\"aioseo-breadcrumb-separator\">&raquo;<\/span><span class=\"aioseo-breadcrumb\">\n\t\t\tEWN renonce aux installations solaires alpines\n\t\t<\/span><\/div>","aioseo_breadcrumb_json":[{"label":"Home","link":"https:\/\/www.immo-invest.ch\/fr\/"},{"label":"immoNews","link":"https:\/\/www.immo-invest.ch\/fr\/categories\/immonews-fr\/"},{"label":"EWN renonce aux installations solaires alpines","link":"https:\/\/www.immo-invest.ch\/fr\/ewn-verzichtet-auf-alpine-solaranlagen\/"}],"featured_image_src":"https:\/\/www.immo-invest.ch\/wp-content\/uploads\/2020\/05\/energie_9-1-150x150.png","_links":{"self":[{"href":"https:\/\/www.immo-invest.ch\/fr\/wp-json\/wp\/v2\/posts\/73229","targetHints":{"allow":["GET"]}}],"collection":[{"href":"https:\/\/www.immo-invest.ch\/fr\/wp-json\/wp\/v2\/posts"}],"about":[{"href":"https:\/\/www.immo-invest.ch\/fr\/wp-json\/wp\/v2\/types\/post"}],"author":[{"embeddable":true,"href":"https:\/\/www.immo-invest.ch\/fr\/wp-json\/wp\/v2\/users\/2"}],"replies":[{"embeddable":true,"href":"https:\/\/www.immo-invest.ch\/fr\/wp-json\/wp\/v2\/comments?post=73229"}],"version-history":[{"count":0,"href":"https:\/\/www.immo-invest.ch\/fr\/wp-json\/wp\/v2\/posts\/73229\/revisions"}],"wp:featuredmedia":[{"embeddable":true,"href":"https:\/\/www.immo-invest.ch\/fr\/wp-json\/wp\/v2\/media\/6846"}],"wp:attachment":[{"href":"https:\/\/www.immo-invest.ch\/fr\/wp-json\/wp\/v2\/media?parent=73229"}],"wp:term":[{"taxonomy":"category","embeddable":true,"href":"https:\/\/www.immo-invest.ch\/fr\/wp-json\/wp\/v2\/categories?post=73229"},{"taxonomy":"post_tag","embeddable":true,"href":"https:\/\/www.immo-invest.ch\/fr\/wp-json\/wp\/v2\/tags?post=73229"}],"curies":[{"name":"wp","href":"https:\/\/api.w.org\/{rel}","templated":true}]}}