{"id":72596,"date":"2024-01-18T09:31:49","date_gmt":"2024-01-18T08:31:49","guid":{"rendered":"https:\/\/www.immo-invest.ch\/bfe-verleiht-energiepreis-watt-dor-2024\/"},"modified":"2024-01-18T10:58:56","modified_gmt":"2024-01-18T09:58:56","slug":"bfe-verleiht-energiepreis-watt-dor-2024","status":"publish","type":"post","link":"https:\/\/www.immo-invest.ch\/fr\/bfe-verleiht-energiepreis-watt-dor-2024\/","title":{"rendered":"L&rsquo;OFEN d\u00e9cerne le prix de l&rsquo;\u00e9nergie Watt d&rsquo;Or 2024"},"content":{"rendered":"<p class=\"bodytext\">Le prestigieux prix suisse de l&rsquo;&eacute;nergie Watt d&rsquo;Or sera d&eacute;cern&eacute; pour la 17e fois en 2024 par l&rsquo;Office f&eacute;d&eacute;ral de l&rsquo;&eacute;nergie<a href=\"https:\/\/www.bfe.admin.ch\/bfe\/de\/home.html\" target=\"_blank\" rel=\"noopener\">(OFEN<\/a>). Le prix existe dans trois domaines : Energies renouvelables, Technologies &eacute;nerg&eacute;tiques et mobilit&eacute; efficace sur le plan &eacute;nerg&eacute;tique et la cat&eacute;gorie B&acirc;timents et espace. Selon le <a href=\"https:\/\/www.admin.ch\/gov\/de\/start\/dokumentation\/medienmitteilungen.msg-id-99650.html\" target=\"_blank\" rel=\"noopener\">communiqu&eacute; de presse<\/a>, la c&eacute;r&eacute;monie de remise des prix aura lieu le jeudi 11 janvier au centre de congr&egrave;s Kursaal &agrave; Berne. Le troph&eacute;e du Watt d&rsquo;Or &ndash; une boule &agrave; neige &ndash; sera remis aux laur&eacute;ats par la conseill&egrave;re nationale Susanne Vincenz-Stauffacher.<\/p>\n<p class=\"bodytext\">Les gagnants de l&rsquo;ann&eacute;e 2024 dans la cat&eacute;gorie des technologies &eacute;nerg&eacute;tiques sont le fournisseur d&rsquo;&eacute;nergie <a href=\"https:\/\/www.aew.ch\/\" target=\"_blank\" rel=\"noopener\">AEW Energie AG<\/a>, bas&eacute; &agrave; Aarau, et l&rsquo;Ecole polytechnique<a href=\"https:\/\/ethz.ch\/de.html\" target=\"_blank\" rel=\"noopener\">f&eacute;d&eacute;rale<\/a> de Zurich<a href=\"https:\/\/ethz.ch\/de.html\" target=\"_blank\" rel=\"noopener\">(EPFZ<\/a>). Ils m&egrave;nent ensemble un projet pilote visant &agrave; trouver une solution intelligente pour le r&eacute;seau &eacute;lectrique. Dans ce cadre, le r&eacute;seau AEW est renforc&eacute; &laquo;&nbsp;virtuellement&nbsp;&raquo;, sans extension physique, jusqu&rsquo;&agrave; 10 pour cent.<\/p>\n<p class=\"bodytext\">Dans la cat&eacute;gorie des &eacute;nergies renouvelables, <a href=\"https:\/\/www.chamgroup.ch\/\" target=\"_blank\" rel=\"noopener\">Cham Group AG<\/a> est r&eacute;compens&eacute; avec <a href=\"https:\/\/awiag.ch\/\" target=\"_blank\" rel=\"noopener\">Andy Wickart Haustechnik AG<\/a>, <a href=\"https:\/\/alfacel.ch\/\" target=\"_blank\" rel=\"noopener\">Alfacel AG<\/a> et <a href=\"https:\/\/www.pom.ch\/de\/\" target=\"_blank\" rel=\"noopener\">pom+Consulting AG<\/a>. Un <span class=\"glossaryLink\" aria-describedby=\"tt\" data-cmtooltip=\"&lt;div class=glossaryItemTitle&gt;Quartier&lt;\/div&gt;&lt;div class=glossaryItemBody&gt;Amtliches, historisches, soziales oder stadtplanerisches Stadtviertel&lt;\/div&gt;\" data-mobile-support=\"0\" data-gt-translate-attributes='[{\"attribute\":\"data-cmtooltip\", \"format\":\"html\"}]' tabindex=\"0\" role=\"link\">quartier<\/span> climatiquement neutre, utilisant 100 pour cent d&rsquo;&eacute;nergie renouvelable, est en train de voir le jour &agrave; Cham.<\/p>\n<p class=\"bodytext\"><a href=\"https:\/\/www.clemap.com\/\" target=\"_blank\" rel=\"noopener\">CLEMAP AG<\/a> et <a href=\"https:\/\/www.ottofischer.ch\/\" target=\"_blank\" rel=\"noopener\">Otto Fischer AG<\/a> &ndash; tous deux de Zurich &ndash; re&ccedil;oivent le prix dans la cat&eacute;gorie Mobilit&eacute; efficace sur le plan &eacute;nerg&eacute;tique. Ils ont d&eacute;velopp&eacute; ensemble des infrastructures de recharge rentables utilisant la recharge solaire, ce qui permet d&rsquo;&eacute;viter l&rsquo;extension du r&eacute;seau.<\/p>\n<p class=\"bodytext\">L&rsquo;<a href=\"https:\/\/www.sekmaettmi.ch\/\" target=\"_blank\" rel=\"noopener\">&eacute;cole secondaire<\/a> de Knonau-Maschwanden-Mettmenstetten, en collaboration avec <a href=\"https:\/\/www.projekt-energiemanagement.com\/\" target=\"_blank\" rel=\"noopener\">Pro-Energie GmbH<\/a> d&rsquo;Eschlikon TG, a re&ccedil;u le prix d&rsquo;or dans la cat&eacute;gorie B&acirc;timent et espace. Le propri&eacute;taire Roger Balmer a d&eacute;velopp&eacute; la centrale &eacute;nerg&eacute;tique intelligente Hybridbox. Le complexe scolaire, qui comprend cinq b&acirc;timents et une piscine couverte, est climatiquement neutre et atteint une autosuffisance de 54 pour cent et de 70 pour cent pour l&rsquo;&eacute;lectricit&eacute; gr&acirc;ce &agrave; des installations photovolta&iuml;ques, des pompes &agrave; chaleur et un couplage chaleur-force.<\/p>\n","protected":false},"excerpt":{"rendered":"<p>Or. Nationalr\u00e4tin Susanne Vincenz-Stauffacher \u00fcberreicht die Preise im Kongresszentrum Kursaal in Bern.<\/p>\n","protected":false},"author":2,"featured_media":72589,"comment_status":"open","ping_status":"open","sticky":false,"template":"","format":"standard","meta":{"pmpro_default_level":"","inline_featured_image":false,"_monsterinsights_skip_tracking":false,"footnotes":""},"categories":[8747,743],"tags":[835,872,3931,2002],"class_list":["post-72596","post","type-post","status-publish","format-standard","has-post-thumbnail","hentry","category-energie","category-immonews-fr","tag-energie-fr","tag-immoinvest-fr","tag-immonews-fr","tag-news-fr","pmpro-has-access"],"acf":{"bild_mit_ki_erstellt_worden":[],"lead":"Bern - Das Bundesamt f\u00fcr Energie (BFE) verleiht zum 17. Mal den Schweizer Energiepreis Watt d'Or. Nationalr\u00e4tin Susanne Vincenz-Stauffacher \u00fcberreicht die Preise im Kongresszentrum Kursaal in Bern.","autor":"ce\/gba","ort":"Bern","bildunterschrift":"","bild_im_grid":false,"gallerie":"","newsim":""},"aioseo_notices":[],"aioseo_head":"\n\t\t<!-- All in One SEO 5.0.1.1 - aioseo.com -->\n\t<meta name=\"description\" content=\"Or. Nationalr\u00e4tin Susanne Vincenz-Stauffacher \u00fcberreicht die Preise im Kongresszentrum Kursaal in Bern.\" \/>\n\t<meta name=\"robots\" content=\"max-image-preview:large\" \/>\n\t<meta name=\"author\" content=\"immovestuser\"\/>\n\t<meta name=\"google-site-verification\" content=\"fHJKvgWpZCR2zVBHWfkQeFXC11qieUSff0HGNYfuyLA\" \/>\n\t<link rel=\"canonical\" href=\"https:\/\/www.immo-invest.ch\/fr\/bfe-verleiht-energiepreis-watt-dor-2024\/\" \/>\n\t<meta name=\"generator\" content=\"All in One SEO (AIOSEO) 5.0.1.1\" \/>\n\t\t<meta property=\"og:locale\" content=\"fr_FR\" \/>\n\t\t<meta property=\"og:site_name\" content=\"immo!nvest - Die Plattform f\u00fcr Standorte und Immobilien - Die\u00a0Plattform f\u00fcr Standorte und Immobilien\" \/>\n\t\t<meta property=\"og:type\" content=\"article\" \/>\n\t\t<meta property=\"og:title\" content=\"L\u2019OFEN d\u00e9cerne le prix de l\u2019\u00e9nergie Watt d\u2019Or 2024 - immo!nvest - Die Plattform f\u00fcr Standorte und Immobilien\" \/>\n\t\t<meta property=\"og:description\" content=\"Or. Nationalr\u00e4tin Susanne Vincenz-Stauffacher \u00fcberreicht die Preise im Kongresszentrum Kursaal in Bern.\" \/>\n\t\t<meta property=\"og:url\" content=\"https:\/\/www.immo-invest.ch\/fr\/bfe-verleiht-energiepreis-watt-dor-2024\/\" \/>\n\t\t<meta property=\"og:image\" content=\"https:\/\/www.immo-invest.ch\/wp-content\/uploads\/2024\/01\/DALL\u00b7E-2024-01-18-09.30.12-A-sophisticated-award-ceremony-scene-depicting-an-elegant-and-modern-stage-with-a-prominent-display-area-for-trophies.-The-atmosphere-is-celebratory.png\" \/>\n\t\t<meta property=\"og:image:secure_url\" content=\"https:\/\/www.immo-invest.ch\/wp-content\/uploads\/2024\/01\/DALL\u00b7E-2024-01-18-09.30.12-A-sophisticated-award-ceremony-scene-depicting-an-elegant-and-modern-stage-with-a-prominent-display-area-for-trophies.-The-atmosphere-is-celebratory.png\" \/>\n\t\t<meta property=\"og:image:width\" content=\"1792\" \/>\n\t\t<meta property=\"og:image:height\" content=\"1024\" \/>\n\t\t<meta property=\"article:published_time\" content=\"2024-01-18T08:31:49+00:00\" \/>\n\t\t<meta property=\"article:modified_time\" content=\"2024-01-18T09:58:56+00:00\" \/>\n\t\t<meta property=\"article:publisher\" content=\"https:\/\/www.facebook.com\/people\/Immoinvest\/100077962920504\/\" \/>\n\t\t<meta name=\"twitter:card\" content=\"summary_large_image\" \/>\n\t\t<meta name=\"twitter:site\" content=\"@i\" \/>\n\t\t<meta name=\"twitter:title\" content=\"L\u2019OFEN d\u00e9cerne le prix de l\u2019\u00e9nergie Watt d\u2019Or 2024 - immo!nvest - Die Plattform f\u00fcr Standorte und Immobilien\" \/>\n\t\t<meta name=\"twitter:description\" content=\"Or. Nationalr\u00e4tin Susanne Vincenz-Stauffacher \u00fcberreicht die Preise im Kongresszentrum Kursaal in Bern.\" \/>\n\t\t<meta name=\"twitter:creator\" content=\"@i\" \/>\n\t\t<meta name=\"twitter:image\" content=\"https:\/\/www.immo-invest.ch\/wp-content\/uploads\/2024\/01\/DALL\u00b7E-2024-01-18-09.30.12-A-sophisticated-award-ceremony-scene-depicting-an-elegant-and-modern-stage-with-a-prominent-display-area-for-trophies.-The-atmosphere-is-celebratory.png\" \/>\n\t\t<script type=\"application\/ld+json\" class=\"aioseo-schema\">\n\t\t\t{\"@context\":\"https:\\\/\\\/schema.org\",\"@graph\":[{\"@type\":\"BlogPosting\",\"@id\":\"https:\\\/\\\/www.immo-invest.ch\\\/fr\\\/bfe-verleiht-energiepreis-watt-dor-2024\\\/#blogposting\",\"name\":\"L\\u2019OFEN d\\u00e9cerne le prix de l\\u2019\\u00e9nergie Watt d\\u2019Or 2024 - immo!nvest - Die Plattform f\\u00fcr Standorte und Immobilien\",\"headline\":\"L&rsquo;OFEN d\\u00e9cerne le prix de l&rsquo;\\u00e9nergie Watt d&rsquo;Or 2024\",\"author\":{\"@id\":\"https:\\\/\\\/www.immo-invest.ch\\\/fr\\\/author\\\/immovestuser\\\/#author\"},\"publisher\":{\"@id\":\"https:\\\/\\\/www.immo-invest.ch\\\/fr\\\/#organization\"},\"image\":{\"@type\":\"ImageObject\",\"url\":\"https:\\\/\\\/www.immo-invest.ch\\\/wp-content\\\/uploads\\\/2024\\\/01\\\/DALL\\u00b7E-2024-01-18-09.30.12-A-sophisticated-award-ceremony-scene-depicting-an-elegant-and-modern-stage-with-a-prominent-display-area-for-trophies.-The-atmosphere-is-celebratory.png\",\"width\":1792,\"height\":1024},\"datePublished\":\"2024-01-18T09:31:49+01:00\",\"dateModified\":\"2024-01-18T10:58:56+01:00\",\"inLanguage\":\"fr-FR\",\"mainEntityOfPage\":{\"@id\":\"https:\\\/\\\/www.immo-invest.ch\\\/fr\\\/bfe-verleiht-energiepreis-watt-dor-2024\\\/#webpage\"},\"isPartOf\":{\"@id\":\"https:\\\/\\\/www.immo-invest.ch\\\/fr\\\/bfe-verleiht-energiepreis-watt-dor-2024\\\/#webpage\"},\"articleSection\":\"\\u00c9nergie, immoNews, Energie, Immoinvest, immoNews, News, Facultatif\"},{\"@type\":\"BreadcrumbList\",\"@id\":\"https:\\\/\\\/www.immo-invest.ch\\\/fr\\\/bfe-verleiht-energiepreis-watt-dor-2024\\\/#breadcrumblist\",\"itemListElement\":[{\"@type\":\"ListItem\",\"@id\":\"https:\\\/\\\/www.immo-invest.ch\\\/fr\\\/#listItem\",\"position\":1,\"name\":\"Home\",\"item\":\"https:\\\/\\\/www.immo-invest.ch\\\/fr\\\/\",\"nextItem\":{\"@type\":\"ListItem\",\"@id\":\"https:\\\/\\\/www.immo-invest.ch\\\/fr\\\/categories\\\/immonews-fr\\\/#listItem\",\"name\":\"immoNews\"}},{\"@type\":\"ListItem\",\"@id\":\"https:\\\/\\\/www.immo-invest.ch\\\/fr\\\/categories\\\/immonews-fr\\\/#listItem\",\"position\":2,\"name\":\"immoNews\",\"item\":\"https:\\\/\\\/www.immo-invest.ch\\\/fr\\\/categories\\\/immonews-fr\\\/\",\"nextItem\":{\"@type\":\"ListItem\",\"@id\":\"https:\\\/\\\/www.immo-invest.ch\\\/fr\\\/bfe-verleiht-energiepreis-watt-dor-2024\\\/#listItem\",\"name\":\"L&rsquo;OFEN d\\u00e9cerne le prix de l&rsquo;\\u00e9nergie Watt d&rsquo;Or 2024\"},\"previousItem\":{\"@type\":\"ListItem\",\"@id\":\"https:\\\/\\\/www.immo-invest.ch\\\/fr\\\/#listItem\",\"name\":\"Home\"}},{\"@type\":\"ListItem\",\"@id\":\"https:\\\/\\\/www.immo-invest.ch\\\/fr\\\/bfe-verleiht-energiepreis-watt-dor-2024\\\/#listItem\",\"position\":3,\"name\":\"L&rsquo;OFEN d\\u00e9cerne le prix de l&rsquo;\\u00e9nergie Watt d&rsquo;Or 2024\",\"previousItem\":{\"@type\":\"ListItem\",\"@id\":\"https:\\\/\\\/www.immo-invest.ch\\\/fr\\\/categories\\\/immonews-fr\\\/#listItem\",\"name\":\"immoNews\"}}]},{\"@type\":\"Organization\",\"@id\":\"https:\\\/\\\/www.immo-invest.ch\\\/fr\\\/#organization\",\"name\":\"immo!nvest - Die Plattform f\\u00fcr Standorte und Immobilien\",\"description\":\"Die\\u00a0Plattform f\\u00fcr Standorte und Immobilien\",\"url\":\"https:\\\/\\\/www.immo-invest.ch\\\/fr\\\/\",\"email\":\"admin@immomedia.ag\",\"telephone\":\"+41444420002\",\"logo\":{\"@type\":\"ImageObject\",\"url\":\"https:\\\/\\\/www.immo-invest.ch\\\/wp-content\\\/uploads\\\/2024\\\/09\\\/immoinvest_sm-scaled.jpg\",\"@id\":\"https:\\\/\\\/www.immo-invest.ch\\\/fr\\\/bfe-verleiht-energiepreis-watt-dor-2024\\\/#organizationLogo\",\"width\":2560,\"height\":1340},\"image\":{\"@id\":\"https:\\\/\\\/www.immo-invest.ch\\\/fr\\\/bfe-verleiht-energiepreis-watt-dor-2024\\\/#organizationLogo\"},\"sameAs\":[\"https:\\\/\\\/www.facebook.com\\\/people\\\/Immoinvest\\\/100077962920504\\\/\",\"https:\\\/\\\/x.com\\\/i\\\/flow\\\/login?redirect_after_login=immoinvest_ch\",\"https:\\\/\\\/www.instagram.com\\\/immoinvest_ch\\\/\",\"https:\\\/\\\/www.linkedin.com\\\/company\\\/immoinvest-swiss\"]},{\"@type\":\"Person\",\"@id\":\"https:\\\/\\\/www.immo-invest.ch\\\/fr\\\/author\\\/immovestuser\\\/#author\",\"url\":\"https:\\\/\\\/www.immo-invest.ch\\\/fr\\\/author\\\/immovestuser\\\/\",\"name\":\"immovestuser\",\"image\":{\"@type\":\"ImageObject\",\"@id\":\"https:\\\/\\\/www.immo-invest.ch\\\/fr\\\/bfe-verleiht-energiepreis-watt-dor-2024\\\/#authorImage\",\"url\":\"https:\\\/\\\/secure.gravatar.com\\\/avatar\\\/8e01f4d99f2eeea7a362ebb93305e1172a70e9293ba250f897a65c39f54cdd1e?s=96&d=mm&r=g\",\"width\":96,\"height\":96,\"caption\":\"immovestuser\"}},{\"@type\":\"WebPage\",\"@id\":\"https:\\\/\\\/www.immo-invest.ch\\\/fr\\\/bfe-verleiht-energiepreis-watt-dor-2024\\\/#webpage\",\"url\":\"https:\\\/\\\/www.immo-invest.ch\\\/fr\\\/bfe-verleiht-energiepreis-watt-dor-2024\\\/\",\"name\":\"L\\u2019OFEN d\\u00e9cerne le prix de l\\u2019\\u00e9nergie Watt d\\u2019Or 2024 - immo!nvest - Die Plattform f\\u00fcr Standorte und Immobilien\",\"description\":\"Or. Nationalr\\u00e4tin Susanne Vincenz-Stauffacher \\u00fcberreicht die Preise im Kongresszentrum Kursaal in Bern.\",\"inLanguage\":\"fr-FR\",\"isPartOf\":{\"@id\":\"https:\\\/\\\/www.immo-invest.ch\\\/fr\\\/#website\"},\"breadcrumb\":{\"@id\":\"https:\\\/\\\/www.immo-invest.ch\\\/fr\\\/bfe-verleiht-energiepreis-watt-dor-2024\\\/#breadcrumblist\"},\"author\":{\"@id\":\"https:\\\/\\\/www.immo-invest.ch\\\/fr\\\/author\\\/immovestuser\\\/#author\"},\"creator\":{\"@id\":\"https:\\\/\\\/www.immo-invest.ch\\\/fr\\\/author\\\/immovestuser\\\/#author\"},\"image\":{\"@type\":\"ImageObject\",\"url\":\"https:\\\/\\\/www.immo-invest.ch\\\/wp-content\\\/uploads\\\/2024\\\/01\\\/DALL\\u00b7E-2024-01-18-09.30.12-A-sophisticated-award-ceremony-scene-depicting-an-elegant-and-modern-stage-with-a-prominent-display-area-for-trophies.-The-atmosphere-is-celebratory.png\",\"@id\":\"https:\\\/\\\/www.immo-invest.ch\\\/fr\\\/bfe-verleiht-energiepreis-watt-dor-2024\\\/#mainImage\",\"width\":1792,\"height\":1024},\"primaryImageOfPage\":{\"@id\":\"https:\\\/\\\/www.immo-invest.ch\\\/fr\\\/bfe-verleiht-energiepreis-watt-dor-2024\\\/#mainImage\"},\"datePublished\":\"2024-01-18T09:31:49+01:00\",\"dateModified\":\"2024-01-18T10:58:56+01:00\"},{\"@type\":\"WebSite\",\"@id\":\"https:\\\/\\\/www.immo-invest.ch\\\/fr\\\/#website\",\"url\":\"https:\\\/\\\/www.immo-invest.ch\\\/fr\\\/\",\"name\":\"immo!nvest - Die Plattform f\\u00fcr Standorte und Immobilien\",\"description\":\"Die\\u00a0Plattform f\\u00fcr Standorte und Immobilien\",\"inLanguage\":\"fr-FR\",\"publisher\":{\"@id\":\"https:\\\/\\\/www.immo-invest.ch\\\/fr\\\/#organization\"}}]}\n\t\t<\/script>\n\t\t<!-- All in One SEO -->\n\n","aioseo_head_json":{"title":"L\u2019OFEN d\u00e9cerne le prix de l\u2019\u00e9nergie Watt d\u2019Or 2024 - immo!nvest - Die Plattform f\u00fcr Standorte und Immobilien","description":"Or. Nationalr\u00e4tin Susanne Vincenz-Stauffacher \u00fcberreicht die Preise im Kongresszentrum Kursaal in Bern.","canonical_url":"https:\/\/www.immo-invest.ch\/fr\/bfe-verleiht-energiepreis-watt-dor-2024\/","robots":"max-image-preview:large","keywords":"","webmasterTools":{"google-site-verification":"fHJKvgWpZCR2zVBHWfkQeFXC11qieUSff0HGNYfuyLA","miscellaneous":""},"schema":{"@context":"https:\/\/schema.org","@graph":[{"@type":"BlogPosting","@id":"https:\/\/www.immo-invest.ch\/fr\/bfe-verleiht-energiepreis-watt-dor-2024\/#blogposting","name":"L\u2019OFEN d\u00e9cerne le prix de l\u2019\u00e9nergie Watt d\u2019Or 2024 - immo!nvest - Die Plattform f\u00fcr Standorte und Immobilien","headline":"L&rsquo;OFEN d\u00e9cerne le prix de l&rsquo;\u00e9nergie Watt d&rsquo;Or 2024","author":{"@id":"https:\/\/www.immo-invest.ch\/fr\/author\/immovestuser\/#author"},"publisher":{"@id":"https:\/\/www.immo-invest.ch\/fr\/#organization"},"image":{"@type":"ImageObject","url":"https:\/\/www.immo-invest.ch\/wp-content\/uploads\/2024\/01\/DALL\u00b7E-2024-01-18-09.30.12-A-sophisticated-award-ceremony-scene-depicting-an-elegant-and-modern-stage-with-a-prominent-display-area-for-trophies.-The-atmosphere-is-celebratory.png","width":1792,"height":1024},"datePublished":"2024-01-18T09:31:49+01:00","dateModified":"2024-01-18T10:58:56+01:00","inLanguage":"fr-FR","mainEntityOfPage":{"@id":"https:\/\/www.immo-invest.ch\/fr\/bfe-verleiht-energiepreis-watt-dor-2024\/#webpage"},"isPartOf":{"@id":"https:\/\/www.immo-invest.ch\/fr\/bfe-verleiht-energiepreis-watt-dor-2024\/#webpage"},"articleSection":"\u00c9nergie, immoNews, Energie, Immoinvest, immoNews, News, Facultatif"},{"@type":"BreadcrumbList","@id":"https:\/\/www.immo-invest.ch\/fr\/bfe-verleiht-energiepreis-watt-dor-2024\/#breadcrumblist","itemListElement":[{"@type":"ListItem","@id":"https:\/\/www.immo-invest.ch\/fr\/#listItem","position":1,"name":"Home","item":"https:\/\/www.immo-invest.ch\/fr\/","nextItem":{"@type":"ListItem","@id":"https:\/\/www.immo-invest.ch\/fr\/categories\/immonews-fr\/#listItem","name":"immoNews"}},{"@type":"ListItem","@id":"https:\/\/www.immo-invest.ch\/fr\/categories\/immonews-fr\/#listItem","position":2,"name":"immoNews","item":"https:\/\/www.immo-invest.ch\/fr\/categories\/immonews-fr\/","nextItem":{"@type":"ListItem","@id":"https:\/\/www.immo-invest.ch\/fr\/bfe-verleiht-energiepreis-watt-dor-2024\/#listItem","name":"L&rsquo;OFEN d\u00e9cerne le prix de l&rsquo;\u00e9nergie Watt d&rsquo;Or 2024"},"previousItem":{"@type":"ListItem","@id":"https:\/\/www.immo-invest.ch\/fr\/#listItem","name":"Home"}},{"@type":"ListItem","@id":"https:\/\/www.immo-invest.ch\/fr\/bfe-verleiht-energiepreis-watt-dor-2024\/#listItem","position":3,"name":"L&rsquo;OFEN d\u00e9cerne le prix de l&rsquo;\u00e9nergie Watt d&rsquo;Or 2024","previousItem":{"@type":"ListItem","@id":"https:\/\/www.immo-invest.ch\/fr\/categories\/immonews-fr\/#listItem","name":"immoNews"}}]},{"@type":"Organization","@id":"https:\/\/www.immo-invest.ch\/fr\/#organization","name":"immo!nvest - Die Plattform f\u00fcr Standorte und Immobilien","description":"Die\u00a0Plattform f\u00fcr Standorte und Immobilien","url":"https:\/\/www.immo-invest.ch\/fr\/","email":"admin@immomedia.ag","telephone":"+41444420002","logo":{"@type":"ImageObject","url":"https:\/\/www.immo-invest.ch\/wp-content\/uploads\/2024\/09\/immoinvest_sm-scaled.jpg","@id":"https:\/\/www.immo-invest.ch\/fr\/bfe-verleiht-energiepreis-watt-dor-2024\/#organizationLogo","width":2560,"height":1340},"image":{"@id":"https:\/\/www.immo-invest.ch\/fr\/bfe-verleiht-energiepreis-watt-dor-2024\/#organizationLogo"},"sameAs":["https:\/\/www.facebook.com\/people\/Immoinvest\/100077962920504\/","https:\/\/x.com\/i\/flow\/login?redirect_after_login=immoinvest_ch","https:\/\/www.instagram.com\/immoinvest_ch\/","https:\/\/www.linkedin.com\/company\/immoinvest-swiss"]},{"@type":"Person","@id":"https:\/\/www.immo-invest.ch\/fr\/author\/immovestuser\/#author","url":"https:\/\/www.immo-invest.ch\/fr\/author\/immovestuser\/","name":"immovestuser","image":{"@type":"ImageObject","@id":"https:\/\/www.immo-invest.ch\/fr\/bfe-verleiht-energiepreis-watt-dor-2024\/#authorImage","url":"https:\/\/secure.gravatar.com\/avatar\/8e01f4d99f2eeea7a362ebb93305e1172a70e9293ba250f897a65c39f54cdd1e?s=96&d=mm&r=g","width":96,"height":96,"caption":"immovestuser"}},{"@type":"WebPage","@id":"https:\/\/www.immo-invest.ch\/fr\/bfe-verleiht-energiepreis-watt-dor-2024\/#webpage","url":"https:\/\/www.immo-invest.ch\/fr\/bfe-verleiht-energiepreis-watt-dor-2024\/","name":"L\u2019OFEN d\u00e9cerne le prix de l\u2019\u00e9nergie Watt d\u2019Or 2024 - immo!nvest - Die Plattform f\u00fcr Standorte und Immobilien","description":"Or. Nationalr\u00e4tin Susanne Vincenz-Stauffacher \u00fcberreicht die Preise im Kongresszentrum Kursaal in Bern.","inLanguage":"fr-FR","isPartOf":{"@id":"https:\/\/www.immo-invest.ch\/fr\/#website"},"breadcrumb":{"@id":"https:\/\/www.immo-invest.ch\/fr\/bfe-verleiht-energiepreis-watt-dor-2024\/#breadcrumblist"},"author":{"@id":"https:\/\/www.immo-invest.ch\/fr\/author\/immovestuser\/#author"},"creator":{"@id":"https:\/\/www.immo-invest.ch\/fr\/author\/immovestuser\/#author"},"image":{"@type":"ImageObject","url":"https:\/\/www.immo-invest.ch\/wp-content\/uploads\/2024\/01\/DALL\u00b7E-2024-01-18-09.30.12-A-sophisticated-award-ceremony-scene-depicting-an-elegant-and-modern-stage-with-a-prominent-display-area-for-trophies.-The-atmosphere-is-celebratory.png","@id":"https:\/\/www.immo-invest.ch\/fr\/bfe-verleiht-energiepreis-watt-dor-2024\/#mainImage","width":1792,"height":1024},"primaryImageOfPage":{"@id":"https:\/\/www.immo-invest.ch\/fr\/bfe-verleiht-energiepreis-watt-dor-2024\/#mainImage"},"datePublished":"2024-01-18T09:31:49+01:00","dateModified":"2024-01-18T10:58:56+01:00"},{"@type":"WebSite","@id":"https:\/\/www.immo-invest.ch\/fr\/#website","url":"https:\/\/www.immo-invest.ch\/fr\/","name":"immo!nvest - Die Plattform f\u00fcr Standorte und Immobilien","description":"Die\u00a0Plattform f\u00fcr Standorte und Immobilien","inLanguage":"fr-FR","publisher":{"@id":"https:\/\/www.immo-invest.ch\/fr\/#organization"}}]},"og:locale":"fr_FR","og:site_name":"immo!nvest - Die Plattform f\u00fcr Standorte und Immobilien - Die\u00a0Plattform f\u00fcr Standorte und Immobilien","og:type":"article","og:title":"L\u2019OFEN d\u00e9cerne le prix de l\u2019\u00e9nergie Watt d\u2019Or 2024 - immo!nvest - Die Plattform f\u00fcr Standorte und Immobilien","og:description":"Or. Nationalr\u00e4tin Susanne Vincenz-Stauffacher \u00fcberreicht die Preise im Kongresszentrum Kursaal in Bern.","og:url":"https:\/\/www.immo-invest.ch\/fr\/bfe-verleiht-energiepreis-watt-dor-2024\/","og:image":"https:\/\/www.immo-invest.ch\/wp-content\/uploads\/2024\/01\/DALL\u00b7E-2024-01-18-09.30.12-A-sophisticated-award-ceremony-scene-depicting-an-elegant-and-modern-stage-with-a-prominent-display-area-for-trophies.-The-atmosphere-is-celebratory.png","og:image:secure_url":"https:\/\/www.immo-invest.ch\/wp-content\/uploads\/2024\/01\/DALL\u00b7E-2024-01-18-09.30.12-A-sophisticated-award-ceremony-scene-depicting-an-elegant-and-modern-stage-with-a-prominent-display-area-for-trophies.-The-atmosphere-is-celebratory.png","og:image:width":1792,"og:image:height":1024,"article:published_time":"2024-01-18T08:31:49+00:00","article:modified_time":"2024-01-18T09:58:56+00:00","article:publisher":"https:\/\/www.facebook.com\/people\/Immoinvest\/100077962920504\/","twitter:card":"summary_large_image","twitter:site":"@i","twitter:title":"L\u2019OFEN d\u00e9cerne le prix de l\u2019\u00e9nergie Watt d\u2019Or 2024 - immo!nvest - Die Plattform f\u00fcr Standorte und Immobilien","twitter:description":"Or. Nationalr\u00e4tin Susanne Vincenz-Stauffacher \u00fcberreicht die Preise im Kongresszentrum Kursaal in Bern.","twitter:creator":"@i","twitter:image":"https:\/\/www.immo-invest.ch\/wp-content\/uploads\/2024\/01\/DALL\u00b7E-2024-01-18-09.30.12-A-sophisticated-award-ceremony-scene-depicting-an-elegant-and-modern-stage-with-a-prominent-display-area-for-trophies.-The-atmosphere-is-celebratory.png"},"aioseo_meta_data":{"post_id":"72596","title":null,"description":null,"keywords":null,"keyphrases":null,"primary_term":null,"canonical_url":null,"og_title":null,"og_description":null,"og_object_type":"default","og_image_type":"default","og_image_url":null,"og_image_width":null,"og_image_height":null,"og_image_custom_url":null,"og_image_custom_fields":null,"og_video":null,"og_custom_url":null,"og_article_section":null,"og_article_tags":null,"twitter_use_og":false,"twitter_card":"default","twitter_image_type":"default","twitter_image_url":null,"twitter_image_custom_url":null,"twitter_image_custom_fields":null,"twitter_title":null,"twitter_description":null,"schema":{"blockGraphs":[],"customGraphs":[],"default":{"data":{"Article":[],"Course":[],"Dataset":[],"FAQPage":[],"Movie":[],"Person":[],"Product":[],"ProductReview":[],"Car":[],"Recipe":[],"Service":[],"SoftwareApplication":[],"WebPage":[]},"graphName":"","isEnabled":true},"graphs":[]},"schema_type":"default","schema_type_options":null,"pillar_content":false,"robots_default":true,"robots_noindex":false,"robots_noarchive":false,"robots_nosnippet":false,"robots_nofollow":false,"robots_noimageindex":false,"robots_noodp":false,"robots_notranslate":false,"robots_max_snippet":null,"robots_max_videopreview":null,"robots_max_imagepreview":"large","priority":null,"frequency":null,"local_seo":null,"breadcrumb_settings":null,"limit_modified_date":false,"ai":null,"created":"2024-09-20 14:28:59","updated":"2025-10-23 20:26:12","seo_analyzer_scan_date":null,"focus_keyword":null,"additional_keywords":null,"truseo_locale":null},"aioseo_breadcrumb":"<div class=\"aioseo-breadcrumbs\"><span class=\"aioseo-breadcrumb\">\n\t\t\t<a href=\"https:\/\/www.immo-invest.ch\/fr\/\" title=\"Home\">Home<\/a>\n\t\t<\/span><span class=\"aioseo-breadcrumb-separator\">&raquo;<\/span><span class=\"aioseo-breadcrumb\">\n\t\t\t<a href=\"https:\/\/www.immo-invest.ch\/fr\/categories\/immonews-fr\/\" title=\"immoNews\">immoNews<\/a>\n\t\t<\/span><span class=\"aioseo-breadcrumb-separator\">&raquo;<\/span><span class=\"aioseo-breadcrumb\">\n\t\t\tL\u2019OFEN d\u00e9cerne le prix de l\u2019\u00e9nergie Watt d\u2019Or 2024\n\t\t<\/span><\/div>","aioseo_breadcrumb_json":[{"label":"Home","link":"https:\/\/www.immo-invest.ch\/fr\/"},{"label":"immoNews","link":"https:\/\/www.immo-invest.ch\/fr\/categories\/immonews-fr\/"},{"label":"L&rsquo;OFEN d\u00e9cerne le prix de l&rsquo;\u00e9nergie Watt d&rsquo;Or 2024","link":"https:\/\/www.immo-invest.ch\/fr\/bfe-verleiht-energiepreis-watt-dor-2024\/"}],"featured_image_src":"https:\/\/www.immo-invest.ch\/wp-content\/uploads\/2024\/01\/DALL\u00b7E-2024-01-18-09.30.12-A-sophisticated-award-ceremony-scene-depicting-an-elegant-and-modern-stage-with-a-prominent-display-area-for-trophies.-The-atmosphere-is-celebratory-336x168.png","_links":{"self":[{"href":"https:\/\/www.immo-invest.ch\/fr\/wp-json\/wp\/v2\/posts\/72596","targetHints":{"allow":["GET"]}}],"collection":[{"href":"https:\/\/www.immo-invest.ch\/fr\/wp-json\/wp\/v2\/posts"}],"about":[{"href":"https:\/\/www.immo-invest.ch\/fr\/wp-json\/wp\/v2\/types\/post"}],"author":[{"embeddable":true,"href":"https:\/\/www.immo-invest.ch\/fr\/wp-json\/wp\/v2\/users\/2"}],"replies":[{"embeddable":true,"href":"https:\/\/www.immo-invest.ch\/fr\/wp-json\/wp\/v2\/comments?post=72596"}],"version-history":[{"count":0,"href":"https:\/\/www.immo-invest.ch\/fr\/wp-json\/wp\/v2\/posts\/72596\/revisions"}],"wp:featuredmedia":[{"embeddable":true,"href":"https:\/\/www.immo-invest.ch\/fr\/wp-json\/wp\/v2\/media\/72589"}],"wp:attachment":[{"href":"https:\/\/www.immo-invest.ch\/fr\/wp-json\/wp\/v2\/media?parent=72596"}],"wp:term":[{"taxonomy":"category","embeddable":true,"href":"https:\/\/www.immo-invest.ch\/fr\/wp-json\/wp\/v2\/categories?post=72596"},{"taxonomy":"post_tag","embeddable":true,"href":"https:\/\/www.immo-invest.ch\/fr\/wp-json\/wp\/v2\/tags?post=72596"}],"curies":[{"name":"wp","href":"https:\/\/api.w.org\/{rel}","templated":true}]}}