{"id":71599,"date":"2024-01-04T15:52:43","date_gmt":"2024-01-04T14:52:43","guid":{"rendered":"https:\/\/www.immo-invest.ch\/?p=71599"},"modified":"2024-01-04T14:00:44","modified_gmt":"2024-01-04T13:00:44","slug":"dachverband-zum-ausbau-von-kleinwindanlagen-gegruendet","status":"publish","type":"post","link":"https:\/\/www.immo-invest.ch\/fr\/dachverband-zum-ausbau-von-kleinwindanlagen-gegruendet\/","title":{"rendered":"Cr\u00e9ation d&rsquo;une association fa\u00eeti\u00e8re pour le d\u00e9veloppement des petites \u00e9oliennes"},"content":{"rendered":"<p class=\"bodytext\">Au total, 20 citoyens issus de r&eacute;gions et d&rsquo;activit&eacute;s professionnelles diff&eacute;rentes ont port&eacute; sur les fonts baptismaux <a href=\"http:\/\/www.smallwindenergy.ch\" target=\"_blank\" rel=\"noopener\">Smallwindenergy<\/a>, l&rsquo;association fa&icirc;ti&egrave;re suisse des petites &eacute;oliennes jusqu&rsquo;&agrave; 50 m&egrave;tres de hauteur totale. L&rsquo;id&eacute;e de base est de devenir plus ind&eacute;pendant dans la production durable d&rsquo;&eacute;lectricit&eacute;. Pour ce faire, le petit &eacute;olien doit &ecirc;tre promu comme un compl&eacute;ment utile &agrave; l&rsquo;approvisionnement en &eacute;lectricit&eacute; existant, peut on lire dans un communiqu&eacute; de presse. &laquo;&nbsp;Les petites &eacute;oliennes permettent d&rsquo;augmenter consid&eacute;rablement le taux d&rsquo;autoconsommation avec une capacit&eacute; de stockage r&eacute;duite et de produire localement de l&rsquo;&eacute;lectricit&eacute; verte m&ecirc;me en cas de mauvais temps&nbsp;&raquo;, explique le pr&eacute;sident Max Wyder, cit&eacute; dans le communiqu&eacute;.<\/p>\n<p class=\"bodytext\">L&rsquo;association soutient l&rsquo;utilisation de petites &eacute;oliennes d&eacute;centralis&eacute;es de diff&eacute;rentes tailles et de diff&eacute;rents types de construction. L&rsquo;objectif de l&rsquo;association comprend &eacute;galement la promotion de conditions cadres uniformes et d&eacute;finies pour l&rsquo;installation des turbines sur et &agrave; c&ocirc;t&eacute; des b&acirc;timents existants pour les infrastructures, l&rsquo;agriculture et l&rsquo;industrie. Les &eacute;oliennes peuvent &eacute;galement &ecirc;tre utilis&eacute;es en combinaison avec des panneaux photovolta&iuml;ques et produire de l&rsquo;&eacute;lectricit&eacute; locale et durable, m&ecirc;me en cas de mauvais temps. En raison de leur petite taille, aucun impact n&rsquo;est &agrave; craindre en termes de protection du paysage et des oiseaux, selon la nouvelle association. Elles pourraient &ecirc;tre autoris&eacute;es au niveau r&eacute;gional sans &eacute;tude d&rsquo;impact environnemental et donc &ecirc;tre mises en service rapidement pour produire de l&rsquo;&eacute;lectricit&eacute; verte.<\/p>\n<p class=\"bodytext\">L&rsquo;association est &eacute;conomiquement et politiquement ind&eacute;pendante et, selon ses propres dires, elle est en contact avec des associations de pays voisins. Il est pr&eacute;vu d&rsquo;impliquer les autorit&eacute;s, les institutions et les entreprises suisses. Dans le cadre de manifestations r&eacute;guli&egrave;res, d&rsquo;expositions et de visites d&rsquo;installations, la technologie et la contribution &agrave; une production d&rsquo;&eacute;lectricit&eacute; autarcique qui en d&eacute;coule seront pr&eacute;sent&eacute;es aux citoyens. L&rsquo;<a href=\"https:\/\/smallwindenergy.ch\/mitgliedschaft\" target=\"_blank\" rel=\"noopener\">adh&eacute;sion<\/a> est ouverte &agrave; toutes les personnes morales et physiques.<\/p>\n","protected":false},"excerpt":{"rendered":"<p>Die Schweizer Dachorganisation Smallwindenergy ist gegr\u00fcndet worden, um das Potenzial der Kleinwindkraft bei der Energiewende bekannt zu machen. Der Verein versteht sich als Informationszentrum rund um Kleinwindr\u00e4der mit einer Maximalh\u00f6he bis zu 50 Metern.<\/p>\n","protected":false},"author":2,"featured_media":71594,"comment_status":"open","ping_status":"open","sticky":false,"template":"","format":"standard","meta":{"pmpro_default_level":"","inline_featured_image":false,"_monsterinsights_skip_tracking":false,"footnotes":""},"categories":[8747,743],"tags":[2155,872,3931,2002],"class_list":["post-71599","post","type-post","status-publish","format-standard","has-post-thumbnail","hentry","category-energie","category-immonews-fr","tag-erneuerbareenergien-fr","tag-immoinvest-fr","tag-immonews-fr","tag-news-fr","pmpro-has-access"],"acf":{"bild_mit_ki_erstellt_worden":[],"lead":"Sins AG - Die Schweizer Dachorganisation Smallwindenergy ist gegr\u00fcndet worden, um das Potenzial der Kleinwindkraft bei der Energiewende bekannt zu machen. Der Verein versteht sich als Informationszentrum rund um Kleinwindr\u00e4der mit einer Maximalh\u00f6he bis zu 50 Metern.","autor":"ce\/heg","ort":"Sins AG","bildunterschrift":"","bild_im_grid":false,"gallerie":"","newsim":""},"aioseo_notices":[],"aioseo_head":"\n\t\t<!-- All in One SEO 5.0.1.1 - aioseo.com -->\n\t<meta name=\"description\" content=\"Die Schweizer Dachorganisation Smallwindenergy ist gegr\u00fcndet worden, um das Potenzial der Kleinwindkraft bei der Energiewende bekannt zu machen. Der Verein versteht sich als Informationszentrum rund um Kleinwindr\u00e4der mit einer Maximalh\u00f6he bis zu 50 Metern.\" \/>\n\t<meta name=\"robots\" content=\"max-image-preview:large\" \/>\n\t<meta name=\"author\" content=\"immovestuser\"\/>\n\t<meta name=\"google-site-verification\" content=\"fHJKvgWpZCR2zVBHWfkQeFXC11qieUSff0HGNYfuyLA\" \/>\n\t<link rel=\"canonical\" href=\"https:\/\/www.immo-invest.ch\/fr\/dachverband-zum-ausbau-von-kleinwindanlagen-gegruendet\/\" \/>\n\t<meta name=\"generator\" content=\"All in One SEO (AIOSEO) 5.0.1.1\" \/>\n\t\t<meta property=\"og:locale\" content=\"fr_FR\" \/>\n\t\t<meta property=\"og:site_name\" content=\"immo!nvest - Die Plattform f\u00fcr Standorte und Immobilien - Die\u00a0Plattform f\u00fcr Standorte und Immobilien\" \/>\n\t\t<meta property=\"og:type\" content=\"article\" \/>\n\t\t<meta property=\"og:title\" content=\"Cr\u00e9ation d\u2019une association fa\u00eeti\u00e8re pour le d\u00e9veloppement des petites \u00e9oliennes - immo!nvest - Die Plattform f\u00fcr Standorte und Immobilien\" \/>\n\t\t<meta property=\"og:description\" content=\"Die Schweizer Dachorganisation Smallwindenergy ist gegr\u00fcndet worden, um das Potenzial der Kleinwindkraft bei der Energiewende bekannt zu machen. Der Verein versteht sich als Informationszentrum rund um Kleinwindr\u00e4der mit einer Maximalh\u00f6he bis zu 50 Metern.\" \/>\n\t\t<meta property=\"og:url\" content=\"https:\/\/www.immo-invest.ch\/fr\/dachverband-zum-ausbau-von-kleinwindanlagen-gegruendet\/\" \/>\n\t\t<meta property=\"og:image\" content=\"https:\/\/www.immo-invest.ch\/wp-content\/uploads\/2024\/01\/DALL\u00b7E-2024-01-04-13.36.56-An-illustrative-image-representing-the-concept-of-Smallwindenergy-the-Swiss-federation-for-small-wind-turbines-up-to-50-meters-in-height.-The-scene-s.png\" \/>\n\t\t<meta property=\"og:image:secure_url\" content=\"https:\/\/www.immo-invest.ch\/wp-content\/uploads\/2024\/01\/DALL\u00b7E-2024-01-04-13.36.56-An-illustrative-image-representing-the-concept-of-Smallwindenergy-the-Swiss-federation-for-small-wind-turbines-up-to-50-meters-in-height.-The-scene-s.png\" \/>\n\t\t<meta property=\"og:image:width\" content=\"1792\" \/>\n\t\t<meta property=\"og:image:height\" content=\"1024\" \/>\n\t\t<meta property=\"article:published_time\" content=\"2024-01-04T14:52:43+00:00\" \/>\n\t\t<meta property=\"article:modified_time\" content=\"2024-01-04T13:00:44+00:00\" \/>\n\t\t<meta property=\"article:publisher\" content=\"https:\/\/www.facebook.com\/people\/Immoinvest\/100077962920504\/\" \/>\n\t\t<meta name=\"twitter:card\" content=\"summary_large_image\" \/>\n\t\t<meta name=\"twitter:site\" content=\"@i\" \/>\n\t\t<meta name=\"twitter:title\" content=\"Cr\u00e9ation d\u2019une association fa\u00eeti\u00e8re pour le d\u00e9veloppement des petites \u00e9oliennes - immo!nvest - Die Plattform f\u00fcr Standorte und Immobilien\" \/>\n\t\t<meta name=\"twitter:description\" content=\"Die Schweizer Dachorganisation Smallwindenergy ist gegr\u00fcndet worden, um das Potenzial der Kleinwindkraft bei der Energiewende bekannt zu machen. Der Verein versteht sich als Informationszentrum rund um Kleinwindr\u00e4der mit einer Maximalh\u00f6he bis zu 50 Metern.\" \/>\n\t\t<meta name=\"twitter:creator\" content=\"@i\" \/>\n\t\t<meta name=\"twitter:image\" content=\"https:\/\/www.immo-invest.ch\/wp-content\/uploads\/2024\/01\/DALL\u00b7E-2024-01-04-13.36.56-An-illustrative-image-representing-the-concept-of-Smallwindenergy-the-Swiss-federation-for-small-wind-turbines-up-to-50-meters-in-height.-The-scene-s.png\" \/>\n\t\t<script type=\"application\/ld+json\" class=\"aioseo-schema\">\n\t\t\t{\"@context\":\"https:\\\/\\\/schema.org\",\"@graph\":[{\"@type\":\"BlogPosting\",\"@id\":\"https:\\\/\\\/www.immo-invest.ch\\\/fr\\\/dachverband-zum-ausbau-von-kleinwindanlagen-gegruendet\\\/#blogposting\",\"name\":\"Cr\\u00e9ation d\\u2019une association fa\\u00eeti\\u00e8re pour le d\\u00e9veloppement des petites \\u00e9oliennes - immo!nvest - Die Plattform f\\u00fcr Standorte und Immobilien\",\"headline\":\"Cr\\u00e9ation d&rsquo;une association fa\\u00eeti\\u00e8re pour le d\\u00e9veloppement des petites \\u00e9oliennes\",\"author\":{\"@id\":\"https:\\\/\\\/www.immo-invest.ch\\\/fr\\\/author\\\/immovestuser\\\/#author\"},\"publisher\":{\"@id\":\"https:\\\/\\\/www.immo-invest.ch\\\/fr\\\/#organization\"},\"image\":{\"@type\":\"ImageObject\",\"url\":\"https:\\\/\\\/www.immo-invest.ch\\\/wp-content\\\/uploads\\\/2024\\\/01\\\/DALL\\u00b7E-2024-01-04-13.36.56-An-illustrative-image-representing-the-concept-of-Smallwindenergy-the-Swiss-federation-for-small-wind-turbines-up-to-50-meters-in-height.-The-scene-s.png\",\"width\":1792,\"height\":1024},\"datePublished\":\"2024-01-04T15:52:43+01:00\",\"dateModified\":\"2024-01-04T14:00:44+01:00\",\"inLanguage\":\"fr-FR\",\"mainEntityOfPage\":{\"@id\":\"https:\\\/\\\/www.immo-invest.ch\\\/fr\\\/dachverband-zum-ausbau-von-kleinwindanlagen-gegruendet\\\/#webpage\"},\"isPartOf\":{\"@id\":\"https:\\\/\\\/www.immo-invest.ch\\\/fr\\\/dachverband-zum-ausbau-von-kleinwindanlagen-gegruendet\\\/#webpage\"},\"articleSection\":\"\\u00c9nergie, immoNews, ErneuerbareEnergien, Immoinvest, immoNews, News, Facultatif\"},{\"@type\":\"BreadcrumbList\",\"@id\":\"https:\\\/\\\/www.immo-invest.ch\\\/fr\\\/dachverband-zum-ausbau-von-kleinwindanlagen-gegruendet\\\/#breadcrumblist\",\"itemListElement\":[{\"@type\":\"ListItem\",\"@id\":\"https:\\\/\\\/www.immo-invest.ch\\\/fr\\\/#listItem\",\"position\":1,\"name\":\"Home\",\"item\":\"https:\\\/\\\/www.immo-invest.ch\\\/fr\\\/\",\"nextItem\":{\"@type\":\"ListItem\",\"@id\":\"https:\\\/\\\/www.immo-invest.ch\\\/fr\\\/categories\\\/immonews-fr\\\/#listItem\",\"name\":\"immoNews\"}},{\"@type\":\"ListItem\",\"@id\":\"https:\\\/\\\/www.immo-invest.ch\\\/fr\\\/categories\\\/immonews-fr\\\/#listItem\",\"position\":2,\"name\":\"immoNews\",\"item\":\"https:\\\/\\\/www.immo-invest.ch\\\/fr\\\/categories\\\/immonews-fr\\\/\",\"nextItem\":{\"@type\":\"ListItem\",\"@id\":\"https:\\\/\\\/www.immo-invest.ch\\\/fr\\\/dachverband-zum-ausbau-von-kleinwindanlagen-gegruendet\\\/#listItem\",\"name\":\"Cr\\u00e9ation d&rsquo;une association fa\\u00eeti\\u00e8re pour le d\\u00e9veloppement des petites \\u00e9oliennes\"},\"previousItem\":{\"@type\":\"ListItem\",\"@id\":\"https:\\\/\\\/www.immo-invest.ch\\\/fr\\\/#listItem\",\"name\":\"Home\"}},{\"@type\":\"ListItem\",\"@id\":\"https:\\\/\\\/www.immo-invest.ch\\\/fr\\\/dachverband-zum-ausbau-von-kleinwindanlagen-gegruendet\\\/#listItem\",\"position\":3,\"name\":\"Cr\\u00e9ation d&rsquo;une association fa\\u00eeti\\u00e8re pour le d\\u00e9veloppement des petites \\u00e9oliennes\",\"previousItem\":{\"@type\":\"ListItem\",\"@id\":\"https:\\\/\\\/www.immo-invest.ch\\\/fr\\\/categories\\\/immonews-fr\\\/#listItem\",\"name\":\"immoNews\"}}]},{\"@type\":\"Organization\",\"@id\":\"https:\\\/\\\/www.immo-invest.ch\\\/fr\\\/#organization\",\"name\":\"immo!nvest - Die Plattform f\\u00fcr Standorte und Immobilien\",\"description\":\"Die\\u00a0Plattform f\\u00fcr Standorte und Immobilien\",\"url\":\"https:\\\/\\\/www.immo-invest.ch\\\/fr\\\/\",\"email\":\"admin@immomedia.ag\",\"telephone\":\"+41444420002\",\"logo\":{\"@type\":\"ImageObject\",\"url\":\"https:\\\/\\\/www.immo-invest.ch\\\/wp-content\\\/uploads\\\/2024\\\/09\\\/immoinvest_sm-scaled.jpg\",\"@id\":\"https:\\\/\\\/www.immo-invest.ch\\\/fr\\\/dachverband-zum-ausbau-von-kleinwindanlagen-gegruendet\\\/#organizationLogo\",\"width\":2560,\"height\":1340},\"image\":{\"@id\":\"https:\\\/\\\/www.immo-invest.ch\\\/fr\\\/dachverband-zum-ausbau-von-kleinwindanlagen-gegruendet\\\/#organizationLogo\"},\"sameAs\":[\"https:\\\/\\\/www.facebook.com\\\/people\\\/Immoinvest\\\/100077962920504\\\/\",\"https:\\\/\\\/x.com\\\/i\\\/flow\\\/login?redirect_after_login=immoinvest_ch\",\"https:\\\/\\\/www.instagram.com\\\/immoinvest_ch\\\/\",\"https:\\\/\\\/www.linkedin.com\\\/company\\\/immoinvest-swiss\"]},{\"@type\":\"Person\",\"@id\":\"https:\\\/\\\/www.immo-invest.ch\\\/fr\\\/author\\\/immovestuser\\\/#author\",\"url\":\"https:\\\/\\\/www.immo-invest.ch\\\/fr\\\/author\\\/immovestuser\\\/\",\"name\":\"immovestuser\",\"image\":{\"@type\":\"ImageObject\",\"@id\":\"https:\\\/\\\/www.immo-invest.ch\\\/fr\\\/dachverband-zum-ausbau-von-kleinwindanlagen-gegruendet\\\/#authorImage\",\"url\":\"https:\\\/\\\/secure.gravatar.com\\\/avatar\\\/8e01f4d99f2eeea7a362ebb93305e1172a70e9293ba250f897a65c39f54cdd1e?s=96&d=mm&r=g\",\"width\":96,\"height\":96,\"caption\":\"immovestuser\"}},{\"@type\":\"WebPage\",\"@id\":\"https:\\\/\\\/www.immo-invest.ch\\\/fr\\\/dachverband-zum-ausbau-von-kleinwindanlagen-gegruendet\\\/#webpage\",\"url\":\"https:\\\/\\\/www.immo-invest.ch\\\/fr\\\/dachverband-zum-ausbau-von-kleinwindanlagen-gegruendet\\\/\",\"name\":\"Cr\\u00e9ation d\\u2019une association fa\\u00eeti\\u00e8re pour le d\\u00e9veloppement des petites \\u00e9oliennes - immo!nvest - Die Plattform f\\u00fcr Standorte und Immobilien\",\"description\":\"Die Schweizer Dachorganisation Smallwindenergy ist gegr\\u00fcndet worden, um das Potenzial der Kleinwindkraft bei der Energiewende bekannt zu machen. Der Verein versteht sich als Informationszentrum rund um Kleinwindr\\u00e4der mit einer Maximalh\\u00f6he bis zu 50 Metern.\",\"inLanguage\":\"fr-FR\",\"isPartOf\":{\"@id\":\"https:\\\/\\\/www.immo-invest.ch\\\/fr\\\/#website\"},\"breadcrumb\":{\"@id\":\"https:\\\/\\\/www.immo-invest.ch\\\/fr\\\/dachverband-zum-ausbau-von-kleinwindanlagen-gegruendet\\\/#breadcrumblist\"},\"author\":{\"@id\":\"https:\\\/\\\/www.immo-invest.ch\\\/fr\\\/author\\\/immovestuser\\\/#author\"},\"creator\":{\"@id\":\"https:\\\/\\\/www.immo-invest.ch\\\/fr\\\/author\\\/immovestuser\\\/#author\"},\"image\":{\"@type\":\"ImageObject\",\"url\":\"https:\\\/\\\/www.immo-invest.ch\\\/wp-content\\\/uploads\\\/2024\\\/01\\\/DALL\\u00b7E-2024-01-04-13.36.56-An-illustrative-image-representing-the-concept-of-Smallwindenergy-the-Swiss-federation-for-small-wind-turbines-up-to-50-meters-in-height.-The-scene-s.png\",\"@id\":\"https:\\\/\\\/www.immo-invest.ch\\\/fr\\\/dachverband-zum-ausbau-von-kleinwindanlagen-gegruendet\\\/#mainImage\",\"width\":1792,\"height\":1024},\"primaryImageOfPage\":{\"@id\":\"https:\\\/\\\/www.immo-invest.ch\\\/fr\\\/dachverband-zum-ausbau-von-kleinwindanlagen-gegruendet\\\/#mainImage\"},\"datePublished\":\"2024-01-04T15:52:43+01:00\",\"dateModified\":\"2024-01-04T14:00:44+01:00\"},{\"@type\":\"WebSite\",\"@id\":\"https:\\\/\\\/www.immo-invest.ch\\\/fr\\\/#website\",\"url\":\"https:\\\/\\\/www.immo-invest.ch\\\/fr\\\/\",\"name\":\"immo!nvest - Die Plattform f\\u00fcr Standorte und Immobilien\",\"description\":\"Die\\u00a0Plattform f\\u00fcr Standorte und Immobilien\",\"inLanguage\":\"fr-FR\",\"publisher\":{\"@id\":\"https:\\\/\\\/www.immo-invest.ch\\\/fr\\\/#organization\"}}]}\n\t\t<\/script>\n\t\t<!-- All in One SEO -->\n\n","aioseo_head_json":{"title":"Cr\u00e9ation d\u2019une association fa\u00eeti\u00e8re pour le d\u00e9veloppement des petites \u00e9oliennes - immo!nvest - Die Plattform f\u00fcr Standorte und Immobilien","description":"Die Schweizer Dachorganisation Smallwindenergy ist gegr\u00fcndet worden, um das Potenzial der Kleinwindkraft bei der Energiewende bekannt zu machen. Der Verein versteht sich als Informationszentrum rund um Kleinwindr\u00e4der mit einer Maximalh\u00f6he bis zu 50 Metern.","canonical_url":"https:\/\/www.immo-invest.ch\/fr\/dachverband-zum-ausbau-von-kleinwindanlagen-gegruendet\/","robots":"max-image-preview:large","keywords":"","webmasterTools":{"google-site-verification":"fHJKvgWpZCR2zVBHWfkQeFXC11qieUSff0HGNYfuyLA","miscellaneous":""},"schema":{"@context":"https:\/\/schema.org","@graph":[{"@type":"BlogPosting","@id":"https:\/\/www.immo-invest.ch\/fr\/dachverband-zum-ausbau-von-kleinwindanlagen-gegruendet\/#blogposting","name":"Cr\u00e9ation d\u2019une association fa\u00eeti\u00e8re pour le d\u00e9veloppement des petites \u00e9oliennes - immo!nvest - Die Plattform f\u00fcr Standorte und Immobilien","headline":"Cr\u00e9ation d&rsquo;une association fa\u00eeti\u00e8re pour le d\u00e9veloppement des petites \u00e9oliennes","author":{"@id":"https:\/\/www.immo-invest.ch\/fr\/author\/immovestuser\/#author"},"publisher":{"@id":"https:\/\/www.immo-invest.ch\/fr\/#organization"},"image":{"@type":"ImageObject","url":"https:\/\/www.immo-invest.ch\/wp-content\/uploads\/2024\/01\/DALL\u00b7E-2024-01-04-13.36.56-An-illustrative-image-representing-the-concept-of-Smallwindenergy-the-Swiss-federation-for-small-wind-turbines-up-to-50-meters-in-height.-The-scene-s.png","width":1792,"height":1024},"datePublished":"2024-01-04T15:52:43+01:00","dateModified":"2024-01-04T14:00:44+01:00","inLanguage":"fr-FR","mainEntityOfPage":{"@id":"https:\/\/www.immo-invest.ch\/fr\/dachverband-zum-ausbau-von-kleinwindanlagen-gegruendet\/#webpage"},"isPartOf":{"@id":"https:\/\/www.immo-invest.ch\/fr\/dachverband-zum-ausbau-von-kleinwindanlagen-gegruendet\/#webpage"},"articleSection":"\u00c9nergie, immoNews, ErneuerbareEnergien, Immoinvest, immoNews, News, Facultatif"},{"@type":"BreadcrumbList","@id":"https:\/\/www.immo-invest.ch\/fr\/dachverband-zum-ausbau-von-kleinwindanlagen-gegruendet\/#breadcrumblist","itemListElement":[{"@type":"ListItem","@id":"https:\/\/www.immo-invest.ch\/fr\/#listItem","position":1,"name":"Home","item":"https:\/\/www.immo-invest.ch\/fr\/","nextItem":{"@type":"ListItem","@id":"https:\/\/www.immo-invest.ch\/fr\/categories\/immonews-fr\/#listItem","name":"immoNews"}},{"@type":"ListItem","@id":"https:\/\/www.immo-invest.ch\/fr\/categories\/immonews-fr\/#listItem","position":2,"name":"immoNews","item":"https:\/\/www.immo-invest.ch\/fr\/categories\/immonews-fr\/","nextItem":{"@type":"ListItem","@id":"https:\/\/www.immo-invest.ch\/fr\/dachverband-zum-ausbau-von-kleinwindanlagen-gegruendet\/#listItem","name":"Cr\u00e9ation d&rsquo;une association fa\u00eeti\u00e8re pour le d\u00e9veloppement des petites \u00e9oliennes"},"previousItem":{"@type":"ListItem","@id":"https:\/\/www.immo-invest.ch\/fr\/#listItem","name":"Home"}},{"@type":"ListItem","@id":"https:\/\/www.immo-invest.ch\/fr\/dachverband-zum-ausbau-von-kleinwindanlagen-gegruendet\/#listItem","position":3,"name":"Cr\u00e9ation d&rsquo;une association fa\u00eeti\u00e8re pour le d\u00e9veloppement des petites \u00e9oliennes","previousItem":{"@type":"ListItem","@id":"https:\/\/www.immo-invest.ch\/fr\/categories\/immonews-fr\/#listItem","name":"immoNews"}}]},{"@type":"Organization","@id":"https:\/\/www.immo-invest.ch\/fr\/#organization","name":"immo!nvest - Die Plattform f\u00fcr Standorte und Immobilien","description":"Die\u00a0Plattform f\u00fcr Standorte und Immobilien","url":"https:\/\/www.immo-invest.ch\/fr\/","email":"admin@immomedia.ag","telephone":"+41444420002","logo":{"@type":"ImageObject","url":"https:\/\/www.immo-invest.ch\/wp-content\/uploads\/2024\/09\/immoinvest_sm-scaled.jpg","@id":"https:\/\/www.immo-invest.ch\/fr\/dachverband-zum-ausbau-von-kleinwindanlagen-gegruendet\/#organizationLogo","width":2560,"height":1340},"image":{"@id":"https:\/\/www.immo-invest.ch\/fr\/dachverband-zum-ausbau-von-kleinwindanlagen-gegruendet\/#organizationLogo"},"sameAs":["https:\/\/www.facebook.com\/people\/Immoinvest\/100077962920504\/","https:\/\/x.com\/i\/flow\/login?redirect_after_login=immoinvest_ch","https:\/\/www.instagram.com\/immoinvest_ch\/","https:\/\/www.linkedin.com\/company\/immoinvest-swiss"]},{"@type":"Person","@id":"https:\/\/www.immo-invest.ch\/fr\/author\/immovestuser\/#author","url":"https:\/\/www.immo-invest.ch\/fr\/author\/immovestuser\/","name":"immovestuser","image":{"@type":"ImageObject","@id":"https:\/\/www.immo-invest.ch\/fr\/dachverband-zum-ausbau-von-kleinwindanlagen-gegruendet\/#authorImage","url":"https:\/\/secure.gravatar.com\/avatar\/8e01f4d99f2eeea7a362ebb93305e1172a70e9293ba250f897a65c39f54cdd1e?s=96&d=mm&r=g","width":96,"height":96,"caption":"immovestuser"}},{"@type":"WebPage","@id":"https:\/\/www.immo-invest.ch\/fr\/dachverband-zum-ausbau-von-kleinwindanlagen-gegruendet\/#webpage","url":"https:\/\/www.immo-invest.ch\/fr\/dachverband-zum-ausbau-von-kleinwindanlagen-gegruendet\/","name":"Cr\u00e9ation d\u2019une association fa\u00eeti\u00e8re pour le d\u00e9veloppement des petites \u00e9oliennes - immo!nvest - Die Plattform f\u00fcr Standorte und Immobilien","description":"Die Schweizer Dachorganisation Smallwindenergy ist gegr\u00fcndet worden, um das Potenzial der Kleinwindkraft bei der Energiewende bekannt zu machen. Der Verein versteht sich als Informationszentrum rund um Kleinwindr\u00e4der mit einer Maximalh\u00f6he bis zu 50 Metern.","inLanguage":"fr-FR","isPartOf":{"@id":"https:\/\/www.immo-invest.ch\/fr\/#website"},"breadcrumb":{"@id":"https:\/\/www.immo-invest.ch\/fr\/dachverband-zum-ausbau-von-kleinwindanlagen-gegruendet\/#breadcrumblist"},"author":{"@id":"https:\/\/www.immo-invest.ch\/fr\/author\/immovestuser\/#author"},"creator":{"@id":"https:\/\/www.immo-invest.ch\/fr\/author\/immovestuser\/#author"},"image":{"@type":"ImageObject","url":"https:\/\/www.immo-invest.ch\/wp-content\/uploads\/2024\/01\/DALL\u00b7E-2024-01-04-13.36.56-An-illustrative-image-representing-the-concept-of-Smallwindenergy-the-Swiss-federation-for-small-wind-turbines-up-to-50-meters-in-height.-The-scene-s.png","@id":"https:\/\/www.immo-invest.ch\/fr\/dachverband-zum-ausbau-von-kleinwindanlagen-gegruendet\/#mainImage","width":1792,"height":1024},"primaryImageOfPage":{"@id":"https:\/\/www.immo-invest.ch\/fr\/dachverband-zum-ausbau-von-kleinwindanlagen-gegruendet\/#mainImage"},"datePublished":"2024-01-04T15:52:43+01:00","dateModified":"2024-01-04T14:00:44+01:00"},{"@type":"WebSite","@id":"https:\/\/www.immo-invest.ch\/fr\/#website","url":"https:\/\/www.immo-invest.ch\/fr\/","name":"immo!nvest - Die Plattform f\u00fcr Standorte und Immobilien","description":"Die\u00a0Plattform f\u00fcr Standorte und Immobilien","inLanguage":"fr-FR","publisher":{"@id":"https:\/\/www.immo-invest.ch\/fr\/#organization"}}]},"og:locale":"fr_FR","og:site_name":"immo!nvest - Die Plattform f\u00fcr Standorte und Immobilien - Die\u00a0Plattform f\u00fcr Standorte und Immobilien","og:type":"article","og:title":"Cr\u00e9ation d\u2019une association fa\u00eeti\u00e8re pour le d\u00e9veloppement des petites \u00e9oliennes - immo!nvest - Die Plattform f\u00fcr Standorte und Immobilien","og:description":"Die Schweizer Dachorganisation Smallwindenergy ist gegr\u00fcndet worden, um das Potenzial der Kleinwindkraft bei der Energiewende bekannt zu machen. Der Verein versteht sich als Informationszentrum rund um Kleinwindr\u00e4der mit einer Maximalh\u00f6he bis zu 50 Metern.","og:url":"https:\/\/www.immo-invest.ch\/fr\/dachverband-zum-ausbau-von-kleinwindanlagen-gegruendet\/","og:image":"https:\/\/www.immo-invest.ch\/wp-content\/uploads\/2024\/01\/DALL\u00b7E-2024-01-04-13.36.56-An-illustrative-image-representing-the-concept-of-Smallwindenergy-the-Swiss-federation-for-small-wind-turbines-up-to-50-meters-in-height.-The-scene-s.png","og:image:secure_url":"https:\/\/www.immo-invest.ch\/wp-content\/uploads\/2024\/01\/DALL\u00b7E-2024-01-04-13.36.56-An-illustrative-image-representing-the-concept-of-Smallwindenergy-the-Swiss-federation-for-small-wind-turbines-up-to-50-meters-in-height.-The-scene-s.png","og:image:width":1792,"og:image:height":1024,"article:published_time":"2024-01-04T14:52:43+00:00","article:modified_time":"2024-01-04T13:00:44+00:00","article:publisher":"https:\/\/www.facebook.com\/people\/Immoinvest\/100077962920504\/","twitter:card":"summary_large_image","twitter:site":"@i","twitter:title":"Cr\u00e9ation d\u2019une association fa\u00eeti\u00e8re pour le d\u00e9veloppement des petites \u00e9oliennes - immo!nvest - Die Plattform f\u00fcr Standorte und Immobilien","twitter:description":"Die Schweizer Dachorganisation Smallwindenergy ist gegr\u00fcndet worden, um das Potenzial der Kleinwindkraft bei der Energiewende bekannt zu machen. Der Verein versteht sich als Informationszentrum rund um Kleinwindr\u00e4der mit einer Maximalh\u00f6he bis zu 50 Metern.","twitter:creator":"@i","twitter:image":"https:\/\/www.immo-invest.ch\/wp-content\/uploads\/2024\/01\/DALL\u00b7E-2024-01-04-13.36.56-An-illustrative-image-representing-the-concept-of-Smallwindenergy-the-Swiss-federation-for-small-wind-turbines-up-to-50-meters-in-height.-The-scene-s.png"},"aioseo_meta_data":{"post_id":"71599","title":null,"description":null,"keywords":null,"keyphrases":null,"primary_term":null,"canonical_url":null,"og_title":null,"og_description":null,"og_object_type":"default","og_image_type":"default","og_image_url":null,"og_image_width":null,"og_image_height":null,"og_image_custom_url":null,"og_image_custom_fields":null,"og_video":null,"og_custom_url":null,"og_article_section":null,"og_article_tags":null,"twitter_use_og":false,"twitter_card":"default","twitter_image_type":"default","twitter_image_url":null,"twitter_image_custom_url":null,"twitter_image_custom_fields":null,"twitter_title":null,"twitter_description":null,"schema":{"blockGraphs":[],"customGraphs":[],"default":{"data":{"Article":[],"Course":[],"Dataset":[],"FAQPage":[],"Movie":[],"Person":[],"Product":[],"ProductReview":[],"Car":[],"Recipe":[],"Service":[],"SoftwareApplication":[],"WebPage":[]},"graphName":"","isEnabled":true},"graphs":[]},"schema_type":"default","schema_type_options":null,"pillar_content":false,"robots_default":true,"robots_noindex":false,"robots_noarchive":false,"robots_nosnippet":false,"robots_nofollow":false,"robots_noimageindex":false,"robots_noodp":false,"robots_notranslate":false,"robots_max_snippet":null,"robots_max_videopreview":null,"robots_max_imagepreview":"large","priority":null,"frequency":null,"local_seo":null,"breadcrumb_settings":null,"limit_modified_date":false,"ai":null,"created":"2024-09-20 14:02:58","updated":"2025-10-23 19:57:15","seo_analyzer_scan_date":null,"focus_keyword":null,"additional_keywords":null,"truseo_locale":null},"aioseo_breadcrumb":"<div class=\"aioseo-breadcrumbs\"><span class=\"aioseo-breadcrumb\">\n\t\t\t<a href=\"https:\/\/www.immo-invest.ch\/fr\/\" title=\"Home\">Home<\/a>\n\t\t<\/span><span class=\"aioseo-breadcrumb-separator\">&raquo;<\/span><span class=\"aioseo-breadcrumb\">\n\t\t\t<a href=\"https:\/\/www.immo-invest.ch\/fr\/categories\/immonews-fr\/\" title=\"immoNews\">immoNews<\/a>\n\t\t<\/span><span class=\"aioseo-breadcrumb-separator\">&raquo;<\/span><span class=\"aioseo-breadcrumb\">\n\t\t\tCr\u00e9ation d\u2019une association fa\u00eeti\u00e8re pour le d\u00e9veloppement des petites \u00e9oliennes\n\t\t<\/span><\/div>","aioseo_breadcrumb_json":[{"label":"Home","link":"https:\/\/www.immo-invest.ch\/fr\/"},{"label":"immoNews","link":"https:\/\/www.immo-invest.ch\/fr\/categories\/immonews-fr\/"},{"label":"Cr\u00e9ation d&rsquo;une association fa\u00eeti\u00e8re pour le d\u00e9veloppement des petites \u00e9oliennes","link":"https:\/\/www.immo-invest.ch\/fr\/dachverband-zum-ausbau-von-kleinwindanlagen-gegruendet\/"}],"featured_image_src":"https:\/\/www.immo-invest.ch\/wp-content\/uploads\/2024\/01\/DALL\u00b7E-2024-01-04-13.36.56-An-illustrative-image-representing-the-concept-of-Smallwindenergy-the-Swiss-federation-for-small-wind-turbines-up-to-50-meters-in-height.-The-scene-s-336x168.png","_links":{"self":[{"href":"https:\/\/www.immo-invest.ch\/fr\/wp-json\/wp\/v2\/posts\/71599","targetHints":{"allow":["GET"]}}],"collection":[{"href":"https:\/\/www.immo-invest.ch\/fr\/wp-json\/wp\/v2\/posts"}],"about":[{"href":"https:\/\/www.immo-invest.ch\/fr\/wp-json\/wp\/v2\/types\/post"}],"author":[{"embeddable":true,"href":"https:\/\/www.immo-invest.ch\/fr\/wp-json\/wp\/v2\/users\/2"}],"replies":[{"embeddable":true,"href":"https:\/\/www.immo-invest.ch\/fr\/wp-json\/wp\/v2\/comments?post=71599"}],"version-history":[{"count":0,"href":"https:\/\/www.immo-invest.ch\/fr\/wp-json\/wp\/v2\/posts\/71599\/revisions"}],"wp:featuredmedia":[{"embeddable":true,"href":"https:\/\/www.immo-invest.ch\/fr\/wp-json\/wp\/v2\/media\/71594"}],"wp:attachment":[{"href":"https:\/\/www.immo-invest.ch\/fr\/wp-json\/wp\/v2\/media?parent=71599"}],"wp:term":[{"taxonomy":"category","embeddable":true,"href":"https:\/\/www.immo-invest.ch\/fr\/wp-json\/wp\/v2\/categories?post=71599"},{"taxonomy":"post_tag","embeddable":true,"href":"https:\/\/www.immo-invest.ch\/fr\/wp-json\/wp\/v2\/tags?post=71599"}],"curies":[{"name":"wp","href":"https:\/\/api.w.org\/{rel}","templated":true}]}}