{"id":69613,"date":"2023-12-08T14:55:00","date_gmt":"2023-12-08T13:55:00","guid":{"rendered":"https:\/\/www.immo-invest.ch\/waermeverbund-birstal-montiert-holzheizkessel\/"},"modified":"2023-12-08T16:36:24","modified_gmt":"2023-12-08T15:36:24","slug":"waermeverbund-birstal-montiert-holzheizkessel","status":"publish","type":"post","link":"https:\/\/www.immo-invest.ch\/fr\/waermeverbund-birstal-montiert-holzheizkessel\/","title":{"rendered":"Le r\u00e9seau de chaleur Birstal installe une chaudi\u00e8re \u00e0 bois"},"content":{"rendered":"<p class=\"bodytext\">Le r&eacute;seau de chaleur durable de Birstal a franchi une nouvelle &eacute;tape de son d&eacute;veloppement avec l&rsquo;installation des premi&egrave;res chaudi&egrave;res &agrave; bois. Selon un <a href=\"https:\/\/uptownbasel.ch\/wp-content\/uploads\/2023\/11\/Medienmitteilung_Holzheizkessel_fur_Warmeverbund_Birstal_installiert_21.11.2023.pdf\" target=\"_blank\" rel=\"noopener\">communiqu&eacute; de presse<\/a>, le projet initi&eacute; par <a href=\"https:\/\/www.primeo-energie.ch\/privatkunden.html\" target=\"_blank\" rel=\"noopener\">Primeo Energie<\/a> de M&uuml;nchenstein et <a href=\"https:\/\/uptownbasel.ch\/\" target=\"_blank\" rel=\"noopener\">uptownBasel<\/a> a &eacute;tendu l&rsquo;installation de chauffage sur le site d&rsquo;uptownBasel avec le montage des chaudi&egrave;res. Dans une &eacute;tape ult&eacute;rieure, une pompe &agrave; chaleur sera install&eacute;e. Les chaudi&egrave;res &agrave; bois sont deux chaudi&egrave;res &agrave; biomasse d&rsquo;une puissance de 8 et 11 m&eacute;gawatts. Des installations de filtrage et des technologies modernes doivent permettre d&rsquo;obtenir des valeurs de gaz d&rsquo;&eacute;chappement les plus faibles possibles, selon le communiqu&eacute;. A terme, la centrale de chauffage devrait fournir une puissance de 40 m&eacute;gawatts, ce qui en ferait la plus grande installation exploit&eacute;e par Primeo Energie en Suisse.<\/p>\n<p>Le r&eacute;seau de chaleur de Birstal se compose de 25 installations et r&eacute;seaux de chaleur &agrave; Reinach, Arlesheim et M&uuml;nchenstein. Il est de plus en plus converti aux &eacute;nergies renouvelables. Une partie de l&rsquo;&eacute;nergie proviendra des rejets thermiques de la zone <a href=\"https:\/\/uptownbasel.ch\/\" target=\"_blank\" rel=\"noopener\">uptownBasel<\/a> &agrave; Arlesheim, tandis que la biomasse et le bois provenant de cultures r&eacute;gionales seront br&ucirc;l&eacute;s pendant les saisons froides ou les pics de consommation.<\/p>\n<p>Avec la nouvelle centrale &eacute;nerg&eacute;tique et le r&eacute;seau de chaleur Birstal, Primeo Energie veut contribuer &agrave; la transition &eacute;nerg&eacute;tique et &agrave; un approvisionnement durable en chaleur et en froid dans la r&eacute;gion, poursuit le communiqu&eacute;.<\/p>\n","protected":false},"excerpt":{"rendered":"<p>L&rsquo;extension du r\u00e9seau de chaleur de Birstal progresse. Celui-ci doit notamment utiliser la chaleur r\u00e9siduelle d&rsquo;uptownBasel. Actuellement, les premi\u00e8res chaudi\u00e8res \u00e0 bois sont mont\u00e9es sous la responsabilit\u00e9 de Primeo Energie.<\/p>\n","protected":false},"author":2,"featured_media":58122,"comment_status":"open","ping_status":"open","sticky":false,"template":"","format":"standard","meta":{"pmpro_default_level":"0","inline_featured_image":false,"_monsterinsights_skip_tracking":false,"footnotes":""},"categories":[8747,743],"tags":[2052,835,1818,2155,2017,994,17070,1087],"class_list":["post-69613","post","type-post","status-publish","format-standard","has-post-thumbnail","hentry","category-energie","category-immonews-fr","tag-abwaerme-fr","tag-energie-fr","tag-entwicklung-fr","tag-erneuerbareenergien-fr","tag-heizen-fr","tag-holz-fr","tag-montage-fr","tag-projekt-fr","pmpro-has-access"],"acf":{"bild_mit_ki_erstellt_worden":[],"lead":"L'extension du r\u00e9seau de chaleur de Birstal progresse. Celui-ci doit notamment utiliser la chaleur r\u00e9siduelle d'uptownBasel. Actuellement, les premi\u00e8res chaudi\u00e8res \u00e0 bois sont mont\u00e9es sous la responsabilit\u00e9 de Primeo Energie.","autor":"ce\/ww","ort":"Arlesheim\/M\u00fcnchenstein BL","bildunterschrift":"","bild_im_grid":false,"gallerie":"","newsim":""},"aioseo_notices":[],"aioseo_head":"\n\t\t<!-- All in One SEO 5.0.1.1 - aioseo.com -->\n\t<meta name=\"description\" content=\"L&#039;extension du r\u00e9seau de chaleur de Birstal progresse. Celui-ci doit notamment utiliser la chaleur r\u00e9siduelle d&#039;uptownBasel. Actuellement, les premi\u00e8res chaudi\u00e8res \u00e0 bois sont mont\u00e9es sous la responsabilit\u00e9 de Primeo Energie.\" \/>\n\t<meta name=\"robots\" content=\"max-image-preview:large\" \/>\n\t<meta name=\"author\" content=\"immovestuser\"\/>\n\t<meta name=\"google-site-verification\" content=\"fHJKvgWpZCR2zVBHWfkQeFXC11qieUSff0HGNYfuyLA\" \/>\n\t<link rel=\"canonical\" href=\"https:\/\/www.immo-invest.ch\/fr\/waermeverbund-birstal-montiert-holzheizkessel\/\" \/>\n\t<meta name=\"generator\" content=\"All in One SEO (AIOSEO) 5.0.1.1\" \/>\n\t\t<meta property=\"og:locale\" content=\"fr_FR\" \/>\n\t\t<meta property=\"og:site_name\" content=\"immo!nvest - Die Plattform f\u00fcr Standorte und Immobilien - Die\u00a0Plattform f\u00fcr Standorte und Immobilien\" \/>\n\t\t<meta property=\"og:type\" content=\"article\" \/>\n\t\t<meta property=\"og:title\" content=\"Le r\u00e9seau de chaleur Birstal installe une chaudi\u00e8re \u00e0 bois - immo!nvest - Die Plattform f\u00fcr Standorte und Immobilien\" \/>\n\t\t<meta property=\"og:description\" content=\"L&#039;extension du r\u00e9seau de chaleur de Birstal progresse. Celui-ci doit notamment utiliser la chaleur r\u00e9siduelle d&#039;uptownBasel. Actuellement, les premi\u00e8res chaudi\u00e8res \u00e0 bois sont mont\u00e9es sous la responsabilit\u00e9 de Primeo Energie.\" \/>\n\t\t<meta property=\"og:url\" content=\"https:\/\/www.immo-invest.ch\/fr\/waermeverbund-birstal-montiert-holzheizkessel\/\" \/>\n\t\t<meta property=\"og:image\" content=\"https:\/\/www.immo-invest.ch\/wp-content\/uploads\/2023\/06\/holz_feuer-scaled.jpg\" \/>\n\t\t<meta property=\"og:image:secure_url\" content=\"https:\/\/www.immo-invest.ch\/wp-content\/uploads\/2023\/06\/holz_feuer-scaled.jpg\" \/>\n\t\t<meta property=\"og:image:width\" content=\"2560\" \/>\n\t\t<meta property=\"og:image:height\" content=\"1707\" \/>\n\t\t<meta property=\"article:published_time\" content=\"2023-12-08T13:55:00+00:00\" \/>\n\t\t<meta property=\"article:modified_time\" content=\"2023-12-08T15:36:24+00:00\" \/>\n\t\t<meta property=\"article:publisher\" content=\"https:\/\/www.facebook.com\/people\/Immoinvest\/100077962920504\/\" \/>\n\t\t<meta name=\"twitter:card\" content=\"summary_large_image\" \/>\n\t\t<meta name=\"twitter:site\" content=\"@i\" \/>\n\t\t<meta name=\"twitter:title\" content=\"Le r\u00e9seau de chaleur Birstal installe une chaudi\u00e8re \u00e0 bois - immo!nvest - Die Plattform f\u00fcr Standorte und Immobilien\" \/>\n\t\t<meta name=\"twitter:description\" content=\"L&#039;extension du r\u00e9seau de chaleur de Birstal progresse. Celui-ci doit notamment utiliser la chaleur r\u00e9siduelle d&#039;uptownBasel. Actuellement, les premi\u00e8res chaudi\u00e8res \u00e0 bois sont mont\u00e9es sous la responsabilit\u00e9 de Primeo Energie.\" \/>\n\t\t<meta name=\"twitter:creator\" content=\"@i\" \/>\n\t\t<meta name=\"twitter:image\" content=\"https:\/\/www.immo-invest.ch\/wp-content\/uploads\/2023\/06\/holz_feuer-scaled.jpg\" \/>\n\t\t<script type=\"application\/ld+json\" class=\"aioseo-schema\">\n\t\t\t{\"@context\":\"https:\\\/\\\/schema.org\",\"@graph\":[{\"@type\":\"BlogPosting\",\"@id\":\"https:\\\/\\\/www.immo-invest.ch\\\/fr\\\/waermeverbund-birstal-montiert-holzheizkessel\\\/#blogposting\",\"name\":\"Le r\\u00e9seau de chaleur Birstal installe une chaudi\\u00e8re \\u00e0 bois - immo!nvest - Die Plattform f\\u00fcr Standorte und Immobilien\",\"headline\":\"Le r\\u00e9seau de chaleur Birstal installe une chaudi\\u00e8re \\u00e0 bois\",\"author\":{\"@id\":\"https:\\\/\\\/www.immo-invest.ch\\\/fr\\\/author\\\/immovestuser\\\/#author\"},\"publisher\":{\"@id\":\"https:\\\/\\\/www.immo-invest.ch\\\/fr\\\/#organization\"},\"image\":{\"@type\":\"ImageObject\",\"url\":\"https:\\\/\\\/www.immo-invest.ch\\\/wp-content\\\/uploads\\\/2023\\\/06\\\/holz_feuer-scaled.jpg\",\"width\":2560,\"height\":1707},\"datePublished\":\"2023-12-08T14:55:00+01:00\",\"dateModified\":\"2023-12-08T16:36:24+01:00\",\"inLanguage\":\"fr-FR\",\"mainEntityOfPage\":{\"@id\":\"https:\\\/\\\/www.immo-invest.ch\\\/fr\\\/waermeverbund-birstal-montiert-holzheizkessel\\\/#webpage\"},\"isPartOf\":{\"@id\":\"https:\\\/\\\/www.immo-invest.ch\\\/fr\\\/waermeverbund-birstal-montiert-holzheizkessel\\\/#webpage\"},\"articleSection\":\"\\u00c9nergie, immoNews, Abw\\u00e4rme, Energie, Entwicklung, ErneuerbareEnergien, Heizen, Holz, Montage, Projekt, Facultatif\"},{\"@type\":\"BreadcrumbList\",\"@id\":\"https:\\\/\\\/www.immo-invest.ch\\\/fr\\\/waermeverbund-birstal-montiert-holzheizkessel\\\/#breadcrumblist\",\"itemListElement\":[{\"@type\":\"ListItem\",\"@id\":\"https:\\\/\\\/www.immo-invest.ch\\\/fr\\\/#listItem\",\"position\":1,\"name\":\"Home\",\"item\":\"https:\\\/\\\/www.immo-invest.ch\\\/fr\\\/\",\"nextItem\":{\"@type\":\"ListItem\",\"@id\":\"https:\\\/\\\/www.immo-invest.ch\\\/fr\\\/categories\\\/immonews-fr\\\/#listItem\",\"name\":\"immoNews\"}},{\"@type\":\"ListItem\",\"@id\":\"https:\\\/\\\/www.immo-invest.ch\\\/fr\\\/categories\\\/immonews-fr\\\/#listItem\",\"position\":2,\"name\":\"immoNews\",\"item\":\"https:\\\/\\\/www.immo-invest.ch\\\/fr\\\/categories\\\/immonews-fr\\\/\",\"nextItem\":{\"@type\":\"ListItem\",\"@id\":\"https:\\\/\\\/www.immo-invest.ch\\\/fr\\\/waermeverbund-birstal-montiert-holzheizkessel\\\/#listItem\",\"name\":\"Le r\\u00e9seau de chaleur Birstal installe une chaudi\\u00e8re \\u00e0 bois\"},\"previousItem\":{\"@type\":\"ListItem\",\"@id\":\"https:\\\/\\\/www.immo-invest.ch\\\/fr\\\/#listItem\",\"name\":\"Home\"}},{\"@type\":\"ListItem\",\"@id\":\"https:\\\/\\\/www.immo-invest.ch\\\/fr\\\/waermeverbund-birstal-montiert-holzheizkessel\\\/#listItem\",\"position\":3,\"name\":\"Le r\\u00e9seau de chaleur Birstal installe une chaudi\\u00e8re \\u00e0 bois\",\"previousItem\":{\"@type\":\"ListItem\",\"@id\":\"https:\\\/\\\/www.immo-invest.ch\\\/fr\\\/categories\\\/immonews-fr\\\/#listItem\",\"name\":\"immoNews\"}}]},{\"@type\":\"Organization\",\"@id\":\"https:\\\/\\\/www.immo-invest.ch\\\/fr\\\/#organization\",\"name\":\"immo!nvest - Die Plattform f\\u00fcr Standorte und Immobilien\",\"description\":\"Die\\u00a0Plattform f\\u00fcr Standorte und Immobilien\",\"url\":\"https:\\\/\\\/www.immo-invest.ch\\\/fr\\\/\",\"email\":\"admin@immomedia.ag\",\"telephone\":\"+41444420002\",\"logo\":{\"@type\":\"ImageObject\",\"url\":\"https:\\\/\\\/www.immo-invest.ch\\\/wp-content\\\/uploads\\\/2024\\\/09\\\/immoinvest_sm-scaled.jpg\",\"@id\":\"https:\\\/\\\/www.immo-invest.ch\\\/fr\\\/waermeverbund-birstal-montiert-holzheizkessel\\\/#organizationLogo\",\"width\":2560,\"height\":1340},\"image\":{\"@id\":\"https:\\\/\\\/www.immo-invest.ch\\\/fr\\\/waermeverbund-birstal-montiert-holzheizkessel\\\/#organizationLogo\"},\"sameAs\":[\"https:\\\/\\\/www.facebook.com\\\/people\\\/Immoinvest\\\/100077962920504\\\/\",\"https:\\\/\\\/x.com\\\/i\\\/flow\\\/login?redirect_after_login=immoinvest_ch\",\"https:\\\/\\\/www.instagram.com\\\/immoinvest_ch\\\/\",\"https:\\\/\\\/www.linkedin.com\\\/company\\\/immoinvest-swiss\"]},{\"@type\":\"Person\",\"@id\":\"https:\\\/\\\/www.immo-invest.ch\\\/fr\\\/author\\\/immovestuser\\\/#author\",\"url\":\"https:\\\/\\\/www.immo-invest.ch\\\/fr\\\/author\\\/immovestuser\\\/\",\"name\":\"immovestuser\",\"image\":{\"@type\":\"ImageObject\",\"@id\":\"https:\\\/\\\/www.immo-invest.ch\\\/fr\\\/waermeverbund-birstal-montiert-holzheizkessel\\\/#authorImage\",\"url\":\"https:\\\/\\\/secure.gravatar.com\\\/avatar\\\/8e01f4d99f2eeea7a362ebb93305e1172a70e9293ba250f897a65c39f54cdd1e?s=96&d=mm&r=g\",\"width\":96,\"height\":96,\"caption\":\"immovestuser\"}},{\"@type\":\"WebPage\",\"@id\":\"https:\\\/\\\/www.immo-invest.ch\\\/fr\\\/waermeverbund-birstal-montiert-holzheizkessel\\\/#webpage\",\"url\":\"https:\\\/\\\/www.immo-invest.ch\\\/fr\\\/waermeverbund-birstal-montiert-holzheizkessel\\\/\",\"name\":\"Le r\\u00e9seau de chaleur Birstal installe une chaudi\\u00e8re \\u00e0 bois - immo!nvest - Die Plattform f\\u00fcr Standorte und Immobilien\",\"description\":\"L'extension du r\\u00e9seau de chaleur de Birstal progresse. Celui-ci doit notamment utiliser la chaleur r\\u00e9siduelle d'uptownBasel. Actuellement, les premi\\u00e8res chaudi\\u00e8res \\u00e0 bois sont mont\\u00e9es sous la responsabilit\\u00e9 de Primeo Energie.\",\"inLanguage\":\"fr-FR\",\"isPartOf\":{\"@id\":\"https:\\\/\\\/www.immo-invest.ch\\\/fr\\\/#website\"},\"breadcrumb\":{\"@id\":\"https:\\\/\\\/www.immo-invest.ch\\\/fr\\\/waermeverbund-birstal-montiert-holzheizkessel\\\/#breadcrumblist\"},\"author\":{\"@id\":\"https:\\\/\\\/www.immo-invest.ch\\\/fr\\\/author\\\/immovestuser\\\/#author\"},\"creator\":{\"@id\":\"https:\\\/\\\/www.immo-invest.ch\\\/fr\\\/author\\\/immovestuser\\\/#author\"},\"image\":{\"@type\":\"ImageObject\",\"url\":\"https:\\\/\\\/www.immo-invest.ch\\\/wp-content\\\/uploads\\\/2023\\\/06\\\/holz_feuer-scaled.jpg\",\"@id\":\"https:\\\/\\\/www.immo-invest.ch\\\/fr\\\/waermeverbund-birstal-montiert-holzheizkessel\\\/#mainImage\",\"width\":2560,\"height\":1707},\"primaryImageOfPage\":{\"@id\":\"https:\\\/\\\/www.immo-invest.ch\\\/fr\\\/waermeverbund-birstal-montiert-holzheizkessel\\\/#mainImage\"},\"datePublished\":\"2023-12-08T14:55:00+01:00\",\"dateModified\":\"2023-12-08T16:36:24+01:00\"},{\"@type\":\"WebSite\",\"@id\":\"https:\\\/\\\/www.immo-invest.ch\\\/fr\\\/#website\",\"url\":\"https:\\\/\\\/www.immo-invest.ch\\\/fr\\\/\",\"name\":\"immo!nvest - Die Plattform f\\u00fcr Standorte und Immobilien\",\"description\":\"Die\\u00a0Plattform f\\u00fcr Standorte und Immobilien\",\"inLanguage\":\"fr-FR\",\"publisher\":{\"@id\":\"https:\\\/\\\/www.immo-invest.ch\\\/fr\\\/#organization\"}}]}\n\t\t<\/script>\n\t\t<!-- All in One SEO -->\n\n","aioseo_head_json":{"title":"Le r\u00e9seau de chaleur Birstal installe une chaudi\u00e8re \u00e0 bois - immo!nvest - Die Plattform f\u00fcr Standorte und Immobilien","description":"L'extension du r\u00e9seau de chaleur de Birstal progresse. Celui-ci doit notamment utiliser la chaleur r\u00e9siduelle d'uptownBasel. Actuellement, les premi\u00e8res chaudi\u00e8res \u00e0 bois sont mont\u00e9es sous la responsabilit\u00e9 de Primeo Energie.","canonical_url":"https:\/\/www.immo-invest.ch\/fr\/waermeverbund-birstal-montiert-holzheizkessel\/","robots":"max-image-preview:large","keywords":"","webmasterTools":{"google-site-verification":"fHJKvgWpZCR2zVBHWfkQeFXC11qieUSff0HGNYfuyLA","miscellaneous":""},"schema":{"@context":"https:\/\/schema.org","@graph":[{"@type":"BlogPosting","@id":"https:\/\/www.immo-invest.ch\/fr\/waermeverbund-birstal-montiert-holzheizkessel\/#blogposting","name":"Le r\u00e9seau de chaleur Birstal installe une chaudi\u00e8re \u00e0 bois - immo!nvest - Die Plattform f\u00fcr Standorte und Immobilien","headline":"Le r\u00e9seau de chaleur Birstal installe une chaudi\u00e8re \u00e0 bois","author":{"@id":"https:\/\/www.immo-invest.ch\/fr\/author\/immovestuser\/#author"},"publisher":{"@id":"https:\/\/www.immo-invest.ch\/fr\/#organization"},"image":{"@type":"ImageObject","url":"https:\/\/www.immo-invest.ch\/wp-content\/uploads\/2023\/06\/holz_feuer-scaled.jpg","width":2560,"height":1707},"datePublished":"2023-12-08T14:55:00+01:00","dateModified":"2023-12-08T16:36:24+01:00","inLanguage":"fr-FR","mainEntityOfPage":{"@id":"https:\/\/www.immo-invest.ch\/fr\/waermeverbund-birstal-montiert-holzheizkessel\/#webpage"},"isPartOf":{"@id":"https:\/\/www.immo-invest.ch\/fr\/waermeverbund-birstal-montiert-holzheizkessel\/#webpage"},"articleSection":"\u00c9nergie, immoNews, Abw\u00e4rme, Energie, Entwicklung, ErneuerbareEnergien, Heizen, Holz, Montage, Projekt, Facultatif"},{"@type":"BreadcrumbList","@id":"https:\/\/www.immo-invest.ch\/fr\/waermeverbund-birstal-montiert-holzheizkessel\/#breadcrumblist","itemListElement":[{"@type":"ListItem","@id":"https:\/\/www.immo-invest.ch\/fr\/#listItem","position":1,"name":"Home","item":"https:\/\/www.immo-invest.ch\/fr\/","nextItem":{"@type":"ListItem","@id":"https:\/\/www.immo-invest.ch\/fr\/categories\/immonews-fr\/#listItem","name":"immoNews"}},{"@type":"ListItem","@id":"https:\/\/www.immo-invest.ch\/fr\/categories\/immonews-fr\/#listItem","position":2,"name":"immoNews","item":"https:\/\/www.immo-invest.ch\/fr\/categories\/immonews-fr\/","nextItem":{"@type":"ListItem","@id":"https:\/\/www.immo-invest.ch\/fr\/waermeverbund-birstal-montiert-holzheizkessel\/#listItem","name":"Le r\u00e9seau de chaleur Birstal installe une chaudi\u00e8re \u00e0 bois"},"previousItem":{"@type":"ListItem","@id":"https:\/\/www.immo-invest.ch\/fr\/#listItem","name":"Home"}},{"@type":"ListItem","@id":"https:\/\/www.immo-invest.ch\/fr\/waermeverbund-birstal-montiert-holzheizkessel\/#listItem","position":3,"name":"Le r\u00e9seau de chaleur Birstal installe une chaudi\u00e8re \u00e0 bois","previousItem":{"@type":"ListItem","@id":"https:\/\/www.immo-invest.ch\/fr\/categories\/immonews-fr\/#listItem","name":"immoNews"}}]},{"@type":"Organization","@id":"https:\/\/www.immo-invest.ch\/fr\/#organization","name":"immo!nvest - Die Plattform f\u00fcr Standorte und Immobilien","description":"Die\u00a0Plattform f\u00fcr Standorte und Immobilien","url":"https:\/\/www.immo-invest.ch\/fr\/","email":"admin@immomedia.ag","telephone":"+41444420002","logo":{"@type":"ImageObject","url":"https:\/\/www.immo-invest.ch\/wp-content\/uploads\/2024\/09\/immoinvest_sm-scaled.jpg","@id":"https:\/\/www.immo-invest.ch\/fr\/waermeverbund-birstal-montiert-holzheizkessel\/#organizationLogo","width":2560,"height":1340},"image":{"@id":"https:\/\/www.immo-invest.ch\/fr\/waermeverbund-birstal-montiert-holzheizkessel\/#organizationLogo"},"sameAs":["https:\/\/www.facebook.com\/people\/Immoinvest\/100077962920504\/","https:\/\/x.com\/i\/flow\/login?redirect_after_login=immoinvest_ch","https:\/\/www.instagram.com\/immoinvest_ch\/","https:\/\/www.linkedin.com\/company\/immoinvest-swiss"]},{"@type":"Person","@id":"https:\/\/www.immo-invest.ch\/fr\/author\/immovestuser\/#author","url":"https:\/\/www.immo-invest.ch\/fr\/author\/immovestuser\/","name":"immovestuser","image":{"@type":"ImageObject","@id":"https:\/\/www.immo-invest.ch\/fr\/waermeverbund-birstal-montiert-holzheizkessel\/#authorImage","url":"https:\/\/secure.gravatar.com\/avatar\/8e01f4d99f2eeea7a362ebb93305e1172a70e9293ba250f897a65c39f54cdd1e?s=96&d=mm&r=g","width":96,"height":96,"caption":"immovestuser"}},{"@type":"WebPage","@id":"https:\/\/www.immo-invest.ch\/fr\/waermeverbund-birstal-montiert-holzheizkessel\/#webpage","url":"https:\/\/www.immo-invest.ch\/fr\/waermeverbund-birstal-montiert-holzheizkessel\/","name":"Le r\u00e9seau de chaleur Birstal installe une chaudi\u00e8re \u00e0 bois - immo!nvest - Die Plattform f\u00fcr Standorte und Immobilien","description":"L'extension du r\u00e9seau de chaleur de Birstal progresse. Celui-ci doit notamment utiliser la chaleur r\u00e9siduelle d'uptownBasel. Actuellement, les premi\u00e8res chaudi\u00e8res \u00e0 bois sont mont\u00e9es sous la responsabilit\u00e9 de Primeo Energie.","inLanguage":"fr-FR","isPartOf":{"@id":"https:\/\/www.immo-invest.ch\/fr\/#website"},"breadcrumb":{"@id":"https:\/\/www.immo-invest.ch\/fr\/waermeverbund-birstal-montiert-holzheizkessel\/#breadcrumblist"},"author":{"@id":"https:\/\/www.immo-invest.ch\/fr\/author\/immovestuser\/#author"},"creator":{"@id":"https:\/\/www.immo-invest.ch\/fr\/author\/immovestuser\/#author"},"image":{"@type":"ImageObject","url":"https:\/\/www.immo-invest.ch\/wp-content\/uploads\/2023\/06\/holz_feuer-scaled.jpg","@id":"https:\/\/www.immo-invest.ch\/fr\/waermeverbund-birstal-montiert-holzheizkessel\/#mainImage","width":2560,"height":1707},"primaryImageOfPage":{"@id":"https:\/\/www.immo-invest.ch\/fr\/waermeverbund-birstal-montiert-holzheizkessel\/#mainImage"},"datePublished":"2023-12-08T14:55:00+01:00","dateModified":"2023-12-08T16:36:24+01:00"},{"@type":"WebSite","@id":"https:\/\/www.immo-invest.ch\/fr\/#website","url":"https:\/\/www.immo-invest.ch\/fr\/","name":"immo!nvest - Die Plattform f\u00fcr Standorte und Immobilien","description":"Die\u00a0Plattform f\u00fcr Standorte und Immobilien","inLanguage":"fr-FR","publisher":{"@id":"https:\/\/www.immo-invest.ch\/fr\/#organization"}}]},"og:locale":"fr_FR","og:site_name":"immo!nvest - Die Plattform f\u00fcr Standorte und Immobilien - Die\u00a0Plattform f\u00fcr Standorte und Immobilien","og:type":"article","og:title":"Le r\u00e9seau de chaleur Birstal installe une chaudi\u00e8re \u00e0 bois - immo!nvest - Die Plattform f\u00fcr Standorte und Immobilien","og:description":"L'extension du r\u00e9seau de chaleur de Birstal progresse. Celui-ci doit notamment utiliser la chaleur r\u00e9siduelle d'uptownBasel. Actuellement, les premi\u00e8res chaudi\u00e8res \u00e0 bois sont mont\u00e9es sous la responsabilit\u00e9 de Primeo Energie.","og:url":"https:\/\/www.immo-invest.ch\/fr\/waermeverbund-birstal-montiert-holzheizkessel\/","og:image":"https:\/\/www.immo-invest.ch\/wp-content\/uploads\/2023\/06\/holz_feuer-scaled.jpg","og:image:secure_url":"https:\/\/www.immo-invest.ch\/wp-content\/uploads\/2023\/06\/holz_feuer-scaled.jpg","og:image:width":2560,"og:image:height":1707,"article:published_time":"2023-12-08T13:55:00+00:00","article:modified_time":"2023-12-08T15:36:24+00:00","article:publisher":"https:\/\/www.facebook.com\/people\/Immoinvest\/100077962920504\/","twitter:card":"summary_large_image","twitter:site":"@i","twitter:title":"Le r\u00e9seau de chaleur Birstal installe une chaudi\u00e8re \u00e0 bois - immo!nvest - Die Plattform f\u00fcr Standorte und Immobilien","twitter:description":"L'extension du r\u00e9seau de chaleur de Birstal progresse. Celui-ci doit notamment utiliser la chaleur r\u00e9siduelle d'uptownBasel. Actuellement, les premi\u00e8res chaudi\u00e8res \u00e0 bois sont mont\u00e9es sous la responsabilit\u00e9 de Primeo Energie.","twitter:creator":"@i","twitter:image":"https:\/\/www.immo-invest.ch\/wp-content\/uploads\/2023\/06\/holz_feuer-scaled.jpg"},"aioseo_meta_data":{"post_id":"69613","title":null,"description":null,"keywords":null,"keyphrases":null,"primary_term":null,"canonical_url":null,"og_title":null,"og_description":null,"og_object_type":"default","og_image_type":"default","og_image_url":null,"og_image_width":null,"og_image_height":null,"og_image_custom_url":null,"og_image_custom_fields":null,"og_video":null,"og_custom_url":null,"og_article_section":null,"og_article_tags":null,"twitter_use_og":false,"twitter_card":"default","twitter_image_type":"default","twitter_image_url":null,"twitter_image_custom_url":null,"twitter_image_custom_fields":null,"twitter_title":null,"twitter_description":null,"schema":{"blockGraphs":[],"customGraphs":[],"default":{"data":{"Article":[],"Course":[],"Dataset":[],"FAQPage":[],"Movie":[],"Person":[],"Product":[],"ProductReview":[],"Car":[],"Recipe":[],"Service":[],"SoftwareApplication":[],"WebPage":[]},"graphName":"","isEnabled":true},"graphs":[]},"schema_type":"default","schema_type_options":null,"pillar_content":false,"robots_default":true,"robots_noindex":false,"robots_noarchive":false,"robots_nosnippet":false,"robots_nofollow":false,"robots_noimageindex":false,"robots_noodp":false,"robots_notranslate":false,"robots_max_snippet":null,"robots_max_videopreview":null,"robots_max_imagepreview":"large","priority":null,"frequency":null,"local_seo":null,"breadcrumb_settings":null,"limit_modified_date":false,"ai":null,"created":"2024-09-20 13:20:57","updated":"2025-10-23 19:16:13","seo_analyzer_scan_date":null,"focus_keyword":null,"additional_keywords":null,"truseo_locale":null},"aioseo_breadcrumb":"<div class=\"aioseo-breadcrumbs\"><span class=\"aioseo-breadcrumb\">\n\t\t\t<a href=\"https:\/\/www.immo-invest.ch\/fr\/\" title=\"Home\">Home<\/a>\n\t\t<\/span><span class=\"aioseo-breadcrumb-separator\">&raquo;<\/span><span class=\"aioseo-breadcrumb\">\n\t\t\t<a href=\"https:\/\/www.immo-invest.ch\/fr\/categories\/immonews-fr\/\" title=\"immoNews\">immoNews<\/a>\n\t\t<\/span><span class=\"aioseo-breadcrumb-separator\">&raquo;<\/span><span class=\"aioseo-breadcrumb\">\n\t\t\tLe r\u00e9seau de chaleur Birstal installe une chaudi\u00e8re \u00e0 bois\n\t\t<\/span><\/div>","aioseo_breadcrumb_json":[{"label":"Home","link":"https:\/\/www.immo-invest.ch\/fr\/"},{"label":"immoNews","link":"https:\/\/www.immo-invest.ch\/fr\/categories\/immonews-fr\/"},{"label":"Le r\u00e9seau de chaleur Birstal installe une chaudi\u00e8re \u00e0 bois","link":"https:\/\/www.immo-invest.ch\/fr\/waermeverbund-birstal-montiert-holzheizkessel\/"}],"featured_image_src":"https:\/\/www.immo-invest.ch\/wp-content\/uploads\/2023\/06\/holz_feuer-336x168.jpg","_links":{"self":[{"href":"https:\/\/www.immo-invest.ch\/fr\/wp-json\/wp\/v2\/posts\/69613","targetHints":{"allow":["GET"]}}],"collection":[{"href":"https:\/\/www.immo-invest.ch\/fr\/wp-json\/wp\/v2\/posts"}],"about":[{"href":"https:\/\/www.immo-invest.ch\/fr\/wp-json\/wp\/v2\/types\/post"}],"author":[{"embeddable":true,"href":"https:\/\/www.immo-invest.ch\/fr\/wp-json\/wp\/v2\/users\/2"}],"replies":[{"embeddable":true,"href":"https:\/\/www.immo-invest.ch\/fr\/wp-json\/wp\/v2\/comments?post=69613"}],"version-history":[{"count":0,"href":"https:\/\/www.immo-invest.ch\/fr\/wp-json\/wp\/v2\/posts\/69613\/revisions"}],"wp:featuredmedia":[{"embeddable":true,"href":"https:\/\/www.immo-invest.ch\/fr\/wp-json\/wp\/v2\/media\/58122"}],"wp:attachment":[{"href":"https:\/\/www.immo-invest.ch\/fr\/wp-json\/wp\/v2\/media?parent=69613"}],"wp:term":[{"taxonomy":"category","embeddable":true,"href":"https:\/\/www.immo-invest.ch\/fr\/wp-json\/wp\/v2\/categories?post=69613"},{"taxonomy":"post_tag","embeddable":true,"href":"https:\/\/www.immo-invest.ch\/fr\/wp-json\/wp\/v2\/tags?post=69613"}],"curies":[{"name":"wp","href":"https:\/\/api.w.org\/{rel}","templated":true}]}}