{"id":68645,"date":"2023-12-04T16:30:00","date_gmt":"2023-12-04T15:30:00","guid":{"rendered":"https:\/\/www.immo-invest.ch\/?p=68645"},"modified":"2023-12-04T09:21:32","modified_gmt":"2023-12-04T08:21:32","slug":"green-deal-fuer-graubuenden-neubau-verkehrsstuetzpunkt-chur","status":"publish","type":"post","link":"https:\/\/www.immo-invest.ch\/fr\/green-deal-fuer-graubuenden-neubau-verkehrsstuetzpunkt-chur\/","title":{"rendered":"\u00ab\u00a0Green Deal pour les Grisons\u00a0\u00bb Nouvelle construction de la base de transport de Coire"},"content":{"rendered":"<p class=\"wp-block-paragraph\">Le projet gagnant, baptis&eacute; &laquo;&nbsp;FAR&nbsp;&raquo;, a &eacute;t&eacute; d&eacute;velopp&eacute; par l&rsquo;&eacute;quipe de planification g&eacute;n&eacute;rale Comamala Ismail Architectes et Andreas L&uuml;tscher Baumanagement AG. Il se distingue par son design architectural attrayant, mais aussi par sa durabilit&eacute; et sa fonctionnalit&eacute;.<br><br>La construction sert de mod&egrave;le dans le cadre du &laquo;&nbsp;Green Deal pour les Grisons&nbsp;&raquo; et fixe de nouveaux crit&egrave;res de r&eacute;f&eacute;rence pour la construction durable. Il est con&ccedil;u comme un b&acirc;timent r&eacute;pondant &agrave; la norme Minergie-A-Eco avec un objectif de z&eacute;ro net. Le b&acirc;timent int&egrave;gre notamment des panneaux photovolta&iuml;ques et met l&rsquo;accent sur des m&eacute;thodes de construction efficaces sur le plan &eacute;nerg&eacute;tique et respectueuses de l&rsquo;environnement. Les principes de durabilit&eacute; s&rsquo;appliquent &agrave; l&rsquo;ensemble du cycle de vie du b&acirc;timent, de la phase de conception &agrave; la d&eacute;construction.<br><br>Le nouveau site de Coire Sud est strat&eacute;giquement situ&eacute; &agrave; l&rsquo;entr&eacute;e de l&rsquo;autoroute A13. Cela permet &agrave; la police cantonale d&rsquo;agir rapidement et efficacement dans la r&eacute;gion allant de Maienfeld &agrave; Viamala. Gr&acirc;ce &agrave; la fr&eacute;quence &eacute;lev&eacute;e du trafic dans la r&eacute;gion de Coire, le site offre des conditions optimales pour un travail efficace de police de la circulation.<br><br>La consolidation des bases actuelles de Coire et de Thusis contribue &agrave; une meilleure r&eacute;partition des ressources et &agrave; l&rsquo;efficacit&eacute; des moyens d&rsquo;intervention de la police.<br><br>Outre l&rsquo;efficacit&eacute; &eacute;nerg&eacute;tique, le projet met l&rsquo;accent sur d&rsquo;autres aspects de la durabilit&eacute;, tels que l&rsquo;efficacit&eacute; des ressources, l&rsquo;&eacute;conomie circulaire et un microclimat adapt&eacute;. Le b&acirc;timent contribue ainsi &agrave; la pr&eacute;servation des ressources environnementales et favorise en outre la biodiversit&eacute;.<br><br>Dans l&rsquo;ensemble, la base de transport pr&eacute;vue repr&eacute;sente un projet ambitieux qui pose de nouveaux jalons dans de nombreux domaines, de la conception au design en passant par la durabilit&eacute; et la fonctionnalit&eacute;.<\/p>\n","protected":false},"excerpt":{"rendered":"<p>La base de circulation de la police cantonale des Grisons pr\u00e9vue \u00e0 Coire Sud est en passe d&rsquo;\u00eatre r\u00e9alis\u00e9e. Un budget de 9,8 millions de francs pour le projet de construction a \u00e9t\u00e9 approuv\u00e9 par le Grand Conseil en avril 2022. L&rsquo;ach\u00e8vement de ce b\u00e2timent innovant est pr\u00e9vu pour l&rsquo;automne 2024, avec une dur\u00e9e de construction d&rsquo;environ un an et demi.<\/p>\n","protected":false},"author":2,"featured_media":68622,"comment_status":"open","ping_status":"open","sticky":false,"template":"","format":"standard","meta":{"pmpro_default_level":"0","inline_featured_image":false,"_monsterinsights_skip_tracking":false,"footnotes":""},"categories":[22347,22703],"tags":[26291,2053,43345,2564,8082,2056,2225,43348],"class_list":["post-68645","post","type-post","status-publish","format-standard","has-post-thumbnail","hentry","category-grisons","category-mobilite","tag-bauwerk-fr","tag-energieeffizienz-fr","tag-fotovoltaik-module-fr","tag-kantonspolizei-fr","tag-konstruktionsmethoden-fr","tag-nachhaltigkeit-fr","tag-neubau-fr","tag-verkehrsstueuetzpunkt-fr","pmpro-has-access"],"acf":{"bild_mit_ki_erstellt_worden":[],"lead":"La base de circulation de la police cantonale des Grisons pr\u00e9vue \u00e0 Coire Sud est en passe d'\u00eatre r\u00e9alis\u00e9e. Un budget de 9,8 millions de francs pour le projet de construction a \u00e9t\u00e9 approuv\u00e9 par le Grand Conseil en avril 2022. L'ach\u00e8vement de ce b\u00e2timent innovant est pr\u00e9vu pour l'automne 2024, avec une dur\u00e9e de construction d'environ un an et demi.","autor":"Text: Jessica Bill Bild: zVg.","ort":"","bildunterschrift":"","bild_im_grid":false,"gallerie":"","newsim":""},"aioseo_notices":[],"aioseo_head":"\n\t\t<!-- All in One SEO 5.0.0.1 - aioseo.com -->\n\t<meta name=\"description\" content=\"La base de circulation de la police cantonale des Grisons pr\u00e9vue \u00e0 Coire Sud est en passe d&#039;\u00eatre r\u00e9alis\u00e9e. Un budget de 9,8 millions de francs pour le projet de construction a \u00e9t\u00e9 approuv\u00e9 par le Grand Conseil en avril 2022. L&#039;ach\u00e8vement de ce b\u00e2timent innovant est pr\u00e9vu pour l&#039;automne 2024, avec une dur\u00e9e de construction d&#039;environ un an et demi.\" \/>\n\t<meta name=\"robots\" content=\"max-image-preview:large\" \/>\n\t<meta name=\"author\" content=\"immovestuser\"\/>\n\t<meta name=\"google-site-verification\" content=\"fHJKvgWpZCR2zVBHWfkQeFXC11qieUSff0HGNYfuyLA\" \/>\n\t<link rel=\"canonical\" href=\"https:\/\/www.immo-invest.ch\/fr\/green-deal-fuer-graubuenden-neubau-verkehrsstuetzpunkt-chur\/\" \/>\n\t<meta name=\"generator\" content=\"All in One SEO (AIOSEO) 5.0.0.1\" \/>\n\t\t<meta property=\"og:locale\" content=\"fr_FR\" \/>\n\t\t<meta property=\"og:site_name\" content=\"immo!nvest - Die Plattform f\u00fcr Standorte und Immobilien - Die\u00a0Plattform f\u00fcr Standorte und Immobilien\" \/>\n\t\t<meta property=\"og:type\" content=\"article\" \/>\n\t\t<meta property=\"og:title\" content=\"\u00ab Green Deal pour les Grisons \u00bb Nouvelle construction de la base de transport de Coire - immo!nvest - Die Plattform f\u00fcr Standorte und Immobilien\" \/>\n\t\t<meta property=\"og:description\" content=\"La base de circulation de la police cantonale des Grisons pr\u00e9vue \u00e0 Coire Sud est en passe d&#039;\u00eatre r\u00e9alis\u00e9e. Un budget de 9,8 millions de francs pour le projet de construction a \u00e9t\u00e9 approuv\u00e9 par le Grand Conseil en avril 2022. L&#039;ach\u00e8vement de ce b\u00e2timent innovant est pr\u00e9vu pour l&#039;automne 2024, avec une dur\u00e9e de construction d&#039;environ un an et demi.\" \/>\n\t\t<meta property=\"og:url\" content=\"https:\/\/www.immo-invest.ch\/fr\/green-deal-fuer-graubuenden-neubau-verkehrsstuetzpunkt-chur\/\" \/>\n\t\t<meta property=\"og:image\" content=\"https:\/\/www.immo-invest.ch\/wp-content\/uploads\/2023\/12\/COIS_Chur_update_2023_01_original2-scaled.jpg\" \/>\n\t\t<meta property=\"og:image:secure_url\" content=\"https:\/\/www.immo-invest.ch\/wp-content\/uploads\/2023\/12\/COIS_Chur_update_2023_01_original2-scaled.jpg\" \/>\n\t\t<meta property=\"og:image:width\" content=\"2560\" \/>\n\t\t<meta property=\"og:image:height\" content=\"1810\" \/>\n\t\t<meta property=\"article:published_time\" content=\"2023-12-04T15:30:00+00:00\" \/>\n\t\t<meta property=\"article:modified_time\" content=\"2023-12-04T08:21:32+00:00\" \/>\n\t\t<meta property=\"article:publisher\" content=\"https:\/\/www.facebook.com\/people\/Immoinvest\/100077962920504\/\" \/>\n\t\t<meta name=\"twitter:card\" content=\"summary_large_image\" \/>\n\t\t<meta name=\"twitter:site\" content=\"@i\" \/>\n\t\t<meta name=\"twitter:title\" content=\"\u00ab Green Deal pour les Grisons \u00bb Nouvelle construction de la base de transport de Coire - immo!nvest - Die Plattform f\u00fcr Standorte und Immobilien\" \/>\n\t\t<meta name=\"twitter:description\" content=\"La base de circulation de la police cantonale des Grisons pr\u00e9vue \u00e0 Coire Sud est en passe d&#039;\u00eatre r\u00e9alis\u00e9e. Un budget de 9,8 millions de francs pour le projet de construction a \u00e9t\u00e9 approuv\u00e9 par le Grand Conseil en avril 2022. L&#039;ach\u00e8vement de ce b\u00e2timent innovant est pr\u00e9vu pour l&#039;automne 2024, avec une dur\u00e9e de construction d&#039;environ un an et demi.\" \/>\n\t\t<meta name=\"twitter:creator\" content=\"@i\" \/>\n\t\t<meta name=\"twitter:image\" content=\"https:\/\/www.immo-invest.ch\/wp-content\/uploads\/2023\/12\/COIS_Chur_update_2023_01_original2-scaled.jpg\" \/>\n\t\t<script type=\"application\/ld+json\" class=\"aioseo-schema\">\n\t\t\t{\"@context\":\"https:\\\/\\\/schema.org\",\"@graph\":[{\"@type\":\"BlogPosting\",\"@id\":\"https:\\\/\\\/www.immo-invest.ch\\\/fr\\\/green-deal-fuer-graubuenden-neubau-verkehrsstuetzpunkt-chur\\\/#blogposting\",\"name\":\"\\u00ab Green Deal pour les Grisons \\u00bb Nouvelle construction de la base de transport de Coire - immo!nvest - Die Plattform f\\u00fcr Standorte und Immobilien\",\"headline\":\"\\u00ab\\u00a0Green Deal pour les Grisons\\u00a0\\u00bb Nouvelle construction de la base de transport de Coire\",\"author\":{\"@id\":\"https:\\\/\\\/www.immo-invest.ch\\\/fr\\\/author\\\/immovestuser\\\/#author\"},\"publisher\":{\"@id\":\"https:\\\/\\\/www.immo-invest.ch\\\/fr\\\/#organization\"},\"image\":{\"@type\":\"ImageObject\",\"url\":\"https:\\\/\\\/www.immo-invest.ch\\\/wp-content\\\/uploads\\\/2023\\\/12\\\/COIS_Chur_update_2023_01_original2-scaled.jpg\",\"width\":2560,\"height\":1810},\"datePublished\":\"2023-12-04T16:30:00+01:00\",\"dateModified\":\"2023-12-04T09:21:32+01:00\",\"inLanguage\":\"fr-FR\",\"mainEntityOfPage\":{\"@id\":\"https:\\\/\\\/www.immo-invest.ch\\\/fr\\\/green-deal-fuer-graubuenden-neubau-verkehrsstuetzpunkt-chur\\\/#webpage\"},\"isPartOf\":{\"@id\":\"https:\\\/\\\/www.immo-invest.ch\\\/fr\\\/green-deal-fuer-graubuenden-neubau-verkehrsstuetzpunkt-chur\\\/#webpage\"},\"articleSection\":\"Grisons, Mobilit\\u00e9, Bauwerk, Energieeffizienz, Fotovoltaik-Module, kantonspolizei, Konstruktionsmethoden, Nachhaltigkeit, Neubau, Verkehrsst\\u00fc\\u00fctzpunkt, Facultatif\"},{\"@type\":\"BreadcrumbList\",\"@id\":\"https:\\\/\\\/www.immo-invest.ch\\\/fr\\\/green-deal-fuer-graubuenden-neubau-verkehrsstuetzpunkt-chur\\\/#breadcrumblist\",\"itemListElement\":[{\"@type\":\"ListItem\",\"@id\":\"https:\\\/\\\/www.immo-invest.ch\\\/fr\\\/#listItem\",\"position\":1,\"name\":\"Home\",\"item\":\"https:\\\/\\\/www.immo-invest.ch\\\/fr\\\/\",\"nextItem\":{\"@type\":\"ListItem\",\"@id\":\"https:\\\/\\\/www.immo-invest.ch\\\/fr\\\/categories\\\/regions\\\/#listItem\",\"name\":\"R\\u00e9gions\"}},{\"@type\":\"ListItem\",\"@id\":\"https:\\\/\\\/www.immo-invest.ch\\\/fr\\\/categories\\\/regions\\\/#listItem\",\"position\":2,\"name\":\"R\\u00e9gions\",\"item\":\"https:\\\/\\\/www.immo-invest.ch\\\/fr\\\/categories\\\/regions\\\/\",\"nextItem\":{\"@type\":\"ListItem\",\"@id\":\"https:\\\/\\\/www.immo-invest.ch\\\/fr\\\/categories\\\/regions\\\/suisse\\\/#listItem\",\"name\":\"Suisse\"},\"previousItem\":{\"@type\":\"ListItem\",\"@id\":\"https:\\\/\\\/www.immo-invest.ch\\\/fr\\\/#listItem\",\"name\":\"Home\"}},{\"@type\":\"ListItem\",\"@id\":\"https:\\\/\\\/www.immo-invest.ch\\\/fr\\\/categories\\\/regions\\\/suisse\\\/#listItem\",\"position\":3,\"name\":\"Suisse\",\"item\":\"https:\\\/\\\/www.immo-invest.ch\\\/fr\\\/categories\\\/regions\\\/suisse\\\/\",\"nextItem\":{\"@type\":\"ListItem\",\"@id\":\"https:\\\/\\\/www.immo-invest.ch\\\/fr\\\/categories\\\/regions\\\/suisse\\\/suisse-orientale\\\/#listItem\",\"name\":\"Suisse orientale\"},\"previousItem\":{\"@type\":\"ListItem\",\"@id\":\"https:\\\/\\\/www.immo-invest.ch\\\/fr\\\/categories\\\/regions\\\/#listItem\",\"name\":\"R\\u00e9gions\"}},{\"@type\":\"ListItem\",\"@id\":\"https:\\\/\\\/www.immo-invest.ch\\\/fr\\\/categories\\\/regions\\\/suisse\\\/suisse-orientale\\\/#listItem\",\"position\":4,\"name\":\"Suisse orientale\",\"item\":\"https:\\\/\\\/www.immo-invest.ch\\\/fr\\\/categories\\\/regions\\\/suisse\\\/suisse-orientale\\\/\",\"nextItem\":{\"@type\":\"ListItem\",\"@id\":\"https:\\\/\\\/www.immo-invest.ch\\\/fr\\\/categories\\\/regions\\\/suisse\\\/suisse-orientale\\\/grisons\\\/#listItem\",\"name\":\"Grisons\"},\"previousItem\":{\"@type\":\"ListItem\",\"@id\":\"https:\\\/\\\/www.immo-invest.ch\\\/fr\\\/categories\\\/regions\\\/suisse\\\/#listItem\",\"name\":\"Suisse\"}},{\"@type\":\"ListItem\",\"@id\":\"https:\\\/\\\/www.immo-invest.ch\\\/fr\\\/categories\\\/regions\\\/suisse\\\/suisse-orientale\\\/grisons\\\/#listItem\",\"position\":5,\"name\":\"Grisons\",\"item\":\"https:\\\/\\\/www.immo-invest.ch\\\/fr\\\/categories\\\/regions\\\/suisse\\\/suisse-orientale\\\/grisons\\\/\",\"nextItem\":{\"@type\":\"ListItem\",\"@id\":\"https:\\\/\\\/www.immo-invest.ch\\\/fr\\\/green-deal-fuer-graubuenden-neubau-verkehrsstuetzpunkt-chur\\\/#listItem\",\"name\":\"\\u00ab\\u00a0Green Deal pour les Grisons\\u00a0\\u00bb Nouvelle construction de la base de transport de Coire\"},\"previousItem\":{\"@type\":\"ListItem\",\"@id\":\"https:\\\/\\\/www.immo-invest.ch\\\/fr\\\/categories\\\/regions\\\/suisse\\\/suisse-orientale\\\/#listItem\",\"name\":\"Suisse orientale\"}},{\"@type\":\"ListItem\",\"@id\":\"https:\\\/\\\/www.immo-invest.ch\\\/fr\\\/green-deal-fuer-graubuenden-neubau-verkehrsstuetzpunkt-chur\\\/#listItem\",\"position\":6,\"name\":\"\\u00ab\\u00a0Green Deal pour les Grisons\\u00a0\\u00bb Nouvelle construction de la base de transport de Coire\",\"previousItem\":{\"@type\":\"ListItem\",\"@id\":\"https:\\\/\\\/www.immo-invest.ch\\\/fr\\\/categories\\\/regions\\\/suisse\\\/suisse-orientale\\\/grisons\\\/#listItem\",\"name\":\"Grisons\"}}]},{\"@type\":\"Organization\",\"@id\":\"https:\\\/\\\/www.immo-invest.ch\\\/fr\\\/#organization\",\"name\":\"immo!nvest - Die Plattform f\\u00fcr Standorte und Immobilien\",\"description\":\"Die\\u00a0Plattform f\\u00fcr Standorte und Immobilien\",\"url\":\"https:\\\/\\\/www.immo-invest.ch\\\/fr\\\/\",\"email\":\"admin@immomedia.ag\",\"telephone\":\"+41444420002\",\"logo\":{\"@type\":\"ImageObject\",\"url\":\"https:\\\/\\\/www.immo-invest.ch\\\/wp-content\\\/uploads\\\/2024\\\/09\\\/immoinvest_sm-scaled.jpg\",\"@id\":\"https:\\\/\\\/www.immo-invest.ch\\\/fr\\\/green-deal-fuer-graubuenden-neubau-verkehrsstuetzpunkt-chur\\\/#organizationLogo\",\"width\":2560,\"height\":1340},\"image\":{\"@id\":\"https:\\\/\\\/www.immo-invest.ch\\\/fr\\\/green-deal-fuer-graubuenden-neubau-verkehrsstuetzpunkt-chur\\\/#organizationLogo\"},\"sameAs\":[\"https:\\\/\\\/www.facebook.com\\\/people\\\/Immoinvest\\\/100077962920504\\\/\",\"https:\\\/\\\/x.com\\\/i\\\/flow\\\/login?redirect_after_login=immoinvest_ch\",\"https:\\\/\\\/www.instagram.com\\\/immoinvest_ch\\\/\",\"https:\\\/\\\/www.linkedin.com\\\/company\\\/immoinvest-swiss\"]},{\"@type\":\"Person\",\"@id\":\"https:\\\/\\\/www.immo-invest.ch\\\/fr\\\/author\\\/immovestuser\\\/#author\",\"url\":\"https:\\\/\\\/www.immo-invest.ch\\\/fr\\\/author\\\/immovestuser\\\/\",\"name\":\"immovestuser\",\"image\":{\"@type\":\"ImageObject\",\"@id\":\"https:\\\/\\\/www.immo-invest.ch\\\/fr\\\/green-deal-fuer-graubuenden-neubau-verkehrsstuetzpunkt-chur\\\/#authorImage\",\"url\":\"https:\\\/\\\/secure.gravatar.com\\\/avatar\\\/8e01f4d99f2eeea7a362ebb93305e1172a70e9293ba250f897a65c39f54cdd1e?s=96&d=mm&r=g\",\"width\":96,\"height\":96,\"caption\":\"immovestuser\"}},{\"@type\":\"WebPage\",\"@id\":\"https:\\\/\\\/www.immo-invest.ch\\\/fr\\\/green-deal-fuer-graubuenden-neubau-verkehrsstuetzpunkt-chur\\\/#webpage\",\"url\":\"https:\\\/\\\/www.immo-invest.ch\\\/fr\\\/green-deal-fuer-graubuenden-neubau-verkehrsstuetzpunkt-chur\\\/\",\"name\":\"\\u00ab Green Deal pour les Grisons \\u00bb Nouvelle construction de la base de transport de Coire - immo!nvest - Die Plattform f\\u00fcr Standorte und Immobilien\",\"description\":\"La base de circulation de la police cantonale des Grisons pr\\u00e9vue \\u00e0 Coire Sud est en passe d'\\u00eatre r\\u00e9alis\\u00e9e. Un budget de 9,8 millions de francs pour le projet de construction a \\u00e9t\\u00e9 approuv\\u00e9 par le Grand Conseil en avril 2022. L'ach\\u00e8vement de ce b\\u00e2timent innovant est pr\\u00e9vu pour l'automne 2024, avec une dur\\u00e9e de construction d'environ un an et demi.\",\"inLanguage\":\"fr-FR\",\"isPartOf\":{\"@id\":\"https:\\\/\\\/www.immo-invest.ch\\\/fr\\\/#website\"},\"breadcrumb\":{\"@id\":\"https:\\\/\\\/www.immo-invest.ch\\\/fr\\\/green-deal-fuer-graubuenden-neubau-verkehrsstuetzpunkt-chur\\\/#breadcrumblist\"},\"author\":{\"@id\":\"https:\\\/\\\/www.immo-invest.ch\\\/fr\\\/author\\\/immovestuser\\\/#author\"},\"creator\":{\"@id\":\"https:\\\/\\\/www.immo-invest.ch\\\/fr\\\/author\\\/immovestuser\\\/#author\"},\"image\":{\"@type\":\"ImageObject\",\"url\":\"https:\\\/\\\/www.immo-invest.ch\\\/wp-content\\\/uploads\\\/2023\\\/12\\\/COIS_Chur_update_2023_01_original2-scaled.jpg\",\"@id\":\"https:\\\/\\\/www.immo-invest.ch\\\/fr\\\/green-deal-fuer-graubuenden-neubau-verkehrsstuetzpunkt-chur\\\/#mainImage\",\"width\":2560,\"height\":1810},\"primaryImageOfPage\":{\"@id\":\"https:\\\/\\\/www.immo-invest.ch\\\/fr\\\/green-deal-fuer-graubuenden-neubau-verkehrsstuetzpunkt-chur\\\/#mainImage\"},\"datePublished\":\"2023-12-04T16:30:00+01:00\",\"dateModified\":\"2023-12-04T09:21:32+01:00\"},{\"@type\":\"WebSite\",\"@id\":\"https:\\\/\\\/www.immo-invest.ch\\\/fr\\\/#website\",\"url\":\"https:\\\/\\\/www.immo-invest.ch\\\/fr\\\/\",\"name\":\"immo!nvest - Die Plattform f\\u00fcr Standorte und Immobilien\",\"description\":\"Die\\u00a0Plattform f\\u00fcr Standorte und Immobilien\",\"inLanguage\":\"fr-FR\",\"publisher\":{\"@id\":\"https:\\\/\\\/www.immo-invest.ch\\\/fr\\\/#organization\"}}]}\n\t\t<\/script>\n\t\t<!-- All in One SEO -->\n\n","aioseo_head_json":{"title":"\u00ab Green Deal pour les Grisons \u00bb Nouvelle construction de la base de transport de Coire - immo!nvest - Die Plattform f\u00fcr Standorte und Immobilien","description":"La base de circulation de la police cantonale des Grisons pr\u00e9vue \u00e0 Coire Sud est en passe d'\u00eatre r\u00e9alis\u00e9e. Un budget de 9,8 millions de francs pour le projet de construction a \u00e9t\u00e9 approuv\u00e9 par le Grand Conseil en avril 2022. L'ach\u00e8vement de ce b\u00e2timent innovant est pr\u00e9vu pour l'automne 2024, avec une dur\u00e9e de construction d'environ un an et demi.","canonical_url":"https:\/\/www.immo-invest.ch\/fr\/green-deal-fuer-graubuenden-neubau-verkehrsstuetzpunkt-chur\/","robots":"max-image-preview:large","keywords":"","webmasterTools":{"google-site-verification":"fHJKvgWpZCR2zVBHWfkQeFXC11qieUSff0HGNYfuyLA","miscellaneous":""},"schema":{"@context":"https:\/\/schema.org","@graph":[{"@type":"BlogPosting","@id":"https:\/\/www.immo-invest.ch\/fr\/green-deal-fuer-graubuenden-neubau-verkehrsstuetzpunkt-chur\/#blogposting","name":"\u00ab Green Deal pour les Grisons \u00bb Nouvelle construction de la base de transport de Coire - immo!nvest - Die Plattform f\u00fcr Standorte und Immobilien","headline":"\u00ab\u00a0Green Deal pour les Grisons\u00a0\u00bb Nouvelle construction de la base de transport de Coire","author":{"@id":"https:\/\/www.immo-invest.ch\/fr\/author\/immovestuser\/#author"},"publisher":{"@id":"https:\/\/www.immo-invest.ch\/fr\/#organization"},"image":{"@type":"ImageObject","url":"https:\/\/www.immo-invest.ch\/wp-content\/uploads\/2023\/12\/COIS_Chur_update_2023_01_original2-scaled.jpg","width":2560,"height":1810},"datePublished":"2023-12-04T16:30:00+01:00","dateModified":"2023-12-04T09:21:32+01:00","inLanguage":"fr-FR","mainEntityOfPage":{"@id":"https:\/\/www.immo-invest.ch\/fr\/green-deal-fuer-graubuenden-neubau-verkehrsstuetzpunkt-chur\/#webpage"},"isPartOf":{"@id":"https:\/\/www.immo-invest.ch\/fr\/green-deal-fuer-graubuenden-neubau-verkehrsstuetzpunkt-chur\/#webpage"},"articleSection":"Grisons, Mobilit\u00e9, Bauwerk, Energieeffizienz, Fotovoltaik-Module, kantonspolizei, Konstruktionsmethoden, Nachhaltigkeit, Neubau, Verkehrsst\u00fc\u00fctzpunkt, Facultatif"},{"@type":"BreadcrumbList","@id":"https:\/\/www.immo-invest.ch\/fr\/green-deal-fuer-graubuenden-neubau-verkehrsstuetzpunkt-chur\/#breadcrumblist","itemListElement":[{"@type":"ListItem","@id":"https:\/\/www.immo-invest.ch\/fr\/#listItem","position":1,"name":"Home","item":"https:\/\/www.immo-invest.ch\/fr\/","nextItem":{"@type":"ListItem","@id":"https:\/\/www.immo-invest.ch\/fr\/categories\/regions\/#listItem","name":"R\u00e9gions"}},{"@type":"ListItem","@id":"https:\/\/www.immo-invest.ch\/fr\/categories\/regions\/#listItem","position":2,"name":"R\u00e9gions","item":"https:\/\/www.immo-invest.ch\/fr\/categories\/regions\/","nextItem":{"@type":"ListItem","@id":"https:\/\/www.immo-invest.ch\/fr\/categories\/regions\/suisse\/#listItem","name":"Suisse"},"previousItem":{"@type":"ListItem","@id":"https:\/\/www.immo-invest.ch\/fr\/#listItem","name":"Home"}},{"@type":"ListItem","@id":"https:\/\/www.immo-invest.ch\/fr\/categories\/regions\/suisse\/#listItem","position":3,"name":"Suisse","item":"https:\/\/www.immo-invest.ch\/fr\/categories\/regions\/suisse\/","nextItem":{"@type":"ListItem","@id":"https:\/\/www.immo-invest.ch\/fr\/categories\/regions\/suisse\/suisse-orientale\/#listItem","name":"Suisse orientale"},"previousItem":{"@type":"ListItem","@id":"https:\/\/www.immo-invest.ch\/fr\/categories\/regions\/#listItem","name":"R\u00e9gions"}},{"@type":"ListItem","@id":"https:\/\/www.immo-invest.ch\/fr\/categories\/regions\/suisse\/suisse-orientale\/#listItem","position":4,"name":"Suisse orientale","item":"https:\/\/www.immo-invest.ch\/fr\/categories\/regions\/suisse\/suisse-orientale\/","nextItem":{"@type":"ListItem","@id":"https:\/\/www.immo-invest.ch\/fr\/categories\/regions\/suisse\/suisse-orientale\/grisons\/#listItem","name":"Grisons"},"previousItem":{"@type":"ListItem","@id":"https:\/\/www.immo-invest.ch\/fr\/categories\/regions\/suisse\/#listItem","name":"Suisse"}},{"@type":"ListItem","@id":"https:\/\/www.immo-invest.ch\/fr\/categories\/regions\/suisse\/suisse-orientale\/grisons\/#listItem","position":5,"name":"Grisons","item":"https:\/\/www.immo-invest.ch\/fr\/categories\/regions\/suisse\/suisse-orientale\/grisons\/","nextItem":{"@type":"ListItem","@id":"https:\/\/www.immo-invest.ch\/fr\/green-deal-fuer-graubuenden-neubau-verkehrsstuetzpunkt-chur\/#listItem","name":"\u00ab\u00a0Green Deal pour les Grisons\u00a0\u00bb Nouvelle construction de la base de transport de Coire"},"previousItem":{"@type":"ListItem","@id":"https:\/\/www.immo-invest.ch\/fr\/categories\/regions\/suisse\/suisse-orientale\/#listItem","name":"Suisse orientale"}},{"@type":"ListItem","@id":"https:\/\/www.immo-invest.ch\/fr\/green-deal-fuer-graubuenden-neubau-verkehrsstuetzpunkt-chur\/#listItem","position":6,"name":"\u00ab\u00a0Green Deal pour les Grisons\u00a0\u00bb Nouvelle construction de la base de transport de Coire","previousItem":{"@type":"ListItem","@id":"https:\/\/www.immo-invest.ch\/fr\/categories\/regions\/suisse\/suisse-orientale\/grisons\/#listItem","name":"Grisons"}}]},{"@type":"Organization","@id":"https:\/\/www.immo-invest.ch\/fr\/#organization","name":"immo!nvest - Die Plattform f\u00fcr Standorte und Immobilien","description":"Die\u00a0Plattform f\u00fcr Standorte und Immobilien","url":"https:\/\/www.immo-invest.ch\/fr\/","email":"admin@immomedia.ag","telephone":"+41444420002","logo":{"@type":"ImageObject","url":"https:\/\/www.immo-invest.ch\/wp-content\/uploads\/2024\/09\/immoinvest_sm-scaled.jpg","@id":"https:\/\/www.immo-invest.ch\/fr\/green-deal-fuer-graubuenden-neubau-verkehrsstuetzpunkt-chur\/#organizationLogo","width":2560,"height":1340},"image":{"@id":"https:\/\/www.immo-invest.ch\/fr\/green-deal-fuer-graubuenden-neubau-verkehrsstuetzpunkt-chur\/#organizationLogo"},"sameAs":["https:\/\/www.facebook.com\/people\/Immoinvest\/100077962920504\/","https:\/\/x.com\/i\/flow\/login?redirect_after_login=immoinvest_ch","https:\/\/www.instagram.com\/immoinvest_ch\/","https:\/\/www.linkedin.com\/company\/immoinvest-swiss"]},{"@type":"Person","@id":"https:\/\/www.immo-invest.ch\/fr\/author\/immovestuser\/#author","url":"https:\/\/www.immo-invest.ch\/fr\/author\/immovestuser\/","name":"immovestuser","image":{"@type":"ImageObject","@id":"https:\/\/www.immo-invest.ch\/fr\/green-deal-fuer-graubuenden-neubau-verkehrsstuetzpunkt-chur\/#authorImage","url":"https:\/\/secure.gravatar.com\/avatar\/8e01f4d99f2eeea7a362ebb93305e1172a70e9293ba250f897a65c39f54cdd1e?s=96&d=mm&r=g","width":96,"height":96,"caption":"immovestuser"}},{"@type":"WebPage","@id":"https:\/\/www.immo-invest.ch\/fr\/green-deal-fuer-graubuenden-neubau-verkehrsstuetzpunkt-chur\/#webpage","url":"https:\/\/www.immo-invest.ch\/fr\/green-deal-fuer-graubuenden-neubau-verkehrsstuetzpunkt-chur\/","name":"\u00ab Green Deal pour les Grisons \u00bb Nouvelle construction de la base de transport de Coire - immo!nvest - Die Plattform f\u00fcr Standorte und Immobilien","description":"La base de circulation de la police cantonale des Grisons pr\u00e9vue \u00e0 Coire Sud est en passe d'\u00eatre r\u00e9alis\u00e9e. Un budget de 9,8 millions de francs pour le projet de construction a \u00e9t\u00e9 approuv\u00e9 par le Grand Conseil en avril 2022. L'ach\u00e8vement de ce b\u00e2timent innovant est pr\u00e9vu pour l'automne 2024, avec une dur\u00e9e de construction d'environ un an et demi.","inLanguage":"fr-FR","isPartOf":{"@id":"https:\/\/www.immo-invest.ch\/fr\/#website"},"breadcrumb":{"@id":"https:\/\/www.immo-invest.ch\/fr\/green-deal-fuer-graubuenden-neubau-verkehrsstuetzpunkt-chur\/#breadcrumblist"},"author":{"@id":"https:\/\/www.immo-invest.ch\/fr\/author\/immovestuser\/#author"},"creator":{"@id":"https:\/\/www.immo-invest.ch\/fr\/author\/immovestuser\/#author"},"image":{"@type":"ImageObject","url":"https:\/\/www.immo-invest.ch\/wp-content\/uploads\/2023\/12\/COIS_Chur_update_2023_01_original2-scaled.jpg","@id":"https:\/\/www.immo-invest.ch\/fr\/green-deal-fuer-graubuenden-neubau-verkehrsstuetzpunkt-chur\/#mainImage","width":2560,"height":1810},"primaryImageOfPage":{"@id":"https:\/\/www.immo-invest.ch\/fr\/green-deal-fuer-graubuenden-neubau-verkehrsstuetzpunkt-chur\/#mainImage"},"datePublished":"2023-12-04T16:30:00+01:00","dateModified":"2023-12-04T09:21:32+01:00"},{"@type":"WebSite","@id":"https:\/\/www.immo-invest.ch\/fr\/#website","url":"https:\/\/www.immo-invest.ch\/fr\/","name":"immo!nvest - Die Plattform f\u00fcr Standorte und Immobilien","description":"Die\u00a0Plattform f\u00fcr Standorte und Immobilien","inLanguage":"fr-FR","publisher":{"@id":"https:\/\/www.immo-invest.ch\/fr\/#organization"}}]},"og:locale":"fr_FR","og:site_name":"immo!nvest - Die Plattform f\u00fcr Standorte und Immobilien - Die\u00a0Plattform f\u00fcr Standorte und Immobilien","og:type":"article","og:title":"\u00ab Green Deal pour les Grisons \u00bb Nouvelle construction de la base de transport de Coire - immo!nvest - Die Plattform f\u00fcr Standorte und Immobilien","og:description":"La base de circulation de la police cantonale des Grisons pr\u00e9vue \u00e0 Coire Sud est en passe d'\u00eatre r\u00e9alis\u00e9e. Un budget de 9,8 millions de francs pour le projet de construction a \u00e9t\u00e9 approuv\u00e9 par le Grand Conseil en avril 2022. L'ach\u00e8vement de ce b\u00e2timent innovant est pr\u00e9vu pour l'automne 2024, avec une dur\u00e9e de construction d'environ un an et demi.","og:url":"https:\/\/www.immo-invest.ch\/fr\/green-deal-fuer-graubuenden-neubau-verkehrsstuetzpunkt-chur\/","og:image":"https:\/\/www.immo-invest.ch\/wp-content\/uploads\/2023\/12\/COIS_Chur_update_2023_01_original2-scaled.jpg","og:image:secure_url":"https:\/\/www.immo-invest.ch\/wp-content\/uploads\/2023\/12\/COIS_Chur_update_2023_01_original2-scaled.jpg","og:image:width":2560,"og:image:height":1810,"article:published_time":"2023-12-04T15:30:00+00:00","article:modified_time":"2023-12-04T08:21:32+00:00","article:publisher":"https:\/\/www.facebook.com\/people\/Immoinvest\/100077962920504\/","twitter:card":"summary_large_image","twitter:site":"@i","twitter:title":"\u00ab Green Deal pour les Grisons \u00bb Nouvelle construction de la base de transport de Coire - immo!nvest - Die Plattform f\u00fcr Standorte und Immobilien","twitter:description":"La base de circulation de la police cantonale des Grisons pr\u00e9vue \u00e0 Coire Sud est en passe d'\u00eatre r\u00e9alis\u00e9e. Un budget de 9,8 millions de francs pour le projet de construction a \u00e9t\u00e9 approuv\u00e9 par le Grand Conseil en avril 2022. L'ach\u00e8vement de ce b\u00e2timent innovant est pr\u00e9vu pour l'automne 2024, avec une dur\u00e9e de construction d'environ un an et demi.","twitter:creator":"@i","twitter:image":"https:\/\/www.immo-invest.ch\/wp-content\/uploads\/2023\/12\/COIS_Chur_update_2023_01_original2-scaled.jpg"},"aioseo_meta_data":{"post_id":"68645","title":null,"description":null,"keywords":null,"keyphrases":null,"primary_term":null,"canonical_url":null,"og_title":null,"og_description":null,"og_object_type":"default","og_image_type":"default","og_image_url":null,"og_image_width":null,"og_image_height":null,"og_image_custom_url":null,"og_image_custom_fields":null,"og_video":null,"og_custom_url":null,"og_article_section":null,"og_article_tags":null,"twitter_use_og":false,"twitter_card":"default","twitter_image_type":"default","twitter_image_url":null,"twitter_image_custom_url":null,"twitter_image_custom_fields":null,"twitter_title":null,"twitter_description":null,"schema":{"blockGraphs":[],"customGraphs":[],"default":{"data":{"Article":[],"Course":[],"Dataset":[],"FAQPage":[],"Movie":[],"Person":[],"Product":[],"ProductReview":[],"Car":[],"Recipe":[],"Service":[],"SoftwareApplication":[],"WebPage":[]},"graphName":"","isEnabled":true},"graphs":[]},"schema_type":"default","schema_type_options":null,"pillar_content":false,"robots_default":true,"robots_noindex":false,"robots_noarchive":false,"robots_nosnippet":false,"robots_nofollow":false,"robots_noimageindex":false,"robots_noodp":false,"robots_notranslate":false,"robots_max_snippet":null,"robots_max_videopreview":null,"robots_max_imagepreview":"large","priority":null,"frequency":null,"local_seo":null,"breadcrumb_settings":null,"limit_modified_date":false,"ai":null,"created":"2024-09-20 13:05:59","updated":"2025-10-23 19:00:13","seo_analyzer_scan_date":null,"focus_keyword":null,"additional_keywords":null,"truseo_locale":null},"aioseo_breadcrumb":"<div class=\"aioseo-breadcrumbs\"><span class=\"aioseo-breadcrumb\">\n\t\t\t<a href=\"https:\/\/www.immo-invest.ch\/fr\/\" title=\"Home\">Home<\/a>\n\t\t<\/span><span class=\"aioseo-breadcrumb-separator\">&raquo;<\/span><span class=\"aioseo-breadcrumb\">\n\t\t\t<a href=\"https:\/\/www.immo-invest.ch\/fr\/categories\/regions\/\" title=\"R\u00e9gions\">R\u00e9gions<\/a>\n\t\t<\/span><span class=\"aioseo-breadcrumb-separator\">&raquo;<\/span><span class=\"aioseo-breadcrumb\">\n\t\t\t<a href=\"https:\/\/www.immo-invest.ch\/fr\/categories\/regions\/suisse\/\" title=\"Suisse\">Suisse<\/a>\n\t\t<\/span><span class=\"aioseo-breadcrumb-separator\">&raquo;<\/span><span class=\"aioseo-breadcrumb\">\n\t\t\t<a href=\"https:\/\/www.immo-invest.ch\/fr\/categories\/regions\/suisse\/suisse-orientale\/\" title=\"Suisse orientale\">Suisse orientale<\/a>\n\t\t<\/span><span class=\"aioseo-breadcrumb-separator\">&raquo;<\/span><span class=\"aioseo-breadcrumb\">\n\t\t\t<a href=\"https:\/\/www.immo-invest.ch\/fr\/categories\/regions\/suisse\/suisse-orientale\/grisons\/\" title=\"Grisons\">Grisons<\/a>\n\t\t<\/span><span class=\"aioseo-breadcrumb-separator\">&raquo;<\/span><span class=\"aioseo-breadcrumb\">\n\t\t\t\u00ab Green Deal pour les Grisons \u00bb Nouvelle construction de la base de transport de Coire\n\t\t<\/span><\/div>","aioseo_breadcrumb_json":[{"label":"Home","link":"https:\/\/www.immo-invest.ch\/fr\/"},{"label":"R\u00e9gions","link":"https:\/\/www.immo-invest.ch\/fr\/categories\/regions\/"},{"label":"Suisse","link":"https:\/\/www.immo-invest.ch\/fr\/categories\/regions\/suisse\/"},{"label":"Suisse orientale","link":"https:\/\/www.immo-invest.ch\/fr\/categories\/regions\/suisse\/suisse-orientale\/"},{"label":"Grisons","link":"https:\/\/www.immo-invest.ch\/fr\/categories\/regions\/suisse\/suisse-orientale\/grisons\/"},{"label":"\u00ab\u00a0Green Deal pour les Grisons\u00a0\u00bb Nouvelle construction de la base de transport de Coire","link":"https:\/\/www.immo-invest.ch\/fr\/green-deal-fuer-graubuenden-neubau-verkehrsstuetzpunkt-chur\/"}],"featured_image_src":"https:\/\/www.immo-invest.ch\/wp-content\/uploads\/2023\/12\/COIS_Chur_update_2023_01_original2-336x168.jpg","_links":{"self":[{"href":"https:\/\/www.immo-invest.ch\/fr\/wp-json\/wp\/v2\/posts\/68645","targetHints":{"allow":["GET"]}}],"collection":[{"href":"https:\/\/www.immo-invest.ch\/fr\/wp-json\/wp\/v2\/posts"}],"about":[{"href":"https:\/\/www.immo-invest.ch\/fr\/wp-json\/wp\/v2\/types\/post"}],"author":[{"embeddable":true,"href":"https:\/\/www.immo-invest.ch\/fr\/wp-json\/wp\/v2\/users\/2"}],"replies":[{"embeddable":true,"href":"https:\/\/www.immo-invest.ch\/fr\/wp-json\/wp\/v2\/comments?post=68645"}],"version-history":[{"count":0,"href":"https:\/\/www.immo-invest.ch\/fr\/wp-json\/wp\/v2\/posts\/68645\/revisions"}],"wp:featuredmedia":[{"embeddable":true,"href":"https:\/\/www.immo-invest.ch\/fr\/wp-json\/wp\/v2\/media\/68622"}],"wp:attachment":[{"href":"https:\/\/www.immo-invest.ch\/fr\/wp-json\/wp\/v2\/media?parent=68645"}],"wp:term":[{"taxonomy":"category","embeddable":true,"href":"https:\/\/www.immo-invest.ch\/fr\/wp-json\/wp\/v2\/categories?post=68645"},{"taxonomy":"post_tag","embeddable":true,"href":"https:\/\/www.immo-invest.ch\/fr\/wp-json\/wp\/v2\/tags?post=68645"}],"curies":[{"name":"wp","href":"https:\/\/api.w.org\/{rel}","templated":true}]}}