{"id":68504,"date":"2023-12-01T08:00:00","date_gmt":"2023-12-01T07:00:00","guid":{"rendered":"https:\/\/www.immo-invest.ch\/?p=68504"},"modified":"2023-11-30T09:33:56","modified_gmt":"2023-11-30T08:33:56","slug":"partizipative-planung-als-basis-fuer-nachhaltige-entwicklung","status":"publish","type":"post","link":"https:\/\/www.immo-invest.ch\/fr\/partizipative-planung-als-basis-fuer-nachhaltige-entwicklung\/","title":{"rendered":"La planification participative comme base du d\u00e9veloppement durable"},"content":{"rendered":"<p class=\"wp-block-paragraph\">Le <span class=\"glossaryLink\" aria-describedby=\"tt\" data-cmtooltip=\"&lt;div class=glossaryItemTitle&gt;Quartier&lt;\/div&gt;&lt;div class=glossaryItemBody&gt;Amtliches, historisches, soziales oder stadtplanerisches Stadtviertel&lt;\/div&gt;\" data-mobile-support=\"0\" data-gt-translate-attributes='[{\"attribute\":\"data-cmtooltip\", \"format\":\"html\"}]' tabindex=\"0\" role=\"link\">quartier<\/span> de la gare de Thoune, zone cl&eacute; pour le d&eacute;veloppement urbain, se trouve &agrave; un tournant important. La vision d&rsquo;une plaque tournante dynamique de la mobilit&eacute; et d&rsquo;un <span class=\"glossaryLink\" aria-describedby=\"tt\" data-cmtooltip=\"&lt;div class=glossaryItemTitle&gt;Quartier&lt;\/div&gt;&lt;div class=glossaryItemBody&gt;Amtliches, historisches, soziales oder stadtplanerisches Stadtviertel&lt;\/div&gt;\" data-mobile-support=\"0\" data-gt-translate-attributes='[{\"attribute\":\"data-cmtooltip\", \"format\":\"html\"}]' tabindex=\"0\" role=\"link\">quartier<\/span> urbain vivant progresse gr&acirc;ce aux conclusions d&eacute;sormais disponibles du processus participatif de Charrette. Le maire Raphael Lanz souligne l&rsquo;importance de la proc&eacute;dure participative ouverte aux r&eacute;sultats, qui cr&eacute;e une base solide pour les futures &eacute;tapes de planification.<br><br>La proc&eacute;dure Charrette, au cours de laquelle trois &eacute;quipes interdisciplinaires ont &eacute;labor&eacute; des visions et des solutions viables, montre l&rsquo;importance de la participation de diff&eacute;rents groupes d&rsquo;int&eacute;r&ecirc;t dans le processus de planification. Cette large participation a permis un dialogue approfondi et le d&eacute;veloppement de visions communes pour le <span class=\"glossaryLink\" aria-describedby=\"tt\" data-cmtooltip=\"&lt;div class=glossaryItemTitle&gt;Quartier&lt;\/div&gt;&lt;div class=glossaryItemBody&gt;Amtliches, historisches, soziales oder stadtplanerisches Stadtviertel&lt;\/div&gt;\" data-mobile-support=\"0\" data-gt-translate-attributes='[{\"attribute\":\"data-cmtooltip\", \"format\":\"html\"}]' tabindex=\"0\" role=\"link\">quartier<\/span> de la gare de Thoune.<\/p>\n\n\n\n<p class=\"wp-block-paragraph\"><br>L&rsquo;une des principales conclusions est la n&eacute;cessit&eacute; de proc&eacute;der &agrave; des optimisations spatiales et op&eacute;rationnelles afin de r&eacute;aliser une plaque tournante de la mobilit&eacute; adapt&eacute;e aux personnes handicap&eacute;es et tourn&eacute;e vers l&rsquo;avenir. Cela implique &eacute;galement de d&eacute;lester la Seestrasse et le rond-point Maulbeer du trafic individuel motoris&eacute; et d&rsquo;inclure le c&ocirc;t&eacute; sud de la gare pour une nouvelle solution de bus. Afin de d&eacute;velopper la zone en temps voulu et de mani&egrave;re durable, il convient d&rsquo;&eacute;viter autant que possible les investissements pr&eacute;alables importants et les interd&eacute;pendances.<br><br>En outre, le d&eacute;veloppement doit tenir compte des identit&eacute;s et des structures existantes et s&rsquo;appuyer sur des dessertes et des espaces libres optimis&eacute;s. La promotion d&rsquo;un <span class=\"glossaryLink\" aria-describedby=\"tt\" data-cmtooltip=\"&lt;div class=glossaryItemTitle&gt;Quartier&lt;\/div&gt;&lt;div class=glossaryItemBody&gt;Amtliches, historisches, soziales oder stadtplanerisches Stadtviertel&lt;\/div&gt;\" data-mobile-support=\"0\" data-gt-translate-attributes='[{\"attribute\":\"data-cmtooltip\", \"format\":\"html\"}]' tabindex=\"0\" role=\"link\">quartier<\/span> urbain adapt&eacute; au site et &agrave; l&rsquo;utilisation mixte &eacute;quilibr&eacute;e avec une grande flexibilit&eacute; ainsi que le renforcement de l&rsquo;espace public sont d&rsquo;autres objectifs centraux. Ainsi, la place de la gare, le d&eacute;barcad&egrave;re et la promenade du bord de mer doivent &ecirc;tre revaloris&eacute;s et d&eacute;velopp&eacute;s en tant qu&rsquo;espaces publics importants. Une am&eacute;lioration de la desserte pi&eacute;tonne et cycliste, y compris de nouveaux r&eacute;seaux tels qu&rsquo;un &laquo;&nbsp;pont panoramique&nbsp;&raquo; traversant l&rsquo;Aar et un pont sur les voies ferr&eacute;es, est &eacute;galement en discussion. La Seestrasse doit devenir une &eacute;pine dorsale attractive pour la zone de d&eacute;veloppement adjacente. Celle-ci s&rsquo;&eacute;tend entre les voies ferr&eacute;es, le canal de navigation et l&rsquo;Aar. L&rsquo;ensemble du <span class=\"glossaryLink\" aria-describedby=\"tt\" data-cmtooltip=\"&lt;div class=glossaryItemTitle&gt;Quartier&lt;\/div&gt;&lt;div class=glossaryItemBody&gt;Amtliches, historisches, soziales oder stadtplanerisches Stadtviertel&lt;\/div&gt;\" data-mobile-support=\"0\" data-gt-translate-attributes='[{\"attribute\":\"data-cmtooltip\", \"format\":\"html\"}]' tabindex=\"0\" role=\"link\">quartier<\/span> doit se d&eacute;velopper au cours des prochaines ann&eacute;es pour devenir une zone adapt&eacute;e &agrave; sa situation, bien m&eacute;lang&eacute;e et &eacute;quilibr&eacute;e, avec diff&eacute;rentes priorit&eacute;s et de l&rsquo;espace pour des utilisations innovantes dans l&rsquo;habitat et le travail.<br><br>Parall&egrave;lement &agrave; la poursuite de la planification, la ville prend les premi&egrave;res mesures pour rendre la zone plus attrayante. Un exemple en est la v&eacute;g&eacute;talisation temporaire de l&rsquo;Aarefeldplatz avec des &laquo;&nbsp;arbres climatiques&nbsp;&raquo;, d&eacute;j&agrave; achev&eacute;e, qui a non seulement contribu&eacute; &agrave; am&eacute;liorer la qualit&eacute; de vie pendant les mois d&rsquo;&eacute;t&eacute;, mais a &eacute;galement mis en &eacute;vidence l&rsquo;importance des espaces verts dans les zones urbaines. Avec le pr&eacute;sent &laquo;&nbsp;LeiStbild&nbsp;&raquo; et le rapport final issu de la proc&eacute;dure Charrette, la ville de Thoune a une vision claire de la mani&egrave;re dont la zone doit &ecirc;tre d&eacute;velopp&eacute;e dans les ann&eacute;es &agrave; venir. La synth&egrave;se de ces connaissances est actuellement int&eacute;gr&eacute;e dans un plan directeur et devrait &ecirc;tre achev&eacute;e d&rsquo;ici fin 2023. Le plan directeur servira de guide suppl&eacute;mentaire pour la mise en &oelig;uvre du projet. Gr&acirc;ce &agrave; ces efforts coordonn&eacute;s, la ville de Thoune est en bonne voie pour concr&eacute;tiser sa vision d&rsquo;un <span class=\"glossaryLink\" aria-describedby=\"tt\" data-cmtooltip=\"&lt;div class=glossaryItemTitle&gt;Quartier&lt;\/div&gt;&lt;div class=glossaryItemBody&gt;Amtliches, historisches, soziales oder stadtplanerisches Stadtviertel&lt;\/div&gt;\" data-mobile-support=\"0\" data-gt-translate-attributes='[{\"attribute\":\"data-cmtooltip\", \"format\":\"html\"}]' tabindex=\"0\" role=\"link\">quartier<\/span> de la gare de Thoune o&ugrave; il fait bon vivre et o&ugrave; la mobilit&eacute; est facilit&eacute;e.<\/p>\n","protected":false},"excerpt":{"rendered":"<p>Le d\u00e9veloppement continu du quartier de la gare de Thoune exige des optimisations de l&rsquo;espace et de l&rsquo;exploitation afin d&rsquo;am\u00e9liorer la mobilit\u00e9 et la qualit\u00e9 de vie. Un processus de charrette participatif a permis d&rsquo;acqu\u00e9rir des connaissances essentielles qui servent d\u00e9sormais de base \u00e0 la mise en \u0153uvre progressive \u00e0 venir. Alors que la suite du processus de planification progresse, la ville a lanc\u00e9 les premi\u00e8res mesures visant \u00e0 rendre la zone plus attrayante, notamment par le biais de projets temporaires.<\/p>\n","protected":false},"author":2,"featured_media":68438,"comment_status":"open","ping_status":"open","sticky":false,"template":"","format":"standard","meta":{"pmpro_default_level":"0","inline_featured_image":false,"_monsterinsights_skip_tracking":false,"footnotes":""},"categories":[43262],"tags":[1818,43308,43321,43322,37650,3656,43323,3837],"class_list":["post-68504","post","type-post","status-publish","format-standard","has-post-thumbnail","hentry","category-thun-immoregionen-fr","tag-entwicklung-fr","tag-freiraeume-fr","tag-idenditaeten-fr","tag-individualverkehr-fr","tag-optimierung-fr","tag-planung-fr","tag-schluesselgebiet-fr","tag-stadtquartier-fr","pmpro-has-access"],"acf":{"bild_mit_ki_erstellt_worden":[],"lead":"Le d\u00e9veloppement continu du quartier de la gare de Thoune exige des optimisations de l'espace et de l'exploitation afin d'am\u00e9liorer la mobilit\u00e9 et la qualit\u00e9 de vie. Un processus de charrette participatif a permis d'acqu\u00e9rir des connaissances essentielles qui servent d\u00e9sormais de base \u00e0 la mise en \u0153uvre progressive \u00e0 venir. Alors que la suite du processus de planification progresse, la ville a lanc\u00e9 les premi\u00e8res mesures visant \u00e0 rendre la zone plus attrayante, notamment par le biais de projets temporaires.","autor":"Text: Christoph Gr\u00fcninger, Bild: zVg.","ort":"","bildunterschrift":"","bild_im_grid":false,"gallerie":"","newsim":""},"aioseo_notices":[],"aioseo_head":"\n\t\t<!-- All in One SEO 5.0.0.1 - aioseo.com -->\n\t<meta name=\"description\" content=\"Le d\u00e9veloppement continu du quartier de la gare de Thoune exige des optimisations de l&#039;espace et de l&#039;exploitation afin d&#039;am\u00e9liorer la mobilit\u00e9 et la qualit\u00e9 de vie. Un processus de charrette participatif a permis d&#039;acqu\u00e9rir des connaissances essentielles qui servent d\u00e9sormais de base \u00e0 la mise en \u0153uvre progressive \u00e0 venir. Alors que la suite du processus de planification progresse, la ville a lanc\u00e9 les premi\u00e8res mesures visant \u00e0 rendre la zone plus attrayante, notamment par le biais de projets temporaires.\" \/>\n\t<meta name=\"robots\" content=\"max-image-preview:large\" \/>\n\t<meta name=\"author\" content=\"immovestuser\"\/>\n\t<meta name=\"google-site-verification\" content=\"fHJKvgWpZCR2zVBHWfkQeFXC11qieUSff0HGNYfuyLA\" \/>\n\t<link rel=\"canonical\" href=\"https:\/\/www.immo-invest.ch\/fr\/partizipative-planung-als-basis-fuer-nachhaltige-entwicklung\/\" \/>\n\t<meta name=\"generator\" content=\"All in One SEO (AIOSEO) 5.0.0.1\" \/>\n\t\t<meta property=\"og:locale\" content=\"fr_FR\" \/>\n\t\t<meta property=\"og:site_name\" content=\"immo!nvest - Die Plattform f\u00fcr Standorte und Immobilien - Die\u00a0Plattform f\u00fcr Standorte und Immobilien\" \/>\n\t\t<meta property=\"og:type\" content=\"article\" \/>\n\t\t<meta property=\"og:title\" content=\"La planification participative comme base du d\u00e9veloppement durable - immo!nvest - Die Plattform f\u00fcr Standorte und Immobilien\" \/>\n\t\t<meta property=\"og:description\" content=\"Le d\u00e9veloppement continu du quartier de la gare de Thoune exige des optimisations de l&#039;espace et de l&#039;exploitation afin d&#039;am\u00e9liorer la mobilit\u00e9 et la qualit\u00e9 de vie. Un processus de charrette participatif a permis d&#039;acqu\u00e9rir des connaissances essentielles qui servent d\u00e9sormais de base \u00e0 la mise en \u0153uvre progressive \u00e0 venir. Alors que la suite du processus de planification progresse, la ville a lanc\u00e9 les premi\u00e8res mesures visant \u00e0 rendre la zone plus attrayante, notamment par le biais de projets temporaires.\" \/>\n\t\t<meta property=\"og:url\" content=\"https:\/\/www.immo-invest.ch\/fr\/partizipative-planung-als-basis-fuer-nachhaltige-entwicklung\/\" \/>\n\t\t<meta property=\"og:image\" content=\"https:\/\/www.immo-invest.ch\/wp-content\/uploads\/2023\/11\/Luftaufnahme_DJI_0413-scaled.jpg\" \/>\n\t\t<meta property=\"og:image:secure_url\" content=\"https:\/\/www.immo-invest.ch\/wp-content\/uploads\/2023\/11\/Luftaufnahme_DJI_0413-scaled.jpg\" \/>\n\t\t<meta property=\"og:image:width\" content=\"2560\" \/>\n\t\t<meta property=\"og:image:height\" content=\"1440\" \/>\n\t\t<meta property=\"article:published_time\" content=\"2023-12-01T07:00:00+00:00\" \/>\n\t\t<meta property=\"article:modified_time\" content=\"2023-11-30T08:33:56+00:00\" \/>\n\t\t<meta property=\"article:publisher\" content=\"https:\/\/www.facebook.com\/people\/Immoinvest\/100077962920504\/\" \/>\n\t\t<meta name=\"twitter:card\" content=\"summary_large_image\" \/>\n\t\t<meta name=\"twitter:site\" content=\"@i\" \/>\n\t\t<meta name=\"twitter:title\" content=\"La planification participative comme base du d\u00e9veloppement durable - immo!nvest - Die Plattform f\u00fcr Standorte und Immobilien\" \/>\n\t\t<meta name=\"twitter:description\" content=\"Le d\u00e9veloppement continu du quartier de la gare de Thoune exige des optimisations de l&#039;espace et de l&#039;exploitation afin d&#039;am\u00e9liorer la mobilit\u00e9 et la qualit\u00e9 de vie. Un processus de charrette participatif a permis d&#039;acqu\u00e9rir des connaissances essentielles qui servent d\u00e9sormais de base \u00e0 la mise en \u0153uvre progressive \u00e0 venir. Alors que la suite du processus de planification progresse, la ville a lanc\u00e9 les premi\u00e8res mesures visant \u00e0 rendre la zone plus attrayante, notamment par le biais de projets temporaires.\" \/>\n\t\t<meta name=\"twitter:creator\" content=\"@i\" \/>\n\t\t<meta name=\"twitter:image\" content=\"https:\/\/www.immo-invest.ch\/wp-content\/uploads\/2023\/11\/Luftaufnahme_DJI_0413-scaled.jpg\" \/>\n\t\t<script type=\"application\/ld+json\" class=\"aioseo-schema\">\n\t\t\t{\"@context\":\"https:\\\/\\\/schema.org\",\"@graph\":[{\"@type\":\"BlogPosting\",\"@id\":\"https:\\\/\\\/www.immo-invest.ch\\\/fr\\\/partizipative-planung-als-basis-fuer-nachhaltige-entwicklung\\\/#blogposting\",\"name\":\"La planification participative comme base du d\\u00e9veloppement durable - immo!nvest - Die Plattform f\\u00fcr Standorte und Immobilien\",\"headline\":\"La planification participative comme base du d\\u00e9veloppement durable\",\"author\":{\"@id\":\"https:\\\/\\\/www.immo-invest.ch\\\/fr\\\/author\\\/immovestuser\\\/#author\"},\"publisher\":{\"@id\":\"https:\\\/\\\/www.immo-invest.ch\\\/fr\\\/#organization\"},\"image\":{\"@type\":\"ImageObject\",\"url\":\"https:\\\/\\\/www.immo-invest.ch\\\/wp-content\\\/uploads\\\/2023\\\/11\\\/Luftaufnahme_DJI_0413-scaled.jpg\",\"width\":2560,\"height\":1440,\"caption\":\"default\"},\"datePublished\":\"2023-12-01T08:00:00+01:00\",\"dateModified\":\"2023-11-30T09:33:56+01:00\",\"inLanguage\":\"fr-FR\",\"mainEntityOfPage\":{\"@id\":\"https:\\\/\\\/www.immo-invest.ch\\\/fr\\\/partizipative-planung-als-basis-fuer-nachhaltige-entwicklung\\\/#webpage\"},\"isPartOf\":{\"@id\":\"https:\\\/\\\/www.immo-invest.ch\\\/fr\\\/partizipative-planung-als-basis-fuer-nachhaltige-entwicklung\\\/#webpage\"},\"articleSection\":\"Thun, Entwicklung, Freir\\u00e4ume, Idendit\\u00e4ten, Individualverkehr, Optimierung, Planung, Schl\\u00fcsselgebiet, Stadtquartier, Facultatif\"},{\"@type\":\"BreadcrumbList\",\"@id\":\"https:\\\/\\\/www.immo-invest.ch\\\/fr\\\/partizipative-planung-als-basis-fuer-nachhaltige-entwicklung\\\/#breadcrumblist\",\"itemListElement\":[{\"@type\":\"ListItem\",\"@id\":\"https:\\\/\\\/www.immo-invest.ch\\\/fr\\\/#listItem\",\"position\":1,\"name\":\"Home\",\"item\":\"https:\\\/\\\/www.immo-invest.ch\\\/fr\\\/\",\"nextItem\":{\"@type\":\"ListItem\",\"@id\":\"https:\\\/\\\/www.immo-invest.ch\\\/fr\\\/categories\\\/regions\\\/#listItem\",\"name\":\"R\\u00e9gions\"}},{\"@type\":\"ListItem\",\"@id\":\"https:\\\/\\\/www.immo-invest.ch\\\/fr\\\/categories\\\/regions\\\/#listItem\",\"position\":2,\"name\":\"R\\u00e9gions\",\"item\":\"https:\\\/\\\/www.immo-invest.ch\\\/fr\\\/categories\\\/regions\\\/\",\"nextItem\":{\"@type\":\"ListItem\",\"@id\":\"https:\\\/\\\/www.immo-invest.ch\\\/fr\\\/categories\\\/regions\\\/suisse\\\/#listItem\",\"name\":\"Suisse\"},\"previousItem\":{\"@type\":\"ListItem\",\"@id\":\"https:\\\/\\\/www.immo-invest.ch\\\/fr\\\/#listItem\",\"name\":\"Home\"}},{\"@type\":\"ListItem\",\"@id\":\"https:\\\/\\\/www.immo-invest.ch\\\/fr\\\/categories\\\/regions\\\/suisse\\\/#listItem\",\"position\":3,\"name\":\"Suisse\",\"item\":\"https:\\\/\\\/www.immo-invest.ch\\\/fr\\\/categories\\\/regions\\\/suisse\\\/\",\"nextItem\":{\"@type\":\"ListItem\",\"@id\":\"https:\\\/\\\/www.immo-invest.ch\\\/fr\\\/categories\\\/regions\\\/suisse\\\/espace-mittelland\\\/#listItem\",\"name\":\"Espace Mittelland\"},\"previousItem\":{\"@type\":\"ListItem\",\"@id\":\"https:\\\/\\\/www.immo-invest.ch\\\/fr\\\/categories\\\/regions\\\/#listItem\",\"name\":\"R\\u00e9gions\"}},{\"@type\":\"ListItem\",\"@id\":\"https:\\\/\\\/www.immo-invest.ch\\\/fr\\\/categories\\\/regions\\\/suisse\\\/espace-mittelland\\\/#listItem\",\"position\":4,\"name\":\"Espace Mittelland\",\"item\":\"https:\\\/\\\/www.immo-invest.ch\\\/fr\\\/categories\\\/regions\\\/suisse\\\/espace-mittelland\\\/\",\"nextItem\":{\"@type\":\"ListItem\",\"@id\":\"https:\\\/\\\/www.immo-invest.ch\\\/fr\\\/categories\\\/regions\\\/suisse\\\/espace-mittelland\\\/thun-immoregionen-fr\\\/#listItem\",\"name\":\"Thun\"},\"previousItem\":{\"@type\":\"ListItem\",\"@id\":\"https:\\\/\\\/www.immo-invest.ch\\\/fr\\\/categories\\\/regions\\\/suisse\\\/#listItem\",\"name\":\"Suisse\"}},{\"@type\":\"ListItem\",\"@id\":\"https:\\\/\\\/www.immo-invest.ch\\\/fr\\\/categories\\\/regions\\\/suisse\\\/espace-mittelland\\\/thun-immoregionen-fr\\\/#listItem\",\"position\":5,\"name\":\"Thun\",\"item\":\"https:\\\/\\\/www.immo-invest.ch\\\/fr\\\/categories\\\/regions\\\/suisse\\\/espace-mittelland\\\/thun-immoregionen-fr\\\/\",\"nextItem\":{\"@type\":\"ListItem\",\"@id\":\"https:\\\/\\\/www.immo-invest.ch\\\/fr\\\/partizipative-planung-als-basis-fuer-nachhaltige-entwicklung\\\/#listItem\",\"name\":\"La planification participative comme base du d\\u00e9veloppement durable\"},\"previousItem\":{\"@type\":\"ListItem\",\"@id\":\"https:\\\/\\\/www.immo-invest.ch\\\/fr\\\/categories\\\/regions\\\/suisse\\\/espace-mittelland\\\/#listItem\",\"name\":\"Espace Mittelland\"}},{\"@type\":\"ListItem\",\"@id\":\"https:\\\/\\\/www.immo-invest.ch\\\/fr\\\/partizipative-planung-als-basis-fuer-nachhaltige-entwicklung\\\/#listItem\",\"position\":6,\"name\":\"La planification participative comme base du d\\u00e9veloppement durable\",\"previousItem\":{\"@type\":\"ListItem\",\"@id\":\"https:\\\/\\\/www.immo-invest.ch\\\/fr\\\/categories\\\/regions\\\/suisse\\\/espace-mittelland\\\/thun-immoregionen-fr\\\/#listItem\",\"name\":\"Thun\"}}]},{\"@type\":\"Organization\",\"@id\":\"https:\\\/\\\/www.immo-invest.ch\\\/fr\\\/#organization\",\"name\":\"immo!nvest - Die Plattform f\\u00fcr Standorte und Immobilien\",\"description\":\"Die\\u00a0Plattform f\\u00fcr Standorte und Immobilien\",\"url\":\"https:\\\/\\\/www.immo-invest.ch\\\/fr\\\/\",\"email\":\"admin@immomedia.ag\",\"telephone\":\"+41444420002\",\"logo\":{\"@type\":\"ImageObject\",\"url\":\"https:\\\/\\\/www.immo-invest.ch\\\/wp-content\\\/uploads\\\/2024\\\/09\\\/immoinvest_sm-scaled.jpg\",\"@id\":\"https:\\\/\\\/www.immo-invest.ch\\\/fr\\\/partizipative-planung-als-basis-fuer-nachhaltige-entwicklung\\\/#organizationLogo\",\"width\":2560,\"height\":1340},\"image\":{\"@id\":\"https:\\\/\\\/www.immo-invest.ch\\\/fr\\\/partizipative-planung-als-basis-fuer-nachhaltige-entwicklung\\\/#organizationLogo\"},\"sameAs\":[\"https:\\\/\\\/www.facebook.com\\\/people\\\/Immoinvest\\\/100077962920504\\\/\",\"https:\\\/\\\/x.com\\\/i\\\/flow\\\/login?redirect_after_login=immoinvest_ch\",\"https:\\\/\\\/www.instagram.com\\\/immoinvest_ch\\\/\",\"https:\\\/\\\/www.linkedin.com\\\/company\\\/immoinvest-swiss\"]},{\"@type\":\"Person\",\"@id\":\"https:\\\/\\\/www.immo-invest.ch\\\/fr\\\/author\\\/immovestuser\\\/#author\",\"url\":\"https:\\\/\\\/www.immo-invest.ch\\\/fr\\\/author\\\/immovestuser\\\/\",\"name\":\"immovestuser\",\"image\":{\"@type\":\"ImageObject\",\"@id\":\"https:\\\/\\\/www.immo-invest.ch\\\/fr\\\/partizipative-planung-als-basis-fuer-nachhaltige-entwicklung\\\/#authorImage\",\"url\":\"https:\\\/\\\/secure.gravatar.com\\\/avatar\\\/8e01f4d99f2eeea7a362ebb93305e1172a70e9293ba250f897a65c39f54cdd1e?s=96&d=mm&r=g\",\"width\":96,\"height\":96,\"caption\":\"immovestuser\"}},{\"@type\":\"WebPage\",\"@id\":\"https:\\\/\\\/www.immo-invest.ch\\\/fr\\\/partizipative-planung-als-basis-fuer-nachhaltige-entwicklung\\\/#webpage\",\"url\":\"https:\\\/\\\/www.immo-invest.ch\\\/fr\\\/partizipative-planung-als-basis-fuer-nachhaltige-entwicklung\\\/\",\"name\":\"La planification participative comme base du d\\u00e9veloppement durable - immo!nvest - Die Plattform f\\u00fcr Standorte und Immobilien\",\"description\":\"Le d\\u00e9veloppement continu du quartier de la gare de Thoune exige des optimisations de l'espace et de l'exploitation afin d'am\\u00e9liorer la mobilit\\u00e9 et la qualit\\u00e9 de vie. Un processus de charrette participatif a permis d'acqu\\u00e9rir des connaissances essentielles qui servent d\\u00e9sormais de base \\u00e0 la mise en \\u0153uvre progressive \\u00e0 venir. Alors que la suite du processus de planification progresse, la ville a lanc\\u00e9 les premi\\u00e8res mesures visant \\u00e0 rendre la zone plus attrayante, notamment par le biais de projets temporaires.\",\"inLanguage\":\"fr-FR\",\"isPartOf\":{\"@id\":\"https:\\\/\\\/www.immo-invest.ch\\\/fr\\\/#website\"},\"breadcrumb\":{\"@id\":\"https:\\\/\\\/www.immo-invest.ch\\\/fr\\\/partizipative-planung-als-basis-fuer-nachhaltige-entwicklung\\\/#breadcrumblist\"},\"author\":{\"@id\":\"https:\\\/\\\/www.immo-invest.ch\\\/fr\\\/author\\\/immovestuser\\\/#author\"},\"creator\":{\"@id\":\"https:\\\/\\\/www.immo-invest.ch\\\/fr\\\/author\\\/immovestuser\\\/#author\"},\"image\":{\"@type\":\"ImageObject\",\"url\":\"https:\\\/\\\/www.immo-invest.ch\\\/wp-content\\\/uploads\\\/2023\\\/11\\\/Luftaufnahme_DJI_0413-scaled.jpg\",\"@id\":\"https:\\\/\\\/www.immo-invest.ch\\\/fr\\\/partizipative-planung-als-basis-fuer-nachhaltige-entwicklung\\\/#mainImage\",\"width\":2560,\"height\":1440,\"caption\":\"default\"},\"primaryImageOfPage\":{\"@id\":\"https:\\\/\\\/www.immo-invest.ch\\\/fr\\\/partizipative-planung-als-basis-fuer-nachhaltige-entwicklung\\\/#mainImage\"},\"datePublished\":\"2023-12-01T08:00:00+01:00\",\"dateModified\":\"2023-11-30T09:33:56+01:00\"},{\"@type\":\"WebSite\",\"@id\":\"https:\\\/\\\/www.immo-invest.ch\\\/fr\\\/#website\",\"url\":\"https:\\\/\\\/www.immo-invest.ch\\\/fr\\\/\",\"name\":\"immo!nvest - Die Plattform f\\u00fcr Standorte und Immobilien\",\"description\":\"Die\\u00a0Plattform f\\u00fcr Standorte und Immobilien\",\"inLanguage\":\"fr-FR\",\"publisher\":{\"@id\":\"https:\\\/\\\/www.immo-invest.ch\\\/fr\\\/#organization\"}}]}\n\t\t<\/script>\n\t\t<!-- All in One SEO -->\n\n","aioseo_head_json":{"title":"La planification participative comme base du d\u00e9veloppement durable - immo!nvest - Die Plattform f\u00fcr Standorte und Immobilien","description":"Le d\u00e9veloppement continu du quartier de la gare de Thoune exige des optimisations de l'espace et de l'exploitation afin d'am\u00e9liorer la mobilit\u00e9 et la qualit\u00e9 de vie. Un processus de charrette participatif a permis d'acqu\u00e9rir des connaissances essentielles qui servent d\u00e9sormais de base \u00e0 la mise en \u0153uvre progressive \u00e0 venir. Alors que la suite du processus de planification progresse, la ville a lanc\u00e9 les premi\u00e8res mesures visant \u00e0 rendre la zone plus attrayante, notamment par le biais de projets temporaires.","canonical_url":"https:\/\/www.immo-invest.ch\/fr\/partizipative-planung-als-basis-fuer-nachhaltige-entwicklung\/","robots":"max-image-preview:large","keywords":"","webmasterTools":{"google-site-verification":"fHJKvgWpZCR2zVBHWfkQeFXC11qieUSff0HGNYfuyLA","miscellaneous":""},"schema":{"@context":"https:\/\/schema.org","@graph":[{"@type":"BlogPosting","@id":"https:\/\/www.immo-invest.ch\/fr\/partizipative-planung-als-basis-fuer-nachhaltige-entwicklung\/#blogposting","name":"La planification participative comme base du d\u00e9veloppement durable - immo!nvest - Die Plattform f\u00fcr Standorte und Immobilien","headline":"La planification participative comme base du d\u00e9veloppement durable","author":{"@id":"https:\/\/www.immo-invest.ch\/fr\/author\/immovestuser\/#author"},"publisher":{"@id":"https:\/\/www.immo-invest.ch\/fr\/#organization"},"image":{"@type":"ImageObject","url":"https:\/\/www.immo-invest.ch\/wp-content\/uploads\/2023\/11\/Luftaufnahme_DJI_0413-scaled.jpg","width":2560,"height":1440,"caption":"default"},"datePublished":"2023-12-01T08:00:00+01:00","dateModified":"2023-11-30T09:33:56+01:00","inLanguage":"fr-FR","mainEntityOfPage":{"@id":"https:\/\/www.immo-invest.ch\/fr\/partizipative-planung-als-basis-fuer-nachhaltige-entwicklung\/#webpage"},"isPartOf":{"@id":"https:\/\/www.immo-invest.ch\/fr\/partizipative-planung-als-basis-fuer-nachhaltige-entwicklung\/#webpage"},"articleSection":"Thun, Entwicklung, Freir\u00e4ume, Idendit\u00e4ten, Individualverkehr, Optimierung, Planung, Schl\u00fcsselgebiet, Stadtquartier, Facultatif"},{"@type":"BreadcrumbList","@id":"https:\/\/www.immo-invest.ch\/fr\/partizipative-planung-als-basis-fuer-nachhaltige-entwicklung\/#breadcrumblist","itemListElement":[{"@type":"ListItem","@id":"https:\/\/www.immo-invest.ch\/fr\/#listItem","position":1,"name":"Home","item":"https:\/\/www.immo-invest.ch\/fr\/","nextItem":{"@type":"ListItem","@id":"https:\/\/www.immo-invest.ch\/fr\/categories\/regions\/#listItem","name":"R\u00e9gions"}},{"@type":"ListItem","@id":"https:\/\/www.immo-invest.ch\/fr\/categories\/regions\/#listItem","position":2,"name":"R\u00e9gions","item":"https:\/\/www.immo-invest.ch\/fr\/categories\/regions\/","nextItem":{"@type":"ListItem","@id":"https:\/\/www.immo-invest.ch\/fr\/categories\/regions\/suisse\/#listItem","name":"Suisse"},"previousItem":{"@type":"ListItem","@id":"https:\/\/www.immo-invest.ch\/fr\/#listItem","name":"Home"}},{"@type":"ListItem","@id":"https:\/\/www.immo-invest.ch\/fr\/categories\/regions\/suisse\/#listItem","position":3,"name":"Suisse","item":"https:\/\/www.immo-invest.ch\/fr\/categories\/regions\/suisse\/","nextItem":{"@type":"ListItem","@id":"https:\/\/www.immo-invest.ch\/fr\/categories\/regions\/suisse\/espace-mittelland\/#listItem","name":"Espace Mittelland"},"previousItem":{"@type":"ListItem","@id":"https:\/\/www.immo-invest.ch\/fr\/categories\/regions\/#listItem","name":"R\u00e9gions"}},{"@type":"ListItem","@id":"https:\/\/www.immo-invest.ch\/fr\/categories\/regions\/suisse\/espace-mittelland\/#listItem","position":4,"name":"Espace Mittelland","item":"https:\/\/www.immo-invest.ch\/fr\/categories\/regions\/suisse\/espace-mittelland\/","nextItem":{"@type":"ListItem","@id":"https:\/\/www.immo-invest.ch\/fr\/categories\/regions\/suisse\/espace-mittelland\/thun-immoregionen-fr\/#listItem","name":"Thun"},"previousItem":{"@type":"ListItem","@id":"https:\/\/www.immo-invest.ch\/fr\/categories\/regions\/suisse\/#listItem","name":"Suisse"}},{"@type":"ListItem","@id":"https:\/\/www.immo-invest.ch\/fr\/categories\/regions\/suisse\/espace-mittelland\/thun-immoregionen-fr\/#listItem","position":5,"name":"Thun","item":"https:\/\/www.immo-invest.ch\/fr\/categories\/regions\/suisse\/espace-mittelland\/thun-immoregionen-fr\/","nextItem":{"@type":"ListItem","@id":"https:\/\/www.immo-invest.ch\/fr\/partizipative-planung-als-basis-fuer-nachhaltige-entwicklung\/#listItem","name":"La planification participative comme base du d\u00e9veloppement durable"},"previousItem":{"@type":"ListItem","@id":"https:\/\/www.immo-invest.ch\/fr\/categories\/regions\/suisse\/espace-mittelland\/#listItem","name":"Espace Mittelland"}},{"@type":"ListItem","@id":"https:\/\/www.immo-invest.ch\/fr\/partizipative-planung-als-basis-fuer-nachhaltige-entwicklung\/#listItem","position":6,"name":"La planification participative comme base du d\u00e9veloppement durable","previousItem":{"@type":"ListItem","@id":"https:\/\/www.immo-invest.ch\/fr\/categories\/regions\/suisse\/espace-mittelland\/thun-immoregionen-fr\/#listItem","name":"Thun"}}]},{"@type":"Organization","@id":"https:\/\/www.immo-invest.ch\/fr\/#organization","name":"immo!nvest - Die Plattform f\u00fcr Standorte und Immobilien","description":"Die\u00a0Plattform f\u00fcr Standorte und Immobilien","url":"https:\/\/www.immo-invest.ch\/fr\/","email":"admin@immomedia.ag","telephone":"+41444420002","logo":{"@type":"ImageObject","url":"https:\/\/www.immo-invest.ch\/wp-content\/uploads\/2024\/09\/immoinvest_sm-scaled.jpg","@id":"https:\/\/www.immo-invest.ch\/fr\/partizipative-planung-als-basis-fuer-nachhaltige-entwicklung\/#organizationLogo","width":2560,"height":1340},"image":{"@id":"https:\/\/www.immo-invest.ch\/fr\/partizipative-planung-als-basis-fuer-nachhaltige-entwicklung\/#organizationLogo"},"sameAs":["https:\/\/www.facebook.com\/people\/Immoinvest\/100077962920504\/","https:\/\/x.com\/i\/flow\/login?redirect_after_login=immoinvest_ch","https:\/\/www.instagram.com\/immoinvest_ch\/","https:\/\/www.linkedin.com\/company\/immoinvest-swiss"]},{"@type":"Person","@id":"https:\/\/www.immo-invest.ch\/fr\/author\/immovestuser\/#author","url":"https:\/\/www.immo-invest.ch\/fr\/author\/immovestuser\/","name":"immovestuser","image":{"@type":"ImageObject","@id":"https:\/\/www.immo-invest.ch\/fr\/partizipative-planung-als-basis-fuer-nachhaltige-entwicklung\/#authorImage","url":"https:\/\/secure.gravatar.com\/avatar\/8e01f4d99f2eeea7a362ebb93305e1172a70e9293ba250f897a65c39f54cdd1e?s=96&d=mm&r=g","width":96,"height":96,"caption":"immovestuser"}},{"@type":"WebPage","@id":"https:\/\/www.immo-invest.ch\/fr\/partizipative-planung-als-basis-fuer-nachhaltige-entwicklung\/#webpage","url":"https:\/\/www.immo-invest.ch\/fr\/partizipative-planung-als-basis-fuer-nachhaltige-entwicklung\/","name":"La planification participative comme base du d\u00e9veloppement durable - immo!nvest - Die Plattform f\u00fcr Standorte und Immobilien","description":"Le d\u00e9veloppement continu du quartier de la gare de Thoune exige des optimisations de l'espace et de l'exploitation afin d'am\u00e9liorer la mobilit\u00e9 et la qualit\u00e9 de vie. Un processus de charrette participatif a permis d'acqu\u00e9rir des connaissances essentielles qui servent d\u00e9sormais de base \u00e0 la mise en \u0153uvre progressive \u00e0 venir. Alors que la suite du processus de planification progresse, la ville a lanc\u00e9 les premi\u00e8res mesures visant \u00e0 rendre la zone plus attrayante, notamment par le biais de projets temporaires.","inLanguage":"fr-FR","isPartOf":{"@id":"https:\/\/www.immo-invest.ch\/fr\/#website"},"breadcrumb":{"@id":"https:\/\/www.immo-invest.ch\/fr\/partizipative-planung-als-basis-fuer-nachhaltige-entwicklung\/#breadcrumblist"},"author":{"@id":"https:\/\/www.immo-invest.ch\/fr\/author\/immovestuser\/#author"},"creator":{"@id":"https:\/\/www.immo-invest.ch\/fr\/author\/immovestuser\/#author"},"image":{"@type":"ImageObject","url":"https:\/\/www.immo-invest.ch\/wp-content\/uploads\/2023\/11\/Luftaufnahme_DJI_0413-scaled.jpg","@id":"https:\/\/www.immo-invest.ch\/fr\/partizipative-planung-als-basis-fuer-nachhaltige-entwicklung\/#mainImage","width":2560,"height":1440,"caption":"default"},"primaryImageOfPage":{"@id":"https:\/\/www.immo-invest.ch\/fr\/partizipative-planung-als-basis-fuer-nachhaltige-entwicklung\/#mainImage"},"datePublished":"2023-12-01T08:00:00+01:00","dateModified":"2023-11-30T09:33:56+01:00"},{"@type":"WebSite","@id":"https:\/\/www.immo-invest.ch\/fr\/#website","url":"https:\/\/www.immo-invest.ch\/fr\/","name":"immo!nvest - Die Plattform f\u00fcr Standorte und Immobilien","description":"Die\u00a0Plattform f\u00fcr Standorte und Immobilien","inLanguage":"fr-FR","publisher":{"@id":"https:\/\/www.immo-invest.ch\/fr\/#organization"}}]},"og:locale":"fr_FR","og:site_name":"immo!nvest - Die Plattform f\u00fcr Standorte und Immobilien - Die\u00a0Plattform f\u00fcr Standorte und Immobilien","og:type":"article","og:title":"La planification participative comme base du d\u00e9veloppement durable - immo!nvest - Die Plattform f\u00fcr Standorte und Immobilien","og:description":"Le d\u00e9veloppement continu du quartier de la gare de Thoune exige des optimisations de l'espace et de l'exploitation afin d'am\u00e9liorer la mobilit\u00e9 et la qualit\u00e9 de vie. Un processus de charrette participatif a permis d'acqu\u00e9rir des connaissances essentielles qui servent d\u00e9sormais de base \u00e0 la mise en \u0153uvre progressive \u00e0 venir. Alors que la suite du processus de planification progresse, la ville a lanc\u00e9 les premi\u00e8res mesures visant \u00e0 rendre la zone plus attrayante, notamment par le biais de projets temporaires.","og:url":"https:\/\/www.immo-invest.ch\/fr\/partizipative-planung-als-basis-fuer-nachhaltige-entwicklung\/","og:image":"https:\/\/www.immo-invest.ch\/wp-content\/uploads\/2023\/11\/Luftaufnahme_DJI_0413-scaled.jpg","og:image:secure_url":"https:\/\/www.immo-invest.ch\/wp-content\/uploads\/2023\/11\/Luftaufnahme_DJI_0413-scaled.jpg","og:image:width":2560,"og:image:height":1440,"article:published_time":"2023-12-01T07:00:00+00:00","article:modified_time":"2023-11-30T08:33:56+00:00","article:publisher":"https:\/\/www.facebook.com\/people\/Immoinvest\/100077962920504\/","twitter:card":"summary_large_image","twitter:site":"@i","twitter:title":"La planification participative comme base du d\u00e9veloppement durable - immo!nvest - Die Plattform f\u00fcr Standorte und Immobilien","twitter:description":"Le d\u00e9veloppement continu du quartier de la gare de Thoune exige des optimisations de l'espace et de l'exploitation afin d'am\u00e9liorer la mobilit\u00e9 et la qualit\u00e9 de vie. Un processus de charrette participatif a permis d'acqu\u00e9rir des connaissances essentielles qui servent d\u00e9sormais de base \u00e0 la mise en \u0153uvre progressive \u00e0 venir. Alors que la suite du processus de planification progresse, la ville a lanc\u00e9 les premi\u00e8res mesures visant \u00e0 rendre la zone plus attrayante, notamment par le biais de projets temporaires.","twitter:creator":"@i","twitter:image":"https:\/\/www.immo-invest.ch\/wp-content\/uploads\/2023\/11\/Luftaufnahme_DJI_0413-scaled.jpg"},"aioseo_meta_data":{"post_id":"68504","title":null,"description":null,"keywords":null,"keyphrases":null,"primary_term":null,"canonical_url":null,"og_title":null,"og_description":null,"og_object_type":"default","og_image_type":"default","og_image_url":null,"og_image_width":null,"og_image_height":null,"og_image_custom_url":null,"og_image_custom_fields":null,"og_video":null,"og_custom_url":null,"og_article_section":null,"og_article_tags":null,"twitter_use_og":false,"twitter_card":"default","twitter_image_type":"default","twitter_image_url":null,"twitter_image_custom_url":null,"twitter_image_custom_fields":null,"twitter_title":null,"twitter_description":null,"schema":{"blockGraphs":[],"customGraphs":[],"default":{"data":{"Article":[],"Course":[],"Dataset":[],"FAQPage":[],"Movie":[],"Person":[],"Product":[],"ProductReview":[],"Car":[],"Recipe":[],"Service":[],"SoftwareApplication":[],"WebPage":[]},"graphName":"","isEnabled":true},"graphs":[]},"schema_type":"default","schema_type_options":null,"pillar_content":false,"robots_default":true,"robots_noindex":false,"robots_noarchive":false,"robots_nosnippet":false,"robots_nofollow":false,"robots_noimageindex":false,"robots_noodp":false,"robots_notranslate":false,"robots_max_snippet":null,"robots_max_videopreview":null,"robots_max_imagepreview":"large","priority":null,"frequency":null,"local_seo":null,"breadcrumb_settings":null,"limit_modified_date":false,"ai":null,"created":"2024-09-20 13:03:05","updated":"2025-10-23 18:58:12","seo_analyzer_scan_date":null,"focus_keyword":null,"additional_keywords":null,"truseo_locale":null},"aioseo_breadcrumb":"<div class=\"aioseo-breadcrumbs\"><span class=\"aioseo-breadcrumb\">\n\t\t\t<a href=\"https:\/\/www.immo-invest.ch\/fr\/\" title=\"Home\">Home<\/a>\n\t\t<\/span><span class=\"aioseo-breadcrumb-separator\">&raquo;<\/span><span class=\"aioseo-breadcrumb\">\n\t\t\t<a href=\"https:\/\/www.immo-invest.ch\/fr\/categories\/regions\/\" title=\"R\u00e9gions\">R\u00e9gions<\/a>\n\t\t<\/span><span class=\"aioseo-breadcrumb-separator\">&raquo;<\/span><span class=\"aioseo-breadcrumb\">\n\t\t\t<a href=\"https:\/\/www.immo-invest.ch\/fr\/categories\/regions\/suisse\/\" title=\"Suisse\">Suisse<\/a>\n\t\t<\/span><span class=\"aioseo-breadcrumb-separator\">&raquo;<\/span><span class=\"aioseo-breadcrumb\">\n\t\t\t<a href=\"https:\/\/www.immo-invest.ch\/fr\/categories\/regions\/suisse\/espace-mittelland\/\" title=\"Espace Mittelland\">Espace Mittelland<\/a>\n\t\t<\/span><span class=\"aioseo-breadcrumb-separator\">&raquo;<\/span><span class=\"aioseo-breadcrumb\">\n\t\t\t<a href=\"https:\/\/www.immo-invest.ch\/fr\/categories\/regions\/suisse\/espace-mittelland\/thun-immoregionen-fr\/\" title=\"Thun\">Thun<\/a>\n\t\t<\/span><span class=\"aioseo-breadcrumb-separator\">&raquo;<\/span><span class=\"aioseo-breadcrumb\">\n\t\t\tLa planification participative comme base du d\u00e9veloppement durable\n\t\t<\/span><\/div>","aioseo_breadcrumb_json":[{"label":"Home","link":"https:\/\/www.immo-invest.ch\/fr\/"},{"label":"R\u00e9gions","link":"https:\/\/www.immo-invest.ch\/fr\/categories\/regions\/"},{"label":"Suisse","link":"https:\/\/www.immo-invest.ch\/fr\/categories\/regions\/suisse\/"},{"label":"Espace Mittelland","link":"https:\/\/www.immo-invest.ch\/fr\/categories\/regions\/suisse\/espace-mittelland\/"},{"label":"Thun","link":"https:\/\/www.immo-invest.ch\/fr\/categories\/regions\/suisse\/espace-mittelland\/thun-immoregionen-fr\/"},{"label":"La planification participative comme base du d\u00e9veloppement durable","link":"https:\/\/www.immo-invest.ch\/fr\/partizipative-planung-als-basis-fuer-nachhaltige-entwicklung\/"}],"featured_image_src":"https:\/\/www.immo-invest.ch\/wp-content\/uploads\/2023\/11\/Luftaufnahme_DJI_0413-336x168.jpg","_links":{"self":[{"href":"https:\/\/www.immo-invest.ch\/fr\/wp-json\/wp\/v2\/posts\/68504","targetHints":{"allow":["GET"]}}],"collection":[{"href":"https:\/\/www.immo-invest.ch\/fr\/wp-json\/wp\/v2\/posts"}],"about":[{"href":"https:\/\/www.immo-invest.ch\/fr\/wp-json\/wp\/v2\/types\/post"}],"author":[{"embeddable":true,"href":"https:\/\/www.immo-invest.ch\/fr\/wp-json\/wp\/v2\/users\/2"}],"replies":[{"embeddable":true,"href":"https:\/\/www.immo-invest.ch\/fr\/wp-json\/wp\/v2\/comments?post=68504"}],"version-history":[{"count":0,"href":"https:\/\/www.immo-invest.ch\/fr\/wp-json\/wp\/v2\/posts\/68504\/revisions"}],"wp:featuredmedia":[{"embeddable":true,"href":"https:\/\/www.immo-invest.ch\/fr\/wp-json\/wp\/v2\/media\/68438"}],"wp:attachment":[{"href":"https:\/\/www.immo-invest.ch\/fr\/wp-json\/wp\/v2\/media?parent=68504"}],"wp:term":[{"taxonomy":"category","embeddable":true,"href":"https:\/\/www.immo-invest.ch\/fr\/wp-json\/wp\/v2\/categories?post=68504"},{"taxonomy":"post_tag","embeddable":true,"href":"https:\/\/www.immo-invest.ch\/fr\/wp-json\/wp\/v2\/tags?post=68504"}],"curies":[{"name":"wp","href":"https:\/\/api.w.org\/{rel}","templated":true}]}}