{"id":67961,"date":"2023-11-27T09:38:41","date_gmt":"2023-11-27T08:38:41","guid":{"rendered":"https:\/\/www.immo-invest.ch\/susanne-szentkuti-stadtplanerin-2\/"},"modified":"2023-11-27T09:52:17","modified_gmt":"2023-11-27T08:52:17","slug":"susanne-szentkuti-stadtplanerin","status":"publish","type":"post","link":"https:\/\/www.immo-invest.ch\/fr\/susanne-szentkuti-stadtplanerin\/","title":{"rendered":"Susanne Szentkuti, urbaniste"},"content":{"rendered":"<p class=\"wp-block-paragraph\"><strong>Vous &ecirc;tes urbaniste et co-directrice du service de planification de la ville de Thoune.<br>Quelles sont vos t&acirc;ches principales ?<\/strong><br>La planification urbaine cr&eacute;e les bases d&rsquo;un d&eacute;veloppement interne de qualit&eacute; pour la ville de Thoune. Nous voulons renforcer les qualit&eacute;s existantes du site d&rsquo;habitation et de travail de Thoune et pr&eacute;server les identit&eacute;s sp&eacute;cifiques. Parall&egrave;lement, il s&rsquo;agit de cr&eacute;er de l&rsquo;espace pour de nouvelles utilisations, afin que Thoune puisse continuer &agrave; se positionner comme une ville attractive pour l&rsquo;habitat et le travail. Outre l&rsquo;harmonisation soigneuse du d&eacute;veloppement urbain avec la mobilit&eacute; actuelle et future, il s&rsquo;agit en particulier de pr&eacute;server et de mettre en r&eacute;seau nos pr&eacute;cieux espaces et qualit&eacute;s paysag&egrave;res.<br><br><strong>Quels sont actuellement vos plus grands d&eacute;fis ?<\/strong><br>Nous sommes appel&eacute;s &agrave; harmoniser au mieux les multiples exigences li&eacute;es &agrave; l&rsquo;espace limit&eacute; dont nous disposons, tout en gardant constamment &agrave; l&rsquo;esprit l&rsquo;int&eacute;r&ecirc;t public. Il n&rsquo;est pas toujours possible de satisfaire au maximum tous les int&eacute;r&ecirc;ts individuels. L&rsquo;un des plus grands d&eacute;fis d&rsquo;aujourd&rsquo;hui est d&rsquo;&eacute;valuer et de communiquer les besoins multiples dans le cadre de processus soigneusement con&ccedil;us et avec une implication appropri&eacute;e des parties prenantes et de la population. Mais cela rend &eacute;galement l&rsquo;urbanisme extr&ecirc;mement passionnant. Il est tout aussi important de mettre l&rsquo;accent sur la qualit&eacute; et la diversit&eacute; des espaces publics et des espaces ouverts. Ceux-ci deviennent de plus en plus importants avec le d&eacute;veloppement interne et nous devrions apprendre &agrave; penser la ville &agrave; partir des espaces libres et non pas en premier lieu &agrave; partir des b&acirc;timents.<br><br><strong>Que faites-vous pour le d&eacute;veloppement du site ?<\/strong><br>Avec la r&eacute;vision de l&rsquo;am&eacute;nagement local (r&eacute;vision du r&egrave;glement de construction et de zone), qui devrait &ecirc;tre approuv&eacute;e prochainement par le canton, nous cr&eacute;ons la base pour une utilisation plus efficace du sol, que ce soit dans les zones r&eacute;sidentielles, mixtes ou de travail. Les zones mixtes, en particulier, doivent pouvoir accueillir plus souvent un m&eacute;lange attrayant d&rsquo;habitat, de travail, de services, d&rsquo;approvisionnement et de loisirs. Le renforcement d&rsquo;autres sites centraux et bien desservis (en plus du centre-ville de Thoune), tels que Thoune Sud, Thoune Nord ou le long de la Gwattstrasse, permet de cr&eacute;er un espace suppl&eacute;mentaire et attractif pour les entreprises existantes et nouvelles. Il ne faut pas non plus oublier les deux p&ocirc;les de d&eacute;veloppement cantonaux ESP Bahnhof et ESP Thun Nord. Gr&acirc;ce &agrave; leur situation, &agrave; leur fonction actuelle et future de plaques tournantes multimodales et &agrave; leurs surfaces transformables, ces deux zones disposent d&rsquo;un &eacute;norme potentiel d&rsquo;emplois et d&rsquo;offres de logements modernes.<br><br><strong>Quels sont actuellement les projets de construction les plus importants &agrave; Thoune ?<\/strong><br>La liste est &ndash; heureusement &ndash; longue ! Nous travaillons avec divers propri&eacute;taires fonciers et des partenaires externes sur des projets tr&egrave;s int&eacute;ressants et importants pour le d&eacute;veloppement de Thoune. Certains d&rsquo;entre eux sont pr&eacute;sent&eacute;s dans ce num&eacute;ro d&rsquo;immoinvest. Pour n&rsquo;en citer qu&rsquo;un, il s&rsquo;agit de projets importants ;<\/p>\n\n\n\n<ul class=\"wp-block-list\"><li>le PUS Gare de Thoune<\/li><li>l&rsquo;ESP Thun Nord<\/li><li>le Siegenthalergut<\/li><li>le Hoffmatte<\/li><li>le Bostudenzelg<\/li><li>la Freistatt<\/li><li>le projet Bernstrasse<\/li><li>le projet Gewerbestrasse<\/li><\/ul>\n\n\n\n<p class=\"wp-block-paragraph\">Ces nouveaux &eacute;l&eacute;ments urbains attrayants et vivants apportent une contribution importante &agrave; l&rsquo;offre de logements dont nous avons tant besoin.<br><br><strong>Avez-vous encore des sites de d&eacute;veloppement libres pour l&rsquo;avenir ?<\/strong><br>Avec le Siegenthalergut et le Bostudenzelg, nous pourrons d&eacute;velopper dans un avenir proche deux des derniers sites non encore construits dans la zone d&rsquo;habitation. Les d&eacute;veloppements ult&eacute;rieurs se concentrent de plus en plus sur la transformation et le d&eacute;veloppement de zones d&eacute;j&agrave; existantes, qui sont d&eacute;velopp&eacute;es dans le cadre de plans d&rsquo;affectation sp&eacute;ciaux. Outre les zones d&eacute;j&agrave; mentionn&eacute;es, on peut notamment citer la zone de la gare ouest et la Gwattstrasse. Il convient &eacute;galement de mentionner la zone Sch&ouml;nau West, qui se caract&eacute;rise principalement par des lotissements de coop&eacute;ratives.<br><br><strong>O&ugrave; se situe Thoune en mati&egrave;re de mobilit&eacute; ?<\/strong><br>La gare de Thoune est la plaque tournante des transports de la r&eacute;gion. Gr&acirc;ce au d&eacute;veloppement et au r&eacute;am&eacute;nagement de l&rsquo;ESP Gare, nous assurons la <span class=\"glossaryLink\" aria-describedby=\"tt\" data-cmtooltip=\"&lt;div class=glossaryItemTitle&gt;Performance&lt;\/div&gt;&lt;div class=glossaryItemBody&gt;Wertentwicklung eines Portfolios&lt;\/div&gt;\" data-mobile-support=\"0\" data-gt-translate-attributes='[{\"attribute\":\"data-cmtooltip\", \"format\":\"html\"}]' tabindex=\"0\" role=\"link\">performance<\/span> de cette plaque tournante pour la g&eacute;n&eacute;ration &agrave; venir. Parall&egrave;lement, un nouvel arr&ecirc;t du RER sera mis en service en 2032 dans le PES Thoune Nord. En tant que nouvelle plaque tournante de la mobilit&eacute;, il permettra non seulement de desservir de mani&egrave;re optimale ce nouveau <span class=\"glossaryLink\" aria-describedby=\"tt\" data-cmtooltip=\"&lt;div class=glossaryItemTitle&gt;Quartier&lt;\/div&gt;&lt;div class=glossaryItemBody&gt;Amtliches, historisches, soziales oder stadtplanerisches Stadtviertel&lt;\/div&gt;\" data-mobile-support=\"0\" data-gt-translate-attributes='[{\"attribute\":\"data-cmtooltip\", \"format\":\"html\"}]' tabindex=\"0\" role=\"link\">quartier<\/span>, mais aussi, avec une nouvelle ligne de bus tangentielle, de relier de mani&egrave;re optimale les zones Steffisburg &ndash; Thoune Nord &ndash; Thoune Ouest et Thoune Sud, ce qui permettra &eacute;galement de d&eacute;sengorger la gare. La ville de Thoune dispose d&eacute;j&agrave; d&rsquo;un r&eacute;seau de bus dense, qui sera encore optimis&eacute; dans les ann&eacute;es &agrave; venir. En outre, de nouvelles liaisons attrayantes pour les cyclistes et les pi&eacute;tons seront cr&eacute;&eacute;es au cours des prochaines ann&eacute;es sur la base du concept global de transport de la ville.<br><br><strong>Qu&rsquo;est-ce qui rend Thoune attractive en tant que lieu de r&eacute;sidence ?<\/strong><br>La qualit&eacute; de vie est tr&egrave;s &eacute;lev&eacute;e, on trouve tout ce qui est n&eacute;cessaire &agrave; la vie sur un petit espace. Le centre-ville et les quartiers r&eacute;sidentiels sont accessibles par de courtes distances. Thoune est donc d&eacute;j&agrave; tr&egrave;s proche de ce que l&rsquo;on appelle la ville &agrave; 15 minutes. Thoune propose une offre culturelle, de loisirs et de services tr&egrave;s diversifi&eacute;e. La ville est entour&eacute;e de verdure et d&rsquo;espaces de loisirs attrayants. Et depuis Thoune, on peut se rendre en un rien de temps &agrave; Berne, dans l&rsquo;Oberland, en Valais ou m&ecirc;me en Italie !<br>Avec la r&eacute;vision du plan d&rsquo;am&eacute;nagement local et les divers d&eacute;veloppements de sites en cours, nous cr&eacute;ons en outre les bases n&eacute;cessaires &agrave; la cr&eacute;ation d&rsquo;une offre de logements diversifi&eacute;e, attrayante et moderne dans les ann&eacute;es &agrave; venir. Ainsi, tous ceux qui souhaitent rester &agrave; Thoune ou s&rsquo;y installer trouveront une offre de logement adapt&eacute;e dans notre ville attrayante.<br><br><strong>Qu&rsquo;en est-il des logements vacants &agrave; Thoune ?<\/strong><br>Thoune dispose de l&rsquo;un des taux de logements vacants les plus bas de Suisse (0,09). Cela montre que Thoune est une ville r&eacute;sidentielle tr&egrave;s attractive. En m&ecirc;me temps, nous sommes appel&eacute;s &agrave; d&eacute;velopper l&rsquo;offre de logements le plus rapidement possible. Avec la r&eacute;vision du plan local d&rsquo;urbanisme et des projets tels que Hoffmatte, Siegenthalergut, Bostudenzelg, nous sommes sur la bonne voie avec nos partenaires externes. La strat&eacute;gie en mati&egrave;re de logement 2030 du conseil municipal et le concept de d&eacute;veloppement urbain STEK 2035 en constituent la base strat&eacute;gique. L&rsquo;objectif est de cr&eacute;er une offre de logements diversifi&eacute;e, qui s&rsquo;adresse &agrave; toutes les g&eacute;n&eacute;rations et comprend les formes d&rsquo;habitat les plus diverses.<br><br><strong>Y a-t-il des logements bon march&eacute; &agrave; Thoune ?<\/strong><br>A Thoune, la construction de logements par des coop&eacute;ratives a une longue tradition. Les coop&eacute;ratives et autres ma&icirc;tres d&rsquo;ouvrage d&rsquo;utilit&eacute; publique apportent une contribution importante &agrave; une offre de logements diversifi&eacute;e et abordable en adh&eacute;rant au principe du loyer bas&eacute; sur les co&ucirc;ts. Actuellement, la part de logements coop&eacute;ratifs est de 10,4 %. Celle-ci devrait augmenter continuellement au cours des prochaines ann&eacute;es. Avec des projets comme Freistatt, Bostudenzelg ou Siegenthalergut, la ville peut promouvoir directement ces formes de logement en c&eacute;dant des terrains en droit de superficie &agrave; des ma&icirc;tres d&rsquo;ouvrage d&rsquo;utilit&eacute; publique. Elle soutient en outre les coop&eacute;ratives dans la r&eacute;novation et le d&eacute;veloppement de leurs lotissements existants.<br><br><strong>O&ugrave; voyez-vous Thoune dans 30 ans ?<\/strong><br>Thoune sera toujours reconnaissable en tant que Thoune. Avec ses diff&eacute;rentes identit&eacute;s de <span class=\"glossaryLink\" aria-describedby=\"tt\" data-cmtooltip=\"&lt;div class=glossaryItemTitle&gt;Quartier&lt;\/div&gt;&lt;div class=glossaryItemBody&gt;Amtliches, historisches, soziales oder stadtplanerisches Stadtviertel&lt;\/div&gt;\" data-mobile-support=\"0\" data-gt-translate-attributes='[{\"attribute\":\"data-cmtooltip\", \"format\":\"html\"}]' tabindex=\"0\" role=\"link\">quartier<\/span>, sa forte pr&eacute;sence de verdure et son centre-ville anim&eacute;, directement reli&eacute; au <span class=\"glossaryLink\" aria-describedby=\"tt\" data-cmtooltip=\"&lt;div class=glossaryItemTitle&gt;Quartier&lt;\/div&gt;&lt;div class=glossaryItemBody&gt;Amtliches, historisches, soziales oder stadtplanerisches Stadtviertel&lt;\/div&gt;\" data-mobile-support=\"0\" data-gt-translate-attributes='[{\"attribute\":\"data-cmtooltip\", \"format\":\"html\"}]' tabindex=\"0\" role=\"link\">quartier<\/span> central de la gare &ndash; un lieu vari&eacute; et attrayant o&ugrave; se rencontrent les utilisations les plus diverses. Au nord de la ville, les gens descendent du S-Bahn et se retrouvent dans un nouveau <span class=\"glossaryLink\" aria-describedby=\"tt\" data-cmtooltip=\"&lt;div class=glossaryItemTitle&gt;Quartier&lt;\/div&gt;&lt;div class=glossaryItemBody&gt;Amtliches, historisches, soziales oder stadtplanerisches Stadtviertel&lt;\/div&gt;\" data-mobile-support=\"0\" data-gt-translate-attributes='[{\"attribute\":\"data-cmtooltip\", \"format\":\"html\"}]' tabindex=\"0\" role=\"link\">quartier<\/span> urbain qui allie habitat, travail, loisirs, culture et d&eacute;tente. Le tout, comme auparavant, entour&eacute; d&rsquo;un paysage intact et biodiversifi&eacute;. Une ville o&ugrave; il fait bon vivre et travailler.<\/p>\n","protected":false},"excerpt":{"rendered":"<p>Avec Florian K\u00fchne, architecte municipal, elle est l&rsquo;architecte du d\u00e9veloppement urbain de Thoune en tant que codirectrice de l&rsquo;office de planification. Dans sa qu\u00eate d&rsquo;un \u00e9quilibre harmonieux entre pr\u00e9servation et innovation, elle mise sur un d\u00e9veloppement int\u00e9rieur de qualit\u00e9 qui renforce le caract\u00e8re de Thoune tout en ouvrant l&rsquo;espace \u00e0 de nouveaux concepts d&rsquo;utilisation. Avec les grands projets actuels, qui vont des espaces publics \u00e0 l&rsquo;habitat coop\u00e9ratif, Thoune refl\u00e8te une qualit\u00e9 de vie et une attractivit\u00e9 \u00e9lev\u00e9es. <\/p>\n","protected":false},"author":2,"featured_media":67945,"comment_status":"open","ping_status":"open","sticky":false,"template":"","format":"standard","meta":{"pmpro_default_level":"0","inline_featured_image":false,"_monsterinsights_skip_tracking":false,"footnotes":""},"categories":[4464,43262],"tags":[43275,43276,43277,43278,43279],"class_list":["post-67961","post","type-post","status-publish","format-standard","has-post-thumbnail","hentry","category-gens","category-thun-immoregionen-fr","tag-innenetwicklung-fr","tag-person-fr","tag-raumnutzung-fr","tag-stadt-thun-fr","tag-stadtplanerin-fr","pmpro-has-access"],"acf":{"bild_mit_ki_erstellt_worden":[],"lead":"Avec Florian K\u00fchne, architecte municipal, elle est l'architecte du d\u00e9veloppement urbain de Thoune en tant que codirectrice de l'office de planification. Dans sa qu\u00eate d'un \u00e9quilibre harmonieux entre pr\u00e9servation et innovation, elle mise sur un d\u00e9veloppement int\u00e9rieur de qualit\u00e9 qui renforce le caract\u00e8re de Thoune tout en ouvrant l'espace \u00e0 de nouveaux concepts d'utilisation. Avec les grands projets actuels, qui vont des espaces publics \u00e0 l'habitat coop\u00e9ratif, Thoune refl\u00e8te une qualit\u00e9 de vie et une attractivit\u00e9 \u00e9lev\u00e9es. ","autor":"Text: Karin Ibach, Bild: zVg.","ort":"","bildunterschrift":"","bild_im_grid":false,"gallerie":"","newsim":""},"aioseo_notices":[],"aioseo_head":"\n\t\t<!-- All in One SEO 5.0.0.1 - aioseo.com -->\n\t<meta name=\"description\" content=\"Avec Florian K\u00fchne, architecte municipal, elle est l&#039;architecte du d\u00e9veloppement urbain de Thoune en tant que codirectrice de l&#039;office de planification. Dans sa qu\u00eate d&#039;un \u00e9quilibre harmonieux entre pr\u00e9servation et innovation, elle mise sur un d\u00e9veloppement int\u00e9rieur de qualit\u00e9 qui renforce le caract\u00e8re de Thoune tout en ouvrant l&#039;espace \u00e0 de nouveaux concepts d&#039;utilisation. Avec les grands projets actuels, qui vont des espaces publics \u00e0 l&#039;habitat coop\u00e9ratif, Thoune refl\u00e8te une qualit\u00e9 de vie et une attractivit\u00e9 \u00e9lev\u00e9es.\" \/>\n\t<meta name=\"robots\" content=\"max-image-preview:large\" \/>\n\t<meta name=\"author\" content=\"immovestuser\"\/>\n\t<meta name=\"google-site-verification\" content=\"fHJKvgWpZCR2zVBHWfkQeFXC11qieUSff0HGNYfuyLA\" \/>\n\t<link rel=\"canonical\" href=\"https:\/\/www.immo-invest.ch\/fr\/susanne-szentkuti-stadtplanerin\/\" \/>\n\t<meta name=\"generator\" content=\"All in One SEO (AIOSEO) 5.0.0.1\" \/>\n\t\t<meta property=\"og:locale\" content=\"fr_FR\" \/>\n\t\t<meta property=\"og:site_name\" content=\"immo!nvest - Die Plattform f\u00fcr Standorte und Immobilien - Die\u00a0Plattform f\u00fcr Standorte und Immobilien\" \/>\n\t\t<meta property=\"og:type\" content=\"article\" \/>\n\t\t<meta property=\"og:title\" content=\"Susanne Szentkuti, urbaniste - immo!nvest - Die Plattform f\u00fcr Standorte und Immobilien\" \/>\n\t\t<meta property=\"og:description\" content=\"Avec Florian K\u00fchne, architecte municipal, elle est l&#039;architecte du d\u00e9veloppement urbain de Thoune en tant que codirectrice de l&#039;office de planification. Dans sa qu\u00eate d&#039;un \u00e9quilibre harmonieux entre pr\u00e9servation et innovation, elle mise sur un d\u00e9veloppement int\u00e9rieur de qualit\u00e9 qui renforce le caract\u00e8re de Thoune tout en ouvrant l&#039;espace \u00e0 de nouveaux concepts d&#039;utilisation. Avec les grands projets actuels, qui vont des espaces publics \u00e0 l&#039;habitat coop\u00e9ratif, Thoune refl\u00e8te une qualit\u00e9 de vie et une attractivit\u00e9 \u00e9lev\u00e9es.\" \/>\n\t\t<meta property=\"og:url\" content=\"https:\/\/www.immo-invest.ch\/fr\/susanne-szentkuti-stadtplanerin\/\" \/>\n\t\t<meta property=\"og:image\" content=\"https:\/\/www.immo-invest.ch\/wp-content\/uploads\/2023\/11\/susanneszentkuti-scaled.jpg\" \/>\n\t\t<meta property=\"og:image:secure_url\" content=\"https:\/\/www.immo-invest.ch\/wp-content\/uploads\/2023\/11\/susanneszentkuti-scaled.jpg\" \/>\n\t\t<meta property=\"og:image:width\" content=\"2560\" \/>\n\t\t<meta property=\"og:image:height\" content=\"1707\" \/>\n\t\t<meta property=\"article:published_time\" content=\"2023-11-27T08:38:41+00:00\" \/>\n\t\t<meta property=\"article:modified_time\" content=\"2023-11-27T08:52:17+00:00\" \/>\n\t\t<meta property=\"article:publisher\" content=\"https:\/\/www.facebook.com\/people\/Immoinvest\/100077962920504\/\" \/>\n\t\t<meta name=\"twitter:card\" content=\"summary_large_image\" \/>\n\t\t<meta name=\"twitter:site\" content=\"@i\" \/>\n\t\t<meta name=\"twitter:title\" content=\"Susanne Szentkuti, urbaniste - immo!nvest - Die Plattform f\u00fcr Standorte und Immobilien\" \/>\n\t\t<meta name=\"twitter:description\" content=\"Avec Florian K\u00fchne, architecte municipal, elle est l&#039;architecte du d\u00e9veloppement urbain de Thoune en tant que codirectrice de l&#039;office de planification. Dans sa qu\u00eate d&#039;un \u00e9quilibre harmonieux entre pr\u00e9servation et innovation, elle mise sur un d\u00e9veloppement int\u00e9rieur de qualit\u00e9 qui renforce le caract\u00e8re de Thoune tout en ouvrant l&#039;espace \u00e0 de nouveaux concepts d&#039;utilisation. Avec les grands projets actuels, qui vont des espaces publics \u00e0 l&#039;habitat coop\u00e9ratif, Thoune refl\u00e8te une qualit\u00e9 de vie et une attractivit\u00e9 \u00e9lev\u00e9es.\" \/>\n\t\t<meta name=\"twitter:creator\" content=\"@i\" \/>\n\t\t<meta name=\"twitter:image\" content=\"https:\/\/www.immo-invest.ch\/wp-content\/uploads\/2023\/11\/susanneszentkuti-scaled.jpg\" \/>\n\t\t<script type=\"application\/ld+json\" class=\"aioseo-schema\">\n\t\t\t{\"@context\":\"https:\\\/\\\/schema.org\",\"@graph\":[{\"@type\":\"BlogPosting\",\"@id\":\"https:\\\/\\\/www.immo-invest.ch\\\/fr\\\/susanne-szentkuti-stadtplanerin\\\/#blogposting\",\"name\":\"Susanne Szentkuti, urbaniste - immo!nvest - Die Plattform f\\u00fcr Standorte und Immobilien\",\"headline\":\"Susanne Szentkuti, urbaniste\",\"author\":{\"@id\":\"https:\\\/\\\/www.immo-invest.ch\\\/fr\\\/author\\\/immovestuser\\\/#author\"},\"publisher\":{\"@id\":\"https:\\\/\\\/www.immo-invest.ch\\\/fr\\\/#organization\"},\"image\":{\"@type\":\"ImageObject\",\"url\":\"https:\\\/\\\/www.immo-invest.ch\\\/wp-content\\\/uploads\\\/2023\\\/11\\\/susanneszentkuti-scaled.jpg\",\"width\":2560,\"height\":1707},\"datePublished\":\"2023-11-27T09:38:41+01:00\",\"dateModified\":\"2023-11-27T09:52:17+01:00\",\"inLanguage\":\"fr-FR\",\"mainEntityOfPage\":{\"@id\":\"https:\\\/\\\/www.immo-invest.ch\\\/fr\\\/susanne-szentkuti-stadtplanerin\\\/#webpage\"},\"isPartOf\":{\"@id\":\"https:\\\/\\\/www.immo-invest.ch\\\/fr\\\/susanne-szentkuti-stadtplanerin\\\/#webpage\"},\"articleSection\":\"Gens, Thun, Innenetwicklung, Person, Raumnutzung, Stadt Thun, Stadtplanerin, Facultatif\"},{\"@type\":\"BreadcrumbList\",\"@id\":\"https:\\\/\\\/www.immo-invest.ch\\\/fr\\\/susanne-szentkuti-stadtplanerin\\\/#breadcrumblist\",\"itemListElement\":[{\"@type\":\"ListItem\",\"@id\":\"https:\\\/\\\/www.immo-invest.ch\\\/fr\\\/#listItem\",\"position\":1,\"name\":\"Home\",\"item\":\"https:\\\/\\\/www.immo-invest.ch\\\/fr\\\/\",\"nextItem\":{\"@type\":\"ListItem\",\"@id\":\"https:\\\/\\\/www.immo-invest.ch\\\/fr\\\/categories\\\/regions\\\/#listItem\",\"name\":\"R\\u00e9gions\"}},{\"@type\":\"ListItem\",\"@id\":\"https:\\\/\\\/www.immo-invest.ch\\\/fr\\\/categories\\\/regions\\\/#listItem\",\"position\":2,\"name\":\"R\\u00e9gions\",\"item\":\"https:\\\/\\\/www.immo-invest.ch\\\/fr\\\/categories\\\/regions\\\/\",\"nextItem\":{\"@type\":\"ListItem\",\"@id\":\"https:\\\/\\\/www.immo-invest.ch\\\/fr\\\/categories\\\/regions\\\/suisse\\\/#listItem\",\"name\":\"Suisse\"},\"previousItem\":{\"@type\":\"ListItem\",\"@id\":\"https:\\\/\\\/www.immo-invest.ch\\\/fr\\\/#listItem\",\"name\":\"Home\"}},{\"@type\":\"ListItem\",\"@id\":\"https:\\\/\\\/www.immo-invest.ch\\\/fr\\\/categories\\\/regions\\\/suisse\\\/#listItem\",\"position\":3,\"name\":\"Suisse\",\"item\":\"https:\\\/\\\/www.immo-invest.ch\\\/fr\\\/categories\\\/regions\\\/suisse\\\/\",\"nextItem\":{\"@type\":\"ListItem\",\"@id\":\"https:\\\/\\\/www.immo-invest.ch\\\/fr\\\/categories\\\/regions\\\/suisse\\\/espace-mittelland\\\/#listItem\",\"name\":\"Espace Mittelland\"},\"previousItem\":{\"@type\":\"ListItem\",\"@id\":\"https:\\\/\\\/www.immo-invest.ch\\\/fr\\\/categories\\\/regions\\\/#listItem\",\"name\":\"R\\u00e9gions\"}},{\"@type\":\"ListItem\",\"@id\":\"https:\\\/\\\/www.immo-invest.ch\\\/fr\\\/categories\\\/regions\\\/suisse\\\/espace-mittelland\\\/#listItem\",\"position\":4,\"name\":\"Espace Mittelland\",\"item\":\"https:\\\/\\\/www.immo-invest.ch\\\/fr\\\/categories\\\/regions\\\/suisse\\\/espace-mittelland\\\/\",\"nextItem\":{\"@type\":\"ListItem\",\"@id\":\"https:\\\/\\\/www.immo-invest.ch\\\/fr\\\/categories\\\/regions\\\/suisse\\\/espace-mittelland\\\/thun-immoregionen-fr\\\/#listItem\",\"name\":\"Thun\"},\"previousItem\":{\"@type\":\"ListItem\",\"@id\":\"https:\\\/\\\/www.immo-invest.ch\\\/fr\\\/categories\\\/regions\\\/suisse\\\/#listItem\",\"name\":\"Suisse\"}},{\"@type\":\"ListItem\",\"@id\":\"https:\\\/\\\/www.immo-invest.ch\\\/fr\\\/categories\\\/regions\\\/suisse\\\/espace-mittelland\\\/thun-immoregionen-fr\\\/#listItem\",\"position\":5,\"name\":\"Thun\",\"item\":\"https:\\\/\\\/www.immo-invest.ch\\\/fr\\\/categories\\\/regions\\\/suisse\\\/espace-mittelland\\\/thun-immoregionen-fr\\\/\",\"nextItem\":{\"@type\":\"ListItem\",\"@id\":\"https:\\\/\\\/www.immo-invest.ch\\\/fr\\\/susanne-szentkuti-stadtplanerin\\\/#listItem\",\"name\":\"Susanne Szentkuti, urbaniste\"},\"previousItem\":{\"@type\":\"ListItem\",\"@id\":\"https:\\\/\\\/www.immo-invest.ch\\\/fr\\\/categories\\\/regions\\\/suisse\\\/espace-mittelland\\\/#listItem\",\"name\":\"Espace Mittelland\"}},{\"@type\":\"ListItem\",\"@id\":\"https:\\\/\\\/www.immo-invest.ch\\\/fr\\\/susanne-szentkuti-stadtplanerin\\\/#listItem\",\"position\":6,\"name\":\"Susanne Szentkuti, urbaniste\",\"previousItem\":{\"@type\":\"ListItem\",\"@id\":\"https:\\\/\\\/www.immo-invest.ch\\\/fr\\\/categories\\\/regions\\\/suisse\\\/espace-mittelland\\\/thun-immoregionen-fr\\\/#listItem\",\"name\":\"Thun\"}}]},{\"@type\":\"Organization\",\"@id\":\"https:\\\/\\\/www.immo-invest.ch\\\/fr\\\/#organization\",\"name\":\"immo!nvest - Die Plattform f\\u00fcr Standorte und Immobilien\",\"description\":\"Die\\u00a0Plattform f\\u00fcr Standorte und Immobilien\",\"url\":\"https:\\\/\\\/www.immo-invest.ch\\\/fr\\\/\",\"email\":\"admin@immomedia.ag\",\"telephone\":\"+41444420002\",\"logo\":{\"@type\":\"ImageObject\",\"url\":\"https:\\\/\\\/www.immo-invest.ch\\\/wp-content\\\/uploads\\\/2024\\\/09\\\/immoinvest_sm-scaled.jpg\",\"@id\":\"https:\\\/\\\/www.immo-invest.ch\\\/fr\\\/susanne-szentkuti-stadtplanerin\\\/#organizationLogo\",\"width\":2560,\"height\":1340},\"image\":{\"@id\":\"https:\\\/\\\/www.immo-invest.ch\\\/fr\\\/susanne-szentkuti-stadtplanerin\\\/#organizationLogo\"},\"sameAs\":[\"https:\\\/\\\/www.facebook.com\\\/people\\\/Immoinvest\\\/100077962920504\\\/\",\"https:\\\/\\\/x.com\\\/i\\\/flow\\\/login?redirect_after_login=immoinvest_ch\",\"https:\\\/\\\/www.instagram.com\\\/immoinvest_ch\\\/\",\"https:\\\/\\\/www.linkedin.com\\\/company\\\/immoinvest-swiss\"]},{\"@type\":\"Person\",\"@id\":\"https:\\\/\\\/www.immo-invest.ch\\\/fr\\\/author\\\/immovestuser\\\/#author\",\"url\":\"https:\\\/\\\/www.immo-invest.ch\\\/fr\\\/author\\\/immovestuser\\\/\",\"name\":\"immovestuser\",\"image\":{\"@type\":\"ImageObject\",\"@id\":\"https:\\\/\\\/www.immo-invest.ch\\\/fr\\\/susanne-szentkuti-stadtplanerin\\\/#authorImage\",\"url\":\"https:\\\/\\\/secure.gravatar.com\\\/avatar\\\/8e01f4d99f2eeea7a362ebb93305e1172a70e9293ba250f897a65c39f54cdd1e?s=96&d=mm&r=g\",\"width\":96,\"height\":96,\"caption\":\"immovestuser\"}},{\"@type\":\"WebPage\",\"@id\":\"https:\\\/\\\/www.immo-invest.ch\\\/fr\\\/susanne-szentkuti-stadtplanerin\\\/#webpage\",\"url\":\"https:\\\/\\\/www.immo-invest.ch\\\/fr\\\/susanne-szentkuti-stadtplanerin\\\/\",\"name\":\"Susanne Szentkuti, urbaniste - immo!nvest - Die Plattform f\\u00fcr Standorte und Immobilien\",\"description\":\"Avec Florian K\\u00fchne, architecte municipal, elle est l'architecte du d\\u00e9veloppement urbain de Thoune en tant que codirectrice de l'office de planification. Dans sa qu\\u00eate d'un \\u00e9quilibre harmonieux entre pr\\u00e9servation et innovation, elle mise sur un d\\u00e9veloppement int\\u00e9rieur de qualit\\u00e9 qui renforce le caract\\u00e8re de Thoune tout en ouvrant l'espace \\u00e0 de nouveaux concepts d'utilisation. Avec les grands projets actuels, qui vont des espaces publics \\u00e0 l'habitat coop\\u00e9ratif, Thoune refl\\u00e8te une qualit\\u00e9 de vie et une attractivit\\u00e9 \\u00e9lev\\u00e9es.\",\"inLanguage\":\"fr-FR\",\"isPartOf\":{\"@id\":\"https:\\\/\\\/www.immo-invest.ch\\\/fr\\\/#website\"},\"breadcrumb\":{\"@id\":\"https:\\\/\\\/www.immo-invest.ch\\\/fr\\\/susanne-szentkuti-stadtplanerin\\\/#breadcrumblist\"},\"author\":{\"@id\":\"https:\\\/\\\/www.immo-invest.ch\\\/fr\\\/author\\\/immovestuser\\\/#author\"},\"creator\":{\"@id\":\"https:\\\/\\\/www.immo-invest.ch\\\/fr\\\/author\\\/immovestuser\\\/#author\"},\"image\":{\"@type\":\"ImageObject\",\"url\":\"https:\\\/\\\/www.immo-invest.ch\\\/wp-content\\\/uploads\\\/2023\\\/11\\\/susanneszentkuti-scaled.jpg\",\"@id\":\"https:\\\/\\\/www.immo-invest.ch\\\/fr\\\/susanne-szentkuti-stadtplanerin\\\/#mainImage\",\"width\":2560,\"height\":1707},\"primaryImageOfPage\":{\"@id\":\"https:\\\/\\\/www.immo-invest.ch\\\/fr\\\/susanne-szentkuti-stadtplanerin\\\/#mainImage\"},\"datePublished\":\"2023-11-27T09:38:41+01:00\",\"dateModified\":\"2023-11-27T09:52:17+01:00\"},{\"@type\":\"WebSite\",\"@id\":\"https:\\\/\\\/www.immo-invest.ch\\\/fr\\\/#website\",\"url\":\"https:\\\/\\\/www.immo-invest.ch\\\/fr\\\/\",\"name\":\"immo!nvest - Die Plattform f\\u00fcr Standorte und Immobilien\",\"description\":\"Die\\u00a0Plattform f\\u00fcr Standorte und Immobilien\",\"inLanguage\":\"fr-FR\",\"publisher\":{\"@id\":\"https:\\\/\\\/www.immo-invest.ch\\\/fr\\\/#organization\"}}]}\n\t\t<\/script>\n\t\t<!-- All in One SEO -->\n\n","aioseo_head_json":{"title":"Susanne Szentkuti, urbaniste - immo!nvest - Die Plattform f\u00fcr Standorte und Immobilien","description":"Avec Florian K\u00fchne, architecte municipal, elle est l'architecte du d\u00e9veloppement urbain de Thoune en tant que codirectrice de l'office de planification. Dans sa qu\u00eate d'un \u00e9quilibre harmonieux entre pr\u00e9servation et innovation, elle mise sur un d\u00e9veloppement int\u00e9rieur de qualit\u00e9 qui renforce le caract\u00e8re de Thoune tout en ouvrant l'espace \u00e0 de nouveaux concepts d'utilisation. Avec les grands projets actuels, qui vont des espaces publics \u00e0 l'habitat coop\u00e9ratif, Thoune refl\u00e8te une qualit\u00e9 de vie et une attractivit\u00e9 \u00e9lev\u00e9es.","canonical_url":"https:\/\/www.immo-invest.ch\/fr\/susanne-szentkuti-stadtplanerin\/","robots":"max-image-preview:large","keywords":"","webmasterTools":{"google-site-verification":"fHJKvgWpZCR2zVBHWfkQeFXC11qieUSff0HGNYfuyLA","miscellaneous":""},"schema":{"@context":"https:\/\/schema.org","@graph":[{"@type":"BlogPosting","@id":"https:\/\/www.immo-invest.ch\/fr\/susanne-szentkuti-stadtplanerin\/#blogposting","name":"Susanne Szentkuti, urbaniste - immo!nvest - Die Plattform f\u00fcr Standorte und Immobilien","headline":"Susanne Szentkuti, urbaniste","author":{"@id":"https:\/\/www.immo-invest.ch\/fr\/author\/immovestuser\/#author"},"publisher":{"@id":"https:\/\/www.immo-invest.ch\/fr\/#organization"},"image":{"@type":"ImageObject","url":"https:\/\/www.immo-invest.ch\/wp-content\/uploads\/2023\/11\/susanneszentkuti-scaled.jpg","width":2560,"height":1707},"datePublished":"2023-11-27T09:38:41+01:00","dateModified":"2023-11-27T09:52:17+01:00","inLanguage":"fr-FR","mainEntityOfPage":{"@id":"https:\/\/www.immo-invest.ch\/fr\/susanne-szentkuti-stadtplanerin\/#webpage"},"isPartOf":{"@id":"https:\/\/www.immo-invest.ch\/fr\/susanne-szentkuti-stadtplanerin\/#webpage"},"articleSection":"Gens, Thun, Innenetwicklung, Person, Raumnutzung, Stadt Thun, Stadtplanerin, Facultatif"},{"@type":"BreadcrumbList","@id":"https:\/\/www.immo-invest.ch\/fr\/susanne-szentkuti-stadtplanerin\/#breadcrumblist","itemListElement":[{"@type":"ListItem","@id":"https:\/\/www.immo-invest.ch\/fr\/#listItem","position":1,"name":"Home","item":"https:\/\/www.immo-invest.ch\/fr\/","nextItem":{"@type":"ListItem","@id":"https:\/\/www.immo-invest.ch\/fr\/categories\/regions\/#listItem","name":"R\u00e9gions"}},{"@type":"ListItem","@id":"https:\/\/www.immo-invest.ch\/fr\/categories\/regions\/#listItem","position":2,"name":"R\u00e9gions","item":"https:\/\/www.immo-invest.ch\/fr\/categories\/regions\/","nextItem":{"@type":"ListItem","@id":"https:\/\/www.immo-invest.ch\/fr\/categories\/regions\/suisse\/#listItem","name":"Suisse"},"previousItem":{"@type":"ListItem","@id":"https:\/\/www.immo-invest.ch\/fr\/#listItem","name":"Home"}},{"@type":"ListItem","@id":"https:\/\/www.immo-invest.ch\/fr\/categories\/regions\/suisse\/#listItem","position":3,"name":"Suisse","item":"https:\/\/www.immo-invest.ch\/fr\/categories\/regions\/suisse\/","nextItem":{"@type":"ListItem","@id":"https:\/\/www.immo-invest.ch\/fr\/categories\/regions\/suisse\/espace-mittelland\/#listItem","name":"Espace Mittelland"},"previousItem":{"@type":"ListItem","@id":"https:\/\/www.immo-invest.ch\/fr\/categories\/regions\/#listItem","name":"R\u00e9gions"}},{"@type":"ListItem","@id":"https:\/\/www.immo-invest.ch\/fr\/categories\/regions\/suisse\/espace-mittelland\/#listItem","position":4,"name":"Espace Mittelland","item":"https:\/\/www.immo-invest.ch\/fr\/categories\/regions\/suisse\/espace-mittelland\/","nextItem":{"@type":"ListItem","@id":"https:\/\/www.immo-invest.ch\/fr\/categories\/regions\/suisse\/espace-mittelland\/thun-immoregionen-fr\/#listItem","name":"Thun"},"previousItem":{"@type":"ListItem","@id":"https:\/\/www.immo-invest.ch\/fr\/categories\/regions\/suisse\/#listItem","name":"Suisse"}},{"@type":"ListItem","@id":"https:\/\/www.immo-invest.ch\/fr\/categories\/regions\/suisse\/espace-mittelland\/thun-immoregionen-fr\/#listItem","position":5,"name":"Thun","item":"https:\/\/www.immo-invest.ch\/fr\/categories\/regions\/suisse\/espace-mittelland\/thun-immoregionen-fr\/","nextItem":{"@type":"ListItem","@id":"https:\/\/www.immo-invest.ch\/fr\/susanne-szentkuti-stadtplanerin\/#listItem","name":"Susanne Szentkuti, urbaniste"},"previousItem":{"@type":"ListItem","@id":"https:\/\/www.immo-invest.ch\/fr\/categories\/regions\/suisse\/espace-mittelland\/#listItem","name":"Espace Mittelland"}},{"@type":"ListItem","@id":"https:\/\/www.immo-invest.ch\/fr\/susanne-szentkuti-stadtplanerin\/#listItem","position":6,"name":"Susanne Szentkuti, urbaniste","previousItem":{"@type":"ListItem","@id":"https:\/\/www.immo-invest.ch\/fr\/categories\/regions\/suisse\/espace-mittelland\/thun-immoregionen-fr\/#listItem","name":"Thun"}}]},{"@type":"Organization","@id":"https:\/\/www.immo-invest.ch\/fr\/#organization","name":"immo!nvest - Die Plattform f\u00fcr Standorte und Immobilien","description":"Die\u00a0Plattform f\u00fcr Standorte und Immobilien","url":"https:\/\/www.immo-invest.ch\/fr\/","email":"admin@immomedia.ag","telephone":"+41444420002","logo":{"@type":"ImageObject","url":"https:\/\/www.immo-invest.ch\/wp-content\/uploads\/2024\/09\/immoinvest_sm-scaled.jpg","@id":"https:\/\/www.immo-invest.ch\/fr\/susanne-szentkuti-stadtplanerin\/#organizationLogo","width":2560,"height":1340},"image":{"@id":"https:\/\/www.immo-invest.ch\/fr\/susanne-szentkuti-stadtplanerin\/#organizationLogo"},"sameAs":["https:\/\/www.facebook.com\/people\/Immoinvest\/100077962920504\/","https:\/\/x.com\/i\/flow\/login?redirect_after_login=immoinvest_ch","https:\/\/www.instagram.com\/immoinvest_ch\/","https:\/\/www.linkedin.com\/company\/immoinvest-swiss"]},{"@type":"Person","@id":"https:\/\/www.immo-invest.ch\/fr\/author\/immovestuser\/#author","url":"https:\/\/www.immo-invest.ch\/fr\/author\/immovestuser\/","name":"immovestuser","image":{"@type":"ImageObject","@id":"https:\/\/www.immo-invest.ch\/fr\/susanne-szentkuti-stadtplanerin\/#authorImage","url":"https:\/\/secure.gravatar.com\/avatar\/8e01f4d99f2eeea7a362ebb93305e1172a70e9293ba250f897a65c39f54cdd1e?s=96&d=mm&r=g","width":96,"height":96,"caption":"immovestuser"}},{"@type":"WebPage","@id":"https:\/\/www.immo-invest.ch\/fr\/susanne-szentkuti-stadtplanerin\/#webpage","url":"https:\/\/www.immo-invest.ch\/fr\/susanne-szentkuti-stadtplanerin\/","name":"Susanne Szentkuti, urbaniste - immo!nvest - Die Plattform f\u00fcr Standorte und Immobilien","description":"Avec Florian K\u00fchne, architecte municipal, elle est l'architecte du d\u00e9veloppement urbain de Thoune en tant que codirectrice de l'office de planification. Dans sa qu\u00eate d'un \u00e9quilibre harmonieux entre pr\u00e9servation et innovation, elle mise sur un d\u00e9veloppement int\u00e9rieur de qualit\u00e9 qui renforce le caract\u00e8re de Thoune tout en ouvrant l'espace \u00e0 de nouveaux concepts d'utilisation. Avec les grands projets actuels, qui vont des espaces publics \u00e0 l'habitat coop\u00e9ratif, Thoune refl\u00e8te une qualit\u00e9 de vie et une attractivit\u00e9 \u00e9lev\u00e9es.","inLanguage":"fr-FR","isPartOf":{"@id":"https:\/\/www.immo-invest.ch\/fr\/#website"},"breadcrumb":{"@id":"https:\/\/www.immo-invest.ch\/fr\/susanne-szentkuti-stadtplanerin\/#breadcrumblist"},"author":{"@id":"https:\/\/www.immo-invest.ch\/fr\/author\/immovestuser\/#author"},"creator":{"@id":"https:\/\/www.immo-invest.ch\/fr\/author\/immovestuser\/#author"},"image":{"@type":"ImageObject","url":"https:\/\/www.immo-invest.ch\/wp-content\/uploads\/2023\/11\/susanneszentkuti-scaled.jpg","@id":"https:\/\/www.immo-invest.ch\/fr\/susanne-szentkuti-stadtplanerin\/#mainImage","width":2560,"height":1707},"primaryImageOfPage":{"@id":"https:\/\/www.immo-invest.ch\/fr\/susanne-szentkuti-stadtplanerin\/#mainImage"},"datePublished":"2023-11-27T09:38:41+01:00","dateModified":"2023-11-27T09:52:17+01:00"},{"@type":"WebSite","@id":"https:\/\/www.immo-invest.ch\/fr\/#website","url":"https:\/\/www.immo-invest.ch\/fr\/","name":"immo!nvest - Die Plattform f\u00fcr Standorte und Immobilien","description":"Die\u00a0Plattform f\u00fcr Standorte und Immobilien","inLanguage":"fr-FR","publisher":{"@id":"https:\/\/www.immo-invest.ch\/fr\/#organization"}}]},"og:locale":"fr_FR","og:site_name":"immo!nvest - Die Plattform f\u00fcr Standorte und Immobilien - Die\u00a0Plattform f\u00fcr Standorte und Immobilien","og:type":"article","og:title":"Susanne Szentkuti, urbaniste - immo!nvest - Die Plattform f\u00fcr Standorte und Immobilien","og:description":"Avec Florian K\u00fchne, architecte municipal, elle est l'architecte du d\u00e9veloppement urbain de Thoune en tant que codirectrice de l'office de planification. Dans sa qu\u00eate d'un \u00e9quilibre harmonieux entre pr\u00e9servation et innovation, elle mise sur un d\u00e9veloppement int\u00e9rieur de qualit\u00e9 qui renforce le caract\u00e8re de Thoune tout en ouvrant l'espace \u00e0 de nouveaux concepts d'utilisation. Avec les grands projets actuels, qui vont des espaces publics \u00e0 l'habitat coop\u00e9ratif, Thoune refl\u00e8te une qualit\u00e9 de vie et une attractivit\u00e9 \u00e9lev\u00e9es.","og:url":"https:\/\/www.immo-invest.ch\/fr\/susanne-szentkuti-stadtplanerin\/","og:image":"https:\/\/www.immo-invest.ch\/wp-content\/uploads\/2023\/11\/susanneszentkuti-scaled.jpg","og:image:secure_url":"https:\/\/www.immo-invest.ch\/wp-content\/uploads\/2023\/11\/susanneszentkuti-scaled.jpg","og:image:width":2560,"og:image:height":1707,"article:published_time":"2023-11-27T08:38:41+00:00","article:modified_time":"2023-11-27T08:52:17+00:00","article:publisher":"https:\/\/www.facebook.com\/people\/Immoinvest\/100077962920504\/","twitter:card":"summary_large_image","twitter:site":"@i","twitter:title":"Susanne Szentkuti, urbaniste - immo!nvest - Die Plattform f\u00fcr Standorte und Immobilien","twitter:description":"Avec Florian K\u00fchne, architecte municipal, elle est l'architecte du d\u00e9veloppement urbain de Thoune en tant que codirectrice de l'office de planification. Dans sa qu\u00eate d'un \u00e9quilibre harmonieux entre pr\u00e9servation et innovation, elle mise sur un d\u00e9veloppement int\u00e9rieur de qualit\u00e9 qui renforce le caract\u00e8re de Thoune tout en ouvrant l'espace \u00e0 de nouveaux concepts d'utilisation. Avec les grands projets actuels, qui vont des espaces publics \u00e0 l'habitat coop\u00e9ratif, Thoune refl\u00e8te une qualit\u00e9 de vie et une attractivit\u00e9 \u00e9lev\u00e9es.","twitter:creator":"@i","twitter:image":"https:\/\/www.immo-invest.ch\/wp-content\/uploads\/2023\/11\/susanneszentkuti-scaled.jpg"},"aioseo_meta_data":{"post_id":"67961","title":null,"description":null,"keywords":null,"keyphrases":null,"primary_term":null,"canonical_url":null,"og_title":null,"og_description":null,"og_object_type":"default","og_image_type":"default","og_image_url":null,"og_image_width":null,"og_image_height":null,"og_image_custom_url":null,"og_image_custom_fields":null,"og_video":null,"og_custom_url":null,"og_article_section":null,"og_article_tags":null,"twitter_use_og":false,"twitter_card":"default","twitter_image_type":"default","twitter_image_url":null,"twitter_image_custom_url":null,"twitter_image_custom_fields":null,"twitter_title":null,"twitter_description":null,"schema":{"blockGraphs":[],"customGraphs":[],"default":{"data":{"Article":[],"Course":[],"Dataset":[],"FAQPage":[],"Movie":[],"Person":[],"Product":[],"ProductReview":[],"Car":[],"Recipe":[],"Service":[],"SoftwareApplication":[],"WebPage":[]},"graphName":"","isEnabled":true},"graphs":[]},"schema_type":"default","schema_type_options":null,"pillar_content":false,"robots_default":true,"robots_noindex":false,"robots_noarchive":false,"robots_nosnippet":false,"robots_nofollow":false,"robots_noimageindex":false,"robots_noodp":false,"robots_notranslate":false,"robots_max_snippet":null,"robots_max_videopreview":null,"robots_max_imagepreview":"large","priority":null,"frequency":null,"local_seo":null,"breadcrumb_settings":null,"limit_modified_date":false,"ai":null,"created":"2024-09-20 12:21:04","updated":"2025-10-23 18:16:15","seo_analyzer_scan_date":null,"focus_keyword":null,"additional_keywords":null,"truseo_locale":null},"aioseo_breadcrumb":"<div class=\"aioseo-breadcrumbs\"><span class=\"aioseo-breadcrumb\">\n\t\t\t<a href=\"https:\/\/www.immo-invest.ch\/fr\/\" title=\"Home\">Home<\/a>\n\t\t<\/span><span class=\"aioseo-breadcrumb-separator\">&raquo;<\/span><span class=\"aioseo-breadcrumb\">\n\t\t\t<a href=\"https:\/\/www.immo-invest.ch\/fr\/categories\/regions\/\" title=\"R\u00e9gions\">R\u00e9gions<\/a>\n\t\t<\/span><span class=\"aioseo-breadcrumb-separator\">&raquo;<\/span><span class=\"aioseo-breadcrumb\">\n\t\t\t<a href=\"https:\/\/www.immo-invest.ch\/fr\/categories\/regions\/suisse\/\" title=\"Suisse\">Suisse<\/a>\n\t\t<\/span><span class=\"aioseo-breadcrumb-separator\">&raquo;<\/span><span class=\"aioseo-breadcrumb\">\n\t\t\t<a href=\"https:\/\/www.immo-invest.ch\/fr\/categories\/regions\/suisse\/espace-mittelland\/\" title=\"Espace Mittelland\">Espace Mittelland<\/a>\n\t\t<\/span><span class=\"aioseo-breadcrumb-separator\">&raquo;<\/span><span class=\"aioseo-breadcrumb\">\n\t\t\t<a href=\"https:\/\/www.immo-invest.ch\/fr\/categories\/regions\/suisse\/espace-mittelland\/thun-immoregionen-fr\/\" title=\"Thun\">Thun<\/a>\n\t\t<\/span><span class=\"aioseo-breadcrumb-separator\">&raquo;<\/span><span class=\"aioseo-breadcrumb\">\n\t\t\tSusanne Szentkuti, urbaniste\n\t\t<\/span><\/div>","aioseo_breadcrumb_json":[{"label":"Home","link":"https:\/\/www.immo-invest.ch\/fr\/"},{"label":"R\u00e9gions","link":"https:\/\/www.immo-invest.ch\/fr\/categories\/regions\/"},{"label":"Suisse","link":"https:\/\/www.immo-invest.ch\/fr\/categories\/regions\/suisse\/"},{"label":"Espace Mittelland","link":"https:\/\/www.immo-invest.ch\/fr\/categories\/regions\/suisse\/espace-mittelland\/"},{"label":"Thun","link":"https:\/\/www.immo-invest.ch\/fr\/categories\/regions\/suisse\/espace-mittelland\/thun-immoregionen-fr\/"},{"label":"Susanne Szentkuti, urbaniste","link":"https:\/\/www.immo-invest.ch\/fr\/susanne-szentkuti-stadtplanerin\/"}],"featured_image_src":"https:\/\/www.immo-invest.ch\/wp-content\/uploads\/2023\/11\/susanneszentkuti-336x168.jpg","_links":{"self":[{"href":"https:\/\/www.immo-invest.ch\/fr\/wp-json\/wp\/v2\/posts\/67961","targetHints":{"allow":["GET"]}}],"collection":[{"href":"https:\/\/www.immo-invest.ch\/fr\/wp-json\/wp\/v2\/posts"}],"about":[{"href":"https:\/\/www.immo-invest.ch\/fr\/wp-json\/wp\/v2\/types\/post"}],"author":[{"embeddable":true,"href":"https:\/\/www.immo-invest.ch\/fr\/wp-json\/wp\/v2\/users\/2"}],"replies":[{"embeddable":true,"href":"https:\/\/www.immo-invest.ch\/fr\/wp-json\/wp\/v2\/comments?post=67961"}],"version-history":[{"count":0,"href":"https:\/\/www.immo-invest.ch\/fr\/wp-json\/wp\/v2\/posts\/67961\/revisions"}],"wp:featuredmedia":[{"embeddable":true,"href":"https:\/\/www.immo-invest.ch\/fr\/wp-json\/wp\/v2\/media\/67945"}],"wp:attachment":[{"href":"https:\/\/www.immo-invest.ch\/fr\/wp-json\/wp\/v2\/media?parent=67961"}],"wp:term":[{"taxonomy":"category","embeddable":true,"href":"https:\/\/www.immo-invest.ch\/fr\/wp-json\/wp\/v2\/categories?post=67961"},{"taxonomy":"post_tag","embeddable":true,"href":"https:\/\/www.immo-invest.ch\/fr\/wp-json\/wp\/v2\/tags?post=67961"}],"curies":[{"name":"wp","href":"https:\/\/api.w.org\/{rel}","templated":true}]}}