{"id":67620,"date":"2023-11-20T16:30:00","date_gmt":"2023-11-20T15:30:00","guid":{"rendered":"https:\/\/www.immo-invest.ch\/?p=67620"},"modified":"2023-11-20T09:33:15","modified_gmt":"2023-11-20T08:33:15","slug":"flughafen-zurich-will-eiszeitrinne-fur-klimatisierung-nutzen","status":"publish","type":"post","link":"https:\/\/www.immo-invest.ch\/fr\/flughafen-zurich-will-eiszeitrinne-fur-klimatisierung-nutzen\/","title":{"rendered":"L&rsquo;a\u00e9roport de Zurich veut utiliser le chenal de l&rsquo;\u00e2ge de glace pour la climatisation"},"content":{"rendered":"<p class=\"bodytext\">L <a href=\"https:\/\/www.flughafen-zuerich.ch\/de\/unternehmen\" target=\"_blank\" rel=\"noopener\">&lsquo;a&eacute;roport de Zurich AG<\/a> explore actuellement un chenal glaciaire sous l&rsquo;a&eacute;roport. Elle se trouve &agrave; 300 m&egrave;tres de profondeur et mesure au total environ 30 kilom&egrave;tres de long. Comme elle est remplie de graviers aquif&egrave;res, elle pourrait servir de r&eacute;servoir de chaleur et de froid pour chauffer et refroidir une partie importante des b&acirc;timents de l&rsquo;a&eacute;roport sans &eacute;missions.<\/p>\n<p class=\"bodytext\">&laquo;&nbsp;En nous &eacute;loignant des combustibles fossiles comme le p&eacute;trole et le gaz, nous nous rapprochons consid&eacute;rablement de notre objectif de z&eacute;ro &eacute;mission de gaz &agrave; effet de serre d&rsquo;ici 2040&nbsp;&raquo;, a d&eacute;clar&eacute; Lydia Naef, Chief <span class=\"glossaryLink\" aria-describedby=\"tt\" data-cmtooltip=\"&lt;div class=glossaryItemTitle&gt;Real Estate&lt;\/div&gt;&lt;div class=glossaryItemBody&gt;Engl. f&uuml;r Immobilien&lt;\/div&gt;\" data-mobile-support=\"0\" data-gt-translate-attributes='[{\"attribute\":\"data-cmtooltip\", \"format\":\"html\"}]' tabindex=\"0\" role=\"link\">Real Estate<\/span> Officer de Flughafen Z&uuml;rich AG, cit&eacute;e dans un <a href=\"https:\/\/www.flughafen-zuerich.ch\/newsroom\/unterirdische-rinne-soll-emissionsfreies-heizen-und-kuehlen-am-flughafen-zuerich-ermoeglichen\/\" target=\"_blank\" rel=\"noopener\">communiqu&eacute; de presse<\/a>. &laquo;&nbsp;La g&eacute;othermie joue un r&ocirc;le central dans ce processus&nbsp;&raquo;<\/p>\n<p class=\"bodytext\">En collaboration avec IG Rinne, un consortium compos&eacute; de la soci&eacute;t&eacute; de conseil en ing&eacute;nierie <a href=\"https:\/\/www.geothermal.ch\/\" target=\"_blank\" rel=\"noopener\">Geo Explorers<\/a>, de <a href=\"https:\/\/www.scpag.ch\/\" target=\"_blank\" rel=\"noopener\">Sieber Cassina &amp; Partner AG<\/a> et de <a href=\"https:\/\/e-axiom.ch\/\" target=\"_blank\" rel=\"noopener\">E-Axiom GmbH<\/a>, Flughafen Z&uuml;rich AG &eacute;labore une proc&eacute;dure en plusieurs &eacute;tapes pour analyser le potentiel de la rigole en tant que r&eacute;servoir. Selon les informations fournies, les r&eacute;sultats de l&rsquo;&eacute;tude men&eacute;e jusqu&rsquo;&agrave; pr&eacute;sent sont prometteurs.<\/p>\n<p class=\"bodytext\">En cas de succ&egrave;s, l&rsquo;a&eacute;roport de Zurich souhaite utiliser le caniveau comme r&eacute;servoir de chaleur et de froid &agrave; partir de 2026. Elle estime les co&ucirc;ts d&rsquo;investissement pour l&rsquo;exploration du caniveau et la construction des puits entre 4 et 8 millions de francs, selon la quantit&eacute; de puits n&eacute;cessaires. S&rsquo;y ajouteraient des co&ucirc;ts d&rsquo;am&eacute;nagement pour les conduites et d&rsquo;autres mesures techniques.<\/p>\n<p class=\"bodytext\">Le projet est encourag&eacute; et suivi par l&rsquo;<a href=\"https:\/\/www.bfe.admin.ch\/bfe\/de\/home.html\" target=\"_blank\" rel=\"noopener\">Office f&eacute;d&eacute;ral de l&rsquo;&eacute;nergie<\/a> en tant que projet pilote, selon Emanuel Fleuti, responsable du d&eacute;veloppement durable et de l&rsquo;environnement &agrave; l&rsquo;a&eacute;roport de Zurich AG. &laquo;&nbsp;Nous mettons toutes les connaissances acquises &agrave; la disposition de la science et pouvons ainsi contribuer &agrave; la recherche sur les syst&egrave;mes de refroidissement et de chauffage sans &eacute;missions&nbsp;&raquo;<\/p>\n","protected":false},"excerpt":{"rendered":"<p>Une rigole aquif\u00e8re datant de l&rsquo;\u00e8re glaciaire, situ\u00e9e \u00e0 300 m\u00e8tres sous l&rsquo;a\u00e9roport de Zurich, pourrait \u00eatre la solution pour chauffer et refroidir les b\u00e2timents de l&rsquo;a\u00e9roport sans \u00e9missions. Elle pourrait servir d&rsquo;accumulateur de chaleur et de froid. Des recherches sont actuellement en cours \u00e0 ce sujet.<\/p>\n","protected":false},"author":2,"featured_media":67615,"comment_status":"open","ping_status":"open","sticky":false,"template":"","format":"standard","meta":{"pmpro_default_level":"","inline_featured_image":false,"_monsterinsights_skip_tracking":false,"footnotes":""},"categories":[8747,22696,743],"tags":[43154,22206,2155,43155,42619],"class_list":["post-67620","post","type-post","status-publish","format-standard","has-post-thumbnail","hentry","category-energie","category-entreprise","category-immonews-fr","tag-brennstoffe-2","tag-erforschung-fr","tag-erneuerbareenergien-fr","tag-treibhausgas-emissionen","tag-waermespeicher-fr","pmpro-has-access"],"acf":{"bild_mit_ki_erstellt_worden":[],"lead":"Une rigole aquif\u00e8re datant de l'\u00e8re glaciaire, situ\u00e9e \u00e0 300 m\u00e8tres sous l'a\u00e9roport de Zurich, pourrait \u00eatre la solution pour chauffer et refroidir les b\u00e2timents de l'a\u00e9roport sans \u00e9missions. Elle pourrait servir d'accumulateur de chaleur et de froid. Des recherches sont actuellement en cours \u00e0 ce sujet.","autor":"ce\/mm","ort":"Kloten ZH","bildunterschrift":"","bild_im_grid":false,"gallerie":"","newsim":""},"aioseo_notices":[],"aioseo_head":"\n\t\t<!-- All in One SEO 5.0.1.1 - aioseo.com -->\n\t<meta name=\"description\" content=\"Une rigole aquif\u00e8re datant de l&#039;\u00e8re glaciaire, situ\u00e9e \u00e0 300 m\u00e8tres sous l&#039;a\u00e9roport de Zurich, pourrait \u00eatre la solution pour chauffer et refroidir les b\u00e2timents de l&#039;a\u00e9roport sans \u00e9missions. Elle pourrait servir d&#039;accumulateur de chaleur et de froid. Des recherches sont actuellement en cours \u00e0 ce sujet.\" \/>\n\t<meta name=\"robots\" content=\"max-image-preview:large\" \/>\n\t<meta name=\"author\" content=\"immovestuser\"\/>\n\t<meta name=\"google-site-verification\" content=\"fHJKvgWpZCR2zVBHWfkQeFXC11qieUSff0HGNYfuyLA\" \/>\n\t<link rel=\"canonical\" href=\"https:\/\/www.immo-invest.ch\/fr\/flughafen-zurich-will-eiszeitrinne-fur-klimatisierung-nutzen\/\" \/>\n\t<meta name=\"generator\" content=\"All in One SEO (AIOSEO) 5.0.1.1\" \/>\n\t\t<meta property=\"og:locale\" content=\"fr_FR\" \/>\n\t\t<meta property=\"og:site_name\" content=\"immo!nvest - Die Plattform f\u00fcr Standorte und Immobilien - Die\u00a0Plattform f\u00fcr Standorte und Immobilien\" \/>\n\t\t<meta property=\"og:type\" content=\"article\" \/>\n\t\t<meta property=\"og:title\" content=\"L\u2019a\u00e9roport de Zurich veut utiliser le chenal de l\u2019\u00e2ge de glace pour la climatisation - immo!nvest - Die Plattform f\u00fcr Standorte und Immobilien\" \/>\n\t\t<meta property=\"og:description\" content=\"Une rigole aquif\u00e8re datant de l&#039;\u00e8re glaciaire, situ\u00e9e \u00e0 300 m\u00e8tres sous l&#039;a\u00e9roport de Zurich, pourrait \u00eatre la solution pour chauffer et refroidir les b\u00e2timents de l&#039;a\u00e9roport sans \u00e9missions. Elle pourrait servir d&#039;accumulateur de chaleur et de froid. Des recherches sont actuellement en cours \u00e0 ce sujet.\" \/>\n\t\t<meta property=\"og:url\" content=\"https:\/\/www.immo-invest.ch\/fr\/flughafen-zurich-will-eiszeitrinne-fur-klimatisierung-nutzen\/\" \/>\n\t\t<meta property=\"og:image\" content=\"https:\/\/www.immo-invest.ch\/wp-content\/uploads\/2023\/11\/claudio-schwarz-wV-OCPR-ws-unsplash-scaled.jpg\" \/>\n\t\t<meta property=\"og:image:secure_url\" content=\"https:\/\/www.immo-invest.ch\/wp-content\/uploads\/2023\/11\/claudio-schwarz-wV-OCPR-ws-unsplash-scaled.jpg\" \/>\n\t\t<meta property=\"og:image:width\" content=\"2560\" \/>\n\t\t<meta property=\"og:image:height\" content=\"1708\" \/>\n\t\t<meta property=\"article:published_time\" content=\"2023-11-20T15:30:00+00:00\" \/>\n\t\t<meta property=\"article:modified_time\" content=\"2023-11-20T08:33:15+00:00\" \/>\n\t\t<meta property=\"article:publisher\" content=\"https:\/\/www.facebook.com\/people\/Immoinvest\/100077962920504\/\" \/>\n\t\t<meta name=\"twitter:card\" content=\"summary_large_image\" \/>\n\t\t<meta name=\"twitter:site\" content=\"@i\" \/>\n\t\t<meta name=\"twitter:title\" content=\"L\u2019a\u00e9roport de Zurich veut utiliser le chenal de l\u2019\u00e2ge de glace pour la climatisation - immo!nvest - Die Plattform f\u00fcr Standorte und Immobilien\" \/>\n\t\t<meta name=\"twitter:description\" content=\"Une rigole aquif\u00e8re datant de l&#039;\u00e8re glaciaire, situ\u00e9e \u00e0 300 m\u00e8tres sous l&#039;a\u00e9roport de Zurich, pourrait \u00eatre la solution pour chauffer et refroidir les b\u00e2timents de l&#039;a\u00e9roport sans \u00e9missions. Elle pourrait servir d&#039;accumulateur de chaleur et de froid. Des recherches sont actuellement en cours \u00e0 ce sujet.\" \/>\n\t\t<meta name=\"twitter:creator\" content=\"@i\" \/>\n\t\t<meta name=\"twitter:image\" content=\"https:\/\/www.immo-invest.ch\/wp-content\/uploads\/2023\/11\/claudio-schwarz-wV-OCPR-ws-unsplash-scaled.jpg\" \/>\n\t\t<script type=\"application\/ld+json\" class=\"aioseo-schema\">\n\t\t\t{\"@context\":\"https:\\\/\\\/schema.org\",\"@graph\":[{\"@type\":\"BlogPosting\",\"@id\":\"https:\\\/\\\/www.immo-invest.ch\\\/fr\\\/flughafen-zurich-will-eiszeitrinne-fur-klimatisierung-nutzen\\\/#blogposting\",\"name\":\"L\\u2019a\\u00e9roport de Zurich veut utiliser le chenal de l\\u2019\\u00e2ge de glace pour la climatisation - immo!nvest - Die Plattform f\\u00fcr Standorte und Immobilien\",\"headline\":\"L&rsquo;a\\u00e9roport de Zurich veut utiliser le chenal de l&rsquo;\\u00e2ge de glace pour la climatisation\",\"author\":{\"@id\":\"https:\\\/\\\/www.immo-invest.ch\\\/fr\\\/author\\\/immovestuser\\\/#author\"},\"publisher\":{\"@id\":\"https:\\\/\\\/www.immo-invest.ch\\\/fr\\\/#organization\"},\"image\":{\"@type\":\"ImageObject\",\"url\":\"https:\\\/\\\/www.immo-invest.ch\\\/wp-content\\\/uploads\\\/2023\\\/11\\\/claudio-schwarz-wV-OCPR-ws-unsplash-scaled.jpg\",\"width\":2560,\"height\":1708},\"datePublished\":\"2023-11-20T16:30:00+01:00\",\"dateModified\":\"2023-11-20T09:33:15+01:00\",\"inLanguage\":\"fr-FR\",\"mainEntityOfPage\":{\"@id\":\"https:\\\/\\\/www.immo-invest.ch\\\/fr\\\/flughafen-zurich-will-eiszeitrinne-fur-klimatisierung-nutzen\\\/#webpage\"},\"isPartOf\":{\"@id\":\"https:\\\/\\\/www.immo-invest.ch\\\/fr\\\/flughafen-zurich-will-eiszeitrinne-fur-klimatisierung-nutzen\\\/#webpage\"},\"articleSection\":\"\\u00c9nergie, Entreprise, immoNews, Brennstoffe, Erforschung, ErneuerbareEnergien, Treibhausgas-Emissionen, W\\u00e4rmespeicher, Facultatif\"},{\"@type\":\"BreadcrumbList\",\"@id\":\"https:\\\/\\\/www.immo-invest.ch\\\/fr\\\/flughafen-zurich-will-eiszeitrinne-fur-klimatisierung-nutzen\\\/#breadcrumblist\",\"itemListElement\":[{\"@type\":\"ListItem\",\"@id\":\"https:\\\/\\\/www.immo-invest.ch\\\/fr\\\/#listItem\",\"position\":1,\"name\":\"Home\",\"item\":\"https:\\\/\\\/www.immo-invest.ch\\\/fr\\\/\",\"nextItem\":{\"@type\":\"ListItem\",\"@id\":\"https:\\\/\\\/www.immo-invest.ch\\\/fr\\\/categories\\\/trends-fr\\\/#listItem\",\"name\":\"Trends\"}},{\"@type\":\"ListItem\",\"@id\":\"https:\\\/\\\/www.immo-invest.ch\\\/fr\\\/categories\\\/trends-fr\\\/#listItem\",\"position\":2,\"name\":\"Trends\",\"item\":\"https:\\\/\\\/www.immo-invest.ch\\\/fr\\\/categories\\\/trends-fr\\\/\",\"nextItem\":{\"@type\":\"ListItem\",\"@id\":\"https:\\\/\\\/www.immo-invest.ch\\\/fr\\\/categories\\\/trends-fr\\\/entreprise\\\/#listItem\",\"name\":\"Entreprise\"},\"previousItem\":{\"@type\":\"ListItem\",\"@id\":\"https:\\\/\\\/www.immo-invest.ch\\\/fr\\\/#listItem\",\"name\":\"Home\"}},{\"@type\":\"ListItem\",\"@id\":\"https:\\\/\\\/www.immo-invest.ch\\\/fr\\\/categories\\\/trends-fr\\\/entreprise\\\/#listItem\",\"position\":3,\"name\":\"Entreprise\",\"item\":\"https:\\\/\\\/www.immo-invest.ch\\\/fr\\\/categories\\\/trends-fr\\\/entreprise\\\/\",\"nextItem\":{\"@type\":\"ListItem\",\"@id\":\"https:\\\/\\\/www.immo-invest.ch\\\/fr\\\/flughafen-zurich-will-eiszeitrinne-fur-klimatisierung-nutzen\\\/#listItem\",\"name\":\"L&rsquo;a\\u00e9roport de Zurich veut utiliser le chenal de l&rsquo;\\u00e2ge de glace pour la climatisation\"},\"previousItem\":{\"@type\":\"ListItem\",\"@id\":\"https:\\\/\\\/www.immo-invest.ch\\\/fr\\\/categories\\\/trends-fr\\\/#listItem\",\"name\":\"Trends\"}},{\"@type\":\"ListItem\",\"@id\":\"https:\\\/\\\/www.immo-invest.ch\\\/fr\\\/flughafen-zurich-will-eiszeitrinne-fur-klimatisierung-nutzen\\\/#listItem\",\"position\":4,\"name\":\"L&rsquo;a\\u00e9roport de Zurich veut utiliser le chenal de l&rsquo;\\u00e2ge de glace pour la climatisation\",\"previousItem\":{\"@type\":\"ListItem\",\"@id\":\"https:\\\/\\\/www.immo-invest.ch\\\/fr\\\/categories\\\/trends-fr\\\/entreprise\\\/#listItem\",\"name\":\"Entreprise\"}}]},{\"@type\":\"Organization\",\"@id\":\"https:\\\/\\\/www.immo-invest.ch\\\/fr\\\/#organization\",\"name\":\"immo!nvest - Die Plattform f\\u00fcr Standorte und Immobilien\",\"description\":\"Die\\u00a0Plattform f\\u00fcr Standorte und Immobilien\",\"url\":\"https:\\\/\\\/www.immo-invest.ch\\\/fr\\\/\",\"email\":\"admin@immomedia.ag\",\"telephone\":\"+41444420002\",\"logo\":{\"@type\":\"ImageObject\",\"url\":\"https:\\\/\\\/www.immo-invest.ch\\\/wp-content\\\/uploads\\\/2024\\\/09\\\/immoinvest_sm-scaled.jpg\",\"@id\":\"https:\\\/\\\/www.immo-invest.ch\\\/fr\\\/flughafen-zurich-will-eiszeitrinne-fur-klimatisierung-nutzen\\\/#organizationLogo\",\"width\":2560,\"height\":1340},\"image\":{\"@id\":\"https:\\\/\\\/www.immo-invest.ch\\\/fr\\\/flughafen-zurich-will-eiszeitrinne-fur-klimatisierung-nutzen\\\/#organizationLogo\"},\"sameAs\":[\"https:\\\/\\\/www.facebook.com\\\/people\\\/Immoinvest\\\/100077962920504\\\/\",\"https:\\\/\\\/x.com\\\/i\\\/flow\\\/login?redirect_after_login=immoinvest_ch\",\"https:\\\/\\\/www.instagram.com\\\/immoinvest_ch\\\/\",\"https:\\\/\\\/www.linkedin.com\\\/company\\\/immoinvest-swiss\"]},{\"@type\":\"Person\",\"@id\":\"https:\\\/\\\/www.immo-invest.ch\\\/fr\\\/author\\\/immovestuser\\\/#author\",\"url\":\"https:\\\/\\\/www.immo-invest.ch\\\/fr\\\/author\\\/immovestuser\\\/\",\"name\":\"immovestuser\",\"image\":{\"@type\":\"ImageObject\",\"@id\":\"https:\\\/\\\/www.immo-invest.ch\\\/fr\\\/flughafen-zurich-will-eiszeitrinne-fur-klimatisierung-nutzen\\\/#authorImage\",\"url\":\"https:\\\/\\\/secure.gravatar.com\\\/avatar\\\/8e01f4d99f2eeea7a362ebb93305e1172a70e9293ba250f897a65c39f54cdd1e?s=96&d=mm&r=g\",\"width\":96,\"height\":96,\"caption\":\"immovestuser\"}},{\"@type\":\"WebPage\",\"@id\":\"https:\\\/\\\/www.immo-invest.ch\\\/fr\\\/flughafen-zurich-will-eiszeitrinne-fur-klimatisierung-nutzen\\\/#webpage\",\"url\":\"https:\\\/\\\/www.immo-invest.ch\\\/fr\\\/flughafen-zurich-will-eiszeitrinne-fur-klimatisierung-nutzen\\\/\",\"name\":\"L\\u2019a\\u00e9roport de Zurich veut utiliser le chenal de l\\u2019\\u00e2ge de glace pour la climatisation - immo!nvest - Die Plattform f\\u00fcr Standorte und Immobilien\",\"description\":\"Une rigole aquif\\u00e8re datant de l'\\u00e8re glaciaire, situ\\u00e9e \\u00e0 300 m\\u00e8tres sous l'a\\u00e9roport de Zurich, pourrait \\u00eatre la solution pour chauffer et refroidir les b\\u00e2timents de l'a\\u00e9roport sans \\u00e9missions. Elle pourrait servir d'accumulateur de chaleur et de froid. Des recherches sont actuellement en cours \\u00e0 ce sujet.\",\"inLanguage\":\"fr-FR\",\"isPartOf\":{\"@id\":\"https:\\\/\\\/www.immo-invest.ch\\\/fr\\\/#website\"},\"breadcrumb\":{\"@id\":\"https:\\\/\\\/www.immo-invest.ch\\\/fr\\\/flughafen-zurich-will-eiszeitrinne-fur-klimatisierung-nutzen\\\/#breadcrumblist\"},\"author\":{\"@id\":\"https:\\\/\\\/www.immo-invest.ch\\\/fr\\\/author\\\/immovestuser\\\/#author\"},\"creator\":{\"@id\":\"https:\\\/\\\/www.immo-invest.ch\\\/fr\\\/author\\\/immovestuser\\\/#author\"},\"image\":{\"@type\":\"ImageObject\",\"url\":\"https:\\\/\\\/www.immo-invest.ch\\\/wp-content\\\/uploads\\\/2023\\\/11\\\/claudio-schwarz-wV-OCPR-ws-unsplash-scaled.jpg\",\"@id\":\"https:\\\/\\\/www.immo-invest.ch\\\/fr\\\/flughafen-zurich-will-eiszeitrinne-fur-klimatisierung-nutzen\\\/#mainImage\",\"width\":2560,\"height\":1708},\"primaryImageOfPage\":{\"@id\":\"https:\\\/\\\/www.immo-invest.ch\\\/fr\\\/flughafen-zurich-will-eiszeitrinne-fur-klimatisierung-nutzen\\\/#mainImage\"},\"datePublished\":\"2023-11-20T16:30:00+01:00\",\"dateModified\":\"2023-11-20T09:33:15+01:00\"},{\"@type\":\"WebSite\",\"@id\":\"https:\\\/\\\/www.immo-invest.ch\\\/fr\\\/#website\",\"url\":\"https:\\\/\\\/www.immo-invest.ch\\\/fr\\\/\",\"name\":\"immo!nvest - Die Plattform f\\u00fcr Standorte und Immobilien\",\"description\":\"Die\\u00a0Plattform f\\u00fcr Standorte und Immobilien\",\"inLanguage\":\"fr-FR\",\"publisher\":{\"@id\":\"https:\\\/\\\/www.immo-invest.ch\\\/fr\\\/#organization\"}}]}\n\t\t<\/script>\n\t\t<!-- All in One SEO -->\n\n","aioseo_head_json":{"title":"L\u2019a\u00e9roport de Zurich veut utiliser le chenal de l\u2019\u00e2ge de glace pour la climatisation - immo!nvest - Die Plattform f\u00fcr Standorte und Immobilien","description":"Une rigole aquif\u00e8re datant de l'\u00e8re glaciaire, situ\u00e9e \u00e0 300 m\u00e8tres sous l'a\u00e9roport de Zurich, pourrait \u00eatre la solution pour chauffer et refroidir les b\u00e2timents de l'a\u00e9roport sans \u00e9missions. Elle pourrait servir d'accumulateur de chaleur et de froid. Des recherches sont actuellement en cours \u00e0 ce sujet.","canonical_url":"https:\/\/www.immo-invest.ch\/fr\/flughafen-zurich-will-eiszeitrinne-fur-klimatisierung-nutzen\/","robots":"max-image-preview:large","keywords":"","webmasterTools":{"google-site-verification":"fHJKvgWpZCR2zVBHWfkQeFXC11qieUSff0HGNYfuyLA","miscellaneous":""},"schema":{"@context":"https:\/\/schema.org","@graph":[{"@type":"BlogPosting","@id":"https:\/\/www.immo-invest.ch\/fr\/flughafen-zurich-will-eiszeitrinne-fur-klimatisierung-nutzen\/#blogposting","name":"L\u2019a\u00e9roport de Zurich veut utiliser le chenal de l\u2019\u00e2ge de glace pour la climatisation - immo!nvest - Die Plattform f\u00fcr Standorte und Immobilien","headline":"L&rsquo;a\u00e9roport de Zurich veut utiliser le chenal de l&rsquo;\u00e2ge de glace pour la climatisation","author":{"@id":"https:\/\/www.immo-invest.ch\/fr\/author\/immovestuser\/#author"},"publisher":{"@id":"https:\/\/www.immo-invest.ch\/fr\/#organization"},"image":{"@type":"ImageObject","url":"https:\/\/www.immo-invest.ch\/wp-content\/uploads\/2023\/11\/claudio-schwarz-wV-OCPR-ws-unsplash-scaled.jpg","width":2560,"height":1708},"datePublished":"2023-11-20T16:30:00+01:00","dateModified":"2023-11-20T09:33:15+01:00","inLanguage":"fr-FR","mainEntityOfPage":{"@id":"https:\/\/www.immo-invest.ch\/fr\/flughafen-zurich-will-eiszeitrinne-fur-klimatisierung-nutzen\/#webpage"},"isPartOf":{"@id":"https:\/\/www.immo-invest.ch\/fr\/flughafen-zurich-will-eiszeitrinne-fur-klimatisierung-nutzen\/#webpage"},"articleSection":"\u00c9nergie, Entreprise, immoNews, Brennstoffe, Erforschung, ErneuerbareEnergien, Treibhausgas-Emissionen, W\u00e4rmespeicher, Facultatif"},{"@type":"BreadcrumbList","@id":"https:\/\/www.immo-invest.ch\/fr\/flughafen-zurich-will-eiszeitrinne-fur-klimatisierung-nutzen\/#breadcrumblist","itemListElement":[{"@type":"ListItem","@id":"https:\/\/www.immo-invest.ch\/fr\/#listItem","position":1,"name":"Home","item":"https:\/\/www.immo-invest.ch\/fr\/","nextItem":{"@type":"ListItem","@id":"https:\/\/www.immo-invest.ch\/fr\/categories\/trends-fr\/#listItem","name":"Trends"}},{"@type":"ListItem","@id":"https:\/\/www.immo-invest.ch\/fr\/categories\/trends-fr\/#listItem","position":2,"name":"Trends","item":"https:\/\/www.immo-invest.ch\/fr\/categories\/trends-fr\/","nextItem":{"@type":"ListItem","@id":"https:\/\/www.immo-invest.ch\/fr\/categories\/trends-fr\/entreprise\/#listItem","name":"Entreprise"},"previousItem":{"@type":"ListItem","@id":"https:\/\/www.immo-invest.ch\/fr\/#listItem","name":"Home"}},{"@type":"ListItem","@id":"https:\/\/www.immo-invest.ch\/fr\/categories\/trends-fr\/entreprise\/#listItem","position":3,"name":"Entreprise","item":"https:\/\/www.immo-invest.ch\/fr\/categories\/trends-fr\/entreprise\/","nextItem":{"@type":"ListItem","@id":"https:\/\/www.immo-invest.ch\/fr\/flughafen-zurich-will-eiszeitrinne-fur-klimatisierung-nutzen\/#listItem","name":"L&rsquo;a\u00e9roport de Zurich veut utiliser le chenal de l&rsquo;\u00e2ge de glace pour la climatisation"},"previousItem":{"@type":"ListItem","@id":"https:\/\/www.immo-invest.ch\/fr\/categories\/trends-fr\/#listItem","name":"Trends"}},{"@type":"ListItem","@id":"https:\/\/www.immo-invest.ch\/fr\/flughafen-zurich-will-eiszeitrinne-fur-klimatisierung-nutzen\/#listItem","position":4,"name":"L&rsquo;a\u00e9roport de Zurich veut utiliser le chenal de l&rsquo;\u00e2ge de glace pour la climatisation","previousItem":{"@type":"ListItem","@id":"https:\/\/www.immo-invest.ch\/fr\/categories\/trends-fr\/entreprise\/#listItem","name":"Entreprise"}}]},{"@type":"Organization","@id":"https:\/\/www.immo-invest.ch\/fr\/#organization","name":"immo!nvest - Die Plattform f\u00fcr Standorte und Immobilien","description":"Die\u00a0Plattform f\u00fcr Standorte und Immobilien","url":"https:\/\/www.immo-invest.ch\/fr\/","email":"admin@immomedia.ag","telephone":"+41444420002","logo":{"@type":"ImageObject","url":"https:\/\/www.immo-invest.ch\/wp-content\/uploads\/2024\/09\/immoinvest_sm-scaled.jpg","@id":"https:\/\/www.immo-invest.ch\/fr\/flughafen-zurich-will-eiszeitrinne-fur-klimatisierung-nutzen\/#organizationLogo","width":2560,"height":1340},"image":{"@id":"https:\/\/www.immo-invest.ch\/fr\/flughafen-zurich-will-eiszeitrinne-fur-klimatisierung-nutzen\/#organizationLogo"},"sameAs":["https:\/\/www.facebook.com\/people\/Immoinvest\/100077962920504\/","https:\/\/x.com\/i\/flow\/login?redirect_after_login=immoinvest_ch","https:\/\/www.instagram.com\/immoinvest_ch\/","https:\/\/www.linkedin.com\/company\/immoinvest-swiss"]},{"@type":"Person","@id":"https:\/\/www.immo-invest.ch\/fr\/author\/immovestuser\/#author","url":"https:\/\/www.immo-invest.ch\/fr\/author\/immovestuser\/","name":"immovestuser","image":{"@type":"ImageObject","@id":"https:\/\/www.immo-invest.ch\/fr\/flughafen-zurich-will-eiszeitrinne-fur-klimatisierung-nutzen\/#authorImage","url":"https:\/\/secure.gravatar.com\/avatar\/8e01f4d99f2eeea7a362ebb93305e1172a70e9293ba250f897a65c39f54cdd1e?s=96&d=mm&r=g","width":96,"height":96,"caption":"immovestuser"}},{"@type":"WebPage","@id":"https:\/\/www.immo-invest.ch\/fr\/flughafen-zurich-will-eiszeitrinne-fur-klimatisierung-nutzen\/#webpage","url":"https:\/\/www.immo-invest.ch\/fr\/flughafen-zurich-will-eiszeitrinne-fur-klimatisierung-nutzen\/","name":"L\u2019a\u00e9roport de Zurich veut utiliser le chenal de l\u2019\u00e2ge de glace pour la climatisation - immo!nvest - Die Plattform f\u00fcr Standorte und Immobilien","description":"Une rigole aquif\u00e8re datant de l'\u00e8re glaciaire, situ\u00e9e \u00e0 300 m\u00e8tres sous l'a\u00e9roport de Zurich, pourrait \u00eatre la solution pour chauffer et refroidir les b\u00e2timents de l'a\u00e9roport sans \u00e9missions. Elle pourrait servir d'accumulateur de chaleur et de froid. Des recherches sont actuellement en cours \u00e0 ce sujet.","inLanguage":"fr-FR","isPartOf":{"@id":"https:\/\/www.immo-invest.ch\/fr\/#website"},"breadcrumb":{"@id":"https:\/\/www.immo-invest.ch\/fr\/flughafen-zurich-will-eiszeitrinne-fur-klimatisierung-nutzen\/#breadcrumblist"},"author":{"@id":"https:\/\/www.immo-invest.ch\/fr\/author\/immovestuser\/#author"},"creator":{"@id":"https:\/\/www.immo-invest.ch\/fr\/author\/immovestuser\/#author"},"image":{"@type":"ImageObject","url":"https:\/\/www.immo-invest.ch\/wp-content\/uploads\/2023\/11\/claudio-schwarz-wV-OCPR-ws-unsplash-scaled.jpg","@id":"https:\/\/www.immo-invest.ch\/fr\/flughafen-zurich-will-eiszeitrinne-fur-klimatisierung-nutzen\/#mainImage","width":2560,"height":1708},"primaryImageOfPage":{"@id":"https:\/\/www.immo-invest.ch\/fr\/flughafen-zurich-will-eiszeitrinne-fur-klimatisierung-nutzen\/#mainImage"},"datePublished":"2023-11-20T16:30:00+01:00","dateModified":"2023-11-20T09:33:15+01:00"},{"@type":"WebSite","@id":"https:\/\/www.immo-invest.ch\/fr\/#website","url":"https:\/\/www.immo-invest.ch\/fr\/","name":"immo!nvest - Die Plattform f\u00fcr Standorte und Immobilien","description":"Die\u00a0Plattform f\u00fcr Standorte und Immobilien","inLanguage":"fr-FR","publisher":{"@id":"https:\/\/www.immo-invest.ch\/fr\/#organization"}}]},"og:locale":"fr_FR","og:site_name":"immo!nvest - Die Plattform f\u00fcr Standorte und Immobilien - Die\u00a0Plattform f\u00fcr Standorte und Immobilien","og:type":"article","og:title":"L\u2019a\u00e9roport de Zurich veut utiliser le chenal de l\u2019\u00e2ge de glace pour la climatisation - immo!nvest - Die Plattform f\u00fcr Standorte und Immobilien","og:description":"Une rigole aquif\u00e8re datant de l'\u00e8re glaciaire, situ\u00e9e \u00e0 300 m\u00e8tres sous l'a\u00e9roport de Zurich, pourrait \u00eatre la solution pour chauffer et refroidir les b\u00e2timents de l'a\u00e9roport sans \u00e9missions. Elle pourrait servir d'accumulateur de chaleur et de froid. Des recherches sont actuellement en cours \u00e0 ce sujet.","og:url":"https:\/\/www.immo-invest.ch\/fr\/flughafen-zurich-will-eiszeitrinne-fur-klimatisierung-nutzen\/","og:image":"https:\/\/www.immo-invest.ch\/wp-content\/uploads\/2023\/11\/claudio-schwarz-wV-OCPR-ws-unsplash-scaled.jpg","og:image:secure_url":"https:\/\/www.immo-invest.ch\/wp-content\/uploads\/2023\/11\/claudio-schwarz-wV-OCPR-ws-unsplash-scaled.jpg","og:image:width":2560,"og:image:height":1708,"article:published_time":"2023-11-20T15:30:00+00:00","article:modified_time":"2023-11-20T08:33:15+00:00","article:publisher":"https:\/\/www.facebook.com\/people\/Immoinvest\/100077962920504\/","twitter:card":"summary_large_image","twitter:site":"@i","twitter:title":"L\u2019a\u00e9roport de Zurich veut utiliser le chenal de l\u2019\u00e2ge de glace pour la climatisation - immo!nvest - Die Plattform f\u00fcr Standorte und Immobilien","twitter:description":"Une rigole aquif\u00e8re datant de l'\u00e8re glaciaire, situ\u00e9e \u00e0 300 m\u00e8tres sous l'a\u00e9roport de Zurich, pourrait \u00eatre la solution pour chauffer et refroidir les b\u00e2timents de l'a\u00e9roport sans \u00e9missions. Elle pourrait servir d'accumulateur de chaleur et de froid. Des recherches sont actuellement en cours \u00e0 ce sujet.","twitter:creator":"@i","twitter:image":"https:\/\/www.immo-invest.ch\/wp-content\/uploads\/2023\/11\/claudio-schwarz-wV-OCPR-ws-unsplash-scaled.jpg"},"aioseo_meta_data":{"post_id":"67620","title":null,"description":null,"keywords":null,"keyphrases":null,"primary_term":null,"canonical_url":null,"og_title":null,"og_description":null,"og_object_type":"default","og_image_type":"default","og_image_url":null,"og_image_width":null,"og_image_height":null,"og_image_custom_url":null,"og_image_custom_fields":null,"og_video":null,"og_custom_url":null,"og_article_section":null,"og_article_tags":null,"twitter_use_og":false,"twitter_card":"default","twitter_image_type":"default","twitter_image_url":null,"twitter_image_custom_url":null,"twitter_image_custom_fields":null,"twitter_title":null,"twitter_description":null,"schema":{"blockGraphs":[],"customGraphs":[],"default":{"data":{"Article":[],"Course":[],"Dataset":[],"FAQPage":[],"Movie":[],"Person":[],"Product":[],"ProductReview":[],"Car":[],"Recipe":[],"Service":[],"SoftwareApplication":[],"WebPage":[]},"graphName":"","isEnabled":true},"graphs":[]},"schema_type":"default","schema_type_options":null,"pillar_content":false,"robots_default":true,"robots_noindex":false,"robots_noarchive":false,"robots_nosnippet":false,"robots_nofollow":false,"robots_noimageindex":false,"robots_noodp":false,"robots_notranslate":false,"robots_max_snippet":null,"robots_max_videopreview":null,"robots_max_imagepreview":"large","priority":null,"frequency":null,"local_seo":null,"breadcrumb_settings":null,"limit_modified_date":false,"ai":null,"created":"2024-09-20 12:07:04","updated":"2025-10-23 18:02:12","seo_analyzer_scan_date":null,"focus_keyword":null,"additional_keywords":null,"truseo_locale":null},"aioseo_breadcrumb":"<div class=\"aioseo-breadcrumbs\"><span class=\"aioseo-breadcrumb\">\n\t\t\t<a href=\"https:\/\/www.immo-invest.ch\/fr\/\" title=\"Home\">Home<\/a>\n\t\t<\/span><span class=\"aioseo-breadcrumb-separator\">&raquo;<\/span><span class=\"aioseo-breadcrumb\">\n\t\t\t<a href=\"https:\/\/www.immo-invest.ch\/fr\/categories\/trends-fr\/\" title=\"Trends\">Trends<\/a>\n\t\t<\/span><span class=\"aioseo-breadcrumb-separator\">&raquo;<\/span><span class=\"aioseo-breadcrumb\">\n\t\t\t<a href=\"https:\/\/www.immo-invest.ch\/fr\/categories\/trends-fr\/entreprise\/\" title=\"Entreprise\">Entreprise<\/a>\n\t\t<\/span><span class=\"aioseo-breadcrumb-separator\">&raquo;<\/span><span class=\"aioseo-breadcrumb\">\n\t\t\tL\u2019a\u00e9roport de Zurich veut utiliser le chenal de l\u2019\u00e2ge de glace pour la climatisation\n\t\t<\/span><\/div>","aioseo_breadcrumb_json":[{"label":"Home","link":"https:\/\/www.immo-invest.ch\/fr\/"},{"label":"Trends","link":"https:\/\/www.immo-invest.ch\/fr\/categories\/trends-fr\/"},{"label":"Entreprise","link":"https:\/\/www.immo-invest.ch\/fr\/categories\/trends-fr\/entreprise\/"},{"label":"L&rsquo;a\u00e9roport de Zurich veut utiliser le chenal de l&rsquo;\u00e2ge de glace pour la climatisation","link":"https:\/\/www.immo-invest.ch\/fr\/flughafen-zurich-will-eiszeitrinne-fur-klimatisierung-nutzen\/"}],"featured_image_src":"https:\/\/www.immo-invest.ch\/wp-content\/uploads\/2023\/11\/claudio-schwarz-wV-OCPR-ws-unsplash-336x168.jpg","_links":{"self":[{"href":"https:\/\/www.immo-invest.ch\/fr\/wp-json\/wp\/v2\/posts\/67620","targetHints":{"allow":["GET"]}}],"collection":[{"href":"https:\/\/www.immo-invest.ch\/fr\/wp-json\/wp\/v2\/posts"}],"about":[{"href":"https:\/\/www.immo-invest.ch\/fr\/wp-json\/wp\/v2\/types\/post"}],"author":[{"embeddable":true,"href":"https:\/\/www.immo-invest.ch\/fr\/wp-json\/wp\/v2\/users\/2"}],"replies":[{"embeddable":true,"href":"https:\/\/www.immo-invest.ch\/fr\/wp-json\/wp\/v2\/comments?post=67620"}],"version-history":[{"count":0,"href":"https:\/\/www.immo-invest.ch\/fr\/wp-json\/wp\/v2\/posts\/67620\/revisions"}],"wp:featuredmedia":[{"embeddable":true,"href":"https:\/\/www.immo-invest.ch\/fr\/wp-json\/wp\/v2\/media\/67615"}],"wp:attachment":[{"href":"https:\/\/www.immo-invest.ch\/fr\/wp-json\/wp\/v2\/media?parent=67620"}],"wp:term":[{"taxonomy":"category","embeddable":true,"href":"https:\/\/www.immo-invest.ch\/fr\/wp-json\/wp\/v2\/categories?post=67620"},{"taxonomy":"post_tag","embeddable":true,"href":"https:\/\/www.immo-invest.ch\/fr\/wp-json\/wp\/v2\/tags?post=67620"}],"curies":[{"name":"wp","href":"https:\/\/api.w.org\/{rel}","templated":true}]}}