{"id":67032,"date":"2023-11-09T13:30:00","date_gmt":"2023-11-09T12:30:00","guid":{"rendered":"https:\/\/www.immo-invest.ch\/?p=67032"},"modified":"2023-11-09T09:07:06","modified_gmt":"2023-11-09T08:07:06","slug":"energie-360-erhaelt-gruenes-licht-fuer-solarfassade","status":"publish","type":"post","link":"https:\/\/www.immo-invest.ch\/fr\/energie-360-erhaelt-gruenes-licht-fuer-solarfassade\/","title":{"rendered":"Energie 360\u00b0 re\u00e7oit le feu vert pour une fa\u00e7ade solaire"},"content":{"rendered":"<p class=\"bodytext\">Selon un <a href=\"https:\/\/www.energie360.ch\/de\/unternehmen\/medieninformationen\/gruenes-licht-fuer-pv-fassade\/\" target=\"_blank\" rel=\"noopener\">communiqu&eacute; de presse<\/a>,<a href=\"https:\/\/www.energie360.ch\/\" target=\"_blank\" rel=\"noopener\">Energie 360&deg;<\/a> a obtenu le feu vert pour son projet de fa&ccedil;ade photovolta&iuml;que. Cela lui permettra, avec l&rsquo;installation solaire pr&eacute;vue sur le toit, de transformer son si&egrave;ge social en cons&eacute;quence. Le sp&eacute;cialiste de l&rsquo;&eacute;nergie et de la mobilit&eacute; durables entend ainsi couvrir lui-m&ecirc;me environ la moiti&eacute; de ses besoins annuels en &eacute;lectricit&eacute;.<\/p>\n<p class=\"bodytext\">Les <a href=\"https:\/\/www.energie360.ch\/de\/unternehmen\/medieninformationen\/baubeginn-am-hauptsitz-von-energie-360\/\" target=\"_blank\" rel=\"noopener\">travaux de construction<\/a> ont commenc&eacute; fin mars 2023. Apr&egrave;s le d&eacute;but des travaux, l&rsquo;<a href=\"https:\/\/www.gvz.ch\/\" target=\"_blank\" rel=\"noopener\">assurance immobili&egrave;re du canton de Zurich<\/a> a modifi&eacute; sa pratique d&rsquo;autorisation pour les fa&ccedil;ades photovolta&iuml;ques. Depuis lors, il est n&eacute;cessaire de prouver qu&rsquo;un incendie des modules solaires ne peut pas se propager sur plus de deux &eacute;tages.<\/p>\n<p class=\"bodytext\">En l&rsquo;absence d&rsquo;une installation d&rsquo;essai appropri&eacute;e en Suisse, deux tests d&rsquo;incendie ont &eacute;t&eacute; r&eacute;alis&eacute;s &agrave; la Gesellschaft f&uuml;r Materialforschung und Pr&uuml;fungsanstalt f&uuml;r das Bauwesen Leipzig<a href=\"https:\/\/www.mfpa-leipzig.de\/\" target=\"_blank\" rel=\"noopener\">(MFPA Leipzig<\/a>). Ils ont clairement montr&eacute; que les t&ocirc;les d&rsquo;acier agissent comme des barri&egrave;res coupe-feu horizontales entre les diff&eacute;rents modules. Cette construction r&eacute;pond aux crit&egrave;res de test d&eacute;finis par l&rsquo;<a href=\"https:\/\/www.bsvonline.ch\/de\" target=\"_blank\" rel=\"noopener\">Association des &eacute;tablissements cantonaux d&rsquo;assurance incendie<\/a>.<\/p>\n<p class=\"bodytext\">&laquo;&nbsp;Energie 360&deg; sera la premi&egrave;re entreprise &agrave; r&eacute;aliser une fa&ccedil;ade photovolta&iuml;que dans le cadre des nouvelles obligations&nbsp;&raquo;, a d&eacute;clar&eacute; le CEO J&ouml;rg Wild, cit&eacute; dans le communiqu&eacute;. &laquo;&nbsp;Les installations photovolta&iuml;ques font du si&egrave;ge social d&rsquo;Altstetten une centrale &eacute;lectrique verte&nbsp;&raquo;<\/p>\n","protected":false},"excerpt":{"rendered":"<p>Comme pr\u00e9vu, Energie 360\u00b0 peut recouvrir de modules photovolta\u00efques les fa\u00e7ades de son si\u00e8ge principal dans le quartier zurichois d&rsquo;Altstetten. L&rsquo;assurance immobili\u00e8re du canton de Zurich ayant modifi\u00e9 ses dispositions apr\u00e8s le d\u00e9but des travaux, l&rsquo;entreprise a d\u00fb apporter la preuve de sa s\u00e9curit\u00e9 incendie.<\/p>\n","protected":false},"author":2,"featured_media":61026,"comment_status":"open","ping_status":"open","sticky":false,"template":"","format":"standard","meta":{"pmpro_default_level":"","inline_featured_image":false,"_monsterinsights_skip_tracking":false,"footnotes":""},"categories":[8747,743],"tags":[2209,835,2410,39986],"class_list":["post-67032","post","type-post","status-publish","format-standard","has-post-thumbnail","hentry","category-energie","category-immonews-fr","tag-bauwesen-fr","tag-energie-fr","tag-mobilitaet-fr","tag-solarfassade-fr","pmpro-has-access"],"acf":{"bild_mit_ki_erstellt_worden":[],"lead":"Comme pr\u00e9vu, Energie 360\u00b0 peut recouvrir de modules photovolta\u00efques les fa\u00e7ades de son si\u00e8ge principal dans le quartier zurichois d'Altstetten. L'assurance immobili\u00e8re du canton de Zurich ayant modifi\u00e9 ses dispositions apr\u00e8s le d\u00e9but des travaux, l'entreprise a d\u00fb apporter la preuve de sa s\u00e9curit\u00e9 incendie.","autor":"ce\/mm","ort":"Z\u00fcrich","bildunterschrift":"","bild_im_grid":false,"gallerie":"","newsim":""},"aioseo_notices":[],"aioseo_head":"\n\t\t<!-- All in One SEO 5.0.1.1 - aioseo.com -->\n\t<meta name=\"description\" content=\"Comme pr\u00e9vu, Energie 360\u00b0 peut recouvrir de modules photovolta\u00efques les fa\u00e7ades de son si\u00e8ge principal dans le quartier zurichois d&#039;Altstetten. L&#039;assurance immobili\u00e8re du canton de Zurich ayant modifi\u00e9 ses dispositions apr\u00e8s le d\u00e9but des travaux, l&#039;entreprise a d\u00fb apporter la preuve de sa s\u00e9curit\u00e9 incendie.\" \/>\n\t<meta name=\"robots\" content=\"max-image-preview:large\" \/>\n\t<meta name=\"author\" content=\"immovestuser\"\/>\n\t<meta name=\"google-site-verification\" content=\"fHJKvgWpZCR2zVBHWfkQeFXC11qieUSff0HGNYfuyLA\" \/>\n\t<link rel=\"canonical\" href=\"https:\/\/www.immo-invest.ch\/fr\/energie-360-erhaelt-gruenes-licht-fuer-solarfassade\/\" \/>\n\t<meta name=\"generator\" content=\"All in One SEO (AIOSEO) 5.0.1.1\" \/>\n\t\t<meta property=\"og:locale\" content=\"fr_FR\" \/>\n\t\t<meta property=\"og:site_name\" content=\"immo!nvest - Die Plattform f\u00fcr Standorte und Immobilien - Die\u00a0Plattform f\u00fcr Standorte und Immobilien\" \/>\n\t\t<meta property=\"og:type\" content=\"article\" \/>\n\t\t<meta property=\"og:title\" content=\"Energie 360\u00b0 re\u00e7oit le feu vert pour une fa\u00e7ade solaire - immo!nvest - Die Plattform f\u00fcr Standorte und Immobilien\" \/>\n\t\t<meta property=\"og:description\" content=\"Comme pr\u00e9vu, Energie 360\u00b0 peut recouvrir de modules photovolta\u00efques les fa\u00e7ades de son si\u00e8ge principal dans le quartier zurichois d&#039;Altstetten. L&#039;assurance immobili\u00e8re du canton de Zurich ayant modifi\u00e9 ses dispositions apr\u00e8s le d\u00e9but des travaux, l&#039;entreprise a d\u00fb apporter la preuve de sa s\u00e9curit\u00e9 incendie.\" \/>\n\t\t<meta property=\"og:url\" content=\"https:\/\/www.immo-invest.ch\/fr\/energie-360-erhaelt-gruenes-licht-fuer-solarfassade\/\" \/>\n\t\t<meta property=\"og:image\" content=\"https:\/\/www.immo-invest.ch\/wp-content\/uploads\/2023\/08\/Solar_2-scaled.jpg\" \/>\n\t\t<meta property=\"og:image:secure_url\" content=\"https:\/\/www.immo-invest.ch\/wp-content\/uploads\/2023\/08\/Solar_2-scaled.jpg\" \/>\n\t\t<meta property=\"og:image:width\" content=\"2560\" \/>\n\t\t<meta property=\"og:image:height\" content=\"1705\" \/>\n\t\t<meta property=\"article:published_time\" content=\"2023-11-09T12:30:00+00:00\" \/>\n\t\t<meta property=\"article:modified_time\" content=\"2023-11-09T08:07:06+00:00\" \/>\n\t\t<meta property=\"article:publisher\" content=\"https:\/\/www.facebook.com\/people\/Immoinvest\/100077962920504\/\" \/>\n\t\t<meta name=\"twitter:card\" content=\"summary_large_image\" \/>\n\t\t<meta name=\"twitter:site\" content=\"@i\" \/>\n\t\t<meta name=\"twitter:title\" content=\"Energie 360\u00b0 re\u00e7oit le feu vert pour une fa\u00e7ade solaire - immo!nvest - Die Plattform f\u00fcr Standorte und Immobilien\" \/>\n\t\t<meta name=\"twitter:description\" content=\"Comme pr\u00e9vu, Energie 360\u00b0 peut recouvrir de modules photovolta\u00efques les fa\u00e7ades de son si\u00e8ge principal dans le quartier zurichois d&#039;Altstetten. L&#039;assurance immobili\u00e8re du canton de Zurich ayant modifi\u00e9 ses dispositions apr\u00e8s le d\u00e9but des travaux, l&#039;entreprise a d\u00fb apporter la preuve de sa s\u00e9curit\u00e9 incendie.\" \/>\n\t\t<meta name=\"twitter:creator\" content=\"@i\" \/>\n\t\t<meta name=\"twitter:image\" content=\"https:\/\/www.immo-invest.ch\/wp-content\/uploads\/2023\/08\/Solar_2-scaled.jpg\" \/>\n\t\t<script type=\"application\/ld+json\" class=\"aioseo-schema\">\n\t\t\t{\"@context\":\"https:\\\/\\\/schema.org\",\"@graph\":[{\"@type\":\"BlogPosting\",\"@id\":\"https:\\\/\\\/www.immo-invest.ch\\\/fr\\\/energie-360-erhaelt-gruenes-licht-fuer-solarfassade\\\/#blogposting\",\"name\":\"Energie 360\\u00b0 re\\u00e7oit le feu vert pour une fa\\u00e7ade solaire - immo!nvest - Die Plattform f\\u00fcr Standorte und Immobilien\",\"headline\":\"Energie 360\\u00b0 re\\u00e7oit le feu vert pour une fa\\u00e7ade solaire\",\"author\":{\"@id\":\"https:\\\/\\\/www.immo-invest.ch\\\/fr\\\/author\\\/immovestuser\\\/#author\"},\"publisher\":{\"@id\":\"https:\\\/\\\/www.immo-invest.ch\\\/fr\\\/#organization\"},\"image\":{\"@type\":\"ImageObject\",\"url\":\"https:\\\/\\\/www.immo-invest.ch\\\/wp-content\\\/uploads\\\/2023\\\/08\\\/Solar_2-scaled.jpg\",\"width\":2560,\"height\":1705},\"datePublished\":\"2023-11-09T13:30:00+01:00\",\"dateModified\":\"2023-11-09T09:07:06+01:00\",\"inLanguage\":\"fr-FR\",\"mainEntityOfPage\":{\"@id\":\"https:\\\/\\\/www.immo-invest.ch\\\/fr\\\/energie-360-erhaelt-gruenes-licht-fuer-solarfassade\\\/#webpage\"},\"isPartOf\":{\"@id\":\"https:\\\/\\\/www.immo-invest.ch\\\/fr\\\/energie-360-erhaelt-gruenes-licht-fuer-solarfassade\\\/#webpage\"},\"articleSection\":\"\\u00c9nergie, immoNews, Bauwesen, Energie, Mobilit\\u00e4t, Solarfassade, Facultatif\"},{\"@type\":\"BreadcrumbList\",\"@id\":\"https:\\\/\\\/www.immo-invest.ch\\\/fr\\\/energie-360-erhaelt-gruenes-licht-fuer-solarfassade\\\/#breadcrumblist\",\"itemListElement\":[{\"@type\":\"ListItem\",\"@id\":\"https:\\\/\\\/www.immo-invest.ch\\\/fr\\\/#listItem\",\"position\":1,\"name\":\"Home\",\"item\":\"https:\\\/\\\/www.immo-invest.ch\\\/fr\\\/\",\"nextItem\":{\"@type\":\"ListItem\",\"@id\":\"https:\\\/\\\/www.immo-invest.ch\\\/fr\\\/categories\\\/immonews-fr\\\/#listItem\",\"name\":\"immoNews\"}},{\"@type\":\"ListItem\",\"@id\":\"https:\\\/\\\/www.immo-invest.ch\\\/fr\\\/categories\\\/immonews-fr\\\/#listItem\",\"position\":2,\"name\":\"immoNews\",\"item\":\"https:\\\/\\\/www.immo-invest.ch\\\/fr\\\/categories\\\/immonews-fr\\\/\",\"nextItem\":{\"@type\":\"ListItem\",\"@id\":\"https:\\\/\\\/www.immo-invest.ch\\\/fr\\\/energie-360-erhaelt-gruenes-licht-fuer-solarfassade\\\/#listItem\",\"name\":\"Energie 360\\u00b0 re\\u00e7oit le feu vert pour une fa\\u00e7ade solaire\"},\"previousItem\":{\"@type\":\"ListItem\",\"@id\":\"https:\\\/\\\/www.immo-invest.ch\\\/fr\\\/#listItem\",\"name\":\"Home\"}},{\"@type\":\"ListItem\",\"@id\":\"https:\\\/\\\/www.immo-invest.ch\\\/fr\\\/energie-360-erhaelt-gruenes-licht-fuer-solarfassade\\\/#listItem\",\"position\":3,\"name\":\"Energie 360\\u00b0 re\\u00e7oit le feu vert pour une fa\\u00e7ade solaire\",\"previousItem\":{\"@type\":\"ListItem\",\"@id\":\"https:\\\/\\\/www.immo-invest.ch\\\/fr\\\/categories\\\/immonews-fr\\\/#listItem\",\"name\":\"immoNews\"}}]},{\"@type\":\"Organization\",\"@id\":\"https:\\\/\\\/www.immo-invest.ch\\\/fr\\\/#organization\",\"name\":\"immo!nvest - Die Plattform f\\u00fcr Standorte und Immobilien\",\"description\":\"Die\\u00a0Plattform f\\u00fcr Standorte und Immobilien\",\"url\":\"https:\\\/\\\/www.immo-invest.ch\\\/fr\\\/\",\"email\":\"admin@immomedia.ag\",\"telephone\":\"+41444420002\",\"logo\":{\"@type\":\"ImageObject\",\"url\":\"https:\\\/\\\/www.immo-invest.ch\\\/wp-content\\\/uploads\\\/2024\\\/09\\\/immoinvest_sm-scaled.jpg\",\"@id\":\"https:\\\/\\\/www.immo-invest.ch\\\/fr\\\/energie-360-erhaelt-gruenes-licht-fuer-solarfassade\\\/#organizationLogo\",\"width\":2560,\"height\":1340},\"image\":{\"@id\":\"https:\\\/\\\/www.immo-invest.ch\\\/fr\\\/energie-360-erhaelt-gruenes-licht-fuer-solarfassade\\\/#organizationLogo\"},\"sameAs\":[\"https:\\\/\\\/www.facebook.com\\\/people\\\/Immoinvest\\\/100077962920504\\\/\",\"https:\\\/\\\/x.com\\\/i\\\/flow\\\/login?redirect_after_login=immoinvest_ch\",\"https:\\\/\\\/www.instagram.com\\\/immoinvest_ch\\\/\",\"https:\\\/\\\/www.linkedin.com\\\/company\\\/immoinvest-swiss\"]},{\"@type\":\"Person\",\"@id\":\"https:\\\/\\\/www.immo-invest.ch\\\/fr\\\/author\\\/immovestuser\\\/#author\",\"url\":\"https:\\\/\\\/www.immo-invest.ch\\\/fr\\\/author\\\/immovestuser\\\/\",\"name\":\"immovestuser\",\"image\":{\"@type\":\"ImageObject\",\"@id\":\"https:\\\/\\\/www.immo-invest.ch\\\/fr\\\/energie-360-erhaelt-gruenes-licht-fuer-solarfassade\\\/#authorImage\",\"url\":\"https:\\\/\\\/secure.gravatar.com\\\/avatar\\\/8e01f4d99f2eeea7a362ebb93305e1172a70e9293ba250f897a65c39f54cdd1e?s=96&d=mm&r=g\",\"width\":96,\"height\":96,\"caption\":\"immovestuser\"}},{\"@type\":\"WebPage\",\"@id\":\"https:\\\/\\\/www.immo-invest.ch\\\/fr\\\/energie-360-erhaelt-gruenes-licht-fuer-solarfassade\\\/#webpage\",\"url\":\"https:\\\/\\\/www.immo-invest.ch\\\/fr\\\/energie-360-erhaelt-gruenes-licht-fuer-solarfassade\\\/\",\"name\":\"Energie 360\\u00b0 re\\u00e7oit le feu vert pour une fa\\u00e7ade solaire - immo!nvest - Die Plattform f\\u00fcr Standorte und Immobilien\",\"description\":\"Comme pr\\u00e9vu, Energie 360\\u00b0 peut recouvrir de modules photovolta\\u00efques les fa\\u00e7ades de son si\\u00e8ge principal dans le quartier zurichois d'Altstetten. L'assurance immobili\\u00e8re du canton de Zurich ayant modifi\\u00e9 ses dispositions apr\\u00e8s le d\\u00e9but des travaux, l'entreprise a d\\u00fb apporter la preuve de sa s\\u00e9curit\\u00e9 incendie.\",\"inLanguage\":\"fr-FR\",\"isPartOf\":{\"@id\":\"https:\\\/\\\/www.immo-invest.ch\\\/fr\\\/#website\"},\"breadcrumb\":{\"@id\":\"https:\\\/\\\/www.immo-invest.ch\\\/fr\\\/energie-360-erhaelt-gruenes-licht-fuer-solarfassade\\\/#breadcrumblist\"},\"author\":{\"@id\":\"https:\\\/\\\/www.immo-invest.ch\\\/fr\\\/author\\\/immovestuser\\\/#author\"},\"creator\":{\"@id\":\"https:\\\/\\\/www.immo-invest.ch\\\/fr\\\/author\\\/immovestuser\\\/#author\"},\"image\":{\"@type\":\"ImageObject\",\"url\":\"https:\\\/\\\/www.immo-invest.ch\\\/wp-content\\\/uploads\\\/2023\\\/08\\\/Solar_2-scaled.jpg\",\"@id\":\"https:\\\/\\\/www.immo-invest.ch\\\/fr\\\/energie-360-erhaelt-gruenes-licht-fuer-solarfassade\\\/#mainImage\",\"width\":2560,\"height\":1705},\"primaryImageOfPage\":{\"@id\":\"https:\\\/\\\/www.immo-invest.ch\\\/fr\\\/energie-360-erhaelt-gruenes-licht-fuer-solarfassade\\\/#mainImage\"},\"datePublished\":\"2023-11-09T13:30:00+01:00\",\"dateModified\":\"2023-11-09T09:07:06+01:00\"},{\"@type\":\"WebSite\",\"@id\":\"https:\\\/\\\/www.immo-invest.ch\\\/fr\\\/#website\",\"url\":\"https:\\\/\\\/www.immo-invest.ch\\\/fr\\\/\",\"name\":\"immo!nvest - Die Plattform f\\u00fcr Standorte und Immobilien\",\"description\":\"Die\\u00a0Plattform f\\u00fcr Standorte und Immobilien\",\"inLanguage\":\"fr-FR\",\"publisher\":{\"@id\":\"https:\\\/\\\/www.immo-invest.ch\\\/fr\\\/#organization\"}}]}\n\t\t<\/script>\n\t\t<!-- All in One SEO -->\n\n","aioseo_head_json":{"title":"Energie 360\u00b0 re\u00e7oit le feu vert pour une fa\u00e7ade solaire - immo!nvest - Die Plattform f\u00fcr Standorte und Immobilien","description":"Comme pr\u00e9vu, Energie 360\u00b0 peut recouvrir de modules photovolta\u00efques les fa\u00e7ades de son si\u00e8ge principal dans le quartier zurichois d'Altstetten. L'assurance immobili\u00e8re du canton de Zurich ayant modifi\u00e9 ses dispositions apr\u00e8s le d\u00e9but des travaux, l'entreprise a d\u00fb apporter la preuve de sa s\u00e9curit\u00e9 incendie.","canonical_url":"https:\/\/www.immo-invest.ch\/fr\/energie-360-erhaelt-gruenes-licht-fuer-solarfassade\/","robots":"max-image-preview:large","keywords":"","webmasterTools":{"google-site-verification":"fHJKvgWpZCR2zVBHWfkQeFXC11qieUSff0HGNYfuyLA","miscellaneous":""},"schema":{"@context":"https:\/\/schema.org","@graph":[{"@type":"BlogPosting","@id":"https:\/\/www.immo-invest.ch\/fr\/energie-360-erhaelt-gruenes-licht-fuer-solarfassade\/#blogposting","name":"Energie 360\u00b0 re\u00e7oit le feu vert pour une fa\u00e7ade solaire - immo!nvest - Die Plattform f\u00fcr Standorte und Immobilien","headline":"Energie 360\u00b0 re\u00e7oit le feu vert pour une fa\u00e7ade solaire","author":{"@id":"https:\/\/www.immo-invest.ch\/fr\/author\/immovestuser\/#author"},"publisher":{"@id":"https:\/\/www.immo-invest.ch\/fr\/#organization"},"image":{"@type":"ImageObject","url":"https:\/\/www.immo-invest.ch\/wp-content\/uploads\/2023\/08\/Solar_2-scaled.jpg","width":2560,"height":1705},"datePublished":"2023-11-09T13:30:00+01:00","dateModified":"2023-11-09T09:07:06+01:00","inLanguage":"fr-FR","mainEntityOfPage":{"@id":"https:\/\/www.immo-invest.ch\/fr\/energie-360-erhaelt-gruenes-licht-fuer-solarfassade\/#webpage"},"isPartOf":{"@id":"https:\/\/www.immo-invest.ch\/fr\/energie-360-erhaelt-gruenes-licht-fuer-solarfassade\/#webpage"},"articleSection":"\u00c9nergie, immoNews, Bauwesen, Energie, Mobilit\u00e4t, Solarfassade, Facultatif"},{"@type":"BreadcrumbList","@id":"https:\/\/www.immo-invest.ch\/fr\/energie-360-erhaelt-gruenes-licht-fuer-solarfassade\/#breadcrumblist","itemListElement":[{"@type":"ListItem","@id":"https:\/\/www.immo-invest.ch\/fr\/#listItem","position":1,"name":"Home","item":"https:\/\/www.immo-invest.ch\/fr\/","nextItem":{"@type":"ListItem","@id":"https:\/\/www.immo-invest.ch\/fr\/categories\/immonews-fr\/#listItem","name":"immoNews"}},{"@type":"ListItem","@id":"https:\/\/www.immo-invest.ch\/fr\/categories\/immonews-fr\/#listItem","position":2,"name":"immoNews","item":"https:\/\/www.immo-invest.ch\/fr\/categories\/immonews-fr\/","nextItem":{"@type":"ListItem","@id":"https:\/\/www.immo-invest.ch\/fr\/energie-360-erhaelt-gruenes-licht-fuer-solarfassade\/#listItem","name":"Energie 360\u00b0 re\u00e7oit le feu vert pour une fa\u00e7ade solaire"},"previousItem":{"@type":"ListItem","@id":"https:\/\/www.immo-invest.ch\/fr\/#listItem","name":"Home"}},{"@type":"ListItem","@id":"https:\/\/www.immo-invest.ch\/fr\/energie-360-erhaelt-gruenes-licht-fuer-solarfassade\/#listItem","position":3,"name":"Energie 360\u00b0 re\u00e7oit le feu vert pour une fa\u00e7ade solaire","previousItem":{"@type":"ListItem","@id":"https:\/\/www.immo-invest.ch\/fr\/categories\/immonews-fr\/#listItem","name":"immoNews"}}]},{"@type":"Organization","@id":"https:\/\/www.immo-invest.ch\/fr\/#organization","name":"immo!nvest - Die Plattform f\u00fcr Standorte und Immobilien","description":"Die\u00a0Plattform f\u00fcr Standorte und Immobilien","url":"https:\/\/www.immo-invest.ch\/fr\/","email":"admin@immomedia.ag","telephone":"+41444420002","logo":{"@type":"ImageObject","url":"https:\/\/www.immo-invest.ch\/wp-content\/uploads\/2024\/09\/immoinvest_sm-scaled.jpg","@id":"https:\/\/www.immo-invest.ch\/fr\/energie-360-erhaelt-gruenes-licht-fuer-solarfassade\/#organizationLogo","width":2560,"height":1340},"image":{"@id":"https:\/\/www.immo-invest.ch\/fr\/energie-360-erhaelt-gruenes-licht-fuer-solarfassade\/#organizationLogo"},"sameAs":["https:\/\/www.facebook.com\/people\/Immoinvest\/100077962920504\/","https:\/\/x.com\/i\/flow\/login?redirect_after_login=immoinvest_ch","https:\/\/www.instagram.com\/immoinvest_ch\/","https:\/\/www.linkedin.com\/company\/immoinvest-swiss"]},{"@type":"Person","@id":"https:\/\/www.immo-invest.ch\/fr\/author\/immovestuser\/#author","url":"https:\/\/www.immo-invest.ch\/fr\/author\/immovestuser\/","name":"immovestuser","image":{"@type":"ImageObject","@id":"https:\/\/www.immo-invest.ch\/fr\/energie-360-erhaelt-gruenes-licht-fuer-solarfassade\/#authorImage","url":"https:\/\/secure.gravatar.com\/avatar\/8e01f4d99f2eeea7a362ebb93305e1172a70e9293ba250f897a65c39f54cdd1e?s=96&d=mm&r=g","width":96,"height":96,"caption":"immovestuser"}},{"@type":"WebPage","@id":"https:\/\/www.immo-invest.ch\/fr\/energie-360-erhaelt-gruenes-licht-fuer-solarfassade\/#webpage","url":"https:\/\/www.immo-invest.ch\/fr\/energie-360-erhaelt-gruenes-licht-fuer-solarfassade\/","name":"Energie 360\u00b0 re\u00e7oit le feu vert pour une fa\u00e7ade solaire - immo!nvest - Die Plattform f\u00fcr Standorte und Immobilien","description":"Comme pr\u00e9vu, Energie 360\u00b0 peut recouvrir de modules photovolta\u00efques les fa\u00e7ades de son si\u00e8ge principal dans le quartier zurichois d'Altstetten. L'assurance immobili\u00e8re du canton de Zurich ayant modifi\u00e9 ses dispositions apr\u00e8s le d\u00e9but des travaux, l'entreprise a d\u00fb apporter la preuve de sa s\u00e9curit\u00e9 incendie.","inLanguage":"fr-FR","isPartOf":{"@id":"https:\/\/www.immo-invest.ch\/fr\/#website"},"breadcrumb":{"@id":"https:\/\/www.immo-invest.ch\/fr\/energie-360-erhaelt-gruenes-licht-fuer-solarfassade\/#breadcrumblist"},"author":{"@id":"https:\/\/www.immo-invest.ch\/fr\/author\/immovestuser\/#author"},"creator":{"@id":"https:\/\/www.immo-invest.ch\/fr\/author\/immovestuser\/#author"},"image":{"@type":"ImageObject","url":"https:\/\/www.immo-invest.ch\/wp-content\/uploads\/2023\/08\/Solar_2-scaled.jpg","@id":"https:\/\/www.immo-invest.ch\/fr\/energie-360-erhaelt-gruenes-licht-fuer-solarfassade\/#mainImage","width":2560,"height":1705},"primaryImageOfPage":{"@id":"https:\/\/www.immo-invest.ch\/fr\/energie-360-erhaelt-gruenes-licht-fuer-solarfassade\/#mainImage"},"datePublished":"2023-11-09T13:30:00+01:00","dateModified":"2023-11-09T09:07:06+01:00"},{"@type":"WebSite","@id":"https:\/\/www.immo-invest.ch\/fr\/#website","url":"https:\/\/www.immo-invest.ch\/fr\/","name":"immo!nvest - Die Plattform f\u00fcr Standorte und Immobilien","description":"Die\u00a0Plattform f\u00fcr Standorte und Immobilien","inLanguage":"fr-FR","publisher":{"@id":"https:\/\/www.immo-invest.ch\/fr\/#organization"}}]},"og:locale":"fr_FR","og:site_name":"immo!nvest - Die Plattform f\u00fcr Standorte und Immobilien - Die\u00a0Plattform f\u00fcr Standorte und Immobilien","og:type":"article","og:title":"Energie 360\u00b0 re\u00e7oit le feu vert pour une fa\u00e7ade solaire - immo!nvest - Die Plattform f\u00fcr Standorte und Immobilien","og:description":"Comme pr\u00e9vu, Energie 360\u00b0 peut recouvrir de modules photovolta\u00efques les fa\u00e7ades de son si\u00e8ge principal dans le quartier zurichois d'Altstetten. L'assurance immobili\u00e8re du canton de Zurich ayant modifi\u00e9 ses dispositions apr\u00e8s le d\u00e9but des travaux, l'entreprise a d\u00fb apporter la preuve de sa s\u00e9curit\u00e9 incendie.","og:url":"https:\/\/www.immo-invest.ch\/fr\/energie-360-erhaelt-gruenes-licht-fuer-solarfassade\/","og:image":"https:\/\/www.immo-invest.ch\/wp-content\/uploads\/2023\/08\/Solar_2-scaled.jpg","og:image:secure_url":"https:\/\/www.immo-invest.ch\/wp-content\/uploads\/2023\/08\/Solar_2-scaled.jpg","og:image:width":2560,"og:image:height":1705,"article:published_time":"2023-11-09T12:30:00+00:00","article:modified_time":"2023-11-09T08:07:06+00:00","article:publisher":"https:\/\/www.facebook.com\/people\/Immoinvest\/100077962920504\/","twitter:card":"summary_large_image","twitter:site":"@i","twitter:title":"Energie 360\u00b0 re\u00e7oit le feu vert pour une fa\u00e7ade solaire - immo!nvest - Die Plattform f\u00fcr Standorte und Immobilien","twitter:description":"Comme pr\u00e9vu, Energie 360\u00b0 peut recouvrir de modules photovolta\u00efques les fa\u00e7ades de son si\u00e8ge principal dans le quartier zurichois d'Altstetten. L'assurance immobili\u00e8re du canton de Zurich ayant modifi\u00e9 ses dispositions apr\u00e8s le d\u00e9but des travaux, l'entreprise a d\u00fb apporter la preuve de sa s\u00e9curit\u00e9 incendie.","twitter:creator":"@i","twitter:image":"https:\/\/www.immo-invest.ch\/wp-content\/uploads\/2023\/08\/Solar_2-scaled.jpg"},"aioseo_meta_data":{"post_id":"67032","title":null,"description":null,"keywords":null,"keyphrases":null,"primary_term":null,"canonical_url":null,"og_title":null,"og_description":null,"og_object_type":"default","og_image_type":"default","og_image_url":null,"og_image_width":null,"og_image_height":null,"og_image_custom_url":null,"og_image_custom_fields":null,"og_video":null,"og_custom_url":null,"og_article_section":null,"og_article_tags":null,"twitter_use_og":false,"twitter_card":"default","twitter_image_type":"default","twitter_image_url":null,"twitter_image_custom_url":null,"twitter_image_custom_fields":null,"twitter_title":null,"twitter_description":null,"schema":{"blockGraphs":[],"customGraphs":[],"default":{"data":{"Article":[],"Course":[],"Dataset":[],"FAQPage":[],"Movie":[],"Person":[],"Product":[],"ProductReview":[],"Car":[],"Recipe":[],"Service":[],"SoftwareApplication":[],"WebPage":[]},"graphName":"","isEnabled":true},"graphs":[]},"schema_type":"default","schema_type_options":null,"pillar_content":false,"robots_default":true,"robots_noindex":false,"robots_noarchive":false,"robots_nosnippet":false,"robots_nofollow":false,"robots_noimageindex":false,"robots_noodp":false,"robots_notranslate":false,"robots_max_snippet":null,"robots_max_videopreview":null,"robots_max_imagepreview":"large","priority":null,"frequency":null,"local_seo":null,"breadcrumb_settings":null,"limit_modified_date":false,"ai":null,"created":"2024-09-20 11:46:58","updated":"2025-10-23 17:42:12","seo_analyzer_scan_date":null,"focus_keyword":null,"additional_keywords":null,"truseo_locale":null},"aioseo_breadcrumb":"<div class=\"aioseo-breadcrumbs\"><span class=\"aioseo-breadcrumb\">\n\t\t\t<a href=\"https:\/\/www.immo-invest.ch\/fr\/\" title=\"Home\">Home<\/a>\n\t\t<\/span><span class=\"aioseo-breadcrumb-separator\">&raquo;<\/span><span class=\"aioseo-breadcrumb\">\n\t\t\t<a href=\"https:\/\/www.immo-invest.ch\/fr\/categories\/immonews-fr\/\" title=\"immoNews\">immoNews<\/a>\n\t\t<\/span><span class=\"aioseo-breadcrumb-separator\">&raquo;<\/span><span class=\"aioseo-breadcrumb\">\n\t\t\tEnergie 360\u00b0 re\u00e7oit le feu vert pour une fa\u00e7ade solaire\n\t\t<\/span><\/div>","aioseo_breadcrumb_json":[{"label":"Home","link":"https:\/\/www.immo-invest.ch\/fr\/"},{"label":"immoNews","link":"https:\/\/www.immo-invest.ch\/fr\/categories\/immonews-fr\/"},{"label":"Energie 360\u00b0 re\u00e7oit le feu vert pour une fa\u00e7ade solaire","link":"https:\/\/www.immo-invest.ch\/fr\/energie-360-erhaelt-gruenes-licht-fuer-solarfassade\/"}],"featured_image_src":"https:\/\/www.immo-invest.ch\/wp-content\/uploads\/2023\/08\/Solar_2-336x168.jpg","_links":{"self":[{"href":"https:\/\/www.immo-invest.ch\/fr\/wp-json\/wp\/v2\/posts\/67032","targetHints":{"allow":["GET"]}}],"collection":[{"href":"https:\/\/www.immo-invest.ch\/fr\/wp-json\/wp\/v2\/posts"}],"about":[{"href":"https:\/\/www.immo-invest.ch\/fr\/wp-json\/wp\/v2\/types\/post"}],"author":[{"embeddable":true,"href":"https:\/\/www.immo-invest.ch\/fr\/wp-json\/wp\/v2\/users\/2"}],"replies":[{"embeddable":true,"href":"https:\/\/www.immo-invest.ch\/fr\/wp-json\/wp\/v2\/comments?post=67032"}],"version-history":[{"count":0,"href":"https:\/\/www.immo-invest.ch\/fr\/wp-json\/wp\/v2\/posts\/67032\/revisions"}],"wp:featuredmedia":[{"embeddable":true,"href":"https:\/\/www.immo-invest.ch\/fr\/wp-json\/wp\/v2\/media\/61026"}],"wp:attachment":[{"href":"https:\/\/www.immo-invest.ch\/fr\/wp-json\/wp\/v2\/media?parent=67032"}],"wp:term":[{"taxonomy":"category","embeddable":true,"href":"https:\/\/www.immo-invest.ch\/fr\/wp-json\/wp\/v2\/categories?post=67032"},{"taxonomy":"post_tag","embeddable":true,"href":"https:\/\/www.immo-invest.ch\/fr\/wp-json\/wp\/v2\/tags?post=67032"}],"curies":[{"name":"wp","href":"https:\/\/api.w.org\/{rel}","templated":true}]}}