{"id":66796,"date":"2023-11-06T09:23:08","date_gmt":"2023-11-06T08:23:08","guid":{"rendered":"https:\/\/www.immo-invest.ch\/solarbranche-will-gebrauchte-photovoltaik-wiederverwenden\/"},"modified":"2023-11-06T09:28:44","modified_gmt":"2023-11-06T08:28:44","slug":"solarbranche-will-gebrauchte-photovoltaik-wiederverwenden","status":"publish","type":"post","link":"https:\/\/www.immo-invest.ch\/fr\/solarbranche-will-gebrauchte-photovoltaik-wiederverwenden\/","title":{"rendered":"Le secteur de l&rsquo;\u00e9nergie solaire veut r\u00e9utiliser les panneaux photovolta\u00efques usag\u00e9s"},"content":{"rendered":"<p class=\"bodytext\"><a href=\"https:\/\/www.erecycling.ch\/\" target=\"_blank\" rel=\"noopener\">SENS eRecycling<\/a>, l&rsquo;association professionnelle <a href=\"https:\/\/www.swissolar.ch\/de\" target=\"_blank\" rel=\"noopener\">Swissolar<\/a> et le <a href=\"https:\/\/www.bfh.ch\/ti\/de\/\" target=\"_blank\" rel=\"noopener\">d&eacute;partement Technique &amp; Informatique de la Haute &eacute;cole sp&eacute;cialis&eacute;e bernoise<\/a> bas&eacute; &agrave; Bienne veulent, avec d&rsquo;autres partenaires, faire avancer l&rsquo;&eacute;conomie circulaire dans le secteur solaire. Dans le cadre du projet Swiss PV Circle, ils souhaitent, selon un communiqu&eacute;, prolonger la dur&eacute;e de vie du photovolta&iuml;que en cr&eacute;ant des mod&egrave;les commerciaux pour la r&eacute;utilisation des modules usag&eacute;s.<\/p>\n<p class=\"bodytext\">Le projet se base sur l&rsquo;observation que les modules photovolta&iuml;ques conservent 90% de leur puissance initiale apr&egrave;s 20 ans. Pourtant, ils sont souvent mis au rebut, soit parce qu&rsquo;ils sont endommag&eacute;s, soit parce que les op&eacute;rateurs souhaitent passer &agrave; des mod&egrave;les plus performants.<\/p>\n<p class=\"bodytext\">Les partenaires veulent collecter des donn&eacute;es sur les modules utilis&eacute;s en Suisse et, d&rsquo;une part, les mettre &agrave; la disposition de tous les acteurs concern&eacute;s via une plateforme num&eacute;rique. En ce qui concerne le d&eacute;veloppement de mod&egrave;les commerciaux, il s&rsquo;agit d&rsquo;autre part de garantir une infrastructure pour le d&eacute;montage, le stockage et le contr&ocirc;le des modules usag&eacute;s, y compris leur marquage. En outre, les modules doivent pouvoir &ecirc;tre suivis pendant toute leur dur&eacute;e de vie.<\/p>\n<p class=\"bodytext\">Les fabricants de modules <a href=\"https:\/\/www.meyerburger.com\/\" target=\"_blank\" rel=\"noopener\">Meyer Burger Technology<\/a> et <a href=\"https:\/\/www.3s-solar.swiss\/\" target=\"_blank\" rel=\"noopener\">3S Swiss Solar Solutions<\/a> &agrave; Thoune, <a href=\"https:\/\/www.helion.ch\/\" target=\"_blank\" rel=\"noopener\">Helion Energy<\/a> &agrave; Cham ZG en tant qu&rsquo;installateur et exploitant d&rsquo;installations, le fournisseur d&rsquo;&eacute;nergie <a href=\"https:\/\/www.ckw.ch\/\" target=\"_blank\" rel=\"noopener\">CKW<\/a> ainsi que <a href=\"http:\/\/www.kwbplanreal.ch\/\" target=\"_blank\" rel=\"noopener\">KWB Planreal<\/a> &agrave; Widnau SG et <a href=\"https:\/\/www.reiling.de\/\" target=\"_blank\" rel=\"noopener\">Reiling PV-Recyling GmbH &amp; Co KG<\/a> &agrave; M&uuml;nster en Rh&eacute;nanie du Nord-Westphalie, deux sp&eacute;cialistes du recyclage des installations photovolta&iuml;ques, participent &eacute;galement &agrave; Swiss PV Circle.<\/p>\n","protected":false},"excerpt":{"rendered":"<p>SENS eRecycling, Swissolar et la Haute \u00e9cole sp\u00e9cialis\u00e9e bernoise veulent cr\u00e9er des mod\u00e8les commerciaux pour la r\u00e9utilisation des modules photovolta\u00efques. La valeur pour la deuxi\u00e8me utilisation doit \u00eatre d\u00e9termin\u00e9e \u00e0 l&rsquo;avance sur la base de donn\u00e9es et rendue accessible par une plateforme num\u00e9rique.<\/p>\n","protected":false},"author":2,"featured_media":63934,"comment_status":"open","ping_status":"open","sticky":false,"template":"","format":"standard","meta":{"pmpro_default_level":"","inline_featured_image":false,"_monsterinsights_skip_tracking":false,"footnotes":""},"categories":[8747,743],"tags":[42921,42922,19419,42923,22983,2095,1668],"class_list":["post-66796","post","type-post","status-publish","format-standard","has-post-thumbnail","hentry","category-energie","category-immonews-fr","tag-digitaleplattform-fr","tag-geschaeftsmodelle-fr","tag-kreislaufwirtschaft-fr","tag-module-fr","tag-photovoltaikanlage-fr","tag-ressourcen-fr","tag-solar-fr","pmpro-has-access"],"acf":{"bild_mit_ki_erstellt_worden":[],"lead":"SENS eRecycling, Swissolar et la Haute \u00e9cole sp\u00e9cialis\u00e9e bernoise veulent cr\u00e9er des mod\u00e8les commerciaux pour la r\u00e9utilisation des modules photovolta\u00efques. La valeur pour la deuxi\u00e8me utilisation doit \u00eatre d\u00e9termin\u00e9e \u00e0 l'avance sur la base de donn\u00e9es et rendue accessible par une plateforme num\u00e9rique.","autor":"ce\/stk","ort":"Z\u00fcrich\/Biel BE","bildunterschrift":"","bild_im_grid":false,"gallerie":"","newsim":""},"aioseo_notices":[],"aioseo_head":"\n\t\t<!-- All in One SEO 5.0.1.1 - aioseo.com -->\n\t<meta name=\"description\" content=\"SENS eRecycling, Swissolar et la Haute \u00e9cole sp\u00e9cialis\u00e9e bernoise veulent cr\u00e9er des mod\u00e8les commerciaux pour la r\u00e9utilisation des modules photovolta\u00efques. La valeur pour la deuxi\u00e8me utilisation doit \u00eatre d\u00e9termin\u00e9e \u00e0 l&#039;avance sur la base de donn\u00e9es et rendue accessible par une plateforme num\u00e9rique.\" \/>\n\t<meta name=\"robots\" content=\"max-image-preview:large\" \/>\n\t<meta name=\"author\" content=\"immovestuser\"\/>\n\t<meta name=\"google-site-verification\" content=\"fHJKvgWpZCR2zVBHWfkQeFXC11qieUSff0HGNYfuyLA\" \/>\n\t<link rel=\"canonical\" href=\"https:\/\/www.immo-invest.ch\/fr\/solarbranche-will-gebrauchte-photovoltaik-wiederverwenden\/\" \/>\n\t<meta name=\"generator\" content=\"All in One SEO (AIOSEO) 5.0.1.1\" \/>\n\t\t<meta property=\"og:locale\" content=\"fr_FR\" \/>\n\t\t<meta property=\"og:site_name\" content=\"immo!nvest - Die Plattform f\u00fcr Standorte und Immobilien - Die\u00a0Plattform f\u00fcr Standorte und Immobilien\" \/>\n\t\t<meta property=\"og:type\" content=\"article\" \/>\n\t\t<meta property=\"og:title\" content=\"Le secteur de l\u2019\u00e9nergie solaire veut r\u00e9utiliser les panneaux photovolta\u00efques usag\u00e9s - immo!nvest - Die Plattform f\u00fcr Standorte und Immobilien\" \/>\n\t\t<meta property=\"og:description\" content=\"SENS eRecycling, Swissolar et la Haute \u00e9cole sp\u00e9cialis\u00e9e bernoise veulent cr\u00e9er des mod\u00e8les commerciaux pour la r\u00e9utilisation des modules photovolta\u00efques. La valeur pour la deuxi\u00e8me utilisation doit \u00eatre d\u00e9termin\u00e9e \u00e0 l&#039;avance sur la base de donn\u00e9es et rendue accessible par une plateforme num\u00e9rique.\" \/>\n\t\t<meta property=\"og:url\" content=\"https:\/\/www.immo-invest.ch\/fr\/solarbranche-will-gebrauchte-photovoltaik-wiederverwenden\/\" \/>\n\t\t<meta property=\"og:image\" content=\"https:\/\/www.immo-invest.ch\/wp-content\/uploads\/2023\/09\/photovoltaic-2814504_1280.jpg\" \/>\n\t\t<meta property=\"og:image:secure_url\" content=\"https:\/\/www.immo-invest.ch\/wp-content\/uploads\/2023\/09\/photovoltaic-2814504_1280.jpg\" \/>\n\t\t<meta property=\"og:image:width\" content=\"1280\" \/>\n\t\t<meta property=\"og:image:height\" content=\"853\" \/>\n\t\t<meta property=\"article:published_time\" content=\"2023-11-06T08:23:08+00:00\" \/>\n\t\t<meta property=\"article:modified_time\" content=\"2023-11-06T08:28:44+00:00\" \/>\n\t\t<meta property=\"article:publisher\" content=\"https:\/\/www.facebook.com\/people\/Immoinvest\/100077962920504\/\" \/>\n\t\t<meta name=\"twitter:card\" content=\"summary_large_image\" \/>\n\t\t<meta name=\"twitter:site\" content=\"@i\" \/>\n\t\t<meta name=\"twitter:title\" content=\"Le secteur de l\u2019\u00e9nergie solaire veut r\u00e9utiliser les panneaux photovolta\u00efques usag\u00e9s - immo!nvest - Die Plattform f\u00fcr Standorte und Immobilien\" \/>\n\t\t<meta name=\"twitter:description\" content=\"SENS eRecycling, Swissolar et la Haute \u00e9cole sp\u00e9cialis\u00e9e bernoise veulent cr\u00e9er des mod\u00e8les commerciaux pour la r\u00e9utilisation des modules photovolta\u00efques. La valeur pour la deuxi\u00e8me utilisation doit \u00eatre d\u00e9termin\u00e9e \u00e0 l&#039;avance sur la base de donn\u00e9es et rendue accessible par une plateforme num\u00e9rique.\" \/>\n\t\t<meta name=\"twitter:creator\" content=\"@i\" \/>\n\t\t<meta name=\"twitter:image\" content=\"https:\/\/www.immo-invest.ch\/wp-content\/uploads\/2023\/09\/photovoltaic-2814504_1280.jpg\" \/>\n\t\t<script type=\"application\/ld+json\" class=\"aioseo-schema\">\n\t\t\t{\"@context\":\"https:\\\/\\\/schema.org\",\"@graph\":[{\"@type\":\"BlogPosting\",\"@id\":\"https:\\\/\\\/www.immo-invest.ch\\\/fr\\\/solarbranche-will-gebrauchte-photovoltaik-wiederverwenden\\\/#blogposting\",\"name\":\"Le secteur de l\\u2019\\u00e9nergie solaire veut r\\u00e9utiliser les panneaux photovolta\\u00efques usag\\u00e9s - immo!nvest - Die Plattform f\\u00fcr Standorte und Immobilien\",\"headline\":\"Le secteur de l&rsquo;\\u00e9nergie solaire veut r\\u00e9utiliser les panneaux photovolta\\u00efques usag\\u00e9s\",\"author\":{\"@id\":\"https:\\\/\\\/www.immo-invest.ch\\\/fr\\\/author\\\/immovestuser\\\/#author\"},\"publisher\":{\"@id\":\"https:\\\/\\\/www.immo-invest.ch\\\/fr\\\/#organization\"},\"image\":{\"@type\":\"ImageObject\",\"url\":\"https:\\\/\\\/www.immo-invest.ch\\\/wp-content\\\/uploads\\\/2023\\\/09\\\/photovoltaic-2814504_1280.jpg\",\"width\":1280,\"height\":853},\"datePublished\":\"2023-11-06T09:23:08+01:00\",\"dateModified\":\"2023-11-06T09:28:44+01:00\",\"inLanguage\":\"fr-FR\",\"mainEntityOfPage\":{\"@id\":\"https:\\\/\\\/www.immo-invest.ch\\\/fr\\\/solarbranche-will-gebrauchte-photovoltaik-wiederverwenden\\\/#webpage\"},\"isPartOf\":{\"@id\":\"https:\\\/\\\/www.immo-invest.ch\\\/fr\\\/solarbranche-will-gebrauchte-photovoltaik-wiederverwenden\\\/#webpage\"},\"articleSection\":\"\\u00c9nergie, immoNews, digitalePlattform, Gesch\\u00e4ftsmodelle, Kreislaufwirtschaft, Module, Photovoltaikanlage, ressourcen, Solar, Facultatif\"},{\"@type\":\"BreadcrumbList\",\"@id\":\"https:\\\/\\\/www.immo-invest.ch\\\/fr\\\/solarbranche-will-gebrauchte-photovoltaik-wiederverwenden\\\/#breadcrumblist\",\"itemListElement\":[{\"@type\":\"ListItem\",\"@id\":\"https:\\\/\\\/www.immo-invest.ch\\\/fr\\\/#listItem\",\"position\":1,\"name\":\"Home\",\"item\":\"https:\\\/\\\/www.immo-invest.ch\\\/fr\\\/\",\"nextItem\":{\"@type\":\"ListItem\",\"@id\":\"https:\\\/\\\/www.immo-invest.ch\\\/fr\\\/categories\\\/immonews-fr\\\/#listItem\",\"name\":\"immoNews\"}},{\"@type\":\"ListItem\",\"@id\":\"https:\\\/\\\/www.immo-invest.ch\\\/fr\\\/categories\\\/immonews-fr\\\/#listItem\",\"position\":2,\"name\":\"immoNews\",\"item\":\"https:\\\/\\\/www.immo-invest.ch\\\/fr\\\/categories\\\/immonews-fr\\\/\",\"nextItem\":{\"@type\":\"ListItem\",\"@id\":\"https:\\\/\\\/www.immo-invest.ch\\\/fr\\\/solarbranche-will-gebrauchte-photovoltaik-wiederverwenden\\\/#listItem\",\"name\":\"Le secteur de l&rsquo;\\u00e9nergie solaire veut r\\u00e9utiliser les panneaux photovolta\\u00efques usag\\u00e9s\"},\"previousItem\":{\"@type\":\"ListItem\",\"@id\":\"https:\\\/\\\/www.immo-invest.ch\\\/fr\\\/#listItem\",\"name\":\"Home\"}},{\"@type\":\"ListItem\",\"@id\":\"https:\\\/\\\/www.immo-invest.ch\\\/fr\\\/solarbranche-will-gebrauchte-photovoltaik-wiederverwenden\\\/#listItem\",\"position\":3,\"name\":\"Le secteur de l&rsquo;\\u00e9nergie solaire veut r\\u00e9utiliser les panneaux photovolta\\u00efques usag\\u00e9s\",\"previousItem\":{\"@type\":\"ListItem\",\"@id\":\"https:\\\/\\\/www.immo-invest.ch\\\/fr\\\/categories\\\/immonews-fr\\\/#listItem\",\"name\":\"immoNews\"}}]},{\"@type\":\"Organization\",\"@id\":\"https:\\\/\\\/www.immo-invest.ch\\\/fr\\\/#organization\",\"name\":\"immo!nvest - Die Plattform f\\u00fcr Standorte und Immobilien\",\"description\":\"Die\\u00a0Plattform f\\u00fcr Standorte und Immobilien\",\"url\":\"https:\\\/\\\/www.immo-invest.ch\\\/fr\\\/\",\"email\":\"admin@immomedia.ag\",\"telephone\":\"+41444420002\",\"logo\":{\"@type\":\"ImageObject\",\"url\":\"https:\\\/\\\/www.immo-invest.ch\\\/wp-content\\\/uploads\\\/2024\\\/09\\\/immoinvest_sm-scaled.jpg\",\"@id\":\"https:\\\/\\\/www.immo-invest.ch\\\/fr\\\/solarbranche-will-gebrauchte-photovoltaik-wiederverwenden\\\/#organizationLogo\",\"width\":2560,\"height\":1340},\"image\":{\"@id\":\"https:\\\/\\\/www.immo-invest.ch\\\/fr\\\/solarbranche-will-gebrauchte-photovoltaik-wiederverwenden\\\/#organizationLogo\"},\"sameAs\":[\"https:\\\/\\\/www.facebook.com\\\/people\\\/Immoinvest\\\/100077962920504\\\/\",\"https:\\\/\\\/x.com\\\/i\\\/flow\\\/login?redirect_after_login=immoinvest_ch\",\"https:\\\/\\\/www.instagram.com\\\/immoinvest_ch\\\/\",\"https:\\\/\\\/www.linkedin.com\\\/company\\\/immoinvest-swiss\"]},{\"@type\":\"Person\",\"@id\":\"https:\\\/\\\/www.immo-invest.ch\\\/fr\\\/author\\\/immovestuser\\\/#author\",\"url\":\"https:\\\/\\\/www.immo-invest.ch\\\/fr\\\/author\\\/immovestuser\\\/\",\"name\":\"immovestuser\",\"image\":{\"@type\":\"ImageObject\",\"@id\":\"https:\\\/\\\/www.immo-invest.ch\\\/fr\\\/solarbranche-will-gebrauchte-photovoltaik-wiederverwenden\\\/#authorImage\",\"url\":\"https:\\\/\\\/secure.gravatar.com\\\/avatar\\\/8e01f4d99f2eeea7a362ebb93305e1172a70e9293ba250f897a65c39f54cdd1e?s=96&d=mm&r=g\",\"width\":96,\"height\":96,\"caption\":\"immovestuser\"}},{\"@type\":\"WebPage\",\"@id\":\"https:\\\/\\\/www.immo-invest.ch\\\/fr\\\/solarbranche-will-gebrauchte-photovoltaik-wiederverwenden\\\/#webpage\",\"url\":\"https:\\\/\\\/www.immo-invest.ch\\\/fr\\\/solarbranche-will-gebrauchte-photovoltaik-wiederverwenden\\\/\",\"name\":\"Le secteur de l\\u2019\\u00e9nergie solaire veut r\\u00e9utiliser les panneaux photovolta\\u00efques usag\\u00e9s - immo!nvest - Die Plattform f\\u00fcr Standorte und Immobilien\",\"description\":\"SENS eRecycling, Swissolar et la Haute \\u00e9cole sp\\u00e9cialis\\u00e9e bernoise veulent cr\\u00e9er des mod\\u00e8les commerciaux pour la r\\u00e9utilisation des modules photovolta\\u00efques. La valeur pour la deuxi\\u00e8me utilisation doit \\u00eatre d\\u00e9termin\\u00e9e \\u00e0 l'avance sur la base de donn\\u00e9es et rendue accessible par une plateforme num\\u00e9rique.\",\"inLanguage\":\"fr-FR\",\"isPartOf\":{\"@id\":\"https:\\\/\\\/www.immo-invest.ch\\\/fr\\\/#website\"},\"breadcrumb\":{\"@id\":\"https:\\\/\\\/www.immo-invest.ch\\\/fr\\\/solarbranche-will-gebrauchte-photovoltaik-wiederverwenden\\\/#breadcrumblist\"},\"author\":{\"@id\":\"https:\\\/\\\/www.immo-invest.ch\\\/fr\\\/author\\\/immovestuser\\\/#author\"},\"creator\":{\"@id\":\"https:\\\/\\\/www.immo-invest.ch\\\/fr\\\/author\\\/immovestuser\\\/#author\"},\"image\":{\"@type\":\"ImageObject\",\"url\":\"https:\\\/\\\/www.immo-invest.ch\\\/wp-content\\\/uploads\\\/2023\\\/09\\\/photovoltaic-2814504_1280.jpg\",\"@id\":\"https:\\\/\\\/www.immo-invest.ch\\\/fr\\\/solarbranche-will-gebrauchte-photovoltaik-wiederverwenden\\\/#mainImage\",\"width\":1280,\"height\":853},\"primaryImageOfPage\":{\"@id\":\"https:\\\/\\\/www.immo-invest.ch\\\/fr\\\/solarbranche-will-gebrauchte-photovoltaik-wiederverwenden\\\/#mainImage\"},\"datePublished\":\"2023-11-06T09:23:08+01:00\",\"dateModified\":\"2023-11-06T09:28:44+01:00\"},{\"@type\":\"WebSite\",\"@id\":\"https:\\\/\\\/www.immo-invest.ch\\\/fr\\\/#website\",\"url\":\"https:\\\/\\\/www.immo-invest.ch\\\/fr\\\/\",\"name\":\"immo!nvest - Die Plattform f\\u00fcr Standorte und Immobilien\",\"description\":\"Die\\u00a0Plattform f\\u00fcr Standorte und Immobilien\",\"inLanguage\":\"fr-FR\",\"publisher\":{\"@id\":\"https:\\\/\\\/www.immo-invest.ch\\\/fr\\\/#organization\"}}]}\n\t\t<\/script>\n\t\t<!-- All in One SEO -->\n\n","aioseo_head_json":{"title":"Le secteur de l\u2019\u00e9nergie solaire veut r\u00e9utiliser les panneaux photovolta\u00efques usag\u00e9s - immo!nvest - Die Plattform f\u00fcr Standorte und Immobilien","description":"SENS eRecycling, Swissolar et la Haute \u00e9cole sp\u00e9cialis\u00e9e bernoise veulent cr\u00e9er des mod\u00e8les commerciaux pour la r\u00e9utilisation des modules photovolta\u00efques. La valeur pour la deuxi\u00e8me utilisation doit \u00eatre d\u00e9termin\u00e9e \u00e0 l'avance sur la base de donn\u00e9es et rendue accessible par une plateforme num\u00e9rique.","canonical_url":"https:\/\/www.immo-invest.ch\/fr\/solarbranche-will-gebrauchte-photovoltaik-wiederverwenden\/","robots":"max-image-preview:large","keywords":"","webmasterTools":{"google-site-verification":"fHJKvgWpZCR2zVBHWfkQeFXC11qieUSff0HGNYfuyLA","miscellaneous":""},"schema":{"@context":"https:\/\/schema.org","@graph":[{"@type":"BlogPosting","@id":"https:\/\/www.immo-invest.ch\/fr\/solarbranche-will-gebrauchte-photovoltaik-wiederverwenden\/#blogposting","name":"Le secteur de l\u2019\u00e9nergie solaire veut r\u00e9utiliser les panneaux photovolta\u00efques usag\u00e9s - immo!nvest - Die Plattform f\u00fcr Standorte und Immobilien","headline":"Le secteur de l&rsquo;\u00e9nergie solaire veut r\u00e9utiliser les panneaux photovolta\u00efques usag\u00e9s","author":{"@id":"https:\/\/www.immo-invest.ch\/fr\/author\/immovestuser\/#author"},"publisher":{"@id":"https:\/\/www.immo-invest.ch\/fr\/#organization"},"image":{"@type":"ImageObject","url":"https:\/\/www.immo-invest.ch\/wp-content\/uploads\/2023\/09\/photovoltaic-2814504_1280.jpg","width":1280,"height":853},"datePublished":"2023-11-06T09:23:08+01:00","dateModified":"2023-11-06T09:28:44+01:00","inLanguage":"fr-FR","mainEntityOfPage":{"@id":"https:\/\/www.immo-invest.ch\/fr\/solarbranche-will-gebrauchte-photovoltaik-wiederverwenden\/#webpage"},"isPartOf":{"@id":"https:\/\/www.immo-invest.ch\/fr\/solarbranche-will-gebrauchte-photovoltaik-wiederverwenden\/#webpage"},"articleSection":"\u00c9nergie, immoNews, digitalePlattform, Gesch\u00e4ftsmodelle, Kreislaufwirtschaft, Module, Photovoltaikanlage, ressourcen, Solar, Facultatif"},{"@type":"BreadcrumbList","@id":"https:\/\/www.immo-invest.ch\/fr\/solarbranche-will-gebrauchte-photovoltaik-wiederverwenden\/#breadcrumblist","itemListElement":[{"@type":"ListItem","@id":"https:\/\/www.immo-invest.ch\/fr\/#listItem","position":1,"name":"Home","item":"https:\/\/www.immo-invest.ch\/fr\/","nextItem":{"@type":"ListItem","@id":"https:\/\/www.immo-invest.ch\/fr\/categories\/immonews-fr\/#listItem","name":"immoNews"}},{"@type":"ListItem","@id":"https:\/\/www.immo-invest.ch\/fr\/categories\/immonews-fr\/#listItem","position":2,"name":"immoNews","item":"https:\/\/www.immo-invest.ch\/fr\/categories\/immonews-fr\/","nextItem":{"@type":"ListItem","@id":"https:\/\/www.immo-invest.ch\/fr\/solarbranche-will-gebrauchte-photovoltaik-wiederverwenden\/#listItem","name":"Le secteur de l&rsquo;\u00e9nergie solaire veut r\u00e9utiliser les panneaux photovolta\u00efques usag\u00e9s"},"previousItem":{"@type":"ListItem","@id":"https:\/\/www.immo-invest.ch\/fr\/#listItem","name":"Home"}},{"@type":"ListItem","@id":"https:\/\/www.immo-invest.ch\/fr\/solarbranche-will-gebrauchte-photovoltaik-wiederverwenden\/#listItem","position":3,"name":"Le secteur de l&rsquo;\u00e9nergie solaire veut r\u00e9utiliser les panneaux photovolta\u00efques usag\u00e9s","previousItem":{"@type":"ListItem","@id":"https:\/\/www.immo-invest.ch\/fr\/categories\/immonews-fr\/#listItem","name":"immoNews"}}]},{"@type":"Organization","@id":"https:\/\/www.immo-invest.ch\/fr\/#organization","name":"immo!nvest - Die Plattform f\u00fcr Standorte und Immobilien","description":"Die\u00a0Plattform f\u00fcr Standorte und Immobilien","url":"https:\/\/www.immo-invest.ch\/fr\/","email":"admin@immomedia.ag","telephone":"+41444420002","logo":{"@type":"ImageObject","url":"https:\/\/www.immo-invest.ch\/wp-content\/uploads\/2024\/09\/immoinvest_sm-scaled.jpg","@id":"https:\/\/www.immo-invest.ch\/fr\/solarbranche-will-gebrauchte-photovoltaik-wiederverwenden\/#organizationLogo","width":2560,"height":1340},"image":{"@id":"https:\/\/www.immo-invest.ch\/fr\/solarbranche-will-gebrauchte-photovoltaik-wiederverwenden\/#organizationLogo"},"sameAs":["https:\/\/www.facebook.com\/people\/Immoinvest\/100077962920504\/","https:\/\/x.com\/i\/flow\/login?redirect_after_login=immoinvest_ch","https:\/\/www.instagram.com\/immoinvest_ch\/","https:\/\/www.linkedin.com\/company\/immoinvest-swiss"]},{"@type":"Person","@id":"https:\/\/www.immo-invest.ch\/fr\/author\/immovestuser\/#author","url":"https:\/\/www.immo-invest.ch\/fr\/author\/immovestuser\/","name":"immovestuser","image":{"@type":"ImageObject","@id":"https:\/\/www.immo-invest.ch\/fr\/solarbranche-will-gebrauchte-photovoltaik-wiederverwenden\/#authorImage","url":"https:\/\/secure.gravatar.com\/avatar\/8e01f4d99f2eeea7a362ebb93305e1172a70e9293ba250f897a65c39f54cdd1e?s=96&d=mm&r=g","width":96,"height":96,"caption":"immovestuser"}},{"@type":"WebPage","@id":"https:\/\/www.immo-invest.ch\/fr\/solarbranche-will-gebrauchte-photovoltaik-wiederverwenden\/#webpage","url":"https:\/\/www.immo-invest.ch\/fr\/solarbranche-will-gebrauchte-photovoltaik-wiederverwenden\/","name":"Le secteur de l\u2019\u00e9nergie solaire veut r\u00e9utiliser les panneaux photovolta\u00efques usag\u00e9s - immo!nvest - Die Plattform f\u00fcr Standorte und Immobilien","description":"SENS eRecycling, Swissolar et la Haute \u00e9cole sp\u00e9cialis\u00e9e bernoise veulent cr\u00e9er des mod\u00e8les commerciaux pour la r\u00e9utilisation des modules photovolta\u00efques. La valeur pour la deuxi\u00e8me utilisation doit \u00eatre d\u00e9termin\u00e9e \u00e0 l'avance sur la base de donn\u00e9es et rendue accessible par une plateforme num\u00e9rique.","inLanguage":"fr-FR","isPartOf":{"@id":"https:\/\/www.immo-invest.ch\/fr\/#website"},"breadcrumb":{"@id":"https:\/\/www.immo-invest.ch\/fr\/solarbranche-will-gebrauchte-photovoltaik-wiederverwenden\/#breadcrumblist"},"author":{"@id":"https:\/\/www.immo-invest.ch\/fr\/author\/immovestuser\/#author"},"creator":{"@id":"https:\/\/www.immo-invest.ch\/fr\/author\/immovestuser\/#author"},"image":{"@type":"ImageObject","url":"https:\/\/www.immo-invest.ch\/wp-content\/uploads\/2023\/09\/photovoltaic-2814504_1280.jpg","@id":"https:\/\/www.immo-invest.ch\/fr\/solarbranche-will-gebrauchte-photovoltaik-wiederverwenden\/#mainImage","width":1280,"height":853},"primaryImageOfPage":{"@id":"https:\/\/www.immo-invest.ch\/fr\/solarbranche-will-gebrauchte-photovoltaik-wiederverwenden\/#mainImage"},"datePublished":"2023-11-06T09:23:08+01:00","dateModified":"2023-11-06T09:28:44+01:00"},{"@type":"WebSite","@id":"https:\/\/www.immo-invest.ch\/fr\/#website","url":"https:\/\/www.immo-invest.ch\/fr\/","name":"immo!nvest - Die Plattform f\u00fcr Standorte und Immobilien","description":"Die\u00a0Plattform f\u00fcr Standorte und Immobilien","inLanguage":"fr-FR","publisher":{"@id":"https:\/\/www.immo-invest.ch\/fr\/#organization"}}]},"og:locale":"fr_FR","og:site_name":"immo!nvest - Die Plattform f\u00fcr Standorte und Immobilien - Die\u00a0Plattform f\u00fcr Standorte und Immobilien","og:type":"article","og:title":"Le secteur de l\u2019\u00e9nergie solaire veut r\u00e9utiliser les panneaux photovolta\u00efques usag\u00e9s - immo!nvest - Die Plattform f\u00fcr Standorte und Immobilien","og:description":"SENS eRecycling, Swissolar et la Haute \u00e9cole sp\u00e9cialis\u00e9e bernoise veulent cr\u00e9er des mod\u00e8les commerciaux pour la r\u00e9utilisation des modules photovolta\u00efques. La valeur pour la deuxi\u00e8me utilisation doit \u00eatre d\u00e9termin\u00e9e \u00e0 l'avance sur la base de donn\u00e9es et rendue accessible par une plateforme num\u00e9rique.","og:url":"https:\/\/www.immo-invest.ch\/fr\/solarbranche-will-gebrauchte-photovoltaik-wiederverwenden\/","og:image":"https:\/\/www.immo-invest.ch\/wp-content\/uploads\/2023\/09\/photovoltaic-2814504_1280.jpg","og:image:secure_url":"https:\/\/www.immo-invest.ch\/wp-content\/uploads\/2023\/09\/photovoltaic-2814504_1280.jpg","og:image:width":1280,"og:image:height":853,"article:published_time":"2023-11-06T08:23:08+00:00","article:modified_time":"2023-11-06T08:28:44+00:00","article:publisher":"https:\/\/www.facebook.com\/people\/Immoinvest\/100077962920504\/","twitter:card":"summary_large_image","twitter:site":"@i","twitter:title":"Le secteur de l\u2019\u00e9nergie solaire veut r\u00e9utiliser les panneaux photovolta\u00efques usag\u00e9s - immo!nvest - Die Plattform f\u00fcr Standorte und Immobilien","twitter:description":"SENS eRecycling, Swissolar et la Haute \u00e9cole sp\u00e9cialis\u00e9e bernoise veulent cr\u00e9er des mod\u00e8les commerciaux pour la r\u00e9utilisation des modules photovolta\u00efques. La valeur pour la deuxi\u00e8me utilisation doit \u00eatre d\u00e9termin\u00e9e \u00e0 l'avance sur la base de donn\u00e9es et rendue accessible par une plateforme num\u00e9rique.","twitter:creator":"@i","twitter:image":"https:\/\/www.immo-invest.ch\/wp-content\/uploads\/2023\/09\/photovoltaic-2814504_1280.jpg"},"aioseo_meta_data":{"post_id":"66796","title":null,"description":null,"keywords":null,"keyphrases":null,"primary_term":null,"canonical_url":null,"og_title":null,"og_description":null,"og_object_type":"default","og_image_type":"default","og_image_url":null,"og_image_width":null,"og_image_height":null,"og_image_custom_url":null,"og_image_custom_fields":null,"og_video":null,"og_custom_url":null,"og_article_section":null,"og_article_tags":null,"twitter_use_og":false,"twitter_card":"default","twitter_image_type":"default","twitter_image_url":null,"twitter_image_custom_url":null,"twitter_image_custom_fields":null,"twitter_title":null,"twitter_description":null,"schema":{"blockGraphs":[],"customGraphs":[],"default":{"data":{"Article":[],"Course":[],"Dataset":[],"FAQPage":[],"Movie":[],"Person":[],"Product":[],"ProductReview":[],"Car":[],"Recipe":[],"Service":[],"SoftwareApplication":[],"WebPage":[]},"graphName":"","isEnabled":true},"graphs":[]},"schema_type":"default","schema_type_options":null,"pillar_content":false,"robots_default":true,"robots_noindex":false,"robots_noarchive":false,"robots_nosnippet":false,"robots_nofollow":false,"robots_noimageindex":false,"robots_noodp":false,"robots_notranslate":false,"robots_max_snippet":null,"robots_max_videopreview":null,"robots_max_imagepreview":"large","priority":null,"frequency":null,"local_seo":null,"breadcrumb_settings":null,"limit_modified_date":false,"ai":null,"created":"2024-09-20 11:36:04","updated":"2025-10-23 17:31:12","seo_analyzer_scan_date":null,"focus_keyword":null,"additional_keywords":null,"truseo_locale":null},"aioseo_breadcrumb":"<div class=\"aioseo-breadcrumbs\"><span class=\"aioseo-breadcrumb\">\n\t\t\t<a href=\"https:\/\/www.immo-invest.ch\/fr\/\" title=\"Home\">Home<\/a>\n\t\t<\/span><span class=\"aioseo-breadcrumb-separator\">&raquo;<\/span><span class=\"aioseo-breadcrumb\">\n\t\t\t<a href=\"https:\/\/www.immo-invest.ch\/fr\/categories\/immonews-fr\/\" title=\"immoNews\">immoNews<\/a>\n\t\t<\/span><span class=\"aioseo-breadcrumb-separator\">&raquo;<\/span><span class=\"aioseo-breadcrumb\">\n\t\t\tLe secteur de l\u2019\u00e9nergie solaire veut r\u00e9utiliser les panneaux photovolta\u00efques usag\u00e9s\n\t\t<\/span><\/div>","aioseo_breadcrumb_json":[{"label":"Home","link":"https:\/\/www.immo-invest.ch\/fr\/"},{"label":"immoNews","link":"https:\/\/www.immo-invest.ch\/fr\/categories\/immonews-fr\/"},{"label":"Le secteur de l&rsquo;\u00e9nergie solaire veut r\u00e9utiliser les panneaux photovolta\u00efques usag\u00e9s","link":"https:\/\/www.immo-invest.ch\/fr\/solarbranche-will-gebrauchte-photovoltaik-wiederverwenden\/"}],"featured_image_src":"https:\/\/www.immo-invest.ch\/wp-content\/uploads\/2023\/09\/photovoltaic-2814504_1280-336x168.jpg","_links":{"self":[{"href":"https:\/\/www.immo-invest.ch\/fr\/wp-json\/wp\/v2\/posts\/66796","targetHints":{"allow":["GET"]}}],"collection":[{"href":"https:\/\/www.immo-invest.ch\/fr\/wp-json\/wp\/v2\/posts"}],"about":[{"href":"https:\/\/www.immo-invest.ch\/fr\/wp-json\/wp\/v2\/types\/post"}],"author":[{"embeddable":true,"href":"https:\/\/www.immo-invest.ch\/fr\/wp-json\/wp\/v2\/users\/2"}],"replies":[{"embeddable":true,"href":"https:\/\/www.immo-invest.ch\/fr\/wp-json\/wp\/v2\/comments?post=66796"}],"version-history":[{"count":0,"href":"https:\/\/www.immo-invest.ch\/fr\/wp-json\/wp\/v2\/posts\/66796\/revisions"}],"wp:featuredmedia":[{"embeddable":true,"href":"https:\/\/www.immo-invest.ch\/fr\/wp-json\/wp\/v2\/media\/63934"}],"wp:attachment":[{"href":"https:\/\/www.immo-invest.ch\/fr\/wp-json\/wp\/v2\/media?parent=66796"}],"wp:term":[{"taxonomy":"category","embeddable":true,"href":"https:\/\/www.immo-invest.ch\/fr\/wp-json\/wp\/v2\/categories?post=66796"},{"taxonomy":"post_tag","embeddable":true,"href":"https:\/\/www.immo-invest.ch\/fr\/wp-json\/wp\/v2\/tags?post=66796"}],"curies":[{"name":"wp","href":"https:\/\/api.w.org\/{rel}","templated":true}]}}