{"id":66213,"date":"2023-10-23T12:00:00","date_gmt":"2023-10-23T10:00:00","guid":{"rendered":"https:\/\/www.immo-invest.ch\/?p=66213"},"modified":"2023-10-23T10:56:05","modified_gmt":"2023-10-23T08:56:05","slug":"ewd-und-swisspower-planen-alpine-solaranlage-im-persenngebiet","status":"publish","type":"post","link":"https:\/\/www.immo-invest.ch\/fr\/ewd-und-swisspower-planen-alpine-solaranlage-im-persenngebiet\/","title":{"rendered":"EWD et Swisspower pr\u00e9voient une installation solaire alpine dans la r\u00e9gion de Persenn"},"content":{"rendered":"<p class=\"bodytext\"><a href=\"http:\/\/www.ewd.ch\" target=\"_blank\" rel=\"noopener\">EWD Electricit&eacute; Davos<\/a> investit dans la production locale d&rsquo;&eacute;lectricit&eacute; avec la construction pr&eacute;vue d&rsquo;une installation solaire alpine dans la r&eacute;gion de Parsenn. Cela devrait conduire &agrave; une plus grande ind&eacute;pendance vis-&agrave;-vis des importations d&rsquo;&eacute;lectricit&eacute;, selon un <a href=\"https:\/\/www.ewd.ch\/aktuelles\" target=\"_blank\" rel=\"noopener\">communiqu&eacute; de presse<\/a>.<\/p>\n<p class=\"bodytext\">La <a href=\"http:\/\/www.gemeindedavos.ch\" target=\"_blank\" rel=\"noopener\">commune de Davos<\/a> et l&rsquo;alliance de services municipaux <a href=\"http:\/\/www.swisspower.ch\" target=\"_blank\" rel=\"noopener\">Swisspower<\/a> participent &agrave; la planification. Les autres soutiens sont <a href=\"http:\/\/www.ewb.ch\" target=\"_blank\" rel=\"noopener\">Energie Wasser Bern<\/a> et le fournisseur d&rsquo;&eacute;nergie b&acirc;lois <a href=\"http:\/\/www.iwb.ch\" target=\"_blank\" rel=\"noopener\">IWB<\/a>, ainsi que <a href=\"http:\/\/www.energiethun.ch\" target=\"_blank\" rel=\"noopener\">Energie Thun AG<\/a>. La production annuelle &agrave; plein r&eacute;gime est estim&eacute;e &agrave; 10 gigawattheures, ce qui correspond aux besoins en &eacute;lectricit&eacute; de 3000 foyers de quatre personnes.<\/p>\n<p class=\"bodytext\">Le site choisi pour l&rsquo;installation photovolta&iuml;que est Totalp, dans la r&eacute;gion de Parsenn. Le site est bien desservi par les remont&eacute;es m&eacute;caniques et se trouve dans un domaine skiable. La planification a &eacute;t&eacute; r&eacute;alis&eacute;e en tenant compte de la valeur des terres cultiv&eacute;es et des p&acirc;turages dans la r&eacute;gion de <span class=\"glossaryLink\"  aria-describedby=\"tt\"  data-cmtooltip=\"&lt;div class=glossaryItemTitle&gt;SKI&lt;\/div&gt;&lt;div class=glossaryItemBody&gt;Schweizerische Kommission f&uuml;r Immobilien-Fragen, ber&auml;t den Bundesrat in Immobilien-Fragen&lt;\/div&gt;\"  data-mobile-support=\"0\"  data-gt-translate-attributes='[{\"attribute\":\"data-cmtooltip\", \"format\":\"html\"}]' tabindex='0' role='link'>ski<\/span>. La production d&rsquo;&eacute;lectricit&eacute; &agrave; proximit&eacute; imm&eacute;diate des consommateurs, des t&eacute;l&eacute;si&egrave;ges et des t&eacute;l&eacute;cabines r&eacute;duit les pertes de transport. De plus, l&rsquo;installation est prot&eacute;g&eacute;e en aval, de sorte qu&rsquo;il ne faut s&rsquo;attendre &agrave; &laquo;&nbsp;aucune r&eacute;flexion ou nuisance pour la population&nbsp;&raquo;. Avant la p&eacute;nurie d&rsquo;&eacute;lectricit&eacute;, l&rsquo;avenir &eacute;nerg&eacute;tique durable gr&acirc;ce aux installations photovolta&iuml;ques en montagne &eacute;tait d&eacute;j&agrave; un sujet de pr&eacute;occupation &agrave; Davos. Par rapport au Plateau, la r&eacute;gion b&eacute;n&eacute;ficie de nombreuses heures d&rsquo;ensoleillement, m&ecirc;me en hiver.<\/p>\n<p class=\"bodytext\">Apr&egrave;s l&rsquo;approbation du gouvernement de Davos, le projet devrait &ecirc;tre d&eacute;battu au parlement de Davos d&eacute;but novembre. Ensuite, la population votera. Si la d&eacute;cision populaire est positive, les travaux de construction devraient commencer en 2024. L&rsquo;objectif est de mettre en service les premi&egrave;res parties de l&rsquo;installation d&rsquo;ici d&eacute;cembre 2025.<\/p>\n","protected":false},"excerpt":{"rendered":"<p>En coop\u00e9ration avec Swisspower, EWD Elektrizit\u00e4tswerk Davos AG pr\u00e9voit de construire une installation photovolta\u00efque alpine dans le domaine skiable de Parsenn. La construction doit \u00eatre int\u00e9gr\u00e9e dans l&rsquo;infrastructure existante des remont\u00e9es m\u00e9caniques tout en pr\u00e9servant le paysage. La population doit donner son feu vert pour que les travaux de construction puissent commencer en 2024.<\/p>\n","protected":false},"author":2,"featured_media":61026,"comment_status":"open","ping_status":"open","sticky":false,"template":"","format":"standard","meta":{"pmpro_default_level":"","inline_featured_image":false,"_monsterinsights_skip_tracking":false,"footnotes":""},"categories":[8747,743],"tags":[2155,42753,42754,22983,41089,1669,42755],"class_list":["post-66213","post","type-post","status-publish","format-standard","has-post-thumbnail","hentry","category-energie","category-immonews-fr","tag-erneuerbareenergien-fr","tag-gebirge-fr","tag-parsenngebiet-fr","tag-photovoltaikanlage-fr","tag-skigebiet-fr","tag-solaranlage-fr","tag-volksentscheid-fr","pmpro-has-access"],"acf":{"bild_mit_ki_erstellt_worden":[],"lead":"En coop\u00e9ration avec Swisspower, EWD Elektrizit\u00e4tswerk Davos AG pr\u00e9voit de construire une installation photovolta\u00efque alpine dans le domaine skiable de Parsenn. La construction doit \u00eatre int\u00e9gr\u00e9e dans l'infrastructure existante des remont\u00e9es m\u00e9caniques tout en pr\u00e9servant le paysage. La population doit donner son feu vert pour que les travaux de construction puissent commencer en 2024.","autor":"ce\/heg","ort":"Davos GR","bildunterschrift":"","bild_im_grid":false,"gallerie":"","newsim":""},"aioseo_notices":[],"aioseo_head":"\n\t\t<!-- All in One SEO 5.0.1.1 - aioseo.com -->\n\t<meta name=\"description\" content=\"En coop\u00e9ration avec Swisspower, EWD Elektrizit\u00e4tswerk Davos AG pr\u00e9voit de construire une installation photovolta\u00efque alpine dans le domaine skiable de Parsenn. La construction doit \u00eatre int\u00e9gr\u00e9e dans l&#039;infrastructure existante des remont\u00e9es m\u00e9caniques tout en pr\u00e9servant le paysage. La population doit donner son feu vert pour que les travaux de construction puissent commencer en 2024.\" \/>\n\t<meta name=\"robots\" content=\"max-image-preview:large\" \/>\n\t<meta name=\"author\" content=\"immovestuser\"\/>\n\t<meta name=\"google-site-verification\" content=\"fHJKvgWpZCR2zVBHWfkQeFXC11qieUSff0HGNYfuyLA\" \/>\n\t<link rel=\"canonical\" href=\"https:\/\/www.immo-invest.ch\/fr\/ewd-und-swisspower-planen-alpine-solaranlage-im-persenngebiet\/\" \/>\n\t<meta name=\"generator\" content=\"All in One SEO (AIOSEO) 5.0.1.1\" \/>\n\t\t<meta property=\"og:locale\" content=\"fr_FR\" \/>\n\t\t<meta property=\"og:site_name\" content=\"immo!nvest - Die Plattform f\u00fcr Standorte und Immobilien - Die\u00a0Plattform f\u00fcr Standorte und Immobilien\" \/>\n\t\t<meta property=\"og:type\" content=\"article\" \/>\n\t\t<meta property=\"og:title\" content=\"EWD et Swisspower pr\u00e9voient une installation solaire alpine dans la r\u00e9gion de Persenn - immo!nvest - Die Plattform f\u00fcr Standorte und Immobilien\" \/>\n\t\t<meta property=\"og:description\" content=\"En coop\u00e9ration avec Swisspower, EWD Elektrizit\u00e4tswerk Davos AG pr\u00e9voit de construire une installation photovolta\u00efque alpine dans le domaine skiable de Parsenn. La construction doit \u00eatre int\u00e9gr\u00e9e dans l&#039;infrastructure existante des remont\u00e9es m\u00e9caniques tout en pr\u00e9servant le paysage. La population doit donner son feu vert pour que les travaux de construction puissent commencer en 2024.\" \/>\n\t\t<meta property=\"og:url\" content=\"https:\/\/www.immo-invest.ch\/fr\/ewd-und-swisspower-planen-alpine-solaranlage-im-persenngebiet\/\" \/>\n\t\t<meta property=\"og:image\" content=\"https:\/\/www.immo-invest.ch\/wp-content\/uploads\/2023\/08\/Solar_2-scaled.jpg\" \/>\n\t\t<meta property=\"og:image:secure_url\" content=\"https:\/\/www.immo-invest.ch\/wp-content\/uploads\/2023\/08\/Solar_2-scaled.jpg\" \/>\n\t\t<meta property=\"og:image:width\" content=\"2560\" \/>\n\t\t<meta property=\"og:image:height\" content=\"1705\" \/>\n\t\t<meta property=\"article:published_time\" content=\"2023-10-23T10:00:00+00:00\" \/>\n\t\t<meta property=\"article:modified_time\" content=\"2023-10-23T08:56:05+00:00\" \/>\n\t\t<meta property=\"article:publisher\" content=\"https:\/\/www.facebook.com\/people\/Immoinvest\/100077962920504\/\" \/>\n\t\t<meta name=\"twitter:card\" content=\"summary_large_image\" \/>\n\t\t<meta name=\"twitter:site\" content=\"@i\" \/>\n\t\t<meta name=\"twitter:title\" content=\"EWD et Swisspower pr\u00e9voient une installation solaire alpine dans la r\u00e9gion de Persenn - immo!nvest - Die Plattform f\u00fcr Standorte und Immobilien\" \/>\n\t\t<meta name=\"twitter:description\" content=\"En coop\u00e9ration avec Swisspower, EWD Elektrizit\u00e4tswerk Davos AG pr\u00e9voit de construire une installation photovolta\u00efque alpine dans le domaine skiable de Parsenn. La construction doit \u00eatre int\u00e9gr\u00e9e dans l&#039;infrastructure existante des remont\u00e9es m\u00e9caniques tout en pr\u00e9servant le paysage. La population doit donner son feu vert pour que les travaux de construction puissent commencer en 2024.\" \/>\n\t\t<meta name=\"twitter:creator\" content=\"@i\" \/>\n\t\t<meta name=\"twitter:image\" content=\"https:\/\/www.immo-invest.ch\/wp-content\/uploads\/2023\/08\/Solar_2-scaled.jpg\" \/>\n\t\t<script type=\"application\/ld+json\" class=\"aioseo-schema\">\n\t\t\t{\"@context\":\"https:\\\/\\\/schema.org\",\"@graph\":[{\"@type\":\"BlogPosting\",\"@id\":\"https:\\\/\\\/www.immo-invest.ch\\\/fr\\\/ewd-und-swisspower-planen-alpine-solaranlage-im-persenngebiet\\\/#blogposting\",\"name\":\"EWD et Swisspower pr\\u00e9voient une installation solaire alpine dans la r\\u00e9gion de Persenn - immo!nvest - Die Plattform f\\u00fcr Standorte und Immobilien\",\"headline\":\"EWD et Swisspower pr\\u00e9voient une installation solaire alpine dans la r\\u00e9gion de Persenn\",\"author\":{\"@id\":\"https:\\\/\\\/www.immo-invest.ch\\\/fr\\\/author\\\/immovestuser\\\/#author\"},\"publisher\":{\"@id\":\"https:\\\/\\\/www.immo-invest.ch\\\/fr\\\/#organization\"},\"image\":{\"@type\":\"ImageObject\",\"url\":\"https:\\\/\\\/www.immo-invest.ch\\\/wp-content\\\/uploads\\\/2023\\\/08\\\/Solar_2-scaled.jpg\",\"width\":2560,\"height\":1705},\"datePublished\":\"2023-10-23T12:00:00+02:00\",\"dateModified\":\"2023-10-23T10:56:05+02:00\",\"inLanguage\":\"fr-FR\",\"mainEntityOfPage\":{\"@id\":\"https:\\\/\\\/www.immo-invest.ch\\\/fr\\\/ewd-und-swisspower-planen-alpine-solaranlage-im-persenngebiet\\\/#webpage\"},\"isPartOf\":{\"@id\":\"https:\\\/\\\/www.immo-invest.ch\\\/fr\\\/ewd-und-swisspower-planen-alpine-solaranlage-im-persenngebiet\\\/#webpage\"},\"articleSection\":\"\\u00c9nergie, immoNews, ErneuerbareEnergien, Gebirge, Parsenngebiet, Photovoltaikanlage, Skigebiet, Solaranlage, Volksentscheid, Facultatif\"},{\"@type\":\"BreadcrumbList\",\"@id\":\"https:\\\/\\\/www.immo-invest.ch\\\/fr\\\/ewd-und-swisspower-planen-alpine-solaranlage-im-persenngebiet\\\/#breadcrumblist\",\"itemListElement\":[{\"@type\":\"ListItem\",\"@id\":\"https:\\\/\\\/www.immo-invest.ch\\\/fr\\\/#listItem\",\"position\":1,\"name\":\"Home\",\"item\":\"https:\\\/\\\/www.immo-invest.ch\\\/fr\\\/\",\"nextItem\":{\"@type\":\"ListItem\",\"@id\":\"https:\\\/\\\/www.immo-invest.ch\\\/fr\\\/categories\\\/immonews-fr\\\/#listItem\",\"name\":\"immoNews\"}},{\"@type\":\"ListItem\",\"@id\":\"https:\\\/\\\/www.immo-invest.ch\\\/fr\\\/categories\\\/immonews-fr\\\/#listItem\",\"position\":2,\"name\":\"immoNews\",\"item\":\"https:\\\/\\\/www.immo-invest.ch\\\/fr\\\/categories\\\/immonews-fr\\\/\",\"nextItem\":{\"@type\":\"ListItem\",\"@id\":\"https:\\\/\\\/www.immo-invest.ch\\\/fr\\\/ewd-und-swisspower-planen-alpine-solaranlage-im-persenngebiet\\\/#listItem\",\"name\":\"EWD et Swisspower pr\\u00e9voient une installation solaire alpine dans la r\\u00e9gion de Persenn\"},\"previousItem\":{\"@type\":\"ListItem\",\"@id\":\"https:\\\/\\\/www.immo-invest.ch\\\/fr\\\/#listItem\",\"name\":\"Home\"}},{\"@type\":\"ListItem\",\"@id\":\"https:\\\/\\\/www.immo-invest.ch\\\/fr\\\/ewd-und-swisspower-planen-alpine-solaranlage-im-persenngebiet\\\/#listItem\",\"position\":3,\"name\":\"EWD et Swisspower pr\\u00e9voient une installation solaire alpine dans la r\\u00e9gion de Persenn\",\"previousItem\":{\"@type\":\"ListItem\",\"@id\":\"https:\\\/\\\/www.immo-invest.ch\\\/fr\\\/categories\\\/immonews-fr\\\/#listItem\",\"name\":\"immoNews\"}}]},{\"@type\":\"Organization\",\"@id\":\"https:\\\/\\\/www.immo-invest.ch\\\/fr\\\/#organization\",\"name\":\"immo!nvest - Die Plattform f\\u00fcr Standorte und Immobilien\",\"description\":\"Die\\u00a0Plattform f\\u00fcr Standorte und Immobilien\",\"url\":\"https:\\\/\\\/www.immo-invest.ch\\\/fr\\\/\",\"email\":\"admin@immomedia.ag\",\"telephone\":\"+41444420002\",\"logo\":{\"@type\":\"ImageObject\",\"url\":\"https:\\\/\\\/www.immo-invest.ch\\\/wp-content\\\/uploads\\\/2024\\\/09\\\/immoinvest_sm-scaled.jpg\",\"@id\":\"https:\\\/\\\/www.immo-invest.ch\\\/fr\\\/ewd-und-swisspower-planen-alpine-solaranlage-im-persenngebiet\\\/#organizationLogo\",\"width\":2560,\"height\":1340},\"image\":{\"@id\":\"https:\\\/\\\/www.immo-invest.ch\\\/fr\\\/ewd-und-swisspower-planen-alpine-solaranlage-im-persenngebiet\\\/#organizationLogo\"},\"sameAs\":[\"https:\\\/\\\/www.facebook.com\\\/people\\\/Immoinvest\\\/100077962920504\\\/\",\"https:\\\/\\\/x.com\\\/i\\\/flow\\\/login?redirect_after_login=immoinvest_ch\",\"https:\\\/\\\/www.instagram.com\\\/immoinvest_ch\\\/\",\"https:\\\/\\\/www.linkedin.com\\\/company\\\/immoinvest-swiss\"]},{\"@type\":\"Person\",\"@id\":\"https:\\\/\\\/www.immo-invest.ch\\\/fr\\\/author\\\/immovestuser\\\/#author\",\"url\":\"https:\\\/\\\/www.immo-invest.ch\\\/fr\\\/author\\\/immovestuser\\\/\",\"name\":\"immovestuser\",\"image\":{\"@type\":\"ImageObject\",\"@id\":\"https:\\\/\\\/www.immo-invest.ch\\\/fr\\\/ewd-und-swisspower-planen-alpine-solaranlage-im-persenngebiet\\\/#authorImage\",\"url\":\"https:\\\/\\\/secure.gravatar.com\\\/avatar\\\/8e01f4d99f2eeea7a362ebb93305e1172a70e9293ba250f897a65c39f54cdd1e?s=96&d=mm&r=g\",\"width\":96,\"height\":96,\"caption\":\"immovestuser\"}},{\"@type\":\"WebPage\",\"@id\":\"https:\\\/\\\/www.immo-invest.ch\\\/fr\\\/ewd-und-swisspower-planen-alpine-solaranlage-im-persenngebiet\\\/#webpage\",\"url\":\"https:\\\/\\\/www.immo-invest.ch\\\/fr\\\/ewd-und-swisspower-planen-alpine-solaranlage-im-persenngebiet\\\/\",\"name\":\"EWD et Swisspower pr\\u00e9voient une installation solaire alpine dans la r\\u00e9gion de Persenn - immo!nvest - Die Plattform f\\u00fcr Standorte und Immobilien\",\"description\":\"En coop\\u00e9ration avec Swisspower, EWD Elektrizit\\u00e4tswerk Davos AG pr\\u00e9voit de construire une installation photovolta\\u00efque alpine dans le domaine skiable de Parsenn. La construction doit \\u00eatre int\\u00e9gr\\u00e9e dans l'infrastructure existante des remont\\u00e9es m\\u00e9caniques tout en pr\\u00e9servant le paysage. La population doit donner son feu vert pour que les travaux de construction puissent commencer en 2024.\",\"inLanguage\":\"fr-FR\",\"isPartOf\":{\"@id\":\"https:\\\/\\\/www.immo-invest.ch\\\/fr\\\/#website\"},\"breadcrumb\":{\"@id\":\"https:\\\/\\\/www.immo-invest.ch\\\/fr\\\/ewd-und-swisspower-planen-alpine-solaranlage-im-persenngebiet\\\/#breadcrumblist\"},\"author\":{\"@id\":\"https:\\\/\\\/www.immo-invest.ch\\\/fr\\\/author\\\/immovestuser\\\/#author\"},\"creator\":{\"@id\":\"https:\\\/\\\/www.immo-invest.ch\\\/fr\\\/author\\\/immovestuser\\\/#author\"},\"image\":{\"@type\":\"ImageObject\",\"url\":\"https:\\\/\\\/www.immo-invest.ch\\\/wp-content\\\/uploads\\\/2023\\\/08\\\/Solar_2-scaled.jpg\",\"@id\":\"https:\\\/\\\/www.immo-invest.ch\\\/fr\\\/ewd-und-swisspower-planen-alpine-solaranlage-im-persenngebiet\\\/#mainImage\",\"width\":2560,\"height\":1705},\"primaryImageOfPage\":{\"@id\":\"https:\\\/\\\/www.immo-invest.ch\\\/fr\\\/ewd-und-swisspower-planen-alpine-solaranlage-im-persenngebiet\\\/#mainImage\"},\"datePublished\":\"2023-10-23T12:00:00+02:00\",\"dateModified\":\"2023-10-23T10:56:05+02:00\"},{\"@type\":\"WebSite\",\"@id\":\"https:\\\/\\\/www.immo-invest.ch\\\/fr\\\/#website\",\"url\":\"https:\\\/\\\/www.immo-invest.ch\\\/fr\\\/\",\"name\":\"immo!nvest - Die Plattform f\\u00fcr Standorte und Immobilien\",\"description\":\"Die\\u00a0Plattform f\\u00fcr Standorte und Immobilien\",\"inLanguage\":\"fr-FR\",\"publisher\":{\"@id\":\"https:\\\/\\\/www.immo-invest.ch\\\/fr\\\/#organization\"}}]}\n\t\t<\/script>\n\t\t<!-- All in One SEO -->\n\n","aioseo_head_json":{"title":"EWD et Swisspower pr\u00e9voient une installation solaire alpine dans la r\u00e9gion de Persenn - immo!nvest - Die Plattform f\u00fcr Standorte und Immobilien","description":"En coop\u00e9ration avec Swisspower, EWD Elektrizit\u00e4tswerk Davos AG pr\u00e9voit de construire une installation photovolta\u00efque alpine dans le domaine skiable de Parsenn. La construction doit \u00eatre int\u00e9gr\u00e9e dans l'infrastructure existante des remont\u00e9es m\u00e9caniques tout en pr\u00e9servant le paysage. La population doit donner son feu vert pour que les travaux de construction puissent commencer en 2024.","canonical_url":"https:\/\/www.immo-invest.ch\/fr\/ewd-und-swisspower-planen-alpine-solaranlage-im-persenngebiet\/","robots":"max-image-preview:large","keywords":"","webmasterTools":{"google-site-verification":"fHJKvgWpZCR2zVBHWfkQeFXC11qieUSff0HGNYfuyLA","miscellaneous":""},"schema":{"@context":"https:\/\/schema.org","@graph":[{"@type":"BlogPosting","@id":"https:\/\/www.immo-invest.ch\/fr\/ewd-und-swisspower-planen-alpine-solaranlage-im-persenngebiet\/#blogposting","name":"EWD et Swisspower pr\u00e9voient une installation solaire alpine dans la r\u00e9gion de Persenn - immo!nvest - Die Plattform f\u00fcr Standorte und Immobilien","headline":"EWD et Swisspower pr\u00e9voient une installation solaire alpine dans la r\u00e9gion de Persenn","author":{"@id":"https:\/\/www.immo-invest.ch\/fr\/author\/immovestuser\/#author"},"publisher":{"@id":"https:\/\/www.immo-invest.ch\/fr\/#organization"},"image":{"@type":"ImageObject","url":"https:\/\/www.immo-invest.ch\/wp-content\/uploads\/2023\/08\/Solar_2-scaled.jpg","width":2560,"height":1705},"datePublished":"2023-10-23T12:00:00+02:00","dateModified":"2023-10-23T10:56:05+02:00","inLanguage":"fr-FR","mainEntityOfPage":{"@id":"https:\/\/www.immo-invest.ch\/fr\/ewd-und-swisspower-planen-alpine-solaranlage-im-persenngebiet\/#webpage"},"isPartOf":{"@id":"https:\/\/www.immo-invest.ch\/fr\/ewd-und-swisspower-planen-alpine-solaranlage-im-persenngebiet\/#webpage"},"articleSection":"\u00c9nergie, immoNews, ErneuerbareEnergien, Gebirge, Parsenngebiet, Photovoltaikanlage, Skigebiet, Solaranlage, Volksentscheid, Facultatif"},{"@type":"BreadcrumbList","@id":"https:\/\/www.immo-invest.ch\/fr\/ewd-und-swisspower-planen-alpine-solaranlage-im-persenngebiet\/#breadcrumblist","itemListElement":[{"@type":"ListItem","@id":"https:\/\/www.immo-invest.ch\/fr\/#listItem","position":1,"name":"Home","item":"https:\/\/www.immo-invest.ch\/fr\/","nextItem":{"@type":"ListItem","@id":"https:\/\/www.immo-invest.ch\/fr\/categories\/immonews-fr\/#listItem","name":"immoNews"}},{"@type":"ListItem","@id":"https:\/\/www.immo-invest.ch\/fr\/categories\/immonews-fr\/#listItem","position":2,"name":"immoNews","item":"https:\/\/www.immo-invest.ch\/fr\/categories\/immonews-fr\/","nextItem":{"@type":"ListItem","@id":"https:\/\/www.immo-invest.ch\/fr\/ewd-und-swisspower-planen-alpine-solaranlage-im-persenngebiet\/#listItem","name":"EWD et Swisspower pr\u00e9voient une installation solaire alpine dans la r\u00e9gion de Persenn"},"previousItem":{"@type":"ListItem","@id":"https:\/\/www.immo-invest.ch\/fr\/#listItem","name":"Home"}},{"@type":"ListItem","@id":"https:\/\/www.immo-invest.ch\/fr\/ewd-und-swisspower-planen-alpine-solaranlage-im-persenngebiet\/#listItem","position":3,"name":"EWD et Swisspower pr\u00e9voient une installation solaire alpine dans la r\u00e9gion de Persenn","previousItem":{"@type":"ListItem","@id":"https:\/\/www.immo-invest.ch\/fr\/categories\/immonews-fr\/#listItem","name":"immoNews"}}]},{"@type":"Organization","@id":"https:\/\/www.immo-invest.ch\/fr\/#organization","name":"immo!nvest - Die Plattform f\u00fcr Standorte und Immobilien","description":"Die\u00a0Plattform f\u00fcr Standorte und Immobilien","url":"https:\/\/www.immo-invest.ch\/fr\/","email":"admin@immomedia.ag","telephone":"+41444420002","logo":{"@type":"ImageObject","url":"https:\/\/www.immo-invest.ch\/wp-content\/uploads\/2024\/09\/immoinvest_sm-scaled.jpg","@id":"https:\/\/www.immo-invest.ch\/fr\/ewd-und-swisspower-planen-alpine-solaranlage-im-persenngebiet\/#organizationLogo","width":2560,"height":1340},"image":{"@id":"https:\/\/www.immo-invest.ch\/fr\/ewd-und-swisspower-planen-alpine-solaranlage-im-persenngebiet\/#organizationLogo"},"sameAs":["https:\/\/www.facebook.com\/people\/Immoinvest\/100077962920504\/","https:\/\/x.com\/i\/flow\/login?redirect_after_login=immoinvest_ch","https:\/\/www.instagram.com\/immoinvest_ch\/","https:\/\/www.linkedin.com\/company\/immoinvest-swiss"]},{"@type":"Person","@id":"https:\/\/www.immo-invest.ch\/fr\/author\/immovestuser\/#author","url":"https:\/\/www.immo-invest.ch\/fr\/author\/immovestuser\/","name":"immovestuser","image":{"@type":"ImageObject","@id":"https:\/\/www.immo-invest.ch\/fr\/ewd-und-swisspower-planen-alpine-solaranlage-im-persenngebiet\/#authorImage","url":"https:\/\/secure.gravatar.com\/avatar\/8e01f4d99f2eeea7a362ebb93305e1172a70e9293ba250f897a65c39f54cdd1e?s=96&d=mm&r=g","width":96,"height":96,"caption":"immovestuser"}},{"@type":"WebPage","@id":"https:\/\/www.immo-invest.ch\/fr\/ewd-und-swisspower-planen-alpine-solaranlage-im-persenngebiet\/#webpage","url":"https:\/\/www.immo-invest.ch\/fr\/ewd-und-swisspower-planen-alpine-solaranlage-im-persenngebiet\/","name":"EWD et Swisspower pr\u00e9voient une installation solaire alpine dans la r\u00e9gion de Persenn - immo!nvest - Die Plattform f\u00fcr Standorte und Immobilien","description":"En coop\u00e9ration avec Swisspower, EWD Elektrizit\u00e4tswerk Davos AG pr\u00e9voit de construire une installation photovolta\u00efque alpine dans le domaine skiable de Parsenn. La construction doit \u00eatre int\u00e9gr\u00e9e dans l'infrastructure existante des remont\u00e9es m\u00e9caniques tout en pr\u00e9servant le paysage. La population doit donner son feu vert pour que les travaux de construction puissent commencer en 2024.","inLanguage":"fr-FR","isPartOf":{"@id":"https:\/\/www.immo-invest.ch\/fr\/#website"},"breadcrumb":{"@id":"https:\/\/www.immo-invest.ch\/fr\/ewd-und-swisspower-planen-alpine-solaranlage-im-persenngebiet\/#breadcrumblist"},"author":{"@id":"https:\/\/www.immo-invest.ch\/fr\/author\/immovestuser\/#author"},"creator":{"@id":"https:\/\/www.immo-invest.ch\/fr\/author\/immovestuser\/#author"},"image":{"@type":"ImageObject","url":"https:\/\/www.immo-invest.ch\/wp-content\/uploads\/2023\/08\/Solar_2-scaled.jpg","@id":"https:\/\/www.immo-invest.ch\/fr\/ewd-und-swisspower-planen-alpine-solaranlage-im-persenngebiet\/#mainImage","width":2560,"height":1705},"primaryImageOfPage":{"@id":"https:\/\/www.immo-invest.ch\/fr\/ewd-und-swisspower-planen-alpine-solaranlage-im-persenngebiet\/#mainImage"},"datePublished":"2023-10-23T12:00:00+02:00","dateModified":"2023-10-23T10:56:05+02:00"},{"@type":"WebSite","@id":"https:\/\/www.immo-invest.ch\/fr\/#website","url":"https:\/\/www.immo-invest.ch\/fr\/","name":"immo!nvest - Die Plattform f\u00fcr Standorte und Immobilien","description":"Die\u00a0Plattform f\u00fcr Standorte und Immobilien","inLanguage":"fr-FR","publisher":{"@id":"https:\/\/www.immo-invest.ch\/fr\/#organization"}}]},"og:locale":"fr_FR","og:site_name":"immo!nvest - Die Plattform f\u00fcr Standorte und Immobilien - Die\u00a0Plattform f\u00fcr Standorte und Immobilien","og:type":"article","og:title":"EWD et Swisspower pr\u00e9voient une installation solaire alpine dans la r\u00e9gion de Persenn - immo!nvest - Die Plattform f\u00fcr Standorte und Immobilien","og:description":"En coop\u00e9ration avec Swisspower, EWD Elektrizit\u00e4tswerk Davos AG pr\u00e9voit de construire une installation photovolta\u00efque alpine dans le domaine skiable de Parsenn. La construction doit \u00eatre int\u00e9gr\u00e9e dans l'infrastructure existante des remont\u00e9es m\u00e9caniques tout en pr\u00e9servant le paysage. La population doit donner son feu vert pour que les travaux de construction puissent commencer en 2024.","og:url":"https:\/\/www.immo-invest.ch\/fr\/ewd-und-swisspower-planen-alpine-solaranlage-im-persenngebiet\/","og:image":"https:\/\/www.immo-invest.ch\/wp-content\/uploads\/2023\/08\/Solar_2-scaled.jpg","og:image:secure_url":"https:\/\/www.immo-invest.ch\/wp-content\/uploads\/2023\/08\/Solar_2-scaled.jpg","og:image:width":2560,"og:image:height":1705,"article:published_time":"2023-10-23T10:00:00+00:00","article:modified_time":"2023-10-23T08:56:05+00:00","article:publisher":"https:\/\/www.facebook.com\/people\/Immoinvest\/100077962920504\/","twitter:card":"summary_large_image","twitter:site":"@i","twitter:title":"EWD et Swisspower pr\u00e9voient une installation solaire alpine dans la r\u00e9gion de Persenn - immo!nvest - Die Plattform f\u00fcr Standorte und Immobilien","twitter:description":"En coop\u00e9ration avec Swisspower, EWD Elektrizit\u00e4tswerk Davos AG pr\u00e9voit de construire une installation photovolta\u00efque alpine dans le domaine skiable de Parsenn. La construction doit \u00eatre int\u00e9gr\u00e9e dans l'infrastructure existante des remont\u00e9es m\u00e9caniques tout en pr\u00e9servant le paysage. La population doit donner son feu vert pour que les travaux de construction puissent commencer en 2024.","twitter:creator":"@i","twitter:image":"https:\/\/www.immo-invest.ch\/wp-content\/uploads\/2023\/08\/Solar_2-scaled.jpg"},"aioseo_meta_data":{"post_id":"66213","title":null,"description":null,"keywords":null,"keyphrases":null,"primary_term":null,"canonical_url":null,"og_title":null,"og_description":null,"og_object_type":"default","og_image_type":"default","og_image_url":null,"og_image_width":null,"og_image_height":null,"og_image_custom_url":null,"og_image_custom_fields":null,"og_video":null,"og_custom_url":null,"og_article_section":null,"og_article_tags":null,"twitter_use_og":false,"twitter_card":"default","twitter_image_type":"default","twitter_image_url":null,"twitter_image_custom_url":null,"twitter_image_custom_fields":null,"twitter_title":null,"twitter_description":null,"schema":{"blockGraphs":[],"customGraphs":[],"default":{"data":{"Article":[],"Course":[],"Dataset":[],"FAQPage":[],"Movie":[],"Person":[],"Product":[],"ProductReview":[],"Car":[],"Recipe":[],"Service":[],"SoftwareApplication":[],"WebPage":[]},"graphName":"","isEnabled":true},"graphs":[]},"schema_type":"default","schema_type_options":null,"pillar_content":false,"robots_default":true,"robots_noindex":false,"robots_noarchive":false,"robots_nosnippet":false,"robots_nofollow":false,"robots_noimageindex":false,"robots_noodp":false,"robots_notranslate":false,"robots_max_snippet":null,"robots_max_videopreview":null,"robots_max_imagepreview":"large","priority":null,"frequency":null,"local_seo":null,"breadcrumb_settings":null,"limit_modified_date":false,"ai":null,"created":"2024-09-20 11:09:58","updated":"2025-10-23 17:04:13","seo_analyzer_scan_date":null,"focus_keyword":null,"additional_keywords":null,"truseo_locale":null},"aioseo_breadcrumb":"<div class=\"aioseo-breadcrumbs\"><span class=\"aioseo-breadcrumb\">\n\t\t\t<a href=\"https:\/\/www.immo-invest.ch\/fr\/\" title=\"Home\">Home<\/a>\n\t\t<\/span><span class=\"aioseo-breadcrumb-separator\">&raquo;<\/span><span class=\"aioseo-breadcrumb\">\n\t\t\t<a href=\"https:\/\/www.immo-invest.ch\/fr\/categories\/immonews-fr\/\" title=\"immoNews\">immoNews<\/a>\n\t\t<\/span><span class=\"aioseo-breadcrumb-separator\">&raquo;<\/span><span class=\"aioseo-breadcrumb\">\n\t\t\tEWD et Swisspower pr\u00e9voient une installation solaire alpine dans la r\u00e9gion de Persenn\n\t\t<\/span><\/div>","aioseo_breadcrumb_json":[{"label":"Home","link":"https:\/\/www.immo-invest.ch\/fr\/"},{"label":"immoNews","link":"https:\/\/www.immo-invest.ch\/fr\/categories\/immonews-fr\/"},{"label":"EWD et Swisspower pr\u00e9voient une installation solaire alpine dans la r\u00e9gion de Persenn","link":"https:\/\/www.immo-invest.ch\/fr\/ewd-und-swisspower-planen-alpine-solaranlage-im-persenngebiet\/"}],"featured_image_src":"https:\/\/www.immo-invest.ch\/wp-content\/uploads\/2023\/08\/Solar_2-336x168.jpg","_links":{"self":[{"href":"https:\/\/www.immo-invest.ch\/fr\/wp-json\/wp\/v2\/posts\/66213","targetHints":{"allow":["GET"]}}],"collection":[{"href":"https:\/\/www.immo-invest.ch\/fr\/wp-json\/wp\/v2\/posts"}],"about":[{"href":"https:\/\/www.immo-invest.ch\/fr\/wp-json\/wp\/v2\/types\/post"}],"author":[{"embeddable":true,"href":"https:\/\/www.immo-invest.ch\/fr\/wp-json\/wp\/v2\/users\/2"}],"replies":[{"embeddable":true,"href":"https:\/\/www.immo-invest.ch\/fr\/wp-json\/wp\/v2\/comments?post=66213"}],"version-history":[{"count":0,"href":"https:\/\/www.immo-invest.ch\/fr\/wp-json\/wp\/v2\/posts\/66213\/revisions"}],"wp:featuredmedia":[{"embeddable":true,"href":"https:\/\/www.immo-invest.ch\/fr\/wp-json\/wp\/v2\/media\/61026"}],"wp:attachment":[{"href":"https:\/\/www.immo-invest.ch\/fr\/wp-json\/wp\/v2\/media?parent=66213"}],"wp:term":[{"taxonomy":"category","embeddable":true,"href":"https:\/\/www.immo-invest.ch\/fr\/wp-json\/wp\/v2\/categories?post=66213"},{"taxonomy":"post_tag","embeddable":true,"href":"https:\/\/www.immo-invest.ch\/fr\/wp-json\/wp\/v2\/tags?post=66213"}],"curies":[{"name":"wp","href":"https:\/\/api.w.org\/{rel}","templated":true}]}}