{"id":65002,"date":"2023-10-04T09:06:15","date_gmt":"2023-10-04T07:06:15","guid":{"rendered":"https:\/\/www.immo-invest.ch\/waermeverbund-ennetsee-nimmt-arbeit-auf\/"},"modified":"2023-10-04T09:15:03","modified_gmt":"2023-10-04T07:15:03","slug":"waermeverbund-ennetsee-nimmt-arbeit-auf","status":"publish","type":"post","link":"https:\/\/www.immo-invest.ch\/fr\/waermeverbund-ennetsee-nimmt-arbeit-auf\/","title":{"rendered":"Le r\u00e9seau de chaleur d&rsquo;Ennetsee se met en place"},"content":{"rendered":"<p class=\"bodytext\">Avec l&rsquo;ouverture de la conduite de transport entre Perlen et Rotkreuz, <a href=\"https:\/\/www.wwz.ch\/de\/\" target=\"_blank\" rel=\"noopener\">WWZ<\/a> a mis en service le premier tron&ccedil;on de son r&eacute;seau de chaleur Ennetsee. &laquo;&nbsp;D&egrave;s &agrave; pr&eacute;sent, les rejets thermiques de l&rsquo;usine d&rsquo;incin&eacute;ration des ordures m&eacute;nag&egrave;res (UIOM) Renergia de Perlen sont achemin&eacute;s vers le r&eacute;seau de distribution de Rotkreuz et alimentent les premiers immeubles de la commune en &eacute;nergie r&eacute;gionale, &eacute;cologique et neutre en CO2 pour le chauffage et l&rsquo;eau chaude&nbsp;&raquo;, explique le fournisseur d&rsquo;&eacute;nergie, de t&eacute;l&eacute;communications et d&rsquo;eau du canton de Zoug dans un <a href=\"https:\/\/www.wwz.ch\/de\/ueber-wwz\/medien\/2023\/inbetriebnahme-waermeverbund-ennetsee\" target=\"_blank\" rel=\"noopener\">communiqu&eacute;<\/a> correspondant.<\/p>\n<p class=\"bodytext\">Une fois achev&eacute;, le r&eacute;seau de chaleur Ennetsee devrait pouvoir alimenter, outre Rotkreuz, le village de Holzh&auml;usern, qui appartient &agrave; Risch ZG, la zone de B&ouml;sch dans la commune de H&uuml;nenberg ZG, H&uuml;nenberg See et Cham avec la chaleur r&eacute;siduelle de l&rsquo;<a href=\"https:\/\/www.renergia.ch\/\" target=\"_blank\" rel=\"noopener\">UIOM Renergia<\/a>. WWZ estime que le r&eacute;seau de chaleur permettra d&rsquo;&eacute;viter l&rsquo;&eacute;mission de plus de 12 000 tonnes de CO2 par an. Actuellement, l&rsquo;entreprise travaille sur d&rsquo;autres conduites de chauffage &agrave; distance &agrave; Rotkreuz et sur le prochain tron&ccedil;on de la conduite de transport principale, de l&rsquo;usine d&rsquo;incin&eacute;ration des ordures m&eacute;nag&egrave;res jusqu&rsquo;&agrave; Cham.<\/p>\n","protected":false},"excerpt":{"rendered":"<p>WWZ a mis en service la premi\u00e8re section du r\u00e9seau de chaleur d&rsquo;Ennetsee. Les premiers immeubles de Rotkreuz ZG sont d\u00e9sormais aliment\u00e9s en chaleur par l&rsquo;usine d&rsquo;incin\u00e9ration des ordures m\u00e9nag\u00e8res Renergia de Perlen LU.<\/p>\n","protected":false},"author":2,"featured_media":30614,"comment_status":"open","ping_status":"open","sticky":false,"template":"","format":"standard","meta":{"pmpro_default_level":"","inline_featured_image":false,"_monsterinsights_skip_tracking":false,"footnotes":""},"categories":[8747,743],"tags":[4695,2155,42453,42454,42455,42456,894],"class_list":["post-65002","post","type-post","status-publish","format-standard","has-post-thumbnail","hentry","category-energie","category-immonews-fr","tag-co2-emissionen-fr","tag-erneuerbareenergien-fr","tag-fernwaermeleiung-fr","tag-holzhaeuser-fr","tag-kehrrichtverbrennung-fr","tag-transportleitung-fr","tag-waerme-fr","pmpro-has-access"],"acf":{"bild_mit_ki_erstellt_worden":[],"lead":"WWZ a mis en service la premi\u00e8re section du r\u00e9seau de chaleur d'Ennetsee. Les premiers immeubles de Rotkreuz ZG sont d\u00e9sormais aliment\u00e9s en chaleur par l'usine d'incin\u00e9ration des ordures m\u00e9nag\u00e8res Renergia de Perlen LU.","autor":"ce\/hs\u00a0","ort":"Zug","bildunterschrift":"","bild_im_grid":false,"gallerie":"","newsim":""},"aioseo_notices":[],"aioseo_head":"\n\t\t<!-- All in One SEO 5.0.1.1 - aioseo.com -->\n\t<meta name=\"description\" content=\"WWZ a mis en service la premi\u00e8re section du r\u00e9seau de chaleur d&#039;Ennetsee. Les premiers immeubles de Rotkreuz ZG sont d\u00e9sormais aliment\u00e9s en chaleur par l&#039;usine d&#039;incin\u00e9ration des ordures m\u00e9nag\u00e8res Renergia de Perlen LU.\" \/>\n\t<meta name=\"robots\" content=\"max-image-preview:large\" \/>\n\t<meta name=\"author\" content=\"immovestuser\"\/>\n\t<meta name=\"google-site-verification\" content=\"fHJKvgWpZCR2zVBHWfkQeFXC11qieUSff0HGNYfuyLA\" \/>\n\t<link rel=\"canonical\" href=\"https:\/\/www.immo-invest.ch\/fr\/waermeverbund-ennetsee-nimmt-arbeit-auf\/\" \/>\n\t<meta name=\"generator\" content=\"All in One SEO (AIOSEO) 5.0.1.1\" \/>\n\t\t<meta property=\"og:locale\" content=\"fr_FR\" \/>\n\t\t<meta property=\"og:site_name\" content=\"immo!nvest - Die Plattform f\u00fcr Standorte und Immobilien - Die\u00a0Plattform f\u00fcr Standorte und Immobilien\" \/>\n\t\t<meta property=\"og:type\" content=\"article\" \/>\n\t\t<meta property=\"og:title\" content=\"Le r\u00e9seau de chaleur d\u2019Ennetsee se met en place - immo!nvest - Die Plattform f\u00fcr Standorte und Immobilien\" \/>\n\t\t<meta property=\"og:description\" content=\"WWZ a mis en service la premi\u00e8re section du r\u00e9seau de chaleur d&#039;Ennetsee. Les premiers immeubles de Rotkreuz ZG sont d\u00e9sormais aliment\u00e9s en chaleur par l&#039;usine d&#039;incin\u00e9ration des ordures m\u00e9nag\u00e8res Renergia de Perlen LU.\" \/>\n\t\t<meta property=\"og:url\" content=\"https:\/\/www.immo-invest.ch\/fr\/waermeverbund-ennetsee-nimmt-arbeit-auf\/\" \/>\n\t\t<meta property=\"og:image\" content=\"https:\/\/www.immo-invest.ch\/wp-content\/uploads\/2022\/01\/energie-30.jpg\" \/>\n\t\t<meta property=\"og:image:secure_url\" content=\"https:\/\/www.immo-invest.ch\/wp-content\/uploads\/2022\/01\/energie-30.jpg\" \/>\n\t\t<meta property=\"og:image:width\" content=\"1032\" \/>\n\t\t<meta property=\"og:image:height\" content=\"540\" \/>\n\t\t<meta property=\"article:published_time\" content=\"2023-10-04T07:06:15+00:00\" \/>\n\t\t<meta property=\"article:modified_time\" content=\"2023-10-04T07:15:03+00:00\" \/>\n\t\t<meta property=\"article:publisher\" content=\"https:\/\/www.facebook.com\/people\/Immoinvest\/100077962920504\/\" \/>\n\t\t<meta name=\"twitter:card\" content=\"summary_large_image\" \/>\n\t\t<meta name=\"twitter:site\" content=\"@i\" \/>\n\t\t<meta name=\"twitter:title\" content=\"Le r\u00e9seau de chaleur d\u2019Ennetsee se met en place - immo!nvest - Die Plattform f\u00fcr Standorte und Immobilien\" \/>\n\t\t<meta name=\"twitter:description\" content=\"WWZ a mis en service la premi\u00e8re section du r\u00e9seau de chaleur d&#039;Ennetsee. Les premiers immeubles de Rotkreuz ZG sont d\u00e9sormais aliment\u00e9s en chaleur par l&#039;usine d&#039;incin\u00e9ration des ordures m\u00e9nag\u00e8res Renergia de Perlen LU.\" \/>\n\t\t<meta name=\"twitter:creator\" content=\"@i\" \/>\n\t\t<meta name=\"twitter:image\" content=\"https:\/\/www.immo-invest.ch\/wp-content\/uploads\/2022\/01\/energie-30.jpg\" \/>\n\t\t<script type=\"application\/ld+json\" class=\"aioseo-schema\">\n\t\t\t{\"@context\":\"https:\\\/\\\/schema.org\",\"@graph\":[{\"@type\":\"BlogPosting\",\"@id\":\"https:\\\/\\\/www.immo-invest.ch\\\/fr\\\/waermeverbund-ennetsee-nimmt-arbeit-auf\\\/#blogposting\",\"name\":\"Le r\\u00e9seau de chaleur d\\u2019Ennetsee se met en place - immo!nvest - Die Plattform f\\u00fcr Standorte und Immobilien\",\"headline\":\"Le r\\u00e9seau de chaleur d&rsquo;Ennetsee se met en place\",\"author\":{\"@id\":\"https:\\\/\\\/www.immo-invest.ch\\\/fr\\\/author\\\/immovestuser\\\/#author\"},\"publisher\":{\"@id\":\"https:\\\/\\\/www.immo-invest.ch\\\/fr\\\/#organization\"},\"image\":{\"@type\":\"ImageObject\",\"url\":\"https:\\\/\\\/www.immo-invest.ch\\\/wp-content\\\/uploads\\\/2022\\\/01\\\/energie-30.jpg\",\"width\":1032,\"height\":540},\"datePublished\":\"2023-10-04T09:06:15+02:00\",\"dateModified\":\"2023-10-04T09:15:03+02:00\",\"inLanguage\":\"fr-FR\",\"mainEntityOfPage\":{\"@id\":\"https:\\\/\\\/www.immo-invest.ch\\\/fr\\\/waermeverbund-ennetsee-nimmt-arbeit-auf\\\/#webpage\"},\"isPartOf\":{\"@id\":\"https:\\\/\\\/www.immo-invest.ch\\\/fr\\\/waermeverbund-ennetsee-nimmt-arbeit-auf\\\/#webpage\"},\"articleSection\":\"\\u00c9nergie, immoNews, CO2-Emissionen, ErneuerbareEnergien, Fernw\\u00e4rmeleiung, Holzh\\u00e4user, Kehrrichtverbrennung, Transportleitung, W\\u00e4rme, Facultatif\"},{\"@type\":\"BreadcrumbList\",\"@id\":\"https:\\\/\\\/www.immo-invest.ch\\\/fr\\\/waermeverbund-ennetsee-nimmt-arbeit-auf\\\/#breadcrumblist\",\"itemListElement\":[{\"@type\":\"ListItem\",\"@id\":\"https:\\\/\\\/www.immo-invest.ch\\\/fr\\\/#listItem\",\"position\":1,\"name\":\"Home\",\"item\":\"https:\\\/\\\/www.immo-invest.ch\\\/fr\\\/\",\"nextItem\":{\"@type\":\"ListItem\",\"@id\":\"https:\\\/\\\/www.immo-invest.ch\\\/fr\\\/categories\\\/immonews-fr\\\/#listItem\",\"name\":\"immoNews\"}},{\"@type\":\"ListItem\",\"@id\":\"https:\\\/\\\/www.immo-invest.ch\\\/fr\\\/categories\\\/immonews-fr\\\/#listItem\",\"position\":2,\"name\":\"immoNews\",\"item\":\"https:\\\/\\\/www.immo-invest.ch\\\/fr\\\/categories\\\/immonews-fr\\\/\",\"nextItem\":{\"@type\":\"ListItem\",\"@id\":\"https:\\\/\\\/www.immo-invest.ch\\\/fr\\\/waermeverbund-ennetsee-nimmt-arbeit-auf\\\/#listItem\",\"name\":\"Le r\\u00e9seau de chaleur d&rsquo;Ennetsee se met en place\"},\"previousItem\":{\"@type\":\"ListItem\",\"@id\":\"https:\\\/\\\/www.immo-invest.ch\\\/fr\\\/#listItem\",\"name\":\"Home\"}},{\"@type\":\"ListItem\",\"@id\":\"https:\\\/\\\/www.immo-invest.ch\\\/fr\\\/waermeverbund-ennetsee-nimmt-arbeit-auf\\\/#listItem\",\"position\":3,\"name\":\"Le r\\u00e9seau de chaleur d&rsquo;Ennetsee se met en place\",\"previousItem\":{\"@type\":\"ListItem\",\"@id\":\"https:\\\/\\\/www.immo-invest.ch\\\/fr\\\/categories\\\/immonews-fr\\\/#listItem\",\"name\":\"immoNews\"}}]},{\"@type\":\"Organization\",\"@id\":\"https:\\\/\\\/www.immo-invest.ch\\\/fr\\\/#organization\",\"name\":\"immo!nvest - Die Plattform f\\u00fcr Standorte und Immobilien\",\"description\":\"Die\\u00a0Plattform f\\u00fcr Standorte und Immobilien\",\"url\":\"https:\\\/\\\/www.immo-invest.ch\\\/fr\\\/\",\"email\":\"admin@immomedia.ag\",\"telephone\":\"+41444420002\",\"logo\":{\"@type\":\"ImageObject\",\"url\":\"https:\\\/\\\/www.immo-invest.ch\\\/wp-content\\\/uploads\\\/2024\\\/09\\\/immoinvest_sm-scaled.jpg\",\"@id\":\"https:\\\/\\\/www.immo-invest.ch\\\/fr\\\/waermeverbund-ennetsee-nimmt-arbeit-auf\\\/#organizationLogo\",\"width\":2560,\"height\":1340},\"image\":{\"@id\":\"https:\\\/\\\/www.immo-invest.ch\\\/fr\\\/waermeverbund-ennetsee-nimmt-arbeit-auf\\\/#organizationLogo\"},\"sameAs\":[\"https:\\\/\\\/www.facebook.com\\\/people\\\/Immoinvest\\\/100077962920504\\\/\",\"https:\\\/\\\/x.com\\\/i\\\/flow\\\/login?redirect_after_login=immoinvest_ch\",\"https:\\\/\\\/www.instagram.com\\\/immoinvest_ch\\\/\",\"https:\\\/\\\/www.linkedin.com\\\/company\\\/immoinvest-swiss\"]},{\"@type\":\"Person\",\"@id\":\"https:\\\/\\\/www.immo-invest.ch\\\/fr\\\/author\\\/immovestuser\\\/#author\",\"url\":\"https:\\\/\\\/www.immo-invest.ch\\\/fr\\\/author\\\/immovestuser\\\/\",\"name\":\"immovestuser\",\"image\":{\"@type\":\"ImageObject\",\"@id\":\"https:\\\/\\\/www.immo-invest.ch\\\/fr\\\/waermeverbund-ennetsee-nimmt-arbeit-auf\\\/#authorImage\",\"url\":\"https:\\\/\\\/secure.gravatar.com\\\/avatar\\\/8e01f4d99f2eeea7a362ebb93305e1172a70e9293ba250f897a65c39f54cdd1e?s=96&d=mm&r=g\",\"width\":96,\"height\":96,\"caption\":\"immovestuser\"}},{\"@type\":\"WebPage\",\"@id\":\"https:\\\/\\\/www.immo-invest.ch\\\/fr\\\/waermeverbund-ennetsee-nimmt-arbeit-auf\\\/#webpage\",\"url\":\"https:\\\/\\\/www.immo-invest.ch\\\/fr\\\/waermeverbund-ennetsee-nimmt-arbeit-auf\\\/\",\"name\":\"Le r\\u00e9seau de chaleur d\\u2019Ennetsee se met en place - immo!nvest - Die Plattform f\\u00fcr Standorte und Immobilien\",\"description\":\"WWZ a mis en service la premi\\u00e8re section du r\\u00e9seau de chaleur d'Ennetsee. Les premiers immeubles de Rotkreuz ZG sont d\\u00e9sormais aliment\\u00e9s en chaleur par l'usine d'incin\\u00e9ration des ordures m\\u00e9nag\\u00e8res Renergia de Perlen LU.\",\"inLanguage\":\"fr-FR\",\"isPartOf\":{\"@id\":\"https:\\\/\\\/www.immo-invest.ch\\\/fr\\\/#website\"},\"breadcrumb\":{\"@id\":\"https:\\\/\\\/www.immo-invest.ch\\\/fr\\\/waermeverbund-ennetsee-nimmt-arbeit-auf\\\/#breadcrumblist\"},\"author\":{\"@id\":\"https:\\\/\\\/www.immo-invest.ch\\\/fr\\\/author\\\/immovestuser\\\/#author\"},\"creator\":{\"@id\":\"https:\\\/\\\/www.immo-invest.ch\\\/fr\\\/author\\\/immovestuser\\\/#author\"},\"image\":{\"@type\":\"ImageObject\",\"url\":\"https:\\\/\\\/www.immo-invest.ch\\\/wp-content\\\/uploads\\\/2022\\\/01\\\/energie-30.jpg\",\"@id\":\"https:\\\/\\\/www.immo-invest.ch\\\/fr\\\/waermeverbund-ennetsee-nimmt-arbeit-auf\\\/#mainImage\",\"width\":1032,\"height\":540},\"primaryImageOfPage\":{\"@id\":\"https:\\\/\\\/www.immo-invest.ch\\\/fr\\\/waermeverbund-ennetsee-nimmt-arbeit-auf\\\/#mainImage\"},\"datePublished\":\"2023-10-04T09:06:15+02:00\",\"dateModified\":\"2023-10-04T09:15:03+02:00\"},{\"@type\":\"WebSite\",\"@id\":\"https:\\\/\\\/www.immo-invest.ch\\\/fr\\\/#website\",\"url\":\"https:\\\/\\\/www.immo-invest.ch\\\/fr\\\/\",\"name\":\"immo!nvest - Die Plattform f\\u00fcr Standorte und Immobilien\",\"description\":\"Die\\u00a0Plattform f\\u00fcr Standorte und Immobilien\",\"inLanguage\":\"fr-FR\",\"publisher\":{\"@id\":\"https:\\\/\\\/www.immo-invest.ch\\\/fr\\\/#organization\"}}]}\n\t\t<\/script>\n\t\t<!-- All in One SEO -->\n\n","aioseo_head_json":{"title":"Le r\u00e9seau de chaleur d\u2019Ennetsee se met en place - immo!nvest - Die Plattform f\u00fcr Standorte und Immobilien","description":"WWZ a mis en service la premi\u00e8re section du r\u00e9seau de chaleur d'Ennetsee. Les premiers immeubles de Rotkreuz ZG sont d\u00e9sormais aliment\u00e9s en chaleur par l'usine d'incin\u00e9ration des ordures m\u00e9nag\u00e8res Renergia de Perlen LU.","canonical_url":"https:\/\/www.immo-invest.ch\/fr\/waermeverbund-ennetsee-nimmt-arbeit-auf\/","robots":"max-image-preview:large","keywords":"","webmasterTools":{"google-site-verification":"fHJKvgWpZCR2zVBHWfkQeFXC11qieUSff0HGNYfuyLA","miscellaneous":""},"schema":{"@context":"https:\/\/schema.org","@graph":[{"@type":"BlogPosting","@id":"https:\/\/www.immo-invest.ch\/fr\/waermeverbund-ennetsee-nimmt-arbeit-auf\/#blogposting","name":"Le r\u00e9seau de chaleur d\u2019Ennetsee se met en place - immo!nvest - Die Plattform f\u00fcr Standorte und Immobilien","headline":"Le r\u00e9seau de chaleur d&rsquo;Ennetsee se met en place","author":{"@id":"https:\/\/www.immo-invest.ch\/fr\/author\/immovestuser\/#author"},"publisher":{"@id":"https:\/\/www.immo-invest.ch\/fr\/#organization"},"image":{"@type":"ImageObject","url":"https:\/\/www.immo-invest.ch\/wp-content\/uploads\/2022\/01\/energie-30.jpg","width":1032,"height":540},"datePublished":"2023-10-04T09:06:15+02:00","dateModified":"2023-10-04T09:15:03+02:00","inLanguage":"fr-FR","mainEntityOfPage":{"@id":"https:\/\/www.immo-invest.ch\/fr\/waermeverbund-ennetsee-nimmt-arbeit-auf\/#webpage"},"isPartOf":{"@id":"https:\/\/www.immo-invest.ch\/fr\/waermeverbund-ennetsee-nimmt-arbeit-auf\/#webpage"},"articleSection":"\u00c9nergie, immoNews, CO2-Emissionen, ErneuerbareEnergien, Fernw\u00e4rmeleiung, Holzh\u00e4user, Kehrrichtverbrennung, Transportleitung, W\u00e4rme, Facultatif"},{"@type":"BreadcrumbList","@id":"https:\/\/www.immo-invest.ch\/fr\/waermeverbund-ennetsee-nimmt-arbeit-auf\/#breadcrumblist","itemListElement":[{"@type":"ListItem","@id":"https:\/\/www.immo-invest.ch\/fr\/#listItem","position":1,"name":"Home","item":"https:\/\/www.immo-invest.ch\/fr\/","nextItem":{"@type":"ListItem","@id":"https:\/\/www.immo-invest.ch\/fr\/categories\/immonews-fr\/#listItem","name":"immoNews"}},{"@type":"ListItem","@id":"https:\/\/www.immo-invest.ch\/fr\/categories\/immonews-fr\/#listItem","position":2,"name":"immoNews","item":"https:\/\/www.immo-invest.ch\/fr\/categories\/immonews-fr\/","nextItem":{"@type":"ListItem","@id":"https:\/\/www.immo-invest.ch\/fr\/waermeverbund-ennetsee-nimmt-arbeit-auf\/#listItem","name":"Le r\u00e9seau de chaleur d&rsquo;Ennetsee se met en place"},"previousItem":{"@type":"ListItem","@id":"https:\/\/www.immo-invest.ch\/fr\/#listItem","name":"Home"}},{"@type":"ListItem","@id":"https:\/\/www.immo-invest.ch\/fr\/waermeverbund-ennetsee-nimmt-arbeit-auf\/#listItem","position":3,"name":"Le r\u00e9seau de chaleur d&rsquo;Ennetsee se met en place","previousItem":{"@type":"ListItem","@id":"https:\/\/www.immo-invest.ch\/fr\/categories\/immonews-fr\/#listItem","name":"immoNews"}}]},{"@type":"Organization","@id":"https:\/\/www.immo-invest.ch\/fr\/#organization","name":"immo!nvest - Die Plattform f\u00fcr Standorte und Immobilien","description":"Die\u00a0Plattform f\u00fcr Standorte und Immobilien","url":"https:\/\/www.immo-invest.ch\/fr\/","email":"admin@immomedia.ag","telephone":"+41444420002","logo":{"@type":"ImageObject","url":"https:\/\/www.immo-invest.ch\/wp-content\/uploads\/2024\/09\/immoinvest_sm-scaled.jpg","@id":"https:\/\/www.immo-invest.ch\/fr\/waermeverbund-ennetsee-nimmt-arbeit-auf\/#organizationLogo","width":2560,"height":1340},"image":{"@id":"https:\/\/www.immo-invest.ch\/fr\/waermeverbund-ennetsee-nimmt-arbeit-auf\/#organizationLogo"},"sameAs":["https:\/\/www.facebook.com\/people\/Immoinvest\/100077962920504\/","https:\/\/x.com\/i\/flow\/login?redirect_after_login=immoinvest_ch","https:\/\/www.instagram.com\/immoinvest_ch\/","https:\/\/www.linkedin.com\/company\/immoinvest-swiss"]},{"@type":"Person","@id":"https:\/\/www.immo-invest.ch\/fr\/author\/immovestuser\/#author","url":"https:\/\/www.immo-invest.ch\/fr\/author\/immovestuser\/","name":"immovestuser","image":{"@type":"ImageObject","@id":"https:\/\/www.immo-invest.ch\/fr\/waermeverbund-ennetsee-nimmt-arbeit-auf\/#authorImage","url":"https:\/\/secure.gravatar.com\/avatar\/8e01f4d99f2eeea7a362ebb93305e1172a70e9293ba250f897a65c39f54cdd1e?s=96&d=mm&r=g","width":96,"height":96,"caption":"immovestuser"}},{"@type":"WebPage","@id":"https:\/\/www.immo-invest.ch\/fr\/waermeverbund-ennetsee-nimmt-arbeit-auf\/#webpage","url":"https:\/\/www.immo-invest.ch\/fr\/waermeverbund-ennetsee-nimmt-arbeit-auf\/","name":"Le r\u00e9seau de chaleur d\u2019Ennetsee se met en place - immo!nvest - Die Plattform f\u00fcr Standorte und Immobilien","description":"WWZ a mis en service la premi\u00e8re section du r\u00e9seau de chaleur d'Ennetsee. Les premiers immeubles de Rotkreuz ZG sont d\u00e9sormais aliment\u00e9s en chaleur par l'usine d'incin\u00e9ration des ordures m\u00e9nag\u00e8res Renergia de Perlen LU.","inLanguage":"fr-FR","isPartOf":{"@id":"https:\/\/www.immo-invest.ch\/fr\/#website"},"breadcrumb":{"@id":"https:\/\/www.immo-invest.ch\/fr\/waermeverbund-ennetsee-nimmt-arbeit-auf\/#breadcrumblist"},"author":{"@id":"https:\/\/www.immo-invest.ch\/fr\/author\/immovestuser\/#author"},"creator":{"@id":"https:\/\/www.immo-invest.ch\/fr\/author\/immovestuser\/#author"},"image":{"@type":"ImageObject","url":"https:\/\/www.immo-invest.ch\/wp-content\/uploads\/2022\/01\/energie-30.jpg","@id":"https:\/\/www.immo-invest.ch\/fr\/waermeverbund-ennetsee-nimmt-arbeit-auf\/#mainImage","width":1032,"height":540},"primaryImageOfPage":{"@id":"https:\/\/www.immo-invest.ch\/fr\/waermeverbund-ennetsee-nimmt-arbeit-auf\/#mainImage"},"datePublished":"2023-10-04T09:06:15+02:00","dateModified":"2023-10-04T09:15:03+02:00"},{"@type":"WebSite","@id":"https:\/\/www.immo-invest.ch\/fr\/#website","url":"https:\/\/www.immo-invest.ch\/fr\/","name":"immo!nvest - Die Plattform f\u00fcr Standorte und Immobilien","description":"Die\u00a0Plattform f\u00fcr Standorte und Immobilien","inLanguage":"fr-FR","publisher":{"@id":"https:\/\/www.immo-invest.ch\/fr\/#organization"}}]},"og:locale":"fr_FR","og:site_name":"immo!nvest - Die Plattform f\u00fcr Standorte und Immobilien - Die\u00a0Plattform f\u00fcr Standorte und Immobilien","og:type":"article","og:title":"Le r\u00e9seau de chaleur d\u2019Ennetsee se met en place - immo!nvest - Die Plattform f\u00fcr Standorte und Immobilien","og:description":"WWZ a mis en service la premi\u00e8re section du r\u00e9seau de chaleur d'Ennetsee. Les premiers immeubles de Rotkreuz ZG sont d\u00e9sormais aliment\u00e9s en chaleur par l'usine d'incin\u00e9ration des ordures m\u00e9nag\u00e8res Renergia de Perlen LU.","og:url":"https:\/\/www.immo-invest.ch\/fr\/waermeverbund-ennetsee-nimmt-arbeit-auf\/","og:image":"https:\/\/www.immo-invest.ch\/wp-content\/uploads\/2022\/01\/energie-30.jpg","og:image:secure_url":"https:\/\/www.immo-invest.ch\/wp-content\/uploads\/2022\/01\/energie-30.jpg","og:image:width":1032,"og:image:height":540,"article:published_time":"2023-10-04T07:06:15+00:00","article:modified_time":"2023-10-04T07:15:03+00:00","article:publisher":"https:\/\/www.facebook.com\/people\/Immoinvest\/100077962920504\/","twitter:card":"summary_large_image","twitter:site":"@i","twitter:title":"Le r\u00e9seau de chaleur d\u2019Ennetsee se met en place - immo!nvest - Die Plattform f\u00fcr Standorte und Immobilien","twitter:description":"WWZ a mis en service la premi\u00e8re section du r\u00e9seau de chaleur d'Ennetsee. Les premiers immeubles de Rotkreuz ZG sont d\u00e9sormais aliment\u00e9s en chaleur par l'usine d'incin\u00e9ration des ordures m\u00e9nag\u00e8res Renergia de Perlen LU.","twitter:creator":"@i","twitter:image":"https:\/\/www.immo-invest.ch\/wp-content\/uploads\/2022\/01\/energie-30.jpg"},"aioseo_meta_data":{"post_id":"65002","title":null,"description":null,"keywords":null,"keyphrases":null,"primary_term":null,"canonical_url":null,"og_title":null,"og_description":null,"og_object_type":"default","og_image_type":"default","og_image_url":null,"og_image_width":null,"og_image_height":null,"og_image_custom_url":null,"og_image_custom_fields":null,"og_video":null,"og_custom_url":null,"og_article_section":null,"og_article_tags":null,"twitter_use_og":false,"twitter_card":"default","twitter_image_type":"default","twitter_image_url":null,"twitter_image_custom_url":null,"twitter_image_custom_fields":null,"twitter_title":null,"twitter_description":null,"schema":{"blockGraphs":[],"customGraphs":[],"default":{"data":{"Article":[],"Course":[],"Dataset":[],"FAQPage":[],"Movie":[],"Person":[],"Product":[],"ProductReview":[],"Car":[],"Recipe":[],"Service":[],"SoftwareApplication":[],"WebPage":[]},"graphName":"","isEnabled":true},"graphs":[]},"schema_type":"default","schema_type_options":null,"pillar_content":false,"robots_default":true,"robots_noindex":false,"robots_noarchive":false,"robots_nosnippet":false,"robots_nofollow":false,"robots_noimageindex":false,"robots_noodp":false,"robots_notranslate":false,"robots_max_snippet":null,"robots_max_videopreview":null,"robots_max_imagepreview":"large","priority":null,"frequency":null,"local_seo":null,"breadcrumb_settings":null,"limit_modified_date":false,"ai":null,"created":"2024-09-20 10:09:58","updated":"2025-10-23 16:02:13","seo_analyzer_scan_date":null,"focus_keyword":null,"additional_keywords":null,"truseo_locale":null},"aioseo_breadcrumb":"<div class=\"aioseo-breadcrumbs\"><span class=\"aioseo-breadcrumb\">\n\t\t\t<a href=\"https:\/\/www.immo-invest.ch\/fr\/\" title=\"Home\">Home<\/a>\n\t\t<\/span><span class=\"aioseo-breadcrumb-separator\">&raquo;<\/span><span class=\"aioseo-breadcrumb\">\n\t\t\t<a href=\"https:\/\/www.immo-invest.ch\/fr\/categories\/immonews-fr\/\" title=\"immoNews\">immoNews<\/a>\n\t\t<\/span><span class=\"aioseo-breadcrumb-separator\">&raquo;<\/span><span class=\"aioseo-breadcrumb\">\n\t\t\tLe r\u00e9seau de chaleur d\u2019Ennetsee se met en place\n\t\t<\/span><\/div>","aioseo_breadcrumb_json":[{"label":"Home","link":"https:\/\/www.immo-invest.ch\/fr\/"},{"label":"immoNews","link":"https:\/\/www.immo-invest.ch\/fr\/categories\/immonews-fr\/"},{"label":"Le r\u00e9seau de chaleur d&rsquo;Ennetsee se met en place","link":"https:\/\/www.immo-invest.ch\/fr\/waermeverbund-ennetsee-nimmt-arbeit-auf\/"}],"featured_image_src":"https:\/\/www.immo-invest.ch\/wp-content\/uploads\/2022\/01\/energie-30-150x150.jpg","_links":{"self":[{"href":"https:\/\/www.immo-invest.ch\/fr\/wp-json\/wp\/v2\/posts\/65002","targetHints":{"allow":["GET"]}}],"collection":[{"href":"https:\/\/www.immo-invest.ch\/fr\/wp-json\/wp\/v2\/posts"}],"about":[{"href":"https:\/\/www.immo-invest.ch\/fr\/wp-json\/wp\/v2\/types\/post"}],"author":[{"embeddable":true,"href":"https:\/\/www.immo-invest.ch\/fr\/wp-json\/wp\/v2\/users\/2"}],"replies":[{"embeddable":true,"href":"https:\/\/www.immo-invest.ch\/fr\/wp-json\/wp\/v2\/comments?post=65002"}],"version-history":[{"count":0,"href":"https:\/\/www.immo-invest.ch\/fr\/wp-json\/wp\/v2\/posts\/65002\/revisions"}],"wp:featuredmedia":[{"embeddable":true,"href":"https:\/\/www.immo-invest.ch\/fr\/wp-json\/wp\/v2\/media\/30614"}],"wp:attachment":[{"href":"https:\/\/www.immo-invest.ch\/fr\/wp-json\/wp\/v2\/media?parent=65002"}],"wp:term":[{"taxonomy":"category","embeddable":true,"href":"https:\/\/www.immo-invest.ch\/fr\/wp-json\/wp\/v2\/categories?post=65002"},{"taxonomy":"post_tag","embeddable":true,"href":"https:\/\/www.immo-invest.ch\/fr\/wp-json\/wp\/v2\/tags?post=65002"}],"curies":[{"name":"wp","href":"https:\/\/api.w.org\/{rel}","templated":true}]}}