{"id":64331,"date":"2023-09-21T17:29:00","date_gmt":"2023-09-21T15:29:00","guid":{"rendered":"https:\/\/www.immo-invest.ch\/?p=64331"},"modified":"2023-09-21T11:41:44","modified_gmt":"2023-09-21T09:41:44","slug":"halter-treibt-projekt-in-bischofszell-voran","status":"publish","type":"post","link":"https:\/\/www.immo-invest.ch\/fr\/halter-treibt-projekt-in-bischofszell-voran\/","title":{"rendered":"Halter fait avancer le projet de Bischofszell"},"content":{"rendered":"<p class=\"bodytext\">La <a href=\"https:\/\/www.halter.ch\/\" target=\"_blank\" rel=\"noopener\">soci&eacute;t&eacute; Halter AG<\/a> de Schlieren a fait avancer le projet du site Sch&uuml;tzeng&uuml;tli en deux &eacute;tapes, comme l&rsquo;indique un <a href=\"https:\/\/www.halter.ch\/de\/medien\/mitteilungen\/studienauftrag-zum-schuetzenguetli-areal-in-bischofszell-erfolgreich-abgeschlossen\" target=\"_blank\" rel=\"noopener\">communiqu&eacute; de presse<\/a>. Apr&egrave;s la planification urbanistique, un mandat d&rsquo;&eacute;tude a &eacute;t&eacute; attribu&eacute; pour la planification architecturale. Parmi les six &eacute;quipes participantes, c&rsquo;est la <a href=\"https:\/\/www.cavelti-arch.ch\/\" target=\"_blank\" rel=\"noopener\">soci&eacute;t&eacute; Daniel Cavelti <span class=\"glossaryLink\" aria-describedby=\"tt\" data-cmtooltip=\"&lt;div class=glossaryItemTitle&gt;Architektur&lt;\/div&gt;&lt;div class=glossaryItemBody&gt;Entwurf und Gestaltung von Bauwerken unter Ber&uuml;cksichtigung &auml;sthetischer, technischer, sozialer, wirtschaftlicher und &ouml;kologischer Belange. Im Unterschied zum &laquo;blossen&raquo; Bauen bem&uuml;ht sich Architektur um die Koordination vielf&auml;ltiger Werte, Anspr&uuml;che und Erfahrungen&lt;\/div&gt;\" data-mobile-support=\"0\" data-gt-translate-attributes='[{\"attribute\":\"data-cmtooltip\", \"format\":\"html\"}]' tabindex=\"0\" role=\"link\">Architektur<\/span> AG<\/a> de Saint-Gall qui s&rsquo;est impos&eacute;e. L&rsquo;&eacute;tude, appel&eacute;e Zauberwald, va maintenant &ecirc;tre d&eacute;velopp&eacute;e.<\/p>\n<p class=\"bodytext\">Le jury comprenait des repr&eacute;sentants de la commune et du propri&eacute;taire foncier Halter, ainsi que plusieurs experts. Ils &eacute;taient d&rsquo;accord pour dire que le projet gagnant s&rsquo;int&eacute;grait parfaitement dans le <span class=\"glossaryLink\" aria-describedby=\"tt\" data-cmtooltip=\"&lt;div class=glossaryItemTitle&gt;Quartier&lt;\/div&gt;&lt;div class=glossaryItemBody&gt;Amtliches, historisches, soziales oder stadtplanerisches Stadtviertel&lt;\/div&gt;\" data-mobile-support=\"0\" data-gt-translate-attributes='[{\"attribute\":\"data-cmtooltip\", \"format\":\"html\"}]' tabindex=\"0\" role=\"link\">quartier<\/span> environnant. Outre les 54 appartements en copropri&eacute;t&eacute; qui seront r&eacute;alis&eacute;s dans plusieurs b&acirc;timents, le projet pr&eacute;voit une cour int&eacute;rieure g&eacute;n&eacute;reuse qui, selon le nom de la for&ecirc;t enchant&eacute;e, sera richement plant&eacute;e. Si la construction d&eacute;bute en 2026, les appartements pourraient &ecirc;tre achev&eacute;s en 2028.<\/p>\n<p class=\"bodytext\">Jusqu&rsquo;&agrave; il y a quelques ann&eacute;es, le site &eacute;tait utilis&eacute; par l&rsquo;usine de malt et de pressage de fruits Laumann &amp; Co pour la production. Les plans de Daniel Cavelti <span class=\"glossaryLink\" aria-describedby=\"tt\" data-cmtooltip=\"&lt;div class=glossaryItemTitle&gt;Architektur&lt;\/div&gt;&lt;div class=glossaryItemBody&gt;Entwurf und Gestaltung von Bauwerken unter Ber&uuml;cksichtigung &auml;sthetischer, technischer, sozialer, wirtschaftlicher und &ouml;kologischer Belange. Im Unterschied zum &laquo;blossen&raquo; Bauen bem&uuml;ht sich Architektur um die Koordination vielf&auml;ltiger Werte, Anspr&uuml;che und Erfahrungen&lt;\/div&gt;\" data-mobile-support=\"0\" data-gt-translate-attributes='[{\"attribute\":\"data-cmtooltip\", \"format\":\"html\"}]' tabindex=\"0\" role=\"link\">Architektur<\/span> pr&eacute;voient de conserver une chemin&eacute;e afin qu&rsquo;elle rappelle l&rsquo;utilisation pr&eacute;c&eacute;dente du site du Sch&uuml;tzeng&uuml;tli. Halter AG a acquis le site en 2022. ce\/jh<\/p>\n","protected":false},"excerpt":{"rendered":"<p>Die Daniel Cavelti Architektur AG ist Gewinnerin eines Studienauftrages f\u00fcr das Sch\u00fctzeng\u00fctli-Areal in Bischofszell. Dort plant die Immobilienfirma Halter eine hochwertige Arealentwicklung mit hoher Lebens- und Wohnqualit\u00e4t.<\/p>\n","protected":false},"author":2,"featured_media":64326,"comment_status":"open","ping_status":"open","sticky":false,"template":"","format":"standard","meta":{"pmpro_default_level":"","inline_featured_image":false,"_monsterinsights_skip_tracking":false,"footnotes":""},"categories":[743,9442,22342,4957],"tags":[2209,36801,5245,848,872,3931,2002],"class_list":["post-64331","post","type-post","status-publish","format-standard","has-post-thumbnail","hentry","category-immonews-fr","category-region-saint-gall","category-thurgovie","category-region-zurich","tag-bauwesen-fr","tag-bischofszell-fr","tag-halter-ag-fr","tag-immobilien-fr","tag-immoinvest-fr","tag-immonews-fr","tag-news-fr","pmpro-has-access"],"acf":{"bild_mit_ki_erstellt_worden":[],"lead":"Schlieren ZH\/Bischofszell TG - Die Daniel Cavelti Architektur AG ist Gewinnerin eines Studienauftrages f\u00fcr das Sch\u00fctzeng\u00fctli-Areal in Bischofszell. Dort plant die Immobilienfirma Halter eine hochwertige Arealentwicklung mit hoher Lebens- und Wohnqualit\u00e4t.","autor":"","ort":"Schlieren ZH\/Bischofszell TG","bildunterschrift":"","bild_im_grid":false,"gallerie":"","newsim":""},"aioseo_notices":[],"aioseo_head":"\n\t\t<!-- All in One SEO 5.0.0.1 - aioseo.com -->\n\t<meta name=\"description\" content=\"Die Daniel Cavelti Architektur AG ist Gewinnerin eines Studienauftrages f\u00fcr das Sch\u00fctzeng\u00fctli-Areal in Bischofszell. Dort plant die Immobilienfirma Halter eine hochwertige Arealentwicklung mit hoher Lebens- und Wohnqualit\u00e4t.\" \/>\n\t<meta name=\"robots\" content=\"max-image-preview:large\" \/>\n\t<meta name=\"author\" content=\"immovestuser\"\/>\n\t<meta name=\"google-site-verification\" content=\"fHJKvgWpZCR2zVBHWfkQeFXC11qieUSff0HGNYfuyLA\" \/>\n\t<link rel=\"canonical\" href=\"https:\/\/www.immo-invest.ch\/fr\/halter-treibt-projekt-in-bischofszell-voran\/\" \/>\n\t<meta name=\"generator\" content=\"All in One SEO (AIOSEO) 5.0.0.1\" \/>\n\t\t<meta property=\"og:locale\" content=\"fr_FR\" \/>\n\t\t<meta property=\"og:site_name\" content=\"immo!nvest - Die Plattform f\u00fcr Standorte und Immobilien - Die\u00a0Plattform f\u00fcr Standorte und Immobilien\" \/>\n\t\t<meta property=\"og:type\" content=\"article\" \/>\n\t\t<meta property=\"og:title\" content=\"Halter fait avancer le projet de Bischofszell - immo!nvest - Die Plattform f\u00fcr Standorte und Immobilien\" \/>\n\t\t<meta property=\"og:description\" content=\"Die Daniel Cavelti Architektur AG ist Gewinnerin eines Studienauftrages f\u00fcr das Sch\u00fctzeng\u00fctli-Areal in Bischofszell. Dort plant die Immobilienfirma Halter eine hochwertige Arealentwicklung mit hoher Lebens- und Wohnqualit\u00e4t.\" \/>\n\t\t<meta property=\"og:url\" content=\"https:\/\/www.immo-invest.ch\/fr\/halter-treibt-projekt-in-bischofszell-voran\/\" \/>\n\t\t<meta property=\"og:image\" content=\"https:\/\/www.immo-invest.ch\/wp-content\/uploads\/2023\/09\/city-740820_1280.jpg\" \/>\n\t\t<meta property=\"og:image:secure_url\" content=\"https:\/\/www.immo-invest.ch\/wp-content\/uploads\/2023\/09\/city-740820_1280.jpg\" \/>\n\t\t<meta property=\"og:image:width\" content=\"1280\" \/>\n\t\t<meta property=\"og:image:height\" content=\"849\" \/>\n\t\t<meta property=\"article:published_time\" content=\"2023-09-21T15:29:00+00:00\" \/>\n\t\t<meta property=\"article:modified_time\" content=\"2023-09-21T09:41:44+00:00\" \/>\n\t\t<meta property=\"article:publisher\" content=\"https:\/\/www.facebook.com\/people\/Immoinvest\/100077962920504\/\" \/>\n\t\t<meta name=\"twitter:card\" content=\"summary_large_image\" \/>\n\t\t<meta name=\"twitter:site\" content=\"@i\" \/>\n\t\t<meta name=\"twitter:title\" content=\"Halter fait avancer le projet de Bischofszell - immo!nvest - Die Plattform f\u00fcr Standorte und Immobilien\" \/>\n\t\t<meta name=\"twitter:description\" content=\"Die Daniel Cavelti Architektur AG ist Gewinnerin eines Studienauftrages f\u00fcr das Sch\u00fctzeng\u00fctli-Areal in Bischofszell. Dort plant die Immobilienfirma Halter eine hochwertige Arealentwicklung mit hoher Lebens- und Wohnqualit\u00e4t.\" \/>\n\t\t<meta name=\"twitter:creator\" content=\"@i\" \/>\n\t\t<meta name=\"twitter:image\" content=\"https:\/\/www.immo-invest.ch\/wp-content\/uploads\/2023\/09\/city-740820_1280.jpg\" \/>\n\t\t<script type=\"application\/ld+json\" class=\"aioseo-schema\">\n\t\t\t{\"@context\":\"https:\\\/\\\/schema.org\",\"@graph\":[{\"@type\":\"BlogPosting\",\"@id\":\"https:\\\/\\\/www.immo-invest.ch\\\/fr\\\/halter-treibt-projekt-in-bischofszell-voran\\\/#blogposting\",\"name\":\"Halter fait avancer le projet de Bischofszell - immo!nvest - Die Plattform f\\u00fcr Standorte und Immobilien\",\"headline\":\"Halter fait avancer le projet de Bischofszell\",\"author\":{\"@id\":\"https:\\\/\\\/www.immo-invest.ch\\\/fr\\\/author\\\/immovestuser\\\/#author\"},\"publisher\":{\"@id\":\"https:\\\/\\\/www.immo-invest.ch\\\/fr\\\/#organization\"},\"image\":{\"@type\":\"ImageObject\",\"url\":\"https:\\\/\\\/www.immo-invest.ch\\\/wp-content\\\/uploads\\\/2023\\\/09\\\/city-740820_1280.jpg\",\"width\":1280,\"height\":849},\"datePublished\":\"2023-09-21T17:29:00+02:00\",\"dateModified\":\"2023-09-21T11:41:44+02:00\",\"inLanguage\":\"fr-FR\",\"mainEntityOfPage\":{\"@id\":\"https:\\\/\\\/www.immo-invest.ch\\\/fr\\\/halter-treibt-projekt-in-bischofszell-voran\\\/#webpage\"},\"isPartOf\":{\"@id\":\"https:\\\/\\\/www.immo-invest.ch\\\/fr\\\/halter-treibt-projekt-in-bischofszell-voran\\\/#webpage\"},\"articleSection\":\"immoNews, Saint-Gall, Thurgovie, Zurich, Bauwesen, Bischofszell, Halter AG, immobilien, Immoinvest, immoNews, News, Facultatif\"},{\"@type\":\"BreadcrumbList\",\"@id\":\"https:\\\/\\\/www.immo-invest.ch\\\/fr\\\/halter-treibt-projekt-in-bischofszell-voran\\\/#breadcrumblist\",\"itemListElement\":[{\"@type\":\"ListItem\",\"@id\":\"https:\\\/\\\/www.immo-invest.ch\\\/fr\\\/#listItem\",\"position\":1,\"name\":\"Home\",\"item\":\"https:\\\/\\\/www.immo-invest.ch\\\/fr\\\/\",\"nextItem\":{\"@type\":\"ListItem\",\"@id\":\"https:\\\/\\\/www.immo-invest.ch\\\/fr\\\/categories\\\/regions\\\/#listItem\",\"name\":\"R\\u00e9gions\"}},{\"@type\":\"ListItem\",\"@id\":\"https:\\\/\\\/www.immo-invest.ch\\\/fr\\\/categories\\\/regions\\\/#listItem\",\"position\":2,\"name\":\"R\\u00e9gions\",\"item\":\"https:\\\/\\\/www.immo-invest.ch\\\/fr\\\/categories\\\/regions\\\/\",\"nextItem\":{\"@type\":\"ListItem\",\"@id\":\"https:\\\/\\\/www.immo-invest.ch\\\/fr\\\/categories\\\/regions\\\/suisse\\\/#listItem\",\"name\":\"Suisse\"},\"previousItem\":{\"@type\":\"ListItem\",\"@id\":\"https:\\\/\\\/www.immo-invest.ch\\\/fr\\\/#listItem\",\"name\":\"Home\"}},{\"@type\":\"ListItem\",\"@id\":\"https:\\\/\\\/www.immo-invest.ch\\\/fr\\\/categories\\\/regions\\\/suisse\\\/#listItem\",\"position\":3,\"name\":\"Suisse\",\"item\":\"https:\\\/\\\/www.immo-invest.ch\\\/fr\\\/categories\\\/regions\\\/suisse\\\/\",\"nextItem\":{\"@type\":\"ListItem\",\"@id\":\"https:\\\/\\\/www.immo-invest.ch\\\/fr\\\/categories\\\/regions\\\/suisse\\\/suisse-orientale\\\/#listItem\",\"name\":\"Suisse orientale\"},\"previousItem\":{\"@type\":\"ListItem\",\"@id\":\"https:\\\/\\\/www.immo-invest.ch\\\/fr\\\/categories\\\/regions\\\/#listItem\",\"name\":\"R\\u00e9gions\"}},{\"@type\":\"ListItem\",\"@id\":\"https:\\\/\\\/www.immo-invest.ch\\\/fr\\\/categories\\\/regions\\\/suisse\\\/suisse-orientale\\\/#listItem\",\"position\":4,\"name\":\"Suisse orientale\",\"item\":\"https:\\\/\\\/www.immo-invest.ch\\\/fr\\\/categories\\\/regions\\\/suisse\\\/suisse-orientale\\\/\",\"nextItem\":{\"@type\":\"ListItem\",\"@id\":\"https:\\\/\\\/www.immo-invest.ch\\\/fr\\\/categories\\\/regions\\\/suisse\\\/suisse-orientale\\\/region-saint-gall\\\/#listItem\",\"name\":\"Saint-Gall\"},\"previousItem\":{\"@type\":\"ListItem\",\"@id\":\"https:\\\/\\\/www.immo-invest.ch\\\/fr\\\/categories\\\/regions\\\/suisse\\\/#listItem\",\"name\":\"Suisse\"}},{\"@type\":\"ListItem\",\"@id\":\"https:\\\/\\\/www.immo-invest.ch\\\/fr\\\/categories\\\/regions\\\/suisse\\\/suisse-orientale\\\/region-saint-gall\\\/#listItem\",\"position\":5,\"name\":\"Saint-Gall\",\"item\":\"https:\\\/\\\/www.immo-invest.ch\\\/fr\\\/categories\\\/regions\\\/suisse\\\/suisse-orientale\\\/region-saint-gall\\\/\",\"nextItem\":{\"@type\":\"ListItem\",\"@id\":\"https:\\\/\\\/www.immo-invest.ch\\\/fr\\\/halter-treibt-projekt-in-bischofszell-voran\\\/#listItem\",\"name\":\"Halter fait avancer le projet de Bischofszell\"},\"previousItem\":{\"@type\":\"ListItem\",\"@id\":\"https:\\\/\\\/www.immo-invest.ch\\\/fr\\\/categories\\\/regions\\\/suisse\\\/suisse-orientale\\\/#listItem\",\"name\":\"Suisse orientale\"}},{\"@type\":\"ListItem\",\"@id\":\"https:\\\/\\\/www.immo-invest.ch\\\/fr\\\/halter-treibt-projekt-in-bischofszell-voran\\\/#listItem\",\"position\":6,\"name\":\"Halter fait avancer le projet de Bischofszell\",\"previousItem\":{\"@type\":\"ListItem\",\"@id\":\"https:\\\/\\\/www.immo-invest.ch\\\/fr\\\/categories\\\/regions\\\/suisse\\\/suisse-orientale\\\/region-saint-gall\\\/#listItem\",\"name\":\"Saint-Gall\"}}]},{\"@type\":\"Organization\",\"@id\":\"https:\\\/\\\/www.immo-invest.ch\\\/fr\\\/#organization\",\"name\":\"immo!nvest - Die Plattform f\\u00fcr Standorte und Immobilien\",\"description\":\"Die\\u00a0Plattform f\\u00fcr Standorte und Immobilien\",\"url\":\"https:\\\/\\\/www.immo-invest.ch\\\/fr\\\/\",\"email\":\"admin@immomedia.ag\",\"telephone\":\"+41444420002\",\"logo\":{\"@type\":\"ImageObject\",\"url\":\"https:\\\/\\\/www.immo-invest.ch\\\/wp-content\\\/uploads\\\/2024\\\/09\\\/immoinvest_sm-scaled.jpg\",\"@id\":\"https:\\\/\\\/www.immo-invest.ch\\\/fr\\\/halter-treibt-projekt-in-bischofszell-voran\\\/#organizationLogo\",\"width\":2560,\"height\":1340},\"image\":{\"@id\":\"https:\\\/\\\/www.immo-invest.ch\\\/fr\\\/halter-treibt-projekt-in-bischofszell-voran\\\/#organizationLogo\"},\"sameAs\":[\"https:\\\/\\\/www.facebook.com\\\/people\\\/Immoinvest\\\/100077962920504\\\/\",\"https:\\\/\\\/x.com\\\/i\\\/flow\\\/login?redirect_after_login=immoinvest_ch\",\"https:\\\/\\\/www.instagram.com\\\/immoinvest_ch\\\/\",\"https:\\\/\\\/www.linkedin.com\\\/company\\\/immoinvest-swiss\"]},{\"@type\":\"Person\",\"@id\":\"https:\\\/\\\/www.immo-invest.ch\\\/fr\\\/author\\\/immovestuser\\\/#author\",\"url\":\"https:\\\/\\\/www.immo-invest.ch\\\/fr\\\/author\\\/immovestuser\\\/\",\"name\":\"immovestuser\",\"image\":{\"@type\":\"ImageObject\",\"@id\":\"https:\\\/\\\/www.immo-invest.ch\\\/fr\\\/halter-treibt-projekt-in-bischofszell-voran\\\/#authorImage\",\"url\":\"https:\\\/\\\/secure.gravatar.com\\\/avatar\\\/8e01f4d99f2eeea7a362ebb93305e1172a70e9293ba250f897a65c39f54cdd1e?s=96&d=mm&r=g\",\"width\":96,\"height\":96,\"caption\":\"immovestuser\"}},{\"@type\":\"WebPage\",\"@id\":\"https:\\\/\\\/www.immo-invest.ch\\\/fr\\\/halter-treibt-projekt-in-bischofszell-voran\\\/#webpage\",\"url\":\"https:\\\/\\\/www.immo-invest.ch\\\/fr\\\/halter-treibt-projekt-in-bischofszell-voran\\\/\",\"name\":\"Halter fait avancer le projet de Bischofszell - immo!nvest - Die Plattform f\\u00fcr Standorte und Immobilien\",\"description\":\"Die Daniel Cavelti Architektur AG ist Gewinnerin eines Studienauftrages f\\u00fcr das Sch\\u00fctzeng\\u00fctli-Areal in Bischofszell. Dort plant die Immobilienfirma Halter eine hochwertige Arealentwicklung mit hoher Lebens- und Wohnqualit\\u00e4t.\",\"inLanguage\":\"fr-FR\",\"isPartOf\":{\"@id\":\"https:\\\/\\\/www.immo-invest.ch\\\/fr\\\/#website\"},\"breadcrumb\":{\"@id\":\"https:\\\/\\\/www.immo-invest.ch\\\/fr\\\/halter-treibt-projekt-in-bischofszell-voran\\\/#breadcrumblist\"},\"author\":{\"@id\":\"https:\\\/\\\/www.immo-invest.ch\\\/fr\\\/author\\\/immovestuser\\\/#author\"},\"creator\":{\"@id\":\"https:\\\/\\\/www.immo-invest.ch\\\/fr\\\/author\\\/immovestuser\\\/#author\"},\"image\":{\"@type\":\"ImageObject\",\"url\":\"https:\\\/\\\/www.immo-invest.ch\\\/wp-content\\\/uploads\\\/2023\\\/09\\\/city-740820_1280.jpg\",\"@id\":\"https:\\\/\\\/www.immo-invest.ch\\\/fr\\\/halter-treibt-projekt-in-bischofszell-voran\\\/#mainImage\",\"width\":1280,\"height\":849},\"primaryImageOfPage\":{\"@id\":\"https:\\\/\\\/www.immo-invest.ch\\\/fr\\\/halter-treibt-projekt-in-bischofszell-voran\\\/#mainImage\"},\"datePublished\":\"2023-09-21T17:29:00+02:00\",\"dateModified\":\"2023-09-21T11:41:44+02:00\"},{\"@type\":\"WebSite\",\"@id\":\"https:\\\/\\\/www.immo-invest.ch\\\/fr\\\/#website\",\"url\":\"https:\\\/\\\/www.immo-invest.ch\\\/fr\\\/\",\"name\":\"immo!nvest - Die Plattform f\\u00fcr Standorte und Immobilien\",\"description\":\"Die\\u00a0Plattform f\\u00fcr Standorte und Immobilien\",\"inLanguage\":\"fr-FR\",\"publisher\":{\"@id\":\"https:\\\/\\\/www.immo-invest.ch\\\/fr\\\/#organization\"}}]}\n\t\t<\/script>\n\t\t<!-- All in One SEO -->\n\n","aioseo_head_json":{"title":"Halter fait avancer le projet de Bischofszell - immo!nvest - Die Plattform f\u00fcr Standorte und Immobilien","description":"Die Daniel Cavelti Architektur AG ist Gewinnerin eines Studienauftrages f\u00fcr das Sch\u00fctzeng\u00fctli-Areal in Bischofszell. Dort plant die Immobilienfirma Halter eine hochwertige Arealentwicklung mit hoher Lebens- und Wohnqualit\u00e4t.","canonical_url":"https:\/\/www.immo-invest.ch\/fr\/halter-treibt-projekt-in-bischofszell-voran\/","robots":"max-image-preview:large","keywords":"","webmasterTools":{"google-site-verification":"fHJKvgWpZCR2zVBHWfkQeFXC11qieUSff0HGNYfuyLA","miscellaneous":""},"schema":{"@context":"https:\/\/schema.org","@graph":[{"@type":"BlogPosting","@id":"https:\/\/www.immo-invest.ch\/fr\/halter-treibt-projekt-in-bischofszell-voran\/#blogposting","name":"Halter fait avancer le projet de Bischofszell - immo!nvest - Die Plattform f\u00fcr Standorte und Immobilien","headline":"Halter fait avancer le projet de Bischofszell","author":{"@id":"https:\/\/www.immo-invest.ch\/fr\/author\/immovestuser\/#author"},"publisher":{"@id":"https:\/\/www.immo-invest.ch\/fr\/#organization"},"image":{"@type":"ImageObject","url":"https:\/\/www.immo-invest.ch\/wp-content\/uploads\/2023\/09\/city-740820_1280.jpg","width":1280,"height":849},"datePublished":"2023-09-21T17:29:00+02:00","dateModified":"2023-09-21T11:41:44+02:00","inLanguage":"fr-FR","mainEntityOfPage":{"@id":"https:\/\/www.immo-invest.ch\/fr\/halter-treibt-projekt-in-bischofszell-voran\/#webpage"},"isPartOf":{"@id":"https:\/\/www.immo-invest.ch\/fr\/halter-treibt-projekt-in-bischofszell-voran\/#webpage"},"articleSection":"immoNews, Saint-Gall, Thurgovie, Zurich, Bauwesen, Bischofszell, Halter AG, immobilien, Immoinvest, immoNews, News, Facultatif"},{"@type":"BreadcrumbList","@id":"https:\/\/www.immo-invest.ch\/fr\/halter-treibt-projekt-in-bischofszell-voran\/#breadcrumblist","itemListElement":[{"@type":"ListItem","@id":"https:\/\/www.immo-invest.ch\/fr\/#listItem","position":1,"name":"Home","item":"https:\/\/www.immo-invest.ch\/fr\/","nextItem":{"@type":"ListItem","@id":"https:\/\/www.immo-invest.ch\/fr\/categories\/regions\/#listItem","name":"R\u00e9gions"}},{"@type":"ListItem","@id":"https:\/\/www.immo-invest.ch\/fr\/categories\/regions\/#listItem","position":2,"name":"R\u00e9gions","item":"https:\/\/www.immo-invest.ch\/fr\/categories\/regions\/","nextItem":{"@type":"ListItem","@id":"https:\/\/www.immo-invest.ch\/fr\/categories\/regions\/suisse\/#listItem","name":"Suisse"},"previousItem":{"@type":"ListItem","@id":"https:\/\/www.immo-invest.ch\/fr\/#listItem","name":"Home"}},{"@type":"ListItem","@id":"https:\/\/www.immo-invest.ch\/fr\/categories\/regions\/suisse\/#listItem","position":3,"name":"Suisse","item":"https:\/\/www.immo-invest.ch\/fr\/categories\/regions\/suisse\/","nextItem":{"@type":"ListItem","@id":"https:\/\/www.immo-invest.ch\/fr\/categories\/regions\/suisse\/suisse-orientale\/#listItem","name":"Suisse orientale"},"previousItem":{"@type":"ListItem","@id":"https:\/\/www.immo-invest.ch\/fr\/categories\/regions\/#listItem","name":"R\u00e9gions"}},{"@type":"ListItem","@id":"https:\/\/www.immo-invest.ch\/fr\/categories\/regions\/suisse\/suisse-orientale\/#listItem","position":4,"name":"Suisse orientale","item":"https:\/\/www.immo-invest.ch\/fr\/categories\/regions\/suisse\/suisse-orientale\/","nextItem":{"@type":"ListItem","@id":"https:\/\/www.immo-invest.ch\/fr\/categories\/regions\/suisse\/suisse-orientale\/region-saint-gall\/#listItem","name":"Saint-Gall"},"previousItem":{"@type":"ListItem","@id":"https:\/\/www.immo-invest.ch\/fr\/categories\/regions\/suisse\/#listItem","name":"Suisse"}},{"@type":"ListItem","@id":"https:\/\/www.immo-invest.ch\/fr\/categories\/regions\/suisse\/suisse-orientale\/region-saint-gall\/#listItem","position":5,"name":"Saint-Gall","item":"https:\/\/www.immo-invest.ch\/fr\/categories\/regions\/suisse\/suisse-orientale\/region-saint-gall\/","nextItem":{"@type":"ListItem","@id":"https:\/\/www.immo-invest.ch\/fr\/halter-treibt-projekt-in-bischofszell-voran\/#listItem","name":"Halter fait avancer le projet de Bischofszell"},"previousItem":{"@type":"ListItem","@id":"https:\/\/www.immo-invest.ch\/fr\/categories\/regions\/suisse\/suisse-orientale\/#listItem","name":"Suisse orientale"}},{"@type":"ListItem","@id":"https:\/\/www.immo-invest.ch\/fr\/halter-treibt-projekt-in-bischofszell-voran\/#listItem","position":6,"name":"Halter fait avancer le projet de Bischofszell","previousItem":{"@type":"ListItem","@id":"https:\/\/www.immo-invest.ch\/fr\/categories\/regions\/suisse\/suisse-orientale\/region-saint-gall\/#listItem","name":"Saint-Gall"}}]},{"@type":"Organization","@id":"https:\/\/www.immo-invest.ch\/fr\/#organization","name":"immo!nvest - Die Plattform f\u00fcr Standorte und Immobilien","description":"Die\u00a0Plattform f\u00fcr Standorte und Immobilien","url":"https:\/\/www.immo-invest.ch\/fr\/","email":"admin@immomedia.ag","telephone":"+41444420002","logo":{"@type":"ImageObject","url":"https:\/\/www.immo-invest.ch\/wp-content\/uploads\/2024\/09\/immoinvest_sm-scaled.jpg","@id":"https:\/\/www.immo-invest.ch\/fr\/halter-treibt-projekt-in-bischofszell-voran\/#organizationLogo","width":2560,"height":1340},"image":{"@id":"https:\/\/www.immo-invest.ch\/fr\/halter-treibt-projekt-in-bischofszell-voran\/#organizationLogo"},"sameAs":["https:\/\/www.facebook.com\/people\/Immoinvest\/100077962920504\/","https:\/\/x.com\/i\/flow\/login?redirect_after_login=immoinvest_ch","https:\/\/www.instagram.com\/immoinvest_ch\/","https:\/\/www.linkedin.com\/company\/immoinvest-swiss"]},{"@type":"Person","@id":"https:\/\/www.immo-invest.ch\/fr\/author\/immovestuser\/#author","url":"https:\/\/www.immo-invest.ch\/fr\/author\/immovestuser\/","name":"immovestuser","image":{"@type":"ImageObject","@id":"https:\/\/www.immo-invest.ch\/fr\/halter-treibt-projekt-in-bischofszell-voran\/#authorImage","url":"https:\/\/secure.gravatar.com\/avatar\/8e01f4d99f2eeea7a362ebb93305e1172a70e9293ba250f897a65c39f54cdd1e?s=96&d=mm&r=g","width":96,"height":96,"caption":"immovestuser"}},{"@type":"WebPage","@id":"https:\/\/www.immo-invest.ch\/fr\/halter-treibt-projekt-in-bischofszell-voran\/#webpage","url":"https:\/\/www.immo-invest.ch\/fr\/halter-treibt-projekt-in-bischofszell-voran\/","name":"Halter fait avancer le projet de Bischofszell - immo!nvest - Die Plattform f\u00fcr Standorte und Immobilien","description":"Die Daniel Cavelti Architektur AG ist Gewinnerin eines Studienauftrages f\u00fcr das Sch\u00fctzeng\u00fctli-Areal in Bischofszell. Dort plant die Immobilienfirma Halter eine hochwertige Arealentwicklung mit hoher Lebens- und Wohnqualit\u00e4t.","inLanguage":"fr-FR","isPartOf":{"@id":"https:\/\/www.immo-invest.ch\/fr\/#website"},"breadcrumb":{"@id":"https:\/\/www.immo-invest.ch\/fr\/halter-treibt-projekt-in-bischofszell-voran\/#breadcrumblist"},"author":{"@id":"https:\/\/www.immo-invest.ch\/fr\/author\/immovestuser\/#author"},"creator":{"@id":"https:\/\/www.immo-invest.ch\/fr\/author\/immovestuser\/#author"},"image":{"@type":"ImageObject","url":"https:\/\/www.immo-invest.ch\/wp-content\/uploads\/2023\/09\/city-740820_1280.jpg","@id":"https:\/\/www.immo-invest.ch\/fr\/halter-treibt-projekt-in-bischofszell-voran\/#mainImage","width":1280,"height":849},"primaryImageOfPage":{"@id":"https:\/\/www.immo-invest.ch\/fr\/halter-treibt-projekt-in-bischofszell-voran\/#mainImage"},"datePublished":"2023-09-21T17:29:00+02:00","dateModified":"2023-09-21T11:41:44+02:00"},{"@type":"WebSite","@id":"https:\/\/www.immo-invest.ch\/fr\/#website","url":"https:\/\/www.immo-invest.ch\/fr\/","name":"immo!nvest - Die Plattform f\u00fcr Standorte und Immobilien","description":"Die\u00a0Plattform f\u00fcr Standorte und Immobilien","inLanguage":"fr-FR","publisher":{"@id":"https:\/\/www.immo-invest.ch\/fr\/#organization"}}]},"og:locale":"fr_FR","og:site_name":"immo!nvest - Die Plattform f\u00fcr Standorte und Immobilien - Die\u00a0Plattform f\u00fcr Standorte und Immobilien","og:type":"article","og:title":"Halter fait avancer le projet de Bischofszell - immo!nvest - Die Plattform f\u00fcr Standorte und Immobilien","og:description":"Die Daniel Cavelti Architektur AG ist Gewinnerin eines Studienauftrages f\u00fcr das Sch\u00fctzeng\u00fctli-Areal in Bischofszell. Dort plant die Immobilienfirma Halter eine hochwertige Arealentwicklung mit hoher Lebens- und Wohnqualit\u00e4t.","og:url":"https:\/\/www.immo-invest.ch\/fr\/halter-treibt-projekt-in-bischofszell-voran\/","og:image":"https:\/\/www.immo-invest.ch\/wp-content\/uploads\/2023\/09\/city-740820_1280.jpg","og:image:secure_url":"https:\/\/www.immo-invest.ch\/wp-content\/uploads\/2023\/09\/city-740820_1280.jpg","og:image:width":1280,"og:image:height":849,"article:published_time":"2023-09-21T15:29:00+00:00","article:modified_time":"2023-09-21T09:41:44+00:00","article:publisher":"https:\/\/www.facebook.com\/people\/Immoinvest\/100077962920504\/","twitter:card":"summary_large_image","twitter:site":"@i","twitter:title":"Halter fait avancer le projet de Bischofszell - immo!nvest - Die Plattform f\u00fcr Standorte und Immobilien","twitter:description":"Die Daniel Cavelti Architektur AG ist Gewinnerin eines Studienauftrages f\u00fcr das Sch\u00fctzeng\u00fctli-Areal in Bischofszell. Dort plant die Immobilienfirma Halter eine hochwertige Arealentwicklung mit hoher Lebens- und Wohnqualit\u00e4t.","twitter:creator":"@i","twitter:image":"https:\/\/www.immo-invest.ch\/wp-content\/uploads\/2023\/09\/city-740820_1280.jpg"},"aioseo_meta_data":{"post_id":"64331","title":null,"description":null,"keywords":null,"keyphrases":null,"primary_term":null,"canonical_url":null,"og_title":null,"og_description":null,"og_object_type":"default","og_image_type":"default","og_image_url":null,"og_image_width":null,"og_image_height":null,"og_image_custom_url":null,"og_image_custom_fields":null,"og_video":null,"og_custom_url":null,"og_article_section":null,"og_article_tags":null,"twitter_use_og":false,"twitter_card":"default","twitter_image_type":"default","twitter_image_url":null,"twitter_image_custom_url":null,"twitter_image_custom_fields":null,"twitter_title":null,"twitter_description":null,"schema":{"blockGraphs":[],"customGraphs":[],"default":{"data":{"Article":[],"Course":[],"Dataset":[],"FAQPage":[],"Movie":[],"Person":[],"Product":[],"ProductReview":[],"Car":[],"Recipe":[],"Service":[],"SoftwareApplication":[],"WebPage":[]},"graphName":"","isEnabled":true},"graphs":[]},"schema_type":"default","schema_type_options":null,"pillar_content":false,"robots_default":true,"robots_noindex":false,"robots_noarchive":false,"robots_nosnippet":false,"robots_nofollow":false,"robots_noimageindex":false,"robots_noodp":false,"robots_notranslate":false,"robots_max_snippet":null,"robots_max_videopreview":null,"robots_max_imagepreview":"large","priority":null,"frequency":null,"local_seo":null,"breadcrumb_settings":null,"limit_modified_date":false,"ai":null,"created":"2024-09-20 09:41:58","updated":"2025-10-23 15:34:13","seo_analyzer_scan_date":null,"focus_keyword":null,"additional_keywords":null,"truseo_locale":null},"aioseo_breadcrumb":"<div class=\"aioseo-breadcrumbs\"><span class=\"aioseo-breadcrumb\">\n\t\t\t<a href=\"https:\/\/www.immo-invest.ch\/fr\/\" title=\"Home\">Home<\/a>\n\t\t<\/span><span class=\"aioseo-breadcrumb-separator\">&raquo;<\/span><span class=\"aioseo-breadcrumb\">\n\t\t\t<a href=\"https:\/\/www.immo-invest.ch\/fr\/categories\/regions\/\" title=\"R\u00e9gions\">R\u00e9gions<\/a>\n\t\t<\/span><span class=\"aioseo-breadcrumb-separator\">&raquo;<\/span><span class=\"aioseo-breadcrumb\">\n\t\t\t<a href=\"https:\/\/www.immo-invest.ch\/fr\/categories\/regions\/suisse\/\" title=\"Suisse\">Suisse<\/a>\n\t\t<\/span><span class=\"aioseo-breadcrumb-separator\">&raquo;<\/span><span class=\"aioseo-breadcrumb\">\n\t\t\t<a href=\"https:\/\/www.immo-invest.ch\/fr\/categories\/regions\/suisse\/suisse-orientale\/\" title=\"Suisse orientale\">Suisse orientale<\/a>\n\t\t<\/span><span class=\"aioseo-breadcrumb-separator\">&raquo;<\/span><span class=\"aioseo-breadcrumb\">\n\t\t\t<a href=\"https:\/\/www.immo-invest.ch\/fr\/categories\/regions\/suisse\/suisse-orientale\/region-saint-gall\/\" title=\"Saint-Gall\">Saint-Gall<\/a>\n\t\t<\/span><span class=\"aioseo-breadcrumb-separator\">&raquo;<\/span><span class=\"aioseo-breadcrumb\">\n\t\t\tHalter fait avancer le projet de Bischofszell\n\t\t<\/span><\/div>","aioseo_breadcrumb_json":[{"label":"Home","link":"https:\/\/www.immo-invest.ch\/fr\/"},{"label":"R\u00e9gions","link":"https:\/\/www.immo-invest.ch\/fr\/categories\/regions\/"},{"label":"Suisse","link":"https:\/\/www.immo-invest.ch\/fr\/categories\/regions\/suisse\/"},{"label":"Suisse orientale","link":"https:\/\/www.immo-invest.ch\/fr\/categories\/regions\/suisse\/suisse-orientale\/"},{"label":"Saint-Gall","link":"https:\/\/www.immo-invest.ch\/fr\/categories\/regions\/suisse\/suisse-orientale\/region-saint-gall\/"},{"label":"Halter fait avancer le projet de Bischofszell","link":"https:\/\/www.immo-invest.ch\/fr\/halter-treibt-projekt-in-bischofszell-voran\/"}],"featured_image_src":"https:\/\/www.immo-invest.ch\/wp-content\/uploads\/2023\/09\/city-740820_1280-336x168.jpg","_links":{"self":[{"href":"https:\/\/www.immo-invest.ch\/fr\/wp-json\/wp\/v2\/posts\/64331","targetHints":{"allow":["GET"]}}],"collection":[{"href":"https:\/\/www.immo-invest.ch\/fr\/wp-json\/wp\/v2\/posts"}],"about":[{"href":"https:\/\/www.immo-invest.ch\/fr\/wp-json\/wp\/v2\/types\/post"}],"author":[{"embeddable":true,"href":"https:\/\/www.immo-invest.ch\/fr\/wp-json\/wp\/v2\/users\/2"}],"replies":[{"embeddable":true,"href":"https:\/\/www.immo-invest.ch\/fr\/wp-json\/wp\/v2\/comments?post=64331"}],"version-history":[{"count":0,"href":"https:\/\/www.immo-invest.ch\/fr\/wp-json\/wp\/v2\/posts\/64331\/revisions"}],"wp:featuredmedia":[{"embeddable":true,"href":"https:\/\/www.immo-invest.ch\/fr\/wp-json\/wp\/v2\/media\/64326"}],"wp:attachment":[{"href":"https:\/\/www.immo-invest.ch\/fr\/wp-json\/wp\/v2\/media?parent=64331"}],"wp:term":[{"taxonomy":"category","embeddable":true,"href":"https:\/\/www.immo-invest.ch\/fr\/wp-json\/wp\/v2\/categories?post=64331"},{"taxonomy":"post_tag","embeddable":true,"href":"https:\/\/www.immo-invest.ch\/fr\/wp-json\/wp\/v2\/tags?post=64331"}],"curies":[{"name":"wp","href":"https:\/\/api.w.org\/{rel}","templated":true}]}}