{"id":63951,"date":"2023-09-15T10:11:40","date_gmt":"2023-09-15T08:11:40","guid":{"rendered":"https:\/\/www.immo-invest.ch\/siemens-nimmt-klimaneutralen-campus-in-betrieb\/"},"modified":"2023-09-15T10:18:06","modified_gmt":"2023-09-15T08:18:06","slug":"siemens-nimmt-klimaneutralen-campus-in-betrieb","status":"publish","type":"post","link":"https:\/\/www.immo-invest.ch\/fr\/siemens-nimmt-klimaneutralen-campus-in-betrieb\/","title":{"rendered":"Siemens met en service un campus climatiquement neutre"},"content":{"rendered":"<p class=\"bodytext\"><a href=\"https:\/\/www.siemens.com\/ch\/de.html\" target=\"_blank\" rel=\"noopener\">Siemens<\/a> a officiellement remis le nouveau b&acirc;timent de recherche et d&eacute;veloppement du si&egrave;ge mondial de sa division <a href=\"https:\/\/www.siemens.com\/de\/de\/unternehmen\/themenfelder\/smart-infrastructure.html\" target=\"_blank\" rel=\"noopener\">Siemens Smart Infrastructure<\/a> &agrave; Zoug. Le campus climatiquement neutre pour 1700 collaborateurs est ainsi achev&eacute; apr&egrave;s sept ans de travaux, peut on lire dans un <a href=\"https:\/\/press.siemens.com\/ch\/de\/pressemitteilung\/klimaneutraler-siemens-campus-zug-steht-fuer-investitionen-spitzentechnologie-und\" target=\"_blank\" rel=\"noopener\">communiqu&eacute; de presse<\/a>. Dans ce cadre, le groupe technologique allemand a investi environ 250 millions de francs dans des technologies de pointe et en Suisse.<\/p>\n<p class=\"bodytext\">Zoug est un site important pour le d&eacute;veloppement des technologies du b&acirc;timent. Chaque ann&eacute;e, environ 80 nouveaux brevets sont d&eacute;pos&eacute;s depuis ce site. Le groupe technologique consid&egrave;re donc le campus compos&eacute; de trois b&acirc;timents comme un mod&egrave;le pour sa nouvelle plateforme commerciale num&eacute;rique <a href=\"https:\/\/www.siemens.com\/ch\/de\/produkte\/xcelerator.html\" target=\"_blank\" rel=\"noopener\">Siemens Xcelerator<\/a> pour les technologies du b&acirc;timent durables. <a href=\"https:\/\/www.siemens.com\/de\/de\/produkte\/gebaeudetechnik\/building-x.html\" target=\"_blank\" rel=\"noopener\">Building X<\/a> en fait partie. Lors de la c&eacute;r&eacute;monie d&rsquo;inauguration, les participants ont &eacute;galement eu l&rsquo;occasion de d&eacute;couvrir Building X lors d&rsquo;une visite guid&eacute;e. La plateforme num&eacute;rique &eacute;volutive de Siemens pour les b&acirc;timents permet de num&eacute;riser, de g&eacute;rer et d&rsquo;optimiser l&rsquo;exploitation des b&acirc;timents.<\/p>\n<p class=\"bodytext\">&laquo;&nbsp;Siemens relie de mani&egrave;re unique le monde r&eacute;el et le monde num&eacute;rique&nbsp;&raquo;, a d&eacute;clar&eacute; Matthias Rebellius, CEO de Smart Infrastructure et membre du conseil d&rsquo;administration de Siemens AG, cit&eacute; dans le communiqu&eacute;. &laquo;&nbsp;Le nouveau campus Siemens de Zoug en est un excellent exemple. En utilisant les derni&egrave;res technologies de notre portefeuille pour am&eacute;liorer l&rsquo;exploitation des b&acirc;timents et atteindre une efficacit&eacute; maximale, le campus sera enti&egrave;rement neutre en termes de climat&nbsp;&raquo; L&rsquo;entreprise atteint ainsi d&egrave;s aujourd&rsquo;hui l&rsquo;objectif qu&rsquo;elle s&rsquo;&eacute;tait engag&eacute;e &agrave; atteindre il y a deux ans.<\/p>\n","protected":false},"excerpt":{"rendered":"<p>Siemens Smart Infrastructure hat an seinem globalen Hauptsitz in der Greater Zurich Area ein modernisiertes Geb\u00e4ude f\u00fcr Forschung und Entwicklung eingeweiht. Damit ist nach siebenj\u00e4hriger Bauzeit und einer Investition von 250 Millionen Franken der klimaneutrale Campus offiziell fertiggestellt.<\/p>\n","protected":false},"author":2,"featured_media":63946,"comment_status":"open","ping_status":"open","sticky":false,"template":"","format":"standard","meta":{"pmpro_default_level":"","inline_featured_image":false,"_monsterinsights_skip_tracking":false,"footnotes":""},"categories":[743,8736],"tags":[2209,848,872,3931,2656,2002,2982],"class_list":["post-63951","post","type-post","status-publish","format-standard","has-post-thumbnail","hentry","category-immonews-fr","category-region-zug","tag-bauwesen-fr","tag-immobilien-fr","tag-immoinvest-fr","tag-immonews-fr","tag-klimaneutral-fr","tag-news-fr","tag-siemens-fr","pmpro-has-access"],"acf":{"bild_mit_ki_erstellt_worden":[],"lead":"Zug - Siemens Smart Infrastructure hat an seinem globalen Hauptsitz in der Greater Zurich Area ein modernisiertes Geb\u00e4ude f\u00fcr Forschung und Entwicklung eingeweiht. Damit ist nach siebenj\u00e4hriger Bauzeit und einer Investition von 250 Millionen Franken der klimaneutrale Campus offiziell fertiggestellt.","autor":"ce\/mm","ort":"Zug","bildunterschrift":"","bild_im_grid":false,"gallerie":"","newsim":""},"aioseo_notices":[],"aioseo_head":"\n\t\t<!-- All in One SEO 5.0.0.1 - aioseo.com -->\n\t<meta name=\"description\" content=\"Siemens Smart Infrastructure hat an seinem globalen Hauptsitz in der Greater Zurich Area ein modernisiertes Geb\u00e4ude f\u00fcr Forschung und Entwicklung eingeweiht. Damit ist nach siebenj\u00e4hriger Bauzeit und einer Investition von 250 Millionen Franken der klimaneutrale Campus offiziell fertiggestellt.\" \/>\n\t<meta name=\"robots\" content=\"max-image-preview:large\" \/>\n\t<meta name=\"author\" content=\"immovestuser\"\/>\n\t<meta name=\"google-site-verification\" content=\"fHJKvgWpZCR2zVBHWfkQeFXC11qieUSff0HGNYfuyLA\" \/>\n\t<link rel=\"canonical\" href=\"https:\/\/www.immo-invest.ch\/fr\/siemens-nimmt-klimaneutralen-campus-in-betrieb\/\" \/>\n\t<meta name=\"generator\" content=\"All in One SEO (AIOSEO) 5.0.0.1\" \/>\n\t\t<meta property=\"og:locale\" content=\"fr_FR\" \/>\n\t\t<meta property=\"og:site_name\" content=\"immo!nvest - Die Plattform f\u00fcr Standorte und Immobilien - Die\u00a0Plattform f\u00fcr Standorte und Immobilien\" \/>\n\t\t<meta property=\"og:type\" content=\"article\" \/>\n\t\t<meta property=\"og:title\" content=\"Siemens met en service un campus climatiquement neutre - immo!nvest - Die Plattform f\u00fcr Standorte und Immobilien\" \/>\n\t\t<meta property=\"og:description\" content=\"Siemens Smart Infrastructure hat an seinem globalen Hauptsitz in der Greater Zurich Area ein modernisiertes Geb\u00e4ude f\u00fcr Forschung und Entwicklung eingeweiht. Damit ist nach siebenj\u00e4hriger Bauzeit und einer Investition von 250 Millionen Franken der klimaneutrale Campus offiziell fertiggestellt.\" \/>\n\t\t<meta property=\"og:url\" content=\"https:\/\/www.immo-invest.ch\/fr\/siemens-nimmt-klimaneutralen-campus-in-betrieb\/\" \/>\n\t\t<meta property=\"og:image\" content=\"https:\/\/www.immo-invest.ch\/wp-content\/uploads\/2023\/09\/city-8080609_1280.jpg\" \/>\n\t\t<meta property=\"og:image:secure_url\" content=\"https:\/\/www.immo-invest.ch\/wp-content\/uploads\/2023\/09\/city-8080609_1280.jpg\" \/>\n\t\t<meta property=\"og:image:width\" content=\"1280\" \/>\n\t\t<meta property=\"og:image:height\" content=\"853\" \/>\n\t\t<meta property=\"article:published_time\" content=\"2023-09-15T08:11:40+00:00\" \/>\n\t\t<meta property=\"article:modified_time\" content=\"2023-09-15T08:18:06+00:00\" \/>\n\t\t<meta property=\"article:publisher\" content=\"https:\/\/www.facebook.com\/people\/Immoinvest\/100077962920504\/\" \/>\n\t\t<meta name=\"twitter:card\" content=\"summary_large_image\" \/>\n\t\t<meta name=\"twitter:site\" content=\"@i\" \/>\n\t\t<meta name=\"twitter:title\" content=\"Siemens met en service un campus climatiquement neutre - immo!nvest - Die Plattform f\u00fcr Standorte und Immobilien\" \/>\n\t\t<meta name=\"twitter:description\" content=\"Siemens Smart Infrastructure hat an seinem globalen Hauptsitz in der Greater Zurich Area ein modernisiertes Geb\u00e4ude f\u00fcr Forschung und Entwicklung eingeweiht. Damit ist nach siebenj\u00e4hriger Bauzeit und einer Investition von 250 Millionen Franken der klimaneutrale Campus offiziell fertiggestellt.\" \/>\n\t\t<meta name=\"twitter:creator\" content=\"@i\" \/>\n\t\t<meta name=\"twitter:image\" content=\"https:\/\/www.immo-invest.ch\/wp-content\/uploads\/2023\/09\/city-8080609_1280.jpg\" \/>\n\t\t<script type=\"application\/ld+json\" class=\"aioseo-schema\">\n\t\t\t{\"@context\":\"https:\\\/\\\/schema.org\",\"@graph\":[{\"@type\":\"BlogPosting\",\"@id\":\"https:\\\/\\\/www.immo-invest.ch\\\/fr\\\/siemens-nimmt-klimaneutralen-campus-in-betrieb\\\/#blogposting\",\"name\":\"Siemens met en service un campus climatiquement neutre - immo!nvest - Die Plattform f\\u00fcr Standorte und Immobilien\",\"headline\":\"Siemens met en service un campus climatiquement neutre\",\"author\":{\"@id\":\"https:\\\/\\\/www.immo-invest.ch\\\/fr\\\/author\\\/immovestuser\\\/#author\"},\"publisher\":{\"@id\":\"https:\\\/\\\/www.immo-invest.ch\\\/fr\\\/#organization\"},\"image\":{\"@type\":\"ImageObject\",\"url\":\"https:\\\/\\\/www.immo-invest.ch\\\/wp-content\\\/uploads\\\/2023\\\/09\\\/city-8080609_1280.jpg\",\"width\":1280,\"height\":853},\"datePublished\":\"2023-09-15T10:11:40+02:00\",\"dateModified\":\"2023-09-15T10:18:06+02:00\",\"inLanguage\":\"fr-FR\",\"mainEntityOfPage\":{\"@id\":\"https:\\\/\\\/www.immo-invest.ch\\\/fr\\\/siemens-nimmt-klimaneutralen-campus-in-betrieb\\\/#webpage\"},\"isPartOf\":{\"@id\":\"https:\\\/\\\/www.immo-invest.ch\\\/fr\\\/siemens-nimmt-klimaneutralen-campus-in-betrieb\\\/#webpage\"},\"articleSection\":\"immoNews, Zug, Bauwesen, immobilien, Immoinvest, immoNews, klimaneutral, News, Siemens, Facultatif\"},{\"@type\":\"BreadcrumbList\",\"@id\":\"https:\\\/\\\/www.immo-invest.ch\\\/fr\\\/siemens-nimmt-klimaneutralen-campus-in-betrieb\\\/#breadcrumblist\",\"itemListElement\":[{\"@type\":\"ListItem\",\"@id\":\"https:\\\/\\\/www.immo-invest.ch\\\/fr\\\/#listItem\",\"position\":1,\"name\":\"Home\",\"item\":\"https:\\\/\\\/www.immo-invest.ch\\\/fr\\\/\",\"nextItem\":{\"@type\":\"ListItem\",\"@id\":\"https:\\\/\\\/www.immo-invest.ch\\\/fr\\\/categories\\\/regions\\\/#listItem\",\"name\":\"R\\u00e9gions\"}},{\"@type\":\"ListItem\",\"@id\":\"https:\\\/\\\/www.immo-invest.ch\\\/fr\\\/categories\\\/regions\\\/#listItem\",\"position\":2,\"name\":\"R\\u00e9gions\",\"item\":\"https:\\\/\\\/www.immo-invest.ch\\\/fr\\\/categories\\\/regions\\\/\",\"nextItem\":{\"@type\":\"ListItem\",\"@id\":\"https:\\\/\\\/www.immo-invest.ch\\\/fr\\\/categories\\\/regions\\\/suisse\\\/#listItem\",\"name\":\"Suisse\"},\"previousItem\":{\"@type\":\"ListItem\",\"@id\":\"https:\\\/\\\/www.immo-invest.ch\\\/fr\\\/#listItem\",\"name\":\"Home\"}},{\"@type\":\"ListItem\",\"@id\":\"https:\\\/\\\/www.immo-invest.ch\\\/fr\\\/categories\\\/regions\\\/suisse\\\/#listItem\",\"position\":3,\"name\":\"Suisse\",\"item\":\"https:\\\/\\\/www.immo-invest.ch\\\/fr\\\/categories\\\/regions\\\/suisse\\\/\",\"nextItem\":{\"@type\":\"ListItem\",\"@id\":\"https:\\\/\\\/www.immo-invest.ch\\\/fr\\\/categories\\\/regions\\\/suisse\\\/region-zentralschweiz\\\/#listItem\",\"name\":\"Zentralschweiz\"},\"previousItem\":{\"@type\":\"ListItem\",\"@id\":\"https:\\\/\\\/www.immo-invest.ch\\\/fr\\\/categories\\\/regions\\\/#listItem\",\"name\":\"R\\u00e9gions\"}},{\"@type\":\"ListItem\",\"@id\":\"https:\\\/\\\/www.immo-invest.ch\\\/fr\\\/categories\\\/regions\\\/suisse\\\/region-zentralschweiz\\\/#listItem\",\"position\":4,\"name\":\"Zentralschweiz\",\"item\":\"https:\\\/\\\/www.immo-invest.ch\\\/fr\\\/categories\\\/regions\\\/suisse\\\/region-zentralschweiz\\\/\",\"nextItem\":{\"@type\":\"ListItem\",\"@id\":\"https:\\\/\\\/www.immo-invest.ch\\\/fr\\\/categories\\\/regions\\\/suisse\\\/region-zentralschweiz\\\/region-zug\\\/#listItem\",\"name\":\"Zug\"},\"previousItem\":{\"@type\":\"ListItem\",\"@id\":\"https:\\\/\\\/www.immo-invest.ch\\\/fr\\\/categories\\\/regions\\\/suisse\\\/#listItem\",\"name\":\"Suisse\"}},{\"@type\":\"ListItem\",\"@id\":\"https:\\\/\\\/www.immo-invest.ch\\\/fr\\\/categories\\\/regions\\\/suisse\\\/region-zentralschweiz\\\/region-zug\\\/#listItem\",\"position\":5,\"name\":\"Zug\",\"item\":\"https:\\\/\\\/www.immo-invest.ch\\\/fr\\\/categories\\\/regions\\\/suisse\\\/region-zentralschweiz\\\/region-zug\\\/\",\"nextItem\":{\"@type\":\"ListItem\",\"@id\":\"https:\\\/\\\/www.immo-invest.ch\\\/fr\\\/siemens-nimmt-klimaneutralen-campus-in-betrieb\\\/#listItem\",\"name\":\"Siemens met en service un campus climatiquement neutre\"},\"previousItem\":{\"@type\":\"ListItem\",\"@id\":\"https:\\\/\\\/www.immo-invest.ch\\\/fr\\\/categories\\\/regions\\\/suisse\\\/region-zentralschweiz\\\/#listItem\",\"name\":\"Zentralschweiz\"}},{\"@type\":\"ListItem\",\"@id\":\"https:\\\/\\\/www.immo-invest.ch\\\/fr\\\/siemens-nimmt-klimaneutralen-campus-in-betrieb\\\/#listItem\",\"position\":6,\"name\":\"Siemens met en service un campus climatiquement neutre\",\"previousItem\":{\"@type\":\"ListItem\",\"@id\":\"https:\\\/\\\/www.immo-invest.ch\\\/fr\\\/categories\\\/regions\\\/suisse\\\/region-zentralschweiz\\\/region-zug\\\/#listItem\",\"name\":\"Zug\"}}]},{\"@type\":\"Organization\",\"@id\":\"https:\\\/\\\/www.immo-invest.ch\\\/fr\\\/#organization\",\"name\":\"immo!nvest - Die Plattform f\\u00fcr Standorte und Immobilien\",\"description\":\"Die\\u00a0Plattform f\\u00fcr Standorte und Immobilien\",\"url\":\"https:\\\/\\\/www.immo-invest.ch\\\/fr\\\/\",\"email\":\"admin@immomedia.ag\",\"telephone\":\"+41444420002\",\"logo\":{\"@type\":\"ImageObject\",\"url\":\"https:\\\/\\\/www.immo-invest.ch\\\/wp-content\\\/uploads\\\/2024\\\/09\\\/immoinvest_sm-scaled.jpg\",\"@id\":\"https:\\\/\\\/www.immo-invest.ch\\\/fr\\\/siemens-nimmt-klimaneutralen-campus-in-betrieb\\\/#organizationLogo\",\"width\":2560,\"height\":1340},\"image\":{\"@id\":\"https:\\\/\\\/www.immo-invest.ch\\\/fr\\\/siemens-nimmt-klimaneutralen-campus-in-betrieb\\\/#organizationLogo\"},\"sameAs\":[\"https:\\\/\\\/www.facebook.com\\\/people\\\/Immoinvest\\\/100077962920504\\\/\",\"https:\\\/\\\/x.com\\\/i\\\/flow\\\/login?redirect_after_login=immoinvest_ch\",\"https:\\\/\\\/www.instagram.com\\\/immoinvest_ch\\\/\",\"https:\\\/\\\/www.linkedin.com\\\/company\\\/immoinvest-swiss\"]},{\"@type\":\"Person\",\"@id\":\"https:\\\/\\\/www.immo-invest.ch\\\/fr\\\/author\\\/immovestuser\\\/#author\",\"url\":\"https:\\\/\\\/www.immo-invest.ch\\\/fr\\\/author\\\/immovestuser\\\/\",\"name\":\"immovestuser\",\"image\":{\"@type\":\"ImageObject\",\"@id\":\"https:\\\/\\\/www.immo-invest.ch\\\/fr\\\/siemens-nimmt-klimaneutralen-campus-in-betrieb\\\/#authorImage\",\"url\":\"https:\\\/\\\/secure.gravatar.com\\\/avatar\\\/8e01f4d99f2eeea7a362ebb93305e1172a70e9293ba250f897a65c39f54cdd1e?s=96&d=mm&r=g\",\"width\":96,\"height\":96,\"caption\":\"immovestuser\"}},{\"@type\":\"WebPage\",\"@id\":\"https:\\\/\\\/www.immo-invest.ch\\\/fr\\\/siemens-nimmt-klimaneutralen-campus-in-betrieb\\\/#webpage\",\"url\":\"https:\\\/\\\/www.immo-invest.ch\\\/fr\\\/siemens-nimmt-klimaneutralen-campus-in-betrieb\\\/\",\"name\":\"Siemens met en service un campus climatiquement neutre - immo!nvest - Die Plattform f\\u00fcr Standorte und Immobilien\",\"description\":\"Siemens Smart Infrastructure hat an seinem globalen Hauptsitz in der Greater Zurich Area ein modernisiertes Geb\\u00e4ude f\\u00fcr Forschung und Entwicklung eingeweiht. Damit ist nach siebenj\\u00e4hriger Bauzeit und einer Investition von 250 Millionen Franken der klimaneutrale Campus offiziell fertiggestellt.\",\"inLanguage\":\"fr-FR\",\"isPartOf\":{\"@id\":\"https:\\\/\\\/www.immo-invest.ch\\\/fr\\\/#website\"},\"breadcrumb\":{\"@id\":\"https:\\\/\\\/www.immo-invest.ch\\\/fr\\\/siemens-nimmt-klimaneutralen-campus-in-betrieb\\\/#breadcrumblist\"},\"author\":{\"@id\":\"https:\\\/\\\/www.immo-invest.ch\\\/fr\\\/author\\\/immovestuser\\\/#author\"},\"creator\":{\"@id\":\"https:\\\/\\\/www.immo-invest.ch\\\/fr\\\/author\\\/immovestuser\\\/#author\"},\"image\":{\"@type\":\"ImageObject\",\"url\":\"https:\\\/\\\/www.immo-invest.ch\\\/wp-content\\\/uploads\\\/2023\\\/09\\\/city-8080609_1280.jpg\",\"@id\":\"https:\\\/\\\/www.immo-invest.ch\\\/fr\\\/siemens-nimmt-klimaneutralen-campus-in-betrieb\\\/#mainImage\",\"width\":1280,\"height\":853},\"primaryImageOfPage\":{\"@id\":\"https:\\\/\\\/www.immo-invest.ch\\\/fr\\\/siemens-nimmt-klimaneutralen-campus-in-betrieb\\\/#mainImage\"},\"datePublished\":\"2023-09-15T10:11:40+02:00\",\"dateModified\":\"2023-09-15T10:18:06+02:00\"},{\"@type\":\"WebSite\",\"@id\":\"https:\\\/\\\/www.immo-invest.ch\\\/fr\\\/#website\",\"url\":\"https:\\\/\\\/www.immo-invest.ch\\\/fr\\\/\",\"name\":\"immo!nvest - Die Plattform f\\u00fcr Standorte und Immobilien\",\"description\":\"Die\\u00a0Plattform f\\u00fcr Standorte und Immobilien\",\"inLanguage\":\"fr-FR\",\"publisher\":{\"@id\":\"https:\\\/\\\/www.immo-invest.ch\\\/fr\\\/#organization\"}}]}\n\t\t<\/script>\n\t\t<!-- All in One SEO -->\n\n","aioseo_head_json":{"title":"Siemens met en service un campus climatiquement neutre - immo!nvest - Die Plattform f\u00fcr Standorte und Immobilien","description":"Siemens Smart Infrastructure hat an seinem globalen Hauptsitz in der Greater Zurich Area ein modernisiertes Geb\u00e4ude f\u00fcr Forschung und Entwicklung eingeweiht. Damit ist nach siebenj\u00e4hriger Bauzeit und einer Investition von 250 Millionen Franken der klimaneutrale Campus offiziell fertiggestellt.","canonical_url":"https:\/\/www.immo-invest.ch\/fr\/siemens-nimmt-klimaneutralen-campus-in-betrieb\/","robots":"max-image-preview:large","keywords":"","webmasterTools":{"google-site-verification":"fHJKvgWpZCR2zVBHWfkQeFXC11qieUSff0HGNYfuyLA","miscellaneous":""},"schema":{"@context":"https:\/\/schema.org","@graph":[{"@type":"BlogPosting","@id":"https:\/\/www.immo-invest.ch\/fr\/siemens-nimmt-klimaneutralen-campus-in-betrieb\/#blogposting","name":"Siemens met en service un campus climatiquement neutre - immo!nvest - Die Plattform f\u00fcr Standorte und Immobilien","headline":"Siemens met en service un campus climatiquement neutre","author":{"@id":"https:\/\/www.immo-invest.ch\/fr\/author\/immovestuser\/#author"},"publisher":{"@id":"https:\/\/www.immo-invest.ch\/fr\/#organization"},"image":{"@type":"ImageObject","url":"https:\/\/www.immo-invest.ch\/wp-content\/uploads\/2023\/09\/city-8080609_1280.jpg","width":1280,"height":853},"datePublished":"2023-09-15T10:11:40+02:00","dateModified":"2023-09-15T10:18:06+02:00","inLanguage":"fr-FR","mainEntityOfPage":{"@id":"https:\/\/www.immo-invest.ch\/fr\/siemens-nimmt-klimaneutralen-campus-in-betrieb\/#webpage"},"isPartOf":{"@id":"https:\/\/www.immo-invest.ch\/fr\/siemens-nimmt-klimaneutralen-campus-in-betrieb\/#webpage"},"articleSection":"immoNews, Zug, Bauwesen, immobilien, Immoinvest, immoNews, klimaneutral, News, Siemens, Facultatif"},{"@type":"BreadcrumbList","@id":"https:\/\/www.immo-invest.ch\/fr\/siemens-nimmt-klimaneutralen-campus-in-betrieb\/#breadcrumblist","itemListElement":[{"@type":"ListItem","@id":"https:\/\/www.immo-invest.ch\/fr\/#listItem","position":1,"name":"Home","item":"https:\/\/www.immo-invest.ch\/fr\/","nextItem":{"@type":"ListItem","@id":"https:\/\/www.immo-invest.ch\/fr\/categories\/regions\/#listItem","name":"R\u00e9gions"}},{"@type":"ListItem","@id":"https:\/\/www.immo-invest.ch\/fr\/categories\/regions\/#listItem","position":2,"name":"R\u00e9gions","item":"https:\/\/www.immo-invest.ch\/fr\/categories\/regions\/","nextItem":{"@type":"ListItem","@id":"https:\/\/www.immo-invest.ch\/fr\/categories\/regions\/suisse\/#listItem","name":"Suisse"},"previousItem":{"@type":"ListItem","@id":"https:\/\/www.immo-invest.ch\/fr\/#listItem","name":"Home"}},{"@type":"ListItem","@id":"https:\/\/www.immo-invest.ch\/fr\/categories\/regions\/suisse\/#listItem","position":3,"name":"Suisse","item":"https:\/\/www.immo-invest.ch\/fr\/categories\/regions\/suisse\/","nextItem":{"@type":"ListItem","@id":"https:\/\/www.immo-invest.ch\/fr\/categories\/regions\/suisse\/region-zentralschweiz\/#listItem","name":"Zentralschweiz"},"previousItem":{"@type":"ListItem","@id":"https:\/\/www.immo-invest.ch\/fr\/categories\/regions\/#listItem","name":"R\u00e9gions"}},{"@type":"ListItem","@id":"https:\/\/www.immo-invest.ch\/fr\/categories\/regions\/suisse\/region-zentralschweiz\/#listItem","position":4,"name":"Zentralschweiz","item":"https:\/\/www.immo-invest.ch\/fr\/categories\/regions\/suisse\/region-zentralschweiz\/","nextItem":{"@type":"ListItem","@id":"https:\/\/www.immo-invest.ch\/fr\/categories\/regions\/suisse\/region-zentralschweiz\/region-zug\/#listItem","name":"Zug"},"previousItem":{"@type":"ListItem","@id":"https:\/\/www.immo-invest.ch\/fr\/categories\/regions\/suisse\/#listItem","name":"Suisse"}},{"@type":"ListItem","@id":"https:\/\/www.immo-invest.ch\/fr\/categories\/regions\/suisse\/region-zentralschweiz\/region-zug\/#listItem","position":5,"name":"Zug","item":"https:\/\/www.immo-invest.ch\/fr\/categories\/regions\/suisse\/region-zentralschweiz\/region-zug\/","nextItem":{"@type":"ListItem","@id":"https:\/\/www.immo-invest.ch\/fr\/siemens-nimmt-klimaneutralen-campus-in-betrieb\/#listItem","name":"Siemens met en service un campus climatiquement neutre"},"previousItem":{"@type":"ListItem","@id":"https:\/\/www.immo-invest.ch\/fr\/categories\/regions\/suisse\/region-zentralschweiz\/#listItem","name":"Zentralschweiz"}},{"@type":"ListItem","@id":"https:\/\/www.immo-invest.ch\/fr\/siemens-nimmt-klimaneutralen-campus-in-betrieb\/#listItem","position":6,"name":"Siemens met en service un campus climatiquement neutre","previousItem":{"@type":"ListItem","@id":"https:\/\/www.immo-invest.ch\/fr\/categories\/regions\/suisse\/region-zentralschweiz\/region-zug\/#listItem","name":"Zug"}}]},{"@type":"Organization","@id":"https:\/\/www.immo-invest.ch\/fr\/#organization","name":"immo!nvest - Die Plattform f\u00fcr Standorte und Immobilien","description":"Die\u00a0Plattform f\u00fcr Standorte und Immobilien","url":"https:\/\/www.immo-invest.ch\/fr\/","email":"admin@immomedia.ag","telephone":"+41444420002","logo":{"@type":"ImageObject","url":"https:\/\/www.immo-invest.ch\/wp-content\/uploads\/2024\/09\/immoinvest_sm-scaled.jpg","@id":"https:\/\/www.immo-invest.ch\/fr\/siemens-nimmt-klimaneutralen-campus-in-betrieb\/#organizationLogo","width":2560,"height":1340},"image":{"@id":"https:\/\/www.immo-invest.ch\/fr\/siemens-nimmt-klimaneutralen-campus-in-betrieb\/#organizationLogo"},"sameAs":["https:\/\/www.facebook.com\/people\/Immoinvest\/100077962920504\/","https:\/\/x.com\/i\/flow\/login?redirect_after_login=immoinvest_ch","https:\/\/www.instagram.com\/immoinvest_ch\/","https:\/\/www.linkedin.com\/company\/immoinvest-swiss"]},{"@type":"Person","@id":"https:\/\/www.immo-invest.ch\/fr\/author\/immovestuser\/#author","url":"https:\/\/www.immo-invest.ch\/fr\/author\/immovestuser\/","name":"immovestuser","image":{"@type":"ImageObject","@id":"https:\/\/www.immo-invest.ch\/fr\/siemens-nimmt-klimaneutralen-campus-in-betrieb\/#authorImage","url":"https:\/\/secure.gravatar.com\/avatar\/8e01f4d99f2eeea7a362ebb93305e1172a70e9293ba250f897a65c39f54cdd1e?s=96&d=mm&r=g","width":96,"height":96,"caption":"immovestuser"}},{"@type":"WebPage","@id":"https:\/\/www.immo-invest.ch\/fr\/siemens-nimmt-klimaneutralen-campus-in-betrieb\/#webpage","url":"https:\/\/www.immo-invest.ch\/fr\/siemens-nimmt-klimaneutralen-campus-in-betrieb\/","name":"Siemens met en service un campus climatiquement neutre - immo!nvest - Die Plattform f\u00fcr Standorte und Immobilien","description":"Siemens Smart Infrastructure hat an seinem globalen Hauptsitz in der Greater Zurich Area ein modernisiertes Geb\u00e4ude f\u00fcr Forschung und Entwicklung eingeweiht. Damit ist nach siebenj\u00e4hriger Bauzeit und einer Investition von 250 Millionen Franken der klimaneutrale Campus offiziell fertiggestellt.","inLanguage":"fr-FR","isPartOf":{"@id":"https:\/\/www.immo-invest.ch\/fr\/#website"},"breadcrumb":{"@id":"https:\/\/www.immo-invest.ch\/fr\/siemens-nimmt-klimaneutralen-campus-in-betrieb\/#breadcrumblist"},"author":{"@id":"https:\/\/www.immo-invest.ch\/fr\/author\/immovestuser\/#author"},"creator":{"@id":"https:\/\/www.immo-invest.ch\/fr\/author\/immovestuser\/#author"},"image":{"@type":"ImageObject","url":"https:\/\/www.immo-invest.ch\/wp-content\/uploads\/2023\/09\/city-8080609_1280.jpg","@id":"https:\/\/www.immo-invest.ch\/fr\/siemens-nimmt-klimaneutralen-campus-in-betrieb\/#mainImage","width":1280,"height":853},"primaryImageOfPage":{"@id":"https:\/\/www.immo-invest.ch\/fr\/siemens-nimmt-klimaneutralen-campus-in-betrieb\/#mainImage"},"datePublished":"2023-09-15T10:11:40+02:00","dateModified":"2023-09-15T10:18:06+02:00"},{"@type":"WebSite","@id":"https:\/\/www.immo-invest.ch\/fr\/#website","url":"https:\/\/www.immo-invest.ch\/fr\/","name":"immo!nvest - Die Plattform f\u00fcr Standorte und Immobilien","description":"Die\u00a0Plattform f\u00fcr Standorte und Immobilien","inLanguage":"fr-FR","publisher":{"@id":"https:\/\/www.immo-invest.ch\/fr\/#organization"}}]},"og:locale":"fr_FR","og:site_name":"immo!nvest - Die Plattform f\u00fcr Standorte und Immobilien - Die\u00a0Plattform f\u00fcr Standorte und Immobilien","og:type":"article","og:title":"Siemens met en service un campus climatiquement neutre - immo!nvest - Die Plattform f\u00fcr Standorte und Immobilien","og:description":"Siemens Smart Infrastructure hat an seinem globalen Hauptsitz in der Greater Zurich Area ein modernisiertes Geb\u00e4ude f\u00fcr Forschung und Entwicklung eingeweiht. Damit ist nach siebenj\u00e4hriger Bauzeit und einer Investition von 250 Millionen Franken der klimaneutrale Campus offiziell fertiggestellt.","og:url":"https:\/\/www.immo-invest.ch\/fr\/siemens-nimmt-klimaneutralen-campus-in-betrieb\/","og:image":"https:\/\/www.immo-invest.ch\/wp-content\/uploads\/2023\/09\/city-8080609_1280.jpg","og:image:secure_url":"https:\/\/www.immo-invest.ch\/wp-content\/uploads\/2023\/09\/city-8080609_1280.jpg","og:image:width":1280,"og:image:height":853,"article:published_time":"2023-09-15T08:11:40+00:00","article:modified_time":"2023-09-15T08:18:06+00:00","article:publisher":"https:\/\/www.facebook.com\/people\/Immoinvest\/100077962920504\/","twitter:card":"summary_large_image","twitter:site":"@i","twitter:title":"Siemens met en service un campus climatiquement neutre - immo!nvest - Die Plattform f\u00fcr Standorte und Immobilien","twitter:description":"Siemens Smart Infrastructure hat an seinem globalen Hauptsitz in der Greater Zurich Area ein modernisiertes Geb\u00e4ude f\u00fcr Forschung und Entwicklung eingeweiht. Damit ist nach siebenj\u00e4hriger Bauzeit und einer Investition von 250 Millionen Franken der klimaneutrale Campus offiziell fertiggestellt.","twitter:creator":"@i","twitter:image":"https:\/\/www.immo-invest.ch\/wp-content\/uploads\/2023\/09\/city-8080609_1280.jpg"},"aioseo_meta_data":{"post_id":"63951","title":null,"description":null,"keywords":null,"keyphrases":null,"primary_term":null,"canonical_url":null,"og_title":null,"og_description":null,"og_object_type":"default","og_image_type":"default","og_image_url":null,"og_image_width":null,"og_image_height":null,"og_image_custom_url":null,"og_image_custom_fields":null,"og_video":null,"og_custom_url":null,"og_article_section":null,"og_article_tags":null,"twitter_use_og":false,"twitter_card":"default","twitter_image_type":"default","twitter_image_url":null,"twitter_image_custom_url":null,"twitter_image_custom_fields":null,"twitter_title":null,"twitter_description":null,"schema":{"blockGraphs":[],"customGraphs":[],"default":{"data":{"Article":[],"Course":[],"Dataset":[],"FAQPage":[],"Movie":[],"Person":[],"Product":[],"ProductReview":[],"Car":[],"Recipe":[],"Service":[],"SoftwareApplication":[],"WebPage":[]},"graphName":"","isEnabled":true},"graphs":[]},"schema_type":"default","schema_type_options":null,"pillar_content":false,"robots_default":true,"robots_noindex":false,"robots_noarchive":false,"robots_nosnippet":false,"robots_nofollow":false,"robots_noimageindex":false,"robots_noodp":false,"robots_notranslate":false,"robots_max_snippet":null,"robots_max_videopreview":null,"robots_max_imagepreview":"large","priority":null,"frequency":null,"local_seo":null,"breadcrumb_settings":null,"limit_modified_date":false,"ai":null,"created":"2024-09-20 09:25:52","updated":"2025-10-23 15:17:12","seo_analyzer_scan_date":null,"focus_keyword":null,"additional_keywords":null,"truseo_locale":null},"aioseo_breadcrumb":"<div class=\"aioseo-breadcrumbs\"><span class=\"aioseo-breadcrumb\">\n\t\t\t<a href=\"https:\/\/www.immo-invest.ch\/fr\/\" title=\"Home\">Home<\/a>\n\t\t<\/span><span class=\"aioseo-breadcrumb-separator\">&raquo;<\/span><span class=\"aioseo-breadcrumb\">\n\t\t\t<a href=\"https:\/\/www.immo-invest.ch\/fr\/categories\/regions\/\" title=\"R\u00e9gions\">R\u00e9gions<\/a>\n\t\t<\/span><span class=\"aioseo-breadcrumb-separator\">&raquo;<\/span><span class=\"aioseo-breadcrumb\">\n\t\t\t<a href=\"https:\/\/www.immo-invest.ch\/fr\/categories\/regions\/suisse\/\" title=\"Suisse\">Suisse<\/a>\n\t\t<\/span><span class=\"aioseo-breadcrumb-separator\">&raquo;<\/span><span class=\"aioseo-breadcrumb\">\n\t\t\t<a href=\"https:\/\/www.immo-invest.ch\/fr\/categories\/regions\/suisse\/region-zentralschweiz\/\" title=\"Zentralschweiz\">Zentralschweiz<\/a>\n\t\t<\/span><span class=\"aioseo-breadcrumb-separator\">&raquo;<\/span><span class=\"aioseo-breadcrumb\">\n\t\t\t<a href=\"https:\/\/www.immo-invest.ch\/fr\/categories\/regions\/suisse\/region-zentralschweiz\/region-zug\/\" title=\"Zug\">Zug<\/a>\n\t\t<\/span><span class=\"aioseo-breadcrumb-separator\">&raquo;<\/span><span class=\"aioseo-breadcrumb\">\n\t\t\tSiemens met en service un campus climatiquement neutre\n\t\t<\/span><\/div>","aioseo_breadcrumb_json":[{"label":"Home","link":"https:\/\/www.immo-invest.ch\/fr\/"},{"label":"R\u00e9gions","link":"https:\/\/www.immo-invest.ch\/fr\/categories\/regions\/"},{"label":"Suisse","link":"https:\/\/www.immo-invest.ch\/fr\/categories\/regions\/suisse\/"},{"label":"Zentralschweiz","link":"https:\/\/www.immo-invest.ch\/fr\/categories\/regions\/suisse\/region-zentralschweiz\/"},{"label":"Zug","link":"https:\/\/www.immo-invest.ch\/fr\/categories\/regions\/suisse\/region-zentralschweiz\/region-zug\/"},{"label":"Siemens met en service un campus climatiquement neutre","link":"https:\/\/www.immo-invest.ch\/fr\/siemens-nimmt-klimaneutralen-campus-in-betrieb\/"}],"featured_image_src":"https:\/\/www.immo-invest.ch\/wp-content\/uploads\/2023\/09\/city-8080609_1280-336x168.jpg","_links":{"self":[{"href":"https:\/\/www.immo-invest.ch\/fr\/wp-json\/wp\/v2\/posts\/63951","targetHints":{"allow":["GET"]}}],"collection":[{"href":"https:\/\/www.immo-invest.ch\/fr\/wp-json\/wp\/v2\/posts"}],"about":[{"href":"https:\/\/www.immo-invest.ch\/fr\/wp-json\/wp\/v2\/types\/post"}],"author":[{"embeddable":true,"href":"https:\/\/www.immo-invest.ch\/fr\/wp-json\/wp\/v2\/users\/2"}],"replies":[{"embeddable":true,"href":"https:\/\/www.immo-invest.ch\/fr\/wp-json\/wp\/v2\/comments?post=63951"}],"version-history":[{"count":0,"href":"https:\/\/www.immo-invest.ch\/fr\/wp-json\/wp\/v2\/posts\/63951\/revisions"}],"wp:featuredmedia":[{"embeddable":true,"href":"https:\/\/www.immo-invest.ch\/fr\/wp-json\/wp\/v2\/media\/63946"}],"wp:attachment":[{"href":"https:\/\/www.immo-invest.ch\/fr\/wp-json\/wp\/v2\/media?parent=63951"}],"wp:term":[{"taxonomy":"category","embeddable":true,"href":"https:\/\/www.immo-invest.ch\/fr\/wp-json\/wp\/v2\/categories?post=63951"},{"taxonomy":"post_tag","embeddable":true,"href":"https:\/\/www.immo-invest.ch\/fr\/wp-json\/wp\/v2\/tags?post=63951"}],"curies":[{"name":"wp","href":"https:\/\/api.w.org\/{rel}","templated":true}]}}