{"id":63832,"date":"2023-09-13T15:39:00","date_gmt":"2023-09-13T13:39:00","guid":{"rendered":"https:\/\/www.immo-invest.ch\/?p=63832"},"modified":"2023-09-13T09:04:07","modified_gmt":"2023-09-13T07:04:07","slug":"kalkfabrik-netstal-prasentiert-projekt-zur-co2-abscheidung","status":"publish","type":"post","link":"https:\/\/www.immo-invest.ch\/fr\/kalkfabrik-netstal-prasentiert-projekt-zur-co2-abscheidung\/","title":{"rendered":"L&rsquo;usine de chaux de Netstal pr\u00e9sente un projet de capture du CO2"},"content":{"rendered":"<p class=\"bodytext\">La fabrique de chaux de Netstal<a href=\"https:\/\/www.kfn.ch\/\" target=\"_blank\" rel=\"noopener\">(KFN<\/a>) ne veut pas rejeter dans l&rsquo;atmosph&egrave;re environ trois quarts de ses &eacute;missions quotidiennes de CO2 issues de la production de chaux, mais les liqu&eacute;fier. Pour ce faire, la KFN pr&eacute;voit d&rsquo;installer un syst&egrave;me de combustion oxyfuel avec recyclage des gaz d&rsquo;&eacute;chappement dans le four &agrave; chaux. L&rsquo;entreprise a maintenant pr&eacute;sent&eacute; son <a href=\"https:\/\/www.kfn.ch\/fileadmin\/user_upload\/KFN-Medienmitteilung-Innovation-Klimapositive-Kalkgewinnung_2.pdf\" target=\"_blank\" rel=\"noopener\">projet<\/a> correspondant <a href=\"https:\/\/www.kfn.ch\/fileadmin\/user_upload\/KFN-Medienmitteilung-Innovation-Klimapositive-Kalkgewinnung_2.pdf\" target=\"_blank\" rel=\"noopener\">de capture du CO2 dans la fabrique de chaux<\/a>.<\/p>\n<p class=\"bodytext\">Le conseiller f&eacute;d&eacute;ral Albert R&ouml;sti a &eacute;galement particip&eacute; &agrave; cette pr&eacute;sentation, informe la KFN dans un <a href=\"https:\/\/www.kfn.ch\/news\/artikel\/kfn-innovation-weckt-neugier-des-bundesrats\/\" target=\"_blank\" rel=\"noopener\">communiqu&eacute;<\/a>. Le chef du <a href=\"https:\/\/www.uvek.admin.ch\/uvek\/de\/home.html\" target=\"_blank\" rel=\"noopener\">D&eacute;partement f&eacute;d&eacute;ral de l&rsquo;environnement, des transports, de l&rsquo;&eacute;nergie et de la communication<\/a> a qualifi&eacute; le projet de contribution importante &agrave; la protection du climat et a reconnu &agrave; la technologie correspondante un potentiel &eacute;lev&eacute; au niveau mondial.<\/p>\n<p class=\"bodytext\">Gr&acirc;ce &agrave; l&rsquo;installation de combustion Oxyfuel avec recyclage des gaz d&rsquo;&eacute;chappement et &agrave; diverses innovations dans la structure du four &agrave; chaux, la concentration de CO2 dans les gaz d&rsquo;&eacute;chappement doit &ecirc;tre augment&eacute;e &agrave; plus de 75 pour cent en volume. Cela permet ensuite de liqu&eacute;fier le CO2 de mani&egrave;re efficace sur le plan &eacute;nerg&eacute;tique, explique la KFN. Le CO2 liqu&eacute;fi&eacute; peut ensuite &ecirc;tre utilis&eacute; pour un traitement ult&eacute;rieur ou un stockage permanent.<\/p>\n<p class=\"bodytext\">Des simulations et des tests ont d&eacute;j&agrave; confirm&eacute; le potentiel d&rsquo;un chauffage &agrave; l&rsquo;oxyfuel &agrave; l&rsquo;&eacute;chelle pr&eacute;vue. Actuellement, la KFN et son partenaire technologique <a href=\"https:\/\/www.maerz.com\/de\/kalkoefen\" target=\"_blank\" rel=\"noopener\">Maerz Ofenbau<\/a> sont occup&eacute;s &agrave; des travaux pr&eacute;paratoires pour la mise en &oelig;uvre &agrave; Netstal. Des questions subsistent quant au financement, &eacute;crit KFN. Konrad H. Marti, responsable du d&eacute;veloppement de l&rsquo;entreprise chez KFN, s&rsquo;attend toutefois &agrave; ce que le projet puisse &ecirc;tre r&eacute;alis&eacute; de mani&egrave;re satisfaisante sur le plan &eacute;conomique dans un avenir proche.<\/p>\n","protected":false},"excerpt":{"rendered":"<p>Die Kalkfabrik Netstal hat ihr Projekt zur Abscheidung von CO2 aus der Kalkproduktion vorgestellt. Dabei soll das CO2 im Abgas hoch konzentriert und dann verfl\u00fcssigt werden. An der Pr\u00e4sentation bescheinigte Bundesrat Albert R\u00f6sti der Technologie auch weltweit ein hohes Potenzial.<\/p>\n","protected":false},"author":2,"featured_media":63827,"comment_status":"open","ping_status":"open","sticky":false,"template":"","format":"standard","meta":{"pmpro_default_level":"","inline_featured_image":false,"_monsterinsights_skip_tracking":false,"footnotes":""},"categories":[8747,743],"tags":[42090,848,872,3931,42091,42092,2002],"class_list":["post-63832","post","type-post","status-publish","format-standard","has-post-thumbnail","hentry","category-energie","category-immonews-fr","tag-co2-abscheidung-2-fr","tag-immobilien-fr","tag-immoinvest-fr","tag-immonews-fr","tag-kalkfabrik-fr","tag-netstal-fr","tag-news-fr","pmpro-has-access"],"acf":{"bild_mit_ki_erstellt_worden":[],"lead":"Netstal GL - Die Kalkfabrik Netstal hat ihr Projekt zur Abscheidung von CO2 aus der Kalkproduktion vorgestellt. Dabei soll das CO2 im Abgas hoch konzentriert und dann verfl\u00fcssigt werden. An der Pr\u00e4sentation bescheinigte Bundesrat Albert R\u00f6sti der Technologie auch weltweit ein hohes Potenzial.","autor":"ce\/hs","ort":"Netstal GL","bildunterschrift":"","bild_im_grid":false,"gallerie":"","newsim":""},"aioseo_notices":[],"aioseo_head":"\n\t\t<!-- All in One SEO 5.0.1.1 - aioseo.com -->\n\t<meta name=\"description\" content=\"Die Kalkfabrik Netstal hat ihr Projekt zur Abscheidung von CO2 aus der Kalkproduktion vorgestellt. Dabei soll das CO2 im Abgas hoch konzentriert und dann verfl\u00fcssigt werden. An der Pr\u00e4sentation bescheinigte Bundesrat Albert R\u00f6sti der Technologie auch weltweit ein hohes Potenzial.\" \/>\n\t<meta name=\"robots\" content=\"max-image-preview:large\" \/>\n\t<meta name=\"author\" content=\"immovestuser\"\/>\n\t<meta name=\"google-site-verification\" content=\"fHJKvgWpZCR2zVBHWfkQeFXC11qieUSff0HGNYfuyLA\" \/>\n\t<link rel=\"canonical\" href=\"https:\/\/www.immo-invest.ch\/fr\/kalkfabrik-netstal-prasentiert-projekt-zur-co2-abscheidung\/\" \/>\n\t<meta name=\"generator\" content=\"All in One SEO (AIOSEO) 5.0.1.1\" \/>\n\t\t<meta property=\"og:locale\" content=\"fr_FR\" \/>\n\t\t<meta property=\"og:site_name\" content=\"immo!nvest - Die Plattform f\u00fcr Standorte und Immobilien - Die\u00a0Plattform f\u00fcr Standorte und Immobilien\" \/>\n\t\t<meta property=\"og:type\" content=\"article\" \/>\n\t\t<meta property=\"og:title\" content=\"L\u2019usine de chaux de Netstal pr\u00e9sente un projet de capture du CO2 - immo!nvest - Die Plattform f\u00fcr Standorte und Immobilien\" \/>\n\t\t<meta property=\"og:description\" content=\"Die Kalkfabrik Netstal hat ihr Projekt zur Abscheidung von CO2 aus der Kalkproduktion vorgestellt. Dabei soll das CO2 im Abgas hoch konzentriert und dann verfl\u00fcssigt werden. An der Pr\u00e4sentation bescheinigte Bundesrat Albert R\u00f6sti der Technologie auch weltweit ein hohes Potenzial.\" \/>\n\t\t<meta property=\"og:url\" content=\"https:\/\/www.immo-invest.ch\/fr\/kalkfabrik-netstal-prasentiert-projekt-zur-co2-abscheidung\/\" \/>\n\t\t<meta property=\"og:image\" content=\"https:\/\/www.immo-invest.ch\/wp-content\/uploads\/2023\/09\/co2-3139225_1280.jpg\" \/>\n\t\t<meta property=\"og:image:secure_url\" content=\"https:\/\/www.immo-invest.ch\/wp-content\/uploads\/2023\/09\/co2-3139225_1280.jpg\" \/>\n\t\t<meta property=\"og:image:width\" content=\"1280\" \/>\n\t\t<meta property=\"og:image:height\" content=\"672\" \/>\n\t\t<meta property=\"article:published_time\" content=\"2023-09-13T13:39:00+00:00\" \/>\n\t\t<meta property=\"article:modified_time\" content=\"2023-09-13T07:04:07+00:00\" \/>\n\t\t<meta property=\"article:publisher\" content=\"https:\/\/www.facebook.com\/people\/Immoinvest\/100077962920504\/\" \/>\n\t\t<meta name=\"twitter:card\" content=\"summary_large_image\" \/>\n\t\t<meta name=\"twitter:site\" content=\"@i\" \/>\n\t\t<meta name=\"twitter:title\" content=\"L\u2019usine de chaux de Netstal pr\u00e9sente un projet de capture du CO2 - immo!nvest - Die Plattform f\u00fcr Standorte und Immobilien\" \/>\n\t\t<meta name=\"twitter:description\" content=\"Die Kalkfabrik Netstal hat ihr Projekt zur Abscheidung von CO2 aus der Kalkproduktion vorgestellt. Dabei soll das CO2 im Abgas hoch konzentriert und dann verfl\u00fcssigt werden. An der Pr\u00e4sentation bescheinigte Bundesrat Albert R\u00f6sti der Technologie auch weltweit ein hohes Potenzial.\" \/>\n\t\t<meta name=\"twitter:creator\" content=\"@i\" \/>\n\t\t<meta name=\"twitter:image\" content=\"https:\/\/www.immo-invest.ch\/wp-content\/uploads\/2023\/09\/co2-3139225_1280.jpg\" \/>\n\t\t<script type=\"application\/ld+json\" class=\"aioseo-schema\">\n\t\t\t{\"@context\":\"https:\\\/\\\/schema.org\",\"@graph\":[{\"@type\":\"BlogPosting\",\"@id\":\"https:\\\/\\\/www.immo-invest.ch\\\/fr\\\/kalkfabrik-netstal-prasentiert-projekt-zur-co2-abscheidung\\\/#blogposting\",\"name\":\"L\\u2019usine de chaux de Netstal pr\\u00e9sente un projet de capture du CO2 - immo!nvest - Die Plattform f\\u00fcr Standorte und Immobilien\",\"headline\":\"L&rsquo;usine de chaux de Netstal pr\\u00e9sente un projet de capture du CO2\",\"author\":{\"@id\":\"https:\\\/\\\/www.immo-invest.ch\\\/fr\\\/author\\\/immovestuser\\\/#author\"},\"publisher\":{\"@id\":\"https:\\\/\\\/www.immo-invest.ch\\\/fr\\\/#organization\"},\"image\":{\"@type\":\"ImageObject\",\"url\":\"https:\\\/\\\/www.immo-invest.ch\\\/wp-content\\\/uploads\\\/2023\\\/09\\\/co2-3139225_1280.jpg\",\"width\":1280,\"height\":672},\"datePublished\":\"2023-09-13T15:39:00+02:00\",\"dateModified\":\"2023-09-13T09:04:07+02:00\",\"inLanguage\":\"fr-FR\",\"mainEntityOfPage\":{\"@id\":\"https:\\\/\\\/www.immo-invest.ch\\\/fr\\\/kalkfabrik-netstal-prasentiert-projekt-zur-co2-abscheidung\\\/#webpage\"},\"isPartOf\":{\"@id\":\"https:\\\/\\\/www.immo-invest.ch\\\/fr\\\/kalkfabrik-netstal-prasentiert-projekt-zur-co2-abscheidung\\\/#webpage\"},\"articleSection\":\"\\u00c9nergie, immoNews, CO2-Abscheidung, immobilien, Immoinvest, immoNews, Kalkfabrik, Netstal, News, Facultatif\"},{\"@type\":\"BreadcrumbList\",\"@id\":\"https:\\\/\\\/www.immo-invest.ch\\\/fr\\\/kalkfabrik-netstal-prasentiert-projekt-zur-co2-abscheidung\\\/#breadcrumblist\",\"itemListElement\":[{\"@type\":\"ListItem\",\"@id\":\"https:\\\/\\\/www.immo-invest.ch\\\/fr\\\/#listItem\",\"position\":1,\"name\":\"Home\",\"item\":\"https:\\\/\\\/www.immo-invest.ch\\\/fr\\\/\",\"nextItem\":{\"@type\":\"ListItem\",\"@id\":\"https:\\\/\\\/www.immo-invest.ch\\\/fr\\\/categories\\\/immonews-fr\\\/#listItem\",\"name\":\"immoNews\"}},{\"@type\":\"ListItem\",\"@id\":\"https:\\\/\\\/www.immo-invest.ch\\\/fr\\\/categories\\\/immonews-fr\\\/#listItem\",\"position\":2,\"name\":\"immoNews\",\"item\":\"https:\\\/\\\/www.immo-invest.ch\\\/fr\\\/categories\\\/immonews-fr\\\/\",\"nextItem\":{\"@type\":\"ListItem\",\"@id\":\"https:\\\/\\\/www.immo-invest.ch\\\/fr\\\/kalkfabrik-netstal-prasentiert-projekt-zur-co2-abscheidung\\\/#listItem\",\"name\":\"L&rsquo;usine de chaux de Netstal pr\\u00e9sente un projet de capture du CO2\"},\"previousItem\":{\"@type\":\"ListItem\",\"@id\":\"https:\\\/\\\/www.immo-invest.ch\\\/fr\\\/#listItem\",\"name\":\"Home\"}},{\"@type\":\"ListItem\",\"@id\":\"https:\\\/\\\/www.immo-invest.ch\\\/fr\\\/kalkfabrik-netstal-prasentiert-projekt-zur-co2-abscheidung\\\/#listItem\",\"position\":3,\"name\":\"L&rsquo;usine de chaux de Netstal pr\\u00e9sente un projet de capture du CO2\",\"previousItem\":{\"@type\":\"ListItem\",\"@id\":\"https:\\\/\\\/www.immo-invest.ch\\\/fr\\\/categories\\\/immonews-fr\\\/#listItem\",\"name\":\"immoNews\"}}]},{\"@type\":\"Organization\",\"@id\":\"https:\\\/\\\/www.immo-invest.ch\\\/fr\\\/#organization\",\"name\":\"immo!nvest - Die Plattform f\\u00fcr Standorte und Immobilien\",\"description\":\"Die\\u00a0Plattform f\\u00fcr Standorte und Immobilien\",\"url\":\"https:\\\/\\\/www.immo-invest.ch\\\/fr\\\/\",\"email\":\"admin@immomedia.ag\",\"telephone\":\"+41444420002\",\"logo\":{\"@type\":\"ImageObject\",\"url\":\"https:\\\/\\\/www.immo-invest.ch\\\/wp-content\\\/uploads\\\/2024\\\/09\\\/immoinvest_sm-scaled.jpg\",\"@id\":\"https:\\\/\\\/www.immo-invest.ch\\\/fr\\\/kalkfabrik-netstal-prasentiert-projekt-zur-co2-abscheidung\\\/#organizationLogo\",\"width\":2560,\"height\":1340},\"image\":{\"@id\":\"https:\\\/\\\/www.immo-invest.ch\\\/fr\\\/kalkfabrik-netstal-prasentiert-projekt-zur-co2-abscheidung\\\/#organizationLogo\"},\"sameAs\":[\"https:\\\/\\\/www.facebook.com\\\/people\\\/Immoinvest\\\/100077962920504\\\/\",\"https:\\\/\\\/x.com\\\/i\\\/flow\\\/login?redirect_after_login=immoinvest_ch\",\"https:\\\/\\\/www.instagram.com\\\/immoinvest_ch\\\/\",\"https:\\\/\\\/www.linkedin.com\\\/company\\\/immoinvest-swiss\"]},{\"@type\":\"Person\",\"@id\":\"https:\\\/\\\/www.immo-invest.ch\\\/fr\\\/author\\\/immovestuser\\\/#author\",\"url\":\"https:\\\/\\\/www.immo-invest.ch\\\/fr\\\/author\\\/immovestuser\\\/\",\"name\":\"immovestuser\",\"image\":{\"@type\":\"ImageObject\",\"@id\":\"https:\\\/\\\/www.immo-invest.ch\\\/fr\\\/kalkfabrik-netstal-prasentiert-projekt-zur-co2-abscheidung\\\/#authorImage\",\"url\":\"https:\\\/\\\/secure.gravatar.com\\\/avatar\\\/8e01f4d99f2eeea7a362ebb93305e1172a70e9293ba250f897a65c39f54cdd1e?s=96&d=mm&r=g\",\"width\":96,\"height\":96,\"caption\":\"immovestuser\"}},{\"@type\":\"WebPage\",\"@id\":\"https:\\\/\\\/www.immo-invest.ch\\\/fr\\\/kalkfabrik-netstal-prasentiert-projekt-zur-co2-abscheidung\\\/#webpage\",\"url\":\"https:\\\/\\\/www.immo-invest.ch\\\/fr\\\/kalkfabrik-netstal-prasentiert-projekt-zur-co2-abscheidung\\\/\",\"name\":\"L\\u2019usine de chaux de Netstal pr\\u00e9sente un projet de capture du CO2 - immo!nvest - Die Plattform f\\u00fcr Standorte und Immobilien\",\"description\":\"Die Kalkfabrik Netstal hat ihr Projekt zur Abscheidung von CO2 aus der Kalkproduktion vorgestellt. Dabei soll das CO2 im Abgas hoch konzentriert und dann verfl\\u00fcssigt werden. An der Pr\\u00e4sentation bescheinigte Bundesrat Albert R\\u00f6sti der Technologie auch weltweit ein hohes Potenzial.\",\"inLanguage\":\"fr-FR\",\"isPartOf\":{\"@id\":\"https:\\\/\\\/www.immo-invest.ch\\\/fr\\\/#website\"},\"breadcrumb\":{\"@id\":\"https:\\\/\\\/www.immo-invest.ch\\\/fr\\\/kalkfabrik-netstal-prasentiert-projekt-zur-co2-abscheidung\\\/#breadcrumblist\"},\"author\":{\"@id\":\"https:\\\/\\\/www.immo-invest.ch\\\/fr\\\/author\\\/immovestuser\\\/#author\"},\"creator\":{\"@id\":\"https:\\\/\\\/www.immo-invest.ch\\\/fr\\\/author\\\/immovestuser\\\/#author\"},\"image\":{\"@type\":\"ImageObject\",\"url\":\"https:\\\/\\\/www.immo-invest.ch\\\/wp-content\\\/uploads\\\/2023\\\/09\\\/co2-3139225_1280.jpg\",\"@id\":\"https:\\\/\\\/www.immo-invest.ch\\\/fr\\\/kalkfabrik-netstal-prasentiert-projekt-zur-co2-abscheidung\\\/#mainImage\",\"width\":1280,\"height\":672},\"primaryImageOfPage\":{\"@id\":\"https:\\\/\\\/www.immo-invest.ch\\\/fr\\\/kalkfabrik-netstal-prasentiert-projekt-zur-co2-abscheidung\\\/#mainImage\"},\"datePublished\":\"2023-09-13T15:39:00+02:00\",\"dateModified\":\"2023-09-13T09:04:07+02:00\"},{\"@type\":\"WebSite\",\"@id\":\"https:\\\/\\\/www.immo-invest.ch\\\/fr\\\/#website\",\"url\":\"https:\\\/\\\/www.immo-invest.ch\\\/fr\\\/\",\"name\":\"immo!nvest - Die Plattform f\\u00fcr Standorte und Immobilien\",\"description\":\"Die\\u00a0Plattform f\\u00fcr Standorte und Immobilien\",\"inLanguage\":\"fr-FR\",\"publisher\":{\"@id\":\"https:\\\/\\\/www.immo-invest.ch\\\/fr\\\/#organization\"}}]}\n\t\t<\/script>\n\t\t<!-- All in One SEO -->\n\n","aioseo_head_json":{"title":"L\u2019usine de chaux de Netstal pr\u00e9sente un projet de capture du CO2 - immo!nvest - Die Plattform f\u00fcr Standorte und Immobilien","description":"Die Kalkfabrik Netstal hat ihr Projekt zur Abscheidung von CO2 aus der Kalkproduktion vorgestellt. Dabei soll das CO2 im Abgas hoch konzentriert und dann verfl\u00fcssigt werden. An der Pr\u00e4sentation bescheinigte Bundesrat Albert R\u00f6sti der Technologie auch weltweit ein hohes Potenzial.","canonical_url":"https:\/\/www.immo-invest.ch\/fr\/kalkfabrik-netstal-prasentiert-projekt-zur-co2-abscheidung\/","robots":"max-image-preview:large","keywords":"","webmasterTools":{"google-site-verification":"fHJKvgWpZCR2zVBHWfkQeFXC11qieUSff0HGNYfuyLA","miscellaneous":""},"schema":{"@context":"https:\/\/schema.org","@graph":[{"@type":"BlogPosting","@id":"https:\/\/www.immo-invest.ch\/fr\/kalkfabrik-netstal-prasentiert-projekt-zur-co2-abscheidung\/#blogposting","name":"L\u2019usine de chaux de Netstal pr\u00e9sente un projet de capture du CO2 - immo!nvest - Die Plattform f\u00fcr Standorte und Immobilien","headline":"L&rsquo;usine de chaux de Netstal pr\u00e9sente un projet de capture du CO2","author":{"@id":"https:\/\/www.immo-invest.ch\/fr\/author\/immovestuser\/#author"},"publisher":{"@id":"https:\/\/www.immo-invest.ch\/fr\/#organization"},"image":{"@type":"ImageObject","url":"https:\/\/www.immo-invest.ch\/wp-content\/uploads\/2023\/09\/co2-3139225_1280.jpg","width":1280,"height":672},"datePublished":"2023-09-13T15:39:00+02:00","dateModified":"2023-09-13T09:04:07+02:00","inLanguage":"fr-FR","mainEntityOfPage":{"@id":"https:\/\/www.immo-invest.ch\/fr\/kalkfabrik-netstal-prasentiert-projekt-zur-co2-abscheidung\/#webpage"},"isPartOf":{"@id":"https:\/\/www.immo-invest.ch\/fr\/kalkfabrik-netstal-prasentiert-projekt-zur-co2-abscheidung\/#webpage"},"articleSection":"\u00c9nergie, immoNews, CO2-Abscheidung, immobilien, Immoinvest, immoNews, Kalkfabrik, Netstal, News, Facultatif"},{"@type":"BreadcrumbList","@id":"https:\/\/www.immo-invest.ch\/fr\/kalkfabrik-netstal-prasentiert-projekt-zur-co2-abscheidung\/#breadcrumblist","itemListElement":[{"@type":"ListItem","@id":"https:\/\/www.immo-invest.ch\/fr\/#listItem","position":1,"name":"Home","item":"https:\/\/www.immo-invest.ch\/fr\/","nextItem":{"@type":"ListItem","@id":"https:\/\/www.immo-invest.ch\/fr\/categories\/immonews-fr\/#listItem","name":"immoNews"}},{"@type":"ListItem","@id":"https:\/\/www.immo-invest.ch\/fr\/categories\/immonews-fr\/#listItem","position":2,"name":"immoNews","item":"https:\/\/www.immo-invest.ch\/fr\/categories\/immonews-fr\/","nextItem":{"@type":"ListItem","@id":"https:\/\/www.immo-invest.ch\/fr\/kalkfabrik-netstal-prasentiert-projekt-zur-co2-abscheidung\/#listItem","name":"L&rsquo;usine de chaux de Netstal pr\u00e9sente un projet de capture du CO2"},"previousItem":{"@type":"ListItem","@id":"https:\/\/www.immo-invest.ch\/fr\/#listItem","name":"Home"}},{"@type":"ListItem","@id":"https:\/\/www.immo-invest.ch\/fr\/kalkfabrik-netstal-prasentiert-projekt-zur-co2-abscheidung\/#listItem","position":3,"name":"L&rsquo;usine de chaux de Netstal pr\u00e9sente un projet de capture du CO2","previousItem":{"@type":"ListItem","@id":"https:\/\/www.immo-invest.ch\/fr\/categories\/immonews-fr\/#listItem","name":"immoNews"}}]},{"@type":"Organization","@id":"https:\/\/www.immo-invest.ch\/fr\/#organization","name":"immo!nvest - Die Plattform f\u00fcr Standorte und Immobilien","description":"Die\u00a0Plattform f\u00fcr Standorte und Immobilien","url":"https:\/\/www.immo-invest.ch\/fr\/","email":"admin@immomedia.ag","telephone":"+41444420002","logo":{"@type":"ImageObject","url":"https:\/\/www.immo-invest.ch\/wp-content\/uploads\/2024\/09\/immoinvest_sm-scaled.jpg","@id":"https:\/\/www.immo-invest.ch\/fr\/kalkfabrik-netstal-prasentiert-projekt-zur-co2-abscheidung\/#organizationLogo","width":2560,"height":1340},"image":{"@id":"https:\/\/www.immo-invest.ch\/fr\/kalkfabrik-netstal-prasentiert-projekt-zur-co2-abscheidung\/#organizationLogo"},"sameAs":["https:\/\/www.facebook.com\/people\/Immoinvest\/100077962920504\/","https:\/\/x.com\/i\/flow\/login?redirect_after_login=immoinvest_ch","https:\/\/www.instagram.com\/immoinvest_ch\/","https:\/\/www.linkedin.com\/company\/immoinvest-swiss"]},{"@type":"Person","@id":"https:\/\/www.immo-invest.ch\/fr\/author\/immovestuser\/#author","url":"https:\/\/www.immo-invest.ch\/fr\/author\/immovestuser\/","name":"immovestuser","image":{"@type":"ImageObject","@id":"https:\/\/www.immo-invest.ch\/fr\/kalkfabrik-netstal-prasentiert-projekt-zur-co2-abscheidung\/#authorImage","url":"https:\/\/secure.gravatar.com\/avatar\/8e01f4d99f2eeea7a362ebb93305e1172a70e9293ba250f897a65c39f54cdd1e?s=96&d=mm&r=g","width":96,"height":96,"caption":"immovestuser"}},{"@type":"WebPage","@id":"https:\/\/www.immo-invest.ch\/fr\/kalkfabrik-netstal-prasentiert-projekt-zur-co2-abscheidung\/#webpage","url":"https:\/\/www.immo-invest.ch\/fr\/kalkfabrik-netstal-prasentiert-projekt-zur-co2-abscheidung\/","name":"L\u2019usine de chaux de Netstal pr\u00e9sente un projet de capture du CO2 - immo!nvest - Die Plattform f\u00fcr Standorte und Immobilien","description":"Die Kalkfabrik Netstal hat ihr Projekt zur Abscheidung von CO2 aus der Kalkproduktion vorgestellt. Dabei soll das CO2 im Abgas hoch konzentriert und dann verfl\u00fcssigt werden. An der Pr\u00e4sentation bescheinigte Bundesrat Albert R\u00f6sti der Technologie auch weltweit ein hohes Potenzial.","inLanguage":"fr-FR","isPartOf":{"@id":"https:\/\/www.immo-invest.ch\/fr\/#website"},"breadcrumb":{"@id":"https:\/\/www.immo-invest.ch\/fr\/kalkfabrik-netstal-prasentiert-projekt-zur-co2-abscheidung\/#breadcrumblist"},"author":{"@id":"https:\/\/www.immo-invest.ch\/fr\/author\/immovestuser\/#author"},"creator":{"@id":"https:\/\/www.immo-invest.ch\/fr\/author\/immovestuser\/#author"},"image":{"@type":"ImageObject","url":"https:\/\/www.immo-invest.ch\/wp-content\/uploads\/2023\/09\/co2-3139225_1280.jpg","@id":"https:\/\/www.immo-invest.ch\/fr\/kalkfabrik-netstal-prasentiert-projekt-zur-co2-abscheidung\/#mainImage","width":1280,"height":672},"primaryImageOfPage":{"@id":"https:\/\/www.immo-invest.ch\/fr\/kalkfabrik-netstal-prasentiert-projekt-zur-co2-abscheidung\/#mainImage"},"datePublished":"2023-09-13T15:39:00+02:00","dateModified":"2023-09-13T09:04:07+02:00"},{"@type":"WebSite","@id":"https:\/\/www.immo-invest.ch\/fr\/#website","url":"https:\/\/www.immo-invest.ch\/fr\/","name":"immo!nvest - Die Plattform f\u00fcr Standorte und Immobilien","description":"Die\u00a0Plattform f\u00fcr Standorte und Immobilien","inLanguage":"fr-FR","publisher":{"@id":"https:\/\/www.immo-invest.ch\/fr\/#organization"}}]},"og:locale":"fr_FR","og:site_name":"immo!nvest - Die Plattform f\u00fcr Standorte und Immobilien - Die\u00a0Plattform f\u00fcr Standorte und Immobilien","og:type":"article","og:title":"L\u2019usine de chaux de Netstal pr\u00e9sente un projet de capture du CO2 - immo!nvest - Die Plattform f\u00fcr Standorte und Immobilien","og:description":"Die Kalkfabrik Netstal hat ihr Projekt zur Abscheidung von CO2 aus der Kalkproduktion vorgestellt. Dabei soll das CO2 im Abgas hoch konzentriert und dann verfl\u00fcssigt werden. An der Pr\u00e4sentation bescheinigte Bundesrat Albert R\u00f6sti der Technologie auch weltweit ein hohes Potenzial.","og:url":"https:\/\/www.immo-invest.ch\/fr\/kalkfabrik-netstal-prasentiert-projekt-zur-co2-abscheidung\/","og:image":"https:\/\/www.immo-invest.ch\/wp-content\/uploads\/2023\/09\/co2-3139225_1280.jpg","og:image:secure_url":"https:\/\/www.immo-invest.ch\/wp-content\/uploads\/2023\/09\/co2-3139225_1280.jpg","og:image:width":1280,"og:image:height":672,"article:published_time":"2023-09-13T13:39:00+00:00","article:modified_time":"2023-09-13T07:04:07+00:00","article:publisher":"https:\/\/www.facebook.com\/people\/Immoinvest\/100077962920504\/","twitter:card":"summary_large_image","twitter:site":"@i","twitter:title":"L\u2019usine de chaux de Netstal pr\u00e9sente un projet de capture du CO2 - immo!nvest - Die Plattform f\u00fcr Standorte und Immobilien","twitter:description":"Die Kalkfabrik Netstal hat ihr Projekt zur Abscheidung von CO2 aus der Kalkproduktion vorgestellt. Dabei soll das CO2 im Abgas hoch konzentriert und dann verfl\u00fcssigt werden. An der Pr\u00e4sentation bescheinigte Bundesrat Albert R\u00f6sti der Technologie auch weltweit ein hohes Potenzial.","twitter:creator":"@i","twitter:image":"https:\/\/www.immo-invest.ch\/wp-content\/uploads\/2023\/09\/co2-3139225_1280.jpg"},"aioseo_meta_data":{"post_id":"63832","title":null,"description":null,"keywords":null,"keyphrases":null,"primary_term":null,"canonical_url":null,"og_title":null,"og_description":null,"og_object_type":"default","og_image_type":"default","og_image_url":null,"og_image_width":null,"og_image_height":null,"og_image_custom_url":null,"og_image_custom_fields":null,"og_video":null,"og_custom_url":null,"og_article_section":null,"og_article_tags":null,"twitter_use_og":false,"twitter_card":"default","twitter_image_type":"default","twitter_image_url":null,"twitter_image_custom_url":null,"twitter_image_custom_fields":null,"twitter_title":null,"twitter_description":null,"schema":{"blockGraphs":[],"customGraphs":[],"default":{"data":{"Article":[],"Course":[],"Dataset":[],"FAQPage":[],"Movie":[],"Person":[],"Product":[],"ProductReview":[],"Car":[],"Recipe":[],"Service":[],"SoftwareApplication":[],"WebPage":[]},"graphName":"","isEnabled":true},"graphs":[]},"schema_type":"default","schema_type_options":null,"pillar_content":false,"robots_default":true,"robots_noindex":false,"robots_noarchive":false,"robots_nosnippet":false,"robots_nofollow":false,"robots_noimageindex":false,"robots_noodp":false,"robots_notranslate":false,"robots_max_snippet":null,"robots_max_videopreview":null,"robots_max_imagepreview":"large","priority":null,"frequency":null,"local_seo":null,"breadcrumb_settings":null,"limit_modified_date":false,"ai":null,"created":"2024-09-20 09:20:57","updated":"2025-10-23 15:13:12","seo_analyzer_scan_date":null,"focus_keyword":null,"additional_keywords":null,"truseo_locale":null},"aioseo_breadcrumb":"<div class=\"aioseo-breadcrumbs\"><span class=\"aioseo-breadcrumb\">\n\t\t\t<a href=\"https:\/\/www.immo-invest.ch\/fr\/\" title=\"Home\">Home<\/a>\n\t\t<\/span><span class=\"aioseo-breadcrumb-separator\">&raquo;<\/span><span class=\"aioseo-breadcrumb\">\n\t\t\t<a href=\"https:\/\/www.immo-invest.ch\/fr\/categories\/immonews-fr\/\" title=\"immoNews\">immoNews<\/a>\n\t\t<\/span><span class=\"aioseo-breadcrumb-separator\">&raquo;<\/span><span class=\"aioseo-breadcrumb\">\n\t\t\tL\u2019usine de chaux de Netstal pr\u00e9sente un projet de capture du CO2\n\t\t<\/span><\/div>","aioseo_breadcrumb_json":[{"label":"Home","link":"https:\/\/www.immo-invest.ch\/fr\/"},{"label":"immoNews","link":"https:\/\/www.immo-invest.ch\/fr\/categories\/immonews-fr\/"},{"label":"L&rsquo;usine de chaux de Netstal pr\u00e9sente un projet de capture du CO2","link":"https:\/\/www.immo-invest.ch\/fr\/kalkfabrik-netstal-prasentiert-projekt-zur-co2-abscheidung\/"}],"featured_image_src":"https:\/\/www.immo-invest.ch\/wp-content\/uploads\/2023\/09\/co2-3139225_1280-336x168.jpg","_links":{"self":[{"href":"https:\/\/www.immo-invest.ch\/fr\/wp-json\/wp\/v2\/posts\/63832","targetHints":{"allow":["GET"]}}],"collection":[{"href":"https:\/\/www.immo-invest.ch\/fr\/wp-json\/wp\/v2\/posts"}],"about":[{"href":"https:\/\/www.immo-invest.ch\/fr\/wp-json\/wp\/v2\/types\/post"}],"author":[{"embeddable":true,"href":"https:\/\/www.immo-invest.ch\/fr\/wp-json\/wp\/v2\/users\/2"}],"replies":[{"embeddable":true,"href":"https:\/\/www.immo-invest.ch\/fr\/wp-json\/wp\/v2\/comments?post=63832"}],"version-history":[{"count":0,"href":"https:\/\/www.immo-invest.ch\/fr\/wp-json\/wp\/v2\/posts\/63832\/revisions"}],"wp:featuredmedia":[{"embeddable":true,"href":"https:\/\/www.immo-invest.ch\/fr\/wp-json\/wp\/v2\/media\/63827"}],"wp:attachment":[{"href":"https:\/\/www.immo-invest.ch\/fr\/wp-json\/wp\/v2\/media?parent=63832"}],"wp:term":[{"taxonomy":"category","embeddable":true,"href":"https:\/\/www.immo-invest.ch\/fr\/wp-json\/wp\/v2\/categories?post=63832"},{"taxonomy":"post_tag","embeddable":true,"href":"https:\/\/www.immo-invest.ch\/fr\/wp-json\/wp\/v2\/tags?post=63832"}],"curies":[{"name":"wp","href":"https:\/\/api.w.org\/{rel}","templated":true}]}}