{"id":63159,"date":"2023-09-05T09:00:45","date_gmt":"2023-09-05T07:00:45","guid":{"rendered":"https:\/\/www.immo-invest.ch\/zuercher-kantonsparlament-stimmt-pistenverlaengerung-zu\/"},"modified":"2023-09-05T09:14:13","modified_gmt":"2023-09-05T07:14:13","slug":"zuercher-kantonsparlament-stimmt-pistenverlaengerung-zu","status":"publish","type":"post","link":"https:\/\/www.immo-invest.ch\/fr\/zuercher-kantonsparlament-stimmt-pistenverlaengerung-zu\/","title":{"rendered":"Le parlement cantonal zurichois approuve l&rsquo;allongement des pistes"},"content":{"rendered":"<p class=\"bodytext\"><a href=\"https:\/\/www.flughafen-zuerich.ch\/\" target=\"_blank\" rel=\"noopener\">Flughafen Z&uuml;rich AG<\/a> veut allonger la piste 28 de 400 m&egrave;tres vers l&rsquo;ouest et la piste 32 de 280 m&egrave;tres vers le nord. Avec ce <a href=\"https:\/\/www.flughafen-zuerich.ch\/de\/unternehmen\/flughafen-zuerich\/flughafen-entwicklung\/aktuelle-bauprojekte\/pistenverlaengerungen-28-und-32\" target=\"_blank\" rel=\"noopener\">projet<\/a>, l&rsquo;a&eacute;roport entend mettre en &oelig;uvre les conclusions du r&eacute;examen de la s&eacute;curit&eacute; de l&rsquo;a&eacute;roport de Zurich<a href=\"https:\/\/www.admin.ch\/gov\/de\/start\/dokumentation\/medienmitteilungen.msg-id-47862.html\" target=\"_blank\" rel=\"noopener\">(S&Uuml;FZ<\/a>) effectu&eacute; par l&rsquo;<a href=\"https:\/\/www.admin.ch\/gov\/de\/start\/dokumentation\/medienmitteilungen.msg-id-47862.html\" target=\"_blank\" rel=\"noopener\">Office f&eacute;d&eacute;ral de l&rsquo;aviation civile<\/a> en 2012. Le prolongement des pistes doit permettre d&rsquo;am&eacute;liorer la stabilit&eacute; du trafic a&eacute;rien dans toutes les conditions m&eacute;t&eacute;orologiques et pour tous les types d&rsquo;avions.<\/p>\n<p class=\"bodytext\">Selon un <a href=\"https:\/\/www.kantonsrat.zh.ch\/\" target=\"_blank\" rel=\"noopener\">communiqu&eacute;<\/a>, le 28 ao&ucirc;t, le Grand Conseil zurichois a approuv&eacute; l&rsquo;allongement &agrave; une courte majorit&eacute; de 87 voix contre 83 et deux abstentions. L&rsquo;UDC, le PRD, le centre et le PEV ont approuv&eacute; le projet, les autres partis l&rsquo;ont rejet&eacute;.<\/p>\n<p class=\"bodytext\">L&rsquo;a&eacute;roport de Zurich prend acte de cette d&eacute;cision avec satisfaction, comme il l&rsquo;indique dans un <a href=\"https:\/\/www.flughafen-zuerich.ch\/newsroom\/ja-zu-den-pistenverlaengerungen--wichtiges-signal-aus-dem-kantonsrat\/\" target=\"_blank\" rel=\"noopener\">communiqu&eacute;<\/a>. Les pistes plus longues allongeraient les distances de freinage et r&eacute;duiraient les points de croisement au sol et en vol. Un fonctionnement plus stable r&eacute;duirait le nombre de retards, tout comme celui des personnes affect&eacute;es par le bruit des avions. &laquo;&nbsp;Il n&rsquo;existe pas de mesures alternatives dans l&rsquo;exploitation a&eacute;rienne qui apportent les m&ecirc;mes am&eacute;liorations en termes de s&eacute;curit&eacute; et de r&eacute;duction des retards&nbsp;&raquo;, indique le communiqu&eacute;. En revanche, le nombre de mouvements a&eacute;riens resterait inchang&eacute;.<\/p>\n<p class=\"bodytext\">La Chambre de commerce de Zurich<a href=\"https:\/\/www.zhk.ch\/\" target=\"_blank\" rel=\"noopener\">(ZHK<\/a>) salue &eacute;galement la d&eacute;cision du Grand Conseil. &laquo;&nbsp;L&rsquo;a&eacute;roport de Zurich est d&rsquo;une grande importance &eacute;conomique pour l&rsquo;agglom&eacute;ration zurichoise et pour le pays tout entier&nbsp;&raquo;, &eacute;crit-elle dans un <a href=\"https:\/\/www.zhk.ch\/de\/wirtschaft-und-politik\/news\/der-zuercher-kantonsrat-anerkennt-die-wichtigkeit-der-pistenverlaengerungen-am-flughafen-zuerich.html\" target=\"_blank\" rel=\"noopener\">communiqu&eacute;<\/a>. &laquo;&nbsp;Pour garantir &agrave; long terme l&rsquo;interconnexion internationale de Zurich avec le reste du monde, l&rsquo;a&eacute;roport doit pouvoir s&rsquo;adapter &agrave; l&rsquo;&eacute;volution de la situation&nbsp;&raquo; La directrice de la ZHK, Regine Sauter, s&rsquo;&eacute;tait d&eacute;j&agrave; <a href=\"https:\/\/youtu.be\/DMXVQAjSlw8\" target=\"_blank\" rel=\"noopener\">engag&eacute;e<\/a> &agrave; obtenir l&rsquo;approbation du parlement cantonal. &laquo;&nbsp;L&rsquo;allongement des pistes pr&eacute;sente de multiples avantages : Les riverains b&eacute;n&eacute;ficient d&rsquo;une plus grande tranquillit&eacute; nocturne et le site de Zurich peut compter &agrave; long terme sur un a&eacute;roport ponctuel et une liaison fiable avec le reste du monde&nbsp;&raquo;, d&eacute;clare-t-elle d&eacute;sormais, cit&eacute;e dans le communiqu&eacute; de la ZHK.<\/p>\n<p class=\"bodytext\">La d&eacute;cision du Grand Conseil est soumise au r&eacute;f&eacute;rendum facultatif, les &eacute;lecteurs devraient donc avoir le dernier mot. Ce n&rsquo;est qu&rsquo;ensuite que l&rsquo;a&eacute;roport pourra d&eacute;poser une demande d&rsquo;approbation des plans aupr&egrave;s de la Conf&eacute;d&eacute;ration.<\/p>\n","protected":false},"excerpt":{"rendered":"<p>Le parlement cantonal zurichois a approuv\u00e9, \u00e0 une courte majorit\u00e9 bourgeoise, l&rsquo;allongement des pistes de l&rsquo;a\u00e9roport de Zurich. L&rsquo;a\u00e9roport entend ainsi renforcer la s\u00e9curit\u00e9 du trafic a\u00e9rien. La Chambre de commerce zurichoise salue cette d\u00e9cision. Les \u00e9lecteurs devraient avoir le dernier mot.<\/p>\n","protected":false},"author":2,"featured_media":11108,"comment_status":"open","ping_status":"open","sticky":false,"template":"","format":"standard","meta":{"pmpro_default_level":"","inline_featured_image":false,"_monsterinsights_skip_tracking":false,"footnotes":""},"categories":[743,22703],"tags":[3489,1192,41919,37074,3155,2968,4517,37561,1993,1132],"class_list":["post-63159","post","type-post","status-publish","format-standard","has-post-thumbnail","hentry","category-immonews-fr","category-mobilite","tag-abstimmung-fr","tag-flughafen-fr","tag-fluglaerm-fr","tag-flugzeug-fr","tag-infrastruktur-fr","tag-luft-fr","tag-oeffentlicher-verkehr-fr","tag-pistenverlaengerung-fr","tag-sicherheit-fr","tag-verkehr-fr","pmpro-has-access"],"acf":{"bild_mit_ki_erstellt_worden":[],"lead":"Le parlement cantonal zurichois a approuv\u00e9, \u00e0 une courte majorit\u00e9 bourgeoise, l'allongement des pistes de l'a\u00e9roport de Zurich. L'a\u00e9roport entend ainsi renforcer la s\u00e9curit\u00e9 du trafic a\u00e9rien. La Chambre de commerce zurichoise salue cette d\u00e9cision. Les \u00e9lecteurs devraient avoir le dernier mot.","autor":"ce\/stk","ort":"Z\u00fcrich ","bildunterschrift":"","bild_im_grid":false,"gallerie":"","newsim":""},"aioseo_notices":[],"aioseo_head":"\n\t\t<!-- All in One SEO 5.0.1.1 - aioseo.com -->\n\t<meta name=\"description\" content=\"Le parlement cantonal zurichois a approuv\u00e9, \u00e0 une courte majorit\u00e9 bourgeoise, l&#039;allongement des pistes de l&#039;a\u00e9roport de Zurich. L&#039;a\u00e9roport entend ainsi renforcer la s\u00e9curit\u00e9 du trafic a\u00e9rien. La Chambre de commerce zurichoise salue cette d\u00e9cision. Les \u00e9lecteurs devraient avoir le dernier mot.\" \/>\n\t<meta name=\"robots\" content=\"max-image-preview:large\" \/>\n\t<meta name=\"author\" content=\"immovestuser\"\/>\n\t<meta name=\"google-site-verification\" content=\"fHJKvgWpZCR2zVBHWfkQeFXC11qieUSff0HGNYfuyLA\" \/>\n\t<link rel=\"canonical\" href=\"https:\/\/www.immo-invest.ch\/fr\/zuercher-kantonsparlament-stimmt-pistenverlaengerung-zu\/\" \/>\n\t<meta name=\"generator\" content=\"All in One SEO (AIOSEO) 5.0.1.1\" \/>\n\t\t<meta property=\"og:locale\" content=\"fr_FR\" \/>\n\t\t<meta property=\"og:site_name\" content=\"immo!nvest - Die Plattform f\u00fcr Standorte und Immobilien - Die\u00a0Plattform f\u00fcr Standorte und Immobilien\" \/>\n\t\t<meta property=\"og:type\" content=\"article\" \/>\n\t\t<meta property=\"og:title\" content=\"Le parlement cantonal zurichois approuve l\u2019allongement des pistes - immo!nvest - Die Plattform f\u00fcr Standorte und Immobilien\" \/>\n\t\t<meta property=\"og:description\" content=\"Le parlement cantonal zurichois a approuv\u00e9, \u00e0 une courte majorit\u00e9 bourgeoise, l&#039;allongement des pistes de l&#039;a\u00e9roport de Zurich. L&#039;a\u00e9roport entend ainsi renforcer la s\u00e9curit\u00e9 du trafic a\u00e9rien. La Chambre de commerce zurichoise salue cette d\u00e9cision. Les \u00e9lecteurs devraient avoir le dernier mot.\" \/>\n\t\t<meta property=\"og:url\" content=\"https:\/\/www.immo-invest.ch\/fr\/zuercher-kantonsparlament-stimmt-pistenverlaengerung-zu\/\" \/>\n\t\t<meta property=\"og:image\" content=\"https:\/\/www.immo-invest.ch\/wp-content\/uploads\/2020\/12\/reisen.png\" \/>\n\t\t<meta property=\"og:image:secure_url\" content=\"https:\/\/www.immo-invest.ch\/wp-content\/uploads\/2020\/12\/reisen.png\" \/>\n\t\t<meta property=\"og:image:width\" content=\"1200\" \/>\n\t\t<meta property=\"og:image:height\" content=\"628\" \/>\n\t\t<meta property=\"article:published_time\" content=\"2023-09-05T07:00:45+00:00\" \/>\n\t\t<meta property=\"article:modified_time\" content=\"2023-09-05T07:14:13+00:00\" \/>\n\t\t<meta property=\"article:publisher\" content=\"https:\/\/www.facebook.com\/people\/Immoinvest\/100077962920504\/\" \/>\n\t\t<meta name=\"twitter:card\" content=\"summary_large_image\" \/>\n\t\t<meta name=\"twitter:site\" content=\"@i\" \/>\n\t\t<meta name=\"twitter:title\" content=\"Le parlement cantonal zurichois approuve l\u2019allongement des pistes - immo!nvest - Die Plattform f\u00fcr Standorte und Immobilien\" \/>\n\t\t<meta name=\"twitter:description\" content=\"Le parlement cantonal zurichois a approuv\u00e9, \u00e0 une courte majorit\u00e9 bourgeoise, l&#039;allongement des pistes de l&#039;a\u00e9roport de Zurich. L&#039;a\u00e9roport entend ainsi renforcer la s\u00e9curit\u00e9 du trafic a\u00e9rien. La Chambre de commerce zurichoise salue cette d\u00e9cision. Les \u00e9lecteurs devraient avoir le dernier mot.\" \/>\n\t\t<meta name=\"twitter:creator\" content=\"@i\" \/>\n\t\t<meta name=\"twitter:image\" content=\"https:\/\/www.immo-invest.ch\/wp-content\/uploads\/2020\/12\/reisen.png\" \/>\n\t\t<script type=\"application\/ld+json\" class=\"aioseo-schema\">\n\t\t\t{\"@context\":\"https:\\\/\\\/schema.org\",\"@graph\":[{\"@type\":\"BlogPosting\",\"@id\":\"https:\\\/\\\/www.immo-invest.ch\\\/fr\\\/zuercher-kantonsparlament-stimmt-pistenverlaengerung-zu\\\/#blogposting\",\"name\":\"Le parlement cantonal zurichois approuve l\\u2019allongement des pistes - immo!nvest - Die Plattform f\\u00fcr Standorte und Immobilien\",\"headline\":\"Le parlement cantonal zurichois approuve l&rsquo;allongement des pistes\",\"author\":{\"@id\":\"https:\\\/\\\/www.immo-invest.ch\\\/fr\\\/author\\\/immovestuser\\\/#author\"},\"publisher\":{\"@id\":\"https:\\\/\\\/www.immo-invest.ch\\\/fr\\\/#organization\"},\"image\":{\"@type\":\"ImageObject\",\"url\":\"https:\\\/\\\/www.immo-invest.ch\\\/wp-content\\\/uploads\\\/2020\\\/12\\\/reisen.png\",\"width\":1200,\"height\":628},\"datePublished\":\"2023-09-05T09:00:45+02:00\",\"dateModified\":\"2023-09-05T09:14:13+02:00\",\"inLanguage\":\"fr-FR\",\"mainEntityOfPage\":{\"@id\":\"https:\\\/\\\/www.immo-invest.ch\\\/fr\\\/zuercher-kantonsparlament-stimmt-pistenverlaengerung-zu\\\/#webpage\"},\"isPartOf\":{\"@id\":\"https:\\\/\\\/www.immo-invest.ch\\\/fr\\\/zuercher-kantonsparlament-stimmt-pistenverlaengerung-zu\\\/#webpage\"},\"articleSection\":\"immoNews, Mobilit\\u00e9, Abstimmung, Flughafen, Flugl\\u00e4rm, Flugzeug, Infrastruktur, Luft, \\u00d6ffentlicher Verkehr, Pistenverl\\u00e4ngerung, Sicherheit, Verkehr, Facultatif\"},{\"@type\":\"BreadcrumbList\",\"@id\":\"https:\\\/\\\/www.immo-invest.ch\\\/fr\\\/zuercher-kantonsparlament-stimmt-pistenverlaengerung-zu\\\/#breadcrumblist\",\"itemListElement\":[{\"@type\":\"ListItem\",\"@id\":\"https:\\\/\\\/www.immo-invest.ch\\\/fr\\\/#listItem\",\"position\":1,\"name\":\"Home\",\"item\":\"https:\\\/\\\/www.immo-invest.ch\\\/fr\\\/\",\"nextItem\":{\"@type\":\"ListItem\",\"@id\":\"https:\\\/\\\/www.immo-invest.ch\\\/fr\\\/categories\\\/trends-fr\\\/#listItem\",\"name\":\"Trends\"}},{\"@type\":\"ListItem\",\"@id\":\"https:\\\/\\\/www.immo-invest.ch\\\/fr\\\/categories\\\/trends-fr\\\/#listItem\",\"position\":2,\"name\":\"Trends\",\"item\":\"https:\\\/\\\/www.immo-invest.ch\\\/fr\\\/categories\\\/trends-fr\\\/\",\"nextItem\":{\"@type\":\"ListItem\",\"@id\":\"https:\\\/\\\/www.immo-invest.ch\\\/fr\\\/categories\\\/trends-fr\\\/mobilite\\\/#listItem\",\"name\":\"Mobilit\\u00e9\"},\"previousItem\":{\"@type\":\"ListItem\",\"@id\":\"https:\\\/\\\/www.immo-invest.ch\\\/fr\\\/#listItem\",\"name\":\"Home\"}},{\"@type\":\"ListItem\",\"@id\":\"https:\\\/\\\/www.immo-invest.ch\\\/fr\\\/categories\\\/trends-fr\\\/mobilite\\\/#listItem\",\"position\":3,\"name\":\"Mobilit\\u00e9\",\"item\":\"https:\\\/\\\/www.immo-invest.ch\\\/fr\\\/categories\\\/trends-fr\\\/mobilite\\\/\",\"nextItem\":{\"@type\":\"ListItem\",\"@id\":\"https:\\\/\\\/www.immo-invest.ch\\\/fr\\\/zuercher-kantonsparlament-stimmt-pistenverlaengerung-zu\\\/#listItem\",\"name\":\"Le parlement cantonal zurichois approuve l&rsquo;allongement des pistes\"},\"previousItem\":{\"@type\":\"ListItem\",\"@id\":\"https:\\\/\\\/www.immo-invest.ch\\\/fr\\\/categories\\\/trends-fr\\\/#listItem\",\"name\":\"Trends\"}},{\"@type\":\"ListItem\",\"@id\":\"https:\\\/\\\/www.immo-invest.ch\\\/fr\\\/zuercher-kantonsparlament-stimmt-pistenverlaengerung-zu\\\/#listItem\",\"position\":4,\"name\":\"Le parlement cantonal zurichois approuve l&rsquo;allongement des pistes\",\"previousItem\":{\"@type\":\"ListItem\",\"@id\":\"https:\\\/\\\/www.immo-invest.ch\\\/fr\\\/categories\\\/trends-fr\\\/mobilite\\\/#listItem\",\"name\":\"Mobilit\\u00e9\"}}]},{\"@type\":\"Organization\",\"@id\":\"https:\\\/\\\/www.immo-invest.ch\\\/fr\\\/#organization\",\"name\":\"immo!nvest - Die Plattform f\\u00fcr Standorte und Immobilien\",\"description\":\"Die\\u00a0Plattform f\\u00fcr Standorte und Immobilien\",\"url\":\"https:\\\/\\\/www.immo-invest.ch\\\/fr\\\/\",\"email\":\"admin@immomedia.ag\",\"telephone\":\"+41444420002\",\"logo\":{\"@type\":\"ImageObject\",\"url\":\"https:\\\/\\\/www.immo-invest.ch\\\/wp-content\\\/uploads\\\/2024\\\/09\\\/immoinvest_sm-scaled.jpg\",\"@id\":\"https:\\\/\\\/www.immo-invest.ch\\\/fr\\\/zuercher-kantonsparlament-stimmt-pistenverlaengerung-zu\\\/#organizationLogo\",\"width\":2560,\"height\":1340},\"image\":{\"@id\":\"https:\\\/\\\/www.immo-invest.ch\\\/fr\\\/zuercher-kantonsparlament-stimmt-pistenverlaengerung-zu\\\/#organizationLogo\"},\"sameAs\":[\"https:\\\/\\\/www.facebook.com\\\/people\\\/Immoinvest\\\/100077962920504\\\/\",\"https:\\\/\\\/x.com\\\/i\\\/flow\\\/login?redirect_after_login=immoinvest_ch\",\"https:\\\/\\\/www.instagram.com\\\/immoinvest_ch\\\/\",\"https:\\\/\\\/www.linkedin.com\\\/company\\\/immoinvest-swiss\"]},{\"@type\":\"Person\",\"@id\":\"https:\\\/\\\/www.immo-invest.ch\\\/fr\\\/author\\\/immovestuser\\\/#author\",\"url\":\"https:\\\/\\\/www.immo-invest.ch\\\/fr\\\/author\\\/immovestuser\\\/\",\"name\":\"immovestuser\",\"image\":{\"@type\":\"ImageObject\",\"@id\":\"https:\\\/\\\/www.immo-invest.ch\\\/fr\\\/zuercher-kantonsparlament-stimmt-pistenverlaengerung-zu\\\/#authorImage\",\"url\":\"https:\\\/\\\/secure.gravatar.com\\\/avatar\\\/8e01f4d99f2eeea7a362ebb93305e1172a70e9293ba250f897a65c39f54cdd1e?s=96&d=mm&r=g\",\"width\":96,\"height\":96,\"caption\":\"immovestuser\"}},{\"@type\":\"WebPage\",\"@id\":\"https:\\\/\\\/www.immo-invest.ch\\\/fr\\\/zuercher-kantonsparlament-stimmt-pistenverlaengerung-zu\\\/#webpage\",\"url\":\"https:\\\/\\\/www.immo-invest.ch\\\/fr\\\/zuercher-kantonsparlament-stimmt-pistenverlaengerung-zu\\\/\",\"name\":\"Le parlement cantonal zurichois approuve l\\u2019allongement des pistes - immo!nvest - Die Plattform f\\u00fcr Standorte und Immobilien\",\"description\":\"Le parlement cantonal zurichois a approuv\\u00e9, \\u00e0 une courte majorit\\u00e9 bourgeoise, l'allongement des pistes de l'a\\u00e9roport de Zurich. L'a\\u00e9roport entend ainsi renforcer la s\\u00e9curit\\u00e9 du trafic a\\u00e9rien. La Chambre de commerce zurichoise salue cette d\\u00e9cision. Les \\u00e9lecteurs devraient avoir le dernier mot.\",\"inLanguage\":\"fr-FR\",\"isPartOf\":{\"@id\":\"https:\\\/\\\/www.immo-invest.ch\\\/fr\\\/#website\"},\"breadcrumb\":{\"@id\":\"https:\\\/\\\/www.immo-invest.ch\\\/fr\\\/zuercher-kantonsparlament-stimmt-pistenverlaengerung-zu\\\/#breadcrumblist\"},\"author\":{\"@id\":\"https:\\\/\\\/www.immo-invest.ch\\\/fr\\\/author\\\/immovestuser\\\/#author\"},\"creator\":{\"@id\":\"https:\\\/\\\/www.immo-invest.ch\\\/fr\\\/author\\\/immovestuser\\\/#author\"},\"image\":{\"@type\":\"ImageObject\",\"url\":\"https:\\\/\\\/www.immo-invest.ch\\\/wp-content\\\/uploads\\\/2020\\\/12\\\/reisen.png\",\"@id\":\"https:\\\/\\\/www.immo-invest.ch\\\/fr\\\/zuercher-kantonsparlament-stimmt-pistenverlaengerung-zu\\\/#mainImage\",\"width\":1200,\"height\":628},\"primaryImageOfPage\":{\"@id\":\"https:\\\/\\\/www.immo-invest.ch\\\/fr\\\/zuercher-kantonsparlament-stimmt-pistenverlaengerung-zu\\\/#mainImage\"},\"datePublished\":\"2023-09-05T09:00:45+02:00\",\"dateModified\":\"2023-09-05T09:14:13+02:00\"},{\"@type\":\"WebSite\",\"@id\":\"https:\\\/\\\/www.immo-invest.ch\\\/fr\\\/#website\",\"url\":\"https:\\\/\\\/www.immo-invest.ch\\\/fr\\\/\",\"name\":\"immo!nvest - Die Plattform f\\u00fcr Standorte und Immobilien\",\"description\":\"Die\\u00a0Plattform f\\u00fcr Standorte und Immobilien\",\"inLanguage\":\"fr-FR\",\"publisher\":{\"@id\":\"https:\\\/\\\/www.immo-invest.ch\\\/fr\\\/#organization\"}}]}\n\t\t<\/script>\n\t\t<!-- All in One SEO -->\n\n","aioseo_head_json":{"title":"Le parlement cantonal zurichois approuve l\u2019allongement des pistes - immo!nvest - Die Plattform f\u00fcr Standorte und Immobilien","description":"Le parlement cantonal zurichois a approuv\u00e9, \u00e0 une courte majorit\u00e9 bourgeoise, l'allongement des pistes de l'a\u00e9roport de Zurich. L'a\u00e9roport entend ainsi renforcer la s\u00e9curit\u00e9 du trafic a\u00e9rien. La Chambre de commerce zurichoise salue cette d\u00e9cision. Les \u00e9lecteurs devraient avoir le dernier mot.","canonical_url":"https:\/\/www.immo-invest.ch\/fr\/zuercher-kantonsparlament-stimmt-pistenverlaengerung-zu\/","robots":"max-image-preview:large","keywords":"","webmasterTools":{"google-site-verification":"fHJKvgWpZCR2zVBHWfkQeFXC11qieUSff0HGNYfuyLA","miscellaneous":""},"schema":{"@context":"https:\/\/schema.org","@graph":[{"@type":"BlogPosting","@id":"https:\/\/www.immo-invest.ch\/fr\/zuercher-kantonsparlament-stimmt-pistenverlaengerung-zu\/#blogposting","name":"Le parlement cantonal zurichois approuve l\u2019allongement des pistes - immo!nvest - Die Plattform f\u00fcr Standorte und Immobilien","headline":"Le parlement cantonal zurichois approuve l&rsquo;allongement des pistes","author":{"@id":"https:\/\/www.immo-invest.ch\/fr\/author\/immovestuser\/#author"},"publisher":{"@id":"https:\/\/www.immo-invest.ch\/fr\/#organization"},"image":{"@type":"ImageObject","url":"https:\/\/www.immo-invest.ch\/wp-content\/uploads\/2020\/12\/reisen.png","width":1200,"height":628},"datePublished":"2023-09-05T09:00:45+02:00","dateModified":"2023-09-05T09:14:13+02:00","inLanguage":"fr-FR","mainEntityOfPage":{"@id":"https:\/\/www.immo-invest.ch\/fr\/zuercher-kantonsparlament-stimmt-pistenverlaengerung-zu\/#webpage"},"isPartOf":{"@id":"https:\/\/www.immo-invest.ch\/fr\/zuercher-kantonsparlament-stimmt-pistenverlaengerung-zu\/#webpage"},"articleSection":"immoNews, Mobilit\u00e9, Abstimmung, Flughafen, Flugl\u00e4rm, Flugzeug, Infrastruktur, Luft, \u00d6ffentlicher Verkehr, Pistenverl\u00e4ngerung, Sicherheit, Verkehr, Facultatif"},{"@type":"BreadcrumbList","@id":"https:\/\/www.immo-invest.ch\/fr\/zuercher-kantonsparlament-stimmt-pistenverlaengerung-zu\/#breadcrumblist","itemListElement":[{"@type":"ListItem","@id":"https:\/\/www.immo-invest.ch\/fr\/#listItem","position":1,"name":"Home","item":"https:\/\/www.immo-invest.ch\/fr\/","nextItem":{"@type":"ListItem","@id":"https:\/\/www.immo-invest.ch\/fr\/categories\/trends-fr\/#listItem","name":"Trends"}},{"@type":"ListItem","@id":"https:\/\/www.immo-invest.ch\/fr\/categories\/trends-fr\/#listItem","position":2,"name":"Trends","item":"https:\/\/www.immo-invest.ch\/fr\/categories\/trends-fr\/","nextItem":{"@type":"ListItem","@id":"https:\/\/www.immo-invest.ch\/fr\/categories\/trends-fr\/mobilite\/#listItem","name":"Mobilit\u00e9"},"previousItem":{"@type":"ListItem","@id":"https:\/\/www.immo-invest.ch\/fr\/#listItem","name":"Home"}},{"@type":"ListItem","@id":"https:\/\/www.immo-invest.ch\/fr\/categories\/trends-fr\/mobilite\/#listItem","position":3,"name":"Mobilit\u00e9","item":"https:\/\/www.immo-invest.ch\/fr\/categories\/trends-fr\/mobilite\/","nextItem":{"@type":"ListItem","@id":"https:\/\/www.immo-invest.ch\/fr\/zuercher-kantonsparlament-stimmt-pistenverlaengerung-zu\/#listItem","name":"Le parlement cantonal zurichois approuve l&rsquo;allongement des pistes"},"previousItem":{"@type":"ListItem","@id":"https:\/\/www.immo-invest.ch\/fr\/categories\/trends-fr\/#listItem","name":"Trends"}},{"@type":"ListItem","@id":"https:\/\/www.immo-invest.ch\/fr\/zuercher-kantonsparlament-stimmt-pistenverlaengerung-zu\/#listItem","position":4,"name":"Le parlement cantonal zurichois approuve l&rsquo;allongement des pistes","previousItem":{"@type":"ListItem","@id":"https:\/\/www.immo-invest.ch\/fr\/categories\/trends-fr\/mobilite\/#listItem","name":"Mobilit\u00e9"}}]},{"@type":"Organization","@id":"https:\/\/www.immo-invest.ch\/fr\/#organization","name":"immo!nvest - Die Plattform f\u00fcr Standorte und Immobilien","description":"Die\u00a0Plattform f\u00fcr Standorte und Immobilien","url":"https:\/\/www.immo-invest.ch\/fr\/","email":"admin@immomedia.ag","telephone":"+41444420002","logo":{"@type":"ImageObject","url":"https:\/\/www.immo-invest.ch\/wp-content\/uploads\/2024\/09\/immoinvest_sm-scaled.jpg","@id":"https:\/\/www.immo-invest.ch\/fr\/zuercher-kantonsparlament-stimmt-pistenverlaengerung-zu\/#organizationLogo","width":2560,"height":1340},"image":{"@id":"https:\/\/www.immo-invest.ch\/fr\/zuercher-kantonsparlament-stimmt-pistenverlaengerung-zu\/#organizationLogo"},"sameAs":["https:\/\/www.facebook.com\/people\/Immoinvest\/100077962920504\/","https:\/\/x.com\/i\/flow\/login?redirect_after_login=immoinvest_ch","https:\/\/www.instagram.com\/immoinvest_ch\/","https:\/\/www.linkedin.com\/company\/immoinvest-swiss"]},{"@type":"Person","@id":"https:\/\/www.immo-invest.ch\/fr\/author\/immovestuser\/#author","url":"https:\/\/www.immo-invest.ch\/fr\/author\/immovestuser\/","name":"immovestuser","image":{"@type":"ImageObject","@id":"https:\/\/www.immo-invest.ch\/fr\/zuercher-kantonsparlament-stimmt-pistenverlaengerung-zu\/#authorImage","url":"https:\/\/secure.gravatar.com\/avatar\/8e01f4d99f2eeea7a362ebb93305e1172a70e9293ba250f897a65c39f54cdd1e?s=96&d=mm&r=g","width":96,"height":96,"caption":"immovestuser"}},{"@type":"WebPage","@id":"https:\/\/www.immo-invest.ch\/fr\/zuercher-kantonsparlament-stimmt-pistenverlaengerung-zu\/#webpage","url":"https:\/\/www.immo-invest.ch\/fr\/zuercher-kantonsparlament-stimmt-pistenverlaengerung-zu\/","name":"Le parlement cantonal zurichois approuve l\u2019allongement des pistes - immo!nvest - Die Plattform f\u00fcr Standorte und Immobilien","description":"Le parlement cantonal zurichois a approuv\u00e9, \u00e0 une courte majorit\u00e9 bourgeoise, l'allongement des pistes de l'a\u00e9roport de Zurich. L'a\u00e9roport entend ainsi renforcer la s\u00e9curit\u00e9 du trafic a\u00e9rien. La Chambre de commerce zurichoise salue cette d\u00e9cision. Les \u00e9lecteurs devraient avoir le dernier mot.","inLanguage":"fr-FR","isPartOf":{"@id":"https:\/\/www.immo-invest.ch\/fr\/#website"},"breadcrumb":{"@id":"https:\/\/www.immo-invest.ch\/fr\/zuercher-kantonsparlament-stimmt-pistenverlaengerung-zu\/#breadcrumblist"},"author":{"@id":"https:\/\/www.immo-invest.ch\/fr\/author\/immovestuser\/#author"},"creator":{"@id":"https:\/\/www.immo-invest.ch\/fr\/author\/immovestuser\/#author"},"image":{"@type":"ImageObject","url":"https:\/\/www.immo-invest.ch\/wp-content\/uploads\/2020\/12\/reisen.png","@id":"https:\/\/www.immo-invest.ch\/fr\/zuercher-kantonsparlament-stimmt-pistenverlaengerung-zu\/#mainImage","width":1200,"height":628},"primaryImageOfPage":{"@id":"https:\/\/www.immo-invest.ch\/fr\/zuercher-kantonsparlament-stimmt-pistenverlaengerung-zu\/#mainImage"},"datePublished":"2023-09-05T09:00:45+02:00","dateModified":"2023-09-05T09:14:13+02:00"},{"@type":"WebSite","@id":"https:\/\/www.immo-invest.ch\/fr\/#website","url":"https:\/\/www.immo-invest.ch\/fr\/","name":"immo!nvest - Die Plattform f\u00fcr Standorte und Immobilien","description":"Die\u00a0Plattform f\u00fcr Standorte und Immobilien","inLanguage":"fr-FR","publisher":{"@id":"https:\/\/www.immo-invest.ch\/fr\/#organization"}}]},"og:locale":"fr_FR","og:site_name":"immo!nvest - Die Plattform f\u00fcr Standorte und Immobilien - Die\u00a0Plattform f\u00fcr Standorte und Immobilien","og:type":"article","og:title":"Le parlement cantonal zurichois approuve l\u2019allongement des pistes - immo!nvest - Die Plattform f\u00fcr Standorte und Immobilien","og:description":"Le parlement cantonal zurichois a approuv\u00e9, \u00e0 une courte majorit\u00e9 bourgeoise, l'allongement des pistes de l'a\u00e9roport de Zurich. L'a\u00e9roport entend ainsi renforcer la s\u00e9curit\u00e9 du trafic a\u00e9rien. La Chambre de commerce zurichoise salue cette d\u00e9cision. Les \u00e9lecteurs devraient avoir le dernier mot.","og:url":"https:\/\/www.immo-invest.ch\/fr\/zuercher-kantonsparlament-stimmt-pistenverlaengerung-zu\/","og:image":"https:\/\/www.immo-invest.ch\/wp-content\/uploads\/2020\/12\/reisen.png","og:image:secure_url":"https:\/\/www.immo-invest.ch\/wp-content\/uploads\/2020\/12\/reisen.png","og:image:width":1200,"og:image:height":628,"article:published_time":"2023-09-05T07:00:45+00:00","article:modified_time":"2023-09-05T07:14:13+00:00","article:publisher":"https:\/\/www.facebook.com\/people\/Immoinvest\/100077962920504\/","twitter:card":"summary_large_image","twitter:site":"@i","twitter:title":"Le parlement cantonal zurichois approuve l\u2019allongement des pistes - immo!nvest - Die Plattform f\u00fcr Standorte und Immobilien","twitter:description":"Le parlement cantonal zurichois a approuv\u00e9, \u00e0 une courte majorit\u00e9 bourgeoise, l'allongement des pistes de l'a\u00e9roport de Zurich. L'a\u00e9roport entend ainsi renforcer la s\u00e9curit\u00e9 du trafic a\u00e9rien. La Chambre de commerce zurichoise salue cette d\u00e9cision. Les \u00e9lecteurs devraient avoir le dernier mot.","twitter:creator":"@i","twitter:image":"https:\/\/www.immo-invest.ch\/wp-content\/uploads\/2020\/12\/reisen.png"},"aioseo_meta_data":{"post_id":"63159","title":null,"description":null,"keywords":null,"keyphrases":null,"primary_term":null,"canonical_url":null,"og_title":null,"og_description":null,"og_object_type":"default","og_image_type":"default","og_image_url":null,"og_image_width":null,"og_image_height":null,"og_image_custom_url":null,"og_image_custom_fields":null,"og_video":null,"og_custom_url":null,"og_article_section":null,"og_article_tags":null,"twitter_use_og":false,"twitter_card":"default","twitter_image_type":"default","twitter_image_url":null,"twitter_image_custom_url":null,"twitter_image_custom_fields":null,"twitter_title":null,"twitter_description":null,"schema":{"blockGraphs":[],"customGraphs":[],"default":{"data":{"Article":[],"Course":[],"Dataset":[],"FAQPage":[],"Movie":[],"Person":[],"Product":[],"ProductReview":[],"Car":[],"Recipe":[],"Service":[],"SoftwareApplication":[],"WebPage":[]},"graphName":"","isEnabled":true},"graphs":[]},"schema_type":"default","schema_type_options":null,"pillar_content":false,"robots_default":true,"robots_noindex":false,"robots_noarchive":false,"robots_nosnippet":false,"robots_nofollow":false,"robots_noimageindex":false,"robots_noodp":false,"robots_notranslate":false,"robots_max_snippet":null,"robots_max_videopreview":null,"robots_max_imagepreview":"large","priority":null,"frequency":null,"local_seo":null,"breadcrumb_settings":null,"limit_modified_date":false,"ai":null,"created":"2024-09-20 09:00:06","updated":"2025-10-23 14:51:13","seo_analyzer_scan_date":null,"focus_keyword":null,"additional_keywords":null,"truseo_locale":null},"aioseo_breadcrumb":"<div class=\"aioseo-breadcrumbs\"><span class=\"aioseo-breadcrumb\">\n\t\t\t<a href=\"https:\/\/www.immo-invest.ch\/fr\/\" title=\"Home\">Home<\/a>\n\t\t<\/span><span class=\"aioseo-breadcrumb-separator\">&raquo;<\/span><span class=\"aioseo-breadcrumb\">\n\t\t\t<a href=\"https:\/\/www.immo-invest.ch\/fr\/categories\/trends-fr\/\" title=\"Trends\">Trends<\/a>\n\t\t<\/span><span class=\"aioseo-breadcrumb-separator\">&raquo;<\/span><span class=\"aioseo-breadcrumb\">\n\t\t\t<a href=\"https:\/\/www.immo-invest.ch\/fr\/categories\/trends-fr\/mobilite\/\" title=\"Mobilit\u00e9\">Mobilit\u00e9<\/a>\n\t\t<\/span><span class=\"aioseo-breadcrumb-separator\">&raquo;<\/span><span class=\"aioseo-breadcrumb\">\n\t\t\tLe parlement cantonal zurichois approuve l\u2019allongement des pistes\n\t\t<\/span><\/div>","aioseo_breadcrumb_json":[{"label":"Home","link":"https:\/\/www.immo-invest.ch\/fr\/"},{"label":"Trends","link":"https:\/\/www.immo-invest.ch\/fr\/categories\/trends-fr\/"},{"label":"Mobilit\u00e9","link":"https:\/\/www.immo-invest.ch\/fr\/categories\/trends-fr\/mobilite\/"},{"label":"Le parlement cantonal zurichois approuve l&rsquo;allongement des pistes","link":"https:\/\/www.immo-invest.ch\/fr\/zuercher-kantonsparlament-stimmt-pistenverlaengerung-zu\/"}],"featured_image_src":"https:\/\/www.immo-invest.ch\/wp-content\/uploads\/2020\/12\/reisen-150x150.png","_links":{"self":[{"href":"https:\/\/www.immo-invest.ch\/fr\/wp-json\/wp\/v2\/posts\/63159","targetHints":{"allow":["GET"]}}],"collection":[{"href":"https:\/\/www.immo-invest.ch\/fr\/wp-json\/wp\/v2\/posts"}],"about":[{"href":"https:\/\/www.immo-invest.ch\/fr\/wp-json\/wp\/v2\/types\/post"}],"author":[{"embeddable":true,"href":"https:\/\/www.immo-invest.ch\/fr\/wp-json\/wp\/v2\/users\/2"}],"replies":[{"embeddable":true,"href":"https:\/\/www.immo-invest.ch\/fr\/wp-json\/wp\/v2\/comments?post=63159"}],"version-history":[{"count":0,"href":"https:\/\/www.immo-invest.ch\/fr\/wp-json\/wp\/v2\/posts\/63159\/revisions"}],"wp:featuredmedia":[{"embeddable":true,"href":"https:\/\/www.immo-invest.ch\/fr\/wp-json\/wp\/v2\/media\/11108"}],"wp:attachment":[{"href":"https:\/\/www.immo-invest.ch\/fr\/wp-json\/wp\/v2\/media?parent=63159"}],"wp:term":[{"taxonomy":"category","embeddable":true,"href":"https:\/\/www.immo-invest.ch\/fr\/wp-json\/wp\/v2\/categories?post=63159"},{"taxonomy":"post_tag","embeddable":true,"href":"https:\/\/www.immo-invest.ch\/fr\/wp-json\/wp\/v2\/tags?post=63159"}],"curies":[{"name":"wp","href":"https:\/\/api.w.org\/{rel}","templated":true}]}}