{"id":63003,"date":"2023-08-30T14:47:51","date_gmt":"2023-08-30T12:47:51","guid":{"rendered":"https:\/\/www.immo-invest.ch\/coop-und-energie-360-bauen-gemeinsam-ladenetz-aus\/"},"modified":"2023-08-30T14:50:37","modified_gmt":"2023-08-30T12:50:37","slug":"coop-und-energie-360-bauen-gemeinsam-ladenetz-aus","status":"publish","type":"post","link":"https:\/\/www.immo-invest.ch\/fr\/coop-und-energie-360-bauen-gemeinsam-ladenetz-aus\/","title":{"rendered":"Coop et Energie 360\u00b0 s&rsquo;associent pour d\u00e9velopper le r\u00e9seau de recharge"},"content":{"rendered":"<p class=\"bodytext\">La <a href=\"https:\/\/www.coop.de\/\" target=\"_blank\" rel=\"noopener\">soci&eacute;t&eacute; coop&eacute;rative Coop<\/a>, dont le si&egrave;ge est &agrave; B&acirc;le, et <a href=\"https:\/\/www.energie360.ch\/de\/\" target=\"_blank\" rel=\"noopener\">Energie 360&deg; AG<\/a>, dont le si&egrave;ge est &agrave; Zurich, poursuivent leur collaboration pour la construction de stations de recharge pour v&eacute;hicules &eacute;lectriques sur les sites Coop. Selon un <a href=\"https:\/\/www.energie360.ch\/de\/referenzen\/ausbau-ladenetz-coop\/\" target=\"_blank\" rel=\"noopener\">communiqu&eacute; de presse<\/a>, depuis le d&eacute;but de leur coop&eacute;ration il y a trois ans, ils ont &eacute;quip&eacute; 120 sites Coop de 250 points de recharge. Ce nombre devrait passer &agrave; 200 d&rsquo;ici fin 2026.<\/p>\n<p class=\"bodytext\">En outre, plus de 150 stations de recharge rapide d&rsquo;une puissance comprise entre 50 et 200 kilowatts devraient voir le jour. Selon les informations fournies, la premi&egrave;re se trouve d&eacute;j&agrave; dans un magasin Coop &agrave; Dietlikon. Deux autres sont pr&eacute;vues &agrave; Winterthur Gr&uuml;ze et Rickenbach TG. L&agrave; aussi, les clients pourront bient&ocirc;t recharger leur voiture &eacute;lectrique pendant qu&rsquo;ils font leurs courses.<\/p>\n<p class=\"bodytext\">Alors que la puissance de charge peut varier entre 50 et 200 kilowatts en raison des diff&eacute;rentes possibilit&eacute;s techniques, le kilowattheure co&ucirc;te toujours 0,55 franc aux stations de charge rapide. Aux stations de recharge AC d&rsquo;une puissance de 22 kilowatts, le prix du kilowattheure est toujours de 0,29 franc.<\/p>\n<p class=\"bodytext\">Les 250 points de charge d&eacute;j&agrave; existants sont d&eacute;j&agrave; tr&egrave;s populaires. &laquo;&nbsp;Apr&egrave;s les exp&eacute;riences r&eacute;ussies, nous &eacute;tendons le partenariat avec Energie 360&deg;, densifions le r&eacute;seau de recharge, augmentons la puissance de recharge et faisons ainsi progresser le passage &agrave; la mobilit&eacute; &eacute;lectrique&nbsp;&raquo;, d&eacute;clare Martin Meister, sp&eacute;cialiste de l&rsquo;&eacute;nergie chez Coop, cit&eacute; dans le communiqu&eacute; de presse.<\/p>\n<p class=\"bodytext\">L&rsquo;extension vise &agrave; promouvoir la mobilit&eacute; &eacute;lectrique et &agrave; am&eacute;liorer l&rsquo;exp&eacute;rience de recharge pour les conducteurs de v&eacute;hicules &eacute;lectriques. &laquo;&nbsp;Nous augmentons et densifions de mani&egrave;re significative l&rsquo;offre de bornes de recharge&nbsp;&raquo;, a d&eacute;clar&eacute; Marcel Kobald, chef de projet chez Energie 360&deg;, cit&eacute; dans le communiqu&eacute;. &laquo;&nbsp;Cela profitera aux conducteurs* de voitures &eacute;lectriques dans toute la Suisse&nbsp;&raquo;<\/p>\n","protected":false},"excerpt":{"rendered":"<p>Die Detailhandelskette Coop und das Energieunternehmen Energie 360\u00b0 bauen ihre Zusammenarbeit im Bereich Ladeinfrastruktur f\u00fcr E-Autos weiter aus. Bis Ende 2026 wollen die Partner mehr als 200 Coop-Standorte mit Ladem\u00f6glichkeiten ausger\u00fcstet haben.<\/p>\n","protected":false},"author":2,"featured_media":3550,"comment_status":"open","ping_status":"open","sticky":false,"template":"","format":"standard","meta":{"pmpro_default_level":"","inline_featured_image":false,"_monsterinsights_skip_tracking":false,"footnotes":""},"categories":[9438,22696,743,4957],"tags":[2678,835,848,872,3931,2002],"class_list":["post-63003","post","type-post","status-publish","format-standard","has-post-thumbnail","hentry","category-region-bale","category-entreprise","category-immonews-fr","category-region-zurich","tag-coop-fr","tag-energie-fr","tag-immobilien-fr","tag-immoinvest-fr","tag-immonews-fr","tag-news-fr","pmpro-has-access"],"acf":{"bild_mit_ki_erstellt_worden":[],"lead":"Die Detailhandelskette Coop und das Energieunternehmen Energie 360\u00b0 bauen ihre Zusammenarbeit im Bereich Ladeinfrastruktur f\u00fcr E-Autos weiter aus. Bis Ende 2026 wollen die Partner mehr als 200 Coop-Standorte mit Ladem\u00f6glichkeiten ausger\u00fcstet haben.","autor":"ce\/ko","ort":"Basel\/Z\u00fcrich","bildunterschrift":"","bild_im_grid":false,"gallerie":"","newsim":""},"aioseo_notices":[],"aioseo_head":"\n\t\t<!-- All in One SEO 5.0.1.1 - aioseo.com -->\n\t<meta name=\"description\" content=\"Die Detailhandelskette Coop und das Energieunternehmen Energie 360\u00b0 bauen ihre Zusammenarbeit im Bereich Ladeinfrastruktur f\u00fcr E-Autos weiter aus. Bis Ende 2026 wollen die Partner mehr als 200 Coop-Standorte mit Ladem\u00f6glichkeiten ausger\u00fcstet haben.\" \/>\n\t<meta name=\"robots\" content=\"max-image-preview:large\" \/>\n\t<meta name=\"author\" content=\"immovestuser\"\/>\n\t<meta name=\"google-site-verification\" content=\"fHJKvgWpZCR2zVBHWfkQeFXC11qieUSff0HGNYfuyLA\" \/>\n\t<link rel=\"canonical\" href=\"https:\/\/www.immo-invest.ch\/fr\/coop-und-energie-360-bauen-gemeinsam-ladenetz-aus\/\" \/>\n\t<meta name=\"generator\" content=\"All in One SEO (AIOSEO) 5.0.1.1\" \/>\n\t\t<meta property=\"og:locale\" content=\"fr_FR\" \/>\n\t\t<meta property=\"og:site_name\" content=\"immo!nvest - Die Plattform f\u00fcr Standorte und Immobilien - Die\u00a0Plattform f\u00fcr Standorte und Immobilien\" \/>\n\t\t<meta property=\"og:type\" content=\"article\" \/>\n\t\t<meta property=\"og:title\" content=\"Coop et Energie 360\u00b0 s\u2019associent pour d\u00e9velopper le r\u00e9seau de recharge - immo!nvest - Die Plattform f\u00fcr Standorte und Immobilien\" \/>\n\t\t<meta property=\"og:description\" content=\"Die Detailhandelskette Coop und das Energieunternehmen Energie 360\u00b0 bauen ihre Zusammenarbeit im Bereich Ladeinfrastruktur f\u00fcr E-Autos weiter aus. Bis Ende 2026 wollen die Partner mehr als 200 Coop-Standorte mit Ladem\u00f6glichkeiten ausger\u00fcstet haben.\" \/>\n\t\t<meta property=\"og:url\" content=\"https:\/\/www.immo-invest.ch\/fr\/coop-und-energie-360-bauen-gemeinsam-ladenetz-aus\/\" \/>\n\t\t<meta property=\"og:image\" content=\"https:\/\/www.immo-invest.ch\/wp-content\/uploads\/2020\/04\/energie_5_1.png\" \/>\n\t\t<meta property=\"og:image:secure_url\" content=\"https:\/\/www.immo-invest.ch\/wp-content\/uploads\/2020\/04\/energie_5_1.png\" \/>\n\t\t<meta property=\"og:image:width\" content=\"1200\" \/>\n\t\t<meta property=\"og:image:height\" content=\"675\" \/>\n\t\t<meta property=\"article:published_time\" content=\"2023-08-30T12:47:51+00:00\" \/>\n\t\t<meta property=\"article:modified_time\" content=\"2023-08-30T12:50:37+00:00\" \/>\n\t\t<meta property=\"article:publisher\" content=\"https:\/\/www.facebook.com\/people\/Immoinvest\/100077962920504\/\" \/>\n\t\t<meta name=\"twitter:card\" content=\"summary_large_image\" \/>\n\t\t<meta name=\"twitter:site\" content=\"@i\" \/>\n\t\t<meta name=\"twitter:title\" content=\"Coop et Energie 360\u00b0 s\u2019associent pour d\u00e9velopper le r\u00e9seau de recharge - immo!nvest - Die Plattform f\u00fcr Standorte und Immobilien\" \/>\n\t\t<meta name=\"twitter:description\" content=\"Die Detailhandelskette Coop und das Energieunternehmen Energie 360\u00b0 bauen ihre Zusammenarbeit im Bereich Ladeinfrastruktur f\u00fcr E-Autos weiter aus. Bis Ende 2026 wollen die Partner mehr als 200 Coop-Standorte mit Ladem\u00f6glichkeiten ausger\u00fcstet haben.\" \/>\n\t\t<meta name=\"twitter:creator\" content=\"@i\" \/>\n\t\t<meta name=\"twitter:image\" content=\"https:\/\/www.immo-invest.ch\/wp-content\/uploads\/2020\/04\/energie_5_1.png\" \/>\n\t\t<script type=\"application\/ld+json\" class=\"aioseo-schema\">\n\t\t\t{\"@context\":\"https:\\\/\\\/schema.org\",\"@graph\":[{\"@type\":\"BlogPosting\",\"@id\":\"https:\\\/\\\/www.immo-invest.ch\\\/fr\\\/coop-und-energie-360-bauen-gemeinsam-ladenetz-aus\\\/#blogposting\",\"name\":\"Coop et Energie 360\\u00b0 s\\u2019associent pour d\\u00e9velopper le r\\u00e9seau de recharge - immo!nvest - Die Plattform f\\u00fcr Standorte und Immobilien\",\"headline\":\"Coop et Energie 360\\u00b0 s&rsquo;associent pour d\\u00e9velopper le r\\u00e9seau de recharge\",\"author\":{\"@id\":\"https:\\\/\\\/www.immo-invest.ch\\\/fr\\\/author\\\/immovestuser\\\/#author\"},\"publisher\":{\"@id\":\"https:\\\/\\\/www.immo-invest.ch\\\/fr\\\/#organization\"},\"image\":{\"@type\":\"ImageObject\",\"url\":\"https:\\\/\\\/www.immo-invest.ch\\\/wp-content\\\/uploads\\\/2020\\\/04\\\/energie_5_1.png\",\"width\":1200,\"height\":675},\"datePublished\":\"2023-08-30T14:47:51+02:00\",\"dateModified\":\"2023-08-30T14:50:37+02:00\",\"inLanguage\":\"fr-FR\",\"mainEntityOfPage\":{\"@id\":\"https:\\\/\\\/www.immo-invest.ch\\\/fr\\\/coop-und-energie-360-bauen-gemeinsam-ladenetz-aus\\\/#webpage\"},\"isPartOf\":{\"@id\":\"https:\\\/\\\/www.immo-invest.ch\\\/fr\\\/coop-und-energie-360-bauen-gemeinsam-ladenetz-aus\\\/#webpage\"},\"articleSection\":\"B\\u00e2le, Entreprise, immoNews, Zurich, Coop, Energie, immobilien, Immoinvest, immoNews, News, Facultatif\"},{\"@type\":\"BreadcrumbList\",\"@id\":\"https:\\\/\\\/www.immo-invest.ch\\\/fr\\\/coop-und-energie-360-bauen-gemeinsam-ladenetz-aus\\\/#breadcrumblist\",\"itemListElement\":[{\"@type\":\"ListItem\",\"@id\":\"https:\\\/\\\/www.immo-invest.ch\\\/fr\\\/#listItem\",\"position\":1,\"name\":\"Home\",\"item\":\"https:\\\/\\\/www.immo-invest.ch\\\/fr\\\/\",\"nextItem\":{\"@type\":\"ListItem\",\"@id\":\"https:\\\/\\\/www.immo-invest.ch\\\/fr\\\/categories\\\/regions\\\/#listItem\",\"name\":\"R\\u00e9gions\"}},{\"@type\":\"ListItem\",\"@id\":\"https:\\\/\\\/www.immo-invest.ch\\\/fr\\\/categories\\\/regions\\\/#listItem\",\"position\":2,\"name\":\"R\\u00e9gions\",\"item\":\"https:\\\/\\\/www.immo-invest.ch\\\/fr\\\/categories\\\/regions\\\/\",\"nextItem\":{\"@type\":\"ListItem\",\"@id\":\"https:\\\/\\\/www.immo-invest.ch\\\/fr\\\/categories\\\/regions\\\/suisse\\\/#listItem\",\"name\":\"Suisse\"},\"previousItem\":{\"@type\":\"ListItem\",\"@id\":\"https:\\\/\\\/www.immo-invest.ch\\\/fr\\\/#listItem\",\"name\":\"Home\"}},{\"@type\":\"ListItem\",\"@id\":\"https:\\\/\\\/www.immo-invest.ch\\\/fr\\\/categories\\\/regions\\\/suisse\\\/#listItem\",\"position\":3,\"name\":\"Suisse\",\"item\":\"https:\\\/\\\/www.immo-invest.ch\\\/fr\\\/categories\\\/regions\\\/suisse\\\/\",\"nextItem\":{\"@type\":\"ListItem\",\"@id\":\"https:\\\/\\\/www.immo-invest.ch\\\/fr\\\/categories\\\/regions\\\/suisse\\\/suisse-du-nord-ouest\\\/#listItem\",\"name\":\"Suisse du Nord-Ouest\"},\"previousItem\":{\"@type\":\"ListItem\",\"@id\":\"https:\\\/\\\/www.immo-invest.ch\\\/fr\\\/categories\\\/regions\\\/#listItem\",\"name\":\"R\\u00e9gions\"}},{\"@type\":\"ListItem\",\"@id\":\"https:\\\/\\\/www.immo-invest.ch\\\/fr\\\/categories\\\/regions\\\/suisse\\\/suisse-du-nord-ouest\\\/#listItem\",\"position\":4,\"name\":\"Suisse du Nord-Ouest\",\"item\":\"https:\\\/\\\/www.immo-invest.ch\\\/fr\\\/categories\\\/regions\\\/suisse\\\/suisse-du-nord-ouest\\\/\",\"nextItem\":{\"@type\":\"ListItem\",\"@id\":\"https:\\\/\\\/www.immo-invest.ch\\\/fr\\\/categories\\\/regions\\\/suisse\\\/suisse-du-nord-ouest\\\/region-bale\\\/#listItem\",\"name\":\"B\\u00e2le\"},\"previousItem\":{\"@type\":\"ListItem\",\"@id\":\"https:\\\/\\\/www.immo-invest.ch\\\/fr\\\/categories\\\/regions\\\/suisse\\\/#listItem\",\"name\":\"Suisse\"}},{\"@type\":\"ListItem\",\"@id\":\"https:\\\/\\\/www.immo-invest.ch\\\/fr\\\/categories\\\/regions\\\/suisse\\\/suisse-du-nord-ouest\\\/region-bale\\\/#listItem\",\"position\":5,\"name\":\"B\\u00e2le\",\"item\":\"https:\\\/\\\/www.immo-invest.ch\\\/fr\\\/categories\\\/regions\\\/suisse\\\/suisse-du-nord-ouest\\\/region-bale\\\/\",\"nextItem\":{\"@type\":\"ListItem\",\"@id\":\"https:\\\/\\\/www.immo-invest.ch\\\/fr\\\/coop-und-energie-360-bauen-gemeinsam-ladenetz-aus\\\/#listItem\",\"name\":\"Coop et Energie 360\\u00b0 s&rsquo;associent pour d\\u00e9velopper le r\\u00e9seau de recharge\"},\"previousItem\":{\"@type\":\"ListItem\",\"@id\":\"https:\\\/\\\/www.immo-invest.ch\\\/fr\\\/categories\\\/regions\\\/suisse\\\/suisse-du-nord-ouest\\\/#listItem\",\"name\":\"Suisse du Nord-Ouest\"}},{\"@type\":\"ListItem\",\"@id\":\"https:\\\/\\\/www.immo-invest.ch\\\/fr\\\/coop-und-energie-360-bauen-gemeinsam-ladenetz-aus\\\/#listItem\",\"position\":6,\"name\":\"Coop et Energie 360\\u00b0 s&rsquo;associent pour d\\u00e9velopper le r\\u00e9seau de recharge\",\"previousItem\":{\"@type\":\"ListItem\",\"@id\":\"https:\\\/\\\/www.immo-invest.ch\\\/fr\\\/categories\\\/regions\\\/suisse\\\/suisse-du-nord-ouest\\\/region-bale\\\/#listItem\",\"name\":\"B\\u00e2le\"}}]},{\"@type\":\"Organization\",\"@id\":\"https:\\\/\\\/www.immo-invest.ch\\\/fr\\\/#organization\",\"name\":\"immo!nvest - Die Plattform f\\u00fcr Standorte und Immobilien\",\"description\":\"Die\\u00a0Plattform f\\u00fcr Standorte und Immobilien\",\"url\":\"https:\\\/\\\/www.immo-invest.ch\\\/fr\\\/\",\"email\":\"admin@immomedia.ag\",\"telephone\":\"+41444420002\",\"logo\":{\"@type\":\"ImageObject\",\"url\":\"https:\\\/\\\/www.immo-invest.ch\\\/wp-content\\\/uploads\\\/2024\\\/09\\\/immoinvest_sm-scaled.jpg\",\"@id\":\"https:\\\/\\\/www.immo-invest.ch\\\/fr\\\/coop-und-energie-360-bauen-gemeinsam-ladenetz-aus\\\/#organizationLogo\",\"width\":2560,\"height\":1340},\"image\":{\"@id\":\"https:\\\/\\\/www.immo-invest.ch\\\/fr\\\/coop-und-energie-360-bauen-gemeinsam-ladenetz-aus\\\/#organizationLogo\"},\"sameAs\":[\"https:\\\/\\\/www.facebook.com\\\/people\\\/Immoinvest\\\/100077962920504\\\/\",\"https:\\\/\\\/x.com\\\/i\\\/flow\\\/login?redirect_after_login=immoinvest_ch\",\"https:\\\/\\\/www.instagram.com\\\/immoinvest_ch\\\/\",\"https:\\\/\\\/www.linkedin.com\\\/company\\\/immoinvest-swiss\"]},{\"@type\":\"Person\",\"@id\":\"https:\\\/\\\/www.immo-invest.ch\\\/fr\\\/author\\\/immovestuser\\\/#author\",\"url\":\"https:\\\/\\\/www.immo-invest.ch\\\/fr\\\/author\\\/immovestuser\\\/\",\"name\":\"immovestuser\",\"image\":{\"@type\":\"ImageObject\",\"@id\":\"https:\\\/\\\/www.immo-invest.ch\\\/fr\\\/coop-und-energie-360-bauen-gemeinsam-ladenetz-aus\\\/#authorImage\",\"url\":\"https:\\\/\\\/secure.gravatar.com\\\/avatar\\\/8e01f4d99f2eeea7a362ebb93305e1172a70e9293ba250f897a65c39f54cdd1e?s=96&d=mm&r=g\",\"width\":96,\"height\":96,\"caption\":\"immovestuser\"}},{\"@type\":\"WebPage\",\"@id\":\"https:\\\/\\\/www.immo-invest.ch\\\/fr\\\/coop-und-energie-360-bauen-gemeinsam-ladenetz-aus\\\/#webpage\",\"url\":\"https:\\\/\\\/www.immo-invest.ch\\\/fr\\\/coop-und-energie-360-bauen-gemeinsam-ladenetz-aus\\\/\",\"name\":\"Coop et Energie 360\\u00b0 s\\u2019associent pour d\\u00e9velopper le r\\u00e9seau de recharge - immo!nvest - Die Plattform f\\u00fcr Standorte und Immobilien\",\"description\":\"Die Detailhandelskette Coop und das Energieunternehmen Energie 360\\u00b0 bauen ihre Zusammenarbeit im Bereich Ladeinfrastruktur f\\u00fcr E-Autos weiter aus. Bis Ende 2026 wollen die Partner mehr als 200 Coop-Standorte mit Ladem\\u00f6glichkeiten ausger\\u00fcstet haben.\",\"inLanguage\":\"fr-FR\",\"isPartOf\":{\"@id\":\"https:\\\/\\\/www.immo-invest.ch\\\/fr\\\/#website\"},\"breadcrumb\":{\"@id\":\"https:\\\/\\\/www.immo-invest.ch\\\/fr\\\/coop-und-energie-360-bauen-gemeinsam-ladenetz-aus\\\/#breadcrumblist\"},\"author\":{\"@id\":\"https:\\\/\\\/www.immo-invest.ch\\\/fr\\\/author\\\/immovestuser\\\/#author\"},\"creator\":{\"@id\":\"https:\\\/\\\/www.immo-invest.ch\\\/fr\\\/author\\\/immovestuser\\\/#author\"},\"image\":{\"@type\":\"ImageObject\",\"url\":\"https:\\\/\\\/www.immo-invest.ch\\\/wp-content\\\/uploads\\\/2020\\\/04\\\/energie_5_1.png\",\"@id\":\"https:\\\/\\\/www.immo-invest.ch\\\/fr\\\/coop-und-energie-360-bauen-gemeinsam-ladenetz-aus\\\/#mainImage\",\"width\":1200,\"height\":675},\"primaryImageOfPage\":{\"@id\":\"https:\\\/\\\/www.immo-invest.ch\\\/fr\\\/coop-und-energie-360-bauen-gemeinsam-ladenetz-aus\\\/#mainImage\"},\"datePublished\":\"2023-08-30T14:47:51+02:00\",\"dateModified\":\"2023-08-30T14:50:37+02:00\"},{\"@type\":\"WebSite\",\"@id\":\"https:\\\/\\\/www.immo-invest.ch\\\/fr\\\/#website\",\"url\":\"https:\\\/\\\/www.immo-invest.ch\\\/fr\\\/\",\"name\":\"immo!nvest - Die Plattform f\\u00fcr Standorte und Immobilien\",\"description\":\"Die\\u00a0Plattform f\\u00fcr Standorte und Immobilien\",\"inLanguage\":\"fr-FR\",\"publisher\":{\"@id\":\"https:\\\/\\\/www.immo-invest.ch\\\/fr\\\/#organization\"}}]}\n\t\t<\/script>\n\t\t<!-- All in One SEO -->\n\n","aioseo_head_json":{"title":"Coop et Energie 360\u00b0 s\u2019associent pour d\u00e9velopper le r\u00e9seau de recharge - immo!nvest - Die Plattform f\u00fcr Standorte und Immobilien","description":"Die Detailhandelskette Coop und das Energieunternehmen Energie 360\u00b0 bauen ihre Zusammenarbeit im Bereich Ladeinfrastruktur f\u00fcr E-Autos weiter aus. Bis Ende 2026 wollen die Partner mehr als 200 Coop-Standorte mit Ladem\u00f6glichkeiten ausger\u00fcstet haben.","canonical_url":"https:\/\/www.immo-invest.ch\/fr\/coop-und-energie-360-bauen-gemeinsam-ladenetz-aus\/","robots":"max-image-preview:large","keywords":"","webmasterTools":{"google-site-verification":"fHJKvgWpZCR2zVBHWfkQeFXC11qieUSff0HGNYfuyLA","miscellaneous":""},"schema":{"@context":"https:\/\/schema.org","@graph":[{"@type":"BlogPosting","@id":"https:\/\/www.immo-invest.ch\/fr\/coop-und-energie-360-bauen-gemeinsam-ladenetz-aus\/#blogposting","name":"Coop et Energie 360\u00b0 s\u2019associent pour d\u00e9velopper le r\u00e9seau de recharge - immo!nvest - Die Plattform f\u00fcr Standorte und Immobilien","headline":"Coop et Energie 360\u00b0 s&rsquo;associent pour d\u00e9velopper le r\u00e9seau de recharge","author":{"@id":"https:\/\/www.immo-invest.ch\/fr\/author\/immovestuser\/#author"},"publisher":{"@id":"https:\/\/www.immo-invest.ch\/fr\/#organization"},"image":{"@type":"ImageObject","url":"https:\/\/www.immo-invest.ch\/wp-content\/uploads\/2020\/04\/energie_5_1.png","width":1200,"height":675},"datePublished":"2023-08-30T14:47:51+02:00","dateModified":"2023-08-30T14:50:37+02:00","inLanguage":"fr-FR","mainEntityOfPage":{"@id":"https:\/\/www.immo-invest.ch\/fr\/coop-und-energie-360-bauen-gemeinsam-ladenetz-aus\/#webpage"},"isPartOf":{"@id":"https:\/\/www.immo-invest.ch\/fr\/coop-und-energie-360-bauen-gemeinsam-ladenetz-aus\/#webpage"},"articleSection":"B\u00e2le, Entreprise, immoNews, Zurich, Coop, Energie, immobilien, Immoinvest, immoNews, News, Facultatif"},{"@type":"BreadcrumbList","@id":"https:\/\/www.immo-invest.ch\/fr\/coop-und-energie-360-bauen-gemeinsam-ladenetz-aus\/#breadcrumblist","itemListElement":[{"@type":"ListItem","@id":"https:\/\/www.immo-invest.ch\/fr\/#listItem","position":1,"name":"Home","item":"https:\/\/www.immo-invest.ch\/fr\/","nextItem":{"@type":"ListItem","@id":"https:\/\/www.immo-invest.ch\/fr\/categories\/regions\/#listItem","name":"R\u00e9gions"}},{"@type":"ListItem","@id":"https:\/\/www.immo-invest.ch\/fr\/categories\/regions\/#listItem","position":2,"name":"R\u00e9gions","item":"https:\/\/www.immo-invest.ch\/fr\/categories\/regions\/","nextItem":{"@type":"ListItem","@id":"https:\/\/www.immo-invest.ch\/fr\/categories\/regions\/suisse\/#listItem","name":"Suisse"},"previousItem":{"@type":"ListItem","@id":"https:\/\/www.immo-invest.ch\/fr\/#listItem","name":"Home"}},{"@type":"ListItem","@id":"https:\/\/www.immo-invest.ch\/fr\/categories\/regions\/suisse\/#listItem","position":3,"name":"Suisse","item":"https:\/\/www.immo-invest.ch\/fr\/categories\/regions\/suisse\/","nextItem":{"@type":"ListItem","@id":"https:\/\/www.immo-invest.ch\/fr\/categories\/regions\/suisse\/suisse-du-nord-ouest\/#listItem","name":"Suisse du Nord-Ouest"},"previousItem":{"@type":"ListItem","@id":"https:\/\/www.immo-invest.ch\/fr\/categories\/regions\/#listItem","name":"R\u00e9gions"}},{"@type":"ListItem","@id":"https:\/\/www.immo-invest.ch\/fr\/categories\/regions\/suisse\/suisse-du-nord-ouest\/#listItem","position":4,"name":"Suisse du Nord-Ouest","item":"https:\/\/www.immo-invest.ch\/fr\/categories\/regions\/suisse\/suisse-du-nord-ouest\/","nextItem":{"@type":"ListItem","@id":"https:\/\/www.immo-invest.ch\/fr\/categories\/regions\/suisse\/suisse-du-nord-ouest\/region-bale\/#listItem","name":"B\u00e2le"},"previousItem":{"@type":"ListItem","@id":"https:\/\/www.immo-invest.ch\/fr\/categories\/regions\/suisse\/#listItem","name":"Suisse"}},{"@type":"ListItem","@id":"https:\/\/www.immo-invest.ch\/fr\/categories\/regions\/suisse\/suisse-du-nord-ouest\/region-bale\/#listItem","position":5,"name":"B\u00e2le","item":"https:\/\/www.immo-invest.ch\/fr\/categories\/regions\/suisse\/suisse-du-nord-ouest\/region-bale\/","nextItem":{"@type":"ListItem","@id":"https:\/\/www.immo-invest.ch\/fr\/coop-und-energie-360-bauen-gemeinsam-ladenetz-aus\/#listItem","name":"Coop et Energie 360\u00b0 s&rsquo;associent pour d\u00e9velopper le r\u00e9seau de recharge"},"previousItem":{"@type":"ListItem","@id":"https:\/\/www.immo-invest.ch\/fr\/categories\/regions\/suisse\/suisse-du-nord-ouest\/#listItem","name":"Suisse du Nord-Ouest"}},{"@type":"ListItem","@id":"https:\/\/www.immo-invest.ch\/fr\/coop-und-energie-360-bauen-gemeinsam-ladenetz-aus\/#listItem","position":6,"name":"Coop et Energie 360\u00b0 s&rsquo;associent pour d\u00e9velopper le r\u00e9seau de recharge","previousItem":{"@type":"ListItem","@id":"https:\/\/www.immo-invest.ch\/fr\/categories\/regions\/suisse\/suisse-du-nord-ouest\/region-bale\/#listItem","name":"B\u00e2le"}}]},{"@type":"Organization","@id":"https:\/\/www.immo-invest.ch\/fr\/#organization","name":"immo!nvest - Die Plattform f\u00fcr Standorte und Immobilien","description":"Die\u00a0Plattform f\u00fcr Standorte und Immobilien","url":"https:\/\/www.immo-invest.ch\/fr\/","email":"admin@immomedia.ag","telephone":"+41444420002","logo":{"@type":"ImageObject","url":"https:\/\/www.immo-invest.ch\/wp-content\/uploads\/2024\/09\/immoinvest_sm-scaled.jpg","@id":"https:\/\/www.immo-invest.ch\/fr\/coop-und-energie-360-bauen-gemeinsam-ladenetz-aus\/#organizationLogo","width":2560,"height":1340},"image":{"@id":"https:\/\/www.immo-invest.ch\/fr\/coop-und-energie-360-bauen-gemeinsam-ladenetz-aus\/#organizationLogo"},"sameAs":["https:\/\/www.facebook.com\/people\/Immoinvest\/100077962920504\/","https:\/\/x.com\/i\/flow\/login?redirect_after_login=immoinvest_ch","https:\/\/www.instagram.com\/immoinvest_ch\/","https:\/\/www.linkedin.com\/company\/immoinvest-swiss"]},{"@type":"Person","@id":"https:\/\/www.immo-invest.ch\/fr\/author\/immovestuser\/#author","url":"https:\/\/www.immo-invest.ch\/fr\/author\/immovestuser\/","name":"immovestuser","image":{"@type":"ImageObject","@id":"https:\/\/www.immo-invest.ch\/fr\/coop-und-energie-360-bauen-gemeinsam-ladenetz-aus\/#authorImage","url":"https:\/\/secure.gravatar.com\/avatar\/8e01f4d99f2eeea7a362ebb93305e1172a70e9293ba250f897a65c39f54cdd1e?s=96&d=mm&r=g","width":96,"height":96,"caption":"immovestuser"}},{"@type":"WebPage","@id":"https:\/\/www.immo-invest.ch\/fr\/coop-und-energie-360-bauen-gemeinsam-ladenetz-aus\/#webpage","url":"https:\/\/www.immo-invest.ch\/fr\/coop-und-energie-360-bauen-gemeinsam-ladenetz-aus\/","name":"Coop et Energie 360\u00b0 s\u2019associent pour d\u00e9velopper le r\u00e9seau de recharge - immo!nvest - Die Plattform f\u00fcr Standorte und Immobilien","description":"Die Detailhandelskette Coop und das Energieunternehmen Energie 360\u00b0 bauen ihre Zusammenarbeit im Bereich Ladeinfrastruktur f\u00fcr E-Autos weiter aus. Bis Ende 2026 wollen die Partner mehr als 200 Coop-Standorte mit Ladem\u00f6glichkeiten ausger\u00fcstet haben.","inLanguage":"fr-FR","isPartOf":{"@id":"https:\/\/www.immo-invest.ch\/fr\/#website"},"breadcrumb":{"@id":"https:\/\/www.immo-invest.ch\/fr\/coop-und-energie-360-bauen-gemeinsam-ladenetz-aus\/#breadcrumblist"},"author":{"@id":"https:\/\/www.immo-invest.ch\/fr\/author\/immovestuser\/#author"},"creator":{"@id":"https:\/\/www.immo-invest.ch\/fr\/author\/immovestuser\/#author"},"image":{"@type":"ImageObject","url":"https:\/\/www.immo-invest.ch\/wp-content\/uploads\/2020\/04\/energie_5_1.png","@id":"https:\/\/www.immo-invest.ch\/fr\/coop-und-energie-360-bauen-gemeinsam-ladenetz-aus\/#mainImage","width":1200,"height":675},"primaryImageOfPage":{"@id":"https:\/\/www.immo-invest.ch\/fr\/coop-und-energie-360-bauen-gemeinsam-ladenetz-aus\/#mainImage"},"datePublished":"2023-08-30T14:47:51+02:00","dateModified":"2023-08-30T14:50:37+02:00"},{"@type":"WebSite","@id":"https:\/\/www.immo-invest.ch\/fr\/#website","url":"https:\/\/www.immo-invest.ch\/fr\/","name":"immo!nvest - Die Plattform f\u00fcr Standorte und Immobilien","description":"Die\u00a0Plattform f\u00fcr Standorte und Immobilien","inLanguage":"fr-FR","publisher":{"@id":"https:\/\/www.immo-invest.ch\/fr\/#organization"}}]},"og:locale":"fr_FR","og:site_name":"immo!nvest - Die Plattform f\u00fcr Standorte und Immobilien - Die\u00a0Plattform f\u00fcr Standorte und Immobilien","og:type":"article","og:title":"Coop et Energie 360\u00b0 s\u2019associent pour d\u00e9velopper le r\u00e9seau de recharge - immo!nvest - Die Plattform f\u00fcr Standorte und Immobilien","og:description":"Die Detailhandelskette Coop und das Energieunternehmen Energie 360\u00b0 bauen ihre Zusammenarbeit im Bereich Ladeinfrastruktur f\u00fcr E-Autos weiter aus. Bis Ende 2026 wollen die Partner mehr als 200 Coop-Standorte mit Ladem\u00f6glichkeiten ausger\u00fcstet haben.","og:url":"https:\/\/www.immo-invest.ch\/fr\/coop-und-energie-360-bauen-gemeinsam-ladenetz-aus\/","og:image":"https:\/\/www.immo-invest.ch\/wp-content\/uploads\/2020\/04\/energie_5_1.png","og:image:secure_url":"https:\/\/www.immo-invest.ch\/wp-content\/uploads\/2020\/04\/energie_5_1.png","og:image:width":1200,"og:image:height":675,"article:published_time":"2023-08-30T12:47:51+00:00","article:modified_time":"2023-08-30T12:50:37+00:00","article:publisher":"https:\/\/www.facebook.com\/people\/Immoinvest\/100077962920504\/","twitter:card":"summary_large_image","twitter:site":"@i","twitter:title":"Coop et Energie 360\u00b0 s\u2019associent pour d\u00e9velopper le r\u00e9seau de recharge - immo!nvest - Die Plattform f\u00fcr Standorte und Immobilien","twitter:description":"Die Detailhandelskette Coop und das Energieunternehmen Energie 360\u00b0 bauen ihre Zusammenarbeit im Bereich Ladeinfrastruktur f\u00fcr E-Autos weiter aus. Bis Ende 2026 wollen die Partner mehr als 200 Coop-Standorte mit Ladem\u00f6glichkeiten ausger\u00fcstet haben.","twitter:creator":"@i","twitter:image":"https:\/\/www.immo-invest.ch\/wp-content\/uploads\/2020\/04\/energie_5_1.png"},"aioseo_meta_data":{"post_id":"63003","title":null,"description":null,"keywords":null,"keyphrases":null,"primary_term":null,"canonical_url":null,"og_title":null,"og_description":null,"og_object_type":"default","og_image_type":"default","og_image_url":null,"og_image_width":null,"og_image_height":null,"og_image_custom_url":null,"og_image_custom_fields":null,"og_video":null,"og_custom_url":null,"og_article_section":null,"og_article_tags":null,"twitter_use_og":false,"twitter_card":"default","twitter_image_type":"default","twitter_image_url":null,"twitter_image_custom_url":null,"twitter_image_custom_fields":null,"twitter_title":null,"twitter_description":null,"schema":{"blockGraphs":[],"customGraphs":[],"default":{"data":{"Article":[],"Course":[],"Dataset":[],"FAQPage":[],"Movie":[],"Person":[],"Product":[],"ProductReview":[],"Car":[],"Recipe":[],"Service":[],"SoftwareApplication":[],"WebPage":[]},"graphName":"","isEnabled":true},"graphs":[]},"schema_type":"default","schema_type_options":null,"pillar_content":false,"robots_default":true,"robots_noindex":false,"robots_noarchive":false,"robots_nosnippet":false,"robots_nofollow":false,"robots_noimageindex":false,"robots_noodp":false,"robots_notranslate":false,"robots_max_snippet":null,"robots_max_videopreview":null,"robots_max_imagepreview":"large","priority":null,"frequency":null,"local_seo":null,"breadcrumb_settings":null,"limit_modified_date":false,"ai":null,"created":"2024-09-20 08:54:59","updated":"2025-10-23 14:47:12","seo_analyzer_scan_date":null,"focus_keyword":null,"additional_keywords":null,"truseo_locale":null},"aioseo_breadcrumb":"<div class=\"aioseo-breadcrumbs\"><span class=\"aioseo-breadcrumb\">\n\t\t\t<a href=\"https:\/\/www.immo-invest.ch\/fr\/\" title=\"Home\">Home<\/a>\n\t\t<\/span><span class=\"aioseo-breadcrumb-separator\">&raquo;<\/span><span class=\"aioseo-breadcrumb\">\n\t\t\t<a href=\"https:\/\/www.immo-invest.ch\/fr\/categories\/regions\/\" title=\"R\u00e9gions\">R\u00e9gions<\/a>\n\t\t<\/span><span class=\"aioseo-breadcrumb-separator\">&raquo;<\/span><span class=\"aioseo-breadcrumb\">\n\t\t\t<a href=\"https:\/\/www.immo-invest.ch\/fr\/categories\/regions\/suisse\/\" title=\"Suisse\">Suisse<\/a>\n\t\t<\/span><span class=\"aioseo-breadcrumb-separator\">&raquo;<\/span><span class=\"aioseo-breadcrumb\">\n\t\t\t<a href=\"https:\/\/www.immo-invest.ch\/fr\/categories\/regions\/suisse\/suisse-du-nord-ouest\/\" title=\"Suisse du Nord-Ouest\">Suisse du Nord-Ouest<\/a>\n\t\t<\/span><span class=\"aioseo-breadcrumb-separator\">&raquo;<\/span><span class=\"aioseo-breadcrumb\">\n\t\t\t<a href=\"https:\/\/www.immo-invest.ch\/fr\/categories\/regions\/suisse\/suisse-du-nord-ouest\/region-bale\/\" title=\"B\u00e2le\">B\u00e2le<\/a>\n\t\t<\/span><span class=\"aioseo-breadcrumb-separator\">&raquo;<\/span><span class=\"aioseo-breadcrumb\">\n\t\t\tCoop et Energie 360\u00b0 s\u2019associent pour d\u00e9velopper le r\u00e9seau de recharge\n\t\t<\/span><\/div>","aioseo_breadcrumb_json":[{"label":"Home","link":"https:\/\/www.immo-invest.ch\/fr\/"},{"label":"R\u00e9gions","link":"https:\/\/www.immo-invest.ch\/fr\/categories\/regions\/"},{"label":"Suisse","link":"https:\/\/www.immo-invest.ch\/fr\/categories\/regions\/suisse\/"},{"label":"Suisse du Nord-Ouest","link":"https:\/\/www.immo-invest.ch\/fr\/categories\/regions\/suisse\/suisse-du-nord-ouest\/"},{"label":"B\u00e2le","link":"https:\/\/www.immo-invest.ch\/fr\/categories\/regions\/suisse\/suisse-du-nord-ouest\/region-bale\/"},{"label":"Coop et Energie 360\u00b0 s&rsquo;associent pour d\u00e9velopper le r\u00e9seau de recharge","link":"https:\/\/www.immo-invest.ch\/fr\/coop-und-energie-360-bauen-gemeinsam-ladenetz-aus\/"}],"featured_image_src":"https:\/\/www.immo-invest.ch\/wp-content\/uploads\/2020\/04\/energie_5_1-150x150.png","_links":{"self":[{"href":"https:\/\/www.immo-invest.ch\/fr\/wp-json\/wp\/v2\/posts\/63003","targetHints":{"allow":["GET"]}}],"collection":[{"href":"https:\/\/www.immo-invest.ch\/fr\/wp-json\/wp\/v2\/posts"}],"about":[{"href":"https:\/\/www.immo-invest.ch\/fr\/wp-json\/wp\/v2\/types\/post"}],"author":[{"embeddable":true,"href":"https:\/\/www.immo-invest.ch\/fr\/wp-json\/wp\/v2\/users\/2"}],"replies":[{"embeddable":true,"href":"https:\/\/www.immo-invest.ch\/fr\/wp-json\/wp\/v2\/comments?post=63003"}],"version-history":[{"count":0,"href":"https:\/\/www.immo-invest.ch\/fr\/wp-json\/wp\/v2\/posts\/63003\/revisions"}],"wp:featuredmedia":[{"embeddable":true,"href":"https:\/\/www.immo-invest.ch\/fr\/wp-json\/wp\/v2\/media\/3550"}],"wp:attachment":[{"href":"https:\/\/www.immo-invest.ch\/fr\/wp-json\/wp\/v2\/media?parent=63003"}],"wp:term":[{"taxonomy":"category","embeddable":true,"href":"https:\/\/www.immo-invest.ch\/fr\/wp-json\/wp\/v2\/categories?post=63003"},{"taxonomy":"post_tag","embeddable":true,"href":"https:\/\/www.immo-invest.ch\/fr\/wp-json\/wp\/v2\/tags?post=63003"}],"curies":[{"name":"wp","href":"https:\/\/api.w.org\/{rel}","templated":true}]}}