{"id":62936,"date":"2023-08-29T14:50:16","date_gmt":"2023-08-29T12:50:16","guid":{"rendered":"https:\/\/www.immo-invest.ch\/axa-feiert-den-abschluss-einer-der-grossten-bewohnten-sanierungen\/"},"modified":"2023-08-29T15:42:53","modified_gmt":"2023-08-29T13:42:53","slug":"axa-feiert-den-abschluss-einer-der-grossten-bewohnten-sanierungen","status":"publish","type":"post","link":"https:\/\/www.immo-invest.ch\/fr\/axa-feiert-den-abschluss-einer-der-grossten-bewohnten-sanierungen\/","title":{"rendered":"AXA c\u00e9l\u00e8bre l&rsquo;ach\u00e8vement de l&rsquo;une des plus grandes r\u00e9novations habit\u00e9es"},"content":{"rendered":"<p class=\"wp-block-paragraph\">Le <span class=\"glossaryLink\" aria-describedby=\"tt\" data-cmtooltip=\"&lt;div class=glossaryItemTitle&gt;Quartier&lt;\/div&gt;&lt;div class=glossaryItemBody&gt;Amtliches, historisches, soziales oder stadtplanerisches Stadtviertel&lt;\/div&gt;\" data-mobile-support=\"0\" data-gt-translate-attributes='[{\"attribute\":\"data-cmtooltip\", \"format\":\"html\"}]' tabindex=\"0\" role=\"link\">quartier<\/span> Telli d&rsquo;Aarau brille d&rsquo;un nouvel &eacute;clat : la c&eacute;r&eacute;monie d&rsquo;inauguration officielle du 25 ao&ucirc;t 2023 a marqu&eacute; la fin de l&rsquo;une des plus importantes r&eacute;novations &eacute;nerg&eacute;tiques en milieu occup&eacute; de Suisse.<\/p>\n\n\n\n<p class=\"wp-block-paragraph\">Levez vos verres ! C&rsquo;est dans une ambiance festive que le lotissement Telli &agrave; Aarau a &eacute;t&eacute; officiellement inaugur&eacute; le week-end dernier. Outre la c&eacute;r&eacute;monie d&rsquo;ouverture du vendredi 25 ao&ucirc;t, le nouveau lieu de rencontre du <span class=\"glossaryLink\" aria-describedby=\"tt\" data-cmtooltip=\"&lt;div class=glossaryItemTitle&gt;Quartier&lt;\/div&gt;&lt;div class=glossaryItemBody&gt;Amtliches, historisches, soziales oder stadtplanerisches Stadtviertel&lt;\/div&gt;\" data-mobile-support=\"0\" data-gt-translate-attributes='[{\"attribute\":\"data-cmtooltip\", \"format\":\"html\"}]' tabindex=\"0\" role=\"link\">quartier<\/span> a &eacute;galement &eacute;t&eacute; inaugur&eacute; le lendemain.<\/p>\n\n\n\n<p class=\"wp-block-paragraph\">Les ailes B et C du b&acirc;timent ont &eacute;t&eacute; r&eacute;nov&eacute;es sur le plan &eacute;nerg&eacute;tique et adapt&eacute;es aux normes actuelles alors qu&rsquo;elles &eacute;taient encore occup&eacute;es. Le fait que les locataires n&rsquo;aient pas eu &agrave; quitter la Telli pendant la r&eacute;novation fait de ce projet l&rsquo;un des plus importants de ce type en Suisse. &laquo;&nbsp;Une r&eacute;novation habit&eacute;e de cette ampleur nous a tous confront&eacute;s &agrave; d&rsquo;&eacute;normes d&eacute;fis. Nous voulions f&ecirc;ter comme il se doit le fait que nous ayons pu les surmonter ensemble avec toutes les personnes concern&eacute;es&nbsp;&raquo;, d&eacute;clare Frederick Widl, directeur immobilier chez AXA Investment Managers.<\/p>\n\n\n\n<p class=\"wp-block-paragraph\"><strong>Plus de confort et moins de CO2<\/strong><\/p>\n\n\n\n<p class=\"wp-block-paragraph\">Outre une nouvelle <span class=\"glossaryLink\" aria-describedby=\"tt\" data-cmtooltip=\"&lt;div class=glossaryItemTitle&gt;Isolation&lt;\/div&gt;&lt;div class=glossaryItemBody&gt;Abdichtung zur Verhinderung des Durchgangs von Gas, Wasser, W&auml;rme, Elektrizit&auml;t etc., z.B. Ummantelung von Elektrokabeln oder Rohrleitungen, W&auml;rmeisolation&lt;\/div&gt;\" data-mobile-support=\"0\" data-gt-translate-attributes='[{\"attribute\":\"data-cmtooltip\", \"format\":\"html\"}]' tabindex=\"0\" role=\"link\">isolation<\/span> des fa&ccedil;ades et l&rsquo;installation d&rsquo;un chauffage urbain, les appartements ont &eacute;galement b&eacute;n&eacute;fici&eacute; d&rsquo;une ventilation moderne. Cela permet d&rsquo;&eacute;conomiser environ mille tonnes de CO2 par an. Les riverains ont en outre pu profiter de balcons ouest plus grands de 90 cm. Des zones de rencontre et un point de rencontre de <span class=\"glossaryLink\" aria-describedby=\"tt\" data-cmtooltip=\"&lt;div class=glossaryItemTitle&gt;Quartier&lt;\/div&gt;&lt;div class=glossaryItemBody&gt;Amtliches, historisches, soziales oder stadtplanerisches Stadtviertel&lt;\/div&gt;\" data-mobile-support=\"0\" data-gt-translate-attributes='[{\"attribute\":\"data-cmtooltip\", \"format\":\"html\"}]' tabindex=\"0\" role=\"link\">quartier<\/span> avec des salles communes ont &eacute;galement &eacute;t&eacute; cr&eacute;&eacute;s. Les vastes espaces verts ont &eacute;t&eacute; am&eacute;nag&eacute;s dans l&rsquo;esprit du parc d&rsquo;origine, avec des arbres indig&egrave;nes et des prairies fleuries proches de la nature. &laquo;&nbsp;Lors du r&eacute;am&eacute;nagement, il &eacute;tait important pour nous de rendre &agrave; nouveau perceptibles la clairvoyance et la force du parc et d&rsquo;encourager la vie communautaire des habitants dans l&rsquo;espace ext&eacute;rieur avec de nouvelles offres&nbsp;&raquo;, explique Rita Illien de M&uuml;ller Illien Landschaftsarchitekten. La protection du patrimoine a &eacute;galement &eacute;t&eacute; prise en compte lors de la r&eacute;novation : bien que les b&acirc;timents aient re&ccedil;u une nouvelle enveloppe, leur aspect d&rsquo;origine a &eacute;t&eacute; conserv&eacute;.<\/p>\n\n\n\n<p class=\"wp-block-paragraph\"><strong>Durable &agrave; tous les niveaux<\/strong><\/p>\n\n\n\n<p class=\"wp-block-paragraph\">En plus de la r&eacute;novation &eacute;nerg&eacute;tique, les aspects sociaux ont &eacute;galement jou&eacute; un r&ocirc;le important. L&rsquo;expulsion des 581 appartements n&rsquo;aurait pas &eacute;t&eacute; socialement acceptable. N&eacute;anmoins, une r&eacute;novation habit&eacute;e repr&eacute;sente un d&eacute;fi pour toutes les parties concern&eacute;es. &laquo;&nbsp;Un projet de cette ampleur supposait d&egrave;s le d&eacute;part une communication transparente&nbsp;&raquo;, explique Manuela Gnehm, chef de projet chez AXA Investment Managers. L&rsquo;ensemble des locataires a &eacute;t&eacute; r&eacute;guli&egrave;rement inform&eacute; par diff&eacute;rents canaux et activement impliqu&eacute;. &laquo;&nbsp;Les<\/p>\n\n\n\n<p class=\"wp-block-paragraph\">Locataires disposaient notamment d&rsquo;un lieu, le Tellicaf&eacute;, o&ugrave; ils pouvaient partager leurs pr&eacute;occupations, leurs questions et leurs id&eacute;es avec l&rsquo;administration et des coachs form&eacute;s &agrave; la gestion des cit&eacute;s&nbsp;&raquo;, poursuit Manuela Gnehm.<\/p>\n\n\n\n<p class=\"wp-block-paragraph\"><strong>Telli Quartierstreff : un lieu de rencontre pour petits et grands<\/strong><\/p>\n\n\n\n<p class=\"wp-block-paragraph\">Le samedi suivant l&rsquo;&eacute;v&eacute;nement officiel, les festivit&eacute;s se sont poursuivies sous la forme d&rsquo;une f&ecirc;te de <span class=\"glossaryLink\" aria-describedby=\"tt\" data-cmtooltip=\"&lt;div class=glossaryItemTitle&gt;Quartier&lt;\/div&gt;&lt;div class=glossaryItemBody&gt;Amtliches, historisches, soziales oder stadtplanerisches Stadtviertel&lt;\/div&gt;\" data-mobile-support=\"0\" data-gt-translate-attributes='[{\"attribute\":\"data-cmtooltip\", \"format\":\"html\"}]' tabindex=\"0\" role=\"link\">quartier<\/span>. Celle-ci &eacute;tait ouverte &agrave; tous les habitants, &agrave; toute la ville d&rsquo;Aarau et &agrave; d&rsquo;autres curieux. En plus d&rsquo;un programme vari&eacute; et d&rsquo;une offre de restauration diversifi&eacute;e, des visites guid&eacute;es du Tellipark et des appartements fra&icirc;chement r&eacute;nov&eacute;s ont &eacute;t&eacute; propos&eacute;es. Le point central de l&rsquo;&eacute;v&eacute;nement &eacute;tait toutefois l&rsquo;inauguration de la rencontre de <span class=\"glossaryLink\" aria-describedby=\"tt\" data-cmtooltip=\"&lt;div class=glossaryItemTitle&gt;Quartier&lt;\/div&gt;&lt;div class=glossaryItemBody&gt;Amtliches, historisches, soziales oder stadtplanerisches Stadtviertel&lt;\/div&gt;\" data-mobile-support=\"0\" data-gt-translate-attributes='[{\"attribute\":\"data-cmtooltip\", \"format\":\"html\"}]' tabindex=\"0\" role=\"link\">quartier<\/span>, qui constitue le c&oelig;ur du &laquo;&nbsp;Tellipark&nbsp;&raquo; et offre des espaces communautaires aux habitants. &laquo;&nbsp;Nous revenons sur un week-end riche en &eacute;v&eacute;nements et sommes heureux de l&rsquo;enthousiasme avec lequel les participants ont c&eacute;l&eacute;br&eacute; avec nous l&rsquo;ouverture du nouveau Telli&nbsp;&raquo;, a d&eacute;clar&eacute; Manuela Gnehm.<\/p>\n","protected":false},"excerpt":{"rendered":"<p>Le quartier Telli d&rsquo;Aarau brille d&rsquo;un nouvel \u00e9clat : la c\u00e9r\u00e9monie d&rsquo;inauguration officielle du 25 ao\u00fbt 2023 a marqu\u00e9 la fin de l&rsquo;une des plus grandes r\u00e9novations \u00e9nerg\u00e9tiques en milieu habit\u00e9 de Suisse.<\/p>\n","protected":false},"author":2,"featured_media":62923,"comment_status":"open","ping_status":"open","sticky":false,"template":"","format":"standard","meta":{"pmpro_default_level":"","inline_featured_image":false,"_monsterinsights_skip_tracking":false,"footnotes":""},"categories":[4897,743,9652],"tags":[2382,848,872,3931,2002],"class_list":["post-62936","post","type-post","status-publish","format-standard","has-post-thumbnail","hentry","category-region-aarau","category-immonews-fr","category-renovation","tag-axa-fr","tag-immobilien-fr","tag-immoinvest-fr","tag-immonews-fr","tag-news-fr","pmpro-has-access"],"acf":{"bild_mit_ki_erstellt_worden":[],"lead":"Le quartier Telli d'Aarau brille d'un nouvel \u00e9clat : la c\u00e9r\u00e9monie d'inauguration officielle du 25 ao\u00fbt 2023 a marqu\u00e9 la fin de l'une des plus grandes r\u00e9novations \u00e9nerg\u00e9tiques en milieu habit\u00e9 de Suisse.","autor":"Quelle AXA Schweiz","ort":"","bildunterschrift":"","bild_im_grid":false,"gallerie":"","newsim":""},"aioseo_notices":[],"aioseo_head":"\n\t\t<!-- All in One SEO 5.0.1.1 - aioseo.com -->\n\t<meta name=\"description\" content=\"Le quartier Telli d&#039;Aarau brille d&#039;un nouvel \u00e9clat : la c\u00e9r\u00e9monie d&#039;inauguration officielle du 25 ao\u00fbt 2023 a marqu\u00e9 la fin de l&#039;une des plus grandes r\u00e9novations \u00e9nerg\u00e9tiques en milieu habit\u00e9 de Suisse.\" \/>\n\t<meta name=\"robots\" content=\"max-image-preview:large\" \/>\n\t<meta name=\"author\" content=\"immovestuser\"\/>\n\t<meta name=\"google-site-verification\" content=\"fHJKvgWpZCR2zVBHWfkQeFXC11qieUSff0HGNYfuyLA\" \/>\n\t<link rel=\"canonical\" href=\"https:\/\/www.immo-invest.ch\/fr\/axa-feiert-den-abschluss-einer-der-grossten-bewohnten-sanierungen\/\" \/>\n\t<meta name=\"generator\" content=\"All in One SEO (AIOSEO) 5.0.1.1\" \/>\n\t\t<meta property=\"og:locale\" content=\"fr_FR\" \/>\n\t\t<meta property=\"og:site_name\" content=\"immo!nvest - Die Plattform f\u00fcr Standorte und Immobilien - Die\u00a0Plattform f\u00fcr Standorte und Immobilien\" \/>\n\t\t<meta property=\"og:type\" content=\"article\" \/>\n\t\t<meta property=\"og:title\" content=\"AXA c\u00e9l\u00e8bre l\u2019ach\u00e8vement de l\u2019une des plus grandes r\u00e9novations habit\u00e9es - immo!nvest - Die Plattform f\u00fcr Standorte und Immobilien\" \/>\n\t\t<meta property=\"og:description\" content=\"Le quartier Telli d&#039;Aarau brille d&#039;un nouvel \u00e9clat : la c\u00e9r\u00e9monie d&#039;inauguration officielle du 25 ao\u00fbt 2023 a marqu\u00e9 la fin de l&#039;une des plus grandes r\u00e9novations \u00e9nerg\u00e9tiques en milieu habit\u00e9 de Suisse.\" \/>\n\t\t<meta property=\"og:url\" content=\"https:\/\/www.immo-invest.ch\/fr\/axa-feiert-den-abschluss-einer-der-grossten-bewohnten-sanierungen\/\" \/>\n\t\t<meta property=\"og:image\" content=\"https:\/\/www.immo-invest.ch\/wp-content\/uploads\/2023\/08\/TelliC_nach_Sanierung-1.jpg\" \/>\n\t\t<meta property=\"og:image:secure_url\" content=\"https:\/\/www.immo-invest.ch\/wp-content\/uploads\/2023\/08\/TelliC_nach_Sanierung-1.jpg\" \/>\n\t\t<meta property=\"og:image:width\" content=\"520\" \/>\n\t\t<meta property=\"og:image:height\" content=\"330\" \/>\n\t\t<meta property=\"article:published_time\" content=\"2023-08-29T12:50:16+00:00\" \/>\n\t\t<meta property=\"article:modified_time\" content=\"2023-08-29T13:42:53+00:00\" \/>\n\t\t<meta property=\"article:publisher\" content=\"https:\/\/www.facebook.com\/people\/Immoinvest\/100077962920504\/\" \/>\n\t\t<meta name=\"twitter:card\" content=\"summary_large_image\" \/>\n\t\t<meta name=\"twitter:site\" content=\"@i\" \/>\n\t\t<meta name=\"twitter:title\" content=\"AXA c\u00e9l\u00e8bre l\u2019ach\u00e8vement de l\u2019une des plus grandes r\u00e9novations habit\u00e9es - immo!nvest - Die Plattform f\u00fcr Standorte und Immobilien\" \/>\n\t\t<meta name=\"twitter:description\" content=\"Le quartier Telli d&#039;Aarau brille d&#039;un nouvel \u00e9clat : la c\u00e9r\u00e9monie d&#039;inauguration officielle du 25 ao\u00fbt 2023 a marqu\u00e9 la fin de l&#039;une des plus grandes r\u00e9novations \u00e9nerg\u00e9tiques en milieu habit\u00e9 de Suisse.\" \/>\n\t\t<meta name=\"twitter:creator\" content=\"@i\" \/>\n\t\t<meta name=\"twitter:image\" content=\"https:\/\/www.immo-invest.ch\/wp-content\/uploads\/2023\/08\/TelliC_nach_Sanierung-1.jpg\" \/>\n\t\t<script type=\"application\/ld+json\" class=\"aioseo-schema\">\n\t\t\t{\"@context\":\"https:\\\/\\\/schema.org\",\"@graph\":[{\"@type\":\"BlogPosting\",\"@id\":\"https:\\\/\\\/www.immo-invest.ch\\\/fr\\\/axa-feiert-den-abschluss-einer-der-grossten-bewohnten-sanierungen\\\/#blogposting\",\"name\":\"AXA c\\u00e9l\\u00e8bre l\\u2019ach\\u00e8vement de l\\u2019une des plus grandes r\\u00e9novations habit\\u00e9es - immo!nvest - Die Plattform f\\u00fcr Standorte und Immobilien\",\"headline\":\"AXA c\\u00e9l\\u00e8bre l&rsquo;ach\\u00e8vement de l&rsquo;une des plus grandes r\\u00e9novations habit\\u00e9es\",\"author\":{\"@id\":\"https:\\\/\\\/www.immo-invest.ch\\\/fr\\\/author\\\/immovestuser\\\/#author\"},\"publisher\":{\"@id\":\"https:\\\/\\\/www.immo-invest.ch\\\/fr\\\/#organization\"},\"image\":{\"@type\":\"ImageObject\",\"url\":\"https:\\\/\\\/www.immo-invest.ch\\\/wp-content\\\/uploads\\\/2023\\\/08\\\/TelliC_nach_Sanierung-1.jpg\",\"width\":520,\"height\":330,\"caption\":\"Telli nach Sanierung\"},\"datePublished\":\"2023-08-29T14:50:16+02:00\",\"dateModified\":\"2023-08-29T15:42:53+02:00\",\"inLanguage\":\"fr-FR\",\"mainEntityOfPage\":{\"@id\":\"https:\\\/\\\/www.immo-invest.ch\\\/fr\\\/axa-feiert-den-abschluss-einer-der-grossten-bewohnten-sanierungen\\\/#webpage\"},\"isPartOf\":{\"@id\":\"https:\\\/\\\/www.immo-invest.ch\\\/fr\\\/axa-feiert-den-abschluss-einer-der-grossten-bewohnten-sanierungen\\\/#webpage\"},\"articleSection\":\"Aargau, immoNews, R\\u00e9novation, AXA, immobilien, Immoinvest, immoNews, News, Facultatif\"},{\"@type\":\"BreadcrumbList\",\"@id\":\"https:\\\/\\\/www.immo-invest.ch\\\/fr\\\/axa-feiert-den-abschluss-einer-der-grossten-bewohnten-sanierungen\\\/#breadcrumblist\",\"itemListElement\":[{\"@type\":\"ListItem\",\"@id\":\"https:\\\/\\\/www.immo-invest.ch\\\/fr\\\/#listItem\",\"position\":1,\"name\":\"Home\",\"item\":\"https:\\\/\\\/www.immo-invest.ch\\\/fr\\\/\",\"nextItem\":{\"@type\":\"ListItem\",\"@id\":\"https:\\\/\\\/www.immo-invest.ch\\\/fr\\\/categories\\\/regions\\\/#listItem\",\"name\":\"R\\u00e9gions\"}},{\"@type\":\"ListItem\",\"@id\":\"https:\\\/\\\/www.immo-invest.ch\\\/fr\\\/categories\\\/regions\\\/#listItem\",\"position\":2,\"name\":\"R\\u00e9gions\",\"item\":\"https:\\\/\\\/www.immo-invest.ch\\\/fr\\\/categories\\\/regions\\\/\",\"nextItem\":{\"@type\":\"ListItem\",\"@id\":\"https:\\\/\\\/www.immo-invest.ch\\\/fr\\\/categories\\\/regions\\\/suisse\\\/#listItem\",\"name\":\"Suisse\"},\"previousItem\":{\"@type\":\"ListItem\",\"@id\":\"https:\\\/\\\/www.immo-invest.ch\\\/fr\\\/#listItem\",\"name\":\"Home\"}},{\"@type\":\"ListItem\",\"@id\":\"https:\\\/\\\/www.immo-invest.ch\\\/fr\\\/categories\\\/regions\\\/suisse\\\/#listItem\",\"position\":3,\"name\":\"Suisse\",\"item\":\"https:\\\/\\\/www.immo-invest.ch\\\/fr\\\/categories\\\/regions\\\/suisse\\\/\",\"nextItem\":{\"@type\":\"ListItem\",\"@id\":\"https:\\\/\\\/www.immo-invest.ch\\\/fr\\\/categories\\\/regions\\\/suisse\\\/suisse-du-nord-ouest\\\/#listItem\",\"name\":\"Suisse du Nord-Ouest\"},\"previousItem\":{\"@type\":\"ListItem\",\"@id\":\"https:\\\/\\\/www.immo-invest.ch\\\/fr\\\/categories\\\/regions\\\/#listItem\",\"name\":\"R\\u00e9gions\"}},{\"@type\":\"ListItem\",\"@id\":\"https:\\\/\\\/www.immo-invest.ch\\\/fr\\\/categories\\\/regions\\\/suisse\\\/suisse-du-nord-ouest\\\/#listItem\",\"position\":4,\"name\":\"Suisse du Nord-Ouest\",\"item\":\"https:\\\/\\\/www.immo-invest.ch\\\/fr\\\/categories\\\/regions\\\/suisse\\\/suisse-du-nord-ouest\\\/\",\"nextItem\":{\"@type\":\"ListItem\",\"@id\":\"https:\\\/\\\/www.immo-invest.ch\\\/fr\\\/categories\\\/regions\\\/suisse\\\/suisse-du-nord-ouest\\\/region-aarau\\\/#listItem\",\"name\":\"Aargau\"},\"previousItem\":{\"@type\":\"ListItem\",\"@id\":\"https:\\\/\\\/www.immo-invest.ch\\\/fr\\\/categories\\\/regions\\\/suisse\\\/#listItem\",\"name\":\"Suisse\"}},{\"@type\":\"ListItem\",\"@id\":\"https:\\\/\\\/www.immo-invest.ch\\\/fr\\\/categories\\\/regions\\\/suisse\\\/suisse-du-nord-ouest\\\/region-aarau\\\/#listItem\",\"position\":5,\"name\":\"Aargau\",\"item\":\"https:\\\/\\\/www.immo-invest.ch\\\/fr\\\/categories\\\/regions\\\/suisse\\\/suisse-du-nord-ouest\\\/region-aarau\\\/\",\"nextItem\":{\"@type\":\"ListItem\",\"@id\":\"https:\\\/\\\/www.immo-invest.ch\\\/fr\\\/axa-feiert-den-abschluss-einer-der-grossten-bewohnten-sanierungen\\\/#listItem\",\"name\":\"AXA c\\u00e9l\\u00e8bre l&rsquo;ach\\u00e8vement de l&rsquo;une des plus grandes r\\u00e9novations habit\\u00e9es\"},\"previousItem\":{\"@type\":\"ListItem\",\"@id\":\"https:\\\/\\\/www.immo-invest.ch\\\/fr\\\/categories\\\/regions\\\/suisse\\\/suisse-du-nord-ouest\\\/#listItem\",\"name\":\"Suisse du Nord-Ouest\"}},{\"@type\":\"ListItem\",\"@id\":\"https:\\\/\\\/www.immo-invest.ch\\\/fr\\\/axa-feiert-den-abschluss-einer-der-grossten-bewohnten-sanierungen\\\/#listItem\",\"position\":6,\"name\":\"AXA c\\u00e9l\\u00e8bre l&rsquo;ach\\u00e8vement de l&rsquo;une des plus grandes r\\u00e9novations habit\\u00e9es\",\"previousItem\":{\"@type\":\"ListItem\",\"@id\":\"https:\\\/\\\/www.immo-invest.ch\\\/fr\\\/categories\\\/regions\\\/suisse\\\/suisse-du-nord-ouest\\\/region-aarau\\\/#listItem\",\"name\":\"Aargau\"}}]},{\"@type\":\"Organization\",\"@id\":\"https:\\\/\\\/www.immo-invest.ch\\\/fr\\\/#organization\",\"name\":\"immo!nvest - Die Plattform f\\u00fcr Standorte und Immobilien\",\"description\":\"Die\\u00a0Plattform f\\u00fcr Standorte und Immobilien\",\"url\":\"https:\\\/\\\/www.immo-invest.ch\\\/fr\\\/\",\"email\":\"admin@immomedia.ag\",\"telephone\":\"+41444420002\",\"logo\":{\"@type\":\"ImageObject\",\"url\":\"https:\\\/\\\/www.immo-invest.ch\\\/wp-content\\\/uploads\\\/2024\\\/09\\\/immoinvest_sm-scaled.jpg\",\"@id\":\"https:\\\/\\\/www.immo-invest.ch\\\/fr\\\/axa-feiert-den-abschluss-einer-der-grossten-bewohnten-sanierungen\\\/#organizationLogo\",\"width\":2560,\"height\":1340},\"image\":{\"@id\":\"https:\\\/\\\/www.immo-invest.ch\\\/fr\\\/axa-feiert-den-abschluss-einer-der-grossten-bewohnten-sanierungen\\\/#organizationLogo\"},\"sameAs\":[\"https:\\\/\\\/www.facebook.com\\\/people\\\/Immoinvest\\\/100077962920504\\\/\",\"https:\\\/\\\/x.com\\\/i\\\/flow\\\/login?redirect_after_login=immoinvest_ch\",\"https:\\\/\\\/www.instagram.com\\\/immoinvest_ch\\\/\",\"https:\\\/\\\/www.linkedin.com\\\/company\\\/immoinvest-swiss\"]},{\"@type\":\"Person\",\"@id\":\"https:\\\/\\\/www.immo-invest.ch\\\/fr\\\/author\\\/immovestuser\\\/#author\",\"url\":\"https:\\\/\\\/www.immo-invest.ch\\\/fr\\\/author\\\/immovestuser\\\/\",\"name\":\"immovestuser\",\"image\":{\"@type\":\"ImageObject\",\"@id\":\"https:\\\/\\\/www.immo-invest.ch\\\/fr\\\/axa-feiert-den-abschluss-einer-der-grossten-bewohnten-sanierungen\\\/#authorImage\",\"url\":\"https:\\\/\\\/secure.gravatar.com\\\/avatar\\\/8e01f4d99f2eeea7a362ebb93305e1172a70e9293ba250f897a65c39f54cdd1e?s=96&d=mm&r=g\",\"width\":96,\"height\":96,\"caption\":\"immovestuser\"}},{\"@type\":\"WebPage\",\"@id\":\"https:\\\/\\\/www.immo-invest.ch\\\/fr\\\/axa-feiert-den-abschluss-einer-der-grossten-bewohnten-sanierungen\\\/#webpage\",\"url\":\"https:\\\/\\\/www.immo-invest.ch\\\/fr\\\/axa-feiert-den-abschluss-einer-der-grossten-bewohnten-sanierungen\\\/\",\"name\":\"AXA c\\u00e9l\\u00e8bre l\\u2019ach\\u00e8vement de l\\u2019une des plus grandes r\\u00e9novations habit\\u00e9es - immo!nvest - Die Plattform f\\u00fcr Standorte und Immobilien\",\"description\":\"Le quartier Telli d'Aarau brille d'un nouvel \\u00e9clat : la c\\u00e9r\\u00e9monie d'inauguration officielle du 25 ao\\u00fbt 2023 a marqu\\u00e9 la fin de l'une des plus grandes r\\u00e9novations \\u00e9nerg\\u00e9tiques en milieu habit\\u00e9 de Suisse.\",\"inLanguage\":\"fr-FR\",\"isPartOf\":{\"@id\":\"https:\\\/\\\/www.immo-invest.ch\\\/fr\\\/#website\"},\"breadcrumb\":{\"@id\":\"https:\\\/\\\/www.immo-invest.ch\\\/fr\\\/axa-feiert-den-abschluss-einer-der-grossten-bewohnten-sanierungen\\\/#breadcrumblist\"},\"author\":{\"@id\":\"https:\\\/\\\/www.immo-invest.ch\\\/fr\\\/author\\\/immovestuser\\\/#author\"},\"creator\":{\"@id\":\"https:\\\/\\\/www.immo-invest.ch\\\/fr\\\/author\\\/immovestuser\\\/#author\"},\"image\":{\"@type\":\"ImageObject\",\"url\":\"https:\\\/\\\/www.immo-invest.ch\\\/wp-content\\\/uploads\\\/2023\\\/08\\\/TelliC_nach_Sanierung-1.jpg\",\"@id\":\"https:\\\/\\\/www.immo-invest.ch\\\/fr\\\/axa-feiert-den-abschluss-einer-der-grossten-bewohnten-sanierungen\\\/#mainImage\",\"width\":520,\"height\":330,\"caption\":\"Telli nach Sanierung\"},\"primaryImageOfPage\":{\"@id\":\"https:\\\/\\\/www.immo-invest.ch\\\/fr\\\/axa-feiert-den-abschluss-einer-der-grossten-bewohnten-sanierungen\\\/#mainImage\"},\"datePublished\":\"2023-08-29T14:50:16+02:00\",\"dateModified\":\"2023-08-29T15:42:53+02:00\"},{\"@type\":\"WebSite\",\"@id\":\"https:\\\/\\\/www.immo-invest.ch\\\/fr\\\/#website\",\"url\":\"https:\\\/\\\/www.immo-invest.ch\\\/fr\\\/\",\"name\":\"immo!nvest - Die Plattform f\\u00fcr Standorte und Immobilien\",\"description\":\"Die\\u00a0Plattform f\\u00fcr Standorte und Immobilien\",\"inLanguage\":\"fr-FR\",\"publisher\":{\"@id\":\"https:\\\/\\\/www.immo-invest.ch\\\/fr\\\/#organization\"}}]}\n\t\t<\/script>\n\t\t<!-- All in One SEO -->\n\n","aioseo_head_json":{"title":"AXA c\u00e9l\u00e8bre l\u2019ach\u00e8vement de l\u2019une des plus grandes r\u00e9novations habit\u00e9es - immo!nvest - Die Plattform f\u00fcr Standorte und Immobilien","description":"Le quartier Telli d'Aarau brille d'un nouvel \u00e9clat : la c\u00e9r\u00e9monie d'inauguration officielle du 25 ao\u00fbt 2023 a marqu\u00e9 la fin de l'une des plus grandes r\u00e9novations \u00e9nerg\u00e9tiques en milieu habit\u00e9 de Suisse.","canonical_url":"https:\/\/www.immo-invest.ch\/fr\/axa-feiert-den-abschluss-einer-der-grossten-bewohnten-sanierungen\/","robots":"max-image-preview:large","keywords":"","webmasterTools":{"google-site-verification":"fHJKvgWpZCR2zVBHWfkQeFXC11qieUSff0HGNYfuyLA","miscellaneous":""},"schema":{"@context":"https:\/\/schema.org","@graph":[{"@type":"BlogPosting","@id":"https:\/\/www.immo-invest.ch\/fr\/axa-feiert-den-abschluss-einer-der-grossten-bewohnten-sanierungen\/#blogposting","name":"AXA c\u00e9l\u00e8bre l\u2019ach\u00e8vement de l\u2019une des plus grandes r\u00e9novations habit\u00e9es - immo!nvest - Die Plattform f\u00fcr Standorte und Immobilien","headline":"AXA c\u00e9l\u00e8bre l&rsquo;ach\u00e8vement de l&rsquo;une des plus grandes r\u00e9novations habit\u00e9es","author":{"@id":"https:\/\/www.immo-invest.ch\/fr\/author\/immovestuser\/#author"},"publisher":{"@id":"https:\/\/www.immo-invest.ch\/fr\/#organization"},"image":{"@type":"ImageObject","url":"https:\/\/www.immo-invest.ch\/wp-content\/uploads\/2023\/08\/TelliC_nach_Sanierung-1.jpg","width":520,"height":330,"caption":"Telli nach Sanierung"},"datePublished":"2023-08-29T14:50:16+02:00","dateModified":"2023-08-29T15:42:53+02:00","inLanguage":"fr-FR","mainEntityOfPage":{"@id":"https:\/\/www.immo-invest.ch\/fr\/axa-feiert-den-abschluss-einer-der-grossten-bewohnten-sanierungen\/#webpage"},"isPartOf":{"@id":"https:\/\/www.immo-invest.ch\/fr\/axa-feiert-den-abschluss-einer-der-grossten-bewohnten-sanierungen\/#webpage"},"articleSection":"Aargau, immoNews, R\u00e9novation, AXA, immobilien, Immoinvest, immoNews, News, Facultatif"},{"@type":"BreadcrumbList","@id":"https:\/\/www.immo-invest.ch\/fr\/axa-feiert-den-abschluss-einer-der-grossten-bewohnten-sanierungen\/#breadcrumblist","itemListElement":[{"@type":"ListItem","@id":"https:\/\/www.immo-invest.ch\/fr\/#listItem","position":1,"name":"Home","item":"https:\/\/www.immo-invest.ch\/fr\/","nextItem":{"@type":"ListItem","@id":"https:\/\/www.immo-invest.ch\/fr\/categories\/regions\/#listItem","name":"R\u00e9gions"}},{"@type":"ListItem","@id":"https:\/\/www.immo-invest.ch\/fr\/categories\/regions\/#listItem","position":2,"name":"R\u00e9gions","item":"https:\/\/www.immo-invest.ch\/fr\/categories\/regions\/","nextItem":{"@type":"ListItem","@id":"https:\/\/www.immo-invest.ch\/fr\/categories\/regions\/suisse\/#listItem","name":"Suisse"},"previousItem":{"@type":"ListItem","@id":"https:\/\/www.immo-invest.ch\/fr\/#listItem","name":"Home"}},{"@type":"ListItem","@id":"https:\/\/www.immo-invest.ch\/fr\/categories\/regions\/suisse\/#listItem","position":3,"name":"Suisse","item":"https:\/\/www.immo-invest.ch\/fr\/categories\/regions\/suisse\/","nextItem":{"@type":"ListItem","@id":"https:\/\/www.immo-invest.ch\/fr\/categories\/regions\/suisse\/suisse-du-nord-ouest\/#listItem","name":"Suisse du Nord-Ouest"},"previousItem":{"@type":"ListItem","@id":"https:\/\/www.immo-invest.ch\/fr\/categories\/regions\/#listItem","name":"R\u00e9gions"}},{"@type":"ListItem","@id":"https:\/\/www.immo-invest.ch\/fr\/categories\/regions\/suisse\/suisse-du-nord-ouest\/#listItem","position":4,"name":"Suisse du Nord-Ouest","item":"https:\/\/www.immo-invest.ch\/fr\/categories\/regions\/suisse\/suisse-du-nord-ouest\/","nextItem":{"@type":"ListItem","@id":"https:\/\/www.immo-invest.ch\/fr\/categories\/regions\/suisse\/suisse-du-nord-ouest\/region-aarau\/#listItem","name":"Aargau"},"previousItem":{"@type":"ListItem","@id":"https:\/\/www.immo-invest.ch\/fr\/categories\/regions\/suisse\/#listItem","name":"Suisse"}},{"@type":"ListItem","@id":"https:\/\/www.immo-invest.ch\/fr\/categories\/regions\/suisse\/suisse-du-nord-ouest\/region-aarau\/#listItem","position":5,"name":"Aargau","item":"https:\/\/www.immo-invest.ch\/fr\/categories\/regions\/suisse\/suisse-du-nord-ouest\/region-aarau\/","nextItem":{"@type":"ListItem","@id":"https:\/\/www.immo-invest.ch\/fr\/axa-feiert-den-abschluss-einer-der-grossten-bewohnten-sanierungen\/#listItem","name":"AXA c\u00e9l\u00e8bre l&rsquo;ach\u00e8vement de l&rsquo;une des plus grandes r\u00e9novations habit\u00e9es"},"previousItem":{"@type":"ListItem","@id":"https:\/\/www.immo-invest.ch\/fr\/categories\/regions\/suisse\/suisse-du-nord-ouest\/#listItem","name":"Suisse du Nord-Ouest"}},{"@type":"ListItem","@id":"https:\/\/www.immo-invest.ch\/fr\/axa-feiert-den-abschluss-einer-der-grossten-bewohnten-sanierungen\/#listItem","position":6,"name":"AXA c\u00e9l\u00e8bre l&rsquo;ach\u00e8vement de l&rsquo;une des plus grandes r\u00e9novations habit\u00e9es","previousItem":{"@type":"ListItem","@id":"https:\/\/www.immo-invest.ch\/fr\/categories\/regions\/suisse\/suisse-du-nord-ouest\/region-aarau\/#listItem","name":"Aargau"}}]},{"@type":"Organization","@id":"https:\/\/www.immo-invest.ch\/fr\/#organization","name":"immo!nvest - Die Plattform f\u00fcr Standorte und Immobilien","description":"Die\u00a0Plattform f\u00fcr Standorte und Immobilien","url":"https:\/\/www.immo-invest.ch\/fr\/","email":"admin@immomedia.ag","telephone":"+41444420002","logo":{"@type":"ImageObject","url":"https:\/\/www.immo-invest.ch\/wp-content\/uploads\/2024\/09\/immoinvest_sm-scaled.jpg","@id":"https:\/\/www.immo-invest.ch\/fr\/axa-feiert-den-abschluss-einer-der-grossten-bewohnten-sanierungen\/#organizationLogo","width":2560,"height":1340},"image":{"@id":"https:\/\/www.immo-invest.ch\/fr\/axa-feiert-den-abschluss-einer-der-grossten-bewohnten-sanierungen\/#organizationLogo"},"sameAs":["https:\/\/www.facebook.com\/people\/Immoinvest\/100077962920504\/","https:\/\/x.com\/i\/flow\/login?redirect_after_login=immoinvest_ch","https:\/\/www.instagram.com\/immoinvest_ch\/","https:\/\/www.linkedin.com\/company\/immoinvest-swiss"]},{"@type":"Person","@id":"https:\/\/www.immo-invest.ch\/fr\/author\/immovestuser\/#author","url":"https:\/\/www.immo-invest.ch\/fr\/author\/immovestuser\/","name":"immovestuser","image":{"@type":"ImageObject","@id":"https:\/\/www.immo-invest.ch\/fr\/axa-feiert-den-abschluss-einer-der-grossten-bewohnten-sanierungen\/#authorImage","url":"https:\/\/secure.gravatar.com\/avatar\/8e01f4d99f2eeea7a362ebb93305e1172a70e9293ba250f897a65c39f54cdd1e?s=96&d=mm&r=g","width":96,"height":96,"caption":"immovestuser"}},{"@type":"WebPage","@id":"https:\/\/www.immo-invest.ch\/fr\/axa-feiert-den-abschluss-einer-der-grossten-bewohnten-sanierungen\/#webpage","url":"https:\/\/www.immo-invest.ch\/fr\/axa-feiert-den-abschluss-einer-der-grossten-bewohnten-sanierungen\/","name":"AXA c\u00e9l\u00e8bre l\u2019ach\u00e8vement de l\u2019une des plus grandes r\u00e9novations habit\u00e9es - immo!nvest - Die Plattform f\u00fcr Standorte und Immobilien","description":"Le quartier Telli d'Aarau brille d'un nouvel \u00e9clat : la c\u00e9r\u00e9monie d'inauguration officielle du 25 ao\u00fbt 2023 a marqu\u00e9 la fin de l'une des plus grandes r\u00e9novations \u00e9nerg\u00e9tiques en milieu habit\u00e9 de Suisse.","inLanguage":"fr-FR","isPartOf":{"@id":"https:\/\/www.immo-invest.ch\/fr\/#website"},"breadcrumb":{"@id":"https:\/\/www.immo-invest.ch\/fr\/axa-feiert-den-abschluss-einer-der-grossten-bewohnten-sanierungen\/#breadcrumblist"},"author":{"@id":"https:\/\/www.immo-invest.ch\/fr\/author\/immovestuser\/#author"},"creator":{"@id":"https:\/\/www.immo-invest.ch\/fr\/author\/immovestuser\/#author"},"image":{"@type":"ImageObject","url":"https:\/\/www.immo-invest.ch\/wp-content\/uploads\/2023\/08\/TelliC_nach_Sanierung-1.jpg","@id":"https:\/\/www.immo-invest.ch\/fr\/axa-feiert-den-abschluss-einer-der-grossten-bewohnten-sanierungen\/#mainImage","width":520,"height":330,"caption":"Telli nach Sanierung"},"primaryImageOfPage":{"@id":"https:\/\/www.immo-invest.ch\/fr\/axa-feiert-den-abschluss-einer-der-grossten-bewohnten-sanierungen\/#mainImage"},"datePublished":"2023-08-29T14:50:16+02:00","dateModified":"2023-08-29T15:42:53+02:00"},{"@type":"WebSite","@id":"https:\/\/www.immo-invest.ch\/fr\/#website","url":"https:\/\/www.immo-invest.ch\/fr\/","name":"immo!nvest - Die Plattform f\u00fcr Standorte und Immobilien","description":"Die\u00a0Plattform f\u00fcr Standorte und Immobilien","inLanguage":"fr-FR","publisher":{"@id":"https:\/\/www.immo-invest.ch\/fr\/#organization"}}]},"og:locale":"fr_FR","og:site_name":"immo!nvest - Die Plattform f\u00fcr Standorte und Immobilien - Die\u00a0Plattform f\u00fcr Standorte und Immobilien","og:type":"article","og:title":"AXA c\u00e9l\u00e8bre l\u2019ach\u00e8vement de l\u2019une des plus grandes r\u00e9novations habit\u00e9es - immo!nvest - Die Plattform f\u00fcr Standorte und Immobilien","og:description":"Le quartier Telli d'Aarau brille d'un nouvel \u00e9clat : la c\u00e9r\u00e9monie d'inauguration officielle du 25 ao\u00fbt 2023 a marqu\u00e9 la fin de l'une des plus grandes r\u00e9novations \u00e9nerg\u00e9tiques en milieu habit\u00e9 de Suisse.","og:url":"https:\/\/www.immo-invest.ch\/fr\/axa-feiert-den-abschluss-einer-der-grossten-bewohnten-sanierungen\/","og:image":"https:\/\/www.immo-invest.ch\/wp-content\/uploads\/2023\/08\/TelliC_nach_Sanierung-1.jpg","og:image:secure_url":"https:\/\/www.immo-invest.ch\/wp-content\/uploads\/2023\/08\/TelliC_nach_Sanierung-1.jpg","og:image:width":520,"og:image:height":330,"article:published_time":"2023-08-29T12:50:16+00:00","article:modified_time":"2023-08-29T13:42:53+00:00","article:publisher":"https:\/\/www.facebook.com\/people\/Immoinvest\/100077962920504\/","twitter:card":"summary_large_image","twitter:site":"@i","twitter:title":"AXA c\u00e9l\u00e8bre l\u2019ach\u00e8vement de l\u2019une des plus grandes r\u00e9novations habit\u00e9es - immo!nvest - Die Plattform f\u00fcr Standorte und Immobilien","twitter:description":"Le quartier Telli d'Aarau brille d'un nouvel \u00e9clat : la c\u00e9r\u00e9monie d'inauguration officielle du 25 ao\u00fbt 2023 a marqu\u00e9 la fin de l'une des plus grandes r\u00e9novations \u00e9nerg\u00e9tiques en milieu habit\u00e9 de Suisse.","twitter:creator":"@i","twitter:image":"https:\/\/www.immo-invest.ch\/wp-content\/uploads\/2023\/08\/TelliC_nach_Sanierung-1.jpg"},"aioseo_meta_data":{"post_id":"62936","title":null,"description":null,"keywords":null,"keyphrases":null,"primary_term":null,"canonical_url":null,"og_title":null,"og_description":null,"og_object_type":"default","og_image_type":"default","og_image_url":null,"og_image_width":null,"og_image_height":null,"og_image_custom_url":null,"og_image_custom_fields":null,"og_video":null,"og_custom_url":null,"og_article_section":null,"og_article_tags":null,"twitter_use_og":false,"twitter_card":"default","twitter_image_type":"default","twitter_image_url":null,"twitter_image_custom_url":null,"twitter_image_custom_fields":null,"twitter_title":null,"twitter_description":null,"schema":{"blockGraphs":[],"customGraphs":[],"default":{"data":{"Article":[],"Course":[],"Dataset":[],"FAQPage":[],"Movie":[],"Person":[],"Product":[],"ProductReview":[],"Car":[],"Recipe":[],"Service":[],"SoftwareApplication":[],"WebPage":[]},"graphName":"","isEnabled":true},"graphs":[]},"schema_type":"default","schema_type_options":null,"pillar_content":false,"robots_default":true,"robots_noindex":false,"robots_noarchive":false,"robots_nosnippet":false,"robots_nofollow":false,"robots_noimageindex":false,"robots_noodp":false,"robots_notranslate":false,"robots_max_snippet":null,"robots_max_videopreview":null,"robots_max_imagepreview":"large","priority":null,"frequency":null,"local_seo":null,"breadcrumb_settings":null,"limit_modified_date":false,"ai":null,"created":"2024-09-20 08:53:01","updated":"2025-10-23 14:44:13","seo_analyzer_scan_date":null,"focus_keyword":null,"additional_keywords":null,"truseo_locale":null},"aioseo_breadcrumb":"<div class=\"aioseo-breadcrumbs\"><span class=\"aioseo-breadcrumb\">\n\t\t\t<a href=\"https:\/\/www.immo-invest.ch\/fr\/\" title=\"Home\">Home<\/a>\n\t\t<\/span><span class=\"aioseo-breadcrumb-separator\">&raquo;<\/span><span class=\"aioseo-breadcrumb\">\n\t\t\t<a href=\"https:\/\/www.immo-invest.ch\/fr\/categories\/regions\/\" title=\"R\u00e9gions\">R\u00e9gions<\/a>\n\t\t<\/span><span class=\"aioseo-breadcrumb-separator\">&raquo;<\/span><span class=\"aioseo-breadcrumb\">\n\t\t\t<a href=\"https:\/\/www.immo-invest.ch\/fr\/categories\/regions\/suisse\/\" title=\"Suisse\">Suisse<\/a>\n\t\t<\/span><span class=\"aioseo-breadcrumb-separator\">&raquo;<\/span><span class=\"aioseo-breadcrumb\">\n\t\t\t<a href=\"https:\/\/www.immo-invest.ch\/fr\/categories\/regions\/suisse\/suisse-du-nord-ouest\/\" title=\"Suisse du Nord-Ouest\">Suisse du Nord-Ouest<\/a>\n\t\t<\/span><span class=\"aioseo-breadcrumb-separator\">&raquo;<\/span><span class=\"aioseo-breadcrumb\">\n\t\t\t<a href=\"https:\/\/www.immo-invest.ch\/fr\/categories\/regions\/suisse\/suisse-du-nord-ouest\/region-aarau\/\" title=\"Aargau\">Aargau<\/a>\n\t\t<\/span><span class=\"aioseo-breadcrumb-separator\">&raquo;<\/span><span class=\"aioseo-breadcrumb\">\n\t\t\tAXA c\u00e9l\u00e8bre l\u2019ach\u00e8vement de l\u2019une des plus grandes r\u00e9novations habit\u00e9es\n\t\t<\/span><\/div>","aioseo_breadcrumb_json":[{"label":"Home","link":"https:\/\/www.immo-invest.ch\/fr\/"},{"label":"R\u00e9gions","link":"https:\/\/www.immo-invest.ch\/fr\/categories\/regions\/"},{"label":"Suisse","link":"https:\/\/www.immo-invest.ch\/fr\/categories\/regions\/suisse\/"},{"label":"Suisse du Nord-Ouest","link":"https:\/\/www.immo-invest.ch\/fr\/categories\/regions\/suisse\/suisse-du-nord-ouest\/"},{"label":"Aargau","link":"https:\/\/www.immo-invest.ch\/fr\/categories\/regions\/suisse\/suisse-du-nord-ouest\/region-aarau\/"},{"label":"AXA c\u00e9l\u00e8bre l&rsquo;ach\u00e8vement de l&rsquo;une des plus grandes r\u00e9novations habit\u00e9es","link":"https:\/\/www.immo-invest.ch\/fr\/axa-feiert-den-abschluss-einer-der-grossten-bewohnten-sanierungen\/"}],"featured_image_src":"https:\/\/www.immo-invest.ch\/wp-content\/uploads\/2023\/08\/TelliC_nach_Sanierung-1-336x168.jpg","_links":{"self":[{"href":"https:\/\/www.immo-invest.ch\/fr\/wp-json\/wp\/v2\/posts\/62936","targetHints":{"allow":["GET"]}}],"collection":[{"href":"https:\/\/www.immo-invest.ch\/fr\/wp-json\/wp\/v2\/posts"}],"about":[{"href":"https:\/\/www.immo-invest.ch\/fr\/wp-json\/wp\/v2\/types\/post"}],"author":[{"embeddable":true,"href":"https:\/\/www.immo-invest.ch\/fr\/wp-json\/wp\/v2\/users\/2"}],"replies":[{"embeddable":true,"href":"https:\/\/www.immo-invest.ch\/fr\/wp-json\/wp\/v2\/comments?post=62936"}],"version-history":[{"count":0,"href":"https:\/\/www.immo-invest.ch\/fr\/wp-json\/wp\/v2\/posts\/62936\/revisions"}],"wp:featuredmedia":[{"embeddable":true,"href":"https:\/\/www.immo-invest.ch\/fr\/wp-json\/wp\/v2\/media\/62923"}],"wp:attachment":[{"href":"https:\/\/www.immo-invest.ch\/fr\/wp-json\/wp\/v2\/media?parent=62936"}],"wp:term":[{"taxonomy":"category","embeddable":true,"href":"https:\/\/www.immo-invest.ch\/fr\/wp-json\/wp\/v2\/categories?post=62936"},{"taxonomy":"post_tag","embeddable":true,"href":"https:\/\/www.immo-invest.ch\/fr\/wp-json\/wp\/v2\/tags?post=62936"}],"curies":[{"name":"wp","href":"https:\/\/api.w.org\/{rel}","templated":true}]}}