{"id":62894,"date":"2023-08-29T14:24:55","date_gmt":"2023-08-29T12:24:55","guid":{"rendered":"https:\/\/www.immo-invest.ch\/kanton-und-stadt-wollen-kuenftige-entwicklungsschwerpunkte-erschliessen\/"},"modified":"2023-08-29T14:28:57","modified_gmt":"2023-08-29T12:28:57","slug":"kanton-und-stadt-wollen-kuenftige-entwicklungsschwerpunkte-erschliessen","status":"publish","type":"post","link":"https:\/\/www.immo-invest.ch\/fr\/kanton-und-stadt-wollen-kuenftige-entwicklungsschwerpunkte-erschliessen\/","title":{"rendered":"Le canton et la ville veulent d\u00e9velopper les futurs p\u00f4les de d\u00e9veloppement"},"content":{"rendered":"<p class=\"wp-block-paragraph\">Outre des mesures &agrave; court et moyen terme telles qu&rsquo;un nouveau concept de bus dans le nord de Zurich et le tram Affoltern, des am&eacute;nagements de l&rsquo;offre de transports publics &agrave; plus long terme sont pr&eacute;vus dans le canton et la ville de Zurich. Un projet pr&eacute;sent&eacute; aujourd&rsquo;hui par Carmen Walker Sp&auml;h, conseill&egrave;re d&rsquo;Etat zurichoise et directrice de l&rsquo;&eacute;conomie publique, et Michael Baumer, conseiller municipal et chef du d&eacute;partement des services industriels, fait partie de ces extensions : la tangente nord du tramway de Zurich Affoltern &agrave; Stettbach via Oerlikon.<\/p>\n\n\n\n<p class=\"wp-block-paragraph\"><strong>Un syst&egrave;me de transport public en boucle avec une nouvelle liaison tangentielle<\/strong><\/p>\n\n\n\n<p class=\"wp-block-paragraph\">Le projet fait partie int&eacute;grante de la strat&eacute;gie ZVV 2025-2029 ainsi que de la strat&eacute;gie de d&eacute;veloppement du r&eacute;seau VBZ bas&eacute;e sur la &laquo;&nbsp;Vision d&rsquo;avenir des TP 2050&nbsp;&raquo;, qui pr&eacute;voit notamment un syst&egrave;me de transports publics en boucle avec une nouvelle liaison tangentielle d&rsquo;Affoltern &agrave; Stettbach via Oerlikon. &laquo;&nbsp;Zurich-Nord a un &eacute;norme potentiel et rayonne bien au-del&agrave; des fronti&egrave;res de la ville dans le canton&nbsp;&raquo;, d&eacute;clare la conseill&egrave;re d&rsquo;&Eacute;tat et pr&eacute;sidente du conseil des transports ZVV Carmen Walker Sp&auml;h. &laquo;&nbsp;Il est donc judicieux, apr&egrave;s le tram d&rsquo;Affoltern, d&rsquo;examiner de plus pr&egrave;s la tangente nord du tram&nbsp;&raquo;. Cela est d&rsquo;autant plus vrai que la tangente nord du tram doit &eacute;galement utiliser une partie des voies du tram d&rsquo;Affoltern, dont la construction est pr&eacute;vue &agrave; partir de 2026.<\/p>\n\n\n\n<p class=\"wp-block-paragraph\">Le r&ocirc;le et la mission des transports publics dans le canton et la ville de Zurich sont exigeants : ils doivent assurer d&rsquo;importants flux de trafic sur une base aussi neutre que possible pour le climat et donc rester &agrave; l&rsquo;avenir l&rsquo;&eacute;pine dorsale d&rsquo;une mobilit&eacute; moderne, efficace et respectueuse du climat. Aujourd&rsquo;hui d&eacute;j&agrave;, une grande partie du trafic est assur&eacute;e par les transports publics &ndash; un tiers dans le canton et environ 40 % dans la ville. Dans l&rsquo;optique de mesures de protection du climat et sur la base des strat&eacute;gies cantonales et municipales, ces parts doivent encore &ecirc;tre augment&eacute;es.<\/p>\n\n\n\n<p class=\"wp-block-paragraph\">Le conseiller municipal Michael Baumer r&eacute;sume la strat&eacute;gie : &laquo;&nbsp;Nous ne pourrons rester attractifs qu&rsquo;avec des temps de trajet courts, une ponctualit&eacute; et un r&eacute;seau dense. Le syst&egrave;me de rocade pr&eacute;vu avec la tangente nord du tramway comme premi&egrave;re &eacute;tape fait progresser de mani&egrave;re d&eacute;cisive les transports publics dans la ville&nbsp;&raquo;. Pour absorber la croissance d&eacute;mographique dans les quartiers du nord de Zurich, une extension cibl&eacute;e du r&eacute;seau de tramways et de bus est n&eacute;cessaire.<\/p>\n\n\n\n<p class=\"wp-block-paragraph\">Le d&eacute;veloppement des transports publics est l&rsquo;une des bases de la strat&eacute;gie de d&eacute;veloppement territorial de la ville de Zurich visant &agrave; promouvoir les centres du nord et de l&rsquo;ouest de la ville. Le projet est maintenant rapidement mis en &oelig;uvre dans le but de pouvoir le soumettre &agrave; la Conf&eacute;d&eacute;ration pour un cofinancement dans le cadre des projets d&rsquo;agglom&eacute;ration de 6e g&eacute;n&eacute;ration. Celle-ci exige toujours un avant-projet achev&eacute; pour les grands projets de m&eacute;tro l&eacute;ger. Cet &eacute;t&eacute;, le Conseil d&rsquo;Etat du canton de Zurich a d&eacute;cid&eacute;, dans le cadre de la strat&eacute;gie 2025-2029 de la ZVV, de donner son feu vert aux premi&egrave;res &eacute;tudes et de cr&eacute;er la base d&rsquo;un cr&eacute;dit d&rsquo;&eacute;tude correspondant. C&rsquo;est maintenant la ville de Zurich qui franchit les prochaines &eacute;tapes de ce projet en r&eacute;alisant une &eacute;tude de potentiel et de faisabilit&eacute;.<\/p>\n","protected":false},"excerpt":{"rendered":"<p>Afin de r\u00e9pondre \u00e0 la croissance d\u00e9mographique attendue \u00e0 l&rsquo;ouest et au nord de la ville de Zurich, les transports publics seront encore d\u00e9velopp\u00e9s. L&rsquo;une des priorit\u00e9s est la tangente nord du tramway pour desservir la zone de d\u00e9veloppement urbain de Zurich-Nord.<\/p>\n","protected":false},"author":2,"featured_media":62889,"comment_status":"open","ping_status":"open","sticky":false,"template":"","format":"standard","meta":{"pmpro_default_level":"","inline_featured_image":false,"_monsterinsights_skip_tracking":false,"footnotes":""},"categories":[22703],"tags":[7519,41847,2529,41848,41849,2318,41850],"class_list":["post-62894","post","type-post","status-publish","format-standard","has-post-thumbnail","hentry","category-mobilite","tag-kanton-zuerich-fr","tag-klimaschutzmassnamen-fr","tag-sbb-fr","tag-stadtbahnprojekt-fr","tag-strathegie-fr","tag-tram-fr","tag-zvv-fr","pmpro-has-access"],"acf":{"bild_mit_ki_erstellt_worden":[],"lead":"Afin de r\u00e9pondre \u00e0 la croissance d\u00e9mographique attendue \u00e0 l'ouest et au nord de la ville de Zurich, les transports publics seront encore d\u00e9velopp\u00e9s. L'une des priorit\u00e9s est la tangente nord du tramway pour desservir la zone de d\u00e9veloppement urbain de Zurich-Nord.","autor":"Quelle: Stadt Z\u00fcrich","ort":"","bildunterschrift":"","bild_im_grid":false,"gallerie":"","newsim":""},"aioseo_notices":[],"aioseo_head":"\n\t\t<!-- All in One SEO 5.0.1.1 - aioseo.com -->\n\t<meta name=\"description\" content=\"Afin de r\u00e9pondre \u00e0 la croissance d\u00e9mographique attendue \u00e0 l&#039;ouest et au nord de la ville de Zurich, les transports publics seront encore d\u00e9velopp\u00e9s. L&#039;une des priorit\u00e9s est la tangente nord du tramway pour desservir la zone de d\u00e9veloppement urbain de Zurich-Nord.\" \/>\n\t<meta name=\"robots\" content=\"max-image-preview:large\" \/>\n\t<meta name=\"author\" content=\"immovestuser\"\/>\n\t<meta name=\"google-site-verification\" content=\"fHJKvgWpZCR2zVBHWfkQeFXC11qieUSff0HGNYfuyLA\" \/>\n\t<link rel=\"canonical\" href=\"https:\/\/www.immo-invest.ch\/fr\/kanton-und-stadt-wollen-kuenftige-entwicklungsschwerpunkte-erschliessen\/\" \/>\n\t<meta name=\"generator\" content=\"All in One SEO (AIOSEO) 5.0.1.1\" \/>\n\t\t<meta property=\"og:locale\" content=\"fr_FR\" \/>\n\t\t<meta property=\"og:site_name\" content=\"immo!nvest - Die Plattform f\u00fcr Standorte und Immobilien - Die\u00a0Plattform f\u00fcr Standorte und Immobilien\" \/>\n\t\t<meta property=\"og:type\" content=\"article\" \/>\n\t\t<meta property=\"og:title\" content=\"Le canton et la ville veulent d\u00e9velopper les futurs p\u00f4les de d\u00e9veloppement - immo!nvest - Die Plattform f\u00fcr Standorte und Immobilien\" \/>\n\t\t<meta property=\"og:description\" content=\"Afin de r\u00e9pondre \u00e0 la croissance d\u00e9mographique attendue \u00e0 l&#039;ouest et au nord de la ville de Zurich, les transports publics seront encore d\u00e9velopp\u00e9s. L&#039;une des priorit\u00e9s est la tangente nord du tramway pour desservir la zone de d\u00e9veloppement urbain de Zurich-Nord.\" \/>\n\t\t<meta property=\"og:url\" content=\"https:\/\/www.immo-invest.ch\/fr\/kanton-und-stadt-wollen-kuenftige-entwicklungsschwerpunkte-erschliessen\/\" \/>\n\t\t<meta property=\"og:image\" content=\"https:\/\/www.immo-invest.ch\/wp-content\/uploads\/2023\/08\/florian-david-4yEnj6CGO2Q-unsplash-1-scaled.jpg\" \/>\n\t\t<meta property=\"og:image:secure_url\" content=\"https:\/\/www.immo-invest.ch\/wp-content\/uploads\/2023\/08\/florian-david-4yEnj6CGO2Q-unsplash-1-scaled.jpg\" \/>\n\t\t<meta property=\"og:image:width\" content=\"2560\" \/>\n\t\t<meta property=\"og:image:height\" content=\"1859\" \/>\n\t\t<meta property=\"article:published_time\" content=\"2023-08-29T12:24:55+00:00\" \/>\n\t\t<meta property=\"article:modified_time\" content=\"2023-08-29T12:28:57+00:00\" \/>\n\t\t<meta property=\"article:publisher\" content=\"https:\/\/www.facebook.com\/people\/Immoinvest\/100077962920504\/\" \/>\n\t\t<meta name=\"twitter:card\" content=\"summary_large_image\" \/>\n\t\t<meta name=\"twitter:site\" content=\"@i\" \/>\n\t\t<meta name=\"twitter:title\" content=\"Le canton et la ville veulent d\u00e9velopper les futurs p\u00f4les de d\u00e9veloppement - immo!nvest - Die Plattform f\u00fcr Standorte und Immobilien\" \/>\n\t\t<meta name=\"twitter:description\" content=\"Afin de r\u00e9pondre \u00e0 la croissance d\u00e9mographique attendue \u00e0 l&#039;ouest et au nord de la ville de Zurich, les transports publics seront encore d\u00e9velopp\u00e9s. L&#039;une des priorit\u00e9s est la tangente nord du tramway pour desservir la zone de d\u00e9veloppement urbain de Zurich-Nord.\" \/>\n\t\t<meta name=\"twitter:creator\" content=\"@i\" \/>\n\t\t<meta name=\"twitter:image\" content=\"https:\/\/www.immo-invest.ch\/wp-content\/uploads\/2023\/08\/florian-david-4yEnj6CGO2Q-unsplash-1-scaled.jpg\" \/>\n\t\t<script type=\"application\/ld+json\" class=\"aioseo-schema\">\n\t\t\t{\"@context\":\"https:\\\/\\\/schema.org\",\"@graph\":[{\"@type\":\"BlogPosting\",\"@id\":\"https:\\\/\\\/www.immo-invest.ch\\\/fr\\\/kanton-und-stadt-wollen-kuenftige-entwicklungsschwerpunkte-erschliessen\\\/#blogposting\",\"name\":\"Le canton et la ville veulent d\\u00e9velopper les futurs p\\u00f4les de d\\u00e9veloppement - immo!nvest - Die Plattform f\\u00fcr Standorte und Immobilien\",\"headline\":\"Le canton et la ville veulent d\\u00e9velopper les futurs p\\u00f4les de d\\u00e9veloppement\",\"author\":{\"@id\":\"https:\\\/\\\/www.immo-invest.ch\\\/fr\\\/author\\\/immovestuser\\\/#author\"},\"publisher\":{\"@id\":\"https:\\\/\\\/www.immo-invest.ch\\\/fr\\\/#organization\"},\"image\":{\"@type\":\"ImageObject\",\"url\":\"https:\\\/\\\/www.immo-invest.ch\\\/wp-content\\\/uploads\\\/2023\\\/08\\\/florian-david-4yEnj6CGO2Q-unsplash-1-scaled.jpg\",\"width\":2560,\"height\":1859},\"datePublished\":\"2023-08-29T14:24:55+02:00\",\"dateModified\":\"2023-08-29T14:28:57+02:00\",\"inLanguage\":\"fr-FR\",\"mainEntityOfPage\":{\"@id\":\"https:\\\/\\\/www.immo-invest.ch\\\/fr\\\/kanton-und-stadt-wollen-kuenftige-entwicklungsschwerpunkte-erschliessen\\\/#webpage\"},\"isPartOf\":{\"@id\":\"https:\\\/\\\/www.immo-invest.ch\\\/fr\\\/kanton-und-stadt-wollen-kuenftige-entwicklungsschwerpunkte-erschliessen\\\/#webpage\"},\"articleSection\":\"Mobilit\\u00e9, Kanton Z\\u00fcrich, Klimaschutzmassnamen, SBB, Stadtbahnprojekt, Strathegie, tram, ZVV, Facultatif\"},{\"@type\":\"BreadcrumbList\",\"@id\":\"https:\\\/\\\/www.immo-invest.ch\\\/fr\\\/kanton-und-stadt-wollen-kuenftige-entwicklungsschwerpunkte-erschliessen\\\/#breadcrumblist\",\"itemListElement\":[{\"@type\":\"ListItem\",\"@id\":\"https:\\\/\\\/www.immo-invest.ch\\\/fr\\\/#listItem\",\"position\":1,\"name\":\"Home\",\"item\":\"https:\\\/\\\/www.immo-invest.ch\\\/fr\\\/\",\"nextItem\":{\"@type\":\"ListItem\",\"@id\":\"https:\\\/\\\/www.immo-invest.ch\\\/fr\\\/categories\\\/trends-fr\\\/#listItem\",\"name\":\"Trends\"}},{\"@type\":\"ListItem\",\"@id\":\"https:\\\/\\\/www.immo-invest.ch\\\/fr\\\/categories\\\/trends-fr\\\/#listItem\",\"position\":2,\"name\":\"Trends\",\"item\":\"https:\\\/\\\/www.immo-invest.ch\\\/fr\\\/categories\\\/trends-fr\\\/\",\"nextItem\":{\"@type\":\"ListItem\",\"@id\":\"https:\\\/\\\/www.immo-invest.ch\\\/fr\\\/categories\\\/trends-fr\\\/mobilite\\\/#listItem\",\"name\":\"Mobilit\\u00e9\"},\"previousItem\":{\"@type\":\"ListItem\",\"@id\":\"https:\\\/\\\/www.immo-invest.ch\\\/fr\\\/#listItem\",\"name\":\"Home\"}},{\"@type\":\"ListItem\",\"@id\":\"https:\\\/\\\/www.immo-invest.ch\\\/fr\\\/categories\\\/trends-fr\\\/mobilite\\\/#listItem\",\"position\":3,\"name\":\"Mobilit\\u00e9\",\"item\":\"https:\\\/\\\/www.immo-invest.ch\\\/fr\\\/categories\\\/trends-fr\\\/mobilite\\\/\",\"nextItem\":{\"@type\":\"ListItem\",\"@id\":\"https:\\\/\\\/www.immo-invest.ch\\\/fr\\\/kanton-und-stadt-wollen-kuenftige-entwicklungsschwerpunkte-erschliessen\\\/#listItem\",\"name\":\"Le canton et la ville veulent d\\u00e9velopper les futurs p\\u00f4les de d\\u00e9veloppement\"},\"previousItem\":{\"@type\":\"ListItem\",\"@id\":\"https:\\\/\\\/www.immo-invest.ch\\\/fr\\\/categories\\\/trends-fr\\\/#listItem\",\"name\":\"Trends\"}},{\"@type\":\"ListItem\",\"@id\":\"https:\\\/\\\/www.immo-invest.ch\\\/fr\\\/kanton-und-stadt-wollen-kuenftige-entwicklungsschwerpunkte-erschliessen\\\/#listItem\",\"position\":4,\"name\":\"Le canton et la ville veulent d\\u00e9velopper les futurs p\\u00f4les de d\\u00e9veloppement\",\"previousItem\":{\"@type\":\"ListItem\",\"@id\":\"https:\\\/\\\/www.immo-invest.ch\\\/fr\\\/categories\\\/trends-fr\\\/mobilite\\\/#listItem\",\"name\":\"Mobilit\\u00e9\"}}]},{\"@type\":\"Organization\",\"@id\":\"https:\\\/\\\/www.immo-invest.ch\\\/fr\\\/#organization\",\"name\":\"immo!nvest - Die Plattform f\\u00fcr Standorte und Immobilien\",\"description\":\"Die\\u00a0Plattform f\\u00fcr Standorte und Immobilien\",\"url\":\"https:\\\/\\\/www.immo-invest.ch\\\/fr\\\/\",\"email\":\"admin@immomedia.ag\",\"telephone\":\"+41444420002\",\"logo\":{\"@type\":\"ImageObject\",\"url\":\"https:\\\/\\\/www.immo-invest.ch\\\/wp-content\\\/uploads\\\/2024\\\/09\\\/immoinvest_sm-scaled.jpg\",\"@id\":\"https:\\\/\\\/www.immo-invest.ch\\\/fr\\\/kanton-und-stadt-wollen-kuenftige-entwicklungsschwerpunkte-erschliessen\\\/#organizationLogo\",\"width\":2560,\"height\":1340},\"image\":{\"@id\":\"https:\\\/\\\/www.immo-invest.ch\\\/fr\\\/kanton-und-stadt-wollen-kuenftige-entwicklungsschwerpunkte-erschliessen\\\/#organizationLogo\"},\"sameAs\":[\"https:\\\/\\\/www.facebook.com\\\/people\\\/Immoinvest\\\/100077962920504\\\/\",\"https:\\\/\\\/x.com\\\/i\\\/flow\\\/login?redirect_after_login=immoinvest_ch\",\"https:\\\/\\\/www.instagram.com\\\/immoinvest_ch\\\/\",\"https:\\\/\\\/www.linkedin.com\\\/company\\\/immoinvest-swiss\"]},{\"@type\":\"Person\",\"@id\":\"https:\\\/\\\/www.immo-invest.ch\\\/fr\\\/author\\\/immovestuser\\\/#author\",\"url\":\"https:\\\/\\\/www.immo-invest.ch\\\/fr\\\/author\\\/immovestuser\\\/\",\"name\":\"immovestuser\",\"image\":{\"@type\":\"ImageObject\",\"@id\":\"https:\\\/\\\/www.immo-invest.ch\\\/fr\\\/kanton-und-stadt-wollen-kuenftige-entwicklungsschwerpunkte-erschliessen\\\/#authorImage\",\"url\":\"https:\\\/\\\/secure.gravatar.com\\\/avatar\\\/8e01f4d99f2eeea7a362ebb93305e1172a70e9293ba250f897a65c39f54cdd1e?s=96&d=mm&r=g\",\"width\":96,\"height\":96,\"caption\":\"immovestuser\"}},{\"@type\":\"WebPage\",\"@id\":\"https:\\\/\\\/www.immo-invest.ch\\\/fr\\\/kanton-und-stadt-wollen-kuenftige-entwicklungsschwerpunkte-erschliessen\\\/#webpage\",\"url\":\"https:\\\/\\\/www.immo-invest.ch\\\/fr\\\/kanton-und-stadt-wollen-kuenftige-entwicklungsschwerpunkte-erschliessen\\\/\",\"name\":\"Le canton et la ville veulent d\\u00e9velopper les futurs p\\u00f4les de d\\u00e9veloppement - immo!nvest - Die Plattform f\\u00fcr Standorte und Immobilien\",\"description\":\"Afin de r\\u00e9pondre \\u00e0 la croissance d\\u00e9mographique attendue \\u00e0 l'ouest et au nord de la ville de Zurich, les transports publics seront encore d\\u00e9velopp\\u00e9s. L'une des priorit\\u00e9s est la tangente nord du tramway pour desservir la zone de d\\u00e9veloppement urbain de Zurich-Nord.\",\"inLanguage\":\"fr-FR\",\"isPartOf\":{\"@id\":\"https:\\\/\\\/www.immo-invest.ch\\\/fr\\\/#website\"},\"breadcrumb\":{\"@id\":\"https:\\\/\\\/www.immo-invest.ch\\\/fr\\\/kanton-und-stadt-wollen-kuenftige-entwicklungsschwerpunkte-erschliessen\\\/#breadcrumblist\"},\"author\":{\"@id\":\"https:\\\/\\\/www.immo-invest.ch\\\/fr\\\/author\\\/immovestuser\\\/#author\"},\"creator\":{\"@id\":\"https:\\\/\\\/www.immo-invest.ch\\\/fr\\\/author\\\/immovestuser\\\/#author\"},\"image\":{\"@type\":\"ImageObject\",\"url\":\"https:\\\/\\\/www.immo-invest.ch\\\/wp-content\\\/uploads\\\/2023\\\/08\\\/florian-david-4yEnj6CGO2Q-unsplash-1-scaled.jpg\",\"@id\":\"https:\\\/\\\/www.immo-invest.ch\\\/fr\\\/kanton-und-stadt-wollen-kuenftige-entwicklungsschwerpunkte-erschliessen\\\/#mainImage\",\"width\":2560,\"height\":1859},\"primaryImageOfPage\":{\"@id\":\"https:\\\/\\\/www.immo-invest.ch\\\/fr\\\/kanton-und-stadt-wollen-kuenftige-entwicklungsschwerpunkte-erschliessen\\\/#mainImage\"},\"datePublished\":\"2023-08-29T14:24:55+02:00\",\"dateModified\":\"2023-08-29T14:28:57+02:00\"},{\"@type\":\"WebSite\",\"@id\":\"https:\\\/\\\/www.immo-invest.ch\\\/fr\\\/#website\",\"url\":\"https:\\\/\\\/www.immo-invest.ch\\\/fr\\\/\",\"name\":\"immo!nvest - Die Plattform f\\u00fcr Standorte und Immobilien\",\"description\":\"Die\\u00a0Plattform f\\u00fcr Standorte und Immobilien\",\"inLanguage\":\"fr-FR\",\"publisher\":{\"@id\":\"https:\\\/\\\/www.immo-invest.ch\\\/fr\\\/#organization\"}}]}\n\t\t<\/script>\n\t\t<!-- All in One SEO -->\n\n","aioseo_head_json":{"title":"Le canton et la ville veulent d\u00e9velopper les futurs p\u00f4les de d\u00e9veloppement - immo!nvest - Die Plattform f\u00fcr Standorte und Immobilien","description":"Afin de r\u00e9pondre \u00e0 la croissance d\u00e9mographique attendue \u00e0 l'ouest et au nord de la ville de Zurich, les transports publics seront encore d\u00e9velopp\u00e9s. L'une des priorit\u00e9s est la tangente nord du tramway pour desservir la zone de d\u00e9veloppement urbain de Zurich-Nord.","canonical_url":"https:\/\/www.immo-invest.ch\/fr\/kanton-und-stadt-wollen-kuenftige-entwicklungsschwerpunkte-erschliessen\/","robots":"max-image-preview:large","keywords":"","webmasterTools":{"google-site-verification":"fHJKvgWpZCR2zVBHWfkQeFXC11qieUSff0HGNYfuyLA","miscellaneous":""},"schema":{"@context":"https:\/\/schema.org","@graph":[{"@type":"BlogPosting","@id":"https:\/\/www.immo-invest.ch\/fr\/kanton-und-stadt-wollen-kuenftige-entwicklungsschwerpunkte-erschliessen\/#blogposting","name":"Le canton et la ville veulent d\u00e9velopper les futurs p\u00f4les de d\u00e9veloppement - immo!nvest - Die Plattform f\u00fcr Standorte und Immobilien","headline":"Le canton et la ville veulent d\u00e9velopper les futurs p\u00f4les de d\u00e9veloppement","author":{"@id":"https:\/\/www.immo-invest.ch\/fr\/author\/immovestuser\/#author"},"publisher":{"@id":"https:\/\/www.immo-invest.ch\/fr\/#organization"},"image":{"@type":"ImageObject","url":"https:\/\/www.immo-invest.ch\/wp-content\/uploads\/2023\/08\/florian-david-4yEnj6CGO2Q-unsplash-1-scaled.jpg","width":2560,"height":1859},"datePublished":"2023-08-29T14:24:55+02:00","dateModified":"2023-08-29T14:28:57+02:00","inLanguage":"fr-FR","mainEntityOfPage":{"@id":"https:\/\/www.immo-invest.ch\/fr\/kanton-und-stadt-wollen-kuenftige-entwicklungsschwerpunkte-erschliessen\/#webpage"},"isPartOf":{"@id":"https:\/\/www.immo-invest.ch\/fr\/kanton-und-stadt-wollen-kuenftige-entwicklungsschwerpunkte-erschliessen\/#webpage"},"articleSection":"Mobilit\u00e9, Kanton Z\u00fcrich, Klimaschutzmassnamen, SBB, Stadtbahnprojekt, Strathegie, tram, ZVV, Facultatif"},{"@type":"BreadcrumbList","@id":"https:\/\/www.immo-invest.ch\/fr\/kanton-und-stadt-wollen-kuenftige-entwicklungsschwerpunkte-erschliessen\/#breadcrumblist","itemListElement":[{"@type":"ListItem","@id":"https:\/\/www.immo-invest.ch\/fr\/#listItem","position":1,"name":"Home","item":"https:\/\/www.immo-invest.ch\/fr\/","nextItem":{"@type":"ListItem","@id":"https:\/\/www.immo-invest.ch\/fr\/categories\/trends-fr\/#listItem","name":"Trends"}},{"@type":"ListItem","@id":"https:\/\/www.immo-invest.ch\/fr\/categories\/trends-fr\/#listItem","position":2,"name":"Trends","item":"https:\/\/www.immo-invest.ch\/fr\/categories\/trends-fr\/","nextItem":{"@type":"ListItem","@id":"https:\/\/www.immo-invest.ch\/fr\/categories\/trends-fr\/mobilite\/#listItem","name":"Mobilit\u00e9"},"previousItem":{"@type":"ListItem","@id":"https:\/\/www.immo-invest.ch\/fr\/#listItem","name":"Home"}},{"@type":"ListItem","@id":"https:\/\/www.immo-invest.ch\/fr\/categories\/trends-fr\/mobilite\/#listItem","position":3,"name":"Mobilit\u00e9","item":"https:\/\/www.immo-invest.ch\/fr\/categories\/trends-fr\/mobilite\/","nextItem":{"@type":"ListItem","@id":"https:\/\/www.immo-invest.ch\/fr\/kanton-und-stadt-wollen-kuenftige-entwicklungsschwerpunkte-erschliessen\/#listItem","name":"Le canton et la ville veulent d\u00e9velopper les futurs p\u00f4les de d\u00e9veloppement"},"previousItem":{"@type":"ListItem","@id":"https:\/\/www.immo-invest.ch\/fr\/categories\/trends-fr\/#listItem","name":"Trends"}},{"@type":"ListItem","@id":"https:\/\/www.immo-invest.ch\/fr\/kanton-und-stadt-wollen-kuenftige-entwicklungsschwerpunkte-erschliessen\/#listItem","position":4,"name":"Le canton et la ville veulent d\u00e9velopper les futurs p\u00f4les de d\u00e9veloppement","previousItem":{"@type":"ListItem","@id":"https:\/\/www.immo-invest.ch\/fr\/categories\/trends-fr\/mobilite\/#listItem","name":"Mobilit\u00e9"}}]},{"@type":"Organization","@id":"https:\/\/www.immo-invest.ch\/fr\/#organization","name":"immo!nvest - Die Plattform f\u00fcr Standorte und Immobilien","description":"Die\u00a0Plattform f\u00fcr Standorte und Immobilien","url":"https:\/\/www.immo-invest.ch\/fr\/","email":"admin@immomedia.ag","telephone":"+41444420002","logo":{"@type":"ImageObject","url":"https:\/\/www.immo-invest.ch\/wp-content\/uploads\/2024\/09\/immoinvest_sm-scaled.jpg","@id":"https:\/\/www.immo-invest.ch\/fr\/kanton-und-stadt-wollen-kuenftige-entwicklungsschwerpunkte-erschliessen\/#organizationLogo","width":2560,"height":1340},"image":{"@id":"https:\/\/www.immo-invest.ch\/fr\/kanton-und-stadt-wollen-kuenftige-entwicklungsschwerpunkte-erschliessen\/#organizationLogo"},"sameAs":["https:\/\/www.facebook.com\/people\/Immoinvest\/100077962920504\/","https:\/\/x.com\/i\/flow\/login?redirect_after_login=immoinvest_ch","https:\/\/www.instagram.com\/immoinvest_ch\/","https:\/\/www.linkedin.com\/company\/immoinvest-swiss"]},{"@type":"Person","@id":"https:\/\/www.immo-invest.ch\/fr\/author\/immovestuser\/#author","url":"https:\/\/www.immo-invest.ch\/fr\/author\/immovestuser\/","name":"immovestuser","image":{"@type":"ImageObject","@id":"https:\/\/www.immo-invest.ch\/fr\/kanton-und-stadt-wollen-kuenftige-entwicklungsschwerpunkte-erschliessen\/#authorImage","url":"https:\/\/secure.gravatar.com\/avatar\/8e01f4d99f2eeea7a362ebb93305e1172a70e9293ba250f897a65c39f54cdd1e?s=96&d=mm&r=g","width":96,"height":96,"caption":"immovestuser"}},{"@type":"WebPage","@id":"https:\/\/www.immo-invest.ch\/fr\/kanton-und-stadt-wollen-kuenftige-entwicklungsschwerpunkte-erschliessen\/#webpage","url":"https:\/\/www.immo-invest.ch\/fr\/kanton-und-stadt-wollen-kuenftige-entwicklungsschwerpunkte-erschliessen\/","name":"Le canton et la ville veulent d\u00e9velopper les futurs p\u00f4les de d\u00e9veloppement - immo!nvest - Die Plattform f\u00fcr Standorte und Immobilien","description":"Afin de r\u00e9pondre \u00e0 la croissance d\u00e9mographique attendue \u00e0 l'ouest et au nord de la ville de Zurich, les transports publics seront encore d\u00e9velopp\u00e9s. L'une des priorit\u00e9s est la tangente nord du tramway pour desservir la zone de d\u00e9veloppement urbain de Zurich-Nord.","inLanguage":"fr-FR","isPartOf":{"@id":"https:\/\/www.immo-invest.ch\/fr\/#website"},"breadcrumb":{"@id":"https:\/\/www.immo-invest.ch\/fr\/kanton-und-stadt-wollen-kuenftige-entwicklungsschwerpunkte-erschliessen\/#breadcrumblist"},"author":{"@id":"https:\/\/www.immo-invest.ch\/fr\/author\/immovestuser\/#author"},"creator":{"@id":"https:\/\/www.immo-invest.ch\/fr\/author\/immovestuser\/#author"},"image":{"@type":"ImageObject","url":"https:\/\/www.immo-invest.ch\/wp-content\/uploads\/2023\/08\/florian-david-4yEnj6CGO2Q-unsplash-1-scaled.jpg","@id":"https:\/\/www.immo-invest.ch\/fr\/kanton-und-stadt-wollen-kuenftige-entwicklungsschwerpunkte-erschliessen\/#mainImage","width":2560,"height":1859},"primaryImageOfPage":{"@id":"https:\/\/www.immo-invest.ch\/fr\/kanton-und-stadt-wollen-kuenftige-entwicklungsschwerpunkte-erschliessen\/#mainImage"},"datePublished":"2023-08-29T14:24:55+02:00","dateModified":"2023-08-29T14:28:57+02:00"},{"@type":"WebSite","@id":"https:\/\/www.immo-invest.ch\/fr\/#website","url":"https:\/\/www.immo-invest.ch\/fr\/","name":"immo!nvest - Die Plattform f\u00fcr Standorte und Immobilien","description":"Die\u00a0Plattform f\u00fcr Standorte und Immobilien","inLanguage":"fr-FR","publisher":{"@id":"https:\/\/www.immo-invest.ch\/fr\/#organization"}}]},"og:locale":"fr_FR","og:site_name":"immo!nvest - Die Plattform f\u00fcr Standorte und Immobilien - Die\u00a0Plattform f\u00fcr Standorte und Immobilien","og:type":"article","og:title":"Le canton et la ville veulent d\u00e9velopper les futurs p\u00f4les de d\u00e9veloppement - immo!nvest - Die Plattform f\u00fcr Standorte und Immobilien","og:description":"Afin de r\u00e9pondre \u00e0 la croissance d\u00e9mographique attendue \u00e0 l'ouest et au nord de la ville de Zurich, les transports publics seront encore d\u00e9velopp\u00e9s. L'une des priorit\u00e9s est la tangente nord du tramway pour desservir la zone de d\u00e9veloppement urbain de Zurich-Nord.","og:url":"https:\/\/www.immo-invest.ch\/fr\/kanton-und-stadt-wollen-kuenftige-entwicklungsschwerpunkte-erschliessen\/","og:image":"https:\/\/www.immo-invest.ch\/wp-content\/uploads\/2023\/08\/florian-david-4yEnj6CGO2Q-unsplash-1-scaled.jpg","og:image:secure_url":"https:\/\/www.immo-invest.ch\/wp-content\/uploads\/2023\/08\/florian-david-4yEnj6CGO2Q-unsplash-1-scaled.jpg","og:image:width":2560,"og:image:height":1859,"article:published_time":"2023-08-29T12:24:55+00:00","article:modified_time":"2023-08-29T12:28:57+00:00","article:publisher":"https:\/\/www.facebook.com\/people\/Immoinvest\/100077962920504\/","twitter:card":"summary_large_image","twitter:site":"@i","twitter:title":"Le canton et la ville veulent d\u00e9velopper les futurs p\u00f4les de d\u00e9veloppement - immo!nvest - Die Plattform f\u00fcr Standorte und Immobilien","twitter:description":"Afin de r\u00e9pondre \u00e0 la croissance d\u00e9mographique attendue \u00e0 l'ouest et au nord de la ville de Zurich, les transports publics seront encore d\u00e9velopp\u00e9s. L'une des priorit\u00e9s est la tangente nord du tramway pour desservir la zone de d\u00e9veloppement urbain de Zurich-Nord.","twitter:creator":"@i","twitter:image":"https:\/\/www.immo-invest.ch\/wp-content\/uploads\/2023\/08\/florian-david-4yEnj6CGO2Q-unsplash-1-scaled.jpg"},"aioseo_meta_data":{"post_id":"62894","title":null,"description":null,"keywords":null,"keyphrases":null,"primary_term":null,"canonical_url":null,"og_title":null,"og_description":null,"og_object_type":"default","og_image_type":"default","og_image_url":null,"og_image_width":null,"og_image_height":null,"og_image_custom_url":null,"og_image_custom_fields":null,"og_video":null,"og_custom_url":null,"og_article_section":null,"og_article_tags":null,"twitter_use_og":false,"twitter_card":"default","twitter_image_type":"default","twitter_image_url":null,"twitter_image_custom_url":null,"twitter_image_custom_fields":null,"twitter_title":null,"twitter_description":null,"schema":{"blockGraphs":[],"customGraphs":[],"default":{"data":{"Article":[],"Course":[],"Dataset":[],"FAQPage":[],"Movie":[],"Person":[],"Product":[],"ProductReview":[],"Car":[],"Recipe":[],"Service":[],"SoftwareApplication":[],"WebPage":[]},"graphName":"","isEnabled":true},"graphs":[]},"schema_type":"default","schema_type_options":null,"pillar_content":false,"robots_default":true,"robots_noindex":false,"robots_noarchive":false,"robots_nosnippet":false,"robots_nofollow":false,"robots_noimageindex":false,"robots_noodp":false,"robots_notranslate":false,"robots_max_snippet":null,"robots_max_videopreview":null,"robots_max_imagepreview":"large","priority":null,"frequency":null,"local_seo":null,"breadcrumb_settings":null,"limit_modified_date":false,"ai":null,"created":"2024-09-20 08:51:01","updated":"2025-10-23 14:43:12","seo_analyzer_scan_date":null,"focus_keyword":null,"additional_keywords":null,"truseo_locale":null},"aioseo_breadcrumb":"<div class=\"aioseo-breadcrumbs\"><span class=\"aioseo-breadcrumb\">\n\t\t\t<a href=\"https:\/\/www.immo-invest.ch\/fr\/\" title=\"Home\">Home<\/a>\n\t\t<\/span><span class=\"aioseo-breadcrumb-separator\">&raquo;<\/span><span class=\"aioseo-breadcrumb\">\n\t\t\t<a href=\"https:\/\/www.immo-invest.ch\/fr\/categories\/trends-fr\/\" title=\"Trends\">Trends<\/a>\n\t\t<\/span><span class=\"aioseo-breadcrumb-separator\">&raquo;<\/span><span class=\"aioseo-breadcrumb\">\n\t\t\t<a href=\"https:\/\/www.immo-invest.ch\/fr\/categories\/trends-fr\/mobilite\/\" title=\"Mobilit\u00e9\">Mobilit\u00e9<\/a>\n\t\t<\/span><span class=\"aioseo-breadcrumb-separator\">&raquo;<\/span><span class=\"aioseo-breadcrumb\">\n\t\t\tLe canton et la ville veulent d\u00e9velopper les futurs p\u00f4les de d\u00e9veloppement\n\t\t<\/span><\/div>","aioseo_breadcrumb_json":[{"label":"Home","link":"https:\/\/www.immo-invest.ch\/fr\/"},{"label":"Trends","link":"https:\/\/www.immo-invest.ch\/fr\/categories\/trends-fr\/"},{"label":"Mobilit\u00e9","link":"https:\/\/www.immo-invest.ch\/fr\/categories\/trends-fr\/mobilite\/"},{"label":"Le canton et la ville veulent d\u00e9velopper les futurs p\u00f4les de d\u00e9veloppement","link":"https:\/\/www.immo-invest.ch\/fr\/kanton-und-stadt-wollen-kuenftige-entwicklungsschwerpunkte-erschliessen\/"}],"featured_image_src":"https:\/\/www.immo-invest.ch\/wp-content\/uploads\/2023\/08\/florian-david-4yEnj6CGO2Q-unsplash-1-336x168.jpg","_links":{"self":[{"href":"https:\/\/www.immo-invest.ch\/fr\/wp-json\/wp\/v2\/posts\/62894","targetHints":{"allow":["GET"]}}],"collection":[{"href":"https:\/\/www.immo-invest.ch\/fr\/wp-json\/wp\/v2\/posts"}],"about":[{"href":"https:\/\/www.immo-invest.ch\/fr\/wp-json\/wp\/v2\/types\/post"}],"author":[{"embeddable":true,"href":"https:\/\/www.immo-invest.ch\/fr\/wp-json\/wp\/v2\/users\/2"}],"replies":[{"embeddable":true,"href":"https:\/\/www.immo-invest.ch\/fr\/wp-json\/wp\/v2\/comments?post=62894"}],"version-history":[{"count":0,"href":"https:\/\/www.immo-invest.ch\/fr\/wp-json\/wp\/v2\/posts\/62894\/revisions"}],"wp:featuredmedia":[{"embeddable":true,"href":"https:\/\/www.immo-invest.ch\/fr\/wp-json\/wp\/v2\/media\/62889"}],"wp:attachment":[{"href":"https:\/\/www.immo-invest.ch\/fr\/wp-json\/wp\/v2\/media?parent=62894"}],"wp:term":[{"taxonomy":"category","embeddable":true,"href":"https:\/\/www.immo-invest.ch\/fr\/wp-json\/wp\/v2\/categories?post=62894"},{"taxonomy":"post_tag","embeddable":true,"href":"https:\/\/www.immo-invest.ch\/fr\/wp-json\/wp\/v2\/tags?post=62894"}],"curies":[{"name":"wp","href":"https:\/\/api.w.org\/{rel}","templated":true}]}}