{"id":62232,"date":"2023-08-23T08:00:00","date_gmt":"2023-08-23T06:00:00","guid":{"rendered":"https:\/\/www.immo-invest.ch\/?p=62232"},"modified":"2023-08-22T07:58:58","modified_gmt":"2023-08-22T05:58:58","slug":"illnau-effretikon-und-energie-360-vereinbaren-energieverbund","status":"publish","type":"post","link":"https:\/\/www.immo-invest.ch\/fr\/illnau-effretikon-und-energie-360-vereinbaren-energieverbund\/","title":{"rendered":"Illnau-Effretikon et Energie 360\u00b0 concluent un accord d&rsquo;interconnexion \u00e9nerg\u00e9tique"},"content":{"rendered":"<p class=\"bodytext\">Selon un <a href=\"https:\/\/www.ilef.ch\/aktuellesinformationen\/1929397\" target=\"_blank\" rel=\"noopener\">communiqu&eacute; de presse<\/a>, la <a href=\"https:\/\/www.ilef.ch\/\" target=\"_blank\" rel=\"noopener\">ville d&rsquo;Illnau-Effretikon<\/a> souhaite acc&eacute;l&eacute;rer rapidement la transition des chauffages &agrave; combustibles fossiles vers les &eacute;nergies renouvelables gr&acirc;ce &agrave; un r&eacute;seau &eacute;nerg&eacute;tique &agrave; grande &eacute;chelle. Pour la mise en &oelig;uvre des plans et l&rsquo;exploitation ult&eacute;rieure, la ville mise sur la collaboration avec <a href=\"https:\/\/www.energie360.ch\/de\/unternehmen\/\" target=\"_blank\" rel=\"noopener\">Energie 360&deg;<\/a>. Le 1er juillet, la ville et le fournisseur d&rsquo;&eacute;nergie ont sign&eacute; un contrat de collaboration &agrave; cet effet, comme l&rsquo;indique la ville.<\/p>\n<p class=\"bodytext\">L&rsquo;avant-projet est planifi&eacute; et d&eacute;velopp&eacute; en priorit&eacute; depuis le d&eacute;but de l&rsquo;ann&eacute;e, poursuit le communiqu&eacute;. Les premi&egrave;res livraisons de chaleur devraient avoir lieu d&rsquo;ici quelques ann&eacute;es. D&rsquo;ici l&agrave;, Energie 360&deg; peut fournir aux propri&eacute;taires fonciers des solutions transitoires au cas o&ugrave; le chauffage tomberait en panne pr&eacute;matur&eacute;ment.<\/p>\n<p class=\"bodytext\">Pour les zones de Vogelbuck et de Watt, Energie 360&deg; a l&rsquo;intention d&rsquo;exploiter le r&eacute;seau &eacute;nerg&eacute;tique &agrave; partir de sources d&rsquo;&eacute;nergie disponibles dans la r&eacute;gion. Selon le communiqu&eacute; de presse, le conseil municipal pr&eacute;voit &eacute;galement de raccorder certains grands immeubles de la zone d&rsquo;approvisionnement &eacute;largie au r&eacute;seau &eacute;nerg&eacute;tique. Le centre de soins et de retraite Bruggwiesen et l&rsquo;h&ocirc;tel de ville sont cit&eacute;s comme exemples. Cette option est &eacute;galement ouverte aux consommateurs priv&eacute;s de chaleur dans la zone d&rsquo;approvisionnement &eacute;largie.<\/p>\n<p class=\"bodytext\">Les propri&eacute;taires fonciers et les entreprises artisanales situ&eacute;s dans la zone d&rsquo;influence du r&eacute;seau &eacute;nerg&eacute;tique pr&eacute;vu doivent obtenir le plus rapidement possible une s&eacute;curit&eacute; de planification pour le raccordement au chauffage urbain. C&rsquo;est pourquoi la ville indique qu&rsquo;elle informera toujours des r&eacute;sultats de l&rsquo;avant-projet d&egrave;s qu&rsquo;ils seront disponibles.<\/p>\n","protected":false},"excerpt":{"rendered":"<p>La ville d&rsquo;Illnau-Effretikon et le fournisseur d&rsquo;\u00e9nergie Energie 360\u00b0 ont sign\u00e9 un contrat de collaboration pour la mise en place d&rsquo;un grand r\u00e9seau \u00e9nerg\u00e9tique. Au lieu d&rsquo;utiliser des chauffages \u00e0 \u00e9nergie fossile, la chaleur sera produite \u00e0 partir d&rsquo;\u00e9nergies renouvelables.<\/p>\n","protected":false},"author":2,"featured_media":17105,"comment_status":"open","ping_status":"open","sticky":false,"template":"","format":"standard","meta":{"pmpro_default_level":"","inline_featured_image":false,"_monsterinsights_skip_tracking":false,"footnotes":""},"categories":[8747,743],"tags":[2103,2155,41607,41608,38705,41609,3209,41610,41611],"class_list":["post-62232","post","type-post","status-publish","format-standard","has-post-thumbnail","hentry","category-energie","category-immonews-fr","tag-energieverbund-fr","tag-erneuerbareenergien-fr","tag-fernwarmeanschluss-fr","tag-fossilien-fr","tag-gewerbebetriebe-fr","tag-grundeigentuemer-fr","tag-heizung-fr","tag-ubergangslosung-fr","tag-warmelieferung-fr","pmpro-has-access"],"acf":{"bild_mit_ki_erstellt_worden":[],"lead":"La ville d'Illnau-Effretikon et le fournisseur d'\u00e9nergie Energie 360\u00b0 ont sign\u00e9 un contrat de collaboration pour la mise en place d'un grand r\u00e9seau \u00e9nerg\u00e9tique. Au lieu d'utiliser des chauffages \u00e0 \u00e9nergie fossile, la chaleur sera produite \u00e0 partir d'\u00e9nergies renouvelables.","autor":"ce\/gba\u00a0","ort":"Illnau-Effretikon ZH","bildunterschrift":"","bild_im_grid":false,"gallerie":"","newsim":""},"aioseo_notices":[],"aioseo_head":"\n\t\t<!-- All in One SEO 5.0.1.1 - aioseo.com -->\n\t<meta name=\"description\" content=\"La ville d&#039;Illnau-Effretikon et le fournisseur d&#039;\u00e9nergie Energie 360\u00b0 ont sign\u00e9 un contrat de collaboration pour la mise en place d&#039;un grand r\u00e9seau \u00e9nerg\u00e9tique. Au lieu d&#039;utiliser des chauffages \u00e0 \u00e9nergie fossile, la chaleur sera produite \u00e0 partir d&#039;\u00e9nergies renouvelables.\" \/>\n\t<meta name=\"robots\" content=\"max-image-preview:large\" \/>\n\t<meta name=\"author\" content=\"immovestuser\"\/>\n\t<meta name=\"google-site-verification\" content=\"fHJKvgWpZCR2zVBHWfkQeFXC11qieUSff0HGNYfuyLA\" \/>\n\t<link rel=\"canonical\" href=\"https:\/\/www.immo-invest.ch\/fr\/illnau-effretikon-und-energie-360-vereinbaren-energieverbund\/\" \/>\n\t<meta name=\"generator\" content=\"All in One SEO (AIOSEO) 5.0.1.1\" \/>\n\t\t<meta property=\"og:locale\" content=\"fr_FR\" \/>\n\t\t<meta property=\"og:site_name\" content=\"immo!nvest - Die Plattform f\u00fcr Standorte und Immobilien - Die\u00a0Plattform f\u00fcr Standorte und Immobilien\" \/>\n\t\t<meta property=\"og:type\" content=\"article\" \/>\n\t\t<meta property=\"og:title\" content=\"Illnau-Effretikon et Energie 360\u00b0 concluent un accord d\u2019interconnexion \u00e9nerg\u00e9tique - immo!nvest - Die Plattform f\u00fcr Standorte und Immobilien\" \/>\n\t\t<meta property=\"og:description\" content=\"La ville d&#039;Illnau-Effretikon et le fournisseur d&#039;\u00e9nergie Energie 360\u00b0 ont sign\u00e9 un contrat de collaboration pour la mise en place d&#039;un grand r\u00e9seau \u00e9nerg\u00e9tique. Au lieu d&#039;utiliser des chauffages \u00e0 \u00e9nergie fossile, la chaleur sera produite \u00e0 partir d&#039;\u00e9nergies renouvelables.\" \/>\n\t\t<meta property=\"og:url\" content=\"https:\/\/www.immo-invest.ch\/fr\/illnau-effretikon-und-energie-360-vereinbaren-energieverbund\/\" \/>\n\t\t<meta property=\"og:image\" content=\"https:\/\/www.immo-invest.ch\/wp-content\/uploads\/2021\/04\/energie-24.jpg\" \/>\n\t\t<meta property=\"og:image:secure_url\" content=\"https:\/\/www.immo-invest.ch\/wp-content\/uploads\/2021\/04\/energie-24.jpg\" \/>\n\t\t<meta property=\"og:image:width\" content=\"1200\" \/>\n\t\t<meta property=\"og:image:height\" content=\"628\" \/>\n\t\t<meta property=\"article:published_time\" content=\"2023-08-23T06:00:00+00:00\" \/>\n\t\t<meta property=\"article:modified_time\" content=\"2023-08-22T05:58:58+00:00\" \/>\n\t\t<meta property=\"article:publisher\" content=\"https:\/\/www.facebook.com\/people\/Immoinvest\/100077962920504\/\" \/>\n\t\t<meta name=\"twitter:card\" content=\"summary_large_image\" \/>\n\t\t<meta name=\"twitter:site\" content=\"@i\" \/>\n\t\t<meta name=\"twitter:title\" content=\"Illnau-Effretikon et Energie 360\u00b0 concluent un accord d\u2019interconnexion \u00e9nerg\u00e9tique - immo!nvest - Die Plattform f\u00fcr Standorte und Immobilien\" \/>\n\t\t<meta name=\"twitter:description\" content=\"La ville d&#039;Illnau-Effretikon et le fournisseur d&#039;\u00e9nergie Energie 360\u00b0 ont sign\u00e9 un contrat de collaboration pour la mise en place d&#039;un grand r\u00e9seau \u00e9nerg\u00e9tique. Au lieu d&#039;utiliser des chauffages \u00e0 \u00e9nergie fossile, la chaleur sera produite \u00e0 partir d&#039;\u00e9nergies renouvelables.\" \/>\n\t\t<meta name=\"twitter:creator\" content=\"@i\" \/>\n\t\t<meta name=\"twitter:image\" content=\"https:\/\/www.immo-invest.ch\/wp-content\/uploads\/2021\/04\/energie-24.jpg\" \/>\n\t\t<script type=\"application\/ld+json\" class=\"aioseo-schema\">\n\t\t\t{\"@context\":\"https:\\\/\\\/schema.org\",\"@graph\":[{\"@type\":\"BlogPosting\",\"@id\":\"https:\\\/\\\/www.immo-invest.ch\\\/fr\\\/illnau-effretikon-und-energie-360-vereinbaren-energieverbund\\\/#blogposting\",\"name\":\"Illnau-Effretikon et Energie 360\\u00b0 concluent un accord d\\u2019interconnexion \\u00e9nerg\\u00e9tique - immo!nvest - Die Plattform f\\u00fcr Standorte und Immobilien\",\"headline\":\"Illnau-Effretikon et Energie 360\\u00b0 concluent un accord d&rsquo;interconnexion \\u00e9nerg\\u00e9tique\",\"author\":{\"@id\":\"https:\\\/\\\/www.immo-invest.ch\\\/fr\\\/author\\\/immovestuser\\\/#author\"},\"publisher\":{\"@id\":\"https:\\\/\\\/www.immo-invest.ch\\\/fr\\\/#organization\"},\"image\":{\"@type\":\"ImageObject\",\"url\":\"https:\\\/\\\/www.immo-invest.ch\\\/wp-content\\\/uploads\\\/2021\\\/04\\\/energie-24.jpg\",\"width\":1200,\"height\":628},\"datePublished\":\"2023-08-23T08:00:00+02:00\",\"dateModified\":\"2023-08-22T07:58:58+02:00\",\"inLanguage\":\"fr-FR\",\"mainEntityOfPage\":{\"@id\":\"https:\\\/\\\/www.immo-invest.ch\\\/fr\\\/illnau-effretikon-und-energie-360-vereinbaren-energieverbund\\\/#webpage\"},\"isPartOf\":{\"@id\":\"https:\\\/\\\/www.immo-invest.ch\\\/fr\\\/illnau-effretikon-und-energie-360-vereinbaren-energieverbund\\\/#webpage\"},\"articleSection\":\"\\u00c9nergie, immoNews, Energieverbund, ErneuerbareEnergien, Fernw\\u00e4rmeanschluss, fossilien, Gewerbebetriebe, Grundeigent\\u00fcmer, Heizung, \\u00dcbergangsl\\u00f6sung, W\\u00e4rmelieferung, Facultatif\"},{\"@type\":\"BreadcrumbList\",\"@id\":\"https:\\\/\\\/www.immo-invest.ch\\\/fr\\\/illnau-effretikon-und-energie-360-vereinbaren-energieverbund\\\/#breadcrumblist\",\"itemListElement\":[{\"@type\":\"ListItem\",\"@id\":\"https:\\\/\\\/www.immo-invest.ch\\\/fr\\\/#listItem\",\"position\":1,\"name\":\"Home\",\"item\":\"https:\\\/\\\/www.immo-invest.ch\\\/fr\\\/\",\"nextItem\":{\"@type\":\"ListItem\",\"@id\":\"https:\\\/\\\/www.immo-invest.ch\\\/fr\\\/categories\\\/immonews-fr\\\/#listItem\",\"name\":\"immoNews\"}},{\"@type\":\"ListItem\",\"@id\":\"https:\\\/\\\/www.immo-invest.ch\\\/fr\\\/categories\\\/immonews-fr\\\/#listItem\",\"position\":2,\"name\":\"immoNews\",\"item\":\"https:\\\/\\\/www.immo-invest.ch\\\/fr\\\/categories\\\/immonews-fr\\\/\",\"nextItem\":{\"@type\":\"ListItem\",\"@id\":\"https:\\\/\\\/www.immo-invest.ch\\\/fr\\\/illnau-effretikon-und-energie-360-vereinbaren-energieverbund\\\/#listItem\",\"name\":\"Illnau-Effretikon et Energie 360\\u00b0 concluent un accord d&rsquo;interconnexion \\u00e9nerg\\u00e9tique\"},\"previousItem\":{\"@type\":\"ListItem\",\"@id\":\"https:\\\/\\\/www.immo-invest.ch\\\/fr\\\/#listItem\",\"name\":\"Home\"}},{\"@type\":\"ListItem\",\"@id\":\"https:\\\/\\\/www.immo-invest.ch\\\/fr\\\/illnau-effretikon-und-energie-360-vereinbaren-energieverbund\\\/#listItem\",\"position\":3,\"name\":\"Illnau-Effretikon et Energie 360\\u00b0 concluent un accord d&rsquo;interconnexion \\u00e9nerg\\u00e9tique\",\"previousItem\":{\"@type\":\"ListItem\",\"@id\":\"https:\\\/\\\/www.immo-invest.ch\\\/fr\\\/categories\\\/immonews-fr\\\/#listItem\",\"name\":\"immoNews\"}}]},{\"@type\":\"Organization\",\"@id\":\"https:\\\/\\\/www.immo-invest.ch\\\/fr\\\/#organization\",\"name\":\"immo!nvest - Die Plattform f\\u00fcr Standorte und Immobilien\",\"description\":\"Die\\u00a0Plattform f\\u00fcr Standorte und Immobilien\",\"url\":\"https:\\\/\\\/www.immo-invest.ch\\\/fr\\\/\",\"email\":\"admin@immomedia.ag\",\"telephone\":\"+41444420002\",\"logo\":{\"@type\":\"ImageObject\",\"url\":\"https:\\\/\\\/www.immo-invest.ch\\\/wp-content\\\/uploads\\\/2024\\\/09\\\/immoinvest_sm-scaled.jpg\",\"@id\":\"https:\\\/\\\/www.immo-invest.ch\\\/fr\\\/illnau-effretikon-und-energie-360-vereinbaren-energieverbund\\\/#organizationLogo\",\"width\":2560,\"height\":1340},\"image\":{\"@id\":\"https:\\\/\\\/www.immo-invest.ch\\\/fr\\\/illnau-effretikon-und-energie-360-vereinbaren-energieverbund\\\/#organizationLogo\"},\"sameAs\":[\"https:\\\/\\\/www.facebook.com\\\/people\\\/Immoinvest\\\/100077962920504\\\/\",\"https:\\\/\\\/x.com\\\/i\\\/flow\\\/login?redirect_after_login=immoinvest_ch\",\"https:\\\/\\\/www.instagram.com\\\/immoinvest_ch\\\/\",\"https:\\\/\\\/www.linkedin.com\\\/company\\\/immoinvest-swiss\"]},{\"@type\":\"Person\",\"@id\":\"https:\\\/\\\/www.immo-invest.ch\\\/fr\\\/author\\\/immovestuser\\\/#author\",\"url\":\"https:\\\/\\\/www.immo-invest.ch\\\/fr\\\/author\\\/immovestuser\\\/\",\"name\":\"immovestuser\",\"image\":{\"@type\":\"ImageObject\",\"@id\":\"https:\\\/\\\/www.immo-invest.ch\\\/fr\\\/illnau-effretikon-und-energie-360-vereinbaren-energieverbund\\\/#authorImage\",\"url\":\"https:\\\/\\\/secure.gravatar.com\\\/avatar\\\/8e01f4d99f2eeea7a362ebb93305e1172a70e9293ba250f897a65c39f54cdd1e?s=96&d=mm&r=g\",\"width\":96,\"height\":96,\"caption\":\"immovestuser\"}},{\"@type\":\"WebPage\",\"@id\":\"https:\\\/\\\/www.immo-invest.ch\\\/fr\\\/illnau-effretikon-und-energie-360-vereinbaren-energieverbund\\\/#webpage\",\"url\":\"https:\\\/\\\/www.immo-invest.ch\\\/fr\\\/illnau-effretikon-und-energie-360-vereinbaren-energieverbund\\\/\",\"name\":\"Illnau-Effretikon et Energie 360\\u00b0 concluent un accord d\\u2019interconnexion \\u00e9nerg\\u00e9tique - immo!nvest - Die Plattform f\\u00fcr Standorte und Immobilien\",\"description\":\"La ville d'Illnau-Effretikon et le fournisseur d'\\u00e9nergie Energie 360\\u00b0 ont sign\\u00e9 un contrat de collaboration pour la mise en place d'un grand r\\u00e9seau \\u00e9nerg\\u00e9tique. Au lieu d'utiliser des chauffages \\u00e0 \\u00e9nergie fossile, la chaleur sera produite \\u00e0 partir d'\\u00e9nergies renouvelables.\",\"inLanguage\":\"fr-FR\",\"isPartOf\":{\"@id\":\"https:\\\/\\\/www.immo-invest.ch\\\/fr\\\/#website\"},\"breadcrumb\":{\"@id\":\"https:\\\/\\\/www.immo-invest.ch\\\/fr\\\/illnau-effretikon-und-energie-360-vereinbaren-energieverbund\\\/#breadcrumblist\"},\"author\":{\"@id\":\"https:\\\/\\\/www.immo-invest.ch\\\/fr\\\/author\\\/immovestuser\\\/#author\"},\"creator\":{\"@id\":\"https:\\\/\\\/www.immo-invest.ch\\\/fr\\\/author\\\/immovestuser\\\/#author\"},\"image\":{\"@type\":\"ImageObject\",\"url\":\"https:\\\/\\\/www.immo-invest.ch\\\/wp-content\\\/uploads\\\/2021\\\/04\\\/energie-24.jpg\",\"@id\":\"https:\\\/\\\/www.immo-invest.ch\\\/fr\\\/illnau-effretikon-und-energie-360-vereinbaren-energieverbund\\\/#mainImage\",\"width\":1200,\"height\":628},\"primaryImageOfPage\":{\"@id\":\"https:\\\/\\\/www.immo-invest.ch\\\/fr\\\/illnau-effretikon-und-energie-360-vereinbaren-energieverbund\\\/#mainImage\"},\"datePublished\":\"2023-08-23T08:00:00+02:00\",\"dateModified\":\"2023-08-22T07:58:58+02:00\"},{\"@type\":\"WebSite\",\"@id\":\"https:\\\/\\\/www.immo-invest.ch\\\/fr\\\/#website\",\"url\":\"https:\\\/\\\/www.immo-invest.ch\\\/fr\\\/\",\"name\":\"immo!nvest - Die Plattform f\\u00fcr Standorte und Immobilien\",\"description\":\"Die\\u00a0Plattform f\\u00fcr Standorte und Immobilien\",\"inLanguage\":\"fr-FR\",\"publisher\":{\"@id\":\"https:\\\/\\\/www.immo-invest.ch\\\/fr\\\/#organization\"}}]}\n\t\t<\/script>\n\t\t<!-- All in One SEO -->\n\n","aioseo_head_json":{"title":"Illnau-Effretikon et Energie 360\u00b0 concluent un accord d\u2019interconnexion \u00e9nerg\u00e9tique - immo!nvest - Die Plattform f\u00fcr Standorte und Immobilien","description":"La ville d'Illnau-Effretikon et le fournisseur d'\u00e9nergie Energie 360\u00b0 ont sign\u00e9 un contrat de collaboration pour la mise en place d'un grand r\u00e9seau \u00e9nerg\u00e9tique. Au lieu d'utiliser des chauffages \u00e0 \u00e9nergie fossile, la chaleur sera produite \u00e0 partir d'\u00e9nergies renouvelables.","canonical_url":"https:\/\/www.immo-invest.ch\/fr\/illnau-effretikon-und-energie-360-vereinbaren-energieverbund\/","robots":"max-image-preview:large","keywords":"","webmasterTools":{"google-site-verification":"fHJKvgWpZCR2zVBHWfkQeFXC11qieUSff0HGNYfuyLA","miscellaneous":""},"schema":{"@context":"https:\/\/schema.org","@graph":[{"@type":"BlogPosting","@id":"https:\/\/www.immo-invest.ch\/fr\/illnau-effretikon-und-energie-360-vereinbaren-energieverbund\/#blogposting","name":"Illnau-Effretikon et Energie 360\u00b0 concluent un accord d\u2019interconnexion \u00e9nerg\u00e9tique - immo!nvest - Die Plattform f\u00fcr Standorte und Immobilien","headline":"Illnau-Effretikon et Energie 360\u00b0 concluent un accord d&rsquo;interconnexion \u00e9nerg\u00e9tique","author":{"@id":"https:\/\/www.immo-invest.ch\/fr\/author\/immovestuser\/#author"},"publisher":{"@id":"https:\/\/www.immo-invest.ch\/fr\/#organization"},"image":{"@type":"ImageObject","url":"https:\/\/www.immo-invest.ch\/wp-content\/uploads\/2021\/04\/energie-24.jpg","width":1200,"height":628},"datePublished":"2023-08-23T08:00:00+02:00","dateModified":"2023-08-22T07:58:58+02:00","inLanguage":"fr-FR","mainEntityOfPage":{"@id":"https:\/\/www.immo-invest.ch\/fr\/illnau-effretikon-und-energie-360-vereinbaren-energieverbund\/#webpage"},"isPartOf":{"@id":"https:\/\/www.immo-invest.ch\/fr\/illnau-effretikon-und-energie-360-vereinbaren-energieverbund\/#webpage"},"articleSection":"\u00c9nergie, immoNews, Energieverbund, ErneuerbareEnergien, Fernw\u00e4rmeanschluss, fossilien, Gewerbebetriebe, Grundeigent\u00fcmer, Heizung, \u00dcbergangsl\u00f6sung, W\u00e4rmelieferung, Facultatif"},{"@type":"BreadcrumbList","@id":"https:\/\/www.immo-invest.ch\/fr\/illnau-effretikon-und-energie-360-vereinbaren-energieverbund\/#breadcrumblist","itemListElement":[{"@type":"ListItem","@id":"https:\/\/www.immo-invest.ch\/fr\/#listItem","position":1,"name":"Home","item":"https:\/\/www.immo-invest.ch\/fr\/","nextItem":{"@type":"ListItem","@id":"https:\/\/www.immo-invest.ch\/fr\/categories\/immonews-fr\/#listItem","name":"immoNews"}},{"@type":"ListItem","@id":"https:\/\/www.immo-invest.ch\/fr\/categories\/immonews-fr\/#listItem","position":2,"name":"immoNews","item":"https:\/\/www.immo-invest.ch\/fr\/categories\/immonews-fr\/","nextItem":{"@type":"ListItem","@id":"https:\/\/www.immo-invest.ch\/fr\/illnau-effretikon-und-energie-360-vereinbaren-energieverbund\/#listItem","name":"Illnau-Effretikon et Energie 360\u00b0 concluent un accord d&rsquo;interconnexion \u00e9nerg\u00e9tique"},"previousItem":{"@type":"ListItem","@id":"https:\/\/www.immo-invest.ch\/fr\/#listItem","name":"Home"}},{"@type":"ListItem","@id":"https:\/\/www.immo-invest.ch\/fr\/illnau-effretikon-und-energie-360-vereinbaren-energieverbund\/#listItem","position":3,"name":"Illnau-Effretikon et Energie 360\u00b0 concluent un accord d&rsquo;interconnexion \u00e9nerg\u00e9tique","previousItem":{"@type":"ListItem","@id":"https:\/\/www.immo-invest.ch\/fr\/categories\/immonews-fr\/#listItem","name":"immoNews"}}]},{"@type":"Organization","@id":"https:\/\/www.immo-invest.ch\/fr\/#organization","name":"immo!nvest - Die Plattform f\u00fcr Standorte und Immobilien","description":"Die\u00a0Plattform f\u00fcr Standorte und Immobilien","url":"https:\/\/www.immo-invest.ch\/fr\/","email":"admin@immomedia.ag","telephone":"+41444420002","logo":{"@type":"ImageObject","url":"https:\/\/www.immo-invest.ch\/wp-content\/uploads\/2024\/09\/immoinvest_sm-scaled.jpg","@id":"https:\/\/www.immo-invest.ch\/fr\/illnau-effretikon-und-energie-360-vereinbaren-energieverbund\/#organizationLogo","width":2560,"height":1340},"image":{"@id":"https:\/\/www.immo-invest.ch\/fr\/illnau-effretikon-und-energie-360-vereinbaren-energieverbund\/#organizationLogo"},"sameAs":["https:\/\/www.facebook.com\/people\/Immoinvest\/100077962920504\/","https:\/\/x.com\/i\/flow\/login?redirect_after_login=immoinvest_ch","https:\/\/www.instagram.com\/immoinvest_ch\/","https:\/\/www.linkedin.com\/company\/immoinvest-swiss"]},{"@type":"Person","@id":"https:\/\/www.immo-invest.ch\/fr\/author\/immovestuser\/#author","url":"https:\/\/www.immo-invest.ch\/fr\/author\/immovestuser\/","name":"immovestuser","image":{"@type":"ImageObject","@id":"https:\/\/www.immo-invest.ch\/fr\/illnau-effretikon-und-energie-360-vereinbaren-energieverbund\/#authorImage","url":"https:\/\/secure.gravatar.com\/avatar\/8e01f4d99f2eeea7a362ebb93305e1172a70e9293ba250f897a65c39f54cdd1e?s=96&d=mm&r=g","width":96,"height":96,"caption":"immovestuser"}},{"@type":"WebPage","@id":"https:\/\/www.immo-invest.ch\/fr\/illnau-effretikon-und-energie-360-vereinbaren-energieverbund\/#webpage","url":"https:\/\/www.immo-invest.ch\/fr\/illnau-effretikon-und-energie-360-vereinbaren-energieverbund\/","name":"Illnau-Effretikon et Energie 360\u00b0 concluent un accord d\u2019interconnexion \u00e9nerg\u00e9tique - immo!nvest - Die Plattform f\u00fcr Standorte und Immobilien","description":"La ville d'Illnau-Effretikon et le fournisseur d'\u00e9nergie Energie 360\u00b0 ont sign\u00e9 un contrat de collaboration pour la mise en place d'un grand r\u00e9seau \u00e9nerg\u00e9tique. Au lieu d'utiliser des chauffages \u00e0 \u00e9nergie fossile, la chaleur sera produite \u00e0 partir d'\u00e9nergies renouvelables.","inLanguage":"fr-FR","isPartOf":{"@id":"https:\/\/www.immo-invest.ch\/fr\/#website"},"breadcrumb":{"@id":"https:\/\/www.immo-invest.ch\/fr\/illnau-effretikon-und-energie-360-vereinbaren-energieverbund\/#breadcrumblist"},"author":{"@id":"https:\/\/www.immo-invest.ch\/fr\/author\/immovestuser\/#author"},"creator":{"@id":"https:\/\/www.immo-invest.ch\/fr\/author\/immovestuser\/#author"},"image":{"@type":"ImageObject","url":"https:\/\/www.immo-invest.ch\/wp-content\/uploads\/2021\/04\/energie-24.jpg","@id":"https:\/\/www.immo-invest.ch\/fr\/illnau-effretikon-und-energie-360-vereinbaren-energieverbund\/#mainImage","width":1200,"height":628},"primaryImageOfPage":{"@id":"https:\/\/www.immo-invest.ch\/fr\/illnau-effretikon-und-energie-360-vereinbaren-energieverbund\/#mainImage"},"datePublished":"2023-08-23T08:00:00+02:00","dateModified":"2023-08-22T07:58:58+02:00"},{"@type":"WebSite","@id":"https:\/\/www.immo-invest.ch\/fr\/#website","url":"https:\/\/www.immo-invest.ch\/fr\/","name":"immo!nvest - Die Plattform f\u00fcr Standorte und Immobilien","description":"Die\u00a0Plattform f\u00fcr Standorte und Immobilien","inLanguage":"fr-FR","publisher":{"@id":"https:\/\/www.immo-invest.ch\/fr\/#organization"}}]},"og:locale":"fr_FR","og:site_name":"immo!nvest - Die Plattform f\u00fcr Standorte und Immobilien - Die\u00a0Plattform f\u00fcr Standorte und Immobilien","og:type":"article","og:title":"Illnau-Effretikon et Energie 360\u00b0 concluent un accord d\u2019interconnexion \u00e9nerg\u00e9tique - immo!nvest - Die Plattform f\u00fcr Standorte und Immobilien","og:description":"La ville d'Illnau-Effretikon et le fournisseur d'\u00e9nergie Energie 360\u00b0 ont sign\u00e9 un contrat de collaboration pour la mise en place d'un grand r\u00e9seau \u00e9nerg\u00e9tique. Au lieu d'utiliser des chauffages \u00e0 \u00e9nergie fossile, la chaleur sera produite \u00e0 partir d'\u00e9nergies renouvelables.","og:url":"https:\/\/www.immo-invest.ch\/fr\/illnau-effretikon-und-energie-360-vereinbaren-energieverbund\/","og:image":"https:\/\/www.immo-invest.ch\/wp-content\/uploads\/2021\/04\/energie-24.jpg","og:image:secure_url":"https:\/\/www.immo-invest.ch\/wp-content\/uploads\/2021\/04\/energie-24.jpg","og:image:width":1200,"og:image:height":628,"article:published_time":"2023-08-23T06:00:00+00:00","article:modified_time":"2023-08-22T05:58:58+00:00","article:publisher":"https:\/\/www.facebook.com\/people\/Immoinvest\/100077962920504\/","twitter:card":"summary_large_image","twitter:site":"@i","twitter:title":"Illnau-Effretikon et Energie 360\u00b0 concluent un accord d\u2019interconnexion \u00e9nerg\u00e9tique - immo!nvest - Die Plattform f\u00fcr Standorte und Immobilien","twitter:description":"La ville d'Illnau-Effretikon et le fournisseur d'\u00e9nergie Energie 360\u00b0 ont sign\u00e9 un contrat de collaboration pour la mise en place d'un grand r\u00e9seau \u00e9nerg\u00e9tique. Au lieu d'utiliser des chauffages \u00e0 \u00e9nergie fossile, la chaleur sera produite \u00e0 partir d'\u00e9nergies renouvelables.","twitter:creator":"@i","twitter:image":"https:\/\/www.immo-invest.ch\/wp-content\/uploads\/2021\/04\/energie-24.jpg"},"aioseo_meta_data":{"post_id":"62232","title":null,"description":null,"keywords":null,"keyphrases":null,"primary_term":null,"canonical_url":null,"og_title":null,"og_description":null,"og_object_type":"default","og_image_type":"default","og_image_url":null,"og_image_width":null,"og_image_height":null,"og_image_custom_url":null,"og_image_custom_fields":null,"og_video":null,"og_custom_url":null,"og_article_section":null,"og_article_tags":null,"twitter_use_og":false,"twitter_card":"default","twitter_image_type":"default","twitter_image_url":null,"twitter_image_custom_url":null,"twitter_image_custom_fields":null,"twitter_title":null,"twitter_description":null,"schema":{"blockGraphs":[],"customGraphs":[],"default":{"data":{"Article":[],"Course":[],"Dataset":[],"FAQPage":[],"Movie":[],"Person":[],"Product":[],"ProductReview":[],"Car":[],"Recipe":[],"Service":[],"SoftwareApplication":[],"WebPage":[]},"graphName":"","isEnabled":true},"graphs":[]},"schema_type":"default","schema_type_options":null,"pillar_content":false,"robots_default":true,"robots_noindex":false,"robots_noarchive":false,"robots_nosnippet":false,"robots_nofollow":false,"robots_noimageindex":false,"robots_noodp":false,"robots_notranslate":false,"robots_max_snippet":null,"robots_max_videopreview":null,"robots_max_imagepreview":"large","priority":null,"frequency":null,"local_seo":null,"breadcrumb_settings":null,"limit_modified_date":false,"ai":null,"created":"2024-09-20 08:35:01","updated":"2025-10-23 14:27:13","seo_analyzer_scan_date":null,"focus_keyword":null,"additional_keywords":null,"truseo_locale":null},"aioseo_breadcrumb":"<div class=\"aioseo-breadcrumbs\"><span class=\"aioseo-breadcrumb\">\n\t\t\t<a href=\"https:\/\/www.immo-invest.ch\/fr\/\" title=\"Home\">Home<\/a>\n\t\t<\/span><span class=\"aioseo-breadcrumb-separator\">&raquo;<\/span><span class=\"aioseo-breadcrumb\">\n\t\t\t<a href=\"https:\/\/www.immo-invest.ch\/fr\/categories\/immonews-fr\/\" title=\"immoNews\">immoNews<\/a>\n\t\t<\/span><span class=\"aioseo-breadcrumb-separator\">&raquo;<\/span><span class=\"aioseo-breadcrumb\">\n\t\t\tIllnau-Effretikon et Energie 360\u00b0 concluent un accord d\u2019interconnexion \u00e9nerg\u00e9tique\n\t\t<\/span><\/div>","aioseo_breadcrumb_json":[{"label":"Home","link":"https:\/\/www.immo-invest.ch\/fr\/"},{"label":"immoNews","link":"https:\/\/www.immo-invest.ch\/fr\/categories\/immonews-fr\/"},{"label":"Illnau-Effretikon et Energie 360\u00b0 concluent un accord d&rsquo;interconnexion \u00e9nerg\u00e9tique","link":"https:\/\/www.immo-invest.ch\/fr\/illnau-effretikon-und-energie-360-vereinbaren-energieverbund\/"}],"featured_image_src":"https:\/\/www.immo-invest.ch\/wp-content\/uploads\/2021\/04\/energie-24-150x150.jpg","_links":{"self":[{"href":"https:\/\/www.immo-invest.ch\/fr\/wp-json\/wp\/v2\/posts\/62232","targetHints":{"allow":["GET"]}}],"collection":[{"href":"https:\/\/www.immo-invest.ch\/fr\/wp-json\/wp\/v2\/posts"}],"about":[{"href":"https:\/\/www.immo-invest.ch\/fr\/wp-json\/wp\/v2\/types\/post"}],"author":[{"embeddable":true,"href":"https:\/\/www.immo-invest.ch\/fr\/wp-json\/wp\/v2\/users\/2"}],"replies":[{"embeddable":true,"href":"https:\/\/www.immo-invest.ch\/fr\/wp-json\/wp\/v2\/comments?post=62232"}],"version-history":[{"count":0,"href":"https:\/\/www.immo-invest.ch\/fr\/wp-json\/wp\/v2\/posts\/62232\/revisions"}],"wp:featuredmedia":[{"embeddable":true,"href":"https:\/\/www.immo-invest.ch\/fr\/wp-json\/wp\/v2\/media\/17105"}],"wp:attachment":[{"href":"https:\/\/www.immo-invest.ch\/fr\/wp-json\/wp\/v2\/media?parent=62232"}],"wp:term":[{"taxonomy":"category","embeddable":true,"href":"https:\/\/www.immo-invest.ch\/fr\/wp-json\/wp\/v2\/categories?post=62232"},{"taxonomy":"post_tag","embeddable":true,"href":"https:\/\/www.immo-invest.ch\/fr\/wp-json\/wp\/v2\/tags?post=62232"}],"curies":[{"name":"wp","href":"https:\/\/api.w.org\/{rel}","templated":true}]}}