{"id":62138,"date":"2023-08-21T09:21:27","date_gmt":"2023-08-21T07:21:27","guid":{"rendered":"https:\/\/www.immo-invest.ch\/schlieren-geht-beim-solarausbau-weiter-voran\/"},"modified":"2023-08-21T09:26:59","modified_gmt":"2023-08-21T07:26:59","slug":"schlieren-geht-beim-solarausbau-weiter-voran","status":"publish","type":"post","link":"https:\/\/www.immo-invest.ch\/fr\/schlieren-geht-beim-solarausbau-weiter-voran\/","title":{"rendered":"Schlieren va de l&rsquo;avant dans le d\u00e9veloppement du solaire"},"content":{"rendered":"<p class=\"bodytext\">Selon son <a href=\"https:\/\/m.schlieren.ch\/index.php?ref=search&amp;refid=4712294&amp;apid=294667063&amp;jsr=1\" target=\"_blank\" rel=\"noopener\">communiqu&eacute; de presse<\/a>, la <a href=\"https:\/\/m.schlieren.ch\/index.php?apid=7126247\" target=\"_blank\" rel=\"noopener\">ville de Schlieren<\/a> fait un pas de plus vers un approvisionnement en &eacute;nergie et une mobilit&eacute; durables : elle met en service d&rsquo;ici la fin du mois d&rsquo;ao&ucirc;t six nouvelles stations de recharge pour v&eacute;hicules &eacute;lectriques ainsi que la plus grande installation photovolta&iuml;que de la ville sur le site de l&rsquo;<a href=\"https:\/\/www.ijz-schlieren.ch\" target=\"_blank\" rel=\"noopener\">IJZ<\/a>, le centre d&rsquo;<span class=\"glossaryLink\" aria-describedby=\"tt\" data-cmtooltip=\"&lt;div class=glossaryItemTitle&gt;Innovation&lt;\/div&gt;&lt;div class=glossaryItemBody&gt;Innovation in der heutigen Immobilienwelt bedeutet vor allem Digitalisierung von Prozessen. Zum Beispiel das Eliminieren von Tausenden von Excel-Bl&auml;ttern f&uuml;r Portfolio- und Asset-Manager oder das Erstellen einer Anwendung (App) f&uuml;r alle Formalit&auml;ten rund um die Beziehung zwischen Immobilieneigent&uuml;mern, - verwaltung und -mietern.&lt;\/div&gt;\" data-mobile-support=\"0\" data-gt-translate-attributes='[{\"attribute\":\"data-cmtooltip\", \"format\":\"html\"}]' tabindex=\"0\" role=\"link\">innovation<\/span> et des jeunes entrepreneurs de la R&uuml;tistrasse.<\/p>\n<p class=\"bodytext\">Chacun de ses 1278 modules de derni&egrave;re g&eacute;n&eacute;ration fournit une puissance de 425 watts cr&ecirc;te. L&rsquo;&eacute;lectricit&eacute; solaire produite n&rsquo;est pas seulement inject&eacute;e dans le r&eacute;seau, mais &eacute;galement utilis&eacute;e pour l&rsquo;autoconsommation : &laquo;&nbsp;Le projet de l&rsquo;IJZ souligne de mani&egrave;re exemplaire les progr&egrave;s r&eacute;alis&eacute;s en mati&egrave;re de transition &eacute;nerg&eacute;tique, &agrave; laquelle nous attachons une grande importance dans ce projet et dans de nombreux autres&nbsp;&raquo;, d&eacute;clare Martin Nicklas, responsable du <span class=\"glossaryLink\" aria-describedby=\"tt\" data-cmtooltip=\"&lt;div class=glossaryItemTitle&gt;Contracting&lt;\/div&gt;&lt;div class=glossaryItemBody&gt;Gesamt&uuml;bernahme von Projektierung, Erstellung, Betrieb, Unterhalt und Finanzierung eines Bau- oder Anlageteils durch einen Unternehmer und dessen Zurverf&uuml;gungstellung gegen Entgelt (z.B. Energie-Contracting)&lt;\/div&gt;\" data-mobile-support=\"0\" data-gt-translate-attributes='[{\"attribute\":\"data-cmtooltip\", \"format\":\"html\"}]' tabindex=\"0\" role=\"link\">contracting<\/span> &eacute;nerg&eacute;tique de la compagnie d&rsquo;&eacute;lectricit&eacute; du canton de Zurich<a href=\"https:\/\/www.ekz.ch\/de\/privatkunden.html\" target=\"_blank\" rel=\"noopener\">(EKZ<\/a>). En effet, l&rsquo;&eacute;lectricit&eacute; solaire qui y est produite alimente l&rsquo;IJZ et les entreprises commerciales qui y sont install&eacute;es, ainsi que les logements environnants. &laquo;&nbsp;Ainsi, l&rsquo;&eacute;lectricit&eacute; photovolta&iuml;que est produite et utilis&eacute;e au m&ecirc;me endroit &ndash; on ne peut pas faire plus local&nbsp;&raquo;<\/p>\n<p class=\"bodytext\">Au vu des objectifs solaires non atteints jusqu&rsquo;&agrave; pr&eacute;sent dans le canton, Schlieren veut donner un signal positif. La ville encourage le d&eacute;veloppement de l&rsquo;&eacute;nergie solaire sur ses propres b&acirc;timents, en particulier sur les toits plats, explique Albert Schweizer, responsable du secteur immobilier et de la promotion &eacute;conomique de la ville de Schlieren. &laquo;&nbsp;Nos propres instances municipales ainsi que la protection des monuments et notre fournisseur de r&eacute;seau EKZ nous soutiennent consid&eacute;rablement dans la promotion de l&rsquo;&eacute;nergie solaire&nbsp;&raquo;<\/p>\n","protected":false},"excerpt":{"rendered":"<p>Fin ao\u00fbt, la ville de Schlieren mettra en service la plus grande installation solaire de la ville au Centre pour l&rsquo;innovation et les jeunes entrepreneurs. L&rsquo;\u00e9lectricit\u00e9 produite sera utilis\u00e9e au m\u00eame endroit. En outre, six nouvelles stations de recharge pour voitures \u00e9lectriques seront disponibles \u00e0 partir de ce mois.<\/p>\n","protected":false},"author":2,"featured_media":61026,"comment_status":"open","ping_status":"open","sticky":false,"template":"","format":"standard","meta":{"pmpro_default_level":"","inline_featured_image":false,"_monsterinsights_skip_tracking":false,"footnotes":""},"categories":[8747,743],"tags":[41574,18765,2155,2175,5448,22983,1669],"class_list":["post-62138","post","type-post","status-publish","format-standard","has-post-thumbnail","hentry","category-energie","category-immonews-fr","tag-e-auto-fr","tag-eigenverbrauch-fr","tag-erneuerbareenergien-fr","tag-innovation-fr","tag-ladestation-fr","tag-photovoltaikanlage-fr","tag-solaranlage-fr","pmpro-has-access"],"acf":{"bild_mit_ki_erstellt_worden":[],"lead":"Fin ao\u00fbt, la ville de Schlieren mettra en service la plus grande installation solaire de la ville au Centre pour l'innovation et les jeunes entrepreneurs. L'\u00e9lectricit\u00e9 produite sera utilis\u00e9e au m\u00eame endroit. En outre, six nouvelles stations de recharge pour voitures \u00e9lectriques seront disponibles \u00e0 partir de ce mois.","autor":"ce\/mm","ort":"Schlieren ZH","bildunterschrift":"","bild_im_grid":false,"gallerie":"","newsim":""},"aioseo_notices":[],"aioseo_head":"\n\t\t<!-- All in One SEO 5.0.1.1 - aioseo.com -->\n\t<meta name=\"description\" content=\"Fin ao\u00fbt, la ville de Schlieren mettra en service la plus grande installation solaire de la ville au Centre pour l&#039;innovation et les jeunes entrepreneurs. L&#039;\u00e9lectricit\u00e9 produite sera utilis\u00e9e au m\u00eame endroit. En outre, six nouvelles stations de recharge pour voitures \u00e9lectriques seront disponibles \u00e0 partir de ce mois.\" \/>\n\t<meta name=\"robots\" content=\"max-image-preview:large\" \/>\n\t<meta name=\"author\" content=\"immovestuser\"\/>\n\t<meta name=\"google-site-verification\" content=\"fHJKvgWpZCR2zVBHWfkQeFXC11qieUSff0HGNYfuyLA\" \/>\n\t<link rel=\"canonical\" href=\"https:\/\/www.immo-invest.ch\/fr\/schlieren-geht-beim-solarausbau-weiter-voran\/\" \/>\n\t<meta name=\"generator\" content=\"All in One SEO (AIOSEO) 5.0.1.1\" \/>\n\t\t<meta property=\"og:locale\" content=\"fr_FR\" \/>\n\t\t<meta property=\"og:site_name\" content=\"immo!nvest - Die Plattform f\u00fcr Standorte und Immobilien - Die\u00a0Plattform f\u00fcr Standorte und Immobilien\" \/>\n\t\t<meta property=\"og:type\" content=\"article\" \/>\n\t\t<meta property=\"og:title\" content=\"Schlieren va de l\u2019avant dans le d\u00e9veloppement du solaire - immo!nvest - Die Plattform f\u00fcr Standorte und Immobilien\" \/>\n\t\t<meta property=\"og:description\" content=\"Fin ao\u00fbt, la ville de Schlieren mettra en service la plus grande installation solaire de la ville au Centre pour l&#039;innovation et les jeunes entrepreneurs. L&#039;\u00e9lectricit\u00e9 produite sera utilis\u00e9e au m\u00eame endroit. En outre, six nouvelles stations de recharge pour voitures \u00e9lectriques seront disponibles \u00e0 partir de ce mois.\" \/>\n\t\t<meta property=\"og:url\" content=\"https:\/\/www.immo-invest.ch\/fr\/schlieren-geht-beim-solarausbau-weiter-voran\/\" \/>\n\t\t<meta property=\"og:image\" content=\"https:\/\/www.immo-invest.ch\/wp-content\/uploads\/2023\/08\/Solar_2-scaled.jpg\" \/>\n\t\t<meta property=\"og:image:secure_url\" content=\"https:\/\/www.immo-invest.ch\/wp-content\/uploads\/2023\/08\/Solar_2-scaled.jpg\" \/>\n\t\t<meta property=\"og:image:width\" content=\"2560\" \/>\n\t\t<meta property=\"og:image:height\" content=\"1705\" \/>\n\t\t<meta property=\"article:published_time\" content=\"2023-08-21T07:21:27+00:00\" \/>\n\t\t<meta property=\"article:modified_time\" content=\"2023-08-21T07:26:59+00:00\" \/>\n\t\t<meta property=\"article:publisher\" content=\"https:\/\/www.facebook.com\/people\/Immoinvest\/100077962920504\/\" \/>\n\t\t<meta name=\"twitter:card\" content=\"summary_large_image\" \/>\n\t\t<meta name=\"twitter:site\" content=\"@i\" \/>\n\t\t<meta name=\"twitter:title\" content=\"Schlieren va de l\u2019avant dans le d\u00e9veloppement du solaire - immo!nvest - Die Plattform f\u00fcr Standorte und Immobilien\" \/>\n\t\t<meta name=\"twitter:description\" content=\"Fin ao\u00fbt, la ville de Schlieren mettra en service la plus grande installation solaire de la ville au Centre pour l&#039;innovation et les jeunes entrepreneurs. L&#039;\u00e9lectricit\u00e9 produite sera utilis\u00e9e au m\u00eame endroit. En outre, six nouvelles stations de recharge pour voitures \u00e9lectriques seront disponibles \u00e0 partir de ce mois.\" \/>\n\t\t<meta name=\"twitter:creator\" content=\"@i\" \/>\n\t\t<meta name=\"twitter:image\" content=\"https:\/\/www.immo-invest.ch\/wp-content\/uploads\/2023\/08\/Solar_2-scaled.jpg\" \/>\n\t\t<script type=\"application\/ld+json\" class=\"aioseo-schema\">\n\t\t\t{\"@context\":\"https:\\\/\\\/schema.org\",\"@graph\":[{\"@type\":\"BlogPosting\",\"@id\":\"https:\\\/\\\/www.immo-invest.ch\\\/fr\\\/schlieren-geht-beim-solarausbau-weiter-voran\\\/#blogposting\",\"name\":\"Schlieren va de l\\u2019avant dans le d\\u00e9veloppement du solaire - immo!nvest - Die Plattform f\\u00fcr Standorte und Immobilien\",\"headline\":\"Schlieren va de l&rsquo;avant dans le d\\u00e9veloppement du solaire\",\"author\":{\"@id\":\"https:\\\/\\\/www.immo-invest.ch\\\/fr\\\/author\\\/immovestuser\\\/#author\"},\"publisher\":{\"@id\":\"https:\\\/\\\/www.immo-invest.ch\\\/fr\\\/#organization\"},\"image\":{\"@type\":\"ImageObject\",\"url\":\"https:\\\/\\\/www.immo-invest.ch\\\/wp-content\\\/uploads\\\/2023\\\/08\\\/Solar_2-scaled.jpg\",\"width\":2560,\"height\":1705},\"datePublished\":\"2023-08-21T09:21:27+02:00\",\"dateModified\":\"2023-08-21T09:26:59+02:00\",\"inLanguage\":\"fr-FR\",\"mainEntityOfPage\":{\"@id\":\"https:\\\/\\\/www.immo-invest.ch\\\/fr\\\/schlieren-geht-beim-solarausbau-weiter-voran\\\/#webpage\"},\"isPartOf\":{\"@id\":\"https:\\\/\\\/www.immo-invest.ch\\\/fr\\\/schlieren-geht-beim-solarausbau-weiter-voran\\\/#webpage\"},\"articleSection\":\"\\u00c9nergie, immoNews, E-Auto, Eigenverbrauch, ErneuerbareEnergien, Innovation, ladestation, Photovoltaikanlage, Solaranlage, Facultatif\"},{\"@type\":\"BreadcrumbList\",\"@id\":\"https:\\\/\\\/www.immo-invest.ch\\\/fr\\\/schlieren-geht-beim-solarausbau-weiter-voran\\\/#breadcrumblist\",\"itemListElement\":[{\"@type\":\"ListItem\",\"@id\":\"https:\\\/\\\/www.immo-invest.ch\\\/fr\\\/#listItem\",\"position\":1,\"name\":\"Home\",\"item\":\"https:\\\/\\\/www.immo-invest.ch\\\/fr\\\/\",\"nextItem\":{\"@type\":\"ListItem\",\"@id\":\"https:\\\/\\\/www.immo-invest.ch\\\/fr\\\/categories\\\/immonews-fr\\\/#listItem\",\"name\":\"immoNews\"}},{\"@type\":\"ListItem\",\"@id\":\"https:\\\/\\\/www.immo-invest.ch\\\/fr\\\/categories\\\/immonews-fr\\\/#listItem\",\"position\":2,\"name\":\"immoNews\",\"item\":\"https:\\\/\\\/www.immo-invest.ch\\\/fr\\\/categories\\\/immonews-fr\\\/\",\"nextItem\":{\"@type\":\"ListItem\",\"@id\":\"https:\\\/\\\/www.immo-invest.ch\\\/fr\\\/schlieren-geht-beim-solarausbau-weiter-voran\\\/#listItem\",\"name\":\"Schlieren va de l&rsquo;avant dans le d\\u00e9veloppement du solaire\"},\"previousItem\":{\"@type\":\"ListItem\",\"@id\":\"https:\\\/\\\/www.immo-invest.ch\\\/fr\\\/#listItem\",\"name\":\"Home\"}},{\"@type\":\"ListItem\",\"@id\":\"https:\\\/\\\/www.immo-invest.ch\\\/fr\\\/schlieren-geht-beim-solarausbau-weiter-voran\\\/#listItem\",\"position\":3,\"name\":\"Schlieren va de l&rsquo;avant dans le d\\u00e9veloppement du solaire\",\"previousItem\":{\"@type\":\"ListItem\",\"@id\":\"https:\\\/\\\/www.immo-invest.ch\\\/fr\\\/categories\\\/immonews-fr\\\/#listItem\",\"name\":\"immoNews\"}}]},{\"@type\":\"Organization\",\"@id\":\"https:\\\/\\\/www.immo-invest.ch\\\/fr\\\/#organization\",\"name\":\"immo!nvest - Die Plattform f\\u00fcr Standorte und Immobilien\",\"description\":\"Die\\u00a0Plattform f\\u00fcr Standorte und Immobilien\",\"url\":\"https:\\\/\\\/www.immo-invest.ch\\\/fr\\\/\",\"email\":\"admin@immomedia.ag\",\"telephone\":\"+41444420002\",\"logo\":{\"@type\":\"ImageObject\",\"url\":\"https:\\\/\\\/www.immo-invest.ch\\\/wp-content\\\/uploads\\\/2024\\\/09\\\/immoinvest_sm-scaled.jpg\",\"@id\":\"https:\\\/\\\/www.immo-invest.ch\\\/fr\\\/schlieren-geht-beim-solarausbau-weiter-voran\\\/#organizationLogo\",\"width\":2560,\"height\":1340},\"image\":{\"@id\":\"https:\\\/\\\/www.immo-invest.ch\\\/fr\\\/schlieren-geht-beim-solarausbau-weiter-voran\\\/#organizationLogo\"},\"sameAs\":[\"https:\\\/\\\/www.facebook.com\\\/people\\\/Immoinvest\\\/100077962920504\\\/\",\"https:\\\/\\\/x.com\\\/i\\\/flow\\\/login?redirect_after_login=immoinvest_ch\",\"https:\\\/\\\/www.instagram.com\\\/immoinvest_ch\\\/\",\"https:\\\/\\\/www.linkedin.com\\\/company\\\/immoinvest-swiss\"]},{\"@type\":\"Person\",\"@id\":\"https:\\\/\\\/www.immo-invest.ch\\\/fr\\\/author\\\/immovestuser\\\/#author\",\"url\":\"https:\\\/\\\/www.immo-invest.ch\\\/fr\\\/author\\\/immovestuser\\\/\",\"name\":\"immovestuser\",\"image\":{\"@type\":\"ImageObject\",\"@id\":\"https:\\\/\\\/www.immo-invest.ch\\\/fr\\\/schlieren-geht-beim-solarausbau-weiter-voran\\\/#authorImage\",\"url\":\"https:\\\/\\\/secure.gravatar.com\\\/avatar\\\/8e01f4d99f2eeea7a362ebb93305e1172a70e9293ba250f897a65c39f54cdd1e?s=96&d=mm&r=g\",\"width\":96,\"height\":96,\"caption\":\"immovestuser\"}},{\"@type\":\"WebPage\",\"@id\":\"https:\\\/\\\/www.immo-invest.ch\\\/fr\\\/schlieren-geht-beim-solarausbau-weiter-voran\\\/#webpage\",\"url\":\"https:\\\/\\\/www.immo-invest.ch\\\/fr\\\/schlieren-geht-beim-solarausbau-weiter-voran\\\/\",\"name\":\"Schlieren va de l\\u2019avant dans le d\\u00e9veloppement du solaire - immo!nvest - Die Plattform f\\u00fcr Standorte und Immobilien\",\"description\":\"Fin ao\\u00fbt, la ville de Schlieren mettra en service la plus grande installation solaire de la ville au Centre pour l'innovation et les jeunes entrepreneurs. L'\\u00e9lectricit\\u00e9 produite sera utilis\\u00e9e au m\\u00eame endroit. En outre, six nouvelles stations de recharge pour voitures \\u00e9lectriques seront disponibles \\u00e0 partir de ce mois.\",\"inLanguage\":\"fr-FR\",\"isPartOf\":{\"@id\":\"https:\\\/\\\/www.immo-invest.ch\\\/fr\\\/#website\"},\"breadcrumb\":{\"@id\":\"https:\\\/\\\/www.immo-invest.ch\\\/fr\\\/schlieren-geht-beim-solarausbau-weiter-voran\\\/#breadcrumblist\"},\"author\":{\"@id\":\"https:\\\/\\\/www.immo-invest.ch\\\/fr\\\/author\\\/immovestuser\\\/#author\"},\"creator\":{\"@id\":\"https:\\\/\\\/www.immo-invest.ch\\\/fr\\\/author\\\/immovestuser\\\/#author\"},\"image\":{\"@type\":\"ImageObject\",\"url\":\"https:\\\/\\\/www.immo-invest.ch\\\/wp-content\\\/uploads\\\/2023\\\/08\\\/Solar_2-scaled.jpg\",\"@id\":\"https:\\\/\\\/www.immo-invest.ch\\\/fr\\\/schlieren-geht-beim-solarausbau-weiter-voran\\\/#mainImage\",\"width\":2560,\"height\":1705},\"primaryImageOfPage\":{\"@id\":\"https:\\\/\\\/www.immo-invest.ch\\\/fr\\\/schlieren-geht-beim-solarausbau-weiter-voran\\\/#mainImage\"},\"datePublished\":\"2023-08-21T09:21:27+02:00\",\"dateModified\":\"2023-08-21T09:26:59+02:00\"},{\"@type\":\"WebSite\",\"@id\":\"https:\\\/\\\/www.immo-invest.ch\\\/fr\\\/#website\",\"url\":\"https:\\\/\\\/www.immo-invest.ch\\\/fr\\\/\",\"name\":\"immo!nvest - Die Plattform f\\u00fcr Standorte und Immobilien\",\"description\":\"Die\\u00a0Plattform f\\u00fcr Standorte und Immobilien\",\"inLanguage\":\"fr-FR\",\"publisher\":{\"@id\":\"https:\\\/\\\/www.immo-invest.ch\\\/fr\\\/#organization\"}}]}\n\t\t<\/script>\n\t\t<!-- All in One SEO -->\n\n","aioseo_head_json":{"title":"Schlieren va de l\u2019avant dans le d\u00e9veloppement du solaire - immo!nvest - Die Plattform f\u00fcr Standorte und Immobilien","description":"Fin ao\u00fbt, la ville de Schlieren mettra en service la plus grande installation solaire de la ville au Centre pour l'innovation et les jeunes entrepreneurs. L'\u00e9lectricit\u00e9 produite sera utilis\u00e9e au m\u00eame endroit. En outre, six nouvelles stations de recharge pour voitures \u00e9lectriques seront disponibles \u00e0 partir de ce mois.","canonical_url":"https:\/\/www.immo-invest.ch\/fr\/schlieren-geht-beim-solarausbau-weiter-voran\/","robots":"max-image-preview:large","keywords":"","webmasterTools":{"google-site-verification":"fHJKvgWpZCR2zVBHWfkQeFXC11qieUSff0HGNYfuyLA","miscellaneous":""},"schema":{"@context":"https:\/\/schema.org","@graph":[{"@type":"BlogPosting","@id":"https:\/\/www.immo-invest.ch\/fr\/schlieren-geht-beim-solarausbau-weiter-voran\/#blogposting","name":"Schlieren va de l\u2019avant dans le d\u00e9veloppement du solaire - immo!nvest - Die Plattform f\u00fcr Standorte und Immobilien","headline":"Schlieren va de l&rsquo;avant dans le d\u00e9veloppement du solaire","author":{"@id":"https:\/\/www.immo-invest.ch\/fr\/author\/immovestuser\/#author"},"publisher":{"@id":"https:\/\/www.immo-invest.ch\/fr\/#organization"},"image":{"@type":"ImageObject","url":"https:\/\/www.immo-invest.ch\/wp-content\/uploads\/2023\/08\/Solar_2-scaled.jpg","width":2560,"height":1705},"datePublished":"2023-08-21T09:21:27+02:00","dateModified":"2023-08-21T09:26:59+02:00","inLanguage":"fr-FR","mainEntityOfPage":{"@id":"https:\/\/www.immo-invest.ch\/fr\/schlieren-geht-beim-solarausbau-weiter-voran\/#webpage"},"isPartOf":{"@id":"https:\/\/www.immo-invest.ch\/fr\/schlieren-geht-beim-solarausbau-weiter-voran\/#webpage"},"articleSection":"\u00c9nergie, immoNews, E-Auto, Eigenverbrauch, ErneuerbareEnergien, Innovation, ladestation, Photovoltaikanlage, Solaranlage, Facultatif"},{"@type":"BreadcrumbList","@id":"https:\/\/www.immo-invest.ch\/fr\/schlieren-geht-beim-solarausbau-weiter-voran\/#breadcrumblist","itemListElement":[{"@type":"ListItem","@id":"https:\/\/www.immo-invest.ch\/fr\/#listItem","position":1,"name":"Home","item":"https:\/\/www.immo-invest.ch\/fr\/","nextItem":{"@type":"ListItem","@id":"https:\/\/www.immo-invest.ch\/fr\/categories\/immonews-fr\/#listItem","name":"immoNews"}},{"@type":"ListItem","@id":"https:\/\/www.immo-invest.ch\/fr\/categories\/immonews-fr\/#listItem","position":2,"name":"immoNews","item":"https:\/\/www.immo-invest.ch\/fr\/categories\/immonews-fr\/","nextItem":{"@type":"ListItem","@id":"https:\/\/www.immo-invest.ch\/fr\/schlieren-geht-beim-solarausbau-weiter-voran\/#listItem","name":"Schlieren va de l&rsquo;avant dans le d\u00e9veloppement du solaire"},"previousItem":{"@type":"ListItem","@id":"https:\/\/www.immo-invest.ch\/fr\/#listItem","name":"Home"}},{"@type":"ListItem","@id":"https:\/\/www.immo-invest.ch\/fr\/schlieren-geht-beim-solarausbau-weiter-voran\/#listItem","position":3,"name":"Schlieren va de l&rsquo;avant dans le d\u00e9veloppement du solaire","previousItem":{"@type":"ListItem","@id":"https:\/\/www.immo-invest.ch\/fr\/categories\/immonews-fr\/#listItem","name":"immoNews"}}]},{"@type":"Organization","@id":"https:\/\/www.immo-invest.ch\/fr\/#organization","name":"immo!nvest - Die Plattform f\u00fcr Standorte und Immobilien","description":"Die\u00a0Plattform f\u00fcr Standorte und Immobilien","url":"https:\/\/www.immo-invest.ch\/fr\/","email":"admin@immomedia.ag","telephone":"+41444420002","logo":{"@type":"ImageObject","url":"https:\/\/www.immo-invest.ch\/wp-content\/uploads\/2024\/09\/immoinvest_sm-scaled.jpg","@id":"https:\/\/www.immo-invest.ch\/fr\/schlieren-geht-beim-solarausbau-weiter-voran\/#organizationLogo","width":2560,"height":1340},"image":{"@id":"https:\/\/www.immo-invest.ch\/fr\/schlieren-geht-beim-solarausbau-weiter-voran\/#organizationLogo"},"sameAs":["https:\/\/www.facebook.com\/people\/Immoinvest\/100077962920504\/","https:\/\/x.com\/i\/flow\/login?redirect_after_login=immoinvest_ch","https:\/\/www.instagram.com\/immoinvest_ch\/","https:\/\/www.linkedin.com\/company\/immoinvest-swiss"]},{"@type":"Person","@id":"https:\/\/www.immo-invest.ch\/fr\/author\/immovestuser\/#author","url":"https:\/\/www.immo-invest.ch\/fr\/author\/immovestuser\/","name":"immovestuser","image":{"@type":"ImageObject","@id":"https:\/\/www.immo-invest.ch\/fr\/schlieren-geht-beim-solarausbau-weiter-voran\/#authorImage","url":"https:\/\/secure.gravatar.com\/avatar\/8e01f4d99f2eeea7a362ebb93305e1172a70e9293ba250f897a65c39f54cdd1e?s=96&d=mm&r=g","width":96,"height":96,"caption":"immovestuser"}},{"@type":"WebPage","@id":"https:\/\/www.immo-invest.ch\/fr\/schlieren-geht-beim-solarausbau-weiter-voran\/#webpage","url":"https:\/\/www.immo-invest.ch\/fr\/schlieren-geht-beim-solarausbau-weiter-voran\/","name":"Schlieren va de l\u2019avant dans le d\u00e9veloppement du solaire - immo!nvest - Die Plattform f\u00fcr Standorte und Immobilien","description":"Fin ao\u00fbt, la ville de Schlieren mettra en service la plus grande installation solaire de la ville au Centre pour l'innovation et les jeunes entrepreneurs. L'\u00e9lectricit\u00e9 produite sera utilis\u00e9e au m\u00eame endroit. En outre, six nouvelles stations de recharge pour voitures \u00e9lectriques seront disponibles \u00e0 partir de ce mois.","inLanguage":"fr-FR","isPartOf":{"@id":"https:\/\/www.immo-invest.ch\/fr\/#website"},"breadcrumb":{"@id":"https:\/\/www.immo-invest.ch\/fr\/schlieren-geht-beim-solarausbau-weiter-voran\/#breadcrumblist"},"author":{"@id":"https:\/\/www.immo-invest.ch\/fr\/author\/immovestuser\/#author"},"creator":{"@id":"https:\/\/www.immo-invest.ch\/fr\/author\/immovestuser\/#author"},"image":{"@type":"ImageObject","url":"https:\/\/www.immo-invest.ch\/wp-content\/uploads\/2023\/08\/Solar_2-scaled.jpg","@id":"https:\/\/www.immo-invest.ch\/fr\/schlieren-geht-beim-solarausbau-weiter-voran\/#mainImage","width":2560,"height":1705},"primaryImageOfPage":{"@id":"https:\/\/www.immo-invest.ch\/fr\/schlieren-geht-beim-solarausbau-weiter-voran\/#mainImage"},"datePublished":"2023-08-21T09:21:27+02:00","dateModified":"2023-08-21T09:26:59+02:00"},{"@type":"WebSite","@id":"https:\/\/www.immo-invest.ch\/fr\/#website","url":"https:\/\/www.immo-invest.ch\/fr\/","name":"immo!nvest - Die Plattform f\u00fcr Standorte und Immobilien","description":"Die\u00a0Plattform f\u00fcr Standorte und Immobilien","inLanguage":"fr-FR","publisher":{"@id":"https:\/\/www.immo-invest.ch\/fr\/#organization"}}]},"og:locale":"fr_FR","og:site_name":"immo!nvest - Die Plattform f\u00fcr Standorte und Immobilien - Die\u00a0Plattform f\u00fcr Standorte und Immobilien","og:type":"article","og:title":"Schlieren va de l\u2019avant dans le d\u00e9veloppement du solaire - immo!nvest - Die Plattform f\u00fcr Standorte und Immobilien","og:description":"Fin ao\u00fbt, la ville de Schlieren mettra en service la plus grande installation solaire de la ville au Centre pour l'innovation et les jeunes entrepreneurs. L'\u00e9lectricit\u00e9 produite sera utilis\u00e9e au m\u00eame endroit. En outre, six nouvelles stations de recharge pour voitures \u00e9lectriques seront disponibles \u00e0 partir de ce mois.","og:url":"https:\/\/www.immo-invest.ch\/fr\/schlieren-geht-beim-solarausbau-weiter-voran\/","og:image":"https:\/\/www.immo-invest.ch\/wp-content\/uploads\/2023\/08\/Solar_2-scaled.jpg","og:image:secure_url":"https:\/\/www.immo-invest.ch\/wp-content\/uploads\/2023\/08\/Solar_2-scaled.jpg","og:image:width":2560,"og:image:height":1705,"article:published_time":"2023-08-21T07:21:27+00:00","article:modified_time":"2023-08-21T07:26:59+00:00","article:publisher":"https:\/\/www.facebook.com\/people\/Immoinvest\/100077962920504\/","twitter:card":"summary_large_image","twitter:site":"@i","twitter:title":"Schlieren va de l\u2019avant dans le d\u00e9veloppement du solaire - immo!nvest - Die Plattform f\u00fcr Standorte und Immobilien","twitter:description":"Fin ao\u00fbt, la ville de Schlieren mettra en service la plus grande installation solaire de la ville au Centre pour l'innovation et les jeunes entrepreneurs. L'\u00e9lectricit\u00e9 produite sera utilis\u00e9e au m\u00eame endroit. En outre, six nouvelles stations de recharge pour voitures \u00e9lectriques seront disponibles \u00e0 partir de ce mois.","twitter:creator":"@i","twitter:image":"https:\/\/www.immo-invest.ch\/wp-content\/uploads\/2023\/08\/Solar_2-scaled.jpg"},"aioseo_meta_data":{"post_id":"62138","title":null,"description":null,"keywords":null,"keyphrases":null,"primary_term":null,"canonical_url":null,"og_title":null,"og_description":null,"og_object_type":"default","og_image_type":"default","og_image_url":null,"og_image_width":null,"og_image_height":null,"og_image_custom_url":null,"og_image_custom_fields":null,"og_video":null,"og_custom_url":null,"og_article_section":null,"og_article_tags":null,"twitter_use_og":false,"twitter_card":"default","twitter_image_type":"default","twitter_image_url":null,"twitter_image_custom_url":null,"twitter_image_custom_fields":null,"twitter_title":null,"twitter_description":null,"schema":{"blockGraphs":[],"customGraphs":[],"default":{"data":{"Article":[],"Course":[],"Dataset":[],"FAQPage":[],"Movie":[],"Person":[],"Product":[],"ProductReview":[],"Car":[],"Recipe":[],"Service":[],"SoftwareApplication":[],"WebPage":[]},"graphName":"","isEnabled":true},"graphs":[]},"schema_type":"default","schema_type_options":null,"pillar_content":false,"robots_default":true,"robots_noindex":false,"robots_noarchive":false,"robots_nosnippet":false,"robots_nofollow":false,"robots_noimageindex":false,"robots_noodp":false,"robots_notranslate":false,"robots_max_snippet":null,"robots_max_videopreview":null,"robots_max_imagepreview":"large","priority":null,"frequency":null,"local_seo":null,"breadcrumb_settings":null,"limit_modified_date":false,"ai":null,"created":"2024-09-20 08:34:05","updated":"2025-10-23 14:25:14","seo_analyzer_scan_date":null,"focus_keyword":null,"additional_keywords":null,"truseo_locale":null},"aioseo_breadcrumb":"<div class=\"aioseo-breadcrumbs\"><span class=\"aioseo-breadcrumb\">\n\t\t\t<a href=\"https:\/\/www.immo-invest.ch\/fr\/\" title=\"Home\">Home<\/a>\n\t\t<\/span><span class=\"aioseo-breadcrumb-separator\">&raquo;<\/span><span class=\"aioseo-breadcrumb\">\n\t\t\t<a href=\"https:\/\/www.immo-invest.ch\/fr\/categories\/immonews-fr\/\" title=\"immoNews\">immoNews<\/a>\n\t\t<\/span><span class=\"aioseo-breadcrumb-separator\">&raquo;<\/span><span class=\"aioseo-breadcrumb\">\n\t\t\tSchlieren va de l\u2019avant dans le d\u00e9veloppement du solaire\n\t\t<\/span><\/div>","aioseo_breadcrumb_json":[{"label":"Home","link":"https:\/\/www.immo-invest.ch\/fr\/"},{"label":"immoNews","link":"https:\/\/www.immo-invest.ch\/fr\/categories\/immonews-fr\/"},{"label":"Schlieren va de l&rsquo;avant dans le d\u00e9veloppement du solaire","link":"https:\/\/www.immo-invest.ch\/fr\/schlieren-geht-beim-solarausbau-weiter-voran\/"}],"featured_image_src":"https:\/\/www.immo-invest.ch\/wp-content\/uploads\/2023\/08\/Solar_2-336x168.jpg","_links":{"self":[{"href":"https:\/\/www.immo-invest.ch\/fr\/wp-json\/wp\/v2\/posts\/62138","targetHints":{"allow":["GET"]}}],"collection":[{"href":"https:\/\/www.immo-invest.ch\/fr\/wp-json\/wp\/v2\/posts"}],"about":[{"href":"https:\/\/www.immo-invest.ch\/fr\/wp-json\/wp\/v2\/types\/post"}],"author":[{"embeddable":true,"href":"https:\/\/www.immo-invest.ch\/fr\/wp-json\/wp\/v2\/users\/2"}],"replies":[{"embeddable":true,"href":"https:\/\/www.immo-invest.ch\/fr\/wp-json\/wp\/v2\/comments?post=62138"}],"version-history":[{"count":0,"href":"https:\/\/www.immo-invest.ch\/fr\/wp-json\/wp\/v2\/posts\/62138\/revisions"}],"wp:featuredmedia":[{"embeddable":true,"href":"https:\/\/www.immo-invest.ch\/fr\/wp-json\/wp\/v2\/media\/61026"}],"wp:attachment":[{"href":"https:\/\/www.immo-invest.ch\/fr\/wp-json\/wp\/v2\/media?parent=62138"}],"wp:term":[{"taxonomy":"category","embeddable":true,"href":"https:\/\/www.immo-invest.ch\/fr\/wp-json\/wp\/v2\/categories?post=62138"},{"taxonomy":"post_tag","embeddable":true,"href":"https:\/\/www.immo-invest.ch\/fr\/wp-json\/wp\/v2\/tags?post=62138"}],"curies":[{"name":"wp","href":"https:\/\/api.w.org\/{rel}","templated":true}]}}