{"id":61566,"date":"2023-08-09T13:00:00","date_gmt":"2023-08-09T11:00:00","guid":{"rendered":"https:\/\/www.immo-invest.ch\/faltbares-solardach-von-iworks-ist-validiert\/"},"modified":"2023-08-09T13:57:16","modified_gmt":"2023-08-09T11:57:16","slug":"faltbares-solardach-von-iworks-ist-validiert","status":"publish","type":"post","link":"https:\/\/www.immo-invest.ch\/fr\/faltbares-solardach-von-iworks-ist-validiert\/","title":{"rendered":"Le toit solaire pliable d&rsquo;iWorks est valid\u00e9"},"content":{"rendered":"<p class=\"bodytext\">Dans le cadre d&rsquo;un <a href=\"http:\/\/www.innosuisse.ch\" target=\"_blank\" rel=\"noopener\">projet Innosuisse<\/a>, une &eacute;quipe de sept ing&eacute;nieurs de la Haute &eacute;cole des sciences appliqu&eacute;es de Zurich<a href=\"http:\/\/www.zhaw.ch\" target=\"_blank\" rel=\"noopener\">(ZHAW<\/a>) a valid&eacute; la solution photovolta&iuml;que de l&rsquo;entreprise liechtensteinoise <a href=\"https:\/\/www.iworks.li\" target=\"_blank\" rel=\"noopener\">iWorks<\/a>. Les <a href=\"https:\/\/www.urbanbox.li\" target=\"_blank\" rel=\"noopener\">Urbanbox<\/a> pliables sont des supports de modules solaires qui se d&eacute;ploient et se r&eacute;tractent automatiquement. Ils ont &eacute;t&eacute; con&ccedil;us pour les villes et les entreprises. L&rsquo;&eacute;quipe de validation des deux instituts pour les syst&egrave;mes &eacute;nerg&eacute;tiques et l&rsquo;ing&eacute;nierie des fluides<a href=\"https:\/\/www.zhaw.ch\/de\/engineering\/institute-zentren\/iefe\/\" target=\"_blank\" rel=\"noopener\">(IEFE<\/a>) et pour les syst&egrave;mes m&eacute;caniques<a href=\"https:\/\/www.zhaw.ch\/de\/engineering\/institute-zentren\/imes\/\" target=\"_blank\" rel=\"noopener\">(IMES<\/a>) de la <a href=\"https:\/\/www.zhaw.ch\/de\/engineering\/\" target=\"_blank\" rel=\"noopener\">ZHAW-School of Engineering<\/a> a &eacute;t&eacute; soutenue par la <a href=\"https:\/\/www.klimastiftung.ch\/de\/\" target=\"_blank\" rel=\"noopener\">Fondation Suisse pour le Climat<\/a>.<\/p>\n<p class=\"bodytext\">Les supports des modules photovolta&iuml;ques sont r&eacute;tract&eacute;s dans une bo&icirc;te robuste par un syst&egrave;me de commande num&eacute;rique en cas de conditions m&eacute;t&eacute;orologiques extr&ecirc;mes et sont &agrave; nouveau d&eacute;ploy&eacute;s lorsque le temps est favorable. Comme cela ne n&eacute;cessite pas de sous-structure massive et que les modules sont nettoy&eacute;s par une brosse rotative lorsqu&rsquo;ils entrent ou sortent de la bo&icirc;te, iWorks estime que des co&ucirc;ts consid&eacute;rables sont supprim&eacute;s par rapport aux toitures solaires install&eacute;es en permanence.<\/p>\n<p class=\"bodytext\">&laquo;&nbsp;Avec cette &eacute;tape importante, la double utilisation &eacute;conomique des surfaces en milieu urbain pour la production d&rsquo;&eacute;nergie solaire est pr&eacute;visible d&egrave;s l&rsquo;ann&eacute;e prochaine&nbsp;&raquo;, a d&eacute;clar&eacute; le professeur Franz Baumgartner de l&rsquo;IEFE, qui dirige &eacute;galement la fili&egrave;re &eacute;nergie et technologie environnementale &agrave; la ZHAW, cit&eacute; dans un <a href=\"https:\/\/www.urbanbox.li\/?page_id=338\" target=\"_blank\" rel=\"noopener\">communiqu&eacute; de presse<\/a>. &laquo;&nbsp;Les entreprises et les communes disposent ainsi d&rsquo;un moyen suppl&eacute;mentaire et efficace de r&eacute;duire leur empreinte carbone et de contribuer &agrave; la transition &eacute;nerg&eacute;tique&nbsp;&raquo;<\/p>\n<p class=\"bodytext\">L&rsquo;entreprise iWorks, en collaboration avec l&rsquo;&eacute;quipe des deux instituts de la ZHAW, est d&eacute;sormais pr&ecirc;te &agrave; passer &agrave; la phase suivante du projet, pr&eacute;cise le communiqu&eacute;. Sur la base de ce qui a &eacute;t&eacute; r&eacute;alis&eacute; jusqu&rsquo;&agrave; pr&eacute;sent, une solution Urbanbox enti&egrave;rement industrialis&eacute;e devrait &ecirc;tre mise en place pour une utilisation commerciale avant la fin de l&rsquo;ann&eacute;e.<\/p>\n","protected":false},"excerpt":{"rendered":"<p>La solution photovolta\u00efque flexible d&rsquo;iWorks, appel\u00e9e Urbanbox, a re\u00e7u la preuve scientifique d&rsquo;une \u00e9quipe de la Haute \u00e9cole des sciences appliqu\u00e9es de Zurich qu&rsquo;elle r\u00e9pond aux exigences pratiques. Le syst\u00e8me pliable devrait \u00eatre commercialis\u00e9 fin 2023.<\/p>\n","protected":false},"author":2,"featured_media":61560,"comment_status":"open","ping_status":"open","sticky":false,"template":"","format":"standard","meta":{"pmpro_default_level":"0","inline_featured_image":false,"_monsterinsights_skip_tracking":false,"footnotes":""},"categories":[22699,8747,743],"tags":[41341,2155,41342,1844,41343,41344,41345],"class_list":["post-61566","post","type-post","status-publish","format-standard","has-post-thumbnail","hentry","category-durabilite","category-energie","category-immonews-fr","tag-angewanntewissenschaften-fr","tag-erneuerbareenergien-fr","tag-faltbaressystem-fr","tag-handel-fr","tag-nachweis-fr","tag-photovoltaikloesung-fr","tag-praxisanforderung-fr","pmpro-has-access"],"acf":{"bild_mit_ki_erstellt_worden":[],"lead":"La solution photovolta\u00efque flexible d'iWorks, appel\u00e9e Urbanbox, a re\u00e7u la preuve scientifique d'une \u00e9quipe de la Haute \u00e9cole des sciences appliqu\u00e9es de Zurich qu'elle r\u00e9pond aux exigences pratiques. Le syst\u00e8me pliable devrait \u00eatre commercialis\u00e9 fin 2023.","autor":"ce\/mm","ort":"Ruggell\/Winterthur","bildunterschrift":"","bild_im_grid":false,"gallerie":"","newsim":""},"aioseo_notices":[],"aioseo_head":"\n\t\t<!-- All in One SEO 5.0.1.1 - aioseo.com -->\n\t<meta name=\"description\" content=\"La solution photovolta\u00efque flexible d&#039;iWorks, appel\u00e9e Urbanbox, a re\u00e7u la preuve scientifique d&#039;une \u00e9quipe de la Haute \u00e9cole des sciences appliqu\u00e9es de Zurich qu&#039;elle r\u00e9pond aux exigences pratiques. Le syst\u00e8me pliable devrait \u00eatre commercialis\u00e9 fin 2023.\" \/>\n\t<meta name=\"robots\" content=\"max-image-preview:large\" \/>\n\t<meta name=\"author\" content=\"immovestuser\"\/>\n\t<meta name=\"google-site-verification\" content=\"fHJKvgWpZCR2zVBHWfkQeFXC11qieUSff0HGNYfuyLA\" \/>\n\t<link rel=\"canonical\" href=\"https:\/\/www.immo-invest.ch\/fr\/faltbares-solardach-von-iworks-ist-validiert\/\" \/>\n\t<meta name=\"generator\" content=\"All in One SEO (AIOSEO) 5.0.1.1\" \/>\n\t\t<meta property=\"og:locale\" content=\"fr_FR\" \/>\n\t\t<meta property=\"og:site_name\" content=\"immo!nvest - Die Plattform f\u00fcr Standorte und Immobilien - Die\u00a0Plattform f\u00fcr Standorte und Immobilien\" \/>\n\t\t<meta property=\"og:type\" content=\"article\" \/>\n\t\t<meta property=\"og:title\" content=\"Le toit solaire pliable d\u2019iWorks est valid\u00e9 - immo!nvest - Die Plattform f\u00fcr Standorte und Immobilien\" \/>\n\t\t<meta property=\"og:description\" content=\"La solution photovolta\u00efque flexible d&#039;iWorks, appel\u00e9e Urbanbox, a re\u00e7u la preuve scientifique d&#039;une \u00e9quipe de la Haute \u00e9cole des sciences appliqu\u00e9es de Zurich qu&#039;elle r\u00e9pond aux exigences pratiques. Le syst\u00e8me pliable devrait \u00eatre commercialis\u00e9 fin 2023.\" \/>\n\t\t<meta property=\"og:url\" content=\"https:\/\/www.immo-invest.ch\/fr\/faltbares-solardach-von-iworks-ist-validiert\/\" \/>\n\t\t<meta property=\"og:image\" content=\"https:\/\/www.immo-invest.ch\/wp-content\/uploads\/2023\/08\/markus-spiske-pwFr_1SUXRo-unsplash-scaled.jpg\" \/>\n\t\t<meta property=\"og:image:secure_url\" content=\"https:\/\/www.immo-invest.ch\/wp-content\/uploads\/2023\/08\/markus-spiske-pwFr_1SUXRo-unsplash-scaled.jpg\" \/>\n\t\t<meta property=\"og:image:width\" content=\"2560\" \/>\n\t\t<meta property=\"og:image:height\" content=\"1706\" \/>\n\t\t<meta property=\"article:published_time\" content=\"2023-08-09T11:00:00+00:00\" \/>\n\t\t<meta property=\"article:modified_time\" content=\"2023-08-09T11:57:16+00:00\" \/>\n\t\t<meta property=\"article:publisher\" content=\"https:\/\/www.facebook.com\/people\/Immoinvest\/100077962920504\/\" \/>\n\t\t<meta name=\"twitter:card\" content=\"summary_large_image\" \/>\n\t\t<meta name=\"twitter:site\" content=\"@i\" \/>\n\t\t<meta name=\"twitter:title\" content=\"Le toit solaire pliable d\u2019iWorks est valid\u00e9 - immo!nvest - Die Plattform f\u00fcr Standorte und Immobilien\" \/>\n\t\t<meta name=\"twitter:description\" content=\"La solution photovolta\u00efque flexible d&#039;iWorks, appel\u00e9e Urbanbox, a re\u00e7u la preuve scientifique d&#039;une \u00e9quipe de la Haute \u00e9cole des sciences appliqu\u00e9es de Zurich qu&#039;elle r\u00e9pond aux exigences pratiques. Le syst\u00e8me pliable devrait \u00eatre commercialis\u00e9 fin 2023.\" \/>\n\t\t<meta name=\"twitter:creator\" content=\"@i\" \/>\n\t\t<meta name=\"twitter:image\" content=\"https:\/\/www.immo-invest.ch\/wp-content\/uploads\/2023\/08\/markus-spiske-pwFr_1SUXRo-unsplash-scaled.jpg\" \/>\n\t\t<script type=\"application\/ld+json\" class=\"aioseo-schema\">\n\t\t\t{\"@context\":\"https:\\\/\\\/schema.org\",\"@graph\":[{\"@type\":\"BlogPosting\",\"@id\":\"https:\\\/\\\/www.immo-invest.ch\\\/fr\\\/faltbares-solardach-von-iworks-ist-validiert\\\/#blogposting\",\"name\":\"Le toit solaire pliable d\\u2019iWorks est valid\\u00e9 - immo!nvest - Die Plattform f\\u00fcr Standorte und Immobilien\",\"headline\":\"Le toit solaire pliable d&rsquo;iWorks est valid\\u00e9\",\"author\":{\"@id\":\"https:\\\/\\\/www.immo-invest.ch\\\/fr\\\/author\\\/immovestuser\\\/#author\"},\"publisher\":{\"@id\":\"https:\\\/\\\/www.immo-invest.ch\\\/fr\\\/#organization\"},\"image\":{\"@type\":\"ImageObject\",\"url\":\"https:\\\/\\\/www.immo-invest.ch\\\/wp-content\\\/uploads\\\/2023\\\/08\\\/markus-spiske-pwFr_1SUXRo-unsplash-scaled.jpg\",\"width\":2560,\"height\":1706},\"datePublished\":\"2023-08-09T13:00:00+02:00\",\"dateModified\":\"2023-08-09T13:57:16+02:00\",\"inLanguage\":\"fr-FR\",\"mainEntityOfPage\":{\"@id\":\"https:\\\/\\\/www.immo-invest.ch\\\/fr\\\/faltbares-solardach-von-iworks-ist-validiert\\\/#webpage\"},\"isPartOf\":{\"@id\":\"https:\\\/\\\/www.immo-invest.ch\\\/fr\\\/faltbares-solardach-von-iworks-ist-validiert\\\/#webpage\"},\"articleSection\":\"Durabilit\\u00e9, \\u00c9nergie, immoNews, AngewannteWissenschaften, ErneuerbareEnergien, faltbaresSystem, Handel, Nachweis, Photovoltaikl\\u00f6sung, Praxisanforderung, Facultatif\"},{\"@type\":\"BreadcrumbList\",\"@id\":\"https:\\\/\\\/www.immo-invest.ch\\\/fr\\\/faltbares-solardach-von-iworks-ist-validiert\\\/#breadcrumblist\",\"itemListElement\":[{\"@type\":\"ListItem\",\"@id\":\"https:\\\/\\\/www.immo-invest.ch\\\/fr\\\/#listItem\",\"position\":1,\"name\":\"Home\",\"item\":\"https:\\\/\\\/www.immo-invest.ch\\\/fr\\\/\",\"nextItem\":{\"@type\":\"ListItem\",\"@id\":\"https:\\\/\\\/www.immo-invest.ch\\\/fr\\\/categories\\\/trends-fr\\\/#listItem\",\"name\":\"Trends\"}},{\"@type\":\"ListItem\",\"@id\":\"https:\\\/\\\/www.immo-invest.ch\\\/fr\\\/categories\\\/trends-fr\\\/#listItem\",\"position\":2,\"name\":\"Trends\",\"item\":\"https:\\\/\\\/www.immo-invest.ch\\\/fr\\\/categories\\\/trends-fr\\\/\",\"nextItem\":{\"@type\":\"ListItem\",\"@id\":\"https:\\\/\\\/www.immo-invest.ch\\\/fr\\\/categories\\\/trends-fr\\\/durabilite\\\/#listItem\",\"name\":\"Durabilit\\u00e9\"},\"previousItem\":{\"@type\":\"ListItem\",\"@id\":\"https:\\\/\\\/www.immo-invest.ch\\\/fr\\\/#listItem\",\"name\":\"Home\"}},{\"@type\":\"ListItem\",\"@id\":\"https:\\\/\\\/www.immo-invest.ch\\\/fr\\\/categories\\\/trends-fr\\\/durabilite\\\/#listItem\",\"position\":3,\"name\":\"Durabilit\\u00e9\",\"item\":\"https:\\\/\\\/www.immo-invest.ch\\\/fr\\\/categories\\\/trends-fr\\\/durabilite\\\/\",\"nextItem\":{\"@type\":\"ListItem\",\"@id\":\"https:\\\/\\\/www.immo-invest.ch\\\/fr\\\/faltbares-solardach-von-iworks-ist-validiert\\\/#listItem\",\"name\":\"Le toit solaire pliable d&rsquo;iWorks est valid\\u00e9\"},\"previousItem\":{\"@type\":\"ListItem\",\"@id\":\"https:\\\/\\\/www.immo-invest.ch\\\/fr\\\/categories\\\/trends-fr\\\/#listItem\",\"name\":\"Trends\"}},{\"@type\":\"ListItem\",\"@id\":\"https:\\\/\\\/www.immo-invest.ch\\\/fr\\\/faltbares-solardach-von-iworks-ist-validiert\\\/#listItem\",\"position\":4,\"name\":\"Le toit solaire pliable d&rsquo;iWorks est valid\\u00e9\",\"previousItem\":{\"@type\":\"ListItem\",\"@id\":\"https:\\\/\\\/www.immo-invest.ch\\\/fr\\\/categories\\\/trends-fr\\\/durabilite\\\/#listItem\",\"name\":\"Durabilit\\u00e9\"}}]},{\"@type\":\"Organization\",\"@id\":\"https:\\\/\\\/www.immo-invest.ch\\\/fr\\\/#organization\",\"name\":\"immo!nvest - Die Plattform f\\u00fcr Standorte und Immobilien\",\"description\":\"Die\\u00a0Plattform f\\u00fcr Standorte und Immobilien\",\"url\":\"https:\\\/\\\/www.immo-invest.ch\\\/fr\\\/\",\"email\":\"admin@immomedia.ag\",\"telephone\":\"+41444420002\",\"logo\":{\"@type\":\"ImageObject\",\"url\":\"https:\\\/\\\/www.immo-invest.ch\\\/wp-content\\\/uploads\\\/2024\\\/09\\\/immoinvest_sm-scaled.jpg\",\"@id\":\"https:\\\/\\\/www.immo-invest.ch\\\/fr\\\/faltbares-solardach-von-iworks-ist-validiert\\\/#organizationLogo\",\"width\":2560,\"height\":1340},\"image\":{\"@id\":\"https:\\\/\\\/www.immo-invest.ch\\\/fr\\\/faltbares-solardach-von-iworks-ist-validiert\\\/#organizationLogo\"},\"sameAs\":[\"https:\\\/\\\/www.facebook.com\\\/people\\\/Immoinvest\\\/100077962920504\\\/\",\"https:\\\/\\\/x.com\\\/i\\\/flow\\\/login?redirect_after_login=immoinvest_ch\",\"https:\\\/\\\/www.instagram.com\\\/immoinvest_ch\\\/\",\"https:\\\/\\\/www.linkedin.com\\\/company\\\/immoinvest-swiss\"]},{\"@type\":\"Person\",\"@id\":\"https:\\\/\\\/www.immo-invest.ch\\\/fr\\\/author\\\/immovestuser\\\/#author\",\"url\":\"https:\\\/\\\/www.immo-invest.ch\\\/fr\\\/author\\\/immovestuser\\\/\",\"name\":\"immovestuser\",\"image\":{\"@type\":\"ImageObject\",\"@id\":\"https:\\\/\\\/www.immo-invest.ch\\\/fr\\\/faltbares-solardach-von-iworks-ist-validiert\\\/#authorImage\",\"url\":\"https:\\\/\\\/secure.gravatar.com\\\/avatar\\\/8e01f4d99f2eeea7a362ebb93305e1172a70e9293ba250f897a65c39f54cdd1e?s=96&d=mm&r=g\",\"width\":96,\"height\":96,\"caption\":\"immovestuser\"}},{\"@type\":\"WebPage\",\"@id\":\"https:\\\/\\\/www.immo-invest.ch\\\/fr\\\/faltbares-solardach-von-iworks-ist-validiert\\\/#webpage\",\"url\":\"https:\\\/\\\/www.immo-invest.ch\\\/fr\\\/faltbares-solardach-von-iworks-ist-validiert\\\/\",\"name\":\"Le toit solaire pliable d\\u2019iWorks est valid\\u00e9 - immo!nvest - Die Plattform f\\u00fcr Standorte und Immobilien\",\"description\":\"La solution photovolta\\u00efque flexible d'iWorks, appel\\u00e9e Urbanbox, a re\\u00e7u la preuve scientifique d'une \\u00e9quipe de la Haute \\u00e9cole des sciences appliqu\\u00e9es de Zurich qu'elle r\\u00e9pond aux exigences pratiques. Le syst\\u00e8me pliable devrait \\u00eatre commercialis\\u00e9 fin 2023.\",\"inLanguage\":\"fr-FR\",\"isPartOf\":{\"@id\":\"https:\\\/\\\/www.immo-invest.ch\\\/fr\\\/#website\"},\"breadcrumb\":{\"@id\":\"https:\\\/\\\/www.immo-invest.ch\\\/fr\\\/faltbares-solardach-von-iworks-ist-validiert\\\/#breadcrumblist\"},\"author\":{\"@id\":\"https:\\\/\\\/www.immo-invest.ch\\\/fr\\\/author\\\/immovestuser\\\/#author\"},\"creator\":{\"@id\":\"https:\\\/\\\/www.immo-invest.ch\\\/fr\\\/author\\\/immovestuser\\\/#author\"},\"image\":{\"@type\":\"ImageObject\",\"url\":\"https:\\\/\\\/www.immo-invest.ch\\\/wp-content\\\/uploads\\\/2023\\\/08\\\/markus-spiske-pwFr_1SUXRo-unsplash-scaled.jpg\",\"@id\":\"https:\\\/\\\/www.immo-invest.ch\\\/fr\\\/faltbares-solardach-von-iworks-ist-validiert\\\/#mainImage\",\"width\":2560,\"height\":1706},\"primaryImageOfPage\":{\"@id\":\"https:\\\/\\\/www.immo-invest.ch\\\/fr\\\/faltbares-solardach-von-iworks-ist-validiert\\\/#mainImage\"},\"datePublished\":\"2023-08-09T13:00:00+02:00\",\"dateModified\":\"2023-08-09T13:57:16+02:00\"},{\"@type\":\"WebSite\",\"@id\":\"https:\\\/\\\/www.immo-invest.ch\\\/fr\\\/#website\",\"url\":\"https:\\\/\\\/www.immo-invest.ch\\\/fr\\\/\",\"name\":\"immo!nvest - Die Plattform f\\u00fcr Standorte und Immobilien\",\"description\":\"Die\\u00a0Plattform f\\u00fcr Standorte und Immobilien\",\"inLanguage\":\"fr-FR\",\"publisher\":{\"@id\":\"https:\\\/\\\/www.immo-invest.ch\\\/fr\\\/#organization\"}}]}\n\t\t<\/script>\n\t\t<!-- All in One SEO -->\n\n","aioseo_head_json":{"title":"Le toit solaire pliable d\u2019iWorks est valid\u00e9 - immo!nvest - Die Plattform f\u00fcr Standorte und Immobilien","description":"La solution photovolta\u00efque flexible d'iWorks, appel\u00e9e Urbanbox, a re\u00e7u la preuve scientifique d'une \u00e9quipe de la Haute \u00e9cole des sciences appliqu\u00e9es de Zurich qu'elle r\u00e9pond aux exigences pratiques. Le syst\u00e8me pliable devrait \u00eatre commercialis\u00e9 fin 2023.","canonical_url":"https:\/\/www.immo-invest.ch\/fr\/faltbares-solardach-von-iworks-ist-validiert\/","robots":"max-image-preview:large","keywords":"","webmasterTools":{"google-site-verification":"fHJKvgWpZCR2zVBHWfkQeFXC11qieUSff0HGNYfuyLA","miscellaneous":""},"schema":{"@context":"https:\/\/schema.org","@graph":[{"@type":"BlogPosting","@id":"https:\/\/www.immo-invest.ch\/fr\/faltbares-solardach-von-iworks-ist-validiert\/#blogposting","name":"Le toit solaire pliable d\u2019iWorks est valid\u00e9 - immo!nvest - Die Plattform f\u00fcr Standorte und Immobilien","headline":"Le toit solaire pliable d&rsquo;iWorks est valid\u00e9","author":{"@id":"https:\/\/www.immo-invest.ch\/fr\/author\/immovestuser\/#author"},"publisher":{"@id":"https:\/\/www.immo-invest.ch\/fr\/#organization"},"image":{"@type":"ImageObject","url":"https:\/\/www.immo-invest.ch\/wp-content\/uploads\/2023\/08\/markus-spiske-pwFr_1SUXRo-unsplash-scaled.jpg","width":2560,"height":1706},"datePublished":"2023-08-09T13:00:00+02:00","dateModified":"2023-08-09T13:57:16+02:00","inLanguage":"fr-FR","mainEntityOfPage":{"@id":"https:\/\/www.immo-invest.ch\/fr\/faltbares-solardach-von-iworks-ist-validiert\/#webpage"},"isPartOf":{"@id":"https:\/\/www.immo-invest.ch\/fr\/faltbares-solardach-von-iworks-ist-validiert\/#webpage"},"articleSection":"Durabilit\u00e9, \u00c9nergie, immoNews, AngewannteWissenschaften, ErneuerbareEnergien, faltbaresSystem, Handel, Nachweis, Photovoltaikl\u00f6sung, Praxisanforderung, Facultatif"},{"@type":"BreadcrumbList","@id":"https:\/\/www.immo-invest.ch\/fr\/faltbares-solardach-von-iworks-ist-validiert\/#breadcrumblist","itemListElement":[{"@type":"ListItem","@id":"https:\/\/www.immo-invest.ch\/fr\/#listItem","position":1,"name":"Home","item":"https:\/\/www.immo-invest.ch\/fr\/","nextItem":{"@type":"ListItem","@id":"https:\/\/www.immo-invest.ch\/fr\/categories\/trends-fr\/#listItem","name":"Trends"}},{"@type":"ListItem","@id":"https:\/\/www.immo-invest.ch\/fr\/categories\/trends-fr\/#listItem","position":2,"name":"Trends","item":"https:\/\/www.immo-invest.ch\/fr\/categories\/trends-fr\/","nextItem":{"@type":"ListItem","@id":"https:\/\/www.immo-invest.ch\/fr\/categories\/trends-fr\/durabilite\/#listItem","name":"Durabilit\u00e9"},"previousItem":{"@type":"ListItem","@id":"https:\/\/www.immo-invest.ch\/fr\/#listItem","name":"Home"}},{"@type":"ListItem","@id":"https:\/\/www.immo-invest.ch\/fr\/categories\/trends-fr\/durabilite\/#listItem","position":3,"name":"Durabilit\u00e9","item":"https:\/\/www.immo-invest.ch\/fr\/categories\/trends-fr\/durabilite\/","nextItem":{"@type":"ListItem","@id":"https:\/\/www.immo-invest.ch\/fr\/faltbares-solardach-von-iworks-ist-validiert\/#listItem","name":"Le toit solaire pliable d&rsquo;iWorks est valid\u00e9"},"previousItem":{"@type":"ListItem","@id":"https:\/\/www.immo-invest.ch\/fr\/categories\/trends-fr\/#listItem","name":"Trends"}},{"@type":"ListItem","@id":"https:\/\/www.immo-invest.ch\/fr\/faltbares-solardach-von-iworks-ist-validiert\/#listItem","position":4,"name":"Le toit solaire pliable d&rsquo;iWorks est valid\u00e9","previousItem":{"@type":"ListItem","@id":"https:\/\/www.immo-invest.ch\/fr\/categories\/trends-fr\/durabilite\/#listItem","name":"Durabilit\u00e9"}}]},{"@type":"Organization","@id":"https:\/\/www.immo-invest.ch\/fr\/#organization","name":"immo!nvest - Die Plattform f\u00fcr Standorte und Immobilien","description":"Die\u00a0Plattform f\u00fcr Standorte und Immobilien","url":"https:\/\/www.immo-invest.ch\/fr\/","email":"admin@immomedia.ag","telephone":"+41444420002","logo":{"@type":"ImageObject","url":"https:\/\/www.immo-invest.ch\/wp-content\/uploads\/2024\/09\/immoinvest_sm-scaled.jpg","@id":"https:\/\/www.immo-invest.ch\/fr\/faltbares-solardach-von-iworks-ist-validiert\/#organizationLogo","width":2560,"height":1340},"image":{"@id":"https:\/\/www.immo-invest.ch\/fr\/faltbares-solardach-von-iworks-ist-validiert\/#organizationLogo"},"sameAs":["https:\/\/www.facebook.com\/people\/Immoinvest\/100077962920504\/","https:\/\/x.com\/i\/flow\/login?redirect_after_login=immoinvest_ch","https:\/\/www.instagram.com\/immoinvest_ch\/","https:\/\/www.linkedin.com\/company\/immoinvest-swiss"]},{"@type":"Person","@id":"https:\/\/www.immo-invest.ch\/fr\/author\/immovestuser\/#author","url":"https:\/\/www.immo-invest.ch\/fr\/author\/immovestuser\/","name":"immovestuser","image":{"@type":"ImageObject","@id":"https:\/\/www.immo-invest.ch\/fr\/faltbares-solardach-von-iworks-ist-validiert\/#authorImage","url":"https:\/\/secure.gravatar.com\/avatar\/8e01f4d99f2eeea7a362ebb93305e1172a70e9293ba250f897a65c39f54cdd1e?s=96&d=mm&r=g","width":96,"height":96,"caption":"immovestuser"}},{"@type":"WebPage","@id":"https:\/\/www.immo-invest.ch\/fr\/faltbares-solardach-von-iworks-ist-validiert\/#webpage","url":"https:\/\/www.immo-invest.ch\/fr\/faltbares-solardach-von-iworks-ist-validiert\/","name":"Le toit solaire pliable d\u2019iWorks est valid\u00e9 - immo!nvest - Die Plattform f\u00fcr Standorte und Immobilien","description":"La solution photovolta\u00efque flexible d'iWorks, appel\u00e9e Urbanbox, a re\u00e7u la preuve scientifique d'une \u00e9quipe de la Haute \u00e9cole des sciences appliqu\u00e9es de Zurich qu'elle r\u00e9pond aux exigences pratiques. Le syst\u00e8me pliable devrait \u00eatre commercialis\u00e9 fin 2023.","inLanguage":"fr-FR","isPartOf":{"@id":"https:\/\/www.immo-invest.ch\/fr\/#website"},"breadcrumb":{"@id":"https:\/\/www.immo-invest.ch\/fr\/faltbares-solardach-von-iworks-ist-validiert\/#breadcrumblist"},"author":{"@id":"https:\/\/www.immo-invest.ch\/fr\/author\/immovestuser\/#author"},"creator":{"@id":"https:\/\/www.immo-invest.ch\/fr\/author\/immovestuser\/#author"},"image":{"@type":"ImageObject","url":"https:\/\/www.immo-invest.ch\/wp-content\/uploads\/2023\/08\/markus-spiske-pwFr_1SUXRo-unsplash-scaled.jpg","@id":"https:\/\/www.immo-invest.ch\/fr\/faltbares-solardach-von-iworks-ist-validiert\/#mainImage","width":2560,"height":1706},"primaryImageOfPage":{"@id":"https:\/\/www.immo-invest.ch\/fr\/faltbares-solardach-von-iworks-ist-validiert\/#mainImage"},"datePublished":"2023-08-09T13:00:00+02:00","dateModified":"2023-08-09T13:57:16+02:00"},{"@type":"WebSite","@id":"https:\/\/www.immo-invest.ch\/fr\/#website","url":"https:\/\/www.immo-invest.ch\/fr\/","name":"immo!nvest - Die Plattform f\u00fcr Standorte und Immobilien","description":"Die\u00a0Plattform f\u00fcr Standorte und Immobilien","inLanguage":"fr-FR","publisher":{"@id":"https:\/\/www.immo-invest.ch\/fr\/#organization"}}]},"og:locale":"fr_FR","og:site_name":"immo!nvest - Die Plattform f\u00fcr Standorte und Immobilien - Die\u00a0Plattform f\u00fcr Standorte und Immobilien","og:type":"article","og:title":"Le toit solaire pliable d\u2019iWorks est valid\u00e9 - immo!nvest - Die Plattform f\u00fcr Standorte und Immobilien","og:description":"La solution photovolta\u00efque flexible d'iWorks, appel\u00e9e Urbanbox, a re\u00e7u la preuve scientifique d'une \u00e9quipe de la Haute \u00e9cole des sciences appliqu\u00e9es de Zurich qu'elle r\u00e9pond aux exigences pratiques. Le syst\u00e8me pliable devrait \u00eatre commercialis\u00e9 fin 2023.","og:url":"https:\/\/www.immo-invest.ch\/fr\/faltbares-solardach-von-iworks-ist-validiert\/","og:image":"https:\/\/www.immo-invest.ch\/wp-content\/uploads\/2023\/08\/markus-spiske-pwFr_1SUXRo-unsplash-scaled.jpg","og:image:secure_url":"https:\/\/www.immo-invest.ch\/wp-content\/uploads\/2023\/08\/markus-spiske-pwFr_1SUXRo-unsplash-scaled.jpg","og:image:width":2560,"og:image:height":1706,"article:published_time":"2023-08-09T11:00:00+00:00","article:modified_time":"2023-08-09T11:57:16+00:00","article:publisher":"https:\/\/www.facebook.com\/people\/Immoinvest\/100077962920504\/","twitter:card":"summary_large_image","twitter:site":"@i","twitter:title":"Le toit solaire pliable d\u2019iWorks est valid\u00e9 - immo!nvest - Die Plattform f\u00fcr Standorte und Immobilien","twitter:description":"La solution photovolta\u00efque flexible d'iWorks, appel\u00e9e Urbanbox, a re\u00e7u la preuve scientifique d'une \u00e9quipe de la Haute \u00e9cole des sciences appliqu\u00e9es de Zurich qu'elle r\u00e9pond aux exigences pratiques. Le syst\u00e8me pliable devrait \u00eatre commercialis\u00e9 fin 2023.","twitter:creator":"@i","twitter:image":"https:\/\/www.immo-invest.ch\/wp-content\/uploads\/2023\/08\/markus-spiske-pwFr_1SUXRo-unsplash-scaled.jpg"},"aioseo_meta_data":{"post_id":"61566","title":null,"description":null,"keywords":null,"keyphrases":null,"primary_term":null,"canonical_url":null,"og_title":null,"og_description":null,"og_object_type":"default","og_image_type":"default","og_image_url":null,"og_image_width":null,"og_image_height":null,"og_image_custom_url":null,"og_image_custom_fields":null,"og_video":null,"og_custom_url":null,"og_article_section":null,"og_article_tags":null,"twitter_use_og":false,"twitter_card":"default","twitter_image_type":"default","twitter_image_url":null,"twitter_image_custom_url":null,"twitter_image_custom_fields":null,"twitter_title":null,"twitter_description":null,"schema":{"blockGraphs":[],"customGraphs":[],"default":{"data":{"Article":[],"Course":[],"Dataset":[],"FAQPage":[],"Movie":[],"Person":[],"Product":[],"ProductReview":[],"Car":[],"Recipe":[],"Service":[],"SoftwareApplication":[],"WebPage":[]},"graphName":"","isEnabled":true},"graphs":[]},"schema_type":"default","schema_type_options":null,"pillar_content":false,"robots_default":true,"robots_noindex":false,"robots_noarchive":false,"robots_nosnippet":false,"robots_nofollow":false,"robots_noimageindex":false,"robots_noodp":false,"robots_notranslate":false,"robots_max_snippet":null,"robots_max_videopreview":null,"robots_max_imagepreview":"large","priority":null,"frequency":null,"local_seo":null,"breadcrumb_settings":null,"limit_modified_date":false,"ai":null,"created":"2024-09-20 08:17:59","updated":"2025-10-23 14:09:11","seo_analyzer_scan_date":null,"focus_keyword":null,"additional_keywords":null,"truseo_locale":null},"aioseo_breadcrumb":"<div class=\"aioseo-breadcrumbs\"><span class=\"aioseo-breadcrumb\">\n\t\t\t<a href=\"https:\/\/www.immo-invest.ch\/fr\/\" title=\"Home\">Home<\/a>\n\t\t<\/span><span class=\"aioseo-breadcrumb-separator\">&raquo;<\/span><span class=\"aioseo-breadcrumb\">\n\t\t\t<a href=\"https:\/\/www.immo-invest.ch\/fr\/categories\/trends-fr\/\" title=\"Trends\">Trends<\/a>\n\t\t<\/span><span class=\"aioseo-breadcrumb-separator\">&raquo;<\/span><span class=\"aioseo-breadcrumb\">\n\t\t\t<a href=\"https:\/\/www.immo-invest.ch\/fr\/categories\/trends-fr\/durabilite\/\" title=\"Durabilit\u00e9\">Durabilit\u00e9<\/a>\n\t\t<\/span><span class=\"aioseo-breadcrumb-separator\">&raquo;<\/span><span class=\"aioseo-breadcrumb\">\n\t\t\tLe toit solaire pliable d\u2019iWorks est valid\u00e9\n\t\t<\/span><\/div>","aioseo_breadcrumb_json":[{"label":"Home","link":"https:\/\/www.immo-invest.ch\/fr\/"},{"label":"Trends","link":"https:\/\/www.immo-invest.ch\/fr\/categories\/trends-fr\/"},{"label":"Durabilit\u00e9","link":"https:\/\/www.immo-invest.ch\/fr\/categories\/trends-fr\/durabilite\/"},{"label":"Le toit solaire pliable d&rsquo;iWorks est valid\u00e9","link":"https:\/\/www.immo-invest.ch\/fr\/faltbares-solardach-von-iworks-ist-validiert\/"}],"featured_image_src":"https:\/\/www.immo-invest.ch\/wp-content\/uploads\/2023\/08\/markus-spiske-pwFr_1SUXRo-unsplash-336x168.jpg","_links":{"self":[{"href":"https:\/\/www.immo-invest.ch\/fr\/wp-json\/wp\/v2\/posts\/61566","targetHints":{"allow":["GET"]}}],"collection":[{"href":"https:\/\/www.immo-invest.ch\/fr\/wp-json\/wp\/v2\/posts"}],"about":[{"href":"https:\/\/www.immo-invest.ch\/fr\/wp-json\/wp\/v2\/types\/post"}],"author":[{"embeddable":true,"href":"https:\/\/www.immo-invest.ch\/fr\/wp-json\/wp\/v2\/users\/2"}],"replies":[{"embeddable":true,"href":"https:\/\/www.immo-invest.ch\/fr\/wp-json\/wp\/v2\/comments?post=61566"}],"version-history":[{"count":0,"href":"https:\/\/www.immo-invest.ch\/fr\/wp-json\/wp\/v2\/posts\/61566\/revisions"}],"wp:featuredmedia":[{"embeddable":true,"href":"https:\/\/www.immo-invest.ch\/fr\/wp-json\/wp\/v2\/media\/61560"}],"wp:attachment":[{"href":"https:\/\/www.immo-invest.ch\/fr\/wp-json\/wp\/v2\/media?parent=61566"}],"wp:term":[{"taxonomy":"category","embeddable":true,"href":"https:\/\/www.immo-invest.ch\/fr\/wp-json\/wp\/v2\/categories?post=61566"},{"taxonomy":"post_tag","embeddable":true,"href":"https:\/\/www.immo-invest.ch\/fr\/wp-json\/wp\/v2\/tags?post=61566"}],"curies":[{"name":"wp","href":"https:\/\/api.w.org\/{rel}","templated":true}]}}