{"id":61546,"date":"2023-08-08T09:43:00","date_gmt":"2023-08-08T07:43:00","guid":{"rendered":"https:\/\/www.immo-invest.ch\/amag-nimmt-zweite-photovoltaikanlage-in-cham-in-betrieb\/"},"modified":"2023-08-09T10:02:06","modified_gmt":"2023-08-09T08:02:06","slug":"amag-nimmt-zweite-photovoltaikanlage-in-cham-in-betrieb","status":"publish","type":"post","link":"https:\/\/www.immo-invest.ch\/fr\/amag-nimmt-zweite-photovoltaikanlage-in-cham-in-betrieb\/","title":{"rendered":"AMAG met en service une deuxi\u00e8me installation photovolta\u00efque \u00e0 Cham"},"content":{"rendered":"<p class=\"bodytext\"><a href=\"http:\/\/www.amag.ch\" target=\"_blank\" rel=\"noopener\">AMAG<\/a> a install&eacute; sa deuxi&egrave;me centrale solaire sur le toit de son propre parking, Alte Steinhauserstrasse 5, &agrave; Cham, et l&rsquo;a raccord&eacute;e au r&eacute;seau &eacute;lectrique local. Selon un <a href=\"http:\/\/www.amagpress.ch\/press\/photovoltaikanlage-auf-dem-parkhaus-amag-cham-betrieb-genommen\" target=\"_blank\" rel=\"noopener\">communiqu&eacute; de presse<\/a> du concessionnaire automobile, plus de 786 modules solaires ont &eacute;t&eacute; install&eacute;s sur une surface de 1 599 m&egrave;tres carr&eacute;s. Cela permettrait de produire 320 000 kilowattheures d&rsquo;&eacute;lectricit&eacute; par an.<\/p>\n<p class=\"bodytext\">Le parking public est exploit&eacute; par <a href=\"http:\/\/www.parking.amag.ch\/de.html\" target=\"_blank\" rel=\"noopener\">AMAG Parking AG<\/a>. En activant l&rsquo;installation, le groupe AMAG poursuit la mise en &oelig;uvre de sa strat&eacute;gie de durabilit&eacute; et de protection du climat. En juin 2023, le concessionnaire automobile avait mis en service une installation photovolta&iuml;que en toiture chez AMAG Zoug. Comme l&agrave;, l&rsquo;&eacute;lectricit&eacute; doit couvrir les besoins propres d&rsquo;AMAG. Une &eacute;ventuelle surproduction doit &ecirc;tre achemin&eacute;e vers le r&eacute;seau &eacute;lectrique public.<\/p>\n<p class=\"bodytext\">D&rsquo;ici 2025, 75 000 m&egrave;tres carr&eacute;s des toits des entreprises AMAG devraient &ecirc;tre &eacute;quip&eacute;s de panneaux solaires. Au cours des derni&egrave;res ann&eacute;es, le groupe AMAG a progressivement augment&eacute; ses capacit&eacute;s solaires. Des installations correspondantes ont ainsi vu le jour sur les toits de nombreuses entreprises.<\/p>\n","protected":false},"excerpt":{"rendered":"<p>AMAG a install\u00e9 sa deuxi\u00e8me centrale photovolta\u00efque \u00e0 Cham sur le toit du parking public AMAG. Comme pour le site d&rsquo;AMAG Zoug qui ouvrira en juin 2023, l&rsquo;\u00e9lectricit\u00e9 sera produite pour les besoins propres ou inject\u00e9e dans le r\u00e9seau \u00e9lectrique public.<\/p>\n","protected":false},"author":2,"featured_media":60086,"comment_status":"open","ping_status":"open","sticky":false,"template":"","format":"standard","meta":{"pmpro_default_level":"0","inline_featured_image":false,"_monsterinsights_skip_tracking":false,"footnotes":""},"categories":[22699,8747,743],"tags":[7035,33931,41329,2155,873,1669,882,4985],"class_list":["post-61546","post","type-post","status-publish","format-standard","has-post-thumbnail","hentry","category-durabilite","category-energie","category-immonews-fr","tag-amag-fr","tag-autohaendler-fr","tag-daecher-fr","tag-erneuerbareenergien-fr","tag-photovoltaik-fr","tag-solaranlage-fr","tag-strom-fr","tag-stromnetz-fr","pmpro-has-access"],"acf":{"bild_mit_ki_erstellt_worden":[],"lead":"AMAG a install\u00e9 sa deuxi\u00e8me centrale photovolta\u00efque \u00e0 Cham sur le toit du parking public AMAG. Comme pour le site d'AMAG Zoug qui ouvrira en juin 2023, l'\u00e9lectricit\u00e9 sera produite pour les besoins propres ou inject\u00e9e dans le r\u00e9seau \u00e9lectrique public.","autor":"ce\/heg","ort":"Cham ZG","bildunterschrift":"","bild_im_grid":false,"gallerie":"","newsim":""},"aioseo_notices":[],"aioseo_head":"\n\t\t<!-- All in One SEO 5.0.1.1 - aioseo.com -->\n\t<meta name=\"description\" content=\"AMAG a install\u00e9 sa deuxi\u00e8me centrale photovolta\u00efque \u00e0 Cham sur le toit du parking public AMAG. Comme pour le site d&#039;AMAG Zoug qui ouvrira en juin 2023, l&#039;\u00e9lectricit\u00e9 sera produite pour les besoins propres ou inject\u00e9e dans le r\u00e9seau \u00e9lectrique public.\" \/>\n\t<meta name=\"robots\" content=\"max-image-preview:large\" \/>\n\t<meta name=\"author\" content=\"immovestuser\"\/>\n\t<meta name=\"google-site-verification\" content=\"fHJKvgWpZCR2zVBHWfkQeFXC11qieUSff0HGNYfuyLA\" \/>\n\t<link rel=\"canonical\" href=\"https:\/\/www.immo-invest.ch\/fr\/amag-nimmt-zweite-photovoltaikanlage-in-cham-in-betrieb\/\" \/>\n\t<meta name=\"generator\" content=\"All in One SEO (AIOSEO) 5.0.1.1\" \/>\n\t\t<meta property=\"og:locale\" content=\"fr_FR\" \/>\n\t\t<meta property=\"og:site_name\" content=\"immo!nvest - Die Plattform f\u00fcr Standorte und Immobilien - Die\u00a0Plattform f\u00fcr Standorte und Immobilien\" \/>\n\t\t<meta property=\"og:type\" content=\"article\" \/>\n\t\t<meta property=\"og:title\" content=\"AMAG met en service une deuxi\u00e8me installation photovolta\u00efque \u00e0 Cham - immo!nvest - Die Plattform f\u00fcr Standorte und Immobilien\" \/>\n\t\t<meta property=\"og:description\" content=\"AMAG a install\u00e9 sa deuxi\u00e8me centrale photovolta\u00efque \u00e0 Cham sur le toit du parking public AMAG. Comme pour le site d&#039;AMAG Zoug qui ouvrira en juin 2023, l&#039;\u00e9lectricit\u00e9 sera produite pour les besoins propres ou inject\u00e9e dans le r\u00e9seau \u00e9lectrique public.\" \/>\n\t\t<meta property=\"og:url\" content=\"https:\/\/www.immo-invest.ch\/fr\/amag-nimmt-zweite-photovoltaikanlage-in-cham-in-betrieb\/\" \/>\n\t\t<meta property=\"og:image\" content=\"https:\/\/www.immo-invest.ch\/wp-content\/uploads\/2023\/07\/immo-invest_Photovoltaics_up_on_previous_year_statistics_curve_up.png\" \/>\n\t\t<meta property=\"og:image:secure_url\" content=\"https:\/\/www.immo-invest.ch\/wp-content\/uploads\/2023\/07\/immo-invest_Photovoltaics_up_on_previous_year_statistics_curve_up.png\" \/>\n\t\t<meta property=\"og:image:width\" content=\"1536\" \/>\n\t\t<meta property=\"og:image:height\" content=\"768\" \/>\n\t\t<meta property=\"article:published_time\" content=\"2023-08-08T07:43:00+00:00\" \/>\n\t\t<meta property=\"article:modified_time\" content=\"2023-08-09T08:02:06+00:00\" \/>\n\t\t<meta property=\"article:publisher\" content=\"https:\/\/www.facebook.com\/people\/Immoinvest\/100077962920504\/\" \/>\n\t\t<meta name=\"twitter:card\" content=\"summary_large_image\" \/>\n\t\t<meta name=\"twitter:site\" content=\"@i\" \/>\n\t\t<meta name=\"twitter:title\" content=\"AMAG met en service une deuxi\u00e8me installation photovolta\u00efque \u00e0 Cham - immo!nvest - Die Plattform f\u00fcr Standorte und Immobilien\" \/>\n\t\t<meta name=\"twitter:description\" content=\"AMAG a install\u00e9 sa deuxi\u00e8me centrale photovolta\u00efque \u00e0 Cham sur le toit du parking public AMAG. Comme pour le site d&#039;AMAG Zoug qui ouvrira en juin 2023, l&#039;\u00e9lectricit\u00e9 sera produite pour les besoins propres ou inject\u00e9e dans le r\u00e9seau \u00e9lectrique public.\" \/>\n\t\t<meta name=\"twitter:creator\" content=\"@i\" \/>\n\t\t<meta name=\"twitter:image\" content=\"https:\/\/www.immo-invest.ch\/wp-content\/uploads\/2023\/07\/immo-invest_Photovoltaics_up_on_previous_year_statistics_curve_up.png\" \/>\n\t\t<script type=\"application\/ld+json\" class=\"aioseo-schema\">\n\t\t\t{\"@context\":\"https:\\\/\\\/schema.org\",\"@graph\":[{\"@type\":\"BlogPosting\",\"@id\":\"https:\\\/\\\/www.immo-invest.ch\\\/fr\\\/amag-nimmt-zweite-photovoltaikanlage-in-cham-in-betrieb\\\/#blogposting\",\"name\":\"AMAG met en service une deuxi\\u00e8me installation photovolta\\u00efque \\u00e0 Cham - immo!nvest - Die Plattform f\\u00fcr Standorte und Immobilien\",\"headline\":\"AMAG met en service une deuxi\\u00e8me installation photovolta\\u00efque \\u00e0 Cham\",\"author\":{\"@id\":\"https:\\\/\\\/www.immo-invest.ch\\\/fr\\\/author\\\/immovestuser\\\/#author\"},\"publisher\":{\"@id\":\"https:\\\/\\\/www.immo-invest.ch\\\/fr\\\/#organization\"},\"image\":{\"@type\":\"ImageObject\",\"url\":\"https:\\\/\\\/www.immo-invest.ch\\\/wp-content\\\/uploads\\\/2023\\\/07\\\/immo-invest_Photovoltaics_up_on_previous_year_statistics_curve_up.png\",\"width\":1536,\"height\":768},\"datePublished\":\"2023-08-08T09:43:00+02:00\",\"dateModified\":\"2023-08-09T10:02:06+02:00\",\"inLanguage\":\"fr-FR\",\"mainEntityOfPage\":{\"@id\":\"https:\\\/\\\/www.immo-invest.ch\\\/fr\\\/amag-nimmt-zweite-photovoltaikanlage-in-cham-in-betrieb\\\/#webpage\"},\"isPartOf\":{\"@id\":\"https:\\\/\\\/www.immo-invest.ch\\\/fr\\\/amag-nimmt-zweite-photovoltaikanlage-in-cham-in-betrieb\\\/#webpage\"},\"articleSection\":\"Durabilit\\u00e9, \\u00c9nergie, immoNews, AMAG, Autoh\\u00e4ndler, D\\u00e4cher, ErneuerbareEnergien, Photovoltaik, Solaranlage, Strom, Stromnetz, Facultatif\"},{\"@type\":\"BreadcrumbList\",\"@id\":\"https:\\\/\\\/www.immo-invest.ch\\\/fr\\\/amag-nimmt-zweite-photovoltaikanlage-in-cham-in-betrieb\\\/#breadcrumblist\",\"itemListElement\":[{\"@type\":\"ListItem\",\"@id\":\"https:\\\/\\\/www.immo-invest.ch\\\/fr\\\/#listItem\",\"position\":1,\"name\":\"Home\",\"item\":\"https:\\\/\\\/www.immo-invest.ch\\\/fr\\\/\",\"nextItem\":{\"@type\":\"ListItem\",\"@id\":\"https:\\\/\\\/www.immo-invest.ch\\\/fr\\\/categories\\\/trends-fr\\\/#listItem\",\"name\":\"Trends\"}},{\"@type\":\"ListItem\",\"@id\":\"https:\\\/\\\/www.immo-invest.ch\\\/fr\\\/categories\\\/trends-fr\\\/#listItem\",\"position\":2,\"name\":\"Trends\",\"item\":\"https:\\\/\\\/www.immo-invest.ch\\\/fr\\\/categories\\\/trends-fr\\\/\",\"nextItem\":{\"@type\":\"ListItem\",\"@id\":\"https:\\\/\\\/www.immo-invest.ch\\\/fr\\\/categories\\\/trends-fr\\\/durabilite\\\/#listItem\",\"name\":\"Durabilit\\u00e9\"},\"previousItem\":{\"@type\":\"ListItem\",\"@id\":\"https:\\\/\\\/www.immo-invest.ch\\\/fr\\\/#listItem\",\"name\":\"Home\"}},{\"@type\":\"ListItem\",\"@id\":\"https:\\\/\\\/www.immo-invest.ch\\\/fr\\\/categories\\\/trends-fr\\\/durabilite\\\/#listItem\",\"position\":3,\"name\":\"Durabilit\\u00e9\",\"item\":\"https:\\\/\\\/www.immo-invest.ch\\\/fr\\\/categories\\\/trends-fr\\\/durabilite\\\/\",\"nextItem\":{\"@type\":\"ListItem\",\"@id\":\"https:\\\/\\\/www.immo-invest.ch\\\/fr\\\/amag-nimmt-zweite-photovoltaikanlage-in-cham-in-betrieb\\\/#listItem\",\"name\":\"AMAG met en service une deuxi\\u00e8me installation photovolta\\u00efque \\u00e0 Cham\"},\"previousItem\":{\"@type\":\"ListItem\",\"@id\":\"https:\\\/\\\/www.immo-invest.ch\\\/fr\\\/categories\\\/trends-fr\\\/#listItem\",\"name\":\"Trends\"}},{\"@type\":\"ListItem\",\"@id\":\"https:\\\/\\\/www.immo-invest.ch\\\/fr\\\/amag-nimmt-zweite-photovoltaikanlage-in-cham-in-betrieb\\\/#listItem\",\"position\":4,\"name\":\"AMAG met en service une deuxi\\u00e8me installation photovolta\\u00efque \\u00e0 Cham\",\"previousItem\":{\"@type\":\"ListItem\",\"@id\":\"https:\\\/\\\/www.immo-invest.ch\\\/fr\\\/categories\\\/trends-fr\\\/durabilite\\\/#listItem\",\"name\":\"Durabilit\\u00e9\"}}]},{\"@type\":\"Organization\",\"@id\":\"https:\\\/\\\/www.immo-invest.ch\\\/fr\\\/#organization\",\"name\":\"immo!nvest - Die Plattform f\\u00fcr Standorte und Immobilien\",\"description\":\"Die\\u00a0Plattform f\\u00fcr Standorte und Immobilien\",\"url\":\"https:\\\/\\\/www.immo-invest.ch\\\/fr\\\/\",\"email\":\"admin@immomedia.ag\",\"telephone\":\"+41444420002\",\"logo\":{\"@type\":\"ImageObject\",\"url\":\"https:\\\/\\\/www.immo-invest.ch\\\/wp-content\\\/uploads\\\/2024\\\/09\\\/immoinvest_sm-scaled.jpg\",\"@id\":\"https:\\\/\\\/www.immo-invest.ch\\\/fr\\\/amag-nimmt-zweite-photovoltaikanlage-in-cham-in-betrieb\\\/#organizationLogo\",\"width\":2560,\"height\":1340},\"image\":{\"@id\":\"https:\\\/\\\/www.immo-invest.ch\\\/fr\\\/amag-nimmt-zweite-photovoltaikanlage-in-cham-in-betrieb\\\/#organizationLogo\"},\"sameAs\":[\"https:\\\/\\\/www.facebook.com\\\/people\\\/Immoinvest\\\/100077962920504\\\/\",\"https:\\\/\\\/x.com\\\/i\\\/flow\\\/login?redirect_after_login=immoinvest_ch\",\"https:\\\/\\\/www.instagram.com\\\/immoinvest_ch\\\/\",\"https:\\\/\\\/www.linkedin.com\\\/company\\\/immoinvest-swiss\"]},{\"@type\":\"Person\",\"@id\":\"https:\\\/\\\/www.immo-invest.ch\\\/fr\\\/author\\\/immovestuser\\\/#author\",\"url\":\"https:\\\/\\\/www.immo-invest.ch\\\/fr\\\/author\\\/immovestuser\\\/\",\"name\":\"immovestuser\",\"image\":{\"@type\":\"ImageObject\",\"@id\":\"https:\\\/\\\/www.immo-invest.ch\\\/fr\\\/amag-nimmt-zweite-photovoltaikanlage-in-cham-in-betrieb\\\/#authorImage\",\"url\":\"https:\\\/\\\/secure.gravatar.com\\\/avatar\\\/8e01f4d99f2eeea7a362ebb93305e1172a70e9293ba250f897a65c39f54cdd1e?s=96&d=mm&r=g\",\"width\":96,\"height\":96,\"caption\":\"immovestuser\"}},{\"@type\":\"WebPage\",\"@id\":\"https:\\\/\\\/www.immo-invest.ch\\\/fr\\\/amag-nimmt-zweite-photovoltaikanlage-in-cham-in-betrieb\\\/#webpage\",\"url\":\"https:\\\/\\\/www.immo-invest.ch\\\/fr\\\/amag-nimmt-zweite-photovoltaikanlage-in-cham-in-betrieb\\\/\",\"name\":\"AMAG met en service une deuxi\\u00e8me installation photovolta\\u00efque \\u00e0 Cham - immo!nvest - Die Plattform f\\u00fcr Standorte und Immobilien\",\"description\":\"AMAG a install\\u00e9 sa deuxi\\u00e8me centrale photovolta\\u00efque \\u00e0 Cham sur le toit du parking public AMAG. Comme pour le site d'AMAG Zoug qui ouvrira en juin 2023, l'\\u00e9lectricit\\u00e9 sera produite pour les besoins propres ou inject\\u00e9e dans le r\\u00e9seau \\u00e9lectrique public.\",\"inLanguage\":\"fr-FR\",\"isPartOf\":{\"@id\":\"https:\\\/\\\/www.immo-invest.ch\\\/fr\\\/#website\"},\"breadcrumb\":{\"@id\":\"https:\\\/\\\/www.immo-invest.ch\\\/fr\\\/amag-nimmt-zweite-photovoltaikanlage-in-cham-in-betrieb\\\/#breadcrumblist\"},\"author\":{\"@id\":\"https:\\\/\\\/www.immo-invest.ch\\\/fr\\\/author\\\/immovestuser\\\/#author\"},\"creator\":{\"@id\":\"https:\\\/\\\/www.immo-invest.ch\\\/fr\\\/author\\\/immovestuser\\\/#author\"},\"image\":{\"@type\":\"ImageObject\",\"url\":\"https:\\\/\\\/www.immo-invest.ch\\\/wp-content\\\/uploads\\\/2023\\\/07\\\/immo-invest_Photovoltaics_up_on_previous_year_statistics_curve_up.png\",\"@id\":\"https:\\\/\\\/www.immo-invest.ch\\\/fr\\\/amag-nimmt-zweite-photovoltaikanlage-in-cham-in-betrieb\\\/#mainImage\",\"width\":1536,\"height\":768},\"primaryImageOfPage\":{\"@id\":\"https:\\\/\\\/www.immo-invest.ch\\\/fr\\\/amag-nimmt-zweite-photovoltaikanlage-in-cham-in-betrieb\\\/#mainImage\"},\"datePublished\":\"2023-08-08T09:43:00+02:00\",\"dateModified\":\"2023-08-09T10:02:06+02:00\"},{\"@type\":\"WebSite\",\"@id\":\"https:\\\/\\\/www.immo-invest.ch\\\/fr\\\/#website\",\"url\":\"https:\\\/\\\/www.immo-invest.ch\\\/fr\\\/\",\"name\":\"immo!nvest - Die Plattform f\\u00fcr Standorte und Immobilien\",\"description\":\"Die\\u00a0Plattform f\\u00fcr Standorte und Immobilien\",\"inLanguage\":\"fr-FR\",\"publisher\":{\"@id\":\"https:\\\/\\\/www.immo-invest.ch\\\/fr\\\/#organization\"}}]}\n\t\t<\/script>\n\t\t<!-- All in One SEO -->\n\n","aioseo_head_json":{"title":"AMAG met en service une deuxi\u00e8me installation photovolta\u00efque \u00e0 Cham - immo!nvest - Die Plattform f\u00fcr Standorte und Immobilien","description":"AMAG a install\u00e9 sa deuxi\u00e8me centrale photovolta\u00efque \u00e0 Cham sur le toit du parking public AMAG. Comme pour le site d'AMAG Zoug qui ouvrira en juin 2023, l'\u00e9lectricit\u00e9 sera produite pour les besoins propres ou inject\u00e9e dans le r\u00e9seau \u00e9lectrique public.","canonical_url":"https:\/\/www.immo-invest.ch\/fr\/amag-nimmt-zweite-photovoltaikanlage-in-cham-in-betrieb\/","robots":"max-image-preview:large","keywords":"","webmasterTools":{"google-site-verification":"fHJKvgWpZCR2zVBHWfkQeFXC11qieUSff0HGNYfuyLA","miscellaneous":""},"schema":{"@context":"https:\/\/schema.org","@graph":[{"@type":"BlogPosting","@id":"https:\/\/www.immo-invest.ch\/fr\/amag-nimmt-zweite-photovoltaikanlage-in-cham-in-betrieb\/#blogposting","name":"AMAG met en service une deuxi\u00e8me installation photovolta\u00efque \u00e0 Cham - immo!nvest - Die Plattform f\u00fcr Standorte und Immobilien","headline":"AMAG met en service une deuxi\u00e8me installation photovolta\u00efque \u00e0 Cham","author":{"@id":"https:\/\/www.immo-invest.ch\/fr\/author\/immovestuser\/#author"},"publisher":{"@id":"https:\/\/www.immo-invest.ch\/fr\/#organization"},"image":{"@type":"ImageObject","url":"https:\/\/www.immo-invest.ch\/wp-content\/uploads\/2023\/07\/immo-invest_Photovoltaics_up_on_previous_year_statistics_curve_up.png","width":1536,"height":768},"datePublished":"2023-08-08T09:43:00+02:00","dateModified":"2023-08-09T10:02:06+02:00","inLanguage":"fr-FR","mainEntityOfPage":{"@id":"https:\/\/www.immo-invest.ch\/fr\/amag-nimmt-zweite-photovoltaikanlage-in-cham-in-betrieb\/#webpage"},"isPartOf":{"@id":"https:\/\/www.immo-invest.ch\/fr\/amag-nimmt-zweite-photovoltaikanlage-in-cham-in-betrieb\/#webpage"},"articleSection":"Durabilit\u00e9, \u00c9nergie, immoNews, AMAG, Autoh\u00e4ndler, D\u00e4cher, ErneuerbareEnergien, Photovoltaik, Solaranlage, Strom, Stromnetz, Facultatif"},{"@type":"BreadcrumbList","@id":"https:\/\/www.immo-invest.ch\/fr\/amag-nimmt-zweite-photovoltaikanlage-in-cham-in-betrieb\/#breadcrumblist","itemListElement":[{"@type":"ListItem","@id":"https:\/\/www.immo-invest.ch\/fr\/#listItem","position":1,"name":"Home","item":"https:\/\/www.immo-invest.ch\/fr\/","nextItem":{"@type":"ListItem","@id":"https:\/\/www.immo-invest.ch\/fr\/categories\/trends-fr\/#listItem","name":"Trends"}},{"@type":"ListItem","@id":"https:\/\/www.immo-invest.ch\/fr\/categories\/trends-fr\/#listItem","position":2,"name":"Trends","item":"https:\/\/www.immo-invest.ch\/fr\/categories\/trends-fr\/","nextItem":{"@type":"ListItem","@id":"https:\/\/www.immo-invest.ch\/fr\/categories\/trends-fr\/durabilite\/#listItem","name":"Durabilit\u00e9"},"previousItem":{"@type":"ListItem","@id":"https:\/\/www.immo-invest.ch\/fr\/#listItem","name":"Home"}},{"@type":"ListItem","@id":"https:\/\/www.immo-invest.ch\/fr\/categories\/trends-fr\/durabilite\/#listItem","position":3,"name":"Durabilit\u00e9","item":"https:\/\/www.immo-invest.ch\/fr\/categories\/trends-fr\/durabilite\/","nextItem":{"@type":"ListItem","@id":"https:\/\/www.immo-invest.ch\/fr\/amag-nimmt-zweite-photovoltaikanlage-in-cham-in-betrieb\/#listItem","name":"AMAG met en service une deuxi\u00e8me installation photovolta\u00efque \u00e0 Cham"},"previousItem":{"@type":"ListItem","@id":"https:\/\/www.immo-invest.ch\/fr\/categories\/trends-fr\/#listItem","name":"Trends"}},{"@type":"ListItem","@id":"https:\/\/www.immo-invest.ch\/fr\/amag-nimmt-zweite-photovoltaikanlage-in-cham-in-betrieb\/#listItem","position":4,"name":"AMAG met en service une deuxi\u00e8me installation photovolta\u00efque \u00e0 Cham","previousItem":{"@type":"ListItem","@id":"https:\/\/www.immo-invest.ch\/fr\/categories\/trends-fr\/durabilite\/#listItem","name":"Durabilit\u00e9"}}]},{"@type":"Organization","@id":"https:\/\/www.immo-invest.ch\/fr\/#organization","name":"immo!nvest - Die Plattform f\u00fcr Standorte und Immobilien","description":"Die\u00a0Plattform f\u00fcr Standorte und Immobilien","url":"https:\/\/www.immo-invest.ch\/fr\/","email":"admin@immomedia.ag","telephone":"+41444420002","logo":{"@type":"ImageObject","url":"https:\/\/www.immo-invest.ch\/wp-content\/uploads\/2024\/09\/immoinvest_sm-scaled.jpg","@id":"https:\/\/www.immo-invest.ch\/fr\/amag-nimmt-zweite-photovoltaikanlage-in-cham-in-betrieb\/#organizationLogo","width":2560,"height":1340},"image":{"@id":"https:\/\/www.immo-invest.ch\/fr\/amag-nimmt-zweite-photovoltaikanlage-in-cham-in-betrieb\/#organizationLogo"},"sameAs":["https:\/\/www.facebook.com\/people\/Immoinvest\/100077962920504\/","https:\/\/x.com\/i\/flow\/login?redirect_after_login=immoinvest_ch","https:\/\/www.instagram.com\/immoinvest_ch\/","https:\/\/www.linkedin.com\/company\/immoinvest-swiss"]},{"@type":"Person","@id":"https:\/\/www.immo-invest.ch\/fr\/author\/immovestuser\/#author","url":"https:\/\/www.immo-invest.ch\/fr\/author\/immovestuser\/","name":"immovestuser","image":{"@type":"ImageObject","@id":"https:\/\/www.immo-invest.ch\/fr\/amag-nimmt-zweite-photovoltaikanlage-in-cham-in-betrieb\/#authorImage","url":"https:\/\/secure.gravatar.com\/avatar\/8e01f4d99f2eeea7a362ebb93305e1172a70e9293ba250f897a65c39f54cdd1e?s=96&d=mm&r=g","width":96,"height":96,"caption":"immovestuser"}},{"@type":"WebPage","@id":"https:\/\/www.immo-invest.ch\/fr\/amag-nimmt-zweite-photovoltaikanlage-in-cham-in-betrieb\/#webpage","url":"https:\/\/www.immo-invest.ch\/fr\/amag-nimmt-zweite-photovoltaikanlage-in-cham-in-betrieb\/","name":"AMAG met en service une deuxi\u00e8me installation photovolta\u00efque \u00e0 Cham - immo!nvest - Die Plattform f\u00fcr Standorte und Immobilien","description":"AMAG a install\u00e9 sa deuxi\u00e8me centrale photovolta\u00efque \u00e0 Cham sur le toit du parking public AMAG. Comme pour le site d'AMAG Zoug qui ouvrira en juin 2023, l'\u00e9lectricit\u00e9 sera produite pour les besoins propres ou inject\u00e9e dans le r\u00e9seau \u00e9lectrique public.","inLanguage":"fr-FR","isPartOf":{"@id":"https:\/\/www.immo-invest.ch\/fr\/#website"},"breadcrumb":{"@id":"https:\/\/www.immo-invest.ch\/fr\/amag-nimmt-zweite-photovoltaikanlage-in-cham-in-betrieb\/#breadcrumblist"},"author":{"@id":"https:\/\/www.immo-invest.ch\/fr\/author\/immovestuser\/#author"},"creator":{"@id":"https:\/\/www.immo-invest.ch\/fr\/author\/immovestuser\/#author"},"image":{"@type":"ImageObject","url":"https:\/\/www.immo-invest.ch\/wp-content\/uploads\/2023\/07\/immo-invest_Photovoltaics_up_on_previous_year_statistics_curve_up.png","@id":"https:\/\/www.immo-invest.ch\/fr\/amag-nimmt-zweite-photovoltaikanlage-in-cham-in-betrieb\/#mainImage","width":1536,"height":768},"primaryImageOfPage":{"@id":"https:\/\/www.immo-invest.ch\/fr\/amag-nimmt-zweite-photovoltaikanlage-in-cham-in-betrieb\/#mainImage"},"datePublished":"2023-08-08T09:43:00+02:00","dateModified":"2023-08-09T10:02:06+02:00"},{"@type":"WebSite","@id":"https:\/\/www.immo-invest.ch\/fr\/#website","url":"https:\/\/www.immo-invest.ch\/fr\/","name":"immo!nvest - Die Plattform f\u00fcr Standorte und Immobilien","description":"Die\u00a0Plattform f\u00fcr Standorte und Immobilien","inLanguage":"fr-FR","publisher":{"@id":"https:\/\/www.immo-invest.ch\/fr\/#organization"}}]},"og:locale":"fr_FR","og:site_name":"immo!nvest - Die Plattform f\u00fcr Standorte und Immobilien - Die\u00a0Plattform f\u00fcr Standorte und Immobilien","og:type":"article","og:title":"AMAG met en service une deuxi\u00e8me installation photovolta\u00efque \u00e0 Cham - immo!nvest - Die Plattform f\u00fcr Standorte und Immobilien","og:description":"AMAG a install\u00e9 sa deuxi\u00e8me centrale photovolta\u00efque \u00e0 Cham sur le toit du parking public AMAG. Comme pour le site d'AMAG Zoug qui ouvrira en juin 2023, l'\u00e9lectricit\u00e9 sera produite pour les besoins propres ou inject\u00e9e dans le r\u00e9seau \u00e9lectrique public.","og:url":"https:\/\/www.immo-invest.ch\/fr\/amag-nimmt-zweite-photovoltaikanlage-in-cham-in-betrieb\/","og:image":"https:\/\/www.immo-invest.ch\/wp-content\/uploads\/2023\/07\/immo-invest_Photovoltaics_up_on_previous_year_statistics_curve_up.png","og:image:secure_url":"https:\/\/www.immo-invest.ch\/wp-content\/uploads\/2023\/07\/immo-invest_Photovoltaics_up_on_previous_year_statistics_curve_up.png","og:image:width":1536,"og:image:height":768,"article:published_time":"2023-08-08T07:43:00+00:00","article:modified_time":"2023-08-09T08:02:06+00:00","article:publisher":"https:\/\/www.facebook.com\/people\/Immoinvest\/100077962920504\/","twitter:card":"summary_large_image","twitter:site":"@i","twitter:title":"AMAG met en service une deuxi\u00e8me installation photovolta\u00efque \u00e0 Cham - immo!nvest - Die Plattform f\u00fcr Standorte und Immobilien","twitter:description":"AMAG a install\u00e9 sa deuxi\u00e8me centrale photovolta\u00efque \u00e0 Cham sur le toit du parking public AMAG. Comme pour le site d'AMAG Zoug qui ouvrira en juin 2023, l'\u00e9lectricit\u00e9 sera produite pour les besoins propres ou inject\u00e9e dans le r\u00e9seau \u00e9lectrique public.","twitter:creator":"@i","twitter:image":"https:\/\/www.immo-invest.ch\/wp-content\/uploads\/2023\/07\/immo-invest_Photovoltaics_up_on_previous_year_statistics_curve_up.png"},"aioseo_meta_data":{"post_id":"61546","title":null,"description":null,"keywords":null,"keyphrases":null,"primary_term":null,"canonical_url":null,"og_title":null,"og_description":null,"og_object_type":"default","og_image_type":"default","og_image_url":null,"og_image_width":null,"og_image_height":null,"og_image_custom_url":null,"og_image_custom_fields":null,"og_video":null,"og_custom_url":null,"og_article_section":null,"og_article_tags":null,"twitter_use_og":false,"twitter_card":"default","twitter_image_type":"default","twitter_image_url":null,"twitter_image_custom_url":null,"twitter_image_custom_fields":null,"twitter_title":null,"twitter_description":null,"schema":{"blockGraphs":[],"customGraphs":[],"default":{"data":{"Article":[],"Course":[],"Dataset":[],"FAQPage":[],"Movie":[],"Person":[],"Product":[],"ProductReview":[],"Car":[],"Recipe":[],"Service":[],"SoftwareApplication":[],"WebPage":[]},"graphName":"","isEnabled":true},"graphs":[]},"schema_type":"default","schema_type_options":null,"pillar_content":false,"robots_default":true,"robots_noindex":false,"robots_noarchive":false,"robots_nosnippet":false,"robots_nofollow":false,"robots_noimageindex":false,"robots_noodp":false,"robots_notranslate":false,"robots_max_snippet":null,"robots_max_videopreview":null,"robots_max_imagepreview":"large","priority":null,"frequency":null,"local_seo":null,"breadcrumb_settings":null,"limit_modified_date":false,"ai":null,"created":"2024-09-20 08:16:59","updated":"2025-10-23 14:08:14","seo_analyzer_scan_date":null,"focus_keyword":null,"additional_keywords":null,"truseo_locale":null},"aioseo_breadcrumb":"<div class=\"aioseo-breadcrumbs\"><span class=\"aioseo-breadcrumb\">\n\t\t\t<a href=\"https:\/\/www.immo-invest.ch\/fr\/\" title=\"Home\">Home<\/a>\n\t\t<\/span><span class=\"aioseo-breadcrumb-separator\">&raquo;<\/span><span class=\"aioseo-breadcrumb\">\n\t\t\t<a href=\"https:\/\/www.immo-invest.ch\/fr\/categories\/trends-fr\/\" title=\"Trends\">Trends<\/a>\n\t\t<\/span><span class=\"aioseo-breadcrumb-separator\">&raquo;<\/span><span class=\"aioseo-breadcrumb\">\n\t\t\t<a href=\"https:\/\/www.immo-invest.ch\/fr\/categories\/trends-fr\/durabilite\/\" title=\"Durabilit\u00e9\">Durabilit\u00e9<\/a>\n\t\t<\/span><span class=\"aioseo-breadcrumb-separator\">&raquo;<\/span><span class=\"aioseo-breadcrumb\">\n\t\t\tAMAG met en service une deuxi\u00e8me installation photovolta\u00efque \u00e0 Cham\n\t\t<\/span><\/div>","aioseo_breadcrumb_json":[{"label":"Home","link":"https:\/\/www.immo-invest.ch\/fr\/"},{"label":"Trends","link":"https:\/\/www.immo-invest.ch\/fr\/categories\/trends-fr\/"},{"label":"Durabilit\u00e9","link":"https:\/\/www.immo-invest.ch\/fr\/categories\/trends-fr\/durabilite\/"},{"label":"AMAG met en service une deuxi\u00e8me installation photovolta\u00efque \u00e0 Cham","link":"https:\/\/www.immo-invest.ch\/fr\/amag-nimmt-zweite-photovoltaikanlage-in-cham-in-betrieb\/"}],"featured_image_src":"https:\/\/www.immo-invest.ch\/wp-content\/uploads\/2023\/07\/immo-invest_Photovoltaics_up_on_previous_year_statistics_curve_up-336x168.png","_links":{"self":[{"href":"https:\/\/www.immo-invest.ch\/fr\/wp-json\/wp\/v2\/posts\/61546","targetHints":{"allow":["GET"]}}],"collection":[{"href":"https:\/\/www.immo-invest.ch\/fr\/wp-json\/wp\/v2\/posts"}],"about":[{"href":"https:\/\/www.immo-invest.ch\/fr\/wp-json\/wp\/v2\/types\/post"}],"author":[{"embeddable":true,"href":"https:\/\/www.immo-invest.ch\/fr\/wp-json\/wp\/v2\/users\/2"}],"replies":[{"embeddable":true,"href":"https:\/\/www.immo-invest.ch\/fr\/wp-json\/wp\/v2\/comments?post=61546"}],"version-history":[{"count":0,"href":"https:\/\/www.immo-invest.ch\/fr\/wp-json\/wp\/v2\/posts\/61546\/revisions"}],"wp:featuredmedia":[{"embeddable":true,"href":"https:\/\/www.immo-invest.ch\/fr\/wp-json\/wp\/v2\/media\/60086"}],"wp:attachment":[{"href":"https:\/\/www.immo-invest.ch\/fr\/wp-json\/wp\/v2\/media?parent=61546"}],"wp:term":[{"taxonomy":"category","embeddable":true,"href":"https:\/\/www.immo-invest.ch\/fr\/wp-json\/wp\/v2\/categories?post=61546"},{"taxonomy":"post_tag","embeddable":true,"href":"https:\/\/www.immo-invest.ch\/fr\/wp-json\/wp\/v2\/tags?post=61546"}],"curies":[{"name":"wp","href":"https:\/\/api.w.org\/{rel}","templated":true}]}}