{"id":60864,"date":"2023-07-25T18:06:26","date_gmt":"2023-07-25T16:06:26","guid":{"rendered":"https:\/\/www.immo-invest.ch\/hitzeinseln-schon-in-der-planung-verhindern\/"},"modified":"2023-08-02T09:53:50","modified_gmt":"2023-08-02T07:53:50","slug":"hitzeinseln-schon-in-der-planung-verhindern","status":"publish","type":"post","link":"https:\/\/www.immo-invest.ch\/fr\/hitzeinseln-schon-in-der-planung-verhindern\/","title":{"rendered":"Pr\u00e9venir les \u00eelots de chaleur d\u00e8s la planification"},"content":{"rendered":"<p class=\"wp-block-paragraph\">Les changements climatiques mettent les villes &agrave; rude &eacute;preuve, en particulier en &eacute;t&eacute;. les &laquo;&nbsp;&icirc;lots de chaleur&nbsp;&raquo; sont devenus un th&egrave;me omnipr&eacute;sent. Les planificateurs de grands quartiers peuvent toutefois &eacute;viter l&rsquo;accumulation de chaleur. L&rsquo;implantation des b&acirc;timents en fonction de l&rsquo;environnement, le choix des mat&eacute;riaux des fa&ccedil;ades et des surfaces ext&eacute;rieures, les espaces verts et un ombrage judicieux sont d&eacute;terminants. L&rsquo;impact de ces facteurs devrait en fait &ecirc;tre pris en compte d&egrave;s les premi&egrave;res &eacute;tapes de la planification. Mais pour cela, les architectes devraient faire appel &agrave; des mod&egrave;les informatiques capables de calculer l&rsquo;impact des facteurs d&eacute;cisifs pour un lieu donn&eacute;. Le probl&egrave;me des mod&egrave;les existants est que le calcul prend beaucoup de temps et co&ucirc;te cher. C&rsquo;est pourquoi on renonce g&eacute;n&eacute;ralement &agrave; les utiliser &agrave; un stade pr&eacute;coce. La Haute &eacute;cole de Lucerne (HSLU) a d&eacute;sormais d&eacute;velopp&eacute; une nouvelle mod&eacute;lisation interactive du climat de <span class=\"glossaryLink\" aria-describedby=\"tt\" data-cmtooltip=\"&lt;div class=glossaryItemTitle&gt;Quartier&lt;\/div&gt;&lt;div class=glossaryItemBody&gt;Amtliches, historisches, soziales oder stadtplanerisches Stadtviertel&lt;\/div&gt;\" data-mobile-support=\"0\" data-gt-translate-attributes='[{\"attribute\":\"data-cmtooltip\", \"format\":\"html\"}]' tabindex=\"0\" role=\"link\">quartier<\/span> (QKM), qui se limite aux informations adapt&eacute;es &agrave; la phase et fournit des r&eacute;sultats en quelques secondes. Le projet a &eacute;t&eacute; financ&eacute; par la fondation Infinite Elements et la HSLU.<\/p>\n\n\n\n<p class=\"wp-block-paragraph\"><strong>La phase de planification doit &ecirc;tre rapide<br><\/strong>Pour les grands projets de construction, les cabinets d&rsquo;architectes postulent g&eacute;n&eacute;ralement dans le cadre d&rsquo;une proc&eacute;dure de concours complexe et sous une forte pression de temps. &laquo;&nbsp;Ils doivent tenir compte d&rsquo;un grand nombre d&rsquo;exigences dans leur conception, l&rsquo;une d&rsquo;entre elles &eacute;tant le microclimat&nbsp;&raquo;, explique le professeur Markus Koschenz, expert en simulation &agrave; la Haute &eacute;cole de Lucerne. Des co&ucirc;ts &eacute;lev&eacute;s et des d&eacute;lais d&rsquo;attente de deux jours ne sont pas envisageables pour les architectes dans cette phase de travail cr&eacute;ative. C&rsquo;est pourtant ce qu&rsquo;ils auraient d&ucirc; accepter jusqu&rsquo;&agrave; pr&eacute;sent s&rsquo;ils voulaient int&eacute;grer les calculs complexes. Que faire alors si l&rsquo;on remporte un projet de concours et que l&rsquo;on s&rsquo;aper&ccedil;oit seulement ensuite que l&rsquo;implantation du b&acirc;timent a &eacute;t&eacute; mal choisie ? Le jury a en effet opt&eacute; pour la solution propos&eacute;e ; des adaptations fondamentales ne sont plus pr&eacute;vues dans la phase suivant la d&eacute;cision du jury &ndash; m&ecirc;me si le calcul ult&eacute;rieur du microclimat le sugg&egrave;re. En bref, le dilemme ne peut pas &ecirc;tre r&eacute;solu de cette mani&egrave;re. Aujourd&rsquo;hui, les temp&eacute;ratures estivales plus chaudes sont d&eacute;j&agrave; un probl&egrave;me pour les gens. Le r&eacute;chauffement va s&rsquo;accentuer dans les ann&eacute;es et les d&eacute;cennies &agrave; venir, ce qui peut mettre en danger la vie des personnes &acirc;g&eacute;es. Et les constructions en cours de planification seront encore l&agrave; dans cinquante ans. Ignorer tout cela lors de la planification semble &ecirc;tre une n&eacute;gligence.<\/p>\n\n\n\n<p class=\"wp-block-paragraph\"><strong>R&eacute;sultats en quelques secondes<br><\/strong>&laquo;&nbsp;Nous avons besoin d&rsquo;un outil de calcul du microclimat qui soit moins cher et surtout qui puisse fournir des r&eacute;sultats tr&egrave;s rapidement&nbsp;&raquo;, explique Koschenz. Son &eacute;quipe principale, compos&eacute;e d&rsquo;Andrii Zakovorotnyi, de Reto Marek et d&rsquo;un sp&eacute;cialiste Revit externe, a d&eacute;velopp&eacute; cet outil &agrave; l&rsquo;universit&eacute; de Lucerne. Il explique : &laquo;&nbsp;Les m&eacute;thodes existantes utilisent des instruments universels de Computational Fluid Dynamics (CFD). Ces instruments permettent aux sp&eacute;cialistes de d&eacute;velopper des machines, d&rsquo;&eacute;tudier les &eacute;coulements sur les avions ou de d&eacute;terminer le microclimat dans les quartiers. Ils sont puissants, mais aussi co&ucirc;teux. Notre mod&egrave;le se concentre sur l&rsquo;aspect du climat du <span class=\"glossaryLink\" aria-describedby=\"tt\" data-cmtooltip=\"&lt;div class=glossaryItemTitle&gt;Quartier&lt;\/div&gt;&lt;div class=glossaryItemBody&gt;Amtliches, historisches, soziales oder stadtplanerisches Stadtviertel&lt;\/div&gt;\" data-mobile-support=\"0\" data-gt-translate-attributes='[{\"attribute\":\"data-cmtooltip\", \"format\":\"html\"}]' tabindex=\"0\" role=\"link\">quartier<\/span> et nous travaillons avec des algorithmes de calcul rapides&nbsp;&raquo;, explique Koschenz pour justifier la diff&eacute;rence frappante dans la vitesse de calcul. Ainsi, il faut quelques secondes ou tout au plus quelques minutes pour calculer l&rsquo;impact d&rsquo;un changement. L&rsquo;outil peut &ecirc;tre utilis&eacute; par les planificateurs eux-m&ecirc;mes d&egrave;s la premi&egrave;re &eacute;tape du processus de planification. Il permet par exemple de comparer &agrave; peu de frais deux variantes d&rsquo;am&eacute;nagement de fa&ccedil;ade ou de plantation d&rsquo;arbres dans une cour int&eacute;rieure. Et ce, non seulement pour un jour d&rsquo;&eacute;t&eacute;, mais pour toute une p&eacute;riode estivale.<\/p>\n\n\n\n<p class=\"wp-block-paragraph\"><strong>V&eacute;rification du mod&egrave;le par des mesures<br><\/strong>Les informations sur les b&acirc;timents pr&eacute;vus, leur position, les mat&eacute;riaux utilis&eacute;s ou le type et la position des espaces verts et des arbres sont tir&eacute;es par la mod&eacute;lisation interactive du climat de <span class=\"glossaryLink\" aria-describedby=\"tt\" data-cmtooltip=\"&lt;div class=glossaryItemTitle&gt;Quartier&lt;\/div&gt;&lt;div class=glossaryItemBody&gt;Amtliches, historisches, soziales oder stadtplanerisches Stadtviertel&lt;\/div&gt;\" data-mobile-support=\"0\" data-gt-translate-attributes='[{\"attribute\":\"data-cmtooltip\", \"format\":\"html\"}]' tabindex=\"0\" role=\"link\">quartier<\/span> de l&rsquo;outil de planification Revit, d&eacute;j&agrave; utilis&eacute; par les bureaux d&rsquo;architecture et d&rsquo;am&eacute;nagement paysager. &Agrave; partir de l&agrave;, le mod&egrave;le physique calcule l&rsquo;impact du rayonnement, de l&rsquo;ombre, des propri&eacute;t&eacute;s de stockage de la chaleur des mat&eacute;riaux, du flux d&rsquo;air, de la v&eacute;g&eacute;tation et du moment de la journ&eacute;e sur le climat du <span class=\"glossaryLink\" aria-describedby=\"tt\" data-cmtooltip=\"&lt;div class=glossaryItemTitle&gt;Quartier&lt;\/div&gt;&lt;div class=glossaryItemBody&gt;Amtliches, historisches, soziales oder stadtplanerisches Stadtviertel&lt;\/div&gt;\" data-mobile-support=\"0\" data-gt-translate-attributes='[{\"attribute\":\"data-cmtooltip\", \"format\":\"html\"}]' tabindex=\"0\" role=\"link\">quartier<\/span>. Des images avec des &eacute;chelles de couleurs indiquent les r&eacute;sultats de mani&egrave;re intuitive et compr&eacute;hensible.  <\/p>\n\n\n\n<p class=\"wp-block-paragraph\">L&rsquo;&eacute;quipe de Koschenz a prouv&eacute; que le mod&egrave;le fonctionne correctement en effectuant des mesures dans le <span class=\"glossaryLink\" aria-describedby=\"tt\" data-cmtooltip=\"&lt;div class=glossaryItemTitle&gt;Quartier&lt;\/div&gt;&lt;div class=glossaryItemBody&gt;Amtliches, historisches, soziales oder stadtplanerisches Stadtviertel&lt;\/div&gt;\" data-mobile-support=\"0\" data-gt-translate-attributes='[{\"attribute\":\"data-cmtooltip\", \"format\":\"html\"}]' tabindex=\"0\" role=\"link\">quartier<\/span> de Suurstoffi &agrave; Rotkreuz et en comparant les r&eacute;sultats avec ceux de logiciels commerciaux existants. Koschenz est tr&egrave;s satisfait des r&eacute;sultats : &laquo;&nbsp;Nous pouvons dire que la concordance avec les mesures et les r&eacute;sultats d&rsquo;autres logiciels est &eacute;lev&eacute;e. Notre outil est donc beaucoup plus rapide pour la m&ecirc;me pr&eacute;cision&nbsp;&raquo;.<\/p>\n","protected":false},"excerpt":{"rendered":"<p>La planification des villes et des quartiers prend une nouvelle dimension \u00e0 l&rsquo;heure du changement climatique. Une question qui se pose avec acuit\u00e9 : Comment \u00e9viter l&rsquo;accumulation de chaleur par les b\u00e2timents ? La Haute \u00e9cole de Lucerne a d\u00e9velopp\u00e9 un outil qui permet de calculer en quelques secondes le microclimat dans des quartiers existants ou en projet. <\/p>\n","protected":false},"author":1,"featured_media":15822,"comment_status":"open","ping_status":"open","sticky":false,"template":"","format":"standard","meta":{"pmpro_default_level":"0","inline_featured_image":false,"_monsterinsights_skip_tracking":false,"footnotes":""},"categories":[22357,9437],"tags":[1242,2162,879,37302,41020,11995],"class_list":["post-60864","post","type-post","status-publish","format-standard","has-post-thumbnail","hentry","category-industrie-du-batiment","category-region-lucerne","tag-arealentwicklung-fr","tag-hslu-fr","tag-immobilienwirtschaft-fr","tag-klimagerechtes-bauen-fr","tag-quartierplanung-fr","tag-stadtplanung-fr","pmpro-has-access"],"acf":{"bild_mit_ki_erstellt_worden":[],"lead":"La planification des villes et des quartiers prend une nouvelle dimension \u00e0 l'heure du changement climatique. Une question qui se pose avec acuit\u00e9 : Comment \u00e9viter l'accumulation de chaleur par les b\u00e2timents ? La Haute \u00e9cole de Lucerne a d\u00e9velopp\u00e9 un outil qui permet de calculer en quelques secondes le microclimat dans des quartiers existants ou en projet. ","autor":"www.hslu.ch","ort":"Luzern","bildunterschrift":"","bild_im_grid":false,"gallerie":"","newsim":""},"aioseo_notices":[],"aioseo_head":"\n\t\t<!-- All in One SEO 5.0.0.1 - aioseo.com -->\n\t<meta name=\"description\" content=\"La planification des villes et des quartiers prend une nouvelle dimension \u00e0 l&#039;heure du changement climatique. Une question qui se pose avec acuit\u00e9 : Comment \u00e9viter l&#039;accumulation de chaleur par les b\u00e2timents ? La Haute \u00e9cole de Lucerne a d\u00e9velopp\u00e9 un outil qui permet de calculer en quelques secondes le microclimat dans des quartiers existants ou en projet.\" \/>\n\t<meta name=\"robots\" content=\"max-image-preview:large\" \/>\n\t<meta name=\"author\" content=\"immoinvadmin\"\/>\n\t<meta name=\"google-site-verification\" content=\"fHJKvgWpZCR2zVBHWfkQeFXC11qieUSff0HGNYfuyLA\" \/>\n\t<link rel=\"canonical\" href=\"https:\/\/www.immo-invest.ch\/fr\/hitzeinseln-schon-in-der-planung-verhindern\/\" \/>\n\t<meta name=\"generator\" content=\"All in One SEO (AIOSEO) 5.0.0.1\" \/>\n\t\t<meta property=\"og:locale\" content=\"fr_FR\" \/>\n\t\t<meta property=\"og:site_name\" content=\"immo!nvest - Die Plattform f\u00fcr Standorte und Immobilien - Die\u00a0Plattform f\u00fcr Standorte und Immobilien\" \/>\n\t\t<meta property=\"og:type\" content=\"article\" \/>\n\t\t<meta property=\"og:title\" content=\"Pr\u00e9venir les \u00eelots de chaleur d\u00e8s la planification - immo!nvest - Die Plattform f\u00fcr Standorte und Immobilien\" \/>\n\t\t<meta property=\"og:description\" content=\"La planification des villes et des quartiers prend une nouvelle dimension \u00e0 l&#039;heure du changement climatique. Une question qui se pose avec acuit\u00e9 : Comment \u00e9viter l&#039;accumulation de chaleur par les b\u00e2timents ? La Haute \u00e9cole de Lucerne a d\u00e9velopp\u00e9 un outil qui permet de calculer en quelques secondes le microclimat dans des quartiers existants ou en projet.\" \/>\n\t\t<meta property=\"og:url\" content=\"https:\/\/www.immo-invest.ch\/fr\/hitzeinseln-schon-in-der-planung-verhindern\/\" \/>\n\t\t<meta property=\"og:image\" content=\"https:\/\/www.immo-invest.ch\/wp-content\/uploads\/2021\/03\/metallli-ea190801-lm6.jpg\" \/>\n\t\t<meta property=\"og:image:secure_url\" content=\"https:\/\/www.immo-invest.ch\/wp-content\/uploads\/2021\/03\/metallli-ea190801-lm6.jpg\" \/>\n\t\t<meta property=\"og:image:width\" content=\"1500\" \/>\n\t\t<meta property=\"og:image:height\" content=\"750\" \/>\n\t\t<meta property=\"article:published_time\" content=\"2023-07-25T16:06:26+00:00\" \/>\n\t\t<meta property=\"article:modified_time\" content=\"2023-08-02T07:53:50+00:00\" \/>\n\t\t<meta property=\"article:publisher\" content=\"https:\/\/www.facebook.com\/people\/Immoinvest\/100077962920504\/\" \/>\n\t\t<meta name=\"twitter:card\" content=\"summary_large_image\" \/>\n\t\t<meta name=\"twitter:site\" content=\"@i\" \/>\n\t\t<meta name=\"twitter:title\" content=\"Pr\u00e9venir les \u00eelots de chaleur d\u00e8s la planification - immo!nvest - Die Plattform f\u00fcr Standorte und Immobilien\" \/>\n\t\t<meta name=\"twitter:description\" content=\"La planification des villes et des quartiers prend une nouvelle dimension \u00e0 l&#039;heure du changement climatique. Une question qui se pose avec acuit\u00e9 : Comment \u00e9viter l&#039;accumulation de chaleur par les b\u00e2timents ? La Haute \u00e9cole de Lucerne a d\u00e9velopp\u00e9 un outil qui permet de calculer en quelques secondes le microclimat dans des quartiers existants ou en projet.\" \/>\n\t\t<meta name=\"twitter:creator\" content=\"@i\" \/>\n\t\t<meta name=\"twitter:image\" content=\"https:\/\/www.immo-invest.ch\/wp-content\/uploads\/2021\/03\/metallli-ea190801-lm6.jpg\" \/>\n\t\t<script type=\"application\/ld+json\" class=\"aioseo-schema\">\n\t\t\t{\"@context\":\"https:\\\/\\\/schema.org\",\"@graph\":[{\"@type\":\"BlogPosting\",\"@id\":\"https:\\\/\\\/www.immo-invest.ch\\\/fr\\\/hitzeinseln-schon-in-der-planung-verhindern\\\/#blogposting\",\"name\":\"Pr\\u00e9venir les \\u00eelots de chaleur d\\u00e8s la planification - immo!nvest - Die Plattform f\\u00fcr Standorte und Immobilien\",\"headline\":\"Pr\\u00e9venir les \\u00eelots de chaleur d\\u00e8s la planification\",\"author\":{\"@id\":\"https:\\\/\\\/www.immo-invest.ch\\\/fr\\\/author\\\/immoinvadmin\\\/#author\"},\"publisher\":{\"@id\":\"https:\\\/\\\/www.immo-invest.ch\\\/fr\\\/#organization\"},\"image\":{\"@type\":\"ImageObject\",\"url\":\"https:\\\/\\\/www.immo-invest.ch\\\/wp-content\\\/uploads\\\/2021\\\/03\\\/metallli-ea190801-lm6.jpg\",\"width\":1500,\"height\":750},\"datePublished\":\"2023-07-25T18:06:26+02:00\",\"dateModified\":\"2023-08-02T09:53:50+02:00\",\"inLanguage\":\"fr-FR\",\"mainEntityOfPage\":{\"@id\":\"https:\\\/\\\/www.immo-invest.ch\\\/fr\\\/hitzeinseln-schon-in-der-planung-verhindern\\\/#webpage\"},\"isPartOf\":{\"@id\":\"https:\\\/\\\/www.immo-invest.ch\\\/fr\\\/hitzeinseln-schon-in-der-planung-verhindern\\\/#webpage\"},\"articleSection\":\"Industrie du b\\u00e2timent, Lucerne, Arealentwicklung, HSLU, Immobilienwirtschaft, klimagerechtes Bauen, Quartierplanung, Stadtplanung, Facultatif\"},{\"@type\":\"BreadcrumbList\",\"@id\":\"https:\\\/\\\/www.immo-invest.ch\\\/fr\\\/hitzeinseln-schon-in-der-planung-verhindern\\\/#breadcrumblist\",\"itemListElement\":[{\"@type\":\"ListItem\",\"@id\":\"https:\\\/\\\/www.immo-invest.ch\\\/fr\\\/#listItem\",\"position\":1,\"name\":\"Home\",\"item\":\"https:\\\/\\\/www.immo-invest.ch\\\/fr\\\/\",\"nextItem\":{\"@type\":\"ListItem\",\"@id\":\"https:\\\/\\\/www.immo-invest.ch\\\/fr\\\/categories\\\/regions\\\/#listItem\",\"name\":\"R\\u00e9gions\"}},{\"@type\":\"ListItem\",\"@id\":\"https:\\\/\\\/www.immo-invest.ch\\\/fr\\\/categories\\\/regions\\\/#listItem\",\"position\":2,\"name\":\"R\\u00e9gions\",\"item\":\"https:\\\/\\\/www.immo-invest.ch\\\/fr\\\/categories\\\/regions\\\/\",\"nextItem\":{\"@type\":\"ListItem\",\"@id\":\"https:\\\/\\\/www.immo-invest.ch\\\/fr\\\/categories\\\/regions\\\/suisse\\\/#listItem\",\"name\":\"Suisse\"},\"previousItem\":{\"@type\":\"ListItem\",\"@id\":\"https:\\\/\\\/www.immo-invest.ch\\\/fr\\\/#listItem\",\"name\":\"Home\"}},{\"@type\":\"ListItem\",\"@id\":\"https:\\\/\\\/www.immo-invest.ch\\\/fr\\\/categories\\\/regions\\\/suisse\\\/#listItem\",\"position\":3,\"name\":\"Suisse\",\"item\":\"https:\\\/\\\/www.immo-invest.ch\\\/fr\\\/categories\\\/regions\\\/suisse\\\/\",\"nextItem\":{\"@type\":\"ListItem\",\"@id\":\"https:\\\/\\\/www.immo-invest.ch\\\/fr\\\/categories\\\/regions\\\/suisse\\\/region-zentralschweiz\\\/#listItem\",\"name\":\"Zentralschweiz\"},\"previousItem\":{\"@type\":\"ListItem\",\"@id\":\"https:\\\/\\\/www.immo-invest.ch\\\/fr\\\/categories\\\/regions\\\/#listItem\",\"name\":\"R\\u00e9gions\"}},{\"@type\":\"ListItem\",\"@id\":\"https:\\\/\\\/www.immo-invest.ch\\\/fr\\\/categories\\\/regions\\\/suisse\\\/region-zentralschweiz\\\/#listItem\",\"position\":4,\"name\":\"Zentralschweiz\",\"item\":\"https:\\\/\\\/www.immo-invest.ch\\\/fr\\\/categories\\\/regions\\\/suisse\\\/region-zentralschweiz\\\/\",\"nextItem\":{\"@type\":\"ListItem\",\"@id\":\"https:\\\/\\\/www.immo-invest.ch\\\/fr\\\/categories\\\/regions\\\/suisse\\\/region-zentralschweiz\\\/region-lucerne\\\/#listItem\",\"name\":\"Lucerne\"},\"previousItem\":{\"@type\":\"ListItem\",\"@id\":\"https:\\\/\\\/www.immo-invest.ch\\\/fr\\\/categories\\\/regions\\\/suisse\\\/#listItem\",\"name\":\"Suisse\"}},{\"@type\":\"ListItem\",\"@id\":\"https:\\\/\\\/www.immo-invest.ch\\\/fr\\\/categories\\\/regions\\\/suisse\\\/region-zentralschweiz\\\/region-lucerne\\\/#listItem\",\"position\":5,\"name\":\"Lucerne\",\"item\":\"https:\\\/\\\/www.immo-invest.ch\\\/fr\\\/categories\\\/regions\\\/suisse\\\/region-zentralschweiz\\\/region-lucerne\\\/\",\"nextItem\":{\"@type\":\"ListItem\",\"@id\":\"https:\\\/\\\/www.immo-invest.ch\\\/fr\\\/hitzeinseln-schon-in-der-planung-verhindern\\\/#listItem\",\"name\":\"Pr\\u00e9venir les \\u00eelots de chaleur d\\u00e8s la planification\"},\"previousItem\":{\"@type\":\"ListItem\",\"@id\":\"https:\\\/\\\/www.immo-invest.ch\\\/fr\\\/categories\\\/regions\\\/suisse\\\/region-zentralschweiz\\\/#listItem\",\"name\":\"Zentralschweiz\"}},{\"@type\":\"ListItem\",\"@id\":\"https:\\\/\\\/www.immo-invest.ch\\\/fr\\\/hitzeinseln-schon-in-der-planung-verhindern\\\/#listItem\",\"position\":6,\"name\":\"Pr\\u00e9venir les \\u00eelots de chaleur d\\u00e8s la planification\",\"previousItem\":{\"@type\":\"ListItem\",\"@id\":\"https:\\\/\\\/www.immo-invest.ch\\\/fr\\\/categories\\\/regions\\\/suisse\\\/region-zentralschweiz\\\/region-lucerne\\\/#listItem\",\"name\":\"Lucerne\"}}]},{\"@type\":\"Organization\",\"@id\":\"https:\\\/\\\/www.immo-invest.ch\\\/fr\\\/#organization\",\"name\":\"immo!nvest - Die Plattform f\\u00fcr Standorte und Immobilien\",\"description\":\"Die\\u00a0Plattform f\\u00fcr Standorte und Immobilien\",\"url\":\"https:\\\/\\\/www.immo-invest.ch\\\/fr\\\/\",\"email\":\"admin@immomedia.ag\",\"telephone\":\"+41444420002\",\"logo\":{\"@type\":\"ImageObject\",\"url\":\"https:\\\/\\\/www.immo-invest.ch\\\/wp-content\\\/uploads\\\/2024\\\/09\\\/immoinvest_sm-scaled.jpg\",\"@id\":\"https:\\\/\\\/www.immo-invest.ch\\\/fr\\\/hitzeinseln-schon-in-der-planung-verhindern\\\/#organizationLogo\",\"width\":2560,\"height\":1340},\"image\":{\"@id\":\"https:\\\/\\\/www.immo-invest.ch\\\/fr\\\/hitzeinseln-schon-in-der-planung-verhindern\\\/#organizationLogo\"},\"sameAs\":[\"https:\\\/\\\/www.facebook.com\\\/people\\\/Immoinvest\\\/100077962920504\\\/\",\"https:\\\/\\\/x.com\\\/i\\\/flow\\\/login?redirect_after_login=immoinvest_ch\",\"https:\\\/\\\/www.instagram.com\\\/immoinvest_ch\\\/\",\"https:\\\/\\\/www.linkedin.com\\\/company\\\/immoinvest-swiss\"]},{\"@type\":\"Person\",\"@id\":\"https:\\\/\\\/www.immo-invest.ch\\\/fr\\\/author\\\/immoinvadmin\\\/#author\",\"url\":\"https:\\\/\\\/www.immo-invest.ch\\\/fr\\\/author\\\/immoinvadmin\\\/\",\"name\":\"immoinvadmin\",\"image\":{\"@type\":\"ImageObject\",\"@id\":\"https:\\\/\\\/www.immo-invest.ch\\\/fr\\\/hitzeinseln-schon-in-der-planung-verhindern\\\/#authorImage\",\"url\":\"https:\\\/\\\/secure.gravatar.com\\\/avatar\\\/06170ea96b8a3858064b673f32a3be7eea87af70b386c45c30b87e38b9ee4780?s=96&d=mm&r=g\",\"width\":96,\"height\":96,\"caption\":\"immoinvadmin\"}},{\"@type\":\"WebPage\",\"@id\":\"https:\\\/\\\/www.immo-invest.ch\\\/fr\\\/hitzeinseln-schon-in-der-planung-verhindern\\\/#webpage\",\"url\":\"https:\\\/\\\/www.immo-invest.ch\\\/fr\\\/hitzeinseln-schon-in-der-planung-verhindern\\\/\",\"name\":\"Pr\\u00e9venir les \\u00eelots de chaleur d\\u00e8s la planification - immo!nvest - Die Plattform f\\u00fcr Standorte und Immobilien\",\"description\":\"La planification des villes et des quartiers prend une nouvelle dimension \\u00e0 l'heure du changement climatique. Une question qui se pose avec acuit\\u00e9 : Comment \\u00e9viter l'accumulation de chaleur par les b\\u00e2timents ? La Haute \\u00e9cole de Lucerne a d\\u00e9velopp\\u00e9 un outil qui permet de calculer en quelques secondes le microclimat dans des quartiers existants ou en projet.\",\"inLanguage\":\"fr-FR\",\"isPartOf\":{\"@id\":\"https:\\\/\\\/www.immo-invest.ch\\\/fr\\\/#website\"},\"breadcrumb\":{\"@id\":\"https:\\\/\\\/www.immo-invest.ch\\\/fr\\\/hitzeinseln-schon-in-der-planung-verhindern\\\/#breadcrumblist\"},\"author\":{\"@id\":\"https:\\\/\\\/www.immo-invest.ch\\\/fr\\\/author\\\/immoinvadmin\\\/#author\"},\"creator\":{\"@id\":\"https:\\\/\\\/www.immo-invest.ch\\\/fr\\\/author\\\/immoinvadmin\\\/#author\"},\"image\":{\"@type\":\"ImageObject\",\"url\":\"https:\\\/\\\/www.immo-invest.ch\\\/wp-content\\\/uploads\\\/2021\\\/03\\\/metallli-ea190801-lm6.jpg\",\"@id\":\"https:\\\/\\\/www.immo-invest.ch\\\/fr\\\/hitzeinseln-schon-in-der-planung-verhindern\\\/#mainImage\",\"width\":1500,\"height\":750},\"primaryImageOfPage\":{\"@id\":\"https:\\\/\\\/www.immo-invest.ch\\\/fr\\\/hitzeinseln-schon-in-der-planung-verhindern\\\/#mainImage\"},\"datePublished\":\"2023-07-25T18:06:26+02:00\",\"dateModified\":\"2023-08-02T09:53:50+02:00\"},{\"@type\":\"WebSite\",\"@id\":\"https:\\\/\\\/www.immo-invest.ch\\\/fr\\\/#website\",\"url\":\"https:\\\/\\\/www.immo-invest.ch\\\/fr\\\/\",\"name\":\"immo!nvest - Die Plattform f\\u00fcr Standorte und Immobilien\",\"description\":\"Die\\u00a0Plattform f\\u00fcr Standorte und Immobilien\",\"inLanguage\":\"fr-FR\",\"publisher\":{\"@id\":\"https:\\\/\\\/www.immo-invest.ch\\\/fr\\\/#organization\"}}]}\n\t\t<\/script>\n\t\t<!-- All in One SEO -->\n\n","aioseo_head_json":{"title":"Pr\u00e9venir les \u00eelots de chaleur d\u00e8s la planification - immo!nvest - Die Plattform f\u00fcr Standorte und Immobilien","description":"La planification des villes et des quartiers prend une nouvelle dimension \u00e0 l'heure du changement climatique. Une question qui se pose avec acuit\u00e9 : Comment \u00e9viter l'accumulation de chaleur par les b\u00e2timents ? La Haute \u00e9cole de Lucerne a d\u00e9velopp\u00e9 un outil qui permet de calculer en quelques secondes le microclimat dans des quartiers existants ou en projet.","canonical_url":"https:\/\/www.immo-invest.ch\/fr\/hitzeinseln-schon-in-der-planung-verhindern\/","robots":"max-image-preview:large","keywords":"","webmasterTools":{"google-site-verification":"fHJKvgWpZCR2zVBHWfkQeFXC11qieUSff0HGNYfuyLA","miscellaneous":""},"schema":{"@context":"https:\/\/schema.org","@graph":[{"@type":"BlogPosting","@id":"https:\/\/www.immo-invest.ch\/fr\/hitzeinseln-schon-in-der-planung-verhindern\/#blogposting","name":"Pr\u00e9venir les \u00eelots de chaleur d\u00e8s la planification - immo!nvest - Die Plattform f\u00fcr Standorte und Immobilien","headline":"Pr\u00e9venir les \u00eelots de chaleur d\u00e8s la planification","author":{"@id":"https:\/\/www.immo-invest.ch\/fr\/author\/immoinvadmin\/#author"},"publisher":{"@id":"https:\/\/www.immo-invest.ch\/fr\/#organization"},"image":{"@type":"ImageObject","url":"https:\/\/www.immo-invest.ch\/wp-content\/uploads\/2021\/03\/metallli-ea190801-lm6.jpg","width":1500,"height":750},"datePublished":"2023-07-25T18:06:26+02:00","dateModified":"2023-08-02T09:53:50+02:00","inLanguage":"fr-FR","mainEntityOfPage":{"@id":"https:\/\/www.immo-invest.ch\/fr\/hitzeinseln-schon-in-der-planung-verhindern\/#webpage"},"isPartOf":{"@id":"https:\/\/www.immo-invest.ch\/fr\/hitzeinseln-schon-in-der-planung-verhindern\/#webpage"},"articleSection":"Industrie du b\u00e2timent, Lucerne, Arealentwicklung, HSLU, Immobilienwirtschaft, klimagerechtes Bauen, Quartierplanung, Stadtplanung, Facultatif"},{"@type":"BreadcrumbList","@id":"https:\/\/www.immo-invest.ch\/fr\/hitzeinseln-schon-in-der-planung-verhindern\/#breadcrumblist","itemListElement":[{"@type":"ListItem","@id":"https:\/\/www.immo-invest.ch\/fr\/#listItem","position":1,"name":"Home","item":"https:\/\/www.immo-invest.ch\/fr\/","nextItem":{"@type":"ListItem","@id":"https:\/\/www.immo-invest.ch\/fr\/categories\/regions\/#listItem","name":"R\u00e9gions"}},{"@type":"ListItem","@id":"https:\/\/www.immo-invest.ch\/fr\/categories\/regions\/#listItem","position":2,"name":"R\u00e9gions","item":"https:\/\/www.immo-invest.ch\/fr\/categories\/regions\/","nextItem":{"@type":"ListItem","@id":"https:\/\/www.immo-invest.ch\/fr\/categories\/regions\/suisse\/#listItem","name":"Suisse"},"previousItem":{"@type":"ListItem","@id":"https:\/\/www.immo-invest.ch\/fr\/#listItem","name":"Home"}},{"@type":"ListItem","@id":"https:\/\/www.immo-invest.ch\/fr\/categories\/regions\/suisse\/#listItem","position":3,"name":"Suisse","item":"https:\/\/www.immo-invest.ch\/fr\/categories\/regions\/suisse\/","nextItem":{"@type":"ListItem","@id":"https:\/\/www.immo-invest.ch\/fr\/categories\/regions\/suisse\/region-zentralschweiz\/#listItem","name":"Zentralschweiz"},"previousItem":{"@type":"ListItem","@id":"https:\/\/www.immo-invest.ch\/fr\/categories\/regions\/#listItem","name":"R\u00e9gions"}},{"@type":"ListItem","@id":"https:\/\/www.immo-invest.ch\/fr\/categories\/regions\/suisse\/region-zentralschweiz\/#listItem","position":4,"name":"Zentralschweiz","item":"https:\/\/www.immo-invest.ch\/fr\/categories\/regions\/suisse\/region-zentralschweiz\/","nextItem":{"@type":"ListItem","@id":"https:\/\/www.immo-invest.ch\/fr\/categories\/regions\/suisse\/region-zentralschweiz\/region-lucerne\/#listItem","name":"Lucerne"},"previousItem":{"@type":"ListItem","@id":"https:\/\/www.immo-invest.ch\/fr\/categories\/regions\/suisse\/#listItem","name":"Suisse"}},{"@type":"ListItem","@id":"https:\/\/www.immo-invest.ch\/fr\/categories\/regions\/suisse\/region-zentralschweiz\/region-lucerne\/#listItem","position":5,"name":"Lucerne","item":"https:\/\/www.immo-invest.ch\/fr\/categories\/regions\/suisse\/region-zentralschweiz\/region-lucerne\/","nextItem":{"@type":"ListItem","@id":"https:\/\/www.immo-invest.ch\/fr\/hitzeinseln-schon-in-der-planung-verhindern\/#listItem","name":"Pr\u00e9venir les \u00eelots de chaleur d\u00e8s la planification"},"previousItem":{"@type":"ListItem","@id":"https:\/\/www.immo-invest.ch\/fr\/categories\/regions\/suisse\/region-zentralschweiz\/#listItem","name":"Zentralschweiz"}},{"@type":"ListItem","@id":"https:\/\/www.immo-invest.ch\/fr\/hitzeinseln-schon-in-der-planung-verhindern\/#listItem","position":6,"name":"Pr\u00e9venir les \u00eelots de chaleur d\u00e8s la planification","previousItem":{"@type":"ListItem","@id":"https:\/\/www.immo-invest.ch\/fr\/categories\/regions\/suisse\/region-zentralschweiz\/region-lucerne\/#listItem","name":"Lucerne"}}]},{"@type":"Organization","@id":"https:\/\/www.immo-invest.ch\/fr\/#organization","name":"immo!nvest - Die Plattform f\u00fcr Standorte und Immobilien","description":"Die\u00a0Plattform f\u00fcr Standorte und Immobilien","url":"https:\/\/www.immo-invest.ch\/fr\/","email":"admin@immomedia.ag","telephone":"+41444420002","logo":{"@type":"ImageObject","url":"https:\/\/www.immo-invest.ch\/wp-content\/uploads\/2024\/09\/immoinvest_sm-scaled.jpg","@id":"https:\/\/www.immo-invest.ch\/fr\/hitzeinseln-schon-in-der-planung-verhindern\/#organizationLogo","width":2560,"height":1340},"image":{"@id":"https:\/\/www.immo-invest.ch\/fr\/hitzeinseln-schon-in-der-planung-verhindern\/#organizationLogo"},"sameAs":["https:\/\/www.facebook.com\/people\/Immoinvest\/100077962920504\/","https:\/\/x.com\/i\/flow\/login?redirect_after_login=immoinvest_ch","https:\/\/www.instagram.com\/immoinvest_ch\/","https:\/\/www.linkedin.com\/company\/immoinvest-swiss"]},{"@type":"Person","@id":"https:\/\/www.immo-invest.ch\/fr\/author\/immoinvadmin\/#author","url":"https:\/\/www.immo-invest.ch\/fr\/author\/immoinvadmin\/","name":"immoinvadmin","image":{"@type":"ImageObject","@id":"https:\/\/www.immo-invest.ch\/fr\/hitzeinseln-schon-in-der-planung-verhindern\/#authorImage","url":"https:\/\/secure.gravatar.com\/avatar\/06170ea96b8a3858064b673f32a3be7eea87af70b386c45c30b87e38b9ee4780?s=96&d=mm&r=g","width":96,"height":96,"caption":"immoinvadmin"}},{"@type":"WebPage","@id":"https:\/\/www.immo-invest.ch\/fr\/hitzeinseln-schon-in-der-planung-verhindern\/#webpage","url":"https:\/\/www.immo-invest.ch\/fr\/hitzeinseln-schon-in-der-planung-verhindern\/","name":"Pr\u00e9venir les \u00eelots de chaleur d\u00e8s la planification - immo!nvest - Die Plattform f\u00fcr Standorte und Immobilien","description":"La planification des villes et des quartiers prend une nouvelle dimension \u00e0 l'heure du changement climatique. Une question qui se pose avec acuit\u00e9 : Comment \u00e9viter l'accumulation de chaleur par les b\u00e2timents ? La Haute \u00e9cole de Lucerne a d\u00e9velopp\u00e9 un outil qui permet de calculer en quelques secondes le microclimat dans des quartiers existants ou en projet.","inLanguage":"fr-FR","isPartOf":{"@id":"https:\/\/www.immo-invest.ch\/fr\/#website"},"breadcrumb":{"@id":"https:\/\/www.immo-invest.ch\/fr\/hitzeinseln-schon-in-der-planung-verhindern\/#breadcrumblist"},"author":{"@id":"https:\/\/www.immo-invest.ch\/fr\/author\/immoinvadmin\/#author"},"creator":{"@id":"https:\/\/www.immo-invest.ch\/fr\/author\/immoinvadmin\/#author"},"image":{"@type":"ImageObject","url":"https:\/\/www.immo-invest.ch\/wp-content\/uploads\/2021\/03\/metallli-ea190801-lm6.jpg","@id":"https:\/\/www.immo-invest.ch\/fr\/hitzeinseln-schon-in-der-planung-verhindern\/#mainImage","width":1500,"height":750},"primaryImageOfPage":{"@id":"https:\/\/www.immo-invest.ch\/fr\/hitzeinseln-schon-in-der-planung-verhindern\/#mainImage"},"datePublished":"2023-07-25T18:06:26+02:00","dateModified":"2023-08-02T09:53:50+02:00"},{"@type":"WebSite","@id":"https:\/\/www.immo-invest.ch\/fr\/#website","url":"https:\/\/www.immo-invest.ch\/fr\/","name":"immo!nvest - Die Plattform f\u00fcr Standorte und Immobilien","description":"Die\u00a0Plattform f\u00fcr Standorte und Immobilien","inLanguage":"fr-FR","publisher":{"@id":"https:\/\/www.immo-invest.ch\/fr\/#organization"}}]},"og:locale":"fr_FR","og:site_name":"immo!nvest - Die Plattform f\u00fcr Standorte und Immobilien - Die\u00a0Plattform f\u00fcr Standorte und Immobilien","og:type":"article","og:title":"Pr\u00e9venir les \u00eelots de chaleur d\u00e8s la planification - immo!nvest - Die Plattform f\u00fcr Standorte und Immobilien","og:description":"La planification des villes et des quartiers prend une nouvelle dimension \u00e0 l'heure du changement climatique. Une question qui se pose avec acuit\u00e9 : Comment \u00e9viter l'accumulation de chaleur par les b\u00e2timents ? La Haute \u00e9cole de Lucerne a d\u00e9velopp\u00e9 un outil qui permet de calculer en quelques secondes le microclimat dans des quartiers existants ou en projet.","og:url":"https:\/\/www.immo-invest.ch\/fr\/hitzeinseln-schon-in-der-planung-verhindern\/","og:image":"https:\/\/www.immo-invest.ch\/wp-content\/uploads\/2021\/03\/metallli-ea190801-lm6.jpg","og:image:secure_url":"https:\/\/www.immo-invest.ch\/wp-content\/uploads\/2021\/03\/metallli-ea190801-lm6.jpg","og:image:width":1500,"og:image:height":750,"article:published_time":"2023-07-25T16:06:26+00:00","article:modified_time":"2023-08-02T07:53:50+00:00","article:publisher":"https:\/\/www.facebook.com\/people\/Immoinvest\/100077962920504\/","twitter:card":"summary_large_image","twitter:site":"@i","twitter:title":"Pr\u00e9venir les \u00eelots de chaleur d\u00e8s la planification - immo!nvest - Die Plattform f\u00fcr Standorte und Immobilien","twitter:description":"La planification des villes et des quartiers prend une nouvelle dimension \u00e0 l'heure du changement climatique. Une question qui se pose avec acuit\u00e9 : Comment \u00e9viter l'accumulation de chaleur par les b\u00e2timents ? La Haute \u00e9cole de Lucerne a d\u00e9velopp\u00e9 un outil qui permet de calculer en quelques secondes le microclimat dans des quartiers existants ou en projet.","twitter:creator":"@i","twitter:image":"https:\/\/www.immo-invest.ch\/wp-content\/uploads\/2021\/03\/metallli-ea190801-lm6.jpg"},"aioseo_meta_data":{"post_id":"60864","title":null,"description":null,"keywords":null,"keyphrases":null,"primary_term":null,"canonical_url":null,"og_title":null,"og_description":null,"og_object_type":"default","og_image_type":"default","og_image_url":null,"og_image_width":null,"og_image_height":null,"og_image_custom_url":null,"og_image_custom_fields":null,"og_video":null,"og_custom_url":null,"og_article_section":null,"og_article_tags":null,"twitter_use_og":false,"twitter_card":"default","twitter_image_type":"default","twitter_image_url":null,"twitter_image_custom_url":null,"twitter_image_custom_fields":null,"twitter_title":null,"twitter_description":null,"schema":{"blockGraphs":[],"customGraphs":[],"default":{"data":{"Article":[],"Course":[],"Dataset":[],"FAQPage":[],"Movie":[],"Person":[],"Product":[],"ProductReview":[],"Car":[],"Recipe":[],"Service":[],"SoftwareApplication":[],"WebPage":[]},"graphName":"","isEnabled":true},"graphs":[]},"schema_type":"default","schema_type_options":null,"pillar_content":false,"robots_default":true,"robots_noindex":false,"robots_noarchive":false,"robots_nosnippet":false,"robots_nofollow":false,"robots_noimageindex":false,"robots_noodp":false,"robots_notranslate":false,"robots_max_snippet":null,"robots_max_videopreview":null,"robots_max_imagepreview":"large","priority":null,"frequency":null,"local_seo":null,"breadcrumb_settings":null,"limit_modified_date":false,"ai":null,"created":"2024-09-20 07:54:02","updated":"2025-10-23 13:45:13","seo_analyzer_scan_date":null,"focus_keyword":null,"additional_keywords":null,"truseo_locale":null},"aioseo_breadcrumb":"<div class=\"aioseo-breadcrumbs\"><span class=\"aioseo-breadcrumb\">\n\t\t\t<a href=\"https:\/\/www.immo-invest.ch\/fr\/\" title=\"Home\">Home<\/a>\n\t\t<\/span><span class=\"aioseo-breadcrumb-separator\">&raquo;<\/span><span class=\"aioseo-breadcrumb\">\n\t\t\t<a href=\"https:\/\/www.immo-invest.ch\/fr\/categories\/regions\/\" title=\"R\u00e9gions\">R\u00e9gions<\/a>\n\t\t<\/span><span class=\"aioseo-breadcrumb-separator\">&raquo;<\/span><span class=\"aioseo-breadcrumb\">\n\t\t\t<a href=\"https:\/\/www.immo-invest.ch\/fr\/categories\/regions\/suisse\/\" title=\"Suisse\">Suisse<\/a>\n\t\t<\/span><span class=\"aioseo-breadcrumb-separator\">&raquo;<\/span><span class=\"aioseo-breadcrumb\">\n\t\t\t<a href=\"https:\/\/www.immo-invest.ch\/fr\/categories\/regions\/suisse\/region-zentralschweiz\/\" title=\"Zentralschweiz\">Zentralschweiz<\/a>\n\t\t<\/span><span class=\"aioseo-breadcrumb-separator\">&raquo;<\/span><span class=\"aioseo-breadcrumb\">\n\t\t\t<a href=\"https:\/\/www.immo-invest.ch\/fr\/categories\/regions\/suisse\/region-zentralschweiz\/region-lucerne\/\" title=\"Lucerne\">Lucerne<\/a>\n\t\t<\/span><span class=\"aioseo-breadcrumb-separator\">&raquo;<\/span><span class=\"aioseo-breadcrumb\">\n\t\t\tPr\u00e9venir les \u00eelots de chaleur d\u00e8s la planification\n\t\t<\/span><\/div>","aioseo_breadcrumb_json":[{"label":"Home","link":"https:\/\/www.immo-invest.ch\/fr\/"},{"label":"R\u00e9gions","link":"https:\/\/www.immo-invest.ch\/fr\/categories\/regions\/"},{"label":"Suisse","link":"https:\/\/www.immo-invest.ch\/fr\/categories\/regions\/suisse\/"},{"label":"Zentralschweiz","link":"https:\/\/www.immo-invest.ch\/fr\/categories\/regions\/suisse\/region-zentralschweiz\/"},{"label":"Lucerne","link":"https:\/\/www.immo-invest.ch\/fr\/categories\/regions\/suisse\/region-zentralschweiz\/region-lucerne\/"},{"label":"Pr\u00e9venir les \u00eelots de chaleur d\u00e8s la planification","link":"https:\/\/www.immo-invest.ch\/fr\/hitzeinseln-schon-in-der-planung-verhindern\/"}],"featured_image_src":"https:\/\/www.immo-invest.ch\/wp-content\/uploads\/2021\/03\/metallli-ea190801-lm6-150x150.jpg","_links":{"self":[{"href":"https:\/\/www.immo-invest.ch\/fr\/wp-json\/wp\/v2\/posts\/60864","targetHints":{"allow":["GET"]}}],"collection":[{"href":"https:\/\/www.immo-invest.ch\/fr\/wp-json\/wp\/v2\/posts"}],"about":[{"href":"https:\/\/www.immo-invest.ch\/fr\/wp-json\/wp\/v2\/types\/post"}],"author":[{"embeddable":true,"href":"https:\/\/www.immo-invest.ch\/fr\/wp-json\/wp\/v2\/users\/1"}],"replies":[{"embeddable":true,"href":"https:\/\/www.immo-invest.ch\/fr\/wp-json\/wp\/v2\/comments?post=60864"}],"version-history":[{"count":0,"href":"https:\/\/www.immo-invest.ch\/fr\/wp-json\/wp\/v2\/posts\/60864\/revisions"}],"wp:featuredmedia":[{"embeddable":true,"href":"https:\/\/www.immo-invest.ch\/fr\/wp-json\/wp\/v2\/media\/15822"}],"wp:attachment":[{"href":"https:\/\/www.immo-invest.ch\/fr\/wp-json\/wp\/v2\/media?parent=60864"}],"wp:term":[{"taxonomy":"category","embeddable":true,"href":"https:\/\/www.immo-invest.ch\/fr\/wp-json\/wp\/v2\/categories?post=60864"},{"taxonomy":"post_tag","embeddable":true,"href":"https:\/\/www.immo-invest.ch\/fr\/wp-json\/wp\/v2\/tags?post=60864"}],"curies":[{"name":"wp","href":"https:\/\/api.w.org\/{rel}","templated":true}]}}