{"id":54110,"date":"2023-04-25T13:36:39","date_gmt":"2023-04-25T11:36:39","guid":{"rendered":"https:\/\/www.immo-invest.ch\/zukunft-bahnhof-bern-verkehrsmassnahmen-werden-aufgelegt\/"},"modified":"2023-04-25T13:41:57","modified_gmt":"2023-04-25T11:41:57","slug":"zukunft-bahnhof-bern-verkehrsmassnahmen-werden-aufgelegt","status":"publish","type":"post","link":"https:\/\/www.immo-invest.ch\/fr\/zukunft-bahnhof-bern-verkehrsmassnahmen-werden-aufgelegt\/","title":{"rendered":"Avenir de la gare de Berne : les mesures de circulation sont mises \u00e0 l&rsquo;enqu\u00eate"},"content":{"rendered":"<p class=\"wp-block-paragraph\">Pour que la gare de Berne puisse continuer &agrave; remplir sa fonction de plaque tournante du trafic, elle sera agrandie dans le cadre du projet &laquo;&nbsp;Zukunft Bahnhof Bern&nbsp;&raquo; (ZBB) : les transports r&eacute;gionaux Berne-Soleure (RBS) construisent une nouvelle gare sous les voies CFF existantes. Les CFF construisent un deuxi&egrave;me passage souterrain pour les voyageurs avec de nouveaux acc&egrave;s &agrave; la gare pr&egrave;s du Bubenbergzentrum et de la L&auml;nggasse. Les travaux de construction sont en cours depuis 2017 ; la mise en service est pr&eacute;vue &agrave; partir de 2028. <\/p>\n\n\n\n<p class=\"wp-block-paragraph\"><strong>Mesures urbaines de construction et de circulation<\/strong> <br>La t&acirc;che de la ville est de s&rsquo;assurer que les voyageurs puissent acc&eacute;der rapidement et en toute s&eacute;curit&eacute; &agrave; la nouvelle gare. Afin d&rsquo;offrir plus d&rsquo;espace aux pi&eacute;tons sur la Bubenbergplatz, il est pr&eacute;vu de supprimer des voies de circulation, d&rsquo;agrandir les espaces de circulation et de s&eacute;jour et de prolonger les temps de vert pour les pi&eacute;tons*. Pour que les transports publics puissent continuer &agrave; circuler de mani&egrave;re fluide, le trafic individuel motoris&eacute; doit &ecirc;tre r&eacute;duit d&rsquo;environ 60% sur l&rsquo;axe Inselplatz-Bubenbergplatz-Bahnhofplatz-Bollwerk &ndash; cela se fait par des adaptations du r&eacute;gime de circulation sur la Bubenbergplatz et au Bollwerk\/Henkerbr&uuml;nnli. Afin de pouvoir g&eacute;rer les flux de personnes qui augmenteront fortement avec l&rsquo;ouverture du nouvel acc&egrave;s &agrave; la gare, il est en outre n&eacute;cessaire d&rsquo;am&eacute;nager un passage souterrain pour les personnes &agrave; la Bubenbergplatz, d&eacute;j&agrave; surcharg&eacute;e aujourd&rsquo;hui, qui m&egrave;nera directement au Hirschengraben depuis le nouveau centre public des CFF. <\/p>\n\n\n\n<p class=\"wp-block-paragraph\">&laquo;&nbsp;Une gare bien desservie et performante est l&rsquo;art&egrave;re principale d&rsquo;une mobilit&eacute; urbaine durable&nbsp;&raquo;, d&eacute;clare la conseill&egrave;re municipale Marieke Kruit, directrice du g&eacute;nie civil, des transports et des espaces verts de la ville. &laquo;&nbsp;La ville de Berne doit &eacute;galement jouer son r&ocirc;le&nbsp;&raquo; Outre le financement, la condition pr&eacute;alable aux mesures de construction et de circulation de la ville est un plan de lotissement. Celui-ci sera mis &agrave; l&rsquo;enqu&ecirc;te publique pendant pr&egrave;s de cinq semaines &agrave; partir du 26 avril 2023. <\/p>\n\n\n\n<p class=\"wp-block-paragraph\"><strong>Le projet partiel Hirschengraben a &eacute;t&eacute; remani&eacute;<\/strong> <br>En mars 2021, les citoyens de la ville de Berne ont approuv&eacute; le cr&eacute;dit d&rsquo;ex&eacute;cution pour les mesures municipales de construction et de circulation ZBB. Suite &agrave; la votation populaire, les plans du Hirschengraben ont &eacute;t&eacute; adapt&eacute;s sur la base des recommandations de plusieurs expertises demand&eacute;es par la Commission f&eacute;d&eacute;rale des monuments historiques (CFMH). Les adaptations du projet ont &eacute;t&eacute; command&eacute;es par le conseil municipal en novembre 2022 (voir &agrave; ce sujet le communiqu&eacute; de presse du 22 novembre 2022). Le projet remani&eacute; entre-temps pr&eacute;sente plusieurs modifications par rapport aux plans initiaux (voir encadr&eacute;) &ndash; la plus importante : les marronniers du Hirschengraben doivent &ecirc;tre conserv&eacute;s autant que possible &agrave; leur emplacement actuel ; les cinq arbres qui doivent &ecirc;tre enlev&eacute;s suite aux travaux de construction dans le secteur du passage et de la boucle de retournement du tram seront remplac&eacute;s &agrave; la fin des travaux. &laquo;&nbsp;La situation de d&eacute;part au Hirschengraben est complexe, mais nous avons maintenant pu trouver une solution coh&eacute;rente et solide. Du point de vue du conseil municipal, le projet adapt&eacute; r&eacute;pond au mieux aux diff&eacute;rentes demandes&nbsp;&raquo;, a d&eacute;clar&eacute; Marieke Kruit. <\/p>\n\n\n\n<p class=\"wp-block-paragraph\"><strong>&Eacute;tapes de la r&eacute;alisation<\/strong> <br>Le plan de <span class=\"glossaryLink\" aria-describedby=\"tt\" data-cmtooltip=\"&lt;div class=glossaryItemTitle&gt;Quartier&lt;\/div&gt;&lt;div class=glossaryItemBody&gt;Amtliches, historisches, soziales oder stadtplanerisches Stadtviertel&lt;\/div&gt;\" data-mobile-support=\"0\" data-gt-translate-attributes='[{\"attribute\":\"data-cmtooltip\", \"format\":\"html\"}]' tabindex=\"0\" role=\"link\">quartier<\/span> qui vient d&rsquo;&ecirc;tre mis &agrave; l&rsquo;enqu&ecirc;te publique devra &ecirc;tre adopt&eacute; par le conseil municipal, puis approuv&eacute; par l&rsquo;office cantonal des communes et de l&rsquo;am&eacute;nagement du territoire. Selon la planification actuelle, les principaux &eacute;l&eacute;ments des mesures de transport urbain pourront &ecirc;tre mis en &oelig;uvre en avril 2028, en m&ecirc;me temps que l&rsquo;ouverture du nouvel acc&egrave;s &agrave; la gare. Toutefois, si des recours devaient &ecirc;tre d&eacute;pos&eacute;s dans le cadre de la proc&eacute;dure d&rsquo;approbation et port&eacute;s devant des instances juridiques sup&eacute;rieures, des retards ne sont pas &agrave; exclure.<\/p>\n","protected":false},"excerpt":{"rendered":"<p>Les mesures municipales de construction et de circulation pr\u00e9vues dans le cadre du projet \u00ab\u00a0Avenir de la gare de Berne\u00a0\u00bb (ZBB) seront mises \u00e0 l&rsquo;enqu\u00eate publique \u00e0 partir du 26 avril 2023. Le projet approuv\u00e9 par les \u00e9lecteurs en mars 2021 a \u00e9t\u00e9 remani\u00e9 dans le secteur du Hirschengraben sur la base de plusieurs expertises.<\/p>\n","protected":false},"author":2,"featured_media":54095,"comment_status":"open","ping_status":"open","sticky":false,"template":"","format":"standard","meta":{"pmpro_default_level":"","inline_featured_image":false,"_monsterinsights_skip_tracking":false,"footnotes":""},"categories":[22703],"tags":[38061,38062,38063,2529,38064,38065,38066],"class_list":["post-54110","post","type-post","status-publish","format-standard","has-post-thumbnail","hentry","category-mobilite","tag-baumassnahmen-fr","tag-hirschengraben-fr","tag-rbs-fr","tag-sbb-fr","tag-verkehrsmassnahmen-fr","tag-zbb-fr","tag-zukunft-bahnhof-bern-fr","pmpro-has-access"],"acf":{"bild_mit_ki_erstellt_worden":[],"lead":"Les mesures municipales de construction et de circulation pr\u00e9vues dans le cadre du projet \"Avenir de la gare de Berne\" (ZBB) seront mises \u00e0 l'enqu\u00eate publique \u00e0 partir du 26 avril 2023. Le projet approuv\u00e9 par les \u00e9lecteurs en mars 2021 a \u00e9t\u00e9 remani\u00e9 dans le secteur du Hirschengraben sur la base de plusieurs expertises.","autor":"Quelle:\u202fwww.bern.ch","ort":"","bildunterschrift":"","bild_im_grid":false,"gallerie":"","newsim":""},"aioseo_notices":[],"aioseo_head":"\n\t\t<!-- All in One SEO 5.0.1.1 - aioseo.com -->\n\t<meta name=\"description\" content=\"Les mesures municipales de construction et de circulation pr\u00e9vues dans le cadre du projet &quot;Avenir de la gare de Berne&quot; (ZBB) seront mises \u00e0 l&#039;enqu\u00eate publique \u00e0 partir du 26 avril 2023. Le projet approuv\u00e9 par les \u00e9lecteurs en mars 2021 a \u00e9t\u00e9 remani\u00e9 dans le secteur du Hirschengraben sur la base de plusieurs expertises.\" \/>\n\t<meta name=\"robots\" content=\"max-image-preview:large\" \/>\n\t<meta name=\"author\" content=\"immovestuser\"\/>\n\t<meta name=\"google-site-verification\" content=\"fHJKvgWpZCR2zVBHWfkQeFXC11qieUSff0HGNYfuyLA\" \/>\n\t<link rel=\"canonical\" href=\"https:\/\/www.immo-invest.ch\/fr\/zukunft-bahnhof-bern-verkehrsmassnahmen-werden-aufgelegt\/\" \/>\n\t<meta name=\"generator\" content=\"All in One SEO (AIOSEO) 5.0.1.1\" \/>\n\t\t<meta property=\"og:locale\" content=\"fr_FR\" \/>\n\t\t<meta property=\"og:site_name\" content=\"immo!nvest - Die Plattform f\u00fcr Standorte und Immobilien - Die\u00a0Plattform f\u00fcr Standorte und Immobilien\" \/>\n\t\t<meta property=\"og:type\" content=\"article\" \/>\n\t\t<meta property=\"og:title\" content=\"Avenir de la gare de Berne : les mesures de circulation sont mises \u00e0 l\u2019enqu\u00eate - immo!nvest - Die Plattform f\u00fcr Standorte und Immobilien\" \/>\n\t\t<meta property=\"og:description\" content=\"Les mesures municipales de construction et de circulation pr\u00e9vues dans le cadre du projet &quot;Avenir de la gare de Berne&quot; (ZBB) seront mises \u00e0 l&#039;enqu\u00eate publique \u00e0 partir du 26 avril 2023. Le projet approuv\u00e9 par les \u00e9lecteurs en mars 2021 a \u00e9t\u00e9 remani\u00e9 dans le secteur du Hirschengraben sur la base de plusieurs expertises.\" \/>\n\t\t<meta property=\"og:url\" content=\"https:\/\/www.immo-invest.ch\/fr\/zukunft-bahnhof-bern-verkehrsmassnahmen-werden-aufgelegt\/\" \/>\n\t\t<meta property=\"og:image\" content=\"https:\/\/www.immo-invest.ch\/wp-content\/uploads\/2023\/04\/0a139901-a915-477f-956c-14ad517e10b1-scaled-e1682422382245.jpeg\" \/>\n\t\t<meta property=\"og:image:secure_url\" content=\"https:\/\/www.immo-invest.ch\/wp-content\/uploads\/2023\/04\/0a139901-a915-477f-956c-14ad517e10b1-scaled-e1682422382245.jpeg\" \/>\n\t\t<meta property=\"og:image:width\" content=\"2560\" \/>\n\t\t<meta property=\"og:image:height\" content=\"1280\" \/>\n\t\t<meta property=\"article:published_time\" content=\"2023-04-25T11:36:39+00:00\" \/>\n\t\t<meta property=\"article:modified_time\" content=\"2023-04-25T11:41:57+00:00\" \/>\n\t\t<meta property=\"article:publisher\" content=\"https:\/\/www.facebook.com\/people\/Immoinvest\/100077962920504\/\" \/>\n\t\t<meta name=\"twitter:card\" content=\"summary_large_image\" \/>\n\t\t<meta name=\"twitter:site\" content=\"@i\" \/>\n\t\t<meta name=\"twitter:title\" content=\"Avenir de la gare de Berne : les mesures de circulation sont mises \u00e0 l\u2019enqu\u00eate - immo!nvest - Die Plattform f\u00fcr Standorte und Immobilien\" \/>\n\t\t<meta name=\"twitter:description\" content=\"Les mesures municipales de construction et de circulation pr\u00e9vues dans le cadre du projet &quot;Avenir de la gare de Berne&quot; (ZBB) seront mises \u00e0 l&#039;enqu\u00eate publique \u00e0 partir du 26 avril 2023. Le projet approuv\u00e9 par les \u00e9lecteurs en mars 2021 a \u00e9t\u00e9 remani\u00e9 dans le secteur du Hirschengraben sur la base de plusieurs expertises.\" \/>\n\t\t<meta name=\"twitter:creator\" content=\"@i\" \/>\n\t\t<meta name=\"twitter:image\" content=\"https:\/\/www.immo-invest.ch\/wp-content\/uploads\/2023\/04\/0a139901-a915-477f-956c-14ad517e10b1-scaled-e1682422382245.jpeg\" \/>\n\t\t<script type=\"application\/ld+json\" class=\"aioseo-schema\">\n\t\t\t{\"@context\":\"https:\\\/\\\/schema.org\",\"@graph\":[{\"@type\":\"BlogPosting\",\"@id\":\"https:\\\/\\\/www.immo-invest.ch\\\/fr\\\/zukunft-bahnhof-bern-verkehrsmassnahmen-werden-aufgelegt\\\/#blogposting\",\"name\":\"Avenir de la gare de Berne : les mesures de circulation sont mises \\u00e0 l\\u2019enqu\\u00eate - immo!nvest - Die Plattform f\\u00fcr Standorte und Immobilien\",\"headline\":\"Avenir de la gare de Berne : les mesures de circulation sont mises \\u00e0 l&rsquo;enqu\\u00eate\",\"author\":{\"@id\":\"https:\\\/\\\/www.immo-invest.ch\\\/fr\\\/author\\\/immovestuser\\\/#author\"},\"publisher\":{\"@id\":\"https:\\\/\\\/www.immo-invest.ch\\\/fr\\\/#organization\"},\"image\":{\"@type\":\"ImageObject\",\"url\":\"https:\\\/\\\/www.immo-invest.ch\\\/wp-content\\\/uploads\\\/2023\\\/04\\\/0a139901-a915-477f-956c-14ad517e10b1-scaled-e1682422382245.jpeg\",\"width\":2560,\"height\":1280},\"datePublished\":\"2023-04-25T13:36:39+02:00\",\"dateModified\":\"2023-04-25T13:41:57+02:00\",\"inLanguage\":\"fr-FR\",\"mainEntityOfPage\":{\"@id\":\"https:\\\/\\\/www.immo-invest.ch\\\/fr\\\/zukunft-bahnhof-bern-verkehrsmassnahmen-werden-aufgelegt\\\/#webpage\"},\"isPartOf\":{\"@id\":\"https:\\\/\\\/www.immo-invest.ch\\\/fr\\\/zukunft-bahnhof-bern-verkehrsmassnahmen-werden-aufgelegt\\\/#webpage\"},\"articleSection\":\"Mobilit\\u00e9, Baumassnahmen, Hirschengraben, RBS, SBB, Verkehrsmassnahmen, ZBB, Zukunft Bahnhof Bern, Facultatif\"},{\"@type\":\"BreadcrumbList\",\"@id\":\"https:\\\/\\\/www.immo-invest.ch\\\/fr\\\/zukunft-bahnhof-bern-verkehrsmassnahmen-werden-aufgelegt\\\/#breadcrumblist\",\"itemListElement\":[{\"@type\":\"ListItem\",\"@id\":\"https:\\\/\\\/www.immo-invest.ch\\\/fr\\\/#listItem\",\"position\":1,\"name\":\"Home\",\"item\":\"https:\\\/\\\/www.immo-invest.ch\\\/fr\\\/\",\"nextItem\":{\"@type\":\"ListItem\",\"@id\":\"https:\\\/\\\/www.immo-invest.ch\\\/fr\\\/categories\\\/trends-fr\\\/#listItem\",\"name\":\"Trends\"}},{\"@type\":\"ListItem\",\"@id\":\"https:\\\/\\\/www.immo-invest.ch\\\/fr\\\/categories\\\/trends-fr\\\/#listItem\",\"position\":2,\"name\":\"Trends\",\"item\":\"https:\\\/\\\/www.immo-invest.ch\\\/fr\\\/categories\\\/trends-fr\\\/\",\"nextItem\":{\"@type\":\"ListItem\",\"@id\":\"https:\\\/\\\/www.immo-invest.ch\\\/fr\\\/categories\\\/trends-fr\\\/mobilite\\\/#listItem\",\"name\":\"Mobilit\\u00e9\"},\"previousItem\":{\"@type\":\"ListItem\",\"@id\":\"https:\\\/\\\/www.immo-invest.ch\\\/fr\\\/#listItem\",\"name\":\"Home\"}},{\"@type\":\"ListItem\",\"@id\":\"https:\\\/\\\/www.immo-invest.ch\\\/fr\\\/categories\\\/trends-fr\\\/mobilite\\\/#listItem\",\"position\":3,\"name\":\"Mobilit\\u00e9\",\"item\":\"https:\\\/\\\/www.immo-invest.ch\\\/fr\\\/categories\\\/trends-fr\\\/mobilite\\\/\",\"nextItem\":{\"@type\":\"ListItem\",\"@id\":\"https:\\\/\\\/www.immo-invest.ch\\\/fr\\\/zukunft-bahnhof-bern-verkehrsmassnahmen-werden-aufgelegt\\\/#listItem\",\"name\":\"Avenir de la gare de Berne : les mesures de circulation sont mises \\u00e0 l&rsquo;enqu\\u00eate\"},\"previousItem\":{\"@type\":\"ListItem\",\"@id\":\"https:\\\/\\\/www.immo-invest.ch\\\/fr\\\/categories\\\/trends-fr\\\/#listItem\",\"name\":\"Trends\"}},{\"@type\":\"ListItem\",\"@id\":\"https:\\\/\\\/www.immo-invest.ch\\\/fr\\\/zukunft-bahnhof-bern-verkehrsmassnahmen-werden-aufgelegt\\\/#listItem\",\"position\":4,\"name\":\"Avenir de la gare de Berne : les mesures de circulation sont mises \\u00e0 l&rsquo;enqu\\u00eate\",\"previousItem\":{\"@type\":\"ListItem\",\"@id\":\"https:\\\/\\\/www.immo-invest.ch\\\/fr\\\/categories\\\/trends-fr\\\/mobilite\\\/#listItem\",\"name\":\"Mobilit\\u00e9\"}}]},{\"@type\":\"Organization\",\"@id\":\"https:\\\/\\\/www.immo-invest.ch\\\/fr\\\/#organization\",\"name\":\"immo!nvest - Die Plattform f\\u00fcr Standorte und Immobilien\",\"description\":\"Die\\u00a0Plattform f\\u00fcr Standorte und Immobilien\",\"url\":\"https:\\\/\\\/www.immo-invest.ch\\\/fr\\\/\",\"email\":\"admin@immomedia.ag\",\"telephone\":\"+41444420002\",\"logo\":{\"@type\":\"ImageObject\",\"url\":\"https:\\\/\\\/www.immo-invest.ch\\\/wp-content\\\/uploads\\\/2024\\\/09\\\/immoinvest_sm-scaled.jpg\",\"@id\":\"https:\\\/\\\/www.immo-invest.ch\\\/fr\\\/zukunft-bahnhof-bern-verkehrsmassnahmen-werden-aufgelegt\\\/#organizationLogo\",\"width\":2560,\"height\":1340},\"image\":{\"@id\":\"https:\\\/\\\/www.immo-invest.ch\\\/fr\\\/zukunft-bahnhof-bern-verkehrsmassnahmen-werden-aufgelegt\\\/#organizationLogo\"},\"sameAs\":[\"https:\\\/\\\/www.facebook.com\\\/people\\\/Immoinvest\\\/100077962920504\\\/\",\"https:\\\/\\\/x.com\\\/i\\\/flow\\\/login?redirect_after_login=immoinvest_ch\",\"https:\\\/\\\/www.instagram.com\\\/immoinvest_ch\\\/\",\"https:\\\/\\\/www.linkedin.com\\\/company\\\/immoinvest-swiss\"]},{\"@type\":\"Person\",\"@id\":\"https:\\\/\\\/www.immo-invest.ch\\\/fr\\\/author\\\/immovestuser\\\/#author\",\"url\":\"https:\\\/\\\/www.immo-invest.ch\\\/fr\\\/author\\\/immovestuser\\\/\",\"name\":\"immovestuser\",\"image\":{\"@type\":\"ImageObject\",\"@id\":\"https:\\\/\\\/www.immo-invest.ch\\\/fr\\\/zukunft-bahnhof-bern-verkehrsmassnahmen-werden-aufgelegt\\\/#authorImage\",\"url\":\"https:\\\/\\\/secure.gravatar.com\\\/avatar\\\/8e01f4d99f2eeea7a362ebb93305e1172a70e9293ba250f897a65c39f54cdd1e?s=96&d=mm&r=g\",\"width\":96,\"height\":96,\"caption\":\"immovestuser\"}},{\"@type\":\"WebPage\",\"@id\":\"https:\\\/\\\/www.immo-invest.ch\\\/fr\\\/zukunft-bahnhof-bern-verkehrsmassnahmen-werden-aufgelegt\\\/#webpage\",\"url\":\"https:\\\/\\\/www.immo-invest.ch\\\/fr\\\/zukunft-bahnhof-bern-verkehrsmassnahmen-werden-aufgelegt\\\/\",\"name\":\"Avenir de la gare de Berne : les mesures de circulation sont mises \\u00e0 l\\u2019enqu\\u00eate - immo!nvest - Die Plattform f\\u00fcr Standorte und Immobilien\",\"description\":\"Les mesures municipales de construction et de circulation pr\\u00e9vues dans le cadre du projet \\\"Avenir de la gare de Berne\\\" (ZBB) seront mises \\u00e0 l'enqu\\u00eate publique \\u00e0 partir du 26 avril 2023. Le projet approuv\\u00e9 par les \\u00e9lecteurs en mars 2021 a \\u00e9t\\u00e9 remani\\u00e9 dans le secteur du Hirschengraben sur la base de plusieurs expertises.\",\"inLanguage\":\"fr-FR\",\"isPartOf\":{\"@id\":\"https:\\\/\\\/www.immo-invest.ch\\\/fr\\\/#website\"},\"breadcrumb\":{\"@id\":\"https:\\\/\\\/www.immo-invest.ch\\\/fr\\\/zukunft-bahnhof-bern-verkehrsmassnahmen-werden-aufgelegt\\\/#breadcrumblist\"},\"author\":{\"@id\":\"https:\\\/\\\/www.immo-invest.ch\\\/fr\\\/author\\\/immovestuser\\\/#author\"},\"creator\":{\"@id\":\"https:\\\/\\\/www.immo-invest.ch\\\/fr\\\/author\\\/immovestuser\\\/#author\"},\"image\":{\"@type\":\"ImageObject\",\"url\":\"https:\\\/\\\/www.immo-invest.ch\\\/wp-content\\\/uploads\\\/2023\\\/04\\\/0a139901-a915-477f-956c-14ad517e10b1-scaled-e1682422382245.jpeg\",\"@id\":\"https:\\\/\\\/www.immo-invest.ch\\\/fr\\\/zukunft-bahnhof-bern-verkehrsmassnahmen-werden-aufgelegt\\\/#mainImage\",\"width\":2560,\"height\":1280},\"primaryImageOfPage\":{\"@id\":\"https:\\\/\\\/www.immo-invest.ch\\\/fr\\\/zukunft-bahnhof-bern-verkehrsmassnahmen-werden-aufgelegt\\\/#mainImage\"},\"datePublished\":\"2023-04-25T13:36:39+02:00\",\"dateModified\":\"2023-04-25T13:41:57+02:00\"},{\"@type\":\"WebSite\",\"@id\":\"https:\\\/\\\/www.immo-invest.ch\\\/fr\\\/#website\",\"url\":\"https:\\\/\\\/www.immo-invest.ch\\\/fr\\\/\",\"name\":\"immo!nvest - Die Plattform f\\u00fcr Standorte und Immobilien\",\"description\":\"Die\\u00a0Plattform f\\u00fcr Standorte und Immobilien\",\"inLanguage\":\"fr-FR\",\"publisher\":{\"@id\":\"https:\\\/\\\/www.immo-invest.ch\\\/fr\\\/#organization\"}}]}\n\t\t<\/script>\n\t\t<!-- All in One SEO -->\n\n","aioseo_head_json":{"title":"Avenir de la gare de Berne : les mesures de circulation sont mises \u00e0 l\u2019enqu\u00eate - immo!nvest - Die Plattform f\u00fcr Standorte und Immobilien","description":"Les mesures municipales de construction et de circulation pr\u00e9vues dans le cadre du projet \"Avenir de la gare de Berne\" (ZBB) seront mises \u00e0 l'enqu\u00eate publique \u00e0 partir du 26 avril 2023. Le projet approuv\u00e9 par les \u00e9lecteurs en mars 2021 a \u00e9t\u00e9 remani\u00e9 dans le secteur du Hirschengraben sur la base de plusieurs expertises.","canonical_url":"https:\/\/www.immo-invest.ch\/fr\/zukunft-bahnhof-bern-verkehrsmassnahmen-werden-aufgelegt\/","robots":"max-image-preview:large","keywords":"","webmasterTools":{"google-site-verification":"fHJKvgWpZCR2zVBHWfkQeFXC11qieUSff0HGNYfuyLA","miscellaneous":""},"schema":{"@context":"https:\/\/schema.org","@graph":[{"@type":"BlogPosting","@id":"https:\/\/www.immo-invest.ch\/fr\/zukunft-bahnhof-bern-verkehrsmassnahmen-werden-aufgelegt\/#blogposting","name":"Avenir de la gare de Berne : les mesures de circulation sont mises \u00e0 l\u2019enqu\u00eate - immo!nvest - Die Plattform f\u00fcr Standorte und Immobilien","headline":"Avenir de la gare de Berne : les mesures de circulation sont mises \u00e0 l&rsquo;enqu\u00eate","author":{"@id":"https:\/\/www.immo-invest.ch\/fr\/author\/immovestuser\/#author"},"publisher":{"@id":"https:\/\/www.immo-invest.ch\/fr\/#organization"},"image":{"@type":"ImageObject","url":"https:\/\/www.immo-invest.ch\/wp-content\/uploads\/2023\/04\/0a139901-a915-477f-956c-14ad517e10b1-scaled-e1682422382245.jpeg","width":2560,"height":1280},"datePublished":"2023-04-25T13:36:39+02:00","dateModified":"2023-04-25T13:41:57+02:00","inLanguage":"fr-FR","mainEntityOfPage":{"@id":"https:\/\/www.immo-invest.ch\/fr\/zukunft-bahnhof-bern-verkehrsmassnahmen-werden-aufgelegt\/#webpage"},"isPartOf":{"@id":"https:\/\/www.immo-invest.ch\/fr\/zukunft-bahnhof-bern-verkehrsmassnahmen-werden-aufgelegt\/#webpage"},"articleSection":"Mobilit\u00e9, Baumassnahmen, Hirschengraben, RBS, SBB, Verkehrsmassnahmen, ZBB, Zukunft Bahnhof Bern, Facultatif"},{"@type":"BreadcrumbList","@id":"https:\/\/www.immo-invest.ch\/fr\/zukunft-bahnhof-bern-verkehrsmassnahmen-werden-aufgelegt\/#breadcrumblist","itemListElement":[{"@type":"ListItem","@id":"https:\/\/www.immo-invest.ch\/fr\/#listItem","position":1,"name":"Home","item":"https:\/\/www.immo-invest.ch\/fr\/","nextItem":{"@type":"ListItem","@id":"https:\/\/www.immo-invest.ch\/fr\/categories\/trends-fr\/#listItem","name":"Trends"}},{"@type":"ListItem","@id":"https:\/\/www.immo-invest.ch\/fr\/categories\/trends-fr\/#listItem","position":2,"name":"Trends","item":"https:\/\/www.immo-invest.ch\/fr\/categories\/trends-fr\/","nextItem":{"@type":"ListItem","@id":"https:\/\/www.immo-invest.ch\/fr\/categories\/trends-fr\/mobilite\/#listItem","name":"Mobilit\u00e9"},"previousItem":{"@type":"ListItem","@id":"https:\/\/www.immo-invest.ch\/fr\/#listItem","name":"Home"}},{"@type":"ListItem","@id":"https:\/\/www.immo-invest.ch\/fr\/categories\/trends-fr\/mobilite\/#listItem","position":3,"name":"Mobilit\u00e9","item":"https:\/\/www.immo-invest.ch\/fr\/categories\/trends-fr\/mobilite\/","nextItem":{"@type":"ListItem","@id":"https:\/\/www.immo-invest.ch\/fr\/zukunft-bahnhof-bern-verkehrsmassnahmen-werden-aufgelegt\/#listItem","name":"Avenir de la gare de Berne : les mesures de circulation sont mises \u00e0 l&rsquo;enqu\u00eate"},"previousItem":{"@type":"ListItem","@id":"https:\/\/www.immo-invest.ch\/fr\/categories\/trends-fr\/#listItem","name":"Trends"}},{"@type":"ListItem","@id":"https:\/\/www.immo-invest.ch\/fr\/zukunft-bahnhof-bern-verkehrsmassnahmen-werden-aufgelegt\/#listItem","position":4,"name":"Avenir de la gare de Berne : les mesures de circulation sont mises \u00e0 l&rsquo;enqu\u00eate","previousItem":{"@type":"ListItem","@id":"https:\/\/www.immo-invest.ch\/fr\/categories\/trends-fr\/mobilite\/#listItem","name":"Mobilit\u00e9"}}]},{"@type":"Organization","@id":"https:\/\/www.immo-invest.ch\/fr\/#organization","name":"immo!nvest - Die Plattform f\u00fcr Standorte und Immobilien","description":"Die\u00a0Plattform f\u00fcr Standorte und Immobilien","url":"https:\/\/www.immo-invest.ch\/fr\/","email":"admin@immomedia.ag","telephone":"+41444420002","logo":{"@type":"ImageObject","url":"https:\/\/www.immo-invest.ch\/wp-content\/uploads\/2024\/09\/immoinvest_sm-scaled.jpg","@id":"https:\/\/www.immo-invest.ch\/fr\/zukunft-bahnhof-bern-verkehrsmassnahmen-werden-aufgelegt\/#organizationLogo","width":2560,"height":1340},"image":{"@id":"https:\/\/www.immo-invest.ch\/fr\/zukunft-bahnhof-bern-verkehrsmassnahmen-werden-aufgelegt\/#organizationLogo"},"sameAs":["https:\/\/www.facebook.com\/people\/Immoinvest\/100077962920504\/","https:\/\/x.com\/i\/flow\/login?redirect_after_login=immoinvest_ch","https:\/\/www.instagram.com\/immoinvest_ch\/","https:\/\/www.linkedin.com\/company\/immoinvest-swiss"]},{"@type":"Person","@id":"https:\/\/www.immo-invest.ch\/fr\/author\/immovestuser\/#author","url":"https:\/\/www.immo-invest.ch\/fr\/author\/immovestuser\/","name":"immovestuser","image":{"@type":"ImageObject","@id":"https:\/\/www.immo-invest.ch\/fr\/zukunft-bahnhof-bern-verkehrsmassnahmen-werden-aufgelegt\/#authorImage","url":"https:\/\/secure.gravatar.com\/avatar\/8e01f4d99f2eeea7a362ebb93305e1172a70e9293ba250f897a65c39f54cdd1e?s=96&d=mm&r=g","width":96,"height":96,"caption":"immovestuser"}},{"@type":"WebPage","@id":"https:\/\/www.immo-invest.ch\/fr\/zukunft-bahnhof-bern-verkehrsmassnahmen-werden-aufgelegt\/#webpage","url":"https:\/\/www.immo-invest.ch\/fr\/zukunft-bahnhof-bern-verkehrsmassnahmen-werden-aufgelegt\/","name":"Avenir de la gare de Berne : les mesures de circulation sont mises \u00e0 l\u2019enqu\u00eate - immo!nvest - Die Plattform f\u00fcr Standorte und Immobilien","description":"Les mesures municipales de construction et de circulation pr\u00e9vues dans le cadre du projet \"Avenir de la gare de Berne\" (ZBB) seront mises \u00e0 l'enqu\u00eate publique \u00e0 partir du 26 avril 2023. Le projet approuv\u00e9 par les \u00e9lecteurs en mars 2021 a \u00e9t\u00e9 remani\u00e9 dans le secteur du Hirschengraben sur la base de plusieurs expertises.","inLanguage":"fr-FR","isPartOf":{"@id":"https:\/\/www.immo-invest.ch\/fr\/#website"},"breadcrumb":{"@id":"https:\/\/www.immo-invest.ch\/fr\/zukunft-bahnhof-bern-verkehrsmassnahmen-werden-aufgelegt\/#breadcrumblist"},"author":{"@id":"https:\/\/www.immo-invest.ch\/fr\/author\/immovestuser\/#author"},"creator":{"@id":"https:\/\/www.immo-invest.ch\/fr\/author\/immovestuser\/#author"},"image":{"@type":"ImageObject","url":"https:\/\/www.immo-invest.ch\/wp-content\/uploads\/2023\/04\/0a139901-a915-477f-956c-14ad517e10b1-scaled-e1682422382245.jpeg","@id":"https:\/\/www.immo-invest.ch\/fr\/zukunft-bahnhof-bern-verkehrsmassnahmen-werden-aufgelegt\/#mainImage","width":2560,"height":1280},"primaryImageOfPage":{"@id":"https:\/\/www.immo-invest.ch\/fr\/zukunft-bahnhof-bern-verkehrsmassnahmen-werden-aufgelegt\/#mainImage"},"datePublished":"2023-04-25T13:36:39+02:00","dateModified":"2023-04-25T13:41:57+02:00"},{"@type":"WebSite","@id":"https:\/\/www.immo-invest.ch\/fr\/#website","url":"https:\/\/www.immo-invest.ch\/fr\/","name":"immo!nvest - Die Plattform f\u00fcr Standorte und Immobilien","description":"Die\u00a0Plattform f\u00fcr Standorte und Immobilien","inLanguage":"fr-FR","publisher":{"@id":"https:\/\/www.immo-invest.ch\/fr\/#organization"}}]},"og:locale":"fr_FR","og:site_name":"immo!nvest - Die Plattform f\u00fcr Standorte und Immobilien - Die\u00a0Plattform f\u00fcr Standorte und Immobilien","og:type":"article","og:title":"Avenir de la gare de Berne : les mesures de circulation sont mises \u00e0 l\u2019enqu\u00eate - immo!nvest - Die Plattform f\u00fcr Standorte und Immobilien","og:description":"Les mesures municipales de construction et de circulation pr\u00e9vues dans le cadre du projet &quot;Avenir de la gare de Berne&quot; (ZBB) seront mises \u00e0 l'enqu\u00eate publique \u00e0 partir du 26 avril 2023. Le projet approuv\u00e9 par les \u00e9lecteurs en mars 2021 a \u00e9t\u00e9 remani\u00e9 dans le secteur du Hirschengraben sur la base de plusieurs expertises.","og:url":"https:\/\/www.immo-invest.ch\/fr\/zukunft-bahnhof-bern-verkehrsmassnahmen-werden-aufgelegt\/","og:image":"https:\/\/www.immo-invest.ch\/wp-content\/uploads\/2023\/04\/0a139901-a915-477f-956c-14ad517e10b1-scaled-e1682422382245.jpeg","og:image:secure_url":"https:\/\/www.immo-invest.ch\/wp-content\/uploads\/2023\/04\/0a139901-a915-477f-956c-14ad517e10b1-scaled-e1682422382245.jpeg","og:image:width":2560,"og:image:height":1280,"article:published_time":"2023-04-25T11:36:39+00:00","article:modified_time":"2023-04-25T11:41:57+00:00","article:publisher":"https:\/\/www.facebook.com\/people\/Immoinvest\/100077962920504\/","twitter:card":"summary_large_image","twitter:site":"@i","twitter:title":"Avenir de la gare de Berne : les mesures de circulation sont mises \u00e0 l\u2019enqu\u00eate - immo!nvest - Die Plattform f\u00fcr Standorte und Immobilien","twitter:description":"Les mesures municipales de construction et de circulation pr\u00e9vues dans le cadre du projet &quot;Avenir de la gare de Berne&quot; (ZBB) seront mises \u00e0 l'enqu\u00eate publique \u00e0 partir du 26 avril 2023. Le projet approuv\u00e9 par les \u00e9lecteurs en mars 2021 a \u00e9t\u00e9 remani\u00e9 dans le secteur du Hirschengraben sur la base de plusieurs expertises.","twitter:creator":"@i","twitter:image":"https:\/\/www.immo-invest.ch\/wp-content\/uploads\/2023\/04\/0a139901-a915-477f-956c-14ad517e10b1-scaled-e1682422382245.jpeg"},"aioseo_meta_data":{"post_id":"54110","title":null,"description":null,"keywords":null,"keyphrases":null,"primary_term":null,"canonical_url":null,"og_title":null,"og_description":null,"og_object_type":"default","og_image_type":"default","og_image_url":null,"og_image_width":null,"og_image_height":null,"og_image_custom_url":null,"og_image_custom_fields":null,"og_video":null,"og_custom_url":null,"og_article_section":null,"og_article_tags":null,"twitter_use_og":false,"twitter_card":"default","twitter_image_type":"default","twitter_image_url":null,"twitter_image_custom_url":null,"twitter_image_custom_fields":null,"twitter_title":null,"twitter_description":null,"schema":{"blockGraphs":[],"customGraphs":[],"default":{"data":{"Article":[],"Course":[],"Dataset":[],"FAQPage":[],"Movie":[],"Person":[],"Product":[],"ProductReview":[],"Car":[],"Recipe":[],"Service":[],"SoftwareApplication":[],"WebPage":[]},"graphName":"","isEnabled":true},"graphs":[]},"schema_type":"default","schema_type_options":null,"pillar_content":false,"robots_default":true,"robots_noindex":false,"robots_noarchive":false,"robots_nosnippet":false,"robots_nofollow":false,"robots_noimageindex":false,"robots_noodp":false,"robots_notranslate":false,"robots_max_snippet":null,"robots_max_videopreview":null,"robots_max_imagepreview":"large","priority":null,"frequency":null,"local_seo":null,"breadcrumb_settings":null,"limit_modified_date":false,"ai":null,"created":"2024-09-20 03:58:47","updated":"2025-10-23 09:44:11","seo_analyzer_scan_date":null,"focus_keyword":null,"additional_keywords":null,"truseo_locale":null},"aioseo_breadcrumb":"<div class=\"aioseo-breadcrumbs\"><span class=\"aioseo-breadcrumb\">\n\t\t\t<a href=\"https:\/\/www.immo-invest.ch\/fr\/\" title=\"Home\">Home<\/a>\n\t\t<\/span><span class=\"aioseo-breadcrumb-separator\">&raquo;<\/span><span class=\"aioseo-breadcrumb\">\n\t\t\t<a href=\"https:\/\/www.immo-invest.ch\/fr\/categories\/trends-fr\/\" title=\"Trends\">Trends<\/a>\n\t\t<\/span><span class=\"aioseo-breadcrumb-separator\">&raquo;<\/span><span class=\"aioseo-breadcrumb\">\n\t\t\t<a href=\"https:\/\/www.immo-invest.ch\/fr\/categories\/trends-fr\/mobilite\/\" title=\"Mobilit\u00e9\">Mobilit\u00e9<\/a>\n\t\t<\/span><span class=\"aioseo-breadcrumb-separator\">&raquo;<\/span><span class=\"aioseo-breadcrumb\">\n\t\t\tAvenir de la gare de Berne : les mesures de circulation sont mises \u00e0 l\u2019enqu\u00eate\n\t\t<\/span><\/div>","aioseo_breadcrumb_json":[{"label":"Home","link":"https:\/\/www.immo-invest.ch\/fr\/"},{"label":"Trends","link":"https:\/\/www.immo-invest.ch\/fr\/categories\/trends-fr\/"},{"label":"Mobilit\u00e9","link":"https:\/\/www.immo-invest.ch\/fr\/categories\/trends-fr\/mobilite\/"},{"label":"Avenir de la gare de Berne : les mesures de circulation sont mises \u00e0 l&rsquo;enqu\u00eate","link":"https:\/\/www.immo-invest.ch\/fr\/zukunft-bahnhof-bern-verkehrsmassnahmen-werden-aufgelegt\/"}],"featured_image_src":"https:\/\/www.immo-invest.ch\/wp-content\/uploads\/2023\/04\/0a139901-a915-477f-956c-14ad517e10b1-336x168.jpeg","_links":{"self":[{"href":"https:\/\/www.immo-invest.ch\/fr\/wp-json\/wp\/v2\/posts\/54110","targetHints":{"allow":["GET"]}}],"collection":[{"href":"https:\/\/www.immo-invest.ch\/fr\/wp-json\/wp\/v2\/posts"}],"about":[{"href":"https:\/\/www.immo-invest.ch\/fr\/wp-json\/wp\/v2\/types\/post"}],"author":[{"embeddable":true,"href":"https:\/\/www.immo-invest.ch\/fr\/wp-json\/wp\/v2\/users\/2"}],"replies":[{"embeddable":true,"href":"https:\/\/www.immo-invest.ch\/fr\/wp-json\/wp\/v2\/comments?post=54110"}],"version-history":[{"count":0,"href":"https:\/\/www.immo-invest.ch\/fr\/wp-json\/wp\/v2\/posts\/54110\/revisions"}],"wp:featuredmedia":[{"embeddable":true,"href":"https:\/\/www.immo-invest.ch\/fr\/wp-json\/wp\/v2\/media\/54095"}],"wp:attachment":[{"href":"https:\/\/www.immo-invest.ch\/fr\/wp-json\/wp\/v2\/media?parent=54110"}],"wp:term":[{"taxonomy":"category","embeddable":true,"href":"https:\/\/www.immo-invest.ch\/fr\/wp-json\/wp\/v2\/categories?post=54110"},{"taxonomy":"post_tag","embeddable":true,"href":"https:\/\/www.immo-invest.ch\/fr\/wp-json\/wp\/v2\/tags?post=54110"}],"curies":[{"name":"wp","href":"https:\/\/api.w.org\/{rel}","templated":true}]}}