{"id":49992,"date":"2023-03-07T10:46:15","date_gmt":"2023-03-07T09:46:15","guid":{"rendered":"https:\/\/www.immo-invest.ch\/patrick-berger-uebernimmt-leitung-von-dbu-facility-services\/"},"modified":"2023-03-07T10:54:06","modified_gmt":"2023-03-07T09:54:06","slug":"patrick-berger-uebernimmt-leitung-von-dbu-facility-services","status":"publish","type":"post","link":"https:\/\/www.immo-invest.ch\/fr\/patrick-berger-uebernimmt-leitung-von-dbu-facility-services\/","title":{"rendered":"Patrick Berger prend la direction de DBU Facility Services"},"content":{"rendered":"<p class=\"wp-block-paragraph\">Patrick Berger est depuis le 1er janvier le nouveau directeur g&eacute;n&eacute;ral de DBU Facility Services AG &agrave; Schlieren. Le trentenaire n&rsquo;est pas seulement le nouveau chef de l&rsquo;entreprise familiale, mais aussi un associ&eacute; de DBU, selon un communiqu&eacute; de presse de l&rsquo;entreprise sp&eacute;cialis&eacute;e dans la gestion des b&acirc;timents. Patrick Berger succ&egrave;de &agrave; son p&egrave;re Daniel Berger &agrave; la t&ecirc;te de l&rsquo;entreprise.<\/p>\n\n\n\n<p class=\"wp-block-paragraph\">Il a rejoint DBU en 2020 pour l&rsquo;aider &agrave; mettre en place le logiciel ERP Abacus. Enterprise-Ressource-Planning (ERP) englobe les domaines du personnel, des ressources, du capital, des moyens d&rsquo;exploitation, du mat&eacute;riel ainsi que des technologies de l&rsquo;information et de la communication. Depuis plus de deux ans, Patrick Berger s&rsquo;efforce de faire progresser la num&eacute;risation au sein de la DBU.<\/p>\n\n\n\n<p class=\"wp-block-paragraph\">&laquo;&nbsp;C&rsquo;est un immense privil&egrave;ge et pas du tout &eacute;vident que je puisse assumer une telle responsabilit&eacute; &agrave; mon jeune &acirc;ge&nbsp;&raquo;, d&eacute;clare Patrick Berger, titulaire d&rsquo;un master en gestion d&rsquo;entreprise. &laquo;&nbsp;Gr&acirc;ce &agrave; cette solution de succession, la responsabilit&eacute; de DBU reste entre les mains des propri&eacute;taires&nbsp;&raquo;, d&eacute;clare Daniel Berger.<\/p>\n\n\n\n<p class=\"wp-block-paragraph\">Outre le nouveau directeur g&eacute;n&eacute;ral, DBU a &eacute;galement int&eacute;gr&eacute; d&rsquo;autres jeunes cadres &agrave; son &eacute;quipe. en 2021, Joanna Schneider a pris la direction de l&rsquo;administration et des ressources humaines. Elle est entr&eacute;e chez DBU en tant qu&rsquo;apprentie commerciale et a gravi les &eacute;chelons jusqu&rsquo;&agrave; devenir membre de la direction.<\/p>\n\n\n\n<p class=\"wp-block-paragraph\">Avec Sandro De Nardo, directeur financier et responsable des technologies de l&rsquo;information et de la communication (TIC), un nouveau visage jeune a rejoint la DBU en 2021. Au printemps 2022, Reto Langenegger, un collaborateur exp&eacute;riment&eacute; dans le Facility Management, a rejoint l&rsquo;entreprise pour la direction op&eacute;rationnelle des Facility Services. Avec cette &eacute;quipe de direction solide, le nouveau directeur g&eacute;n&eacute;ral souhaite se concentrer sur des th&egrave;mes transversaux et renforcer la position de DBU sur le march&eacute;.<\/p>\n","protected":false},"excerpt":{"rendered":"<p>Depuis le 1er janvier 2023, Patrick Berger pr\u00e9side aux destin\u00e9es de DBU Facility Services AG. Le jeune homme de 31 ans reprend ainsi le flambeau de son p\u00e8re Daniel Berger. Nous sommes extr\u00eamement heureux que la succession soit assur\u00e9e dans notre entreprise familiale. Derri\u00e8re DBU se trouve aujourd&rsquo;hui une \u00e9quipe jeune et comp\u00e9tente.  <\/p>\n","protected":false},"author":2,"featured_media":49975,"comment_status":"open","ping_status":"open","sticky":false,"template":"","format":"standard","meta":{"pmpro_default_level":"","inline_featured_image":false,"_monsterinsights_skip_tracking":false,"footnotes":""},"categories":[4464],"tags":[36646,848,872,3931,36647,2002,36648,36649,36524],"class_list":["post-49992","post","type-post","status-publish","format-standard","has-post-thumbnail","hentry","category-gens","tag-familienunternehmen-fr","tag-immobilien-fr","tag-immoinvest-fr","tag-immonews-fr","tag-nachfolge-2-fr","tag-news-fr","tag-team-fr","tag-vater-fr","tag-zepter-fr","pmpro-has-access"],"acf":{"bild_mit_ki_erstellt_worden":[],"lead":"Depuis le 1er janvier 2023, Patrick Berger pr\u00e9side aux destin\u00e9es de DBU Facility Services AG. Le jeune homme de 31 ans reprend ainsi le flambeau de son p\u00e8re Daniel Berger. Nous sommes extr\u00eamement heureux que la succession soit assur\u00e9e dans notre entreprise familiale. Derri\u00e8re DBU se trouve aujourd'hui une \u00e9quipe jeune et comp\u00e9tente.  ","autor":"Quelle www.dbu.ch","ort":"","bildunterschrift":"","bild_im_grid":false,"gallerie":"","newsim":""},"aioseo_notices":[],"aioseo_head":"\n\t\t<!-- All in One SEO 5.0.0.1 - aioseo.com -->\n\t<meta name=\"description\" content=\"Depuis le 1er janvier 2023, Patrick Berger pr\u00e9side aux destin\u00e9es de DBU Facility Services AG. Le jeune homme de 31 ans reprend ainsi le flambeau de son p\u00e8re Daniel Berger. Nous sommes extr\u00eamement heureux que la succession soit assur\u00e9e dans notre entreprise familiale. Derri\u00e8re DBU se trouve aujourd&#039;hui une \u00e9quipe jeune et comp\u00e9tente.\" \/>\n\t<meta name=\"robots\" content=\"max-image-preview:large\" \/>\n\t<meta name=\"author\" content=\"immovestuser\"\/>\n\t<meta name=\"google-site-verification\" content=\"fHJKvgWpZCR2zVBHWfkQeFXC11qieUSff0HGNYfuyLA\" \/>\n\t<link rel=\"canonical\" href=\"https:\/\/www.immo-invest.ch\/fr\/patrick-berger-uebernimmt-leitung-von-dbu-facility-services\/\" \/>\n\t<meta name=\"generator\" content=\"All in One SEO (AIOSEO) 5.0.0.1\" \/>\n\t\t<meta property=\"og:locale\" content=\"fr_FR\" \/>\n\t\t<meta property=\"og:site_name\" content=\"immo!nvest - Die Plattform f\u00fcr Standorte und Immobilien - Die\u00a0Plattform f\u00fcr Standorte und Immobilien\" \/>\n\t\t<meta property=\"og:type\" content=\"article\" \/>\n\t\t<meta property=\"og:title\" content=\"Patrick Berger prend la direction de DBU Facility Services - immo!nvest - Die Plattform f\u00fcr Standorte und Immobilien\" \/>\n\t\t<meta property=\"og:description\" content=\"Depuis le 1er janvier 2023, Patrick Berger pr\u00e9side aux destin\u00e9es de DBU Facility Services AG. Le jeune homme de 31 ans reprend ainsi le flambeau de son p\u00e8re Daniel Berger. Nous sommes extr\u00eamement heureux que la succession soit assur\u00e9e dans notre entreprise familiale. Derri\u00e8re DBU se trouve aujourd&#039;hui une \u00e9quipe jeune et comp\u00e9tente.\" \/>\n\t\t<meta property=\"og:url\" content=\"https:\/\/www.immo-invest.ch\/fr\/patrick-berger-uebernimmt-leitung-von-dbu-facility-services\/\" \/>\n\t\t<meta property=\"og:image\" content=\"https:\/\/www.immo-invest.ch\/wp-content\/uploads\/2023\/03\/DSC2614_2323-e1678182356478.jpg\" \/>\n\t\t<meta property=\"og:image:secure_url\" content=\"https:\/\/www.immo-invest.ch\/wp-content\/uploads\/2023\/03\/DSC2614_2323-e1678182356478.jpg\" \/>\n\t\t<meta property=\"og:image:width\" content=\"859\" \/>\n\t\t<meta property=\"og:image:height\" content=\"429\" \/>\n\t\t<meta property=\"article:published_time\" content=\"2023-03-07T09:46:15+00:00\" \/>\n\t\t<meta property=\"article:modified_time\" content=\"2023-03-07T09:54:06+00:00\" \/>\n\t\t<meta property=\"article:publisher\" content=\"https:\/\/www.facebook.com\/people\/Immoinvest\/100077962920504\/\" \/>\n\t\t<meta name=\"twitter:card\" content=\"summary_large_image\" \/>\n\t\t<meta name=\"twitter:site\" content=\"@i\" \/>\n\t\t<meta name=\"twitter:title\" content=\"Patrick Berger prend la direction de DBU Facility Services - immo!nvest - Die Plattform f\u00fcr Standorte und Immobilien\" \/>\n\t\t<meta name=\"twitter:description\" content=\"Depuis le 1er janvier 2023, Patrick Berger pr\u00e9side aux destin\u00e9es de DBU Facility Services AG. Le jeune homme de 31 ans reprend ainsi le flambeau de son p\u00e8re Daniel Berger. Nous sommes extr\u00eamement heureux que la succession soit assur\u00e9e dans notre entreprise familiale. Derri\u00e8re DBU se trouve aujourd&#039;hui une \u00e9quipe jeune et comp\u00e9tente.\" \/>\n\t\t<meta name=\"twitter:creator\" content=\"@i\" \/>\n\t\t<meta name=\"twitter:image\" content=\"https:\/\/www.immo-invest.ch\/wp-content\/uploads\/2023\/03\/DSC2614_2323-e1678182356478.jpg\" \/>\n\t\t<script type=\"application\/ld+json\" class=\"aioseo-schema\">\n\t\t\t{\"@context\":\"https:\\\/\\\/schema.org\",\"@graph\":[{\"@type\":\"BlogPosting\",\"@id\":\"https:\\\/\\\/www.immo-invest.ch\\\/fr\\\/patrick-berger-uebernimmt-leitung-von-dbu-facility-services\\\/#blogposting\",\"name\":\"Patrick Berger prend la direction de DBU Facility Services - immo!nvest - Die Plattform f\\u00fcr Standorte und Immobilien\",\"headline\":\"Patrick Berger prend la direction de DBU Facility Services\",\"author\":{\"@id\":\"https:\\\/\\\/www.immo-invest.ch\\\/fr\\\/author\\\/immovestuser\\\/#author\"},\"publisher\":{\"@id\":\"https:\\\/\\\/www.immo-invest.ch\\\/fr\\\/#organization\"},\"image\":{\"@type\":\"ImageObject\",\"url\":\"https:\\\/\\\/www.immo-invest.ch\\\/wp-content\\\/uploads\\\/2023\\\/03\\\/DSC2614_2323-e1678182356478.jpg\",\"width\":859,\"height\":429},\"datePublished\":\"2023-03-07T10:46:15+01:00\",\"dateModified\":\"2023-03-07T10:54:06+01:00\",\"inLanguage\":\"fr-FR\",\"mainEntityOfPage\":{\"@id\":\"https:\\\/\\\/www.immo-invest.ch\\\/fr\\\/patrick-berger-uebernimmt-leitung-von-dbu-facility-services\\\/#webpage\"},\"isPartOf\":{\"@id\":\"https:\\\/\\\/www.immo-invest.ch\\\/fr\\\/patrick-berger-uebernimmt-leitung-von-dbu-facility-services\\\/#webpage\"},\"articleSection\":\"Gens, Familienunternehmen, immobilien, Immoinvest, immoNews, Nachfolge, News, Team, Vater, Zepter, Facultatif\"},{\"@type\":\"BreadcrumbList\",\"@id\":\"https:\\\/\\\/www.immo-invest.ch\\\/fr\\\/patrick-berger-uebernimmt-leitung-von-dbu-facility-services\\\/#breadcrumblist\",\"itemListElement\":[{\"@type\":\"ListItem\",\"@id\":\"https:\\\/\\\/www.immo-invest.ch\\\/fr\\\/#listItem\",\"position\":1,\"name\":\"Home\",\"item\":\"https:\\\/\\\/www.immo-invest.ch\\\/fr\\\/\",\"nextItem\":{\"@type\":\"ListItem\",\"@id\":\"https:\\\/\\\/www.immo-invest.ch\\\/fr\\\/categories\\\/personnes\\\/#listItem\",\"name\":\"Personnes\"}},{\"@type\":\"ListItem\",\"@id\":\"https:\\\/\\\/www.immo-invest.ch\\\/fr\\\/categories\\\/personnes\\\/#listItem\",\"position\":2,\"name\":\"Personnes\",\"item\":\"https:\\\/\\\/www.immo-invest.ch\\\/fr\\\/categories\\\/personnes\\\/\",\"nextItem\":{\"@type\":\"ListItem\",\"@id\":\"https:\\\/\\\/www.immo-invest.ch\\\/fr\\\/categories\\\/personnes\\\/gens\\\/#listItem\",\"name\":\"Gens\"},\"previousItem\":{\"@type\":\"ListItem\",\"@id\":\"https:\\\/\\\/www.immo-invest.ch\\\/fr\\\/#listItem\",\"name\":\"Home\"}},{\"@type\":\"ListItem\",\"@id\":\"https:\\\/\\\/www.immo-invest.ch\\\/fr\\\/categories\\\/personnes\\\/gens\\\/#listItem\",\"position\":3,\"name\":\"Gens\",\"item\":\"https:\\\/\\\/www.immo-invest.ch\\\/fr\\\/categories\\\/personnes\\\/gens\\\/\",\"nextItem\":{\"@type\":\"ListItem\",\"@id\":\"https:\\\/\\\/www.immo-invest.ch\\\/fr\\\/patrick-berger-uebernimmt-leitung-von-dbu-facility-services\\\/#listItem\",\"name\":\"Patrick Berger prend la direction de DBU Facility Services\"},\"previousItem\":{\"@type\":\"ListItem\",\"@id\":\"https:\\\/\\\/www.immo-invest.ch\\\/fr\\\/categories\\\/personnes\\\/#listItem\",\"name\":\"Personnes\"}},{\"@type\":\"ListItem\",\"@id\":\"https:\\\/\\\/www.immo-invest.ch\\\/fr\\\/patrick-berger-uebernimmt-leitung-von-dbu-facility-services\\\/#listItem\",\"position\":4,\"name\":\"Patrick Berger prend la direction de DBU Facility Services\",\"previousItem\":{\"@type\":\"ListItem\",\"@id\":\"https:\\\/\\\/www.immo-invest.ch\\\/fr\\\/categories\\\/personnes\\\/gens\\\/#listItem\",\"name\":\"Gens\"}}]},{\"@type\":\"Organization\",\"@id\":\"https:\\\/\\\/www.immo-invest.ch\\\/fr\\\/#organization\",\"name\":\"immo!nvest - Die Plattform f\\u00fcr Standorte und Immobilien\",\"description\":\"Die\\u00a0Plattform f\\u00fcr Standorte und Immobilien\",\"url\":\"https:\\\/\\\/www.immo-invest.ch\\\/fr\\\/\",\"email\":\"admin@immomedia.ag\",\"telephone\":\"+41444420002\",\"logo\":{\"@type\":\"ImageObject\",\"url\":\"https:\\\/\\\/www.immo-invest.ch\\\/wp-content\\\/uploads\\\/2024\\\/09\\\/immoinvest_sm-scaled.jpg\",\"@id\":\"https:\\\/\\\/www.immo-invest.ch\\\/fr\\\/patrick-berger-uebernimmt-leitung-von-dbu-facility-services\\\/#organizationLogo\",\"width\":2560,\"height\":1340},\"image\":{\"@id\":\"https:\\\/\\\/www.immo-invest.ch\\\/fr\\\/patrick-berger-uebernimmt-leitung-von-dbu-facility-services\\\/#organizationLogo\"},\"sameAs\":[\"https:\\\/\\\/www.facebook.com\\\/people\\\/Immoinvest\\\/100077962920504\\\/\",\"https:\\\/\\\/x.com\\\/i\\\/flow\\\/login?redirect_after_login=immoinvest_ch\",\"https:\\\/\\\/www.instagram.com\\\/immoinvest_ch\\\/\",\"https:\\\/\\\/www.linkedin.com\\\/company\\\/immoinvest-swiss\"]},{\"@type\":\"Person\",\"@id\":\"https:\\\/\\\/www.immo-invest.ch\\\/fr\\\/author\\\/immovestuser\\\/#author\",\"url\":\"https:\\\/\\\/www.immo-invest.ch\\\/fr\\\/author\\\/immovestuser\\\/\",\"name\":\"immovestuser\",\"image\":{\"@type\":\"ImageObject\",\"@id\":\"https:\\\/\\\/www.immo-invest.ch\\\/fr\\\/patrick-berger-uebernimmt-leitung-von-dbu-facility-services\\\/#authorImage\",\"url\":\"https:\\\/\\\/secure.gravatar.com\\\/avatar\\\/8e01f4d99f2eeea7a362ebb93305e1172a70e9293ba250f897a65c39f54cdd1e?s=96&d=mm&r=g\",\"width\":96,\"height\":96,\"caption\":\"immovestuser\"}},{\"@type\":\"WebPage\",\"@id\":\"https:\\\/\\\/www.immo-invest.ch\\\/fr\\\/patrick-berger-uebernimmt-leitung-von-dbu-facility-services\\\/#webpage\",\"url\":\"https:\\\/\\\/www.immo-invest.ch\\\/fr\\\/patrick-berger-uebernimmt-leitung-von-dbu-facility-services\\\/\",\"name\":\"Patrick Berger prend la direction de DBU Facility Services - immo!nvest - Die Plattform f\\u00fcr Standorte und Immobilien\",\"description\":\"Depuis le 1er janvier 2023, Patrick Berger pr\\u00e9side aux destin\\u00e9es de DBU Facility Services AG. Le jeune homme de 31 ans reprend ainsi le flambeau de son p\\u00e8re Daniel Berger. Nous sommes extr\\u00eamement heureux que la succession soit assur\\u00e9e dans notre entreprise familiale. Derri\\u00e8re DBU se trouve aujourd'hui une \\u00e9quipe jeune et comp\\u00e9tente.\",\"inLanguage\":\"fr-FR\",\"isPartOf\":{\"@id\":\"https:\\\/\\\/www.immo-invest.ch\\\/fr\\\/#website\"},\"breadcrumb\":{\"@id\":\"https:\\\/\\\/www.immo-invest.ch\\\/fr\\\/patrick-berger-uebernimmt-leitung-von-dbu-facility-services\\\/#breadcrumblist\"},\"author\":{\"@id\":\"https:\\\/\\\/www.immo-invest.ch\\\/fr\\\/author\\\/immovestuser\\\/#author\"},\"creator\":{\"@id\":\"https:\\\/\\\/www.immo-invest.ch\\\/fr\\\/author\\\/immovestuser\\\/#author\"},\"image\":{\"@type\":\"ImageObject\",\"url\":\"https:\\\/\\\/www.immo-invest.ch\\\/wp-content\\\/uploads\\\/2023\\\/03\\\/DSC2614_2323-e1678182356478.jpg\",\"@id\":\"https:\\\/\\\/www.immo-invest.ch\\\/fr\\\/patrick-berger-uebernimmt-leitung-von-dbu-facility-services\\\/#mainImage\",\"width\":859,\"height\":429},\"primaryImageOfPage\":{\"@id\":\"https:\\\/\\\/www.immo-invest.ch\\\/fr\\\/patrick-berger-uebernimmt-leitung-von-dbu-facility-services\\\/#mainImage\"},\"datePublished\":\"2023-03-07T10:46:15+01:00\",\"dateModified\":\"2023-03-07T10:54:06+01:00\"},{\"@type\":\"WebSite\",\"@id\":\"https:\\\/\\\/www.immo-invest.ch\\\/fr\\\/#website\",\"url\":\"https:\\\/\\\/www.immo-invest.ch\\\/fr\\\/\",\"name\":\"immo!nvest - Die Plattform f\\u00fcr Standorte und Immobilien\",\"description\":\"Die\\u00a0Plattform f\\u00fcr Standorte und Immobilien\",\"inLanguage\":\"fr-FR\",\"publisher\":{\"@id\":\"https:\\\/\\\/www.immo-invest.ch\\\/fr\\\/#organization\"}}]}\n\t\t<\/script>\n\t\t<!-- All in One SEO -->\n\n","aioseo_head_json":{"title":"Patrick Berger prend la direction de DBU Facility Services - immo!nvest - Die Plattform f\u00fcr Standorte und Immobilien","description":"Depuis le 1er janvier 2023, Patrick Berger pr\u00e9side aux destin\u00e9es de DBU Facility Services AG. Le jeune homme de 31 ans reprend ainsi le flambeau de son p\u00e8re Daniel Berger. Nous sommes extr\u00eamement heureux que la succession soit assur\u00e9e dans notre entreprise familiale. Derri\u00e8re DBU se trouve aujourd'hui une \u00e9quipe jeune et comp\u00e9tente.","canonical_url":"https:\/\/www.immo-invest.ch\/fr\/patrick-berger-uebernimmt-leitung-von-dbu-facility-services\/","robots":"max-image-preview:large","keywords":"","webmasterTools":{"google-site-verification":"fHJKvgWpZCR2zVBHWfkQeFXC11qieUSff0HGNYfuyLA","miscellaneous":""},"schema":{"@context":"https:\/\/schema.org","@graph":[{"@type":"BlogPosting","@id":"https:\/\/www.immo-invest.ch\/fr\/patrick-berger-uebernimmt-leitung-von-dbu-facility-services\/#blogposting","name":"Patrick Berger prend la direction de DBU Facility Services - immo!nvest - Die Plattform f\u00fcr Standorte und Immobilien","headline":"Patrick Berger prend la direction de DBU Facility Services","author":{"@id":"https:\/\/www.immo-invest.ch\/fr\/author\/immovestuser\/#author"},"publisher":{"@id":"https:\/\/www.immo-invest.ch\/fr\/#organization"},"image":{"@type":"ImageObject","url":"https:\/\/www.immo-invest.ch\/wp-content\/uploads\/2023\/03\/DSC2614_2323-e1678182356478.jpg","width":859,"height":429},"datePublished":"2023-03-07T10:46:15+01:00","dateModified":"2023-03-07T10:54:06+01:00","inLanguage":"fr-FR","mainEntityOfPage":{"@id":"https:\/\/www.immo-invest.ch\/fr\/patrick-berger-uebernimmt-leitung-von-dbu-facility-services\/#webpage"},"isPartOf":{"@id":"https:\/\/www.immo-invest.ch\/fr\/patrick-berger-uebernimmt-leitung-von-dbu-facility-services\/#webpage"},"articleSection":"Gens, Familienunternehmen, immobilien, Immoinvest, immoNews, Nachfolge, News, Team, Vater, Zepter, Facultatif"},{"@type":"BreadcrumbList","@id":"https:\/\/www.immo-invest.ch\/fr\/patrick-berger-uebernimmt-leitung-von-dbu-facility-services\/#breadcrumblist","itemListElement":[{"@type":"ListItem","@id":"https:\/\/www.immo-invest.ch\/fr\/#listItem","position":1,"name":"Home","item":"https:\/\/www.immo-invest.ch\/fr\/","nextItem":{"@type":"ListItem","@id":"https:\/\/www.immo-invest.ch\/fr\/categories\/personnes\/#listItem","name":"Personnes"}},{"@type":"ListItem","@id":"https:\/\/www.immo-invest.ch\/fr\/categories\/personnes\/#listItem","position":2,"name":"Personnes","item":"https:\/\/www.immo-invest.ch\/fr\/categories\/personnes\/","nextItem":{"@type":"ListItem","@id":"https:\/\/www.immo-invest.ch\/fr\/categories\/personnes\/gens\/#listItem","name":"Gens"},"previousItem":{"@type":"ListItem","@id":"https:\/\/www.immo-invest.ch\/fr\/#listItem","name":"Home"}},{"@type":"ListItem","@id":"https:\/\/www.immo-invest.ch\/fr\/categories\/personnes\/gens\/#listItem","position":3,"name":"Gens","item":"https:\/\/www.immo-invest.ch\/fr\/categories\/personnes\/gens\/","nextItem":{"@type":"ListItem","@id":"https:\/\/www.immo-invest.ch\/fr\/patrick-berger-uebernimmt-leitung-von-dbu-facility-services\/#listItem","name":"Patrick Berger prend la direction de DBU Facility Services"},"previousItem":{"@type":"ListItem","@id":"https:\/\/www.immo-invest.ch\/fr\/categories\/personnes\/#listItem","name":"Personnes"}},{"@type":"ListItem","@id":"https:\/\/www.immo-invest.ch\/fr\/patrick-berger-uebernimmt-leitung-von-dbu-facility-services\/#listItem","position":4,"name":"Patrick Berger prend la direction de DBU Facility Services","previousItem":{"@type":"ListItem","@id":"https:\/\/www.immo-invest.ch\/fr\/categories\/personnes\/gens\/#listItem","name":"Gens"}}]},{"@type":"Organization","@id":"https:\/\/www.immo-invest.ch\/fr\/#organization","name":"immo!nvest - Die Plattform f\u00fcr Standorte und Immobilien","description":"Die\u00a0Plattform f\u00fcr Standorte und Immobilien","url":"https:\/\/www.immo-invest.ch\/fr\/","email":"admin@immomedia.ag","telephone":"+41444420002","logo":{"@type":"ImageObject","url":"https:\/\/www.immo-invest.ch\/wp-content\/uploads\/2024\/09\/immoinvest_sm-scaled.jpg","@id":"https:\/\/www.immo-invest.ch\/fr\/patrick-berger-uebernimmt-leitung-von-dbu-facility-services\/#organizationLogo","width":2560,"height":1340},"image":{"@id":"https:\/\/www.immo-invest.ch\/fr\/patrick-berger-uebernimmt-leitung-von-dbu-facility-services\/#organizationLogo"},"sameAs":["https:\/\/www.facebook.com\/people\/Immoinvest\/100077962920504\/","https:\/\/x.com\/i\/flow\/login?redirect_after_login=immoinvest_ch","https:\/\/www.instagram.com\/immoinvest_ch\/","https:\/\/www.linkedin.com\/company\/immoinvest-swiss"]},{"@type":"Person","@id":"https:\/\/www.immo-invest.ch\/fr\/author\/immovestuser\/#author","url":"https:\/\/www.immo-invest.ch\/fr\/author\/immovestuser\/","name":"immovestuser","image":{"@type":"ImageObject","@id":"https:\/\/www.immo-invest.ch\/fr\/patrick-berger-uebernimmt-leitung-von-dbu-facility-services\/#authorImage","url":"https:\/\/secure.gravatar.com\/avatar\/8e01f4d99f2eeea7a362ebb93305e1172a70e9293ba250f897a65c39f54cdd1e?s=96&d=mm&r=g","width":96,"height":96,"caption":"immovestuser"}},{"@type":"WebPage","@id":"https:\/\/www.immo-invest.ch\/fr\/patrick-berger-uebernimmt-leitung-von-dbu-facility-services\/#webpage","url":"https:\/\/www.immo-invest.ch\/fr\/patrick-berger-uebernimmt-leitung-von-dbu-facility-services\/","name":"Patrick Berger prend la direction de DBU Facility Services - immo!nvest - Die Plattform f\u00fcr Standorte und Immobilien","description":"Depuis le 1er janvier 2023, Patrick Berger pr\u00e9side aux destin\u00e9es de DBU Facility Services AG. Le jeune homme de 31 ans reprend ainsi le flambeau de son p\u00e8re Daniel Berger. Nous sommes extr\u00eamement heureux que la succession soit assur\u00e9e dans notre entreprise familiale. Derri\u00e8re DBU se trouve aujourd'hui une \u00e9quipe jeune et comp\u00e9tente.","inLanguage":"fr-FR","isPartOf":{"@id":"https:\/\/www.immo-invest.ch\/fr\/#website"},"breadcrumb":{"@id":"https:\/\/www.immo-invest.ch\/fr\/patrick-berger-uebernimmt-leitung-von-dbu-facility-services\/#breadcrumblist"},"author":{"@id":"https:\/\/www.immo-invest.ch\/fr\/author\/immovestuser\/#author"},"creator":{"@id":"https:\/\/www.immo-invest.ch\/fr\/author\/immovestuser\/#author"},"image":{"@type":"ImageObject","url":"https:\/\/www.immo-invest.ch\/wp-content\/uploads\/2023\/03\/DSC2614_2323-e1678182356478.jpg","@id":"https:\/\/www.immo-invest.ch\/fr\/patrick-berger-uebernimmt-leitung-von-dbu-facility-services\/#mainImage","width":859,"height":429},"primaryImageOfPage":{"@id":"https:\/\/www.immo-invest.ch\/fr\/patrick-berger-uebernimmt-leitung-von-dbu-facility-services\/#mainImage"},"datePublished":"2023-03-07T10:46:15+01:00","dateModified":"2023-03-07T10:54:06+01:00"},{"@type":"WebSite","@id":"https:\/\/www.immo-invest.ch\/fr\/#website","url":"https:\/\/www.immo-invest.ch\/fr\/","name":"immo!nvest - Die Plattform f\u00fcr Standorte und Immobilien","description":"Die\u00a0Plattform f\u00fcr Standorte und Immobilien","inLanguage":"fr-FR","publisher":{"@id":"https:\/\/www.immo-invest.ch\/fr\/#organization"}}]},"og:locale":"fr_FR","og:site_name":"immo!nvest - Die Plattform f\u00fcr Standorte und Immobilien - Die\u00a0Plattform f\u00fcr Standorte und Immobilien","og:type":"article","og:title":"Patrick Berger prend la direction de DBU Facility Services - immo!nvest - Die Plattform f\u00fcr Standorte und Immobilien","og:description":"Depuis le 1er janvier 2023, Patrick Berger pr\u00e9side aux destin\u00e9es de DBU Facility Services AG. Le jeune homme de 31 ans reprend ainsi le flambeau de son p\u00e8re Daniel Berger. Nous sommes extr\u00eamement heureux que la succession soit assur\u00e9e dans notre entreprise familiale. Derri\u00e8re DBU se trouve aujourd'hui une \u00e9quipe jeune et comp\u00e9tente.","og:url":"https:\/\/www.immo-invest.ch\/fr\/patrick-berger-uebernimmt-leitung-von-dbu-facility-services\/","og:image":"https:\/\/www.immo-invest.ch\/wp-content\/uploads\/2023\/03\/DSC2614_2323-e1678182356478.jpg","og:image:secure_url":"https:\/\/www.immo-invest.ch\/wp-content\/uploads\/2023\/03\/DSC2614_2323-e1678182356478.jpg","og:image:width":859,"og:image:height":429,"article:published_time":"2023-03-07T09:46:15+00:00","article:modified_time":"2023-03-07T09:54:06+00:00","article:publisher":"https:\/\/www.facebook.com\/people\/Immoinvest\/100077962920504\/","twitter:card":"summary_large_image","twitter:site":"@i","twitter:title":"Patrick Berger prend la direction de DBU Facility Services - immo!nvest - Die Plattform f\u00fcr Standorte und Immobilien","twitter:description":"Depuis le 1er janvier 2023, Patrick Berger pr\u00e9side aux destin\u00e9es de DBU Facility Services AG. Le jeune homme de 31 ans reprend ainsi le flambeau de son p\u00e8re Daniel Berger. Nous sommes extr\u00eamement heureux que la succession soit assur\u00e9e dans notre entreprise familiale. Derri\u00e8re DBU se trouve aujourd'hui une \u00e9quipe jeune et comp\u00e9tente.","twitter:creator":"@i","twitter:image":"https:\/\/www.immo-invest.ch\/wp-content\/uploads\/2023\/03\/DSC2614_2323-e1678182356478.jpg"},"aioseo_meta_data":{"post_id":"49992","title":null,"description":null,"keywords":null,"keyphrases":null,"primary_term":null,"canonical_url":null,"og_title":null,"og_description":null,"og_object_type":"default","og_image_type":"default","og_image_url":null,"og_image_width":null,"og_image_height":null,"og_image_custom_url":null,"og_image_custom_fields":null,"og_video":null,"og_custom_url":null,"og_article_section":null,"og_article_tags":null,"twitter_use_og":false,"twitter_card":"default","twitter_image_type":"default","twitter_image_url":null,"twitter_image_custom_url":null,"twitter_image_custom_fields":null,"twitter_title":null,"twitter_description":null,"schema":{"blockGraphs":[],"customGraphs":[],"default":{"data":{"Article":[],"Course":[],"Dataset":[],"FAQPage":[],"Movie":[],"Person":[],"Product":[],"ProductReview":[],"Car":[],"Recipe":[],"Service":[],"SoftwareApplication":[],"WebPage":[]},"graphName":"","isEnabled":true},"graphs":[]},"schema_type":"default","schema_type_options":null,"pillar_content":false,"robots_default":true,"robots_noindex":false,"robots_noarchive":false,"robots_nosnippet":false,"robots_nofollow":false,"robots_noimageindex":false,"robots_noodp":false,"robots_notranslate":false,"robots_max_snippet":null,"robots_max_videopreview":null,"robots_max_imagepreview":"large","priority":null,"frequency":null,"local_seo":null,"breadcrumb_settings":null,"limit_modified_date":false,"ai":null,"created":"2024-09-20 01:47:48","updated":"2025-10-23 07:32:14","seo_analyzer_scan_date":null,"focus_keyword":null,"additional_keywords":null,"truseo_locale":null},"aioseo_breadcrumb":"<div class=\"aioseo-breadcrumbs\"><span class=\"aioseo-breadcrumb\">\n\t\t\t<a href=\"https:\/\/www.immo-invest.ch\/fr\/\" title=\"Home\">Home<\/a>\n\t\t<\/span><span class=\"aioseo-breadcrumb-separator\">&raquo;<\/span><span class=\"aioseo-breadcrumb\">\n\t\t\t<a href=\"https:\/\/www.immo-invest.ch\/fr\/categories\/personnes\/\" title=\"Personnes\">Personnes<\/a>\n\t\t<\/span><span class=\"aioseo-breadcrumb-separator\">&raquo;<\/span><span class=\"aioseo-breadcrumb\">\n\t\t\t<a href=\"https:\/\/www.immo-invest.ch\/fr\/categories\/personnes\/gens\/\" title=\"Gens\">Gens<\/a>\n\t\t<\/span><span class=\"aioseo-breadcrumb-separator\">&raquo;<\/span><span class=\"aioseo-breadcrumb\">\n\t\t\tPatrick Berger prend la direction de DBU Facility Services\n\t\t<\/span><\/div>","aioseo_breadcrumb_json":[{"label":"Home","link":"https:\/\/www.immo-invest.ch\/fr\/"},{"label":"Personnes","link":"https:\/\/www.immo-invest.ch\/fr\/categories\/personnes\/"},{"label":"Gens","link":"https:\/\/www.immo-invest.ch\/fr\/categories\/personnes\/gens\/"},{"label":"Patrick Berger prend la direction de DBU Facility Services","link":"https:\/\/www.immo-invest.ch\/fr\/patrick-berger-uebernimmt-leitung-von-dbu-facility-services\/"}],"featured_image_src":"https:\/\/www.immo-invest.ch\/wp-content\/uploads\/2023\/03\/DSC2614_2323-336x168.jpg","_links":{"self":[{"href":"https:\/\/www.immo-invest.ch\/fr\/wp-json\/wp\/v2\/posts\/49992","targetHints":{"allow":["GET"]}}],"collection":[{"href":"https:\/\/www.immo-invest.ch\/fr\/wp-json\/wp\/v2\/posts"}],"about":[{"href":"https:\/\/www.immo-invest.ch\/fr\/wp-json\/wp\/v2\/types\/post"}],"author":[{"embeddable":true,"href":"https:\/\/www.immo-invest.ch\/fr\/wp-json\/wp\/v2\/users\/2"}],"replies":[{"embeddable":true,"href":"https:\/\/www.immo-invest.ch\/fr\/wp-json\/wp\/v2\/comments?post=49992"}],"version-history":[{"count":0,"href":"https:\/\/www.immo-invest.ch\/fr\/wp-json\/wp\/v2\/posts\/49992\/revisions"}],"wp:featuredmedia":[{"embeddable":true,"href":"https:\/\/www.immo-invest.ch\/fr\/wp-json\/wp\/v2\/media\/49975"}],"wp:attachment":[{"href":"https:\/\/www.immo-invest.ch\/fr\/wp-json\/wp\/v2\/media?parent=49992"}],"wp:term":[{"taxonomy":"category","embeddable":true,"href":"https:\/\/www.immo-invest.ch\/fr\/wp-json\/wp\/v2\/categories?post=49992"},{"taxonomy":"post_tag","embeddable":true,"href":"https:\/\/www.immo-invest.ch\/fr\/wp-json\/wp\/v2\/tags?post=49992"}],"curies":[{"name":"wp","href":"https:\/\/api.w.org\/{rel}","templated":true}]}}