{"id":45268,"date":"2022-10-14T09:56:59","date_gmt":"2022-10-14T07:56:59","guid":{"rendered":"https:\/\/www.immo-invest.ch\/?p=45268"},"modified":"2022-10-14T09:57:02","modified_gmt":"2022-10-14T07:57:02","slug":"le-developpement-de-la-garede-satigny-et-la-naissance-dun-nouveau-quartier","status":"publish","type":"post","link":"https:\/\/www.immo-invest.ch\/fr\/le-developpement-de-la-garede-satigny-et-la-naissance-dun-nouveau-quartier\/","title":{"rendered":"Le d\u00e9veloppement de la gare<br>de Satigny et la naissance d\u2019un nouveau quartier"},"content":{"rendered":"<p class=\"wp-block-paragraph\">Le plan directeur de la commune de Satigny pr&eacute;voit un d&eacute;veloppement de la gare et un r&eacute;am&eacute;nagement du site. Sur une surface de 1,2 hectare, des logements &agrave; des prix raisonnables, des commerces, des bureaux ainsi que de nouveaux espaces publics verront le jour &agrave; l&rsquo;horizon 2026. Le nouveau <span class=\"glossaryLink\" aria-describedby=\"tt\" data-cmtooltip=\"&lt;div class=glossaryItemTitle&gt;Quartier&lt;\/div&gt;&lt;div class=glossaryItemBody&gt;Amtliches, historisches, soziales oder stadtplanerisches Stadtviertel&lt;\/div&gt;\" data-mobile-support=\"0\" data-gt-translate-attributes='[{\"attribute\":\"data-cmtooltip\", \"format\":\"html\"}]' tabindex=\"0\" role=\"link\">quartier<\/span> de la gare est appel&eacute; &agrave; devenir le centre n&eacute;vralgique du village, avec une large offre de services. Ce projet r&eacute;pondra ainsi aux attentes de la population de la plus grande commune viticole genevoise.<br><br>Le p&eacute;rim&egrave;tre est d&eacute;limit&eacute; par la route de la Gare de Satigny &agrave; l&rsquo;ouest, la route de Pr&eacute;-Gentil au nord, des surfaces agricoles &agrave; l&rsquo;est et des b&acirc;timents de logements au sud. Les voies ferroviaires de l&rsquo;axe Gen&egrave;ve &ndash; La Plaine traversent le secteur concern&eacute; de part et d&rsquo;autre. Le Park&amp;Ride existant sera int&eacute;gr&eacute; au nouveau projet.<\/p>\n\n\n\n<p class=\"wp-block-paragraph\">La faisabilit&eacute; du projet a fait l&rsquo;objet d&rsquo;une &eacute;tude pr&eacute;alable qui s&rsquo;est av&eacute;r&eacute;e concluante. Le nouveau <span class=\"glossaryLink\" aria-describedby=\"tt\" data-cmtooltip=\"&lt;div class=glossaryItemTitle&gt;Quartier&lt;\/div&gt;&lt;div class=glossaryItemBody&gt;Amtliches, historisches, soziales oder stadtplanerisches Stadtviertel&lt;\/div&gt;\" data-mobile-support=\"0\" data-gt-translate-attributes='[{\"attribute\":\"data-cmtooltip\", \"format\":\"html\"}]' tabindex=\"0\" role=\"link\">quartier<\/span> comprendra 80 unit&eacute;s de logement, dont express&eacute;ment des logements destin&eacute;s aux personnes &acirc;g&eacute;es. Viendront s&rsquo;ajouter des bureaux, des commerces de proximit&eacute; et des services m&eacute;dicaux. Le concept pr&eacute;voit une maison interg&eacute;n&eacute;rationnelle &ndash; les jeunes familles auront aussi un acc&egrave;s privil&eacute;gi&eacute; &agrave; une partie des logements. La proximit&eacute; de la gare rendra la voiture inutile.<\/p>\n\n\n\n<p class=\"wp-block-paragraph\">S&rsquo;agissant des b&acirc;timents, les CFF indiquent aller encore au-del&agrave; des normes habituelles appliqu&eacute;es en Suisse en mati&egrave;re de durabilit&eacute;. Sur le plan architectural et paysager, le nouveau <span class=\"glossaryLink\" aria-describedby=\"tt\" data-cmtooltip=\"&lt;div class=glossaryItemTitle&gt;Quartier&lt;\/div&gt;&lt;div class=glossaryItemBody&gt;Amtliches, historisches, soziales oder stadtplanerisches Stadtviertel&lt;\/div&gt;\" data-mobile-support=\"0\" data-gt-translate-attributes='[{\"attribute\":\"data-cmtooltip\", \"format\":\"html\"}]' tabindex=\"0\" role=\"link\">quartier<\/span> se fondra harmonieusement dans le village. L&rsquo;accent sera aussi mis sur la mobilit&eacute; douce: le site sera am&eacute;nag&eacute; de mani&egrave;re &agrave; permettre &agrave; un maximum d&rsquo;habitants des diverses parties du village de gagner la gare facilement &agrave; pied, en v&eacute;lo ou en transports publics.<\/p>\n","protected":false},"excerpt":{"rendered":"<p>La gare et l\u2019ensemble du site de la plus grande commune viticole<br \/>\ngenevoise seront d\u00e9velopp\u00e9s et r\u00e9am\u00e9nag\u00e9s d\u2019ici 2026.<\/p>\n","protected":false},"author":2,"featured_media":45269,"comment_status":"open","ping_status":"open","sticky":false,"template":"","format":"standard","meta":{"pmpro_default_level":"","inline_featured_image":false,"_monsterinsights_skip_tracking":false,"footnotes":""},"categories":[22703,739,8452,9652,9440],"tags":[34996,34988,34997],"class_list":["post-45268","post","type-post","status-publish","format-standard","has-post-thumbnail","hentry","category-mobilite","category-projects","category-regions","category-renovation","category-region-romandie-fr","tag-la-gare","tag-nouveau-quartier","tag-satigny","pmpro-has-access"],"acf":{"bild_mit_ki_erstellt_worden":[],"lead":"La gare et l\u2019ensemble du site de la plus grande commune viticole \r\ngenevoise seront d\u00e9velopp\u00e9s et r\u00e9am\u00e9nag\u00e9s d\u2019ici 2026.","autor":"Texte et Photos: pole-satigny-gare.ch","ort":"Satigny","bildunterschrift":"","bild_im_grid":false,"gallerie":"","newsim":""},"aioseo_notices":[],"aioseo_head":"\n\t\t<!-- All in One SEO 5.0.0.1 - aioseo.com -->\n\t<meta name=\"description\" content=\"La gare et l\u2019ensemble du site de la plus grande commune viticole genevoise seront d\u00e9velopp\u00e9s et r\u00e9am\u00e9nag\u00e9s d\u2019ici 2026.\" \/>\n\t<meta name=\"robots\" content=\"max-image-preview:large\" \/>\n\t<meta name=\"author\" content=\"immovestuser\"\/>\n\t<meta name=\"google-site-verification\" content=\"fHJKvgWpZCR2zVBHWfkQeFXC11qieUSff0HGNYfuyLA\" \/>\n\t<link rel=\"canonical\" href=\"https:\/\/www.immo-invest.ch\/fr\/le-developpement-de-la-garede-satigny-et-la-naissance-dun-nouveau-quartier\/\" \/>\n\t<meta name=\"generator\" content=\"All in One SEO (AIOSEO) 5.0.0.1\" \/>\n\t\t<meta property=\"og:locale\" content=\"fr_FR\" \/>\n\t\t<meta property=\"og:site_name\" content=\"immo!nvest - Die Plattform f\u00fcr Standorte und Immobilien - Die\u00a0Plattform f\u00fcr Standorte und Immobilien\" \/>\n\t\t<meta property=\"og:type\" content=\"article\" \/>\n\t\t<meta property=\"og:title\" content=\"Le d\u00e9veloppement de la garede Satigny et la naissance d\u2019un nouveau quartier - immo!nvest - Die Plattform f\u00fcr Standorte und Immobilien\" \/>\n\t\t<meta property=\"og:description\" content=\"La gare et l\u2019ensemble du site de la plus grande commune viticole genevoise seront d\u00e9velopp\u00e9s et r\u00e9am\u00e9nag\u00e9s d\u2019ici 2026.\" \/>\n\t\t<meta property=\"og:url\" content=\"https:\/\/www.immo-invest.ch\/fr\/le-developpement-de-la-garede-satigny-et-la-naissance-dun-nouveau-quartier\/\" \/>\n\t\t<meta property=\"og:image\" content=\"https:\/\/www.immo-invest.ch\/wp-content\/uploads\/2022\/10\/satigny.jpg\" \/>\n\t\t<meta property=\"og:image:secure_url\" content=\"https:\/\/www.immo-invest.ch\/wp-content\/uploads\/2022\/10\/satigny.jpg\" \/>\n\t\t<meta property=\"og:image:width\" content=\"1000\" \/>\n\t\t<meta property=\"og:image:height\" content=\"500\" \/>\n\t\t<meta property=\"article:published_time\" content=\"2022-10-14T07:56:59+00:00\" \/>\n\t\t<meta property=\"article:modified_time\" content=\"2022-10-14T07:57:02+00:00\" \/>\n\t\t<meta property=\"article:publisher\" content=\"https:\/\/www.facebook.com\/people\/Immoinvest\/100077962920504\/\" \/>\n\t\t<meta name=\"twitter:card\" content=\"summary_large_image\" \/>\n\t\t<meta name=\"twitter:site\" content=\"@i\" \/>\n\t\t<meta name=\"twitter:title\" content=\"Le d\u00e9veloppement de la garede Satigny et la naissance d\u2019un nouveau quartier - immo!nvest - Die Plattform f\u00fcr Standorte und Immobilien\" \/>\n\t\t<meta name=\"twitter:description\" content=\"La gare et l\u2019ensemble du site de la plus grande commune viticole genevoise seront d\u00e9velopp\u00e9s et r\u00e9am\u00e9nag\u00e9s d\u2019ici 2026.\" \/>\n\t\t<meta name=\"twitter:creator\" content=\"@i\" \/>\n\t\t<meta name=\"twitter:image\" content=\"https:\/\/www.immo-invest.ch\/wp-content\/uploads\/2022\/10\/satigny.jpg\" \/>\n\t\t<script type=\"application\/ld+json\" class=\"aioseo-schema\">\n\t\t\t{\"@context\":\"https:\\\/\\\/schema.org\",\"@graph\":[{\"@type\":\"BlogPosting\",\"@id\":\"https:\\\/\\\/www.immo-invest.ch\\\/fr\\\/le-developpement-de-la-garede-satigny-et-la-naissance-dun-nouveau-quartier\\\/#blogposting\",\"name\":\"Le d\\u00e9veloppement de la garede Satigny et la naissance d\\u2019un nouveau quartier - immo!nvest - Die Plattform f\\u00fcr Standorte und Immobilien\",\"headline\":\"Le d\\u00e9veloppement de la garede Satigny et la naissance d\\u2019un nouveau quartier\",\"author\":{\"@id\":\"https:\\\/\\\/www.immo-invest.ch\\\/fr\\\/author\\\/immovestuser\\\/#author\"},\"publisher\":{\"@id\":\"https:\\\/\\\/www.immo-invest.ch\\\/fr\\\/#organization\"},\"image\":{\"@type\":\"ImageObject\",\"url\":\"https:\\\/\\\/www.immo-invest.ch\\\/wp-content\\\/uploads\\\/2022\\\/10\\\/satigny.jpg\",\"width\":1000,\"height\":500},\"datePublished\":\"2022-10-14T09:56:59+02:00\",\"dateModified\":\"2022-10-14T09:57:02+02:00\",\"inLanguage\":\"fr-FR\",\"mainEntityOfPage\":{\"@id\":\"https:\\\/\\\/www.immo-invest.ch\\\/fr\\\/le-developpement-de-la-garede-satigny-et-la-naissance-dun-nouveau-quartier\\\/#webpage\"},\"isPartOf\":{\"@id\":\"https:\\\/\\\/www.immo-invest.ch\\\/fr\\\/le-developpement-de-la-garede-satigny-et-la-naissance-dun-nouveau-quartier\\\/#webpage\"},\"articleSection\":\"Mobilit\\u00e9, Projects, R\\u00e9gions, R\\u00e9novation, Romandie, la gare, nouveau quartier, Satigny, Facultatif\"},{\"@type\":\"BreadcrumbList\",\"@id\":\"https:\\\/\\\/www.immo-invest.ch\\\/fr\\\/le-developpement-de-la-garede-satigny-et-la-naissance-dun-nouveau-quartier\\\/#breadcrumblist\",\"itemListElement\":[{\"@type\":\"ListItem\",\"@id\":\"https:\\\/\\\/www.immo-invest.ch\\\/fr\\\/#listItem\",\"position\":1,\"name\":\"Home\",\"item\":\"https:\\\/\\\/www.immo-invest.ch\\\/fr\\\/\",\"nextItem\":{\"@type\":\"ListItem\",\"@id\":\"https:\\\/\\\/www.immo-invest.ch\\\/fr\\\/categories\\\/regions\\\/#listItem\",\"name\":\"R\\u00e9gions\"}},{\"@type\":\"ListItem\",\"@id\":\"https:\\\/\\\/www.immo-invest.ch\\\/fr\\\/categories\\\/regions\\\/#listItem\",\"position\":2,\"name\":\"R\\u00e9gions\",\"item\":\"https:\\\/\\\/www.immo-invest.ch\\\/fr\\\/categories\\\/regions\\\/\",\"nextItem\":{\"@type\":\"ListItem\",\"@id\":\"https:\\\/\\\/www.immo-invest.ch\\\/fr\\\/categories\\\/regions\\\/region-romandie-fr\\\/#listItem\",\"name\":\"Romandie\"},\"previousItem\":{\"@type\":\"ListItem\",\"@id\":\"https:\\\/\\\/www.immo-invest.ch\\\/fr\\\/#listItem\",\"name\":\"Home\"}},{\"@type\":\"ListItem\",\"@id\":\"https:\\\/\\\/www.immo-invest.ch\\\/fr\\\/categories\\\/regions\\\/region-romandie-fr\\\/#listItem\",\"position\":3,\"name\":\"Romandie\",\"item\":\"https:\\\/\\\/www.immo-invest.ch\\\/fr\\\/categories\\\/regions\\\/region-romandie-fr\\\/\",\"nextItem\":{\"@type\":\"ListItem\",\"@id\":\"https:\\\/\\\/www.immo-invest.ch\\\/fr\\\/le-developpement-de-la-garede-satigny-et-la-naissance-dun-nouveau-quartier\\\/#listItem\",\"name\":\"Le d\\u00e9veloppement de la garede Satigny et la naissance d\\u2019un nouveau quartier\"},\"previousItem\":{\"@type\":\"ListItem\",\"@id\":\"https:\\\/\\\/www.immo-invest.ch\\\/fr\\\/categories\\\/regions\\\/#listItem\",\"name\":\"R\\u00e9gions\"}},{\"@type\":\"ListItem\",\"@id\":\"https:\\\/\\\/www.immo-invest.ch\\\/fr\\\/le-developpement-de-la-garede-satigny-et-la-naissance-dun-nouveau-quartier\\\/#listItem\",\"position\":4,\"name\":\"Le d\\u00e9veloppement de la garede Satigny et la naissance d\\u2019un nouveau quartier\",\"previousItem\":{\"@type\":\"ListItem\",\"@id\":\"https:\\\/\\\/www.immo-invest.ch\\\/fr\\\/categories\\\/regions\\\/region-romandie-fr\\\/#listItem\",\"name\":\"Romandie\"}}]},{\"@type\":\"Organization\",\"@id\":\"https:\\\/\\\/www.immo-invest.ch\\\/fr\\\/#organization\",\"name\":\"immo!nvest - Die Plattform f\\u00fcr Standorte und Immobilien\",\"description\":\"Die\\u00a0Plattform f\\u00fcr Standorte und Immobilien\",\"url\":\"https:\\\/\\\/www.immo-invest.ch\\\/fr\\\/\",\"email\":\"admin@immomedia.ag\",\"telephone\":\"+41444420002\",\"logo\":{\"@type\":\"ImageObject\",\"url\":\"https:\\\/\\\/www.immo-invest.ch\\\/wp-content\\\/uploads\\\/2024\\\/09\\\/immoinvest_sm-scaled.jpg\",\"@id\":\"https:\\\/\\\/www.immo-invest.ch\\\/fr\\\/le-developpement-de-la-garede-satigny-et-la-naissance-dun-nouveau-quartier\\\/#organizationLogo\",\"width\":2560,\"height\":1340},\"image\":{\"@id\":\"https:\\\/\\\/www.immo-invest.ch\\\/fr\\\/le-developpement-de-la-garede-satigny-et-la-naissance-dun-nouveau-quartier\\\/#organizationLogo\"},\"sameAs\":[\"https:\\\/\\\/www.facebook.com\\\/people\\\/Immoinvest\\\/100077962920504\\\/\",\"https:\\\/\\\/x.com\\\/i\\\/flow\\\/login?redirect_after_login=immoinvest_ch\",\"https:\\\/\\\/www.instagram.com\\\/immoinvest_ch\\\/\",\"https:\\\/\\\/www.linkedin.com\\\/company\\\/immoinvest-swiss\"]},{\"@type\":\"Person\",\"@id\":\"https:\\\/\\\/www.immo-invest.ch\\\/fr\\\/author\\\/immovestuser\\\/#author\",\"url\":\"https:\\\/\\\/www.immo-invest.ch\\\/fr\\\/author\\\/immovestuser\\\/\",\"name\":\"immovestuser\",\"image\":{\"@type\":\"ImageObject\",\"@id\":\"https:\\\/\\\/www.immo-invest.ch\\\/fr\\\/le-developpement-de-la-garede-satigny-et-la-naissance-dun-nouveau-quartier\\\/#authorImage\",\"url\":\"https:\\\/\\\/secure.gravatar.com\\\/avatar\\\/8e01f4d99f2eeea7a362ebb93305e1172a70e9293ba250f897a65c39f54cdd1e?s=96&d=mm&r=g\",\"width\":96,\"height\":96,\"caption\":\"immovestuser\"}},{\"@type\":\"WebPage\",\"@id\":\"https:\\\/\\\/www.immo-invest.ch\\\/fr\\\/le-developpement-de-la-garede-satigny-et-la-naissance-dun-nouveau-quartier\\\/#webpage\",\"url\":\"https:\\\/\\\/www.immo-invest.ch\\\/fr\\\/le-developpement-de-la-garede-satigny-et-la-naissance-dun-nouveau-quartier\\\/\",\"name\":\"Le d\\u00e9veloppement de la garede Satigny et la naissance d\\u2019un nouveau quartier - immo!nvest - Die Plattform f\\u00fcr Standorte und Immobilien\",\"description\":\"La gare et l\\u2019ensemble du site de la plus grande commune viticole genevoise seront d\\u00e9velopp\\u00e9s et r\\u00e9am\\u00e9nag\\u00e9s d\\u2019ici 2026.\",\"inLanguage\":\"fr-FR\",\"isPartOf\":{\"@id\":\"https:\\\/\\\/www.immo-invest.ch\\\/fr\\\/#website\"},\"breadcrumb\":{\"@id\":\"https:\\\/\\\/www.immo-invest.ch\\\/fr\\\/le-developpement-de-la-garede-satigny-et-la-naissance-dun-nouveau-quartier\\\/#breadcrumblist\"},\"author\":{\"@id\":\"https:\\\/\\\/www.immo-invest.ch\\\/fr\\\/author\\\/immovestuser\\\/#author\"},\"creator\":{\"@id\":\"https:\\\/\\\/www.immo-invest.ch\\\/fr\\\/author\\\/immovestuser\\\/#author\"},\"image\":{\"@type\":\"ImageObject\",\"url\":\"https:\\\/\\\/www.immo-invest.ch\\\/wp-content\\\/uploads\\\/2022\\\/10\\\/satigny.jpg\",\"@id\":\"https:\\\/\\\/www.immo-invest.ch\\\/fr\\\/le-developpement-de-la-garede-satigny-et-la-naissance-dun-nouveau-quartier\\\/#mainImage\",\"width\":1000,\"height\":500},\"primaryImageOfPage\":{\"@id\":\"https:\\\/\\\/www.immo-invest.ch\\\/fr\\\/le-developpement-de-la-garede-satigny-et-la-naissance-dun-nouveau-quartier\\\/#mainImage\"},\"datePublished\":\"2022-10-14T09:56:59+02:00\",\"dateModified\":\"2022-10-14T09:57:02+02:00\"},{\"@type\":\"WebSite\",\"@id\":\"https:\\\/\\\/www.immo-invest.ch\\\/fr\\\/#website\",\"url\":\"https:\\\/\\\/www.immo-invest.ch\\\/fr\\\/\",\"name\":\"immo!nvest - Die Plattform f\\u00fcr Standorte und Immobilien\",\"description\":\"Die\\u00a0Plattform f\\u00fcr Standorte und Immobilien\",\"inLanguage\":\"fr-FR\",\"publisher\":{\"@id\":\"https:\\\/\\\/www.immo-invest.ch\\\/fr\\\/#organization\"}}]}\n\t\t<\/script>\n\t\t<!-- All in One SEO -->\n\n","aioseo_head_json":{"title":"Le d\u00e9veloppement de la garede Satigny et la naissance d\u2019un nouveau quartier - immo!nvest - Die Plattform f\u00fcr Standorte und Immobilien","description":"La gare et l\u2019ensemble du site de la plus grande commune viticole genevoise seront d\u00e9velopp\u00e9s et r\u00e9am\u00e9nag\u00e9s d\u2019ici 2026.","canonical_url":"https:\/\/www.immo-invest.ch\/fr\/le-developpement-de-la-garede-satigny-et-la-naissance-dun-nouveau-quartier\/","robots":"max-image-preview:large","keywords":"","webmasterTools":{"google-site-verification":"fHJKvgWpZCR2zVBHWfkQeFXC11qieUSff0HGNYfuyLA","miscellaneous":""},"schema":{"@context":"https:\/\/schema.org","@graph":[{"@type":"BlogPosting","@id":"https:\/\/www.immo-invest.ch\/fr\/le-developpement-de-la-garede-satigny-et-la-naissance-dun-nouveau-quartier\/#blogposting","name":"Le d\u00e9veloppement de la garede Satigny et la naissance d\u2019un nouveau quartier - immo!nvest - Die Plattform f\u00fcr Standorte und Immobilien","headline":"Le d\u00e9veloppement de la garede Satigny et la naissance d\u2019un nouveau quartier","author":{"@id":"https:\/\/www.immo-invest.ch\/fr\/author\/immovestuser\/#author"},"publisher":{"@id":"https:\/\/www.immo-invest.ch\/fr\/#organization"},"image":{"@type":"ImageObject","url":"https:\/\/www.immo-invest.ch\/wp-content\/uploads\/2022\/10\/satigny.jpg","width":1000,"height":500},"datePublished":"2022-10-14T09:56:59+02:00","dateModified":"2022-10-14T09:57:02+02:00","inLanguage":"fr-FR","mainEntityOfPage":{"@id":"https:\/\/www.immo-invest.ch\/fr\/le-developpement-de-la-garede-satigny-et-la-naissance-dun-nouveau-quartier\/#webpage"},"isPartOf":{"@id":"https:\/\/www.immo-invest.ch\/fr\/le-developpement-de-la-garede-satigny-et-la-naissance-dun-nouveau-quartier\/#webpage"},"articleSection":"Mobilit\u00e9, Projects, R\u00e9gions, R\u00e9novation, Romandie, la gare, nouveau quartier, Satigny, Facultatif"},{"@type":"BreadcrumbList","@id":"https:\/\/www.immo-invest.ch\/fr\/le-developpement-de-la-garede-satigny-et-la-naissance-dun-nouveau-quartier\/#breadcrumblist","itemListElement":[{"@type":"ListItem","@id":"https:\/\/www.immo-invest.ch\/fr\/#listItem","position":1,"name":"Home","item":"https:\/\/www.immo-invest.ch\/fr\/","nextItem":{"@type":"ListItem","@id":"https:\/\/www.immo-invest.ch\/fr\/categories\/regions\/#listItem","name":"R\u00e9gions"}},{"@type":"ListItem","@id":"https:\/\/www.immo-invest.ch\/fr\/categories\/regions\/#listItem","position":2,"name":"R\u00e9gions","item":"https:\/\/www.immo-invest.ch\/fr\/categories\/regions\/","nextItem":{"@type":"ListItem","@id":"https:\/\/www.immo-invest.ch\/fr\/categories\/regions\/region-romandie-fr\/#listItem","name":"Romandie"},"previousItem":{"@type":"ListItem","@id":"https:\/\/www.immo-invest.ch\/fr\/#listItem","name":"Home"}},{"@type":"ListItem","@id":"https:\/\/www.immo-invest.ch\/fr\/categories\/regions\/region-romandie-fr\/#listItem","position":3,"name":"Romandie","item":"https:\/\/www.immo-invest.ch\/fr\/categories\/regions\/region-romandie-fr\/","nextItem":{"@type":"ListItem","@id":"https:\/\/www.immo-invest.ch\/fr\/le-developpement-de-la-garede-satigny-et-la-naissance-dun-nouveau-quartier\/#listItem","name":"Le d\u00e9veloppement de la garede Satigny et la naissance d\u2019un nouveau quartier"},"previousItem":{"@type":"ListItem","@id":"https:\/\/www.immo-invest.ch\/fr\/categories\/regions\/#listItem","name":"R\u00e9gions"}},{"@type":"ListItem","@id":"https:\/\/www.immo-invest.ch\/fr\/le-developpement-de-la-garede-satigny-et-la-naissance-dun-nouveau-quartier\/#listItem","position":4,"name":"Le d\u00e9veloppement de la garede Satigny et la naissance d\u2019un nouveau quartier","previousItem":{"@type":"ListItem","@id":"https:\/\/www.immo-invest.ch\/fr\/categories\/regions\/region-romandie-fr\/#listItem","name":"Romandie"}}]},{"@type":"Organization","@id":"https:\/\/www.immo-invest.ch\/fr\/#organization","name":"immo!nvest - Die Plattform f\u00fcr Standorte und Immobilien","description":"Die\u00a0Plattform f\u00fcr Standorte und Immobilien","url":"https:\/\/www.immo-invest.ch\/fr\/","email":"admin@immomedia.ag","telephone":"+41444420002","logo":{"@type":"ImageObject","url":"https:\/\/www.immo-invest.ch\/wp-content\/uploads\/2024\/09\/immoinvest_sm-scaled.jpg","@id":"https:\/\/www.immo-invest.ch\/fr\/le-developpement-de-la-garede-satigny-et-la-naissance-dun-nouveau-quartier\/#organizationLogo","width":2560,"height":1340},"image":{"@id":"https:\/\/www.immo-invest.ch\/fr\/le-developpement-de-la-garede-satigny-et-la-naissance-dun-nouveau-quartier\/#organizationLogo"},"sameAs":["https:\/\/www.facebook.com\/people\/Immoinvest\/100077962920504\/","https:\/\/x.com\/i\/flow\/login?redirect_after_login=immoinvest_ch","https:\/\/www.instagram.com\/immoinvest_ch\/","https:\/\/www.linkedin.com\/company\/immoinvest-swiss"]},{"@type":"Person","@id":"https:\/\/www.immo-invest.ch\/fr\/author\/immovestuser\/#author","url":"https:\/\/www.immo-invest.ch\/fr\/author\/immovestuser\/","name":"immovestuser","image":{"@type":"ImageObject","@id":"https:\/\/www.immo-invest.ch\/fr\/le-developpement-de-la-garede-satigny-et-la-naissance-dun-nouveau-quartier\/#authorImage","url":"https:\/\/secure.gravatar.com\/avatar\/8e01f4d99f2eeea7a362ebb93305e1172a70e9293ba250f897a65c39f54cdd1e?s=96&d=mm&r=g","width":96,"height":96,"caption":"immovestuser"}},{"@type":"WebPage","@id":"https:\/\/www.immo-invest.ch\/fr\/le-developpement-de-la-garede-satigny-et-la-naissance-dun-nouveau-quartier\/#webpage","url":"https:\/\/www.immo-invest.ch\/fr\/le-developpement-de-la-garede-satigny-et-la-naissance-dun-nouveau-quartier\/","name":"Le d\u00e9veloppement de la garede Satigny et la naissance d\u2019un nouveau quartier - immo!nvest - Die Plattform f\u00fcr Standorte und Immobilien","description":"La gare et l\u2019ensemble du site de la plus grande commune viticole genevoise seront d\u00e9velopp\u00e9s et r\u00e9am\u00e9nag\u00e9s d\u2019ici 2026.","inLanguage":"fr-FR","isPartOf":{"@id":"https:\/\/www.immo-invest.ch\/fr\/#website"},"breadcrumb":{"@id":"https:\/\/www.immo-invest.ch\/fr\/le-developpement-de-la-garede-satigny-et-la-naissance-dun-nouveau-quartier\/#breadcrumblist"},"author":{"@id":"https:\/\/www.immo-invest.ch\/fr\/author\/immovestuser\/#author"},"creator":{"@id":"https:\/\/www.immo-invest.ch\/fr\/author\/immovestuser\/#author"},"image":{"@type":"ImageObject","url":"https:\/\/www.immo-invest.ch\/wp-content\/uploads\/2022\/10\/satigny.jpg","@id":"https:\/\/www.immo-invest.ch\/fr\/le-developpement-de-la-garede-satigny-et-la-naissance-dun-nouveau-quartier\/#mainImage","width":1000,"height":500},"primaryImageOfPage":{"@id":"https:\/\/www.immo-invest.ch\/fr\/le-developpement-de-la-garede-satigny-et-la-naissance-dun-nouveau-quartier\/#mainImage"},"datePublished":"2022-10-14T09:56:59+02:00","dateModified":"2022-10-14T09:57:02+02:00"},{"@type":"WebSite","@id":"https:\/\/www.immo-invest.ch\/fr\/#website","url":"https:\/\/www.immo-invest.ch\/fr\/","name":"immo!nvest - Die Plattform f\u00fcr Standorte und Immobilien","description":"Die\u00a0Plattform f\u00fcr Standorte und Immobilien","inLanguage":"fr-FR","publisher":{"@id":"https:\/\/www.immo-invest.ch\/fr\/#organization"}}]},"og:locale":"fr_FR","og:site_name":"immo!nvest - Die Plattform f\u00fcr Standorte und Immobilien - Die\u00a0Plattform f\u00fcr Standorte und Immobilien","og:type":"article","og:title":"Le d\u00e9veloppement de la garede Satigny et la naissance d\u2019un nouveau quartier - immo!nvest - Die Plattform f\u00fcr Standorte und Immobilien","og:description":"La gare et l\u2019ensemble du site de la plus grande commune viticole genevoise seront d\u00e9velopp\u00e9s et r\u00e9am\u00e9nag\u00e9s d\u2019ici 2026.","og:url":"https:\/\/www.immo-invest.ch\/fr\/le-developpement-de-la-garede-satigny-et-la-naissance-dun-nouveau-quartier\/","og:image":"https:\/\/www.immo-invest.ch\/wp-content\/uploads\/2022\/10\/satigny.jpg","og:image:secure_url":"https:\/\/www.immo-invest.ch\/wp-content\/uploads\/2022\/10\/satigny.jpg","og:image:width":1000,"og:image:height":500,"article:published_time":"2022-10-14T07:56:59+00:00","article:modified_time":"2022-10-14T07:57:02+00:00","article:publisher":"https:\/\/www.facebook.com\/people\/Immoinvest\/100077962920504\/","twitter:card":"summary_large_image","twitter:site":"@i","twitter:title":"Le d\u00e9veloppement de la garede Satigny et la naissance d\u2019un nouveau quartier - immo!nvest - Die Plattform f\u00fcr Standorte und Immobilien","twitter:description":"La gare et l\u2019ensemble du site de la plus grande commune viticole genevoise seront d\u00e9velopp\u00e9s et r\u00e9am\u00e9nag\u00e9s d\u2019ici 2026.","twitter:creator":"@i","twitter:image":"https:\/\/www.immo-invest.ch\/wp-content\/uploads\/2022\/10\/satigny.jpg"},"aioseo_meta_data":{"post_id":"45268","title":null,"description":null,"keywords":null,"keyphrases":null,"primary_term":null,"canonical_url":null,"og_title":null,"og_description":null,"og_object_type":"default","og_image_type":"default","og_image_url":null,"og_image_width":null,"og_image_height":null,"og_image_custom_url":null,"og_image_custom_fields":null,"og_video":null,"og_custom_url":null,"og_article_section":null,"og_article_tags":null,"twitter_use_og":false,"twitter_card":"default","twitter_image_type":"default","twitter_image_url":null,"twitter_image_custom_url":null,"twitter_image_custom_fields":null,"twitter_title":null,"twitter_description":null,"schema":{"blockGraphs":[],"customGraphs":[],"default":{"data":{"Article":[],"Course":[],"Dataset":[],"FAQPage":[],"Movie":[],"Person":[],"Product":[],"ProductReview":[],"Car":[],"Recipe":[],"Service":[],"SoftwareApplication":[],"WebPage":[]},"graphName":"","isEnabled":true},"graphs":[]},"schema_type":"default","schema_type_options":null,"pillar_content":false,"robots_default":true,"robots_noindex":false,"robots_noarchive":false,"robots_nosnippet":false,"robots_nofollow":false,"robots_noimageindex":false,"robots_noodp":false,"robots_notranslate":false,"robots_max_snippet":null,"robots_max_videopreview":null,"robots_max_imagepreview":"large","priority":null,"frequency":null,"local_seo":null,"breadcrumb_settings":null,"limit_modified_date":false,"ai":null,"created":"2024-09-19 21:11:48","updated":"2025-10-23 02:49:14","seo_analyzer_scan_date":null,"focus_keyword":null,"additional_keywords":null,"truseo_locale":null},"aioseo_breadcrumb":"<div class=\"aioseo-breadcrumbs\"><span class=\"aioseo-breadcrumb\">\n\t\t\t<a href=\"https:\/\/www.immo-invest.ch\/fr\/\" title=\"Home\">Home<\/a>\n\t\t<\/span><span class=\"aioseo-breadcrumb-separator\">&raquo;<\/span><span class=\"aioseo-breadcrumb\">\n\t\t\t<a href=\"https:\/\/www.immo-invest.ch\/fr\/categories\/regions\/\" title=\"R\u00e9gions\">R\u00e9gions<\/a>\n\t\t<\/span><span class=\"aioseo-breadcrumb-separator\">&raquo;<\/span><span class=\"aioseo-breadcrumb\">\n\t\t\t<a href=\"https:\/\/www.immo-invest.ch\/fr\/categories\/regions\/region-romandie-fr\/\" title=\"Romandie\">Romandie<\/a>\n\t\t<\/span><span class=\"aioseo-breadcrumb-separator\">&raquo;<\/span><span class=\"aioseo-breadcrumb\">\n\t\t\tLe d\u00e9veloppement de la gare<br>de Satigny et la naissance d\u2019un nouveau quartier\n\t\t<\/span><\/div>","aioseo_breadcrumb_json":[{"label":"Home","link":"https:\/\/www.immo-invest.ch\/fr\/"},{"label":"R\u00e9gions","link":"https:\/\/www.immo-invest.ch\/fr\/categories\/regions\/"},{"label":"Romandie","link":"https:\/\/www.immo-invest.ch\/fr\/categories\/regions\/region-romandie-fr\/"},{"label":"Le d\u00e9veloppement de la gare<br>de Satigny et la naissance d\u2019un nouveau quartier","link":"https:\/\/www.immo-invest.ch\/fr\/le-developpement-de-la-garede-satigny-et-la-naissance-dun-nouveau-quartier\/"}],"featured_image_src":"https:\/\/www.immo-invest.ch\/wp-content\/uploads\/2022\/10\/satigny-336x168.jpg","_links":{"self":[{"href":"https:\/\/www.immo-invest.ch\/fr\/wp-json\/wp\/v2\/posts\/45268","targetHints":{"allow":["GET"]}}],"collection":[{"href":"https:\/\/www.immo-invest.ch\/fr\/wp-json\/wp\/v2\/posts"}],"about":[{"href":"https:\/\/www.immo-invest.ch\/fr\/wp-json\/wp\/v2\/types\/post"}],"author":[{"embeddable":true,"href":"https:\/\/www.immo-invest.ch\/fr\/wp-json\/wp\/v2\/users\/2"}],"replies":[{"embeddable":true,"href":"https:\/\/www.immo-invest.ch\/fr\/wp-json\/wp\/v2\/comments?post=45268"}],"version-history":[{"count":0,"href":"https:\/\/www.immo-invest.ch\/fr\/wp-json\/wp\/v2\/posts\/45268\/revisions"}],"wp:featuredmedia":[{"embeddable":true,"href":"https:\/\/www.immo-invest.ch\/fr\/wp-json\/wp\/v2\/media\/45269"}],"wp:attachment":[{"href":"https:\/\/www.immo-invest.ch\/fr\/wp-json\/wp\/v2\/media?parent=45268"}],"wp:term":[{"taxonomy":"category","embeddable":true,"href":"https:\/\/www.immo-invest.ch\/fr\/wp-json\/wp\/v2\/categories?post=45268"},{"taxonomy":"post_tag","embeddable":true,"href":"https:\/\/www.immo-invest.ch\/fr\/wp-json\/wp\/v2\/tags?post=45268"}],"curies":[{"name":"wp","href":"https:\/\/api.w.org\/{rel}","templated":true}]}}